{"id":231,"count":12,"description":"<p>&nbsp;<\/p>\r\n<p align=\"center\"><b><span style=\"font-size: x-large;\">AUTORES<\/span><\/b><\/p>\r\n<p align=\"center\"><span style=\"color: #000000;\"><b><span style=\"font-size: large;\">La presente p\u00e1gina <span lang=\"es\">web <\/span>est\u00e1 elaborada por las siguientes personas que forman el equipo de redacci\u00f3n:<\/span><\/b>\u00a0<\/span><\/p>\r\n<p align=\"center\">\u00a0<\/p>\r\n<table class=\" aligncenter\" style=\"width: 100%;\" cellspacing=\"30\" cellpadding=\"5\" align=\"center\">\r\n<tbody>\r\n<tr style=\"height: 287px;\">\r\n<td style=\"vertical-align: middle; width: 63.04%; text-align: left; height: 287px;\">\r\n<p><span style=\"font-size: 12pt;\"><img src=\"jcc\" alt=\"\" \/><a id=\"jcc\"><\/a><img src=\"http:\/\/www.notariosyregistradores.com\/images\/punto-colores.gif\" alt=\"\" width=\"14\" height=\"14\" border=\"0\" \/> <strong><a href=\"http:\/\/www.notariosyregistradores.com\/CORTOS\/79-juancarlos-casas.htm\">Juan Carlos Casas Rojo<\/a><\/strong>, Registrador de la propiedad de C\u00e1diz n\u00ba 3. Actual co-<span lang=\"es\">coordinador de la p\u00e1gina web. Aparte de ello, l<\/span>leva a cabo los \u00cdndices de Resoluciones, el seguimiento de sentencias sobre las mismas y el \u00edndice de casos pr\u00e1cticos. Resume resoluciones y coordina su distribuci\u00f3n.\u00a0<span lang=\"es\">Fue Delegado Provincial de Salamanca.<\/span> Siglas para sus aportaciones: JCC.<\/span><\/p>\r\n<p>&nbsp;<\/p>\r\n<\/td>\r\n<td style=\"vertical-align: middle; width: 5.92%; text-align: left; height: 287px;\">\u00a0<\/td>\r\n<td style=\"width: 30.56%; text-align: center; vertical-align: middle; height: 287px;\"><a href=\"https:\/\/www.notariosyregistradores.com\/web\/wp-content\/uploads\/2016\/01\/Juan-Carlos-Casas-Rojo.jpg\"><img src=\"http:\/\/www.notariosyregistradores.com\/images\/EQUIPO\/Juan-Carlos-Casas-Rojo.jpg\" alt=\"Juan Carlos Casas Rojo\" width=\"180\" height=\"247\" longdesc=\"http:\/\/www.notariosyregistradores.com\/OPINION\/Juan{adc3b6dbd7ad169a8ac54cbac78f430d381627981f72362a585232b517c727f5}20Carlos{adc3b6dbd7ad169a8ac54cbac78f430d381627981f72362a585232b517c727f5}20Casas{adc3b6dbd7ad169a8ac54cbac78f430d381627981f72362a585232b517c727f5}20Rojo,{adc3b6dbd7ad169a8ac54cbac78f430d381627981f72362a585232b517c727f5}20Registrador{adc3b6dbd7ad169a8ac54cbac78f430d381627981f72362a585232b517c727f5}20de{adc3b6dbd7ad169a8ac54cbac78f430d381627981f72362a585232b517c727f5}20la{adc3b6dbd7ad169a8ac54cbac78f430d381627981f72362a585232b517c727f5}20Propiedad\" \/><\/a><\/td>\r\n<\/tr>\r\n<tr style=\"height: 425px;\">\r\n<td style=\"vertical-align: middle; width: 63.04%; text-align: left; height: 425px;\">\r\n<p><span style=\"font-size: 10pt;\"><span style=\"font-size: 12pt;\"><a id=\"afs\"><\/a><img src=\"http:\/\/www.notariosyregistradores.com\/images\/punto-colores.gif\" alt=\"\" width=\"14\" height=\"14\" border=\"0\" \/> <strong>Alfonso de la Fuente Sancho<\/strong>, Notario de San Crist\u00f3bal de La Laguna (Tenerife)<span lang=\"es\"> y antes de Los Realejos (Tenerife) y Reinosa (Cantabria)<\/span>. Forma parte del equipo de coordinaci\u00f3n de la web. Responsable de la <a href=\"https:\/\/www.notariosyregistradores.com\/web\/category\/secciones\/oficina-notarial\/\">secci\u00f3n dedicada a la Oficina Notarial<\/a>. Organiz\u00f3 el Seminario de Tenerife Norte. <span lang=\"es\">Colabora con la Universidad de San Crist\u00f3bal de La Laguna. <\/span>Realiza recensiones de resoluciones, publica art\u00edculos doctrinales y modelos de documentos. Como afici\u00f3n, re\u00fane datos interdisciplinares acerca de su <a href=\"http:\/\/www.castrillotejeriego.com\/\" target=\"_blank\" rel=\"noopener noreferrer\">pueblo castellano de nacimiento<\/a>. Siglas para sus aportaciones: AFS.<\/span><a name=\"mn0\"><\/a><\/span><\/p>\r\n<p>&nbsp;<\/p>\r\n<\/td>\r\n<td style=\"vertical-align: middle; width: 5.92%; text-align: left; height: 425px;\">\u00a0<\/td>\r\n<td style=\"width: 30.56%; text-align: center; vertical-align: middle; height: 425px;\"><a href=\"http:\/\/www.notariosyregistradores.com\/images\/EQUIPO\/Alfonso-de-la-Fuente-Sancho.jpg\" target=\"_blank\" rel=\"noopener noreferrer\"><img class=\"style2 aligncenter\" src=\"http:\/\/www.notariosyregistradores.com\/images\/EQUIPO\/Alfonso-de-la-Fuente-Sancho-pq.jpg\" alt=\"Alfonso de la Fuente Sancho\" width=\"180\" height=\"207\" longdesc=\"http:\/\/www.notariosyregistradores.com\/Alfonso{adc3b6dbd7ad169a8ac54cbac78f430d381627981f72362a585232b517c727f5}20de{adc3b6dbd7ad169a8ac54cbac78f430d381627981f72362a585232b517c727f5}20la{adc3b6dbd7ad169a8ac54cbac78f430d381627981f72362a585232b517c727f5}20Fuente{adc3b6dbd7ad169a8ac54cbac78f430d381627981f72362a585232b517c727f5}20Sancho,{adc3b6dbd7ad169a8ac54cbac78f430d381627981f72362a585232b517c727f5}20Notario{adc3b6dbd7ad169a8ac54cbac78f430d381627981f72362a585232b517c727f5}20de{adc3b6dbd7ad169a8ac54cbac78f430d381627981f72362a585232b517c727f5}20San{adc3b6dbd7ad169a8ac54cbac78f430d381627981f72362a585232b517c727f5}20Crist{adc3b6dbd7ad169a8ac54cbac78f430d381627981f72362a585232b517c727f5}C3{adc3b6dbd7ad169a8ac54cbac78f430d381627981f72362a585232b517c727f5}B3bal{adc3b6dbd7ad169a8ac54cbac78f430d381627981f72362a585232b517c727f5}20de{adc3b6dbd7ad169a8ac54cbac78f430d381627981f72362a585232b517c727f5}20la{adc3b6dbd7ad169a8ac54cbac78f430d381627981f72362a585232b517c727f5}20Laguna.\" \/><\/a><a id=\"mn\"><\/a><\/td>\r\n<\/tr>\r\n<tr style=\"height: 479px;\">\r\n<td style=\"text-align: left; vertical-align: middle; width: 63.04%; height: 479px;\" scope=\"col\">\r\n<p><span style=\"font-size: 10pt;\"><a id=\"jfme\"><\/a><img src=\"http:\/\/www.notariosyregistradores.com\/images\/punto-colores.gif\" alt=\"\" width=\"14\" height=\"14\" border=\"0\" \/> <span style=\"font-size: 12pt;\"><strong>Jos\u00e9 F\u00e9lix Merino Escart\u00edn<\/strong>, Registrador de la propiedad de <span lang=\"es\">Madrid, 18, antes de <\/span>Fuenlabrada (Madrid) y, antes, de La Orotava (Tenerife). Forma parte del equipo de coordinaci\u00f3n de la web. \u00a0Organizaba el Seminario de Tenerife Norte. Resume disposiciones y resoluciones, edita los contenidos enviados por el equipo de redacci\u00f3n y colaboradores y hace el mantenimiento cotidiano de la web. Se le ha concedido la Medalla de Honor del Colegio de Registradores y la Cruz de 1\u00aa Clase de San Raimundo de Pe\u00f1afort. Fue<span lang=\"es\">\u00a0Decano Auton\u00f3mico de los Registradores de Madrid entre 2013 y 2017. <\/span>Siglas para sus aportaciones: JFME (o bien lo que va sin ninguna).<\/span><\/span><\/p>\r\n<p>&nbsp;<\/p>\r\n<\/td>\r\n<td style=\"text-align: left; vertical-align: middle; width: 5.92%; height: 479px;\" scope=\"col\">\u00a0<\/td>\r\n<td style=\"text-align: center; vertical-align: middle; width: 30.56%; height: 479px;\" scope=\"col\"><img class=\"aligncenter\" src=\"http:\/\/www.notariosyregistradores.com\/images\/EQUIPO\/Jose-Felix-Merino-Escartin.jpg\" alt=\"Jos\u00e9 F\u00e9lix Merino Escart\u00edn\" width=\"180\" height=\"244\" longdesc=\"http:\/\/www.notariosyregistradores.com\/Jos{adc3b6dbd7ad169a8ac54cbac78f430d381627981f72362a585232b517c727f5}C3{adc3b6dbd7ad169a8ac54cbac78f430d381627981f72362a585232b517c727f5}A9{adc3b6dbd7ad169a8ac54cbac78f430d381627981f72362a585232b517c727f5}20F{adc3b6dbd7ad169a8ac54cbac78f430d381627981f72362a585232b517c727f5}C3{adc3b6dbd7ad169a8ac54cbac78f430d381627981f72362a585232b517c727f5}A9lix{adc3b6dbd7ad169a8ac54cbac78f430d381627981f72362a585232b517c727f5}20Merino{adc3b6dbd7ad169a8ac54cbac78f430d381627981f72362a585232b517c727f5}20Escart{adc3b6dbd7ad169a8ac54cbac78f430d381627981f72362a585232b517c727f5}C3{adc3b6dbd7ad169a8ac54cbac78f430d381627981f72362a585232b517c727f5}ADn,{adc3b6dbd7ad169a8ac54cbac78f430d381627981f72362a585232b517c727f5}20coordinador{adc3b6dbd7ad169a8ac54cbac78f430d381627981f72362a585232b517c727f5}20de{adc3b6dbd7ad169a8ac54cbac78f430d381627981f72362a585232b517c727f5}20www.notariosyregistradores.com\" \/><\/td>\r\n<\/tr>\r\n<tr style=\"height: 315px;\">\r\n<td style=\"vertical-align: middle; width: 63.04%; text-align: left; height: 315px;\">\r\n<p><span style=\"font-size: 12pt;\"><a id=\"mn\"><\/a><img src=\"http:\/\/www.notariosyregistradores.com\/images\/punto-colores.gif\" alt=\"\" width=\"14\" height=\"14\" border=\"0\" \/> <strong>Mar\u00eda N\u00fa\u00f1ez N\u00fa\u00f1ez<\/strong>, Registradora de la Propiedad y Mercantil de Lugo<span lang=\"es\"> y antes de La Estrada (Pontevedra)<\/span>. N\u00famero 1 de la Promoci\u00f3n de 1998. Fue presidenta de la Asociaci\u00f3n Profesional de Registradores (APR) entre 2017 y 2021. Dirige la <a href=\"https:\/\/www.notariosyregistradores.com\/web\/category\/secciones\/oficina-registral\/\">secci\u00f3n de la Oficina Registral<\/a>. Realiza recensiones de resoluciones y publica res\u00famenes de disposiciones. Siglas para sus aportaciones: MN.<a name=\"ies0\"><\/a><\/span><\/p>\r\n<p>&nbsp;<\/p>\r\n<\/td>\r\n<td style=\"vertical-align: middle; width: 5.92%; text-align: left; height: 315px;\">\u00a0<\/td>\r\n<td style=\"width: 30.56%; text-align: center; vertical-align: middle; height: 315px;\">\r\n<p><img class=\"wp-image-29058 size-thumbnail aligncenter\" src=\"https:\/\/www.notariosyregistradores.com\/web\/wp-content\/uploads\/2016\/10\/IMG_20160925_201928-150x150.jpg\" alt=\"OFICINA REGISTRAL (PROPIEDAD) INFORME SEPTIEMBRE 2016-Comunicaci\u00f3n Electr\u00f3nica con la DGRN\" width=\"180\" height=\"180\" \/><\/p>\r\n\r\n\u00a0<\/td>\r\n<\/tr>\r\n<tr style=\"height: 370px;\">\r\n<td style=\"vertical-align: middle; width: 63.04%; text-align: left; height: 370px;\">\r\n<p><span style=\"font-size: 10pt;\"><a id=\"ies\"><\/a><img src=\"http:\/\/www.notariosyregistradores.com\/images\/punto-colores.gif\" alt=\"\" width=\"14\" height=\"14\" border=\"0\" \/> <span style=\"font-size: 12pt;\"><strong>Inmaculada Espi\u00f1eira Soto<\/strong>, Notario de Sant<span lang=\"es\">iago de Compostela y antes de Santa Cruz de Tenerife, Puerto de la Cruz, Vivero (Lugo) y Celanova (Ourense)<\/span>. <span lang=\"es\">Presidenta del Comit\u00e9 Organizador del Premio Notarios y Registradores.\u00a0<\/span>Coordina la <a href=\"https:\/\/www.notariosyregistradores.com\/web\/category\/secciones\/internacional\/\">secci\u00f3n Internacional<\/a>, la dedicada al <a href=\"https:\/\/www.notariosyregistradores.com\/web\/category\/secciones\/aula-social\/\">Aula Social<\/a> y la de <a href=\"https:\/\/www.notariosyregistradores.com\/web\/category\/secciones\/derecho-europeo\/\">Normativa Comunitaria<\/a>, participando tambi\u00e9n en la de Oposici<span lang=\"es\">ones<\/span>. Es preparadora de opositores en la Academia Gallega.<span lang=\"es\">\u00a0Colabora con la Universidad de Santiago. <\/span>Siglas para sus aportaciones: IES<\/span><\/span><\/p>\r\n<p>&nbsp;<\/p>\r\n<\/td>\r\n<td style=\"vertical-align: middle; width: 5.92%; text-align: left; height: 370px;\">\u00a0<\/td>\r\n<td style=\"width: 30.56%; text-align: center; vertical-align: middle; height: 370px;\">\r\n<p><img class=\"aligncenter wp-image-4519 size-thumbnail\" src=\"https:\/\/www.notariosyregistradores.com\/web\/wp-content\/uploads\/2015\/04\/Santiago_de_Compostela_Ap\u00f3stoles_P\u00f3rtico_da_Gloria-150x150.jpg\" alt=\"Santiago de Compostela. Ap\u00f3stoles. P\u00f3rtico da Gloria en la Catedral.\" width=\"180\" height=\"180\" \/><\/p>\r\n\r\n\u00a0<\/td>\r\n<\/tr>\r\n<tr style=\"height: 534px;\">\r\n<td style=\"vertical-align: middle; width: 63.04%; text-align: left; height: 534px;\">\r\n<p><span style=\"font-size: 12pt;\"><img src=\"jagv\" alt=\"\" \/><a id=\"jagv\"><\/a><img src=\"http:\/\/www.notariosyregistradores.com\/images\/punto-colores.gif\" alt=\"\" width=\"14\" height=\"14\" border=\"0\" \/> <strong><a href=\"http:\/\/www.notariosyregistradores.com\/CORTOS\/49-joseangelgarciavaldecasas.htm\">Jos\u00e9 \u00c1ngel Garc\u00eda Valdecasas Butr\u00f3n<\/a><\/strong>, Registrador que desarroll\u00f3 su actividad en el Registro de Bienes Muebles Central y, antes, en el Mercantil de Granada. Se le ha concedido la Cruz de San Raimundo de Pe\u00f1afort, sucesivamente en tres categor\u00edas: Segunda Clase, Distinguida de 1\u00aa Clase y la Cruz de Honor. Tambi\u00e9n la Medalla de Honor del Colegio de Registradores en su LXXV Aniversario. Colabor\u00f3 con la DGRN. Dirige la <a href=\"https:\/\/www.notariosyregistradores.com\/web\/category\/secciones\/oficina-mercantil\/\">secci\u00f3n dedicada a los Registros Mercantiles<\/a>, es co-coordinador de la <a href=\"https:\/\/www.notariosyregistradores.com\/web\/category\/secciones\/derecho-europeo\/\">secci\u00f3n sobre Normativa Comunitaria<\/a>, resume las resoluciones de Mercantil y disposiciones sobre la materia. <span lang=\"es\">Miembro del Comit\u00e9 Organizador del Premio Notarios y Registradores del que fue presidente entre 2011 y 2017. <\/span>Siglas para sus aportaciones: JAGV.<\/span><\/p>\r\n<p>&nbsp;<\/p>\r\n<\/td>\r\n<td style=\"vertical-align: middle; width: 5.92%; text-align: left; height: 534px;\">\u00a0<\/td>\r\n<td style=\"width: 30.56%; text-align: center; vertical-align: middle; height: 534px;\">\r\n<p><a href=\"https:\/\/www.notariosyregistradores.com\/web\/wp-content\/uploads\/2018\/07\/Jose_Angel_Garcia_Valdecasas_Butron-RAJLGR.jpg\"><img class=\"size-full wp-image-50652\" src=\"https:\/\/www.notariosyregistradores.com\/web\/wp-content\/uploads\/2018\/07\/Jose_Angel_Garcia_Valdecasas_Butron-RAJLGR-pq.jpg\" alt=\"\" width=\"180\" height=\"243\" \/><\/a><\/p>\r\n<\/td>\r\n<\/tr>\r\n<tr style=\"height: 342px;\">\r\n<td style=\"vertical-align: middle; width: 63.04%; text-align: left; height: 342px;\">\r\n<p><span style=\"font-size: 12pt;\"><img src=\"jar\" alt=\"\" \/><a id=\"jar\"><\/a><img src=\"http:\/\/www.notariosyregistradores.com\/images\/punto-colores.gif\" alt=\"\" width=\"14\" height=\"14\" border=\"0\" \/> <strong><a href=\"http:\/\/www.notariosyregistradores.com\/opositores\/joseantonioriera.htm\">Jos\u00e9 Antonio Riera \u00c1lvarez<\/a><\/strong>, Notario de Arucas (Gran Canaria), Tiene a su cargo la secci\u00f3n de <a href=\"https:\/\/www.notariosyregistradores.com\/web\/category\/secciones\/oposiciones\/\">Opositores<\/a>. Es Vicedecano del Colegio Notarial de Canarias. Prepara opositores. Se le ha concedido la Cruz Distinguida de 1\u00aa Clase de San Raimundo de Pe\u00f1afort. Ponente en Congresos Notariales y conferenciante asiduo.<span lang=\"es\"> Colabora en el SIC notarial donde coordina el servicio de resoluciones. Siglas para sus aportaciones: JAR.<\/span><\/span><\/p>\r\n<p>&nbsp;<\/p>\r\n<\/td>\r\n<td style=\"vertical-align: middle; width: 5.92%; text-align: left; height: 342px;\">\u00a0<\/td>\r\n<td style=\"width: 30.56%; text-align: center; vertical-align: middle; height: 342px;\"><img class=\"aligncenter wp-image-4041 size-thumbnail\" src=\"https:\/\/www.notariosyregistradores.com\/web\/wp-content\/uploads\/2015\/04\/Arucas-150x150.jpg\" alt=\"Arucas\" width=\"180\" height=\"180\" \/><\/td>\r\n<\/tr>\r\n<tr style=\"height: 268px;\">\r\n<td style=\"vertical-align: middle; width: 63.04%; text-align: left; height: 268px;\">\r\n<p><span style=\"font-size: 12pt;\"><a id=\"acm\"><\/a><img src=\"http:\/\/www.notariosyregistradores.com\/images\/punto-colores.gif\" alt=\"\" width=\"14\" height=\"14\" border=\"0\" \/> <strong><a href=\"http:\/\/www.notariosyregistradores.com\/CORTOS\/2008\/07-albertcapell.htm\">Albert Capell Mart\u00ednez<\/a><\/strong>, Notario de Barcelona y, antes, de\u00a0 Mollerusa (Lleida), de El Prat, de Fraga y de Bolta\u00f1a (Huesca). Actual co-<span lang=\"es\">coordinador de la p\u00e1gina web. R<\/span>esume normativa catalana, as\u00ed como resoluciones. Es preparador de opositores. <span lang=\"es\">Colabora en el SIC notarial. <\/span>Siglas para sus aportaciones: AC<span lang=\"es\">M.<\/span><\/span><\/p>\r\n<p>&nbsp;<\/p>\r\n<\/td>\r\n<td style=\"vertical-align: middle; width: 5.92%; text-align: left; height: 268px;\">\u00a0<\/td>\r\n<td style=\"width: 30.56%; text-align: center; vertical-align: middle; height: 268px;\">\r\n<p><a href=\"https:\/\/www.notariosyregistradores.com\/web\/albert-capell-martinez-med-2023\/\"><img class=\"size-full wp-image-42545\" src=\"https:\/\/www.notariosyregistradores.com\/web\/wp-content\/uploads\/2023\/04\/Albert-Capell-Martinez-pq-2023.jpg\" width=\"208\" height=\"250\" \/><\/a><\/p>\r\n<\/td>\r\n<\/tr>\r\n<tr style=\"height: 342px;\">\r\n<td style=\"vertical-align: middle; width: 63.04%; text-align: left; height: 342px;\">\r\n<p><span style=\"font-size: 10pt;\"><img src=\"mgv\" alt=\"\" \/><img src=\"mgv\" alt=\"\" \/><a id=\"mgv\"><\/a><img src=\"http:\/\/www.notariosyregistradores.com\/images\/punto-colores.gif\" alt=\"\" width=\"14\" height=\"14\" border=\"0\" \/><span style=\"font-size: 12pt;\"> <strong><a href=\"https:\/\/www.notariosyregistradores.com\/web\/wp-content\/uploads\/2016\/07\/Maria_Garcia-Valdecasas_Alguacil.jpg\">Mar\u00eda Garc\u00eda-Valdecasas Alg\u00fcacil<\/a><\/strong>. Registradora de Barcelona, ingres\u00f3 en el Cuerpo en 2010. Es diplomada en Arbitraje y Mediaci\u00f3n.\u00a0 Miembro de la Comisi\u00f3n de Consultas Doctrinales del Colegio. Fue secretaria del Decanato de Catalu\u00f1a del Colegio de Registradores y delegada Provincial de Barcelona. Se dedica fundamentalmente a resumir leyes y resoluciones. Siglas para sus aportaciones: MGV,<\/span><\/span><\/p>\r\n<p>&nbsp;<\/p>\r\n<\/td>\r\n<td style=\"vertical-align: middle; width: 5.92%; text-align: left; height: 342px;\">\u00a0<\/td>\r\n<td style=\"width: 30.56%; text-align: center; vertical-align: middle; height: 342px;\">\r\n<p><a href=\"https:\/\/www.notariosyregistradores.com\/web\/wp-content\/uploads\/2016\/07\/Maria_Garcia-Valdecasas_Alguacil.jpg\"><img class=\"size-medium wp-image-25247 aligncenter\" src=\"https:\/\/www.notariosyregistradores.com\/web\/wp-content\/uploads\/2016\/07\/Maria_Garcia-Valdecasas_Alguacil-pq-277x300.jpg\" alt=\"Mar\u00eda Garc\u00eda-Valdecasas Alg\u00fcacil, registradora de Barcelona y miembro del equipo de redacci\u00f3n de NyR\" width=\"210\" height=\"226\" \/><\/a><\/p>\r\n<\/td>\r\n<\/tr>\r\n<tr style=\"height: 558px;\">\r\n<td style=\"vertical-align: middle; width: 63.04%; text-align: left; height: 558px;\">\r\n<p><span style=\"font-size: 10pt;\"><a id=\"er\"><\/a><img src=\"http:\/\/www.notariosyregistradores.com\/images\/punto-colores.gif\" alt=\"\" width=\"14\" height=\"14\" border=\"0\" \/><span style=\"font-size: 12pt;\">\u00a0<strong><a href=\"http:\/\/www.notariosyregistradores.com\/web\/participa\/noticias\/emma-rojo-iglesias-colaborara-con-nyr\/\">Emma Rojo Iglesias<\/a><\/strong>. Registradora de Alcal\u00e1 de Henares (Madrid) y, antes, de Pinto (Madrid) y de Lucena (C\u00f3rdoba). N\u00famero 1 en su Oposici\u00f3n de 2011. Colabora en la DGRN. Miembro de la Comisi\u00f3n de Consultas doctrinales del Colegio de Registradores. Colabora en el Registro Mercantil de Madrid. Abogada Rotal ante el Tribunal de la Rota. Est\u00e1 en posesi\u00f3n de la Cruz Distinguida de Segunda Clase de la Orden de San Raimundo de Pe\u00f1afort.\u00a0<\/span><\/span><\/p>\r\n<p><span style=\"font-size: 10pt;\"><span style=\"font-size: 12pt;\">Resume resoluciones DGRN y realiza, junto a Mar\u00eda N\u00fa\u00f1ez el Informe Mensual para la <a href=\"https:\/\/www.notariosyregistradores.com\/web\/category\/secciones\/oficina-registral\/\">Oficina Registral<\/a>. Siglas para sus aportaciones: ER. <a href=\"https:\/\/www.notariosyregistradores.com\/web\/participa\/noticias\/emma-rojo-y-maximo-juarez-nuevos-miembros-del-equipo-de-redaccion-de-nyr\/\">Se ha incorporado en enero de 2018<\/a> al equipo de redacci\u00f3n, aunque ya colaboraba con anterioridad, especialmente, desde enero de 2017.<\/span><\/span><\/p>\r\n<p>&nbsp;<\/p>\r\n<\/td>\r\n<td style=\"vertical-align: middle; width: 5.92%; text-align: left; height: 558px;\">\u00a0<\/td>\r\n<td style=\"width: 30.56%; text-align: center; vertical-align: middle; height: 558px;\"><a href=\"https:\/\/www.notariosyregistradores.com\/web\/wp-content\/uploads\/2017\/01\/Enma_Rojo_Iglesias-e1484092031464.jpg\"><img class=\"aligncenter size-full wp-image-31535\" src=\"https:\/\/www.notariosyregistradores.com\/web\/wp-content\/uploads\/2017\/01\/Emma_Rojo_Iglesias2-1.jpg\" width=\"180\" height=\"243\" \/><\/a>\r\n<p>&nbsp;<\/p>\r\n<\/td>\r\n<\/tr>\r\n<tr style=\"height: 483px;\">\r\n<td style=\"vertical-align: middle; width: 63.04%; text-align: left; height: 483px;\">\r\n<p><span style=\"font-size: 10pt;\"><a id=\"jmj\"><\/a><img src=\"http:\/\/www.notariosyregistradores.com\/images\/punto-colores.gif\" alt=\"\" width=\"14\" height=\"14\" border=\"0\" \/>\u00a0<span style=\"font-size: 12pt;\"> <a href=\"https:\/\/www.notariosyregistradores.com\/web\/secciones\/fiscal\/javier-maximo-juarez-colaborara-con-nyr\/\"><strong>Javier M\u00e1ximo Ju\u00e1rez Gonz\u00e1lez<\/strong>.<\/a> Notario de Valencia y, antes, de\u00a0La Pobla de Segur, Segorbe, Benissa, Algemes\u00ed y Alacu\u00e1s.\u00a0<\/span><\/span><span style=\"font-size: 10pt;\"><span style=\"font-size: 12pt;\">Miembro de la Secci\u00f3n de Empresa Familiar de la Asociaci\u00f3n Espa\u00f1ola de Asesores Fiscales (AEDAT), Miembro del Instituto Valenciano de Estudios Notariales, Autor prol\u00edfico con libros de tanto \u00e9xito como Todo Transmisiones o Todo Sucesiones. Conferenciante asiduo y Ponente en congresos notariales nacionales e internacionales.\u00a0<\/span><\/span><\/p>\r\n<p><span style=\"font-size: 10pt;\"><span style=\"font-size: 12pt;\">Coordina la <a href=\"https:\/\/www.notariosyregistradores.com\/web\/category\/secciones\/fiscal\/\">secci\u00f3n Fiscal<\/a> y elabora sus informes mensuales.\u00a0<\/span><\/span><span style=\"font-size: 10pt;\"><span style=\"font-size: 12pt;\">Siglas para sus aportaciones: JMJ.<\/span><\/span><\/p>\r\n<p><span style=\"font-size: 10pt;\"><span style=\"font-size: 12pt;\"> <a href=\"https:\/\/www.notariosyregistradores.com\/web\/participa\/noticias\/emma-rojo-y-maximo-juarez-nuevos-miembros-del-equipo-de-redaccion-de-nyr\/\">Se ha incorporado en enero de 2018<\/a> al equipo de redacci\u00f3n, aunque ya colaboraba con anterioridad, especialmente, desde julio de 2017.<\/span><\/span><\/p>\r\n<\/td>\r\n<td style=\"vertical-align: middle; width: 5.92%; text-align: left; height: 483px;\">\u00a0<\/td>\r\n<td style=\"width: 30.56%; text-align: center; vertical-align: middle; height: 483px;\"><a href=\"https:\/\/www.notariosyregistradores.com\/web\/wp-content\/uploads\/2018\/09\/javier-maximo-juarez-gonzalez-med.jpg\"><img class=\"aligncenter size-full wp-image-38232\" src=\"https:\/\/www.notariosyregistradores.com\/web\/wp-content\/uploads\/2017\/07\/Javier_Maximo_Juarez_Gonzalez-2pq.jpg\" width=\"180\" height=\"250\" \/><\/a>\r\n<p>&nbsp;<\/p>\r\n<\/td>\r\n<\/tr>\r\n<tr style=\"height: 613px;\">\r\n<td style=\"vertical-align: middle; width: 63.04%; text-align: left; height: 613px;\">\r\n<p><span style=\"font-size: 10pt;\"><a id=\"vej\"><\/a><img src=\"http:\/\/www.notariosyregistradores.com\/images\/punto-colores.gif\" alt=\"\" width=\"14\" height=\"14\" border=\"0\" \/>\u00a0<span style=\"font-size: 12pt;\"><strong><a href=\"https:\/\/www.notariosyregistradores.com\/web\/participa\/noticias\/victor-esquirol-jimenez-nuevo-miembro-del-equipo-de-redaccion-releva-a-jorge-lopez-navarro\/\"> V\u00edctor Esquirol Jim\u00e9nez<\/a><\/strong>, Notario de El Masnou (Barcelona) y, antes, en Carlet (Valencia) y en Santa Coloma de Farners (Girona). Actual co-<span lang=\"es\">coordinador de la p\u00e1gina web.<\/span><\/span><\/span><\/p>\r\n<p><span style=\"font-size: 12pt;\">V\u00edctor se ha especializado en el estudio de las consecuencias que tiene la reforma de la legislaci\u00f3n hipotecaria y del Catastro.<\/span><\/p>\r\n<p><span style=\"font-size: 12pt;\">Ha sido profesor asociado de la Universidad Aut\u00f3noma de Barcelona y miembro de la Comisi\u00f3n de Codificaci\u00f3n de Catalu\u00f1a as\u00ed como colaborador habitual de la Revista La Notar\u00eda y de la Revista Jur\u00eddica de Catalu\u00f1a<\/span><\/p>\r\n<p><span style=\"font-size: 12pt;\">Dirige la secci\u00f3n de Territorio. Realiza res\u00famenes de disposiciones as\u00ed como de resoluciones y modelos.\u00a0<\/span><\/p>\r\n<p><span style=\"font-size: 10pt;\"><span style=\"font-size: 12pt;\">. <\/span><\/span><span style=\"font-size: 10pt;\"><span style=\"font-size: 12pt;\">Siglas para sus aportaciones: VEJ.<\/span><\/span><\/p>\r\n<\/td>\r\n<td style=\"vertical-align: middle; width: 5.92%; text-align: left; height: 613px;\">\u00a0<\/td>\r\n<td style=\"width: 30.56%; text-align: center; vertical-align: middle; height: 613px;\"><a href=\"https:\/\/www.notariosyregistradores.com\/web\/participa\/noticias\/victor-esquirol-jimenez-nuevo-miembro-del-equipo-de-redaccion-releva-a-jorge-lopez-navarro\/attachment\/victor_esquirol_jimenez\/\"><img class=\"aligncenter size-full wp-image-84810\" src=\"https:\/\/www.notariosyregistradores.com\/web\/wp-content\/uploads\/2021\/07\/Victor_Esquirol_Jimenez-med.jpg\" alt=\"\" width=\"210\" height=\"222\" \/><\/a>\r\n<p>&nbsp;<\/p>\r\n<\/td>\r\n<\/tr>\r\n<tr style=\"height: 435px;\">\r\n<td style=\"vertical-align: middle; width: 63.04%; text-align: left; height: 435px;\">\r\n<p><span style=\"font-size: 10pt;\"><a id=\"amoi\"><\/a><img src=\"http:\/\/www.notariosyregistradores.com\/images\/punto-colores.gif\" alt=\"\" width=\"14\" height=\"14\" border=\"0\" \/>\u00a0<span style=\"font-size: 12pt;\"><a href=\"https:\/\/www.notariosyregistradores.com\/web\/participa\/noticias\/antonio-oliva-izquierdo-se-incorpora-definitivamente-al-equipo-de-redaccion-de-nyr\/\"><strong> Antonio Manuel Oliva Izquierdo<\/strong><\/a>, Registrador de Trujillo (C\u00e1ceres). <\/span><\/span><span style=\"font-size: 12pt;\"><span style=\"font-family: inherit;\">Ingres\u00f3 en el Cuerpo de Registradores en 2014. Ejerci\u00f3 en Casas Ib\u00e1\u00f1ez (Albacete). Actualmente es director del Centro de Estudios Registrales de Extremadura. <\/span>Ha colaborado con la Direcci\u00f3n General preparando propuestas de resoluciones.\u00a0Autor de <strong>libros como <\/strong><a style=\"font-family: inherit;\" href=\"https:\/\/www.notariosyregistradores.com\/web\/participa\/noticias\/nuevo-libro-las-declaraciones-de-obra-nueva-y-el-registro-de-la-propiedad\/\">Las Declaraciones de Obra Nueva y el Registro de la Propiedad<\/a>, <a style=\"font-family: inherit;\" href=\"https:\/\/www.notariosyregistradores.com\/web\/participa\/noticias\/nuevo-libro-los-regimenes-sucesorios-del-mundo\/\">Los reg\u00edmenes sucesorios del mundo<\/a>, <span style=\"font-family: inherit;\">\u00a0<\/span><a style=\"font-family: inherit;\" href=\"https:\/\/www.marcialpons.es\/libros\/la-nueva-coordinacion-registro-catastro\/9788492884568\/\">La nueva coordinaci\u00f3n Registro-Catastro<\/a> o <a style=\"font-family: inherit;\" href=\"https:\/\/www.notariosyregistradores.com\/web\/participa\/noticias\/nuevo-libro-los-regimenes-economico-matrimoniales-del-mundo\/\">Los reg\u00edmenes econ\u00f3mico matrimoniales del mundo<\/a>.\u00a0Ha realizado muchas <a href=\"https:\/\/www.notariosyregistradores.com\/web\/tag\/antonio-manuel-oliva-izquierdo\/\">aportaciones previas a nuestra web<\/a>, a pesar de su juventud. <span style=\"font-family: inherit;\">Siglas para sus aportaciones: AMOI.<\/span><\/span><\/p>\r\n<\/td>\r\n<td style=\"vertical-align: middle; width: 5.92%; text-align: left; height: 435px;\">\u00a0<\/td>\r\n<td style=\"width: 30.56%; text-align: center; vertical-align: middle; height: 435px;\">\r\n<p><a href=\"https:\/\/www.notariosyregistradores.com\/web\/participa\/noticias\/antonio-oliva-izquierdo-se-incorpora-definitivamente-al-equipo-de-redaccion-de-nyr\/\"><img class=\"size-full wp-image-48258\" src=\"https:\/\/www.notariosyregistradores.com\/web\/wp-content\/uploads\/2018\/05\/Antonio_Manuel_Oliva_Izquierdo.jpg\" alt=\"La constancia registral de los arrendamientos urbanos\" width=\"190\" height=\"245\" \/><\/a><\/p>\r\n<\/td>\r\n<\/tr>\r\n<tr style=\"height: 269px;\">\r\n<td style=\"vertical-align: middle; width: 63.04%; text-align: left; height: 269px;\">\r\n<p><span style=\"font-size: 10pt;\"><a id=\"abg\"><\/a><img src=\"http:\/\/www.notariosyregistradores.com\/images\/punto-colores.gif\" alt=\"\" width=\"14\" height=\"14\" border=\"0\" \/>\u00a0<span style=\"font-size: 12pt;\"><strong><a href=\"https:\/\/www.notariosyregistradores.com\/web\/participa\/noticias\/shadia-nasser-garcia-se-incorpora-al-equipo-de-redaccion-de-nyr\/\"> Shadia Nasser Garc\u00eda<\/a>, <\/strong>notaria de Formentera (Illes Balears) y, antes, de Castropol (Asturias), de padre sirio y madre conquense, tiene, aparte su dedicaci\u00f3n por el Derecho, vocaci\u00f3n de periodista y amante de la naturaleza. Colabora en la secci\u00f3n de la Oficina Notarial y en el resumen de resoluciones. <\/span><\/span><span style=\"font-size: 10pt;\"><span style=\"font-size: 12pt;\">Siglas para sus aportaciones: SNG.<\/span><\/span><\/p>\r\n<\/td>\r\n<td style=\"vertical-align: middle; width: 5.92%; text-align: left; height: 269px;\">\u00a0<\/td>\r\n<td style=\"width: 30.56%; text-align: center; vertical-align: middle; height: 269px;\">\r\n<p><a href=\"https:\/\/www.notariosyregistradores.com\/web\/participa\/noticias\/shadia-nasser-garcia-se-incorpora-al-equipo-de-redaccion-de-nyr\/\"><img class=\"aligncenter size-full wp-image-111067\" src=\"https:\/\/www.notariosyregistradores.com\/web\/wp-content\/uploads\/2023\/11\/Shadia-Nasser.jpeg\" alt=\"\" width=\"208\" height=\"245\" \/><\/a><\/p>\r\n<\/td>\r\n<\/tr>\r\n<tr>\r\n<td style=\"vertical-align: top; width: 63.04%; text-align: center;\">\r\n<p><span style=\"font-size: 10pt;\">\u00a0<\/span><\/p>\r\n<\/td>\r\n<td style=\"vertical-align: top; width: 5.92%; text-align: center;\">\u00a0<\/td>\r\n<td style=\"width: 30.56%; text-align: center; vertical-align: top;\">\r\n<p>&nbsp;<\/p>\r\n<\/td>\r\n<\/tr>\r\n<tr style=\"height: 60px;\">\r\n<td style=\"width: 63.04%; height: 26px; text-align: center; vertical-align: top;\">\r\n<p style=\"text-align: left;\"><span style=\"font-size: 12pt;\"> <span style=\"font-size: 10pt;\"><img src=\"http:\/\/www.notariosyregistradores.com\/images\/punto-colores.gif\" alt=\"\" width=\"14\" height=\"14\" border=\"0\" \/><a href=\"https:\/\/www.notariosyregistradores.com\/web\/participa\/noticias\/beatriz-zamora-rodriguez-y-alvaro-cordero-taborda-nuevos-miembros-del-equipo-de-redaccion-de-nyr\/#beatriz\"><strong>\u00a0<\/strong><\/a><\/span><a href=\"https:\/\/www.notariosyregistradores.com\/web\/participa\/noticias\/beatriz-zamora-rodriguez-y-alvaro-cordero-taborda-nuevos-miembros-del-equipo-de-redaccion-de-nyr\/#beatriz\"><strong>Beatriz Zamora Rodr\u00edguez.<\/strong><\/a> registradora de Las Palmas de Gran Canaria. Notario desde 2022, actualmente en excedencia, y Registradora desde 2023. Resume resoluciones DGRN y realiza, junto a Jos\u00e9 Antonio Riera, los informes de la secci\u00f3n de opositores. Se ha incorporado en noviembre de 2024 al equipo de redacci\u00f3n. Siglas para sus aportaciones: BZR.<\/span><\/p>\r\n<p>-<\/p>\r\n<\/td>\r\n<td style=\"width: 5.92%; height: 26px; text-align: center; vertical-align: top;\">\u00a0<\/td>\r\n<td style=\"width: 30.56%; height: 26px; text-align: center; vertical-align: top;\"><img class=\"aligncenter size-full wp-image-123440\" src=\"https:\/\/www.notariosyregistradores.com\/web\/wp-content\/uploads\/2025\/01\/Beatriz_Zamora_Rodriguez-vertical-pq.jpeg\" alt=\"\" width=\"180\" height=\"252\" \/><\/td>\r\n<\/tr>\r\n<tr>\r\n<td style=\"width: 63.04%; text-align: center; vertical-align: top;\">\r\n<p style=\"text-align: left;\"><span style=\"font-size: 12pt;\"><span style=\"font-size: 10pt;\">\u00a0<\/span><\/span><\/p>\r\n<\/td>\r\n<td style=\"width: 5.92%; text-align: center; vertical-align: top;\">\u00a0<\/td>\r\n<td style=\"width: 30.56%; text-align: center; vertical-align: top;\">\u00a0<\/td>\r\n<\/tr>\r\n<tr>\r\n<td style=\"width: 63.04%; text-align: center; vertical-align: top;\">\r\n<p style=\"text-align: left;\"><span style=\"font-size: 12pt;\"><span style=\"font-size: 10pt;\"><img src=\"http:\/\/www.notariosyregistradores.com\/images\/punto-colores.gif\" alt=\"\" width=\"14\" height=\"14\" border=\"0\" \/><a href=\"https:\/\/www.notariosyregistradores.com\/web\/participa\/noticias\/beatriz-zamora-rodriguez-y-alvaro-cordero-taborda-nuevos-miembros-del-equipo-de-redaccion-de-nyr\/#alvaro\"><strong>\u00a0<\/strong><\/a><\/span><a href=\"https:\/\/www.notariosyregistradores.com\/web\/participa\/noticias\/beatriz-zamora-rodriguez-y-alvaro-cordero-taborda-nuevos-miembros-del-equipo-de-redaccion-de-nyr\/#alvaro\"><strong>\u00c1lvaro Cordero Taborda<\/strong><\/a>, notario de Valoria la Buena (Valladolid).\u00a0Se ha incorporado al equipo de redacci\u00f3n en diciembre de 2024, si bien sus aportaciones datan de 2023. Preparador de oposiciones y m\u00fasico. Colabora en las secciones de disposiciones normativas y resoluciones. Sus aportaciones llevan las siglas ACT.<br \/>\r\n<\/span><\/p>\r\n<p>&nbsp;<\/p>\r\n<\/td>\r\n<td style=\"width: 5.92%; text-align: center; vertical-align: top;\">\u00a0<\/td>\r\n<td style=\"width: 30.56%; text-align: center; vertical-align: top;\">\r\n<p><a href=\"https:\/\/www.notariosyregistradores.com\/web\/participa\/noticias\/beatriz-zamora-rodriguez-y-alvaro-cordero-taborda-nuevos-miembros-del-equipo-de-redaccion-de-nyr\/#alvaro\"><img class=\"size-full wp-image-123441\" src=\"https:\/\/www.notariosyregistradores.com\/web\/wp-content\/uploads\/2025\/01\/Alvaro_Cordero_Taborda-vertical-pq.jpg\" alt=\"\" width=\"180\" height=\"247\" \/><\/a><\/p>\r\n<\/td>\r\n<\/tr>\r\n<\/tbody>\r\n<\/table>\r\n<p align=\"justify\"><a name=\"gerardo\"><\/a><span lang=\"es\">\u00a0<\/span><\/p>\r\n<p align=\"justify\"><span style=\"font-size: 14pt; color: #000000;\"><b>Tambi\u00e9n colaboran regularmente:<\/b><\/span><\/p>\r\n<p align=\"justify\">\u00a0<\/p>\r\n<table align=\"center\">\r\n<tbody>\r\n<tr style=\"height: 78px;\">\r\n<td style=\"vertical-align: middle; height: 78px;\"><span style=\"font-size: 12pt;\"><img src=\"http:\/\/www.notariosyregistradores.com\/images\/punto-colores.gif\" alt=\"\" width=\"14\" height=\"14\" border=\"0\" \/>\u00a0<strong>\u00c1lvaro N\u00fa\u00f1ez Iglesias<\/strong> y <strong>Pedro Antonio M\u00fanar Bernat<\/strong>, Catedr\u00e1ticos de Derecho Civil de Almer\u00eda y de las Illes Balears coordinan y llevan el d\u00eda a d\u00eda de la <a href=\"http:\/\/www.notariosyregistradores.com\/web\/category\/practica\/revista-derecho-civil\/\">Revista de Derecho Civil<\/a>.<\/span><\/td>\r\n<td style=\"height: 78px; width: 20%; vertical-align: middle;\"><span style=\"font-size: 12pt;\">\u00a0<\/span>\r\n<p><span style=\"font-size: 12pt;\"><img class=\"wp-image-31305 size-thumbnail aligncenter\" src=\"https:\/\/www.notariosyregistradores.com\/web\/wp-content\/uploads\/2017\/01\/Revista_Derecho_Civil_12-150x150.png\" alt=\"Revista de Derecho Civil Volumen III N\u00famero 4.\" width=\"150\" height=\"150\" \/><\/span><\/p>\r\n<\/td>\r\n<\/tr>\r\n<tr style=\"height: 52px;\">\r\n<td style=\"vertical-align: middle; height: 52px;\"><span style=\"font-size: 12pt;\"><img src=\"http:\/\/www.notariosyregistradores.com\/images\/punto-colores.gif\" alt=\"\" width=\"14\" height=\"14\" border=\"0\" \/> <strong><a href=\"http:\/\/www.notariosyregistradores.com\/web\/resoluciones\/cataluna-resoluciones\/resoluciones-direccion-general-de-derecho-y-entidades-juridicas-de-cataluna\/\">Teresa S\u00e1nchez Hern\u00e1ndez<\/a><\/strong>. Registradora de Sant Feliu de Llobregat (Barcelona). Elabora desde 2019 los res\u00famenes de resoluciones emitidas por la Direcci\u00f3n General de Entidades Jur\u00eddicas de Catalu\u00f1a<\/span><\/td>\r\n<td style=\"vertical-align: middle; height: 52px;\"><span style=\"font-size: 12pt;\">\u00a0<\/span>\r\n<p><span style=\"font-size: 12pt;\"><a href=\"http:\/\/www.notariosyregistradores.com\/web\/resoluciones\/cataluna-resoluciones\/resoluciones-direccion-general-de-derecho-y-entidades-juridicas-de-cataluna\/\"><img class=\"wp-image-10367 size-thumbnail aligncenter\" src=\"https:\/\/www.notariosyregistradores.com\/web\/wp-content\/uploads\/2015\/10\/Barcelona_Sagrada_Familia-150x150.jpg\" alt=\"Sagrada Familia. Barcelona. Por SBA73 de Sabadell. Todo est\u00e1 conectado.\" width=\"150\" height=\"150\" \/><\/a><\/span><\/p>\r\n<\/td>\r\n<\/tr>\r\n<tr style=\"height: 52px;\">\r\n<td style=\"vertical-align: middle; height: 52px;\"><span style=\"font-size: 12pt;\"><img src=\"http:\/\/www.notariosyregistradores.com\/images\/punto-colores.gif\" alt=\"\" width=\"14\" height=\"14\" border=\"0\" \/>\u00a0\u00a0<strong><a href=\"http:\/\/www.notariosyregistradores.com\/CONSUMO\/colaboradores.htm#lozano\">M\u00aa del Mar G\u00f3mez Lozano<\/a><\/strong>,\u00a0 Profesora de Derecho Mercantil de la Universidad de Almer\u00eda. Elabora los <a href=\"http:\/\/www.notariosyregistradores.com\/web\/category\/secciones\/consumo-y-derecho\/informes-mensuales-cyd\/\">informes de Consumo y Derecho<\/a>.<\/span><\/td>\r\n<td style=\"vertical-align: middle; height: 52px;\"><span style=\"font-size: 12pt;\"><a href=\"http:\/\/www.notariosyregistradores.com\/web\/category\/secciones\/consumo-y-derecho\/informes-mensuales-cyd\/\"><img class=\"aligncenter wp-image-715 size-thumbnail\" src=\"https:\/\/www.notariosyregistradores.com\/web\/wp-content\/uploads\/2014\/11\/MARIA-DEL-MAR-GOMEZ-LOZANO-150x150.jpg\" alt=\"MARIA-DEL-MAR-GOMEZ-LOZANO\" width=\"150\" height=\"150\" \/><\/a><\/span><\/td>\r\n<\/tr>\r\n<tr style=\"height: 52px;\">\r\n<td style=\"vertical-align: middle; height: 52px;\"><span style=\"font-size: 12pt;\"><img src=\"http:\/\/www.notariosyregistradores.com\/images\/punto-colores.gif\" alt=\"\" width=\"14\" height=\"14\" border=\"0\" \/> \u00a0<strong>V\u00edctor Bastante Granell<\/strong>,\u00a0 Doctor en Derecho por la Universidad de Almer\u00eda. Creador de la <a href=\"https:\/\/ludotecajuridica.es\/\" target=\"_blank\" rel=\"noopener noreferrer\">Ludoteca Jur\u00eddica<\/a>. Elabora los <a href=\"http:\/\/www.notariosyregistradores.com\/web\/category\/secciones\/consumo-y-derecho\/informes-mensuales-cyd\/\">informes de Bibliograf\u00eda sobre Consumo y Derecho<\/a>.<\/span><\/td>\r\n<td style=\"vertical-align: middle; height: 52px;\"><a href=\"https:\/\/www.notariosyregistradores.com\/web\/wp-content\/uploads\/2016\/01\/Victor_Bastante_Granell-e1453545261498.jpg\"><img class=\"aligncenter wp-image-22012 size-thumbnail\" src=\"https:\/\/www.notariosyregistradores.com\/web\/wp-content\/uploads\/2016\/04\/Victor_Bastante_Granell-pq-150x150.jpg\" alt=\"\" width=\"150\" height=\"150\" \/><\/a><\/td>\r\n<\/tr>\r\n<tr style=\"height: 52px;\">\r\n<td style=\"vertical-align: middle; height: 52px;\"><span style=\"font-size: 12pt;\"><img src=\"http:\/\/www.notariosyregistradores.com\/images\/punto-colores.gif\" alt=\"\" width=\"14\" height=\"14\" border=\"0\" \/>\u00a0 <strong>\u00c1lvaro Jos\u00e9 Mart\u00edn Mart\u00edn<\/strong>, Registrador Mercantil de Murcia.\u00a0Elabora la Cr\u00f3nica breve de Tribunales para la <a href=\"https:\/\/www.notariosyregistradores.com\/web\/category\/practica\/jurisprudencia\/\">secci\u00f3n de Jurisprudencia<\/a>.<\/span><\/td>\r\n<td style=\"vertical-align: middle; height: 52px;\"><a href=\"https:\/\/www.notariosyregistradores.com\/web\/wp-content\/uploads\/2016\/12\/Alvaro_Jose_Martin_Martin-pq.jpg\"><img class=\"aligncenter wp-image-47879 size-thumbnail\" src=\"https:\/\/www.notariosyregistradores.com\/web\/wp-content\/uploads\/2018\/05\/Alvaro_Jose_Martin_Martin-150-150x150.jpg\" alt=\"\" width=\"150\" height=\"150\" \/><\/a><\/td>\r\n<\/tr>\r\n<tr style=\"height: 78px;\">\r\n<td style=\"vertical-align: middle; height: 78px;\"><span style=\"font-size: 12pt;\"><img src=\"http:\/\/www.notariosyregistradores.com\/images\/punto-colores.gif\" alt=\"\" width=\"14\" height=\"14\" border=\"0\" \/>\u00a0\u00a0<strong><a href=\"http:\/\/www.notariosyregistradores.com\/CORTOS\/2010\/16-teresacasamayor.htm\">Teresa Casamayor Merino<\/a><\/strong>. Licenciada en Comunicaci\u00f3n Audiovisual por la Universidad Complutense de Madrid. Master de Experto en Realizaci\u00f3n Multimedia y Nuevas Tecnolog\u00edas. Es autora del logotipo de la web y realiza funciones t\u00e9cnicas.<\/span><\/td>\r\n<td style=\"vertical-align: middle; height: 78px;\"><img class=\"aligncenter wp-image-747 size-full\" src=\"https:\/\/www.notariosyregistradores.com\/web\/wp-content\/uploads\/2014\/12\/logo1-e1417531091726.png\" alt=\"logo1\" width=\"155\" height=\"132\" \/><\/td>\r\n<\/tr>\r\n<tr style=\"height: 24px;\">\r\n<td style=\"height: 24px;\">\u00a0<\/td>\r\n<td style=\"height: 24px;\">\u00a0<\/td>\r\n<\/tr>\r\n<\/tbody>\r\n<\/table>\r\n<p align=\"justify\"><span style=\"font-size: 14pt; color: #000000;\"><b>Hist\u00f3ricamente, tambi\u00e9n han formado parte de la redacci\u00f3n:<\/b><\/span><\/p>\r\n<p align=\"justify\"><span style=\"font-size: 10pt;\"><span style=\"font-size: 12pt;\"><strong><img src=\"http:\/\/www.notariosyregistradores.com\/images\/punto-colores.gif\" alt=\"\" width=\"14\" height=\"14\" border=\"0\" \/> Carlos Ballugera G\u00f3mez<\/strong>, Registrador de la propiedad de Las Rozas y antes de Bilbao. Organiz\u00f3 el Seminario de Bilbao y de Madrid. Dirige la<span lang=\"es\">s\u00a0<\/span>secci<span lang=\"es\">ones<\/span> de\u00a0<span lang=\"es\"><a href=\"https:\/\/www.notariosyregistradores.com\/web\/category\/secciones\/consumo-y-derecho\/\">Consumo y Derecho<\/a><\/span><span lang=\"es\">\u00a0y la de\u00a0<a href=\"https:\/\/www.notariosyregistradores.com\/web\/category\/practica\/casos-practicos\/#bilbao2018\">Casos Pr\u00e1cticos<\/a><\/span>. Es Doctor en Derecho y <\/span><\/span><span style=\"font-family: inherit; font-size: 12pt;\"><a href=\"https:\/\/www.europapress.es\/sociedad\/consumo-00648\/noticia-carlos-ballugera-nuevo-presidente-consejo-consumidores-usuarios-20190226192129.html\" target=\"_blank\" rel=\"nofollow noopener noreferrer\">presidente del Consejo de Consumidores y Usuarios<\/a> para el periodo 2019-2023. S<\/span><span style=\"font-size: 10pt;\"><span style=\"font-size: 12pt;\">e le ha concedido la Medalla de Honor del Colegio de Registradores en su LXXV Aniversario. <span lang=\"es\">Fue<\/span> director del Centro de Estudios Hipotecarios del Pa\u00eds Vasco. Experto en derecho de los consumidores. <span lang=\"es\">Fue<\/span> Vicedecano de los Registradores de Euskadi y fue d<span lang=\"es\">irector del Centro de Estudios Registrales de Madrid. Actualmente se encuentra en situaci\u00f3n de excedencia del equipo de redacci\u00f3n. <\/span>Siglas para sus aportaciones: CB.<\/span><\/span><\/p>\r\n<p align=\"justify\"><span style=\"font-size: 10pt;\"><img src=\"http:\/\/www.notariosyregistradores.com\/images\/punto-colores.gif\" alt=\"\" width=\"14\" height=\"14\" border=\"0\" \/><span style=\"font-size: 12pt;\"> <strong><a href=\"http:\/\/www.notariosyregistradores.com\/images\/EQUIPO\/Gerardo-Garc{adc3b6dbd7ad169a8ac54cbac78f430d381627981f72362a585232b517c727f5}C3{adc3b6dbd7ad169a8ac54cbac78f430d381627981f72362a585232b517c727f5}ADa-Boente-D{adc3b6dbd7ad169a8ac54cbac78f430d381627981f72362a585232b517c727f5}C3{adc3b6dbd7ad169a8ac54cbac78f430d381627981f72362a585232b517c727f5}A1vila.JPG\" target=\"_blank\" rel=\"noopener noreferrer\">Gerardo Garc\u00eda-Boente D\u00e1vila<\/a><\/strong>. <span lang=\"es\">Abogado.<\/span> Est\u00e1 licenciado en Derecho y en Ciencias Econ\u00f3micas y Empresariales por la Universidad de Comillas (E3). <span lang=\"es\">Master en Derecho Urban\u00edstico. <\/span>Ex opositor de notarias. Coordina la<a href=\"https:\/\/www.notariosyregistradores.com\/web\/secciones\/territorio\/seccion-territorio-portada\/\"> secci\u00f3n de Territorio<\/a>. P<span lang=\"es\">repara disposiciones para <\/span>la <a href=\"https:\/\/www.notariosyregistradores.com\/web\/category\/normas\/\">Secci\u00f3n Normas<\/a>. Actualmente, es Director del Departamento de Inmobiliario y Urbanismo de PwC. <span lang=\"es\">Actualmente se encuentra en situaci\u00f3n de excedencia del equipo de redacci\u00f3n. <\/span> Siglas para sus aportaciones: GGB.<\/span><\/span><\/p>\r\n<p align=\"justify\"><span style=\"font-size: 10pt;\"><span style=\"font-size: 12pt;\"><strong><img src=\"http:\/\/www.notariosyregistradores.com\/images\/punto-colores.gif\" alt=\"\" width=\"14\" height=\"14\" border=\"0\" \/> Ana Virginia Bot\u00eda Gonz\u00e1lez, <\/strong>notaria de Hell\u00edn (Albacete).\u00a0<\/span><\/span><span style=\"font-size: 12pt;\">Es premio extraordinario en la carrera de Derecho por la Universidad de Murcia.\u00a0Notaria en la oposici\u00f3n de 2017. Preparadora de opositores en la Academia de Murcia. Est\u00e1\u00a0 vinculada a la Universidad de Murcia donde imparte un curso sobre derecho de sucesiones. Ha publicado en nuestra web, en colaboraci\u00f3n con su padre, Antonio Bot\u00eda Valverde, <a href=\"https:\/\/www.notariosyregistradores.com\/web\/secciones\/fiscal\/articulos-fiscal\/disolucion-de-condominio-y-fiscalidad\/\">Disoluci\u00f3n de condominio y Fiscalidad<\/a>. <\/span><span style=\"font-size: 10pt;\"><span style=\"font-size: 12pt;\">Siglas para sus aportaciones: ABG. Ana Virginia sigue colaborando regularmente con la web, especialmente en el resumen de resoluciones.<\/span><\/span><\/p>\r\n<p align=\"justify\"><span style=\"font-size: 12pt;\"> <strong><img src=\"http:\/\/www.notariosyregistradores.com\/images\/punto-colores.gif\" alt=\"\" width=\"14\" height=\"14\" border=\"0\" \/> <a href=\"http:\/\/www.notariosyregistradores.com\/CORTOS\/29-JORGELOPEZNAVARRO.htm\">Jorge L\u00f3pez Navarro<\/a><\/strong>, Notario. Su \u00faltimo destino fue en\u00a0Alicante.\u00a0<span lang=\"es\">Vicepresidente del Comit\u00e9 Organizador del Premio Notarios y Registradores.<\/span> Fue preparador de opositores. Se le ha concedido la Cruz Distinguida de 1\u00aa Clase de San Raimundo de Pe\u00f1afort. Coordin\u00f3 hasta 2018 la secci\u00f3n dedicada a la <a href=\"https:\/\/www.notariosyregistradores.com\/web\/category\/secciones\/oficina-notarial\/\">Oficina Notarial<\/a> y el <a href=\"https:\/\/www.notariosyregistradores.com\/web\/category\/esta-web\/rincon-literario\/\">Rinc\u00f3n Literario<\/a>. Realiz\u00f3 res\u00famenes de resoluciones, estudios pr\u00e1cticos, an\u00e1lisis de legislaci\u00f3n extranjera y apuntes literarios. Siglas para sus aportaciones: JLN. <strong><a href=\"https:\/\/www.notariosyregistradores.com\/web\/participa\/noticias\/victor-esquirol-jimenez-nuevo-miembro-del-equipo-de-redaccion-releva-a-jorge-lopez-navarro\/\">Ampliar.<\/a><\/strong><\/span><\/p>\r\n<p align=\"justify\"><span style=\"font-size: 12pt;\"><img src=\"http:\/\/www.notariosyregistradores.com\/images\/punto-colores.gif\" alt=\"\" width=\"14\" height=\"14\" border=\"0\" \/> <strong><a href=\"http:\/\/www.notariosyregistradores.com\/CORTOS\/70-joaquin-zejalbo.htm\">Joaqu\u00edn Zejalbo Mart\u00edn<\/a><\/strong>, Fue Notario de Lucena (C\u00f3rdoba) y miembro de la Academia de Genealog\u00eda de C\u00f3rdoba. Coordinaba la <a href=\"https:\/\/www.notariosyregistradores.com\/web\/category\/secciones\/fiscal\/\">secci\u00f3n de Jurisprudencia Fiscal<\/a><span lang=\"es\">. Tambi\u00e9n r<\/span>esum\u00eda resoluciones<span lang=\"es\"> y publicaba trabajos doctrinales<\/span>. Siglas para sus aportaciones: JZM. Falleci\u00f3 repentinamente el 30 de mayo de 2016, dej\u00e1ndonos a todos hu\u00e9rfanos de su presencia. <strong><a href=\"https:\/\/www.notariosyregistradores.com\/web\/participa\/noticias\/joaquin-zejalbo-martin-ha-fallecido-repentinamente\/\">Ampliar<\/a><\/strong>.<\/span><\/p>\r\n<p align=\"justify\"><span style=\"font-size: 12pt;\"><img src=\"http:\/\/www.notariosyregistradores.com\/images\/punto-colores.gif\" alt=\"\" width=\"14\" height=\"14\" border=\"0\" \/> <strong>Joaqu\u00edn Delgado Ramos<\/strong>, Notario excedente y Registrador de la propiedad de Torre-Pacheco (Murcia) y, antes, de\u00a0<span lang=\"es\">Santa F\u00e9 (Granada),<\/span><span lang=\"es\">\u00a0<\/span>Archidona (M\u00e1laga)<span lang=\"es\"> y notario de Tacoronte (Tenerife)<\/span>. Organizaba los Seminarios de M\u00e1laga y Antequera. Coordin\u00f3 la <a href=\"https:\/\/www.notariosyregistradores.com\/PERSONAL\/PROPIEDAD\/1PRINCIPAL.htm\">secci\u00f3n dedicada a los Registros de la Propiedad<\/a>. Tambi\u00e9n elabor\u00f3 estudios y cuadros pr\u00e1cticos.<span lang=\"es\">\u00a0Tiene una p\u00e1gina propia con contenidos dedicados a la pr\u00e1ctica registral que os animamos a visitar: <a href=\"http:\/\/www.regispro.es\">regispro.es<\/a>. Fue miembro del equipo de redacci\u00f3n desde su fundaci\u00f3n hasta 2016.\u00a0<\/span>Siglas para sus aportaciones: JDR. <\/span><a name=\"cb0\"><\/a><span lang=\"es\" style=\"font-size: 12pt;\">\u00a0<\/span><\/p>\r\n<p align=\"justify\"><span style=\"font-size: 12pt;\"><img src=\"http:\/\/www.notariosyregistradores.com\/images\/punto-colores.gif\" alt=\"\" width=\"14\" height=\"14\" border=\"0\" \/> <strong>Enrique Franch Quiralte<\/strong>, que fue Notario de La Orotava (Tenerife), Castell\u00f3n de la Plana y ahora de Madrid. Es tambi\u00e9n preparador de opositores. Colabor\u00f3\u00a0 entre 2003 y 2006. Siglas para sus aportaciones: E.F.Q.<\/span><\/p>\r\n<p align=\"justify\"><span style=\"font-size: 12pt;\"><img src=\"http:\/\/www.notariosyregistradores.com\/images\/punto-colores.gif\" alt=\"\" width=\"14\" height=\"14\" border=\"0\" \/> <strong>Francisco M\u00ednguez Jim\u00e9nez<\/strong>, Inspector de Finanzas del Estado en excedencia y Asesor Fiscal. Actualmente trabaja en Madrid en un despacho de abogados dedicado a la asesor\u00eda fiscal y administrativa. Colabor\u00f3 entre 2003 y 2005 con informes fiscales mensuales.<\/span><\/p>\r\n<p align=\"justify\"><span style=\"font-size: 12pt;\"><img src=\"http:\/\/www.notariosyregistradores.com\/images\/punto-colores.gif\" alt=\"\" width=\"14\" height=\"14\" border=\"0\" \/> <strong>Miguel Gil del Campo<\/strong>, Inspector de Hacienda del Estado, con destino en Madrid. Colabor\u00f3 entre 2001 y 2003 con informes fiscales mensuales.<\/span><\/p>\r\n<p align=\"justify\"><span style=\"font-size: 12pt;\"><img src=\"http:\/\/www.notariosyregistradores.com\/images\/punto-colores.gif\" alt=\"\" width=\"14\" height=\"14\" border=\"0\" \/> <strong>Marta Casal<\/strong>, fue Registradora de la propiedad de Cervera de Pisuerga (Palencia). Siglas para sus aportaciones: M.C. Colabor\u00f3 durante 2001 resumiendo resoluciones.<\/span><\/p>\r\n<p align=\"justify\"><span style=\"font-size: 12pt;\"><img src=\"http:\/\/www.notariosyregistradores.com\/images\/punto-colores.gif\" alt=\"\" width=\"14\" height=\"14\" border=\"0\" \/> <strong>Mar\u00eda Dolores Garc\u00eda Aranaz,<\/strong> Notaria de Eibar (Guip\u00fazcoa). Siglas para sus aportaciones: M.D.G.A. Colabor\u00f3 durante 2001 resumiendo resoluciones.<\/span><\/p>\r\n<p align=\"justify\">\u00a0<\/p>\r\n<p align=\"justify\"><span style=\"font-size: 14pt; color: #000000;\"><b>Hist\u00f3ricamente, tambi\u00e9n han colaborado:<\/b><\/span><\/p>\r\n<table>\r\n<tbody>\r\n<tr style=\"height: 52px;\">\r\n<td style=\"height: 52px; vertical-align: top;\">\r\n<p><span style=\"font-size: 12pt;\"><img src=\"http:\/\/www.notariosyregistradores.com\/images\/punto-colores.gif\" alt=\"\" width=\"14\" height=\"14\" border=\"0\" \/>\u00a0\u00a0\u00a0<strong>Miguel Prieto Escudero<\/strong>, Notario de Pinoso (Alicante).\u00a0 Muy conocido en redes sociales como \"Justito el Notario\".\u00a0Aport\u00f3 durante dos a\u00f1os, hasta febrero de 2018, los Paseos Jurisprudenciales que se publicaban mensualmente. Los sigue publicando <a href=\"https:\/\/www.justitonotario.es\/category\/nihil-prius-fide\/paseo-jurisprudencial\/\">en su propia web, que os animamos a visitar<\/a>.<\/span><\/p>\r\n<p><span style=\"font-size: 12pt;\"><img src=\"http:\/\/www.notariosyregistradores.com\/images\/punto-colores.gif\" alt=\"\" width=\"14\" height=\"14\" border=\"0\" \/>\u00a0\u00a0\u00a0\u00a0<strong><a href=\"http:\/\/www.notariosyregistradores.com\/web\/resoluciones\/cataluna-resoluciones\/resoluciones-direccion-general-de-derecho-y-entidades-juridicas-de-cataluna\/\">Mar\u00eda Tenza Llorente<\/a><\/strong>. Registradora de Barcelona. Elabor\u00f3 los res\u00famenes de resoluciones emitidas por la Direcci\u00f3n General de Entidades Jur\u00eddicas de Catalu\u00f1a, desde 2014 a 2019.<\/span><\/p>\r\n<\/td>\r\n<td style=\"height: 52px; width: 20%; vertical-align: top;\">\u00a0\r\n\r\n<p><a href=\"https:\/\/www.notariosyregistradores.com\/web\/wp-content\/uploads\/2016\/01\/Miguel_Prieto_Escudero-1.jpg\"><img class=\"wp-image-17134 size-thumbnail aligncenter\" src=\"https:\/\/www.notariosyregistradores.com\/web\/wp-content\/uploads\/2016\/02\/Miguel_Prieto_Escudero-pq-150x150.jpg\" alt=\"Miguel Prieto Escudero, Notario de Pinoso (Alicante)\" width=\"150\" height=\"150\" \/><\/a><\/p>\r\n<\/td>\r\n<\/tr>\r\n<\/tbody>\r\n<\/table>\r\n<div align=\"center\">\u00a0<\/div>\r\n<div align=\"center\">\u00a0<\/div>\r\n<div align=\"center\">\r\n<p align=\"justify\"><span style=\"color: #0000ff;\"><em><span style=\"font-size: 12pt;\"><b>AS\u00cdMISMO SE HAN PUBLICADO NUMEROSAS APORTACIONES ESPONT\u00c1NEAS DE MUCHAS PERSONAS, FUNDAMENTALMENTE NOTARIOS Y REGISTRADORES, PERO TAMBI\u00c9N EJERCIENTES DE OTRAS PROFESIONES RELACIONADAS CON EL MUNDO DEL DERECHO.<\/b><\/span><\/em><\/span><\/p>\r\n<p align=\"justify\">\u00a0<\/p>\r\n<h2 style=\"text-align: center;\"><span style=\"font-size: 18pt;\"><b><a href=\"http:\/\/www.notariosyregistradores.com\/web\/category\/esta-web\/que-ofrece\/\">QU\u00c9 OFRECE ESTA WEB<\/a>\u00a0<\/b>\u00a0<\/span><\/h2>\r\n<h2 style=\"text-align: center;\"><span style=\"font-size: 18pt;\"><b><a href=\"http:\/\/www.notariosyregistradores.com\/web\/esta-web\/ideario\/ideario-de-esta-web\/\">IDEARIO<\/a><\/b><\/span><\/h2>\r\n<h2 style=\"text-align: center;\"><span style=\"font-size: 18pt;\"><b><a href=\"http:\/\/www.notariosyregistradores.com\/web\/category\/esta-web\/historia\/\">HISTORIA<\/a><\/b><\/span><\/h2>\r\n<h2 style=\"text-align: center;\"><span lang=\"es\" style=\"font-size: 18pt;\"><a class=\"style1\" href=\"http:\/\/www.notariosyregistradores.com\/web\/category\/esta-web\/premio-notarios-y-registradores\/\"><strong>PREMIO NyR<\/strong><\/a><\/span><\/h2>\r\n<\/div>\r\n<div align=\"center\">\u00a0<\/div>\r\n<div align=\"center\">\u00a0<\/div>\r\n<div align=\"center\">\u00a0<\/div>\r\n<p align=\"right\">Archivo abierto\u00a0el 5 de junio de 2004<\/p>","link":"https:\/\/www.notariosyregistradores.com\/web\/category\/esta-web\/autores\/","name":"Autores","slug":"autores","taxonomy":"category","parent":228,"meta":[],"_links":{"self":[{"href":"https:\/\/www.notariosyregistradores.com\/web\/wp-json\/wp\/v2\/categories\/231","targetHints":{"allow":["GET"]}}],"collection":[{"href":"https:\/\/www.notariosyregistradores.com\/web\/wp-json\/wp\/v2\/categories"}],"about":[{"href":"https:\/\/www.notariosyregistradores.com\/web\/wp-json\/wp\/v2\/taxonomies\/category"}],"up":[{"embeddable":true,"href":"https:\/\/www.notariosyregistradores.com\/web\/wp-json\/wp\/v2\/categories\/228"}],"wp:post_type":[{"href":"https:\/\/www.notariosyregistradores.com\/web\/wp-json\/wp\/v2\/posts?categories=231"}],"curies":[{"name":"wp","href":"https:\/\/api.w.org\/{rel}","templated":true}]}}