{"id":10646,"date":"2015-11-03T17:10:40","date_gmt":"2015-11-03T16:10:40","guid":{"rendered":"http:\/\/www.notariosyregistradores.com\/web\/?p=10646"},"modified":"2016-10-30T15:24:36","modified_gmt":"2016-10-30T14:24:36","slug":"informe-254-boe-noviembre-2015","status":"publish","type":"post","link":"https:\/\/www.notariosyregistradores.com\/web\/normas\/informes-mensuales\/informe-254-boe-noviembre-2015\/","title":{"rendered":"Informe 254. BOE noviembre 2015"},"content":{"rendered":"<h1><strong>INFORME N\u00ba 254. (BOE NOVIEMBRE\u00a0de 2015)<\/strong><\/h1>\n<p>&nbsp;<\/p>\n<h2><strong><a href=\"https:\/\/www.notariosyregistradores.com\/web\/normas\/cuadro-de-informes-mensuales-generales-de-lo-publicado-en-el-boe\/\">IR A LISTA DE INFORMES MENSUALES<\/a><\/strong><\/h2>\n<table>\n<tbody>\n<tr>\n<td width=\"624\"><span style=\"font-size: 14pt;\"><strong>Equipo de redacci\u00f3n:<\/strong><\/span><\/td>\n<\/tr>\n<tr>\n<td width=\"624\"><span style=\"font-size: 10pt;\">* Jos\u00e9 F\u00e9lix Merino Escart\u00edn, registrador de la propiedad de Madrid.<\/span><\/td>\n<\/tr>\n<tr>\n<td width=\"624\"><span style=\"font-size: 10pt;\">* Joaqu\u00edn Delgado Ramos, registrador de la propiedad de <a href=\"http:\/\/images.google.es\/images?sourceid=navclient&amp;hl=es&amp;ie=UTF-8&amp;rlz=1T4GFRD_esES231ES239&amp;q=santa+f%c3%a9+granada\">Santa F\u00e9<\/a> (Granada) y notario\u00a0 excedente.<\/span><\/td>\n<\/tr>\n<tr>\n<td width=\"624\"><span style=\"font-size: 10pt;\">* Carlos Ballugera G\u00f3mez registrador de la propiedad de\u00a0<a href=\"http:\/\/es.wikipedia.org\/wiki\/Torrej%C3%B3n_de_Ardoz\">Torrej\u00f3n de Ardoz<\/a>.<\/span><\/td>\n<\/tr>\n<tr>\n<td width=\"624\"><span style=\"font-size: 10pt;\">* Alfonso de la Fuente Sancho, notario de <a href=\"http:\/\/images.google.es\/images?sourceid=navclient&amp;hl=es&amp;ie=UTF-8&amp;rlz=1T4GFRD_esES231ES239&amp;q=san+cristobal+de+la+laguna\">San Crist\u00f3bal de La Laguna <\/a>(Tenerife).<\/span><\/td>\n<\/tr>\n<tr>\n<td width=\"624\"><span style=\"font-size: 10pt;\">* Mar\u00eda N\u00fa\u00f1ez N\u00fa\u00f1ez, registradora mercantil de <a href=\"http:\/\/images.google.com.ar\/images?sourceid=navclient&amp;hl=es&amp;ie=UTF-8&amp;rls=GGLG,GGLG:2006-02,GGLG:es&amp;q=lugo\">Lugo<\/a>.<\/span><\/td>\n<\/tr>\n<tr>\n<td width=\"624\"><span style=\"font-size: 10pt;\">* Inmaculada Espi\u00f1eira Soto, notario de <a href=\"http:\/\/www.google.es\/search?q=santiago+de+compostela&amp;hl=es&amp;prmd=imvns&amp;source=lnms&amp;tbm=isch&amp;sa=X&amp;ei=4NgOUO6LG8LLhAfkuIHgCQ&amp;sqi=2&amp;ved=0CGQQ_AUoAQ&amp;biw=1254&amp;bih=758\">Santiago de Compostela<\/a>.<\/span><\/td>\n<\/tr>\n<tr>\n<td width=\"624\"><span style=\"font-size: 10pt;\">* Jorge L\u00f3pez Navarro, notario de <a href=\"http:\/\/images.google.com.ar\/images?sourceid=navclient&amp;hl=es&amp;ie=UTF-8&amp;rls=GGLG,GGLG:2006-02,GGLG:es&amp;q=alicante\">Alicante<\/a>.<\/span><\/td>\n<\/tr>\n<tr>\n<td width=\"624\"><span style=\"font-size: 10pt;\">* Jos\u00e9 \u00c1ngel Garc\u00eda-Valdecasas Butr\u00f3n, registrador mercantil de <a href=\"http:\/\/images.google.com.ar\/images?sourceid=navclient&amp;hl=es&amp;ie=UTF-8&amp;rls=GGLG,GGLG:2006-02,GGLG:es&amp;q=granada\">Granada<\/a>.<\/span><\/td>\n<\/tr>\n<tr>\n<td width=\"624\"><span style=\"font-size: 10pt;\">* Joaqu\u00edn Zejalbo Mart\u00edn, notario de <a href=\"http:\/\/images.google.com.ar\/images?svnum=10&amp;hl=es&amp;lr=&amp;rls=GGLG,GGLG:2006-02,GGLG:es&amp;q=lucena\">Lucena<\/a> (C\u00f3rdoba)<\/span><\/td>\n<\/tr>\n<tr>\n<td width=\"624\"><span style=\"font-size: 10pt;\">* Juan Carlos Casas Rojo, registrador de la propiedad de <a href=\"http:\/\/images.google.com.ar\/images?sourceid=navclient&amp;hl=es&amp;ie=UTF-8&amp;rls=GGLG,GGLG:2006-02,GGLG:es&amp;q=vitigudino\">Vitigudino<\/a> (Salamanca)<\/span><\/td>\n<\/tr>\n<tr>\n<td width=\"624\"><span style=\"font-size: 10pt;\">* Jos\u00e9 Antonio Riera \u00c1lvarez, notario de <a href=\"http:\/\/images.google.com.ar\/images?sourceid=navclient&amp;hl=es&amp;ie=UTF-8&amp;rls=GGLG,GGLG:2006-02,GGLG:es&amp;q=arucas\">Arucas<\/a> (Gran Canaria)<\/span><\/td>\n<\/tr>\n<tr>\n<td width=\"624\"><span style=\"font-size: 10pt;\">* Albert Capell Mart\u00ednez, Notario de\u00a0<a href=\"http:\/\/images.google.es\/images?sourceid=navclient&amp;aq=t&amp;hl=es&amp;ie=UTF-8&amp;rlz=1T4GFRD_esES231ES239&amp;q=bolta%c3%b1a+huesca\">Bolta\u00f1a<\/a>\u00a0(Huesca)<\/span><\/td>\n<\/tr>\n<tr>\n<td width=\"624\"><span style=\"font-size: 10pt;\">* Gerardo Garc\u00eda-Boente D\u00e1vila, Letrado y E3 Universidad Comillas.<\/span><\/td>\n<\/tr>\n<\/tbody>\n<\/table>\n<p><a class=\"mwm-aal-item\" name=\"disposiciones-generales\"><\/a><\/p>\n<a class=\"mwm-aal-item\" name=\"disposiciones-generales-\"><\/a><h6 style=\"text-align: justify;\"><span style=\"font-size: 14pt;\"><b>DISPOSICIONES GENERALES:<\/b><a title=\"ir a inicio\" href=\"https:\/\/www.notariosyregistradores.com\/web\/normas\/informes-mensuales\/informe-251-boe-agosto-2015\/#Content-bal-title\"> ^<\/a><\/span><\/h6>\n<a class=\"mwm-aal-item\" name=\"productos-financieros-informacion-y-clasificacion\"><\/a><h6><span style=\"font-size: 12pt;\">Productos financieros: informaci\u00f3n y clasificaci\u00f3n<\/span><\/h6>\n<p style=\"text-align: justify;\">Orden ECC\/2316\/2015, de 4 de noviembre, relativa a las obligaciones de informaci\u00f3n y clasificaci\u00f3n de productos financieros.<\/p>\n<p style=\"text-align: justify;\">Seg\u00fan la <strong>E. de M<\/strong>., es preciso dotar a los clientes financieros de <strong>documentaci\u00f3n precontractual estandarizada<\/strong> que exponga, de forma f\u00e1cilmente comprensible y visual, la informaci\u00f3n imprescindible <strong><em>sobre cada producto<\/em><\/strong> y lo haga en un mismo formato homog\u00e9neo y mediante un sistema de representaci\u00f3n gr\u00e1fico com\u00fan. Estas nuevas herramientas <strong><em>no sustituyen a la informaci\u00f3n precontractual de car\u00e1cter obligatorio<\/em><\/strong>.\u00a0<\/p>\n<p style=\"text-align: justify;\"><strong>Objeto. <\/strong>Esta orden ministerial tiene por <strong><em>objeto garantizar un adecuado nivel de protecci\u00f3n al cliente o potencial cliente de productos financieros<\/em><\/strong> mediante el establecimiento de un sistema normalizado de informaci\u00f3n y clasificaci\u00f3n que le advierta sobre su <strong><em>nivel de riesgo<\/em><\/strong> y le permita <strong><em>elegir<\/em><\/strong> los que mejor se adecuen a sus necesidades y preferencias de ahorro e inversi\u00f3n.<\/p>\n<p style=\"text-align: justify;\"><strong>\u00c1mbito objetivo<\/strong>. Se aplica a los siguientes productos financieros:<\/p>\n<p style=\"text-align: justify;\">a) Los <strong><em>valores negociables<\/em><\/strong> emitidos por personas o entidades, p\u00fablicas o privadas, y agrupados en emisiones (<a href=\"http:\/\/www.boe.es\/buscar\/act.php?id=BOE-A-2015-11435&amp;tn=1&amp;p=20151024&amp;vd=#a2\"> 2.1 LMV<\/a>).<\/p>\n<p style=\"text-align: justify;\">b) Los <strong><em>dep\u00f3sitos bancarios<\/em><\/strong> incluyendo, entre otros, los dep\u00f3sitos a la vista, de ahorro y a plazo.<\/p>\n<p style=\"text-align: justify;\">c) Los productos de <strong><em>seguros de vida<\/em><\/strong> con finalidad de ahorro, incluidos los planes de previsi\u00f3n asegurados.<\/p>\n<p style=\"text-align: justify;\">d) Los <strong><em>planes de pensiones<\/em><\/strong> individuales y asociados.<\/p>\n<p style=\"text-align: justify;\">Hay <strong>exclusiones<\/strong> como seguros colectivos o la deuda p\u00fablica (art. 2.2).<\/p>\n<p style=\"text-align: justify;\"><strong>\u00c1mbito subjetivo. <\/strong>Se enumeran las <strong><em>entidades afectadas<\/em><\/strong> cuando presten servicios de inversi\u00f3n o comercialicen, en territorio espa\u00f1ol, alguno de los productos financieros referidos a clientes o clientes potenciales. Entre ellas se encuentran las entidades de cr\u00e9dito, las aseguradoras, las empresas de servicios de inversi\u00f3n, los establecimientos financieros de cr\u00e9dito o las gestoras de fondos de pensiones.<\/p>\n<p style=\"text-align: justify;\"><strong>1. Indicador de riesgo. <\/strong>Las entidades facilitar\u00e1n un indicador de riesgo del producto financiero actualizado al momento de su entrega, que ser\u00e1 elaborado y representado gr\u00e1ficamente. Los productos financieros se clasificar\u00e1n en <strong>seis clases<\/strong>: La Clase 1 es la m\u00e1s moderada y la Clase 6 incluye los productos m\u00e1s arriesgados.<\/p>\n<p style=\"text-align: justify;\">Para la determinaci\u00f3n de las clases establecidas en el art\u00edculo anterior, se tendr\u00e1n en cuenta las <strong>calificaciones del producto financiero<\/strong> -emitidas por las Agencias de Calificaci\u00f3n Externas-, en su defecto las del originador o emisor y en defecto de las dos anteriores las del garante. Hay <strong>dos niveles<\/strong>, el nivel 1 (mejor) y nivel 2 (peor).<\/p>\n<div id=\"attachment_11284\" style=\"width: 310px\" class=\"wp-caption alignleft\"><a href=\"https:\/\/www.notariosyregistradores.com\/web\/wp-content\/uploads\/2015\/11\/Maragateria_Valdespino_de_Somoza_Leon.jpg\"><img loading=\"lazy\" decoding=\"async\" aria-describedby=\"caption-attachment-11284\" class=\"size-medium wp-image-11284\" src=\"https:\/\/www.notariosyregistradores.com\/web\/wp-content\/uploads\/2015\/11\/Maragateria_Valdespino_de_Somoza_Leon-300x225.jpg\" alt=\"Casas tradicionales Comarca de la Maragater\u00eda. Valdespino de Somoza (Le\u00f3n). Por Emgorio.\" width=\"300\" height=\"225\" srcset=\"https:\/\/www.notariosyregistradores.com\/web\/wp-content\/uploads\/2015\/11\/Maragateria_Valdespino_de_Somoza_Leon-300x225.jpg 300w, https:\/\/www.notariosyregistradores.com\/web\/wp-content\/uploads\/2015\/11\/Maragateria_Valdespino_de_Somoza_Leon.jpg 1024w, https:\/\/www.notariosyregistradores.com\/web\/wp-content\/uploads\/2015\/11\/Maragateria_Valdespino_de_Somoza_Leon-500x375.jpg 500w\" sizes=\"auto, (max-width: 300px) 100vw, 300px\" \/><\/a><p id=\"caption-attachment-11284\" class=\"wp-caption-text\">Casas tradicionales Comarca de la Maragater\u00eda. Valdespino de Somoza (Le\u00f3n). Por Emgorio.<\/p><\/div>\n<p style=\"text-align: justify;\">Tienen un r\u00e9gimen especial los planes de pensiones (ver D. Ad. 3\u00aa).<\/p>\n<p style=\"text-align: justify;\"><strong>2. Alerta sobre la liquidez. <\/strong>Las entidades tambi\u00e9n incluir\u00e1n, en su caso, una alerta actualizada al momento de su entrega sobre las posibles limitaciones respecto a la liquidez y sobre los riesgos de venta anticipada del producto financiero, que ser\u00e1 elaborada y representada gr\u00e1ficamente.<\/p>\n<p style=\"text-align: justify;\"><strong>3. Alerta sobre la complejidad. <\/strong>Las entidades incluir\u00e1n, asimismo, una alerta actualizada al momento de su entrega sobre la complejidad de los productos financieros que sean complejos, que ser\u00e1 elaborada y representada gr\u00e1ficamente. Se determina qu\u00e9 productos tendr\u00e1n la consideraci\u00f3n de productos complejos.<\/p>\n<p style=\"text-align: justify;\"><strong>D\u00f3nde y cu\u00e1ndo. <\/strong>El indicador de riesgo y, en su caso, las alertas sobre liquidez y complejidad deber\u00e1n incluirse:<\/p>\n<p style=\"text-align: justify;\">a) En las comunicaciones publicitarias.<\/p>\n<p style=\"text-align: justify;\">b) En la descripci\u00f3n general de la naturaleza y los riesgos del producto financiero que deba facilitarse a los clientes o potenciales clientes con car\u00e1cter previo a la adquisici\u00f3n. Tambi\u00e9n en los casos de comercializaci\u00f3n a distancia.<\/p>\n<p style=\"text-align: justify;\"><strong>Fondo de garant\u00eda de dep\u00f3sitos. <\/strong>Las entidades incorporar\u00e1n junto al indicador de riesgo, en el caso de los dep\u00f3sitos bancarios, la <strong><em>identidad<\/em><\/strong> del fondo de garant\u00eda de dep\u00f3sitos al que se encuentre adherida la entidad y el <strong><em>importe m\u00e1ximo<\/em><\/strong> que garantiza.<\/p>\n<p style=\"text-align: justify;\">Entrar\u00e1 en vigor el <strong>5 de febrero de 2016<\/strong>.<\/p>\n<div class=\"enlacesDoc\" style=\"text-align: justify;\">\n<p style=\"text-align: justify;\"><a title=\"PDF firmado BOE-A-2015-11932\" href=\"http:\/\/www.boe.es\/boe\/dias\/2015\/11\/05\/pdfs\/BOE-A-2015-11932.pdf\">PDF (BOE-A-2015-11932 &#8211; 14 <abbr title=\"p\u00e1ginas\">p\u00e1gs.<\/abbr> &#8211; 336 <abbr title=\"kilobytes\">KB<\/abbr>)<\/a>\u00a0 \u00a0<a title=\"Versi\u00f3n HTML BOE-A-2015-11932\" href=\"http:\/\/www.boe.es\/diario_boe\/txt.php?id=BOE-A-2015-11932\">Otros formatos<\/a><\/p>\n<p>&nbsp;<\/p>\n<a class=\"mwm-aal-item\" name=\"impuesto-sobre-sociedades-deducciones\"><\/a><h6 style=\"text-align: justify;\"><span style=\"font-size: 12pt;\">Impuesto sobre Sociedades. Deducciones<\/span><\/h6>\n<p style=\"text-align: justify;\">Orden ECC\/2326\/2015, de 30 de octubre, por la que se modifican los anexos del Real Decreto 1432\/2003, de 21 de noviembre, por el que se regula la emisi\u00f3n de informes motivados relativos al cumplimiento de requisitos cient\u00edficos y tecnol\u00f3gicos, a efectos de la aplicaci\u00f3n e interpretaci\u00f3n de deducciones fiscales por actividades de investigaci\u00f3n y desarrollo e innovaci\u00f3n tecnol\u00f3gica, y por la que se establece la obligatoriedad de la tramitaci\u00f3n electr\u00f3nica del procedimiento de solicitud de emisi\u00f3n de dichos informes por el Centro para el Desarrollo Tecnol\u00f3gico Industrial.<\/p>\n<p style=\"text-align: justify;\">El <a href=\"http:\/\/www.boe.es\/buscar\/act.php?id=BOE-A-2003-21847\">Real Decreto 1432\/2003, de 21 de noviembre<\/a> regula la emisi\u00f3n de <strong>informes<\/strong> motivados relativos al <strong>cumplimiento de requisitos cient\u00edficos y tecnol\u00f3gicos<\/strong> a efectos de la aplicaci\u00f3n e interpretaci\u00f3n de <strong>deducciones fiscales<\/strong> por actividades de investigaci\u00f3n, desarrollo e innovaci\u00f3n tecnol\u00f3gica.<\/p>\n<p style=\"text-align: justify;\">Tiene unos <strong>anexos<\/strong> con formularios normalizados para la presentaci\u00f3n de las solicitudes dirigidas a los \u00f3rganos competentes para la emisi\u00f3n del citado informe motivado. Ahora se modifica uno de estos modelos de solicitud (modelo 2 del anexo I) para adaptarlo a la <strong>tramitaci\u00f3n electr\u00f3nica<\/strong>, e imponer la obligatoriedad de utilizar esta forma de tramitaci\u00f3n.<\/p>\n<div class=\"enlacesDoc\" style=\"text-align: justify;\">\n<p><a title=\"PDF firmado BOE-A-2015-11985\" href=\"http:\/\/www.boe.es\/boe\/dias\/2015\/11\/06\/pdfs\/BOE-A-2015-11985.pdf\">PDF (BOE-A-2015-11985 &#8211; 3 <abbr title=\"p\u00e1ginas\">p\u00e1gs.<\/abbr> &#8211; 165 <abbr title=\"kilobytes\">KB<\/abbr>)<\/a>\u00a0 \u00a0<a title=\"Versi\u00f3n HTML BOE-A-2015-11985\" href=\"http:\/\/www.boe.es\/diario_boe\/txt.php?id=BOE-A-2015-11985\">Otros formatos<\/a><\/p>\n<p>&nbsp;<\/p>\n<\/div>\n<\/div>\n<div class=\"enlacesDoc\" style=\"text-align: justify;\">\n<div class=\"enlacesDoc\" style=\"text-align: justify;\">\n<div class=\"enlacesDoc\">\n<a class=\"mwm-aal-item\" name=\"reglamento-nacionalidad-por-residencia\"><\/a><h6 style=\"text-align: justify;\"><span style=\"font-size: 12pt;\">Reglamento nacionalidad por residencia<\/span><\/h6>\n<p style=\"text-align: justify;\">Real Decreto 1004\/2015, de 6 de noviembre, por el que se aprueba el Reglamento por el que se regula el procedimiento para la adquisici\u00f3n de la nacionalidad espa\u00f1ola por residencia.<\/p>\n<p style=\"text-align: justify;\">Hasta ahora, el <strong>procedimiento para la tramitaci\u00f3n<\/strong> de los expedientes de concesi\u00f3n de nacionalidad por residencia ha participado de un <strong>car\u00e1cter mixto <\/strong>entre el<strong> \u00e1mbito judicial<\/strong>, (primera fase en los Registros Civiles, llevados por los Jueces-Encargados), y el <strong>\u00e1mbito administrativo<\/strong> (segunda fase y resoluci\u00f3n).<\/p>\n<p style=\"text-align: justify;\">Al mostrarse en la pr\u00e1ctica un procedimiento largo y laborioso, la <a href=\"http:\/\/www.boe.es\/buscar\/act.php?id=BOE-A-2015-7851&amp;tn=1&amp;p=20150714&amp;vd=#dfseptima\">disposici\u00f3n final s\u00e9ptima<\/a> de la Ley 19\/2015, de 13 de julio -que el presente real decreto desarrolla- establece un <strong>procedimiento de car\u00e1cter netamente administrativo<\/strong>, basado en la <strong><em>tramitaci\u00f3n electr\u00f3nica<\/em><\/strong> en todas sus fases, que permita acortar sensiblemente los plazos de resoluci\u00f3n.<\/p>\n<p style=\"text-align: justify;\">En <strong>esquema<\/strong>, el procedimiento se inicia mediante solicitud del interesado, se instruye por la Direcci\u00f3n General de los Registros y del Notariado (DGRN) y finaliza con la resoluci\u00f3n del Ministro de Justicia.<\/p>\n<p style=\"text-align: justify;\">Los <strong>plazos y los requisitos<\/strong> los regula el <a href=\"https:\/\/www.notariosyregistradores.com\/web\/columna-izq\/codigo-civil-libro-primero\/#art21\">C\u00f3digo Civil (arts. 21 a 23)<\/a>.<\/p>\n<p style=\"text-align: justify;\">La <strong>solicitud <\/strong>se realizar\u00e1 en <strong><em>modelo normalizado<\/em><\/strong> disponible en la p\u00e1gina web del Ministerio de Justicia y se podr\u00e1 hacer:<\/p>\n<p style=\"text-align: justify;\">&#8211; a trav\u00e9s de la correspondiente <strong><em>aplicaci\u00f3n electr\u00f3nica<\/em><\/strong>, que tendr\u00e1 acuse de recibo electr\u00f3nico.<\/p>\n<p style=\"text-align: justify;\">&#8211; mediante su presentaci\u00f3n ante el <strong><em>Registro Civil correspondiente al domicilio<\/em><\/strong> de interesado,<\/p>\n<p style=\"text-align: justify;\">&#8211; aplicando las reglas generales sobre presentaci\u00f3n de solicitudes, escritos y comunicaciones de los ciudadanos ante los \u00f3rganos de las Administraciones P\u00fablicas.<\/p>\n<p style=\"text-align: justify;\">La solicitud <strong>ha de presentarla el interesado. <\/strong><\/p>\n<p style=\"text-align: justify;\">&#8211; El menor de edad, <strong><em>mayor de catorce a\u00f1os<\/em>,<\/strong> ha de estar asistido por su representante legal.<\/p>\n<p style=\"text-align: justify;\"><strong>&#8211; <\/strong>Para <strong><em>menores de catorce a\u00f1os<\/em><\/strong> o <strong><em>personas con la capacidad modificada judicialmente<\/em><\/strong>, la solicitud ser\u00e1 hecha por su representante legal, exigi\u00e9ndose, en ciertos casos, autorizaci\u00f3n del encargado del Registro Civil del domicilio del representado.<\/p>\n<p style=\"text-align: justify;\">Cuando la <strong>solicitud<\/strong> se presente en <strong>formato electr\u00f3nico<\/strong>, se acompa\u00f1ar\u00e1 de la documentaci\u00f3n preceptiva digitalizada.<\/p>\n<div id=\"attachment_11540\" style=\"width: 310px\" class=\"wp-caption alignleft\"><a href=\"https:\/\/www.notariosyregistradores.com\/web\/wp-content\/uploads\/2015\/12\/Palencia_VillaRomanaLaOlmeda_PedrosaDeLaVega-e1449615662695.jpg\"><img loading=\"lazy\" decoding=\"async\" aria-describedby=\"caption-attachment-11540\" class=\"size-medium wp-image-11540\" src=\"https:\/\/www.notariosyregistradores.com\/web\/wp-content\/uploads\/2015\/12\/Palencia_VillaRomanaLaOlmeda_PedrosaDeLaVega-300x210.jpg\" alt=\"Mosaico de la Villa Romana de La Olmeda en Pedrosa de la Vega (Palencia. Por Valdavia.\" width=\"300\" height=\"210\" \/><\/a><p id=\"caption-attachment-11540\" class=\"wp-caption-text\">Mosaico de la Villa Romana de La Olmeda en Pedrosa de la Vega (Palencia. Por Valdavia.<\/p><\/div>\n<p style=\"text-align: justify;\">La <strong>documentaci\u00f3n<\/strong> que ha de acompa\u00f1arse se encuentra en el art. 5. La enumeraci\u00f3n no es exhaustiva y diferencia los casos de menores de edad, con m\u00e1s de catorce a\u00f1os y menos y de las personas con capacidad modificada judicialmente. El interesado podr\u00e1, adem\u00e1s, acompa\u00f1ar cuantos documentos e informes considere oportunos.<\/p>\n<p style=\"text-align: justify;\">Pueden firmarse con diversos colegios profesionales <strong>convenios de habilitaci\u00f3n<\/strong> para la presentaci\u00f3n electr\u00f3nica de documentos en representaci\u00f3n de los interesados.<\/p>\n<p style=\"text-align: justify;\">La Administraci\u00f3n obtendr\u00e1 <strong>de oficio los informes<\/strong> necesarios de otras Administraciones. Entre ellos, estar\u00e1 el del Centro Nacional de Inteligencia o, telem\u00e1ticamente, el resultado de las pruebas realizadas en el Instituto Cervantes. Ello no obsta para anular el principio general de que <strong><em>le corresponde al interesado la carga de la prueba de los requisitos para adquirir la nacionalidad<\/em><\/strong>.<\/p>\n<p style=\"text-align: justify;\">Se regulan las <strong>pruebas objetivas<\/strong>, que ser\u00e1n<strong> <em>presenciales<\/em><\/strong>, tanto de <strong><em>diplomas de espa\u00f1ol<\/em><\/strong> como lengua extranjera (DELE), como de <strong><em>conocimientos constitucionales y socioculturales de Espa\u00f1a<\/em><\/strong> (CCSE), dise\u00f1adas y administradas por el <strong>Instituto Cervantes<\/strong> y conforme al <a href=\"http:\/\/www.boe.es\/buscar\/act.php?id=BOE-A-2002-21672\">Real Decreto 1137\/2002, de 31 de octubre<\/a>, por el que se regulan los diplomas de espa\u00f1ol como lengua extranjera (DELE) y que se modifica por la D.F.1\u00aa. La prueba de validaci\u00f3n del dominio de dicho idioma corresponde a los ex\u00e1menes para la obtenci\u00f3n de los diplomas de espa\u00f1ol como lengua extranjera (DELE), como m\u00ednimo en su nivel A2.<\/p>\n<p style=\"text-align: justify;\"><strong>Para evitar el examen DELE, <\/strong>los solicitantes podr\u00e1n acreditar el conocimiento b\u00e1sico de la lengua espa\u00f1ola mediante la aportaci\u00f3n al Instituto Cervantes de los <strong><em>certificados oficiales<\/em><\/strong> de los niveles b\u00e1sico (A2), intermedio y avanzado de las ense\u00f1anzas de espa\u00f1ol como lengua extranjera, expedidos por la correspondiente Administraci\u00f3n educativa al amparo del <a href=\"http:\/\/www.boe.es\/buscar\/act.php?id=BOE-A-2007-184\">Real Decreto 1629\/2006, de 29 de diciembre<\/a>.<\/p>\n<p style=\"text-align: justify;\">Se libera de la prueba del idioma a los interesados con nacionalidad de un pa\u00eds o <strong>territorio de habla hispana<\/strong> o cuando hayan obtenido con anterioridad un DELE como m\u00ednimo del nivel A2. Se considera de habla hispana, aparte de los pa\u00edses latinoamericanos que se enumeran, a Guinea Ecuatorial, pero no a Filipinas.<\/p>\n<p style=\"text-align: justify;\">La prueba de <strong>conocimientos constitucionales y socioculturales de Espa\u00f1a<\/strong> estar\u00e1 formada por un sesenta por ciento de preguntas relativas a conocimientos sobre la Constituci\u00f3n y la organizaci\u00f3n administrativa y territorial de Espa\u00f1a y por un cuarenta por ciento de cuestiones sobre la cultura, la historia y la sociedad espa\u00f1olas.<\/p>\n<p style=\"text-align: justify;\">El procedimiento concluye con una <strong>propuesta de resoluci\u00f3n<\/strong>, elaborada por la <strong>DGRN<\/strong>, de concesi\u00f3n o denegaci\u00f3n de la solicitud de nacionalidad, para su elevaci\u00f3n al <strong>Ministro de Justicia<\/strong> quien resolver\u00e1.<\/p>\n<p style=\"text-align: justify;\">Ha de fallarse y notificarse en <strong>un a\u00f1o<\/strong> a contar desde que la solicitud haya tenido entrada en la DGRN. <strong>Transcurrido<\/strong> el plazo, sin resoluci\u00f3n expresa, se entender\u00e1 <strong><em>desestimada<\/em><\/strong> la solicitud.<\/p>\n<p style=\"text-align: justify;\">La <strong>eficacia de la resoluci\u00f3n de concesi\u00f3n quedar\u00e1 supeditada<\/strong> a que, en el plazo de 180 d\u00edas contados desde el siguiente a la notificaci\u00f3n, se realicen <strong><em>ante el Encargado del Registro Civil<\/em><\/strong> las manifestaciones a que se refiere el <a href=\"https:\/\/www.notariosyregistradores.com\/web\/columna-izq\/codigo-civil-libro-primero\/#art23\">art\u00edculo 23 del C\u00f3digo Civil<\/a>, relativas al <strong>juramento o promesa<\/strong> de fidelidad al Rey y obediencia a la Constituci\u00f3n y a las Leyes, la renuncia a la nacionalidad anterior, cuando proceda, y la solicitud de las inscripciones correspondientes en el Registro Civil, sin que hasta ese momento haya cometido el interesado actos incompatibles con el requisito de la buena conducta c\u00edvica. As\u00ed pues, <strong>no se prev\u00e9<\/strong> la <a href=\"http:\/\/www.notariado.org\/liferay\/web\/notariado\/el-notariado-informa\/detalle?p_p_id=NOT013_WAR_notariadoNoticiasPlugin&amp;p_p_lifecycle=0&amp;p_p_col_id=column-2&amp;p_p_col_pos=2&amp;p_p_col_count=4&amp;p_r_p_564233524_NOTARIO_INFORMA_DETALLE_ID=4148194\">posibilidad de que se haga ante notario<\/a>.<\/p>\n<p style=\"text-align: justify;\">Cinco d\u00edas despu\u00e9s, como m\u00e1ximo, el Encargado del Registro Civil competente por raz\u00f3n del domicilio del interesado en Espa\u00f1a proceder\u00e1 a la <strong>inscripci\u00f3n<\/strong> de la adquisici\u00f3n de la nacionalidad espa\u00f1ola, poni\u00e9ndose con ello fin al procedimiento.<\/p>\n<p style=\"text-align: justify;\">En caso de denegaci\u00f3n de la solicitud de nacionalidad, podr\u00e1 interponerse <strong>recurso de reposici\u00f3n<\/strong> conforme a las normas generales de procedimiento administrativo com\u00fan.<\/p>\n<p style=\"text-align: justify;\">Hay una regulaci\u00f3n espec\u00edfica para los extranjeros que son personal al <strong>servicio de las Fuerzas Armadas<\/strong>, no necesitando reiterar el juramento o promesa solemne ante la bandera, de fidelidad al Rey y de obediencia a la Constituci\u00f3n realizado con anterioridad.<\/p>\n<p style=\"text-align: justify;\"><strong>Pago de tasas. <\/strong>La tasa de 100 euros se cre\u00f3 por la <a href=\"http:\/\/www.boe.es\/buscar\/act.php?id=BOE-A-2015-7851&amp;tn=1&amp;p=20150714&amp;vd=#dfseptima\">disposici\u00f3n final s\u00e9ptima<\/a> de la Ley 19\/2015, de 13 de julio, debiendo abonarse por el interesado o por su representante, previa cumplimentaci\u00f3n del correspondiente formulario de pago, en la forma que determine el Ministerio de Justicia. El modelo normalizado de pago de la tasa se encontrar\u00e1 disponible en la p\u00e1gina web del Ministerio de Justicia.<\/p>\n<p style=\"text-align: justify;\">Se pagar\u00e1n <strong>adem\u00e1s<\/strong> los precios de las pruebas de <strong>examen DELE <\/strong>(si es preciso) y de conocimientos constitucionales y socioculturales de Espa\u00f1a (<strong>CCSE<\/strong>), dise\u00f1adas y administradas por el Instituto Cervantes.<\/p>\n<p style=\"text-align: justify;\"><strong>Derecho transitorio.<\/strong><\/p>\n<p style=\"text-align: justify;\"><strong>&#8211;\u00a0<\/strong>Los expedientes se tramitar\u00e1n y resolver\u00e1n de conformidad con las <strong>normas de procedimiento vigentes en el momento de la solicitud<\/strong>.<\/p>\n<p style=\"text-align: justify;\">&#8211; Hasta el <strong>30 de junio de 2017<\/strong>, los interesados podr\u00e1n seguir presentando sus solicitudes en <strong><em>soporte papel ante el Registro Civil correspondiente al<\/em><\/strong> <strong>domicilio del interesado<\/strong>. La documentaci\u00f3n ser\u00e1 digitalizada en los registros civiles o en la DGRN.<\/p>\n<p style=\"text-align: justify;\">&#8211; A partir del 30 de junio de 2017, las <strong>solicitudes solo podr\u00e1n presentarse a trav\u00e9s de la correspondiente aplicaci\u00f3n electr\u00f3nica<\/strong>, o bien conforme a las reglas generales sobre presentaci\u00f3n de solicitudes, escritos y comunicaciones de los ciudadanos ante los \u00f3rganos de las Administraciones P\u00fablicas. Ambas modalidades son asimismo posibles durante el periodo transitorio que finaliza el 30 de junio de 2017.<\/p>\n<p style=\"text-align: justify;\">Este real decreto se considerar\u00e1 <strong>regulaci\u00f3n espec\u00edfica y preferente<\/strong> respecto de otras normas reglamentarias. En particular, <strong>prevalecer\u00e1<\/strong> sobre lo dispuesto en los art\u00edculos 220 a 224, 341 a 362, y 365 a 369 del <a href=\"http:\/\/www.boe.es\/buscar\/act.php?id=BOE-A-1958-18486\">Reglamento de la Ley del Registro Civil<\/a> de 1958, que mantendr\u00e1n sin embargo su vigencia en la medida en que resulten aplicables a otros procedimientos. D.F. 2\u00aa<\/p>\n<p style=\"text-align: justify;\">La aplicaci\u00f3n de este real decreto <strong>no generar\u00e1 incremento del gasto p\u00fablico<\/strong>.<\/p>\n<p style=\"text-align: justify;\">Entr\u00f3 en vigor el <strong>8 de noviembre de 2015<\/strong>.<\/p>\n<p style=\"text-align: justify;\"><a href=\"https:\/\/www.notariosyregistradores.com\/web\/normas\/informes-mensuales\/informe-248-boe-mayo-2015\/#instruccion-nacionalidad-por-residencia\">Ver Instrucci\u00f3n de Nacionalidad por Residencia de 13 de mayo de 2015<\/a><\/p>\n<p style=\"text-align: justify;\"><a href=\"https:\/\/www.notariosyregistradores.com\/web\/secciones\/internacional\/varios-inter\/concesion-de-la-nacionalidad-espanola-a-los-sefardies-originarios-de-espana\/\">Ver Resumen Instrucci\u00f3n Sefard\u00edes<\/a><\/p>\n<p style=\"text-align: justify;\"><a href=\"https:\/\/www.notariosyregistradores.com\/web\/normas\/informes-mensuales\/informe-260-boe-mayo-2016\/#convenios-para-nacionalidad-por-residencia\">Ver Orden que regula convenios<\/a><\/p>\n<p style=\"text-align: justify;\"><a href=\"https:\/\/www.notariosyregistradores.com\/web\/participa\/noticias\/consejo-de-ministros-del-6-de-noviembre-de-2015\/#reglamento-para-adquirir-la-nacionalidad-espanola-por-residencia\">Ver rese\u00f1a del Consejo de Ministros.<\/a><\/p>\n<p style=\"text-align: justify;\"><a href=\"http:\/\/legalteam.es\/lt\/aprobado-el-reglamento-del-nuevo-procedimiento-de-nacionalidad-espanola-por-residencia\/\">Ver preguntas y respuestas en legalteam<\/a><\/p>\n<p style=\"text-align: justify;\"><a href=\"https:\/\/www.notariosyregistradores.com\/web\/normas\/informes-mensuales\/informe-265-boe-octubre-2016\/#expediente-de-nacionalidad-por-residencia\">Ver Orden JUS\/1625\/2016, de 30 de septiembre, sobre la tramitaci\u00f3n de los procedimientos de concesi\u00f3n de la nacionalidad espa\u00f1ola por residencia.<\/a><\/p>\n<div class=\"enlacesDoc\" style=\"text-align: justify;\">\n<p><a title=\"PDF firmado BOE-A-2015-12047\" href=\"http:\/\/www.boe.es\/boe\/dias\/2015\/11\/07\/pdfs\/BOE-A-2015-12047.pdf\">PDF (BOE-A-2015-12047 &#8211; 13 <abbr title=\"p\u00e1ginas\">p\u00e1gs.<\/abbr> &#8211; 252 <abbr title=\"kilobytes\">KB<\/abbr>)<\/a>\u00a0 \u00a0<a title=\"Versi\u00f3n HTML BOE-A-2015-12047\" href=\"http:\/\/www.boe.es\/diario_boe\/txt.php?id=BOE-A-2015-12047\">Otros formatos<\/a><\/p>\n<p>&nbsp;<\/p>\n<\/div>\n<a class=\"mwm-aal-item\" name=\"consignaciones-para-subastas-notariales-y-judiciales\"><\/a><h6 style=\"text-align: justify;\"><span style=\"font-size: 12pt;\">Consignaciones para subastas notariales y judiciales<\/span><\/h6>\n<p style=\"text-align: justify;\">Real Decreto 1011\/2015, de 6 de noviembre, por el que se regula el procedimiento para formalizar el sistema de consignaciones en sede electr\u00f3nica de las cantidades necesarias para tomar parte en las subastas judiciales y notariales.<\/p>\n<p style=\"text-align: justify;\">Una de las medidas propuestas por la <a href=\"http:\/\/www.seap.minhap.gob.es\/web\/areas\/reforma_aapp\/cora.html\">Comisi\u00f3n CORA<\/a> es la de impulsar un sistema de <strong>subastas electr\u00f3nicas<\/strong> con la creaci\u00f3n de un <strong>portal de subastas<\/strong> en la Agencia Estatal Bolet\u00edn Oficial del Estado.<\/p>\n<p style=\"text-align: justify;\">La Ley 19\/2015, de 13 de julio (<a href=\"https:\/\/www.notariosyregistradores.com\/web\/normas\/destacadas\/ley-de-subastas-electronicas-nacimientos-y-defunciones\/\">ver resumen<\/a>), puso en marcha dicho sistema de subastas electr\u00f3nicas, tanto judiciales como notariales, a trav\u00e9s de un portal \u00fanico, en el que la <strong>consignaci\u00f3n<\/strong> o constituci\u00f3n del dep\u00f3sito por los postores se realizar\u00e1 por <strong><em>medios electr\u00f3nicos<\/em><\/strong> a trav\u00e9s de este Portal de Subastas del BOE, que utilizar\u00e1 los servicios telem\u00e1ticos que la AEAT pondr\u00e1 a su disposici\u00f3n.<\/p>\n<p style=\"text-align: justify;\">La <a href=\"https:\/\/www.notariosyregistradores.com\/web\/normas\/destacadas\/ley-de-la-jurisdiccion-voluntaria\/\">Ley 15\/2015, de 2 de julio, de la <strong>Jurisdicci\u00f3n Voluntaria<\/strong><\/a>, al regular las subastas voluntarias, cuya competencia atribuye a los Letrados de la Administraci\u00f3n de Justicia y a los Notarios, establece el mismo sistema de subastas electr\u00f3nicas a trav\u00e9s del portal \u00fanico.<\/p>\n<p style=\"text-align: justify;\">Ambas leyes habilitan al Gobierno para dictar este real decreto que establece un <strong>\u00fanico sistema <\/strong>de consignaciones o dep\u00f3sitos, y ello con independencia de cu\u00e1l sea la naturaleza de la subasta, judicial o notarial.<\/p>\n<p style=\"text-align: justify;\"><strong>Objeto: <\/strong>la regulaci\u00f3n del procedimiento de constituci\u00f3n, gesti\u00f3n y devoluci\u00f3n, cuando proceda, por v\u00eda telem\u00e1tica de los <strong><em>dep\u00f3sitos<\/em><\/strong> exigidos por la normativa vigente <strong><em>para participar<\/em><\/strong> en las subastas electr\u00f3nicas.<\/p>\n<p style=\"text-align: justify;\"><strong>Subastas afectadas:<\/strong> subastas electr\u00f3nicas acordadas en los procedimientos o expedientes <strong><em>judiciales o notariales<\/em><\/strong>.<\/p>\n<p style=\"text-align: justify;\"><strong>Procedimiento para la constituci\u00f3n telem\u00e1tica de los dep\u00f3sitos:<\/strong><\/p>\n<p style=\"text-align: justify;\"><strong>A) Alta.<\/strong> Los interesados deber\u00e1n <strong>estar dados de alta como usuarios<\/strong> del sistema del <a href=\"https:\/\/subastas.boe.es\/\">Portal de Subastas de la Agencia Estatal Bolet\u00edn Oficial del Estado<\/a>.<\/p>\n<p style=\"text-align: justify;\"><strong>B) Dep\u00f3sito.<\/strong> Han de obtener la correspondiente <strong>acreditaci\u00f3n<\/strong>, para lo que ser\u00e1 necesario que hayan constituido, en su caso, el <strong><em>dep\u00f3sito del 5 por ciento<\/em><\/strong> del valor de los bienes de conformidad con el <a href=\"http:\/\/www.boe.es\/buscar\/act.php?id=BOE-A-2000-323&amp;tn=1&amp;p=20151028&amp;vd=#a647\">art\u00edculo 647.1.3.\u00ba LEC<\/a>.<\/p>\n<p style=\"text-align: justify;\">&#8211; Para constituir el dep\u00f3sito, el interesado, una vez dado de alta en el Portal de Subastas, se conectar\u00e1 a trav\u00e9s de \u00e9ste con los <strong><em>servicios electr\u00f3nicos de la AEAT<\/em><\/strong> y, por v\u00eda de \u00e9stos, con los de la entidad colaboradora en la que tenga cuenta. Si la constituci\u00f3n del dep\u00f3sito es aceptada por la entidad colaboradora, \u00e9sta efectuar\u00e1 el traspaso de su importe desde la cuenta del depositante a la cuenta de dep\u00f3sitos por participaci\u00f3n en subastas de la Agencia Tributaria<\/p>\n<p style=\"text-align: justify;\">&#8212; Tras comunicaciones internas, el interesado recibir\u00e1 del Portal de Subastas, como acreditaci\u00f3n del dep\u00f3sito constituido, un <strong><em>n\u00famero de referencia completo<\/em><\/strong>.<\/p>\n<p style=\"text-align: justify;\"><strong>C) Destino del dep\u00f3sito. <\/strong><\/p>\n<p style=\"text-align: justify;\"><strong>\u2013 Postor adjudicatario.<\/strong> El dep\u00f3sito constituido por este postor se ingresar\u00e1 en la cuenta restringida de la entidad colaboradora en la que se hubiere efectuado, a los efectos de su posterior transferencia a la cuenta del Tesoro en el Banco de Espa\u00f1a. De ah\u00ed pasar\u00e1 a la Cuenta de Dep\u00f3sitos y Consignaciones del \u00f3rgano u Oficina judicial ante la que se siga el procedimiento o expediente en el que se acord\u00f3 la celebraci\u00f3n de la subasta judicial o a las cuentas correspondientes en caso de subastas notariales.<\/p>\n<div id=\"attachment_11335\" style=\"width: 310px\" class=\"wp-caption alignright\"><a href=\"https:\/\/www.notariosyregistradores.com\/web\/wp-content\/uploads\/2015\/12\/San_Juan_de_la_Pena_Claustro-e1448926181291.jpg\"><img loading=\"lazy\" decoding=\"async\" aria-describedby=\"caption-attachment-11335\" class=\"size-medium wp-image-11335\" src=\"https:\/\/www.notariosyregistradores.com\/web\/wp-content\/uploads\/2015\/12\/San_Juan_de_la_Pena_Claustro-300x225.jpg\" alt=\"Claustro del Monasterio de San Juan de la Pe\u00f1a (Huesca). Por Sergio.\" width=\"300\" height=\"225\" \/><\/a><p id=\"caption-attachment-11335\" class=\"wp-caption-text\">Claustro del Monasterio de San Juan de la Pe\u00f1a (Huesca). Por Sergio.<\/p><\/div>\n<p><strong>&#8211; Postor sin reserva de postura. <\/strong>El mismo d\u00eda en que se cierre la subasta, el Portal de Subastas transmitir\u00e1 a la Agencia Tributaria la informaci\u00f3n necesaria para que traspase los dep\u00f3sitos constituidos a la cuenta \u00a0de procedencia del depositante, conforme al <a href=\"http:\/\/www.boe.es\/buscar\/act.php?id=BOE-A-2000-323&amp;tn=1&amp;p=20151028&amp;vd=#a652\">art\u00edculo 652 LEC<\/a>.<\/p>\n<p><strong>&#8211; Postor con reserva de postura. <\/strong>El postor puede solicitar que se mantenga la reserva de las cantidades consignadas, para que, si el rematante no entregare en plazo el resto del precio, pueda aprobarse el remate en favor de los que le sigan, por el orden de sus respectivas posturas. En estos casos, los dep\u00f3sitos se mantendr\u00e1n hasta que se comunique por el \u00f3rgano subastador al Portal de Subastas que el postor adjudicatario complet\u00f3 la totalidad del precio ofrecido, que se ha aprobado el remate en favor de tercero o que se dict\u00f3 decreto de adjudicaci\u00f3n. Entonces, se devolver\u00e1.<\/p>\n<p><strong>&#8211; Si el adjudicatario primero no completa el precio<\/strong> y hay reservas de posturas, el Letrado de la Administraci\u00f3n de Justicia o Notario responsable de la subasta, adem\u00e1s de dar el destino legal al dep\u00f3sito constituido por el postor que caus\u00f3 la quiebra de la subasta, comunicar\u00e1 esta circunstancia al Portal de Subastas interesando del mismo el env\u00edo de la certificaci\u00f3n con los <strong><em>datos del siguiente mejor postor<\/em><\/strong> que puj\u00f3 con reserva de postura. Si tampoco completara el precio ofrecido, se proceder\u00e1 de la misma forma respecto a los sucesivos postores que hubieran pujado con reserva de su postura.<\/p>\n<p><strong>&#8211; Si no hay postores, <\/strong>a pesar de haberse constituido el dep\u00f3sito para participar en una subasta determinada, el Portal de Subastas, tan pronto como se realice su cierre, transmitir\u00e1 a la Agencia Tributaria la informaci\u00f3n necesaria para que traspase a las cuentas de los depositantes los dep\u00f3sitos constituidos para aqu\u00e9lla.<\/p>\n<p><strong>&#8211; Suspensi\u00f3n o cancelaci\u00f3n. <\/strong>Si se suspende la subasta por m\u00e1s de 15 d\u00edas o se cancela por el Letrado de la Administraci\u00f3n de Justicia o Notario responsable de la subasta, el Portal de Subastas, transcurrido el citado plazo o recibida la comunicaci\u00f3n, transmitir\u00e1 a la Agencia Tributaria la informaci\u00f3n necesaria para que traspase a las cuentas de los depositantes los dep\u00f3sitos constituidos para participar en la misma.<\/p>\n<p>Para <strong>aspectos t\u00e9cnicos<\/strong>, se anuncia una <strong>resoluci\u00f3n conjunta<\/strong> de la Direcci\u00f3n General de la AEAT y de la Secretar\u00eda General del Tesoro y Pol\u00edtica Financiera. Tambi\u00e9n tienen facultades de desarrollo los Ministerios de Justicia, de Hacienda y Administraciones P\u00fablicas y de Econom\u00eda y Competitividad.<\/p>\n<p><strong>Reforma del <\/strong><a href=\"http:\/\/www.boe.es\/buscar\/act.php?id=BOE-A-2006-8345\"><strong>Decreto de dep\u00f3sitos y consignaciones de 2006<\/strong><\/a><strong>. <\/strong><\/p>\n<p>&#8211; Por un lado, <strong>se excluye de su \u00e1mbito <\/strong><strong>los dep\u00f3sitos efectuados en sede electr\u00f3nica<\/strong> de las cantidades necesarias para tomar parte en las subastas judiciales.<\/p>\n<p>&#8211; Por otro, no se aplicar\u00e1, a los <strong>dep\u00f3sitos y consignaciones<\/strong> <strong>para tomar parte en las subastas judiciales<\/strong>, la regla general por la que se realizar\u00e1n mediante ingreso de cantidades de moneda nacional o divisa extranjera convertible en una \u00abCuenta de Dep\u00f3sitos y Consignaciones. Hay remisi\u00f3n a su <strong>normativa espec\u00edfica<\/strong>.<\/p>\n<p><strong>Reforma del Reglamento Notarial (<\/strong><a href=\"https:\/\/www.notariosyregistradores.com\/NORMAS\/reglamento-notarial-3.htm#art344\"><strong>art. 344<\/strong><\/a><strong>)<\/strong><\/p>\n<p>El art. 344 RN regula las <strong>funciones del Consejo General del Notariado<\/strong>. Ahora se a\u00f1ade <strong>una m\u00e1s<\/strong>, incorporando el p\u00e1rrafo 12 al apartado A:<\/p>\n<p>\u00ab12. Establecer <strong>sistemas unificados de consignaciones, dep\u00f3sitos, cobros y pagos<\/strong> relativos a cualquier actuaci\u00f3n o expediente notarial cuya existencia est\u00e9 prevista por alguna disposici\u00f3n normativa.\u00bb<\/p>\n<p>Entr\u00f3 en vigor el <strong>8 de noviembre de 2015<\/strong>.<\/p>\n<p><a href=\"https:\/\/www.notariosyregistradores.com\/web\/participa\/noticias\/consejo-de-ministros-del-6-de-noviembre-de-2015\/#subastas-notariales-y-judiciales-consignaciones-telematicas\">Ver rese\u00f1a del Consejo de Ministros.<\/a><\/p>\n<div class=\"enlacesDoc\">\n<p><a title=\"PDF firmado BOE-A-2015-12055\" href=\"http:\/\/www.boe.es\/boe\/dias\/2015\/11\/07\/pdfs\/BOE-A-2015-12055.pdf\">PDF (BOE-A-2015-12055 &#8211; 4 <abbr title=\"p\u00e1ginas\">p\u00e1gs.<\/abbr> &#8211; 176 <abbr title=\"kilobytes\">KB<\/abbr>)<\/a><a title=\"Versi\u00f3n HTML BOE-A-2015-12055\" href=\"http:\/\/www.boe.es\/diario_boe\/txt.php?id=BOE-A-2015-12055\">Otros formatos<\/a><\/p>\n<p>&nbsp;<\/p>\n<a class=\"mwm-aal-item\" name=\"resolucion-de-entidades-financieras\"><\/a><h6><span style=\"font-size: 12pt;\">Resoluci\u00f3n de entidades financieras<\/span><\/h6>\n<p>Real Decreto 1012\/2015, de 6 de noviembre, por el que se desarrolla la Ley 11\/2015, de 18 de junio, de recuperaci\u00f3n y resoluci\u00f3n de entidades de cr\u00e9dito y empresas de servicios de inversi\u00f3n, y por el que se modifica el Real Decreto 2606\/1996, de 20 de diciembre, sobre fondos de garant\u00eda de dep\u00f3sitos de entidades de cr\u00e9dito.<\/p>\n<p>La normativa para afrontar las situaciones de potencial <strong>dificultad en la que se pueden encontrar las entidades de cr\u00e9dito<\/strong> y las empresas de servicios de inversi\u00f3n se encuentra fundamentalmente en la <a href=\"https:\/\/www.notariosyregistradores.com\/web\/normas\/informes-mensuales\/informe-249-boe-junio-2015\/#entidades-de-credito-y-empresas-de-servicios-de-inversion\"><strong>Ley 11\/2015 de 18 de junio<\/strong><\/a> y su predecesora la <a href=\"https:\/\/www.notariosyregistradores.com\/informes\/informe218.htm#reestruc\"><strong>Ley 9\/2012, de 14 de noviembre<\/strong><\/a>, de reestructuraci\u00f3n y resoluci\u00f3n de las entidades de cr\u00e9dito.<\/p>\n<p>En el <strong>\u00e1mbito europeo<\/strong> son esenciales la <a href=\"http:\/\/eur-lex.europa.eu\/legal-content\/ES\/TXT\/HTML\/?uri=CELEX:32014L0059&amp;from=EN\"><strong>Directiva 2014\/59\/UE<\/strong><\/a>, por la que se establece un marco para la reestructuraci\u00f3n y la resoluci\u00f3n de entidades de cr\u00e9dito y empresas de servicios de inversi\u00f3n y el <a href=\"http:\/\/eur-lex.europa.eu\/legal-content\/es\/TXT\/PDF\/?uri=CELEX:32014R0806&amp;from=EN\"><strong>Reglamento (UE) n\u00famero 806\/2014<\/strong><\/a>.<\/p>\n<p>Los <strong>principios<\/strong> que inspiran estas disposiciones son <strong>cuatro:<\/strong><\/p>\n<p>&#8211; la necesidad de instaurar una <strong>fase preventiva<\/strong> que detecte tempranamente la situaci\u00f3n de dificultad y que, en caso de que se considere que una entidad deba ser liquidada, su resoluci\u00f3n se haga de manera ordenada;<\/p>\n<p>&#8211; la articulaci\u00f3n de un <strong>procedimiento especial<\/strong>, \u00e1gil y eficaz, que permita acometer la resoluci\u00f3n de estas entidades <strong><em>sin acudir a la legislaci\u00f3n concursal<\/em><\/strong> cuando razones de inter\u00e9s p\u00fablico y de protecci\u00f3n de la estabilidad financiera lo exijan;<\/p>\n<p>&#8211; la <strong>separaci\u00f3n entre <\/strong>las <strong>funciones<\/strong> de <strong><em>supervisi\u00f3n y de resoluci\u00f3n<\/em><\/strong>, con el fin de evitar el conflicto de intereses en que podr\u00eda incurrir la autoridad supervisora;<\/p>\n<p>&#8211; Y asegurar que la absorci\u00f3n de las<strong> p\u00e9rdidas <\/strong>de la resoluci\u00f3n se realiza<strong> por los accionistas y acreedores<\/strong> de la entidad, y no con recursos p\u00fablicos.<\/p>\n<p>El <strong>presente real decreto<\/strong> concluye la trasposici\u00f3n de la citada Directiva y tambi\u00e9n desarrolla determinados aspectos de la <a href=\"https:\/\/www.notariosyregistradores.com\/web\/normas\/informes-mensuales\/informe-249-boe-junio-2015\/#entidades-de-credito-y-empresas-de-servicios-de-inversion\">Ley 11\/2015, de 18 de junio<\/a>, en especial los de car\u00e1cter organizativo. Cuenta con <strong>nueve cap\u00edtulos<\/strong>.<\/p>\n<p><strong>Cap\u00edtulo I Disposiciones generales. <\/strong>Entre ellas se encuentran:<\/p>\n<p><strong>&#8211; <em>\u00c1mbito de aplicaci\u00f3n.<\/em> <\/strong>En cuanto a las entidades afectadas, hay remisi\u00f3n al <a href=\"http:\/\/www.boe.es\/buscar\/act.php?id=BOE-A-2015-6789&amp;tn=1&amp;p=20151024&amp;vd=#a1\">art. 1 de la ley<\/a> y a sus exclusiones. \u00a0Entre ellas se encuentran las entidades de cr\u00e9dito y empresas de servicios de inversi\u00f3n, con capital social superior a 730000 euros, establecidas en Espa\u00f1a y las sucursales de ambas; las entidades financieras establecidas en Espa\u00f1a, y las sociedades financieras de cartera.<\/p>\n<p>&#8211; Los criterios para modular la aplicaci\u00f3n de la normativa de resoluci\u00f3n y permitir el establecimiento de <strong><em>obligaciones simplificadas<\/em><\/strong> y de <strong><em>exenciones<\/em><\/strong> para determinadas entidades.<\/p>\n<p>&#8211; Forma en que deber\u00e1 realizarse la <strong>valoraci\u00f3n<\/strong> de las entidades con car\u00e1cter previo a la adopci\u00f3n de cualquier medida de resoluci\u00f3n, tanto la provisional como la definitiva.<\/p>\n<p><strong>Cap\u00edtulo II.<\/strong> <strong>Planificaci\u00f3n de la recuperaci\u00f3n y actuaci\u00f3n temprana.<\/strong><\/p>\n<div id=\"attachment_11793\" style=\"width: 310px\" class=\"wp-caption alignleft\"><a href=\"https:\/\/www.notariosyregistradores.com\/web\/wp-content\/uploads\/2015\/12\/Cantabria_Camale\u00f1o_Liebana.jpg\"><img loading=\"lazy\" decoding=\"async\" aria-describedby=\"caption-attachment-11793\" class=\"size-medium wp-image-11793\" src=\"https:\/\/www.notariosyregistradores.com\/web\/wp-content\/uploads\/2015\/12\/Cantabria_Camale\u00f1o_Liebana-300x225.jpg\" alt=\"Camale\u00f1o en el Valle de Li\u00e9bana (Cantabria). Por Anabeil12\" width=\"300\" height=\"225\" srcset=\"https:\/\/www.notariosyregistradores.com\/web\/wp-content\/uploads\/2015\/12\/Cantabria_Camale\u00f1o_Liebana-300x225.jpg 300w, https:\/\/www.notariosyregistradores.com\/web\/wp-content\/uploads\/2015\/12\/Cantabria_Camale\u00f1o_Liebana.jpg 1024w, https:\/\/www.notariosyregistradores.com\/web\/wp-content\/uploads\/2015\/12\/Cantabria_Camale\u00f1o_Liebana-500x375.jpg 500w\" sizes=\"auto, (max-width: 300px) 100vw, 300px\" \/><\/a><p id=\"caption-attachment-11793\" class=\"wp-caption-text\">Camale\u00f1o en el Valle de Li\u00e9bana (Cantabria). Por Anabeil12<\/p><\/div>\n<p>&#8211; Se desarrollan los <strong>planes de recuperaci\u00f3n<\/strong> del <a href=\"http:\/\/www.boe.es\/buscar\/act.php?id=BOE-A-2015-6789&amp;tn=1&amp;p=20151024&amp;vd=#a6\">art. 6 de la Ley<\/a>, su evaluaci\u00f3n por el supervisor competente y los indicadores que determinen los puntos en los que se podr\u00e1n emprender las acciones previstas en el plan.<\/p>\n<p>&#8211; Se regulan los acuerdos de <strong>ayuda financiera dentro de un grupo<\/strong> y el derecho de oposici\u00f3n de los supervisores.<\/p>\n<p>&#8211; Se trata la <strong>coordinaci\u00f3n<\/strong> de las medidas de actuaci\u00f3n temprana del supervisor competente con otros <strong><em>supervisores de la Uni\u00f3n Europea<\/em><\/strong>.<\/p>\n<p>&#8211; Entre las medidas adoptables se encuentra la\u00a0designaci\u00f3n y destituci\u00f3n del <strong><em>administrador provisional<\/em><\/strong> y sus competencias (art. 24).<\/p>\n<p><strong>Cap\u00edtulo III. Fase preventiva de la resoluci\u00f3n<\/strong><\/p>\n<p>&#8211; Se concreta el contenido de <em>los <strong>planes de resoluci\u00f3n <\/strong><\/em><a href=\"http:\/\/www.boe.es\/buscar\/act.php?id=BOE-A-2015-6789&amp;tn=1&amp;p=20151024&amp;vd=#a13\"><strong><em>del art. 13 de la Ley<\/em><\/strong><\/a>, tanto individuales como de grupo.<\/p>\n<p>&#8211; Da el procedimiento para la toma de una <strong><em>decisi\u00f3n conjunta<\/em><\/strong> de la autoridad de resoluci\u00f3n preventiva con las autoridades de resoluci\u00f3n de las filiales del grupo.<\/p>\n<p>&#8211; Se orienta a la autoridad de resoluci\u00f3n preventiva para evaluar los <strong><em>obst\u00e1culos<\/em><\/strong> a la resolubilidad de una entidad.<\/p>\n<p><strong>Cap\u00edtulo IV. Resoluci\u00f3n. <\/strong><\/p>\n<p>Este cap\u00edtulo recoge las <strong><em>obligaciones procedimentales, de coordinaci\u00f3n e informaci\u00f3n<\/em><\/strong> aplicables cuando una entidad sea objeto de un procedimiento de resoluci\u00f3n, para asegurar su debido conocimiento por las autoridades competentes, accionistas y acreedores.<\/p>\n<p><strong>La <em>sustituci\u00f3n del \u00f3rgano de administraci\u00f3n<\/em> <\/strong>y los directores generales la realiza el FROB, conforme al <a href=\"http:\/\/www.boe.es\/buscar\/act.php?id=BOE-A-2015-6789&amp;tn=1&amp;p=20151024&amp;vd=#a22\">art. 22 de la Ley<\/a> y 33 de este RD.<\/p>\n<p>&#8211; Los <strong><em>designados<\/em><\/strong> tendr\u00e1n el deber estatutario de adoptar todas las medidas necesarias para promover los objetivos y principios de resoluci\u00f3n y <strong><em>ejecutar las acciones de resoluci\u00f3n<\/em><\/strong> de conformidad con la decisi\u00f3n de la autoridad de resoluci\u00f3n competente. Las <strong><em>soluciones<\/em><\/strong> podr\u00e1n incluir una ampliaci\u00f3n de capital, la reorganizaci\u00f3n de la estructura de capital de la entidad o la toma de participaci\u00f3n por parte de entidades sanas.<\/p>\n<p>&#8211; El FROB podr\u00e1 <strong><em>establecer limitaciones<\/em><\/strong> a la actuaci\u00f3n de los designados o requerir que algunas de sus acciones deban someterse a su consentimiento previo.<\/p>\n<p>&#8211; El FROB los podr\u00e1 <strong><em>destituir<\/em><\/strong> en cualquier momento.<\/p>\n<p>&#8211; Todas las resoluciones relativas a sustituci\u00f3n del \u00f3rgano de administraci\u00f3n de la entidad, directores generales o asimilados, con determinaci\u00f3n de sus facultades y de su forma de actuaci\u00f3n, y limitaciones, deber\u00e1n ser objeto de <strong><em>inscripci\u00f3n en el Registro Mercantil<\/em><\/strong>.<\/p>\n<p><strong>Cap\u00edtulo V. Instrumentos de resoluci\u00f3n. <\/strong><\/p>\n<p>Se incluyen <strong><em>reglas sobre el funcionamiento<\/em><\/strong> de los instrumentos de resoluci\u00f3n que, por su nivel de detalle, no han sido contempladas en la Ley. En particular, se especifican las actuaciones que deber\u00e1 realizar el <strong><em>FROB<\/em><\/strong> para la aplicaci\u00f3n de esos instrumentos.<\/p>\n<p>&#8211; Recordemos que los instrumentos de resoluci\u00f3n <a href=\"http:\/\/www.boe.es\/buscar\/act.php?id=BOE-A-2015-6789&amp;tn=1&amp;p=20151024&amp;vd=#a22\">determinados por la Ley<\/a> son <strong><em>cuatro<\/em><\/strong>: a) La venta del negocio de la entidad. b) La transmisi\u00f3n de activos o pasivos a una entidad puente. c) La transmisi\u00f3n de activos o pasivos a una sociedad de gesti\u00f3n de activos. d) La recapitalizaci\u00f3n interna.<\/p>\n<p>&#8211; En cuanto a los <strong><em>requisitos para la venta del negocio<\/em><\/strong> de la entidad, ahora se aclara que la entidad adquirente debe disponer de la autorizaci\u00f3n correspondiente para desarrollar la actividad del negocio adquirido, que se tramitar\u00e1 simult\u00e1neamente.<\/p>\n<p>&#8211; Se desarrolla la constituci\u00f3n y duraci\u00f3n de la <strong><em>sociedad puente<\/em><\/strong>.<\/p>\n<p>&#8211; Se\u00a0regula el funcionamiento de la <strong><em>sociedad de gesti\u00f3n de activos<\/em><\/strong> y los medios de control sobre ella que tiene el FROB.<\/p>\n<p><strong>Cap\u00edtulo VI. Amortizaci\u00f3n y conversi\u00f3n de instrumentos de capital y recapitalizaci\u00f3n interna. <\/strong><\/p>\n<p>Se regulan algunos aspectos relativos a esta materia como:<\/p>\n<p>&#8211; los relativos a la determinaci\u00f3n y exenci\u00f3n del requerimiento m\u00ednimo de <strong><em>fondos propios<\/em><\/strong> y <strong><em>pasivos admisibles<\/em><\/strong><\/p>\n<p>&#8211; la valoraci\u00f3n de aquellos pasivos que surjan de <strong><em>derivados financieros<\/em><\/strong><\/p>\n<p>&#8211; el contenido del <strong><em>plan de reorganizaci\u00f3n<\/em><\/strong> de actividades<\/p>\n<p>&#8211; la <strong><em>conversi\u00f3n y amortizaci\u00f3n<\/em><\/strong> de los instrumentos de capital.<\/p>\n<p><strong>Cap\u00edtulo VII. FROB.<\/strong><\/p>\n<p>&#8211; Se regula la aportaci\u00f3n de las contribuciones al <strong><em>Fondo de Resoluci\u00f3n Nacional<\/em><\/strong> por parte de las entidades, que deber\u00e1 alcanzar, al menos, el 1 por ciento del importe de los dep\u00f3sitos garantizados de todas las entidades, en principio antes del 31 de diciembre de 2024. Hay un r\u00e9gimen transitorio.<\/p>\n<p>&#8211; Se determina la situaci\u00f3n del <strong><em>Fondo de Garant\u00eda de Dep\u00f3sitos<\/em><\/strong> en estas situaciones de resoluci\u00f3n.<\/p>\n<p>&#8211; Se regulan actuaciones del FROB en terceros pa\u00edses y en <strong><em>ejecuci\u00f3n de garant\u00edas<\/em><\/strong>.<\/p>\n<p><strong>Cap\u00edtulo VIII. <\/strong><strong>Resoluci\u00f3n de grupo.<\/strong><\/p>\n<p>&#8211; Aborda la resoluci\u00f3n de un <strong><em>grupo de entidades que act\u00fae de manera transfronteriza<\/em><\/strong> y la composici\u00f3n y competencias de los colegios de autoridades de resoluci\u00f3n, de tal manera que se favorezca una soluci\u00f3n coordinada.<\/p>\n<p>&#8211; El <strong><em>papel del FROB<\/em><\/strong> adquiere una especial relevancia, porque ser\u00e1 la autoridad que presida el colegio de autoridades de resoluci\u00f3n en los casos en que sea la autoridad de resoluci\u00f3n a nivel de grupo y por su funci\u00f3n de <strong><em>autoridad espa\u00f1ola de contacto<\/em> <\/strong>y coordinaci\u00f3n.<\/p>\n<p><strong>Cap\u00edtulo IX.<\/strong><strong> Acuerdos con terceros pa\u00edses.<\/strong><\/p>\n<p>&#8211; Se dedica a la relaci\u00f3n con terceros pa\u00edses, promoviendo la celebraci\u00f3n de acuerdos bilaterales sobre la materia.<\/p>\n<p>&#8211; Se regula el reconocimiento y ejecuci\u00f3n de los procedimientos de resoluci\u00f3n con estos pa\u00edses, las causas que permiten rehusar y el tratamiento de las sucursales.<\/p>\n<p><strong>Disposiciones Adicionales. <\/strong>Destaquemos:<\/p>\n<p>&#8211; Se acompasa la normativa nacional sobre resoluci\u00f3n a la que regula el <strong><em>Mecanismo \u00danico de Resoluci\u00f3n a nivel europeo <\/em><\/strong>recogido en el <a href=\"http:\/\/eur-lex.europa.eu\/legal-content\/es\/TXT\/PDF\/?uri=CELEX:32014R0806&amp;from=EN\">Reglamento (UE) n\u00famero 806\/2014<\/a><\/p>\n<p>&#8211; Se extiende la aplicaci\u00f3n del real decreto, en determinados supuestos, a <strong><em>otro tipo de personas<\/em><\/strong> jur\u00eddicas que forman parte del grupo de una entidad (las del <a href=\"http:\/\/www.boe.es\/buscar\/act.php?id=BOE-A-2015-6789&amp;tn=1&amp;p=20151024&amp;vd=#a1\">art. 1.2 b, c y d de la Ley<\/a>)<\/p>\n<p>&#8211; Se desarrolla la regulaci\u00f3n del r\u00e9gimen de gesti\u00f3n, liquidaci\u00f3n y recaudaci\u00f3n de la <strong><em>tasa<\/em><\/strong> a que est\u00e1n sujetas las entidades para sostener los gastos administrativos del <strong><em>FROB<\/em><\/strong>.<\/p>\n<p><strong>Fondos de garant\u00eda de dep\u00f3sitos.<\/strong><\/p>\n<p>La D. F. 1\u00aa modifica el <a href=\"http:\/\/www.boe.es\/buscar\/act.php?id=BOE-A-1996-28535\">Real Decreto 2606\/1996, de 20 de diciembre<\/a>, sobre fondos de garant\u00eda de dep\u00f3sitos de entidades de cr\u00e9dito, para <strong><em>adaptarlo a la reforma 2015 del <\/em><\/strong><a href=\"http:\/\/www.boe.es\/buscar\/act.php?id=BOE-A-2011-16173\"><strong><em>RDLey 16\/2011, de 14 de octubre<\/em><\/strong><\/a>, por el que se crea el Fondo de Garant\u00eda de Dep\u00f3sitos de Entidades de Cr\u00e9dito, culminando as\u00ed la transposici\u00f3n de la <a href=\"http:\/\/eur-lex.europa.eu\/legal-content\/ES\/TXT\/?uri=CELEX%3A32014L0049\">Directiva 2014\/49\/UE<\/a>, relativa a los sistemas de garant\u00eda de dep\u00f3sitos.<\/p>\n<p>&#8211; Hay un <strong><em>cambio en la base de c\u00e1lculo de las aportaciones<\/em><\/strong> al nuevo compartimento de garant\u00eda de dep\u00f3sitos del Fondo de Garant\u00eda de Dep\u00f3sitos de Entidades de Cr\u00e9dito. La base no vendr\u00e1 determinada por el volumen total de dep\u00f3sitos susceptibles de ser cubiertos por el Fondo sino \u00fanicamente por la cuant\u00eda efectivamente garantizada de estos.<\/p>\n<p>&#8211; Se reduce el <strong><em>periodo<\/em><\/strong> dentro del cual el Fondo de Garant\u00eda de Dep\u00f3sitos de Entidades de Cr\u00e9dito deber\u00e1 <strong><em>reembolsar a los depositantes<\/em><\/strong> las cantidades debidas, que bajar\u00e1 progresivamente desde los veinte d\u00edas h\u00e1biles actuales a <strong><em>siete d\u00edas h\u00e1biles<\/em><\/strong> en 2024.<\/p>\n<p>&#8211; Se regula el r\u00e9gimen de <strong><em>cooperaci\u00f3n<\/em><\/strong> del Fondo de Garant\u00eda de Dep\u00f3sitos de Entidades de Cr\u00e9dito con los sistemas de garant\u00eda de dep\u00f3sitos de <strong><em>otros Estados miembros<\/em><\/strong> de la Uni\u00f3n Europea.<\/p>\n<p>&#8211; Y se introduce un Anexo con el <strong><em>Impreso de informaci\u00f3n a los depositantes.<\/em><\/strong><\/p>\n<p><strong>Anexos.<\/strong> Son tres:<\/p>\n<p>&#8211; Informaci\u00f3n que deber\u00e1 incluirse en los planes de recuperaci\u00f3n;<\/p>\n<p>&#8211; Informaci\u00f3n que las autoridades de resoluci\u00f3n preventiva pueden exigir a las entidades para la elaboraci\u00f3n y el mantenimiento de los planes de resoluci\u00f3n;<\/p>\n<p>&#8211; Cuestiones que las autoridades de resoluci\u00f3n deben valorar cuando afronten la resoluci\u00f3n de una entidad o un grupo.<\/p>\n<p><strong>Entr\u00f3 en vigor<\/strong> el 8 de noviembre de 2015, salvo las normas sobre recapitalizaci\u00f3n interna contenidas en el cap\u00edtulo VI, que lo har\u00e1n el 1 de enero de 2016.<\/p>\n<p><a href=\"https:\/\/www.notariosyregistradores.com\/web\/participa\/noticias\/consejo-de-ministros-del-6-de-noviembre-de-2015\/#resolucion-de-entidades-financieras\">Ver rese\u00f1a del Consejo de Ministros.<\/a><\/p>\n<div class=\"enlacesDoc\">\n<p><a title=\"PDF firmado BOE-A-2015-12056\" href=\"http:\/\/www.boe.es\/boe\/dias\/2015\/11\/07\/pdfs\/BOE-A-2015-12056.pdf\">PDF (BOE-A-2015-12056 &#8211; 72 <abbr title=\"p\u00e1ginas\">p\u00e1gs.<\/abbr> &#8211; 1.302 <abbr title=\"kilobytes\">KB<\/abbr>)<\/a><a title=\"Versi\u00f3n HTML BOE-A-2015-12056\" href=\"http:\/\/www.boe.es\/diario_boe\/txt.php?id=BOE-A-2015-12056\">Otros formatos<\/a><\/p>\n<\/div>\n<p>&nbsp;<\/p>\n<a class=\"mwm-aal-item\" name=\"libre-circulacion-de-ciudadanos-de-la-union-europea-familia-extensa\"><\/a><h6><span style=\"font-size: 12pt;\">Libre circulaci\u00f3n de ciudadanos de la Uni\u00f3n Europea. Familia extensa.<\/span><\/h6>\n<p>Real Decreto 987\/2015, de 30 de octubre, por el que se modifica el <a href=\"http:\/\/www.boe.es\/buscar\/act.php?id=BOE-A-2007-4184\" target=\"_blank\">Real Decreto 240\/2007, de 16 de febrero<\/a>, sobre entrada, libre circulaci\u00f3n y residencia en Espa\u00f1a de ciudadanos de los Estados miembros de la Uni\u00f3n Europea y de otros Estados parte en el Acuerdo sobre el Espacio Econ\u00f3mico Europeo.<\/p>\n<p>La <strong>libre circulaci\u00f3n de personas<\/strong> constituye una de las <strong>cuatro libertades fundamentales del mercado interior<\/strong>. Las otras son la llamada uni\u00f3n aduanera, la libre circulaci\u00f3n de servicios y la de capitales.<\/p>\n<p>La ciudadan\u00eda de la Uni\u00f3n confiere un <strong>derecho primario e individual a circular y residir libremente<\/strong> en el territorio de los Estados miembros con sujeci\u00f3n a las limitaciones y condiciones previstas en los Tratados de la Uni\u00f3n Europea y de Funcionamiento de la Uni\u00f3n Europea y a las disposiciones adoptadas para su aplicaci\u00f3n.<\/p>\n<p>Junto con los Tratados, el principal instrumento normativo de derecho comunitario para regular la libre circulaci\u00f3n es la <strong><a href=\"http:\/\/www.boe.es\/buscar\/doc.php?id=DOUE-L-2004-81147\">Directiva 2004\/38\/CE<\/a><\/strong>, relativa al derecho de los ciudadanos de la Uni\u00f3n y de los miembros de su familia a circular y residir libremente en el territorio de los Estados miembros.<\/p>\n<p>Esta Directiva fue objeto de <strong>transposici\u00f3n <\/strong>por el <strong><a href=\"http:\/\/www.boe.es\/buscar\/act.php?id=BOE-A-2007-4184\">Real Decreto 240\/2007, de 16 de febrero<\/a><\/strong>, sobre entrada, libre circulaci\u00f3n y residencia en Espa\u00f1a de ciudadanos de los Estados miembros de la Uni\u00f3n Europea y de otros Estados parte en el Acuerdo sobre el Espacio Econ\u00f3mico Europeo.<\/p>\n<p>Ahora se modifica dicho Real Decreto para incluir en el mismo la regulaci\u00f3n de la <strong>llamada familia extensa<\/strong>, que actualmente estaba encuadrada dentro del r\u00e9gimen general de extranjer\u00eda de la <a href=\"http:\/\/www.boe.es\/buscar\/act.php?id=BOE-A-2000-544&amp;tn=1&amp;p=20151030&amp;vd=#a17\">Ley Org\u00e1nica 4\/2000, de 11 de enero<\/a>, sobre derechos y libertades de los extranjeros en Espa\u00f1a y su integraci\u00f3n social.<\/p>\n<p>Respecto a la familia extensa, la <strong>Directiva 2004\/38\/CE<\/strong> considera que, para mantener la <strong>unidad de la familia en un sentido amplio<\/strong>, los Estados miembros deben facilitar la entrada y residencia de otros miembros de la familia del ciudadano de la Uni\u00f3n, distintos a los regulados en el art\u00edculo 2 de la Directiva (en esencia, c\u00f3nyuge, pareja registrada, ascendientes y descendientes directos a cargo).<\/p>\n<p>Esta familia extensa, a la que Directiva se refiere como \u00ab<strong><em>otros miembros de la familia<\/em><\/strong>\u00bb, y cuyos derechos corresponde reconocer a los Estados miembros, estar\u00eda formada por cualquier otro miembro de la familia, cualquiera que sea su nacionalidad, que no entre en la definici\u00f3n del art\u00edculo 2 de la Directiva y que, <strong><em>en el pa\u00eds de procedencia,<\/em> <em>est\u00e9 a cargo o conviva con el ciudadano de la Uni\u00f3n beneficiario del derecho de residencia con car\u00e1cter principal<\/em><\/strong> o, en caso de que por motivos graves de salud, sea estrictamente necesario que <strong><em>el ciudadano de la Uni\u00f3n se haga cargo del cuidado personal del miembro de la familia.<\/em><\/strong> Adem\u00e1s, tambi\u00e9n se considerar\u00e1 miembro de la familia extensa a la <strong>pareja <\/strong>con la que el ciudadano de la Uni\u00f3n mantenga una <strong><em>relaci\u00f3n estable<\/em><\/strong> debidamente probada.<\/p>\n<p>El concepto de \u00ab<strong>estar a cargo<\/strong>\u00bb es un concepto jur\u00eddico indeterminado delimitado por la jurisprudencia del TSJUE \u2013que ha tenido eco en el TS-, para el cual, la calidad de miembro de la familia \u00aba cargo\u00bb se deriva de <em>una situaci\u00f3n de hecho caracterizada por el hecho de que el ciudadano de la Uni\u00f3n o su c\u00f3nyuge<strong> garantizan la tenencia y disponibilidad de recursos econ\u00f3micos suficientes para la subsistencia del miembro de la familia<\/strong>.<\/em><\/p>\n<p><strong><em>La necesidad de apoyo material debe darse en el Estado de origen<\/em><\/strong> o de procedencia de dichos ascendientes en el momento en que solicitan establecerse con el ciudadano comunitario.<\/p>\n<p>Los Estados <strong>miembros no est\u00e1n obligados a acoger todas las solicitudes<\/strong> de entrada o de residencia presentadas por los miembros de la familia extensa, aunque demuestren que est\u00e1n a cargo de dicho ciudadano, pero deben establecer <strong>criterios objetivos<\/strong> para determinar cu\u00e1ndo son admisibles las solicitudes de la familia extensa, por ejemplo, requisitos espec\u00edficos acerca de la naturaleza o la duraci\u00f3n de la situaci\u00f3n de dependencia.<\/p>\n<p>Este real decreto <strong>determina estos criterios<\/strong>, tomando como referencia la regulaci\u00f3n de los dem\u00e1s Estados miembros.<\/p>\n<p>Los <strong>miembros de la familia extensa<\/strong>, si cumplen los requisitos, contar\u00e1n con <strong>una tarjeta de familiar de ciudadano de la Uni\u00f3n<\/strong> y no, como hasta ahora, con una autorizaci\u00f3n de residencia y trabajo de r\u00e9gimen general.<\/p>\n<p>Para ello, se a\u00f1ade un <a href=\"http:\/\/www.boe.es\/buscar\/act.php?id=BOE-A-2007-4184&amp;tn=1&amp;p=20151109&amp;vd=#a2bis\">art\u00edculo 2.bis<\/a>. sobre la entrada y residencia de otros familiares del ciudadano de un Estado miembro de la Uni\u00f3n Europea o de otros Estados parte en el Acuerdo sobre el Espacio Econ\u00f3mico Europeo. Tambi\u00e9n se enumera la documentaci\u00f3n a aportar. La resoluci\u00f3n ser\u00e1 motivada.<\/p>\n<p>Se deroga una <a href=\"http:\/\/www.boe.es\/buscar\/act.php?id=BOE-A-2011-7703&amp;tn=1&amp;p=20151109&amp;vd=#dadecimotercera\">disposici\u00f3n adicional<\/a> que recog\u00eda el silencio negativo para las solicitudes.<\/p>\n<p>Entrar\u00e1 en vigor el 9 de diciembre de 2015.<\/p>\n<\/div>\n<\/div>\n<\/div>\n<\/div>\n<p><a title=\"PDF firmado BOE-A-2015-12090\" href=\"http:\/\/www.boe.es\/boe\/dias\/2015\/11\/09\/pdfs\/BOE-A-2015-12090.pdf\">PDF (BOE-A-2015-12090 &#8211; 5 <abbr title=\"p\u00e1ginas\">p\u00e1gs.<\/abbr> &#8211; 180 <abbr title=\"kilobytes\">KB<\/abbr>)<\/a>\u00a0 \u00a0 \u00a0<a title=\"Versi\u00f3n HTML BOE-A-2015-12090\" href=\"http:\/\/www.boe.es\/diario_boe\/txt.php?id=BOE-A-2015-12090\">Otros formatos<\/a><\/p>\n<p>&nbsp;<\/p>\n<a class=\"mwm-aal-item\" name=\"tasas-nacionalidad\"><\/a><h6 style=\"text-align: justify;\"><span style=\"font-size: 12pt;\">Tasas nacionalidad<\/span><\/h6>\n<p style=\"text-align: justify;\">Resoluci\u00f3n de 10 de noviembre de 2015, de la Direcci\u00f3n General de los Registros y del Notariado, por la que se dictan normas sobre la <strong>gesti\u00f3n y el pago de la tasa<\/strong> por la presentaci\u00f3n de solicitudes en procedimientos de nacionalidad espa\u00f1ola por residencia y carta de naturaleza para sefard\u00edes originarios de Espa\u00f1a, y por la que se aprueba el <strong>Modelo 790-C\u00f3digo 026<\/strong> de autoliquidaci\u00f3n de la tasa e instrucciones.<\/p>\n<p style=\"text-align: justify;\">Esta tasa est\u00e1 <strong>prevista en las siguientes leyes:<\/strong><\/p>\n<p style=\"text-align: justify;\">&#8211; la <a href=\"https:\/\/www.notariosyregistradores.com\/web\/normas\/informes-mensuales\/informe-249-boe-junio-2015\/#sefardies-nacionalidad\">Ley 12\/2015, de 24 de junio<\/a>, en materia de concesi\u00f3n de la nacionalidad espa\u00f1ola a los <strong>sefard\u00edes<\/strong> originarios de Espa\u00f1a, siendo el hecho imponible la solicitud de iniciaci\u00f3n del procedimiento administrativo para obtener la nacionalidad espa\u00f1ola, estando sujeto a ella quien la solicite con independencia del resultado del procedimiento.<\/p>\n<p style=\"text-align: justify;\">&#8211; y la <a href=\"https:\/\/www.notariosyregistradores.com\/web\/normas\/destacadas\/ley-de-subastas-electronicas-nacimientos-y-defunciones\/\">Ley 19\/2015, de 13 de julio<\/a>, de medidas de reforma administrativa en el \u00e1mbito de la Administraci\u00f3n de Justicia y del Registro Civil\u00a0 que tambi\u00e9n crea una tasa cuyo hecho imponible es la solicitud de iniciaci\u00f3n del procedimiento para obtener la <strong>nacionalidad espa\u00f1ola por residencia<\/strong>, estando sujeto a ella el interesado, sin perjuicio de que pueda actuar por representaci\u00f3n y con independencia del resultado del procedimiento.<\/p>\n<p style=\"text-align: justify;\">Esta <strong>resoluci\u00f3n<\/strong> tiene por <strong>objeto<\/strong> establecer las <strong>normas de gesti\u00f3n y pago de la tasa<\/strong> y aprobar el <strong>modelo<\/strong> para liquidaci\u00f3n de la misma.<\/p>\n<p style=\"text-align: justify;\">La <strong>gesti\u00f3n y recaudaci\u00f3n de la tasa<\/strong> se efectuar\u00e1 en cada caso, por los <strong>servicios competentes del Ministerio de Justicia<\/strong>.<\/p>\n<p style=\"text-align: justify;\">En todo caso, el <strong>pago<\/strong> de la tasa se realizar\u00e1 con <strong>car\u00e1cter previo<\/strong> al env\u00edo de la solicitud.<\/p>\n<p style=\"text-align: justify;\"><strong>1.- Pago telem\u00e1tico.<\/strong> La tasa se abonar\u00e1, <strong>preferentemente, de forma telem\u00e1tica<\/strong>, a trav\u00e9s de la pasarela de pagos de la Agencia Estatal de Administraci\u00f3n Tributaria, mediante el formulario espec\u00edfico accesible en su Sede Electr\u00f3nica.<\/p>\n<p style=\"text-align: justify;\">El <strong>pago se acreditar\u00e1<\/strong> mediante el justificante que facilita la p\u00e1gina web de la AEAT o a trav\u00e9s del comprobante de pago de la entidad bancaria, siempre que preste el servicio de banca electr\u00f3nica para el pago de la mencionada tasa, en el que deber\u00e1 figurar el N\u00famero de Referencia Completo (NRC).<\/p>\n<p style=\"text-align: justify;\"><strong>2.- Pago presencial.<\/strong> Tambi\u00e9n cabe el <strong>pago presencial<\/strong> a trav\u00e9s del <strong>Modelo 790-C\u00f3digo 026<\/strong> \u00abTasa por solicitud de nacionalidad espa\u00f1ola por residencia y carta de naturaleza para sefard\u00edes originarios de Espa\u00f1a\u00bb que figura como anexo de esta Resoluci\u00f3n y que estar\u00e1 disponible en la p\u00e1gina web del Ministerio de Justicia.<\/p>\n<p style=\"text-align: justify;\">En este caso, una vez efectuado el pago, la Entidad colaboradora har\u00e1 entrega al sujeto legitimado en el procedimiento de una <strong>copia<\/strong> de dicho modelo oficial de autoliquidaci\u00f3n tributaria en la que se haga constar una diligencia de \u00ab<strong><em>Pagado<\/em><\/strong>\u00bb o certificaci\u00f3n mec\u00e1nica correspondiente, y que servir\u00e1 como <strong>medio de acreditaci\u00f3n del pago<\/strong>, debiendo ser aportado al \u00f3rgano administrativo competente para la tramitaci\u00f3n del procedimiento, junto con la solicitud.<\/p>\n<p style=\"text-align: justify;\">\u00danicamente se admitir\u00e1 el pago en Espa\u00f1a, a trav\u00e9s de los medios se\u00f1alados, por aquellas <strong>personas que dispongan de NIE o DNI<\/strong>. Puede hacerse por otra persona, siempre que disponga tambi\u00e9n de uno de estos medios de identificaci\u00f3n.<\/p>\n<p style=\"text-align: justify;\">A los <strong>sefard\u00edes<\/strong> se les permite el pago desde el extranjero por el procedimiento que se indica.<\/p>\n<p style=\"text-align: justify;\">Entr\u00f3 en vigor el <strong>13 de noviembre de 2015<\/strong>, pero, hasta que no se habiliten los medios t\u00e9cnicos necesarios para realizar el pago telem\u00e1ticamente a trav\u00e9s de la pasarela de pagos de la AEAT, el pago se deber\u00e1 realizar de forma presencial.<\/p>\n<p style=\"text-align: justify;\">Ir a la <a href=\"https:\/\/sede.mjusticia.gob.es\/cs\/Satellite\/Sede\/es\/tramites\/nacionalidad-espanola\">p\u00e1gina especial en el Ministerio de Justicia<\/a>.<\/p>\n<div class=\"enlacesDoc\">\n<p style=\"text-align: justify;\"><a title=\"PDF firmado BOE-A-2015-12207\" href=\"http:\/\/www.boe.es\/boe\/dias\/2015\/11\/12\/pdfs\/BOE-A-2015-12207.pdf\">PDF (BOE-A-2015-12207 &#8211; 7 <abbr title=\"p\u00e1ginas\">p\u00e1gs.<\/abbr> &#8211; 1.149 <abbr title=\"kilobytes\">KB<\/abbr>)<\/a><a title=\"Versi\u00f3n HTML BOE-A-2015-12207\" href=\"http:\/\/www.boe.es\/diario_boe\/txt.php?id=BOE-A-2015-12207\">Otros formatos<\/a><\/p>\n<p style=\"text-align: justify;\">\u00a0<\/p>\n<\/div>\n<a class=\"mwm-aal-item\" name=\"tasas-ministerio-de-justicia\"><\/a><h6 style=\"text-align: justify;\"><span style=\"font-size: 12pt;\">Tasas Ministerio de Justicia<\/span><\/h6>\n<p style=\"text-align: justify;\">Resoluci\u00f3n de 11 de noviembre de 2015, de la Subsecretar\u00eda, por la que se modifica la de <a href=\"http:\/\/www.boe.es\/buscar\/doc.php?id=BOE-A-2008-1334\">10 de enero de 2008<\/a>, por la que se establece la aplicaci\u00f3n del procedimiento para la presentaci\u00f3n de la autoliquidaci\u00f3n y las condiciones para el pago por v\u00eda telem\u00e1tica de las tasas administrativas del Ministerio de Justicia.<\/p>\n<p style=\"text-align: justify;\">Esta Resoluci\u00f3n est\u00e1 muy relacionada con la que acabamos de ver y tiene por objeto establecer la <strong>aplicaci\u00f3n del procedimiento para la presentaci\u00f3n de la autoliquidaci\u00f3n<\/strong> y las condiciones para el pago por v\u00eda telem\u00e1tica de las tasas administrativas del Ministerio de Justicia <strong>790 c\u00f3digo 026<\/strong>.<\/p>\n<p style=\"text-align: justify;\">incluye, dentro de los <strong>servicios que ofrece el Ministerio de Justicia<\/strong> a los ciudadanos, el pago telem\u00e1tico de la tasa por presentaci\u00f3n de la solicitud de nacionalidad espa\u00f1ola por residencia y por carta de naturaleza para sefard\u00edes originarios de Espa\u00f1a.<\/p>\n<p style=\"text-align: justify;\">Entr\u00f3 en vigor el 14 de noviembre de 2015.<\/p>\n<p style=\"text-align: justify;\"><a title=\"PDF firmado BOE-A-2015-12248\" href=\"http:\/\/www.boe.es\/boe\/dias\/2015\/11\/13\/pdfs\/BOE-A-2015-12248.pdf\">PDF (BOE-A-2015-12248 &#8211; 2 <abbr title=\"p\u00e1ginas\">p\u00e1gs.<\/abbr> &#8211; 161 <abbr title=\"kilobytes\">KB<\/abbr>)<\/a>\u00a0 \u00a0<a title=\"Versi\u00f3n HTML BOE-A-2015-12248\" href=\"http:\/\/www.boe.es\/diario_boe\/txt.php?id=BOE-A-2015-12248\">Otros formatos<\/a><\/p>\n<p style=\"text-align: justify;\">\u00a0<\/p>\n<a class=\"mwm-aal-item\" name=\"registradores-y-prevencion-de-blanqueo-de-capitales\"><\/a><h6><span style=\"font-size: 12pt;\">Registradores y prevenci\u00f3n de blanqueo de capitales<\/span><\/h6>\n<p style=\"text-align: justify;\">Orden ECC\/2402\/2015, de 11 de noviembre, por la que se crea el \u00d3rgano Centralizado de Prevenci\u00f3n del blanqueo de capitales y de la financiaci\u00f3n del terrorismo del Colegio de Registradores de la Propiedad, Mercantiles y de Bienes Muebles.<\/p>\n<p style=\"text-align: justify;\"><strong><a href=\"https:\/\/www.notariosyregistradores.com\/web\/?p=11419\">Ir al archivo especial<\/a><\/strong><\/p>\n<p style=\"text-align: justify;\">La <strong>funci\u00f3n de los registradores<\/strong> en la lucha contra el blanqueo de capitales cambi\u00f3 radicalmente con la <a href=\"https:\/\/www.notariosyregistradores.com\/doctrina\/resumenes\/2010-blanqueo.htm\">Ley 10\/2010, de 28 de abril<\/a>, de prevenci\u00f3n del blanqueo de capitales y de la financiaci\u00f3n del terrorismo, pues, de meros colaboradores, pasaron a ser <strong>sujetos obligados<\/strong>.<\/p>\n<p style=\"text-align: justify;\">Esta condici\u00f3n determina la atribuci\u00f3n de una serie de <strong>obligaciones preventivas<\/strong> que cada uno de los registradores est\u00e1 obligado a cumplir a t\u00edtulo individual.<\/p>\n<p style=\"text-align: justify;\">La propia Ley 10\/2010 <a href=\"http:\/\/www.boe.es\/buscar\/act.php?id=BOE-A-2010-6737&amp;tn=1&amp;p=20131210&amp;vd=#a27\">prev\u00e9<\/a> que mediante Orden Ministerial pueda acordarse la constituci\u00f3n de <strong>\u00f3rganos centralizados de prevenci\u00f3n de las profesiones colegiadas<\/strong> sujetas a dicha ley.<\/p>\n<p style=\"text-align: justify;\">La <strong>creaci\u00f3n<\/strong> de \u00f3rganos centralizados de prevenci\u00f3n tiene por <strong>objeto<\/strong> intensificar y potenciar la colaboraci\u00f3n de las profesiones colegiadas con las autoridades judiciales, policiales y administrativas, permitiendo un mayor nivel de especializaci\u00f3n en estas tareas dentro del colectivo de sujetos obligados.<\/p>\n<p style=\"text-align: justify;\">Su creaci\u00f3n persigue un <strong>objetivo doble<\/strong>:<\/p>\n<p style=\"text-align: justify;\">&#8211; <strong>Facilitar el cumplimiento<\/strong> por parte de los sujetos individuales de la normativa preventiva, al contar con un \u00f3rgano especializado encargado de las funciones de tipo administrativo o procedimental y que, asimismo, canaliza las comunicaciones de operativa sospechosa, mejora su calidad y las agiliza.<\/p>\n<p style=\"text-align: justify;\">&#8211; <strong>Homogeneizar<\/strong> las medidas aplicadas por el colectivo, evitando potenciales interpretaciones divergentes sobre el alcance y significado de las obligaciones.<\/p>\n<p style=\"text-align: justify;\">Las amplias <strong>competencias<\/strong> de estos \u00f3rganos centralizados las determina el <a href=\"http:\/\/www.boe.es\/buscar\/act.php?id=BOE-A-2014-4742&amp;tn=1&amp;p=20140506&amp;vd=#a44\">art. 44<\/a> del <a href=\"https:\/\/www.notariosyregistradores.com\/doctrina\/resumenes\/2014-blanqueo-reglamento.htm\">RD 304\/2014, de 5 de mayo<\/a>.<\/p>\n<p style=\"text-align: justify;\"><strong>\u00c1mbito de aplicaci\u00f3n. <\/strong>Se aplica a <strong>todos los registradores<\/strong>, quienes <strong><em>deber\u00e1n seguir los procedimientos y exigencias en esta orden establecidos<\/em><\/strong> para cumplir con las obligaciones contenidas en la Ley 10\/2010 y en su Reglamento.<\/p>\n<p style=\"text-align: justify;\"><strong>\u00d3rgano Centralizado. <\/strong>El <strong><em>Colegio de Registradores<\/em><\/strong> constituir\u00e1 un \u00f3rgano centralizado de prevenci\u00f3n con la funci\u00f3n de promover y canalizar la colaboraci\u00f3n de los registradores con las autoridades judiciales, policiales y administrativas, de conformidad el <a href=\"http:\/\/www.boe.es\/buscar\/act.php?id=BOE-A-2010-6737&amp;tn=1&amp;p=20131210&amp;vd=#a27\">art. 27<\/a> citado. <strong><em>Todos los registradores se incorporan autom\u00e1ticamente<\/em><\/strong>, sin que tengan que hacer ning\u00fan tr\u00e1mite especial, a este \u00f3rgano.<\/p>\n<p style=\"text-align: justify;\"><strong>Director. <\/strong>Ser\u00e1 <strong><em>nombrado por la Junta de Gobierno del Colegio de Registradores<\/em><\/strong> debiendo ser una persona que re\u00fana condiciones de<strong> <em>experiencia t\u00e9cnica y profesional<\/em><\/strong> en esta materia, contando con formaci\u00f3n espec\u00edfica y experiencia de, al menos, <strong><em>cinco a\u00f1os<\/em><\/strong>, en tareas de prevenci\u00f3n. El Director ostentar\u00e1 con car\u00e1cter nato la condici\u00f3n de <strong><em>representante<\/em><\/strong> ante el <a href=\"http:\/\/www.sepblac.es\/espanol\/home_esp.htm\">SEPBLAC<\/a> (Servicio Ejecutivo de la Comisi\u00f3n).<\/p>\n<p style=\"text-align: justify;\"><strong>Operaciones que examinar\u00e1<\/strong>. Ser\u00e1n las <strong><em>remitidas<\/em><\/strong> para su an\u00e1lisis por los registradores o bien las detectadas <strong><em>de manera directa<\/em><\/strong> mediante el tratamiento de la informaci\u00f3n contenida en las bases de datos registrales.<\/p>\n<p style=\"text-align: justify;\">&#8211; Los <strong><em>registradores examinar\u00e1n con especial atenci\u00f3n<\/em><\/strong> cualquier hecho u operaci\u00f3n, con independencia de su cuant\u00eda, que, por su naturaleza, pueda estar relacionado con el blanqueo de capitales o la financiaci\u00f3n del terrorismo, rese\u00f1ando por <strong><em>escrito<\/em><\/strong> los resultados del examen. En particular, se fijar\u00e1n en toda operaci\u00f3n o pauta de comportamiento compleja, inusual o sin un prop\u00f3sito econ\u00f3mico o l\u00edcito aparente, o que presente indicios de simulaci\u00f3n o fraude.<\/p>\n<p style=\"text-align: justify;\">&#8211; Tambi\u00e9n deber\u00e1n <strong><em>facilitar<\/em><\/strong> al \u00f3rgano centralizado <strong><em>cualquier informaci\u00f3n<\/em><\/strong> que \u00e9ste les requiera para el ejercicio de su funci\u00f3n de examen.<\/p>\n<p style=\"text-align: justify;\">&#8211; El \u00f3rgano centralizado de prevenci\u00f3n mantendr\u00e1, durante un plazo de <strong>diez a\u00f1os<\/strong>, un registro pormenorizado de todas las operaciones que hayan sido objeto de examen especial.<\/p>\n<p style=\"text-align: justify;\"><strong>Comunicaci\u00f3n de operaciones. <\/strong>Si, tras su examen, existieran indicios o certeza de que el hecho u operaci\u00f3n est\u00e1 vinculado con el blanqueo de capitales o la financiaci\u00f3n del terrorismo, el <strong><em>director<\/em><\/strong> del \u00f3rgano centralizado de prevenci\u00f3n <strong><em>comunicar\u00e1 por escrito la operaci\u00f3n al Servicio Ejecutivo de la Comisi\u00f3n<\/em><\/strong>, en nombre y por cuenta, en su caso, del registrador que la hubiera remitido para su an\u00e1lisis.<\/p>\n<p style=\"text-align: justify;\">&#8211; El <strong><em>contenido m\u00ednimo<\/em><\/strong> es el del <a href=\"http:\/\/www.boe.es\/buscar\/act.php?id=BOE-A-2010-6737&amp;tn=1&amp;p=20131210&amp;vd=#a18\">art\u00edculo 18.2<\/a> de la Ley 10\/2010, de 28 de abril, indicando, asimismo, los datos de identificaci\u00f3n del registrador o registradores intervinientes.<\/p>\n<p style=\"text-align: justify;\">&#8211; El env\u00edo ser\u00e1, como regla general, <strong><em>telem\u00e1tico<\/em><\/strong>. Se deber\u00e1 asegurar la plena <strong><em>confidencialidad e integridad<\/em><\/strong> de la informaci\u00f3n transmitida.<\/p>\n<p style=\"text-align: justify;\"><strong>An\u00e1lisis de riesgo. <\/strong>El \u00f3rgano centralizado de prevenci\u00f3n realizar\u00e1 por escrito el an\u00e1lisis de los riesgos que, en esta materia, enfrenta la <strong><em>actividad desarrollada por los registradores<\/em><\/strong>. Atender\u00e1 a las caracter\u00edsticas de los intervinientes, las \u00e1reas geogr\u00e1ficas afectadas y los tipos de actos u operaciones concernidos y deber\u00e1 ser revisado peri\u00f3dicamente. Este an\u00e1lisis ser\u00e1 la base a partir de la cual se dise\u00f1en los <strong><em>procedimientos de control interno<\/em><\/strong> aplicables por los funcionarios colegiados y el \u00f3rgano centralizado de prevenci\u00f3n.<\/p>\n<p style=\"text-align: justify;\"><strong>Manual de procedimientos. <\/strong>Est\u00e1 dirigido a garantizar el cumplimiento por los registradores de sus obligaciones en esta materia, siendo su contenido m\u00ednimo el previsto en el <a href=\"http:\/\/www.boe.es\/buscar\/act.php?id=BOE-A-2014-4742&amp;tn=1&amp;p=20140506&amp;vd=#a33\">art. 33 del Reglamento<\/a>.<\/p>\n<p style=\"text-align: justify;\">&#8211; Se <strong><em>elaborar\u00e1<\/em><\/strong> y mantendr\u00e1 actualizado por el \u00f3rgano centralizado.<\/p>\n<p style=\"text-align: justify;\">&#8211; Deber\u00e1 ser <strong><em>aprobado<\/em><\/strong> por la Junta de Gobierno del Colegio de Registradores, que velar\u00e1, a trav\u00e9s del \u00f3rgano centralizado, para su <strong><em>aplicaci\u00f3n<\/em><\/strong>.<\/p>\n<p style=\"text-align: justify;\">&#8211; Deber\u00e1 estar <strong><em>siempre accesible y actualizado<\/em><\/strong> para su uso y consulta por parte de todos los registradores y su personal.<\/p>\n<p style=\"text-align: justify;\"><strong>Formaci\u00f3n. <\/strong>El servicio centralizado desarrollar\u00e1 un <strong><em>plan anual<\/em><\/strong> de acciones formativas, presenciales o telem\u00e1ticas, conectadas con un sistema de evaluaci\u00f3n, dirigidas a los registradores y a su personal, y enfocadas al conocimiento de las obligaciones legales vigentes, as\u00ed como de los procedimientos internos puestos en marcha para cumplir con aqu\u00e9llas.<\/p>\n<p style=\"text-align: justify;\"><strong>Supervisi\u00f3n. <\/strong>El \u00f3rgano centralizado de prevenci\u00f3n llevar\u00e1 a cabo <strong><em>acciones de inspecci\u00f3n<\/em><\/strong> respecto de los registradores, en los t\u00e9rminos establecidos en el <a href=\"http:\/\/www.boe.es\/buscar\/act.php?id=BOE-A-2014-4742&amp;tn=1&amp;p=20140506&amp;vd=#a44\">art\u00edculo 44.2.i) del Reglamento<\/a> (supervisar el cumplimiento de los <a href=\"http:\/\/www.boe.es\/buscar\/act.php?id=BOE-A-2010-6737&amp;tn=1&amp;p=20131210&amp;vd=#a26\">procedimientos de control interno<\/a>), siguiendo el plan anual de supervisi\u00f3n que deber\u00e1 aprobar la Junta de Gobierno del Colegio. Ello, sin perjuicio de las competencias del Servicio Ejecutivo de la Comisi\u00f3n.<\/p>\n<p style=\"text-align: justify;\"><strong>Deber de confidencialidad. <\/strong>Los registradores y los miembros del \u00f3rgano centralizado no revelar\u00e1n, <strong><em>ni al solicitante de la inscripci\u00f3n ni a terceros<\/em><\/strong>, el suministro de informaci\u00f3n al Servicio Ejecutivo de la Comisi\u00f3n, a petici\u00f3n de \u00e9ste, ni la realizaci\u00f3n de una comunicaci\u00f3n de operativa sospechosa o el hecho de estar realizando el proceso de examen especial. Esta exigencia se tendr\u00e1 en cuenta en el dise\u00f1o de los procedimientos internos.<\/p>\n<p style=\"text-align: justify;\"><strong>Ejecuci\u00f3n de medidas restrictivas y sanciones financieras internacionales. Art. 12<\/strong><\/p>\n<p style=\"text-align: justify;\">Las <strong>prohibiciones de disponer<\/strong> que afecten a bienes muebles e inmuebles, adoptadas al amparo de reglamentos de la Uni\u00f3n Europea de aplicaci\u00f3n directa en los pa\u00edses de la Uni\u00f3n Europea o acordadas por el Consejo de Ministros, en aplicaci\u00f3n del <a href=\"http:\/\/www.boe.es\/buscar\/act.php?id=BOE-A-2010-6737&amp;tn=1&amp;p=20131210&amp;vd=#a42\">art\u00edculo 42<\/a> de la Ley 10\/2010, se har\u00e1n constar en los correspondientes registros, por <strong><em>nota al margen de la inscripci\u00f3n de dominio<\/em><\/strong>, expresando el origen y contenido de la prohibici\u00f3n.<\/p>\n<p style=\"text-align: justify;\">Recogemos <strong>parte<\/strong> de este <a href=\"http:\/\/www.boe.es\/buscar\/act.php?id=BOE-A-2010-6737&amp;tn=1&amp;p=20131210&amp;vd=#a42\">art. 42<\/a>:<\/p>\n<p style=\"text-align: justify;\"><strong>Art\u00edculo\u00a042. Sanciones y contramedidas financieras internacionales.<\/strong><\/p>\n<p style=\"text-align: justify;\">1. Las sanciones financieras establecidas por las <strong>Resoluciones del Consejo de Seguridad de Naciones Unidas<\/strong> relativas a la prevenci\u00f3n y supresi\u00f3n del <strong><em>terrorismo<\/em><\/strong> y de la financiaci\u00f3n del terrorismo, y a la prevenci\u00f3n, supresi\u00f3n y disrupci\u00f3n de la proliferaci\u00f3n de <strong><em>armas de destrucci\u00f3n masiva<\/em><\/strong> y de su financiaci\u00f3n, ser\u00e1n de <strong><em>obligada aplicaci\u00f3n<\/em><\/strong> para cualquier persona f\u00edsica o jur\u00eddica en los t\u00e9rminos previstos por los <strong><em>reglamentos comunitarios<\/em><\/strong> o por <strong><em>acuerdo del Consejo de Ministros<\/em><\/strong>.<\/p>\n<p style=\"text-align: justify;\">2. Sin perjuicio del efecto directo de los reglamentos comunitarios, el <strong>Consejo de Ministros<\/strong> podr\u00e1 acordar la aplicaci\u00f3n de <strong><em>contramedidas financieras<\/em><\/strong> respecto de <strong><em>pa\u00edses terceros<\/em><\/strong> que supongan riesgos m\u00e1s elevados de blanqueo de capitales, financiaci\u00f3n del terrorismo o financiaci\u00f3n de la proliferaci\u00f3n de armas de destrucci\u00f3n masiva.<\/p>\n<p style=\"text-align: justify;\">El acuerdo de Consejo de Ministros, que podr\u00e1 adoptarse de forma aut\u00f3noma o en aplicaci\u00f3n de decisiones o recomendaciones de organizaciones, instituciones o grupos internacionales, <strong>podr\u00e1 imponer, entre otras, las siguientes contramedidas financieras:<\/strong><\/p>\n<p style=\"text-align: justify;\">a) <strong><em>Prohibir<\/em><\/strong>, limitar o condicionar los <strong><em>movimientos de capitales<\/em><\/strong> y sus correspondientes operaciones de cobro o pago, as\u00ed como las transferencias, de o hacia el pa\u00eds tercero o de nacionales o residentes del mismo.<\/p>\n<p style=\"text-align: justify;\">b) Someter a <strong><em>autorizaci\u00f3n<\/em><\/strong> previa los <strong><em>movimientos de capitales<\/em><\/strong> y sus correspondientes operaciones de cobro o pago, as\u00ed como las transferencias, de o hacia el pa\u00eds tercero o de nacionales o residentes del mismo.<\/p>\n<p style=\"text-align: justify;\">c) Acordar la <strong><em>congelaci\u00f3n o bloqueo<\/em><\/strong> de los <strong><em>fondos y recursos econ\u00f3micos<\/em><\/strong> cuya propiedad, tenencia o control corresponda a personas f\u00edsicas o jur\u00eddicas nacionales o residentes del pa\u00eds tercero.<\/p>\n<p style=\"text-align: justify;\">d) <strong><em>Prohibir la puesta a disposici\u00f3n de fondos o recursos econ\u00f3micos<\/em><\/strong> cuya propiedad, tenencia o control corresponda a personas f\u00edsicas o jur\u00eddicas nacionales o residentes del pa\u00eds tercero.<\/p>\n<p style=\"text-align: justify;\">g) <strong><em>Prohibir<\/em><\/strong>, limitar o condicionar el establecimiento o mantenimiento de <strong><em>filiales, sucursales<\/em><\/strong> u oficinas de representaci\u00f3n de las entidades financieras del pa\u00eds tercero.<\/p>\n<p style=\"text-align: justify;\">Por ejemplo, \u201cla congelaci\u00f3n o bloqueo de\u2026 recursos econ\u00f3micos cuya propiedad\u2026 corresponda a personas f\u00edsicas o jur\u00eddicas\u2026\u201d, prevista en la letra c), puede articularse a trav\u00e9s de una prohibici\u00f3n de disponer.<\/p>\n<p style=\"text-align: justify;\">La <strong><em>vigencia<\/em><\/strong> de la nota marginal ser\u00e1 la se\u00f1alada para la prohibici\u00f3n de disponer en la disposici\u00f3n o acuerdo en virtud de la cual se ha practicado y, en defecto de plazo, su duraci\u00f3n ser\u00e1 <strong><em>indeterminada<\/em><\/strong>, cancel\u00e1ndose cuando el nombre del titular registral desaparezca de la lista dictada al amparo del reglamento de la Uni\u00f3n Europea o cuando lo disponga el Consejo de Ministros que la orden\u00f3.<\/p>\n<p style=\"text-align: justify;\">El <strong><em>\u00f3rgano centralizado<\/em><\/strong> de prevenci\u00f3n comprobar\u00e1 peri\u00f3dicamente los <strong><em>listados <\/em><\/strong>de personas f\u00edsicas y jur\u00eddicas, contenidos en los reglamentos de la Uni\u00f3n Europea, cotej\u00e1ndolos con las bases de datos registrales.<\/p>\n<p style=\"text-align: justify;\">Si resultara que alguno de los nombres examinados aparece como titular de bienes inscritos, <strong><em>lo comunicar\u00e1 al Registro<\/em><\/strong> competente para que, en su caso, haga constar la referida nota marginal, o para su cancelaci\u00f3n, si se ha producido la baja del nombre en la lista.<\/p>\n<p style=\"text-align: justify;\">Igual comunicaci\u00f3n <strong><em>se<\/em><\/strong> realizar\u00e1 respecto a los <strong><em>Acuerdos del Consejo de Ministros<\/em><\/strong>, tanto para la pr\u00e1ctica como para la cancelaci\u00f3n de la nota marginal, sin perjuicio de su publicaci\u00f3n en el \u00abBolet\u00edn Oficial del Estado\u00bb.<\/p>\n<p style=\"text-align: justify;\">El <strong><em>Registro informar\u00e1<\/em><\/strong> al \u00f3rgano centralizado de prevenci\u00f3n de los <strong><em>asientos practicados<\/em><\/strong> o de su imposibilidad, a efectos de su comunicaci\u00f3n a la Subdirecci\u00f3n General de Inspecci\u00f3n y Control de Movimientos de Capitales e Infracciones Monetarias.<\/p>\n<p style=\"text-align: justify;\">Planteamos <strong>algunas cuestiones:<\/strong><\/p>\n<p style=\"text-align: justify;\"><strong>1\u00ba.- Fuentes.<\/strong> \u00bfHay <strong><em>dos fuentes gen\u00e9ricas o tres<\/em><\/strong> para practicar esa nota marginal?<\/p>\n<p style=\"text-align: justify;\">&#8211; las prohibiciones adoptadas al amparo de <strong><em>reglamentos de la Uni\u00f3n Europea<\/em><\/strong> de aplicaci\u00f3n directa, desarrollados en listas de personas afectadas\u00a0<\/p>\n<p style=\"text-align: justify;\">&#8211; las acordadas por el <strong><em>Consejo de Ministros<\/em><\/strong>.<\/p>\n<p style=\"text-align: justify;\">Parece que las <strong><em>resoluciones de las Naciones Unidas <\/em><\/strong>no ser\u00e1n fuente directa, sino que deber\u00e1n estar vehiculizadas a trav\u00e9s de las dos fuentes indicadas por la redacci\u00f3n del <a href=\"http:\/\/www.boe.es\/buscar\/act.php?id=BOE-A-2010-6737&amp;tn=1&amp;p=20131210&amp;vd=#a42\">art 42.1<\/a> in fine de la Ley.<\/p>\n<p style=\"text-align: justify;\"><strong>2\u00ba.- Tipo de asiento. <\/strong>\u00bf<strong><em>Por qu\u00e9 nota marginal y no anotaci\u00f3n preventiva<\/em><\/strong> que es el asiento utilizado normalmente para estas prohibiciones? No parece que se vede el uso de la anotaci\u00f3n preventiva, prevista para las prohibiciones de origen administrativo en los arts. <a href=\"https:\/\/www.notariosyregistradores.com\/web\/normas\/ley-hipotecaria\/#a26\">26.2<\/a> y <a href=\"https:\/\/www.notariosyregistradores.com\/web\/normas\/ley-hipotecaria\/#a42\">42,4 de la Ley Hipotecaria<\/a> por el muy inferior rango de la Orden. Una anotaci\u00f3n se amoldar\u00eda m\u00e1s a la conveniencia de que tuviese una duraci\u00f3n determinada para evitar que se anquilose en el registro, m\u00e1xime si su cancelaci\u00f3n puede exigir nada menos que un Acuerdo del Consejo de Ministros.\u00a0Pero la Orden s\u00f3lo habla de nota marginal.<\/p>\n<p style=\"text-align: justify;\">3\u00ba.- <strong>\u00bfQui\u00e9n ha de instar la pr\u00e1ctica del asiento<\/strong>? Ser\u00e1 el servicio centralizado en cuanto a las personas que se encuentren en listas internacionales. Sin embargo, no se concreta respecto de los Acuerdos del Consejo de Ministros al usarse la forma reflexiva <em>\u201cse realizar\u00e1\u201d<\/em>. Parece l\u00f3gico que sea el mismo \u00f3rgano centralizado. Puede entenderse que el \u201cse\u201d est\u00e1 por dem\u00e1s.<\/p>\n<p style=\"text-align: justify;\">4\u00ba- <strong>\u00bfQu\u00e9 documento se presentar\u00e1?<\/strong> En el caso del Consejo de Ministros, habr\u00e1 de presentarse el traslado del Acuerdo. En el caso de que se encuentre la persona afectada en los listados, ser\u00e1 preciso un escrito del servicio centralizado que determine en qu\u00e9 normativa se basa para deducir que un integrante de ese listado tiene una prohibici\u00f3n gen\u00e9rica de disponer. En ambos casos, el registrador ha de realizar la correspondiente <strong>calificaci\u00f3n<\/strong> con las limitaciones derivadas de tratarse de un documento administrativo.<\/p>\n<p style=\"text-align: justify;\"><strong>Posibles Instrucciones. <\/strong>Se habilita a la Secretar\u00eda General del Tesoro y Pol\u00edtica Financiera para dictar Instrucciones para la aplicaci\u00f3n de lo previsto en esta orden.<\/p>\n<p style=\"text-align: justify;\">La presente orden entrar\u00e1 en vigor el <strong>16 de marzo de 2016<\/strong>. (JFME)<\/p>\n<p style=\"text-align: justify;\"><strong><a href=\"https:\/\/www.notariosyregistradores.com\/web\/?p=11419\">Ir al archivo especial con enlaces<\/a><\/strong><\/p>\n<div class=\"enlacesDoc\">\n<p><a title=\"PDF firmado BOE-A-2015-12350\" href=\"http:\/\/www.boe.es\/boe\/dias\/2015\/11\/16\/pdfs\/BOE-A-2015-12350.pdf\">PDF (BOE-A-2015-12350 &#8211; 5 <abbr title=\"p\u00e1ginas\">p\u00e1gs.<\/abbr> &#8211; 181 <abbr title=\"kilobytes\">KB<\/abbr>)<\/a><a title=\"Versi\u00f3n HTML BOE-A-2015-12350\" href=\"http:\/\/www.boe.es\/diario_boe\/txt.php?id=BOE-A-2015-12350\">Otros formatos<\/a><\/p>\n<\/div>\n<p>&nbsp;<\/p>\n<a class=\"mwm-aal-item\" name=\"informacion-residencia-fiscal-cuentas-financieras\"><\/a><h6><span style=\"font-size: 12pt;\">Informaci\u00f3n residencia fiscal\u00a0cuentas financieras<\/span><\/h6>\n<div class=\"enlacesDoc\">\n<p style=\"text-align: justify;\">Real Decreto 1021\/2015, de 13 de noviembre, por el que se establece la obligaci\u00f3n de identificar la residencia fiscal de las personas que ostenten la titularidad o el control de determinadas cuentas financieras y de informar acerca de las mismas en el \u00e1mbito de la asistencia mutua.<\/p>\n<p style=\"text-align: justify;\">El intercambio internacional de informaci\u00f3n en materia financiera es un valioso instrumento para <strong>verificar, por parte de las Administraciones tributarias, el correcto cumplimiento de las obligaciones fiscales de los contribuyentes<\/strong>, lo que ayuda a reducir el fraude fiscal.<\/p>\n<p style=\"text-align: justify;\">Este real decreto <strong>incorpora al ordenamiento interno<\/strong> las normas de comunicaci\u00f3n de informaci\u00f3n a la Administraci\u00f3n tributaria sobre cuentas financieras y los procedimientos de diligencia debida que deben aplicar las instituciones financieras en la obtenci\u00f3n de dicha informaci\u00f3n, para que, a su vez, la Administraci\u00f3n tributaria pueda intercambiar la informaci\u00f3n recibida, de forma autom\u00e1tica, con la Administraci\u00f3n correspondiente del pa\u00eds o jurisdicci\u00f3n de residencia fiscal de las personas que ostenten la titularidad o el control de la cuenta financiera, todo ello en el marco de la <a href=\"http:\/\/eur-lex.europa.eu\/legal-content\/ES\/TXT\/?uri=URISERV:fi0006\">Directiva 2011\/16\/UE<\/a>.<\/p>\n<p style=\"text-align: justify;\"><strong>Objeto. <\/strong>El presente real decreto tiene por objeto la regulaci\u00f3n de las <strong><em>obligaciones de las instituciones financieras<\/em><\/strong> de <strong><em>identificar la<\/em><\/strong> <strong><em>residencia<\/em><\/strong> de las personas que ostenten la titularidad o el control de determinadas cuentas financieras y de <strong><em>informar<\/em><\/strong> de ello.<\/p>\n<p style=\"text-align: justify;\"><strong>\u00c1mbito subjetivo. <\/strong>Estar\u00e1n sujetas las <strong><em>instituciones financieras<\/em><\/strong> no exceptuadas <strong><em>residentes en Espa\u00f1a<\/em><\/strong> o <strong><em>sucursales<\/em><\/strong> de las no residentes ubicadas en Espa\u00f1a. Por \u00abinstituci\u00f3n financiera\u00bb se entiende una instituci\u00f3n de custodia, una instituci\u00f3n de dep\u00f3sito, una entidad de inversi\u00f3n o una compa\u00f1\u00eda de seguro espec\u00edfica. Para m\u00e1s detalles, ver el apartado A de la secci\u00f3n VIII del anexo.<\/p>\n<p style=\"text-align: justify;\"><strong>Residencia de qu\u00e9 personas. <\/strong>Las instituciones financieras deber\u00e1n identificar la residencia fiscal de las personas que ostenten la <strong><em>titularidad o el control de cuentas financieras<\/em><\/strong> conforme a lo previsto en el anexo.<\/p>\n<p style=\"text-align: justify;\"><strong>Obligaci\u00f3n de informaci\u00f3n. <\/strong><\/p>\n<p style=\"text-align: justify;\">&#8211; Han de presentar una <strong><em>declaraci\u00f3n informativa anual<\/em><\/strong> conforme al <a href=\"http:\/\/www.boe.es\/buscar\/act.php?id=BOE-A-2007-15984&amp;tn=1&amp;p=20151117&amp;vd=#a30\">art. 30.2 del Reglamento de Gesti\u00f3n<\/a> respecto de las personas que ostenten la titularidad o el control de cuentas financieras \u00a0y sean residentes fiscales en alguno de los pa\u00edses o jurisdicciones que indica el art. 4 (y que se desarrollar\u00e1 por orden ministerial).<\/p>\n<p style=\"text-align: justify;\">&#8211; El <strong><em>contenido<\/em><\/strong> de la informaci\u00f3n se recoge en el art. 5.<\/p>\n<p style=\"text-align: justify;\"><strong>Ciudadanos de EEUU. <\/strong>Por la D. Ad. 3\u00aa, en relaci\u00f3n a las cuentas preexistentes sujetas a comunicaci\u00f3n de informaci\u00f3n en virtud de lo establecido en el Acuerdo entre los Estados Unidos de Am\u00e9rica y el Reino de Espa\u00f1a, las instituciones financieras deber\u00e1n obtener durante el a\u00f1o\u00a02017 el NIF estadounidense de las personas que ostenten la titularidad o el control de la cuenta financiera en caso de que no lo hubieran obtenido con anterioridad.<\/p>\n<p style=\"text-align: justify;\"><strong>Reforma del <a href=\"http:\/\/www.boe.es\/buscar\/act.php?id=BOE-A-2007-15984\">Reglamento de Gesti\u00f3n e Inspecci\u00f3n<\/a>. <\/strong>D. F. 1\u00aa.<\/p>\n<p style=\"text-align: justify;\"><strong>&#8211; <\/strong>Con efectos desde\u00a01 de enero de\u00a02016 <strong>se suprimen<\/strong> la <a href=\"http:\/\/www.boe.es\/buscar\/act.php?id=BOE-A-2007-15984&amp;b=83&amp;tn=1&amp;p=20070905#ss5\">subsecci\u00f3n\u00a05.\u00aa de la secci\u00f3n\u00a02.\u00aa del cap\u00edtulo V del t\u00edtulo II<\/a> (Obligaciones de informaci\u00f3n respecto de determinadas rentas obtenidas por personas f\u00edsicas residentes en otros Estados miembros de la Uni\u00f3n Europea, arts 45 al 49), la <a href=\"http:\/\/www.boe.es\/buscar\/act.php?id=BOE-A-2007-15984&amp;tn=1&amp;p=20070905&amp;vd=#dadecima\">disposici\u00f3n adicional d\u00e9cima<\/a> (Aplicaci\u00f3n del procedimiento de identificaci\u00f3n y residencia de los residentes en la Uni\u00f3n Europea), la <a href=\"http:\/\/www.boe.es\/buscar\/act.php?id=BOE-A-2007-15984&amp;tn=1&amp;p=20070905&amp;vd=#dadecimotercera\">disposici\u00f3n adicional decimotercera<\/a> (Composici\u00f3n del activo en determinadas instituciones) y la <a href=\"http:\/\/www.boe.es\/buscar\/act.php?id=BOE-A-2007-15984&amp;tn=1&amp;p=20070905&amp;vd=#dtsegunda\">disposici\u00f3n transitoria segunda<\/a> (Tratamiento de determinados instrumentos de renta fija a los efectos de las obligaciones de informaci\u00f3n respecto de personas f\u00edsicas residentes en otros Estados miembros de la Uni\u00f3n Europea).<\/p>\n<p style=\"text-align: justify;\">&#8211; Con efectos desde\u00a01 de enero de\u00a02017 <strong>se suprime<\/strong> el <a href=\"http:\/\/www.boe.es\/buscar\/act.php?id=BOE-A-2007-15984&amp;b=127&amp;tn=1&amp;p=20070905#a76\">art\u00edculo\u00a076<\/a> (certificado en materia de fiscalidad del ahorro en la Uni\u00f3n Europea).<\/p>\n<p style=\"text-align: justify;\"><strong>Modificaci\u00f3n del Reglamento del Impuesto sobre Sociedades. <\/strong>D. F. 2\u00aa. Con efectos para los per\u00edodos impositivos que se inicien a partir de\u00a01 de enero de\u00a02015, se modifica el <a href=\"http:\/\/www.boe.es\/buscar\/act.php?id=BOE-A-2015-7771&amp;tn=1&amp;p=20151117&amp;vd=#a45\">art\u00edculo\u00a045<\/a> dedicado a los L\u00edmites de la acumulaci\u00f3n de las ayudas al<strong> <em>sector cinematogr\u00e1fico<\/em>.<\/strong><\/p>\n<p style=\"text-align: justify;\"><strong>Modificaci\u00f3n del <a href=\"http:\/\/www.boe.es\/buscar\/act.php?id=BOE-A-2008-18544\">Reglamento de Procedimientos amistosos<\/a> en materia de imposici\u00f3n directa. <\/strong><\/p>\n<p style=\"text-align: justify;\">La D. F. 3\u00aa a\u00f1ade una <a href=\"http:\/\/www.boe.es\/buscar\/act.php?id=BOE-A-2008-18544&amp;tn=1&amp;p=20151117&amp;vd=#dtunica\">disposici\u00f3n transitoria \u00fanica<\/a>, referida al r\u00e9gimen transitorio de los procedimientos.<\/p>\n<p style=\"text-align: justify;\">El amplio <strong>anexo<\/strong> determina las <strong><em>Normas de diligencia debida<\/em><\/strong> en nueve secciones.<\/p>\n<p style=\"text-align: justify;\">Entrar\u00e1 en vigor el <strong>1 de enero de 2016<\/strong>, salvo la D.F. 2\u00aa (modificaci\u00f3n del Reglamento del Impuesto de Sociedades), que se aplica desde el 18 de noviembre de 2015.<\/p>\n<p style=\"text-align: justify;\">Ver <a href=\"https:\/\/www.notariosyregistradores.com\/web\/normas\/informes-mensuales\/informe-265-boe-octubre-2016\/#modelo-289-declaracion-informativa-anual-de-cuentas-financieras\">resumen de Orden HAP\/1695\/2016, de 25 de octubre<\/a>, por la que se aprueba el modelo 289,\u00a0<\/p>\n<div class=\"enlacesDoc\">\n<p style=\"text-align: justify;\"><a title=\"PDF firmado BOE-A-2015-12399\" href=\"http:\/\/www.boe.es\/boe\/dias\/2015\/11\/17\/pdfs\/BOE-A-2015-12399.pdf\">PDF (BOE-A-2015-12399 &#8211; 31 <abbr title=\"p\u00e1ginas\">p\u00e1gs.<\/abbr> &#8211; 461 <abbr title=\"kilobytes\">KB<\/abbr>)<\/a>\u00a0 \u00a0<a title=\"Versi\u00f3n HTML BOE-A-2015-12399\" href=\"http:\/\/www.boe.es\/diario_boe\/txt.php?id=BOE-A-2015-12399\">Otros formatos<\/a><\/p>\n<p>&nbsp;<\/p>\n<a class=\"mwm-aal-item\" name=\"regimen-economico-y-fiscal-de-canarias\"><\/a><h6 style=\"text-align: justify;\"><span style=\"font-size: 12pt;\">R\u00e9gimen Econ\u00f3mico y Fiscal de Canarias.<\/span><\/h6>\n<p style=\"text-align: justify;\">Real Decreto 1022\/2015, de 13 de noviembre, por el que se modifica el Reglamento de desarrollo de la <a href=\"http:\/\/www.boe.es\/buscar\/act.php?id=BOE-A-1994-15794\">Ley 19\/1994, de 6 de julio<\/a>, de modificaci\u00f3n del R\u00e9gimen Econ\u00f3mico y Fiscal de Canarias, en las materias referentes a los incentivos fiscales en la imposici\u00f3n indirecta, la reserva para inversiones en Canarias y la Zona Especial Canaria, aprobado por el <a href=\"http:\/\/www.boe.es\/buscar\/act.php?id=BOE-A-2008-745\">Real Decreto 1758\/2007, de 28 de diciembre<\/a>.<\/p>\n<p style=\"text-align: justify;\">El <strong><a href=\"https:\/\/www.notariosyregistradores.com\/informes\/informe243.htm#canarias\">Real Decreto-ley\u00a015\/2014, de\u00a019 de diciembre<\/a><\/strong>, ha introducido diversos cambios en la regulaci\u00f3n del r\u00e9gimen econ\u00f3mico y fiscal de Canarias como consecuencia del proceso de renovaci\u00f3n de dicho r\u00e9gimen para el <strong>per\u00edodo\u00a02015-2020<\/strong>, a resultas de los compromisos alcanzados por el Reino de Espa\u00f1a con la Comisi\u00f3n Europea con el fin de <strong><em>adaptar el R\u00e9gimen \u00a0a la nueva regulaci\u00f3n comunitaria<\/em><\/strong> en materia de ayudas estatales de finalidad regional, que se concreta en <strong>el <a href=\"https:\/\/www.boe.es\/diario_boe\/txt.php?id=DOUE-L-2014-81403\">Reglamento (UE) n.\u00ba\u00a0651\/2014<\/a>.<\/strong><\/p>\n<p style=\"text-align: justify;\">Consecuencia de la aludida modificaci\u00f3n legal es esta <strong>reforma reglamentaria<\/strong>, que <strong>afecta principalmente<\/strong> a los incentivos fiscales en la <strong><em>imposici\u00f3n indirecta<\/em><\/strong>, la <strong><em>reserva<\/em><\/strong> para inversiones en Canarias, la <strong><em>Zona Especial Canaria<\/em><\/strong> y al esquema de <strong><em>control y seguimiento<\/em><\/strong> de las ayudas estatales, materias necesitadas del pertinente desarrollo reglamentario.<\/p>\n<p style=\"text-align: justify;\"><strong>Reserva para inversiones en Canarias. <\/strong><\/p>\n<p style=\"text-align: justify;\"><strong>&#8211; <\/strong>Se desarrollan los preceptos que inciden en la <strong><em>delimitaci\u00f3n del beneficio<\/em><\/strong> de los establecimientos permanentes situados en las Islas Canarias.<\/p>\n<p style=\"text-align: justify;\">&#8211; Se concretan las inversiones que contribuyen a la mejora y protecci\u00f3n del <strong><em>medio ambiente<\/em><\/strong>.<\/p>\n<p style=\"text-align: justify;\">&#8211; Se modifica la delimitaci\u00f3n del <strong><em>concepto de inversi\u00f3n inicial<\/em><\/strong> para incorporar el contenido en el aludido <a href=\"https:\/\/www.boe.es\/diario_boe\/txt.php?id=DOUE-L-2014-81403\">Reglamento (UE) n.\u00ba\u00a0651\/2014<\/a> de la Comisi\u00f3n.<\/p>\n<p style=\"text-align: justify;\">&#8211; En cuanto a la extensi\u00f3n de la <strong><em>materializaci\u00f3n<\/em><\/strong> de la reserva en <strong><em>cualquier tipo de instrumento financiero<\/em><\/strong>, se regula el contenido de la solicitud que habr\u00e1n de presentar las entidades financieras emisoras de aquellos y el procedimiento de tramitaci\u00f3n de dicha solicitud, se especifican la fecha de materializaci\u00f3n de las cantidades destinadas a la aludida reserva en la suscripci\u00f3n de los diferentes instrumentos financieros as\u00ed como aspectos relativos al cumplimiento de las obligaciones de comunicaci\u00f3n asociadas a la referida suscripci\u00f3n.<\/p>\n<p style=\"text-align: justify;\">&#8211; Y se <strong><em>deroga la regulaci\u00f3n del plan de inversiones<\/em><\/strong>, siguiendo la norma legal.<\/p>\n<p style=\"text-align: justify;\"><strong>Control y seguimiento de las ayudas estatales. <\/strong><\/p>\n<p style=\"text-align: justify;\">&#8211; Se procede a <strong><em>enumerar estas ayudas<\/em><\/strong> con el correspondiente desglose, seg\u00fan se trate de ayudas regionales, al funcionamiento o a la inversi\u00f3n, a las peque\u00f1as y medianas empresas, o para obras audiovisuales.<\/p>\n<p style=\"text-align: justify;\">&#8211; Estas ayudas <strong><em>se incluir\u00e1n en la declaraci\u00f3n informativa<\/em><\/strong>.<\/p>\n<p style=\"text-align: justify;\">&#8211; Se establecen las <strong><em>reglas de c\u00f3mputo<\/em><\/strong> de las ayudas a efectos de su <strong><em>acumulaci\u00f3n<\/em><\/strong>, se se\u00f1alan los <strong><em>l\u00edmites<\/em><\/strong> aplicables a la misma y se fija el <strong><em>procedimiento de reintegro<\/em><\/strong> del exceso de ayudas.<\/p>\n<p style=\"text-align: justify;\">&#8211; Ser\u00e1 la <strong><em>Agencia Estatal de Administraci\u00f3n Tributaria<\/em><\/strong> la encargada del seguimiento y control de la acumulaci\u00f3n, cualquiera que sea la naturaleza de las ayudas, sin perjuicio de las competencias atribuidas a otros \u00f3rganos de las Administraciones p\u00fablicas.<\/p>\n<p style=\"text-align: justify;\"><strong>Zona Especial Canaria<\/strong>. Las modificaciones son, b\u00e1sicamente, <strong><em>de car\u00e1cter t\u00e9cnico<\/em><\/strong>, para adecuar determinadas remisiones a preceptos de la <a href=\"http:\/\/www.boe.es\/buscar\/act.php?id=BOE-A-1994-15794\">Ley\u00a019\/1994, de\u00a06 de julio<\/a>, y de car\u00e1cter <strong><em>procedimental<\/em><\/strong>, referidas a la solicitud de autorizaci\u00f3n previa que debe otorgar el Consejo Rector para operar en este r\u00e9gimen y respecto de la notificaci\u00f3n por las entidades de la Zona Especial Canaria de determinadas modificaciones que introduzcan.<\/p>\n<p style=\"text-align: justify;\">En cuanto a las <strong>disposiciones transitorias<\/strong>, a los efectos de lo dispuesto en el <a href=\"http:\/\/www.boe.es\/buscar\/act.php?id=BOE-A-2008-745&amp;tn=1&amp;p=20151117&amp;vd=#tv\">t\u00edtulo V<\/a> de este Reglamento (<strong><em>Control de los incentivos y l\u00edmites de la acumulaci\u00f3n<\/em><\/strong> de ayudas derivados de la aplicaci\u00f3n del Derecho de la Uni\u00f3n Europea), las <strong><em>dotaciones<\/em><\/strong> a la reserva para inversiones en Canarias efectuadas con anterioridad a 1 de enero de 2015 se regir\u00e1n por la normativa aplicable a dicha reserva el 31 de diciembre de 2014. Y, a los efectos de ese mismo t\u00edtulo V, los <strong><em>importes de la deducci\u00f3n <\/em><\/strong>por inversiones en Canarias generados con anterioridad a 1 de enero de 2015, <strong><em>pendientes de aplicaci\u00f3n<\/em><\/strong>, se regir\u00e1n por la normativa aplicable a dicha deducci\u00f3n el 31 de diciembre de 2014.<\/p>\n<p style=\"text-align: justify;\">Entr\u00f3 en vigor el 18 de noviembre de 2015.<\/p>\n<div class=\"enlacesDoc\">\n<p style=\"text-align: justify;\"><a title=\"PDF firmado BOE-A-2015-12400\" href=\"http:\/\/www.boe.es\/boe\/dias\/2015\/11\/17\/pdfs\/BOE-A-2015-12400.pdf\">PDF (BOE-A-2015-12400 &#8211; 14 <abbr title=\"p\u00e1ginas\">p\u00e1gs.<\/abbr> &#8211; 261 <abbr title=\"kilobytes\">KB<\/abbr>)<\/a>\u00a0 \u00a0<a title=\"Versi\u00f3n HTML BOE-A-2015-12400\" href=\"http:\/\/www.boe.es\/diario_boe\/txt.php?id=BOE-A-2015-12400\">Otros formatos<\/a><\/p>\n<\/div>\n<\/div>\n<p>&nbsp;<\/p>\n<a class=\"mwm-aal-item\" name=\"nipo-numero-de-identificacion-de-publicaciones-oficiales\"><\/a><h6 style=\"text-align: justify;\"><span style=\"font-size: 12pt;\">NIPO: N\u00famero de Identificaci\u00f3n de Publicaciones Oficiales<\/span><\/h6>\n<p style=\"text-align: justify;\">Orden PRE\/2418\/2015, de 6 de noviembre, por la que se regula el n\u00famero de identificaci\u00f3n de las publicaciones oficiales.<\/p>\n<p style=\"text-align: justify;\">\u00a0El <a href=\"http:\/\/www.boe.es\/buscar\/act.php?id=BOE-A-2001-2908&amp;tn=1&amp;p=20110604&amp;vd=#a8\">art. 8<\/a> del Real Decreto 118\/2001, de 9 de febrero, de ordenaci\u00f3n de publicaciones oficiales, dispone que <strong><em>todas las publicaciones oficiales tendr\u00e1n un n\u00famero de identificaci\u00f3n<\/em><\/strong>.<\/p>\n<p style=\"text-align: justify;\">Este n\u00famero constituye el NIPO (n\u00famero de identificaci\u00f3n de las publicaciones oficiales), <strong>hasta ahora regulado por <a href=\"https:\/\/www.notariosyregistradores.com\/informes\/informe204.htm#nipo\">una Orden de 2011<\/a><\/strong>, que ahora se deroga, para agilizar el procedimiento de concesi\u00f3n y adaptar la norma a posibles reutilizaciones de la informaci\u00f3n y a la evoluci\u00f3n tecnol\u00f3gica, conforme a sugerencias de la Comisi\u00f3n CORA.<\/p>\n<p style=\"text-align: justify;\"><strong>Objeto. <\/strong>La presente Orden regula la solicitud, asignaci\u00f3n y reflejo en las publicaciones de la <strong>Administraci\u00f3n General del Estado<\/strong>, sus organismos y entidades vinculadas o dependientes de ella de un <strong>c\u00f3digo num\u00e9rico<\/strong> \u2013n\u00famero de identificaci\u00f3n de las publicaciones oficiales (<strong>NIPO<\/strong>)\u2013 que las ha de identificar a efectos de gesti\u00f3n, de control y de informaci\u00f3n.<\/p>\n<p style=\"text-align: justify;\"><strong>\u00c1mbito del NIPO. <\/strong>Todas las publicaciones, de cualquier tipolog\u00eda, soporte y formato, onerosas o gratuitas, incluidas las electr\u00f3nicas y bajo demanda, que vayan a ser editadas por las entidades dichas, incluidas en los programas editoriales ministeriales.<\/p>\n<p style=\"text-align: justify;\"><strong>Las publicaciones oficiales electr\u00f3nicas <\/strong>deber\u00e1n adecuarse a los principios t\u00e9cnicos de accesibilidad, interoperabilidad y reutilizaci\u00f3n (cuando los derechos de autor lo permitan).<\/p>\n<p style=\"text-align: justify;\"><strong>Estructura del NIPO. <\/strong>Estar\u00e1 compuesto por <strong>nueve d\u00edgitos<\/strong>, distribuidos en cuatro grupos, separados entre s\u00ed por guiones:<\/p>\n<p style=\"text-align: justify;\">&#8211; Los tres primeros identificar\u00e1n la Unidad u organismo editor.<\/p>\n<p style=\"text-align: justify;\">&#8211; Despu\u00e9s, las dos \u00faltimas cifras del a\u00f1o de programaci\u00f3n de la publicaci\u00f3n.<\/p>\n<p style=\"text-align: justify;\">&#8211; Tres d\u00edgitos correspondientes al n\u00famero dado a la publicaci\u00f3n por orden de asignaci\u00f3n.<\/p>\n<p style=\"text-align: justify;\">&#8211; Y un d\u00edgito de comprobaci\u00f3n para tratamiento inform\u00e1tico.<\/p>\n<p style=\"text-align: justify;\"><strong>Solicitud del NIPO. <\/strong>Se har\u00e1 por la Unidad editora correspondiente, a trav\u00e9s del Centro de Publicaciones del Departamento que validar\u00e1 la solicitud, para las publicaciones incluidas en los programas editoriales del ejercicio en curso y, en casos excepcionales, aun antes de su inclusi\u00f3n en el programa editorial. La asignaci\u00f3n del NIPO tendr\u00e1 car\u00e1cter irrevocable, aunque no se haya producido la edici\u00f3n posteriormente. Hay reglas especiales para la coedici\u00f3n.<\/p>\n<p style=\"text-align: justify;\"><strong>Asignaci\u00f3n del NIPO. <\/strong>El NIPO ser\u00e1 asignado por la Secretar\u00eda de la Junta de Coordinaci\u00f3n de Publicaciones Oficiales. A cada soporte, formato, edici\u00f3n, volumen, e idioma de una misma publicaci\u00f3n se le asignar\u00e1 un NIPO, pero se enumeran excepciones como los n\u00fameros de una publicaci\u00f3n peri\u00f3dica o sucesivas versiones de bases de datos o de publicaciones en l\u00ednea (ver art. 7).<\/p>\n<p style=\"text-align: justify;\"><strong>No asignaci\u00f3n del NIPO. <\/strong>El art. 7.7 marca excepciones como obras sin distribuci\u00f3n p\u00fablica o cuya circulaci\u00f3n est\u00e9 restringida al \u00e1mbito interno, los materiales docentes de uso exclusivamente interno, publicaciones que tengan car\u00e1cter reservado\u2026<\/p>\n<p style=\"text-align: justify;\"><strong>D\u00f3nde se ver\u00e1 el NIPO. <\/strong>Todas las publicaciones de la Administraci\u00f3n General del Estado deber\u00e1n reflejar el NIPO asignado:<\/p>\n<p style=\"text-align: justify;\">&#8211; En las publicaciones en soporte <strong><em>papel<\/em><\/strong>, el NIPO aparecer\u00e1 impreso en la p\u00e1gina de cr\u00e9ditos.<\/p>\n<p style=\"text-align: justify;\">&#8211; En las publicaciones <strong><em>electr\u00f3nicas<\/em><\/strong>, el NIPO se incluir\u00e1 en los metadatos, adem\u00e1s de aparecer visiblemente colocado en el texto. Concretamente, en las publicaciones en l\u00ednea, en la p\u00e1gina o en la pantalla que muestra el t\u00edtulo, en la pantalla inicial de acceso a los contenidos o en la pantalla en la que aparecen los cr\u00e9ditos.<\/p>\n<p style=\"text-align: justify;\">Entr\u00f3 en vigor el 18 de noviembre de 2015.<\/p>\n<p style=\"text-align: justify;\"><a title=\"PDF firmado BOE-A-2015-12401\" href=\"http:\/\/www.boe.es\/boe\/dias\/2015\/11\/17\/pdfs\/BOE-A-2015-12401.pdf\">PDF (BOE-A-2015-12401 &#8211; 6 <abbr title=\"p\u00e1ginas\">p\u00e1gs.<\/abbr> &#8211; 191 <abbr title=\"kilobytes\">KB<\/abbr>)<\/a>\u00a0 \u00a0<a title=\"Versi\u00f3n HTML BOE-A-2015-12401\" href=\"http:\/\/www.boe.es\/diario_boe\/txt.php?id=BOE-A-2015-12401\">Otros formatos<\/a><\/p>\n<p style=\"text-align: justify;\">\u00a0<\/p>\n<a class=\"mwm-aal-item\" name=\"dias-inhabiles-2016-\"><\/a><h6 style=\"text-align: justify;\"><span style=\"font-size: 12pt;\">D\u00edas inh\u00e1biles 2016. <\/span><\/h6>\n<p style=\"text-align: justify;\">Resoluci\u00f3n de 3 de noviembre de 2015, de la Secretar\u00eda de Estado de Administraciones P\u00fablicas, por la que se establece el calendario de d\u00edas inh\u00e1biles en el \u00e1mbito de la Administraci\u00f3n General del Estado para el a\u00f1o 2016, a efectos de c\u00f3mputos de plazos.<\/p>\n<p style=\"text-align: justify;\">Afecta a la\u00a0Administraci\u00f3n General del Estado\u00a0y sus Organismos P\u00fablicos, a efectos de\u00a0c\u00f3mputos de plazos.<\/p>\n<p style=\"text-align: justify;\">Son d\u00edas inh\u00e1biles:<\/p>\n<p style=\"text-align: justify;\">a) En\u00a0<strong>todo el\u00a0territorio nacional<\/strong>: Los domingos y los d\u00edas declarados como fiestas de \u00e1mbito nacional no sustituibles, o sobre las que la totalidad de las Comunidades Aut\u00f3nomas no ha ejercido la facultad de sustituci\u00f3n.<\/p>\n<p style=\"text-align: justify;\">b) En el \u00e1mbito territorial de las\u00a0<strong>Comunidades Aut\u00f3nomas<\/strong>: Aquellos d\u00edas determinados por cada Comunidad Aut\u00f3noma como festivos.<\/p>\n<p style=\"text-align: justify;\">c) En los \u00e1mbitos territoriales de las Entidades que integran la\u00a0<strong>Administraci\u00f3n Local<\/strong>: los d\u00edas que establezcan las respectivas Comunidades Aut\u00f3nomas en sus correspondientes calendarios de d\u00edas inh\u00e1biles.<\/p>\n<p style=\"text-align: justify;\">Los d\u00edas inh\u00e1biles a que se refieren los puntos a) y b) se incluyen en un\u00a0<strong>anexo<\/strong>\u00a0donde se distingue entre los d\u00edas inh\u00e1biles en todo el territorio nacional y los que lo son tan s\u00f3lo en las CCAA que se especifican.<\/p>\n<p style=\"text-align: justify;\">Los <strong>d\u00edas inh\u00e1biles de \u00e1mbito nacional<\/strong> son, aparte de los domingos, el 1 y 6 de enero, el 25 de marzo (Viernes Santo), el 15 de agosto, el 12 de octubre, el 1 de noviembre y los d\u00edas 6 y 8 de diciembre.<\/p>\n<p style=\"text-align: justify;\">Ver <strong><a href=\"https:\/\/www.notariosyregistradores.com\/web\/normas\/informes-mensuales\/informe-253-boe-octubre-2015\/#calendario-laboral-2016-\">Calendario laboral 2016<\/a>.<\/strong><\/p>\n<p style=\"text-align: justify;\">Ver <strong><a href=\"https:\/\/www.notariosyregistradores.com\/web\/utilidades\/dias-habiles\/ojo-con-los-dias-inhabiles-de-2016\/\">art\u00edculo de Constancio Villaplana<\/a><\/strong> avisando de la entrada en vigor de la Ley 39\/2015 y el cambio de tratamiento de los <strong>s\u00e1bados<\/strong>.\u00a0<\/p>\n<p>Ver <strong><a href=\"https:\/\/www.notariosyregistradores.com\/web\/normas\/informes-mensuales\/informe-265-boe-octubre-2016\/#dias-inhabiles-resto-de-2016\">calendario para el periodo 2 de octubre 2016 &#8211; 31 de diciembre de 2016<\/a><\/strong><\/p>\n<div class=\"enlacesDoc\">\n<p style=\"text-align: justify;\"><a title=\"PDF firmado BOE-A-2015-12438\" href=\"http:\/\/www.boe.es\/boe\/dias\/2015\/11\/18\/pdfs\/BOE-A-2015-12438.pdf\">PDF (BOE-A-2015-12438 &#8211; 2 <abbr title=\"p\u00e1ginas\">p\u00e1gs.<\/abbr> &#8211; 277 <abbr title=\"kilobytes\">KB<\/abbr>)<\/a>\u00a0 \u00a0<a title=\"Versi\u00f3n HTML BOE-A-2015-12438\" href=\"http:\/\/www.boe.es\/diario_boe\/txt.php?id=BOE-A-2015-12438\">Otros formatos<\/a><\/p>\n<p style=\"text-align: justify;\">\u00a0<\/p>\n<a class=\"mwm-aal-item\" name=\"portal-autoridad-independiente-de-responsabilidad-fiscal\"><\/a><h6><span style=\"font-size: 12pt;\">Portal Autoridad Independiente de Responsabilidad Fiscal<\/span><\/h6>\n<p style=\"text-align: justify;\">Resoluci\u00f3n de 13 de noviembre de 2015, de\u00a0la Autoridad Independiente de Responsabilidad Fiscal, por la que se crea la sede electr\u00f3nica de la entidad.<\/p>\n<p style=\"text-align: justify;\">La <strong>Ley Org\u00e1nica 6\/2013, de 14 de noviembre (<\/strong><a href=\"https:\/\/www.notariosyregistradores.com\/informes\/informe230.htm#autoridad\"><strong>ver resumen<\/strong><\/a><strong>)<\/strong>, crea la Autoridad Independiente de Responsabilidad Fiscal (<strong>AIReF<\/strong>), que velar\u00e1 por el estricto cumplimiento de los principios de estabilidad presupuestaria y sostenibilidad financiera mediante la evaluaci\u00f3n continua del ciclo presupuestario, del endeudamiento p\u00fablico, y el an\u00e1lisis de las previsiones econ\u00f3micas.<\/p>\n<p style=\"text-align: justify;\">Su <a href=\"http:\/\/www.boe.es\/buscar\/act.php?id=BOE-A-2013-11935&amp;tn=1&amp;p=20131115&amp;vd=#dasegunda\">D. Ad. 2\u00aa<\/a> crea, para financiar a este nuevo ente de Derecho P\u00fablico, una <strong>tasa<\/strong> <strong>de supervisi\u00f3n<\/strong>, an\u00e1lisis, asesoramiento y seguimiento de la pol\u00edtica fiscal, cuyo hecho imponible es la prestaci\u00f3n a las Administraciones Publicas de los servicios detallados en el <a href=\"http:\/\/www.boe.es\/buscar\/act.php?id=BOE-A-2013-11935&amp;tn=1&amp;p=20131115&amp;vd=#cii\">cap\u00edtulo II<\/a> de la mencionada Ley y que ser\u00e1 liquidada utilizando el <a href=\"http:\/\/www.boe.es\/boe\/dias\/2014\/07\/21\/pdfs\/BOE-A-2014-7682.pdf\"><strong>modelo 017<\/strong><\/a>.<\/p>\n<p style=\"text-align: justify;\">La presente Resoluci\u00f3n tiene por <strong>objeto<\/strong> la <strong><em>creaci\u00f3n de la sede electr\u00f3nica de la AIReF<\/em><\/strong>, cuyo \u00e1mbito de aplicaci\u00f3n ser\u00e1 el \u00e1mbito propio del funcionamiento de la AIReF, siendo su <strong>direcci\u00f3n electr\u00f3nica<\/strong> de referencia <a href=\"https:\/\/www.sede.airef.gob.es\"><strong>https:\/\/www.sede.airef.gob.es<\/strong><\/a>.<\/p>\n<p style=\"text-align: justify;\">A trav\u00e9s de esta sede electr\u00f3nica, se realizar\u00e1n las actuaciones, se tramitar\u00e1n los procedimientos y se prestar\u00e1n los servicios que <strong>requieran autenticaci\u00f3n<\/strong> de las Administraciones Publicas o, en su caso, de los ciudadanos en sus relaciones con la AIReF.<\/p>\n<p style=\"text-align: justify;\">En el comienzo de su funcionamiento, y sin perjuicio de futuras ampliaciones, la sede electr\u00f3nica se destinar\u00e1 a facilitar el <strong>procedimiento de liquidaci\u00f3n y pago de la Tasa<\/strong> referida.<\/p>\n<p style=\"text-align: justify;\">La <strong>titularidad<\/strong> de la sede electr\u00f3nica corresponder\u00e1 al ente de derecho p\u00fablico Autoridad Independiente de Responsabilidad Fiscal (AIReF).<\/p>\n<p style=\"text-align: justify;\">Entre los<strong> contenidos m\u00ednimos<\/strong> de la sede electr\u00f3nica se encuentran:<\/p>\n<p>b) Informaci\u00f3n necesaria para la <strong><em>correcta utilizaci\u00f3n de la sede<\/em><\/strong> incluyendo el mapa de la sede electr\u00f3nica, as\u00ed como la relacionada con la propiedad intelectual.<\/p>\n<p>e) Servicios de <strong><em>asesoramiento electr\u00f3nico al usuario<\/em><\/strong> para la correcta utilizaci\u00f3n de la Sede.<\/p>\n<p>f) Relaci\u00f3n de <strong><em>sistemas de firma electr\u00f3nica<\/em><\/strong> que sean admitidos o utilizados.<\/p>\n<p>g) Cat\u00e1logo de <strong><em>Tr\u00e1mites y Servicios<\/em><\/strong> disponibles en la Sede de la AIReF.<\/p>\n<p>h) <strong><em>Carta de Servicios Electr\u00f3nicos<\/em><\/strong> de la Sede de la AIReF.<\/p>\n<p>j) Buz\u00f3n general de <strong><em>sugerencias y quejas<\/em><\/strong>.<\/p>\n<p style=\"text-align: justify;\"><strong>El acceso<\/strong> ser\u00e1 electr\u00f3nico, pero tambi\u00e9n habr\u00e1 atenci\u00f3n presencial en las oficinas de AIReF, sitas en Madrid, calle Jos\u00e9 Abascal, n.\u00ba 2, 2.\u00aa planta y atenci\u00f3n telef\u00f3nica en el n\u00famero 918 252 085.<\/p>\n<p style=\"text-align: justify;\">La formulaci\u00f3n <strong>de sugerencias y quejas<\/strong> en relaci\u00f3n con el contenido y servicios ofrecidos en la sede electr\u00f3nica de la AIReF se realizar\u00e1n a trav\u00e9s de la web <a href=\"http:\/\/www.airef.es\">www.airef.es<\/a>.<\/p>\n<p style=\"text-align: justify;\">Entr\u00f3 en vigor el 21 de noviembre de 2015, aunque se prev\u00e9 que la sede no est\u00e9 en funcionamiento antes del 1 de enero de 2016.<\/p>\n<p style=\"text-align: justify;\"><a href=\"http:\/\/www.boe.es\/boe\/dias\/2015\/11\/20\/pdfs\/BOE-A-2015-12527.pdf\">PDF (BOE-A-2015-12527 \u2013 3\u00a0p\u00e1gs.\u00a0\u2013 166\u00a0KB)<\/a>\u00a0 \u00a0<a href=\"http:\/\/www.boe.es\/diario_boe\/txt.php?id=BOE-A-2015-12527\">Otros formatos<\/a><\/p>\n<div class=\"enlacesDoc\">\n<p>&nbsp;<\/p>\n<a class=\"mwm-aal-item\" name=\"reglamento-de-conductores\"><\/a><h6><span style=\"font-size: 12pt;\"><strong>Reglamento de Conductores<\/strong><\/span><\/h6>\n<p style=\"text-align: justify;\">Real Decreto 1055\/2015, de 20 de noviembre, por el que se modifica el Reglamento General de Conductores, aprobado por Real Decreto 818\/2009, de 8 de mayo.<\/p>\n<p style=\"text-align: justify;\">Se modifica el <a href=\"http:\/\/www.boe.es\/buscar\/act.php?id=BOE-A-2009-9481\">Reglamento General de Conductores<\/a>, fundamentalmente para adaptarlo a la <strong><a href=\"http:\/\/eur-lex.europa.eu\/legal-content\/ES\/TXT\/?uri=URISERV:l24141\">Directiva 2006\/126\/CE<\/a><\/strong>, sobre el <strong>permiso de conducci\u00f3n<\/strong>, hasta ahora mal transpuesta. Se aprovecha, tambi\u00e9n, para incorporar contenidos de la <a href=\"http:\/\/eur-lex.europa.eu\/legal-content\/ES\/TXT\/?uri=CELEX:32014L0085\">Directiva 2014\/85\/UE<\/a>, que modifica la anterior.<\/p>\n<p style=\"text-align: justify;\">La puesta en aplicaci\u00f3n plena sin excepciones, desde el d\u00eda 19 de enero de 2015, de la Directiva 2006\/126\/CE, supone la implantaci\u00f3n efectiva de un <strong>modelo \u00fanico de permiso de conducci\u00f3n en todos los Estados miembros<\/strong>, cuyas caracter\u00edsticas y plazos de vigencia tambi\u00e9n han de ser armonizados de acuerdo a sus prescripciones. Por ello, el titular de un permiso de conducci\u00f3n no ajustado al modelo \u00fanico de la Uni\u00f3n Europea, ni sujeto a los mismos plazos de vigencia, no podr\u00e1 mantener su permiso de conducci\u00f3n cuando solicite su renovaci\u00f3n en Espa\u00f1a por tener aqu\u00ed su residencia. En consecuencia, ya no se le devolver\u00e1 el documento original que hubiera presentado y se le expedir\u00e1 el que ya es com\u00fan en toda la Uni\u00f3n Europea.<\/p>\n<p style=\"text-align: justify;\">&#8211; \u00a0Se suprime la obligaci\u00f3n de llevar pasajero con el permiso de la clase AM hasta que su titular tenga <strong>dieciocho a\u00f1os<\/strong> cumplidos.<\/p>\n<p style=\"text-align: justify;\">&#8211; \u00a0Se suprime el <strong>permiso BTP<\/strong> (taxis y veh\u00edculos especiales).<\/p>\n<p style=\"text-align: justify;\">&#8211; Se fortalece la previsi\u00f3n de que <strong>ninguna persona puede ser titular de m\u00e1s de un permiso de conducci\u00f3n<\/strong>, que ha sido reforzada evitando en la pr\u00e1ctica situaciones contrarias a la misma.<\/p>\n<p style=\"text-align: justify;\">&#8211; Se modifican algunas de las aptitudes exigidas para la conducci\u00f3n de veh\u00edculos, en concreto las referidas a las <strong>enfermedades neurol\u00f3gicas y al s\u00edndrome de apnea obstructiva del sue\u00f1o<\/strong>.<\/p>\n<p style=\"text-align: justify;\">Var\u00eda los siguientes <strong>anexos:<\/strong><\/p>\n<p style=\"text-align: justify;\">&#8211; I \u00abPermisos de conducci\u00f3n de la Uni\u00f3n Europea\u00bb,<\/p>\n<p style=\"text-align: justify;\">&#8211; IV \u00abAptitudes psicof\u00edsicas requeridas para obtener o prorrogar la vigencia del permiso o de la licencia de conducci\u00f3n\u00bb,<\/p>\n<p style=\"text-align: justify;\">&#8211; V \u00abPruebas a realizar por los solicitantes de las distintas autorizaciones\u00bb,<\/p>\n<p style=\"text-align: justify;\">&#8211; VI \u00abOrganizaci\u00f3n, desarrollo y criterios de calificaci\u00f3n de las pruebas de control de conocimientos y de control de aptitudes y comportamientos\u00bb<\/p>\n<p style=\"text-align: justify;\">&#8211; y VII \u00abVeh\u00edculos a utilizar en las pruebas de control de aptitudes y comportamientos\u00bb.<\/p>\n<p style=\"text-align: justify;\">Entrar\u00e1 en vigor el 31 de diciembre de 2015.<\/p>\n<p style=\"text-align: justify;\"><a title=\"PDF firmado BOE-A-2015-12572\" href=\"http:\/\/www.boe.es\/boe\/dias\/2015\/11\/21\/pdfs\/BOE-A-2015-12572.pdf\">PDF (BOE-A-2015-12572 &#8211; 8 <abbr title=\"p\u00e1ginas\">p\u00e1gs.<\/abbr> &#8211; 638 <abbr title=\"kilobytes\">KB<\/abbr>)<\/a>\u00a0 \u00a0<a title=\"Versi\u00f3n HTML BOE-A-2015-12572\" href=\"http:\/\/www.boe.es\/diario_boe\/txt.php?id=BOE-A-2015-12572\">Otros formatos<\/a><\/p>\n<p>&nbsp;<\/p>\n<a class=\"mwm-aal-item\" name=\"modelo-solicitud-de-devolucion-por-exencion-por-reinversion-en-vivienda-habitual-y-modelo-solicitud-regimen-opcional-no-residentes\"><\/a><h6><span style=\"font-size: 12pt;\"><strong>Modelo Solicitud de devoluci\u00f3n por exenci\u00f3n por reinversi\u00f3n en vivienda habitual y Modelo solicitud r\u00e9gimen opcional No Residentes<\/strong><\/span><\/h6>\n<p style=\"text-align: justify;\">Orden HAP\/2474\/2015, de 19 de noviembre, por la que se aprueba el modelo de solicitud de devoluci\u00f3n por aplicaci\u00f3n de la exenci\u00f3n por reinversi\u00f3n en vivienda habitual en el \u00e1mbito del Impuesto sobre la Renta de no Residentes y el modelo de solicitud del r\u00e9gimen opcional regulado en el art\u00edculo 46 del Texto Refundido de la Ley del Impuesto sobre la Renta de no Residentes, y se determina el lugar, forma y plazo de presentaci\u00f3n de dichas solicitudes.<\/p>\n<p style=\"text-align: justify;\"><strong>Dos son los modelos<\/strong> aprobados por esta Orden y recogidos en anexos:<\/p>\n<p style=\"text-align: justify;\"><strong>1.- Modelo de \u00abSolicitud de devoluci\u00f3n por exenci\u00f3n por reinversi\u00f3n en vivienda habitual\u00bb. <\/strong>Permite a los contribuyentes no residentes solicitar que pueda quedar excluida de gravamen la ganancia patrimonial que obtengan con motivo de la transmisi\u00f3n de la que haya sido su vivienda habitual en territorio espa\u00f1ol, siempre que el importe obtenido en la transmisi\u00f3n se reinvierta en la adquisici\u00f3n de una nueva vivienda habitual.<\/p>\n<p style=\"text-align: justify;\">En la Exposici\u00f3n de Motivos se indica detalladamente la regulaci\u00f3n sobre la materia, fundamentalmente la nueva <a href=\"http:\/\/www.boe.es\/buscar\/act.php?id=BOE-A-2004-4527&amp;tn=1&amp;p=20150715&amp;vd=#daseptima\">D. Ad. 7\u00aa<\/a> \u00a0TR Ley del Impuesto sobre la Renta de no Residentes y <a href=\"http:\/\/www.boe.es\/buscar\/act.php?id=BOE-A-2004-14532&amp;tn=1&amp;p=20150711&amp;vd=#dasegunda-2\">D. Ad. 2\u00aa<\/a> de su Reglamento.<\/p>\n<p style=\"text-align: justify;\">Existen <strong>dos procedimientos diferenciados<\/strong> para aplicar la exenci\u00f3n por reinversi\u00f3n en vivienda habitual. El <strong>primero<\/strong> consiste en aplicar esta exenci\u00f3n al autoliquidar el impuesto correspondiente a la ganancia patrimonial en el <strong>modelo de declaraci\u00f3n 210<\/strong>, si bien este procedimiento s\u00f3lo resulta aplicable cuando la reinversi\u00f3n se haya producido con anterioridad a la fecha en la que se deba presentar dicha declaraci\u00f3n. El <strong>segundo<\/strong>, aplicable al resto de supuestos, que es el que se regula en la <strong>presente Orden<\/strong>, consiste en la presentaci\u00f3n de una <strong>solicitud de devoluci\u00f3n<\/strong> ajustada al modelo y conforme al procedimiento previsto en la misma.<\/p>\n<p style=\"text-align: justify;\">La solicitud podr\u00e1 ser hecha por los contribuyentes <strong>residentes en un Estado miembro de la Uni\u00f3n Europea<\/strong> o residentes en un Estado miembro del <strong>Espacio Econ\u00f3mico Europeo<\/strong> con el que exista un efectivo intercambio de informaci\u00f3n tributaria, que no hayan tenido en cuenta esta exenci\u00f3n por reinversi\u00f3n al presentar la autoliquidaci\u00f3n del impuesto correspondiente a la ganancia patrimonial derivada de la transmisi\u00f3n de la que fue su vivienda habitual en Espa\u00f1a.<\/p>\n<p style=\"text-align: justify;\">Se presentar\u00e1 en el plazo de los <strong>tres meses siguientes a la fecha de la adquisici\u00f3n de la vivienda habitual<\/strong>. Si ya ha transcurrido el plazo, el plazo de presentaci\u00f3n se contar\u00e1 a partir del 25 de noviembre de 2015 (termina el 25 de febrero de 2016).<\/p>\n<p style=\"text-align: justify;\"><strong>2.- Modelo de \u00abSolicitud de aplicaci\u00f3n del r\u00e9gimen opcional <\/strong>para contribuyentes personas f\u00edsicas residentes en otros Estados miembros de la Uni\u00f3n Europea o del Espacio Econ\u00f3mico Europeo con efectivo intercambio de informaci\u00f3n tributaria\u00bb.<\/p>\n<p style=\"text-align: justify;\">Se trata de la <strong>opci\u00f3n regulada en el <a href=\"http:\/\/www.boe.es\/buscar\/act.php?id=BOE-A-2004-4527&amp;tn=1&amp;p=20150715&amp;vd=#a46\">art\u00edculo 46<\/a><\/strong> TR Ley del Impuesto sobre la Renta de no Residentes, por la que los contribuyentes referidos pueden <strong>optar por tributar en calidad de contribuyente por el IRPF<\/strong> cuando concurran determinadas circunstancias. Los requisitos para la solicitud se encuentran en el <a href=\"http:\/\/www.boe.es\/buscar\/act.php?id=BOE-A-2004-14532&amp;tn=1&amp;p=20150711&amp;vd=#a21\">art. 21<\/a> de su Reglamento.<\/p>\n<p style=\"text-align: justify;\">Con car\u00e1cter general, el plazo de presentaci\u00f3n del modelo de solicitud ser\u00e1 de <strong>cuatro a\u00f1os<\/strong> contados a partir del 2 de mayo o inmediato h\u00e1bil posterior del a\u00f1o natural siguiente correspondiente al periodo impositivo respecto del cual se solicita la aplicaci\u00f3n del r\u00e9gimen opcional.<\/p>\n<p style=\"text-align: justify;\">La presentaci\u00f3n de los dos modelos puede ser <strong>electr\u00f3nica o en papel impreso<\/strong>. Hasta el 1 de enero de 2016 la presentaci\u00f3n ser\u00e1 f\u00edsica.<\/p>\n<p style=\"text-align: justify;\">Entr\u00f3 en vigor el 25 de noviembre de 2015.<\/p>\n<div class=\"enlacesDoc\">\n<p style=\"text-align: justify;\"><a title=\"PDF firmado BOE-A-2015-12690\" href=\"http:\/\/www.boe.es\/boe\/dias\/2015\/11\/24\/pdfs\/BOE-A-2015-12690.pdf\">PDF (BOE-A-2015-12690 &#8211; 14 <abbr title=\"p\u00e1ginas\">p\u00e1gs.<\/abbr> &#8211; 376 <abbr title=\"kilobytes\">KB<\/abbr>)<\/a>\u00a0 \u00a0<a title=\"Versi\u00f3n HTML BOE-A-2015-12690\" href=\"http:\/\/www.boe.es\/diario_boe\/txt.php?id=BOE-A-2015-12690\">Otros formatos<\/a><\/p>\n<\/div>\n<p style=\"text-align: justify;\">\u00a0<\/p>\n<a class=\"mwm-aal-item\" name=\"agencia-estatal-de-investigacion\"><\/a><h6 style=\"text-align: justify;\"><span style=\"font-size: 12pt;\">Agencia Estatal de Investigaci\u00f3n<\/span><\/h6>\n<p style=\"text-align: justify;\">Real Decreto 1067\/2015, de 27 de noviembre, por el que se crea la Agencia Estatal de Investigaci\u00f3n y se aprueba su Estatuto.<\/p>\n<p style=\"text-align: justify;\">Este real decreto tiene por objeto la <strong>creaci\u00f3n de la Agencia Estatal de Investigaci\u00f3n<\/strong> y aprobar su <strong>Estatuto<\/strong>.<\/p>\n<p style=\"text-align: justify;\">La Agencia tiene como <strong>misi\u00f3n<\/strong> el <em><strong>fomento<\/strong> <\/em>de la investigaci\u00f3n cient\u00edfica y t\u00e9cnica en todas las \u00e1reas del saber mediante la asignaci\u00f3n competitiva y eficiente de los recursos p\u00fablicos, el <em><strong>seguimiento<\/strong> <\/em>de las actuaciones financiadas y de su impacto, y el <em><strong>asesoramiento<\/strong> <\/em>en la planificaci\u00f3n de las acciones o iniciativas a trav\u00e9s de las que se instrumentan las pol\u00edticas de I+D de la Administraci\u00f3n General del Estado.<\/p>\n<p style=\"text-align: justify;\">Desde su puesta en funcionamiento la Agencia <strong>se subrogar\u00e1<\/strong> en todos los derechos y obligaciones derivados de competencias de los \u00f3rganos dependientes de la Secretar\u00eda de Estado de Investigaci\u00f3n, Desarrollo e Innovaci\u00f3n que, en virtud de este real decreto, se atribuyan a aqu\u00e9lla, y en concreto, en los <strong><em>contratos, convenios y encomiendas<\/em><\/strong> suscritos en el ejercicio de las competencias asignadas a la Agencia.<\/p>\n<p style=\"text-align: justify;\">Esta creaci\u00f3n lleva aparejada la <strong>supresi\u00f3n<\/strong> de los 19 \u00f3rganos que el RD enumera.<\/p>\n<p style=\"text-align: justify;\">Tiene la naturaleza de <strong>entidad de Derecho p\u00fablico<\/strong> de las reguladas en la <a href=\"http:\/\/www.boe.es\/buscar\/act.php?id=BOE-A-2006-13011\">Ley 28\/2006, de 18 de julio, de Agencias estatales<\/a> para la mejora de los servicios p\u00fablicos, dotada de personalidad jur\u00eddica p\u00fablica, patrimonio y tesorer\u00eda propios y con autonom\u00eda funcional y de gesti\u00f3n.<\/p>\n<p style=\"text-align: justify;\"><strong>Fuentes.<\/strong> Ajustar\u00e1 su actuaci\u00f3n a lo dispuesto en la <a href=\"http:\/\/www.boe.es\/buscar\/act.php?id=BOE-A-2006-13011\">Ley 28\/2006, de 18 de julio<\/a>, en la Ley <a href=\"http:\/\/www.boe.es\/buscar\/act.php?id=BOE-A-2011-9617\">14\/2011, de 1 de junio<\/a>, de la Ciencia, la Tecnolog\u00eda y la Innovaci\u00f3n, en este Estatuto y sus normas de desarrollo y, supletoriamente en la normativa aplicable a las entidades de Derecho p\u00fablico vinculadas o dependientes de la Administraci\u00f3n General del Estado.<\/p>\n<p style=\"text-align: justify;\">La Agencia tiene su sede en Madrid y se adscribe al <strong>Ministerio de Econom\u00eda<\/strong> y Competitividad a trav\u00e9s de la Secretar\u00eda de Estado de Investigaci\u00f3n, Desarrollo e Innovaci\u00f3n.<\/p>\n<p style=\"text-align: justify;\">El <strong>r\u00e9gimen de contrataci\u00f3n<\/strong> de la Agencia ser\u00e1 el establecido en la legislaci\u00f3n aplicable a los contratos celebrados por el sector p\u00fablico.<\/p>\n<p style=\"text-align: justify;\">La <strong>gesti\u00f3n y administraci\u00f3n de sus bienes<\/strong> y derechos propios, as\u00ed como los de aquellos del Patrimonio del Estado que se le adscriban para el cumplimiento de sus fines, se ajustar\u00e1n a lo establecido para los organismos p\u00fablicos en la <a href=\"http:\/\/www.boe.es\/buscar\/act.php?id=BOE-A-2003-20254\">Ley de Patrimonio de las Administraciones P\u00fablicas<\/a>, y su normativa de desarrollo.<\/p>\n<p style=\"text-align: justify;\">La Agencia podr\u00e1 <strong>adquirir <\/strong>toda clase de bienes y derechos por cualquiera de los modos admitidos en el ordenamiento jur\u00eddico. La adquisici\u00f3n de bienes <strong>inmuebles<\/strong> o de derechos sobre los mismos requerir\u00e1 el previo <strong>informe favorable<\/strong> del Ministerio de Hacienda y Administraciones P\u00fablicas.<\/p>\n<p style=\"text-align: justify;\">Entr\u00f3 en vigor el 29 de noviembre de 2015. Dentro de los sesenta d\u00edas siguientes, entrar\u00e1 en funcionamiento.<\/p>\n<div class=\"enlacesDoc\">\n<p style=\"text-align: justify;\"><a title=\"PDF firmado BOE-A-2015-12889\" href=\"http:\/\/www.boe.es\/boe\/dias\/2015\/11\/28\/pdfs\/BOE-A-2015-12889.pdf\">PDF (BOE-A-2015-12889 &#8211; 31 <abbr title=\"p\u00e1ginas\">p\u00e1gs.<\/abbr> &#8211; 468 <abbr title=\"kilobytes\">KB<\/abbr>)<\/a>\u00a0 \u00a0<a title=\"Versi\u00f3n HTML BOE-A-2015-12889\" href=\"http:\/\/www.boe.es\/diario_boe\/txt.php?id=BOE-A-2015-12889\">Otros formatos<\/a><\/p>\n<p style=\"text-align: justify;\">\u00a0<\/p>\n<a class=\"mwm-aal-item\" name=\"ayudas-para-adquirir-vehiculos-de-energias-alternativas\"><\/a><h6 style=\"text-align: justify;\"><span style=\"font-size: 12pt;\">Ayudas para adquirir veh\u00edculos de energ\u00edas alternativas<\/span><\/h6>\n<p style=\"text-align: justify;\">Real Decreto 1078\/2015, de 27 de noviembre, por el que se regula la concesi\u00f3n directa de ayudas para la adquisici\u00f3n de veh\u00edculos de energ\u00edas alternativas, y para la implantaci\u00f3n de puntos de recarga de veh\u00edculos el\u00e9ctricos en 2016, MOVEA.<\/p>\n<p style=\"text-align: justify;\">Constituye el <strong>objeto<\/strong> de este real decreto la regulaci\u00f3n del <strong>procedimiento<\/strong> para la <strong><em>concesi\u00f3n directa de subvenciones<\/em><\/strong> para el \u00abPlan de Impulso a la Movilidad con Veh\u00edculos de Energ\u00edas Alternativas (<strong><em>MOVEA<\/em><\/strong>)\u00bb, consistente en:<\/p>\n<p style=\"text-align: justify;\">&#8211; incentivar la <strong><em>adquisici\u00f3n en Espa\u00f1a de veh\u00edculos con energ\u00edas alternativas<\/em><\/strong> a los combustibles tradicionales,<\/p>\n<p style=\"text-align: justify;\">&#8211; y la concesi\u00f3n de ayudas para la implantaci\u00f3n en Espa\u00f1a de <strong><em>puntos de recarga<\/em><\/strong> para veh\u00edculos el\u00e9ctricos en zonas de acceso p\u00fablico.<\/p>\n<p style=\"text-align: justify;\">Los veh\u00edculos han de ser <strong>nuevos<\/strong> o como m\u00e1ximo de seis meses si el concesionario propietario los usaba de demostraci\u00f3n.<\/p>\n<p style=\"text-align: justify;\">Los posibles <strong>beneficiarios<\/strong> se determinan en el art. 3 y los <strong>veh\u00edculos<\/strong> subvencionables y <strong>puntos<\/strong> <strong>de recarga<\/strong> en el art. 4.<\/p>\n<p style=\"text-align: justify;\">Estas subvenciones se conceder\u00e1n <strong>de forma directa<\/strong> hasta el l\u00edmite de 16.600.000 euros. Su importe, seg\u00fan los casos oscila <strong><em>entre los 200 y los 20000 euros<\/em><\/strong> (ver anexo).<\/p>\n<p style=\"text-align: justify;\">Se dar\u00e1n <strong>por una sola vez y son incompatibles<\/strong>, para un mismo veh\u00edculo o punto de recarga, con cualquier otra subvenci\u00f3n, ayuda, ingreso o recurso otorgada por la Administraci\u00f3n General del Estado para la misma finalidad. En cambio, ser\u00e1n <strong><em>compatibles<\/em><\/strong> con otras ayudas o subvenciones que pudieran establecer las comunidades aut\u00f3nomas o entes locales para la misma finalidad, as\u00ed como lo programas establecidos por la Uni\u00f3n Europea.<\/p>\n<p style=\"text-align: justify;\">El programa surte efectos desde el 29 de noviembre de 2015 y finalizar\u00e1 el <strong>15 de octubre de 2016<\/strong>, o, si ocurriera antes, cuando se agoten los presupuestos disponibles.<\/p>\n<p style=\"text-align: justify;\">Las <strong>solicitudes<\/strong> de ayuda se canalizar\u00e1n necesariamente <strong><em>a trav\u00e9s de los puntos de venta de veh\u00edculos<\/em><\/strong> previamente adheridos al Plan MOVEA<\/p>\n<p style=\"text-align: justify;\">Podr\u00e1n realizarse <strong>reservas de presupuesto<\/strong> desde el d\u00eda de apertura del sistema telem\u00e1tico de gesti\u00f3n contra <strong><em>operaciones que se hayan realizado a partir del 29 de noviembre de 2015<\/em><\/strong>. La fecha y hora de activaci\u00f3n del sistema telem\u00e1tico de gesti\u00f3n de ayudas ser\u00e1 notificada por la entidad colaboradora a los puntos de venta adheridos al Plan MOVEA.<\/p>\n<p style=\"text-align: justify;\">Entr\u00f3 en vigor el 29 de noviembre de 2015.<\/p>\n<div class=\"enlacesDoc\">\n<p style=\"text-align: justify;\"><a title=\"PDF firmado BOE-A-2015-12900\" href=\"http:\/\/www.boe.es\/boe\/dias\/2015\/11\/28\/pdfs\/BOE-A-2015-12900.pdf\">PDF (BOE-A-2015-12900 &#8211; 25 <abbr title=\"p\u00e1ginas\">p\u00e1gs.<\/abbr> &#8211; 427 <abbr title=\"kilobytes\">KB<\/abbr>)<\/a>\u00a0 \u00a0<a title=\"Versi\u00f3n HTML BOE-A-2015-12900\" href=\"http:\/\/www.boe.es\/diario_boe\/txt.php?id=BOE-A-2015-12900\">Otros formatos<\/a><\/p>\n<p>&nbsp;<\/p>\n<\/div>\n<\/div>\n<\/div>\n<\/div>\n<a class=\"mwm-aal-item\" name=\"disposiciones-autonomicas\"><\/a><h6 style=\"text-align: justify;\"><span style=\"font-size: 12pt;\">DISPOSICIONES AUTON\u00d3MICAS<\/span><\/h6>\n<p style=\"text-align: justify;\"><strong>CANTABRIA.<\/strong> Ley 3\/2015, de 16 de octubre, de modificaci\u00f3n del art\u00edculo 15 de la Ley 6\/2014, de 26 de diciembre, de Presupuestos Generales de la Comunidad Aut\u00f3noma de Cantabria para el a\u00f1o 2015.<\/p>\n<p style=\"text-align: justify;\">Mediante esta Ley <strong>se eleva el l\u00edmite legal de endeudamiento en 2015<\/strong> al objeto de poder utilizar en el presente ejercicio el tramo destinado a la financiaci\u00f3n de d\u00e9ficits anteriores a 2014 de acuerdo con lo establecido en el contrato de pr\u00e9stamo formalizado el 27 de marzo de 2015 con el ICO.<\/p>\n<p style=\"text-align: justify;\">Entr\u00f3 en vigor el 27 de octubre de 2015. (GGB)<\/p>\n<p style=\"text-align: justify;\"><a href=\"http:\/\/www.boe.es\/boe\/dias\/2015\/11\/17\/pdfs\/BOE-A-2015-12405.pdf\">PDF (BOE-A-2015-12405 \u2013 2 p\u00e1gs. \u2013 160 KB)<\/a>\u00a0 \u00a0<a href=\"http:\/\/www.boe.es\/diario_boe\/txt.php?id=BOE-A-2015-12405\">Otros formatos<\/a><\/p>\n<p style=\"text-align: justify;\">\u00a0<\/p>\n<p style=\"text-align: justify;\"><strong>CASTILLA \u2013 LA MANCHA.<\/strong> Ley 6\/2015, de 30 de julio, de modificaci\u00f3n de la Ley 3\/2000, de 26 de mayo, de Creaci\u00f3n del Ente P\u00fablico de Radio-Televisi\u00f3n de Castilla-La Mancha.<\/p>\n<p style=\"text-align: justify;\">Incide la modificaci\u00f3n en la forma de <strong>elecci\u00f3n de los miembros del Consejo de Administraci\u00f3n<\/strong>.<\/p>\n<p style=\"text-align: justify;\">Con la presente ley se pretende adecuar la legislaci\u00f3n regional a la estatal estableciendo un r\u00e9gimen id\u00e9ntico al previsto en el <a href=\"https:\/\/www.boe.es\/diario_boe\/txt.php?id=BOE-A-2012-5338\">Real Decreto-Ley 15\/2012, de 20 de abril, de modificaci\u00f3n del r\u00e9gimen de administraci\u00f3n de la Corporaci\u00f3n RTVE<\/a>, de modo que de no obtenerse la mayor\u00eda cualificada de dos tercios en una primera votaci\u00f3n puedan elegirse los miembros por mayor\u00eda absoluta en una segunda votaci\u00f3n.<\/p>\n<p style=\"text-align: justify;\">Entr\u00f3 en vigor el 1 de Agosto de 2015. (GGB)<\/p>\n<p style=\"text-align: justify;\"><a href=\"http:\/\/www.boe.es\/boe\/dias\/2015\/11\/23\/pdfs\/BOE-A-2015-12597.pdf\">PDF (BOE-A-2015-12597 \u2013 2 p\u00e1gs. \u2013 159 KB)<\/a>\u00a0 \u00a0<a href=\"http:\/\/www.boe.es\/diario_boe\/txt.php?id=BOE-A-2015-12597\">Otros formatos<\/a><\/p>\n<p style=\"text-align: justify;\">\u00a0<\/p>\n<p><strong>MURCIA.<\/strong> Ley 15\/2015, de 29 de octubre, de reforma de la Ley 9\/2004, de creaci\u00f3n de la Empresa P\u00fablica Regional Radiotelevisi\u00f3n de la Regi\u00f3n de Murcia.<\/p>\n<p>Mediante esta ley se establece el <strong>procedimiento de nombramiento y cese<\/strong> del Director General de Radiotelevisi\u00f3n de la Regi\u00f3n de Murcia.<\/p>\n<p>Dispone la norma que el Director General ser\u00e1 nombrado por el Consejo de Gobierno, entre personas de reconocido prestigio y que su designaci\u00f3n corresponder\u00e1 a la Asamblea Regional de entre los candidatos propuestos por los distintos grupos parlamentarios.<\/p>\n<p>Entr\u00f3 en vigor el 1 de noviembre de 2015. (GGB)<\/p>\n<p><a href=\"http:\/\/www.boe.es\/boe\/dias\/2015\/11\/27\/pdfs\/BOE-A-2015-12821.pdf\">PDF (BOE-A-2015-12821 \u2013 2 p\u00e1gs. \u2013 158 KB)<\/a>\u00a0 \u00a0<a href=\"http:\/\/www.boe.es\/diario_boe\/txt.php?id=BOE-A-2015-12821\">Otros formatos<\/a><\/p>\n<p>&nbsp;<\/p>\n<p><strong>ILLES BALEARS. <\/strong>Ley 8\/2015, de 16 de octubre, por la que se deroga la Ley 9\/2013, de 23 de diciembre, sobre el uso de los s\u00edmbolos institucionales de las Illes Balears.<\/p>\n<p>Mediante esta ley se deroga la Ley 9\/2013, de 23 de diciembre, sobre el uso de los s\u00edmbolos institucionales de las Illes Balears y se ordena el archivo sin ning\u00fan otro tr\u00e1mite de cualquier procedimiento sancionador que se haya podido iniciar al amparo dicha ley.<\/p>\n<p>Asimismo, se modifica la <a href=\"http:\/\/noticias.juridicas.com\/base_datos\/CCAA\/ib-l3-2007.html\">Ley 3\/2007, de la funci\u00f3n p\u00fablica de la comunidad aut\u00f3noma de las Illes Balears<\/a>, para eliminar las infracciones que fueron introducidas por la ley que ahora se deroga.<\/p>\n<p>Entr\u00f3 en vigor el 27 de octubre de 2015. (GGB)<\/p>\n<p><a href=\"http:\/\/www.boe.es\/boe\/dias\/2015\/11\/27\/pdfs\/BOE-A-2015-12823.pdf\">PDF (BOE-A-2015-12823 \u2013 2 p\u00e1gs. \u2013 163 KB)<\/a>\u00a0 \u00a0<a href=\"http:\/\/www.boe.es\/diario_boe\/txt.php?id=BOE-A-2015-12823\">Otros formatos<\/a><\/p>\n<p>\u00a0<\/p><\/div>\n<a class=\"mwm-aal-item\" name=\"tribunal-constitucional\"><\/a><h6 style=\"text-align: justify;\"><span style=\"font-size: 12pt;\">Tribunal Constitucional<\/span><\/h6>\n<p style=\"text-align: justify;\"><strong>CATALU\u00d1A.<\/strong> Recurso de inconstitucionalidad n.\u00ba 3492-2015, contra el inciso \u00faltimo \u00abprevia autorizaci\u00f3n del Gobierno, de la puesta en funcionamiento de nuevos servicios p\u00fablicos\u00bb del art\u00edculo 34 de la Ley 2\/2015, de 11 de marzo, de presupuestos de la Generalitat de Catalu\u00f1a para el 2015.<\/p>\n<p style=\"text-align: justify;\">Se mantiene la suspensi\u00f3n del inciso \u00faltimo (\u00abprevia autorizaci\u00f3n del Gobierno, de la puesta en funcionamiento de nuevos servicios p\u00fablicos\u00bb) del art\u00edculo 34 de la <a href=\"http:\/\/www.boe.es\/buscar\/doc.php?id=BOE-A-2015-3636\" target=\"_blank\">Ley 2\/2015, de 11 de marzo<\/a>, de presupuestos de la Generalitat de Catalu\u00f1a para el 2015. El art. 34 se refiere a la limitaci\u00f3n del aumento de gastos de personal.<\/p>\n<p style=\"text-align: justify;\"><a title=\"PDF firmado BOE-A-2015-12161\" href=\"http:\/\/www.boe.es\/boe\/dias\/2015\/11\/11\/pdfs\/BOE-A-2015-12161.pdf\">PDF (BOE-A-2015-12161 &#8211; 1 <abbr title=\"p\u00e1gina\">p\u00e1g.<\/abbr> &#8211; 146 <abbr title=\"kilobytes\">KB<\/abbr>)<\/a>\u00a0 \u00a0<a title=\"Versi\u00f3n HTML BOE-A-2015-12161\" href=\"http:\/\/www.boe.es\/diario_boe\/txt.php?id=BOE-A-2015-12161\">Otros formatos<\/a><\/p>\n<p style=\"text-align: justify;\">\u00a0<\/p>\n<p style=\"text-align: justify;\"><strong>CATALU\u00d1A.<\/strong> Recurso de inconstitucionalidad n.\u00ba 3493-2015, contra los art\u00edculos 69 y 95 y las disposiciones adicionales 22, 23, 24, 25 y 26 de la Ley de Catalu\u00f1a 3\/2015, de 11 de marzo, de medidas fiscales, financieras y administrativas.<\/p>\n<p style=\"text-align: justify;\">Se mantiene la suspensi\u00f3n del art\u00edculo 69 (Servicio Meteorol\u00f3gico) y de las disposiciones adicionales 22, 23, 24, 25 y 26 de la <a href=\"http:\/\/www.boe.es\/buscar\/doc.php?id=BOE-A-2015-3637\">Ley del Parlamento de Catalu\u00f1a 3\/2015, de 11 de marzo<\/a>, de medidas fiscales, financieras y administrativas, que se dedican al Plan director de la Administraci\u00f3n tributaria de Catalu\u00f1a, al Inventario del patrimonio de las administraciones p\u00fablicas, al\u00a0Cat\u00e1logo de infraestructuras estrat\u00e9gicas, a la creaci\u00f3n de la Agencia Catalana de la Protecci\u00f3n Social y al\u00a0Plan director relativo a los sectores de la energ\u00eda, de las telecomunicaciones y los sistemas de informaci\u00f3n y del transporte ferroviario.<\/p>\n<p style=\"text-align: justify;\">Se levanta la suspensi\u00f3n del art\u00edculo 95 de la misma Ley (Servicio de transporte p\u00fablico de viajeros).\u00a0<\/p>\n<p style=\"text-align: justify;\"><a title=\"PDF firmado BOE-A-2015-12162\" href=\"http:\/\/www.boe.es\/boe\/dias\/2015\/11\/11\/pdfs\/BOE-A-2015-12162.pdf\">PDF (BOE-A-2015-12162 &#8211; 1 <abbr title=\"p\u00e1gina\">p\u00e1g.<\/abbr> &#8211; 146 <abbr title=\"kilobytes\">KB<\/abbr>)<\/a>\u00a0 \u00a0<a title=\"Versi\u00f3n HTML BOE-A-2015-12162\" href=\"http:\/\/www.boe.es\/diario_boe\/txt.php?id=BOE-A-2015-12162\">Otros formatos<\/a><\/p>\n<p style=\"text-align: justify;\">\u00a0<\/p>\n<p style=\"text-align: justify;\"><strong>COPAGO FARMAC\u00c9UTICO.<\/strong> Recurso de inconstitucionalidad n.\u00ba 5679-2015, contra el <a href=\"http:\/\/www.boe.es\/buscar\/act.php?id=BOE-A-2015-8343&amp;tn=1&amp;p=20151030&amp;vd=#a102\" target=\"_blank\">art\u00edculo 102<\/a> del Real Decreto Legislativo 1\/2015, de 24 de julio, por el que se aprueba el texto refundido de la Ley de garant\u00edas y uso racional de los medicamentos y productos sanitarios.<\/p>\n<p style=\"text-align: justify;\">El Pleno del Tribunal Constitucional ha acordado admitir a tr\u00e1mite el recurso de inconstitucionalidad promovido por el Gobierno Vasco contra el <a href=\"http:\/\/www.boe.es\/buscar\/act.php?id=BOE-A-2015-8343&amp;tn=1&amp;p=20151030&amp;vd=#a102\">art\u00edculo 102<\/a> del Real Decreto Legislativo 1\/2015, de 24 de julio, por el que se aprueba el texto refundido de la Ley de garant\u00edas y uso racional de los medicamentos y productos sanitarios.<\/p>\n<p style=\"text-align: justify;\"><a title=\"PDF firmado BOE-A-2015-12163\" href=\"http:\/\/www.boe.es\/boe\/dias\/2015\/11\/11\/pdfs\/BOE-A-2015-12163.pdf\">PDF (BOE-A-2015-12163 &#8211; 1 <abbr title=\"p\u00e1gina\">p\u00e1g.<\/abbr> &#8211; 146 <abbr title=\"kilobytes\">KB<\/abbr>)<\/a>\u00a0 \u00a0<a title=\"Versi\u00f3n HTML BOE-A-2015-12163\" href=\"http:\/\/www.boe.es\/diario_boe\/txt.php?id=BOE-A-2015-12163\">Otros formatos<\/a><\/p>\n<p style=\"text-align: justify;\">\u00a0\u00a0<\/p>\n<p style=\"text-align: justify;\"><strong>CATALU\u00d1A DEMARCACI\u00d3N REGISTRAL.<\/strong> Conflicto positivo de competencia n.\u00ba 3647-2015, contra los art\u00edculos 1, 2, 3, y disposiciones adicionales primera, segunda y tercera, transitoria y finales primera, segunda, tercera y cuarta, del Decreto de la Generalitat de Catalu\u00f1a 69\/2015, de 5 de mayo, por el que se modifica la <strong>demarcaci\u00f3n de los registros<\/strong> de la propiedad, mercantiles y de bienes muebles de Catalu\u00f1a.<\/p>\n<p style=\"text-align: justify;\"><strong>El Auto de 3 de noviembre de 2015 mantiene parcialmente la suspensi\u00f3n:<\/strong><\/p>\n<p style=\"text-align: justify;\">a) Declarar la desaparici\u00f3n sobrevenida del objeto del incidente sobre el mantenimiento o levantamiento de la suspensi\u00f3n de la\u00a0<strong>disposici\u00f3n final cuarta<\/strong> del Decreto de la Generalitat de Catalu\u00f1a 69\/2015, de 5 de Mayo, por el que se modifica la demarcaci\u00f3n de los registros de la propiedad, mercantiles y de bienes muebles de Catalu\u00f1a.<\/p>\n<p style=\"text-align: justify;\">b) <strong>Mantener la suspensi\u00f3n<\/strong> de los <strong>arts. 1, 2 y 3<\/strong> y del <strong>segundo p\u00e1rrafo de la disposici\u00f3n adicional primera<\/strong>, de las<strong>disposiciones adicionales segunda y tercera<\/strong>, de la <strong>disposici\u00f3n transitoria<\/strong> y de la <strong>disposici\u00f3n final segunda, salvo su primer inciso<\/strong>, del Decreto de la Generalitat de Catalu\u00f1a 69\/2015, de 5 de Mayo, por el que se modifica la demarcaci\u00f3n de los registros de la propiedad, mercantiles y de bienes muebles de Catalu\u00f1a. 14<\/p>\n<p style=\"text-align: justify;\">c) <strong>Levantar la suspensi\u00f3n<\/strong> del <strong>primer p\u00e1rrafo de la disposici\u00f3n adicional primera<\/strong>, de la <strong>disposici\u00f3n final primera<\/strong>, del <strong>inciso inicial de la disposici\u00f3n final segunda<\/strong> (\u201cSe autoriza al consejero o consejera competente en materia de notar\u00edas y registros p\u00fablicos de la propiedad, mercantiles y de bienes muebles a dictar las normas que sean necesarias para interpretar y ejecutar este Decreto\u201d) y <strong>de la disposici\u00f3n final tercera<\/strong> del Decreto de la Generalitat de Catalu\u00f1a 69\/2015, de 5 de Mayo, por el que se modifica la demarcaci\u00f3n de los registros de la propiedad, mercantiles y de bienes muebles de Catalu\u00f1a.<\/p>\n<p style=\"text-align: justify;\">Transcribimos los <strong>textos que ya no est\u00e1n suspendidos:<\/strong><\/p>\n<p style=\"text-align: justify;\"><strong>Disposici\u00f3n adicional primera.<\/strong> <strong>Instalaci\u00f3n de oficinas de atenci\u00f3n al usuario,<\/strong><\/p>\n<p style=\"text-align: justify;\">Por razones de servicio p\u00fablico, el consejero o consejera competente en materia de notar\u00edas y registros p\u00fablicos de la propiedad, mercantiles y de bienes muebles podr\u00e1 acordar, a propuesta de la Direcci\u00f3n General de Derecho y Entidades Jur\u00eddicas, que el registrador o los registradores en divisi\u00f3n personal instalen, en el t\u00e9rmino municipal que se se\u00f1ale, una oficina abierta al p\u00fablico, donde las personas usuarias puedan presentar y retirar toda clase de documentos y solicitudes, obtener publicidad formal y efectuar todas las otras operaciones propias de la oficina principal del registro de la propiedad, con el que estar\u00e1 telem\u00e1ticamente conectada en la forma que determine la Direcci\u00f3n General mencionada. \u00a0(\u2026)<\/p>\n<p style=\"text-align: justify;\"><strong>Disposici\u00f3n final primera<\/strong> <strong>Agrupaciones personales<\/strong><\/p>\n<p style=\"text-align: justify;\">Se autoriza la creaci\u00f3n de registros de la propiedad y mercantiles en r\u00e9gimen de divisi\u00f3n personal cuando sea necesaria o conveniente para la prestaci\u00f3n del servicio p\u00fablico registral. A este efecto, por una orden del consejero o consejera competente en materia de notar\u00edas y registros p\u00fablicos de la propiedad, mercantiles y de bienes muebles se determinar\u00e1n las localidades y registros que tengan que agruparse en r\u00e9gimen de divisi\u00f3n personal, atendiendo al volumen de la documentaci\u00f3n o a otras circunstancias de la prestaci\u00f3n del servicio registral que aconsejen la agrupaci\u00f3n.<\/p>\n<p style=\"text-align: justify;\">De la misma manera, dos o m\u00e1s registradores de una misma localidad podr\u00e1n solicitar voluntariamente la agrupaci\u00f3n de sus registros, siempre que los distritos hipotecarios sean lim\u00edtrofes y justifiquen la utilidad de la agrupaci\u00f3n, mediante la aportaci\u00f3n de la documentaci\u00f3n y los datos que estime procedentes la Direcci\u00f3n General de Derecho y Entidades Jur\u00eddicas, y as\u00ed se apruebe por una orden del consejero o consejera competente en materia de notar\u00edas y registros p\u00fablicos de la propiedad, mercantiles y de bienes muebles.<\/p>\n<p style=\"text-align: justify;\"><strong>Disposici\u00f3n final segunda Autorizaciones<\/strong><\/p>\n<p style=\"text-align: justify;\">1. Se autoriza al consejero o consejera competente en materia de notar\u00edas y registros p\u00fablicos de la propiedad, mercantiles y de bienes muebles a dictar las normas que sean necesarias para interpretar y ejecutar este Decreto \u00a0(\u2026)<\/p>\n<p style=\"text-align: justify;\"><strong>Disposici\u00f3n final tercera Revisi\u00f3n de la demarcaci\u00f3n registral<\/strong><\/p>\n<p style=\"text-align: justify;\">1. El Departamento de Justicia, a trav\u00e9s de la Direcci\u00f3n General de Derecho y Entidades Jur\u00eddicas, elaborar\u00e1, en el plazo m\u00e1ximo de cinco a\u00f1os a partir de la entrada en vigor de esta norma, los estudios necesarios para modificar la demarcaci\u00f3n registral de Catalu\u00f1a, en los supuestos y condiciones previstos en el art\u00edculo 275 de la Ley hipotecaria aprobada por el Decreto de 8 de febrero de 1947 y el art\u00edculo 19 de la Ley 14\/2013, de 27 de septiembre, de apoyo a los emprendedores y su internacionalizaci\u00f3n, en coordinaci\u00f3n con la Direcci\u00f3n General de los Registros y del Notariado.<\/p>\n<p style=\"text-align: justify;\">2. La Direcci\u00f3n General de Derecho y Entidades Jur\u00eddicas pedir\u00e1 a los registros de la propiedad, mercantiles y de bienes muebles demarcados en Catalu\u00f1a las estad\u00edsticas y encuestas necesarias a efectos de confeccionar, en el plazo indicado, los estudios a que se refiere el apartado precedente.<\/p>\n<p style=\"text-align: justify;\"><strong>Disposici\u00f3n final cuarta<\/strong> <strong>Entrada en vigor<\/strong><\/p>\n<p style=\"text-align: justify;\">Este Decreto entrar\u00e1 en vigor al d\u00eda siguiente de su publicaci\u00f3n en el Diari Oficial de la Generalitat de Catalunya.<\/p>\n<p style=\"text-align: justify;\"><strong><a href=\"http:\/\/www.tribunalconstitucional.es\/es\/salaPrensa\/Documents\/NP_2015_084\/2015-03647ATC.pdf\" target=\"_blank\">Ver Auto<\/a>. <a href=\"http:\/\/www.tribunalconstitucional.es\/es\/salaPrensa\/Documents\/NP_2015_084\/NOTA%20INFORMATIVA%20NUMERO%2084-2015.pdf\" target=\"_blank\">Ver Nota de Prensa<\/a>. <\/strong><\/p>\n<p style=\"text-align: justify;\"><strong>Ver <a href=\"https:\/\/www.notariosyregistradores.com\/web\/secciones\/oficina-registral\/varios-o-r\/demarcacion-registral-de-cataluna\/\">rese\u00f1a del Decreto de Demarcaci\u00f3n<\/a>.<\/strong><\/p>\n<p style=\"text-align: justify;\"><a title=\"PDF firmado BOE-A-2015-12165\" href=\"http:\/\/www.boe.es\/boe\/dias\/2015\/11\/11\/pdfs\/BOE-A-2015-12165.pdf\">PDF (BOE-A-2015-12165 &#8211; 1 <abbr title=\"p\u00e1gina\">p\u00e1g.<\/abbr> &#8211; 150 <abbr title=\"kilobytes\">KB<\/abbr>)<\/a>\u00a0 \u00a0<a title=\"Versi\u00f3n HTML BOE-A-2015-12165\" href=\"http:\/\/www.boe.es\/diario_boe\/txt.php?id=BOE-A-2015-12165\">Otros formatos<\/a><\/p>\n<p style=\"text-align: justify;\">\u00a0<\/p>\n<p style=\"text-align: justify;\"><strong>CATALU\u00d1A.<\/strong> Conflicto positivo de competencia n.\u00ba 3808-2015, contra el Decreto de la Generalitat de Catalu\u00f1a 16\/2015, de 24 de febrero, por el que se crea el Comisionado para la Transici\u00f3n Nacional; contra los denominados Plan Ejecutivo para la Preparaci\u00f3n de las Estructuras de Estado y Plan de Infraestructuras Estrat\u00e9gicas; y contra las previsiones y las actuaciones desarrolladas en aplicaci\u00f3n o al amparo de dicho Decreto o de los referidos planes o coincidentes con su finalidad.<\/p>\n<p style=\"text-align: justify;\">El Pleno del Tribunal Constitucional, en el conflicto positivo de competencia, promovido por el Abogado del Estado, en representaci\u00f3n del Gobierno de la Naci\u00f3n, ha acordado mantener la suspensi\u00f3n tanto del Decreto como de los Planes mencionados en el encabezado.\u00a0<\/p>\n<p style=\"text-align: justify;\"><a title=\"PDF firmado BOE-A-2015-12166\" href=\"http:\/\/www.boe.es\/boe\/dias\/2015\/11\/11\/pdfs\/BOE-A-2015-12166.pdf\">PDF (BOE-A-2015-12166 &#8211; 1 <abbr title=\"p\u00e1gina\">p\u00e1g.<\/abbr> &#8211; 148 <abbr title=\"kilobytes\">KB<\/abbr>)<\/a>\u00a0 \u00a0<a title=\"Versi\u00f3n HTML BOE-A-2015-12166\" href=\"http:\/\/www.boe.es\/diario_boe\/txt.php?id=BOE-A-2015-12166\">Otros formatos<\/a><\/p>\n<p style=\"text-align: justify;\">\u00a0<\/p>\n<p style=\"text-align: justify;\"><strong>PARLAMENT DE CATALU\u00d1A.\u00a0<\/strong>Impugnaci\u00f3n de resoluci\u00f3n auton\u00f3mica (T\u00edtulo V LOTC) n.\u00ba 6330-2015, contra la Resoluci\u00f3n 1\/XI del Parlamento de Catalu\u00f1a, de 9 de noviembre de 2015, \u00absobre el inicio del proceso pol\u00edtico en Catalu\u00f1a como consecuencia de los resultados electorales del 27 de septiembre de 2015\u00bb y su Anexo.<\/p>\n<p style=\"text-align: justify;\">El Pleno del Tribunal Constitucional ha admitido a tr\u00e1mite la impugnaci\u00f3n de resoluci\u00f3n auton\u00f3mica promovida por el Gobierno de la Naci\u00f3n contra la Resoluci\u00f3n 1\/XI del Parlamento de Catalu\u00f1a, de 9 de noviembre de 2015, \u00absobre el inicio del proceso pol\u00edtico en Catalu\u00f1a como consecuencia de los resultados electorales del 27 de septiembre de 2015\u00bb y su Anexo. Se ha invocado\u00a0el art\u00edculo 161.2 de la Constituci\u00f3n,que produce la suspensi\u00f3n de la Resoluci\u00f3n impugnada y su Anexo.<\/p>\n<p style=\"text-align: justify;\">Conforme al <a href=\"http:\/\/www.boe.es\/buscar\/act.php?id=BOE-A-1979-23709&amp;tn=1&amp;p=20151017&amp;vd=#aochentaysiete\" target=\"_blank\">art\u00edculo 87.1 LOTC<\/a>, todos los poderes p\u00fablicos han de cumplir las resoluciones del Tribunal Constitucional.<\/p>\n<p style=\"text-align: justify;\">Se notifica la resoluci\u00f3n a la Presidenta del Parlamento de Catalu\u00f1a, a los dem\u00e1s miembros de la Mesa del Parlamento de Catalu\u00f1a, al Secretario General del Parlamento de Catalu\u00f1a y al Presidente y dem\u00e1s miembros del Consejo de Gobierno en funciones de la Generalitat de Catalu\u00f1a. Se les advierte, asimismo, de su deber de impedir o paralizar cualquier iniciativa que suponga ignorar o eludir la suspensi\u00f3n acordada, apercibi\u00e9ndoles de las eventuales responsabilidades, incluida la penal, en las que pudieran incurrir.<\/p>\n<p style=\"text-align: justify;\">Mediante <a href=\"http:\/\/www.tribunalconstitucional.es\/es\/salaPrensa\/Documents\/NP_2015_093\/2015-06330STC.pdf\" target=\"_blank\">Sentencia de 2 de diciembre de 2015<\/a>,\u00a0El TC, por unanimidad, declara inconstitucional la declaraci\u00f3n del Parlamento de Catalu\u00f1a que inicia el llamado <em><strong>\u00abproceso de desconexi\u00f3n\u00bb<\/strong><\/em> de Espa\u00f1a. <a href=\"http:\/\/www.tribunalconstitucional.es\/es\/salaPrensa\/Documents\/NP_2015_093\/NOTA%20INFORMATIVA%20NUMERO%2093-2015.pdf\" target=\"_blank\">Ver Nota de Prensa del TC<\/a>.<\/p>\n<p style=\"text-align: justify;\"><a title=\"PDF firmado BOE-A-2015-12206\" href=\"http:\/\/www.boe.es\/boe\/dias\/2015\/11\/12\/pdfs\/BOE-A-2015-12206.pdf\">PDF (BOE-A-2015-12206 &#8211; 1 <abbr title=\"p\u00e1gina\">p\u00e1g.<\/abbr> &#8211; 150 <abbr title=\"kilobytes\">KB<\/abbr>)<\/a>\u00a0 \u00a0<a title=\"Versi\u00f3n HTML BOE-A-2015-12206\" href=\"http:\/\/www.boe.es\/diario_boe\/txt.php?id=BOE-A-2015-12206\">Otros formatos<\/a><\/p>\n<p style=\"text-align: justify;\">\u00a0<\/p>\n<p style=\"text-align: justify;\"><strong>CANTABRIA.<\/strong> Cuesti\u00f3n de inconstitucionalidad n.\u00ba 5964-2015, en relaci\u00f3n con el art\u00edculo <a href=\"http:\/\/www.boe.es\/buscar\/act.php?id=BOE-A-2001-16695&amp;b=85&amp;tn=1&amp;p=20130703#a65bis\">65.bis.1<\/a>, inciso \u00abo judiciales\u00bb, en relaci\u00f3n con los efectos previstos en los apartados 2 y 3, de la Ley 2\/2001, de 25 de junio, de Ordenaci\u00f3n Territorial y del R\u00e9gimen Urban\u00edstico del Suelo de Cantabria, a\u00f1adido por el art\u00edculo 1 de la Ley 4\/2013, de 20 de junio, por la que se modifica la Ley 2\/2001, de 25 de junio, por posible vulneraci\u00f3n de los art\u00edculos 24, 117.3 y 149.1.6 de la Constituci\u00f3n.<\/p>\n<p style=\"text-align: justify;\">El Pleno del Tribunal Constitucional ha acordado admitir a tr\u00e1mite la cuesti\u00f3n de inconstitucionalidad planteada por el Juzgado de lo Contencioso-Administrativo n\u00fam. 1 de Santander en relaci\u00f3n con el art. 65.bis.1, inciso \u00abo judiciales\u00bb,.<\/p>\n<p class=\"articulo\" style=\"text-align: justify;\">Art\u00edculo 65 bis. Autorizaci\u00f3n provisional de edificaciones o actuaciones preexistentes.<\/p>\n<p class=\"parrafo_2\" style=\"text-align: justify;\">1. Iniciado el procedimiento dirigido a la formaci\u00f3n, modificaci\u00f3n o revisi\u00f3n de los planes urban\u00edsticos y dem\u00e1s instrumentos de planeamiento, y para impedir que se generen perjuicios irreparables al inter\u00e9s p\u00fablico o a los propietarios de edificaciones o actuaciones que, habiendo sido previamente declaradas ilegales y sobre las que hubiesen reca\u00eddo \u00f3rdenes de demolici\u00f3n administrativas<strong> o judiciales<\/strong>, puedan resultar conformes con la nueva ordenaci\u00f3n que se est\u00e1 tramitando, el \u00f3rgano municipal competente para aprobar inicialmente el plan podr\u00e1 otorgar, de oficio o a instancia de los interesados, autorizaciones provisionales que afecten a dichas edificaciones o actuaciones preexistentes, previa comprobaci\u00f3n de que resultan conformes con el nuevo planeamiento municipal en tramitaci\u00f3n. Si el procedimiento se inicia a solicitud del interesado, transcurrido el plazo de tres meses sin haberse notificado resoluci\u00f3n alguna podr\u00e1 entender desestimada su petici\u00f3n.<\/p>\n<div class=\"enlacesDoc\" style=\"text-align: justify;\">\n<p><a title=\"PDF firmado BOE-A-2015-12567\" href=\"http:\/\/www.boe.es\/boe\/dias\/2015\/11\/21\/pdfs\/BOE-A-2015-12567.pdf\">PDF (BOE-A-2015-12567 &#8211; 1 <abbr title=\"p\u00e1gina\">p\u00e1g.<\/abbr> &#8211; 149 <abbr title=\"kilobytes\">KB<\/abbr>)<\/a>\u00a0 \u00a0<a title=\"Versi\u00f3n HTML BOE-A-2015-12567\" href=\"http:\/\/www.boe.es\/diario_boe\/txt.php?id=BOE-A-2015-12567\">Otros formatos<\/a><\/p>\n<\/div>\n<p style=\"text-align: justify;\">\u00a0<\/p>\n<div class=\"enlacesDoc\" style=\"text-align: justify;\">\n<a class=\"mwm-aal-item\" name=\"seccion-ii\"><\/a><h6 style=\"text-align: justify;\"><span style=\"font-size: 14pt;\">SECCI\u00d3N II:<\/span><\/h6>\n<a class=\"mwm-aal-item\" name=\"resueltos-los-concursos-de-registros\"><\/a><h6 style=\"text-align: justify;\"><span style=\"font-size: 12pt;\">Resueltos los Concursos de Registros.<\/span><\/h6>\n<p><strong>DGRN.<\/strong> Resoluci\u00f3n de 6 de noviembre de 2015, de la Direcci\u00f3n General de los Registros y del Notariado, por la que se resuelve el concurso ordinario 292 para la provisi\u00f3n de Registros de la Propiedad, Mercantiles y de Bienes Muebles vacantes, convocado por Resoluci\u00f3n de 28 de septiembre de 2015, y se dispone su comunicaci\u00f3n a las comunidades aut\u00f3nomas para que se proceda a los nombramientos.<\/p>\n<p>Se han cubierto 39 de las 45 plazas ofertadas.<\/p>\n<p>Ir a su <a href=\"https:\/\/www.notariosyregistradores.com\/web\/normas\/informes-mensuales\/informe-253-boe-octubre-2015\/#concurso-registros-dgrn\">convocatoria<\/a>.\u00a0Ir al <a href=\"https:\/\/www.notariosyregistradores.com\/web\/category\/participa\/concursos\/\">archivo de Concursos<\/a><\/p>\n<div class=\"enlacesDoc\">\n<p><a title=\"PDF firmado BOE-A-2015-12252\" href=\"http:\/\/www.boe.es\/boe\/dias\/2015\/11\/13\/pdfs\/BOE-A-2015-12252.pdf\">PDF (BOE-A-2015-12252 &#8211; 2 <abbr title=\"p\u00e1ginas\">p\u00e1gs.<\/abbr> &#8211; 215 <abbr title=\"kilobytes\">KB<\/abbr>)<\/a>\u00a0 \u00a0<a title=\"Versi\u00f3n HTML BOE-A-2015-12252\" href=\"http:\/\/www.boe.es\/diario_boe\/txt.php?id=BOE-A-2015-12252\">Otros formatos<\/a><\/p>\n<\/div>\n<p style=\"text-align: justify;\">\u00a0<\/p>\n<p><strong>CATALU\u00d1A.<\/strong> Resoluci\u00f3n de 6 de noviembre de 2015, de la Direcci\u00f3n General de Derecho y Entidades Jur\u00eddicas, del Departamento de Justicia, por la que se resuelve el concurso ordinario 292 para la provisi\u00f3n de Registros de la Propiedad, Mercantiles y de Bienes Muebles vacantes, convocado por Resoluci\u00f3n de 28 de septiembre de 2015.<\/p>\n<p>Se han cubierto las nueve plazas que se ofertaron.<\/p>\n<p>Ir a su <a href=\"https:\/\/www.notariosyregistradores.com\/web\/normas\/informes-mensuales\/informe-253-boe-octubre-2015\/#concurso-registros-dgrn\">convocatoria<\/a>.\u00a0Ir al <a href=\"https:\/\/www.notariosyregistradores.com\/web\/category\/participa\/concursos\/\">archivo de Concursos<\/a><\/p>\n<div class=\"enlacesDoc\">\n<p><a title=\"PDF firmado BOE-A-2015-12258\" href=\"http:\/\/www.boe.es\/boe\/dias\/2015\/11\/13\/pdfs\/BOE-A-2015-12258.pdf\">PDF (BOE-A-2015-12258 &#8211; 2 <abbr title=\"p\u00e1ginas\">p\u00e1gs.<\/abbr> &#8211; 157 <abbr title=\"kilobytes\">KB<\/abbr>)<\/a>\u00a0 \u00a0<a title=\"Versi\u00f3n HTML BOE-A-2015-12258\" href=\"http:\/\/www.boe.es\/diario_boe\/txt.php?id=BOE-A-2015-12258\">Otros formatos<\/a><\/p>\n<p>&nbsp;<\/p>\n<\/div>\n<a class=\"mwm-aal-item\" name=\"jubilaciones\"><\/a><h6 style=\"text-align: justify;\"><span style=\"font-size: 12pt;\">Jubilaciones<\/span><\/h6>\n<p style=\"text-align: justify;\">Se dispone la jubilaci\u00f3n voluntaria de la notaria de Madrid, do\u00f1a Milagros Anastasia Casero Nu\u00f1o.<\/p>\n<p style=\"text-align: justify;\">Se jubila al notario de Pinto don Miguel Rubio Ota\u00f1o.<\/p>\n<p style=\"text-align: justify;\">Se dispone la jubilaci\u00f3n voluntaria del Notario de Puerto de la Cruz don Marcos Guimer\u00e1 Ravina.<\/p>\n<p style=\"text-align: justify;\">Se jubila al notario de Madrid don Miguel Alfonso Gonz\u00e1lez Delso.<\/p>\n<div class=\"enlacesDoc\">\u00a0\u00a0<\/div>\n<\/div>\n<a class=\"mwm-aal-item\" name=\"resoluciones\"><\/a><h6 style=\"text-align: justify;\"><span style=\"font-size: 14pt;\"><strong>RESOLUCIONES:<\/strong><\/span><\/h6>\n<p style=\"text-align: justify;\">Durante este mes <strong><a href=\"https:\/\/www.notariosyregistradores.com\/web\/?p=10710\">SE HAN PUBLICADO CUARENTA Y UNA (verlas con titulares)<\/a><\/strong><\/p>\n<p style=\"text-align: justify;\"><a id=\"r391\"><\/a><strong><span style=\"font-size: 12pt;\">391.\u00a0HERENCIA FORMALIZADA EN ESPA\u00d1A. CAUSANTE DE NACIONALIDAD FRANCESA. TESTAMENTO<\/span><\/strong><\/p>\n<p style=\"text-align: justify;\">Resoluci\u00f3n de 13 de octubre 2015, de la Direcci\u00f3n General de los Registros y del Notariado, en el recurso interpuesto contra la calificaci\u00f3n negativa del registrador de la propiedad de Alicante n.\u00ba 3, por la que acuerda no practicar la inscripci\u00f3n de una escritura de manifestaci\u00f3n de herencia y extinci\u00f3n de usufructo por fallecimiento.<\/p>\n<p style=\"text-align: justify;\">Se suspende la inscripci\u00f3n de una adjudicaci\u00f3n de herencia internacional <strong>abierta con anterioridad al 17 de agosto 2015<\/strong>, fecha de aplicaci\u00f3n del Reglamento (UE) n\u00ba 650\/2012 en la que hay que estar, por tanto, a la ley de la nacionalidad del causante (<a href=\"https:\/\/www.notariosyregistradores.com\/web\/columna-izq\/codigo-civil-titulo-preliminar\/#a9\">art\u00edculo 9.8 del C\u00f3digo Civil<\/a>) que conduce en este caso a la aplicaci\u00f3n de la ley francesa.<\/p>\n<p style=\"text-align: justify;\">El <strong>registrador<\/strong> exige, al igual que se discutiera en la <a href=\"https:\/\/www.notariosyregistradores.com\/web\/resoluciones\/por-meses\/resoluciones-dgrn-agosto-2015#r239\">Resoluci\u00f3n de 1 de julio de 2015<\/a>, que el notario consulte los registros testamentarios en el pa\u00eds de la nacionalidad del difunto y, en su caso, <em><strong>que se aporte informaci\u00f3n del Registro de \u00daltimas Voluntades franc\u00e9s<\/strong><\/em>.<\/p>\n<p style=\"text-align: justify;\">Debe tenerse presente que <strong>se incorpora certificaci\u00f3n del Registro General de \u00daltimas Voluntades de Espa\u00f1a<\/strong>, lugar en que se formaliza la sucesi\u00f3n y en el que se sit\u00faan los bienes del que resulta la existencia de t\u00edtulo sucesorio espa\u00f1ol, pero no consta anotado de conformidad con el art\u00edculo 6.2 del <a href=\"http:\/\/www.boe.es\/diario_boe\/txt.php?id=BOE-A-1985-20578\" target=\"_blank\">Convenio de Basilea de 16 de mayo de 1972<\/a> del que Espa\u00f1a y Francia son parte, ning\u00fan testamento otorgado en Francia.<\/p>\n<p style=\"text-align: justify;\">La DGRN recuerda que tras la aplicaci\u00f3n del <a href=\"https:\/\/www.notariosyregistradores.com\/web\/secciones\/oficina-notarial\/otros-temas\/guia-de-actuacion-notarial-sobre-el-reglamento-europeo-de-sucesiones\/\">R. (UE) n\u00famero 650\/2012, de 4 de julio<\/a>, producida el 17 de agosto de 2015, se pone de manifiesto la necesidad de que la Uni\u00f3n Europea avance en la interconexi\u00f3n de los Registros de disposiciones mortis causa. La situaci\u00f3n actual en Europa de los Registros de disposiciones \u00abmortis causa\u00bb (testamentarios) demuestra su gran heterogeneidad que se observa en la informaci\u00f3n ofrecida en la web e-justice de la Uni\u00f3n europea. En dicha web informativa, se establece que \u00ab<em><strong>las normas nacionales sobre Registro de testamentos var\u00edan considerablemente.<\/strong><\/em> En algunos Estados miembros, quien redacta un testamento (el testador) tiene la obligaci\u00f3n de registrarlo. En otros, el Registro se recomienda o afecta solo a determinadas formas de testamento. En algunos Estados miembros no existe en absoluto el Registro de testamentos\u00bb.<\/p>\n<p style=\"text-align: justify;\"><strong>En el caso de Francia no es obligatoria la inscripci\u00f3n del testamento<\/strong> en un Registro testamentario y fallecido el testador, sus sucesores est\u00e1n facultados y <strong>el notario franc\u00e9s, obligado, a su consulta<\/strong>. S\u00f3lo existe una responsabilidad para el notario franc\u00e9s en cuanto est\u00e1 a cargo del Notariado dicho Registro.<\/p>\n<p style=\"text-align: justify;\">Hasta el 17 de agosto de 2015, la ley francesa sucesoria era escisionista o secesionista \u2013es decir reenviaba a la \u00ablex rei sitae\u00bb la ley aplicable a la sucesi\u00f3n en bienes inmuebles\u2013, y de otra, <strong>nada impide que un ciudadano franc\u00e9s, como un espa\u00f1ol, haya podido testar de conformidad con las regla de un tercer Estado<\/strong>, ya sea miembro de la Uni\u00f3n Europea o tercero, de conformidad con lo dispuesto en el Convenio de La Haya de 5 de octubre de 1961, del que ambos Estados, Francia y Espa\u00f1a, son partes.<\/p>\n<p style=\"text-align: justify;\">El reglamento (UE) n\u00ba 650\/2012 consciente de las dificultades que en alg\u00fan supuesto pudiera suponer el reconocimiento de una forma testamentaria o contractual conforme a la ley sucesoria sobrevenida, establece la validez formal y material de los realizados conforme al criterio de la denominada lex putativa, que implica <strong>retrotraer la ley aplicable a la sucesi\u00f3n a la fecha en que la disposici\u00f3n se realiz\u00f3<\/strong>.<\/p>\n<p style=\"text-align: justify;\">La DGRN concluye en la misma l\u00ednea mantenida en la Resoluci\u00f3n de 1 de julio de 2015 de esta Direcci\u00f3n General, que toma nota de la anterior de 18 de enero de 2005 y se\u00f1ala: \u00ab&#8230;&#8230;.. Trat\u00e1ndose de causantes extranjeros, obviamente (por su vinculaci\u00f3n patrimonial o residencial espa\u00f1ola) ha de presentarse igualmente el correspondiente certificado del Registro espa\u00f1ol de actos de \u00faltima voluntad. Mas cabr\u00eda plantear s\u00ed, adem\u00e1s, complementariamente, habr\u00eda o no de exigirse el certificado de alg\u00fan registro equivalente al pa\u00eds de donde el causante es nacional. Ciertamente no todos los pa\u00edses tienen instaurado un Registro de actos de \u00faltima voluntad similar al nuestro, en cuanto a sus efectos, y en cuanto a su organizaci\u00f3n (a pesar del impulso, que, sobre este tema, supone el Convenio de Basilea). &#8230;&#8230;Nuestro sistema, donde la pr\u00e1ctica totalidad de los testamentos son notariales, basado en la obligatoriedad de la comunicaci\u00f3n que se impone al notario autorizante (o que protocoliza un testamento ol\u00f3grafo o que autoriza un acta donde se da noticia de su existencia), procura las m\u00e1s altas cotas de seguridad en la apertura de la sucesi\u00f3n intestada. Sin embargo, dada la prevalencia de la nacionalidad del causante a la hora de regir la sucesi\u00f3n,<strong><em> parece una medida oportuna y prudente, y casi obligada si lo exigiese la lex causae, que el notario espa\u00f1ol tambi\u00e9n solicite<\/em><\/strong> (en tanto no se establezca la deseada conexi\u00f3n de Registros, como la prevista para una fase final en el citado Convenio de Basilea de 16\/V\/1972), como prueba complementaria, la certificaci\u00f3n, en su caso, del Registro semejante correspondiente al pa\u00eds de donde el causante es nacional (a veces, su propio Registro Civil, si fuere en esta instituci\u00f3n donde la ley personal del finado establece que se tome nota de los testamentos otorgados), siempre que estuviese prevista alguna forma de publicidad de los t\u00edtulos sucesorios en ese pa\u00eds extranjero. Esta actuaci\u00f3n, al dotar de un mayor rigor al expediente, s\u00f3lo puede redundar en una mayor seguridad de la declaraci\u00f3n notarial\u2026\u00bb. Consecuentemente, si para la formalizaci\u00f3n del acta de declaraci\u00f3n de herederos parece prudente y casi obligado, dice la Resoluci\u00f3n citada, la aportaci\u00f3n del certificado del Registro de Actos de \u00daltima Voluntad del pa\u00eds de su nacionalidad, tambi\u00e9n deber\u00e1 aportarse, si existiere, por las consecuencias legitimadoras que atribuye la inscripci\u00f3n registral, al Registro de la Propiedad, con ocasi\u00f3n de la inscripci\u00f3n sucesoria. Y, <strong>si este Registro de Actos de \u00daltima Voluntad no existiere deber\u00e1 acreditarse<\/strong> esta circunstancia en la forma determinada en el <a href=\"https:\/\/www.notariosyregistradores.com\/NORMAS\/reglamento-hipotecario-1.htm#art36\">art\u00edculo 36 del Reglamento Hipotecario<\/a>.<\/p>\n<p style=\"text-align: justify;\">En cuanto al segundo defecto observado: \u00abNo se acredita, por alguno de los medios establecidos en el art.\u00ba 36 del Reglamento Hipotecario, que el testamento aportado, otorgado en Espa\u00f1a, es t\u00edtulo sucesorio v\u00e1lido seg\u00fan la legislaci\u00f3n francesa, es decir <strong>que en la herencia de la causante se han cumplido las formas y solemnidades de dicha legislaci\u00f3n<\/strong>\u00bb, debe ser revocado, toda vez que de conformidad con el art\u00edculo primero del <a href=\"http:\/\/www.boe.es\/diario_boe\/txt.php?id=BOE-A-1988-20377\" target=\"_blank\">Convenio de La Haya de 5 de octubre de 1961<\/a> (\u00abBolet\u00edn Oficial del Estado\u00bb de 17 de agosto de 1988) sobre los Conflictos de Leyes en Materia de Forma de las Disposiciones Testamentarias, <em><strong>una disposici\u00f3n testamentaria es v\u00e1lida en cuanto a la forma si \u00e9sta responde, entre otros supuestos, a la Ley interna del lugar en que el testador hizo la disposici\u00f3n<\/strong><\/em>, en este caso otorgado ante notario espa\u00f1ol. El testamento aportado es t\u00edtulo sucesorio a los efectos de su inscripci\u00f3n en el Registro de la Propiedad espa\u00f1ol siendo la ley interna la que regula el procedimiento y efectos de la inscripci\u00f3n, como se reconoce tambi\u00e9n en la actualidad en el Reglamento 650\/2012 (considerando 18, art\u00edculo 1.2.I).<\/p>\n<p style=\"text-align: justify;\">La Direcci\u00f3n General desestima el recurso y confirmar la nota de calificaci\u00f3n en cuanto al primer defecto; y, estima el recurso y revoca la nota de calificaci\u00f3n en cuanto al segundo defecto.\u00a0(IES)<\/p>\n<p style=\"text-align: justify;\"><a title=\"PDF firmado BOE-A-2015-11949\" href=\"http:\/\/www.boe.es\/boe\/dias\/2015\/11\/05\/pdfs\/BOE-A-2015-11949.pdf\">PDF (BOE-A-2015-11949 &#8211; 6 <abbr title=\"p\u00e1ginas\">p\u00e1gs.<\/abbr> &#8211; 188 <abbr title=\"kilobytes\">KB<\/abbr>)<\/a>\u00a0 \u00a0<a title=\"Versi\u00f3n HTML BOE-A-2015-11949\" href=\"http:\/\/www.boe.es\/diario_boe\/txt.php?id=BOE-A-2015-11949\">Otros formatos<\/a><\/p>\n<p style=\"text-align: justify;\">\u00a0<\/p>\n<p style=\"text-align: justify;\"><strong><a id=\"r392\"><\/a><span style=\"font-size: 12pt;\">392.\u00a0HERENCIA OTORGADA EN ITALIA. NIF-NIE DEL ADQUIRENTE EN ESCRITURA P\u00daBLICA. DESCRIPCI\u00d3N DE LA FINCA.<\/span><\/strong><\/p>\n<p style=\"text-align: justify;\">Resoluci\u00f3n de 13 de octubre 2015, de la Direcci\u00f3n General de los Registros y del Notariado, en el recurso interpuesto contra la nota de calificaci\u00f3n extendida por el registrador de la propiedad de Adeje, por la que se suspende la inscripci\u00f3n de una escritura de partici\u00f3n y adjudicaci\u00f3n de bienes.<\/p>\n<p style=\"text-align: justify;\"><strong>Hechos:<\/strong> Se otorga una escritura de herencia en Italia, ante un notario italiano, relativa a un apartamento en Tenerife.\u00a0Dicha escritura es complementada con una instancia con los datos de la finca objeto de la herencia, los NIE de los herederos, justificante de pago de impuestos en Italia, y manifestaci\u00f3n de que el r\u00e9gimen matrimonial era el de separaci\u00f3n de bienes.<\/p>\n<p style=\"text-align: justify;\"><strong>El registrador<\/strong> encuentra varios defectos: falta de presentaci\u00f3n fiscal del documento, tanto respecto del Impuesto de Sucesiones como de la llamada plusval\u00eda municipal,falta de otorgamiento de escritura para aportar el NIE,\u00a0 falta de descripci\u00f3n completa de la finca y \u00a0falta del estado civil de los otorgantes.<\/p>\n<p style=\"text-align: justify;\"><strong>La interesada<\/strong> recurre y alega que se justifica en el recurso la presentaci\u00f3n para liquidar la\u00a0 plusval\u00eda municipal (del t\u00edtulo previo), que se presentan los NIE en certificado original, y que se presenta el t\u00edtulo previo donde consta la descripci\u00f3n completa de la finca.<\/p>\n<p style=\"text-align: justify;\"><strong>La DGRN<\/strong> confirma la calificaci\u00f3n de todos los defectos, excepto del cuarto. En cuanto el primer defecto entiende que no se recurre, pues nada se alega; en cuanto al segundo defecto, lo confirma, pues la presentaci\u00f3n a liquidaci\u00f3n de la Plusval\u00eda municipal es posterior a la nota de calificaci\u00f3n y adem\u00e1s lo que se presenta es el t\u00edtulo previo, no el documento de herencia. Respecto del tercer defecto relativo al\u00a0 NIE aplica la ley espa\u00f1ola que exige, en inter\u00e9s de la Administraci\u00f3n P\u00fablica, que <strong>se acredite el NIE en escritura ante notario<\/strong>. Dicha ley, que regula la inscripci\u00f3n en el Registro de la Propiedad, (\u201clex rei sitae\u201d) ha de prevalecer sobre la ley que rige la forma del documento (en este caso la italiana) \u201cauctor regit actum\u201d. En cuanto al cuarto defecto, lo revoca, pues la descripci\u00f3n escueta de la finca en la escritura es complementada en la instancia, y aunque faltan los linderos ello\u00a0 no ha provocado dudas en el registrador sobre la finca objeto de inscripci\u00f3n. Respecto del quinto defecto, relativo a la falta de menci\u00f3n del estado civil, lo confirma tambi\u00e9n porque se pretende subsanar con posterioridad a la nota de calificaci\u00f3n en el escrito del recurso.\u00a0(AFS)<\/p>\n<div class=\"enlacesDoc\" style=\"text-align: justify;\">\n<p><a title=\"PDF firmado BOE-A-2015-11950\" href=\"http:\/\/www.boe.es\/boe\/dias\/2015\/11\/05\/pdfs\/BOE-A-2015-11950.pdf\">PDF (BOE-A-2015-11950 &#8211; 8 <abbr title=\"p\u00e1ginas\">p\u00e1gs.<\/abbr> &#8211; 201 <abbr title=\"kilobytes\">KB<\/abbr>)<\/a><a title=\"Versi\u00f3n HTML BOE-A-2015-11950\" href=\"http:\/\/www.boe.es\/diario_boe\/txt.php?id=BOE-A-2015-11950\">Otros formatos<\/a><\/p>\n<\/div>\n<p style=\"text-align: justify;\">\u00a0<\/p>\n<p style=\"text-align: justify;\"><span style=\"font-size: 12pt;\"><strong><a id=\"r393\"><\/a>393.\u00a0CESE Y NOMBRAMIENTO DE ADMINISTRADORES. Votaciones y resultados.<\/strong><\/span><\/p>\n<p style=\"text-align: justify;\"><strong>CONCRETA MAYOR\u00cdA CON LA QUE SE ADOPTAN LOS ACUERDOS. VOTACIONES SEPARADAS PARA CADA UNO DE LOS ADMINISTRADORES.<a href=\"https:\/\/www.notariosyregistradores.com\/web\/resoluciones\/por-meses\/resoluciones-dgrn-noviembre-2015\/#Content-bal-title\">^<\/a><\/strong><\/p>\n<p style=\"text-align: justify;\">Resoluci\u00f3n de 13 de octubre 2015, de la Direcci\u00f3n General de los Registros y del Notariado, en el recurso interpuesto contra la nota de calificaci\u00f3n extendida por el registrador mercantil y de bienes muebles accidental de C\u00e1diz, por la que se resuelve no practicar la inscripci\u00f3n de una escritura de cese de consejeros, cambio del \u00f3rgano de administraci\u00f3n y nombramiento de administradores mancomunados de una sociedad.<\/p>\n<p style=\"text-align: justify;\"><strong>Hechos:<\/strong> El \u00fanico problema que se plantea en esta resoluci\u00f3n consiste en determinar <strong>si es o no inscribible<\/strong> un acuerdo de cese de consejeros, cambio del \u00f3rgano de administraci\u00f3n y nombramiento de administradores mancomunados respecto del cual en el acta notarial de la junta <strong>simplemente se expresa que se adoptaron por \u00abmayor\u00eda\u00bb<\/strong> y con el voto en contra de determinados socios nominalmente relacionados, cuyo tanto por ciento en el capital resulta de la lista de asistentes.<\/p>\n<p style=\"text-align: justify;\">El registrador considera que <strong>debe expresarse el concreto porcentaje<\/strong> de capital social que ha votado a favor del acuerdo de cese del Consejo de Administraci\u00f3n y el nombramiento de las personas designadas Administradores Mancomunados. (<a href=\"http:\/\/www.boe.es\/buscar\/act.php?id=BOE-A-1996-17533&amp;b=117&amp;tn=1&amp;p=20070608#a97\">Art. 97.1.7.\u00aa Reglamento del Registro Mercantil<\/a>).<\/p>\n<p style=\"text-align: justify;\">El notario autorizante del acta recurre alegando que con los datos que figuran en la escritura se pueda llegar a saber cu\u00e1l es dicho porcentaje pues en la lista de asistentes figura el capital de cada uno de los presentes o representados. Por tanto si se dice los socios que votaron en contra restados del capital presente \u201cel resultado representa el porcentaje del capital social que ha votado a favor del acuerdo\u201d.<\/p>\n<p style=\"text-align: justify;\"><strong>Doctrina:<\/strong> La DG <strong>confirma<\/strong> la nota de calificaci\u00f3n.<\/p>\n<p style=\"text-align: justify;\">La DG parte de la consideraci\u00f3n que es <strong>un dato esencial<\/strong> para apreciar la validez de los acuerdos sociales que se exprese cu\u00e1l es la concreta mayor\u00eda con la que se adoptaron. Respecto de los votos en contra su porcentaje queda claro pero respecto de los positivos no sucede lo mismo pues en el acta s\u00f3lo se dice que se adoptaron por mayor\u00eda, sin expresar que votaron a favor \u201ctodos los dem\u00e1s socios que constaban en la lista de asistentes\u201d.<\/p>\n<p style=\"text-align: justify;\">Por ello concluye el CD que \u201cteniendo en cuenta que no pueden computarse los votos en blanco, la simple expresi\u00f3n por \u00abmayor\u00eda\u00bb no permite ni suponer razonablemente, ni calcular de modo aritm\u00e9tico, que los votos a favor fueran los de todos los dem\u00e1s socios inicialmente rese\u00f1ados en la lista de asistentes, como alega el recurrente\u201d.<\/p>\n<p style=\"text-align: justify;\">Finalmente apunta que \u201ctrat\u00e1ndose, como se trata, de acuerdos de separaci\u00f3n de unos administradores y nombramiento de otros, exige <a href=\"http:\/\/www.boe.es\/buscar\/act.php?id=BOE-A-2010-10544&amp;b=275&amp;tn=1&amp;p=20141204#a197bis\">el art\u00edculo 197 bis de la Ley de Sociedades de Capital<\/a>, que las votaciones (y, por ende, su constancia en el acta y en la certificaci\u00f3n que sobre ella se expida), se realicen separadamente por cada uno de ellos\u201d aunque no se entra en este posible defecto al no haber sido objeto de la nota de calificaci\u00f3n.<\/p>\n<p style=\"text-align: justify;\"><strong>Comentario:<\/strong> Dado lo esencial que para la validez de los acuerdos adoptados es la concreta mayor\u00eda con que los mismos fueron adoptados, parece evidente que <strong>esa mayor\u00eda debe resultar<\/strong> <strong>con claridad<\/strong> de la certificaci\u00f3n o como en este caso del acta de la junta. Ahora bien esa mayor\u00eda no es necesario que se diga de forma expresa, sino que puede tambi\u00e9n deducirse de las expresiones utilizadas en la redacci\u00f3n del acta, \u00a0lo que, a juicio de la DG, no resultaba en el caso contemplado. Y adem\u00e1s trat\u00e1ndose de una sociedad limitada es m\u00e1s necesaria la expresi\u00f3n de la concreta mayor\u00eda si cabe, pues como acertadamente apunta la DG, <a href=\"http:\/\/www.boe.es\/buscar\/act.php?id=BOE-A-2010-10544&amp;b=275&amp;tn=1&amp;p=20141204#a198\">el art\u00edculo 198<\/a> LSC exige que al menos vote a favor del acuerdo un tercio de los votos correspondientes a las participaciones en que se divide el capital social.<\/p>\n<p style=\"text-align: justify;\">\u00a0Por \u00faltimo en cuanto a la <strong>referencia<\/strong> que el CD hace al <a href=\"http:\/\/www.boe.es\/buscar\/act.php?id=BOE-A-2010-10544&amp;b=275&amp;tn=1&amp;p=20141204#a197bis\">art\u00edculo 197 bis de la LSC<\/a>, se traduce en la <strong>necesidad imperiosa<\/strong> de que en caso de cese y nombramiento que afecte a varios administradores, deben expresarse en el acta y por consiguiente en la certificaci\u00f3n, <strong>los votos a favor o en contra que ha obtenido cada administrador,<\/strong> bien en cuanto a su cese o bien en cuanto a su nombramiento. No obstante la claridad del precepto que dice que <strong>\u201cen todo caso\u201d<\/strong> y la finalidad perseguida de dar la m\u00e1xima claridad y transparencia a cuesti\u00f3n tan importante en el seno de la sociedad, <strong>si se expresa,<\/strong> como es lo habitual, que <strong>todos<\/strong> fueron cesados por unanimidad o que <strong>todos<\/strong> fueron nombrados del mismo modo, <strong>no creemos que formalmente haya que separar a los distintos administradores en las votaciones<\/strong>. La voluntad de la junta es clara y por tanto no debemos llevar, con un claro exceso de rigor formalista, a exigir\u00a0 para la inscripci\u00f3n que las votaciones sean separadas para cada uno de los administradores. Ahora bien, si del contexto de los acuerdos o por cualquier otra circunstancia contenida en la certificaci\u00f3n, se pudiera dudar que si se hubiera producido una votaci\u00f3n separada el resultado hubiera sido distinto o que unos administradores hubieran obtenido distinto porcentaje de votos que otros, <strong>quiz\u00e1s la falta de expresi\u00f3n de esta votaci\u00f3n separada pudiera ser defecto que impida la inscripci\u00f3n<\/strong>. En definitiva lo que queremos expresar con esta idea es que no parece admisible que en certificaci\u00f3n de los acuerdos de una <strong>junta universal,<\/strong> en la que tanto los ceses como los nombramientos lo fueron por unanimidad, <strong>sea defecto<\/strong> el no distinguir entre los distintos administradores, sobre todo si en el seno de la junta no se ha producido ninguna reserva ni protesta por la votaci\u00f3n conjunta de todos ellos. Creo que ello ser\u00e1 una cuesti\u00f3n a <strong>dilucidar<\/strong> en cada caso, evitando que el exceso de formalismo en la interpretaci\u00f3n de un art\u00edculo que, aunque aplicables a todas las sociedades, parece que est\u00e1 m\u00e1s bien pensado para las cotizadas, <strong>retrase o dificulte<\/strong> la inscripci\u00f3n de determinados acuerdos. No obstante <strong>lo aconsejable<\/strong> quiz\u00e1s sea el que se imponga casi como <strong>cl\u00e1usula de estilo<\/strong> en las juntas el que como <strong>cuesti\u00f3n previa<\/strong> al cese y nombramiento de administradores, se pregunte por el presidente <strong>si se acepta o no la votaci\u00f3n conjunta<\/strong> para todos los afectados por esos ceses o nombramiento. Con esta prevenci\u00f3n y con el pronunciamiento previo de la junta seguro que no debe existir problema alguno en la inscripci\u00f3n de los acuerdos derivados de estas juntas. (JAGV).<\/p>\n<p style=\"text-align: justify;\"><a href=\"http:\/\/www.boe.es\/boe\/dias\/2015\/11\/05\/pdfs\/BOE-A-2015-11951.pdf\">PDF (BOE-A-2015-11951 \u2013 4\u00a0p\u00e1gs.\u00a0\u2013 170\u00a0KB)<\/a>\u00a0 \u00a0<a href=\"http:\/\/www.boe.es\/diario_boe\/txt.php?id=BOE-A-2015-11951\">Otros formatos<\/a><\/p>\n<p style=\"text-align: justify;\"><a id=\"r394\"><\/a><span style=\"font-size: 12pt;\"><strong>394.\u00a0EJECUCI\u00d3N JUDICIAL HIPOTECARIA. REQUERIMIENTO AL DEUDOR EN DOMICILIO DISTINTO<\/strong><\/span><\/p>\n<p style=\"text-align: justify;\">Resoluci\u00f3n de 14 de octubre 2015, de la Direcci\u00f3n General de los Registros y del Notariado, en el recurso interpuesto contra la negativa de la registradora de la propiedad de Valladolid n.\u00ba 5 a inscribir un testimonio de un decreto de adjudicaci\u00f3n y el correspondiente mandamiento de cancelaci\u00f3n librados en un procedimiento de ejecuci\u00f3n directa sobre bienes hipotecados.<\/p>\n<p style=\"text-align: justify;\">Se plantea si en una ejecuci\u00f3n hipotecaria es v\u00e1lida la notificaci\u00f3n hecha al deudor persona jur\u00eddica en el domicilio social, distinto al \u201cfijado por el deudor, para la pr\u00e1ctica de los requerimientos y las notificaciones\u201d.<\/p>\n<p style=\"text-align: justify;\">Recoge el Centro Directivo la doctrina sentada en la reciente <a href=\"https:\/\/www.notariosyregistradores.com\/web\/resoluciones\/por-meses\/resoluciones-dgrn-agosto-2015\/#263-ejecucion-judicial-hipotecaria-forma-del-requerimiento-de-pago-al-deudor-hipotecante-\">Resoluci\u00f3n de 9 de julio de 2015<\/a>, en la que ha considerado correcto que, cuando no resulta posible al Juzgado verificar la notificaci\u00f3n y el requerimiento en el domicilio que aparece en el Registro, sea v\u00e1lida la efectuada en el domicilio real del deudor, puesto que si bien no ha cumplido estrictamente la previsi\u00f3n legal no cabe duda que el deudor fue requerido en su verdadero domicilio, con todas las garant\u00edas para \u00e9l, resultando indudable que se ha cumplido plenamente la finalidad del requerimiento en su doble aspecto de invitaci\u00f3n al pago y de anuncio o notificaci\u00f3n del procedimiento judicial.\u00a0 Adem\u00e1s en aplicaci\u00f3n de esta doctrina, la actual redacci\u00f3n del <a href=\"http:\/\/www.boe.es\/buscar\/act.php?id=BOE-A-2000-323&amp;tn=1&amp;p=20151028&amp;vd=#a686\">art. 686.3 LEC<\/a> (Ley 19\/2015, de 13 de julio, de medidas de reforma administrativa en el \u00e1mbito de la Administraci\u00f3n de Justicia y del Registro Civil,) dispone que: \u00ab<em>Intentado sin efecto el requerimiento en el domicilio que resulte del Registro, no pudiendo ser realizado el mismo con las personas a las que se refiere el apartado anterior, y realizadas por la Oficina judicial las averiguaciones pertinentes para determinar el domicilio del deudor, se proceder\u00e1 a ordenar la publicaci\u00f3n de edictos en la forma prevista en el art 164<\/em>\u00bb.<\/p>\n<p style=\"text-align: justify;\">Ahora bien dada la trascendencia que tiene la correcta realizaci\u00f3n de esta notificaci\u00f3n, deben adoptarse las garant\u00edas necesarias para asegurar que la misma se realiza personalmente con el ejecutado. En el caso <strong>de las sociedades mercantiles eso exige que la diligencia de notificaci\u00f3n se lleve a efecto con los administradores de la sociedad<\/strong>, que son quienes ostentan la representaci\u00f3n de la misma. En este supuesto resulta que la notificaci\u00f3n la recibi\u00f3 una persona que manifestaba ser empleado de la sociedad, por lo que en este punto se confirma la calificaci\u00f3n de la Registradora, ya que aunque posteriormente se aporta un informe de la secretaria judicial certificando de manera expresa que el requerimiento lo ha recibido el representante legal de la ejecutada, tal informe no puede ser tenido en cuenta para resolver el recurso pues s\u00f3lo cabe tener en cuenta los documentos presentados en tiempo y forma en el Registro para su calificaci\u00f3n(<a href=\"https:\/\/www.notariosyregistradores.com\/web\/normas\/ley-hipotecaria\/#a326\">art. 326 LH<\/a>). (MN)<\/p>\n<div class=\"enlacesDoc\" style=\"text-align: justify;\">\n<p><a title=\"PDF firmado BOE-A-2015-11952\" href=\"http:\/\/www.boe.es\/boe\/dias\/2015\/11\/05\/pdfs\/BOE-A-2015-11952.pdf\">PDF (BOE-A-2015-11952 &#8211; 10 <abbr title=\"p\u00e1ginas\">p\u00e1gs.<\/abbr> &#8211; 223 <abbr title=\"kilobytes\">KB<\/abbr>)<\/a>\u00a0 \u00a0<a title=\"Versi\u00f3n HTML BOE-A-2015-11952\" href=\"http:\/\/www.boe.es\/diario_boe\/txt.php?id=BOE-A-2015-11952\">Otros formatos<\/a><\/p>\n<\/div>\n<p style=\"text-align: justify;\">\u00a0<\/p>\n<p style=\"text-align: justify;\"><span style=\"font-size: 12pt;\"><a id=\"r395\"><\/a><strong>395.\u00a0EXPEDIENTE DE DOMINIO PARA REGISTRAR EXCESO DE CABIDA. DUDAS DE IDENTIDAD<\/strong><\/span><\/p>\n<p style=\"text-align: justify;\">Resoluci\u00f3n de 15 de octubre 2015, de la Direcci\u00f3n General de los Registros y del Notariado, en el recurso interpuesto contra la nota de calificaci\u00f3n extendida por el registrador de la propiedad de Escalona, por la que se suspende la inscripci\u00f3n de un auto dictado en expediente de dominio para inmatriculaci\u00f3n de exceso de cabida.<\/p>\n<p style=\"text-align: justify;\">La DGRN recuerda que \u00abSe ha entendido tambi\u00e9n reiteradamente, por este Centro Directivo, que las dudas del registrador en lo relativo a la identificaci\u00f3n de la finca no pueden impedir, en v\u00eda de principios, la inscripci\u00f3n en los supuestos de expediente de dominio (puede verse en Resoluciones como la de 25 de noviembre de 2013), pues, en este caso, el juicio corresponde exclusivamente al juez, por ser \u00e9ste quien dentro del procedimiento goza de los mayores elementos probatorios para efectuarlo y de los resortes para hacerlo con las mayores garant\u00edas. No obstante, ello ser\u00e1 as\u00ed, se ha dicho tambi\u00e9n, salvo que, en tal momento, y con car\u00e1cter de excepci\u00f3n a la citada regla general, el registrador no tenga ya dudas, sino la certeza de que el exceso no corresponde a la finca ya inscrita, pues en estos casos, frente al limitado alcance de la calificaci\u00f3n de los documentos judiciales, debe primar la superior exigencia institucional de evitar tales indeseables situaciones (cfr. Resoluci\u00f3n de 25 de noviembre de 2013)\u00bb.<\/p>\n<p style=\"text-align: justify;\">Y en el caso particular objeto del recurso, se\u00f1ala que \u00abno puede establecerse sin duda alguna que (&#8230;)\u00a0el expediente repara el error de medici\u00f3n, entendido como la rectificaci\u00f3n de un err\u00f3neo dato registral referido a la descripci\u00f3n de la finca inmatriculada, de modo que con tal rectificaci\u00f3n no se altera la realidad f\u00edsica exterior que se acota con la descripci\u00f3n registral, esto es, que la superficie que ahora se pretende constatar tabularmente es la que debi\u00f3 reflejarse en su d\u00eda por ser la realmente contenida en los linderos originalmente registrados\u00bb.<\/p>\n<p style=\"text-align: justify;\">\u00abpor el contrario, de los antecedentes del Registro y del propio historial catastral de las fincas puede inferirse que dicha superficie formaba parte de la matriz y que probablemente se produjo un error en la escritura de segregaci\u00f3n, que fue el que a su vez origin\u00f3 la inicial configuraci\u00f3n equivocada de las fincas en el Catastro y que ser\u00e1 el que deba repararse con intervenci\u00f3n del titular de la finca matriz\u00bb.<\/p>\n<p style=\"text-align: justify;\">Por todo ello, la DGRN confirma la nota de calificaci\u00f3n registral y desestima el recurso.\u00a0(JDR)<\/p>\n<div class=\"enlacesDoc\" style=\"text-align: justify;\">\n<p><a title=\"PDF firmado BOE-A-2015-11953\" href=\"http:\/\/www.boe.es\/boe\/dias\/2015\/11\/05\/pdfs\/BOE-A-2015-11953.pdf\">PDF (BOE-A-2015-11953 &#8211; 8 <abbr title=\"p\u00e1ginas\">p\u00e1gs.<\/abbr> &#8211; 226 <abbr title=\"kilobytes\">KB<\/abbr>)<\/a>\u00a0 \u00a0<a title=\"Versi\u00f3n HTML BOE-A-2015-11953\" href=\"http:\/\/www.boe.es\/diario_boe\/txt.php?id=BOE-A-2015-11953\">Otros formatos<\/a><\/p>\n<\/div>\n<p style=\"text-align: justify;\">\u00a0<\/p>\n<p style=\"text-align: justify;\"><span style=\"font-size: 12pt;\"><a id=\"r396\"><\/a><strong>396.\u00a0HERENCIA. NIE DE LA LEGITIMARIA A LA QUE NO SE ADJUDICAN BIENES<\/strong><\/span><\/p>\n<p style=\"text-align: justify;\">Resoluci\u00f3n de 15 de octubre 2015, de la Direcci\u00f3n General de los Registros y del Notariado, en el recurso interpuesto contra la nota de calificaci\u00f3n extendida por el registrador de la propiedad de M\u00e1laga n.\u00ba 10, en relaci\u00f3n a una escritura de adjudicaci\u00f3n de herencia.<\/p>\n<p style=\"text-align: justify;\"><strong>Hechos<\/strong>: Se formaliza una escritura de adjudicaci\u00f3n parcial de herencia, en la que A en representaci\u00f3n de B (viuda del finado X), formaliza la adjudicaci\u00f3n del \u00fanico inmueble existente en Espa\u00f1a, a favor de la viuda B, manifestando que la \u00fanica hija C del causante hab\u00eda sido satisfecha de sus derechos legitimarios, mediante la adjudicaci\u00f3n de otros bienes en Irlanda.<\/p>\n<p style=\"text-align: justify;\">\u00a0M\u00e1s tarde y por diligencia extendida por la notario en la misma escritura, se hace constar por intervenci\u00f3n directa de la legitimaria C (que no exhibe NIE), que efectivamente ya tiene recibidos bienes bastantes de su padre X para cubrir su leg\u00edtima y por tanto acepta la adjudicaci\u00f3n del inmueble anterior a favor de su madre B.<\/p>\n<p style=\"text-align: justify;\">\u00a0Pese a que la escritura hab\u00eda sido inscrita, con la obtenci\u00f3n posterior del NIE, se interpuso recurso contra la nota registral.<\/p>\n<p style=\"text-align: justify;\"><strong>Registradora<\/strong>: Hab\u00eda alegado que se suspend\u00eda la inscripci\u00f3n de la finca a favor de B, dado que <strong>no se hab\u00eda llegado a consignar en la escritura el NIE de la legitimaria C, y ello en base al <\/strong><a href=\"https:\/\/www.notariosyregistradores.com\/web\/normas\/ley-hipotecaria\/#a254\"><strong>art\u00edculo 254. 2 de la LH<\/strong> <\/a>\u00ab2. No se practicar\u00e1 ninguna inscripci\u00f3n en el Registro de la Propiedad de los t\u00edtulos relativos a actos o contratos por los que se adquieran, declaren, constituyan, transmitan, graven, modifiquen o extingan el dominio y los dem\u00e1s derechos reales sobre bienes inmuebles, o cualesquiera otros con trascendencia tributaria, cuando no consten en aquellos <strong>todos los n\u00fameros<\/strong> <strong>de identificaci\u00f3n fiscal de los comparecientes (la legitimaria hab\u00eda comparecido finalmente)<\/strong> y, en su caso, de las personas o entidades en cuya representaci\u00f3n act\u00faen. 4. Las escrituras a las que se refieren los n\u00fameros 2 y 3 anteriores se entender\u00e1n aquejadas de un defecto subsanable\u201d.<\/p>\n<p style=\"text-align: justify;\">\u00a0Adem\u00e1s la <a href=\"https:\/\/www.notariosyregistradores.com\/RESOLUCIONES\/2011-ENERO.htm#r19\"><span style=\"color: #0066cc;\">R. 13 de diciembre de 2010<\/span><\/a> hizo constar que la necesidad de hacer constar el NIE o NIF, constitu\u00eda una exigencia establecida para prevenir el fraude fiscal y, por tanto, deb\u00eda exigirse con todo rigor, salvo en los supuestos sin trascendencia tributaria (la resoluci\u00f3n citada versaba sobre unos legados de muebles a favor de extranjeros no residentes, que no hab\u00edan obtenido el NIE, mientras que s\u00ed lo hab\u00eda obtenido el adquirente del \u00fanico bien inmueble a inscribir; supuesto netamente diferente al que motiva la presente calificaci\u00f3n\u201d.<\/p>\n<p style=\"text-align: justify;\"><strong>Notaria: <\/strong>Alegaba que la legitimaria no adquir\u00eda ni transmit\u00eda o renunciaba a ning\u00fan derecho respecto del bien sito en Espa\u00f1a, ni su comparecencia ten\u00eda trascendencia fiscal. <strong><u>DGRN<\/u>: <\/strong>Confirma el defecto alegado por le registradora y establece que:<\/p>\n<p style=\"text-align: justify;\">\u201c<strong>La obligaci\u00f3n de consignaci\u00f3n del NIE no est\u00e1 limitada al hecho de adquirir o transmitir un bien inmueble, sino que se extiende a todos los supuestos de participaci\u00f3n en una relaci\u00f3n jur\u00eddica con trascendencia tributaria lo que evidentemente ocurre en el presente supuesto<\/strong>. Si el legislador hubiera querido limitar tal obligaci\u00f3n, al menos en el \u00e1mbito del Registro de la Propiedad, a los supuestos de transmisi\u00f3n o adquisici\u00f3n de derechos sobre bienes inmuebles lo hubiera hecho as\u00ed dando al <a href=\"https:\/\/www.notariosyregistradores.com\/web\/normas\/ley-hipotecaria\/#a254\">art\u00edculo 254 de la Ley Hipotecaria <\/a>una redacci\u00f3n distinta de la que figura en los dem\u00e1s textos legales citados como ser\u00eda el caso de los notarios cuyo campo de actuaci\u00f3n no est\u00e1 limitado al \u00e1mbito inmobiliario\u201d. (JLN)<\/p>\n<div class=\"enlacesDoc\" style=\"text-align: justify;\">\n<p><a title=\"PDF firmado BOE-A-2015-11954\" href=\"http:\/\/www.boe.es\/boe\/dias\/2015\/11\/05\/pdfs\/BOE-A-2015-11954.pdf\">PDF (BOE-A-2015-11954 &#8211; 5 <abbr title=\"p\u00e1ginas\">p\u00e1gs.<\/abbr> &#8211; 178 <abbr title=\"kilobytes\">KB<\/abbr>)<\/a>\u00a0 \u00a0<a title=\"Versi\u00f3n HTML BOE-A-2015-11954\" href=\"http:\/\/www.boe.es\/diario_boe\/txt.php?id=BOE-A-2015-11954\">Otros formatos<\/a><\/p>\n<\/div>\n<p style=\"text-align: justify;\">\u00a0<\/p>\n<p style=\"text-align: justify;\"><span style=\"font-size: 12pt;\"><a id=\"r397\"><\/a><strong>397.\u00a0PARTICI\u00d3N HEREDITARIA. ALBACEA. CONFLICTO DE INTERESES<\/strong><\/span><\/p>\n<p style=\"text-align: justify;\">Resoluci\u00f3n de 16 de octubre 2015, de la Direcci\u00f3n General de los Registros y del Notariado, en el recurso interpuesto contra la calificaci\u00f3n de la registradora de la propiedad de Madrid n.\u00ba 38, por la que se suspende la inscripci\u00f3n de una escritura de partici\u00f3n de herencia.<\/p>\n<p style=\"text-align: justify;\"><strong>Hechos:<\/strong> En un testamento la testadora nombra a una de las hijas albacea con el encargo de hacer lotes de los bienes muebles de la herencia y sortearlos, y nombra tambi\u00e9n a un abogado de su confianza como asesor de la albacea. En escritura de partici\u00f3n de herencia la albacea con la intervenci\u00f3n del abogado hace una partici\u00f3n total de la herencia sin intervenci\u00f3n de los restantes herederos y legitimarios.<\/p>\n<p style=\"text-align: justify;\"><strong>La registradora <\/strong>suspende la inscripci\u00f3n pues, adem\u00e1s de otros defectos no recurridos, considera \u00a0que el abogado s\u00f3lo tiene facultades de asesoramiento, que la albacea no tiene facultades de contar y partir y si las tuviera no podr\u00eda ser contador partidor pues es tambi\u00e9n una de las herederas por lo que existir\u00eda un conflicto de intereses que regula el art\u00edculo 1057 del C\u00f3digo Civil. Por todo lo anterior concluye que deben de intervenir los restantes herederos y legitimarios. Dicha calificaci\u00f3n es confirmada por el registrador sustituto.<\/p>\n<p style=\"text-align: justify;\"><strong>La albacea<\/strong> recurre y alega que la registradora no interpreta adecuadamente el testamento. A tal efecto presenta un acta notarial\u00a0 donde el notario autorizante del testamento, ya jubilado, declara \u00a0que la albacea nombrada lo es con el car\u00e1cter de universal y que el abogado tiene facultades de liquidar la herencia, no s\u00f3lo de asesorar, que no hay conflicto de intereses por cuanto la albacea y abogado se han limitado a ejecutar la partici\u00f3n ya realizada por la testadora y por tanto que no es necesario que intervengan los restantes legitimarios. Adem\u00e1s se\u00f1ala que la nota de calificaci\u00f3n no especifica si los defectos son subsanables o no.<\/p>\n<p style=\"text-align: justify;\"><strong>La DGRN<\/strong> confirma la calificaci\u00f3n. Considera que la nota es suficientemente expresiva de que los defectos son subsanables pues se suspende la inscripci\u00f3n. Respecto de la interpretaci\u00f3n del alcance del cargo y facultades de la hija y abogado considera que la hija y heredera ha sido nombrada albacea, que no ha sido nombrada \u00a0contador partidor porque adem\u00e1s no podr\u00eda serlo conforme al <a href=\"https:\/\/www.notariosyregistradores.com\/web\/normas\/codigo-civil-libro-tercero\/#art1057\">art\u00edculo 1057 del C\u00f3digo Civil<\/a>, \u00a0que el abogado es un asesor, sin facultades de liquidar la herencia, que la testadora no ha hecho la partici\u00f3n de su herencia en su testamento y que, en consecuencia, es necesaria la intervenci\u00f3n de los legitimarios en la partici\u00f3n y en la entrega de los legados, dada la consideraci\u00f3n de la leg\u00edtima como una \u201cpars bonorum\u201d.\u00a0 (AFS)<\/p>\n<div class=\"enlacesDoc\" style=\"text-align: justify;\">\n<p><a title=\"PDF firmado BOE-A-2015-11955\" href=\"http:\/\/www.boe.es\/boe\/dias\/2015\/11\/05\/pdfs\/BOE-A-2015-11955.pdf\">PDF (BOE-A-2015-11955 &#8211; 11 <abbr title=\"p\u00e1ginas\">p\u00e1gs.<\/abbr> &#8211; 234 <abbr title=\"kilobytes\">KB<\/abbr>)<\/a>\u00a0 \u00a0<a title=\"Versi\u00f3n HTML BOE-A-2015-11955\" href=\"http:\/\/www.boe.es\/diario_boe\/txt.php?id=BOE-A-2015-11955\">Otros formatos<\/a><\/p>\n<\/div>\n<p style=\"text-align: justify;\">\u00a0<\/p>\n<p style=\"text-align: justify;\"><span style=\"font-size: 12pt;\"><a id=\"r398\"><\/a><strong>398.\u00a0<span style=\"font-size: medium;\">COMPRA EXTRACOMUNITARIO SIN AUTORIZACI\u00d3N MILITAR.<\/span><\/strong><\/span><\/p>\n<p style=\"text-align: justify;\">Resoluci\u00f3n de 16 de octubre 2015, de la Direcci\u00f3n General de los Registros y del Notariado, en el recurso interpuesto contra la nota de calificaci\u00f3n extendida por el registrador de la propiedad de Palma de Mallorca n.\u00ba 8, por la que acuerda no practicar la inscripci\u00f3n de una escritura de venta de dos fincas r\u00fasticas.<\/p>\n<p><strong>La \u201ccondictio iuris\u201d no puede elevarse a \u201ccondictio facti\u201d.<\/strong> Resoluci\u00f3n id\u00e9ntica en cuanto a este tema a la <a href=\"https:\/\/www.notariosyregistradores.com\/web\/resoluciones\/por-meses\/resoluciones-dgrn-marzo-2015#97-compra-extracomunitario-sin-autorizacion-militar-poder-extranjero-\">R. 5 de Marzo de 2015<\/a><\/p>\n<p>A\u00f1ade no obstante dos cuestiones:<\/p>\n<p style=\"text-align: justify;\">-las <strong>consecuencias que pudieran derivarse en las relaciones inter partes por el incumplimiento o no concurrencia de la \u00abcondictio iuris\u00bb<\/strong> exigida con car\u00e1cter imperativo por el ordenamiento: \u00a0Es cierto que no es competencia del registrador ni de la DGRN declarar la nulidad de una escritura p\u00fablica, lo que competer\u00eda en su caso a los tribunales de Justicia, sino \u00fanicamente su inscribibilidad o no, pero dejando al margen los problemas relativos a la validez y eficacia sustantiva de tal escritura y de los efectos inter partes que pueda producir, es lo cierto que el notario ha contravenido el texto literal del mandato contenido en el<strong> art\u00edculo 20 de la <a href=\"http:\/\/www.boe.es\/buscar\/act.php?id=BOE-A-1975-5292\" target=\"_blank\">Ley 8\/1975<\/a>.<\/strong><\/p>\n<p style=\"text-align: justify;\">-Reitera (entre otras, <a href=\"https:\/\/www.notariosyregistradores.com\/RESOLUCIONES\/2006-ABRIL.htm#r77\">R. 1 de Marzo de 2006<\/a>, <a href=\"https:\/\/www.notariosyregistradores.com\/RESOLUCIONES\/2007-MARZO.htm#r63\">R. 31 de Enero de 2007<\/a>) <strong>el car\u00e1cter unitario que ha de tener la calificaci\u00f3n<\/strong>, que exige que se incluyan en ella todos los defectos existentes en el documento, por lo que no es admisible someter dicho t\u00edtulo a sucesivas calificaciones parciales, de suerte que apreciado un defecto no se entre en el examen de la posible existencia de otros en tanto aquel no sea subsanado. (JCC)<\/p>\n<div class=\"enlacesDoc\" style=\"text-align: justify;\">\n<p><a title=\"PDF firmado BOE-A-2015-11956\" href=\"http:\/\/www.boe.es\/boe\/dias\/2015\/11\/05\/pdfs\/BOE-A-2015-11956.pdf\">PDF (BOE-A-2015-11956 &#8211; 6 <abbr title=\"p\u00e1ginas\">p\u00e1gs.<\/abbr> &#8211; 217 <abbr title=\"kilobytes\">KB<\/abbr>)<\/a>\u00a0 \u00a0<a title=\"Versi\u00f3n HTML BOE-A-2015-11956\" href=\"http:\/\/www.boe.es\/diario_boe\/txt.php?id=BOE-A-2015-11956\">Otros formatos<\/a><\/p>\n<\/div>\n<p style=\"text-align: justify;\">\u00a0<\/p>\n<p style=\"text-align: justify;\"><span style=\"font-size: 12pt;\"><a id=\"r399\"><\/a><strong>399.\u00a0<span style=\"font-size: medium;\">COMPRA EXTRACOMUNITARIO SIN AUTORIZACI\u00d3N MILITAR.<\/span><\/strong><\/span><\/p>\n<p style=\"text-align: justify;\">Resoluci\u00f3n de 16 de octubre 2015, de la Direcci\u00f3n General de los Registros y del Notariado, en el recurso interpuesto contra la nota de calificaci\u00f3n extendida por el registrador de la propiedad de Palma de Mallorca n.\u00ba 8, por la que acuerda no practicar la inscripci\u00f3n de una escritura de venta de una vivienda sobre una finca r\u00fastica.<\/p>\n<p style=\"text-align: justify;\">Id\u00e9ntica a la Resoluci\u00f3n anterior (398). (JCC)<\/p>\n<div class=\"enlacesDoc\" style=\"text-align: justify;\">\n<p><a title=\"PDF firmado BOE-A-2015-11957\" href=\"http:\/\/www.boe.es\/boe\/dias\/2015\/11\/05\/pdfs\/BOE-A-2015-11957.pdf\">PDF (BOE-A-2015-11957 &#8211; 6 <abbr title=\"p\u00e1ginas\">p\u00e1gs.<\/abbr> &#8211; 216 <abbr title=\"kilobytes\">KB<\/abbr>)<\/a>\u00a0 \u00a0<a title=\"Versi\u00f3n HTML BOE-A-2015-11957\" href=\"http:\/\/www.boe.es\/diario_boe\/txt.php?id=BOE-A-2015-11957\">Otros formatos<\/a><\/p>\n<\/div>\n<p style=\"text-align: justify;\">\u00a0<\/p>\n<p style=\"text-align: justify;\"><span style=\"font-size: 12pt;\"><a id=\"r400\"><\/a><strong>400.\u00a0ANOTACI\u00d3N CADUCADA. NO CABE CANCELAR CARGAS POSTERIORES<\/strong><\/span><\/p>\n<p style=\"text-align: justify;\">Resoluci\u00f3n de 16 de octubre 2015, de la Direcci\u00f3n General de los Registros y del Notariado, en el recurso interpuesto contra la nota de calificaci\u00f3n extendida por el registrador de la propiedad de A Coru\u00f1a n.\u00ba 2, por la que se deniega la cancelaci\u00f3n de determinadas anotaciones de embargo, ordenada en mandamiento judicial, dictado como consecuencia de procedimiento de ejecuci\u00f3n de finca, en el que ha reca\u00eddo el correspondiente decreto de adjudicaci\u00f3n, por estar caducada la anotaci\u00f3n en la que se sustenta la adjudicaci\u00f3n.<\/p>\n<p style=\"text-align: justify;\">Se reitera la abundant\u00edsima doctrina seg\u00fan la cual caducada una anotaci\u00f3n preventiva de embargo deja de tener efectos y en consecuencia la adjudicaci\u00f3n de la finca como consecuencia de la ejecuci\u00f3n depender\u00e1 de que el deudor siga conservando la titularidad de la misma y en caso de existir cargas posteriores no podr\u00e1n ser objeto de cancelaci\u00f3n registral. Todo ello sin perjuicio de poder acudir a la interposici\u00f3n de las correspondientes tercer\u00edas de mejor derecho o de dominio. (MN)<\/p>\n<div class=\"enlacesDoc\" style=\"text-align: justify;\">\n<p><a title=\"PDF firmado BOE-A-2015-11958\" href=\"http:\/\/www.boe.es\/boe\/dias\/2015\/11\/05\/pdfs\/BOE-A-2015-11958.pdf\">PDF (BOE-A-2015-11958 &#8211; 10 <abbr title=\"p\u00e1ginas\">p\u00e1gs.<\/abbr> &#8211; 226 <abbr title=\"kilobytes\">KB<\/abbr>)<\/a><a title=\"Versi\u00f3n HTML BOE-A-2015-11958\" href=\"http:\/\/www.boe.es\/diario_boe\/txt.php?id=BOE-A-2015-11958\">Otros formatos<\/a><\/p>\n<p>&nbsp;<\/p>\n<p><span style=\"font-size: 12pt;\"><a id=\"r401\"><\/a><strong>401. CANCELACI\u00d3N DE CARGA MODAL<\/strong><\/span><\/p>\n<p>Resoluci\u00f3n de 19 de octubre de 2015, de la Direcci\u00f3n General de los Registros y del Notariado, en el recurso interpuesto contra la calificaci\u00f3n del registrador de la propiedad de M\u00e1laga n.\u00ba 10, por la que se deniega la inscripci\u00f3n de una escritura de subsanaci\u00f3n y cancelaci\u00f3n de carga.<\/p>\n<p><strong><u>Hechos<\/u><\/strong>: 1.- El origen de problema es la formalizaci\u00f3n de un testamento, en el que se atribuye el <strong>legado de una vivienda<\/strong>, propia de la testadora, a favor de determinada Asociaci\u00f3n Religiosa, pero <strong>con la carga de que \u201cfuera destinada a templo de esta Asociaci\u00f3n\u201d.<\/strong><\/p>\n<p>Tras de su fallecimiento y al formalizarse la escritura de entrega del legado a la Asociaci\u00f3n, la vivienda se inscribe a su nombre, pero con la carga dicha (destino a templo).<\/p>\n<p>Posteriormente, la Asociaci\u00f3n Religiosa propietaria, <strong>la vende<\/strong> a un tercero, acompa\u00f1ando un <strong>certificado del Ayuntamiento, que acredita la imposibilidad de cumplir la finalidad<\/strong> <strong>del destino previsto por la testadora.<\/strong><\/p>\n<p>Rechazada la inscripci\u00f3n registral de la compraventa, dado que se ha incumplido el destino que exig\u00eda el testamento y consta en el Registro, se pretende ahora subsanar dicha venta, <strong>solicitando la Asociaci\u00f3n Vendedora la cancelaci\u00f3n de la carga<\/strong> (de acuerdo con el <a href=\"https:\/\/www.notariosyregistradores.com\/web\/normas\/ley-hipotecaria\/#a98\">art 98 de la LH<\/a>), <strong>por tratarse, seg\u00fan ella, de una obligaci\u00f3n personal<\/strong><\/p>\n<p>El <strong>registrador<\/strong> rechaza dicha cancelaci\u00f3n, ya que se ha incumplido la carga o sea el destino de la vivienda a templo religioso, por lo que <strong>ser\u00eda necesario el consentimiento de los herederos de la causante<\/strong>, o en su defecto resoluci\u00f3n judicial.<\/p>\n<p><strong><u>Notario:<\/u><\/strong> El notario, que recurre la calificaci\u00f3n, entiende que <strong>se trata de un modo<\/strong>, que permite imponer al legatario una carga, un destino o una limitaci\u00f3n y que no atribuye otro derecho que el de pedir su cumplimiento y s\u00f3lo se tratar\u00eda de una condici\u00f3n si se hubiera exigido su cumplimiento antes de recibir el legado, ya que el modo hay que cumplirlo tras de haber recibido el bien, adem\u00e1s el c.c. conforme al <a href=\"https:\/\/www.notariosyregistradores.com\/web\/normas\/codigo-civil-libro-tercero\/#art797\">art 797 c.c. <\/a>da prevalencia al modo sobre la condici\u00f3n.<\/p>\n<p><strong><u>La DG desestima el recurso:<\/u><\/strong><\/p>\n<p>\u00a0 ..- en principio, la voluntad del testador es ley de la sucesi\u00f3n, y por tanto hay que partir del criterio subjetivista que busca siempre la<strong> voluntad del mismo<\/strong> (art<a href=\"https:\/\/www.notariosyregistradores.com\/web\/normas\/codigo-civil-libro-tercero\/#art667\"> 667 <\/a>y <a href=\"https:\/\/www.notariosyregistradores.com\/web\/normas\/codigo-civil-libro-tercero\/#art675\">675 c.c.<\/a>).<\/p>\n<p>\u00a0 ..- tras de ello debe prevalecer una interpretaci\u00f3n favorable a la <strong>eficacia del legado<\/strong>, en congruencia con el principio de conservaci\u00f3n de las disposiciones de \u00faltima voluntad (<a href=\"https:\/\/www.notariosyregistradores.com\/web\/normas\/codigo-civil-libro-tercero\/#art767\">art 767<\/a>, <a href=\"https:\/\/www.notariosyregistradores.com\/web\/normas\/codigo-civil-libro-tercero\/#art715\">715<\/a>, <a href=\"https:\/\/www.notariosyregistradores.com\/web\/normas\/codigo-civil-libro-tercero\/#art743\">743<\/a>, <a href=\"https:\/\/www.notariosyregistradores.com\/web\/normas\/codigo-civil-libro-tercero\/#art786\">786 c.c.<\/a>)<\/p>\n<p>\u00a0 ..- \u00a0adem\u00e1s hay que distinguir entre <strong>modo, condici\u00f3n y ruego<\/strong>, diferenci\u00e1ndose el primero de la segunda, en que su eficacia no queda supeditada a que el modo se cumpla antes, como sucede con la condici\u00f3n.<\/p>\n<p>\u00a0 ..- La <strong>carga modal debe cumplirse por el gravado<\/strong> y <strong>en caso de incumplimiento culpable faculta para resolver la liberalidad<\/strong>, tanto en los negocios inter vivos como mortis cusa. Adem\u00e1s, se debe determinar si la carga modal que impone un uso determinado, se encuentra sujeta a un l\u00edmite que, en cuanto a las personas f\u00edsicas, es el 2\u00ba grado (<a href=\"https:\/\/www.notariosyregistradores.com\/web\/normas\/codigo-civil-libro-tercero\/#art785\">art 785<\/a>) y en las personas jcas ser\u00e1 de 30 a\u00f1os (<a href=\"https:\/\/www.notariosyregistradores.com\/web\/normas\/codigo-civil-libro-tercero\/#art515\">515 c.c.<\/a>).<\/p>\n<p>\u00a0 ..- Adem\u00e1s la obligaci\u00f3n modal <strong>no es equiparable a la obligaci\u00f3n personal<\/strong>, cuyo acceso registral se rechaza si falta una garant\u00eda (art 98 LH).<\/p>\n<p>\u00a0 ..- Finalmente la DG determina que <strong>estamos ante un legado modal<\/strong> y que, en este caso, tiene, como en la mayor\u00eda de los casos, una <strong>trascendencia real<\/strong>.<\/p>\n<p>\u00a0 ..- En fin y tras de determinar que, una vez practicado un asiento (la inscripci\u00f3n del legado modal) en el Registro, el recurso contra la calificaci\u00f3n negativa del registrador en cuanto a la rectificaci\u00f3n de asientos ya practicados, no es el cauce adecuado, ya que quedan bajo la salvaguardia de los tribunales.<\/p>\n<p>\u00a0 ..- En consecuencia, y despu\u00e9s de todo lo anterior, ya que en el recurso no se discute si la inscripci\u00f3n del legado debi\u00f3 o no practicarse, sino si es ahora posible la <strong>cancelaci\u00f3n<\/strong> de la afecci\u00f3n modal o destino del legado, la DG establece que,\u00a0<strong>para llevarla a cabo<\/strong>, y ya que aqu\u00ed se solicita por el interesado la cancelaci\u00f3n del asiento registral, por <strong>ser la carga de imposible cumplimiento<\/strong>, aportando para ello un informe desfavorable sobre la viabilidad del destino de la vivienda adjudicada a templo, y puesto que <strong>el registrador no es competente para valorar dicha circunstancia<\/strong>, es necesario para ello el <strong>consentimiento <\/strong>del titular registral \u2013<strong>aquellos a cuyo favor se constituy\u00f3 la carga o quienes tienen derecho a exigir su cumplimiento- o en su caso una resoluci\u00f3n judicial.<\/strong><\/p>\n<p>\u00a0\u00a0 \u00a0Tampoco es admisible la manifestaci\u00f3n de la Asociaci\u00f3n titular de que <strong>el dinero obtenido con la venta se va a destinar a la construcci\u00f3n del templo indicado<\/strong>, ya que no se ha dado cumplimiento a lo que exige el <a href=\"https:\/\/www.notariosyregistradores.com\/web\/normas\/codigo-civil-libro-tercero\/#art797\">art 797 c.c.<\/a> \u201clo legado de esta forma puede pedirse desde luego y es transmisible a sus herederos que afiancen el cumplimiento de lo mandado por el testador y la devoluci\u00f3n de lo percibido con sus frutos e intereses, si faltaren a esta obligaci\u00f3n\u201d pero tampoco ser\u00eda suficiente el cumplimiento de lo dispuesto en este art, para la cancelaci\u00f3n del asiento pretendido en base a todo lo alegado antes.<\/p>\n<p>\u00a0\u00a0 Por tanto no es posible la cancelaci\u00f3n de la carga modal: ni por la manifestaci\u00f3n del interesado (Asociaci\u00f3n Religiosa) ya que no es posible que el registrador valore la imposibilidad del cumplimiento de la carga con el certificado municipal; ni tampoco por la simple manifestaci\u00f3n de su destino del met\u00e1lico obtenido a la construcci\u00f3n de un templo por sus representantes; ni por la simple manifestaci\u00f3n de dichos representantes de \u00e9sta, ya que tal manifestaci\u00f3n deber\u00edan realizarla los favorecidos por ella (que pienso ser\u00edan los fieles de la asociaci\u00f3n o interesados en el mantenimiento del esposo e hijo de la causante); ni tampoco con el afianzamiento y garant\u00eda del art 797 c.c. En definitiva, parece, que el \u00fanico camino que queda\u00a0para la cancelaci\u00f3n de la carga es el cauce de la autorizaci\u00f3n judicial. (JLN)<\/p>\n<p><a title=\"PDF firmado BOE-A-2015-12492\" href=\"http:\/\/www.boe.es\/boe\/dias\/2015\/11\/19\/pdfs\/BOE-A-2015-12492.pdf\">PDF (BOE-A-2015-12492 &#8211; 13 <abbr title=\"p\u00e1ginas\">p\u00e1gs.<\/abbr> &#8211; 259 <abbr title=\"kilobytes\">KB<\/abbr>)<\/a><a title=\"Versi\u00f3n HTML BOE-A-2015-12492\" href=\"http:\/\/www.boe.es\/diario_boe\/txt.php?id=BOE-A-2015-12492\">Otros formatos<\/a><\/p>\n<p>&nbsp;<\/p>\n<\/div>\n<p style=\"text-align: justify;\"><span style=\"font-size: 12pt;\"><a id=\"r402\"><\/a><strong>402.\u00a0CANCELACI\u00d3N DE ANOTACI\u00d3N DE EMBARGO A FAVOR DEL ESTADO SOBRE FINCA DE ENTIDAD CONCURSADA<\/strong><\/span><\/p>\n<p style=\"text-align: justify;\">Resoluci\u00f3n de 19 de octubre de 2015, de la Direcci\u00f3n General de los Registros y del Notariado, en el recurso interpuesto contra la negativa del registrador de la propiedad accidental de Daimiel a practicar la cancelaci\u00f3n de una anotaci\u00f3n preventiva de embargo en favor del Estado que grava una finca cuya titular ha sido declarada en concurso.\u00a0<\/p>\n<p style=\"text-align: justify;\">Se plantea <strong>si es o no posible cancelar una anotaci\u00f3n preventiva de embargo administrativa una vez abierta ya la fase de liquidaci\u00f3n del concurso<\/strong>, en virtud de un mandamiento que incorpora testimonio del auto del juez de lo Mercantil en el que se autoriza la venta directa de dicha finca, pero no aquel que ordena la cancelaci\u00f3n de las cargas, inscripciones y anotaciones posteriores.<\/p>\n<p style=\"text-align: justify;\">El <strong>registrador<\/strong> alega <strong>dos defectos:<\/strong><\/p>\n<p style=\"text-align: justify;\">Que no sea posible la cancelaci\u00f3n por tratarse de un <strong>embargo administrativo<\/strong> y ser aplicable el <a href=\"http:\/\/www.boe.es\/buscar\/act.php?id=BOE-A-2003-13813&amp;tn=1&amp;p=20151002&amp;vd=#a55\">art. 55.3 LC.<\/a> Este defecto <strong>se revoca<\/strong>, pues <em><strong>dicha limitaci\u00f3n solo es aplicable a las fases anteriores a la apertura de la liquidaci\u00f3n<\/strong><\/em>. Una vez abierta dicha fase, es l\u00f3gico que haya una \u00fanica ejecuci\u00f3n universal de todo el patrimonio del deudor para que pueda asegurarse el pago de los cr\u00e9ditos conforme a las reglas legales de preferencia de cobro y la \u00fanica excepci\u00f3n ser\u00e1 la prevista en el <a href=\"http:\/\/www.boe.es\/buscar\/act.php?id=BOE-A-2003-13813&amp;tn=1&amp;p=20151002&amp;vd=#a57\">art 57.3<\/a> en relaci\u00f3n con las garant\u00edas reales, en los supuestos contemplados en dicho precepto. Entiende que la competencia de la ejecuci\u00f3n universal al juez del concurso, tambi\u00e9n debe comprender la competencia para decretar los correspondientes mandamientos cancelatorios de las anotaciones preventivas de embargo. Por ello, <a href=\"http:\/\/www.boe.es\/buscar\/act.php?id=BOE-A-2003-13813&amp;tn=1&amp;p=20151002&amp;vd=#a149\">el art 149.5 LC<\/a> determina que \u00ab<em>en el auto de aprobaci\u00f3n del remate o de la transmisi\u00f3n de los bienes o derechos realizados ya sea de forma separada, por lotes o formando parte de una empresa o unidad productiva, el juez acordar\u00e1 la cancelaci\u00f3n de todas las cargas anteriores al concurso constituidas a favor de cr\u00e9ditos concursales, salvo las que gocen de privilegio especial conforme al art\u00edculo 90 y se hayan transmitido al adquirente con subsistencia del gravamen<\/em>\u201d.<\/p>\n<p style=\"text-align: justify;\">La segunda cuesti\u00f3n es que \u201cno se inserta, conforme exige el <a href=\"https:\/\/www.notariosyregistradores.com\/NORMAS\/reglamento-hipotecario-2.htm#art165\">art 165 RH<\/a>, la <strong>resoluci\u00f3n judicial en la que se acuerda la cancelaci\u00f3n<\/strong> de las cargas que afectan a la finca\u201d. Este defecto si se confirma ya que compete al juez ordenar la cancelaci\u00f3n de las anotaciones (<a href=\"http:\/\/www.boe.es\/buscar\/act.php?id=BOE-A-2003-13813&amp;tn=1&amp;p=20151002&amp;vd=#a149\">art 149.5 LC<\/a>) en el auto de aprobaci\u00f3n de la transmisi\u00f3n del bien, lo que no queda suficientemente claro en el mandamiento expedido.\u00a0 (MN)<\/p>\n<div class=\"enlacesDoc\">\n<p style=\"text-align: justify;\"><a title=\"PDF firmado BOE-A-2015-12493\" href=\"http:\/\/www.boe.es\/boe\/dias\/2015\/11\/19\/pdfs\/BOE-A-2015-12493.pdf\">PDF (BOE-A-2015-12493 &#8211; 7 <abbr title=\"p\u00e1ginas\">p\u00e1gs.<\/abbr> &#8211; 197 <abbr title=\"kilobytes\">KB<\/abbr>)<\/a>\u00a0 \u00a0<a title=\"Versi\u00f3n HTML BOE-A-2015-12493\" href=\"http:\/\/www.boe.es\/diario_boe\/txt.php?id=BOE-A-2015-12493\">Otros formatos<\/a><\/p>\n<p style=\"text-align: justify;\">\u00a0<\/p>\n<\/div>\n<p style=\"text-align: justify;\"><span style=\"font-size: 12pt;\"><strong>403. CONSTITUCI\u00d3N DE SL. CANNABIS<\/strong><strong style=\"line-height: 1.71429; font-size: 1rem;\">.<\/strong><\/span><\/p>\n<p style=\"text-align: justify;\"><strong style=\"line-height: 1.71429; font-size: 1rem;\">EL OBJETO SOCIAL RELATIVO AL CULTIVO, LA INVESTIGACI\u00d3N Y DESARROLLO DE PRODUCTOS DERIVADOS DEL CANNABIS REQUIERE AUTORIZACI\u00d3N ADMINISTRATIVA PREVIA.\u00a0<\/strong>Resoluci\u00f3n de 19 de octubre de 2015, de la Direcci\u00f3n General de los Registros y del Notariado, en el recurso interpuesto contra la negativa del registrador mercantil y de bienes muebles XIII de Barcelona a inscribir la escritura de constituci\u00f3n de una sociedad.<\/p>\n<p style=\"text-align: justify;\"><strong>Hechos:<\/strong> Lo sometido a calificaci\u00f3n es una escritura de <strong>constituci\u00f3n de sociedad limitada<\/strong>. En su <strong>objeto<\/strong> se incluyen determinadas actividades relativas <strong>a la planta del cannabis<\/strong>. Se a\u00f1ade que todo ello se har\u00e1 con sometimiento a la legalidad vigente.<\/p>\n<p style=\"text-align: justify;\">El registrador para la inscripci\u00f3n exige <strong>con car\u00e1cter previo <\/strong><strong>las autorizaciones necesarias<\/strong> para llevar a cabo las actividades previstas en el objeto social como requisito de validez del acto de constituci\u00f3n de la sociedad. De nada sirve la manifestaci\u00f3n de sometimiento a la legalidad vigente pues \u00a0<strong>la autorizaci\u00f3n tendr\u00e1 car\u00e1cter previo<\/strong> a la inscripci\u00f3n pues el objeto social contiene actividades referidas a sustancias que por su naturaleza est\u00e1n sometidas a fiscalizaci\u00f3n y control de tal manera que ninguna persona natural o jur\u00eddica podr\u00e1 dedicarse al cultivo y producci\u00f3n, ni a\u00fan con fines de experimentaci\u00f3n, investigaci\u00f3n o desarrollo sin disponer de la pertinente autorizaci\u00f3n. (Art\u00edculos 23, 56-1e) de la Ley de Sociedades de capital, 6, 58 y 84-1 del Reglamento del Registro Mercantil, <strong>art\u00edculo 8-1 de la <a href=\"http:\/\/www.boe.es\/buscar\/pdf\/1967\/BOE-A-1967-5592-consolidado.pdf\">Ley 17\/1967, de 8 de abril, de Estupefacientes<\/a><\/strong> e <strong><a href=\"http:\/\/encod.org\/info\/IMG\/pdf\/Instrucciones_de_la_Fiscalia_del_Estado_sobre_Asociaciones_Cannabicas.pdf\">Instrucci\u00f3n n\u00famero 2\/2013, de 5 de agosto, de la Fiscal\u00eda General del Estado<\/a>).<\/strong><\/p>\n<p style=\"text-align: justify;\">El interesado recurre pues seg\u00fan \u00e9l desde la primera presentaci\u00f3n de la escritura se han a\u00f1adido la manifestaci\u00f3n de sometimiento a la legalidad vigente y adem\u00e1s se modific\u00f3 el objeto social para adecuarlo a lo solicitado por el registrador no incluy\u00e9ndose en esta modificaci\u00f3n del objeto, ning\u00fan cannabinoide que tuviera THC que requiriera autorizaci\u00f3n administrativa, quedando <strong>excluido<\/strong> del objeto social, seg\u00fan la modificaci\u00f3n, <strong>todas aquellas actividades para los cuales la Ley exija requisitos especiales.<\/strong><\/p>\n<p style=\"text-align: justify;\"><strong>Doctrina:<\/strong> La DG <strong>confirma<\/strong> la nota de calificaci\u00f3n.<\/p>\n<p style=\"text-align: justify;\">La DG se basa en la <strong>Instrucci\u00f3n 2\/2013, de 5 de agosto<\/strong>, de la Fiscal\u00eda General del Estado, seg\u00fan la cual, \u00abel cannabis es una sustancia estupefaciente sometida a fiscalizaci\u00f3n internacional, estando incluidas tanto la planta, como su resina, extractos y tinturas en la lista I de la <a href=\"https:\/\/www.incb.org\/documents\/Narcotic-Drugs\/1961-Convention\/convention_1961_es.pdf\">Convenci\u00f3n \u00danica de 1961 sobre Estupefacientes de las Naciones Unidas<\/a>\u201d y que por ello entra de lleno en <strong>la Ley 17\/1967, de 8 de abril<\/strong>, que atribuye al Estado el almacenamiento y distribuci\u00f3n de los productos estupefacientes para los laboratorios, oficinas de farmacia, hospitales y centros distribuidores autorizados para la fabricaci\u00f3n de medicamentos o f\u00f3rmulas magistrales estableciendo de forma expresa que \u00abninguna persona natural o jur\u00eddica podr\u00e1 dedicarse al cultivo y producci\u00f3n indicados, ni aun con fines de experimentaci\u00f3n, sin disponer de la pertinente autorizaci\u00f3n\u00bb.( Art. 8.1.)<\/p>\n<p style=\"text-align: justify;\"><strong>Comentario:<\/strong> El <a href=\"http:\/\/www.boe.es\/buscar\/act.php?id=BOE-A-1996-17533&amp;b=152&amp;tn=1&amp;p=20070316#a84\">art\u00edculo <strong>84 del RRM<\/strong><\/a>, tambi\u00e9n citado por el registrador en su calificaci\u00f3n, es claro. Si determinado objeto o en general inscripci\u00f3n <strong>requiere autorizaci\u00f3n administrativa<\/strong>, salvo que la propia ley disponga lo contrario, la inscripci\u00f3n no puede practicarse sin que se acredite la pertinente autorizaci\u00f3n.<\/p>\n<p style=\"text-align: justify;\">\u00a0Ahora bien lo <strong>verdaderamente importante<\/strong> de esta resoluci\u00f3n es que <strong>el defecto existe<\/strong> aunque se diga en la escritura o en nuestro caso en el art\u00edculo relativo al objeto, que el mismo se har\u00e1 con sometimiento a las leyes vigentes o que quedan excluidos del mismo las actividades que exijan requisitos especiales que no queden cumplidos por la sociedad. Si la Ley es clara en cuanto a la <strong>exigencia de autorizaci\u00f3n o de requisitos especiales<\/strong>, a\u00f1adimos nosotros, se diga lo que se diga como cl\u00e1usula de estilo la redactar el objeto, la escritura estar\u00e1 defectuosa y no podr\u00e1 practicarse la inscripci\u00f3n.<\/p>\n<p style=\"text-align: justify;\">Como <strong>conclusi\u00f3n<\/strong> de esta decisi\u00f3n de nuestro CD podemos extraer la siguiente: Si en el objeto de una sociedad se incluyen, entre otras muchas actividades, alguna o algunas sujetas a requisitos especiales, dichas actividades har\u00e1n que la escritura no pueda inscribirse, ni siquiera de forma parcial, mientras los requisitos especiales en cuanto a capital, forma de \u00f3rgano de administraci\u00f3n o cualquier otra especialidad o autorizaci\u00f3n no queden debidamente cumplidos y ello aunque como cl\u00e1usula de cierre del objeto se ponga la coletilla de exclusi\u00f3n de las actividades sujetas a requisitos especiales no cumplidos por la sociedad. (JAGV)<\/p>\n<p style=\"text-align: justify;\"><a href=\"http:\/\/www.boe.es\/boe\/dias\/2015\/11\/19\/pdfs\/BOE-A-2015-12494.pdf\">PDF (BOE-A-2015-12494 \u2013 4\u00a0p\u00e1gs.\u00a0\u2013 176\u00a0KB)<\/a><a href=\"http:\/\/www.boe.es\/diario_boe\/txt.php?id=BOE-A-2015-12494\">Otros formatos<\/a><\/p>\n<p style=\"text-align: justify;\">\u00a0<\/p>\n<p><a id=\"r404\"><\/a><strong><span style=\"font-size: 12pt;\">404.\u00a0ANOTACI\u00d3N DE DEMANDA. TRACTO SUCESIVO<\/span><\/strong><\/p>\n<p style=\"text-align: justify;\">Resoluci\u00f3n de 20 de octubre de 2015, de la Direcci\u00f3n General de los Registros y del Notariado, en el recurso interpuesto contra la nota de calificaci\u00f3n extendida por la registradora de la propiedad de Madrid n.\u00ba 2, por la que se suspende la extensi\u00f3n de una anotaci\u00f3n preventiva de demanda.<\/p>\n<p style=\"text-align: justify;\">En autos de medidas cautelares se ordena que se tome anotaci\u00f3n preventiva de demanda, sobre una finca, por estimar que concurren razones que justifican adoptar dicha medida de forma inmediata. La registradora, en su nota de calificaci\u00f3n, suspende la anotaci\u00f3n solicitada por \u00a0faltar la previa inscripci\u00f3n de los derechos hereditarios a favor del demandado.<\/p>\n<p style=\"text-align: justify;\">La DGRN recuerda que\u00a0el \u00faltimo p\u00e1rrafo del art\u00edculo 20 de la Ley Hipotecaria establece que \u00abno podr\u00e1 tomarse anotaci\u00f3n de demanda, embargo o prohibici\u00f3n de disponer, ni cualquier otra prevista en la Ley, si el titular registral es persona distinta de aquella contra la cual se ha dirigido el procedimiento\u00bb \u00a0y que\u00a0excepcionalmente\u00a0\u00aben los procedimientos criminales podr\u00e1 tomarse anotaci\u00f3n de embargo preventivo o de prohibici\u00f3n de disponer de los bienes, como medida cautelar, cuando a juicio del juez o tribunal existan indicios racionales de que el verdadero titular de los mismos es el imputado, haci\u00e9ndolo constar as\u00ed en el mandamiento\u00bb.<\/p>\n<p style=\"text-align: justify;\">Pero concluye que en el supuesto de este expediente si bien del propio mandamiento resultan indicios de que el titular registral es causahabiente (sic) del demandado <strong>no nos encontramos ante un procedimiento criminal<\/strong> por lo que no cumpli\u00e9ndose los requisitos legales exigidos y por las razones antes expuestas, no procede aplicaci\u00f3n anal\u00f3gica alguna. Para proceder a la anotaci\u00f3n de la demanda ser\u00e1 pues preciso presentar el t\u00edtulo del que deriva la titularidad del demandado para, previa calificaci\u00f3n por la registradora, extender en su caso a la inscripci\u00f3n de la finca a favor de \u00e9ste y posteriormente la anotaci\u00f3n ordenada.\u00a0(JDR)<\/p>\n<p style=\"text-align: justify;\"><a title=\"PDF firmado BOE-A-2015-12495\" href=\"http:\/\/www.boe.es\/boe\/dias\/2015\/11\/19\/pdfs\/BOE-A-2015-12495.pdf\">PDF (BOE-A-2015-12495 &#8211; 4 <abbr title=\"p\u00e1ginas\">p\u00e1gs.<\/abbr> &#8211; 171 <abbr title=\"kilobytes\">KB<\/abbr>)<\/a><a title=\"Versi\u00f3n HTML BOE-A-2015-12495\" href=\"http:\/\/www.boe.es\/diario_boe\/txt.php?id=BOE-A-2015-12495\">Otros formatos<\/a><\/p>\n<p style=\"text-align: justify;\">\u00a0<\/p>\n<p style=\"text-align: justify;\"><span style=\"font-size: 12pt;\"><strong><a id=\"r405\"><\/a>405.\u00a0DEP\u00d3SITO DE CUENTAS: UN INFORME DE AUDITOR CON OPINI\u00d3N DESFAVORABLE ES ADMISIBLE PARA EL DEP\u00d3SITO DE CUENTAS. ACUMULACI\u00d3N DE RECURSOS.<a href=\"https:\/\/www.notariosyregistradores.com\/web\/resoluciones\/por-meses\/resoluciones-dgrn-noviembre-2015\/#Content-bal-title\">\u00a0^<\/a><\/strong><\/span><\/p>\n<p style=\"text-align: justify;\">Resoluci\u00f3n de 20 de octubre de 2015, de la Direcci\u00f3n General de los Registros y del Notariado, en el recurso interpuesto contra las notas de calificaci\u00f3n extendidas por el registrador mercantil y de bienes muebles VII de Madrid y por el registrador mercantil y de bienes muebles X de Madrid, por las que se rechazan los dep\u00f3sitos de cuentas de una sociedad correspondientes a los ejercicios 2012 y 2013.<\/p>\n<p style=\"text-align: justify;\"><strong>Hechos:<\/strong> Se solicita del RM de Madrid el dep\u00f3sito de las cuentas anuales de <strong>los ejercicios 2012 y 2013<\/strong> de determinada sociedad. A las cuentas se acompa\u00f1an sendos <strong>informes del auditor,<\/strong> nombrado a instancia de la minor\u00eda, expresando una <strong>opini\u00f3n desfavorable<\/strong> fundada, entre otras cuestiones, en determinados pasivos fiscales no tenidos en cuenta y se\u00f1alando que las cuentas deben ser objeto de <strong>correcci\u00f3n <\/strong>pues <strong>no <\/strong><strong>expresan la imagen fiel<\/strong> del patrimonio y de la situaci\u00f3n financiera de la sociedad auditada.<\/p>\n<p style=\"text-align: justify;\">Se <strong>suspende<\/strong> el dep\u00f3sito del <strong>ejercicio de 2012<\/strong> pues seg\u00fan uno de los registradores encargados, las cuentas anuales no expresan la imagen fiel del patrimonio y de la situaci\u00f3n financiera de la sociedad, por lo que contravienen lo establecido en los <a href=\"http:\/\/www.boe.es\/buscar\/act.php?id=BOE-A-1885-6627&amp;b=42&amp;tn=1&amp;p=20150721#art34\">art. 34.2 CCO<\/a> y <a href=\"http:\/\/www.boe.es\/buscar\/act.php?id=BOE-A-2010-10544&amp;b=366&amp;tn=1&amp;p=20150721#a254\">254.2 LSC<\/a>. RDGRN, entre otras, de 26 de mayo 2009, 25 de marzo 2011 y 4 de noviembre de 2014.<\/p>\n<p style=\"text-align: justify;\">Otro de los registradores <strong>califica en el mismo sentido<\/strong> las cuentas del <strong>ejercicio de 2013<\/strong>.<\/p>\n<p style=\"text-align: justify;\">El interesado recurre ambas notas manifestando que el informe de auditor contiene una opini\u00f3n desfavorable, <strong>pero no opini\u00f3n denegada<\/strong> y que dicho informe permite conocer con precisi\u00f3n la situaci\u00f3n econ\u00f3mica de la sociedad y por tanto es h\u00e1bil a los efectos del dep\u00f3sito de las cuentas.<\/p>\n<p style=\"text-align: justify;\"><strong>Doctrina:<\/strong> La DG, previa acumulaci\u00f3n de los recursos, <strong>revoca<\/strong> ambas notas de calificaci\u00f3n.<\/p>\n<p style=\"text-align: justify;\">Reitera su doctrina de que \u201cpara determinar si procede el dep\u00f3sito de cuentas de una sociedad obligada a auditarse, es preciso analizar si con el informe aportado se cumple o no con la finalidad prevista por la legislaci\u00f3n de sociedades\u201d.<\/p>\n<p style=\"text-align: justify;\">Trae a colaci\u00f3n <strong>dos interesantes sentencias<\/strong> de nuestro TS; en una, <strong>la de 8 febrero de 2013<\/strong>, recuerda que el principio de \u201cimagen fiel\u201d \u00a0o \u00a0\u201ctrue and fair view\u201d fue incorporado al derecho comunitario por la <strong>Cuarta Directiva 78\/660\/CEE del Consejo<\/strong>, de 25 de julio de 1978 (LCEur 1978, 266), relativa a las cuentas anuales de determinadas formas de sociedad, y a nuestro derecho nacional por la Ley 19\/1989, de 25 de julio, de reforma parcial y adaptaci\u00f3n de la legislaci\u00f3n mercantil a las Directivas de la comunidad Econ\u00f3mica Europea (CEE) en materia de Sociedades, que dio nueva redacci\u00f3n al art\u00edculo 34.2 del C\u00f3digo de Comercio, a cuyo tenor \u201c[l]as cuentas anuales deben redactarse con claridad y mostrar la imagen fiel del patrimonio, de la situaci\u00f3n financiera y de los resultados de la empresa, de conformidad con las disposiciones legales\u201d, y al art\u00edculo 102.2 de la Ley de 17 de julio de 1951 (RCL 1951, 811, 945) sobre R\u00e9gimen Jur\u00eddico de las Sociedades An\u00f3nimas, seg\u00fan el cual \u201c[e]stos documentos (balance, cuenta de p\u00e9rdidas y ganancias y memoria), que forman una unidad, deben ser redactados con claridad y mostrar la imagen fiel del patrimonio, de la situaci\u00f3n financiera y de los resultados de la sociedad, de conformidad con esta Ley y con lo previsto en el C\u00f3digo de Comercio\u201d\u00bb.<\/p>\n<p style=\"text-align: justify;\">En la otra sentencia citada, <strong>la de 20 de marzo de 2009<\/strong>, establece que la <strong>conculcaci\u00f3n<\/strong> del principio de imagen fiel no es una cuesti\u00f3n meramente formal, sino que tal hecho \u00ab\u2026es determinante <strong>de la nulidad de los acuerdos<\/strong> que aprueban las cuentas anuales cuando no se han formulado con claridad o no muestran la imagen fiel, aunque est\u00e9n redactadas o formuladas de modo formalmente correcto y no existan irregularidades en el procedimiento para su adopci\u00f3n. Se trata de acuerdos nulos por razones de fondo y, concretamente, por tratarse de acuerdos contrarios a la Ley\u00bb<\/p>\n<p style=\"text-align: justify;\">Ahora bien, a\u00f1ade con gran <strong>sentido com\u00fan<\/strong> el CD, \u201chay que tener en cuenta que el informe que realiza el auditor de cuentas, como profesional independiente y experto en la materia, <strong>no es sino una opini\u00f3n cualificada<\/strong> sobre el grado de fiabilidad de los documentos contables auditados\u201d y que por tanto pudieran existir opiniones distintas sobre ello. Es decir que la opini\u00f3n del auditor no puede tener \u201cel valor de una decisi\u00f3n firme e inapelable sobre\u201d las cuentas anuales de la sociedad.<\/p>\n<p style=\"text-align: justify;\">Supuesto lo anterior recuerda igualmente su doctrina de que una opini\u00f3n denegada cuando ello se debe a la actitud de la sociedad no debe servir con matices \u00a0para la admisi\u00f3n del dep\u00f3sito de cuentas de la sociedad.<\/p>\n<p style=\"text-align: justify;\">Finalmente reconociendo que no se trata de \u201cuna cuesti\u00f3n sencilla ciertamente dada la <strong>parquedad y ambig\u00fcedad<\/strong> con que se pronuncian las normas aplicables\u201d lo que debe examinarse es <strong>si con la opini\u00f3n emitida por el auditor se da \u201csatisfacci\u00f3n al inter\u00e9s de socios y terceros o de un socio minoritario\u201d<\/strong> sobre la revisi\u00f3n de las cuentas de la sociedad.<\/p>\n<p style=\"text-align: justify;\">Por ello concluye que \u201caunque es cierto que no puede equipararse la opini\u00f3n t\u00e9cnica denegada a la opini\u00f3n t\u00e9cnica desfavorable\u201d \u2026 \u00a0\u201cdenegar el dep\u00f3sito de las cuentas anuales con un informe de auditor\u00eda desfavorable, que como el del presente caso contiene <strong>informaci\u00f3n detallada y cuantificada<\/strong> sobre los extremos que lleva a emitir dicha opini\u00f3n, significar\u00eda no dar publicidad a una informaci\u00f3n relevante para socios y terceros que es una de las finalidades b\u00e1sicas del dep\u00f3sito de cuentas en el Registro Mercantil, determinando al mismo tiempo un cierre registral por falta de dep\u00f3sito de las cuentas con las importantes consecuencias que ello conlleva\u201d.<\/p>\n<p style=\"text-align: justify;\"><strong>Comentario:<\/strong> Como en otras resoluciones sobre el mismo o similar problema, la DG viene a establecer que <strong>la admisi\u00f3n<\/strong> de un informe de auditor\u00eda con opini\u00f3n denegada, o desfavorable como era este caso, <strong>va a depender<\/strong> de los t\u00e9rminos en que se produzca dicho informe. Si del mismo resulta que el auditor ha podido examinar la contabilidad de la sociedad y emite por ello una opini\u00f3n sobre las cuentas anuales, aunque esta sea desfavorable, dicho informe va a posibilitar el dep\u00f3sito de cuentas de la sociedad. En definitiva que lo b\u00e1sico ser\u00e1 si por medio el informe, los socios o los terceros, pueden llegar a un conocimiento de las cuentas anuales de la sociedad, con independencia de que dicha cuentas contengan errores u omisiones que lleven al auditor o bien a denegar su opini\u00f3n o a emitir una opini\u00f3n desfavorable. Por tanto ante un informe de esta clase y antes de admitir o suspender el dep\u00f3sito lo procedente ser\u00e1 <strong>calificar con detenimiento<\/strong> <strong>el informe<\/strong>, para, a su vista, decidir lo que sea procedente teniendo en cuenta que en ocasiones se puede causar m\u00e1s perjuicio por denegar que por admitir el dep\u00f3sito cuya publicidad puede servir para posibilitar las pertinentes acciones de impugnaci\u00f3n\u00a0 por los socios o de petici\u00f3n de concurso u otras medidas por parte de los acreedores. \u00a0Vid. por todas <a href=\"https:\/\/www.notariosyregistradores.com\/web\/resoluciones\/por-meses\/resoluciones-dgrn-agosto-2015\/#245-deposito-de-cuentas-informe-de-auditor-con-opinion-denegadaes-una-cuestion-de-hecho-la-admision-o-no-de-este-informe-como-habil-a-los-efectos-del-deposito-de-cuentas-\">RDGRN de 2 de julio de 2015<\/a>. (JAGV).<\/p>\n<p style=\"text-align: justify;\"><a href=\"http:\/\/www.boe.es\/boe\/dias\/2015\/11\/19\/pdfs\/BOE-A-2015-12496.pdf\">PDF (BOE-A-2015-12496 \u2013 6\u00a0p\u00e1gs.\u00a0\u2013 187\u00a0KB)<\/a>\u00a0 \u00a0<a href=\"http:\/\/www.boe.es\/diario_boe\/txt.php?id=BOE-A-2015-12496\">Otros formatos<\/a><\/p>\n<p style=\"text-align: justify;\">\u00a0<\/p>\n<p style=\"text-align: justify;\"><span style=\"font-size: 12pt;\"><a id=\"r406\"><\/a><strong>406.\u00a0FUSI\u00d3N DE SOCIEDADES. FORMA DE CONVOCAR LA JUNTA.<\/strong><\/span><\/p>\n<p style=\"text-align: justify;\"><strong>SI HAY PETICI\u00d3N DE AUDITOR\u00cdA POR LOS MINORITARIOS, LA FUSI\u00d3N NO PUEDE LLEVARSE A CABO SIN QUE SE REALICE LA MISMA. EL INFORME DEL AUDITOR DEBE INCORPORARSE A LA ESCRITURA. <a href=\"https:\/\/www.notariosyregistradores.com\/web\/resoluciones\/por-meses\/resoluciones-dgrn-noviembre-2015\/#Content-bal-title\">\u00a0<\/a><\/strong>Resoluci\u00f3n de 21 de octubre de 2015, de la Direcci\u00f3n General de los Registros y del Notariado, en el recurso interpuesto contra la nota de calificaci\u00f3n extendida por el registrador mercantil y de bienes muebles V de Madrid, por la que se deniega la inscripci\u00f3n de una escritura en la que se elevan a p\u00fablicos acuerdos de fusi\u00f3n por absorci\u00f3n, por los que una sociedad absorbe a otra.<\/p>\n<p style=\"text-align: justify;\"><strong>Hechos:<\/strong> Los <strong>hechos<\/strong> de esta resoluci\u00f3n son los siguientes:<\/p>\n<p style=\"text-align: justify;\">1\u00ba. Fusi\u00f3n por <strong>absorci\u00f3n<\/strong> de dos <strong>sociedades limitadas<\/strong> en liquidaci\u00f3n.<\/p>\n<p style=\"text-align: justify;\">2\u00ba. En los estatutos de la sociedad absorbente se determina que <strong>las juntas ser\u00e1n convocadas por carta certificada o burofax<\/strong>.<\/p>\n<p style=\"text-align: justify;\">3\u00ba. Sin embargo la junta fue convocada mediante <strong>anuncios publicados en el \u00abBolet\u00edn Oficial del Registro Mercantil\u00bb y en el diario \u00abLa Raz\u00f3n\u00bb.<\/strong><\/p>\n<p style=\"text-align: justify;\">4\u00ba. En ambas sociedades, existen <strong>auditores designados por el Registro Mercantil<\/strong>, a solicitud de la minor\u00eda. La solicitud de los minoritarios <strong>se produjo con anterioridad<\/strong> al proyecto de fusi\u00f3n, a las convocatorias de las juntas y la celebraci\u00f3n de las mismas, as\u00ed como con anterioridad a la junta que aprob\u00f3 las cuentas anuales relativas al ejercicio de 2014, cuyo balance se ha tomado como base para la fusi\u00f3n.<\/p>\n<p style=\"text-align: justify;\">5\u00ba. No obstante, <strong>el nombramiento efectivo de tales auditores resulta posterior a todos los momentos mencionados<\/strong>, siendo que las solicitudes se refieren a las cuentas anuales correspondientes al ejercicio de 2014 cuyo balance de 31 de diciembre es el balance aprobado a los efectos de la fusi\u00f3n<\/p>\n<p style=\"text-align: justify;\">Los <strong>defectos<\/strong> que el registrador opone a la inscripci\u00f3n son muy claros:<\/p>\n<p style=\"text-align: justify;\">1\u00ba. La junta <strong>no ha sido convocada<\/strong> seg\u00fan los estatutos de la sociedad. <a href=\"http:\/\/www.boe.es\/buscar\/act.php?id=BOE-A-2010-10544&amp;b=246&amp;tn=1&amp;p=20120623#a173\">Art. 173 LSC<\/a>.<\/p>\n<p style=\"text-align: justify;\">2\u00ba. <strong>No se aportan los informes de los auditores<\/strong> designados por el Registro Mercantil de conformidad con <a href=\"http:\/\/www.boe.es\/buscar\/act.php?id=BOE-A-2010-10544&amp;b=366&amp;tn=1&amp;p=20150721#a265\">el art\u00edculo 265.2 del TRLSC.<\/a><\/p>\n<p style=\"text-align: justify;\">El interesado recurre pues seg\u00fan \u00e9l si se prev\u00e9 una forma de convocar la junta en estatutos ello no excluye que la junta se pueda convocar por el sistema legalmente previsto. \u00a0Y en cuanto al segundo defecto la falta de informe de auditor lo que impide es el dep\u00f3sito de cuentas pero no otras inscripciones a practicar por la sociedad.<\/p>\n<p style=\"text-align: justify;\"><strong>Doctrina:<\/strong> Ambos <strong>defectos<\/strong> son <strong>confirmados<\/strong> por la DG.<\/p>\n<p style=\"text-align: justify;\">En cuanto al primer defecto recuerda que \u201ces criterio reiterado y consolidado de este Centro Directivo que la previsi\u00f3n estatutaria sobre la (convocatoria) ha de ser estrictamente observada, sin que quepa la posibilidad de acudir v\u00e1lida y eficazmente a cualquier otro sistema\u201d sean cuales sean <strong>las razones<\/strong> que lleven a ello.<\/p>\n<p style=\"text-align: justify;\">En cuanto al segundo defecto nos dice que \u201cel balance de fusi\u00f3n, como cualquier otro balance de la sociedad, tiene como finalidad la de proporcionar \u00abla imagen fiel de su patrimonio\u00bb, mediante la expresi\u00f3n de las partidas de activo, pasivo y patrimonio neto (<a href=\"http:\/\/www.boe.es\/buscar\/act.php?id=BOE-A-1885-6627&amp;b=42&amp;tn=1&amp;p=20150721#art34\">art\u00edculos 34 y 35 del C\u00f3digo de Comercio<\/a>) y adem\u00e1s tambi\u00e9n cumple con la finalidad de \u201cde servir de base a las condiciones en que se propone a las personas interesadas llevar a cabo la fusi\u00f3n, proporcion\u00e1ndoles informaci\u00f3n a fin de que ejerciten sus derechos con el mayor grado de conocimiento posible (<a href=\"http:\/\/www.boe.es\/buscar\/act.php?id=BOE-A-2009-5614&amp;b=43&amp;tn=1&amp;p=20120623#a25\">art\u00edculo 25.1 de la Ley 3\/2009<\/a>)\u201d.<\/p>\n<p style=\"text-align: justify;\">Por ello <strong>si existe obligaci\u00f3n de auditar<\/strong>, \u00a0sea porque la sociedad cumple los requisitos y par\u00e1metros establecidos por la ley para ello o sea porque la auditor\u00eda ha sido solicitada por la minor\u00eda, <strong>el balance debe ser verificado<\/strong> por el auditor para determinar si \u00a0\u00a0expresa la imagen fiel del patrimonio del patrimonio y de las cuentas de la sociedad.<\/p>\n<p style=\"text-align: justify;\">A mayor abundamiento <strong>a los efectos del debido cumplimiento del derecho de informaci\u00f3n<\/strong> a favor de todas las personas citadas en <a href=\"http:\/\/www.boe.es\/buscar\/act.php?id=BOE-A-2009-5614&amp;b=53&amp;tn=1&amp;p=20120317#a39\">el art. 39 de la Ley 3\/2009<\/a> los balances deben ir acompa\u00f1ados del correspondiente informe de auditor\u00eda para que la informaci\u00f3n sea completa y a ello no puede oponerse el que el auditor en dicho momento no haya sido nombrada pues si <strong>existe una situaci\u00f3n de pendencia<\/strong> lo procedente hubiera sido\u00a0 <strong>posponer los acuerdos<\/strong> hasta que \u00a0el requisito hubiera podido cumplirse.<\/p>\n<p style=\"text-align: justify;\">\u00a0Finalmente en cuanto a la exigencia de si el informe del auditor debe \u201cde <strong>aportarse o incorporarse<\/strong> a la escritura que documente los acuerdos, a los efectos de su inscripci\u00f3n en el Registro\u201d es cierto que al decir <a href=\"http:\/\/www.boe.es\/buscar\/act.php?id=BOE-A-2009-5614&amp;b=53&amp;tn=1&amp;p=20120317#a45\">el art\u00edculo 45 de la Ley 3\/2009<\/a> que se incorpore a la escritura el balance no a\u00f1ade con el informe de auditor\u00eda, debe tenerse en cuenta que la cuesti\u00f3n ya fue resuelta por la <a href=\"https:\/\/www.notariosyregistradores.com\/resoluciones\/2014-MAYO.htm\">Resoluci\u00f3n de este Centro Directivo de 21 de abril de 2014<\/a>, dada la dicci\u00f3n del <a href=\"http:\/\/www.boe.es\/buscar\/act.php?id=BOE-A-1996-17533&amp;b=19&amp;tn=1&amp;p=20000424#a227\">art\u00edculo 227 del Reglamento del Registro Mercantil,<\/a> al establecer que el balance con el informe del auditor forme parte de la escritura, y no s\u00f3lo de las sociedades que se extinguen como dec\u00eda el citado precepto reglamentario, sino de <strong>todas las participantes en la fusi\u00f3n como en la actualidad dice la Ley MESM.<\/strong><\/p>\n<p style=\"text-align: justify;\"><strong>Comentario:<\/strong> Prescindiendo del primer defecto por su claridad, lo que no quiere decir, como ha puesto de relieve la misma DG que si asisten todos los socios o se acredita de otra manera el conocimiento de la convocatoria por todos ellos, el defecto pueda obviarse, en cuanto al segundo defecto de m\u00e1s enjundia jur\u00eddica, no s\u00f3lo en cuanto a la necesidad de auditor\u00eda, sino en cuanto al juego de fechas, destaquemos que <strong>si existe obligaci\u00f3n de auditar<\/strong>, aunque el nombramiento de auditor por ser competencia del RM, a\u00fan no se haya efectuado, <strong>es necesario de todo punto<\/strong> el que las cuentas sean auditadas y adem\u00e1s tambi\u00e9n es preciso que el informe del auditor, junto con los balances, se incorporen a la escritura presentada a inscripci\u00f3n.<\/p>\n<p style=\"text-align: justify;\"><strong>Cuesti\u00f3n distinta<\/strong> ser\u00eda si la petici\u00f3n de los minoritarios se hubiera llevado a cabo una vez formulado el proyecto de fusi\u00f3n y publicada la convocatoria de la junta. En este caso parece que ya no es posible obligar a la sociedad a auditar sus cuentas antes de llevar a cabo la fusi\u00f3n, siempre que la presentaci\u00f3n en el registro o publicaci\u00f3n en la web del proyecto sea previa, \u00a0pues el perjuicio que se le ocasionar\u00eda a la sociedad ser\u00eda grave, y en parte supondr\u00eda un veto de los minoritarios a la fusi\u00f3n lo que no debe amparar la Ley, pero si se hubiera dado este caso creemos que lo procedente quiz\u00e1s sea que <strong>el registrador mercantil suspenda el definitivo nombramiento de auditor<\/strong> hasta que la fusi\u00f3n se inscriba y una vez inscrita proceda al <strong>nombramiento de auditor<\/strong>\u00a0 para llevar a cabo la auditor\u00eda del balance de la sociedad resultante de la fusi\u00f3n siempre que la petici\u00f3n de los minoritarios se refieran a todas las sociedades participantes en el proceso. (JAGV).<\/p>\n<p><a href=\"http:\/\/www.boe.es\/boe\/dias\/2015\/11\/19\/pdfs\/BOE-A-2015-12497.pdf\">PDF (BOE-A-2015-12497 \u2013 10\u00a0p\u00e1gs.\u00a0\u2013 216\u00a0KB)<\/a><a href=\"http:\/\/www.boe.es\/diario_boe\/txt.php?id=BOE-A-2015-12497\">Otros formatos<\/a><\/p>\n<p>&nbsp;<\/p>\n<p><span style=\"font-size: 12pt;\"><a id=\"r407\"><\/a><strong>407.\u00a0SENTENCIA DECLARATIVA DE DOMINIO. HERENCIA YACENTE<\/strong><\/span><\/p>\n<p style=\"text-align: justify;\">Resoluci\u00f3n de 22 de octubre de 2015, de la Direcci\u00f3n General de los Registros y del Notariado, en el recurso interpuesto contra la nota de calificaci\u00f3n extendida por la registradora de la propiedad de Laguardia, por la que se suspende la inscripci\u00f3n de una sentencia declarativa de dominio.<\/p>\n<p style=\"text-align: justify;\">Se plantea si es inscribible una sentencia declarando el Dominio por Usucapi\u00f3n, reca\u00edda en procedimiento seguido contra <strong>desconocidos herederos del titular registral<\/strong> cuando no consta el nombramiento e intervenci\u00f3n de un defensor judicial de la herencia yacente.<\/p>\n<p style=\"text-align: justify;\">La <strong>Direcci\u00f3n<\/strong> mantiene el defecto y recoge su reiterada doctrina seg\u00fan la cual debe procederse o bien al nombramiento de un administrador judicial, o bien a la intervenci\u00f3n de alguno de los interesados en dicha herencia yacente; entendiendo que <strong>la exigencia del nombramiento del defensor judicial debe limitarse a los casos en que el llamamiento a los herederos desconocidos sea puramente gen\u00e9rico y no haya ning\u00fan interesado en la herencia que se haya personado en el procedimiento<\/strong> considerando el juez suficiente la legitimaci\u00f3n pasiva de la herencia yacente.<\/p>\n<p style=\"text-align: justify;\">Plantea el recurrente que como la sentencia est\u00e1 basada en la <strong>usucapi\u00f3n<\/strong> sea t\u00edtulo h\u00e1bil igualmente para proceder a la reanudaci\u00f3n del tracto sucesivo. Se rechaza igualmente pues la prescripci\u00f3n extraordinaria se consuma por el transcurso del tiempo, pero no se declara de oficio sino que <strong>necesita de un procedimiento que culmine con su declaraci\u00f3n<\/strong> y <strong>ese procedimiento, puesto que la declaraci\u00f3n que le ponga fin alterar\u00e1 el contenido de los libros del Registro, deber\u00e1\u0301 ser entablado contra el titular registral para evitar su indefensi\u00f3n.<\/strong> (MN)<\/p>\n<p style=\"text-align: justify;\"><a title=\"PDF firmado BOE-A-2015-12498\" href=\"http:\/\/www.boe.es\/boe\/dias\/2015\/11\/19\/pdfs\/BOE-A-2015-12498.pdf\">PDF (BOE-A-2015-12498 &#8211; 4 <abbr title=\"p\u00e1ginas\">p\u00e1gs.<\/abbr> &#8211; 184 <abbr title=\"kilobytes\">KB<\/abbr>)<\/a>\u00a0 \u00a0<a title=\"Versi\u00f3n HTML BOE-A-2015-12498\" href=\"http:\/\/www.boe.es\/diario_boe\/txt.php?id=BOE-A-2015-12498\">Otros formatos<\/a><\/p>\n<p style=\"text-align: justify;\">\u00a0<\/p>\n<p style=\"text-align: justify;\"><span style=\"font-size: 12pt;\"><strong><a id=\"r408\"><\/a>408. DONACI\u00d3N. REPRESENTACI\u00d3N. JUICIO NOTARIAL DE SUFICIENCIA SIN SALVAR LA AUTOCONTRATACI\u00d3N O CONFLICTO DE INTERESES.<\/strong><\/span><\/p>\n<p style=\"text-align: justify;\">Resoluci\u00f3n de 20 de octubre de 2015, de la Direcci\u00f3n General de los Registros y del Notariado, en el recurso interpuesto contra la calificaci\u00f3n de la registradora de la propiedad interina de Alboc\u00e0sser, por la que se suspende la inscripci\u00f3n de una escritura de donaci\u00f3n.<\/p>\n<p style=\"text-align: justify;\"><strong>Hechos<\/strong> Se otorga una escritura de donaci\u00f3n en la que los donantes est\u00e1n representados por la donataria por medio de un poder. El notario emite el juicio de suficiencia, pero no se hace menci\u00f3n a la autocontrataci\u00f3n.<\/p>\n<p style=\"text-align: justify;\"><strong>La registradora<\/strong> considera que el juicio de suficiencia no ha sido congruente porque no se refiere a la autocontrataci\u00f3n. El registrador sustituto lo confirma.<\/p>\n<p style=\"text-align: justify;\"><strong>El notario autorizante<\/strong> recurre alegando que ha emitido un juicio claro de suficiencia por lo que previamente ha valorado ese conflicto de intereses, y que ni la letra ni la finalidad del <a href=\"http:\/\/noticias.juridicas.com\/base_datos\/Admin\/l24-2001.t4.html#a98\">art\u00edculo 98 de la Ley 24\/2001<\/a>, de 27 de diciembre exige mencionar expresamente la autocontrataci\u00f3n en el juicio de suficiencia.<\/p>\n<p style=\"text-align: justify;\"><strong>La DGRN<\/strong> desestima el recurso. Declara que su doctrina es que tienen que constar \u00a0los \u201cdatos necesarios para hacer una comparaci\u00f3n entre la facultad que presupone la apreciaci\u00f3n de la representaci\u00f3n y el (concreto) acto o contrato documentado, sin que basten meras f\u00f3rmulas de estilo o apod\u00edcticas como las que se limitan a hacer una simple aseveraci\u00f3n (cuya congruencia, de no hacerse as\u00ed, ser\u00eda de imposible control) de que la representaci\u00f3n es suficiente para el acto o negocio documentado\u02ee\u00bb. En definitiva exige que se haga constar expresamente en el juicio de suficiencia lo relativo a la autocontrataci\u00f3n o conflicto de intereses, pues en otro caso no lo considera bien emitido.\u00a0(AFS)<\/p>\n<p style=\"text-align: justify;\"><a href=\"https:\/\/www.boe.es\/boe\/dias\/2015\/11\/23\/pdfs\/BOE-A-2015-12620.pdf\">PDF (BOE-A-2015-12620 &#8211; 5 p\u00e1gs. &#8211; 204 KB)<\/a> <a href=\"https:\/\/www.boe.es\/diario_boe\/txt.php?id=BOE-A-2015-12620\">Otros formatos<\/a><\/p>\n<p style=\"text-align: justify;\">\u00a0<\/p>\n<p style=\"text-align: justify;\"><span style=\"font-size: 12pt;\"><strong><a id=\"r409\"><\/a>409. EXCESO DE CABIDA EN BASE A INFORME T\u00c9CNICO. DUDAS DE IDENTIDAD.<\/strong><\/span><\/p>\n<p style=\"text-align: justify;\">Resoluci\u00f3n de 21 de octubre de 2015, de la Direcci\u00f3n General de los Registros y del Notariado, en el recurso interpuesto contra la negativa de la registradora de la propiedad de Torrelaguna a inscribir un exceso de cabida.<\/p>\n<p style=\"text-align: justify;\">En este caso se pretende la registraci\u00f3n de un exceso de cabida que <strong>no supera la quinta parte de la ya inscrita<\/strong>. Para ello se aporta una certificaci\u00f3n expedida por un t\u00e9cnico, al amparo de lo establecido en el <a href=\"https:\/\/www.notariosyregistradores.com\/NORMAS\/reglamento-hipotecario-3.htm#art298\">art\u00edculo 298.3, p\u00e1rrafo segundo, del Reglamento Hipotecario<\/a>. Sin embargo, la registradora manifiesta una serie de razones por las que considera que existen dudas sobre la identidad de la finca que impiden la inscripci\u00f3n. Y en este sentido, dice la DGRN, \u00a0\u00abprocede confirmar el criterio sostenido en la nota de calificaci\u00f3n. El hecho de que en el Registro exista una finca r\u00fastica y que ahora se hable de dos parcelas urbanas, que una de ellas se diga que est\u00e1 atravesada por una calle, o que se alteren linderos fijos de la finca, unido a que en el informe t\u00e9cnico no se incorporen planos que pudieran servir de aclaraci\u00f3n de la situaci\u00f3n f\u00edsica de las parcelas, constituyen un conjunto de circunstancias que justifican sobradamente las dudas que alberga la registradora y que, conforme al art\u00edculo 298.3, p\u00e1rrafo quinto, nos conducen a la desestimaci\u00f3n del recurso, m\u00e1xime cuando nuestra normativa ofrece v\u00edas alternativas, que no han sido utilizadas en el caso que nos ocupa, con publicidad, mayores garant\u00edas procedimentales y expresa citaci\u00f3n a colindantes y otros posibles interesados para disipar tales dudas fundadas resultantes de la calificaci\u00f3n registral.\u00bb<\/p>\n<p style=\"text-align: justify;\">Por otra parte, esta resoluci\u00f3n anuncia, <strong>para el futuro<\/strong>, que \u00abtras la derogaci\u00f3n de tales preceptos por la Ley 13\/2015, y con la desjudicializaci\u00f3n de los procedimientos del t\u00edtulo VI de la Ley Hipotecaria que proclama en su Exposici\u00f3n de Motivos, se podr\u00e1n utilizar, con los tr\u00e1mites, notificaciones, publicaciones, alertas geogr\u00e1ficas y dem\u00e1s garant\u00edas previstas en cada caso, el <strong>procedimiento ante el registrador regulado en el nuevo <a href=\"https:\/\/www.notariosyregistradores.com\/web\/normas\/ley-hipotecaria\/#a199\">art\u00edculo 199<\/a><\/strong>\u00a0para inscribir la ubicaci\u00f3n y delimitaci\u00f3n geogr\u00e1fica de las fincas, y con ella, su superficie y linderos, rectificando, si fuera preciso, la previa descripci\u00f3n literaria, como ordena el art\u00edculo 9, o bien acudir a la <strong>tramitaci\u00f3n ante notario regulada en el <a href=\"https:\/\/www.notariosyregistradores.com\/web\/normas\/ley-hipotecaria\/#a201\">art\u00edculo 201<\/a><\/strong>\u00a0encaminada a la inscripci\u00f3n de rectificaciones de la descripci\u00f3n, superficie y linderos de las fincas registrales.\u00bb\u00a0(JDR)<\/p>\n<p style=\"text-align: justify;\"><a href=\"https:\/\/www.boe.es\/boe\/dias\/2015\/11\/23\/pdfs\/BOE-A-2015-12621.pdf\">PDF (BOE-A-2015-12621 &#8211; 5 p\u00e1gs. &#8211; 191 KB)<\/a> <a href=\"https:\/\/www.boe.es\/diario_boe\/txt.php?id=BOE-A-2015-12621\">Otros formatos<\/a><\/p>\n<p style=\"text-align: justify;\">\u00a0<\/p>\n<p style=\"text-align: justify;\"><span style=\"font-size: 12pt;\"><a id=\"r410\"><\/a><strong>410. HIPOTECA. CL\u00c1USULA SUELO. CATALU\u00d1A. ORGANO COMPETENTE PARA RESOLVER EL RECURSO<\/strong><\/span><\/p>\n<p style=\"text-align: justify;\">Resoluci\u00f3n de 21 de octubre de 2015, de la Direcci\u00f3n General de los Registros y del Notariado, en el recurso interpuesto contra la nota de calificaci\u00f3n del registrador de la propiedad de Torredembarra, por la que se deniega la inscripci\u00f3n de ciertos pactos en una escritura de pr\u00e9stamo hipotecario.<\/p>\n<p style=\"text-align: justify;\">EL CASO.- Se presenta un pr\u00e9stamo hipotecario que contiene una cl\u00e1usula de inter\u00e9s de demora y otra de suelo o de limitaci\u00f3n a la baja de un tipo de inter\u00e9s variable con un suelo del 0,50%.<\/p>\n<p style=\"text-align: justify;\">CL\u00c1USULA DE INTERESES DE DEMORA.- Respecto de la cl\u00e1usula de <strong>intereses de demora<\/strong>, seg\u00fan el informe del notario \u201cComo resulta del pacto sexto de la escritura el tipo de demora m\u00e1ximo a afectos hipotecarios resulta de a\u00f1adir 10 puntos al tipo m\u00e1ximo de inter\u00e9s ordinario \u20135 %\u2013, es decir, ser\u00eda del 15 %, pero al estar el pr\u00e9stamo en el \u00e1mbito de aplicaci\u00f3n del CCC la propia escritura establece un tipo de inter\u00e9s demora fijo que s\u00f3lo puede ser el 10,50 % (tres veces el tipo legal vigente en el momento de la firma), como as\u00ed destaca el Registrador en su nota, tipo que coincide, adem\u00e1s, con el de la <strong>cl\u00e1usula suelo m\u00e1s 10 puntos<\/strong>. Al fijarse una cifra alzada de responsabilidad por demora de 630 euros, hay que comprobar si excede de los cinco a\u00f1os a dicho tipo del 10&#8217;50 % (art. 114.II LH), y claramente no es as\u00ed (por a\u00f1o serian 307&#8217;50 euros)\u201d.<\/p>\n<p style=\"text-align: justify;\">CL\u00c1USULA SUELO.- <strong>En cuanto a la cl\u00e1usula suelo objeto de debate \u201c<\/strong>El presente expediente [&#8230;] <strong>se va limitar<\/strong> a la cuesti\u00f3n consistente en analizar si se ajustan o no a Derecho las razones jur\u00eddicas aducidas por el registrador [&#8230;] para <strong>denegar la inscripci\u00f3n de la referida cl\u00e1usula<\/strong> [&#8230;] relativa a la fijaci\u00f3n del l\u00edmite a la variaci\u00f3n a la baja de los intereses ordinarios en el 0,50 % pero <strong>sin se\u00f1alar un l\u00edmite a la variaci\u00f3n al alza<\/strong> determinado ya <strong>que se referencia<\/strong> al que figure en el correspondiente convenio colectivo\u201d.<\/p>\n<p style=\"text-align: justify;\">Los t\u00e9rminos de la cl\u00e1usula suelo<strong> \u2013tercera bis\u2013 <\/strong>son los siguientes: \u00aben atenci\u00f3n a que el pr\u00e9stamo es concedido al prestatario en la cualidad de <strong>empleado<\/strong> de Catalunya Bank, S.A., y en cumplimiento de la legislaci\u00f3n laboral vigente, convenios y pactos complementarios, se establecen las siguientes <strong>limitaciones<\/strong> a la variabilidad del tipo de inter\u00e9s que se ha devengar por el pr\u00e9stamo: 1.\u2013El tipo de inter\u00e9s que se ha de devengar por el pr\u00e9stamo no podr\u00e1 ser <strong>nunca inferior al 0&#8217;5 por ciento nominal, ni superior al del Convenio Colectivo<\/strong> para esta modalidad, vigente en cada momento\u00bb.<\/p>\n<p style=\"text-align: justify;\"><strong>Otras caracter\u00edsticas del pr\u00e9stamo hipotecario<\/strong> son las siguientes: a) se concede a una persona f\u00edsica que es <strong>empleado<\/strong> del banco y la hipoteca recae sobre una <strong>vivienda<\/strong> <strong>no habitual<\/strong> del prestatario; b) se aporta la <strong>expresi\u00f3n manuscrita<\/strong> del prestatario; c) para el caso de que este <strong>deje de ser empleado<\/strong> del acreedor, se modifica el diferencial (pasa de ser el menos 1,50 a m\u00e1s 0,75 o m\u00e1s 1,00 seg\u00fan la causa), pero sin se\u00f1alar distintos topes al suelo ni al techo.<\/p>\n<p style=\"text-align: justify;\">De la resoluci\u00f3n tambi\u00e9n resulta que el inter\u00e9s remuneratorio es variable y que parece tener como tipo de referencia el euribor mensual, al que hay que sumar un diferencial invariable, negativo para deudores empleados de Catalunya Banc, SA, del 1,5%. Tambi\u00e9n resulta que se fija un tipo de inter\u00e9s remuneratorio m\u00e1ximo del 5% seg\u00fan el informe del notario y del 5,5% seg\u00fan la DGRN.<\/p>\n<p style=\"text-align: justify;\">CALIFICACI\u00d3N Y DECISI\u00d3N DE LA DGRN.- El registrador <strong>suspende<\/strong> la inscripci\u00f3n solicitada [suspensi\u00f3n total] si bien, a pesar de la importancia de la cl\u00e1usula de demora en la obligaci\u00f3n garantizada determinante de la total responsabilidad hipotecaria, admite la inscripci\u00f3n parcial de la hipoteca sin la cl\u00e1usula de intereses de demora <strong>si lo solicita el interesado<\/strong>.<\/p>\n<p style=\"text-align: justify;\"><strong>No obstante, la DGRN aclara aqu\u00ed que aquello cuya inscripci\u00f3n se impide no es la hipoteca sino la cl\u00e1usula ya sea cl\u00e1usula suelo o de intereses de demora [<\/strong>aunque parece que no se puede inscribir la hipoteca hasta que se modifique o elimine la cl\u00e1usula abusiva. La modificaci\u00f3n requiere pacto; la eliminaci\u00f3n, no].<\/p>\n<p style=\"text-align: justify;\"><strong>La DGRN confirma los argumentos sobre aplicabilidad de la norma auton\u00f3mica <\/strong>sin decidirse a confirmar una nota que no se sabe si impide o no la inscribilidad de los intereses de demora, y<strong> revoca <\/strong>la nota en cuanto a la<strong> cl\u00e1usula suelo.<\/strong><\/p>\n<p style=\"text-align: justify;\">CUESTIONES PREVIAS.- Con <strong>car\u00e1cter previo<\/strong> se plantean tres cuestiones (competencia administrativa para resolver el recurso, \u00e1mbito de la calificaci\u00f3n registral y aplicaci\u00f3n del Derecho auton\u00f3mico) ya analizadas en la Resoluci\u00f3n de <a href=\"https:\/\/www.notariosyregistradores.com\/web\/resoluciones\/por-meses\/resoluciones-dgrn-octubre-2015\/#r366\">25 de septiembre de 2015<\/a> y en otras <a href=\"https:\/\/www.notariosyregistradores.com\/web\/resoluciones\/por-meses\/resoluciones-dgrn-octubre-2015\/#r390\">dos<\/a> posteriores de fecha ambas <a href=\"https:\/\/www.notariosyregistradores.com\/web\/resoluciones\/por-meses\/resoluciones-dgrn-octubre-2015\/#r388\">9 de octubre<\/a> de 2015 sobre la misma materia.<\/p>\n<p style=\"text-align: justify;\">El recurso tambi\u00e9n aclara que se procede a resolver todas las cuestiones planteadas, no obstante, la <strong>suspensi\u00f3n de la norma objeto de aplicaci\u00f3n<\/strong> \u2013el art. 251-6, n\u00famero 4, del C\u00f3digo de consumo de Catalu\u00f1a\u2013 por providencia del Tribunal Constitucional de 6 octubre 2015, que suspende la vigencia, entre otros, del citado art\u00edculo; publicada en el BOE de <strong>9 de octubre pasado<\/strong>.<\/p>\n<p style=\"text-align: justify;\">INTERESES DE DEMORA.- En cuanto a la cl\u00e1usula de intereses de demora, pese a las dudas sobre si ha habido o no denegaci\u00f3n, respecto de los <strong>argumentos y decisi\u00f3n confirmatorios de la aplicaci\u00f3n de la normativa auton\u00f3mica [<\/strong>y consecuente confirmaci\u00f3n de la nota del registrador que la invoca<strong>] <\/strong>se remite a las resoluciones de <a href=\"https:\/\/www.notariosyregistradores.com\/web\/secciones\/consumo-y-derecho\/articulos-cyd\/clausulas-abusivas-valor-de-las-sentencias-inscripcion-parcial-competencias-autonomicas\/\">25 setiembre 2015<\/a> y <a href=\"https:\/\/www.notariosyregistradores.com\/web\/resoluciones\/por-meses\/resoluciones-dgrn-octubre-2015\/#r388\">9 octubre 2015<\/a> sobre la base de que conforme al art. 251-6, n\u00famero 4, letra a), del C\u00f3digo de consumo de Catalu\u00f1a ha de atenderse a la hora de tener en cuenta o fijar los l\u00edmites a los intereses de demora al <strong><u>momento de la firma de la escritura<\/u><\/strong> [extremo que pese al silencio de la resoluci\u00f3n se apoya tambi\u00e9n en los arts. 82.3 TRLGDCU y 4.1 Directiva 93\/13\/CE].<\/p>\n<p style=\"text-align: justify;\">CL\u00c1USULA SUELO.- <strong>M\u00e1s compleja<\/strong> resulta la aplicaci\u00f3n registral de la norma catalana de referencia respecto de la declaraci\u00f3n como abusivas de las cl\u00e1usulas que fijen un l\u00edmite a la variaci\u00f3n a la baja del tipo de inter\u00e9s contratado <strong>cuando no haya un paralelo l\u00edmite a la subida<\/strong> [&#8230;] o la diferencia entre el l\u00edmite fijado en el contrato para la subida y la bajada de los tipos de inter\u00e9s sea superior a 5 puntos; porque aqu\u00ed se inmiscuye la problem\u00e1tica de la <strong>libertad contractual en la fijaci\u00f3n de los precios de los contratos<\/strong>, en este caso el inter\u00e9s al que se presta el dinero y sus condiciones, cuesti\u00f3n que como reconoce el Tribunal Supremo <strong>corresponde a la iniciativa empresarial<\/strong>.<\/p>\n<p style=\"text-align: justify;\">As\u00ed, la problem\u00e1tica contractual de las cl\u00e1usulas de inter\u00e9s variable<strong> y de las determinaciones accesorias que influyen en su fijaci\u00f3n o variaci\u00f3n, incluyendo cualquier elemento de <u>coste financiero<\/u> que vaya asociado <\/strong>al mismo, ha sido abordada en profundidad por el Tribunal Supremo que las considera incluidas en el concepto de \u00ab<strong>objeto principal del contrato<\/strong>\u00bb porque forman <strong>parte inescindible del precio<\/strong> que debe pagar el prestatario y, en consecuencia, como regla general, <strong>no cabe el control de equilibrio de estas cl\u00e1usulas.<\/strong><\/p>\n<p style=\"text-align: justify;\">Congruentemente, el art. 6 Ley estatal 1\/2013 <strong>no declara la abusividad<\/strong> de las cl\u00e1usulas suelo como la ley catalana, sino que ha establecido en determinados <strong>supuestos coincidentes con la normativa comunitaria [<\/strong>que no ha sido transpuesta<strong>]<\/strong>, <strong>la necesidad de incorporar al contrato de pr\u00e9stamo una expresi\u00f3n manuscrita<\/strong> del prestatario.<\/p>\n<p style=\"text-align: justify;\">No obstante esta <strong>diferencia conceptual<\/strong>, [&#8230;] los <strong>efectos civiles y registrales<\/strong> de la aplicaci\u00f3n de las normas por el registrador en su calificaci\u00f3n, ser\u00e1n los determinados por la <strong>legislaci\u00f3n estatal<\/strong> para el concreto tipo de cl\u00e1usulas limitativas de la variaci\u00f3n a la baja del tipo de inter\u00e9s remuneratorio, <strong>de tal manera que el efecto civil <\/strong>no ser\u00e1 la nulidad de pleno derecho de la cl\u00e1usula<strong> sino la necesidad, como un <u>requisito de transparencia contractual<\/u>, de aportar la expresi\u00f3n manuscrita del prestatario <\/strong>a que se refiere el art. 6 Ley 1\/2013<strong>, y el efecto registral ser\u00e1 la <u>suspensi\u00f3n de la inscripci\u00f3n<\/u> [<\/strong>no de la cl\u00e1usula<strong>] mientras la misma no sea elaborada y aportada<\/strong>.<\/p>\n<p style=\"text-align: justify;\">En el supuesto objeto de este recurso, se fija un suelo a los intereses variables del 0,5% y un techo indeterminado pero <strong>determinable (el que resulte del convenio colectivo vigente en cada momento<\/strong>) y acompa\u00f1ando la repetida <strong>expresi\u00f3n manuscrita<\/strong> del prestatario; lo que supone la <strong>concurrencia de los presupuestos de aplicaci\u00f3n de ambas legislaciones<\/strong>.<\/p>\n<p style=\"text-align: justify;\">E<strong>s <u>indudable<\/u> que existe un l\u00edmite m\u00e1ximo a la variaci\u00f3n del tipo de inter\u00e9s al alza<\/strong>, que ser\u00e1 <strong>el que resulte de la negociaci\u00f3n colectiva<\/strong> entre el banco y sus empleados a trav\u00e9s de los \u00f3rganos de representaci\u00f3n sindical, por lo que <strong>la sola presencia de dicho pacto excluye el supuesto de aplicabilidad recogido en el art. 251-6-4 del C\u00f3digo de consumo de Catalu\u00f1a para el caso de \u00abno fijaci\u00f3n de un l\u00edmite a la subida del tipo de inter\u00e9s<\/strong>\u00bb.<\/p>\n<p style=\"text-align: justify;\">En cuanto al hecho de que su <strong>indeterminaci\u00f3n inicial<\/strong> impide valorar la falta o <strong>concurrencia de la proporcionalidad<\/strong> a que se refiere tanto la normativa estatal como la catalana, este Centro Directivo entiende que tambi\u00e9n <strong>la previsi\u00f3n contractual<\/strong> a la se refiere este expediente excluye la aplicaci\u00f3n de esa normativa porque en tal supuesto \u2013<strong>fijaci\u00f3n del tipo m\u00e1ximo en una negociaci\u00f3n colectiva<\/strong>\u2013 <strong>no nos encontramos en presencia ni de una condici\u00f3n general de los contratos ni de una cl\u00e1usula abusiva<\/strong> a la que le sea aplicable la normativa de consumidores.<\/p>\n<p style=\"text-align: justify;\">Tanto el art. 1 LCGC como el art. 82 TRLGDCU exigen como presupuesto de su aplicaci\u00f3n que la cl\u00e1usula contractual de que se trate haya sido <strong>predispuesta<\/strong> por el profesional y no negociadas individualmente y no se puede desconocer que <strong>la adhesi\u00f3n del prestatario, a este tipo de pr\u00e9stamos, <u>especiales por sus favorables condiciones financieras<\/u><\/strong>, lo es con car\u00e1cter general a <strong>unas cl\u00e1usulas que s\u00ed han sido negociadas por sus representantes <\/strong>en las relaciones laborales, econ\u00f3micas y sociales con el empresario, y que la determinaci\u00f3n presente y futura del concreto l\u00edmite m\u00e1ximo de la <strong>variabilidad no queda vinculada a la voluntad unilateral del acreedor<\/strong>. En consecuencia, en presencia de este tipo de cl\u00e1usulas lo \u00fanico que ser\u00e1 exigible por el registrador ser\u00e1 el cumplimiento de las <strong>obligaciones y requisitos legales de informaci\u00f3n y transparencia contractual<\/strong>. El hecho que el empresario que afirme que una determinada cl\u00e1usula ha sido negociada, debe asumir la <strong>carga de la prueba<\/strong>, <strong>decae igualmente en este<\/strong> caso.<\/p>\n<p style=\"text-align: justify;\">En cuanto a la afirmaci\u00f3n del registrador de que la inconcreci\u00f3n del tipo m\u00e1ximo de los intereses variables es contraria a las exigencias recogidas en el art. 12 LH al impedir la determinaci\u00f3n de la responsabilidad hipotecaria m\u00e1xima de los intereses ordinarios, no se comparte, ya que al no tratarse de una limitaci\u00f3n legal <strong>siempre se podr\u00e1 fijar un tipo m\u00e1ximo <\/strong>expreso a efectos hipotecarios (<strong>como de hecho ocurre<\/strong> en este caso que se fija en el 5,50% m\u00e1ximo).<\/p>\n<p style=\"text-align: justify;\">En consecuencia, la Direcci\u00f3n General ha acordado estimar el recurso y revocar la nota de calificaci\u00f3n del registrador en los t\u00e9rminos que resultan de los anteriores pronunciamientos.\u00a0(CB)<\/p>\n<p style=\"text-align: justify;\">Otras<strong> resoluciones recientes sobre la materia<\/strong>: <a href=\"https:\/\/www.notariosyregistradores.com\/web\/resoluciones\/por-meses\/resoluciones-dgrn-octubre-2015\/#r366\">R.\u00a025 de septiembre de 2015<\/a>; <a href=\"https:\/\/www.notariosyregistradores.com\/web\/resoluciones\/por-meses\/resoluciones-dgrn-octubre-2015\/#r387\">R. 8 de octubre de 2015<\/a>;\u00a0 <a href=\"https:\/\/www.notariosyregistradores.com\/web\/resoluciones\/por-meses\/resoluciones-dgrn-octubre-2015\/#r388\">R. 9 de octubre de 2015 (1)<\/a>;\u00a0<a href=\"https:\/\/www.notariosyregistradores.com\/web\/resoluciones\/por-meses\/resoluciones-dgrn-octubre-2015\/#r390\">R. 9 de octubre de 2015 (3)<\/a>,\u00a0<\/p>\n<p style=\"text-align: justify;\"><a href=\"https:\/\/www.boe.es\/boe\/dias\/2015\/11\/23\/pdfs\/BOE-A-2015-12622.pdf\">PDF (BOE-A-2015-12622 &#8211; 24 p\u00e1gs. &#8211; 372 KB)<\/a> <a href=\"https:\/\/www.boe.es\/diario_boe\/txt.php?id=BOE-A-2015-12622\">Otros formatos<\/a><\/p>\n<p style=\"text-align: justify;\">\u00a0<\/p>\n<p style=\"text-align: justify;\"><span style=\"font-size: 12pt;\"><a id=\"r411\"><\/a><strong>411. EJECUCI\u00d3N EXTRAJUDICIAL DE HIPOTECA. CANCELACI\u00d3N DE EMBARGO POSTERIOR SIN EXISTIR NOTA DE EXPEDICI\u00d3N DE CERTIFICACI\u00d3N DE CARGAS<\/strong><\/span><\/p>\n<p style=\"text-align: justify;\">Resoluci\u00f3n de 22 de octubre de 2015, de la Direcci\u00f3n General de los Registros y del Notariado, en el recurso interpuesto contra la nota de calificaci\u00f3n extendida por la registradora de la propiedad de Alcal\u00e1 de Guada\u00edra n.\u00ba 2, por la que se deniega la cancelaci\u00f3n de una anotaci\u00f3n de embargo solicitada mediante instancia suscrita por una entidad mercantil.<\/p>\n<p style=\"text-align: justify;\"><strong>Hechos: <\/strong>Con motivo de un procedimiento de ejecuci\u00f3n extrajudicial ante notario de una hipoteca la registradora expidi\u00f3 el certificado de cargas, pero no lo hizo constar por nota marginal porque no se hab\u00eda designado ning\u00fan mandatario para la venta. Posteriormente se anot\u00f3 un embargo. Finalizado dicho procedimiento se inscribi\u00f3 la escritura de compraventa, pero no se cancel\u00f3 dicha carga, por lo que el adjudicatario y comprador solicita ahora mediante instancia la cancelaci\u00f3n de dicha carga posterior.<\/p>\n<p style=\"text-align: justify;\"><strong>La registradora<\/strong> rechaza la cancelaci\u00f3n solicitada porque al no haberse practicado la nota marginal\u00a0 en su momento el titular de la carga posterior no ha tenido conocimiento del procedimiento de venta extrajudicial.<\/p>\n<p style=\"text-align: justify;\"><strong>El interesado<\/strong> recurre y alega que la adjudicaci\u00f3n en el procedimiento extrajudicial tiene virtud cancelatoria de las cargas posteriores y adem\u00e1s que no ha habido sobrante.<\/p>\n<p style=\"text-align: justify;\"><strong>La DGRN<\/strong> desestima el recurso. Argumenta que el titular de la carga posterior a la emisi\u00f3n del certificado de cargas no tuvo conocimiento de la existencia del procedimiento de ejecuci\u00f3n hipotecaria al no haberse practicado la nota de cargas y en consecuencia s\u00f3lo se puede cancelar su derecho\u00a0 con el\u00a0 consentimiento de dicho titular.\u00a0(AFS)<\/p>\n<p style=\"text-align: justify;\"><a href=\"https:\/\/www.boe.es\/boe\/dias\/2015\/11\/23\/pdfs\/BOE-A-2015-12623.pdf\">PDF (BOE-A-2015-12623 &#8211; 8 p\u00e1gs. &#8211; 203 KB)<\/a> <a href=\"https:\/\/www.boe.es\/diario_boe\/txt.php?id=BOE-A-2015-12623\">Otros formatos<\/a><\/p>\n<p style=\"text-align: justify;\">\u00a0<\/p>\n<p style=\"text-align: justify;\"><span style=\"font-size: 12pt;\"><a id=\"r412\"><\/a><strong>412.<\/strong> <strong>RECTIFICACI\u00d3N DEL CAR\u00c1CTER DE UNA FINCA PRIVATIVA INDEBIDAMENTE INSCRITA COMO GANANCIAL. ANOTACI\u00d3N DE DECLARACI\u00d3N\u00a0 DE CONCURSO. NOTIFICACI\u00d3N AL C\u00d3NYUGE<\/strong><\/span><\/p>\n<p style=\"text-align: justify;\">Resoluci\u00f3n de 23 de octubre de 2015, de la Direcci\u00f3n General de los Registros y del Notariado, en el recurso interpuesto contra la negativa de la registradora de la propiedad de Benidorm n.\u00ba 2 a practicar una anotaci\u00f3n preventiva de concurso.<\/p>\n<p style=\"text-align: justify;\"><strong>A) Hechos: <\/strong>Se <strong>decreta judicialmente una anotaci\u00f3n preventiva de concurso de acreedores de una persona f\u00edsica<\/strong>, que en el <u>Registro aparece como casado<\/u>\u00a0en r\u00e9gimen de gananciales, cuando en realidad, AUNQUE NO SE ACREDITA PREVIAMENTE a la Registradora, sino con posterioridad a su calificaci\u00f3n,\u00a0 NO EST\u00c1 CASADA con la supuesta esposa.<\/p>\n<p style=\"text-align: justify;\"><strong>\u00a0Todos<\/strong> (recurrente, registradora y DGRN) coinciden y aceptan que para tal anotaci\u00f3n ser\u00eda preciso que <strong><em><u>constare la notificaci\u00f3n al c\u00f3nyuge<\/u><\/em><\/strong> del concursado casado en gananciales (a pesar de que la Ley concursal, a diferencia de la LEC y el RH, no lo exige expresamente).<\/p>\n<p style=\"text-align: justify;\"><strong>B) La registradora califica negativamente<\/strong> por faltar tal notificaci\u00f3n;<\/p>\n<p style=\"text-align: justify;\"><strong>C) <\/strong>El<strong> acreedor recurre<\/strong> alegando que su deudor NO est\u00e1 casado pero lo acredita con posterioridad a la calificaci\u00f3n inicial;<\/p>\n<p style=\"text-align: justify;\"><strong>D) La DGRN desestima <\/strong>el recurso, y <strong>confirma la calificaci\u00f3n<\/strong>, se\u00f1alando que para <u>rectificar el Registro<\/u>, <em>NO cabe el Recurso Gubernativo<\/em>, sino los medios del <a href=\"https:\/\/www.notariosyregistradores.com\/web\/normas\/ley-hipotecaria\/#a40\">40 LH<\/a>, y mientras no se haga subsistir\u00e1 la presunci\u00f3n de exactitud del asiento que publica el car\u00e1cter ganancial de la finca. [Luego hace una extensa reflexi\u00f3n sobre la necesidad de notificaci\u00f3n al c\u00f3nyuge en caso de que no se desvirt\u00fae que el deudor concursado no estaba casado]. (<a href=\"https:\/\/www.notariosyregistradores.com\/CORTOS\/2008\/07-albertcapell.htm\">ACM<\/a>).<\/p>\n<p><a href=\"https:\/\/www.boe.es\/boe\/dias\/2015\/11\/23\/pdfs\/BOE-A-2015-12624.pdf\">PDF (BOE-A-2015-12624 \u2013 6 p\u00e1gs. \u2013 184 KB)<\/a> <a href=\"https:\/\/www.boe.es\/diario_boe\/txt.php?id=BOE-A-2015-12624\">Otros formatos<\/a><\/p>\n<p style=\"text-align: justify;\">\u00a0<\/p>\n<p style=\"text-align: justify;\"><span style=\"font-size: 12pt;\"><a id=\"r413\"><\/a><strong>413. COMPRA POR SOCIEDAD LIMITADA. ART. 160-F LSC<\/strong><\/span><\/p>\n<p style=\"text-align: justify;\">Resoluci\u00f3n de 23 de octubre de 2015, de la Direcci\u00f3n General de los Registros y del Notariado, en el recurso interpuesto contra la negativa de la registradora de la propiedad de C\u00e1diz n.\u00ba 3 a inscribir una escritura de compraventa.<\/p>\n<p>\u00cddem que varias Resoluciones previas. Ver, por ejemplo, <a href=\"https:\/\/www.notariosyregistradores.com\/web\/normas\/informes-mensuales\/informe-251-boe-agosto-2015\/#r223\">la\u00a0 Resoluci\u00f3n de 26 de \u00a0Junio de 2015 y comentario<\/a>.\u00a0(AFS)<\/p>\n<p style=\"text-align: justify;\"><a href=\"https:\/\/www.boe.es\/boe\/dias\/2015\/11\/23\/pdfs\/BOE-A-2015-12625.pdf\">PDF (BOE-A-2015-12625 &#8211; 6 p\u00e1gs. &#8211; 185 KB)<\/a> <a href=\"https:\/\/www.boe.es\/diario_boe\/txt.php?id=BOE-A-2015-12625\">Otros formatos<\/a><\/p>\n<p style=\"text-align: justify;\">\u00a0<\/p>\n<p style=\"text-align: justify;\"><span style=\"font-size: 12pt;\"><a id=\"r414\"><\/a><strong>414. CANCELACI\u00d3N DE DERECHO DE REVERSI\u00d3N MEDIANTE INSTANCIA PRIVADA<\/strong><\/span><\/p>\n<p style=\"text-align: justify;\">Resoluci\u00f3n de 26 de octubre de 2015, de la Direcci\u00f3n General de los Registros y del Notariado, en el recurso interpuesto contra la negativa de la registradora de la propiedad de Sevilla n.\u00ba 5 a cancelar determinado asiento registral.<\/p>\n<p class=\"parrafo\" style=\"text-align: justify;\">Mediante instancia con firma legitimada notarialmente, los titulares registrales de una finca solicitaron la cancelaci\u00f3n de una inscripci\u00f3n de concesi\u00f3n administrativa de distribuci\u00f3n de hidrocarburos y del derecho de reversi\u00f3n a favor del Estado que pesa sobre la finca vinculada a dicha concesi\u00f3n, todo ello al amparo de lo establecido en la <a href=\"http:\/\/www.boe.es\/buscar\/act.php?id=BOE-A-1998-23284&amp;tn=1&amp;p=20150522&amp;vd=#segunda\" target=\"_blank\">disposici\u00f3n adicional segunda<\/a> de la Ley 34\/1998, de 7 de octubre, del sector de hidrocarburos.<\/p>\n<p class=\"parrafo\" style=\"text-align: justify;\">La registradora se opone a dicha cancelaci\u00f3n por entender que se solicita mediante un mero documento privado y que, adem\u00e1s no interviene el titular del derecho de reversi\u00f3n y concedente de la concesi\u00f3n.<\/p>\n<p class=\"parrafo\" style=\"text-align: justify;\">La DGRN estima el recurso y revoca la calificacion registral diciendo que @Ciertamente, es regla general que para la cancelaci\u00f3n de un asiento registral se presupone bien el consentimiento del titular del derecho reflejado en dicho asiento, bien la pertinente resoluci\u00f3n judicial supletoria. (cfr. art\u00edculos 1, 40 y 82 de la Ley Hipotecaria). Pero, no es menos cierto que dicha regla tiene importantes excepciones y una de ellas es cuando el derecho inscrito se haya extinguido por imperativo del propio t\u00edtulo inscrito, o por disposici\u00f3n directa de la ley (art\u00edculo 82 de la Ley Hipotecaria). Y a\u00f1ade que \u00abes esto lo que ocurre precisamente en el caso objeto de este expediente, en tanto, como se ha expuesto, la concesi\u00f3n administrativa y el correlativo derecho de reversi\u00f3n que aparecen inscritos en el Registro han quedado extinguidos por directa disposici\u00f3n de la Ley, siendo en consecuencia suficiente para su cancelaci\u00f3n la solicitud realizadas por los titulares registrales del dominio de la finca a trav\u00e9s de la instancia con firma legitimada notarialmente\u00bb.\u00a0(JDR)<\/p>\n<p style=\"text-align: justify;\"><a href=\"https:\/\/www.boe.es\/boe\/dias\/2015\/11\/23\/pdfs\/BOE-A-2015-12626.pdf\">PDF (BOE-A-2015-12626 &#8211; 4 p\u00e1gs. &#8211; 187 KB)<\/a> <a href=\"https:\/\/www.boe.es\/diario_boe\/txt.php?id=BOE-A-2015-12626\">Otros formatos<\/a><\/p>\n<p style=\"text-align: justify;\">\u00a0<\/p>\n<p style=\"text-align: justify;\"><span style=\"font-size: 12pt;\"><a id=\"r415\"><\/a><strong>415. ANULACI\u00d3N DE INSTRUMENTO DE EQUIDISTRIBUCI\u00d3N. FIRMEZA DE LA RESOLUCI\u00d3N JUDICIAL. TRACTO SUCESIVO.<\/strong><\/span><\/p>\n<p style=\"text-align: justify;\">Resoluci\u00f3n de 26 de octubre de 2015, de la Direcci\u00f3n General de los Registros y del Notariado, en el recurso interpuesto contra la nota de calificaci\u00f3n de la registradora de la propiedad de Rota, por la que se deniega la inscripci\u00f3n de un auto dictado en ejecuci\u00f3n de sentencia de juzgado Contencioso-Administrativo.<\/p>\n<p style=\"text-align: justify;\">Se debate la inscripci\u00f3n de un testimonio de auto dictado en incidente de ejecuci\u00f3n de una sentencia firme anulatoria del acto administrativo de aprobaci\u00f3n de instrumento de equidistribuci\u00f3n y la cancelaci\u00f3n de los asientos registrales derivados del mismo, plante\u00e1ndose diferentes defectos:<\/p>\n<p style=\"text-align: justify;\">El primer defecto alegado por el Registrador es <strong>la falta de firmeza<\/strong>, defecto que es confirmado de conformidad con los art.524.4 y 207 LEC y 51.1 TRLS y 71 del RD 1093\/1997.<\/p>\n<p style=\"text-align: justify;\">Otro defecto que se alega es que no <strong>se acompa\u00f1a mandamiento que ordene la pr\u00e1ctica de los asientos registrales.<\/strong> La Direcci\u00f3n lo confirma ya que aunque del <a href=\"https:\/\/www.notariosyregistradores.com\/web\/normas\/ley-hipotecaria\/#a257\">art. 257 LH<\/a> parece deducirse que no es necesario Mandamiento cuando se trate de <strong>Ejecutorias y <a href=\"http:\/\/www.boe.es\/buscar\/act.php?id=BOE-A-2000-323&amp;tn=1&amp;p=20151028&amp;vd=#a521\">del 521 LEC<\/a><\/strong> la inscribibilidad directa de sentencias firmes cuando as\u00ed resulte de su propio contenido (R. <a href=\"https:\/\/www.notariosyregistradores.com\/resoluciones\/2014-JULIO.htm#r240\">de 13 de junio de 2014<\/a>) en este caso el propio auto dispone \u00ab<em>la inscripci\u00f3n del fallo \u2026 librando los oportunos mandamientos<\/em>\u00bb.<\/p>\n<p style=\"text-align: justify;\"><strong>No especificar en el t\u00edtulo presentado a inscripci\u00f3n los asientos registrales que deben ser cancelados<\/strong>. Se confirma igualmente pues si bien es cierto la sola presentaci\u00f3n en el Registro (<a href=\"https:\/\/www.notariosyregistradores.com\/web\/normas\/ley-hipotecaria\/#a6\">art 6 LH<\/a>) lleva impl\u00edcita la solicitud de la pr\u00e1ctica de todos los asientos que puedan practicarse (<a href=\"https:\/\/www.notariosyregistradores.com\/NORMAS\/reglamento-hipotecario-1.htm#art39\">arts.39<\/a> y <a href=\"https:\/\/www.notariosyregistradores.com\/NORMAS\/reglamento-hipotecario-3.htm#art425\">425RH<\/a>); esta doctrina es compatible con la que sostiene que trat\u00e1ndose de inscripci\u00f3n de documentos judiciales y m\u00e1s concretamente de sentencias declarativas o constitutivas que afectan a derechos inscritos, debe especificarse qu\u00e9 asientos deben ser objeto de cancelaci\u00f3n, porque como repetidamente ha afirmado la Direcci\u00f3n no incumbe al registrador determinar cu\u00e1l es el alcance de los efectos producidos por la sentencia presentada. Dicha facultad incumbe con car\u00e1cter exclusivo al juzgador por tener constitucionalmente atribuida la competencia de juzgar y de hacer ejecutar lo juzgado.<\/p>\n<p style=\"text-align: justify;\">Tambi\u00e9n se confirma el defecto de que los asientos no pueden ser cancelados <strong>por no haber sido parte sus titulares en el procedimiento judicial<\/strong> tramitado ni hallarse afectados los mismos por anotaciones de demanda que, en algunos casos no se han practicado, y en otros se han extinguido. Se confirma de acuerdo con su reiterada doctrina y en virtud del principio de <strong>tracto sucesivo<\/strong> (<a href=\"https:\/\/www.notariosyregistradores.com\/web\/category\/columna-izq\/ley-hipotecaria\/#a20\">art. 20 LH<\/a>), ya que aun teniendo en cuenta la reciente doctrina jurisprudencial sobre la forma en que el citado obst\u00e1culo registral pueda ser subsanado (R.\u00a0<a href=\"https:\/\/www.notariosyregistradores.com\/RESOLUCIONES\/2013-MARZO.htm#r116\">de 1 de marzo de 2013<\/a>\u00a0) seg\u00fan la cual en defecto de consentimiento expreso y aut\u00e9ntico de los actuales titulares registrales (<a href=\"https:\/\/www.notariosyregistradores.com\/web\/category\/columna-izq\/ley-hipotecaria\/#a82\">art 82 LH<\/a>), debe exigirse que sea el \u00f3rgano jurisdiccional quien deba apreciar en cada caso concreto si los titulares registrales afectados por el pronunciamiento judicial han tenido ocasi\u00f3n de intervenir en el proceso, si la sentencia les vincula, y si concurren o no circunstancias que deban ser dignas de protecci\u00f3n, en este supuesto de la documentaci\u00f3n presentada no resulta que los titulares registrales del dominio y de las cargas posteriores vigentes cuya cancelaci\u00f3n se solicita hayan sido parte, emplazados o citados, ni resulta que el \u00f3rgano jurisdiccional haya resuelto sobre la intervenci\u00f3n en el proceso de los interesados. (RR entre otras <a href=\"https:\/\/www.notariosyregistradores.com\/web\/resoluciones\/por-meses\/resoluciones-dgrn-abril-2015\/#111-reparcelacion-\">de 18 de marzo de 2015<\/a> o de <a href=\"https:\/\/www.notariosyregistradores.com\/RESOLUCIONES\/2012-JULIO.htm#r245\">15 de junio de 2012<\/a>).<\/p>\n<p style=\"text-align: justify;\">Y por \u00faltimo, tambi\u00e9n se confirma la necesidad de volver a presentar los mimos documentos que causaron el asiento de presentaci\u00f3n y que fueron retirados ya que as\u00ed lo exige la legislaci\u00f3n procedimental ( <a href=\"https:\/\/www.notariosyregistradores.com\/web\/normas\/ley-hipotecaria\/#a19\">arts 19 LH<\/a>; <a href=\"https:\/\/www.notariosyregistradores.com\/NORMAS\/reglamento-hipotecario-3.htm#art427\">427 y 428 Rh<\/a> y <a href=\"https:\/\/www.notariosyregistradores.com\/web\/normas\/ley-hipotecaria\/#a327\">327 LH<\/a>). (MN)<\/p>\n<p style=\"text-align: justify;\"><a href=\"https:\/\/www.boe.es\/boe\/dias\/2015\/11\/23\/pdfs\/BOE-A-2015-12627.pdf\">PDF (BOE-A-2015-12627 &#8211; 13 p\u00e1gs. &#8211; 247 KB)<\/a> <a href=\"https:\/\/www.boe.es\/diario_boe\/txt.php?id=BOE-A-2015-12627\">Otros formatos<\/a><\/p>\n<p style=\"text-align: justify;\">\u00a0<\/p>\n<p style=\"text-align: justify;\"><span style=\"font-size: 12pt;\"><a id=\"r416\"><\/a>416. <strong>PARTICI\u00d3N HEREDITARIA SIN ADJUDICAR BIENES A LOS MENORES Y SIN INTERVENIR EL CONTADOR<\/strong>.<\/span><\/p>\n<p style=\"text-align: justify;\">Resoluci\u00f3n de 27 de octubre de 2015, de la Direcci\u00f3n General de los Registros y del Notariado, en el recurso interpuesto contra la calificaci\u00f3n del registrador de la propiedad de Valdemoro, por la que se suspende la inscripci\u00f3n de una escritura de partici\u00f3n de herencia.<\/p>\n<p style=\"text-align: justify;\"><strong><u>Hechos<\/u><\/strong>: Se formaliza una escritura de herencia en la que concurren el viudo, dos hijos y un nieto mayores de edad y otros dos nietos menores, representados por su padre, dado que la madre tiene inter\u00e9s contrapuesto con ellos. La herencia tiene como base un testamento en el que la testadora, deja al viudo el usufructo universal y nombra herederos a todos ellos con atribuci\u00f3n de cuotas indivisas, y adem\u00e1s nombra unos contadores partidores que no intervienen en la escritura, al entender los comparecientes que no es precisa su intervenci\u00f3n.<\/p>\n<p style=\"text-align: justify;\">Al tiempo de las adjudicaciones, se atribuye el viudo el usufructo universal, y se adjudican todos los inmuebles, en nuda propiedad, a uno de los hijos mayores de edad, en tanto al otro heredero y a los nietos menores, representados por su padre, se les paga \u201catribuy\u00e9ndoles el heredero adjudicatario de los inmuebles, el exceso que lleva \u201cmediante cr\u00e9ditos para cada uno de ellos, por su importe respectivo, que se har\u00e1n efectivos dentro del plazo de prescripci\u00f3n de las acciones personales para reclamarlos, y sin que la suma aplazada devengue inter\u00e9s, ni se estipule garant\u00eda alguna en seguridad de su pago\u201d.<\/p>\n<p style=\"text-align: justify;\"><strong><u>Registrador:<\/u><\/strong> Rechaza la inscripci\u00f3n por entender que a los menores representados por el padre no se les adjudica participaci\u00f3n alguna en los bienes inventariados, lo que es contrario al art 1061 del c.c. y la monetarizaci\u00f3n de su haber en un cr\u00e9dito, sin inter\u00e9s y sin garant\u00eda implica una renuncia de herencia, que exige autorizaci\u00f3n judicial<\/p>\n<p style=\"text-align: justify;\"><strong><u>Recurso<\/u><\/strong>: Se interpone recurso defendiendo que la operaci\u00f3n recogida en la escritura de herencia se entiende que es acorde con el art 1062 del c.c. ya que al ser las cosas indivisibles o desmerecer por su valor, puede adjudicarse a uno de los herederos, con obligaci\u00f3n de pagar a los otros su participaci\u00f3n en met\u00e1lico, que la deuda es reclamable en cualquier momento y que cuenta con la garant\u00eda personal del art 1911 del c.c.<\/p>\n<p style=\"text-align: justify;\"><strong><u>DGRN<\/u><\/strong>: La DG valora las dos posiciones encontradas: de un lado alega diversas Rs en las que se proclama la exigencia de que los lotes hereditarios sean iguales de acuerdo con el art 1061 del c.c. (RS 26 enero 1998), aunque tambi\u00e9n se\u00f1ala la posibilidad frecuente de que se adjudiquen los bienes en proindiviso a todos los herederos en proporci\u00f3n a sus cuotas, lo que eliminar\u00eda la discusi\u00f3n de la desigualdad de cuotas y de si la partici\u00f3n lesiona o no los derechos de los menores, e incluso la RS 6 noviembre 1998 establece que no hay contraposici\u00f3n de inter\u00e9s cuando la madre viuda adjudica el \u00fanico bien inventariado mediante la creaci\u00f3n de una cotitularidad en proporci\u00f3n a las cuotas hereditarias entre ella y su hijo menor de edad. Pero <strong><em>el problema se agrava cuando se aplaza la entrega de la cuota y m\u00e1s si \u00e9sta se transforma en un cr\u00e9dito en met\u00e1lico<\/em><\/strong>, <strong><em>sin inter\u00e9s y sin garant\u00eda<\/em><\/strong>, ya que lo que es v\u00e1lido para los herederos mayores de edad no lo es cuando se trata de menores en las que se puede interpretar que se precisa autorizaci\u00f3n judicial.<\/p>\n<p style=\"text-align: justify;\">Finalmente, la DG no da una soluci\u00f3n definitiva, ya que <strong>se ampara en la no intervenci\u00f3n de los contadores partidores<\/strong> nombrados por la testadora para no admitir el recurso y aceptar la calificaci\u00f3n del registrador, pero sin afirmar si con la intervenci\u00f3n de \u00e9stos la operaci\u00f3n ser\u00eda inscribible, aplicando para ello el art 326 de la LH, cuando dice literalmente:<\/p>\n<p style=\"text-align: justify;\">\u201cEn el presente caso, adem\u00e1s debe tenerse en cuenta lo establecido en el testamento cuando dispone que \u00abpara el solo caso de que su intervenci\u00f3n sea requerida o existan interesados en la herencia menores o incapacitados, nombra albaceas, comisarios, contadores-partidores a (\u2026) Su intervenci\u00f3n no ser\u00e1 necesaria si todos los herederos son mayores de edad y plenamente capaces y formalizan la partici\u00f3n de mutuo acuerdo\u00bb, por lo que habiendo en la herencia herederos menores de edad, se deduce la necesaria intervenci\u00f3n de los albaceas contadores-partidores y sin que esta Direcci\u00f3n General deba pronunciarse ahora, si una partici\u00f3n realizada en los t\u00e9rminos recogidos en la escritura calificada verificada por los contadores-partidores, existiendo legitimarios, implicar\u00eda acto de enajenaci\u00f3n y no de partici\u00f3n que quedar\u00eda excluida de las facultades de los indicados albaceas contadores partidores (cfr. art\u00edculo 326 de la Ley Hipotecaria)\u201d. (JLN)<\/p>\n<p style=\"text-align: justify;\"><a href=\"https:\/\/www.boe.es\/boe\/dias\/2015\/11\/23\/pdfs\/BOE-A-2015-12628.pdf\">PDF (BOE-A-2015-12628 &#8211; 6 p\u00e1gs. &#8211; 189 KB)<\/a> <a href=\"https:\/\/www.boe.es\/diario_boe\/txt.php?id=BOE-A-2015-12628\">Otros formatos<\/a><\/p>\n<p style=\"text-align: justify;\">\u00a0<\/p>\n<p style=\"text-align: justify;\"><span style=\"font-size: 12pt;\"><a id=\"r417\"><\/a><strong>417. CL\u00c1USULA VARIABILIDAD INTERESES, TRANSPARENCIA Y EXPRESI\u00d3N MANUSCRITA<\/strong><\/span><\/p>\n<p style=\"text-align: justify;\">Resoluci\u00f3n de 27 de octubre de 2015, de la Direcci\u00f3n General de los Registros y del Notariado, en el recurso interpuesto contra la nota de calificaci\u00f3n de la registradora de la propiedad de Vitoria n.\u00ba 5, por la que se suspende la inscripci\u00f3n de una escritura de pr\u00e9stamo hipotecario, por raz\u00f3n de existir una cl\u00e1usula suelo del tipo de inter\u00e9s ordinario sin constar haberse aportado la manifestaci\u00f3n.<\/p>\n<p style=\"text-align: justify;\"><strong>Hechos.\u00a0<\/strong>Se trata de una escritura de pr\u00e9stamo hipotecario concedido a personas f\u00edsicas que grava la vivienda. En la cl\u00e1usula tercera, sobre el tipo de inter\u00e9s variable- se dice que \u201c\u2026 <strong><em>si en alg\u00fan momento la suma del tipo de referencia y diferencial personalizado generara un resultado negativo, ello no podr\u00eda nunca entenderse como un derecho del prestatario a percibir ning\u00fan importe como retribuci\u00f3n o por cualquier otro concepto<\/em><\/strong>\u201d.<\/p>\n<p style=\"text-align: justify;\">\u00bfSe precisa en tales casos la confecci\u00f3n de la <strong>expresi\u00f3n manuscrita<\/strong> por parte del deudor de comprender los riesgos que asume en presencia de dicha cl\u00e1usula, conforme al art\u00edculo 6 de la Ley 1\/2013, de 14 de mayo? <strong>S\u00cd<\/strong>.<\/p>\n<p style=\"text-align: justify;\"><strong>Doctrina de la DGRN<\/strong>.\u00a0Es exigible la expresi\u00f3n manuscrita no solo en cl\u00e1usulas suelo en sentido estricto, sino <em><strong>en todas las que de alg\u00fan modo limiten la variabilidad del tipo de inter\u00e9s<\/strong><\/em>.<\/p>\n<p style=\"text-align: justify;\"><strong>Comentario.\u00a0<\/strong><\/p>\n<p style=\"text-align: justify;\">1. Los <strong>intereses<\/strong> del pr\u00e9stamo constituyen el precio que debe pagar el prestatario y son un <em><strong>elemento esencial del contrato<\/strong><\/em> cuando se pactan. De la misma naturaleza participan las <strong>cl\u00e1usulas limitativas de los intereses<\/strong> porque son elementos que configuran dicho precio y son inescindibles del mismo.<\/p>\n<p style=\"text-align: justify;\">2.-<strong>Las cl\u00e1usulas limitativas de la variabilidad de los intereses<\/strong>, aunque tengan el car\u00e1cter de condici\u00f3n general de la contrataci\u00f3n, al ser definitorias del objeto principal del contrato -el precio-, <em><strong>no admiten un control de abusividad<\/strong><\/em>, basado en el posible desequilibrio de las prestaciones, pero <em><strong>s\u00ed<\/strong> <\/em>quedan sometidas al <em><strong>doble control de incorporaci\u00f3n y transparencia<\/strong><\/em>.<\/p>\n<p style=\"text-align: justify;\">3.\u00a0Las cl\u00e1usulas limitativas de la variabilidad de los intereses son l\u00edcitas y, por tanto, no abusivas por s\u00ed mismas ya que corresponde al profesional fijar al inter\u00e9s al que presta el dinero, pero s\u00ed se considerar\u00e1n <em><strong>abusivas<\/strong> <\/em>y, por tanto, nulas,<em><strong> si falta el requisito de la transparencia<\/strong><\/em>.<\/p>\n<p style=\"text-align: justify;\">4.<strong>\u00a0Para asegurar la existencia de dicha transparencia<\/strong> el <a href=\"http:\/\/www.boe.es\/buscar\/act.php?id=BOE-A-2013-5073&amp;tn=1&amp;p=20150729&amp;vd=#a6\">articulo 6<\/a> de la Ley 1\/2013, de 14 de mayo, dice que \u00abse exigir\u00e1 que la escritura p\u00fablica incluya, junto a la firma del cliente, una expresi\u00f3n manuscrita\u2026\u00bb, y lo cierto es que dicho art\u00edculo y sus concordantes no tienen como \u00e1mbito de aplicaci\u00f3n las cl\u00e1usulas suelo estrictamente consideradas sino todas aquellas, del tipo que sean, que limiten de alguna forma la variabilidad de los intereses, entre las cuales se encuadra la que es objeto de este expediente que excluye el devengo de intereses cuando los mismos puedan ser negativos. (JAR)<\/p>\n<p style=\"text-align: justify;\"><a href=\"https:\/\/www.boe.es\/boe\/dias\/2015\/11\/23\/pdfs\/BOE-A-2015-12629.pdf\">PDF (BOE-A-2015-12629 &#8211; 10 p\u00e1gs. &#8211; 217 KB)<\/a> <a href=\"https:\/\/www.boe.es\/diario_boe\/txt.php?id=BOE-A-2015-12629\">Otros formatos<\/a><\/p>\n<p style=\"text-align: justify;\">\u00a0<\/p>\n<p style=\"text-align: justify;\"><span style=\"font-size: 12pt;\"><a id=\"r418\"><\/a><strong>418. CANCELACI\u00d3N DE HIPOTECA EX ART. 82-5 LH. INTERRUPCI\u00d3N DE LA PRESCRIPCI\u00d3N.<\/strong><\/span><\/p>\n<p style=\"text-align: justify;\">Resoluci\u00f3n de 27 de octubre de 2015, de la Direcci\u00f3n General de los Registros y del Notariado, en el recurso interpuesto contra la nota de calificaci\u00f3n extendida por la registradora de la propiedad de Burjassot, por la que se suspende la cancelaci\u00f3n de una hipoteca solicitada mediante instancia.<\/p>\n<p style=\"text-align: justify;\"><strong>Hechos.\u00a0<\/strong>Consta inscrita hipoteca en garant\u00eda de la devoluci\u00f3n de un pr\u00e9stamo cuyo vencimiento se fija el 25 de junio de 1981, fecha en la que comienza el c\u00f3mputo de los 20 a\u00f1os de prescripci\u00f3n de la acci\u00f3n hipotecaria, que una vez transcurrido permitir\u00e1 cancelar el asiento por caducidad (Art. 82.5 LH).<\/p>\n<p style=\"text-align: justify;\">Antes del transcurso de los veinte a\u00f1os, concretamente el 20 de febrero de 2001, se extiende nota de expedici\u00f3n de certificaci\u00f3n de cargas para procedimiento de ejecuci\u00f3n hipotecaria.<\/p>\n<p style=\"text-align: justify;\">Posteriormente, mediante mandamiento librado por el Juzgado que conoce la ejecuci\u00f3n se cancela esta nota marginal mediante nota extendida el d\u00eda 13 de julio de 2015.<\/p>\n<p style=\"text-align: justify;\">En fecha 19 de mayo de 2015, se present\u00f3 instancia suscrita el d\u00eda 15 de mayo de 2015 con la firma legitimada notarialmente, en la que se solicita la cancelaci\u00f3n por caducidad de la hipoteca.<\/p>\n<p style=\"text-align: justify;\">La <strong>registradora<\/strong> suspende la cancelaci\u00f3n solicitada por entender que no ha transcurrido el plazo de prescripci\u00f3n de la acci\u00f3n hipotecaria se\u00f1alado en los <a href=\"https:\/\/www.notariosyregistradores.com\/web\/normas\/ley-hipotecaria\/#a128\">art\u00edculos 128 de la Ley Hipotecaria<\/a> y 1964 del C\u00f3digo Civil, al haberse interrumpido \u00e9ste por el inicio de un procedimiento de ejecuci\u00f3n por parte del acreedor.<\/p>\n<p style=\"text-align: justify;\">El <strong>recurrente<\/strong> entiende que, cancelada la nota marginal de certificaci\u00f3n de cargas por mandamiento judicial es como si nunca se hubiera extendido, y que es posible la cancelaci\u00f3n por caducidad pues la fecha a tener en cuenta para el c\u00f3mputo del plazo de prescripci\u00f3n de la acci\u00f3n hipotecaria es la del vencimiento de la obligaci\u00f3n.<\/p>\n<p style=\"text-align: justify;\"><strong>Doctrina de la DGRN.\u00a0<\/strong>Dado que al tiempo de practicarse la nota marginal expresiva de la expedici\u00f3n de certificaci\u00f3n de cargas y de dominio ya hab\u00eda vencido el t\u00e9rmino fijado para el vencimiento de la obligaci\u00f3n y no hab\u00edan transcurrido a\u00fan los 20 a\u00f1os de prescripci\u00f3n de la acci\u00f3n hipotecaria, \u201c\u2026debe considerarse que se interrumpi\u00f3 el plazo de prescripci\u00f3n\u2026, (por lo que) no podr\u00e1 solicitarse la cancelaci\u00f3n de las inscripciones por caducidad conforme a lo dispuesto en el <a href=\"https:\/\/www.notariosyregistradores.com\/web\/normas\/ley-hipotecaria\/#a82\">art\u00edculo 82, p\u00e1rrafo quinto, de la Ley Hipotecaria <\/a>hasta que transcurran veinti\u00fan a\u00f1os contados desde la fecha en que la nota se extendi\u00f3\u2026\u201d.<\/p>\n<p style=\"text-align: justify;\"><strong>Comentario<\/strong>.<\/p>\n<p style=\"text-align: justify;\"><strong>1<\/strong> La Resoluci\u00f3n reitera su doctrina sobre la naturaleza y efectos de esta nota marginal, que no es un asiento de mera publicidad noticia, sino que produce los efectos de una notificaci\u00f3n formal respecto de los titulares posteriores a dicha nota, sustituyendo a la notificaci\u00f3n individual.<\/p>\n<p style=\"text-align: justify;\"><strong>2<\/strong> Por otro lado, aunque no cabe hablar propiamente de cierre registral, lo cierto es que no se podr\u00e1 inscribir la escritura de carta de pago de hipoteca mientras no se haya cancelado previamente esta nota marginal mediante el correspondiente mandamiento (<a href=\"https:\/\/www.notariosyregistradores.com\/web\/normas\/ley-hipotecaria\/#a131\">art. 131 LH<\/a>). En igual sentido se conduce el art 688.2 LECivil cuando impide cancelar la hipoteca por otra causa que no sea la propia ejecuci\u00f3n hipotecaria mientras no se cancele por mandamiento del secretario judicial la nota marginal.<\/p>\n<p style=\"text-align: justify;\"><strong>3<\/strong> En materia de prescripci\u00f3n de la acci\u00f3n hipotecaria y la consiguiente posibilidad de cancelar la hipoteca por caducidad, la fecha de la nota marginal puede ser el t\u00e9rmino inicial para el c\u00f3mputo del plazo de prescripci\u00f3n, si bien es necesario distinguir los siguientes supuestos (R. 27 de enero de 2014):<\/p>\n<p style=\"text-align: justify;\">a) Caso de que la nota marginal se practique despu\u00e9s de que haya vencido la obligaci\u00f3n garantizada por la hipoteca conforme al asiento (que es el caso del que trata la Resoluci\u00f3n): la nota marginal de expedici\u00f3n de certificaci\u00f3n de cargas interrumpe la prescripci\u00f3n de la acci\u00f3n ya nacida de acuerdo con el <a href=\"https:\/\/www.notariosyregistradores.com\/web\/columna-izq\/codigo-civil-libro-cuarto-articulos-1538-al-1976\/#art1973\">art\u00edculo 1973 del C\u00f3digo Civil<\/a> y vuelve a iniciarse el c\u00f3mputo del plazo legal, de modo que hasta que transcurran veinti\u00fan a\u00f1os contados desde la fecha en que la nota se extendi\u00f3 (RR. 4 de junio de 2005 y 24 de septiembre de 2011) sin que medie otro asiento que otra circunstancia acredite, no podr\u00e1 procederse a cancelar por caducidad el asiento de inscripci\u00f3n de hipoteca a que se refiere la nota marginal<\/p>\n<p style=\"text-align: justify;\">b) Caso de que la nota marginal se practique antes del vencimiento de la obligaci\u00f3n garantizada, es decir, durante la vigencia del periodo de amortizaci\u00f3n del pr\u00e9stamo: la nota marginal nada interrumpe en este caso porque ning\u00fan plazo de prescripci\u00f3n ha nacido aun, por lo que para la cancelaci\u00f3n de la hipoteca por caducidad se aplicarla la regla del <a href=\"https:\/\/www.notariosyregistradores.com\/web\/normas\/ley-hipotecaria\/#a82\">art. 82.5 LH,<\/a> pues el plazo de veinte a\u00f1os para la prescripci\u00f3n de la acci\u00f3n hipotecaria (arts. <a href=\"https:\/\/www.notariosyregistradores.com\/web\/columna-izq\/codigo-civil-libro-cuarto-articulos-1538-al-1976\/#art1964\">1964 CC<\/a> y <a href=\"https:\/\/www.notariosyregistradores.com\/web\/normas\/ley-hipotecaria\/#a128\">128 LH<\/a>) m\u00e1s un a\u00f1o m\u00e1s, se contar\u00e1n no desde la extensi\u00f3n de la nota marginal sino desde la fecha de amortizaci\u00f3n final del pr\u00e9stamo. (JAR)<\/p>\n<p style=\"text-align: justify;\"><a href=\"https:\/\/www.boe.es\/boe\/dias\/2015\/11\/23\/pdfs\/BOE-A-2015-12630.pdf\">PDF (BOE-A-2015-12630 &#8211; 6 p\u00e1gs. &#8211; 203 KB)<\/a> <a href=\"https:\/\/www.boe.es\/diario_boe\/txt.php?id=BOE-A-2015-12630\">Otros formatos<\/a><\/p>\n<p style=\"text-align: justify;\">\u00a0<\/p>\n<p style=\"text-align: justify;\"><span style=\"font-size: 12pt;\"><a id=\"r419\"><\/a><strong>419. COMPRAVENTA SIN CONSTAR EL R\u00c9GIMEN ECON\u00d3MICO MATRIMONIAL DEL VENDEDOR EXTRANJERO.<\/strong><\/span><\/p>\n<p style=\"text-align: justify;\">Resoluci\u00f3n de 28 de octubre de 2015, de la Direcci\u00f3n General de los Registros y del Notariado, en el recurso interpuesto contra la nota de calificaci\u00f3n de la registradora de la propiedad de Salda\u00f1a que deniega la inscripci\u00f3n de una escritura de compraventa.<\/p>\n<p style=\"text-align: justify;\">Se discute en el presente expediente si es inscribible una escritura de compraventa en la que <strong>uno de los vendedores es un extranjero<\/strong>, concretamente de nacionalidad estadounidense, que si bien manifiesta que su estado civil es de <strong>casado nada indica en relaci\u00f3n a cu\u00e1l es el r\u00e9gimen econ\u00f3mico<\/strong> que rige las relaciones patrimoniales surgidas en el seno de su matrimonio.<\/p>\n<p style=\"text-align: justify;\"><strong>La calificaci\u00f3n registral se extiende al poder de disposici\u00f3n<\/strong> en el propio art\u00edculo 18 de la Ley Hipotecaria al disponer que \u00ablos registradores calificar\u00e1n&#8230;la validez de los actos dispositivos&#8230;\u00bb. Por tanto, debe concluirse que, si el r\u00e9gimen econ\u00f3mico matrimonial del c\u00f3nyuge vendedor pudiera afectar a su poder de disposici\u00f3n y, en consecuencia, a la validez del acto dispositivo es pertinente la calificaci\u00f3n del mismo.<\/p>\n<p style=\"text-align: justify;\">La celebraci\u00f3n del matrimonio lleva aparejada una serie de efectos para los c\u00f3nyuges, que pueden clasificarse en efectos personales y efectos patrimoniales. Trat\u00e1ndose de bienes adquiridos por c\u00f3nyuges extranjeros, la cuesti\u00f3n es determinar el momento en que tal r\u00e9gimen debe ser acreditado por los medios legalmente previstos al registrador, bien en el momento de la adquisici\u00f3n del bien cuando ingresa en su patrimonio o bien en el momento de su disposici\u00f3n. A tal cuesti\u00f3n se ha referido de manera uniforme el\u00a0Centro Directivo al reconocer que \u00abcuando un bien est\u00e9 inscrito a nombre de un extranjero casado conforme a la legislaci\u00f3n de su pa\u00eds en el momento de su enajenaci\u00f3n debe acreditarse el r\u00e9gimen matrimonial, al efecto de determinar la legitimaci\u00f3n para disponer. Recuerda LA DGRN que la <strong>prueba del Derecho extranjero<\/strong> ha sido objeto de <strong>nueva regulaci\u00f3n<\/strong> en la Ley 29\/2015, de 30 de julio, de cooperaci\u00f3n jur\u00eddica en materia civil (en vigor desde el 20 de agosto de 2015). Debe tenerse en cuenta que el r\u00e9gimen de la prueba del derecho extranjero por \u00f3rganos jurisdiccionales queda regulado en el<a href=\"https:\/\/www.notariosyregistradores.com\/web\/normas\/destacadas\/resumen-de-la-ley-de-cooperacion-juridica-internacional-en-materia-civil\/#prueba-del-derecho-extranjero-art-33\"> art\u00edculo 33 de dicha ley<\/a>, que<em><strong> no modifica ni afecta a las reglas espec\u00edficas sobre aplicaci\u00f3n extrajudicial, en particular al <a href=\"https:\/\/www.notariosyregistradores.com\/NORMAS\/reglamento-hipotecario-1.htm#art36\">art\u00edculo 36 del Reglamento Hipotecario<\/a><\/strong><\/em>.<\/p>\n<p style=\"text-align: justify;\">Los art\u00edculos 34 a 36 de dicha ley, que establecen el r\u00e9gimen com\u00fan de <strong>solicitudes de auxilio internacional<\/strong> para la informaci\u00f3n del derecho extranjero, son aplicables tanto a la aplicaci\u00f3n del derecho extranjero por autoridades jurisdiccionales, como por <em><strong>notarios y registradores<\/strong><\/em>. Esta ley es de car\u00e1cter general pero<strong> subsidiaria a la ley especial<\/strong>, entre las que se encuentra la legislaci\u00f3n hipotecaria (disposici\u00f3n adicional primera, apartado f, de la Ley 29\/2015, de 30 de julio), en cuanto sean compatibles con lo dispuesto en esta ley, pero entre sus principios inspiradores, fundados en el art\u00edculo 24 de la Constituci\u00f3n Espa\u00f1ola, se encuentra un principio com\u00fan, el de tutela efectiva que deber\u00e1 amparar tambi\u00e9n a quien busque la tutela de los registros p\u00fablicos. Confirma la nota de calificaci\u00f3n ya que la mayor o menor dificultad en acreditar extremos que puedan afectar a la validez del negocio jur\u00eddico, si bien es cierto que puede conllevar una mayor complejidad en la titulaci\u00f3n y calificaci\u00f3n registral del mismo, no puede ser alegado como motivo para incumplir las obligaciones de tales operadores jur\u00eddicos en la seguridad jur\u00eddica preventiva y tambi\u00e9n se debe rechazar el argumento del Notario cuando afirma que en las adquisiciones \u00abmortis causa\u00bb ha de partirse de que las mismas no afectan, por regla general, a los derechos presentes o futuros de la sociedad conyugal en el sentido de que como el vendedor adquiri\u00f3 por herencia no es necesario acreditar ahora en la venta su r\u00e9gimen econ\u00f3mico matrimonial, porque hay legislaciones <em><strong>en las que los bienes adquiridos a t\u00edtulo gratuito est\u00e1n sujetos un r\u00e9gimen especial de disposici\u00f3n (p.ej. Noruega, Suecia, etc)<\/strong><\/em>.\u00a0(IES)<\/p>\n<p style=\"text-align: justify;\"><a href=\"https:\/\/www.boe.es\/boe\/dias\/2015\/11\/23\/pdfs\/BOE-A-2015-12631.pdf\">PDF (BOE-A-2015-12631 &#8211; 5 p\u00e1gs. &#8211; 199 KB)<\/a>\u00a0\u00a0<a href=\"https:\/\/www.boe.es\/diario_boe\/txt.php?id=BOE-A-2015-12631\">Otros formatos<\/a><\/p>\n<p style=\"text-align: justify;\">\u00a0<\/p>\n<p style=\"text-align: justify;\"><span style=\"font-size: 12pt;\"><a id=\"r420\"><\/a><strong>420. EXPEDIENTE DE DOMINIO PARA REANUDAR EL TRACTO. CAR\u00c1CTER EXCEPCIONAL. SEGREGACI\u00d3N POR DEBAJO DE LA UMC<\/strong><\/span><\/p>\n<p style=\"text-align: justify;\">Resoluci\u00f3n de 28 de octubre de 2015, de la Direcci\u00f3n General de los Registros y del Notariado, en el recurso interpuesto contra la nota de calificaci\u00f3n de la registradora de la propiedad de Puerto de la Cruz, por la que se suspende la inscripci\u00f3n del testimonio de un auto reca\u00eddo en expediente de dominio para reanudaci\u00f3n de tracto.<\/p>\n<p style=\"text-align: justify;\"><strong>A) Hechos: <\/strong>Mediante <strong>auto judicial<\/strong> en procedimiento de expediente de dominio para la reanudaci\u00f3n de tracto, se orden\u00f3 la <strong>segregaci\u00f3n de una porci\u00f3n<\/strong> de finca (no queda claro si <em>r\u00fastica o urbana<\/em>) y <strong>su posterior inscripci\u00f3n <\/strong>a nombre del promotor del expediente.<\/p>\n<p style=\"text-align: justify;\">El caso ya hab\u00eda sido <u>objeto de previo recurso<\/u> respecto de la <em><u>Anotaci\u00f3n Preventiva<\/u><\/em> inicial y se hab\u00eda <strong>resuelto en an\u00e1logo sentido<\/strong> por la <strong><a href=\"https:\/\/www.notariosyregistradores.com\/RESOLUCIONES\/2014-SEPTIEMBRE.htm#R294\">Res.DGRN de 25 julio 2014<\/a><\/strong>.<\/p>\n<p style=\"text-align: justify;\"><strong>B) La registradora <\/strong>(en mi opini\u00f3n, con total acierto) <strong>califica negativamente<\/strong> por entender que:<\/p>\n<p style=\"text-align: justify;\"><strong>1) <\/strong><strong>NO es un problema de <em>interrupci\u00f3n<\/em>, sino de <em><u>falta de tracto<\/u><\/em><\/strong><strong>, <\/strong>pues se transmiti\u00f3 en su d\u00eda a los padres del demandante en documento privado una porci\u00f3n de finca, previa segregaci\u00f3n, por la entonces titular del pleno dominio de esa finca, que tras su elevaci\u00f3n a p\u00fablico, no fue oportunamente inscrito. (S\u00ed se inscribi\u00f3, en cambio, la partici\u00f3n de la herencia de la vendedora, y posteriormente la herencia de sus herederos, resultando los nietos de la 1\u00aa titulares registrales en la actualidad de la totalidad de la finca, al no haberse efectuado la segregaci\u00f3n de tal parcela).<\/p>\n<p style=\"text-align: justify;\">En cambio, se produce la<strong><em> interrupci\u00f3n del tracto<\/em><\/strong> sucesivo <u>cuando<\/u>, respecto de una finca inmatriculada, los <u>sucesivos titulares<\/u> del dominio <strong>no lo han inscrito<\/strong>, quedando interrumpido <em>su historial hipotecario<\/em>, y el <strong>titular actual, cuyo derecho <u>traiga causa<\/u> de los <u>no inscritos<\/u><\/strong>, no puede instar la inscripci\u00f3n a su favor por ved\u00e1rselo la exigencia del tracto sucesivo (<a href=\"https:\/\/www.notariosyregistradores.com\/web\/normas\/ley-hipotecaria\/#a20\">art 20 LH<\/a>).<\/p>\n<p style=\"text-align: justify;\">En este caso ser\u00e1 precisa, bien escritura p\u00fablica con el consentimiento de los herederos de los titulares registrales; o bien Sentencia reca\u00edda en <em>Juicio Declarativo Ordinario<\/em>. (cfrme,.<a href=\"https:\/\/www.notariosyregistradores.com\/web\/normas\/ley-hipotecaria\/#a40\">A\u00ba 40 LH<\/a>).<\/p>\n<p style=\"text-align: justify;\"><strong>2) Asimismo advierte un 2\u00ba defecto<\/strong>: la <strong><u>FALTA<\/u><\/strong><strong><u> del Certificado<\/u><\/strong> del <strong><a href=\"https:\/\/www.notariosyregistradores.com\/NORMAS\/reglamento-hipotecario-3.htm#art437\">art. 437 R.H.<\/a><\/strong> que acredita la <em><u>naturaleza de la finca<\/u><\/em>, pues solo en el caso de ser urbana podr\u00e1 realizarse la segregaci\u00f3n previa, ya que se estar\u00eda infringiendo en caso de ser <strong>r\u00fastica<\/strong> la<em> unidad m\u00ednima de cultivo<\/em> (<a href=\"https:\/\/www.boe.es\/buscar\/act.php?id=BOE-A-1995-16257\">art. 24 Ley de Modernizaci\u00f3n de Explotaciones Agrarias<\/a>); y en caso de no aportarse, al no constituir su falta defecto, se proceder\u00e1 como si fuera r\u00fastica, <strong>ofici\u00e1ndose a la Administraci\u00f3n Agraria<\/strong> competente (<a href=\"https:\/\/www.notariosyregistradores.com\/NORMAS\/reglamento-hipotecario-urbanismo.htm#78\">arts 78 y 80 R.D. 1093\/1997, de 4 de julio<\/a>).<\/p>\n<p style=\"text-align: justify;\"><strong>C) <\/strong>El<strong> interesado recurre<\/strong> alegando que:<\/p>\n<p style=\"text-align: justify;\"><strong>1) En el presente caso<\/strong> se da el presupuesto de<strong> excesiva dificultad para la reanudaci\u00f3n <\/strong>por la v\u00eda de la titulaci\u00f3n ordinaria, dado que ya han fallecido tanto la parte vendedora, como la parte compradora, e incluso los herederos de la titular registral; person\u00e1ndose en el procedimiento uno de los actuales titulares registrales, sin mostrar oposici\u00f3n,<\/p>\n<p style=\"text-align: justify;\"><strong>2) <\/strong>y Que la posibilidad de que en los expedientes de dominio se reconozcan <strong>segregaciones y divisiones <\/strong>materiales ha sido reconocida en diversas <a href=\"https:\/\/www.notariosyregistradores.com\/RESOLUCIONES\/2002-JULIO.htm#r12\">Res.DGRN, como la de 25 de mayo de 2002<\/a>.<\/p>\n<p style=\"text-align: justify;\"><strong>D) La DGRN desestima<\/strong> l\u00f3gicamente el recurso, y <strong>confirma la calificaci\u00f3n<\/strong>, se\u00f1alando que: <strong>1) el car\u00e1cter EXCEPCIONAL <\/strong>del procedimiento de reanudaci\u00f3n de tracto, especialmente cuando existen titularidades registrales recientes, entronca con el Ppio Constitucional de Tutela Judicial efectiva, y permite al Registrador exigir la acreditaci\u00f3n de las citaciones para calificar dicho extremo en protecci\u00f3n de los derechos de 3\u00ba (o titulares registrales);<\/p>\n<p style=\"text-align: justify;\">V\u00e9anse adem\u00e1s las Res DGRN de <a href=\"https:\/\/www.notariosyregistradores.com\/RESOLUCIONES\/2012-MARZO.htm#r84\">3<\/a>, <a href=\"https:\/\/www.notariosyregistradores.com\/RESOLUCIONES\/2012-MARZO.htm#r88\">6<\/a> y <a href=\"https:\/\/www.notariosyregistradores.com\/RESOLUCIONES\/2012-MARZO.htm#r112\">17<\/a> de febrero; de <a href=\"https:\/\/www.notariosyregistradores.com\/RESOLUCIONES\/2012-MAYO.htm#r175\">19 de abril<\/a>; de <a href=\"https:\/\/www.notariosyregistradores.com\/RESOLUCIONES\/2012-JUNIO.htm#r193\">9<\/a> y <a href=\"https:\/\/www.notariosyregistradores.com\/RESOLUCIONES\/2012-JUNIO.htm#r196\">11<\/a> de mayo; de <a href=\"https:\/\/www.notariosyregistradores.com\/RESOLUCIONES\/2012-OCTUBRE.htm#r318\">24 de julio<\/a> y de <a href=\"https:\/\/www.notariosyregistradores.com\/RESOLUCIONES\/2012-OCTUBRE.htm#r329\">1 de agosto<\/a> y de <a href=\"https:\/\/www.notariosyregistradores.com\/RESOLUCIONES\/2012-OCTUBRE.htm#r337\">6 de agosto<\/a> de\u00a02012.<\/p>\n<p style=\"text-align: justify;\"><strong>2) <\/strong>Tambi\u00e9n confirma el 2\u00ba defecto, pues trat\u00e1ndose de una <strong><u>finca r\u00fastica <\/u><\/strong>(si fuera <em>urbana<\/em> precisar\u00eda <em>licencia<\/em>) ser\u00e1 la <em><u>administraci\u00f3n agraria competente<\/u><\/em>, y no la autoridad municipal, la que decida la validez o nulidad de la segregaci\u00f3n por debajo de la unidad m\u00ednima de cultivo (<a href=\"https:\/\/www.notariosyregistradores.com\/NORMAS\/reglamento-hipotecario-urbanismo.htm#78\">arts 78 y 80 RD 1093\/1997<\/a>), y la concurrencia o no de alguna de las excepciones (<a href=\"https:\/\/www.boe.es\/buscar\/act.php?id=BOE-A-1995-16257\">art. 25 L.M.E.A.<\/a>) previstas en la normativa agraria. (<a href=\"https:\/\/www.notariosyregistradores.com\/CORTOS\/2008\/07-albertcapell.htm\">ACM<\/a>).<\/p>\n<p style=\"text-align: justify;\"><a href=\"https:\/\/www.boe.es\/boe\/dias\/2015\/11\/23\/pdfs\/BOE-A-2015-12632.pdf\">PDF (BOE-A-2015-12632 &#8211; 5 p\u00e1gs. &#8211; 181 KB)<\/a> <a href=\"https:\/\/www.boe.es\/diario_boe\/txt.php?id=BOE-A-2015-12632\">Otros formatos<\/a><\/p>\n<p style=\"text-align: justify;\">\u00a0<\/p>\n<p style=\"text-align: justify;\"><span style=\"font-size: 12pt;\"><a id=\"r421\"><\/a><strong>421. ANOTACI\u00d3N DE EMBARGO SOBRE FINCA CONSTANDO ANOTADA UNA PROHIBICI\u00d3N DE DISPONER.<\/strong><\/span><\/p>\n<p style=\"text-align: justify;\">Resoluci\u00f3n de 28 de octubre de 2015, de la Direcci\u00f3n General de los Registros y del Notariado, en el recurso interpuesto contra la nota de calificaci\u00f3n de la registradora de la propiedad de Falset, por la que se suspende la anotaci\u00f3n de un embargo constando anotada previamente una prohibici\u00f3n de disponer dictada por la Administraci\u00f3n Tributaria.<\/p>\n<p style=\"text-align: justify;\">Mediante mandamiento judicial se solicit\u00f3 la extensi\u00f3n de una anotaci\u00f3n preventiva de embargo sobre una finca propiedad de la demandada, y sobre la que ya consta anotada una anotaci\u00f3n de prohibici\u00f3n de disponer ordenada en procedimiento administrativo.<\/p>\n<p style=\"text-align: justify;\">La DGRN, <strong>revocando la negativa de la registradora<\/strong>, se\u00f1ala que \u00abla doctrina ya establecida que permite la inscripci\u00f3n o anotaci\u00f3n de actos de naturaleza dispositiva sobre los bienes sujetos a una prohibici\u00f3n de disponer o de enajenar cuando aqu\u00e9llos vengan ordenados en cumplimiento de la responsabilidad patrimonial del titular de los bienes, debe ser igualmente aplicada al supuesto contemplado, m\u00e1xime en el caso presente, en el que el asiento solicitado, consistente en una anotaci\u00f3n de embargo, no deja de ser una <strong>medida cautelar<\/strong> de garant\u00eda de satisfacci\u00f3n de una deuda, cuya realizaci\u00f3n no se ha verificado a\u00fan y que por ello no ha supuesto acto dispositivo alguno, y cuya constancia evita la aparici\u00f3n de terceros en el Registro que pudieran perjudicar al acreedor embargante, pero <strong>sin que el titular de la anotaci\u00f3n preventiva de prohibici\u00f3n de disponer quede perjudicado<\/strong>, de modo que de producirse la ejecuci\u00f3n del embargo, la anotaci\u00f3n de prohibici\u00f3n de disponer no deber\u00e1 cancelarse por tratarse de una carga anterior, y todo ello sin perjuicio de que la registradora <strong>notifique a la Dependencia Regional de Recaudaci\u00f3n<\/strong> de la Agencia Estatal de Administraci\u00f3n Tributaria de Andaluc\u00eda, la pr\u00e1ctica de la anotaci\u00f3n preventiva de embargo, al objeto de que por \u00e9sta puedan hacerse valer sus derechos en el proceso judicial, si lo considerase oportuno (cfr. art\u00edculo\u00a015 de la Ley 28\/1998, de 13 de julio, de Venta a Plazos de Bienes Muebles).\u00bb\u00a0(JDR)<\/p>\n<p style=\"text-align: justify;\"><a href=\"https:\/\/www.boe.es\/boe\/dias\/2015\/11\/23\/pdfs\/BOE-A-2015-12633.pdf\">PDF (BOE-A-2015-12633 &#8211; 6 p\u00e1gs. &#8211; 189 KB)<\/a> <a href=\"https:\/\/www.boe.es\/diario_boe\/txt.php?id=BOE-A-2015-12633\">Otros formatos<\/a><\/p>\n<p style=\"text-align: justify;\">\u00a0<\/p>\n<p style=\"text-align: justify;\"><span style=\"font-size: 12pt;\"><a id=\"r422\"><\/a><strong>422. SL. MODIFICACI\u00d3N DE ART\u00cdCULO ESTATUTARIO PARA DISPONER\u00a0<\/strong><\/span><strong><span style=\"font-size: 12pt;\">QUE LOS SOCIOS DEBAN ACUDIR PREVIAMENTE A LA JUNTA GENERAL PARA SOLVENTAR SUS DIFERENCIAS. <a href=\"https:\/\/www.notariosyregistradores.com\/web\/resoluciones\/por-meses\/resoluciones-dgrn-noviembre-2015\/#Content-bal-title\">^<\/a><\/span><\/strong><\/p>\n<p style=\"text-align: justify;\">Resoluci\u00f3n de 29 de octubre de 2015, de la Direcci\u00f3n General de los Registros y del Notariado, en el recurso interpuesto contra la negativa del registrador mercantil y de bienes muebles XVIII de Madrid a inscribir la modificaci\u00f3n de determinado precepto estatutario.<\/p>\n<p style=\"text-align: justify;\"><strong>Hechos:<\/strong> Se acuerda en Junta Universal y por unanimidad modificar determinado art\u00edculo de los estatutos que establece lo siguiente: <strong>\u201cNo podr\u00e1n los accionistas incoar demanda alguna contra la Sociedad sin antes haber sometido la cuesti\u00f3n a la Junta General de Accionistas y haber resuelto \u00e9sta sobre el asunto planteado\u201d.<\/strong> La modificaci\u00f3n se limit\u00f3 a suprimir la palabra extraordinaria despu\u00e9s de junta.<\/p>\n<p style=\"text-align: justify;\">El registrador <strong>rechaza<\/strong> la inscripci\u00f3n del art\u00edculo por estimar que es <strong>\u201ccontrario al principio de amparo judicial del art\u00edculo 24 de la Constituci\u00f3n espa\u00f1ola\u201d.<\/strong><\/p>\n<p style=\"text-align: justify;\">El interesado recurre diciendo que la \u00fanica modificaci\u00f3n es la se\u00f1alada y que se trata de una cuesti\u00f3n similar a la del sometimiento a arbitraje de las contiendas entre socios o entre estos y la sociedad.<\/p>\n<p style=\"text-align: justify;\">El Notario insiste en que el contenido sustancial del art\u00edculo es id\u00e9ntico al anterior y por tanto est\u00e1 bajo la salvaguarda de los Tribunales.<\/p>\n<p style=\"text-align: justify;\"><strong>Doctrina:<\/strong> La DG <strong>revoca<\/strong> la nota de calificaci\u00f3n.<\/p>\n<p style=\"text-align: justify;\">Comienza la DG recordando que el derecho a la tutela judicial efectiva, \u201cno es sino el derecho de todas las personas a tener <strong>acceso al sistema judicial<\/strong> y a obtener de los tribunales una resoluci\u00f3n motivada, proscribi\u00e9ndose que por parte de \u00e9stas se pueda sufrir indefensi\u00f3n al no permit\u00edrseles ejercer todas las facultades que legalmente tienen reconocidas\u201d.<\/p>\n<p style=\"text-align: justify;\">A continuaci\u00f3n alude a la posible arbitrabilidad, o mediaci\u00f3n, de ciertas controversias en el seno societario, algo que suscit\u00f3 en su d\u00eda cierta pol\u00e9mica (y varios pronunciamientos de este Centro Directivo), pero que ha sido plenamente admitido por la \u00a0Ley 11\/2011, de 20 de mayo, de reforma de la <a href=\"http:\/\/www.boe.es\/buscar\/pdf\/2003\/BOE-A-2003-23646-consolidado.pdf\">Ley 60\/2003, de 23 de diciembre, de Arbitraje<\/a> en su art\u00edculo 11bis. Tambi\u00e9n la <a href=\"http:\/\/legislacion.derecho.com\/ley-15-2015-de-la-jurisdiccion-voluntaria\">Ley 15\/2015 de jurisdicci\u00f3n voluntaria<\/a> contiene una regulaci\u00f3n completa del acto de conciliaci\u00f3n.<\/p>\n<p style=\"text-align: justify;\">Sigue diciendo que tanto la cl\u00e1usula debatida como la de arbitraje obliga a todos, es decir no s\u00f3lo a los que toman el acuerdo sino a los socios que lo sean despu\u00e9s de estos por cualquier t\u00edtulo.<\/p>\n<p style=\"text-align: justify;\">Observa el CD finalmente que \u201cla denegaci\u00f3n de la inscripci\u00f3n del referido art\u00edculo estatutario, tal y como ahora es redactado, <strong>dejar\u00eda inc\u00f3lume<\/strong> el primitivo precepto estatutario\u201d por lo que ello escapa a las competencias de la DG y ser\u00e1n los Tribunales de Justicia \u00a0los que deber\u00e1n determinar si el art\u00edculo \u201ccontradice el principio consagrado en el art\u00edculo 24 de la Constituci\u00f3n o se trata simplemente de un mero tr\u00e1mite facultativo\u201d \u2026 \u201csin efectos interruptivos de una posible prescripci\u00f3n y sin que desencadenara una posible suspensi\u00f3n en sede judicial\u201d. \u00a0Por todo ello revoca la nota de calificaci\u00f3n.<\/p>\n<p style=\"text-align: justify;\"><strong>Comentario:<\/strong> Curioso art\u00edculo el debatido en este recurso. \u00a0<\/p>\n<p style=\"text-align: justify;\">Plantea una interesante cuesti\u00f3n pues es indudable que en base a \u00e9l la sociedad <strong>podr\u00e1 oponer a la demanda<\/strong> de cualquier socio el que previamente se someta al debate y consideraci\u00f3n por la junta de la sociedad, lo que en el mejor de los casos, al menos, provocar\u00e1 <strong>un retraso<\/strong> en la obtenci\u00f3n de una soluci\u00f3n al conflicto planteado. Ahora bien si se da este caso ser\u00e1n los tribunales los que deber\u00e1n decidir la cuesti\u00f3n y sobre esta base parece que el art\u00edculo puede prestar la utilidad pretendida evitando pleitos quiz\u00e1s innecesarios. De todas formas <strong>si las cl\u00e1usulas de arbitraje son admisibles<\/strong> sin duda alguna en los estatutos sociales, no s\u00f3lo por la Ley 60\/2003, sino tambi\u00e9n por la <a href=\"http:\/\/www.boe.es\/buscar\/act.php?id=BOE-A-2007-5584&amp;b=10&amp;tn=1&amp;p=20091223#a18\">Ley 2\/2007 de sociedades profesionales<\/a> (cfr. art. 18) que vuelve a citarlos, y aunque como bien dice el CD la cuesti\u00f3n que plantea el art\u00edculo debatido sea \u00a0distinta, no parece que existan razones de peso para impedir su inscripci\u00f3n.(JAGV)<\/p>\n<p style=\"text-align: justify;\"><a href=\"https:\/\/www.boe.es\/boe\/dias\/2015\/11\/23\/pdfs\/BOE-A-2015-12634.pdf\">PDF (BOE-A-2015-12634 \u2013 5 p\u00e1gs. \u2013 179 KB)<\/a>\u00a0<a href=\"https:\/\/www.boe.es\/diario_boe\/txt.php?id=BOE-A-2015-12634\">Otros formatos<\/a><\/p>\n<p style=\"text-align: justify;\">\u00a0<\/p>\n<p style=\"text-align: justify;\"><span style=\"font-size: 12pt;\"><a id=\"r423\"><\/a><strong>423. INMATRICULACI\u00d3N MEDIANTE SENTENCIA DECLARATIVA DE DOMINIO<\/strong><\/span><\/p>\n<p style=\"text-align: justify;\">Resoluci\u00f3n de 29 de octubre de 2015, de la Direcci\u00f3n General de los Registros y del Notariado, en el recurso interpuesto contra la nota de calificaci\u00f3n extendida por el registrador de la propiedad de Oca\u00f1a, por la que se deniega la inscripci\u00f3n de una sentencia declarativa de dominio.<\/p>\n<p><strong>Hechos<\/strong>: Se presenta a inscripci\u00f3n testimonio de una sentencia declarativa de dominio.<\/p>\n<p style=\"text-align: justify;\"><strong>El registrador<\/strong> deniega la inscripci\u00f3n pues no consta la firmeza de la sentencia;\u00a0considera tambi\u00e9n que la sentencia declarativa no es un t\u00edtulo inscribible; no se aporta el certificado catastral descriptivo y gr\u00e1fico, y finalmente faltan las circunstancias personales de los propietarios , en particular el dni , y la especificaci\u00f3n de si la finca es r\u00fastica o urbana.<\/p>\n<p style=\"text-align: justify;\"><strong>Uno de los interesados<\/strong>, en un tono bastante destemplado, recurre y alega que el testimonio de la sentencia se emiti\u00f3 varios meses despu\u00e9s de la misma, \u00a0por tanto cuando es firme, seg\u00fan costumbre inmemorial y en todo caso el ciudadano tiene derecho a no aportar documentos que ya obren en poder de la Administraci\u00f3n, seg\u00fan legislaci\u00f3n que cita; considera tambi\u00e9n que la sentencia es t\u00edtulo inscribible m\u00e1s si como en el presente caso se intent\u00f3 sin \u00e9xito el expediente de dominio, y no existen m\u00e1s alternativas en la v\u00eda judicial; \u00a0en cuanto al certificado catastral no ha sido posible obtenerlo por no ser los titulares de la sentencia los titulares catastrales y por otra parte es al registrador a quien le corresponde obtenerlo en virtud del principio de coordinaci\u00f3n entre las administraciones p\u00fablicas; alega tambi\u00e9n que las circunstancias personales del titular constan en el Registro de la Propiedad en otras inscripciones y por tanto no hay que aportar los datos que ya obran en poder del propio registro, no habiendo duda de la identidad de las personas que aparecen en el t\u00edtulo; igualmente queda claro del t\u00edtulo que es una finca r\u00fastica; \u00a0y en cuanto al certificado catastral no ha sido posible obtenerlo por no ser\u00a0 los titulares catastrales y es al registrador a quien le corresponde obtenerlo en virtud del principio de coordinaci\u00f3n entre las administraciones p\u00fablicas.<\/p>\n<p style=\"text-align: justify;\"><strong>La DGRN<\/strong>, despu\u00e9s de reprochar al recurrente sus formas, revoca en parte la calificaci\u00f3n. El primer defecto lo mantiene, pues no consta expresamente la firmeza, requisito imprescindible para practicar la inscripci\u00f3n conforme al art\u00edculo <a href=\"http:\/\/www.boe.es\/buscar\/act.php?id=BOE-A-2000-323&amp;p=20151028&amp;tn=1#a524\">524.4<\/a> y <a href=\"http:\/\/www.boe.es\/buscar\/act.php?id=BOE-A-2000-323&amp;p=20151028&amp;tn=1#a207\">207.2<\/a> de la LEC ; en cuanto al segundo reitera su doctrina de que <strong>las sentencias declarativas de dominio son t\u00edtulo inscribible<\/strong>, y que no est\u00e1n sujetas a las limitaciones del art\u00edculo 205 LH, por lo que revoca dicho defecto; confirma el tercer defecto relativo al certificado catastral pues as\u00ed lo impone claramente el <a href=\"http:\/\/www.boe.es\/buscar\/act.php?id=BOE-A-2000-323&amp;p=20151028&amp;tn=1#a207\">art\u00edculo 53<\/a> de la Ley 13\/96 (derogado a partir de 1 de Noviembre de 2015), que debe aportar el solicitante, pues la inscripci\u00f3n es un procedimiento voluntario, pero recuerda que <em><strong>el registrador debe de obtener por s\u00ed mismo esos datos catastrales lo que puede hacer f\u00e1cilmente, aunque no est\u00e9 obligado a ello<\/strong><\/em>, antes de emitir una calificaci\u00f3n negativa para favorecer y facilitar la inscripci\u00f3n. En el presente caso hay una discrepancia de la medida entre la sentencia y el Catastro, por lo que se hace necesario rectificar el Catastro por el interesado. Respecto del \u00faltimo defecto lo mantiene pues el t\u00edtulo, aunque sea judicial, ha de contener las circunstancias identificativas del titular (en particular el DNI) \u00a0y la finca conforme a los art\u00edculos <a href=\"https:\/\/www.notariosyregistradores.com\/web\/normas\/ley-hipotecaria\/#a9\">9 LH<\/a> y <a href=\"https:\/\/www.notariosyregistradores.com\/NORMAS\/reglamento-hipotecario-1.htm#art51\">51RH<\/a> si bien puede completarse con una instancia con firma legitimada, pues la finalidad de la norma es evitar que se practiquen inscripciones incorrectas o con errores.\u00a0(AFS)<\/p>\n<p style=\"text-align: justify;\"><a href=\"https:\/\/www.boe.es\/boe\/dias\/2015\/11\/23\/pdfs\/BOE-A-2015-12635.pdf\">PDF (BOE-A-2015-12635 &#8211; 8 p\u00e1gs. &#8211; 228 KB)<\/a> <a href=\"https:\/\/www.boe.es\/diario_boe\/txt.php?id=BOE-A-2015-12635\">Otros formatos<\/a><\/p>\n<p style=\"text-align: justify;\">\u00a0<\/p>\n<p style=\"text-align: justify;\"><span style=\"font-size: 12pt;\"><a id=\"r424\"><\/a><strong>424. PARTICI\u00d3N HEREDITARIA. INCUMPLIMIENTO DE CONDICI\u00d3N ESTABLECIDA EN EL TESTAMENTO.<\/strong><\/span><\/p>\n<p style=\"text-align: justify;\">Resoluci\u00f3n de 30 de octubre de 2015, de la Direcci\u00f3n General de los Registros y del Notariado, en el recurso interpuesto contra la calificaci\u00f3n de la registradora de la propiedad de Negreira, por la que se suspende la inscripci\u00f3n de una escritura de partici\u00f3n de herencias.<\/p>\n<p style=\"text-align: justify;\"><strong>Hechos:<\/strong> Un matrimonio, en sus respectivos testamentos,\u00a0 <em><strong>nombra heredero a un nieto con la condici\u00f3n de que viva con ellos y los cuide hasta el fallecimiento del \u00faltimo de los dos<\/strong><\/em>. En su defecto los c\u00f3nyuges nombran heredero a cualquiera de los nietos que cumpla esa condici\u00f3n.<\/p>\n<p style=\"text-align: justify;\">Al fallecimiento de ambos se dicta una <em><strong>sentencia en la que se declara que el nieto nombrado no ha cumplido dicha condici\u00f3n<\/strong><\/em>. En los fundamentos de derecho de la sentencia se declara tambi\u00e9n que ning\u00fan otro de los nietos cumpli\u00f3 la condici\u00f3n, aunque no en la parte dispositiva de la sentencia porque no hab\u00edan sido demandados.<\/p>\n<p style=\"text-align: justify;\">Se presenta ahora a inscripci\u00f3n la escritura de partici\u00f3n de herencia otorgada por los restantes herederos en la que no interviene dicho nieto ni los restantes nietos ya que nada se les adjudica.<\/p>\n<p style=\"text-align: justify;\"><strong>La registradora <\/strong>encuentra como defecto la falta de consentimiento de dicho nieto y de los restantes nietos. Sin embargo, ante la presentaci\u00f3n de la sentencia rectifica la calificaci\u00f3n y concreta el defecto a la falta de consentimiento de los restantes nietos.<\/p>\n<p style=\"text-align: justify;\"><strong>Los interesados<\/strong> recurren y argumentan en su favor lo dispuesto en la citada sentencia que acredita el incumplimiento de la condici\u00f3n no s\u00f3lo del nieto llamado nominativamente sino de los restantes nietos.<\/p>\n<p style=\"text-align: justify;\"><strong>La DGRN<\/strong> estima el recurso. Considera que queda acreditado en la citada sentencia el incumplimiento de la condici\u00f3n por los restantes nietos, aclarando que la condici\u00f3n relativa al cuidado de los testadores estaba referido a ambos causantes hasta el fallecimiento del \u00faltimo.\u00a0(AFS)<\/p>\n<p style=\"text-align: justify;\"><a href=\"https:\/\/www.boe.es\/boe\/dias\/2015\/11\/23\/pdfs\/BOE-A-2015-12636.pdf\">PDF (BOE-A-2015-12636 &#8211; 7 p\u00e1gs. &#8211; 198 KB)<\/a> <a href=\"https:\/\/www.boe.es\/diario_boe\/txt.php?id=BOE-A-2015-12636\">Otros formatos<\/a><\/p>\n<p style=\"text-align: justify;\">\u00a0<\/p>\n<p style=\"text-align: justify;\"><span style=\"font-size: 12pt;\"><a id=\"r425\"><\/a><strong>425. ELEVACI\u00d3N A P\u00daBLICO DE CONTRATO DE ARRENDAMIENTO. DURACI\u00d3N. DESCRIPCI\u00d3N DE LA FINCA<\/strong><\/span><\/p>\n<p style=\"text-align: justify;\">Resoluci\u00f3n de 30 de octubre de 2015, de la Direcci\u00f3n General de los Registros y del Notariado, en el recurso interpuesto contra la calificaci\u00f3n del registrador de la propiedad accidental de Padr\u00f3n, por la que se suspende la inscripci\u00f3n de una escritura de elevaci\u00f3n a p\u00fablico de un contrato de arrendamiento.<\/p>\n<p style=\"text-align: justify;\"><strong>Hechos:<\/strong> Se otorga una escritura de elevaci\u00f3n a p\u00fablico de un contrato privado de arrendamiento de una vivienda por plazo de 3 a\u00f1os <em><strong>prorrogable a\u00f1o a a\u00f1o, salvo denuncia expresa de cualquiera de las partes con 30 d\u00edas de antelaci\u00f3n<\/strong> <\/em>al vencimiento.<\/p>\n<p style=\"text-align: justify;\"><strong>El registrador<\/strong> encuentra dos defectos: que la duraci\u00f3n del contrato es indeterminada porque no se fija el n\u00famero m\u00e1ximo de pr\u00f3rrogas anuales, por lo que no se cumple el principio de especialidad, y que la descripci\u00f3n de la finca es incompleta.<\/p>\n<p style=\"text-align: justify;\"><strong>El interesado<\/strong> recurre y alega que la duraci\u00f3n est\u00e1 determinada (el plazo m\u00ednimo) y que ninguna norma impone que se establezca un plazo m\u00e1ximo de pr\u00f3rrogas. En cuanto a la descripci\u00f3n de la finca, que es f\u00e1cilmente localizable, aunque falten datos.<\/p>\n<p style=\"text-align: justify;\"><strong>La DGRN <\/strong>revoca la calificaci\u00f3n en cuanto al primer defecto y lo mantiene en cuanto al segundo. Considera que la pr\u00f3rroga no queda al arbitrio de una de las partes, por lo que es v\u00e1lido, no tiene car\u00e1cter perpetuo, y no genera inseguridad al tercero que consulte el Registro. En cuanto al segundo defecto lo confirma porque tiene que haber una identificaci\u00f3n completa de la finca registral en el t\u00edtulo, como exigencia de los principios de tracto sucesivo y especialidad.\u00a0<span style=\"line-height: 1.71429; font-size: 1rem;\">(AFS)<\/span><\/p>\n<p style=\"text-align: justify;\"><a href=\"https:\/\/www.boe.es\/boe\/dias\/2015\/11\/23\/pdfs\/BOE-A-2015-12637.pdf\">PDF (BOE-A-2015-12637 &#8211; 8 p\u00e1gs. &#8211; 199 KB)<\/a> <a href=\"https:\/\/www.boe.es\/diario_boe\/txt.php?id=BOE-A-2015-12637\">Otros formatos<\/a><\/p>\n<p style=\"text-align: justify;\">\u00a0<\/p>\n<p style=\"text-align: justify;\"><span style=\"font-size: 12pt;\"><a id=\"r426\"><\/a><strong>426. VENTA DE FINCA DE ENTIDAD CONCURSADA EN LIQUIDACI\u00d3N. FIRMEZA DEL AUTO JUDICIAL\u00a0 DE AUTORIZACI\u00d3N.<\/strong><\/span><\/p>\n<p style=\"text-align: justify;\">Resoluci\u00f3n de 30 de octubre de 2015, de la Direcci\u00f3n General de los Registros y del Notariado, en el recurso interpuesto contra la negativa del registrador de la propiedad de Albarrac\u00edn a la inscripci\u00f3n de determinada escritura de compraventa otorgada como consecuencia de un proceso concursal.\u00a0<\/p>\n<p style=\"text-align: justify;\">Se plantea si es inscribible un testimonio en el que aparecen los siguientes textos: \u00abYo, el infraescrito secretario de \u2026, doy fe y testimonio que las presentes copias son fiel reproducci\u00f3n de su original\u00bb (estampado con sello de caucho); \u00ab<em>Siendo firme el mismo<\/em>\u00bb (manuscrito), y \u00ab<em>Lo inserto concuerda bien y fielmente con su original a que me remito y para que as\u00ed conste a los efectos oportunos expido y firmo la presente en Cuenca, a 8 de junio de 2015<\/em>\u00bb (parte de la fecha y la firma ilegible, manuscritas. Y existen sellos del referido Juzgado).<\/p>\n<p style=\"text-align: justify;\">El <strong>registrador<\/strong> considera que <strong>la firmeza no resulta acreditada<\/strong> ya que <em>un sello sin firma, sin identificaci\u00f3n del firmante y manifestando la firmeza de forma manuscrita y con bol\u00edgrafo en la parte superior del documento, no permite acreditar la autenticidad del documento, ni la identidad y competencia del que expresa la firmeza.<\/em><\/p>\n<p style=\"text-align: justify;\">La <strong>Direcci\u00f3n<\/strong> confirma la nota porque entiende al constar de forma manuscrita en la parte superior del testimonio, \u00fanico texto que consta de esta forma siendo el resto mecanogr\u00e1fico, son razonables las dudas del registrador en cuanto a su autenticidad, sin perjuicio de que su subsanaci\u00f3n sea sencilla mediante la aportaci\u00f3n de un nuevo testimonio que no suscite dudas de autenticidad (MN)<\/p>\n<p style=\"text-align: justify;\"><a href=\"https:\/\/www.boe.es\/boe\/dias\/2015\/11\/23\/pdfs\/BOE-A-2015-12638.pdf\">PDF (BOE-A-2015-12638 &#8211; 3 p\u00e1gs. &#8211; 162 KB)<\/a> <a href=\"https:\/\/www.boe.es\/diario_boe\/txt.php?id=BOE-A-2015-12638\">Otros formatos<\/a><\/p>\n<p style=\"text-align: justify;\">\u00a0<\/p>\n<p style=\"text-align: justify;\"><a id=\"r427\"><\/a><strong><span style=\"font-size: 12pt;\">427. SENTENCIA DECLARATIVA DE DOMINIO POR USUCAPI\u00d3N.<\/span><\/strong><\/p>\n<p style=\"text-align: justify;\">Resoluci\u00f3n de 3 de noviembre de 2015, de la Direcci\u00f3n General de los Registros y del Notariado, en el recurso interpuesto contra la nota de calificaci\u00f3n de la registradora de la propiedad de Vilanova i la Geltr\u00fa n.\u00ba 1, por la que se suspende la inscripci\u00f3n de una sentencia en la que se declara la adquisici\u00f3n de dominio por prescripci\u00f3n de una finca.<\/p>\n<p style=\"text-align: justify;\">Se presenta\u00a0testimonio de una sentencia dictada en un procedimiento declarativo por la que se declara la titularidad por usucapi\u00f3n del derecho de dominio de un edificio a favor del Ayuntamiento. El citado procedimiento se dirigi\u00f3 contra los ignorados causahabientes del titular registral, la \u00abSociedad Cooperativa La Salvadora\u00bb, los cuales fueron declarados en rebeld\u00eda procesal.<\/p>\n<p style=\"text-align: justify;\">Son dos los defectos apreciados por la registradora y que ahora han sido objeto de recurso: <strong>Primero<\/strong>.\u2013No quedan suficiente protegidos los derechos del titular registral la \u00abSociedad Cooperativa La Salvadora\u00bb, cuando la <strong>demanda se entabla contra los ignorados causahabientes de la cooperativa que se halla disuelta<\/strong> seg\u00fan resulta de la propia sentencia, y declarados en rebeld\u00eda. Surge, en estos casos, el obst\u00e1culo registral, de la indefensi\u00f3n procesal del titular registral, que es objeto de la presente calificaci\u00f3n registral<\/p>\n<p style=\"text-align: justify;\">Este defecto es <strong>revocado<\/strong> por la DGRN diciendo que \u00abpara dictar esta resoluci\u00f3n es necesario un previo llamamiento al proceso, es decir que es necesario que se haya intentado la notificaci\u00f3n al demandado cumpliendo los todos los requisitos legales. La declaraci\u00f3n impide suspender el juicio por estas circunstancias, lo que atentar\u00eda contra el derecho fundamental a la tutela judicial efectiva, en caso de rebeld\u00eda, contin\u00faa el procedimiento pero el rebelde tiene posibilidad de impugnar la sentencia, aun firme, en circunstancias especiales para obtener la plena restituci\u00f3n de las posibilidades de alegaci\u00f3n y pruebas. Dictada la sentencia en rebeld\u00eda procesal de los demandados, tal y como consta en la propia resoluci\u00f3n, resulta de aplicaci\u00f3n lo dispuesto en el art\u00edculo 524.4 de la Ley de Enjuiciamiento Civil, y cumplidos los plazos legales nada impide la inscripci\u00f3n o cancelaci\u00f3n de asientos\u00bb.<\/p>\n<p style=\"text-align: justify;\"><strong>Segundo defecto<\/strong>.\u2013 <strong>No queda suficientemente identificada la finca<\/strong> respecto de la cual se declara el dominio a favor del Ayuntamiento de Cubelles. La instancia privada firmada por el presentante no es el documento id\u00f3neo para la identificaci\u00f3n de la finca. En cualquier caso, la descripci\u00f3n registral de la finca 344 no contiene referencia alguna a su superficie, circunstancia \u00e9sta exigible al practicar nuevo asiento.<\/p>\n<p style=\"text-align: justify;\">La DG revoca el primer inciso de este segundo defecto, porque \u00aben la sentencia objeto de calificaci\u00f3n <strong>se ha identificado la finca<\/strong>, no s\u00f3lo en atenci\u00f3n a la <strong>calle y n\u00famero<\/strong>, sino que se han se\u00f1alado los datos registrales completos de la misma.\u00bb<\/p>\n<p style=\"text-align: justify;\">Y en cambio, s\u00ed que confirma\u00a0el criterio sostenido por la registradora al <strong>exigir que se exprese la superficie de la finca<\/strong> en el t\u00edtulo presentado, aunque en el historial registral la misma aparezca sin expresi\u00f3n de su medida. (&#8230;)\u00a0Y, dada la trascendencia que el dato de la superficie tiene en la delimitaci\u00f3n de la finca registral, podemos decir que la inscripci\u00f3n de la superficie de una finca que hasta ese momento no la ten\u00eda consignada en su historial registral, sin ser en sentido t\u00e9cnico una inmatriculaci\u00f3n, tiene cierta entidad inmatriculador. (&#8230;) \u00abY por supuesto siempre teniendo en cuenta la imprescindible aplicaci\u00f3n de lo establecido en el art\u00edculo 53.7 de la Ley 13\/1996, de 30 de diciembre, de Medidas Fiscales, Administrativas y del Orden Social\u00bb.\u00a0(JDR)<\/p>\n<p style=\"text-align: justify;\"><a title=\"PDF firmado BOE-A-2015-12714\" href=\"http:\/\/www.boe.es\/boe\/dias\/2015\/11\/24\/pdfs\/BOE-A-2015-12714.pdf\">PDF (BOE-A-2015-12714 &#8211; 12 <abbr title=\"p\u00e1ginas\">p\u00e1gs.<\/abbr> &#8211; 240 <abbr title=\"kilobytes\">KB<\/abbr>)<\/a>\u00a0 \u00a0<a title=\"Versi\u00f3n HTML BOE-A-2015-12714\" href=\"http:\/\/www.boe.es\/diario_boe\/txt.php?id=BOE-A-2015-12714\">Otros formatos<\/a><\/p>\n<p style=\"text-align: justify;\">\u00a0\u00a0<\/p>\n<p><a id=\"r428\"><\/a><strong><span style=\"font-size: 12pt;\">428. ESCISI\u00d3N PARCIAL DE SOCIEDAD. REDUCCI\u00d3N DE CAPITAL. PUBLICIDAD. PROTECCI\u00d3N DE LOS ACREEDORES<\/span>.<a href=\"https:\/\/www.notariosyregistradores.com\/web\/resoluciones\/por-meses\/resoluciones-dgrn-noviembre-2015\/#Content-bal-title\">^<\/a><\/strong><\/p>\n<p style=\"text-align: justify;\">Resoluci\u00f3n de 4 de noviembre de 2015, de la Direcci\u00f3n General de los Registros y del Notariado, en el recurso interpuesto contra la negativa del registrador mercantil y de bienes muebles IX de Madrid a inscribir una escritura de elevaci\u00f3n a p\u00fablico de acuerdos sociales de escisi\u00f3n de una sociedad an\u00f3nima.<\/p>\n<p style=\"text-align: justify;\"><strong>Hechos:<\/strong> Dos son los <strong>problemas <\/strong>que plantea esta resoluci\u00f3n:<\/p>\n<p style=\"text-align: justify;\"><strong>Uno<\/strong>, si en caso de escisi\u00f3n parcial de una <strong>sociedad an\u00f3nima con reducci\u00f3n del capital<\/strong> de la escindida son necesarios <strong>anuncios especiales sobre dicha reducci\u00f3n de capital <\/strong>y la manifestaci\u00f3n de no oposici\u00f3n se acreedores y<\/p>\n<p style=\"text-align: justify;\"><strong>Dos<\/strong>, si en el mismo caso un acreedor se ha opuesto basta para la inscripci\u00f3n la manifestaci\u00f3n de los administradores de que dicho acreedor est\u00e1 suficientemente garantizado o <strong>es necesario en todo caso la conformidad de dicho acreedor<\/strong>.<\/p>\n<p style=\"text-align: justify;\">Seg\u00fan el registrador <strong>ambos requisitos son necesarios<\/strong>, es decir la publicidad especial con manifestaci\u00f3n de no oposici\u00f3n y la conformidad del acreedor o en otro caso la fianza solidaria por entidad de cr\u00e9dito.<\/p>\n<p style=\"text-align: justify;\">Se interpone recurso alegando que la publicidad separada \u201ccarece de sentido y resulta una exigencia formalista carente de utilidad individualizada\u201d. \u00a0La escisi\u00f3n ya lleva su propia publicidad y la posibilidad del ejercicio del derecho de informaci\u00f3n. Es decir <strong>no hay dos derechos de oposici\u00f3n sino uno solo<\/strong>. Y en cuanto al acreedor que se ha opuesto este, aparte de estar ya suficientemente garantizado, tiene el derecho del art. <a href=\"https:\/\/www.boe.es\/buscar\/act.php?id=BOE-A-2009-5614&amp;b=59&amp;tn=1&amp;p=20120623#a44\">44.4 de la Ley 3\/2009<\/a> y podr\u00e1 ejercitar su derecho en el juzgado de lo mercantil.<\/p>\n<p style=\"text-align: justify;\">Doctrina: La DG <strong>revoca ambos defectos <\/strong>de la nota de calificaci\u00f3n.<\/p>\n<p style=\"text-align: justify;\">Parte la DG de las <strong>nuevas Directivas comunitarias<\/strong> sobre modificaciones estructurales cuya finalidad es la de \u201creducir las cargas de las sociedades al m\u00ednimo necesario y que cualquier acuerdo societario de reducci\u00f3n de tr\u00e1mites debe salvaguardar los sistemas de protecci\u00f3n de los intereses de los acreedores\u201d.<\/p>\n<p style=\"text-align: justify;\">Sobre esta base y teniendo en cuenta las <strong>caracter\u00edsticas<\/strong> de la operaci\u00f3n realizada, prescinde de la publicidad espec\u00edfica relativa a la reducci\u00f3n del capital social de la an\u00f3nima y en cuanto al problema planteado por el acreedor que se ha opuesto, aun reconociendo <strong>la poca claridad del nuevo art\u00edculo 44 de la Ley 3\/2009<\/strong>, concluye que toda oposici\u00f3n de acreedor en un proceso de modificaci\u00f3n estructural <strong>debe derivarse a su sede adecuada<\/strong> que es la del <strong>juzgado de lo mercantil<\/strong> sin que pueda producir el efecto de paralizar la operaci\u00f3n de fusi\u00f3n o escisi\u00f3n \u00a0y sin perjuicio de que el acreedor pueda ejercitar su derecho a la extensi\u00f3n de la nota marginal prevista en el precepto.<\/p>\n<p style=\"text-align: justify;\"><strong>Comentario:<\/strong> A la vista de esta y otras resoluciones de la propia DG en el mismo sentido, hemos de concluir que la manifestaci\u00f3n en la escritura de que un acreedor se ha opuesto, independientemente de si est\u00e1 o no debidamente garantizado, <strong>en ning\u00fan caso puede ser un obst\u00e1culo o defecto que impida la inscripci\u00f3n<\/strong>. Lo importante es que al acuerdo se le haya dado la publicidad debida y que el administrador haga la manifestaci\u00f3n pertinente, pero cumplidos ambos requisitos es indiferente la postura que adopte dicho acreedor, sin que tampoco sea necesario que de la escritura resulte prestaci\u00f3n de garant\u00eda alguna a favor del mismo.<\/p>\n<p style=\"text-align: justify;\">En cuanto a la <strong>publicidad espec\u00edfica de la reducci\u00f3n del capital<\/strong> en una escisi\u00f3n de una an\u00f3nima creemos que si del anuncio publicado resulta con claridad cu\u00e1les han sido los t\u00e9rminos de la fusi\u00f3n acordada y que esta implica la reducci\u00f3n de capital\u00a0 es <strong>totalmente innecesario una publicidad especial en dicho sentido<\/strong>. Ser\u00eda duplicar publicidades sin beneficio para nadie y sin garant\u00eda adicional alguna para los acreedores de la sociedad. Estos al tener conocimiento \u00a0de la escisi\u00f3n parcial por el anuncio publicado podr\u00e1n, en defensa de sus cr\u00e9ditos, adoptar las medidas que estimen necesarias sin necesidad de que se haya publicitado el acuerdo de reducci\u00f3n como operaci\u00f3n separada e independiente. T\u00e9ngase en cuenta que seg\u00fan el art\u00edculo 43 de la Ley 3\/2009, \u201cel acuerdo de fusi\u00f3n, una vez adoptado, se publicar\u00e1 en el \u00abBolet\u00edn Oficial del Registro Mercantil\u00bb y en uno de los diarios de gran circulaci\u00f3n en las provincias en las que cada una de las sociedades tenga su domicilio\u201d y que \u201cen el anuncio se har\u00e1 constar el derecho que asiste a los socios y acreedores de obtener <strong>el texto \u00edntegro del acuerdo adoptado<\/strong> y del balance de la fusi\u00f3n, as\u00ed como el derecho de oposici\u00f3n que corresponde a los acreedores\u201d. Por tanto si tiene el derecho de obtener el texto \u00edntegro del acuerdo en ese texto constar\u00e1 el acuerdo de reducci\u00f3n de capital de la escindida. No obstante esta doctrina de nuestra DG simplificadora de todo el proceso siempre <strong>ser\u00e1 aconsejable<\/strong> incluir en el anuncio de escisi\u00f3n una referencia expresa a la reducci\u00f3n de capital que haya sido consecuencia de la misma. JAGV.<\/p>\n<p style=\"text-align: justify;\"><a href=\"http:\/\/www.boe.es\/boe\/dias\/2015\/11\/24\/pdfs\/BOE-A-2015-12715.pdf\">PDF (BOE-A-2015-12715 \u2013 12\u00a0p\u00e1gs.\u00a0\u2013 240\u00a0KB)<\/a>\u00a0 \u00a0<a href=\"http:\/\/www.boe.es\/diario_boe\/txt.php?id=BOE-A-2015-12715\">Otros formatos<\/a><\/p>\n<p style=\"text-align: justify;\">\u00a0<\/p>\n<p style=\"text-align: justify;\"><a id=\"r429\"><\/a><strong><span style=\"font-size: 12pt;\">429. CL\u00c1USULA ESTATUTARIA SOBRE RETRIBUCI\u00d3N DE CONSEJERO DELEGADO. NO ES NECESARIO HACER REFERENCIA ALGUNA AL CONTRATO A CELEBRAR CON EL MISMO<\/span>.<a href=\"https:\/\/www.notariosyregistradores.com\/web\/resoluciones\/por-meses\/resoluciones-dgrn-noviembre-2015\/#Content-bal-title\">^<\/a><\/strong><\/p>\n<p style=\"text-align: justify;\">Resoluci\u00f3n de 5 de noviembre de 2015, de la Direcci\u00f3n General de los Registros y del Notariado, en el recurso interpuesto contra la negativa del registrador mercantil y de bienes muebles XIII de Madrid a inscribir la modificaci\u00f3n de determinado precepto estatutario.<\/p>\n<p style=\"text-align: justify;\"><strong>Hechos:<\/strong> Se trata en este recurso de determinar <strong>si es o no inscribible<\/strong> un art\u00edculo estatutario sobre retribuci\u00f3n de administradores concebido en los siguientes t\u00e9rminos: \u201cEl cargo de Administrador ser\u00e1 gratuito, sin perjuicio de la retribuci\u00f3n que le pueda corresponder por la prestaci\u00f3n de servicios en virtud de una relaci\u00f3n distinta de la propia de tal cargo que haya sido establecida, as\u00ed como de ser resarcidos de los gastos justificados que realicen con ocasi\u00f3n y en el ejercicio de su funci\u00f3n. No obstante lo anterior, <strong>el cargo de Consejero Delegado de la compa\u00f1\u00eda<\/strong> ser\u00e1 retribuido por todos o algunos de los siguientes conceptos: (i) una parte fija, adecuada a los servicios y responsabilidades asumidos, (ii) una parte variable, correlacionada con alg\u00fan indicador de los rendimientos del consejero de la Sociedad, (iii) una parte asistencial, que contemplar\u00e1 los sistemas de previsi\u00f3n y seguros oportunos, y (iv) una indemnizaci\u00f3n en caso de separaci\u00f3n o cualquier otra forma de extinci\u00f3n de la relaci\u00f3n jur\u00eddica con la Sociedad no debida a un incumplimiento imputable al consejero\u201d.<\/p>\n<p style=\"text-align: justify;\">El registrador estima que <strong>no es inscribible<\/strong> la referencia a la <strong>retribuci\u00f3n del consejero delegado<\/strong> \u201cporque no prev\u00e9 la celebraci\u00f3n del <strong>contrato<\/strong> entre este y la sociedad en los t\u00e9rminos establecidos en <a href=\"http:\/\/www.boe.es\/buscar\/act.php?id=BOE-A-2010-10544&amp;b=346&amp;tn=1&amp;p=20141204#a249\">el art. 249.3 LSC<\/a>\u201d.<\/p>\n<p style=\"text-align: justify;\">El interesado recurre alegando que lo \u00fanico de que se trata es de dar cumplimiento a lo establecido por el art\u00edculo 249 de la Ley de Sociedades de Capital tras la reforma introducida por la Ley 31\/2014, de 3 de diciembre, en cuanto al r\u00e9gimen retributivo de los consejeros que desempe\u00f1en funciones ejecutivas.<\/p>\n<p style=\"text-align: justify;\"><strong>Doctrina:<\/strong> La DG <strong>revoca<\/strong> la nota de calificaci\u00f3n.<\/p>\n<p style=\"text-align: justify;\">Partiendo del informe de la <strong>comisi\u00f3n de expertos<\/strong> sobre mejora del gobierno corporativo y de la redacci\u00f3n del citado art\u00edculo 249 de la LSC deduce que efectivamente \u201ces necesario que se celebre <strong>un contrato<\/strong> entre el administrador ejecutivo y la sociedad, que debe ser aprobado previamente por el consejo de administraci\u00f3n con los requisitos que establece dicho precepto\u201d y que ese contrato, que detallar\u00e1 todos los conceptos retributivos, debe ser conforme con la pol\u00edtica de retribuciones aprobada por la junta\u00a0 pero la \u201creferencia a ese contrato y esa pol\u00edtica de retribuciones no necesariamente deben constar en los estatutos\u201d pues \u201cson cuestiones \u00a0sobre las que no existe reserva estatutaria alguna\u201d.<\/p>\n<p style=\"text-align: justify;\"><strong>Comentario:<\/strong> Compartiendo plenamente la decisi\u00f3n del CD sobre el problema planteado pues la suscripci\u00f3n o no suscripci\u00f3n del contrato entre el consejo y el consejero delegado es un <strong>asunto interno<\/strong> de la sociedad y entra dentro de la responsabilidad de los consejeros para con los socios, lo que no vemos tan claro es que la <strong>pol\u00edtica de retribuciones<\/strong> de la sociedad pueda ser aprobada por la junta general sin tener en cuenta lo que digan los estatutos sobre la materia. Al menos para las sociedades cotizadas\u00a0 del art\u00edculo <a href=\"http:\/\/www.boe.es\/buscar\/act.php?id=BOE-A-2010-10544&amp;b=346&amp;tn=1&amp;p=20141204#a529octodecies\">a<strong>rt\u00edculo 529 octodecies<\/strong><\/a>,<strong> sobre remuneraci\u00f3n de los consejeros por el desempe\u00f1o de funciones ejecutivas, resulta claramente que ese contrato debe estar conforme con la pol\u00edtica de retribuciones y esa pol\u00edtica de retribuciones, seg\u00fan el art\u00edculo 529 novodecies, debe ser aprobada por la junta <\/strong>general de accionistas al menos cada tres a\u00f1os como punto separado del orden del d\u00eda, y esa pol\u00edtica \u201cse ajustar\u00e1 en lo que corresponda <strong>al sistema de remuneraci\u00f3n estatutariamente previsto<\/strong>\u201d . Por tanto si bien la pol\u00edtica de retribuciones no tiene porqu\u00e9 reflejarse en estatutos, se trata precisamente de eso de una pol\u00edtica sujeta a diversos avatares, la misma no puede estar ajena a los estatutos de la sociedad sino que en todo caso deber\u00e1 ajustarse a lo que esos estatutos digan sobre retribuciones. Por tanto parece obvio que los estatutos no deben decir nada sobre esa pol\u00edtica que decidir\u00e1 la junta en cada caso concreto pero lo que s\u00ed debe constar en estatutos es la retribuci\u00f3n de los consejeros y en caso de gratuidad, como era el de la resoluci\u00f3n que resumimos, \u00a0al menos deber\u00e1n constar las l\u00edneas generales dentro de las cuales deben moverse los contratos a celebrar entre el consejo y el consejero delegado ejecutivo. Lo que s\u00ed es claro es que no es defecto que los estatutos no aludan al contrato a celebrar, en su caso, entre el consejo y el consejero delegado.<\/p>\n<p style=\"text-align: justify;\"><a href=\"http:\/\/www.boe.es\/boe\/dias\/2015\/11\/24\/pdfs\/BOE-A-2015-12716.pdf\">PDF (BOE-A-2015-12716 \u2013 4\u00a0p\u00e1gs.\u00a0\u2013 174\u00a0KB)<\/a>\u00a0 \u00a0<a href=\"http:\/\/www.boe.es\/diario_boe\/txt.php?id=BOE-A-2015-12716\">Otros formatos<\/a><\/p>\n<p style=\"text-align: justify;\">\u00a0<\/p>\n<p style=\"text-align: justify;\"><a id=\"r430\"><\/a><strong><span style=\"font-size: 12pt;\">430. ACCI\u00d3N DE DIVISI\u00d3N DE LA COSA COM\u00daN CON FIDEICOMISARIOS. REBELD\u00cdA. SEGREGACI\u00d3N: SUPERFICIE Y VALOR<\/span><\/strong><\/p>\n<p style=\"text-align: justify;\">Resoluci\u00f3n de 6 de noviembre de 2015, de la Direcci\u00f3n General de los Registros y del Notariado, en el recurso interpuesto contra la nota de calificaci\u00f3n extendida por el registrador de la propiedad de Villanueva de los Infantes, relativa a la inscripci\u00f3n de un testimonio de sentencia.<\/p>\n<p style=\"text-align: justify;\"><strong>Hechos:<\/strong> Se presenta a inscripci\u00f3n testimonio de una sentencia en la que se disuelve una Comunidad sobre una finca, que se divide en dos adjudicando a cada parte una de dichas mitades, una sociedad por una parte, que es la actora, y tres personas f\u00edsicas por otra, una de las cuales est\u00e1 en rebeld\u00eda.<\/p>\n<p style=\"text-align: justify;\"><strong>El registrador<\/strong> encuentra cuatro defectos: no se acredita el trascurso del plazo legal para que el rebelde pueda ejercitar la acci\u00f3n de rescisi\u00f3n. No se acredita la obtenci\u00f3n de licencia municipal para la divisi\u00f3n de la finca. No se describe adecuadamente cada una de las dos mitades de la finca dividida, en particular la superficie exacta y ha de expresarse el valor de cada una de las dos partes de finca para calificar adecuadamente el negocio jur\u00eddico efectuado. Finalmente, considera que deben prestar su consentimiento no s\u00f3lo los titulares actuales (fiduciarios) de la finca, sino tambi\u00e9n los futuros, herederos fideicomisarios, que no ha intervenido en el procedimiento.<\/p>\n<p style=\"text-align: justify;\"><strong>El interesado<\/strong> recurre, disconforme con tres de los defectos: respecto del primero argumenta consta que la sentencia es firme; respecto del tercero que consta que la divisi\u00f3n \u00a0de la finca es al 50 %, conforme al informe pericial presentado por el actor. Finalmente, respecto del \u00faltimo defecto, se\u00f1ala que la acci\u00f3n de divisi\u00f3n no es un acto dispositivo, por lo que ha de prevalecer el derecho del comunero a dividir la finca sin necesidad de que consientan los fideicomisarios.<\/p>\n<p style=\"text-align: justify;\"><strong>La DGRN<\/strong> desestima el recurso. En cuanto al primer defecto lo confirma por aplicaci\u00f3n de lo dispuesto en el art\u00edculo <a href=\"http:\/\/www.boe.es\/buscar\/act.php?id=BOE-A-2000-323&amp;p=20151028&amp;tn=1#a524\">524.4<\/a> de la LEC, pues <strong>aunque la sentencia sea firme para poder inscribir tienen que haber transcurrido los plazos de la acci\u00f3n de rescisi\u00f3n por el rebelde<\/strong> establecidos en los art\u00edculos <a href=\"http:\/\/www.boe.es\/buscar\/act.php?id=BOE-A-2000-323&amp;p=20151028&amp;tn=1#a501\">501 y 502 de la LEC<\/a> y constar as\u00ed en el documento. Respecto del defecto tercero considera que la superficie es imprescindible que conste en el t\u00edtulo y que no se pueden tener en cuenta documentos no presentados en el momento de la calificaci\u00f3n. Sin embargo, en lo relativo a la necesidad de constancia del valor para calificar un posible exceso de adjudicaci\u00f3n no causalizado, lo revoca por cuanto ello es una cuesti\u00f3n de fondo de la sentencia que el registrador no puede calificar. En cuanto al \u00faltimo defecto, relativo a <strong>los herederos fideicomisarios concluye que son interesados y deben de intervenir en el procedimiento, pero no es necesario su consentimiento a la divisi\u00f3n<\/strong>, como exige el registrador, pues ha de prevalecer el derecho de los comuneros a cesar en la indivisi\u00f3n de la cosa com\u00fan. La DGRN toma como referencia la posici\u00f3n que tienen los acreedores respecto de la divisi\u00f3n de la cosa com\u00fan: pueden intervenir en el procedimiento pero no impedir la divisi\u00f3n conforme al art\u00edculo <a href=\"https:\/\/www.notariosyregistradores.com\/web\/normas\/codigo-civil-libro-segundo\/#art403\">403 y 405 CC<\/a>. \u00a0(AFS)<\/p>\n<p><a title=\"PDF firmado BOE-A-2015-12717\" href=\"http:\/\/www.boe.es\/boe\/dias\/2015\/11\/24\/pdfs\/BOE-A-2015-12717.pdf\">PDF (BOE-A-2015-12717 &#8211; 7 <abbr title=\"p\u00e1ginas\">p\u00e1gs.<\/abbr> &#8211; 193 <abbr title=\"kilobytes\">KB<\/abbr>)<\/a>\u00a0 \u00a0<a title=\"Versi\u00f3n HTML BOE-A-2015-12717\" href=\"http:\/\/www.boe.es\/diario_boe\/txt.php?id=BOE-A-2015-12717\">Otros formatos<\/a><\/p>\n<p>&nbsp;<\/p>\n<p style=\"text-align: justify;\"><span style=\"font-size: 12pt;\"><strong><a id=\"r431\"><\/a>431. NEGATIVA A RESERVAR DENOMINACI\u00d3N SOCIAL POR IDENTIDAD CON OTRA PREEXISTENTE. T\u00c9RMINOS DE UTILIZACI\u00d3N GEN\u00c9RICA<\/strong><\/span><strong>. \u00a0<a href=\"https:\/\/www.notariosyregistradores.com\/web\/resoluciones\/por-meses\/resoluciones-dgrn-noviembre-2015\/#Content-bal-title\">^<\/a><\/strong><\/p>\n<p style=\"text-align: justify;\">Resoluci\u00f3n de 27 de octubre de 2015, de la Direcci\u00f3n General de los Registros y del Notariado, en el recurso interpuesto contra la nota de calificaci\u00f3n extendida por el registrador mercantil central III, por la que se deniega determinada reserva de denominaci\u00f3n social.<\/p>\n<p style=\"text-align: justify;\"><strong>Hechos:<\/strong> Se trata de determinar en este expediente si es posible como denominaci\u00f3n social la de \u201c<strong>EDP Espa\u00f1a\u201d<\/strong>.<\/p>\n<p style=\"text-align: justify;\">Para el Registrador Mercantil Central <strong>no es posible<\/strong> por existir <strong>identidad<\/strong> con otras denominaciones sociales ya inscritas en el registro, pues el \u00fanico t\u00e9rmino diferenciador respecto de las otras denominaciones existentes es la palabra \u201cEspa\u00f1a\u201d, y dicha palabra o t\u00e9rmino forma parte de lo que se llaman <strong>expresiones gen\u00e9ricas o vac\u00edas<\/strong> que no implican diferenciaci\u00f3n con otras denominaciones. Todo ello de \u00a0conformidad a lo establecido en el <a href=\"http:\/\/www.boe.es\/buscar\/act.php?id=BOE-A-1996-17533&amp;b=511&amp;tn=1&amp;p=20080209#a408\">art. 408.1 del RRM<\/a> y la <a href=\"https:\/\/www.notariosyregistradores.com\/web\/resoluciones\/por-meses\/resoluciones-dgrn-junio-2015\/#162-denominacion-social-parecida-a-una-marca-tabacalera-\">Resoluci\u00f3n de 5 de mayo de 2015 de la Direcci\u00f3n General de los Registros y del Notariado.<\/a><\/p>\n<p style=\"text-align: justify;\">El interesado recurre pues a su juicio se utiliza un t\u00e9rmino de <strong>suficiente de eficacia individualizadora<\/strong>. Se trata de utilizar la denominaci\u00f3n de la matriz \u00a0unida a un t\u00e9rmino gen\u00e9rico, lo que no solo no induce a confusi\u00f3n o error en el tr\u00e1fico sobre la identidad de cada sociedad, sino que, por el contrario, produce el efecto inverso al dar a conocer la vinculaci\u00f3n existente entre ellas.<\/p>\n<p style=\"text-align: justify;\"><strong>Doctrina:<\/strong> La DG <strong>confirma<\/strong> el criterio del registrador.<\/p>\n<p style=\"text-align: justify;\">Reitera su doctrina de que \u201cla identidad de denominaciones no se constri\u00f1e al caso de coincidencia total y absoluta entre ellas, sino tambi\u00e9n a lo que se conoce como \u00abidentidad sustancial\u00bb o \u00abcuasi identidad\u00bb, cuando -aun en ausencia de coincidencia absoluta o textual-, <strong>una fuerte aproximaci\u00f3n objetiva, fon\u00e9tica, conceptual, o sem\u00e1ntica<\/strong>, o bien la integraci\u00f3n de una denominaci\u00f3n preexistente con t\u00e9rminos o variantes de escasa entidad, mermen la virtualidad diferenciadora de un nombre social respecto de otro ya existente, no desvirtuando la impresi\u00f3n de tratarse de la misma denominaci\u00f3n\u201d.<\/p>\n<p style=\"text-align: justify;\">En el caso del recurso el t\u00e9rmino \u00abEspa\u00f1a\u00bb \u201cest\u00e1 incluido en la \u2026 relaci\u00f3n de t\u00e9rminos y expresiones gen\u00e9ricas, y por ende, vac\u00edos de contenido por carecer de suficiente efecto distintivo\u201d.<\/p>\n<p style=\"text-align: justify;\">Por \u00faltimo, a\u00f1ade que quiz\u00e1s hubiera sido posible la reserva de la denominaci\u00f3n solicitada si la misma se hubiera llevado a cabo \u201ca <strong>instancia o con autorizaci\u00f3n<\/strong> de la sociedad afectada por la nueva denominaci\u00f3n que pretende utilizarse\u00bb, (art\u00edculo 408.2 del Reglamento del Registro Mercantil), circunstancia que no resulta en el expediente objeto de la presente\u201d.<\/p>\n<p style=\"text-align: justify;\"><strong>Comentario:<\/strong> Claro recurso que viene a confirmar una doctrina reiterada de nuestro CD acerca de la <strong>cuasi identidad<\/strong> de las denominaciones sociales y de la utilizaci\u00f3n de t\u00e9rminos gen\u00e9ricos o vac\u00edos de contenido a la hora de diferenciar denominaciones. Conviene recordar que la <strong>doctrina<\/strong> derivada de estas resoluciones son tambi\u00e9n de utilizaci\u00f3n por parte del Registro Mercantil Provincial en casos en que se aprecie la identidad o cuasi identidad con la denominaci\u00f3n de otras sociedades inscritas en su registro, entendiendo igualmente que <strong>esa autorizaci\u00f3n de la sociedad matriz<\/strong> a que se alude en la resoluci\u00f3n tambi\u00e9n ser\u00eda de posible utilizaci\u00f3n ante una calificaci\u00f3n del RM Provincial. (JAGV)<\/p>\n<p style=\"text-align: justify;\"><a href=\"https:\/\/www.boe.es\/boe\/dias\/2015\/11\/25\/pdfs\/BOE-A-2015-12744.pdf\">PDF (BOE-A-2015-12744 \u2013 5 p\u00e1gs. \u2013 183 KB)<\/a>\u00a0<a href=\"https:\/\/www.boe.es\/diario_boe\/txt.php?id=BOE-A-2015-12744\">Otros formatos<\/a><\/p>\n<p style=\"text-align: justify;\">\u00a0<\/p>\n<p class=\"enlacesDoc\" style=\"text-align: justify;\">\u00a0\u00a0<\/p>\n<h2 style=\"text-align: center;\"><strong><a href=\"https:\/\/www.notariosyregistradores.com\/web\/normas\/cuadro-de-informes-mensuales-generales-de-lo-publicado-en-el-boe\/\">LISTA DE INFORMES<\/a><\/strong><\/h2>\n<h2 style=\"text-align: center;\"><b><a href=\"https:\/\/www.notariosyregistradores.com\/web\/category\/normas\/2002-2015\/\">NORMAS 2002-2015<\/a>\u00a0<\/b><\/h2>\n<h2 style=\"text-align: center;\"><a href=\"https:\/\/www.notariosyregistradores.com\/web\/?p=5343\">INDICE DISPOSICIONES 2015<\/a><\/h2>\n<h2 style=\"text-align: center;\"><b>RESUMEN<a href=\"https:\/\/www.notariosyregistradores.com\/web\/normas\/resumen-de-las-disposiciones-mas-destacadas\/\"> DISPOSICIONES + IMPORTANTES<\/a>\u00a0<\/b><\/h2>\n<h2 style=\"text-align: center;\"><a href=\"https:\/\/www.notariosyregistradores.com\/web\/category\/resoluciones\/cuadro-resoluciones-dgrn-por-meses\/\"><b>RES.DGRN <\/b><b>POR MESES<\/b><\/a><\/h2>\n<p style=\"text-align: justify;\">\u00a0\u00a0<\/p>\n<div id=\"attachment_9961\" style=\"width: 510px\" class=\"wp-caption aligncenter\"><a href=\"https:\/\/www.notariosyregistradores.com\/web\/wp-content\/uploads\/2015\/10\/Navaluenga_Avila_Oto\u00f1o.jpg\"><img loading=\"lazy\" decoding=\"async\" aria-describedby=\"caption-attachment-9961\" class=\"size-medium wp-image-9961 \" src=\"https:\/\/www.notariosyregistradores.com\/web\/wp-content\/uploads\/2015\/10\/Navaluenga_Avila_Oto\u00f1o.jpg\" alt=\"Navaluenga_Avila_Oto\u00f1o\" width=\"500\" height=\"500\" srcset=\"https:\/\/www.notariosyregistradores.com\/web\/wp-content\/uploads\/2015\/10\/Navaluenga_Avila_Oto\u00f1o.jpg 612w, https:\/\/www.notariosyregistradores.com\/web\/wp-content\/uploads\/2015\/10\/Navaluenga_Avila_Oto\u00f1o-150x150.jpg 150w, https:\/\/www.notariosyregistradores.com\/web\/wp-content\/uploads\/2015\/10\/Navaluenga_Avila_Oto\u00f1o-300x300.jpg 300w, https:\/\/www.notariosyregistradores.com\/web\/wp-content\/uploads\/2015\/10\/Navaluenga_Avila_Oto\u00f1o-500x500.jpg 500w\" sizes=\"auto, (max-width: 500px) 100vw, 500px\" \/><\/a><p id=\"caption-attachment-9961\" class=\"wp-caption-text\">Navaluuenga (\u00c1vila). Oto\u00f1o.<\/p><\/div>\n<p>&nbsp;<\/p>\n<p>&nbsp;<\/p>\n","protected":false},"excerpt":{"rendered":"<\/p>\n<p> <b><\/p>\n<p>Concluido el Informe.<br \/>\n<\/b><\/p>\n<p><CENTER><\/p>\n<p><a href=\"https:\/\/www.notariosyregistradores.com\/web\/?p=10646\"><img loading=\"lazy\" decoding=\"async\" src=\"https:\/\/www.notariosyregistradores.com\/web\/wp-content\/uploads\/2015\/10\/Navaluenga_Avila_Oto\u00f1o.jpg\" width=\"400\" height=\"400\" align=\"middle\" alt=\"\" \/><\/CENTER><\/p>\n<p>Productos financieros, Impuesto Sociedades, Nacionalidad por residencia, Consignaciones subastas, Resoluci\u00f3n de entidades financieras, Libre circulaci\u00f3n UE, Familia extensa, Tasas nacionalidad, Registradores y prevenci\u00f3n blanqueo, Informaci\u00f3n residencia cuentas, REF Canarias, NIPO, D\u00edas inh\u00e1biles, Portal Autoridad Resp. Fiscal, Reglamento de Conductores, Agencia Estatal de Investigaci\u00f3n, Ayudas veh\u00edculos de energ\u00edas alternativas, Tribunal Constitucional, Concursos de Registros\u2026<\/p>\n<p>40\u00a0Resoluciones.<\/p>\n<p><a href=\"https:\/\/www.notariosyregistradores.com\/web\/?p=10646\"><\/p>\n<h2><strong> Seguir leyendo\u2026<\/h2>\n<p><\/strong><\/a><\/p>\n","protected":false},"author":10,"featured_media":10648,"comment_status":"open","ping_status":"closed","sticky":false,"template":"","format":"standard","meta":{"_bbp_topic_count":0,"_bbp_reply_count":0,"_bbp_total_topic_count":0,"_bbp_total_reply_count":0,"_bbp_voice_count":0,"_bbp_anonymous_reply_count":0,"_bbp_topic_count_hidden":0,"_bbp_reply_count_hidden":0,"_bbp_forum_subforum_count":0,"footnotes":""},"categories":[180],"tags":[2383,2386,2384,2374,2381,2375,2373,2378,2007,2177,2157,2380,2387,2382,2372,2379,2377,2385,2176,2376,1258],"class_list":{"0":"post-10646","1":"post","2":"type-post","3":"status-publish","4":"format-standard","5":"has-post-thumbnail","7":"category-informes-mensuales","8":"tag-agencia-estatal-de-investigacion","9":"tag-ayudas-vehiculos-energias-alternativas","10":"tag-concursos-de-registros","11":"tag-consignaciones-para-subastas","12":"tag-dias-inhabiles","13":"tag-familia-extensa","14":"tag-impuesto-sobre-sociedades","15":"tag-informacion-residencia-cuentas","16":"tag-limites-a-la-libre-circulacion","17":"tag-nacionalidad-por-residencia","18":"tag-navaluenga","19":"tag-nipo","20":"tag-noviembre-2015","21":"tag-portal-autoridad-independiente-de-responsabilidad-fiscal","22":"tag-productos-financieros","23":"tag-ref-canarias","24":"tag-registradores-y-prevencion-blan-queo","25":"tag-reglamento-de-conductores","26":"tag-resolucion-de-entidades-financieras","27":"tag-tasas-nacionalidad","28":"tag-tribunal-constitucional"},"_links":{"self":[{"href":"https:\/\/www.notariosyregistradores.com\/web\/wp-json\/wp\/v2\/posts\/10646","targetHints":{"allow":["GET"]}}],"collection":[{"href":"https:\/\/www.notariosyregistradores.com\/web\/wp-json\/wp\/v2\/posts"}],"about":[{"href":"https:\/\/www.notariosyregistradores.com\/web\/wp-json\/wp\/v2\/types\/post"}],"author":[{"embeddable":true,"href":"https:\/\/www.notariosyregistradores.com\/web\/wp-json\/wp\/v2\/users\/10"}],"replies":[{"embeddable":true,"href":"https:\/\/www.notariosyregistradores.com\/web\/wp-json\/wp\/v2\/comments?post=10646"}],"version-history":[{"count":0,"href":"https:\/\/www.notariosyregistradores.com\/web\/wp-json\/wp\/v2\/posts\/10646\/revisions"}],"wp:featuredmedia":[{"embeddable":true,"href":"https:\/\/www.notariosyregistradores.com\/web\/wp-json\/wp\/v2\/media\/10648"}],"wp:attachment":[{"href":"https:\/\/www.notariosyregistradores.com\/web\/wp-json\/wp\/v2\/media?parent=10646"}],"wp:term":[{"taxonomy":"category","embeddable":true,"href":"https:\/\/www.notariosyregistradores.com\/web\/wp-json\/wp\/v2\/categories?post=10646"},{"taxonomy":"post_tag","embeddable":true,"href":"https:\/\/www.notariosyregistradores.com\/web\/wp-json\/wp\/v2\/tags?post=10646"}],"curies":[{"name":"wp","href":"https:\/\/api.w.org\/{rel}","templated":true}]}}