{"id":11419,"date":"2015-12-04T00:19:12","date_gmt":"2015-12-03T23:19:12","guid":{"rendered":"http:\/\/www.notariosyregistradores.com\/web\/?p=11419"},"modified":"2015-12-04T01:14:34","modified_gmt":"2015-12-04T00:14:34","slug":"organo-centralizado-de-los-registradores-para-la-prevencion-del-blanqueo","status":"publish","type":"post","link":"https:\/\/www.notariosyregistradores.com\/web\/normas\/concretas\/organo-centralizado-de-los-registradores-para-la-prevencion-del-blanqueo\/","title":{"rendered":"\u00d3rgano centralizado de los Registradores para la Prevenci\u00f3n del Blanqueo."},"content":{"rendered":"<h2 style=\"text-align: center;\">JFME<\/h2>\n<p style=\"text-align: justify;\">Orden ECC\/2402\/2015, de 11 de noviembre, por la que se crea el \u00d3rgano Centralizado de Prevenci\u00f3n del blanqueo de capitales y de la financiaci\u00f3n del terrorismo del Colegio de Registradores de la Propiedad, Mercantiles y de Bienes Muebles.<\/p>\n<p style=\"text-align: justify;\">La <strong>funci\u00f3n de los registradores<\/strong> en la lucha contra el blanqueo de capitales cambi\u00f3 radicalmente con la <a href=\"https:\/\/www.notariosyregistradores.com\/doctrina\/resumenes\/2010-blanqueo.htm\">Ley 10\/2010, de 28 de abril<\/a>, de prevenci\u00f3n del blanqueo de capitales y de la financiaci\u00f3n del terrorismo, pues, de meros colaboradores, pasaron a ser <strong>sujetos obligados<\/strong>.<\/p>\n<p style=\"text-align: justify;\">Esta condici\u00f3n determina la atribuci\u00f3n de una serie de <strong>obligaciones preventivas<\/strong> que cada uno de los registradores est\u00e1 obligado a cumplir a t\u00edtulo individual.<\/p>\n<p style=\"text-align: justify;\">La propia Ley 10\/2010 <a href=\"http:\/\/www.boe.es\/buscar\/act.php?id=BOE-A-2010-6737&amp;tn=1&amp;p=20131210&amp;vd=#a27\">prev\u00e9<\/a> que mediante Orden Ministerial pueda acordarse la constituci\u00f3n de <strong>\u00f3rganos centralizados de prevenci\u00f3n de las profesiones colegiadas<\/strong> sujetas a dicha ley.<\/p>\n<p style=\"text-align: justify;\">La <strong>creaci\u00f3n<\/strong> de \u00f3rganos centralizados de prevenci\u00f3n tiene por <strong>objeto<\/strong> intensificar y potenciar la colaboraci\u00f3n de las profesiones colegiadas con las autoridades judiciales, policiales y administrativas, permitiendo un mayor nivel de especializaci\u00f3n en estas tareas dentro del colectivo de sujetos obligados.<\/p>\n<p style=\"text-align: justify;\">Su creaci\u00f3n persigue un <strong>objetivo doble<\/strong>:<\/p>\n<p style=\"text-align: justify;\">&#8211; <strong>Facilitar el cumplimiento<\/strong> por parte de los sujetos individuales de la normativa preventiva, al contar con un \u00f3rgano especializado encargado de las funciones de tipo administrativo o procedimental y que, asimismo, canaliza las comunicaciones de operativa sospechosa, mejora su calidad y las agiliza.<\/p>\n<p style=\"text-align: justify;\">&#8211; <strong>Homogeneizar<\/strong> las medidas aplicadas por el colectivo, evitando potenciales interpretaciones divergentes sobre el alcance y significado de las obligaciones.<\/p>\n<p style=\"text-align: justify;\">Las amplias <strong>competencias<\/strong> de estos \u00f3rganos centralizados las determina el <a href=\"http:\/\/www.boe.es\/buscar\/act.php?id=BOE-A-2014-4742&amp;tn=1&amp;p=20140506&amp;vd=#a44\">art. 44<\/a> del <a href=\"https:\/\/www.notariosyregistradores.com\/doctrina\/resumenes\/2014-blanqueo-reglamento.htm\">RD 304\/2014, de 5 de mayo<\/a>.<\/p>\n<p style=\"text-align: justify;\"><strong>\u00c1mbito de aplicaci\u00f3n. <\/strong>Se aplica a <strong>todos los registradores<\/strong>, quienes <strong><em>deber\u00e1n seguir los procedimientos y exigencias en esta orden establecidos<\/em><\/strong> para cumplir con las obligaciones contenidas en la Ley 10\/2010 y en su Reglamento.<\/p>\n<p style=\"text-align: justify;\"><strong>\u00d3rgano Centralizado. <\/strong>El <strong><em>Colegio de Registradores<\/em><\/strong> constituir\u00e1 un \u00f3rgano centralizado de prevenci\u00f3n con la funci\u00f3n de promover y canalizar la colaboraci\u00f3n de los registradores con las autoridades judiciales, policiales y administrativas, de conformidad el <a href=\"http:\/\/www.boe.es\/buscar\/act.php?id=BOE-A-2010-6737&amp;tn=1&amp;p=20131210&amp;vd=#a27\">art. 27<\/a> citado. <strong><em>Todos los registradores se incorporan autom\u00e1ticamente<\/em><\/strong>, sin que tengan que hacer ning\u00fan tr\u00e1mite especial, a este \u00f3rgano.<\/p>\n<p style=\"text-align: justify;\"><strong>Director. <\/strong>Ser\u00e1 <strong><em>nombrado por la Junta de Gobierno del Colegio de Registradores<\/em><\/strong> debiendo ser una persona que re\u00fana condiciones de<strong> <em>experiencia t\u00e9cnica y profesional<\/em><\/strong> en esta materia, contando con formaci\u00f3n espec\u00edfica y experiencia de, al menos, <strong><em>cinco a\u00f1os<\/em><\/strong>, en tareas de prevenci\u00f3n. El Director ostentar\u00e1 con car\u00e1cter nato la condici\u00f3n de <strong><em>representante<\/em><\/strong> ante el <a href=\"http:\/\/www.sepblac.es\/espanol\/home_esp.htm\">SEPBLAC<\/a> (Servicio Ejecutivo de la Comisi\u00f3n).<\/p>\n<p style=\"text-align: justify;\"><strong>Operaciones que examinar\u00e1<\/strong>. Ser\u00e1n las <strong><em>remitidas<\/em><\/strong> para su an\u00e1lisis por los registradores o bien las detectadas <strong><em>de manera directa<\/em><\/strong> mediante el tratamiento de la informaci\u00f3n contenida en las bases de datos registrales.<\/p>\n<p style=\"text-align: justify;\">&#8211; Los <strong><em>registradores examinar\u00e1n con especial atenci\u00f3n<\/em><\/strong> cualquier hecho u operaci\u00f3n, con independencia de su cuant\u00eda, que, por su naturaleza, pueda estar relacionado con el blanqueo de capitales o la financiaci\u00f3n del terrorismo, rese\u00f1ando por <strong><em>escrito<\/em><\/strong> los resultados del examen. En particular, se fijar\u00e1n en toda operaci\u00f3n o pauta de comportamiento compleja, inusual o sin un prop\u00f3sito econ\u00f3mico o l\u00edcito aparente, o que presente indicios de simulaci\u00f3n o fraude.<\/p>\n<p style=\"text-align: justify;\">&#8211; Tambi\u00e9n deber\u00e1n <strong><em>facilitar<\/em><\/strong> al \u00f3rgano centralizado <strong><em>cualquier informaci\u00f3n<\/em><\/strong> que \u00e9ste les requiera para el ejercicio de su funci\u00f3n de examen.<\/p>\n<p style=\"text-align: justify;\">&#8211; El \u00f3rgano centralizado de prevenci\u00f3n mantendr\u00e1, durante un plazo de <strong>diez a\u00f1os<\/strong>, un registro pormenorizado de todas las operaciones que hayan sido objeto de examen especial.<\/p>\n<p style=\"text-align: justify;\"><strong>Comunicaci\u00f3n de operaciones. <\/strong>Si, tras su examen, existieran indicios o certeza de que el hecho u operaci\u00f3n est\u00e1 vinculado con el blanqueo de capitales o la financiaci\u00f3n del terrorismo, el <strong><em>director<\/em><\/strong> del \u00f3rgano centralizado de prevenci\u00f3n <strong><em>comunicar\u00e1 por escrito la operaci\u00f3n al Servicio Ejecutivo de la Comisi\u00f3n<\/em><\/strong>, en nombre y por cuenta, en su caso, del registrador que la hubiera remitido para su an\u00e1lisis.<\/p>\n<p style=\"text-align: justify;\">&#8211; El <strong><em>contenido m\u00ednimo<\/em><\/strong> es el del <a href=\"http:\/\/www.boe.es\/buscar\/act.php?id=BOE-A-2010-6737&amp;tn=1&amp;p=20131210&amp;vd=#a18\">art\u00edculo 18.2<\/a> de la Ley 10\/2010, de 28 de abril, indicando, asimismo, los datos de identificaci\u00f3n del registrador o registradores intervinientes.<\/p>\n<p style=\"text-align: justify;\">&#8211; El env\u00edo ser\u00e1, como regla general, <strong><em>telem\u00e1tico<\/em><\/strong>. Se deber\u00e1 asegurar la plena <strong><em>confidencialidad e integridad<\/em><\/strong> de la informaci\u00f3n transmitida.<\/p>\n<p style=\"text-align: justify;\"><strong>An\u00e1lisis de riesgo. <\/strong>El \u00f3rgano centralizado de prevenci\u00f3n realizar\u00e1 por escrito el an\u00e1lisis de los riesgos que, en esta materia, enfrenta la <strong><em>actividad desarrollada por los registradores<\/em><\/strong>. Atender\u00e1 a las caracter\u00edsticas de los intervinientes, las \u00e1reas geogr\u00e1ficas afectadas y los tipos de actos u operaciones concernidos y deber\u00e1 ser revisado peri\u00f3dicamente. Este an\u00e1lisis ser\u00e1 la base a partir de la cual se dise\u00f1en los <strong><em>procedimientos de control interno<\/em><\/strong> aplicables por los funcionarios colegiados y el \u00f3rgano centralizado de prevenci\u00f3n.<\/p>\n<p style=\"text-align: justify;\"><strong>Manual de procedimientos. <\/strong>Est\u00e1 dirigido a garantizar el cumplimiento por los registradores de sus obligaciones en esta materia, siendo su contenido m\u00ednimo el previsto en el <a href=\"http:\/\/www.boe.es\/buscar\/act.php?id=BOE-A-2014-4742&amp;tn=1&amp;p=20140506&amp;vd=#a33\">art. 33 del Reglamento<\/a>.<\/p>\n<p style=\"text-align: justify;\">&#8211; Se <strong><em>elaborar\u00e1<\/em><\/strong> y mantendr\u00e1 actualizado por el \u00f3rgano centralizado.<\/p>\n<p style=\"text-align: justify;\">&#8211; Deber\u00e1 ser <strong><em>aprobado<\/em><\/strong> por la Junta de Gobierno del Colegio de Registradores, que velar\u00e1, a trav\u00e9s del \u00f3rgano centralizado, para su <strong><em>aplicaci\u00f3n<\/em><\/strong>.<\/p>\n<p style=\"text-align: justify;\">&#8211; Deber\u00e1 estar <strong><em>siempre accesible y actualizado<\/em><\/strong> para su uso y consulta por parte de todos los registradores y su personal.<\/p>\n<p style=\"text-align: justify;\"><strong>Formaci\u00f3n. <\/strong>El servicio centralizado desarrollar\u00e1 un <strong><em>plan anual<\/em><\/strong> de acciones formativas, presenciales o telem\u00e1ticas, conectadas con un sistema de evaluaci\u00f3n, dirigidas a los registradores y a su personal, y enfocadas al conocimiento de las obligaciones legales vigentes, as\u00ed como de los procedimientos internos puestos en marcha para cumplir con aqu\u00e9llas.<\/p>\n<p style=\"text-align: justify;\"><strong>Supervisi\u00f3n. <\/strong>El \u00f3rgano centralizado de prevenci\u00f3n llevar\u00e1 a cabo <strong><em>acciones de inspecci\u00f3n<\/em><\/strong> respecto de los registradores, en los t\u00e9rminos establecidos en el <a href=\"http:\/\/www.boe.es\/buscar\/act.php?id=BOE-A-2014-4742&amp;tn=1&amp;p=20140506&amp;vd=#a44\">art\u00edculo 44.2.i) del Reglamento<\/a> (supervisar el cumplimiento de los <a href=\"http:\/\/www.boe.es\/buscar\/act.php?id=BOE-A-2010-6737&amp;tn=1&amp;p=20131210&amp;vd=#a26\">procedimientos de control interno<\/a>), siguiendo el plan anual de supervisi\u00f3n que deber\u00e1 aprobar la Junta de Gobierno del Colegio. Ello, sin perjuicio de las competencias del Servicio Ejecutivo de la Comisi\u00f3n.<\/p>\n<p style=\"text-align: justify;\"><strong>Deber de confidencialidad. <\/strong>Los registradores y los miembros del \u00f3rgano centralizado no revelar\u00e1n, <strong><em>ni al solicitante de la inscripci\u00f3n ni a terceros<\/em><\/strong>, el suministro de informaci\u00f3n al Servicio Ejecutivo de la Comisi\u00f3n, a petici\u00f3n de \u00e9ste, ni la realizaci\u00f3n de una comunicaci\u00f3n de operativa sospechosa o el hecho de estar realizando el proceso de examen especial. Esta exigencia se tendr\u00e1 en cuenta en el dise\u00f1o de los procedimientos internos.<\/p>\n<p style=\"text-align: justify;\"><strong>Ejecuci\u00f3n de medidas restrictivas y sanciones financieras internacionales. Art. 12<\/strong><\/p>\n<p style=\"text-align: justify;\">Las <strong>prohibiciones de disponer<\/strong> que afecten a bienes muebles e inmuebles, adoptadas al amparo de reglamentos de la Uni\u00f3n Europea de aplicaci\u00f3n directa en los pa\u00edses de la Uni\u00f3n Europea o acordadas por el Consejo de Ministros, en aplicaci\u00f3n del <a href=\"http:\/\/www.boe.es\/buscar\/act.php?id=BOE-A-2010-6737&amp;tn=1&amp;p=20131210&amp;vd=#a42\">art\u00edculo 42<\/a> de la Ley 10\/2010, se har\u00e1n constar en los correspondientes registros, por <strong><em>nota al margen de la inscripci\u00f3n de dominio<\/em><\/strong>, expresando el origen y contenido de la prohibici\u00f3n.<\/p>\n<p style=\"text-align: justify;\">Recogemos <strong>parte<\/strong> de este <a href=\"http:\/\/www.boe.es\/buscar\/act.php?id=BOE-A-2010-6737&amp;tn=1&amp;p=20131210&amp;vd=#a42\">art. 42<\/a>:<\/p>\n<p style=\"text-align: justify;\"><strong>Art\u00edculo\u00a042. Sanciones y contramedidas financieras internacionales.<\/strong><\/p>\n<p>1. Las sanciones financieras establecidas por las <strong>Resoluciones del Consejo de Seguridad de Naciones Unidas<\/strong> relativas a la prevenci\u00f3n y supresi\u00f3n del <strong><em>terrorismo<\/em><\/strong> y de la financiaci\u00f3n del terrorismo, y a la prevenci\u00f3n, supresi\u00f3n y disrupci\u00f3n de la proliferaci\u00f3n de <strong><em>armas de destrucci\u00f3n masiva<\/em><\/strong> y de su financiaci\u00f3n, ser\u00e1n de <strong><em>obligada aplicaci\u00f3n<\/em><\/strong> para cualquier persona f\u00edsica o jur\u00eddica en los t\u00e9rminos previstos por los <strong><em>reglamentos comunitarios<\/em><\/strong> o por <strong><em>acuerdo del Consejo de Ministros<\/em><\/strong>.<\/p>\n<p>2. Sin perjuicio del efecto directo de los reglamentos comunitarios, el <strong>Consejo de Ministros<\/strong> podr\u00e1 acordar la aplicaci\u00f3n de <strong><em>contramedidas financieras<\/em><\/strong> respecto de <strong><em>pa\u00edses terceros<\/em><\/strong> que supongan riesgos m\u00e1s elevados de blanqueo de capitales, financiaci\u00f3n del terrorismo o financiaci\u00f3n de la proliferaci\u00f3n de armas de destrucci\u00f3n masiva.<\/p>\n<p style=\"text-align: justify;\">El acuerdo de Consejo de Ministros, que podr\u00e1 adoptarse de forma aut\u00f3noma o en aplicaci\u00f3n de decisiones o recomendaciones de organizaciones, instituciones o grupos internacionales, <strong>podr\u00e1 imponer, entre otras, las siguientes contramedidas financieras:<\/strong><\/p>\n<p>a) <strong><em>Prohibir<\/em><\/strong>, limitar o condicionar los <strong><em>movimientos de capitales<\/em><\/strong> y sus correspondientes operaciones de cobro o pago, as\u00ed como las transferencias, de o hacia el pa\u00eds tercero o de nacionales o residentes del mismo.<\/p>\n<p>b) Someter a <strong><em>autorizaci\u00f3n<\/em><\/strong> previa los <strong><em>movimientos de capitales<\/em><\/strong> y sus correspondientes operaciones de cobro o pago, as\u00ed como las transferencias, de o hacia el pa\u00eds tercero o de nacionales o residentes del mismo.<\/p>\n<p>c) Acordar la <strong><em>congelaci\u00f3n o bloqueo<\/em><\/strong> de los <strong><em>fondos y recursos econ\u00f3micos<\/em><\/strong> cuya propiedad, tenencia o control corresponda a personas f\u00edsicas o jur\u00eddicas nacionales o residentes del pa\u00eds tercero.<\/p>\n<p>d) <strong><em>Prohibir la puesta a disposici\u00f3n de fondos o recursos econ\u00f3micos<\/em><\/strong> cuya propiedad, tenencia o control corresponda a personas f\u00edsicas o jur\u00eddicas nacionales o residentes del pa\u00eds tercero.<\/p>\n<p>g) <strong><em>Prohibir<\/em><\/strong>, limitar o condicionar el establecimiento o mantenimiento de <strong><em>filiales, sucursales<\/em><\/strong> u oficinas de representaci\u00f3n de las entidades financieras del pa\u00eds tercero.<\/p>\n<p style=\"text-align: justify;\">Por ejemplo, \u201cla congelaci\u00f3n o bloqueo de\u2026 recursos econ\u00f3micos cuya propiedad\u2026 corresponda a personas f\u00edsicas o jur\u00eddicas\u2026\u201d, prevista en la letra c), puede articularse a trav\u00e9s de una prohibici\u00f3n de disponer.<\/p>\n<p style=\"text-align: justify;\">La <strong><em>vigencia<\/em><\/strong> de la nota marginal ser\u00e1 la se\u00f1alada para la prohibici\u00f3n de disponer en la disposici\u00f3n o acuerdo en virtud de la cual se ha practicado y, en defecto de plazo, su duraci\u00f3n ser\u00e1 <strong><em>indeterminada<\/em><\/strong>, cancel\u00e1ndose cuando el nombre del titular registral desaparezca de la lista dictada al amparo del reglamento de la Uni\u00f3n Europea o cuando lo disponga el Consejo de Ministros que la orden\u00f3.<\/p>\n<p style=\"text-align: justify;\">El <strong><em>\u00f3rgano centralizado<\/em><\/strong> de prevenci\u00f3n comprobar\u00e1 peri\u00f3dicamente los <strong><em>listados <\/em><\/strong>de personas f\u00edsicas y jur\u00eddicas, contenidos en los reglamentos de la Uni\u00f3n Europea, cotej\u00e1ndolos con las bases de datos registrales.<\/p>\n<p style=\"text-align: justify;\">Si resultara que alguno de los nombres examinados aparece como titular de bienes inscritos, <strong><em>lo comunicar\u00e1 al Registro<\/em><\/strong> competente para que, en su caso, haga constar la referida nota marginal, o para su cancelaci\u00f3n, si se ha producido la baja del nombre en la lista.<\/p>\n<p style=\"text-align: justify;\">Igual comunicaci\u00f3n <strong><em>se<\/em><\/strong> realizar\u00e1 respecto a los <strong><em>Acuerdos del Consejo de Ministros<\/em><\/strong>, tanto para la pr\u00e1ctica como para la cancelaci\u00f3n de la nota marginal, sin perjuicio de su publicaci\u00f3n en el \u00abBolet\u00edn Oficial del Estado\u00bb.<\/p>\n<p style=\"text-align: justify;\">El <strong><em>Registro informar\u00e1<\/em><\/strong> al \u00f3rgano centralizado de prevenci\u00f3n de los <strong><em>asientos practicados<\/em><\/strong> o de su imposibilidad, a efectos de su comunicaci\u00f3n a la Subdirecci\u00f3n General de Inspecci\u00f3n y Control de Movimientos de Capitales e Infracciones Monetarias.<\/p>\n<p style=\"text-align: justify;\">Planteamos <strong>algunas cuestiones:<\/strong><\/p>\n<p style=\"text-align: justify;\">\u00a0<\/p>\n<p style=\"text-align: justify;\"><strong>1\u00ba.- Fuentes.<\/strong> \u00bfHay <strong><em>dos fuentes gen\u00e9ricas o tres<\/em><\/strong> para practicar esa nota marginal?<\/p>\n<p style=\"text-align: justify;\">&#8211; las prohibiciones adoptadas al amparo de <strong><em>reglamentos de la Uni\u00f3n Europea<\/em><\/strong> de aplicaci\u00f3n directa, desarrollados en listas de personas afectadas\u00a0<\/p>\n<p style=\"text-align: justify;\">&#8211; las acordadas por el <strong><em>Consejo de Ministros<\/em><\/strong>.<\/p>\n<p style=\"text-align: justify;\">Parece que las <strong><em>resoluciones de las Naciones Unidas <\/em><\/strong>no ser\u00e1n fuente directa, sino que deber\u00e1n estar vehiculizadas a trav\u00e9s de las dos fuentes indicadas por la redacci\u00f3n del <a href=\"http:\/\/www.boe.es\/buscar\/act.php?id=BOE-A-2010-6737&amp;tn=1&amp;p=20131210&amp;vd=#a42\">art 42.1<\/a> in fine de la Ley.<\/p>\n<p style=\"text-align: justify;\"><strong>2\u00ba.- Tipo de asiento. <\/strong>\u00bf<strong><em>Por qu\u00e9 nota marginal y no anotaci\u00f3n preventiva<\/em><\/strong> que es el asiento utilizado normalmente para estas prohibiciones? No parece que se vede el uso de la anotaci\u00f3n preventiva, prevista para las prohibiciones de origen administrativo en los arts. <a href=\"https:\/\/www.notariosyregistradores.com\/web\/normas\/ley-hipotecaria\/#a26\">26.2<\/a> y <a href=\"https:\/\/www.notariosyregistradores.com\/web\/normas\/ley-hipotecaria\/#a42\">42,4 de la Ley Hipotecaria<\/a> por el muy inferior rango de la Orden. Una anotaci\u00f3n se amoldar\u00eda m\u00e1s a la conveniencia de que tuviese una duraci\u00f3n determinada para evitar que se anquilose en el registro, m\u00e1xime si su cancelaci\u00f3n puede exigir nada menos que un Acuerdo del Consejo de Ministros.\u00a0Pero la Orden s\u00f3lo habla de nota marginal.<\/p>\n<p style=\"text-align: justify;\">3\u00ba.- <strong>\u00bfQui\u00e9n ha de instar la pr\u00e1ctica del asiento<\/strong>? Ser\u00e1 el servicio centralizado en cuanto a las personas que se encuentren en listas internacionales. Sin embargo, no se concreta respecto de los Acuerdos del Consejo de Ministros al usarse la forma reflexiva <em>\u201cse realizar\u00e1\u201d<\/em>. Parece l\u00f3gico que sea el mismo \u00f3rgano centralizado. Puede entenderse que el \u201cse\u201d est\u00e1 por dem\u00e1s.<\/p>\n<p style=\"text-align: justify;\">4\u00ba- <strong>\u00bfQu\u00e9 documento se presentar\u00e1?<\/strong> En el caso del Consejo de Ministros, habr\u00e1 de presentarse el traslado del Acuerdo. En el caso de que se encuentre la persona afectada en los listados, ser\u00e1 preciso un escrito del servicio centralizado que determine en qu\u00e9 normativa se basa para deducir que un integrante de ese listado tiene una prohibici\u00f3n gen\u00e9rica de disponer. En ambos casos, el registrador ha de realizar la correspondiente <strong>calificaci\u00f3n<\/strong> con las limitaciones derivadas de tratarse de un documento administrativo.<\/p>\n<p style=\"text-align: justify;\"><strong>Posibles Instrucciones. <\/strong>Se habilita a la Secretar\u00eda General del Tesoro y Pol\u00edtica Financiera para dictar Instrucciones para la aplicaci\u00f3n de lo previsto en esta orden.<\/p>\n<p style=\"text-align: justify;\">La presente orden entrar\u00e1 en vigor el <strong>16 de marzo de 2016<\/strong>.\u00a0<\/p>\n<h2 style=\"text-align: center;\"><strong><a href=\"http:\/\/www.boe.es\/diario_boe\/txt.php?id=BOE-A-2015-12350\">TEXTO DE LA ORDEN<\/a><\/strong><\/h2>\n<h2 style=\"text-align: center;\"><strong><a href=\"http:\/\/www.boe.es\/buscar\/act.php?id=BOE-A-2010-6737\" target=\"_blank\">LEY DE PREVENCI\u00d3N<\/a> \u00a0 \u00a0 \u00a0 <a href=\"https:\/\/www.notariosyregistradores.com\/doctrina\/resumenes\/2010-blanqueo.htm\">RESUMEN DE LA LEY<\/a><\/strong><\/h2>\n<h2 style=\"text-align: center;\"><strong><a href=\"http:\/\/www.boe.es\/buscar\/act.php?id=BOE-A-2014-4742\" target=\"_blank\">REGLAMENTO DE PREVENCI\u00d3N<\/a> \u00a0 \u00a0 \u00a0 <a href=\"https:\/\/www.notariosyregistradores.com\/doctrina\/resumenes\/2014-blanqueo-reglamento.htm\">RESUMEN DEL REGLAMENTO<\/a><\/strong><\/h2>\n<h2 style=\"text-align: center;\"><strong><a href=\"http:\/\/www.sepblac.es\/espanol\/home_esp.htm\" target=\"_blank\">SEPBLAC<\/a><\/strong><\/h2>\n<h2 style=\"text-align: center;\"><strong><a href=\"https:\/\/www.notariosyregistradores.com\/doctrina\/ARTICULOS\/2012-pagos-en-efectivo-2500-euros.htm\">LIMITACIONES DE PAGOS EN EFECTIVO<\/a><\/strong><\/h2>\n<h2 style=\"text-align: center;\"><strong><a href=\"https:\/\/www.notariosyregistradores.com\/doctrina\/ARTICULOS\/AntoniPerello\/blanqueo2.htm\" target=\"_blank\">ARCHIVO DE ANTONIO PERELL\u00d3<\/a><\/strong><\/h2>\n<h2 style=\"text-align: center;\"><strong><a href=\"https:\/\/www.notariosyregistradores.com\/CORTOS\/2013\/28-blanqueo-sentencia.htm\">SENTENCIA SOBRE ACTUACI\u00d3N NOTARIAL EN MATERIA DE BLANQUEO<\/a><\/strong><\/h2>\n<h2 style=\"text-align: center;\"><strong><a href=\"http:\/\/www.boe.es\/buscar\/act.php?id=BOE-A-2008-1627\">ORDEN\u00a0Orden EHA\/114\/2008 OBLIGACIONES NOTARIALES<\/a><\/strong><\/h2>\n<div id=\"attachment_11423\" style=\"width: 510px\" class=\"wp-caption aligncenter\"><a href=\"https:\/\/www.notariosyregistradores.com\/web\/wp-content\/uploads\/2015\/12\/Mondo\u00f1edo_Catedral.jpg\"><img loading=\"lazy\" decoding=\"async\" aria-describedby=\"caption-attachment-11423\" class=\"size-medium wp-image-11423\" src=\"https:\/\/www.notariosyregistradores.com\/web\/wp-content\/uploads\/2015\/12\/Mondo\u00f1edo_Catedral.jpg\" alt=\"Catedral de Mondo\u00f1edo (Lugo). Por Jose Luis Cernadas Iglesias.\" width=\"500\" height=\"390\" srcset=\"https:\/\/www.notariosyregistradores.com\/web\/wp-content\/uploads\/2015\/12\/Mondo\u00f1edo_Catedral.jpg 984w, https:\/\/www.notariosyregistradores.com\/web\/wp-content\/uploads\/2015\/12\/Mondo\u00f1edo_Catedral-300x234.jpg 300w, https:\/\/www.notariosyregistradores.com\/web\/wp-content\/uploads\/2015\/12\/Mondo\u00f1edo_Catedral-500x390.jpg 500w\" sizes=\"auto, (max-width: 500px) 100vw, 500px\" \/><\/a><p id=\"caption-attachment-11423\" class=\"wp-caption-text\">Catedral de Mondo\u00f1edo (Lugo). Por Jose Luis Cernadas Iglesias.<\/p><\/div>\n","protected":false},"excerpt":{"rendered":"<\/p>\n<p> <b><\/p>\n<p>Los registradores son sujetos obligados.<br \/>\n<\/b><\/p>\n<p><CENTER><\/p>\n<p><a href=\"https:\/\/www.notariosyregistradores.com\/web\/?p=11419\"><img loading=\"lazy\" decoding=\"async\" src=\"https:\/\/www.notariosyregistradores.com\/web\/wp-content\/uploads\/2015\/12\/Mondo\u00f1edo_Catedral.jpg\" width=\"500\" height=\"380\" align=\"middle\" alt=\"\" \/><\/CENTER><\/p>\n<p>Facilitar\u00e1 y agilizar\u00e1 el cumplimiento de las obligaciones de los registradores y homogeneizar\u00e1 criterios.<\/p>\n<p>Se recoge una at\u00edpica nota marginal de prohibici\u00f3n de disponer.<\/p>\n<p><a href=\u201dhttps:\/\/www.notariosyregistradores.com\/web\/?p=11419\u2033><\/p>\n<h2><strong> Seguir leyendo\u2026<\/h2>\n<p><\/strong><\/a><\/p>\n","protected":false},"author":10,"featured_media":11423,"comment_status":"open","ping_status":"closed","sticky":false,"template":"","format":"standard","meta":{"_bbp_topic_count":0,"_bbp_reply_count":0,"_bbp_total_topic_count":0,"_bbp_total_reply_count":0,"_bbp_voice_count":0,"_bbp_anonymous_reply_count":0,"_bbp_topic_count_hidden":0,"_bbp_reply_count_hidden":0,"_bbp_forum_subforum_count":0,"footnotes":""},"categories":[703],"tags":[501,2251,2254,2252,2253],"class_list":{"0":"post-11419","1":"post","2":"type-post","3":"status-publish","4":"format-standard","5":"has-post-thumbnail","7":"category-concretas","8":"tag-blanqueo","9":"tag-crab","10":"tag-mondonedo","11":"tag-prevencion-de-blanqueo-de-capitales","12":"tag-sujeto-obligado"},"_links":{"self":[{"href":"https:\/\/www.notariosyregistradores.com\/web\/wp-json\/wp\/v2\/posts\/11419","targetHints":{"allow":["GET"]}}],"collection":[{"href":"https:\/\/www.notariosyregistradores.com\/web\/wp-json\/wp\/v2\/posts"}],"about":[{"href":"https:\/\/www.notariosyregistradores.com\/web\/wp-json\/wp\/v2\/types\/post"}],"author":[{"embeddable":true,"href":"https:\/\/www.notariosyregistradores.com\/web\/wp-json\/wp\/v2\/users\/10"}],"replies":[{"embeddable":true,"href":"https:\/\/www.notariosyregistradores.com\/web\/wp-json\/wp\/v2\/comments?post=11419"}],"version-history":[{"count":0,"href":"https:\/\/www.notariosyregistradores.com\/web\/wp-json\/wp\/v2\/posts\/11419\/revisions"}],"wp:featuredmedia":[{"embeddable":true,"href":"https:\/\/www.notariosyregistradores.com\/web\/wp-json\/wp\/v2\/media\/11423"}],"wp:attachment":[{"href":"https:\/\/www.notariosyregistradores.com\/web\/wp-json\/wp\/v2\/media?parent=11419"}],"wp:term":[{"taxonomy":"category","embeddable":true,"href":"https:\/\/www.notariosyregistradores.com\/web\/wp-json\/wp\/v2\/categories?post=11419"},{"taxonomy":"post_tag","embeddable":true,"href":"https:\/\/www.notariosyregistradores.com\/web\/wp-json\/wp\/v2\/tags?post=11419"}],"curies":[{"name":"wp","href":"https:\/\/api.w.org\/{rel}","templated":true}]}}