{"id":11581,"date":"2015-12-10T19:00:58","date_gmt":"2015-12-10T18:00:58","guid":{"rendered":"http:\/\/www.notariosyregistradores.com\/web\/?p=11581"},"modified":"2024-03-14T20:19:31","modified_gmt":"2024-03-14T19:19:31","slug":"reglamento-del-premio-notarios-y-registradores","status":"publish","type":"post","link":"https:\/\/www.notariosyregistradores.com\/web\/esta-web\/premio-notarios-y-registradores\/reglamento-del-premio-notarios-y-registradores\/","title":{"rendered":"Reglamento del Premio Notarios y Registradores"},"content":{"rendered":"<p>&nbsp;<\/p>\n<h2 style=\"text-align: center;\"><strong>REGLAMENTO DEL PREMIO NOTARIOS Y REGISTRADORES<\/strong><\/h2>\n<p style=\"text-align: justify;\">\u00a0<\/p>\n<p style=\"text-align: justify;\"><span style=\"font-size: 12pt;\"><strong>Art\u00edculo 1. Denominaci\u00f3n.<\/strong><\/span><\/p>\n<p style=\"text-align: justify;\"><span style=\"font-size: 12pt;\">Se crea el Premio Notarios y Registradores, organizado por la p\u00e1gina web <a href=\"https:\/\/www.notariosyregistradores.com\">www.notariosyregistradores.com<\/a>.<\/span><\/p>\n<p style=\"text-align: justify;\">\u00a0<\/p>\n<p style=\"text-align: justify;\"><span style=\"font-size: 12pt;\"><strong>Art\u00edculo 2. Finalidades.<\/strong>\u00a0 El premio tiene como objetivos:<\/span><\/p>\n<p style=\"text-align: justify;\"><span style=\"font-size: 12pt;\">1\u00ba.- El reconocimiento p\u00fablico de la trayectoria profesional y humana y, en su caso, de la labor institucional de personas u organizaciones volcadas en ofrecer la aportaci\u00f3n de su trabajo a la sociedad.<\/span><\/p>\n<p style=\"text-align: justify;\"><span style=\"font-size: 12pt;\">2\u00ba.- Impulsar relaciones de colaboraci\u00f3n y cordialidad entre las distintas profesiones jur\u00eddicas.<\/span><\/p>\n<p style=\"text-align: justify;\"><span style=\"font-size: 12pt;\">3\u00ba.- Contribuir al conocimiento y difusi\u00f3n del Ideario de la web organizadora.<\/span><\/p>\n<p style=\"text-align: justify;\">\u00a0<\/p>\n<p style=\"text-align: justify;\"><span style=\"font-size: 12pt;\"><strong>Art\u00edculo 3. Personas u organizaciones elegibles.<\/strong><\/span><\/p>\n<p style=\"text-align: justify;\"><span style=\"font-size: 12pt;\">Podr\u00e1n ser premiadas todas aquellas cuya trayectoria profesional y vital o su labor institucional sea armoniosa con dichas finalidades.<\/span><\/p>\n<p style=\"text-align: justify;\"><span style=\"font-size: 12pt;\">No podr\u00e1 ser elegible un miembro activo del equipo de redacci\u00f3n de la web, mientras lo sea. Podr\u00e1 ser elegible un miembro de honor.<\/span><\/p>\n<p style=\"text-align: justify;\"><span style=\"font-size: 12pt;\"><strong>\u00a0<\/strong><\/span><\/p>\n<p style=\"text-align: justify;\"><span style=\"font-size: 12pt;\"><strong>Art\u00edculo 4. Comit\u00e9 Organizador.<\/strong><\/span><\/p>\n<p style=\"text-align: justify;\"><span style=\"font-size: 12pt;\">El Comit\u00e9 Organizador estar\u00e1 formado por cuatro miembros del equipo de redacci\u00f3n de la web o miembros de honor, procurando la paridad entre notarios y registradores.<\/span><\/p>\n<p style=\"text-align: justify;\"><span style=\"font-size: 12pt;\">Ser\u00e1n elegidos -preferiblemente en las Convenciones Anuales de las webs- por mayor\u00eda de votos entre los miembros del Equipo de Redacci\u00f3n y Miembros de Honor presentes y por un plazo de cuatro a\u00f1os con posibilidad de reelecci\u00f3n. Tambi\u00e9n pueden ser invitadas a formar parte del mismo -como miembros o como asesores- personas de reconocido prestigio profesional.<\/span><\/p>\n<p style=\"text-align: justify;\"><span style=\"font-size: 12pt;\">De entre ellos, el Equipo de Redacci\u00f3n nombrar\u00e1 un Presidente, un Vicepresidente y un Secretario, pudiendo ser cargos acumulables.<\/span><\/p>\n<p style=\"text-align: justify;\"><span style=\"font-size: 12pt;\"><strong>\u00a0<\/strong><\/span><\/p>\n<p style=\"text-align: justify;\"><span style=\"font-size: 12pt;\"><strong>Art\u00edculo 5. Procedimiento de elecci\u00f3n.<\/strong><\/span><\/p>\n<p style=\"text-align: justify;\"><span style=\"font-size: 12pt;\">En la p\u00e1gina web se anunciar\u00e1 la apertura del plazo de propuestas por parte de los usuarios de la web que tendr\u00e1 una duraci\u00f3n de un mes prorrogable por otro mes m\u00e1s en caso de que se estime necesario.<\/span><\/p>\n<p style=\"text-align: justify;\"><span style=\"font-size: 12pt;\">Las propuestas pueden ser p\u00fablicas o reservadas y se dirigir\u00e1n al Comit\u00e9 por correo electr\u00f3nico. Se presume el car\u00e1cter de p\u00fablicas, salvo que se indique lo contrario. En todo caso, el proponente ha de identificarse y alegar, aunque sea someramente, las razones de la propuesta.<\/span><\/p>\n<p style=\"text-align: justify;\"><span style=\"font-size: 12pt;\">El Comit\u00e9 se reserva la facultad de no hacer p\u00fablicas \u2013o retirar la publicaci\u00f3n- de todas o algunas de las propuestas, si circunstancias de prudencia as\u00ed lo aconsejan.<\/span><\/p>\n<p style=\"text-align: justify;\"><span style=\"font-size: 12pt;\">Entre las personas y organizaciones propuestas, en el a\u00f1o actual y en a\u00f1os anteriores, con candidatura validada, que hayan obtenido votos en alguna de las dos \u00faltimas ediciones, se proceder\u00e1 a la elecci\u00f3n por el Equipo de Redacci\u00f3n de la web y Miembros de Honor, mediante una o dos votaciones, hasta lograr que un candidato obtenga la mayor\u00eda absoluta de los votos. Cada miembro del Equipo de Redacci\u00f3n deber\u00e1 elegir, para que su votaci\u00f3n sea validada, un primer, segundo y tercer candidato, seg\u00fan este baremo: primer elegido por cada miembro, 3 puntos; segundo elegido, 2 puntos y tercer elegido, 1 punto.<\/span><\/p>\n<p style=\"text-align: justify;\"><span style=\"font-size: 12pt;\">En la primera votaci\u00f3n, se precisa para ser elegido obtener m\u00e1s del cincuenta por ciento de primeros puestos sobre los m\u00e1ximos posibles de las personas con derecho a voto. De no ser as\u00ed, pasar\u00e1n a la segunda ronda los dos candidatos con mayor puntuaci\u00f3n. Si hubiera igualdad, se atender\u00e1 subsidiariamente y de modo sucesivo al n\u00famero de primeros puestos, al n\u00famero de segundos puestos y al resultado de un sorteo.<\/span><\/p>\n<p style=\"text-align: justify;\"><span style=\"font-size: 12pt;\">En segunda ronda, cada votante tendr\u00e1 un solo voto no divisible. El elegido ser\u00e1 el que m\u00e1s votos obtenga. En caso de empate, se atender\u00e1 subsidiariamente y de modo sucesivo, dentro de los resultados de la primera ronda, a los votos obtenidos, al n\u00famero de primeros puestos y al n\u00famero de segundos puestos. En \u00faltima instancia, dirimir\u00e1 el Presidente del Comit\u00e9.<\/span><\/p>\n<p style=\"text-align: justify;\"><span style=\"font-size: 12pt;\">Cada ronda tendr\u00e1 una duraci\u00f3n m\u00e1xima de una semana desde que sea abierta por el Presidente.<\/span><\/p>\n<p style=\"text-align: justify;\"><span style=\"font-size: 12pt;\">El Premio se ofrecer\u00e1 a la persona elegida.<\/span><\/p>\n<p style=\"text-align: justify;\"><span style=\"font-size: 12pt;\">En caso de ser aceptado el Premio, ser\u00e1 proclamado el designado por el Comit\u00e9 Organizador y dado a conocer en la web.\u00a0\u00a0<\/span><\/p>\n<p style=\"text-align: justify;\"><span style=\"font-size: 12pt;\">En caso de no ser aceptado, el Premio quedar\u00e1 desierto, salvo que el Comit\u00e9 del Premio decida por unanimidad realizar nuevas votaciones entre el resto de candidatos. No se proclamar\u00e1 autom\u00e1ticamente al segundo clasificado.<\/span><\/p>\n<p style=\"text-align: justify;\"><span style=\"font-size: 12pt;\"><strong>\u00a0<\/strong><\/span><\/p>\n<p style=\"text-align: justify;\"><span style=\"font-size: 12pt;\"><strong>Art\u00edculo 6. Funciones del Comit\u00e9 Organizador.<\/strong><\/span><\/p>\n<p style=\"text-align: justify;\"><span style=\"font-size: 12pt;\">1\u00aa.- Recibir las propuestas de los usuarios y visitantes de <a href=\"https:\/\/www.notariosyregistradores.com\">www.notariosyregistradores.com<\/a> y validarlas.<\/span><\/p>\n<p style=\"text-align: justify;\"><span style=\"font-size: 12pt;\">2\u00aa.- Coordinar las votaciones que culminen en la elecci\u00f3n, hacer el ofrecimiento y proclamar al ganador, a trav\u00e9s de su Presidente.<\/span><\/p>\n<p style=\"text-align: justify;\"><span style=\"font-size: 12pt;\">3\u00aa.- Organizar la entrega del galard\u00f3n.<\/span><\/p>\n<p style=\"text-align: justify;\"><span style=\"font-size: 12pt;\">4\u00aa.- Desempe\u00f1ar las relaciones con los medios de comunicaci\u00f3n.<\/span><\/p>\n<p style=\"text-align: justify;\"><span style=\"font-size: 12pt;\">5\u00aa.- Interpretar el presente Reglamento.<\/span><\/p>\n<p style=\"text-align: justify;\"><span style=\"font-size: 12pt;\">6\u00aa.- Acordar, en su caso, realizar nuevas votaciones, si el designado declina el premio ofrecido.<\/span><\/p>\n<p style=\"text-align: justify;\"><span style=\"font-size: 12pt;\"><strong>\u00a0<\/strong><\/span><\/p>\n<p style=\"text-align: justify;\"><span style=\"font-size: 12pt;\"><strong>Art\u00edculo 7. Contenido del Premio.<\/strong><\/span><\/p>\n<p style=\"text-align: justify;\"><span style=\"font-size: 12pt;\">El Premio concedido tendr\u00e1 car\u00e1cter honor\u00edfico.<\/span><\/p>\n<p style=\"text-align: justify;\"><span style=\"font-size: 12pt;\">Los galardonados podr\u00e1n hacer constar en sus publicaciones, material impreso y p\u00e1ginas Web que han obtenido el presente Galard\u00f3n.<\/span><\/p>\n<p style=\"text-align: justify;\">\u00a0<\/p>\n<p style=\"text-align: justify;\"><span style=\"font-size: 12pt;\"><strong>Art\u00edculo 8. Entrega. <\/strong><\/span><\/p>\n<p style=\"text-align: justify;\"><span style=\"font-size: 12pt;\">La entrega podr\u00e1 realizarse durante el transcurso de la Convenci\u00f3n anual de <a href=\"https:\/\/www.notariosyregistradores.com\">www.notariosyregistradores.com<\/a> o en acto aparte. Se dar\u00e1 cumplida informaci\u00f3n de ella en la web organizadora.<\/span><\/p>\n<p style=\"text-align: justify;\">\u00a0<\/p>\n<p style=\"text-align: justify;\"><span style=\"font-size: 12pt;\"><strong>Art\u00edculo 9. Reforma del Reglamento.<\/strong><\/span><\/p>\n<p style=\"text-align: justify;\"><span style=\"font-size: 12pt;\">La reforma del presente Reglamento se acordar\u00e1 por el Equipo de Redacci\u00f3n, precisando para ello de mayor\u00eda absoluta de votos a favor entre sus miembros. Pueden realizarse la propuesta y votaci\u00f3n indistintamente por correo electr\u00f3nico, WhatsApp o durante el transcurso de la Convenci\u00f3n Anual.<\/span><\/p>\n<p style=\"text-align: justify;\">\u00a0<\/p>\n<h2 style=\"text-align: center;\"><a href=\"https:\/\/www.notariosyregistradores.com\/web\/category\/esta-web\/premio-notarios-y-registradores\/\">P\u00c1GINA PRINCIPAL DEL PREMIO<\/a><\/h2>\n<h2 style=\"text-align: center;\"><a href=\"https:\/\/www.notariosyregistradores.com\/web\/esta-web\/ideario\/ideario-de-esta-web\/\">IDEARIO DE LA WEB<\/a><\/h2>\n<h2 style=\"text-align: center;\"><a href=\"https:\/\/www.notariosyregistradores.com\/web\/category\/esta-web\/autores\/\">EQUIPO DE REDACCI\u00d3N<\/a><\/h2>\n<p style=\"text-align: justify;\">\u00a0<\/p>\n","protected":false},"excerpt":{"rendered":"<p>&nbsp; REGLAMENTO DEL PREMIO NOTARIOS Y REGISTRADORES \u00a0 Art\u00edculo 1. Denominaci\u00f3n. Se crea el Premio Notarios y Registradores, organizado por la p\u00e1gina web www.notariosyregistradores.com. \u00a0 Art\u00edculo 2. Finalidades.\u00a0 El premio tiene como objetivos: 1\u00ba.- El reconocimiento p\u00fablico de la trayectoria profesional y humana y, en su caso, de la labor institucional de personas u organizaciones [&hellip;]<\/p>\n","protected":false},"author":10,"featured_media":0,"comment_status":"open","ping_status":"closed","sticky":false,"template":"","format":"standard","meta":{"_bbp_topic_count":0,"_bbp_reply_count":0,"_bbp_total_topic_count":0,"_bbp_total_reply_count":0,"_bbp_voice_count":0,"_bbp_anonymous_reply_count":0,"_bbp_topic_count_hidden":0,"_bbp_reply_count_hidden":0,"_bbp_forum_subforum_count":0,"footnotes":""},"categories":[232],"tags":[2351,869,797,1561,2350],"class_list":{"0":"post-11581","1":"post","2":"type-post","3":"status-publish","4":"format-standard","6":"category-premio-notarios-y-registradores","7":"tag-equipo-de-redaccion","8":"tag-galardon","9":"tag-jose-angel-garcia-valdecasas","10":"tag-premio-notarios-y-registradores","11":"tag-reglamento-premio-notarios-y-registradores"},"_links":{"self":[{"href":"https:\/\/www.notariosyregistradores.com\/web\/wp-json\/wp\/v2\/posts\/11581","targetHints":{"allow":["GET"]}}],"collection":[{"href":"https:\/\/www.notariosyregistradores.com\/web\/wp-json\/wp\/v2\/posts"}],"about":[{"href":"https:\/\/www.notariosyregistradores.com\/web\/wp-json\/wp\/v2\/types\/post"}],"author":[{"embeddable":true,"href":"https:\/\/www.notariosyregistradores.com\/web\/wp-json\/wp\/v2\/users\/10"}],"replies":[{"embeddable":true,"href":"https:\/\/www.notariosyregistradores.com\/web\/wp-json\/wp\/v2\/comments?post=11581"}],"version-history":[{"count":1,"href":"https:\/\/www.notariosyregistradores.com\/web\/wp-json\/wp\/v2\/posts\/11581\/revisions"}],"predecessor-version":[{"id":114989,"href":"https:\/\/www.notariosyregistradores.com\/web\/wp-json\/wp\/v2\/posts\/11581\/revisions\/114989"}],"wp:attachment":[{"href":"https:\/\/www.notariosyregistradores.com\/web\/wp-json\/wp\/v2\/media?parent=11581"}],"wp:term":[{"taxonomy":"category","embeddable":true,"href":"https:\/\/www.notariosyregistradores.com\/web\/wp-json\/wp\/v2\/categories?post=11581"},{"taxonomy":"post_tag","embeddable":true,"href":"https:\/\/www.notariosyregistradores.com\/web\/wp-json\/wp\/v2\/tags?post=11581"}],"curies":[{"name":"wp","href":"https:\/\/api.w.org\/{rel}","templated":true}]}}