{"id":12106,"date":"2015-12-23T07:26:22","date_gmt":"2015-12-23T06:26:22","guid":{"rendered":"http:\/\/www.notariosyregistradores.com\/web\/?p=12106"},"modified":"2016-01-26T10:55:26","modified_gmt":"2016-01-26T09:55:26","slug":"vencimiento-por-disminucion-de-valor-de-la-garantia","status":"publish","type":"post","link":"https:\/\/www.notariosyregistradores.com\/web\/resoluciones\/francisco-sena\/muebles\/hipoteca-mobiliaria2\/vencimiento-por-disminucion-de-valor-de-la-garantia\/","title":{"rendered":"Vencimiento por disminuci\u00f3n de valor de la garant\u00eda"},"content":{"rendered":"<h1>HIPOTECA MOBILIARIA<\/h1>\n<p><!--\n\n<h2>Indice<\/h2>\n\n--><\/p>\n<p><strong><a href=\"#Vencimientoporgarantia\">Vencimiento por dimonuci\u00f3n de valor de la garant\u00eda<\/a><\/strong><\/p>\n<p>&nbsp;<\/p>\n<p><strong><a id=\"Vencimientoporgarantia\"><\/a>Vencimiento por disminuci\u00f3n de valor de la garant\u00eda<\/strong>.- El hecho de que el acreedor disponga, como medio de defensa y conservaci\u00f3n de su derecho, de la llamada acci\u00f3n de devastaci\u00f3n, no significa que no pueda pactarse la facultad de dar por vencido el cr\u00e9dito para el caso de disminuci\u00f3n de valor de la garant\u00eda. Admitido lo anterior y trat\u00e1ndose de una hipoteca mobiliaria con garant\u00eda de unas marcas comerciales, no hay ninguna raz\u00f3n que impida establecer dicha facultad para el caso de p\u00e9rdida de valor de las marcas, ponderando esa circunstancia mediante baremos de ventas o porcentajes que representen en el mercado los productos comercializados con ellas y acredit\u00e1ndose dichos extremos por un tercero ajeno a las partes.<\/p>\n<p><i>3 abril 2000<\/i><\/p>\n","protected":false},"excerpt":{"rendered":"<p>HIPOTECA MOBILIARIA Vencimiento por dimonuci\u00f3n de valor de la garant\u00eda &nbsp; Vencimiento por disminuci\u00f3n de valor de la garant\u00eda.- El hecho de que el acreedor disponga, como medio de defensa y conservaci\u00f3n de su derecho, de la llamada acci\u00f3n de devastaci\u00f3n, no significa que no pueda pactarse la facultad de dar por vencido el cr\u00e9dito [&hellip;]<\/p>\n","protected":false},"author":8,"featured_media":0,"comment_status":"open","ping_status":"closed","sticky":false,"template":"","format":"aside","meta":{"_bbp_topic_count":0,"_bbp_reply_count":0,"_bbp_total_topic_count":0,"_bbp_total_reply_count":0,"_bbp_voice_count":0,"_bbp_anonymous_reply_count":0,"_bbp_topic_count_hidden":0,"_bbp_reply_count_hidden":0,"_bbp_forum_subforum_count":0,"footnotes":""},"categories":[2444],"tags":[],"class_list":{"0":"post-12106","1":"post","2":"type-post","3":"status-publish","4":"format-aside","6":"category-hipoteca-mobiliaria2","7":"post_format-post-format-aside"},"_links":{"self":[{"href":"https:\/\/www.notariosyregistradores.com\/web\/wp-json\/wp\/v2\/posts\/12106","targetHints":{"allow":["GET"]}}],"collection":[{"href":"https:\/\/www.notariosyregistradores.com\/web\/wp-json\/wp\/v2\/posts"}],"about":[{"href":"https:\/\/www.notariosyregistradores.com\/web\/wp-json\/wp\/v2\/types\/post"}],"author":[{"embeddable":true,"href":"https:\/\/www.notariosyregistradores.com\/web\/wp-json\/wp\/v2\/users\/8"}],"replies":[{"embeddable":true,"href":"https:\/\/www.notariosyregistradores.com\/web\/wp-json\/wp\/v2\/comments?post=12106"}],"version-history":[{"count":0,"href":"https:\/\/www.notariosyregistradores.com\/web\/wp-json\/wp\/v2\/posts\/12106\/revisions"}],"wp:attachment":[{"href":"https:\/\/www.notariosyregistradores.com\/web\/wp-json\/wp\/v2\/media?parent=12106"}],"wp:term":[{"taxonomy":"category","embeddable":true,"href":"https:\/\/www.notariosyregistradores.com\/web\/wp-json\/wp\/v2\/categories?post=12106"},{"taxonomy":"post_tag","embeddable":true,"href":"https:\/\/www.notariosyregistradores.com\/web\/wp-json\/wp\/v2\/tags?post=12106"}],"curies":[{"name":"wp","href":"https:\/\/api.w.org\/{rel}","templated":true}]}}