{"id":12844,"date":"2016-01-07T21:44:27","date_gmt":"2016-01-07T20:44:27","guid":{"rendered":"http:\/\/www.notariosyregistradores.com\/web\/?p=12844"},"modified":"2022-03-07T11:18:18","modified_gmt":"2022-03-07T10:18:18","slug":"sabias-que-3","status":"publish","type":"post","link":"https:\/\/www.notariosyregistradores.com\/web\/resoluciones\/sabias-que-3\/","title":{"rendered":"\u00bfSab\u00edas que&#8230;? (3)"},"content":{"rendered":"<p style=\"text-align: center;\"><span style=\"font-size: 14pt;\"><strong><a href=\"https:\/\/www.notariosyregistradores.com\/web\/resoluciones\/sabias-que-3\/attachment\/strelitzia\/\"><img loading=\"lazy\" decoding=\"async\" class=\"alignleft\" src=\"https:\/\/www.notariosyregistradores.com\/web\/wp-content\/uploads\/2016\/01\/strelitzia.jpg\" alt=\"\" width=\"380\" height=\"253\" \/><\/a>\u00a0<\/strong><\/span><span style=\"font-size: 18pt;\"><strong>\u00a0<span style=\"font-size: 14pt; color: #0000ff;\">(del n\u00ba 714 al 1167)<\/span><\/strong><\/span><\/p>\n<p style=\"text-align: center;\"><a href=\"https:\/\/www.notariosyregistradores.com\/web\/resoluciones\/sabias-que-4\/\"><span style=\"font-size: 12pt;\"><strong>IR A SAB\u00cdAS QUE\u20264?\u00a0\u00a0(del n\u00ba 1168 en adelante)<\/strong><\/span><\/a><\/p>\n<p><span style=\"font-size: 8pt;\">\u00a0<\/span><\/p>\n<p style=\"text-align: center;\"><span style=\"font-size: 12pt;\"><strong><a href=\"https:\/\/www.notariosyregistradores.com\/web\/resoluciones\/sabias-que\/\">IR A SAB\u00cdAS QUE\u20262?\u00a0\u00a0(del n\u00ba 201 al 713)<\/a><\/strong><\/span><\/p>\n<p style=\"text-align: center;\"><span style=\"font-size: 12pt;\"><strong><a href=\"https:\/\/www.notariosyregistradores.com\/sabiasque2.htm\">IR A <\/a><a href=\"https:\/\/www.notariosyregistradores.com\/web\/resoluciones\/sabias-que-1\/\">SAB\u00cdAS QUE\u20261?<\/a>\u00a0\u00a0(del n\u00ba 1 al 200)<\/strong><\/span><\/p>\n<p style=\"text-align: center;\">\u00a0<\/p>\n<p><span style=\"font-size: 12pt;\">En este archivo se recogen asertos jur\u00eddicos o criterios asentados sobre temas muy concretos con un importante inter\u00e9s pr\u00e1ctico. En muchas ocasiones sintetizar\u00e1n la doctrina de la DGRN\/DGSJFP.<\/span><\/p>\n<p><span style=\"font-size: 12pt;\">Se acompa\u00f1a cada \u00abp\u00edldora\u00bb con enlaces dirigidos al lugar de donde procede la informaci\u00f3n.<\/span><\/p>\n<p><span style=\"font-size: 12pt;\"><i>Ha de tenerse en cuenta la fecha de publicaci\u00f3n de cada \u00edtem pues puede que el criterio haya variado con el tiempo. \u00a0<\/i><\/span><\/p>\n<h2 style=\"text-align: center;\">\u00a0<strong><span lang=\"es\">\u00a0(Accesibles desde el men\u00fa desplegable RESOLUCIONES y el de PR\u00c1CTICA)<\/span><\/strong><\/h2>\n<h2 style=\"text-align: justify;\"><strong>\u00bfSab\u00edas&#8230;\u00a0<\/strong><\/h2>\n<p style=\"text-align: center;\" align=\"justify\"><span style=\"font-size: 14pt;\"><strong>PUBLICADOS EN 2020 (del 1078 al 1167):<\/strong><\/span><\/p>\n<p class=\"style4\" align=\"justify\"><a id=\"s1167\"><\/a><img loading=\"lazy\" decoding=\"async\" class=\"\" src=\"https:\/\/www.notariosyregistradores.com\/images\/punto-colores.gif\" alt=\"https:\/\/www.notariosyregistradores.com\/images\/punto-colores.gif\" width=\"14\" height=\"14\" \/> 1167.- Que, aunque el <strong>concepto de consumidor<\/strong>, seg\u00fan el Tribunal Supremo es de interpretaci\u00f3n restrictiva, si se desea que la LCCI no sea de aplicaci\u00f3n a un pr\u00e9stamo hipotecario sobre un local, es preciso que la actividad de destino -empresarial o prefesional- deba de quedar clara en el t\u00edtulo, expresando <a href=\"https:\/\/www.notariosyregistradores.com\/web\/resoluciones\/por-meses\/resoluciones-direccion-general-de-los-registros-y-el-notariado-junio-2020\/#r100\"> su condici\u00f3n empresario, rama de actividad, alta fiscal, por ejemplo<\/a>?<\/p>\n<div id=\"attachment_78426\" style=\"width: 310px\" class=\"wp-caption alignright\"><a href=\"https:\/\/www.notariosyregistradores.com\/web\/notarios-y-registradores\/attachment\/nevada-valle_de_tena-huesca\/\"><img loading=\"lazy\" decoding=\"async\" aria-describedby=\"caption-attachment-78426\" class=\"size-full wp-image-78426\" src=\"https:\/\/www.notariosyregistradores.com\/web\/wp-content\/uploads\/2020\/12\/Nevada-Valle_de_Tena-Huesca-pq.jpg\" alt=\"\" width=\"300\" height=\"225\" \/><\/a><p id=\"caption-attachment-78426\" class=\"wp-caption-text\">Nevada en el Valle de Tena (Huesca) en diciembre de 2020.<\/p><\/div>\n<p class=\"style4\" align=\"justify\"><img loading=\"lazy\" decoding=\"async\" class=\"\" src=\"https:\/\/www.notariosyregistradores.com\/images\/punto-colores.gif\" alt=\"https:\/\/www.notariosyregistradores.com\/images\/punto-colores.gif\" width=\"14\" height=\"14\" \/> 1166.- Que, si el t\u00edtulo <strong>se puede despachar<\/strong> sobre una finca y no sobre otra, no se necesita solicitud expresa <a href=\"https:\/\/www.notariosyregistradores.com\/web\/resoluciones\/por-meses\/resoluciones-direccion-general-de-los-registros-y-el-notariado-noviembre-2019\/#r493\"> para hacerlo as\u00ed<\/a>?<\/p>\n<p class=\"style4\" align=\"justify\"><img loading=\"lazy\" decoding=\"async\" class=\"\" src=\"https:\/\/www.notariosyregistradores.com\/images\/punto-colores.gif\" alt=\"https:\/\/www.notariosyregistradores.com\/images\/punto-colores.gif\" width=\"14\" height=\"14\" \/> 1165.- Que cabe una cl\u00e1usula estatutaria que prevea <strong>votaciones secretas<\/strong> en la Junta General,<a href=\"https:\/\/www.notariosyregistradores.com\/web\/resoluciones\/por-meses\/resoluciones-direccion-general-seguridad-juridica-y-fe-publica-julio-2020\/#r199\"> siempre que incluya determinadas excepciones legales<\/a>?<\/p>\n<p class=\"style4\" align=\"justify\"><img loading=\"lazy\" decoding=\"async\" class=\"\" src=\"https:\/\/www.notariosyregistradores.com\/images\/punto-colores.gif\" alt=\"https:\/\/www.notariosyregistradores.com\/images\/punto-colores.gif\" width=\"14\" height=\"14\" \/> 1164.- Que, aunque, excepcionalmente, no se haya exigido la <strong>representaci\u00f3n gr\u00e1fica del resto<\/strong> resultante de una segregaci\u00f3n, la DG estima que puede ser necesaria dicha representaci\u00f3n gr\u00e1fica cuando se realice posteriormente alguna operaci\u00f3n sobre dicho resto <a href=\"https:\/\/www.notariosyregistradores.com\/web\/resoluciones\/por-meses\/resoluciones-direccion-general-de-los-registros-y-el-notariado-junio-2020\/#r158\"> como una transmisi\u00f3n<\/a>?<\/p>\n<p class=\"style4\" align=\"justify\"><img loading=\"lazy\" decoding=\"async\" class=\"\" src=\"https:\/\/www.notariosyregistradores.com\/images\/punto-colores.gif\" alt=\"https:\/\/www.notariosyregistradores.com\/images\/punto-colores.gif\" width=\"14\" height=\"14\" \/> 1163.- Que, para inscribir una <strong>compraventa a favor de persona casada en separaci\u00f3n de bienes<\/strong> pactada en capitulaciones, es preciso que se acredite la <a href=\"https:\/\/www.notariosyregistradores.com\/web\/resoluciones\/por-meses\/resoluciones-direccion-general-de-los-registros-y-el-notariado-junio-2020\/#r134\"> indicaci\u00f3n previa en el Registro Civil<\/a>?<\/p>\n<p class=\"style4\" align=\"justify\"><img loading=\"lazy\" decoding=\"async\" class=\"\" src=\"https:\/\/www.notariosyregistradores.com\/images\/punto-colores.gif\" alt=\"https:\/\/www.notariosyregistradores.com\/images\/punto-colores.gif\" width=\"14\" height=\"14\" \/> 1162.- Que, si la <strong>partici\u00f3n se ajusta a la cuota abstracta y a su valor<\/strong>, independientemente de c\u00f3mo se concrete en plenas propiedades, usufructos y nudas propiedades, a efectos fiscales se entiende que <a href=\"https:\/\/www.notariosyregistradores.com\/web\/secciones\/fiscal\/informes-mensuales-fiscal\/informe-actualidad-fiscal-julio-2020-particion-y-titulo-sucesorio-condonacion-y-reduccion-de-rentas-en-iva-e-irpf-aportacion-de-inmuebles-hipotecados\/#sentenciasucesiones\"> se acomoda al t\u00edtulo sucesorio y no hay ni exceso de adjudicaci\u00f3n ni convenci\u00f3n adicional<\/a>?<\/p>\n<p class=\"style4\" align=\"justify\"><a id=\"s1161\"><\/a><img loading=\"lazy\" decoding=\"async\" class=\"\" src=\"https:\/\/www.notariosyregistradores.com\/images\/punto-colores.gif\" alt=\"https:\/\/www.notariosyregistradores.com\/images\/punto-colores.gif\" width=\"14\" height=\"14\" \/> 1161.- Que la <strong>rehabilitaci\u00f3n<\/strong> de un edificio con destino a viviendas est\u00e1 exenta del seguro decenal si la licencia original es previa al a\u00f1o 2000, pero que no caben ampliaciones salvo que sean en zonas <a href=\"https:\/\/www.notariosyregistradores.com\/RESOLUCIONES\/2010-SEPTIEMBRE.htm#r105\"> que no correspondan a una parte habitable de las viviendas<\/a>?<\/p>\n<div id=\"attachment_77707\" style=\"width: 235px\" class=\"wp-caption alignleft\"><a href=\"https:\/\/www.notariosyregistradores.com\/web\/notarios-y-registradores\/attachment\/canon-rio_lobos-soria\/\"><img loading=\"lazy\" decoding=\"async\" aria-describedby=\"caption-attachment-77707\" class=\"size-full wp-image-77707\" src=\"https:\/\/www.notariosyregistradores.com\/web\/wp-content\/uploads\/2020\/11\/Canon-Rio_Lobos-Soria-pq.jpg\" alt=\"\" width=\"225\" height=\"300\" \/><\/a><p id=\"caption-attachment-77707\" class=\"wp-caption-text\">Santuario de aves rapaces en el Ca\u00f1\u00f3n del r\u00edo Lobos (Soria). Por JFME<\/p><\/div>\n<p class=\"style4\" align=\"justify\"><img loading=\"lazy\" decoding=\"async\" src=\"https:\/\/www.notariosyregistradores.com\/images\/punto-colores.gif\" alt=\"https:\/\/www.notariosyregistradores.com\/images\/punto-colores.gif\" width=\"14\" height=\"14\" \/> 1160.- Que no se ha de llevar a cabo solo por medios electr\u00f3nicos la <strong> comunicaci\u00f3n al demandado a\u00fan no personado<\/strong> en el procedimiento, pues el primer emplazamiento ha de ser en el domicilio, a pesar de la obligaci\u00f3n gen\u00e9rica que tienen las personas jur\u00eddicas -as\u00ed como <a href=\"https:\/\/www.boe.es\/buscar\/act.php?id=BOE-A-2000-323#a273\">notarios y registradores<\/a>, entre otros- de intervenir a trav\u00e9s de <a href=\"https:\/\/www.notariosyregistradores.com\/web\/practica\/jurisprudencia\/cronica-breve-de-tribunales-15-por-alvaro-martin-aumento-capital-citacion-electronica-a-sociedad\/#n3\">medios electr\u00f3nicos con la Administraci\u00f3n de Justicia<\/a>?<\/p>\n<p class=\"style4\" align=\"justify\"><img loading=\"lazy\" decoding=\"async\" src=\"https:\/\/www.notariosyregistradores.com\/images\/punto-colores.gif\" alt=\"https:\/\/www.notariosyregistradores.com\/images\/punto-colores.gif\" width=\"14\" height=\"14\" \/> 1159.- Que, cuando en el acta previa del <a href=\"https:\/\/www.notariosyregistradores.com\/web\/normas\/enriquecidas\/ley-reguladora-de-los-contratos-de-credito-inmobiliario\/#a15\"> art. 15 LCCI<\/a> ha intervenido el <strong>hipotecante no deudor<\/strong>, el notario ha de decirlo as\u00ed expresamente en <a href=\"https:\/\/www.notariosyregistradores.com\/web\/resoluciones\/por-meses\/resoluciones-direccion-general-de-los-registros-y-el-notariado-junio-2020\/#r108\"> la rese\u00f1a que debe constar en la escritura de pr\u00e9stamo hipotecario<\/a>?<\/p>\n<p class=\"style4\" align=\"justify\"><img loading=\"lazy\" decoding=\"async\" src=\"https:\/\/www.notariosyregistradores.com\/images\/punto-colores.gif\" alt=\"https:\/\/www.notariosyregistradores.com\/images\/punto-colores.gif\" width=\"14\" height=\"14\" \/> 1158.- Que la <strong>aportaci\u00f3n de inmuebles hipotecados<\/strong> en las constituciones y aumentos de capital societarios, cuando se asume la deuda hipotecaria, <a href=\"https:\/\/www.notariosyregistradores.com\/web\/secciones\/fiscal\/informes-mensuales-fiscal\/informe-actualidad-fiscal-julio-2020-particion-y-titulo-sucesorio-condonacion-y-reduccion-de-rentas-en-iva-e-irpf-aportacion-de-inmuebles-hipotecados\/#terceraparte\"> seg\u00fan el TS, queda sujeta a TPO y OS<\/a> (salvo si es una entrega de bienes sujeta y no exenta de IVA o sujeta y exenta con renuncia a la exenci\u00f3n)?<\/p>\n<p class=\"style4\" align=\"justify\"><img loading=\"lazy\" decoding=\"async\" src=\"https:\/\/www.notariosyregistradores.com\/images\/punto-colores.gif\" alt=\"https:\/\/www.notariosyregistradores.com\/images\/punto-colores.gif\" width=\"14\" height=\"14\" \/> 1157.- Que un <strong>aumento de capital<\/strong> por compensaci\u00f3n de cr\u00e9ditos, seg\u00fan la DG, es un aumento por aportaci\u00f3n no dineraria, y <a href=\"https:\/\/www.notariosyregistradores.com\/web\/resoluciones\/por-meses\/resoluciones-direccion-general-de-los-registros-y-el-notariado-junio-2020\/#r160\">no da lugar al derecho de suscripci\u00f3n preferente de los dem\u00e1s socios<\/a>?<\/p>\n<p class=\"style4\" align=\"justify\"><img loading=\"lazy\" decoding=\"async\" src=\"https:\/\/www.notariosyregistradores.com\/images\/punto-colores.gif\" alt=\"https:\/\/www.notariosyregistradores.com\/images\/punto-colores.gif\" width=\"14\" height=\"14\" \/> 1156.- Que la prohibici\u00f3n del <strong>pacto comisorio<\/strong> tambi\u00e9n es aplicable a toda suerte de negocios jur\u00eddicos, indirectos, simulados o fiduciarios, simples o complejos, que persigan fines de garant\u00eda por lo que la norma prohibitiva del <a href=\"https:\/\/www.notariosyregistradores.com\/web\/columna-izq\/codigo-civil-libro-cuarto-articulos-1538-al-1976\/#art1859\"> art\u00edculo 1859 CC<\/a> \u00a0se aplicar\u00e1 igualmente siempre que <a href=\"https:\/\/www.notariosyregistradores.com\/web\/resoluciones\/por-meses\/resoluciones-direccion-general-de-los-registros-y-el-notariado-junio-2020\/#r123\"> bajo estos esquemas contractuales se detecte una \u00abcausa garantiae\u00bb<\/a>?<\/p>\n<p class=\"style4\" align=\"justify\"><a id=\"s1155\"><\/a><img loading=\"lazy\" decoding=\"async\" src=\"https:\/\/www.notariosyregistradores.com\/images\/punto-colores.gif\" alt=\"https:\/\/www.notariosyregistradores.com\/images\/punto-colores.gif\" width=\"14\" height=\"14\" \/> 1155.- Que, tanto el Decreto que declara un <strong>estado de alarma como sus pr\u00f3rrogas,<\/strong> ha de considerarse que tienen rango legal <a href=\"https:\/\/www.notariosyregistradores.com\/web\/secciones\/doctrina\/articulos-doctrina\/aproximacion-al-regimen-legal-del-estado-de-alarma\/#ley\"> seg\u00fan la STC 83\/2016, de 28 de abril<\/a>?<\/p>\n<div id=\"attachment_76922\" style=\"width: 245px\" class=\"wp-caption alignright\"><a href=\"https:\/\/www.notariosyregistradores.com\/web\/wp-content\/uploads\/2020\/11\/Atienza-Igesia_de_San_Gil-Guadalajara.jpg\"><img loading=\"lazy\" decoding=\"async\" aria-describedby=\"caption-attachment-76922\" class=\"wp-image-76922 size-full\" src=\"https:\/\/www.notariosyregistradores.com\/web\/wp-content\/uploads\/2020\/11\/Atienza-Igesia_de_San_Gil-Guadalajara-pq.jpg\" alt=\"\" width=\"235\" height=\"300\" \/><\/a><p id=\"caption-attachment-76922\" class=\"wp-caption-text\">Iglesia de San Gil en Atienza (Guadalajara). JFME.<\/p><\/div>\n<p class=\"style4\" align=\"justify\"><img loading=\"lazy\" decoding=\"async\" src=\"https:\/\/www.notariosyregistradores.com\/images\/punto-colores.gif\" alt=\"https:\/\/www.notariosyregistradores.com\/images\/punto-colores.gif\" width=\"14\" height=\"14\" \/> 1154.- Que el nuevo Texto Refundido de la <strong>Ley Concursal<\/strong> permite a los letrados de la Administraci\u00f3n de Justicia <strong>cancelar cargas<\/strong> en el <a href=\"https:\/\/www.notariosyregistradores.com\/web\/secciones\/oficina-mercantil\/estudios-o-m\/primera-aproximacion-al-nuevo-texto-refundido-de-la-ley-concursal\/#c5\"> decreto de adjudicaci\u00f3n que apruebe el remate<\/a>?<\/p>\n<p class=\"style4\" align=\"justify\"><img loading=\"lazy\" decoding=\"async\" src=\"https:\/\/www.notariosyregistradores.com\/images\/punto-colores.gif\" alt=\"https:\/\/www.notariosyregistradores.com\/images\/punto-colores.gif\" width=\"14\" height=\"14\" \/> 1153.- Que la interpretaci\u00f3n de si una <strong>prohibici\u00f3n de disponer testamentaria<\/strong> es nula puede corresponder al conjunto de herederos y legitimarios, si son los \u00fanicos interesados, pero ello tiene grandes dificultades, tanto en discernir que sean los \u00fanicos interesados como si es o no perpetua, pues pueden perjudicar a personas, incluso no nacidas, dentro de las hasta dos pr\u00f3ximas generaciones, <a class=\"style2\" href=\"https:\/\/www.notariosyregistradores.com\/RESOLUCIONES\/2005-NOVIEMBRE.htm#r428\"> incumpliendo la voluntad del causante<\/a>?<\/p>\n<p class=\"style4\" align=\"justify\"><img loading=\"lazy\" decoding=\"async\" src=\"https:\/\/www.notariosyregistradores.com\/images\/punto-colores.gif\" alt=\"https:\/\/www.notariosyregistradores.com\/images\/punto-colores.gif\" width=\"14\" height=\"14\" \/> 1152.- Que los <strong>pactos parasociales<\/strong> suscritos por la sociedad con un tercero s\u00f3lo obligan a los que los suscribieron, por lo que, si esos pactos no fueron trasladados, de alg\u00fan modo, a los estatutos de la sociedad, los mismos en ning\u00fan caso pueden obligar a los <a href=\"https:\/\/www.notariosyregistradores.com\/web\/secciones\/oficina-mercantil\/informes-mensuales-o-m\/informe-mercantil-mayo-de-2020-resoluciones-auditores-y-expertos-pactos-parasociales-sustitucion-liquidador\/#parasociales\"> sucesivos adquirentes de las participaciones sociales<\/a>?<\/p>\n<p class=\"style4\" align=\"justify\"><img loading=\"lazy\" decoding=\"async\" src=\"https:\/\/www.notariosyregistradores.com\/images\/punto-colores.gif\" alt=\"https:\/\/www.notariosyregistradores.com\/images\/punto-colores.gif\" width=\"14\" height=\"14\" \/> 1151.- Que, para determinar el <strong>ajuar familiar<\/strong>, a efectos de incorporar el 3% a la base imponible del Impuesto sobre Sucesiones, se ha de calcular exclusivamente sobre los bienes del caudal relicto que puedan afectarse al uso particular o personal del causante, como la vivienda habitual u otra no arrendada, <a href=\"https:\/\/www.notariosyregistradores.com\/web\/secciones\/fiscal\/informes-mensuales-fiscal\/informe-actualidad-fiscal-mayo-2020-determinacion-ajuar-isd-plazos-isd-e-itp-algoritmo-plusvalia-municipal\/#AJUAR\"> con exclusi\u00f3n de todos los dem\u00e1s<\/a>?<\/p>\n<p class=\"style4\" align=\"justify\"><img loading=\"lazy\" decoding=\"async\" src=\"https:\/\/www.notariosyregistradores.com\/images\/punto-colores.gif\" alt=\"https:\/\/www.notariosyregistradores.com\/images\/punto-colores.gif\" width=\"14\" height=\"14\" \/> 1150.- Que, para inmatricular una <strong>finca discontinua<\/strong> ha de tratarse como una sola, con expresi\u00f3n de la relaci\u00f3n funcional de las porciones y ser coincidente el conjunto <a href=\"https:\/\/www.notariosyregistradores.com\/web\/resoluciones\/por-meses\/resoluciones-direccion-general-seguridad-juridica-y-fe-publica-julio-2020\/#r280\"> con la representaci\u00f3n gr\u00e1fica catastral<\/a>?<\/p>\n<p class=\"style4\" align=\"justify\"><a id=\"s1149\"><\/a><img loading=\"lazy\" decoding=\"async\" src=\"https:\/\/www.notariosyregistradores.com\/images\/punto-colores.gif\" alt=\"https:\/\/www.notariosyregistradores.com\/images\/punto-colores.gif\" width=\"14\" height=\"14\" \/> 1149.- Que no es posible la segregaci\u00f3n de una <strong>finca<\/strong> por debajo de la unidad m\u00ednima de cultivo pese a estar <strong>dividida por una carretera<\/strong>, si no existe informe favorable <a href=\"https:\/\/www.notariosyregistradores.com\/web\/resoluciones\/por-meses\/resoluciones-direccion-general-de-los-registros-y-el-notariado-marzo-2020\/#r30\"> de la Administraci\u00f3n Agraria competente<\/a>?<\/p>\n<div id=\"attachment_76143\" style=\"width: 310px\" class=\"wp-caption alignleft\"><a href=\"https:\/\/www.notariosyregistradores.com\/web\/biescas-vista-huesca\/\"><img loading=\"lazy\" decoding=\"async\" aria-describedby=\"caption-attachment-76143\" class=\"size-full wp-image-76143\" src=\"https:\/\/www.notariosyregistradores.com\/web\/wp-content\/uploads\/2020\/10\/Biescas-vista-Huesca-pq.jpg\" alt=\"\" width=\"300\" height=\"212\" \/><\/a><p id=\"caption-attachment-76143\" class=\"wp-caption-text\">Vista de Biescas (Huesca). Por JFME<\/p><\/div>\n<p class=\"style4\" align=\"justify\"><img loading=\"lazy\" decoding=\"async\" src=\"https:\/\/www.notariosyregistradores.com\/images\/punto-colores.gif\" alt=\"https:\/\/www.notariosyregistradores.com\/images\/punto-colores.gif\" width=\"14\" height=\"14\" \/> 1148.- Que el concepto de vivienda habitual del <a href=\"https:\/\/www.notariosyregistradores.com\/web\/columna-izq\/codigo-civil-libro-cuarto-articulos-1088-al-1537\/#art1320\"> art. 1320 del C\u00f3digo Civil<\/a> ha de referirse a <strong>vivienda habitual familiar<\/strong>, existiendo casos en que no coincida con la vivienda habitual <a href=\"https:\/\/www.notariosyregistradores.com\/web\/resoluciones\/por-meses\/resoluciones-direccion-general-de-los-registros-y-el-notariado-octubre-2018\/#r404\"> de uno solo de los c\u00f3nyuges<\/a>?<\/p>\n<p class=\"style4\" align=\"justify\"><img loading=\"lazy\" decoding=\"async\" src=\"https:\/\/www.notariosyregistradores.com\/images\/punto-colores.gif\" alt=\"https:\/\/www.notariosyregistradores.com\/images\/punto-colores.gif\" width=\"14\" height=\"14\" \/> 1147.- Que las <strong>comunidades de regantes<\/strong> son corporaciones de derecho p\u00fablico, cuyo representante legal es el Presidente, que requiere, para otorgar documentos de financiaci\u00f3n de proyectos de obras, certificado acreditativo de la aprobaci\u00f3n por la <a href=\"https:\/\/www.notariosyregistradores.com\/web\/secciones\/doctrina\/articulos-doctrina\/representacion-de-las-comunidades-de-regantes\/#conclusiones\"> Junta General o Asamblea de comuneros<\/a>?<\/p>\n<p class=\"style4\" align=\"justify\"><img loading=\"lazy\" decoding=\"async\" src=\"https:\/\/www.notariosyregistradores.com\/images\/punto-colores.gif\" alt=\"https:\/\/www.notariosyregistradores.com\/images\/punto-colores.gif\" width=\"14\" height=\"14\" \/> 1146.- Que se pueden ver las consecuencias fiscales de una <strong>aportaci\u00f3n de inmuebles a una sociedad<\/strong> en el IRPF, IVA y Plusval\u00eda Municipal en esta did\u00e1ctica <a href=\"https:\/\/www.notariosyregistradores.com\/web\/secciones\/fiscal\/informes-mensuales-fiscal\/informe-actualidad-fiscal-abril-2020-plazos-isd-itp-y-ajd-plusvalia-municipal-crisis-covid-19\/#aportaciondeinmuebles\"> consulta de la Direcci\u00f3n General de Tributos<\/a>?<\/p>\n<p class=\"style4\" align=\"justify\"><img loading=\"lazy\" decoding=\"async\" src=\"https:\/\/www.notariosyregistradores.com\/images\/punto-colores.gif\" alt=\"https:\/\/www.notariosyregistradores.com\/images\/punto-colores.gif\" width=\"14\" height=\"14\" \/> 1145.- Que, si el <strong>administrador o apoderado<\/strong> persona jur\u00eddica es <strong>absorbido<\/strong>, puede entenderse que se extingue su cargo o poder por desaparecer su personalidad jur\u00eddica, lo que es equivalente a la <a href=\"https:\/\/www.notariosyregistradores.com\/web\/columna-izq\/codigo-civil-libro-cuarto-articulos-1538-al-1976\/#art1732\"> muerte de la persona f\u00edsica<\/a>, pero que tambi\u00e9n existen <a href=\"https:\/\/www.notariosyregistradores.com\/web\/secciones\/oficina-mercantil\/estudios-o-m\/sucesion-en-el-cargo-de-administrador-que-desempenaba-una-sociedad-absorbida\/\">argumentos para sostener que la absorbente ocupe el cargo, al menos temporalmente<\/a>?<\/p>\n<p class=\"style4\" align=\"justify\"><img loading=\"lazy\" decoding=\"async\" src=\"https:\/\/www.notariosyregistradores.com\/images\/punto-colores.gif\" alt=\"https:\/\/www.notariosyregistradores.com\/images\/punto-colores.gif\" width=\"14\" height=\"14\" \/> 1144.- Que el <strong>arrendamiento hasta 6 a\u00f1os<\/strong> es un acto de administraci\u00f3n y, por m\u00e1s de 6 a\u00f1os un acto de disposici\u00f3n, aunque su comienzo est\u00e9 sujeto a t\u00e9rmino y <a href=\"https:\/\/www.notariosyregistradores.com\/web\/resoluciones\/por-meses\/resoluciones-direccion-general-de-los-registros-y-el-notariado-abril-2020\/#r62\">se inicie inmediatamente despu\u00e9s del fin de otro preexistente<\/a>?<\/p>\n<p class=\"style4\" align=\"justify\"><a id=\"s1143\"><\/a><img loading=\"lazy\" decoding=\"async\" src=\"https:\/\/www.notariosyregistradores.com\/images\/punto-colores.gif\" alt=\"https:\/\/www.notariosyregistradores.com\/images\/punto-colores.gif\" width=\"14\" height=\"14\" \/> 1143.- Que la modificaci\u00f3n de los Estatutos de la propiedad horizontal para permitir expresamente la <strong>actividad de alquiler vacacional<\/strong> requiere de unanimidad, pues la mayor\u00eda reforzada de 3\/5 s\u00f3lo es aplicable <a href=\"https:\/\/www.notariosyregistradores.com\/web\/resoluciones\/por-meses\/resoluciones-direccion-general-de-los-registros-y-el-notariado-marzo-2020\/#r45\"> para limitar dicha actividad<\/a>?<\/p>\n<div id=\"attachment_75370\" style=\"width: 310px\" class=\"wp-caption alignright\"><a href=\"https:\/\/www.notariosyregistradores.com\/web\/notarios-y-registradores\/attachment\/valderrobles-teruel\/\"><img loading=\"lazy\" decoding=\"async\" aria-describedby=\"caption-attachment-75370\" class=\"size-full wp-image-75370\" src=\"https:\/\/www.notariosyregistradores.com\/web\/wp-content\/uploads\/2020\/09\/Valderrobles-Teruel-pq.jpg\" alt=\"\" width=\"300\" height=\"225\" \/><\/a><p id=\"caption-attachment-75370\" class=\"wp-caption-text\">Valderrobres (Teruel). Por JFME.<\/p><\/div>\n<p class=\"style4\" align=\"justify\"><img loading=\"lazy\" decoding=\"async\" src=\"https:\/\/www.notariosyregistradores.com\/images\/punto-colores.gif\" alt=\"https:\/\/www.notariosyregistradores.com\/images\/punto-colores.gif\" width=\"14\" height=\"14\" \/> 1142.- Que un <strong>permalink ELI<\/strong>, usado por el BOE es un est\u00e1ndar europeo de identificaci\u00f3n y descripci\u00f3n de la normativa publicada en los diarios y las bases de datos oficiales, que permite acceder online a la legislaci\u00f3n en un formato normalizado, de manera que pueda localizarse, intercambiarse y reutilizarse <a href=\"https:\/\/boe.es\/legislacion\/eli.php\">por encima de las fronteras<\/a>?<\/p>\n<p class=\"style4\" align=\"justify\"><img loading=\"lazy\" decoding=\"async\" src=\"https:\/\/www.notariosyregistradores.com\/images\/punto-colores.gif\" alt=\"https:\/\/www.notariosyregistradores.com\/images\/punto-colores.gif\" width=\"14\" height=\"14\" \/> 1141.- Que, como regla general, no cabe utilizar el procedimiento del <a href=\"https:\/\/www.notariosyregistradores.com\/web\/normas\/ley-hipotecaria\/#a199\"> art\u00edculo 199 LH<\/a> para\u00a0fincas que proceden de una <strong>concentraci\u00f3n parcelaria<\/strong> salvo que sea patente la discrepancia entre la representaci\u00f3n gr\u00e1fica que surge de la concentraci\u00f3n y la descripci\u00f3n literaria <a href=\"https:\/\/www.notariosyregistradores.com\/web\/resoluciones\/por-meses\/resoluciones-direccion-general-de-los-registros-y-el-notariado-noviembre-2019\/#r514\"> en el registro de la finca de reemplazo<\/a>?<\/p>\n<p class=\"style4\" align=\"justify\"><img loading=\"lazy\" decoding=\"async\" src=\"https:\/\/www.notariosyregistradores.com\/images\/punto-colores.gif\" alt=\"https:\/\/www.notariosyregistradores.com\/images\/punto-colores.gif\" width=\"14\" height=\"14\" \/> 1140.- Que la atribuci\u00f3n del derecho de voto a unas participaciones gananciales hecha por su titular al otro c\u00f3nyuge, no convierte a la <strong>sociedad en unipersonal<\/strong>, por lo que el c\u00f3nyuge ejerciente de todo el derecho de voto <a href=\"https:\/\/www.notariosyregistradores.com\/web\/resoluciones\/por-meses\/resoluciones-direccion-general-de-los-registros-y-el-notariado-marzo-2020\/#r52\"> no tiene la condici\u00f3n de socio \u00fanico<\/a>?<\/p>\n<p class=\"style4\" align=\"justify\"><img loading=\"lazy\" decoding=\"async\" src=\"https:\/\/www.notariosyregistradores.com\/images\/punto-colores.gif\" alt=\"https:\/\/www.notariosyregistradores.com\/images\/punto-colores.gif\" width=\"14\" height=\"14\" \/> 1139.- Que la certificaci\u00f3n catastral es documento h\u00e1bil para acreditar un <strong>cambio de naturaleza entre r\u00fastica y urbana<\/strong> <a href=\"https:\/\/www.notariosyregistradores.com\/web\/resoluciones\/por-meses\/resoluciones-direccion-general-de-los-registros-y-el-notariado-diciembre-2019\/#r561\">si existe correspondencia entre la finca registral y la parcela catastral<\/a>?<\/p>\n<p class=\"style4\" align=\"justify\"><img loading=\"lazy\" decoding=\"async\" src=\"https:\/\/www.notariosyregistradores.com\/images\/punto-colores.gif\" alt=\"https:\/\/www.notariosyregistradores.com\/images\/punto-colores.gif\" width=\"14\" height=\"14\" \/> 1138.- Que la <strong>sustituci\u00f3n fideicomisaria<\/strong> (sea o no de residuo) y el <strong>derecho de transmisi\u00f3n<\/strong> tienen \u00e1mbitos diferentes, habiendo ya definido el causante inicial, en el primer caso, el destino sucesivo de los bienes, que ha de ser respetado <a href=\"https:\/\/www.notariosyregistradores.com\/web\/resoluciones\/por-meses\/resoluciones-direccion-general-de-los-registros-y-el-notariado-marzo-2020\/#r40\"> dentro de los l\u00edmites del C\u00f3digo Civil<\/a>?<\/p>\n<p class=\"style4\" align=\"justify\"><a id=\"s1137\"><\/a><img loading=\"lazy\" decoding=\"async\" src=\"https:\/\/www.notariosyregistradores.com\/images\/punto-colores.gif\" alt=\"https:\/\/www.notariosyregistradores.com\/images\/punto-colores.gif\" width=\"14\" height=\"14\" \/> 1137.- Que los supuestos de doble inmatriculaci\u00f3n en fincas de <strong>concentraci\u00f3n parcelaria<\/strong> s\u00f3lo pueden intentarse solucionar por la v\u00eda del <strong><a href=\"https:\/\/www.notariosyregistradores.com\/web\/normas\/ley-hipotecaria\/#a209\"> art\u00edculo 209 LH<\/a><\/strong>, si el registrador aprecia previamente la coincidencia total o parcial de las fincas de origen y de reemplazo, <a href=\"https:\/\/www.notariosyregistradores.com\/web\/resoluciones\/por-meses\/resoluciones-direccion-general-de-los-registros-y-el-notariado-enero-2020\/#r5\">debiendo prestar su <strong>consentimientos todos los interesados<\/strong><\/a><strong>?<\/strong><\/p>\n<div id=\"attachment_74624\" style=\"width: 310px\" class=\"wp-caption alignleft\"><a href=\"https:\/\/www.notariosyregistradores.com\/web\/notarios-y-registradores\/attachment\/la_palma-barco_de_la_virgen\/\"><img loading=\"lazy\" decoding=\"async\" aria-describedby=\"caption-attachment-74624\" class=\"size-full wp-image-74624\" src=\"https:\/\/www.notariosyregistradores.com\/web\/wp-content\/uploads\/2020\/08\/La_Palma-Barco_de_la_Virgen-pq.jpg\" alt=\"\u00bfSab\u00edas qu...? Del 1132 al 1137.\" width=\"300\" height=\"225\" \/><\/a><p id=\"caption-attachment-74624\" class=\"wp-caption-text\">Barco de La Virgen en Santa Cruz de la Palma. Por JFME.<\/p><\/div>\n<p class=\"style4\" align=\"justify\"><img loading=\"lazy\" decoding=\"async\" src=\"https:\/\/www.notariosyregistradores.com\/images\/punto-colores.gif\" alt=\"https:\/\/www.notariosyregistradores.com\/images\/punto-colores.gif\" width=\"14\" height=\"14\" \/> 1136.- Que el <strong>libro registro de socios<\/strong> tan s\u00f3lo tutela el inter\u00e9s de los consocios\u00a0en sus relaciones corporativas con la sociedad (derecho a examen y a obtener certificaci\u00f3n) pero que la Ley no\u00a0asegura el acceso a su contenido <strong><a href=\"https:\/\/www.notariosyregistradores.com\/web\/secciones\/oficina-mercantil\/estudios-o-m\/la-transparencia-de-las-participaciones-de-las-sociedades-de-responsabilidad-limitada\/#libroregistro\"> por terceros extra\u00f1os a la sociedad<\/a><\/strong>?<\/p>\n<p class=\"style4\" align=\"justify\"><img loading=\"lazy\" decoding=\"async\" src=\"https:\/\/www.notariosyregistradores.com\/images\/punto-colores.gif\" alt=\"https:\/\/www.notariosyregistradores.com\/images\/punto-colores.gif\" width=\"14\" height=\"14\" \/> 1135.- Que, al <strong>ejecutar una hipoteca por el procedimiento ejecutivo ordinario<\/strong>, se ha de practicar anotaci\u00f3n de embargo, poniendo, adem\u00e1s, nota la margen de la hipoteca y que la preferencia sobre cargas intermedias ser\u00e1 \u00fanicamente por la <strong><a href=\"https:\/\/www.notariosyregistradores.com\/web\/resoluciones\/por-meses\/resoluciones-direccion-general-de-los-registros-y-el-notariado-enero-2020\/#r6\"> inicial responsabilidad hipotecaria<\/a><\/strong>?<\/p>\n<p class=\"style4\" align=\"justify\"><img loading=\"lazy\" decoding=\"async\" src=\"https:\/\/www.notariosyregistradores.com\/images\/punto-colores.gif\" alt=\"https:\/\/www.notariosyregistradores.com\/images\/punto-colores.gif\" width=\"14\" height=\"14\" \/> 1134.- Que es posible <strong>inmatricular s\u00f3lo alguno de los elementos de la propiedad horizontal<\/strong> siempre que se aporte la divisi\u00f3n horizontal del edificio completo, cuyo solar ha de coincidir con el certificado catastral y, en su caso, acreditar las exigencias de <strong><a href=\"https:\/\/www.notariosyregistradores.com\/web\/resoluciones\/por-meses\/resoluciones-direccion-general-de-los-registros-y-el-notariado-marzo-2020\/#r32\">una declaraci\u00f3n de obra<\/a><\/strong>?<\/p>\n<p class=\"style4\" align=\"justify\"><img loading=\"lazy\" decoding=\"async\" src=\"https:\/\/www.notariosyregistradores.com\/images\/punto-colores.gif\" alt=\"https:\/\/www.notariosyregistradores.com\/images\/punto-colores.gif\" width=\"14\" height=\"14\" \/> 1133.- Que la diferencia fundamental entre las <strong>entidades financieras de cr\u00e9dito<\/strong> y las entidades de cr\u00e9dito radica en que las primeras no pueden captar fondos reembolsables del p\u00fablico, <strong><a href=\"https:\/\/www.notariosyregistradores.com\/web\/secciones\/doctrina\/resumenes-leyes\/resumen-de-la-ley-52015-de-27-de-abril-de-fomento-de-la-financiacion-empresarial\/#establecimientos-financieros-de-credito\"> salvo mediante emisi\u00f3n de valores<\/a><\/strong>?<\/p>\n<p class=\"style4\" align=\"justify\"><img loading=\"lazy\" decoding=\"async\" src=\"https:\/\/www.notariosyregistradores.com\/images\/punto-colores.gif\" alt=\"https:\/\/www.notariosyregistradores.com\/images\/punto-colores.gif\" width=\"14\" height=\"14\" \/> 1132.- Que, una <strong>sustituci\u00f3n de poder<\/strong> en sentido propio implica la revocaci\u00f3n del primer poder para lo que es necesario que as\u00ed resulte claramente del poder conferido con <a href=\"https:\/\/www.notariosyregistradores.com\/web\/resoluciones\/por-meses\/resoluciones-direccion-general-de-los-registros-y-el-notariado-marzo-2020\/#r43\"> expresa solicitud de su revocaci\u00f3n<\/a>?<\/p>\n<p class=\"style4\" align=\"justify\"><a id=\"s1131\"><\/a><img loading=\"lazy\" decoding=\"async\" src=\"https:\/\/www.notariosyregistradores.com\/images\/punto-colores.gif\" alt=\"https:\/\/www.notariosyregistradores.com\/images\/punto-colores.gif\" width=\"14\" height=\"14\" \/> 1131.- Que en los <strong>plazos administrativos<\/strong> no es lo mismo una suspensi\u00f3n (por lo que continuar\u00e1n al levantarse la suspensi\u00f3n donde estaban), que una interrupci\u00f3n, que supone un <a href=\"https:\/\/www.notariosyregistradores.com\/web\/normas\/destacadas\/resumen-decreto-estado-de-alarma-y-medidas-coronavirus\/#suspension\"> nuevo c\u00f3mputo entero desde el principio<\/a>?<\/p>\n<div id=\"attachment_74024\" style=\"width: 310px\" class=\"wp-caption alignright\"><a href=\"https:\/\/www.notariosyregistradores.com\/web\/notarios-y-registradores\/attachment\/ribeira_sacra-mirador_de_cabezoa_sobre_el_rio_sil-ourense\/\"><img loading=\"lazy\" decoding=\"async\" aria-describedby=\"caption-attachment-74024\" class=\"size-full wp-image-74024\" src=\"https:\/\/www.notariosyregistradores.com\/web\/wp-content\/uploads\/2020\/08\/Ribeira_Sacra-Mirador_de_Cabezoa_sobre_el_rio_Sil-Ourense-pq.jpg\" alt=\"\" width=\"300\" height=\"225\" \/><\/a><p id=\"caption-attachment-74024\" class=\"wp-caption-text\">Vista sobre el r\u00edo Sil desde el mirador de Cabezo\u00e1 en la Ribeira Sacra (Ourense). Por JFME.<\/p><\/div>\n<p class=\"style4\" align=\"justify\"><img loading=\"lazy\" decoding=\"async\" src=\"https:\/\/www.notariosyregistradores.com\/images\/punto-colores.gif\" alt=\"https:\/\/www.notariosyregistradores.com\/images\/punto-colores.gif\" width=\"14\" height=\"14\" \/> 1130.- Que, para <strong>denegar una inmatriculaci\u00f3n<\/strong>, no basta se\u00f1alar s\u00f3lo que ya existe otra finca registral con el <a href=\"https:\/\/www.notariosyregistradores.com\/web\/resoluciones\/por-meses\/resoluciones-direccion-general-de-los-registros-y-el-notariado-noviembre-2019\/#r486\"> mismo n\u00famero de referencia catastral<\/a>?<\/p>\n<p class=\"style4\" align=\"justify\"><img loading=\"lazy\" decoding=\"async\" src=\"https:\/\/www.notariosyregistradores.com\/images\/punto-colores.gif\" alt=\"https:\/\/www.notariosyregistradores.com\/images\/punto-colores.gif\" width=\"14\" height=\"14\" \/> 1129.- Que no son legales en t\u00e9rminos generales las <strong>reservas que realiza la constructora <\/strong>en el t\u00edtulo constitutivo de la propiedad horizontal, si entran en colisi\u00f3n con las facultades de la Junta General, <a href=\"https:\/\/www.notariosyregistradores.com\/web\/practica\/casos-practicos\/casos-practicos-seminario-registral-bilbao-2018-2019-no-11\/#e3\"> como es la modificaci\u00f3n de cuotas<\/a>?<\/p>\n<p class=\"style4\" align=\"justify\"><img loading=\"lazy\" decoding=\"async\" src=\"https:\/\/www.notariosyregistradores.com\/images\/punto-colores.gif\" alt=\"https:\/\/www.notariosyregistradores.com\/images\/punto-colores.gif\" width=\"14\" height=\"14\" \/> 1128.- Que la DG ha admitido la aportaci\u00f3n a una sociedad del \u00ab<strong>know how\u00bb<\/strong>, pero que ello plantea <a href=\"https:\/\/www.notariosyregistradores.com\/web\/resoluciones\/por-meses\/resoluciones-direccion-general-de-los-registros-y-el-notariado-enero-2020\/#r10\"> importantes problemas t\u00e9cnicos y jur\u00eddicos<\/a>?<\/p>\n<p class=\"style4\" align=\"justify\"><img loading=\"lazy\" decoding=\"async\" src=\"https:\/\/www.notariosyregistradores.com\/images\/punto-colores.gif\" alt=\"https:\/\/www.notariosyregistradores.com\/images\/punto-colores.gif\" width=\"14\" height=\"14\" \/> 1127.- Que para que se inscriba en el Registro Civil Central un <strong>matrimonio celebrado fuera de Espa\u00f1a<\/strong> es preciso que uno de los contrayentes sea espa\u00f1ol al contraerlo o que m\u00e1s tarde pase a serlo, <a href=\"https:\/\/www.notariosyregistradores.com\/web\/secciones\/internacional\/varios-inter\/pinceladas-matrimonio-y-uniones-de-hecho\/#1-que-matrimonios-son-inscribibles-en-el-rc-espanol-\"> sin haber fallecido<\/a>?<\/p>\n<p class=\"style4\" align=\"justify\"><img loading=\"lazy\" decoding=\"async\" src=\"https:\/\/www.notariosyregistradores.com\/images\/punto-colores.gif\" alt=\"https:\/\/www.notariosyregistradores.com\/images\/punto-colores.gif\" width=\"14\" height=\"14\" \/> 1126.- Que la base imponible en AJD de las <strong>obras nuevas \u00abantiguas\u00bb<\/strong> est\u00e1 constituida por el coste de ejecuci\u00f3n a su realizaci\u00f3n, <a href=\"https:\/\/www.notariosyregistradores.com\/web\/secciones\/fiscal\/informes-mensuales-fiscal\/informe-actualidad-fiscal-febrero-2020-comodato-de-vivienda-trust-obra-antigua-dietas\/#obrasnuevas\"> sin que proceda su actualizaci\u00f3n<\/a>?<\/p>\n<p class=\"style4\" align=\"justify\"><a id=\"s1125\"><\/a><img loading=\"lazy\" decoding=\"async\" src=\"https:\/\/www.notariosyregistradores.com\/images\/punto-colores.gif\" alt=\"https:\/\/www.notariosyregistradores.com\/images\/punto-colores.gif\" width=\"14\" height=\"14\" \/> 1125.- Que,\u00a0para la inscripci\u00f3n de las <strong>condiciones que constan en las licencias<\/strong>, se exige la solicitud del titular registral (que est\u00e1 impl\u00edcita si se incorpora la licencia a la escritura) o que de la certificaci\u00f3n resulte acreditado que ha contado con la audiencia preceptiva, no siendo equivalente a la firmeza el que diga <a href=\"https:\/\/www.notariosyregistradores.com\/web\/resoluciones\/por-meses\/resoluciones-direccion-general-de-los-registros-y-el-notariado-noviembre-2019\/#r516\"> que pone fin a la v\u00eda administrativa<\/a>?<\/p>\n<div id=\"attachment_72997\" style=\"width: 310px\" class=\"wp-caption alignleft\"><a href=\"https:\/\/www.notariosyregistradores.com\/web\/tronco_caido-san_pedro_de_roca-ourense\/\"><img loading=\"lazy\" decoding=\"async\" aria-describedby=\"caption-attachment-72997\" class=\"size-full wp-image-72997\" src=\"https:\/\/www.notariosyregistradores.com\/web\/wp-content\/uploads\/2020\/07\/Tronco_caido-San_Pedro_de_Roca-Ourense-pq.jpg\" alt=\"\" width=\"300\" height=\"225\" \/><\/a><p id=\"caption-attachment-72997\" class=\"wp-caption-text\">Tronco ca\u00eddo en un bosque cercano a San Pedro de Rocas (Ourense). Por JFME.<\/p><\/div>\n<p class=\"style4\" align=\"justify\"><img loading=\"lazy\" decoding=\"async\" src=\"https:\/\/www.notariosyregistradores.com\/images\/punto-colores.gif\" alt=\"https:\/\/www.notariosyregistradores.com\/images\/punto-colores.gif\" width=\"14\" height=\"14\" \/> 1124.- Que el <strong>acuerdo para instalar ascensores<\/strong> y las servidumbres que de ah\u00ed se deriven, si no afecta a elementos privativos, es s\u00f3lo un acto colectivo adoptable sin necesidad de unanimidad <a href=\"https:\/\/www.notariosyregistradores.com\/web\/resoluciones\/por-meses\/resoluciones-direccion-general-de-los-registros-y-el-notariado-noviembre-2019\/#r510\"> aunque implique modificaci\u00f3n de estatutos o del t\u00edtulo constitutivo<\/a>?<\/p>\n<p class=\"style4\" align=\"justify\"><img loading=\"lazy\" decoding=\"async\" src=\"https:\/\/www.notariosyregistradores.com\/images\/punto-colores.gif\" alt=\"https:\/\/www.notariosyregistradores.com\/images\/punto-colores.gif\" width=\"14\" height=\"14\" \/> 1123.- Que, para la minoraci\u00f3n del IVA en <strong>cr\u00e9ditos incobrables<\/strong> mediante requerimiento notarial, debe autorizarse un acta de requerimiento de pago ajustada a la normativa notarial, no bastando el acta de remisi\u00f3n de documento por correo, y, por tanto, debe realizase <a href=\"https:\/\/www.notariosyregistradores.com\/web\/secciones\/fiscal\/informes-mensuales-fiscal\/informe-actualidad-fiscal-diciembre-2019-extinciones-de-condominio-renting-plusvalia\/#iva\"> por notario territorialmente competente en \u00abenv\u00edo y destino\u00bb<\/a>?<\/p>\n<p class=\"style4\" align=\"justify\"><img loading=\"lazy\" decoding=\"async\" src=\"https:\/\/www.notariosyregistradores.com\/images\/punto-colores.gif\" alt=\"https:\/\/www.notariosyregistradores.com\/images\/punto-colores.gif\" width=\"14\" height=\"14\" \/> 1122.- Que en la <strong>venta de dos fincas con condici\u00f3n resolutoria <\/strong>en garant\u00eda del precio que se aplaza totalmente, la DG admite que no se fije la distribuci\u00f3n expresa del precio aplazado <a href=\"https:\/\/www.notariosyregistradores.com\/web\/resoluciones\/por-meses\/resoluciones-direccion-general-de-los-registros-y-el-notariado-diciembre-2019\/#r559\"> si consta el valor de cada finca<\/a>?<\/p>\n<p class=\"style4\" align=\"justify\"><img loading=\"lazy\" decoding=\"async\" src=\"https:\/\/www.notariosyregistradores.com\/images\/punto-colores.gif\" alt=\"https:\/\/www.notariosyregistradores.com\/images\/punto-colores.gif\" width=\"14\" height=\"14\" \/> 1121.- Que es posible constituir un <strong>usufructo personal\u00edsimo<\/strong> con prohibici\u00f3n de disponer y gravar, pero que, si se constituye a t\u00edtulo oneroso la prohibici\u00f3n no puede acceder al Registro, sin perjuicio de que <a href=\"https:\/\/www.notariosyregistradores.com\/web\/resoluciones\/por-meses\/resoluciones-direccion-general-de-los-registros-y-el-notariado-diciembre-2019\/#r554\"> se puede garantizar su cumplimiento con hipoteca o condici\u00f3n resolutoria<\/a>?<\/p>\n<p class=\"style4\" align=\"justify\"><img loading=\"lazy\" decoding=\"async\" src=\"https:\/\/www.notariosyregistradores.com\/images\/punto-colores.gif\" alt=\"https:\/\/www.notariosyregistradores.com\/images\/punto-colores.gif\" width=\"14\" height=\"14\" \/> 1120.- Que el Tribunal Supremo reconoce la legitimaci\u00f3n pasiva a la <strong>sociedad extinguida<\/strong> y con hoja registral cerrada, representada por el que fue su liquidador <a href=\"https:\/\/www.notariosyregistradores.com\/web\/sc\/inmuebles-inscritos-a-favor-de-sociedades-extinguidas-tras-concurso\/#j3\"> sin que necesariamente se precise la reapertura formal de la liquidaci\u00f3n?<\/a><\/p>\n<p class=\"style4\" align=\"justify\"><a id=\"s1119\"><\/a><img loading=\"lazy\" decoding=\"async\" src=\"https:\/\/www.notariosyregistradores.com\/images\/punto-colores.gif\" alt=\"https:\/\/www.notariosyregistradores.com\/images\/punto-colores.gif\" width=\"14\" height=\"14\" \/> 1119.- Que no es necesario aportar <strong>licencia de demolici\u00f3n<\/strong> para <a href=\"https:\/\/www.notariosyregistradores.com\/web\/resoluciones\/por-meses\/resoluciones-direccion-general-de-los-registros-y-el-notariado-octubre-2019\/#r419\"> rectificar la descripci\u00f3n de una finca<\/a>?<\/p>\n<div id=\"attachment_72212\" style=\"width: 310px\" class=\"wp-caption alignright\"><a href=\"https:\/\/www.notariosyregistradores.com\/web\/notarios-y-registradores\/attachment\/baeza-palacio_de_jabalquinto-jaen\/\"><img loading=\"lazy\" decoding=\"async\" aria-describedby=\"caption-attachment-72212\" class=\"size-full wp-image-72212\" src=\"https:\/\/www.notariosyregistradores.com\/web\/wp-content\/uploads\/2020\/06\/Baeza-Palacio_de_Jabalquinto-Jaen-pq.jpg\" alt=\"\" width=\"300\" height=\"225\" \/><\/a><p id=\"caption-attachment-72212\" class=\"wp-caption-text\">Palacio de Jabalquinto (Baeza). Por JFME.<\/p><\/div>\n<p class=\"style4\" align=\"justify\"><img loading=\"lazy\" decoding=\"async\" src=\"https:\/\/www.notariosyregistradores.com\/images\/punto-colores.gif\" alt=\"https:\/\/www.notariosyregistradores.com\/images\/punto-colores.gif\" width=\"14\" height=\"14\" \/> 1118.- Que, en las <strong>extinciones de comunidad<\/strong>, para la no sujeci\u00f3n a TPO, no es imprescindible que el pago del exceso por indivisibilidad se realice en dinero, pues tambi\u00e9n puede realizarse mediante la asunci\u00f3n del pr\u00e9stamo hipotecario que grava el inmueble o en especie <a href=\"https:\/\/www.notariosyregistradores.com\/web\/secciones\/fiscal\/informes-mensuales-fiscal\/informe-actualidad-fiscal-noviembre-2019-derecho-de-transmision-en-isd-extinciones-de-condominio-plusvalia-municipal\/#extincioncondominiobuena\"> transmitiendo otros bienes del titular del exceso al titular del defecto<\/a>?<\/p>\n<p class=\"style4\" align=\"justify\"><img loading=\"lazy\" decoding=\"async\" src=\"https:\/\/www.notariosyregistradores.com\/images\/punto-colores.gif\" alt=\"https:\/\/www.notariosyregistradores.com\/images\/punto-colores.gif\" width=\"14\" height=\"14\" \/> 1117.- Que los notarios no pueden constituir entre s\u00ed <a href=\"https:\/\/www.notariosyregistradores.com\/web\/resoluciones\/por-meses\/resoluciones-direccion-general-de-los-registros-y-el-notariado-noviembre-2019\/#r442\"> sociedades profesionales<\/a>?<\/p>\n<p class=\"style4\" align=\"justify\"><img loading=\"lazy\" decoding=\"async\" src=\"https:\/\/www.notariosyregistradores.com\/images\/punto-colores.gif\" alt=\"https:\/\/www.notariosyregistradores.com\/images\/punto-colores.gif\" width=\"14\" height=\"14\" \/> 1116.- Que si se <strong>cancela el r\u00e9gimen de divisi\u00f3n horizontal,<\/strong> estando gravado alg\u00fan elemento con una hipoteca, el acreedor hipotecario no es obligatorio que intervenga, pasando a gravar la hipoteca <a href=\"https:\/\/www.notariosyregistradores.com\/web\/resoluciones\/por-meses\/resoluciones-direccion-general-de-los-registros-y-el-notariado-noviembre-2019\/#r504\"> la cuota correspondiente sobre el solar<\/a>?<\/p>\n<p class=\"style4\" align=\"justify\"><img loading=\"lazy\" decoding=\"async\" src=\"https:\/\/www.notariosyregistradores.com\/images\/punto-colores.gif\" alt=\"https:\/\/www.notariosyregistradores.com\/images\/punto-colores.gif\" width=\"14\" height=\"14\" \/> 1115.- Que es posible la <strong>sustituci\u00f3n del liquidador<\/strong> de una sociedad por exceso de tiempo en la realizaci\u00f3n de su labor, mediante expediente ante el registrador mercantil, <a href=\"https:\/\/www.notariosyregistradores.com\/web\/secciones\/oficina-mercantil\/informes-mensuales-o-m\/informe-mercantil-diciembre-de-2019-expedientes-jurisdiccion-voluntaria-sustitucion-liquidador-creditos-fiscales\/#c-sustitucion-de-liquidador-por-duracion-excesiva-de-la-liquidacion-criterios\"> fijando la DGRN pautas para su actuaci\u00f3n<\/a>?<\/p>\n<p class=\"style4\" align=\"justify\"><img loading=\"lazy\" decoding=\"async\" src=\"https:\/\/www.notariosyregistradores.com\/images\/punto-colores.gif\" alt=\"https:\/\/www.notariosyregistradores.com\/images\/punto-colores.gif\" width=\"14\" height=\"14\" \/> 1114.- Que el <strong>c\u00f3nyuge del propietario de la vivienda habitual privativa<\/strong> que se hipoteque <!--more--> que, a los efectos del <a href=\"https:\/\/www.notariosyregistradores.com\/web\/columna-izq\/codigo-civil-libro-cuarto-articulos-1088-al-1537\/#art1320\">art. 1320 Cc<\/a>, deba prestar su consentimiento, es equiparado por la DG al hipotecante no deudor a los efectos de tener que otorgar el <a href=\"https:\/\/www.notariosyregistradores.com\/web\/normas\/dgrn\/instruccion-20-diciembre-2019-dgrn-dudas-sobre-la-actuacion-notarial-y-registral-ante-la-aplicacion-de-la-ley-de-credito-inmobiliario\/#conyuge\">acta de informaci\u00f3n previa<\/a>?<\/p>\n<p class=\"style4\" align=\"justify\"><a id=\"s1113\"><\/a><img loading=\"lazy\" decoding=\"async\" src=\"https:\/\/www.notariosyregistradores.com\/images\/punto-colores.gif\" alt=\"https:\/\/www.notariosyregistradores.com\/images\/punto-colores.gif\" width=\"14\" height=\"14\" \/> 1113.- Que es posible la <strong>rectificaci\u00f3n<\/strong><strong>\u00a0de una\u00a0<\/strong><strong>representaci\u00f3n gr\u00e1fica ya inscrita<\/strong>, pero, para ello, han de seguirse, conforme a los <a href=\"https:\/\/www.notariosyregistradores.com\/web\/normas\/ley-hipotecaria\/#a9\"> arts. 9 b)<\/a> y <a href=\"https:\/\/www.notariosyregistradores.com\/web\/normas\/ley-hipotecaria\/#a199\"> 199 LH<\/a>, <a href=\"https:\/\/www.notariosyregistradores.com\/web\/resoluciones\/por-meses\/resoluciones-direccion-general-de-los-registros-y-el-notariado-julio-2019\/#r264\">las disposiciones sobre inscripci\u00f3n de la nueva representaci\u00f3n gr\u00e1fica?<\/a><\/p>\n<div id=\"attachment_71298\" style=\"width: 310px\" class=\"wp-caption alignleft\"><a href=\"https:\/\/www.notariosyregistradores.com\/web\/notarios-y-registradores\/attachment\/cabaneros-molino-ciudad_real\/\"><img loading=\"lazy\" decoding=\"async\" aria-describedby=\"caption-attachment-71298\" class=\"wp-image-71298 size-full\" src=\"https:\/\/www.notariosyregistradores.com\/web\/wp-content\/uploads\/2020\/05\/Caba\u00f1eros-molino-Ciudad_Real-pq.jpg\" alt=\"\" width=\"300\" height=\"225\" \/><\/a><p id=\"caption-attachment-71298\" class=\"wp-caption-text\">Molino situado en el Parque Nacional de Caba\u00f1eros (Ciudad Real). Por JFME<\/p><\/div>\n<p class=\"style4\" align=\"justify\"><img loading=\"lazy\" decoding=\"async\" src=\"https:\/\/www.notariosyregistradores.com\/images\/punto-colores.gif\" alt=\"https:\/\/www.notariosyregistradores.com\/images\/punto-colores.gif\" width=\"14\" height=\"14\" \/> 1112.- Que, al reservarse el donante el <strong>usufructo<\/strong>, puede hacerlo con la facultad de disponer,<a href=\"https:\/\/www.notariosyregistradores.com\/web\/resoluciones\/por-meses\/resoluciones-direccion-general-de-los-registros-y-el-notariado-octubre-2019\/#r387\"> incluso mortis causa<\/a>?<\/p>\n<p class=\"style4\" align=\"justify\"><img loading=\"lazy\" decoding=\"async\" src=\"https:\/\/www.notariosyregistradores.com\/images\/punto-colores.gif\" alt=\"https:\/\/www.notariosyregistradores.com\/images\/punto-colores.gif\" width=\"14\" height=\"14\" \/> 1111.- Que los <strong>traspasos de dinero<\/strong> a una cuenta indistinta cotitularidad con otra personas, ni son, por s\u00ed, ni pr\u00e9stamo ni donaci\u00f3n ni demuestran la existencia de un condominio que vendr\u00e1 determinado \u00fanicamente por las relaciones internas y, m\u00e1s concretamente, por la propiedad originaria de los fondos o numerario <a href=\"https:\/\/www.notariosyregistradores.com\/web\/secciones\/fiscal\/informes-mensuales-fiscal\/informe-actualidad-fiscal-octubre-2019-entregas-de-dinero-entre-particulares-donacion-o-prestamo\/#temadelmes\"> de que se nutre dicha cuenta<\/a>?<\/p>\n<p class=\"style4\" align=\"justify\"><img loading=\"lazy\" decoding=\"async\" src=\"https:\/\/www.notariosyregistradores.com\/images\/punto-colores.gif\" alt=\"https:\/\/www.notariosyregistradores.com\/images\/punto-colores.gif\" width=\"14\" height=\"14\" \/> 1110.- Que la <strong>interpellatio in iure<\/strong> para que el heredero acepte la herencia, sin respuesta, tiene diferentes consecuencias en el <a href=\"https:\/\/www.notariosyregistradores.com\/web\/normas\/codigo-civil-libro-tercero\/#art1005\"> C\u00f3digo Civil<\/a>\u00a0(aceptaci\u00f3n) y <a href=\"https:\/\/www.notariosyregistradores.com\/web\/secciones\/doctrina\/articulos-doctrina\/delacion-e-interpelacion-al-llamado-en-el-derecho-civil-catalan\/\">en Catalu\u00f1a (renuncia con excepciones)<\/a>?\u00a0<\/p>\n<p class=\"style4\" align=\"justify\"><img loading=\"lazy\" decoding=\"async\" src=\"https:\/\/www.notariosyregistradores.com\/images\/punto-colores.gif\" alt=\"https:\/\/www.notariosyregistradores.com\/images\/punto-colores.gif\" width=\"14\" height=\"14\" \/> 1109.- Que el <strong>representante f\u00edsico<\/strong> de un administrador persona jur\u00eddica debe <a href=\"https:\/\/www.notariosyregistradores.com\/web\/resoluciones\/por-meses\/resoluciones-direccion-general-de-los-registros-y-el-notariado-noviembre-2019\/#r464\"> aceptar expresamente su cargo<\/a>?<\/p>\n<p class=\"style4\" align=\"justify\"><img loading=\"lazy\" decoding=\"async\" src=\"https:\/\/www.notariosyregistradores.com\/images\/punto-colores.gif\" alt=\"https:\/\/www.notariosyregistradores.com\/images\/punto-colores.gif\" width=\"14\" height=\"14\" \/> 1108.- Que, para que una <strong>notificaci\u00f3n notarial<\/strong> conforme al\u00a0<a href=\"https:\/\/www.notariosyregistradores.com\/web\/normas\/reglamento-notarial-titulo-iv\/#art202\">art\u00edculo 202 RN<\/a> se entienda hecha, cuando la c\u00e9dula se env\u00eda por carta certificada con acuse de recibo, es necesario que se haya entregado en el domicilio o que el interesado <a href=\"https:\/\/www.notariosyregistradores.com\/web\/resoluciones\/por-meses\/resoluciones-direccion-general-de-los-registros-y-el-notariado-octubre-2019\/#r407\"> la haya retirado en Correos<\/a>?<\/p>\n<p class=\"style4\" align=\"justify\"><a id=\"s1107\"><\/a><img loading=\"lazy\" decoding=\"async\" src=\"https:\/\/www.notariosyregistradores.com\/images\/punto-colores.gif\" alt=\"https:\/\/www.notariosyregistradores.com\/images\/punto-colores.gif\" width=\"14\" height=\"14\" \/> 1107- Que, para llevar a cabo un <strong>acto edificatorio en zona de servidumbre<\/strong> o polic\u00eda (por ejemplo de cauce), se han de cumplir los requisitos exigidos por la legislaci\u00f3n sectorial, como autorizaciones, que son complementarios e <a href=\"https:\/\/www.notariosyregistradores.com\/web\/resoluciones\/por-meses\/resoluciones-direccion-general-de-los-registros-y-el-notariado-julio-2019\/#r313\"> independientes de los exigidos por la normativa urban\u00edstica<\/a>?<\/p>\n<div id=\"attachment_70369\" style=\"width: 310px\" class=\"wp-caption alignright\"><a href=\"https:\/\/www.notariosyregistradores.com\/web\/notarios-y-registradores\/attachment\/graffiti-catania-sicilia\/\"><img loading=\"lazy\" decoding=\"async\" aria-describedby=\"caption-attachment-70369\" class=\"wp-image-70369 size-full\" src=\"https:\/\/www.notariosyregistradores.com\/web\/wp-content\/uploads\/2020\/04\/Graffiti-Catania-Sicilia-pq.jpg\" alt=\"\" width=\"300\" height=\"240\" \/><\/a><p id=\"caption-attachment-70369\" class=\"wp-caption-text\">Grafiti en Catania (Sicilia). Fotografiado por JFME.<\/p><\/div>\n<p class=\"style4\" align=\"justify\"><img loading=\"lazy\" decoding=\"async\" src=\"https:\/\/www.notariosyregistradores.com\/images\/punto-colores.gif\" alt=\"https:\/\/www.notariosyregistradores.com\/images\/punto-colores.gif\" width=\"14\" height=\"14\" \/> 1106.- Que. aunque la duraci\u00f3n del derecho de opci\u00f3n de compra no puede sobrepasar los cuatro a\u00f1os, como excepci\u00f3n, en los contratos de <strong>arrendamiento con opci\u00f3n de compra<\/strong> puede durar todo el periodo del contrato conforme al <a href=\"https:\/\/www.notariosyregistradores.com\/web\/normas\/reglamento-hipotecario-titulos-i-y-ii\/#art14\"> art. 14 \u00abin fine\u00bb del Reglamento Hipotecario<\/a>?<\/p>\n<p class=\"style4\" align=\"justify\"><img loading=\"lazy\" decoding=\"async\" src=\"https:\/\/www.notariosyregistradores.com\/images\/punto-colores.gif\" alt=\"https:\/\/www.notariosyregistradores.com\/images\/punto-colores.gif\" width=\"14\" height=\"14\" \/> 1105.- Que la <strong>donaci\u00f3n por un s\u00f3lo c\u00f3nyuge <\/strong>de bien ganancial no es nula, sino ineficaz, por lo que cabe la ratificaci\u00f3n por el otro c\u00f3nyuge, <a href=\"https:\/\/www.notariosyregistradores.com\/web\/resoluciones\/por-meses\/resoluciones-direccion-general-de-los-registros-y-el-notariado-octubre-2019\/#r369\"> pero no por el juez<\/a>?<\/p>\n<p class=\"style4\" align=\"justify\"><img loading=\"lazy\" decoding=\"async\" src=\"https:\/\/www.notariosyregistradores.com\/images\/punto-colores.gif\" alt=\"https:\/\/www.notariosyregistradores.com\/images\/punto-colores.gif\" width=\"14\" height=\"14\" \/> 1104.- Que la declaraci\u00f3n de unipersonalidad o de <strong>cambio de socio \u00fanico<\/strong> tiene su propia autonom\u00eda pues lo que se inscribe es la declaraci\u00f3n de unipersonalidad, el cambio de socio \u00fanico o la p\u00e9rdida de dicha condici\u00f3n y no la \u201c<a href=\"https:\/\/www.notariosyregistradores.com\/web\/resoluciones\/por-meses\/resoluciones-direccion-general-de-los-registros-y-el-notariado-septiembre-2019\/#r348\">transmisi\u00f3n de participaciones sociales que puede haberla originado<\/a>\u201d?<\/p>\n<p class=\"style4\" align=\"justify\"><img loading=\"lazy\" decoding=\"async\" src=\"https:\/\/www.notariosyregistradores.com\/images\/punto-colores.gif\" alt=\"https:\/\/www.notariosyregistradores.com\/images\/punto-colores.gif\" width=\"14\" height=\"14\" \/> 1103.- Que, para la <strong>cancelaci\u00f3n por caducidad<\/strong>, aunque sea pactada, no es preciso acreditar <a href=\"https:\/\/www.notariosyregistradores.com\/web\/resoluciones\/por-meses\/resoluciones-direccion-general-de-los-registros-y-el-notariado-octubre-2019\/#r370\"> los medios de pago<\/a>?<\/p>\n<p class=\"style4\" align=\"justify\"><img loading=\"lazy\" decoding=\"async\" src=\"https:\/\/www.notariosyregistradores.com\/images\/punto-colores.gif\" alt=\"https:\/\/www.notariosyregistradores.com\/images\/punto-colores.gif\" width=\"14\" height=\"14\" \/> 1102.- Que, en caso de <strong>separaci\u00f3n de hecho<\/strong>, la fecha de la disoluci\u00f3n de la sociedad de gananciales, seg\u00fan el Tribunal Supremo, es la fecha de la sentencia y no lo son, ni la del cese de la convivencia, ni la de la presentaci\u00f3n de la demanda <a href=\"https:\/\/www.notariosyregistradores.com\/web\/practica\/jurisprudencia\/sentencias\/fecha-disolucion-sociedad-de-gananciales-en-separacion-de-hecho\/\"> ni siquiera cuando se adoptan medidas provisionales<\/a>?<\/p>\n<p class=\"style4\" align=\"justify\"><a id=\"s1101\"><\/a><img loading=\"lazy\" decoding=\"async\" src=\"https:\/\/www.notariosyregistradores.com\/images\/punto-colores.gif\" alt=\"https:\/\/www.notariosyregistradores.com\/images\/punto-colores.gif\" width=\"14\" height=\"14\" \/> 1101.- Que en un pr\u00e9stamo empresarial, el que haya un <strong>hipotecante no deudor consumidor<\/strong> afecta a la cl\u00e1usula de responsabilidad hipotecaria por intereses de demora, pero <a href=\"https:\/\/www.notariosyregistradores.com\/web\/resoluciones\/por-meses\/resoluciones-direccion-general-de-los-registros-y-el-notariado-julio-2019\/#r297\"> no a la cl\u00e1usula de inter\u00e9s de demora en s\u00ed<\/a>?<\/p>\n<div id=\"attachment_68795\" style=\"width: 310px\" class=\"wp-caption alignleft\"><a href=\"https:\/\/www.notariosyregistradores.com\/web\/notarios-y-registradores\/attachment\/cantavieja-teruel\/\"><img loading=\"lazy\" decoding=\"async\" aria-describedby=\"caption-attachment-68795\" class=\"size-full wp-image-68795\" src=\"https:\/\/www.notariosyregistradores.com\/web\/wp-content\/uploads\/2020\/03\/Cantavieja-Teruel-pq.jpg\" alt=\"\" width=\"300\" height=\"225\" \/><\/a><p id=\"caption-attachment-68795\" class=\"wp-caption-text\">Cantavieja (Teruel). Por JFME.<\/p><\/div>\n<p class=\"style4\" align=\"justify\"><img loading=\"lazy\" decoding=\"async\" src=\"https:\/\/www.notariosyregistradores.com\/images\/punto-colores.gif\" alt=\"https:\/\/www.notariosyregistradores.com\/images\/punto-colores.gif\" width=\"14\" height=\"14\" \/> 1100.- Que si los c\u00f3nyuges <strong>atribuyen a un bien el car\u00e1cter de ganancial<\/strong>, conforme al <a href=\"https:\/\/www.notariosyregistradores.com\/web\/columna-izq\/codigo-civil-libro-cuarto-articulos-1088-al-1537\/#art1355\"> art. 1355 Cc<\/a> y despu\u00e9s se prueba el car\u00e1cter privativo del dinero invertido, esto no altera la naturaleza ganancial del bien, <a href=\"https:\/\/www.notariosyregistradores.com\/web\/resoluciones\/por-meses\/resoluciones-direccion-general-de-los-registros-y-el-notariado-septiembre-2019\/#r364\"> sin perjuicio del derecho de reembolso en la liquidaci\u00f3n de los gananciales<\/a>?<\/p>\n<p class=\"style4\" align=\"justify\"><img loading=\"lazy\" decoding=\"async\" src=\"https:\/\/www.notariosyregistradores.com\/images\/punto-colores.gif\" alt=\"https:\/\/www.notariosyregistradores.com\/images\/punto-colores.gif\" width=\"14\" height=\"14\" \/> 1099.- Que el <strong>libro del edificio<\/strong> puede presentarse en varios archivos pues <a href=\"https:\/\/www.notariosyregistradores.com\/web\/resoluciones\/por-meses\/resoluciones-direccion-general-de-los-registros-y-el-notariado-julio-2019\/#r280\"> no se exige expresamente que sea solo uno<\/a>?<\/p>\n<p class=\"style4\" align=\"justify\"><img loading=\"lazy\" decoding=\"async\" src=\"https:\/\/www.notariosyregistradores.com\/images\/punto-colores.gif\" alt=\"https:\/\/www.notariosyregistradores.com\/images\/punto-colores.gif\" width=\"14\" height=\"14\" \/> 1098.- Que, seg\u00fan el TEAC, <strong>no est\u00e1n sujetas a AJD<\/strong> las modificaciones hipotecarias cuando son necesarias para verificar una extinci\u00f3n de condominio <a href=\"https:\/\/www.notariosyregistradores.com\/web\/secciones\/fiscal\/informes-mensuales-fiscal\/informe-actualidad-fiscal-octubre-2019-entregas-de-dinero-entre-particulares-donacion-o-prestamo\/#segregacionpreviaadisolucion\"> formalizada en unidad de acto<\/a>?<\/p>\n<p class=\"style4\" align=\"justify\"><img loading=\"lazy\" decoding=\"async\" src=\"https:\/\/www.notariosyregistradores.com\/images\/punto-colores.gif\" alt=\"https:\/\/www.notariosyregistradores.com\/images\/punto-colores.gif\" width=\"14\" height=\"14\" \/> 1097.- Que cabe la <strong>reanudaci\u00f3n de tracto interrumpido<\/strong> por juicio declarativo siempre que est\u00e9n demandados los titulares registrales, quienes de ellos adquirieron y todos los titulares intermedios <a href=\"https:\/\/www.notariosyregistradores.com\/web\/resoluciones\/por-meses\/resoluciones-direccion-general-de-los-registros-y-el-notariado-noviembre-2018\/#r430\"> hasta enlazar con la titularidad del demandante<\/a>?<\/p>\n<p class=\"style4\" align=\"justify\"><img loading=\"lazy\" decoding=\"async\" src=\"https:\/\/www.notariosyregistradores.com\/images\/punto-colores.gif\" alt=\"https:\/\/www.notariosyregistradores.com\/images\/punto-colores.gif\" width=\"14\" height=\"14\" \/> 1096.- Que si, sobre una finca ganancial, los c\u00f3nyuges transmiten la nuda propiedad, reserv\u00e1ndose el <strong>usufructo conjunto y sucesivo<\/strong>, y fallece uno de los dos, el viudo y el nudo propietario, seg\u00fan la DG, pueden transmitir o hipotecar la finca sin necesidad de liquidar previamente gananciales y sin la <a href=\"https:\/\/www.notariosyregistradores.com\/RESOLUCIONES\/2012-DICIEMBRE.htm#r440\"> intervenci\u00f3n de los legitimarios del premuerto<\/a>?<\/p>\n<p class=\"style4\" align=\"justify\"><a id=\"s1095\"><\/a><img loading=\"lazy\" decoding=\"async\" src=\"https:\/\/www.notariosyregistradores.com\/images\/punto-colores.gif\" alt=\"https:\/\/www.notariosyregistradores.com\/images\/punto-colores.gif\" width=\"14\" height=\"14\" \/> 1095.- Que, en las <strong>inmatriculaciones<\/strong>, la total coincidencia Catastro &#8211; Escritura ha de darse en el momento de inmatricular, pero que, ante modificaciones del Catastro posteriores al t\u00edtulo, la DGRN admite un elenco de medios <a href=\"https:\/\/www.notariosyregistradores.com\/web\/resoluciones\/por-meses\/resoluciones-direccion-general-de-los-registros-y-el-notariado-junio-2019\/#r257\"> para la adaptaci\u00f3n del t\u00edtulo<\/a>?<\/p>\n<div id=\"attachment_67805\" style=\"width: 312px\" class=\"wp-caption alignright\"><a href=\"https:\/\/www.notariosyregistradores.com\/web\/notarios-y-registradores\/attachment\/biescas-ayuntamiento_iluminado-huesca\/\"><img loading=\"lazy\" decoding=\"async\" aria-describedby=\"caption-attachment-67805\" class=\"wp-image-67805 size-full\" src=\"https:\/\/www.notariosyregistradores.com\/web\/wp-content\/uploads\/2020\/02\/Biescas-Ayuntamiento_iluminado-Huesca-pq.jpg\" alt=\"\" width=\"302\" height=\"226\" srcset=\"https:\/\/www.notariosyregistradores.com\/web\/wp-content\/uploads\/2020\/02\/Biescas-Ayuntamiento_iluminado-Huesca-pq.jpg 302w, https:\/\/www.notariosyregistradores.com\/web\/wp-content\/uploads\/2020\/02\/Biescas-Ayuntamiento_iluminado-Huesca-pq-300x225.jpg 300w\" sizes=\"auto, (max-width: 302px) 100vw, 302px\" \/><\/a><p id=\"caption-attachment-67805\" class=\"wp-caption-text\">Ayuntamiento de Biescas (Huesca) iluminado. Por JFME.<\/p><\/div>\n<p class=\"style4\" align=\"justify\"><img loading=\"lazy\" decoding=\"async\" src=\"https:\/\/www.notariosyregistradores.com\/images\/punto-colores.gif\" alt=\"https:\/\/www.notariosyregistradores.com\/images\/punto-colores.gif\" width=\"14\" height=\"14\" \/> 1094.- Que la <strong>licencia de obra<\/strong> no se puede considerar caducada por el simple transcurso del plazo de tiempo previsto en la misma sin que se haya incoado expediente de caducidad y que la licencia se trasmite con la finca cualquiera que sea su titular, pero debe <a href=\"https:\/\/www.notariosyregistradores.com\/web\/resoluciones\/por-meses\/resoluciones-direccion-general-de-los-registros-y-el-notariado-julio-2019\/#r288\">comunicarse al Ayuntamiento por los otorgantes, para evitar responsabilidades<\/a>?<\/p>\n<p class=\"style4\" align=\"justify\"><img loading=\"lazy\" decoding=\"async\" src=\"https:\/\/www.notariosyregistradores.com\/images\/punto-colores.gif\" alt=\"https:\/\/www.notariosyregistradores.com\/images\/punto-colores.gif\" width=\"14\" height=\"14\" \/> 1093.- Que es posible establecer en los estatutos de una sociedad que la <strong> convocatoria de la junta<\/strong> se har\u00e1 por correo electr\u00f3nico con confirmaci\u00f3n de lectura y que la negativa a esa confirmaci\u00f3n equivale a la<a href=\"https:\/\/www.notariosyregistradores.com\/web\/resoluciones\/por-meses\/resoluciones-direccion-general-de-los-registros-y-el-notariado-agosto-2019\/#r338\"> realizaci\u00f3n de la notificaci\u00f3n<\/a>?<\/p>\n<p class=\"style4\" align=\"justify\"><img loading=\"lazy\" decoding=\"async\" src=\"https:\/\/www.notariosyregistradores.com\/images\/punto-colores.gif\" alt=\"https:\/\/www.notariosyregistradores.com\/images\/punto-colores.gif\" width=\"14\" height=\"14\" \/> 1092.- Que la <a href=\"https:\/\/www.notariosyregistradores.com\/web\/normas\/informes-mensuales\/informe-279-boe-diciembre-2017\/#reglamento-general-de-recaudacion-reforma\">reforma de 2017 del Reglamento General de Recaudaci\u00f3n<\/a> elimina la <strong>adjudicaci\u00f3n directa <\/strong>como procedimiento posterior y subsiguiente al <a href=\"https:\/\/www.notariosyregistradores.com\/web\/resoluciones\/por-meses\/resoluciones-direccion-general-de-los-registros-y-el-notariado-junio-2019\/#r209\"> procedimiento de subasta desierta<\/a>? <a href=\"#comentarios\">Ver comentario recibido en julio 2020<\/a>.<\/p>\n<p class=\"style4\" align=\"justify\"><img loading=\"lazy\" decoding=\"async\" src=\"https:\/\/www.notariosyregistradores.com\/images\/punto-colores.gif\" alt=\"https:\/\/www.notariosyregistradores.com\/images\/punto-colores.gif\" width=\"14\" height=\"14\" \/> 1091.- Que la <strong>conciliaci\u00f3n registral o notarial <\/strong>sirve para evitar un pleito o para ponerlo fin, pero no cabe sobre materia indisponible como es aquella en la que ha reca\u00eddo la <a href=\"https:\/\/www.notariosyregistradores.com\/web\/resoluciones\/por-meses\/resoluciones-direccion-general-de-los-registros-y-el-notariado-julio-2019\/#r298\"> excepci\u00f3n de cosa juzgada<\/a>?<\/p>\n<p class=\"style4\" align=\"justify\"><img loading=\"lazy\" decoding=\"async\" src=\"https:\/\/www.notariosyregistradores.com\/images\/punto-colores.gif\" alt=\"https:\/\/www.notariosyregistradores.com\/images\/punto-colores.gif\" width=\"14\" height=\"14\" \/> 1090.- Que la <strong>notificaci\u00f3n al colindante<\/strong> ha de ser intentada dos veces y, subsidiariamente, por edictos en el BOE, pero no de modo gen\u00e9rico, sino que deben estar <a href=\"https:\/\/www.notariosyregistradores.com\/web\/resoluciones\/por-meses\/resoluciones-direccion-general-de-los-registros-y-el-notariado-febrero-2019\/#r47\"> nominalmente dirigidas a los interesados en la notificaci\u00f3n<\/a>?<\/p>\n<p class=\"style4\" align=\"justify\"><a id=\"s1089\"><\/a><img loading=\"lazy\" decoding=\"async\" src=\"https:\/\/www.notariosyregistradores.com\/images\/punto-colores.gif\" alt=\"https:\/\/www.notariosyregistradores.com\/images\/punto-colores.gif\" width=\"14\" height=\"14\" \/> 1089.- Que el <strong>comodato<\/strong> de una vivienda no es una soluci\u00f3n inscribible <a href=\"https:\/\/www.notariosyregistradores.com\/web\/resoluciones\/por-meses\/resoluciones-direccion-general-de-los-registros-y-el-notariado-junio-2019\/#r249\"> para crisis familiares<\/a>?<\/p>\n<div id=\"attachment_67200\" style=\"width: 249px\" class=\"wp-caption alignleft\"><a href=\"https:\/\/www.notariosyregistradores.com\/web\/wp-content\/uploads\/2020\/01\/Tablas_de_Daimiel-Monumento_al_barquero-Ciudad_Real.jpg\"><img loading=\"lazy\" decoding=\"async\" aria-describedby=\"caption-attachment-67200\" class=\"size-full wp-image-67200\" src=\"https:\/\/www.notariosyregistradores.com\/web\/wp-content\/uploads\/2020\/01\/Tablas_de_Daimiel-Monumento_al_barquero-Ciudad_Real-pq.jpg\" alt=\"\u00bfSab\u00edas que...? Del 1084 al 1089.\" width=\"239\" height=\"301\" \/><\/a><p id=\"caption-attachment-67200\" class=\"wp-caption-text\">Monumento al barquero en Las Tablas de Daimiel (Ciudad Real). Por JFME.<\/p><\/div>\n<p class=\"style4\" align=\"justify\"><img loading=\"lazy\" decoding=\"async\" src=\"https:\/\/www.notariosyregistradores.com\/images\/punto-colores.gif\" alt=\"https:\/\/www.notariosyregistradores.com\/images\/punto-colores.gif\" width=\"14\" height=\"14\" \/> 1088.- Que\u00a0 existe diferencia entre <strong>vivienda habitual<\/strong> (decidida unilateralmente, por ejemplo por un soltero) y <strong>vivienda familiar<\/strong> (acordada por los c\u00f3nyuges), lo que puede tener implicaciones cara a la necesidad o no de <a href=\"https:\/\/www.notariosyregistradores.com\/web\/resoluciones\/por-meses\/resoluciones-direccion-general-de-los-registros-y-el-notariado-julio-2019\/#r269\"> notificar en embargos<\/a>?<\/p>\n<p class=\"style4\" align=\"justify\"><img loading=\"lazy\" decoding=\"async\" src=\"https:\/\/www.notariosyregistradores.com\/images\/punto-colores.gif\" alt=\"https:\/\/www.notariosyregistradores.com\/images\/punto-colores.gif\" width=\"14\" height=\"14\" \/> 1087.- Que si se solicita la apertura de un <strong>procedimiento del art\u00edculo 199 LH<\/strong>, aunque el registrador tenga sospechas de invasi\u00f3n del dominio p\u00fablico, ha de permitir pronunciarse a la Administraci\u00f3n durante su tramitaci\u00f3n, <a href=\"https:\/\/www.notariosyregistradores.com\/web\/resoluciones\/por-meses\/resoluciones-direccion-general-de-los-registros-y-el-notariado-diciembre-2018\/#r460\"> no debi\u00e9ndo denegar de origen<\/a>?<\/p>\n<p class=\"style4\" align=\"justify\"><img loading=\"lazy\" decoding=\"async\" src=\"https:\/\/www.notariosyregistradores.com\/images\/punto-colores.gif\" alt=\"https:\/\/www.notariosyregistradores.com\/images\/punto-colores.gif\" width=\"14\" height=\"14\" \/> 1086.- Que es suficiente, como diferenciador de denominaciones sociales, la inclusi\u00f3n del nombre de un t\u00e9rmino municipal, respecto de otra denominaci\u00f3n <a href=\"https:\/\/www.notariosyregistradores.com\/web\/resoluciones\/por-meses\/resoluciones-direccion-general-de-los-registros-y-el-notariado-julio-2019\/#r289\"> que no lo incluye<\/a>?<\/p>\n<p class=\"style4\" align=\"justify\"><img loading=\"lazy\" decoding=\"async\" src=\"https:\/\/www.notariosyregistradores.com\/images\/punto-colores.gif\" alt=\"https:\/\/www.notariosyregistradores.com\/images\/punto-colores.gif\" width=\"14\" height=\"14\" \/> 1085.- Que, seg\u00fan el TS, la adquisici\u00f3n y los gastos en un <strong>veh\u00edculo autom\u00f3vil <\/strong>que se dedica indistintamente al uso privado y a la actividad econ\u00f3mica de un aut\u00f3nomo no son deducibles en el IRPF, ni siquiera parcialmente, al tratarse de un <a href=\"https:\/\/www.notariosyregistradores.com\/web\/secciones\/fiscal\/informes-mensuales-fiscal\/informe-actualidad-fiscal-agosto-2019-extinciones-de-condominio-inversion-sujeto-pasivo-iva\/#cocheirpf\"> elemento patrimonial indivisible<\/a>?<\/p>\n<p class=\"style4\" align=\"justify\"><img loading=\"lazy\" decoding=\"async\" src=\"https:\/\/www.notariosyregistradores.com\/images\/punto-colores.gif\" alt=\"https:\/\/www.notariosyregistradores.com\/images\/punto-colores.gif\" width=\"14\" height=\"14\" \/> 1084.- Que, para inscribir la reversi\u00f3n de unos <strong>terrenos cedidos gratuitamente para viales<\/strong> por no ejecuci\u00f3n de los mismos, se requiere de una <strong>resoluci\u00f3n administrativa<\/strong> que as\u00ed lo acredite, sin que se pueda llevar a cabo por <a href=\"https:\/\/www.notariosyregistradores.com\/web\/resoluciones\/por-meses\/resoluciones-direccion-general-de-los-registros-y-el-notariado-julio-2019\/#r278\"> expediente de exceso\/disminuci\u00f3n de cabida<\/a>?<\/p>\n<p class=\"style4\" align=\"justify\"><a id=\"s1083\"><\/a><img loading=\"lazy\" decoding=\"async\" src=\"https:\/\/www.notariosyregistradores.com\/images\/punto-colores.gif\" alt=\"https:\/\/www.notariosyregistradores.com\/images\/punto-colores.gif\" width=\"14\" height=\"14\" \/> 1083.- Que, en los casos de <strong>resoluci\u00f3n de compraventa inscrita<\/strong>, los requisitos que exigen el art\u00edculo\u00a0<a href=\"https:\/\/www.notariosyregistradores.com\/web\/normas\/reglamento-hipotecario-titulos-iii-iv-y-v\/#art175\">175.6 RH<\/a>\u00a0y\u00a0<a href=\"https:\/\/www.notariosyregistradores.com\/web\/normas\/reglamento-hipotecario-titulos-iii-iv-y-v\/#art180\">180 del Reglamento Hipotecario<\/a>\u00a0(<strong>consignaci\u00f3n<\/strong>, y mandamiento de cancelaci\u00f3n) son aplicables no s\u00f3lo a los casos de condiciones resolutorias expl\u00edcitas inscritas del\u00a0<a href=\"https:\/\/www.notariosyregistradores.com\/web\/columna-izq\/codigo-civil-libro-cuarto-articulos-1088-al-1537\/#art1504\">1504 CC<\/a>, sino tambi\u00e9n a los casos de resoluciones de compraventas por v\u00eda del <a href=\"https:\/\/www.notariosyregistradores.com\/web\/columna-izq\/codigo-civil-libro-cuarto-articulos-1088-al-1537\/#art1124\">art\u00edculo 1124 CC<\/a> en que no se hubiera pactado la <a href=\"https:\/\/www.notariosyregistradores.com\/web\/resoluciones\/por-meses\/resoluciones-direccion-general-de-los-registros-y-el-notariado-junio-2019\/#r202\"> resoluci\u00f3n de la compraventa<\/a>?<\/p>\n<div id=\"attachment_66437\" style=\"width: 310px\" class=\"wp-caption alignright\"><a href=\"https:\/\/www.notariosyregistradores.com\/web\/notarios-y-registradores\/attachment\/madrid-plaza_colon-julia-jaume_plensa-navidad\/\"><img loading=\"lazy\" decoding=\"async\" aria-describedby=\"caption-attachment-66437\" class=\"size-full wp-image-66437\" src=\"https:\/\/www.notariosyregistradores.com\/web\/wp-content\/uploads\/2020\/01\/Madrid-Plaza_Colon-Julia-Jaume_Plensa-Navidad-pq.jpg\" alt=\"\" width=\"300\" height=\"214\" \/><\/a><p id=\"caption-attachment-66437\" class=\"wp-caption-text\">\u00abJulia\u00bb de Jaume Plensa en la Plaza de Col\u00f3n de Madrid. Por JFME:<\/p><\/div>\n<p class=\"style4\" align=\"justify\"><img loading=\"lazy\" decoding=\"async\" src=\"https:\/\/www.notariosyregistradores.com\/images\/punto-colores.gif\" alt=\"https:\/\/www.notariosyregistradores.com\/images\/punto-colores.gif\" width=\"14\" height=\"14\" \/> 1082.- Que, seg\u00fan el Tribunal Constitucional, en el IIVTNU (<strong>plusval\u00eda municipal<\/strong>), para determinar la inexistencia de incremento de valor basta con el contraste entre los valores de adquisici\u00f3n y transmisi\u00f3n de las <a href=\"https:\/\/www.notariosyregistradores.com\/web\/secciones\/fiscal\/informes-mensuales-fiscal\/informe-actualidad-fiscal-octubre-2019-entregas-de-dinero-entre-particulares-donacion-o-prestamo\/#sentenciatribunalconstitucional\"> respectivas escrituras aportadas<\/a>?<\/p>\n<p class=\"style4\" align=\"justify\"><img loading=\"lazy\" decoding=\"async\" src=\"https:\/\/www.notariosyregistradores.com\/images\/punto-colores.gif\" alt=\"https:\/\/www.notariosyregistradores.com\/images\/punto-colores.gif\" width=\"14\" height=\"14\" \/> 1081.- Que el derecho de <strong>tanteo convencional<\/strong> y el de opci\u00f3n de compra caducados se pueden cancelar, conforme al <a href=\"https:\/\/www.notariosyregistradores.com\/web\/normas\/ley-hipotecaria\/#a210\"> art. 210.1 regla octava LH<\/a>, siempre que conste el <a href=\"https:\/\/www.notariosyregistradores.com\/web\/resoluciones\/por-meses\/resoluciones-direccion-general-de-los-registros-y-el-notariado-mayo-2019\/#r194\"> plazo en la inscripci\u00f3n<\/a>?<\/p>\n<p class=\"style4\" align=\"justify\"><img loading=\"lazy\" decoding=\"async\" src=\"https:\/\/www.notariosyregistradores.com\/images\/punto-colores.gif\" alt=\"https:\/\/www.notariosyregistradores.com\/images\/punto-colores.gif\" width=\"14\" height=\"14\" \/> 1080.- Que para el caso de que <strong>se embarguen las participaciones a un socio<\/strong>, la DGRN admite que en los estatutos de la sociedad se prevea establecer un derecho de adquisici\u00f3n preferente con precio seg\u00fan balance, un supuesto de exclusi\u00f3n de socios <a href=\"https:\/\/www.notariosyregistradores.com\/web\/resoluciones\/por-meses\/resoluciones-direccion-general-de-los-registros-y-el-notariado-junio-2019\/#r236\"> o la supresi\u00f3n del derecho de voto<\/a>?<\/p>\n<p class=\"style4\" align=\"justify\"><img loading=\"lazy\" decoding=\"async\" src=\"https:\/\/www.notariosyregistradores.com\/images\/punto-colores.gif\" alt=\"https:\/\/www.notariosyregistradores.com\/images\/punto-colores.gif\" width=\"14\" height=\"14\" \/> 1079.- Que el <strong>cambio de cuota de un local en los gastos<\/strong> se considera un acto colectivo, pero es precisa la doble unanimidad del acuerdo general de Junta tomado en su d\u00eda y de los adquirientes posteriores, previos a la presentaci\u00f3n del t\u00edtulo de <a href=\"https:\/\/www.notariosyregistradores.com\/web\/resoluciones\/por-meses\/resoluciones-direccion-general-de-los-registros-y-el-notariado-junio-2019\/#r248\"> modificaci\u00f3n de la propiedad horizontal<\/a>?<\/p>\n<p class=\"style4\" align=\"justify\"><img loading=\"lazy\" decoding=\"async\" src=\"https:\/\/www.notariosyregistradores.com\/images\/punto-colores.gif\" alt=\"https:\/\/www.notariosyregistradores.com\/images\/punto-colores.gif\" width=\"14\" height=\"14\" \/> 1078.- Que, para levantar el cierre registral del art. 254 LH en el <strong>Impuesto sobre Sucesiones y Donaciones de los No Residentes<\/strong>, ha de considerarse acreditada la presentaci\u00f3n en la oficina competente con el recibo de la presentaci\u00f3n en el Registro de la AEAT y certificado de la AEAT <a href=\"https:\/\/www.notariosyregistradores.com\/web\/resoluciones\/por-meses\/resoluciones-direccion-general-de-los-registros-y-el-notariado-junio-2019\/#r247\"> en la que conste la presentaci\u00f3n<\/a>?<\/p>\n<p style=\"text-align: center;\" align=\"justify\"><span style=\"font-size: 14pt;\"><strong>PUBLICADOS EN 2019 (del 990 al 1077):<\/strong><\/span><\/p>\n<p class=\"style4\" align=\"justify\"><a id=\"s1077\"><\/a><img loading=\"lazy\" decoding=\"async\" src=\"https:\/\/www.notariosyregistradores.com\/images\/punto-colores.gif\" alt=\"https:\/\/www.notariosyregistradores.com\/images\/punto-colores.gif\" width=\"14\" height=\"14\" \/> 1077.- Que, si la leg\u00edtima es pars bonorum o pars valoris bonorum, el <strong> legitimario<\/strong> ha de intervenir en la partici\u00f3n y en la entrega de legados (salvo partici\u00f3n por el testador o por contador partidor) aunque el testador haya manifestado que ya hab\u00eda recibido <a href=\"https:\/\/www.notariosyregistradores.com\/web\/resoluciones\/por-meses\/resoluciones-direccion-general-de-los-registros-y-el-notariado-marzo-2019\/#r78\"> en vida su leg\u00edtima estricta<\/a>?<\/p>\n<div id=\"attachment_65682\" style=\"width: 333px\" class=\"wp-caption alignleft\"><a href=\"https:\/\/www.notariosyregistradores.com\/web\/wp-content\/uploads\/2019\/12\/Consuegra-Molinos_y_Castillo-Toledo.jpg\"><img loading=\"lazy\" decoding=\"async\" aria-describedby=\"caption-attachment-65682\" class=\"size-full wp-image-65682\" src=\"https:\/\/www.notariosyregistradores.com\/web\/wp-content\/uploads\/2019\/12\/Consuegra-Molinos_y_Castillo-Toledo-pq.jpg\" alt=\"\" width=\"323\" height=\"188\" srcset=\"https:\/\/www.notariosyregistradores.com\/web\/wp-content\/uploads\/2019\/12\/Consuegra-Molinos_y_Castillo-Toledo-pq.jpg 323w, https:\/\/www.notariosyregistradores.com\/web\/wp-content\/uploads\/2019\/12\/Consuegra-Molinos_y_Castillo-Toledo-pq-300x175.jpg 300w\" sizes=\"auto, (max-width: 323px) 100vw, 323px\" \/><\/a><p id=\"caption-attachment-65682\" class=\"wp-caption-text\">Molinos y castillo en Consuegra (Toledo). Por JFME<\/p><\/div>\n<p class=\"style4\" align=\"justify\"><img loading=\"lazy\" decoding=\"async\" src=\"https:\/\/www.notariosyregistradores.com\/images\/punto-colores.gif\" alt=\"https:\/\/www.notariosyregistradores.com\/images\/punto-colores.gif\" width=\"14\" height=\"14\" \/> 1076.- Que el <strong>tanteo convencional <\/strong>ha de tener plazo para ser inscrito y no impide la inscripci\u00f3n de una compraventa arrastrando la carga, siempre que se haga la notificaci\u00f3n fehaciente <a href=\"https:\/\/www.notariosyregistradores.com\/web\/resoluciones\/por-meses\/resoluciones-direccion-general-de-los-registros-y-el-notariado-mayo-2019\/#r194\"> prevista en el tanteo<\/a>?<\/p>\n<p class=\"style4\" align=\"justify\"><img loading=\"lazy\" decoding=\"async\" src=\"https:\/\/www.notariosyregistradores.com\/images\/punto-colores.gif\" alt=\"https:\/\/www.notariosyregistradores.com\/images\/punto-colores.gif\" width=\"14\" height=\"14\" \/> 1075.- Que cabe practicar anotaci\u00f3n preventiva de <strong>embargo preventivo<\/strong> <a href=\"https:\/\/www.notariosyregistradores.com\/web\/resoluciones\/por-meses\/resoluciones-direccion-general-de-los-registros-y-el-notariado-junio-2019\/#r213\"> sin notificaci\u00f3n previa al c\u00f3nyuge<\/a>?<\/p>\n<p class=\"style4\" align=\"justify\"><img loading=\"lazy\" decoding=\"async\" src=\"https:\/\/www.notariosyregistradores.com\/images\/punto-colores.gif\" alt=\"https:\/\/www.notariosyregistradores.com\/images\/punto-colores.gif\" width=\"14\" height=\"14\" \/> 1074.- Que no es aplicable el art. 1504 CC, propio del contrato de compraventa de inmuebles, a los <strong>precontratos o promesas de venta<\/strong>, <a href=\"https:\/\/www.notariosyregistradores.com\/web\/secciones\/oposiciones\/informes-opositores\/informe-opositores-notarias-y-registros-marzo-2019\/#pro6\"> previstos en el art. 1451 CC<\/a>?<\/p>\n<p class=\"style4\" align=\"justify\"><img loading=\"lazy\" decoding=\"async\" src=\"https:\/\/www.notariosyregistradores.com\/images\/punto-colores.gif\" alt=\"https:\/\/www.notariosyregistradores.com\/images\/punto-colores.gif\" width=\"14\" height=\"14\" \/> 1073.- Que, si los <strong>mediadores concursales<\/strong> designados no aceptan, seg\u00fan la DGRN, si transcurren dos meses a contar desde la primera designaci\u00f3n, el notario podr\u00e1 cerrar el expediente por la imposibilidad de alcanzar un <a href=\"https:\/\/www.notariosyregistradores.com\/web\/secciones\/oficina-mercantil\/informes-mensuales-o-m\/informe-junio-2019-registros-mercantiles-numero-de-mediadores-a-nombrar-en-el-aep\/#cuestiones-de-interes\">acuerdo extrajudicial de pagos<\/a>?<\/p>\n<p class=\"style4\" align=\"justify\"><img loading=\"lazy\" decoding=\"async\" src=\"https:\/\/www.notariosyregistradores.com\/images\/punto-colores.gif\" alt=\"https:\/\/www.notariosyregistradores.com\/images\/punto-colores.gif\" width=\"14\" height=\"14\" \/> 1072.- Que No hay partici\u00f3n por el testador y S\u00ed una mera <strong>norma particional <\/strong>cuando se omite el inventario y el aval\u00fao del caudal partible en el testamento, por lo que la partici\u00f3n ordinaria exige la <a href=\"https:\/\/www.notariosyregistradores.com\/web\/resoluciones\/por-meses\/resoluciones-direccion-general-de-los-registros-y-el-notariado-abril-2019\/#r162\"> intervenci\u00f3n tambi\u00e9n de los legitimarios?<\/a><\/p>\n<p class=\"style4\" align=\"justify\"><a id=\"s1071\"><\/a><img loading=\"lazy\" decoding=\"async\" src=\"https:\/\/www.notariosyregistradores.com\/images\/punto-colores.gif\" alt=\"https:\/\/www.notariosyregistradores.com\/images\/punto-colores.gif\" width=\"14\" height=\"14\" \/> 1071.- Que, para <strong>georreferenciar una finca con servidumbre<\/strong>, no es preciso grafiar la ubicaci\u00f3n de la servidumbre, <a href=\"https:\/\/www.notariosyregistradores.com\/web\/resoluciones\/por-meses\/resoluciones-direccion-general-de-los-registros-y-el-notariado-marzo-2019\/#r82\"> aunque s\u00ed conveniente<\/a>?<\/p>\n<div id=\"attachment_64981\" style=\"width: 244px\" class=\"wp-caption alignright\"><a href=\"https:\/\/www.notariosyregistradores.com\/web\/notarios-y-registradores\/attachment\/alcaniz-castillo_calatravos-teruel\/\"><img loading=\"lazy\" decoding=\"async\" aria-describedby=\"caption-attachment-64981\" class=\"wp-image-64981 size-medium\" src=\"https:\/\/www.notariosyregistradores.com\/web\/wp-content\/uploads\/2019\/11\/Alca\u00f1iz-Castillo_Calatravos-Teruel-pq-234x300.jpg\" alt=\"\u00bfSab\u00edas que...? Del 1066 al 1071\" width=\"234\" height=\"300\" srcset=\"https:\/\/www.notariosyregistradores.com\/web\/wp-content\/uploads\/2019\/11\/Alca\u00f1iz-Castillo_Calatravos-Teruel-pq-234x300.jpg 234w, https:\/\/www.notariosyregistradores.com\/web\/wp-content\/uploads\/2019\/11\/Alca\u00f1iz-Castillo_Calatravos-Teruel-pq.jpg 235w\" sizes=\"auto, (max-width: 234px) 100vw, 234px\" \/><\/a><p id=\"caption-attachment-64981\" class=\"wp-caption-text\">Castillo de los Calatravos en Alca\u00f1iz (Teruel). Por JFME.<\/p><\/div>\n<p class=\"style4\" align=\"justify\"><img loading=\"lazy\" decoding=\"async\" src=\"https:\/\/www.notariosyregistradores.com\/images\/punto-colores.gif\" alt=\"https:\/\/www.notariosyregistradores.com\/images\/punto-colores.gif\" width=\"14\" height=\"14\" \/> 1070.- Que, si en un <strong>pr\u00e9stamo<\/strong> se entrega realmente menos cantidad de la que se dice entregar, podr\u00eda ser nulo por <strong>usurario<\/strong>, pero que el descuento por adelantado de los intereses no est\u00e1 prohibido, por lo que puede considerarse <a href=\"https:\/\/www.notariosyregistradores.com\/web\/resoluciones\/por-meses\/resoluciones-direccion-general-de-los-registros-y-el-notariado-enero-2019\/#r3\"> cantidad entregada<\/a>?<\/p>\n<p class=\"style4\" align=\"justify\"><img loading=\"lazy\" decoding=\"async\" src=\"https:\/\/www.notariosyregistradores.com\/images\/punto-colores.gif\" alt=\"https:\/\/www.notariosyregistradores.com\/images\/punto-colores.gif\" width=\"14\" height=\"14\" \/> 1069.- Que la <strong>base imponible de la daci\u00f3n en pago<\/strong>, seg\u00fan el TS, est\u00e1 constituida por el importe de la deuda que se extingue por la misma <a href=\"https:\/\/www.notariosyregistradores.com\/web\/secciones\/fiscal\/informes-mensuales-fiscal\/informe-actualidad-fiscal-marzo-2019-mapa-fiscal-arrendamiento-financiero-leasing-inmobiliario\/#itp\"> si es superior al valor real del inmueble<\/a>?<\/p>\n<p class=\"style4\" align=\"justify\"><img loading=\"lazy\" decoding=\"async\" src=\"https:\/\/www.notariosyregistradores.com\/images\/punto-colores.gif\" alt=\"https:\/\/www.notariosyregistradores.com\/images\/punto-colores.gif\" width=\"14\" height=\"14\" \/> 1068.- Que los <strong>Administradores Mancomunados<\/strong> pueden otorgar poder a uno de ellos para que act\u00fae mancomunadamente <a href=\"https:\/\/www.notariosyregistradores.com\/web\/resoluciones\/por-meses\/resoluciones-direccion-general-de-los-registros-y-el-notariado-marzo-2019\/#r106\"> con otra persona distinta<\/a>?<\/p>\n<p class=\"style4\" align=\"justify\"><img loading=\"lazy\" decoding=\"async\" src=\"https:\/\/www.notariosyregistradores.com\/images\/punto-colores.gif\" alt=\"https:\/\/www.notariosyregistradores.com\/images\/punto-colores.gif\" width=\"14\" height=\"14\" \/> 1067.- Que la <strong>adaptaci\u00f3n de una figura extranjera<\/strong> -que ordene medidas o incorpore derechos que resulten desconocidos en Derecho espa\u00f1ol- a una medida o derecho conocido en nuestro Derecho exigir\u00e1 un procedimiento especial con obligatoria comunicaci\u00f3n previa por parte del registrador <a href=\"https:\/\/www.notariosyregistradores.com\/web\/resoluciones\/por-meses\/resoluciones-direccion-general-de-los-registros-y-el-notariado-abril-2019\/#r130\"> al titular del derecho o medida<\/a>?<\/p>\n<p class=\"style4\" style=\"text-align: justify;\" align=\"justify\"><img loading=\"lazy\" decoding=\"async\" src=\"https:\/\/www.notariosyregistradores.com\/images\/punto-colores.gif\" alt=\"https:\/\/www.notariosyregistradores.com\/images\/punto-colores.gif\" width=\"14\" height=\"14\" \/> 1066.- Que el <strong>donante<\/strong> no puede reservarse la facultad de disponer \u00abpara s\u00ed\u00bb de los bienes donados, ni puede reservarse la facultad de recuperarlos <a href=\"https:\/\/www.notariosyregistradores.com\/web\/resoluciones\/por-meses\/resoluciones-direccion-general-de-los-registros-y-el-notariado-abril-2019\/#r146\"> por su simple decisi\u00f3n<\/a>?<\/p>\n<p class=\"style4\" align=\"justify\"><a id=\"s1065\"><\/a><img loading=\"lazy\" decoding=\"async\" src=\"https:\/\/www.notariosyregistradores.com\/images\/punto-colores.gif\" alt=\"https:\/\/www.notariosyregistradores.com\/images\/punto-colores.gif\" width=\"14\" height=\"14\" \/> 1065.- Que la <strong>interpretaci\u00f3n del testamento<\/strong>, a falta de albacea, contador partidor o acuerdo de los herederos corresponder\u00e1 a los <a href=\"https:\/\/www.notariosyregistradores.com\/web\/resoluciones\/por-meses\/resoluciones-direccion-general-de-los-registros-y-el-notariado-marzo-2019\/#r98\"> Tribunales de instancia<\/a>?<\/p>\n<div id=\"attachment_64352\" style=\"width: 310px\" class=\"wp-caption alignleft\"><a href=\"https:\/\/www.notariosyregistradores.com\/web\/notarios-y-registradores\/attachment\/banos_de_la_encina-jaen\/\"><img loading=\"lazy\" decoding=\"async\" aria-describedby=\"caption-attachment-64352\" class=\"wp-image-64352 size-medium\" src=\"https:\/\/www.notariosyregistradores.com\/web\/wp-content\/uploads\/2019\/10\/Ba\u00f1os_de_La_Encina-Jaen-pq-300x209.jpg\" alt=\"\" width=\"300\" height=\"209\" srcset=\"https:\/\/www.notariosyregistradores.com\/web\/wp-content\/uploads\/2019\/10\/Ba\u00f1os_de_La_Encina-Jaen-pq-300x209.jpg 300w, https:\/\/www.notariosyregistradores.com\/web\/wp-content\/uploads\/2019\/10\/Ba\u00f1os_de_La_Encina-Jaen-pq.jpg 301w\" sizes=\"auto, (max-width: 300px) 100vw, 300px\" \/><\/a><p id=\"caption-attachment-64352\" class=\"wp-caption-text\">Ba\u00f1os de La Encina (Ja\u00e9n). Por JFME<\/p><\/div>\n<p class=\"style4\" align=\"justify\"><img loading=\"lazy\" decoding=\"async\" src=\"https:\/\/www.notariosyregistradores.com\/images\/punto-colores.gif\" alt=\"https:\/\/www.notariosyregistradores.com\/images\/punto-colores.gif\" width=\"14\" height=\"14\" \/> 1064.- Que en los pr\u00e9stamos hipotecarios a inter\u00e9s variable relacionados con viviendas se proh\u00edbe limitar el inter\u00e9s a la baja (<strong>cl\u00e1usula suelo<\/strong>) pero que dicho tipo de inter\u00e9s <a href=\"https:\/\/www.notariosyregistradores.com\/web\/normas\/enriquecidas\/ley-reguladora-de-los-contratos-de-credito-inmobiliario\/#a21\"> no puede ser negativo<\/a>?<\/p>\n<p class=\"style4\" align=\"justify\"><img loading=\"lazy\" decoding=\"async\" src=\"https:\/\/www.notariosyregistradores.com\/images\/punto-colores.gif\" alt=\"https:\/\/www.notariosyregistradores.com\/images\/punto-colores.gif\" width=\"14\" height=\"14\" \/> 1063.- Que, si la <strong>cartograf\u00eda catastral est\u00e1 desplazada<\/strong> con respecto a la realidad y afecta a parcelas colindantes, la DGRN no admite la inscripci\u00f3n de ning\u00fan exceso de cabida de la finca registral, aunque sea menor del 5%, <a href=\"https:\/\/www.notariosyregistradores.com\/web\/resoluciones\/por-meses\/resoluciones-direccion-general-de-los-registros-y-el-notariado-marzo-2019\/#r92\"> sin previamente rectificar el Catastro<\/a>?<\/p>\n<p class=\"style4\" align=\"justify\"><img loading=\"lazy\" decoding=\"async\" src=\"https:\/\/www.notariosyregistradores.com\/images\/punto-colores.gif\" alt=\"https:\/\/www.notariosyregistradores.com\/images\/punto-colores.gif\" width=\"14\" height=\"14\" \/> 1062.- Que la jurisprudencia actual ya avanza la futura reforma del C\u00f3digo Civil sobre discapacidad, potenciando la figura de la <strong>curatela<\/strong> e <a href=\"https:\/\/www.notariosyregistradores.com\/web\/practica\/familia\/incapacitacion-tutela-curatela-y-adopcion-jurisprudencia-de-derecho-de-familia\/#tutela\"> interpretando nuestra normativa con arreglo a la Convenci\u00f3n de Nueva York de 13 diciembre 2006<\/a>?<\/p>\n<p class=\"style4\" align=\"justify\"><img loading=\"lazy\" decoding=\"async\" src=\"https:\/\/www.notariosyregistradores.com\/images\/punto-colores.gif\" alt=\"https:\/\/www.notariosyregistradores.com\/images\/punto-colores.gif\" width=\"14\" height=\"14\" \/> 1061.- Que la<strong> libertad de amortizaci\u00f3n <\/strong>es una opci\u00f3n y no un derecho, que debe ejercitarse en plazo reglamentario de presentaci\u00f3n de la <a href=\"https:\/\/www.notariosyregistradores.com\/web\/secciones\/fiscal\/informes-mensuales-fiscal\/informe-actualidad-fiscal-abril-2019-plusvalia-municipal\/#irpf\">declaraci\u00f3n tributaria<\/a>?<\/p>\n<p class=\"style4\" align=\"justify\"><img loading=\"lazy\" decoding=\"async\" src=\"https:\/\/www.notariosyregistradores.com\/images\/punto-colores.gif\" alt=\"https:\/\/www.notariosyregistradores.com\/images\/punto-colores.gif\" width=\"14\" height=\"14\" \/> 1060.- Que la cl\u00e1usula en una compraventa que meramente describe una <strong>nueva superficie y\/o linderos <\/strong>es por s\u00ed <a href=\"https:\/\/www.notariosyregistradores.com\/web\/resoluciones\/por-meses\/resoluciones-direccion-general-de-los-registros-y-el-notariado-marzo-2019\/#r111\"> meramente obligacional y no inscribible<\/a>?<\/p>\n<p class=\"style4\" align=\"justify\"><a id=\"s1059\"><\/a><img loading=\"lazy\" decoding=\"async\" src=\"https:\/\/www.notariosyregistradores.com\/images\/punto-colores.gif\" alt=\"https:\/\/www.notariosyregistradores.com\/images\/punto-colores.gif\" width=\"14\" height=\"14\" \/> 1059.- Que, en las notificaciones por correo, es \u00fanicamente el operador postal universal (<strong>Correos<\/strong>) el que goza de la presunci\u00f3n de veracidad y fehaciencia en la distribuci\u00f3n, entrega y recepci\u00f3n o reh\u00fase o imposibilidad de entrega de notificaciones de \u00f3rganos administrativos, judiciales, notariales y registrales, <a href=\"https:\/\/www.notariosyregistradores.com\/web\/resoluciones\/por-meses\/resoluciones-direccion-general-de-los-registros-y-el-notariado-febrero-2019\/#r34\"> tanto las realizadas por medios f\u00edsicos como telem\u00e1ticos<\/a>?<\/p>\n<div id=\"attachment_63875\" style=\"width: 310px\" class=\"wp-caption alignleft\"><a href=\"https:\/\/www.notariosyregistradores.com\/web\/notarios-y-registradores\/attachment\/zamora-puente_de_piedra\/\"><img loading=\"lazy\" decoding=\"async\" aria-describedby=\"caption-attachment-63875\" class=\"wp-image-63875 size-medium\" src=\"https:\/\/www.notariosyregistradores.com\/web\/wp-content\/uploads\/2019\/10\/Zamora-Puente_de_Piedra-pq-300x164.jpg\" alt=\"\" width=\"300\" height=\"164\" srcset=\"https:\/\/www.notariosyregistradores.com\/web\/wp-content\/uploads\/2019\/10\/Zamora-Puente_de_Piedra-pq-300x164.jpg 300w, https:\/\/www.notariosyregistradores.com\/web\/wp-content\/uploads\/2019\/10\/Zamora-Puente_de_Piedra-pq.jpg 301w\" sizes=\"auto, (max-width: 300px) 100vw, 300px\" \/><\/a><p id=\"caption-attachment-63875\" class=\"wp-caption-text\">Puente de Piedra (Zamora). Por Outisnn.<\/p><\/div>\n<p class=\"style4\" align=\"justify\"><img loading=\"lazy\" decoding=\"async\" src=\"https:\/\/www.notariosyregistradores.com\/images\/punto-colores.gif\" alt=\"https:\/\/www.notariosyregistradores.com\/images\/punto-colores.gif\" width=\"14\" height=\"14\" \/> 1058.- Que se pueden otorgar <strong>escrituras de reconciliaci\u00f3n<\/strong> entre los c\u00f3nyuges, en todos los casos, tanto si la separaci\u00f3n se produjo ante notario <a href=\"https:\/\/www.notariosyregistradores.com\/web\/secciones\/oficina-notarial\/informes-mensuales-o-n\/informe-oficina-notarial-febrero-2019-documentacion-judicial\/#practi4\"> como en sede judicial<\/a>?<\/p>\n<p class=\"style4\" align=\"justify\"><img loading=\"lazy\" decoding=\"async\" src=\"https:\/\/www.notariosyregistradores.com\/images\/punto-colores.gif\" alt=\"https:\/\/www.notariosyregistradores.com\/images\/punto-colores.gif\" width=\"14\" height=\"14\" \/> 1057.- Que el <strong>acuerdo extrajudicial de pagos<\/strong> puede extenderse a la pensi\u00f3n por alimentos, pero s\u00f3lo en la <a href=\"https:\/\/www.notariosyregistradores.com\/web\/secciones\/oficina-mercantil\/informes-mensuales-o-m\/informe-marzo-2019-acuerdo-extrajudicial-de-pagos-y-pension-de-alimentos\/#acuerdo-extrajudicial-de-pagos-su-posible-eficacia-parcial-en-relacion-a-pensiones-por-alimentos\"> parte ya devengada al hacer la solicitud<\/a>?<\/p>\n<p class=\"style4\" align=\"justify\"><img loading=\"lazy\" decoding=\"async\" src=\"https:\/\/www.notariosyregistradores.com\/images\/punto-colores.gif\" alt=\"https:\/\/www.notariosyregistradores.com\/images\/punto-colores.gif\" width=\"14\" height=\"14\" \/> 1056.- Que, en las <strong>disoluciones de comunidad<\/strong> con exceso de adjudicaci\u00f3n declarado por indivisibilidad satisfecho en dinero no hay sujeci\u00f3n a TPO y solo se tributa en AJD por el valor del inmueble que <a href=\"https:\/\/www.notariosyregistradores.com\/web\/secciones\/fiscal\/informes-mensuales-fiscal\/informe-actualidad-fiscal-abril-2019-plusvalia-municipal\/#itp\"> correspond\u00eda a los comuneros salientes?<\/a><\/p>\n<p class=\"style4\" align=\"justify\"><img loading=\"lazy\" decoding=\"async\" src=\"https:\/\/www.notariosyregistradores.com\/images\/punto-colores.gif\" alt=\"https:\/\/www.notariosyregistradores.com\/images\/punto-colores.gif\" width=\"14\" height=\"14\" \/> 1055.- Que en el expediente notarial de r<strong>eanudaci\u00f3n de tracto interrumpido<\/strong> no es necesario notificar a los colindantes a pesar de la remisi\u00f3n que el <a href=\"https:\/\/www.notariosyregistradores.com\/web\/normas\/ley-hipotecaria\/#a208\">art. 208 LH<\/a> hace al 203 LH <a href=\"https:\/\/www.notariosyregistradores.com\/web\/resoluciones\/por-meses\/resoluciones-direccion-general-de-los-registros-y-el-notariado-marzo-2019\/#r66\"> en materia de notificaciones<\/a>?<\/p>\n<p class=\"style4\" align=\"justify\"><img loading=\"lazy\" decoding=\"async\" src=\"https:\/\/www.notariosyregistradores.com\/images\/punto-colores.gif\" alt=\"https:\/\/www.notariosyregistradores.com\/images\/punto-colores.gif\" width=\"14\" height=\"14\" \/> 1054.- Que las <strong>subastas notariales<\/strong><strong>\u00a0voluntarias<\/strong> deben ajustarse imperativamente, por ser una cuesti\u00f3n de orden p\u00fablico,\u00a0a lo dispuesto en los <a href=\"https:\/\/www.notariosyregistradores.com\/web\/normas\/ley-del-notariado-de-1862\/#a72\"> art\u00edculos 72 a 76<\/a>\u00a0de la Ley del Notariado que se convierte en la normativa b\u00e1sica dentro de la legislaci\u00f3n notarial, por lo que es necesaria siempre <a href=\"https:\/\/www.notariosyregistradores.com\/web\/resoluciones\/por-meses\/resoluciones-direccion-general-de-los-registros-y-el-notariado-febrero-2019\/#r33\"> escritura p\u00fablica de venta para los inmuebles<\/a>?<\/p>\n<p class=\"style4\" align=\"justify\"><a id=\"s1053\"><\/a><img loading=\"lazy\" decoding=\"async\" src=\"https:\/\/www.notariosyregistradores.com\/images\/punto-colores.gif\" alt=\"https:\/\/www.notariosyregistradores.com\/images\/punto-colores.gif\" width=\"14\" height=\"14\" \/> 1053.- Que la DGRN ha admitido la <strong>donaci\u00f3n de la facultad de disponer<\/strong> sobre un bien, pero sin donar el bien, configurada <a href=\"https:\/\/www.notariosyregistradores.com\/web\/resoluciones\/por-meses\/resoluciones-direccion-general-de-los-registros-y-el-notariado-noviembre-2018\/#r450\"> como un derecho real at\u00edpico<\/a>?<\/p>\n<div id=\"attachment_63098\" style=\"width: 310px\" class=\"wp-caption alignright\"><a href=\"https:\/\/www.notariosyregistradores.com\/web\/notarios-y-registradores\/attachment\/toros_de_guisando-el_tiemblo-avila\/\"><img loading=\"lazy\" decoding=\"async\" aria-describedby=\"caption-attachment-63098\" class=\"wp-image-63098 size-medium\" src=\"https:\/\/www.notariosyregistradores.com\/web\/wp-content\/uploads\/2019\/09\/Toros_de_Guisando-El_Tiemblo-Avila-pq-300x203.jpg\" alt=\"\" width=\"300\" height=\"203\" srcset=\"https:\/\/www.notariosyregistradores.com\/web\/wp-content\/uploads\/2019\/09\/Toros_de_Guisando-El_Tiemblo-Avila-pq-300x203.jpg 300w, https:\/\/www.notariosyregistradores.com\/web\/wp-content\/uploads\/2019\/09\/Toros_de_Guisando-El_Tiemblo-Avila-pq.jpg 317w\" sizes=\"auto, (max-width: 300px) 100vw, 300px\" \/><\/a><p id=\"caption-attachment-63098\" class=\"wp-caption-text\">Toros de Guisando en El Tiemblo (\u00c1vila). Por JFME<\/p><\/div>\n<p class=\"style4\" align=\"justify\"><img loading=\"lazy\" decoding=\"async\" src=\"https:\/\/www.notariosyregistradores.com\/images\/punto-colores.gif\" alt=\"https:\/\/www.notariosyregistradores.com\/images\/punto-colores.gif\" width=\"14\" height=\"14\" \/> 1052.- Que el <strong>r\u00e9gimen econ\u00f3mico matrimonial <\/strong>no convencional es el que resulte de las manifestaciones de los c\u00f3nyuges en la escritura, sin que sea necesario explicitar los puntos de conexi\u00f3n que determinan dicho r\u00e9gimen <a href=\"https:\/\/www.notariosyregistradores.com\/web\/resoluciones\/por-meses\/resoluciones-direccion-general-de-los-registros-y-el-notariado-diciembre-2018\/#r463\"> y tampoco acreditarlos?<\/a><\/p>\n<p class=\"style4\" align=\"justify\"><img loading=\"lazy\" decoding=\"async\" src=\"https:\/\/www.notariosyregistradores.com\/images\/punto-colores.gif\" alt=\"https:\/\/www.notariosyregistradores.com\/images\/punto-colores.gif\" width=\"14\" height=\"14\" \/> 1051.- Que no pueden obtenerse licencias de edificaci\u00f3n por <strong>silencio<\/strong>, pues \u00e9ste es negativo, incluso <a href=\"https:\/\/www.notariosyregistradores.com\/web\/resoluciones\/por-meses\/resoluciones-direccion-general-de-los-registros-y-el-notariado-enero-2019\/#r8\"> aunque existan informes previos favorables<\/a>?<\/p>\n<p class=\"style4\" align=\"justify\"><img loading=\"lazy\" decoding=\"async\" src=\"https:\/\/www.notariosyregistradores.com\/images\/punto-colores.gif\" alt=\"https:\/\/www.notariosyregistradores.com\/images\/punto-colores.gif\" width=\"14\" height=\"14\" \/> 1050.- Que el deudor puede enajenar sus bienes durante el <a href=\"https:\/\/www.notariosyregistradores.com\/web\/resoluciones\/por-meses\/resoluciones-direccion-general-de-los-registros-y-el-notariado-noviembre-2018\/#r414\"> procedimiento de mediaci\u00f3n concursal<\/a>?<\/p>\n<p class=\"style4\" align=\"justify\"><img loading=\"lazy\" decoding=\"async\" src=\"https:\/\/www.notariosyregistradores.com\/images\/punto-colores.gif\" alt=\"https:\/\/www.notariosyregistradores.com\/images\/punto-colores.gif\" width=\"14\" height=\"14\" \/> 1049.- Que la DGRN admite el <strong>pacto marciano<\/strong>, al menos en buques, si el precio de enajenaci\u00f3n resulta objetivo y se consigna el sobrante en caso de existir acreedores posteriores, <a href=\"https:\/\/www.notariosyregistradores.com\/web\/resoluciones\/por-meses\/resoluciones-direccion-general-de-los-registros-y-el-notariado-enero-2019\/#r30\"> entendiendo que la prohibici\u00f3n del pacto comisorio no es absoluta<\/a>?<\/p>\n<p class=\"style4\" align=\"justify\"><img loading=\"lazy\" decoding=\"async\" src=\"https:\/\/www.notariosyregistradores.com\/images\/punto-colores.gif\" alt=\"https:\/\/www.notariosyregistradores.com\/images\/punto-colores.gif\" width=\"14\" height=\"14\" \/> 1048.- Que la teor\u00eda del <strong>negocio complejo<\/strong> que permite la hipoteca por un solo c\u00f3nyuge si es inmediata a la compra s\u00f3lo por \u00e9l, puede no ser aplicable a casos en los que el <a href=\"https:\/\/www.notariosyregistradores.com\/RESOLUCIONES\/2011-SEPTIEMBRE.htm#r186\"> r\u00e9gimen econ\u00f3mico matrimonial sea extranjero<\/a>?<\/p>\n<p class=\"style4\" align=\"justify\"><a id=\"s1047\"><\/a><img loading=\"lazy\" decoding=\"async\" src=\"https:\/\/www.notariosyregistradores.com\/images\/punto-colores.gif\" alt=\"https:\/\/www.notariosyregistradores.com\/images\/punto-colores.gif\" width=\"14\" height=\"14\" \/> 1047.- Que, cuando el <strong>Administrado<\/strong>r de una sociedad que vende <strong> no est\u00e1 inscrito<\/strong>, la rese\u00f1a notarial de los documentos en los que base el notario su juicio de suficiencia ha de incorporar tres elementos m\u00e1s, debiendo basarse la nota de calificaci\u00f3n en el an\u00e1lisis de dicha rese\u00f1a y <a href=\"https:\/\/www.notariosyregistradores.com\/web\/resoluciones\/por-meses\/resoluciones-direccion-general-de-los-registros-y-el-notariado-noviembre-2018\/#r447\"> no exclusivamente en la falta de inscripci\u00f3n en el Registro Mercantil<\/a>?<\/p>\n<div id=\"attachment_62563\" style=\"width: 310px\" class=\"wp-caption alignleft\"><a href=\"https:\/\/www.notariosyregistradores.com\/web\/notarios-y-registradores\/attachment\/madrid-parque-quinta-torre-arias\/\"><img loading=\"lazy\" decoding=\"async\" aria-describedby=\"caption-attachment-62563\" class=\"wp-image-62563 size-medium\" src=\"https:\/\/www.notariosyregistradores.com\/web\/wp-content\/uploads\/2019\/08\/Madrid-Parque-Quinta-Torre-Arias-pq-300x225.jpg\" alt=\"\" width=\"300\" height=\"225\" srcset=\"https:\/\/www.notariosyregistradores.com\/web\/wp-content\/uploads\/2019\/08\/Madrid-Parque-Quinta-Torre-Arias-pq-300x225.jpg 300w, https:\/\/www.notariosyregistradores.com\/web\/wp-content\/uploads\/2019\/08\/Madrid-Parque-Quinta-Torre-Arias-pq.jpg 302w\" sizes=\"auto, (max-width: 300px) 100vw, 300px\" \/><\/a><p id=\"caption-attachment-62563\" class=\"wp-caption-text\">Quinta Torre Arias en Madrid. Por JFME.<\/p><\/div>\n<p class=\"style4\" align=\"justify\"><img loading=\"lazy\" decoding=\"async\" src=\"https:\/\/www.notariosyregistradores.com\/images\/punto-colores.gif\" alt=\"https:\/\/www.notariosyregistradores.com\/images\/punto-colores.gif\" width=\"14\" height=\"14\" \/> 1046.- Que en los casos de disoluci\u00f3n de comunidad con exceso de adjudicaci\u00f3n satisfecho en dinero, a los efectos de la <strong>plusval\u00eda municipal<\/strong>, no hay transmisi\u00f3n en la disoluci\u00f3n de comunidad, por lo que en la ulterior transmisi\u00f3n del adjudicatario el per\u00edodo de generaci\u00f3n se retrotrae a la <a href=\"https:\/\/www.notariosyregistradores.com\/web\/secciones\/fiscal\/informes-mensuales-fiscal\/informe-actualidad-fiscal-diciembre-2018\/#plusvalia\"> fecha inicial de las adquisici\u00f3n por los condue\u00f1os<\/a>?<\/p>\n<p class=\"style4\" align=\"justify\"><img loading=\"lazy\" decoding=\"async\" src=\"https:\/\/www.notariosyregistradores.com\/images\/punto-colores.gif\" alt=\"https:\/\/www.notariosyregistradores.com\/images\/punto-colores.gif\" width=\"14\" height=\"14\" \/> 1045.- Que, cuando <strong>cambia el socio \u00fanico,<\/strong> conviene que se inscriba de modo previo, pues, si no es as\u00ed, para ejecutar sus acuerdos, debe acreditar que efectivamente es el socio \u00fanico de la sociedad para as\u00ed poder desvirtuar la titularidad de otro socio \u00fanico distinto que se ampara en el <a href=\"https:\/\/www.notariosyregistradores.com\/web\/resoluciones\/por-meses\/resoluciones-direccion-general-de-los-registros-y-el-notariado-diciembre-2018\/#r497\"> principio de legitimaci\u00f3n registral<\/a>?<\/p>\n<p class=\"style4\" align=\"justify\"><img loading=\"lazy\" decoding=\"async\" src=\"https:\/\/www.notariosyregistradores.com\/images\/punto-colores.gif\" alt=\"https:\/\/www.notariosyregistradores.com\/images\/punto-colores.gif\" width=\"14\" height=\"14\" \/> 1044.- Que en los contratos de <strong>arrendamiento de local de negocios<\/strong> en los que se pacte <strong>pr\u00f3rroga<\/strong>, <a href=\"https:\/\/www.notariosyregistradores.com\/web\/resoluciones\/por-meses\/resoluciones-direccion-general-de-los-registros-y-el-notariado-noviembre-2018\/#r438\"> ha de expresarse la duraci\u00f3n de \u00e9sta<\/a>?<\/p>\n<p class=\"style4\" align=\"justify\"><img loading=\"lazy\" decoding=\"async\" src=\"https:\/\/www.notariosyregistradores.com\/images\/punto-colores.gif\" alt=\"https:\/\/www.notariosyregistradores.com\/images\/punto-colores.gif\" width=\"14\" height=\"14\" \/> 1043.- Que la no expresi\u00f3n de la referencia catastral en la inscripci\u00f3n por no cumplirse los requisitos del <a href=\"https:\/\/www.boe.es\/buscar\/act.php?id=BOE-A-2004-4163&amp;p=20181229&amp;tn=1#a45\"> art. 45 Ley Catastro<\/a> NO necesita incluirse formal y expresamente como defecto <a href=\"https:\/\/www.notariosyregistradores.com\/web\/resoluciones\/por-meses\/resoluciones-direccion-general-de-los-registros-y-el-notariado-diciembre-2018\/#r464\"> en la calificaci\u00f3n negativa<\/a>?<\/p>\n<p class=\"style4\" align=\"justify\"><img loading=\"lazy\" decoding=\"async\" src=\"https:\/\/www.notariosyregistradores.com\/images\/punto-colores.gif\" alt=\"https:\/\/www.notariosyregistradores.com\/images\/punto-colores.gif\" width=\"14\" height=\"14\" \/> 1042.- Que desde el 18 de enero de 2019, la <strong>publicidad de los edictos <\/strong>emitidos por juzgados y tribunales se realizar\u00e1 a trav\u00e9s del <a href=\"https:\/\/www.notariosyregistradores.com\/web\/normas\/informes-mensuales\/informe-291-boe-diciembre-2018\/#reforma-ley-organica-poder-judicial\">Tabl\u00f3n Edictal Judicial \u00danico<\/a>?<\/p>\n<p class=\"style4\" align=\"justify\"><a id=\"s1041\"><\/a><img loading=\"lazy\" decoding=\"async\" src=\"https:\/\/www.notariosyregistradores.com\/images\/punto-colores.gif\" alt=\"https:\/\/www.notariosyregistradores.com\/images\/punto-colores.gif\" width=\"14\" height=\"14\" \/> 1041.- Que antes de firmar una compra conviene consultar la situaci\u00f3n del vendedor en el <strong>Registro P\u00fablico Concursal,<\/strong> que es gratuito, y lo ha de hacer el Registrador antes de inscribir aunque no est\u00e9 anotado el <a href=\"https:\/\/www.notariosyregistradores.com\/web\/resoluciones\/por-meses\/resoluciones-direccion-general-de-los-registros-y-el-notariado-noviembre-2018\/#r428\"> concurso en el Registro de la Propiedad<\/a>?<\/p>\n<div id=\"attachment_61893\" style=\"width: 358px\" class=\"wp-caption alignright\"><a href=\"https:\/\/www.notariosyregistradores.com\/web\/notarios-y-registradores\/attachment\/cabaneros-atardecer-ciudad-real\/\"><img loading=\"lazy\" decoding=\"async\" aria-describedby=\"caption-attachment-61893\" class=\"wp-image-61893 size-full\" src=\"https:\/\/www.notariosyregistradores.com\/web\/wp-content\/uploads\/2019\/07\/Caba\u00f1eros-Atardecer-Ciudad-Real-pq.jpg\" alt=\"\" width=\"348\" height=\"196\" srcset=\"https:\/\/www.notariosyregistradores.com\/web\/wp-content\/uploads\/2019\/07\/Caba\u00f1eros-Atardecer-Ciudad-Real-pq.jpg 348w, https:\/\/www.notariosyregistradores.com\/web\/wp-content\/uploads\/2019\/07\/Caba\u00f1eros-Atardecer-Ciudad-Real-pq-300x169.jpg 300w\" sizes=\"auto, (max-width: 348px) 100vw, 348px\" \/><\/a><p id=\"caption-attachment-61893\" class=\"wp-caption-text\">Parque Nacional de Caba\u00f1eros (Ciudad Real). Por JFME.<\/p><\/div>\n<p class=\"style4\" align=\"justify\"><img loading=\"lazy\" decoding=\"async\" src=\"https:\/\/www.notariosyregistradores.com\/images\/punto-colores.gif\" alt=\"https:\/\/www.notariosyregistradores.com\/images\/punto-colores.gif\" width=\"14\" height=\"14\" \/> 1040.- Que, si en la <strong>ejecuci\u00f3n hipotecaria de la vivienda habitual<\/strong> las costas superan el 5%, no procede inscribir la adjudicaci\u00f3n por no tratarse de un procedimiento adecuado para provocar el <a href=\"https:\/\/www.notariosyregistradores.com\/web\/resoluciones\/por-meses\/resoluciones-direccion-general-de-los-registros-y-el-notariado-octubre-2018\/#r382\"> sacrificio patrimonial del ejecutado<\/a>?<\/p>\n<p class=\"style4\" align=\"justify\"><img loading=\"lazy\" decoding=\"async\" src=\"https:\/\/www.notariosyregistradores.com\/images\/punto-colores.gif\" alt=\"https:\/\/www.notariosyregistradores.com\/images\/punto-colores.gif\" width=\"14\" height=\"14\" \/> 1039.- Que el <strong>divorcio matrimonial<\/strong> y la ruptura de una pareja de hecho dejan ineficaz, tambi\u00e9n en Derecho Com\u00fan, como regla general, la disposici\u00f3n testamentaria previa <a href=\"https:\/\/www.notariosyregistradores.com\/web\/secciones\/oficina-notarial\/otros-temas\/divorcio-quita-testamento-en-derecho-comun\/#nuevos\"> de un miembro de la pareja en favor del otro<\/a>?<\/p>\n<p class=\"style4\" align=\"justify\"><img loading=\"lazy\" decoding=\"async\" src=\"https:\/\/www.notariosyregistradores.com\/images\/punto-colores.gif\" alt=\"https:\/\/www.notariosyregistradores.com\/images\/punto-colores.gif\" width=\"14\" height=\"14\" \/> 1038.- Que la <strong>anulaci\u00f3n de un plan general<\/strong> no conlleva necesariamente la nulidad de las licencias <a href=\"https:\/\/www.notariosyregistradores.com\/web\/resoluciones\/por-meses\/resoluciones-direccion-general-de-los-registros-y-el-notariado-noviembre-2018\/#r424\"> concedidas a su amparo<\/a>?<\/p>\n<p class=\"style4\" align=\"justify\"><img loading=\"lazy\" decoding=\"async\" src=\"https:\/\/www.notariosyregistradores.com\/images\/punto-colores.gif\" alt=\"https:\/\/www.notariosyregistradores.com\/images\/punto-colores.gif\" width=\"14\" height=\"14\" \/> 1037.- Que una sociedad, si enajena el negocio que representaba su <strong>objeto social<\/strong> y lo sustituye por acciones o participaciones en otra sociedad, puede incurrir en causa legal de disoluci\u00f3n <a href=\"https:\/\/www.notariosyregistradores.com\/web\/secciones\/oficina-mercantil\/informes-mensuales-o-m\/informe-diciembre-2018-registros-mercantiles-sociedades-de-mera-tenencia-de-bienes-disolucion\/#cuestiones-de-interes-sociedades-de-mera-tenencia-de-bienes-estan-incursas-en-causa-legal-de-disolucion\"> por falta de ejercicio de su objeto<\/a>?.<\/p>\n<p class=\"style4\" align=\"justify\"><img loading=\"lazy\" decoding=\"async\" src=\"https:\/\/www.notariosyregistradores.com\/images\/punto-colores.gif\" alt=\"https:\/\/www.notariosyregistradores.com\/images\/punto-colores.gif\" width=\"14\" height=\"14\" \/> 1036.- Que las <strong>condiciones resolutorias en garant\u00eda de obligaciones de hacer y de no hacer<\/strong> no se pueden cancelar por la v\u00eda de la prescripci\u00f3n del\u00a0<a href=\"https:\/\/www.notariosyregistradores.com\/web\/normas\/ley-hipotecaria\/#a82\">art. 82.5 LH<\/a>, sino que hay que acudir a la caducidad de 40 a\u00f1os del\u00a0<a href=\"https:\/\/www.notariosyregistradores.com\/web\/normas\/ley-hipotecaria\/#a210\">art 210, LH<\/a>\u00a0regla 8\u00ba, seg\u00fan <a href=\"https:\/\/www.notariosyregistradores.com\/web\/resoluciones\/por-meses\/resoluciones-direccion-general-de-los-registros-y-el-notariado-noviembre-2018\/#r421\"> esta did\u00e1ctica RDGRN<\/a>?<\/p>\n<p class=\"style4\" align=\"justify\"><a id=\"s1035\"><\/a><img loading=\"lazy\" decoding=\"async\" src=\"https:\/\/www.notariosyregistradores.com\/images\/punto-colores.gif\" alt=\"https:\/\/www.notariosyregistradores.com\/images\/punto-colores.gif\" width=\"14\" height=\"14\" \/> 1035.- Que notarios y registradores pueden apreciar la existencia de una <strong> aceptaci\u00f3n t\u00e1cita de la herencia <\/strong> <a href=\"https:\/\/www.notariosyregistradores.com\/web\/secciones\/oposiciones\/informes-opositores\/informe-opositores-notarias-y-registros-noviembre-2018\/#aceptacion\"> cuando resulte de actos concluyentes<\/a>?<\/p>\n<div id=\"attachment_61296\" style=\"width: 311px\" class=\"wp-caption alignleft\"><a href=\"https:\/\/www.notariosyregistradores.com\/web\/notarios-y-registradores\/attachment\/atienza-iglesia_de_san-bartolome-guadalajara\/\"><img loading=\"lazy\" decoding=\"async\" aria-describedby=\"caption-attachment-61296\" class=\"size-full wp-image-61296\" src=\"https:\/\/www.notariosyregistradores.com\/web\/wp-content\/uploads\/2019\/07\/Atienza-Iglesia_de_San-Bartolome-Guadalajara-pq.jpg\" alt=\"\" width=\"301\" height=\"202\" srcset=\"https:\/\/www.notariosyregistradores.com\/web\/wp-content\/uploads\/2019\/07\/Atienza-Iglesia_de_San-Bartolome-Guadalajara-pq.jpg 301w, https:\/\/www.notariosyregistradores.com\/web\/wp-content\/uploads\/2019\/07\/Atienza-Iglesia_de_San-Bartolome-Guadalajara-pq-300x201.jpg 300w\" sizes=\"auto, (max-width: 301px) 100vw, 301px\" \/><\/a><p id=\"caption-attachment-61296\" class=\"wp-caption-text\">Iglesia de San Bartolom\u00e9 (Atienza). Foto obtenida de la web <a href=\"https:\/\/www.lacasadesangil.com\" target=\"_blank\" rel=\"noopener noreferrer\">https:\/\/www.lacasadesangil.com<\/a><\/p><\/div>\n<p class=\"style4\" align=\"justify\"><img loading=\"lazy\" decoding=\"async\" src=\"https:\/\/www.notariosyregistradores.com\/images\/punto-colores.gif\" alt=\"https:\/\/www.notariosyregistradores.com\/images\/punto-colores.gif\" width=\"14\" height=\"14\" \/> 1034.- Que la <strong>notificaci\u00f3n extempor\u00e1nea<\/strong> en la venta extrajudicial a acreedores posteriores impide la <a href=\"https:\/\/www.notariosyregistradores.com\/web\/resoluciones\/por-meses\/resoluciones-direccion-general-de-los-registros-y-el-notariado-agosto-2018\/#r309\">cancelaci\u00f3n de sus asientos<\/a>?<\/p>\n<p class=\"style4\" align=\"justify\"><img loading=\"lazy\" decoding=\"async\" src=\"https:\/\/www.notariosyregistradores.com\/images\/punto-colores.gif\" alt=\"https:\/\/www.notariosyregistradores.com\/images\/punto-colores.gif\" width=\"14\" height=\"14\" \/> 1033.- Que la <strong>vinculaci\u00f3n ob rem<\/strong> de inmuebles, seg\u00fan consulta a la DGTributos, queda sujeta a AJD, pero s\u00f3lo respecto de las fincas accesorias <a href=\"https:\/\/www.notariosyregistradores.com\/web\/secciones\/fiscal\/informes-mensuales-fiscal\/informe-actualidad-fiscal-noviembre-2018-mapa-fiscal-tributacion-prestamos-hipotecarios\/#obrem\"> que se vinculan a las principales<\/a>?<\/p>\n<p class=\"style4\" align=\"justify\"><img loading=\"lazy\" decoding=\"async\" src=\"https:\/\/www.notariosyregistradores.com\/images\/punto-colores.gif\" alt=\"https:\/\/www.notariosyregistradores.com\/images\/punto-colores.gif\" width=\"14\" height=\"14\" \/> 1032.- Que, para inscribir la sentencia aprobatoria de un <strong>convenio concursal<\/strong> normalmente ser\u00e1 necesario <a href=\"https:\/\/www.notariosyregistradores.com\/web\/secciones\/oficina-registral\/informes-mensuales-o-r\/oficina-registral-propiedad-informe-noviembre-2018\/#tema-del-mes-actos-inscribibles-y-no-inscribibles-en-el-registro-de-la-propiedad-en-la-fase-de-convenio-del-concurso-emma-rojo\"> que se aporte el convenio en s\u00ed<\/a>?<\/p>\n<p class=\"style4\" align=\"justify\"><img loading=\"lazy\" decoding=\"async\" src=\"https:\/\/www.notariosyregistradores.com\/images\/punto-colores.gif\" alt=\"https:\/\/www.notariosyregistradores.com\/images\/punto-colores.gif\" width=\"14\" height=\"14\" \/> 1031.- Que NO cabe Instancia Privada para inscribir, si junto al <strong>heredero \u00fanico<\/strong> concurre un usufructuario, <a href=\"https:\/\/www.notariosyregistradores.com\/web\/resoluciones\/por-meses\/resoluciones-direccion-general-de-los-registros-y-el-notariado-diciembre-2018\/#r475\"> debiendo otorgar ambos escritura p\u00fablica<\/a>?<\/p>\n<p class=\"style4\" align=\"justify\"><img loading=\"lazy\" decoding=\"async\" src=\"https:\/\/www.notariosyregistradores.com\/images\/punto-colores.gif\" alt=\"https:\/\/www.notariosyregistradores.com\/images\/punto-colores.gif\" width=\"14\" height=\"14\" \/> 1030.- Que, cuando en una <strong>hipoteca<\/strong> se ha pactado la <strong>extensi\u00f3n<\/strong> a todo cuando comprenden los <a href=\"https:\/\/www.notariosyregistradores.com\/web\/normas\/ley-hipotecaria\/#a109\"> arts 109<\/a> y <a href=\"https:\/\/www.notariosyregistradores.com\/web\/normas\/ley-hipotecaria\/#a110\"> 110 LH<\/a>, la adjudicaci\u00f3n hipotecaria <a href=\"https:\/\/www.notariosyregistradores.com\/web\/resoluciones\/por-meses\/resoluciones-direccion-general-de-los-registros-y-el-notariado-noviembre-2018\/#r416\"> se extiende tambi\u00e9n a las fincas a ella agrupadas<\/a>?<\/p>\n<p class=\"style4\" align=\"justify\"><a id=\"s1029\"><\/a><img loading=\"lazy\" decoding=\"async\" src=\"https:\/\/www.notariosyregistradores.com\/images\/punto-colores.gif\" alt=\"https:\/\/www.notariosyregistradores.com\/images\/punto-colores.gif\" width=\"14\" height=\"14\" \/> 1029.- Que en la <strong>obra nueva de un local comercial<\/strong> la declaraci\u00f3n responsable, si la permite la legislaci\u00f3n auton\u00f3mica, s\u00f3lo puede suplir la licencia de uso o de actividad <a href=\"https:\/\/www.notariosyregistradores.com\/web\/resoluciones\/por-meses\/resoluciones-direccion-general-de-los-registros-y-el-notariado-octubre-2018\/#r380\"> pero no la licencia de obras<\/a>?<\/p>\n<div id=\"attachment_60544\" style=\"width: 310px\" class=\"wp-caption alignright\"><a href=\"https:\/\/www.notariosyregistradores.com\/web\/notarios-y-registradores\/attachment\/baeza-fuente_de_santa_maria-y-catedral-jaen\/\"><img loading=\"lazy\" decoding=\"async\" aria-describedby=\"caption-attachment-60544\" class=\"wp-image-60544 size-full\" src=\"https:\/\/www.notariosyregistradores.com\/web\/wp-content\/uploads\/2019\/06\/Baeza-Fuente_de_Santa_Maria-y-Catedral-Jaen-pq.jpg\" alt=\"\" width=\"300\" height=\"224\" \/><\/a><p id=\"caption-attachment-60544\" class=\"wp-caption-text\">Baeza (Ja\u00e9n): Fuente de Santa Mar\u00eda y Catedral. Por JFME<\/p><\/div>\n<p class=\"style4\" align=\"justify\"><img loading=\"lazy\" decoding=\"async\" src=\"https:\/\/www.notariosyregistradores.com\/images\/punto-colores.gif\" alt=\"https:\/\/www.notariosyregistradores.com\/images\/punto-colores.gif\" width=\"14\" height=\"14\" \/> 1028.- Que el final del <a href=\"https:\/\/www.notariosyregistradores.com\/web\/normas\/reglamento-hipotecario-titulos-i-y-ii\/#art95\"> art\u00edculo 95.4 del Reglamento Hipotecario<\/a> podr\u00eda excederse de lo previsto en el <a href=\"https:\/\/www.notariosyregistradores.com\/web\/columna-izq\/codigo-civil-libro-cuarto-articulos-1088-al-1537\/#art1324\"> art\u00edculo 1324 del C\u00f3digo Civil<\/a>, en cuanto a los efectos de la <strong>confesi\u00f3n de privatividad<\/strong>, al <a href=\"https:\/\/www.notariosyregistradores.com\/web\/secciones\/oficina-notarial\/modelos\/asentimiento-para-adquirir-y-confesion-de-privatividad-en-los-regimenes-matrimoniales-extranjeros\/#confesion2\"> exigir determinados consentimientos no exigidos por el 1324 Cc<\/a>?<\/p>\n<p class=\"style4\" align=\"justify\"><img loading=\"lazy\" decoding=\"async\" src=\"https:\/\/www.notariosyregistradores.com\/images\/punto-colores.gif\" alt=\"https:\/\/www.notariosyregistradores.com\/images\/punto-colores.gif\" width=\"14\" height=\"14\" \/> 1027.- Que, si <strong>falta un NIF <\/strong>en una escritura, s\u00f3lo se puede subsanar haciendo una diligencia de subsanaci\u00f3n o escritura complementaria, <a href=\"https:\/\/www.notariosyregistradores.com\/web\/resoluciones\/por-meses\/resoluciones-direccion-general-de-los-registros-y-el-notariado-octubre-2018\/#r375\"> no llev\u00e1ndoselo al registrador<\/a>?<\/p>\n<p class=\"style4\" align=\"justify\"><img loading=\"lazy\" decoding=\"async\" src=\"https:\/\/www.notariosyregistradores.com\/images\/punto-colores.gif\" alt=\"https:\/\/www.notariosyregistradores.com\/images\/punto-colores.gif\" width=\"14\" height=\"14\" \/> 1026.- Que el <strong>poder extranjero<\/strong> que ha de ser calificado por funcionario espa\u00f1ol, se ha de interpretar seg\u00fan nuestro derecho, siendo el <a href=\"https:\/\/www.notariosyregistradores.com\/web\/secciones\/oficina-notarial\/otros-temas\/poder-itinerante-de-alemania-a-espana\/\"> primer medio hermen\u00e9utico el literal<\/a>?<\/p>\n<p class=\"style4\" align=\"justify\"><img loading=\"lazy\" decoding=\"async\" src=\"https:\/\/www.notariosyregistradores.com\/images\/punto-colores.gif\" alt=\"https:\/\/www.notariosyregistradores.com\/images\/punto-colores.gif\" width=\"14\" height=\"14\" \/> 1025.- Que la entrega voluntaria del <strong>bien financiado a plazos<\/strong>, como un veh\u00edculo por ejemplo, extingue la deuda por el importe de la tasaci\u00f3n a efectos de subasta <a href=\"https:\/\/www.notariosyregistradores.com\/web\/secciones\/oficina-mercantil\/informes-mensuales-o-m\/informe-noviembre-registros-mercantiles-y-de-bienes-muebles-derechos-del-consumidor-en-la-ejecucion-de-bienes-vendidos-a-plazos\/#cuestiones-de-interes-la-ejecucion-de-bienes-financiados-a-plazos-derechos-del-consumidor-y-tasacion-a-efectos-de-subasta\"> con independencia del precio obtenido en la venta<\/a>?<\/p>\n<p class=\"style4\" align=\"justify\"><img loading=\"lazy\" decoding=\"async\" src=\"https:\/\/www.notariosyregistradores.com\/images\/punto-colores.gif\" alt=\"https:\/\/www.notariosyregistradores.com\/images\/punto-colores.gif\" width=\"14\" height=\"14\" \/> 1024.- Que, aunque el testador haya hecho <strong>desheredaciones<\/strong>, si todos los herederos consideran que no hay justa causa, pueden tenerse por no puestas y hacerse la partici\u00f3n concedi\u00e9ndoles la leg\u00edtima estricta <a href=\"https:\/\/www.notariosyregistradores.com\/web\/resoluciones\/por-meses\/resoluciones-direccion-general-de-los-registros-y-el-notariado-octubre-2018\/#r400\"> sin necesidad de declaraci\u00f3n judicial<\/a>?<\/p>\n<p class=\"style4\" align=\"justify\"><a id=\"s1023\"><\/a><img loading=\"lazy\" decoding=\"async\" src=\"https:\/\/www.notariosyregistradores.com\/images\/punto-colores.gif\" alt=\"https:\/\/www.notariosyregistradores.com\/images\/punto-colores.gif\" width=\"14\" height=\"14\" \/> 1023.- Que, en un caso en que los <strong>exc\u00f3nyuges ejercitan un derecho de opci\u00f3n de compra ganancial,<\/strong> la DGRN permite que se inscriba la compra por mitades indivisas, a su favor sin que se precise la <a href=\"https:\/\/www.notariosyregistradores.com\/web\/resoluciones\/por-meses\/resoluciones-direccion-general-de-los-registros-y-el-notariado-agosto-2018\/#r303\"> liquidaci\u00f3n previa de la sociedad de gananciales<\/a>?<\/p>\n<div id=\"attachment_59780\" style=\"width: 310px\" class=\"wp-caption alignleft\"><a href=\"https:\/\/www.notariosyregistradores.com\/web\/notarios-y-registradores\/attachment\/alcala_de_henares-claustro-universidad\/\"><img loading=\"lazy\" decoding=\"async\" aria-describedby=\"caption-attachment-59780\" class=\"wp-image-59780 size-medium\" src=\"https:\/\/www.notariosyregistradores.com\/web\/wp-content\/uploads\/2019\/05\/Alcala_de_Henares-claustro-Universidad-pq-300x143.jpg\" alt=\"\" width=\"300\" height=\"143\" srcset=\"https:\/\/www.notariosyregistradores.com\/web\/wp-content\/uploads\/2019\/05\/Alcala_de_Henares-claustro-Universidad-pq-300x143.jpg 300w, https:\/\/www.notariosyregistradores.com\/web\/wp-content\/uploads\/2019\/05\/Alcala_de_Henares-claustro-Universidad-pq.jpg 324w\" sizes=\"auto, (max-width: 300px) 100vw, 300px\" \/><\/a><p id=\"caption-attachment-59780\" class=\"wp-caption-text\">Claustro de la Universidad de Alcal\u00e1 de Henares (Madrid). Por JFME<\/p><\/div>\n<p class=\"style4\" align=\"justify\"><img loading=\"lazy\" decoding=\"async\" src=\"https:\/\/www.notariosyregistradores.com\/images\/punto-colores.gif\" alt=\"https:\/\/www.notariosyregistradores.com\/images\/punto-colores.gif\" width=\"14\" height=\"14\" \/> 1022.- Que la <strong>Junta General<\/strong> de una propiedad horizontal no es competente para restringir los usos de un local, <a href=\"https:\/\/www.notariosyregistradores.com\/web\/resoluciones\/por-meses\/resoluciones-direccion-general-de-los-registros-y-el-notariado-agosto-2018\/#r315\"> si no consiente su propietario<\/a>?<\/p>\n<p class=\"style4\" align=\"justify\"><img loading=\"lazy\" decoding=\"async\" src=\"https:\/\/www.notariosyregistradores.com\/images\/punto-colores.gif\" alt=\"https:\/\/www.notariosyregistradores.com\/images\/punto-colores.gif\" width=\"14\" height=\"14\" \/> 1021.- Que el <strong>levantamiento del velo<\/strong> requiere <a href=\"https:\/\/www.notariosyregistradores.com\/web\/resoluciones\/por-meses\/resoluciones-direccion-general-de-los-registros-y-el-notariado-agosto-2018\/#r308\"> decisi\u00f3n judicial<\/a>?<\/p>\n<p class=\"style4\" align=\"justify\"><img loading=\"lazy\" decoding=\"async\" src=\"https:\/\/www.notariosyregistradores.com\/images\/punto-colores.gif\" alt=\"https:\/\/www.notariosyregistradores.com\/images\/punto-colores.gif\" width=\"14\" height=\"14\" \/> 1020.- Que cabe hacer constar en el registro el<strong> uso<\/strong> que ha de darse a una edificaci\u00f3n o terreno, <a href=\"https:\/\/www.notariosyregistradores.com\/web\/resoluciones\/por-meses\/resoluciones-direccion-general-de-los-registros-y-el-notariado-septiembre-2018\/#r351\"> por ejemplo, uso tur\u00edstico<\/a>?<\/p>\n<p class=\"style4\" align=\"justify\"><img loading=\"lazy\" decoding=\"async\" src=\"https:\/\/www.notariosyregistradores.com\/images\/punto-colores.gif\" alt=\"https:\/\/www.notariosyregistradores.com\/images\/punto-colores.gif\" width=\"14\" height=\"14\" \/> 1019.- Que, para inscribir una <strong>sentencia en la que se demanda a herederos determinados<\/strong>, ha de acreditarse su identidad y que son los \u00fanicos y que, si se demanda a la <strong>herencia yacente<\/strong>, e interviene alguna persona ha de concretarse si es en calidad de <a href=\"https:\/\/www.notariosyregistradores.com\/web\/resoluciones\/por-meses\/resoluciones-direccion-general-de-los-registros-y-el-notariado-septiembre-2018\/#r358\"> heredero, cierto o presunto, aunque no sea el \u00fanico<\/a>?<\/p>\n<p class=\"style4\" align=\"justify\"><img loading=\"lazy\" decoding=\"async\" src=\"https:\/\/www.notariosyregistradores.com\/images\/punto-colores.gif\" alt=\"https:\/\/www.notariosyregistradores.com\/images\/punto-colores.gif\" width=\"14\" height=\"14\" \/> 1018.- Que en las <strong>ventas de los bienes de sociedad concursada <\/strong>durante el periodo de liquidaci\u00f3n han de conocer notario y registrador el plan de liquidaci\u00f3n aprobado para ver <a href=\"https:\/\/www.notariosyregistradores.com\/web\/resoluciones\/por-meses\/resoluciones-direccion-general-de-los-registros-y-el-notariado-octubre-2018\/#r384\"> si la venta se adapta a dicho plan<\/a>?<\/p>\n<p class=\"style4\" align=\"justify\"><a id=\"s1017\"><\/a><img loading=\"lazy\" decoding=\"async\" src=\"https:\/\/www.notariosyregistradores.com\/images\/punto-colores.gif\" alt=\"https:\/\/www.notariosyregistradores.com\/images\/punto-colores.gif\" width=\"14\" height=\"14\" \/> 1017.- Que en los edificios divididos horizontalmente existe diferencia entre <strong> cubiertas<\/strong> (siempre elemento com\u00fan por naturaleza) y <strong>terrazas<\/strong>, que admiten diversos tratamientos <a href=\"https:\/\/www.notariosyregistradores.com\/web\/resoluciones\/por-meses\/resoluciones-direccion-general-de-los-registros-y-el-notariado-agosto-2018\/#r334\"> que pueden verse aqu\u00ed<\/a>?<\/p>\n<div id=\"attachment_58986\" style=\"width: 311px\" class=\"wp-caption alignright\"><a href=\"https:\/\/www.notariosyregistradores.com\/web\/aranjuez-jardin_del_principe-madrid\/\"><img loading=\"lazy\" decoding=\"async\" aria-describedby=\"caption-attachment-58986\" class=\"wp-image-58986 size-full\" src=\"https:\/\/www.notariosyregistradores.com\/web\/wp-content\/uploads\/2019\/04\/Aranjuez-Jardin_del_Principe-Madrid-pq.jpg\" alt=\"\" width=\"301\" height=\"190\" srcset=\"https:\/\/www.notariosyregistradores.com\/web\/wp-content\/uploads\/2019\/04\/Aranjuez-Jardin_del_Principe-Madrid-pq.jpg 301w, https:\/\/www.notariosyregistradores.com\/web\/wp-content\/uploads\/2019\/04\/Aranjuez-Jardin_del_Principe-Madrid-pq-300x189.jpg 300w\" sizes=\"auto, (max-width: 301px) 100vw, 301px\" \/><\/a><p id=\"caption-attachment-58986\" class=\"wp-caption-text\">Estanque de los Chinescos en los Jardines del Pr\u00edncipe (Aranjuez). Por JFME.<\/p><\/div>\n<p class=\"style4\" align=\"justify\"><img loading=\"lazy\" decoding=\"async\" src=\"https:\/\/www.notariosyregistradores.com\/images\/punto-colores.gif\" alt=\"https:\/\/www.notariosyregistradores.com\/images\/punto-colores.gif\" width=\"14\" height=\"14\" \/> 1016.- Que los <strong>expedientes administrativos<\/strong> han de ser resueltos en tres meses, y notificados en seis meses, salvo que la ley que los regula <a href=\"https:\/\/www.notariosyregistradores.com\/web\/normas\/ley-procedimiento-administrativo-2015\/#a21\">determine otro plazo<\/a>?<\/p>\n<p class=\"style4\" align=\"justify\"><img loading=\"lazy\" decoding=\"async\" src=\"https:\/\/www.notariosyregistradores.com\/images\/punto-colores.gif\" alt=\"https:\/\/www.notariosyregistradores.com\/images\/punto-colores.gif\" width=\"14\" height=\"14\" \/> 1015.- Que en las <strong>inmatriculaciones<\/strong> del art. 205 LH, no cabe exigir que los transmitentes, adem\u00e1s de acreditar su t\u00edtulo previo de adquisici\u00f3n, que puede ser declarativo, deban acreditar el t\u00edtulo p\u00fablico de aquellos de quienes <a href=\"https:\/\/www.notariosyregistradores.com\/web\/resoluciones\/por-meses\/resoluciones-direccion-general-de-los-registros-y-el-notariado-octubre-2017\/#r450\"> han adquirido los titulares previos<\/a>?<\/p>\n<p class=\"style4\" align=\"justify\"><img loading=\"lazy\" decoding=\"async\" src=\"https:\/\/www.notariosyregistradores.com\/images\/punto-colores.gif\" alt=\"https:\/\/www.notariosyregistradores.com\/images\/punto-colores.gif\" width=\"14\" height=\"14\" \/> 1014.- Que, entre los requisitos exigidos para inscribir una <strong>obra antigua<\/strong> no se encuentra el de aportar una prueba documental que certifique por parte del Ayuntamiento la efectiva prescripci\u00f3n de la acci\u00f3n de restablecimiento de la<a href=\"https:\/\/www.notariosyregistradores.com\/web\/resoluciones\/por-meses\/resoluciones-direccion-general-de-los-registros-y-el-notariado-septiembre-2018\/#r350\"> legalidad urban\u00edstica<\/a>?<\/p>\n<p class=\"style4\" align=\"justify\"><img loading=\"lazy\" decoding=\"async\" src=\"https:\/\/www.notariosyregistradores.com\/images\/punto-colores.gif\" alt=\"https:\/\/www.notariosyregistradores.com\/images\/punto-colores.gif\" width=\"14\" height=\"14\" \/> 1013.- Que, para determinar si existe <strong>invasi\u00f3n del dominio p\u00fablico<\/strong>, ha de saberse d\u00f3nde est\u00e1 situado \u00e9ste, y los <a href=\"https:\/\/www.notariosyregistradores.com\/web\/resoluciones\/por-meses\/resoluciones-direccion-general-de-los-registros-y-el-notariado-agosto-2018\/#r329\">l\u00edmites de su superficie<\/a>?<\/p>\n<p class=\"style4\" align=\"justify\"><img loading=\"lazy\" decoding=\"async\" src=\"https:\/\/www.notariosyregistradores.com\/images\/punto-colores.gif\" alt=\"https:\/\/www.notariosyregistradores.com\/images\/punto-colores.gif\" width=\"14\" height=\"14\" \/> 1012.- Que la fecha de <strong>devengo de la plusval\u00eda municipal<\/strong> en las sucesiones es la de fallecimiento del causante y en la adjudicaci\u00f3n judicial de inmuebles\u00a0es la expedici\u00f3n del testimonio del auto de adjudicaci\u00f3n por el <a href=\"https:\/\/www.notariosyregistradores.com\/web\/secciones\/fiscal\/informes-mensuales-fiscal\/informe-actualidad-fiscal-septiembre-2018-tributacion-de-los-legados\/#plusvalia\"> Letrado de la Administraci\u00f3n de Justicia<\/a>?.<\/p>\n<p class=\"style4\" align=\"justify\"><a id=\"s1011\"><\/a><img loading=\"lazy\" decoding=\"async\" src=\"https:\/\/www.notariosyregistradores.com\/images\/punto-colores.gif\" alt=\"https:\/\/www.notariosyregistradores.com\/images\/punto-colores.gif\" width=\"14\" height=\"14\" \/>\u00a0 1011.- Que no cabe la <strong>redistribuci\u00f3n de hipoteca<\/strong> <a href=\"https:\/\/www.notariosyregistradores.com\/web\/resoluciones\/por-meses\/resoluciones-direccion-general-de-los-registros-y-el-notariado-agosto-2018\/#r317\"> mediante documento privado<\/a>?<\/p>\n<div id=\"attachment_58322\" style=\"width: 235px\" class=\"wp-caption alignleft\"><a href=\"https:\/\/www.notariosyregistradores.com\/web\/notarios-y-registradores\/attachment\/cabaneros-cabana-ciudad-real\/\"><img loading=\"lazy\" decoding=\"async\" aria-describedby=\"caption-attachment-58322\" class=\"wp-image-58322 size-medium\" src=\"https:\/\/www.notariosyregistradores.com\/web\/wp-content\/uploads\/2019\/03\/Caba\u00f1eros-caba\u00f1a-Ciudad-Real-pq-225x300.jpg\" alt=\"\u00bfSabi\u00e1s qu\u00e9...? Del 1006 al 1011.\" width=\"225\" height=\"300\" srcset=\"https:\/\/www.notariosyregistradores.com\/web\/wp-content\/uploads\/2019\/03\/Caba\u00f1eros-caba\u00f1a-Ciudad-Real-pq-225x300.jpg 225w, https:\/\/www.notariosyregistradores.com\/web\/wp-content\/uploads\/2019\/03\/Caba\u00f1eros-caba\u00f1a-Ciudad-Real-pq.jpg 226w\" sizes=\"auto, (max-width: 225px) 100vw, 225px\" \/><\/a><p id=\"caption-attachment-58322\" class=\"wp-caption-text\">Caba\u00f1a que usaban pastores y carboneros en el Parque Nacional de Caba\u00f1eros (Ciudad Real). Por Mar\u00eda Jes\u00fas Gil de Campo.<\/p><\/div>\n<p class=\"style4\" align=\"justify\"><img loading=\"lazy\" decoding=\"async\" src=\"https:\/\/www.notariosyregistradores.com\/images\/punto-colores.gif\" alt=\"https:\/\/www.notariosyregistradores.com\/images\/punto-colores.gif\" width=\"14\" height=\"14\" \/>\u00a0 1010.- Que en un <strong>negocio complejo de compra, seguido por hipoteca<\/strong> en el n\u00famero siguiente de protocolo, si la finca est\u00e1 arrendada, resulta contradictorio que se diga que es la vivienda habitual a efectos de acogerse a un r\u00e9gimen m\u00e1s favorable previsto tanto en la <a href=\"https:\/\/www.notariosyregistradores.com\/web\/normas\/ley-hipotecaria\/#a114\"> normativa hipotecaria<\/a> como en la <a href=\"https:\/\/www.boe.es\/buscar\/act.php?id=BOE-A-2006-20764\">fiscal<\/a>, por lo que puede implicar un doble fraude?<\/p>\n<p class=\"style4\" align=\"justify\"><img loading=\"lazy\" decoding=\"async\" src=\"https:\/\/www.notariosyregistradores.com\/images\/punto-colores.gif\" alt=\"https:\/\/www.notariosyregistradores.com\/images\/punto-colores.gif\" width=\"14\" height=\"14\" \/>\u00a0 1009.- Que, en una partici\u00f3n de herencia, si ha habido una previa <strong>adquisici\u00f3n de derechos hereditarios con car\u00e1cter ganancial<\/strong>, es imprescindible el consentimiento del c\u00f3nyuge de quien comparece en la escritura\u00a0no s\u00f3lo\u00a0en su condici\u00f3n de heredero,\u00a0sino tambi\u00e9n\u00a0como <a href=\"https:\/\/www.notariosyregistradores.com\/web\/resoluciones\/por-meses\/resoluciones-direccion-general-de-los-registros-y-el-notariado-julio-2018\/#r282\"> cesionario a t\u00edtulo oneroso\u00a0de derechos hereditarios<\/a>?<\/p>\n<p class=\"style4\" align=\"justify\"><img loading=\"lazy\" decoding=\"async\" src=\"https:\/\/www.notariosyregistradores.com\/images\/punto-colores.gif\" alt=\"https:\/\/www.notariosyregistradores.com\/images\/punto-colores.gif\" width=\"14\" height=\"14\" \/>\u00a0 1008.- Que la DGRN considera inscribible un art\u00edculo estatutario en el que se establecen unas <strong> prestaciones accesorias<\/strong> cuyo contenido concreto y determinado no consta en el propio art\u00edculo sino por remisi\u00f3n al contenido del protocolo familiar que figura en escritura debidamente identificada <a href=\"https:\/\/www.notariosyregistradores.com\/web\/resoluciones\/por-meses\/resoluciones-direccion-general-de-los-registros-y-el-notariado-julio-2018\/#r274\"> pero no inscrita ni depositada<\/a>?<\/p>\n<p class=\"style4\" align=\"justify\"><img loading=\"lazy\" decoding=\"async\" src=\"https:\/\/www.notariosyregistradores.com\/images\/punto-colores.gif\" alt=\"https:\/\/www.notariosyregistradores.com\/images\/punto-colores.gif\" width=\"14\" height=\"14\" \/>\u00a0 1007.- Que la anotaci\u00f3n de demanda ordenada por un <strong>\u00e1rbitro<\/strong> <a href=\"https:\/\/www.notariosyregistradores.com\/web\/resoluciones\/por-meses\/resoluciones-direccion-general-de-los-registros-y-el-notariado-agosto-2018\/#r311\"> requiere auxilio judicial<\/a>?<\/p>\n<p class=\"style4\" align=\"justify\"><img loading=\"lazy\" decoding=\"async\" src=\"https:\/\/www.notariosyregistradores.com\/images\/punto-colores.gif\" alt=\"https:\/\/www.notariosyregistradores.com\/images\/punto-colores.gif\" width=\"14\" height=\"14\" \/>\u00a0 1006.- Que si en una inmatriculaci\u00f3n del <strong> <a href=\"https:\/\/www.notariosyregistradores.com\/web\/normas\/ley-hipotecaria\/#a205\"> art\u00edculo 205 LH<\/a><\/strong> el registrador expone <strong>dudas<\/strong> sobre la coincidencia de la finca con una inscrita, \u00e9stas pueden disiparse por el procedimiento del <a href=\"https:\/\/www.notariosyregistradores.com\/web\/normas\/ley-hipotecaria\/#a203\"> art\u00edculo 203 LH<\/a> (<a href=\"https:\/\/www.notariosyregistradores.com\/web\/resoluciones\/por-meses\/resoluciones-direccion-general-de-los-registros-y-el-notariado-julio-2018\/#r271\">expediente de dominio notarial<\/a>)?\u00a0<\/p>\n<p class=\"style4\" align=\"justify\"><img loading=\"lazy\" decoding=\"async\" src=\"https:\/\/www.notariosyregistradores.com\/images\/punto-colores.gif\" alt=\"https:\/\/www.notariosyregistradores.com\/images\/punto-colores.gif\" width=\"14\" height=\"14\" \/>\u00a0 1005.- Que en caso de <strong>desheredaci\u00f3n,<\/strong> la DG admite que sea suficiente en la partici\u00f3n con que se manifieste que el <a href=\"https:\/\/www.notariosyregistradores.com\/web\/resoluciones\/por-meses\/resoluciones-direccion-general-de-los-registros-y-el-notariado-julio-2018\/#r292\"> desheredado no ten\u00eda descendientes<\/a>?<\/p>\n<div id=\"attachment_56860\" style=\"width: 310px\" class=\"wp-caption alignright\"><a href=\"https:\/\/www.notariosyregistradores.com\/web\/notarios-y-registradores\/attachment\/madrid-cuatro_torres\/\"><img loading=\"lazy\" decoding=\"async\" aria-describedby=\"caption-attachment-56860\" class=\"wp-image-56860 size-full\" src=\"https:\/\/www.notariosyregistradores.com\/web\/wp-content\/uploads\/2019\/02\/Madrid-Cuatro_Torres-pq.jpg\" alt=\"\u00bfSab\u00edas qu\u00e9...? Del 996 al 1005.\" width=\"300\" height=\"192\" \/><\/a><p id=\"caption-attachment-56860\" class=\"wp-caption-text\">Las Cuatro Torres (Madrid). Por Omar Cervera Gil<\/p><\/div>\n<p class=\"style4\" align=\"justify\"><img loading=\"lazy\" decoding=\"async\" src=\"https:\/\/www.notariosyregistradores.com\/images\/punto-colores.gif\" alt=\"https:\/\/www.notariosyregistradores.com\/images\/punto-colores.gif\" width=\"14\" height=\"14\" \/>\u00a0 1004.- Que son posibles <strong>denominaciones sociales<\/strong> cuya diferencia con otras inscritas est\u00e9 en la adici\u00f3n de consonantes sonoras y <a href=\"https:\/\/www.notariosyregistradores.com\/web\/resoluciones\/por-meses\/resoluciones-direccion-general-de-los-registros-y-el-notariado-junio-2018\/#r230\"> distintas tanto fon\u00e9tica como gr\u00e1ficamente<\/a>?<\/p>\n<p class=\"style4\" align=\"justify\"><img loading=\"lazy\" decoding=\"async\" src=\"https:\/\/www.notariosyregistradores.com\/images\/punto-colores.gif\" alt=\"https:\/\/www.notariosyregistradores.com\/images\/punto-colores.gif\" width=\"14\" height=\"14\" \/>\u00a0 1003.- Que es posible constituir un <strong>usufructo<\/strong> sobre parte de una azotea elemento com\u00fan de una divisi\u00f3n horizontal, incluso <a href=\"https:\/\/www.notariosyregistradores.com\/web\/resoluciones\/por-meses\/resoluciones-direccion-general-de-los-registros-y-el-notariado-agosto-2018\/#r334\"> aunque est\u00e9 asignado el uso de la azotea a un departamento<\/a>?<\/p>\n<p class=\"style4\" align=\"justify\"><img loading=\"lazy\" decoding=\"async\" src=\"https:\/\/www.notariosyregistradores.com\/images\/punto-colores.gif\" alt=\"https:\/\/www.notariosyregistradores.com\/images\/punto-colores.gif\" width=\"14\" height=\"14\" \/>\u00a0 1002.- Que, en el R<strong>egistro de Bienes Muebles<\/strong>, hay anotaciones que caducan a los tres a\u00f1os como la anotaci\u00f3n de embargo de un veh\u00edculo <a href=\"https:\/\/www.notariosyregistradores.com\/web\/resoluciones\/por-meses\/resoluciones-direccion-general-de-los-registros-y-el-notariado-agosto-2018\/#r310\"> hecha al amparo de la LHMyPSD<\/a>?<\/p>\n<p class=\"style4\" align=\"justify\"><img loading=\"lazy\" decoding=\"async\" src=\"https:\/\/www.notariosyregistradores.com\/images\/punto-colores.gif\" alt=\"https:\/\/www.notariosyregistradores.com\/images\/punto-colores.gif\" width=\"14\" height=\"14\" \/>\u00a0 1001.- Que los matrimonios valencianos celebrados conforme al r\u00e9gimen supletorio, entre el 1\u00ba de julio de 2008 y el 31 de mayo de 2016 lo son con arreglo al <a href=\"https:\/\/www.notariosyregistradores.com\/web\/secciones\/oficina-notarial\/varios\/notas-de-urgencia-sobre-la-evolucion-del-regimen-economico-matrimonial-valenciano\/\"> r\u00e9gimen de separaci\u00f3n de bienes<\/a>?<\/p>\n<p class=\"style4\" align=\"justify\"><img loading=\"lazy\" decoding=\"async\" src=\"https:\/\/www.notariosyregistradores.com\/images\/punto-colores.gif\" alt=\"https:\/\/www.notariosyregistradores.com\/images\/punto-colores.gif\" width=\"14\" height=\"14\" \/>\u00a0 1000.- Que, en un acta notarial de <strong>inmatriculaci\u00f3n del <a href=\"https:\/\/www.notariosyregistradores.com\/web\/normas\/ley-hipotecaria\/#a203\">art. 203 LH<\/a><\/strong>, respecto a un lindero que aparece en el Catastro como \u00abherederos de&#8230;\u00bb, la DGRN admite como v\u00e1lida la notificaci\u00f3n hecha a aquellas personas que se indican en el acta <a href=\"https:\/\/www.notariosyregistradores.com\/web\/resoluciones\/por-meses\/resoluciones-direccion-general-de-los-registros-y-el-notariado-junio-2018\/#r252\"> que son dichos herederos<\/a>?<\/p>\n<p class=\"style4\" align=\"justify\"><img loading=\"lazy\" decoding=\"async\" src=\"https:\/\/www.notariosyregistradores.com\/images\/punto-colores.gif\" alt=\"https:\/\/www.notariosyregistradores.com\/images\/punto-colores.gif\" width=\"14\" height=\"14\" \/>\u00a0 999.- Que la constituci\u00f3n de un derecho real de <strong>servidumbre<\/strong> que grave la vivienda familiar habitual es un acto dispositivo que, en principio, entra en el \u00e1mbito del <a href=\"https:\/\/www.notariosyregistradores.com\/web\/columna-izq\/codigo-civil-libro-cuarto-articulos-1088-al-1537\/#art1320\"> art\u00edculo 1320 del C\u00f3digo Civil<\/a>, por lo que <a href=\"https:\/\/www.notariosyregistradores.com\/web\/resoluciones\/por-meses\/resoluciones-direccion-general-de-los-registros-y-el-notariado-junio-2018\/#r254\"> precisa consentimiento del c\u00f3nyuge<\/a>?<\/p>\n<p class=\"style4\" align=\"justify\"><img loading=\"lazy\" decoding=\"async\" src=\"https:\/\/www.notariosyregistradores.com\/images\/punto-colores.gif\" alt=\"https:\/\/www.notariosyregistradores.com\/images\/punto-colores.gif\" width=\"14\" height=\"14\" \/>\u00a0 998.- Que la <strong>base imponible en la cesi\u00f3n de cr\u00e9ditos hipotecarios<\/strong> sujeta a AJD est\u00e1 constituida, seg\u00fan la Direcci\u00f3n General de Tributos, por el capital pendiente y la parte proporcional por intereses correspondientes al mismo, <a href=\"https:\/\/www.notariosyregistradores.com\/web\/secciones\/fiscal\/informes-mensuales-fiscal\/informe-actualidad-fiscal-septiembre-2018-tributacion-de-los-legados\/#cesion\"> adem\u00e1s de las costas<\/a>?<\/p>\n<p class=\"style4\" align=\"justify\"><img loading=\"lazy\" decoding=\"async\" src=\"https:\/\/www.notariosyregistradores.com\/images\/punto-colores.gif\" alt=\"https:\/\/www.notariosyregistradores.com\/images\/punto-colores.gif\" width=\"14\" height=\"14\" \/>\u00a0 997.- Que la ley aplicable a los efectos patrimoniales de la <strong>uni\u00f3n de hecho transfronteriza<\/strong> registrada ser\u00e1 la del Estado conforme a cuya ley se ha creado la uni\u00f3n registrada, <a href=\"https:\/\/www.notariosyregistradores.com\/web\/secciones\/derecho-europeo\/normativa-d-e\/resumen-del-reglamento-europeo-sobre-uniones-de-hecho-registradas\/\"> en defecto de elecci\u00f3n<\/a>?<\/p>\n<p class=\"style4\" align=\"justify\"><img loading=\"lazy\" decoding=\"async\" src=\"https:\/\/www.notariosyregistradores.com\/images\/punto-colores.gif\" alt=\"https:\/\/www.notariosyregistradores.com\/images\/punto-colores.gif\" width=\"14\" height=\"14\" \/>\u00a0 996.- Que no cabe inscribir una <strong>representaci\u00f3n gr\u00e1fica<\/strong> si la referencia catastral aparece en otra finca registral distinta <a href=\"https:\/\/www.notariosyregistradores.com\/web\/resoluciones\/por-meses\/resoluciones-direccion-general-de-los-registros-y-el-notariado-julio-2018\/#r294\"> cuyo propietario se opone<\/a>?<\/p>\n<p class=\"style4\" align=\"justify\"><a id=\"s995\"><\/a><img loading=\"lazy\" decoding=\"async\" src=\"https:\/\/www.notariosyregistradores.com\/images\/punto-colores.gif\" alt=\"https:\/\/www.notariosyregistradores.com\/images\/punto-colores.gif\" width=\"14\" height=\"14\" \/>\u00a0 995.- Que la <strong>divisi\u00f3n horizontal de \u00fanica vivienda en cuatro,<\/strong> susceptibles de aprovechamiento independiente, implica un cambio objetivo en el uso de la edificaci\u00f3n <a href=\"https:\/\/www.notariosyregistradores.com\/web\/resoluciones\/por-meses\/resoluciones-direccion-general-de-los-registros-y-el-notariado-junio-2018\/#r231\"> que la normativa auton\u00f3mica normalmente someter\u00e1 a licencia<\/a>?<\/p>\n<div id=\"attachment_55983\" style=\"width: 235px\" class=\"wp-caption alignleft\"><a href=\"https:\/\/www.notariosyregistradores.com\/web\/elche-palmera-imperial-huerto_del_cura-alicante\/\"><img loading=\"lazy\" decoding=\"async\" aria-describedby=\"caption-attachment-55983\" class=\"wp-image-55983 size-medium\" src=\"https:\/\/www.notariosyregistradores.com\/web\/wp-content\/uploads\/2019\/01\/Elche-Palmera-Imperial-Huerto_del_Cura-Alicante-pq-225x300.jpg\" alt=\"\" width=\"225\" height=\"300\" srcset=\"https:\/\/www.notariosyregistradores.com\/web\/wp-content\/uploads\/2019\/01\/Elche-Palmera-Imperial-Huerto_del_Cura-Alicante-pq-225x300.jpg 225w, https:\/\/www.notariosyregistradores.com\/web\/wp-content\/uploads\/2019\/01\/Elche-Palmera-Imperial-Huerto_del_Cura-Alicante-pq.jpg 226w\" sizes=\"auto, (max-width: 225px) 100vw, 225px\" \/><\/a><p id=\"caption-attachment-55983\" class=\"wp-caption-text\">Palmera Imperial de 8 brazos en El Huerto del Cura (Elche). Por JFME<\/p><\/div>\n<p class=\"style4\" align=\"justify\"><img loading=\"lazy\" decoding=\"async\" src=\"https:\/\/www.notariosyregistradores.com\/images\/punto-colores.gif\" alt=\"https:\/\/www.notariosyregistradores.com\/images\/punto-colores.gif\" width=\"14\" height=\"14\" \/>\u00a0 994.- Que cabe la <strong>renuncia al derecho de tanteo y retracto<\/strong> en cualquier contrato de arrendamiento regido por la LAU al haber desparecido la limitaci\u00f3n de cinco a\u00f1os de <a href=\"https:\/\/www.notariosyregistradores.com\/web\/normas\/ley-de-arrendamientos-urbanos\/#a25\"> duraci\u00f3n m\u00ednima del contrato<\/a>?<\/p>\n<p class=\"style4\" align=\"justify\"><img loading=\"lazy\" decoding=\"async\" src=\"https:\/\/www.notariosyregistradores.com\/images\/punto-colores.gif\" alt=\"https:\/\/www.notariosyregistradores.com\/images\/punto-colores.gif\" width=\"14\" height=\"14\" \/>\u00a0 993.- Que si una persona casada en gananciales <strong>compra los derechos hereditarios<\/strong> de uno de sus hermanos, en la posterior partici\u00f3n de herencia <a href=\"https:\/\/www.notariosyregistradores.com\/web\/resoluciones\/por-meses\/resoluciones-direccion-general-de-los-registros-y-el-notariado-julio-2018\/#r282\"> ha de intervenir el c\u00f3nyuge<\/a>?<\/p>\n<p class=\"style4\" align=\"justify\"><img loading=\"lazy\" decoding=\"async\" src=\"https:\/\/www.notariosyregistradores.com\/images\/punto-colores.gif\" alt=\"https:\/\/www.notariosyregistradores.com\/images\/punto-colores.gif\" width=\"14\" height=\"14\" \/>\u00a0 992.- Que no es posible la inscripci\u00f3n de unos <strong>acuerdos sociales contrarios a la ley o a los estatutos<\/strong> sociales, por la mera afirmaci\u00f3n del \u00f3rgano de administraci\u00f3n de que ha transcurrido el <a href=\"https:\/\/www.notariosyregistradores.com\/web\/resoluciones\/por-meses\/resoluciones-direccion-general-de-los-registros-y-el-notariado-junio-2018\/#r219\"> plazo para su impugnaci\u00f3n<\/a>?<\/p>\n<p class=\"style4\" align=\"justify\"><img loading=\"lazy\" decoding=\"async\" src=\"https:\/\/www.notariosyregistradores.com\/images\/punto-colores.gif\" alt=\"https:\/\/www.notariosyregistradores.com\/images\/punto-colores.gif\" width=\"14\" height=\"14\" \/>\u00a0 991.- Que se puede utilizar el <strong>acta de notoriedad<\/strong> del <a href=\"https:\/\/www.notariosyregistradores.com\/web\/normas\/reglamento-notarial-titulo-iv\/#art209\"> art\u00edculo 209 RN<\/a> para acreditar que el legatario ya est\u00e1 en la posesi\u00f3n <a href=\"https:\/\/www.notariosyregistradores.com\/web\/resoluciones\/por-meses\/resoluciones-direccion-general-de-los-registros-y-el-notariado-julio-2018\/#r288\"> del bien legado<\/a>?<\/p>\n<p class=\"style4\" align=\"justify\"><img loading=\"lazy\" decoding=\"async\" src=\"https:\/\/www.notariosyregistradores.com\/images\/punto-colores.gif\" alt=\"https:\/\/www.notariosyregistradores.com\/images\/punto-colores.gif\" width=\"14\" height=\"14\" \/>\u00a0 990.- Que, cuando el <strong>viudo separado de hecho solicita copia del testamento<\/strong>, es peliaguda la valoraci\u00f3n que ha de hacer el notario sobre su inter\u00e9s leg\u00edtimo debiendo tener en cuenta el secreto del protocolo, pero tambi\u00e9n que la separaci\u00f3n de hecho en ultima instancia <a href=\"https:\/\/www.notariosyregistradores.com\/web\/secciones\/oficina-notarial\/otros-temas\/solicitud-de-copia-de-testamento-por-viudo-separado-de-hecho\/\"> s\u00f3lo la pueden determinar los Tribunales<\/a>?<\/p>\n<p style=\"text-align: center;\" align=\"justify\"><span style=\"font-size: 14pt;\"><strong>PUBLICADOS EN 2018 (del 894 al 989):<\/strong><\/span><\/p>\n<p class=\"style4\" align=\"justify\"><a id=\"s989\"><\/a><img loading=\"lazy\" decoding=\"async\" src=\"https:\/\/www.notariosyregistradores.com\/images\/punto-colores.gif\" alt=\"https:\/\/www.notariosyregistradores.com\/images\/punto-colores.gif\" width=\"14\" height=\"14\" \/>\u00a0 989.- Que, aunque se haya pactado e inscrito en el Registro de <strong>parejas de hecho<\/strong>, el r\u00e9gimen de gananciales de una pareja de hecho, no se puede aplicar a sus adquisiciones porque la publicidad en un Registro administrativo <a href=\"https:\/\/www.notariosyregistradores.com\/web\/resoluciones\/por-meses\/resoluciones-direccion-general-de-los-registros-y-el-notariado-junio-2018\/#r247\"> no produce efectos frente a todos<\/a>?<\/p>\n<div id=\"attachment_55166\" style=\"width: 310px\" class=\"wp-caption alignright\"><a href=\"https:\/\/www.notariosyregistradores.com\/web\/notarios-y-registradores\/attachment\/segovia-acueducto\/\"><img loading=\"lazy\" decoding=\"async\" aria-describedby=\"caption-attachment-55166\" class=\"size-full wp-image-55166\" src=\"https:\/\/www.notariosyregistradores.com\/web\/wp-content\/uploads\/2018\/12\/Segovia-Acueducto-pq.jpg\" alt=\"\u00bfSab\u00edas qu\u00e9...? Del 984 al 989\" width=\"300\" height=\"235\" \/><\/a><p id=\"caption-attachment-55166\" class=\"wp-caption-text\">Acueducto de Segovia. Por JFME.<\/p><\/div>\n<p class=\"style4\" align=\"justify\"><img loading=\"lazy\" decoding=\"async\" src=\"https:\/\/www.notariosyregistradores.com\/images\/punto-colores.gif\" alt=\"https:\/\/www.notariosyregistradores.com\/images\/punto-colores.gif\" width=\"14\" height=\"14\" \/>\u00a0 988.- Que no impide necesariamente la inscripci\u00f3n de una compraventa el que se le acredite al registrador que el <strong>poder estaba extinguido<\/strong> por fallecimiento, pues ha de respetarse la presunci\u00f3n de buena fe de la que goza el conprador, debi\u00e9ndose impugnar, en su caso, <a href=\"https:\/\/www.notariosyregistradores.com\/web\/resoluciones\/por-meses\/resoluciones-direccion-general-de-los-registros-y-el-notariado-mayo-2018\/#r193\"> en la esfera judicial<\/a>?<\/p>\n<p class=\"style4\" align=\"justify\"><img loading=\"lazy\" decoding=\"async\" src=\"https:\/\/www.notariosyregistradores.com\/images\/punto-colores.gif\" alt=\"https:\/\/www.notariosyregistradores.com\/images\/punto-colores.gif\" width=\"14\" height=\"14\" \/>\u00a0 987.- Que, para ser <strong>consumidor o usuario<\/strong> el TS considera que basta con que se act\u00fae fuera del \u00e1mbito profesional o empresarial, siendo posible que en la operaci\u00f3n tenga \u00e1nimo de lucro, <a href=\"https:\/\/www.notariosyregistradores.com\/web\/secciones\/oficina-mercantil\/informes-mensuales-o-m\/informe-julio-2018-registros-mercantiles-y-de-bienes-muebles-consumidor-versus-inversor\/#sobre-el-concepto-juridico-de-consumidor-en-relacion-con-el-interes-de-lucro-consumidor-versus-inversor\"> siempre que no se de la habitualidad<\/a>?<\/p>\n<p class=\"style4\" align=\"justify\"><img loading=\"lazy\" decoding=\"async\" src=\"https:\/\/www.notariosyregistradores.com\/images\/punto-colores.gif\" alt=\"https:\/\/www.notariosyregistradores.com\/images\/punto-colores.gif\" width=\"14\" height=\"14\" \/>\u00a0 986.- Que, si la <strong>hipoteca se ejecuta en\u00a0procedimiento ordinario<\/strong>, no basta extender nota marginal (de expedici\u00f3n de certificaci\u00f3n de cargas) al margen de la hipoteca, sino que adem\u00e1s es precisa\u00a0Anotaci\u00f3n Preventiva de Embargo\u00a0y extender al margen de ella <a href=\"https:\/\/www.notariosyregistradores.com\/web\/resoluciones\/por-meses\/resoluciones-direccion-general-de-los-registros-y-el-notariado-junio-2018\/#r213\"> nota de concordancia con la hipoteca<\/a>?<\/p>\n<p class=\"style4\" align=\"justify\"><img loading=\"lazy\" decoding=\"async\" src=\"https:\/\/www.notariosyregistradores.com\/images\/punto-colores.gif\" alt=\"https:\/\/www.notariosyregistradores.com\/images\/punto-colores.gif\" width=\"14\" height=\"14\" \/>\u00a0 985.- Que, en un procedimiento del art\u00edculo 201 LH, la determinaci\u00f3n de <strong> colindantes titulares registrales<\/strong> que hay que notificar corresponde al registrador al emitir la certificaci\u00f3n debiendo serlo los que aparezcan en la descripci\u00f3n literaria y tambi\u00e9n los de la representaciones gr\u00e1ficas, aunque no est\u00e9n inscritas, <a href=\"https:\/\/www.notariosyregistradores.com\/web\/resoluciones\/por-meses\/resoluciones-direccion-general-de-los-registros-y-el-notariado-mayo-2018\/#r167\"> si est\u00e1n archivadas en el Registro<\/a>?<\/p>\n<p class=\"style4\" align=\"justify\"><img loading=\"lazy\" decoding=\"async\" src=\"https:\/\/www.notariosyregistradores.com\/images\/punto-colores.gif\" alt=\"https:\/\/www.notariosyregistradores.com\/images\/punto-colores.gif\" width=\"14\" height=\"14\" \/>\u00a0 984.- Que\u00a0el testador puede, en base a la libertad de testar, someter su sucesi\u00f3n al derecho de representaci\u00f3n del <a href=\"https:\/\/www.notariosyregistradores.com\/web\/normas\/codigo-civil-libro-tercero\/#art924\"> art. 924 Cc<\/a>, que en el caso se trat\u00f3 como una sustituci\u00f3n vulgar en la que <a href=\"https:\/\/www.notariosyregistradores.com\/web\/resoluciones\/por-meses\/resoluciones-direccion-general-de-los-registros-y-el-notariado-julio-2018\/#r290\"> se excluye el caso de renuncia<\/a>?<\/p>\n<p class=\"style4\" align=\"justify\"><a id=\"s983\"><\/a><img loading=\"lazy\" decoding=\"async\" src=\"https:\/\/www.notariosyregistradores.com\/images\/punto-colores.gif\" alt=\"https:\/\/www.notariosyregistradores.com\/images\/punto-colores.gif\" width=\"14\" height=\"14\" \/>\u00a0 983.- Que cabe inscribir <strong>contratos de arrendamiento de vivienda<\/strong> de duraci\u00f3n dilatada o indefinida al <a href=\"https:\/\/www.notariosyregistradores.com\/web\/resoluciones\/por-meses\/resoluciones-direccion-general-de-los-registros-y-el-notariado-mayo-2018\/#r185\"> no poner la ley l\u00edmite<\/a>?<\/p>\n<div id=\"attachment_54407\" style=\"width: 310px\" class=\"wp-caption alignleft\"><a href=\"https:\/\/www.notariosyregistradores.com\/web\/notarios-y-registradores\/attachment\/nuestra_senora_de_la_cabeza-jaen\/\"><img loading=\"lazy\" decoding=\"async\" aria-describedby=\"caption-attachment-54407\" class=\"wp-image-54407 size-full\" src=\"https:\/\/www.notariosyregistradores.com\/web\/wp-content\/uploads\/2018\/11\/Nuestra_Se\u00f1ora_de_la_Cabeza-Jaen-pq.jpg\" alt=\"\u00bfSab\u00edas qu\u00e9...? Del 978 al 993.\" width=\"300\" height=\"215\" \/><\/a><p id=\"caption-attachment-54407\" class=\"wp-caption-text\">Casas de Cofrad\u00edas en Nuestra Se\u00f1ora de la Cabeza (Ja\u00e9n). Por JFME.<\/p><\/div>\n<p class=\"style4\" align=\"justify\"><img loading=\"lazy\" decoding=\"async\" src=\"https:\/\/www.notariosyregistradores.com\/images\/punto-colores.gif\" alt=\"https:\/\/www.notariosyregistradores.com\/images\/punto-colores.gif\" width=\"14\" height=\"14\" \/>\u00a0 982.- Que las sociedades civiles formadas por la<strong> uni\u00f3n de dos notarios<\/strong> no tributan en el IS, sino que tributa <a href=\"https:\/\/www.notariosyregistradores.com\/web\/secciones\/fiscal\/informes-mensuales-fiscal\/informe-actualidad-fiscal-septiembre-2018-tributacion-de-los-legados\/#notarios\"> cada notario en su IRPF<\/a>?<\/p>\n<p class=\"style4\" align=\"justify\"><img loading=\"lazy\" decoding=\"async\" src=\"https:\/\/www.notariosyregistradores.com\/images\/punto-colores.gif\" alt=\"https:\/\/www.notariosyregistradores.com\/images\/punto-colores.gif\" width=\"14\" height=\"14\" \/>\u00a0 981.- Que la solicitud de <strong>inmatriculaci\u00f3n<\/strong> de una finca que, seg\u00fan el catastro hist\u00f3rico, <strong>formaba parte de una mayor<\/strong> ha de ser tomada como una posible parcelaci\u00f3n a los efectos de <a href=\"https:\/\/www.notariosyregistradores.com\/web\/resoluciones\/por-meses\/resoluciones-direccion-general-de-los-registros-y-el-notariado-mayo-2018\/#r188\"> tomar las prevenciones previstas en el Reglamento de 1997<\/a>?<\/p>\n<p class=\"style4\" align=\"justify\"><img loading=\"lazy\" decoding=\"async\" src=\"https:\/\/www.notariosyregistradores.com\/images\/punto-colores.gif\" alt=\"https:\/\/www.notariosyregistradores.com\/images\/punto-colores.gif\" width=\"14\" height=\"14\" \/>\u00a0 980.- Que, para determinar la competencia del registrador mercantil en un expediente de <strong>acuerdo extrajudicial de pagos<\/strong> es necesario que el deudor tenga la condici\u00f3n de empresario, profesional o aut\u00f3nomo y que, si ello no resulta de la solicitud, <a href=\"https:\/\/www.notariosyregistradores.com\/web\/resoluciones\/por-meses\/resoluciones-direccion-general-de-los-registros-y-el-notariado-junio-2018\/#r235\"> la competencia ser\u00e1 del notario<\/a>?<\/p>\n<p class=\"style4\" align=\"justify\"><img loading=\"lazy\" decoding=\"async\" src=\"https:\/\/www.notariosyregistradores.com\/images\/punto-colores.gif\" alt=\"https:\/\/www.notariosyregistradores.com\/images\/punto-colores.gif\" width=\"14\" height=\"14\" \/>\u00a0 979.- Que, en caso de recurso, no cabe <strong>anotaci\u00f3n preventiva de suspensi\u00f3n<\/strong> <a href=\"https:\/\/www.notariosyregistradores.com\/web\/resoluciones\/por-meses\/resoluciones-direccion-general-de-los-registros-y-el-notariado-julio-2018#r262\"> al ser innecesaria<\/a>?<\/p>\n<p class=\"style4\" align=\"justify\"><img loading=\"lazy\" decoding=\"async\" src=\"https:\/\/www.notariosyregistradores.com\/images\/punto-colores.gif\" alt=\"https:\/\/www.notariosyregistradores.com\/images\/punto-colores.gif\" width=\"14\" height=\"14\" \/>\u00a0 978.-Que la construcci\u00f3n de un <strong>nuevo elemento privativo<\/strong> sobre el terreno com\u00fan de la propiedad horizontal <a href=\"https:\/\/www.notariosyregistradores.com\/web\/resoluciones\/por-meses\/resoluciones-direccion-general-de-los-registros-y-el-notariado-junio-2018\/#r211\"> no exige la desafectaci\u00f3n del terreno ocupado<\/a>?<\/p>\n<p class=\"style4\" align=\"justify\"><a id=\"s977\"><\/a><img loading=\"lazy\" decoding=\"async\" src=\"https:\/\/www.notariosyregistradores.com\/images\/punto-colores.gif\" alt=\"https:\/\/www.notariosyregistradores.com\/images\/punto-colores.gif\" width=\"14\" height=\"14\" \/>\u00a0 977.-\u00a0Que no cabe inscribir una <strong>cancelaci\u00f3n<\/strong> de hipoteca <a href=\"https:\/\/www.notariosyregistradores.com\/web\/resoluciones\/por-meses\/resoluciones-direccion-general-de-los-registros-y-el-notariado-mayo-2018\/#r204\"> sujeta a condici\u00f3n<\/a>?<\/p>\n<div id=\"attachment_53813\" style=\"width: 312px\" class=\"wp-caption alignright\"><a href=\"https:\/\/www.notariosyregistradores.com\/web\/notarios-y-registradores\/attachment\/san_juan_de_busa-biescas-huesca\/\"><img loading=\"lazy\" decoding=\"async\" aria-describedby=\"caption-attachment-53813\" class=\"size-full wp-image-53813\" src=\"https:\/\/www.notariosyregistradores.com\/web\/wp-content\/uploads\/2018\/11\/San_Juan_de_Busa-Biescas-Huesca-pq.jpg\" alt=\"\u00bfSab\u00edas que..? Del 972 al 977.\" width=\"302\" height=\"226\" srcset=\"https:\/\/www.notariosyregistradores.com\/web\/wp-content\/uploads\/2018\/11\/San_Juan_de_Busa-Biescas-Huesca-pq.jpg 302w, https:\/\/www.notariosyregistradores.com\/web\/wp-content\/uploads\/2018\/11\/San_Juan_de_Busa-Biescas-Huesca-pq-300x225.jpg 300w\" sizes=\"auto, (max-width: 302px) 100vw, 302px\" \/><\/a><p id=\"caption-attachment-53813\" class=\"wp-caption-text\">San Juan de Busa en el municipio de Biescas (Huesca). Por JFME<\/p><\/div>\n<p class=\"style4\" align=\"justify\"><img loading=\"lazy\" decoding=\"async\" src=\"https:\/\/www.notariosyregistradores.com\/images\/punto-colores.gif\" alt=\"https:\/\/www.notariosyregistradores.com\/images\/punto-colores.gif\" width=\"14\" height=\"14\" \/>\u00a0 976.-\u00a0Que en la <strong>representaci\u00f3n indirecta<\/strong> el TS y la DGRN consideran que el dominus adquiere directamente desde el principio y que cabe escritura de reconocimiento de dominio otorgada s\u00f3lo por el representante <a href=\"https:\/\/www.notariosyregistradores.com\/web\/resoluciones\/por-meses\/resoluciones-direccion-general-de-los-registros-y-el-notariado-junio-2018\/#r255\"> y el dominus representado<\/a>?<\/p>\n<p class=\"style4\" align=\"justify\"><img loading=\"lazy\" decoding=\"async\" src=\"https:\/\/www.notariosyregistradores.com\/images\/punto-colores.gif\" alt=\"https:\/\/www.notariosyregistradores.com\/images\/punto-colores.gif\" width=\"14\" height=\"14\" \/>\u00a0 975.-\u00a0Que, en las <strong>ventas otorgadas por Fundaciones<\/strong> basta un certificado del Secretario de la Junta del Patronato, acreditativo de que la venta se ha llevado cumpliendo las previsiones legales sin necesidad de\u00a0 pronunciamiento expreso posterior <a href=\"https:\/\/www.notariosyregistradores.com\/web\/resoluciones\/por-meses\/resoluciones-direccion-general-de-los-registros-y-el-notariado-mayo-2018\/#r162\"> ni del Patronato ni del Protectorado<\/a>?<\/p>\n<p class=\"style4\" align=\"justify\"><img loading=\"lazy\" decoding=\"async\" src=\"https:\/\/www.notariosyregistradores.com\/images\/punto-colores.gif\" alt=\"https:\/\/www.notariosyregistradores.com\/images\/punto-colores.gif\" width=\"14\" height=\"14\" \/>\u00a0 974.-\u00a0Que el contrato de <strong>arrendamiento suscrito por uno de los c\u00f3nyuges<\/strong>, constante matrimonio, no forma parte de los bienes o derechos gananciales, seg\u00fan doctrina consolidada del Tribunal Supremo, por lo que no es preciso hacer constar en la inscripci\u00f3n el nombre del c\u00f3nyuge, <a href=\"https:\/\/www.notariosyregistradores.com\/web\/secciones\/doctrina\/articulos-doctrina\/derechos-del-arrendatario-privativos-o-gananciales\/\"> salvo en Navarra y Arag\u00f3n<\/a>?<\/p>\n<p class=\"style4\" align=\"justify\"><img loading=\"lazy\" decoding=\"async\" src=\"https:\/\/www.notariosyregistradores.com\/images\/punto-colores.gif\" alt=\"https:\/\/www.notariosyregistradores.com\/images\/punto-colores.gif\" width=\"14\" height=\"14\" \/>\u00a0 973.-\u00a0Que, para inmatricular una finca, cuando la <strong>cartograf\u00eda catastral est\u00e1 desplazada<\/strong>, de modo que podr\u00eda invadir dominio p\u00fablico, hay que <a href=\"https:\/\/www.notariosyregistradores.com\/web\/resoluciones\/por-meses\/resoluciones-direccion-general-de-los-registros-y-el-notariado-mayo-2018\/#r173\"> rectificar previamente la cartograf\u00eda<\/a>?<\/p>\n<p class=\"style4\" align=\"justify\"><img loading=\"lazy\" decoding=\"async\" src=\"https:\/\/www.notariosyregistradores.com\/images\/punto-colores.gif\" alt=\"https:\/\/www.notariosyregistradores.com\/images\/punto-colores.gif\" width=\"14\" height=\"14\" \/>\u00a0 972.-\u00a0Que, seg\u00fan el TS, el <strong>control de incorporaci\u00f3n<\/strong> de condiciones generales se aplica tanto a consumidores cono a lo que no lo son, pero que el <strong>control de transparencia<\/strong> <a href=\"https:\/\/www.notariosyregistradores.com\/web\/secciones\/oficina-mercantil\/informes-mensuales-o-m\/informe-junio-2018-registros-mercantiles-y-de-bienes-muebles-condiciones-generales-de-la-contratacion\/#control\">es s\u00f3lo para consumidores<\/a>?<\/p>\n<p class=\"style4\" align=\"justify\"><a id=\"s971\"><\/a><img loading=\"lazy\" decoding=\"async\" src=\"https:\/\/www.notariosyregistradores.com\/images\/punto-colores.gif\" alt=\"https:\/\/www.notariosyregistradores.com\/images\/punto-colores.gif\" width=\"14\" height=\"14\" \/>\u00a0 971.-\u00a0Que el cambio de descripci\u00f3n <strong>de r\u00fastica a urbana<\/strong> puede hacerse por certificaci\u00f3n catastral, pero que, para determinar la calificaci\u00f3n y clasificaci\u00f3n urban\u00edstica de la finca, se precisa <a href=\"https:\/\/www.notariosyregistradores.com\/web\/resoluciones\/por-meses\/resoluciones-direccion-general-de-los-registros-y-el-notariado-marzo-2018\/#r96\"> certificado municipal<\/a>?<\/p>\n<div id=\"attachment_53087\" style=\"width: 235px\" class=\"wp-caption alignleft\"><a href=\"https:\/\/www.notariosyregistradores.com\/web\/notarios-y-registradores\/attachment\/palencia-victorio_macho-cristo_del_otero-2\/\"><img loading=\"lazy\" decoding=\"async\" aria-describedby=\"caption-attachment-53087\" class=\"wp-image-53087 size-medium\" src=\"https:\/\/www.notariosyregistradores.com\/web\/wp-content\/uploads\/2018\/10\/Palencia-Victorio_Macho-Cristo_del_Otero-pq-225x300.jpg\" alt=\"\u00bfSab\u00edas qu\u00e9...? Del 966 al 971\" width=\"225\" height=\"300\" srcset=\"https:\/\/www.notariosyregistradores.com\/web\/wp-content\/uploads\/2018\/10\/Palencia-Victorio_Macho-Cristo_del_Otero-pq-225x300.jpg 225w, https:\/\/www.notariosyregistradores.com\/web\/wp-content\/uploads\/2018\/10\/Palencia-Victorio_Macho-Cristo_del_Otero-pq.jpg 226w\" sizes=\"auto, (max-width: 225px) 100vw, 225px\" \/><\/a><p id=\"caption-attachment-53087\" class=\"wp-caption-text\">Victorio Macho elaborando el Cristo del Otero (Palencia). Por JFME<\/p><\/div>\n<p class=\"style4\" align=\"justify\"><img loading=\"lazy\" decoding=\"async\" src=\"https:\/\/www.notariosyregistradores.com\/images\/punto-colores.gif\" alt=\"https:\/\/www.notariosyregistradores.com\/images\/punto-colores.gif\" width=\"14\" height=\"14\" \/>\u00a0 970.-\u00a0Que un <strong>convenio regulador<\/strong> derivado de una crisis matrimonial es t\u00edtulo formal para rectificar asientos registrales, pero s\u00f3lo si se cumplen los requisitos de fondo exigibles <a href=\"https:\/\/www.notariosyregistradores.com\/web\/resoluciones\/por-meses\/resoluciones-direccion-general-de-los-registros-y-el-notariado-mayo-2018\/#r166\"> para el caso concreto<\/a>?<\/p>\n<p class=\"style4\" align=\"justify\"><img loading=\"lazy\" decoding=\"async\" src=\"https:\/\/www.notariosyregistradores.com\/images\/punto-colores.gif\" alt=\"https:\/\/www.notariosyregistradores.com\/images\/punto-colores.gif\" width=\"14\" height=\"14\" \/>\u00a0 969.-\u00a0Que la <strong>Quinta Directiva Antiblanqueo<\/strong> prev\u00e9 que el p\u00fablico en general, con inter\u00e9s leg\u00edtimo, pueda acceder al <a href=\"https:\/\/www.notariosyregistradores.com\/web\/secciones\/oficina-notarial\/otros-temas\/resumen-del-informe-del-cgpj-sobre-la-reforma-de-blanqueo-de-capitales-e-identificacion-de-los-titulares-reales-de-las-personas-juridicas\/#y-la-quinta-directiva-que-ya-esta-aprobada-pero-no-publicada\"> registro de titularidades reales de las personas jur\u00eddicas<\/a>?<\/p>\n<p class=\"style4\" align=\"justify\"><img loading=\"lazy\" decoding=\"async\" src=\"https:\/\/www.notariosyregistradores.com\/images\/punto-colores.gif\" alt=\"https:\/\/www.notariosyregistradores.com\/images\/punto-colores.gif\" width=\"14\" height=\"14\" \/>\u00a0 968.-\u00a0Que el registrador, en el expediente notarial del <a href=\"https:\/\/www.notariosyregistradores.com\/web\/normas\/ley-hipotecaria\/#a201\"> art\u00edculo 201 LH<\/a> <strong>(acta de rectificaci\u00f3n de cabida o descripci\u00f3n<\/strong>) no puede negarse a expedir certificaci\u00f3n, como regla general, por tener las dudas que ha de expresar (como no coincidencia en el n\u00famero de polic\u00eda o con los datos catastrales, aunque conste en el Registro una referencia catastral), pues, <a href=\"https:\/\/www.notariosyregistradores.com\/web\/resoluciones\/por-meses\/resoluciones-direccion-general-de-los-registros-y-el-notariado-marzo-2018\/#r109\"> durante el procedimiento se pueden solventar<\/a>?<\/p>\n<p class=\"style4\" align=\"justify\"><img loading=\"lazy\" decoding=\"async\" src=\"https:\/\/www.notariosyregistradores.com\/images\/punto-colores.gif\" alt=\"https:\/\/www.notariosyregistradores.com\/images\/punto-colores.gif\" width=\"14\" height=\"14\" \/>\u00a0 967.-\u00a0Que es muy defendible que la <strong>sustituci\u00f3n ejemplar<\/strong> no se produzca cuando existe testamento previo a la incapacitaci\u00f3n, <a href=\"https:\/\/www.notariosyregistradores.com\/web\/resoluciones\/por-meses\/resoluciones-direccion-general-de-los-registros-y-el-notariado-mayo-2018\/#r190\">si resulta v\u00e1lido a su fallecimiento<\/a>?<\/p>\n<p class=\"style4\" align=\"justify\"><img loading=\"lazy\" decoding=\"async\" src=\"https:\/\/www.notariosyregistradores.com\/images\/punto-colores.gif\" alt=\"https:\/\/www.notariosyregistradores.com\/images\/punto-colores.gif\" width=\"14\" height=\"14\" \/>\u00a0 966.-\u00a0Que a la constituci\u00f3n de <strong>servidumbres<\/strong> le es aplicable el <a href=\"https:\/\/www.notariosyregistradores.com\/web\/columna-izq\/codigo-civil-libro-cuarto-articulos-1088-al-1537\/#art1320\"> art\u00edculo 1320 Cc<\/a>, por lo que se precisa el consentimiento del c\u00f3nyuge, salvo que la servidumbres <a href=\"https:\/\/www.notariosyregistradores.com\/web\/resoluciones\/por-meses\/resoluciones-direccion-general-de-los-registros-y-el-notariado-junio-2018\/#r254\"> no afecte al uso familiar<\/a>?<\/p>\n<p class=\"style4\" align=\"justify\"><a id=\"s965\"><\/a><img loading=\"lazy\" decoding=\"async\" src=\"https:\/\/www.notariosyregistradores.com\/images\/punto-colores.gif\" alt=\"https:\/\/www.notariosyregistradores.com\/images\/punto-colores.gif\" width=\"14\" height=\"14\" \/>\u00a0 965.-\u00a0Que, aunque hay cercan\u00eda entre una <strong>parcelaci\u00f3n antigua<\/strong> y una obra nueva declarada por antig\u00fcedad, no se puede aplicar el <a href=\"https:\/\/www.notariosyregistradores.com\/web\/normas\/ley-del-suelo-2015\/#a28\"> art. 28.4 de la Ley del Suelo<\/a> a la primera pues tiene un componente jur\u00eddico m\u00e1s pronunciado que exige la <a href=\"https:\/\/www.notariosyregistradores.com\/web\/resoluciones\/por-meses\/resoluciones-direccion-general-de-los-registros-y-el-notariado-marzo-2018\/#r96\"> intervenci\u00f3n de la administraci\u00f3n actuante<\/a>?<\/p>\n<div id=\"attachment_52316\" style=\"width: 312px\" class=\"wp-caption alignright\"><a href=\"https:\/\/www.notariosyregistradores.com\/web\/notarios-y-registradores\/attachment\/soria-san-juan-de-duero\/\"><img loading=\"lazy\" decoding=\"async\" aria-describedby=\"caption-attachment-52316\" class=\"wp-image-52316 size-full\" src=\"https:\/\/www.notariosyregistradores.com\/web\/wp-content\/uploads\/2018\/09\/Soria-San-Juan-de-Duero-pq.jpg\" alt=\"\u00bfSab\u00edas qu\u00e9...? Del 960 al 965.\" width=\"302\" height=\"226\" srcset=\"https:\/\/www.notariosyregistradores.com\/web\/wp-content\/uploads\/2018\/09\/Soria-San-Juan-de-Duero-pq.jpg 302w, https:\/\/www.notariosyregistradores.com\/web\/wp-content\/uploads\/2018\/09\/Soria-San-Juan-de-Duero-pq-300x225.jpg 300w\" sizes=\"auto, (max-width: 302px) 100vw, 302px\" \/><\/a><p id=\"caption-attachment-52316\" class=\"wp-caption-text\">San Juan de Duero (Soria). Por JFME<\/p><\/div>\n<p class=\"style4\" align=\"justify\"><img loading=\"lazy\" decoding=\"async\" src=\"https:\/\/www.notariosyregistradores.com\/images\/punto-colores.gif\" alt=\"https:\/\/www.notariosyregistradores.com\/images\/punto-colores.gif\" width=\"14\" height=\"14\" \/>\u00a0 964.-\u00a0Que los expedientes del t\u00edtulo VI de la Ley Hipotecaria tiene <strong>reglas espec\u00edficas para notificaciones,<\/strong> que han de considerarse preferentes a las recogidas en el Reglamento Notarial, exponiendo esta resoluci\u00f3n <a href=\"https:\/\/www.notariosyregistradores.com\/web\/resoluciones\/por-meses\/resoluciones-direccion-general-de-los-registros-y-el-notariado-mayo-2018#r167\"> a qui\u00e9n notificar y c\u00f3mo<\/a>?<\/p>\n<p class=\"style4\" align=\"justify\"><img loading=\"lazy\" decoding=\"async\" src=\"https:\/\/www.notariosyregistradores.com\/images\/punto-colores.gif\" alt=\"https:\/\/www.notariosyregistradores.com\/images\/punto-colores.gif\" width=\"14\" height=\"14\" \/>\u00a0 963.-\u00a0Que la DGRN admite que un <strong>matrimonio chino<\/strong> pueda comprar por cuotas indivisas diversas si cada una de estas cuotas es <a href=\"https:\/\/www.notariosyregistradores.com\/web\/resoluciones\/por-meses\/resoluciones-direccion-general-de-los-registros-y-el-notariado-abril-2018\/#r143\"> para su sociedad conyugal<\/a>?<\/p>\n<p class=\"style4\" align=\"justify\"><img loading=\"lazy\" decoding=\"async\" src=\"https:\/\/www.notariosyregistradores.com\/images\/punto-colores.gif\" alt=\"https:\/\/www.notariosyregistradores.com\/images\/punto-colores.gif\" width=\"14\" height=\"14\" \/>\u00a0 962.-\u00a0Que las anotaciones de <strong>embargo emitidas por el Juzgado de lo Social <\/strong>son de oficio, conforme al <a href=\"http:\/\/www.boe.es\/buscar\/act.php?id=BOE-A-2011-15936&amp;tn=1&amp;p=20151002#a255\"> art\u00edculo 255<\/a> de la Ley de Jurisdicci\u00f3n Laboral por lo que no est\u00e1n sujetas al Impuesto de Actos Jur\u00eddicos Documentados y, en consecuencia, <a href=\"https:\/\/www.notariosyregistradores.com\/web\/normas\/ley-hipotecaria\/#a254\"> no precisan autoliquidaci\u00f3n para levantar el cierre registral<\/a>?<\/p>\n<p class=\"style4\" align=\"justify\"><img loading=\"lazy\" decoding=\"async\" src=\"https:\/\/www.notariosyregistradores.com\/images\/punto-colores.gif\" alt=\"https:\/\/www.notariosyregistradores.com\/images\/punto-colores.gif\" width=\"14\" height=\"14\" \/>\u00a0 961.- Que la DGRN considera que la <strong>homologaci\u00f3n judicial<\/strong> de un acuerdo transaccional\u00a0no altera su naturaleza de documento privado ni lo hace inscribible, sino que su inscripci\u00f3n\u00a0requiere escritura\u00a0p\u00fablica, pudiendo consultar aqu\u00ed un <a href=\"https:\/\/www.notariosyregistradores.com\/web\/resoluciones\/por-meses\/resoluciones-direccion-general-de-los-registros-y-el-notariado-agosto-2018\/#r342\">cat\u00e1logo de resoluciones al respecto<\/a>?<\/p>\n<p class=\"style4\" align=\"justify\"><img loading=\"lazy\" decoding=\"async\" src=\"https:\/\/www.notariosyregistradores.com\/images\/punto-colores.gif\" alt=\"https:\/\/www.notariosyregistradores.com\/images\/punto-colores.gif\" width=\"14\" height=\"14\" \/>\u00a0 960.-\u00a0Que, seg\u00fan la DGRN, con cabe <strong>adjudicaci\u00f3n en subasta<\/strong> de ejecuci\u00f3n hipotecaria por menos del <strong>50% del valor de tasaci\u00f3n<\/strong>, a pesar de no ser vivienda habitual y <a href=\"https:\/\/www.notariosyregistradores.com\/web\/resoluciones\/por-meses\/resoluciones-direccion-general-de-los-registros-y-el-notariado-octubre-2017\/#r430\"> aunque se deba menos por todos los conceptos<\/a>?<\/p>\n<p style=\"text-align: justify;\"><a id=\"s959\"><\/a><img loading=\"lazy\" decoding=\"async\" src=\"https:\/\/www.notariosyregistradores.com\/images\/punto-colores.gif\" alt=\"https:\/\/www.notariosyregistradores.com\/images\/punto-colores.gif\" width=\"14\" height=\"14\" \/>\u00a0 959.-\u00a0Que las <strong>autorizaciones judiciales de venta<\/strong>, si carecen de plazo, son, en principio, <a href=\"https:\/\/www.notariosyregistradores.com\/web\/resoluciones\/por-meses\/resoluciones-direccion-general-de-los-registros-y-el-notariado-marzo-2018\/#r120\"> de duraci\u00f3n indefinida<\/a>?<\/p>\n<div id=\"attachment_51637\" style=\"width: 235px\" class=\"wp-caption alignleft\"><a href=\"https:\/\/www.notariosyregistradores.com\/web\/wp-content\/uploads\/2018\/08\/Ojo-Guare\u00f1a-Ermita-de-San-Bernabe-Burgos.jpg\" target=\"_blank\" rel=\"noopener noreferrer\"><img loading=\"lazy\" decoding=\"async\" aria-describedby=\"caption-attachment-51637\" class=\"wp-image-51637 size-medium\" src=\"https:\/\/www.notariosyregistradores.com\/web\/wp-content\/uploads\/2018\/08\/Ojo-Guare\u00f1a-Ermita-de-San-Bernabe-Burgos-pq-225x300.jpg\" alt=\"\u00a1Sab\u00edas qu\u00e9? Del 954 al 959.\" width=\"225\" height=\"300\" srcset=\"https:\/\/www.notariosyregistradores.com\/web\/wp-content\/uploads\/2018\/08\/Ojo-Guare\u00f1a-Ermita-de-San-Bernabe-Burgos-pq-225x300.jpg 225w, https:\/\/www.notariosyregistradores.com\/web\/wp-content\/uploads\/2018\/08\/Ojo-Guare\u00f1a-Ermita-de-San-Bernabe-Burgos-pq.jpg 227w\" sizes=\"auto, (max-width: 225px) 100vw, 225px\" \/><\/a><p id=\"caption-attachment-51637\" class=\"wp-caption-text\">Ermita de San Bernab\u00e9 en Ojo-Guare\u00f1a (Burgos). Por JFME.<\/p><\/div>\n<p style=\"text-align: justify;\"><img loading=\"lazy\" decoding=\"async\" src=\"https:\/\/www.notariosyregistradores.com\/images\/punto-colores.gif\" alt=\"https:\/\/www.notariosyregistradores.com\/images\/punto-colores.gif\" width=\"14\" height=\"14\" \/>\u00a0 958.-\u00a0Que, a efectos registrales, el <strong>silencio<\/strong> s\u00f3lo puede ser admitido como declaraci\u00f3n de voluntad t\u00e1cita de conformidad cuando as\u00ed lo establece la Ley o cuando la persona a la que se le comunica determinada decisi\u00f3n tiene la obligaci\u00f3n de contestar o, dadas las circunstancias, tendr\u00eda necesariamente <a href=\"https:\/\/www.notariosyregistradores.com\/RESOLUCIONES\/2013-FEBRERO.htm#r67\"> que contestar en un determinado sentido<\/a>?<\/p>\n<p style=\"text-align: justify;\"><img loading=\"lazy\" decoding=\"async\" src=\"https:\/\/www.notariosyregistradores.com\/images\/punto-colores.gif\" alt=\"https:\/\/www.notariosyregistradores.com\/images\/punto-colores.gif\" width=\"14\" height=\"14\" \/>\u00a0 957.-\u00a0Que no cabe adjudicar una finca tras subasta desierta, por una cantidad inferior al 50% al valor de tasaci\u00f3n, <a href=\"https:\/\/www.notariosyregistradores.com\/web\/resoluciones\/por-meses\/resoluciones-direccion-general-de-los-registros-y-el-notariado-abril-2018\/#r141\"> aunque no sea vivienda habitual<\/a>?<\/p>\n<p class=\"style4\" style=\"text-align: justify;\" align=\"justify\"><img loading=\"lazy\" decoding=\"async\" src=\"https:\/\/www.notariosyregistradores.com\/images\/punto-colores.gif\" alt=\"https:\/\/www.notariosyregistradores.com\/images\/punto-colores.gif\" width=\"14\" height=\"14\" \/>\u00a0 956.-\u00a0Que la DGRN considera que <strong>no est\u00e1n sujetos a ITPAJD<\/strong> las anotaciones preventivas de inicio de los procedimientos\u00a0recogidos en los\u00a0<a href=\"https:\/\/www.notariosyregistradores.com\/web\/normas\/ley-hipotecaria\/#a201\">201<\/a>,\u00a0<a href=\"https:\/\/www.notariosyregistradores.com\/web\/normas\/ley-hipotecaria\/#a203\">203<\/a>\u00a0y\u00a0<a href=\"https:\/\/www.notariosyregistradores.com\/web\/normas\/ley-hipotecaria\/#a208\">208<\/a>\u00a0de la Ley Hipotecaria, la georreferenciaci\u00f3n ante\u00a0el\u00a0Registrador, el procedimiento para subsanar la doble inmatriculaci\u00f3n ni la\u00a0<a href=\"https:\/\/www.notariosyregistradores.com\/web\/secciones\/fiscal\/varios-fiscal\/resolucion-dgrn-sobre-hechos-imponibles-tras-reforma-ley-hipotecaria-y-catastro\/\">cancelaci\u00f3n de cargas\u00a0extinguidas por prescripci\u00f3n, caducidad o no uso<\/a>?<\/p>\n<p style=\"text-align: justify;\" align=\"justify\"><img loading=\"lazy\" decoding=\"async\" src=\"https:\/\/www.notariosyregistradores.com\/images\/punto-colores.gif\" alt=\"https:\/\/www.notariosyregistradores.com\/images\/punto-colores.gif\" width=\"14\" height=\"14\" \/>\u00a0 955.-\u00a0Que, para acreditar que una <strong>segregaci\u00f3n<\/strong> es antigua, no es suficiente con un certificado t\u00e9cnico, sino que se precisa un <a href=\"https:\/\/www.notariosyregistradores.com\/web\/resoluciones\/por-meses\/resoluciones-direccion-general-de-los-registros-y-el-notariado-marzo-2018\/#r96\"> documento administrativo que lo reconozca<\/a>, pero puede haber excepciones para nuevos elementos <a href=\"https:\/\/www.notariosyregistradores.com\/web\/resoluciones\/por-meses\/resoluciones-dgrn-marzo-2016\/#r55\">dentro de divisiones horizontales<\/a>?<\/p>\n<p style=\"text-align: justify;\" align=\"justify\"><img loading=\"lazy\" decoding=\"async\" src=\"https:\/\/www.notariosyregistradores.com\/images\/punto-colores.gif\" alt=\"https:\/\/www.notariosyregistradores.com\/images\/punto-colores.gif\" width=\"14\" height=\"14\" \/>\u00a0 954.-\u00a0Que s\u00f3lo es necesaria solicitud expresa de <strong>inscripci\u00f3n parcial<\/strong> de un documento, cuando el pacto, estipulaci\u00f3n o hecho rechazado afecta a la esencialidad del contrato, pero no se precisa cuando el defecto afecte s\u00f3lo a alguna de las fincas, (o a parte de la finca o de su descripci\u00f3n) o a derechos independientes objeto del negocio jur\u00eddico y <a href=\"https:\/\/www.notariosyregistradores.com\/web\/resoluciones\/por-meses\/resoluciones-direccion-general-de-los-registros-y-el-notariado-abril-2018\/#r151\">no hay perjuicio para terceros<\/a>?<\/p>\n<p class=\"style4\" align=\"justify\"><a id=\"s953\"><\/a><img loading=\"lazy\" decoding=\"async\" src=\"https:\/\/www.notariosyregistradores.com\/images\/punto-colores.gif\" alt=\"https:\/\/www.notariosyregistradores.com\/images\/punto-colores.gif\" width=\"14\" height=\"14\" \/>\u00a0 953.-\u00a0Que, si se<strong> hipotecan dos viviendas<\/strong> que forman una unidad funcional, cabe la manifestaci\u00f3n de que <a href=\"https:\/\/www.notariosyregistradores.com\/web\/resoluciones\/por-meses\/resoluciones-direccion-general-de-los-registros-y-el-notariado-marzo-2018\/#r100\"> son vivienda habitual ambas<\/a>?<\/p>\n<div id=\"attachment_51053\" style=\"width: 312px\" class=\"wp-caption alignright\"><a href=\"https:\/\/www.notariosyregistradores.com\/web\/notarios-y-registradores\/attachment\/palencia-rio-carrion\/\"><img loading=\"lazy\" decoding=\"async\" aria-describedby=\"caption-attachment-51053\" class=\"size-full wp-image-51053\" src=\"https:\/\/www.notariosyregistradores.com\/web\/wp-content\/uploads\/2018\/08\/Palencia-rio-Carrion-pq.jpg\" alt=\"\u00bfSab\u00edas qu\u00e9...? Del 948 al 953.\" width=\"302\" height=\"201\" srcset=\"https:\/\/www.notariosyregistradores.com\/web\/wp-content\/uploads\/2018\/08\/Palencia-rio-Carrion-pq.jpg 302w, https:\/\/www.notariosyregistradores.com\/web\/wp-content\/uploads\/2018\/08\/Palencia-rio-Carrion-pq-300x200.jpg 300w\" sizes=\"auto, (max-width: 302px) 100vw, 302px\" \/><\/a><p id=\"caption-attachment-51053\" class=\"wp-caption-text\">El r\u00edo Carri\u00f3n a su paso por Palencia. Por JFME<\/p><\/div>\n<p class=\"style4\" align=\"justify\"><img loading=\"lazy\" decoding=\"async\" src=\"https:\/\/www.notariosyregistradores.com\/images\/punto-colores.gif\" alt=\"https:\/\/www.notariosyregistradores.com\/images\/punto-colores.gif\" width=\"14\" height=\"14\" \/>\u00a0 952.-\u00a0Que puede haber casos en los que, para inscribir la <strong>representaci\u00f3n gr\u00e1fica<\/strong> basada en certificado catastral, aunque haya diferencias de superficie inferiores al 10%, sea preciso notificar a colindantes, por tener el Registrador <a href=\"https:\/\/www.notariosyregistradores.com\/web\/resoluciones\/por-meses\/resoluciones-direccion-general-de-los-registros-y-el-notariado-febrero-2018\/#r87\"> dudas acerca de la identidad de la finca<\/a>, incluso <a href=\"https:\/\/www.notariosyregistradores.com\/web\/resoluciones\/por-meses\/resoluciones-direccion-general-de-los-registros-y-el-notariado-abril-2018\/#r134\"> cuando la cabida coincida<\/a>?<\/p>\n<p class=\"style4\" align=\"justify\"><img loading=\"lazy\" decoding=\"async\" src=\"https:\/\/www.notariosyregistradores.com\/images\/punto-colores.gif\" alt=\"https:\/\/www.notariosyregistradores.com\/images\/punto-colores.gif\" width=\"14\" height=\"14\" \/>\u00a0 951.-\u00a0Que, en el <strong>Plan Cuatrienal de Viviendas 2018 -2021<\/strong> se dispone que deben constar mediante <strong>nota marginal<\/strong> en el Registro de la Propiedad, el destino durante <strong>25 a\u00f1os<\/strong> de las viviendas acogidas al Programa de fomento del parque de vivienda en alquiler y durante<strong> 40 a\u00f1os<\/strong> de las acogidas al Programa de fomento de viviendas <a href=\"https:\/\/www.notariosyregistradores.com\/web\/normas\/informes-mensuales\/informe-282-boe-marzo-2018\/#plan-estatal-de-vivienda-2018-2021\">para personas mayores y personas con discapacidad<\/a>?<\/p>\n<p class=\"style4\" align=\"justify\"><img loading=\"lazy\" decoding=\"async\" src=\"https:\/\/www.notariosyregistradores.com\/images\/punto-colores.gif\" alt=\"https:\/\/www.notariosyregistradores.com\/images\/punto-colores.gif\" width=\"14\" height=\"14\" \/>\u00a0 950.-\u00a0Que la <a href=\"https:\/\/www.notariosyregistradores.com\/web\/normas\/informes-mensuales\/informe-253-boe-octubre-2015\/#oficina-de-recuperacion-y-gestion-de-activos\">Oficina de Recuperaci\u00f3n y Gesti\u00f3n de Activos<\/a> (<strong>ORGA<\/strong>) ha quedado suprimida\u00a0por el <a href=\"https:\/\/www.notariosyregistradores.com\/web\/normas\/informes-mensuales\/informe-285-boe-junio-2018\/#estructura-organica-basica-de-los-ministerios-direccion-general-para-la-memoria-historica\"> Real Decreto 595\/2018, de 22 de junio<\/a>, incluyendo sus funciones en la La Direcci\u00f3n General de Modernizaci\u00f3n de la Justicia, Desarrollo Tecnol\u00f3gico y Recuperaci\u00f3n y Gesti\u00f3n de Activos?<\/p>\n<p class=\"style4\" align=\"justify\"><img loading=\"lazy\" decoding=\"async\" src=\"https:\/\/www.notariosyregistradores.com\/images\/punto-colores.gif\" alt=\"https:\/\/www.notariosyregistradores.com\/images\/punto-colores.gif\" width=\"14\" height=\"14\" \/>\u00a0 949.-\u00a0Que la DGRN admiti\u00f3 inscribir una ejecuci\u00f3n hipotecaria en la que el <strong>tercer poseedor no fue demandado<\/strong>, pero s\u00ed notificado personalmente despu\u00e9s de la subasta y adjudicaci\u00f3n, sin oponerse, <a href=\"https:\/\/www.notariosyregistradores.com\/web\/resoluciones\/por-meses\/resoluciones-direccion-general-de-los-registros-y-el-notariado-marzo-2018\/#r131\"> por entender que no hay indefensi\u00f3n<\/a>?<\/p>\n<p class=\"style4\" align=\"justify\"><img loading=\"lazy\" decoding=\"async\" src=\"https:\/\/www.notariosyregistradores.com\/images\/punto-colores.gif\" alt=\"https:\/\/www.notariosyregistradores.com\/images\/punto-colores.gif\" width=\"14\" height=\"14\" \/>\u00a0 948.-\u00a0Que, para declarar la\u00a0<strong>obra nueva de un centro comercial<\/strong> se precisa licencia para el acto edificatorio, pero, en cambio, para determinar si la edificaci\u00f3n ya finalizada re\u00fane las condiciones necesarias para su destino al uso previsto, cabe que la legislaci\u00f3n urban\u00edstica aplicable sustituya la licencia <a href=\"https:\/\/www.notariosyregistradores.com\/web\/resoluciones\/por-meses\/resoluciones-direccion-general-de-los-registros-y-el-notariado-marzo-2018\/#r111\"> por una declaraci\u00f3n responsable<\/a>?<\/p>\n<p class=\"style4\" align=\"justify\"><a id=\"s947\"><\/a><img loading=\"lazy\" decoding=\"async\" src=\"https:\/\/www.notariosyregistradores.com\/images\/punto-colores.gif\" alt=\"https:\/\/www.notariosyregistradores.com\/images\/punto-colores.gif\" width=\"14\" height=\"14\" \/>\u00a0 947.-\u00a0Que no cabe inscribir la <strong>representaci\u00f3n gr\u00e1fica <\/strong>de tres fincas registrales con una \u00fanica representaci\u00f3n gr\u00e1fica catastral, pues podr\u00eda encubrir <a href=\"https:\/\/www.notariosyregistradores.com\/web\/resoluciones\/por-meses\/resoluciones-direccion-general-de-los-registros-y-el-notariado-enero-2018\/#r26\"> una agrupaci\u00f3n no formalizada jur\u00eddicamente<\/a>?<\/p>\n<div id=\"attachment_50305\" style=\"width: 311px\" class=\"wp-caption alignleft\"><a href=\"https:\/\/www.notariosyregistradores.com\/web\/penafiel-molino_sobre_el_duero-valladolid\/\"><img loading=\"lazy\" decoding=\"async\" aria-describedby=\"caption-attachment-50305\" class=\"size-full wp-image-50305\" src=\"https:\/\/www.notariosyregistradores.com\/web\/wp-content\/uploads\/2018\/07\/Pe\u00f1afiel-molino_sobre_el_Duero-Valladolid-pq.jpg\" alt=\"\u00bfSab\u00edas qu\u00e9...? Del 942 al 947\" width=\"301\" height=\"226\" srcset=\"https:\/\/www.notariosyregistradores.com\/web\/wp-content\/uploads\/2018\/07\/Pe\u00f1afiel-molino_sobre_el_Duero-Valladolid-pq.jpg 301w, https:\/\/www.notariosyregistradores.com\/web\/wp-content\/uploads\/2018\/07\/Pe\u00f1afiel-molino_sobre_el_Duero-Valladolid-pq-300x225.jpg 300w\" sizes=\"auto, (max-width: 301px) 100vw, 301px\" \/><\/a><p id=\"caption-attachment-50305\" class=\"wp-caption-text\">Molino sobre el Duero en Pe\u00f1afiel. Por JFME<\/p><\/div>\n<p class=\"style4\" align=\"justify\"><img loading=\"lazy\" decoding=\"async\" src=\"https:\/\/www.notariosyregistradores.com\/images\/punto-colores.gif\" alt=\"https:\/\/www.notariosyregistradores.com\/images\/punto-colores.gif\" width=\"14\" height=\"14\" \/>\u00a0 946.- Que el Tribunal Supremo admite el uso de <strong>poderes otorgados en la propia escritura de hipoteca<\/strong> para subsanar defectos, si se utilizan conforme a la buena fe, objeto y finalidad del negocio, <a href=\"https:\/\/www.notariosyregistradores.com\/web\/secciones\/oficina-mercantil\/informes-mensuales-o-m\/informe-marzo-2018-registros-mercantiles-y-de-bienes-muebles-interpretacion-finalista-de-poderes\/#cuestiones-de-interes-\"> atendiendo al inter\u00e9s general por encima del particular<\/a>?<\/p>\n<p class=\"style4\" align=\"justify\"><img loading=\"lazy\" decoding=\"async\" src=\"https:\/\/www.notariosyregistradores.com\/images\/punto-colores.gif\" alt=\"https:\/\/www.notariosyregistradores.com\/images\/punto-colores.gif\" width=\"14\" height=\"14\" \/>\u00a0 945.-\u00a0Que, en los estatutos de una sociedad, <strong>no puede <\/strong>admitirse que mediante prestaci\u00f3n de consentimiento anticipado pueda <strong>combinarse la administraci\u00f3n mancomunada con la solidaria<\/strong> respecto de ciertos actos <a href=\"https:\/\/www.notariosyregistradores.com\/web\/resoluciones\/por-meses\/resoluciones-direccion-general-de-los-registros-y-el-notariado-febrero-2018\/#r89\"> o hasta cierto importe<\/a>?<\/p>\n<p class=\"style4\" align=\"justify\"><img loading=\"lazy\" decoding=\"async\" src=\"https:\/\/www.notariosyregistradores.com\/images\/punto-colores.gif\" alt=\"https:\/\/www.notariosyregistradores.com\/images\/punto-colores.gif\" width=\"14\" height=\"14\" \/>\u00a0 944.- Que, para inscribir una <strong>obra como antigua<\/strong> (<a href=\"https:\/\/www.notariosyregistradores.com\/web\/normas\/ley-del-suelo-2015\/#a28\">art. 28.4 TRLS<\/a>), ha de solicitarse expresamente por el interesado, pues puede implicar<a href=\"https:\/\/www.notariosyregistradores.com\/web\/resoluciones\/por-meses\/resoluciones-direccion-general-de-los-registros-y-el-notariado-febrero-2018\/#r65\"> dudas sobre su situaci\u00f3n urban\u00edstica<\/a>?<\/p>\n<p class=\"style4\" align=\"justify\"><img loading=\"lazy\" decoding=\"async\" src=\"https:\/\/www.notariosyregistradores.com\/images\/punto-colores.gif\" alt=\"https:\/\/www.notariosyregistradores.com\/images\/punto-colores.gif\" width=\"14\" height=\"14\" \/>\u00a0 943.-\u00a0Que, en el <strong>censo enfit\u00e9utico<\/strong>, no cabe consolidar el dominio \u00fatil en el directo por transcurso de sesenta a\u00f1os sin asiento, sino que se precisa que <a href=\"https:\/\/www.notariosyregistradores.com\/web\/resoluciones\/por-meses\/resoluciones-direccion-general-de-los-registros-y-el-notariado-enero-2018\/#r20\"> judicialmente se declare la prescripci\u00f3n<\/a>?<\/p>\n<p class=\"style4\" align=\"justify\"><img loading=\"lazy\" decoding=\"async\" src=\"https:\/\/www.notariosyregistradores.com\/images\/punto-colores.gif\" alt=\"https:\/\/www.notariosyregistradores.com\/images\/punto-colores.gif\" width=\"14\" height=\"14\" \/>\u00a0 942.- Que para instar el <strong>procedimiento de conciliaci\u00f3n ante el Registrador<\/strong>, es preciso que la controversia afecte a un inmueble de su distrito hipotecario, pero que <a href=\"https:\/\/www.notariosyregistradores.com\/web\/resoluciones\/por-meses\/resoluciones-direccion-general-de-los-registros-y-el-notariado-febrero-2018\/#r78\"> no es necesario que genere un t\u00edtulo inscribible<\/a>?<\/p>\n<p class=\"style4\" align=\"justify\"><a id=\"s941\"><\/a><img loading=\"lazy\" decoding=\"async\" src=\"https:\/\/www.notariosyregistradores.com\/images\/punto-colores.gif\" alt=\"https:\/\/www.notariosyregistradores.com\/images\/punto-colores.gif\" width=\"14\" height=\"14\" \/>\u00a0 941.- Que, para <strong>elevar a p\u00fablico un contrato de compraventa<\/strong>, fallecido el vendedor, ha de intervenir no s\u00f3lo el heredero, <a href=\"https:\/\/www.notariosyregistradores.com\/web\/resoluciones\/por-meses\/resoluciones-direccion-general-de-los-registros-y-el-notariado-enero-2018\/#r42\"> sino tambi\u00e9n el legitimario<\/a>?<\/p>\n<div id=\"attachment_49561\" style=\"width: 227px\" class=\"wp-caption alignright\"><a href=\"https:\/\/www.notariosyregistradores.com\/web\/notarios-y-registradores\/attachment\/praga-casas_danzantes\/\"><img loading=\"lazy\" decoding=\"async\" aria-describedby=\"caption-attachment-49561\" class=\"size-full wp-image-49561\" src=\"https:\/\/www.notariosyregistradores.com\/web\/wp-content\/uploads\/2018\/06\/Praga-Casas_Danzantes-pq.jpg\" alt=\"\u00bfSab\u00edas que...? Del 936 al 941.\" width=\"217\" height=\"302\" srcset=\"https:\/\/www.notariosyregistradores.com\/web\/wp-content\/uploads\/2018\/06\/Praga-Casas_Danzantes-pq.jpg 217w, https:\/\/www.notariosyregistradores.com\/web\/wp-content\/uploads\/2018\/06\/Praga-Casas_Danzantes-pq-216x300.jpg 216w\" sizes=\"auto, (max-width: 217px) 100vw, 217px\" \/><\/a><p id=\"caption-attachment-49561\" class=\"wp-caption-text\">Casas Danzantes en Praga (Chequia). Por JFME.<\/p><\/div>\n<p class=\"style4\" align=\"justify\"><img loading=\"lazy\" decoding=\"async\" src=\"https:\/\/www.notariosyregistradores.com\/images\/punto-colores.gif\" alt=\"https:\/\/www.notariosyregistradores.com\/images\/punto-colores.gif\" width=\"14\" height=\"14\" \/>\u00a0 940.- \u00a0Que la informaci\u00f3n que ha de remitir el notario o el registrador mercantil al <strong>Registro P\u00fablico Concursal<\/strong>, respecto a los <strong>mediadores<\/strong>, ha de ser mediante formulario, sin que pueda hacerse mediante la remisi\u00f3n literal de actas notariales, inscripciones, expedientes concursales, por el debido tratamiento de la informaci\u00f3n y <a href=\"https:\/\/www.notariosyregistradores.com\/web\/normas\/informes-mensuales\/informe-281-boe-febrero-2018\/#instruccion-dgrn-mediador-concursal-y-registro-publico-concursal\"> para cumplir con la normativa de protecci\u00f3n de datos<\/a>?<\/p>\n<p class=\"style4\" align=\"justify\"><img loading=\"lazy\" decoding=\"async\" src=\"https:\/\/www.notariosyregistradores.com\/images\/punto-colores.gif\" alt=\"https:\/\/www.notariosyregistradores.com\/images\/punto-colores.gif\" width=\"14\" height=\"14\" \/>\u00a0 939.- Que, al iniciar el <strong>acta del art\u00edculo 201 de la Ley Hipotecaria<\/strong>, junto con la certificaci\u00f3n se puede solicitar <strong>anotaci\u00f3n preventiva<\/strong>, pero que <a href=\"https:\/\/www.notariosyregistradores.com\/web\/resoluciones\/por-meses\/resoluciones-direccion-general-de-los-registros-y-el-notariado-diciembre-2017\/#r556\"> no es obligatorio pedirla, aunque s\u00ed muy conveniente<\/a>?<\/p>\n<p class=\"style4\" align=\"justify\"><img loading=\"lazy\" decoding=\"async\" src=\"https:\/\/www.notariosyregistradores.com\/images\/punto-colores.gif\" alt=\"https:\/\/www.notariosyregistradores.com\/images\/punto-colores.gif\" width=\"14\" height=\"14\" \/>\u00a0 938.- Que en las <strong>declaraciones de obras viejas en espacios especialmente protegidos<\/strong>, hay que valorar si la edificaci\u00f3n fue anterior o no al cambio de normativa que impide la prescripci\u00f3n <a href=\"https:\/\/www.notariosyregistradores.com\/web\/resoluciones\/por-meses\/resoluciones-direccion-general-de-los-registros-y-el-notariado-enero-2018\/#r12\"> para saber si se puede escriturar e inscribir<\/a>?<\/p>\n<p class=\"style4\" align=\"justify\"><img loading=\"lazy\" decoding=\"async\" src=\"https:\/\/www.notariosyregistradores.com\/images\/punto-colores.gif\" alt=\"https:\/\/www.notariosyregistradores.com\/images\/punto-colores.gif\" width=\"14\" height=\"14\" \/>\u00a0 937.- Que el juego del <strong>principio de prioridad<\/strong> y las<strong> anotaciones de prohibici\u00f3n de enajenar<\/strong> es distinto en las que proceden de procedimiento penal o administrativo (se aplica de modo estricto) respecto a las <a href=\"https:\/\/www.notariosyregistradores.com\/web\/resoluciones\/por-meses\/resoluciones-direccion-general-de-los-registros-y-el-notariado-febrero-2018\/#r70\"> derivadas de un procedimiento civil<\/a>?<\/p>\n<p class=\"style4\" align=\"justify\"><img loading=\"lazy\" decoding=\"async\" src=\"https:\/\/www.notariosyregistradores.com\/images\/punto-colores.gif\" alt=\"https:\/\/www.notariosyregistradores.com\/images\/punto-colores.gif\" width=\"14\" height=\"14\" \/>\u00a0 936.- Que, tanto en la convocatoria de la <strong>Junta general -y su complemento<\/strong>-, como en el <strong>requerimiento para la actuaci\u00f3n notarial<\/strong>, se ha de respetar la <a href=\"https:\/\/www.notariosyregistradores.com\/web\/resoluciones\/por-meses\/resoluciones-direccion-general-de-los-registros-y-el-notariado-febrero-2018\/#r80\"> regla de competencia del \u00f3rgano de administraci\u00f3n<\/a>?<\/p>\n<p class=\"style4\" align=\"justify\"><a id=\"s935\"><\/a><img loading=\"lazy\" decoding=\"async\" src=\"https:\/\/www.notariosyregistradores.com\/images\/punto-colores.gif\" alt=\"https:\/\/www.notariosyregistradores.com\/images\/punto-colores.gif\" width=\"14\" height=\"14\" \/>\u00a0 935.- Que, si una<strong> finca aparece sin cabida<\/strong> en el registro, para practicar una inscripci\u00f3n, es preciso seguir previa o simult\u00e1neamente el procedimiento del <a href=\"https:\/\/www.notariosyregistradores.com\/web\/normas\/ley-hipotecaria\/#a199\"> art\u00edculo 199<\/a> (ante el Registrador) o el del <a href=\"https:\/\/www.notariosyregistradores.com\/web\/normas\/ley-hipotecaria\/#a201\"> 201 de la Ley Hipotecaria<\/a> (ante Notario) para asignarle cabida, pero que <a href=\"https:\/\/www.notariosyregistradores.com\/web\/resoluciones\/por-meses\/resoluciones-direccion-general-de-los-registros-y-el-notariado-enero-2018\/#r13\"> s\u00ed se podr\u00eda practicar una anotaci\u00f3n preventiva<\/a>?<\/p>\n<div id=\"attachment_48768\" style=\"width: 311px\" class=\"wp-caption alignleft\"><a href=\"https:\/\/www.notariosyregistradores.com\/web\/orbaneja_del_castillo_2-burgos\/\"><img loading=\"lazy\" decoding=\"async\" aria-describedby=\"caption-attachment-48768\" class=\"size-full wp-image-48768\" src=\"https:\/\/www.notariosyregistradores.com\/web\/wp-content\/uploads\/2018\/05\/Orbaneja_del_Castillo_2-Burgos-pq.jpg\" alt=\"\u00bfSab\u00edas que...? Del 630 al 635.\" width=\"301\" height=\"226\" srcset=\"https:\/\/www.notariosyregistradores.com\/web\/wp-content\/uploads\/2018\/05\/Orbaneja_del_Castillo_2-Burgos-pq.jpg 301w, https:\/\/www.notariosyregistradores.com\/web\/wp-content\/uploads\/2018\/05\/Orbaneja_del_Castillo_2-Burgos-pq-300x225.jpg 300w\" sizes=\"auto, (max-width: 301px) 100vw, 301px\" \/><\/a><p id=\"caption-attachment-48768\" class=\"wp-caption-text\">Orbaneja del Castillo (Burgos). Por JFME.<\/p><\/div>\n<p class=\"style4\" align=\"justify\"><img loading=\"lazy\" decoding=\"async\" src=\"https:\/\/www.notariosyregistradores.com\/images\/punto-colores.gif\" alt=\"https:\/\/www.notariosyregistradores.com\/images\/punto-colores.gif\" width=\"14\" height=\"14\" \/>\u00a0 934.- Que en caso de la existencia de un <strong>convenio arbitral<\/strong>, si se ejercita una <strong>acci\u00f3n declinatoria<\/strong>, el Tribunal Supremo se inclina porque el juez debe realizar un enjuiciamiento completo sobre la validez, eficacia y aplicabilidad del <a href=\"https:\/\/www.notariosyregistradores.com\/web\/secciones\/oficina-mercantil\/informes-mensuales-o-m\/informe-enero-208-registros-mercantiles-y-de-bienes-muebles\/#contrato-marco-de-adhesion-y-clausula-de-sumision-a-arbitraje\"> convenio arbitral antes de decidir<\/a>?<\/p>\n<p class=\"style4\" align=\"justify\"><img loading=\"lazy\" decoding=\"async\" src=\"https:\/\/www.notariosyregistradores.com\/images\/punto-colores.gif\" alt=\"https:\/\/www.notariosyregistradores.com\/images\/punto-colores.gif\" width=\"14\" height=\"14\" \/>\u00a0 933.- Que la cualidad de consumidor ha de tenerse en el momento de celebraci\u00f3n del contrato a los efectos de <a href=\"https:\/\/www.notariosyregistradores.com\/web\/practica\/jurisprudencia\/paseos-jurisprudenciales-enero-de-2018\/#consumidor-al-celebrarse-el-contrato\"> control de transparencia y de abusividad de una cl\u00e1usula suelo<\/a>?<\/p>\n<p class=\"style4\" align=\"justify\"><img loading=\"lazy\" decoding=\"async\" src=\"https:\/\/www.notariosyregistradores.com\/images\/punto-colores.gif\" alt=\"https:\/\/www.notariosyregistradores.com\/images\/punto-colores.gif\" width=\"14\" height=\"14\" \/>\u00a0 932.- Que el acta notarial del <a href=\"https:\/\/www.notariosyregistradores.com\/web\/normas\/ley-hipotecaria\/#a208\"> art. 208 LH<\/a> para <strong>reanudar el tracto interrumpido<\/strong>, en caso de que solicite la inscripci\u00f3n en favor del causante, <a href=\"https:\/\/www.notariosyregistradores.com\/web\/resoluciones\/por-meses\/resoluciones-direccion-general-de-los-registros-y-el-notariado-noviembre-2017\/#r480\"> ha de ser instada por todos los herederos<\/a>?<\/p>\n<p class=\"style4\" align=\"justify\"><img loading=\"lazy\" decoding=\"async\" src=\"https:\/\/www.notariosyregistradores.com\/images\/punto-colores.gif\" alt=\"https:\/\/www.notariosyregistradores.com\/images\/punto-colores.gif\" width=\"14\" height=\"14\" \/>\u00a0 931.- Que, desde un punto de vista pr\u00e1ctico, para determinar si un <strong>acuerdo de comunidad de propietarios<\/strong> precisa unanimidad, puede partirse de comprobar si est\u00e1 en una de las excepciones de los art\u00edculos <a href=\"https:\/\/www.notariosyregistradores.com\/web\/normas\/ley-de-propiedad-horizontal\/#a10\"> 10<\/a> y <a href=\"https:\/\/www.notariosyregistradores.com\/web\/normas\/ley-de-propiedad-horizontal\/#a17\"> 17 de la Ley de Propiedad Horizontal<\/a>, debi\u00e9ndose de valorar tambi\u00e9n si es un mero acto colectivo o bien ha de <a href=\"https:\/\/www.notariosyregistradores.com\/web\/resoluciones\/por-meses\/resoluciones-direccion-general-de-los-registros-y-el-notariado-enero-2018\/#r56\"> consentir tambi\u00e9n de modo expreso el propietario afectado<\/a>?<\/p>\n<p class=\"style4\" align=\"justify\"><img loading=\"lazy\" decoding=\"async\" src=\"https:\/\/www.notariosyregistradores.com\/images\/punto-colores.gif\" alt=\"https:\/\/www.notariosyregistradores.com\/images\/punto-colores.gif\" width=\"14\" height=\"14\" \/>\u00a0 930.- Que la excepci\u00f3n al <strong>seguro decenal<\/strong> de autopromotor individual\u00a0de una\u00a0\u00fanica vivienda unifamiliar\u00a0para\u00a0uso propio, ha de tener en cuenta la tipolog\u00eda de la vivienda, que excluye las colectivas, pero que pueden ser propietarias varias personas o, incluso, una persona jur\u00eddica, <a href=\"https:\/\/www.notariosyregistradores.com\/web\/resoluciones\/por-meses\/resoluciones-direccion-general-de-los-registros-y-el-notariado-diciembre-2017\/#r573\"> aunque tengan viviendas en otros sitios<\/a>?<\/p>\n<p class=\"style4\" align=\"justify\"><a id=\"s929\"><\/a><img loading=\"lazy\" decoding=\"async\" src=\"https:\/\/www.notariosyregistradores.com\/images\/punto-colores.gif\" alt=\"https:\/\/www.notariosyregistradores.com\/images\/punto-colores.gif\" width=\"14\" height=\"14\" \/>\u00a0 929.- Que, si en una <strong>sociedad unipersonal<\/strong> act\u00faa como socio \u00fanico una persona distinta de la que consta en el Registro Mercantil, ha de recogerse en la escritura el t\u00edtulo de cambio de socio, especialmente si no consta en el Registro Mercantil el <a href=\"https:\/\/www.notariosyregistradores.com\/web\/resoluciones\/por-meses\/resoluciones-direccion-general-de-los-registros-y-el-notariado-enero-2018\/#r18\"> nombramiento del nuevo administrador<\/a>?<\/p>\n<div id=\"attachment_47995\" style=\"width: 310px\" class=\"wp-caption alignright\"><a href=\"https:\/\/www.notariosyregistradores.com\/web\/notarios-y-registradores\/attachment\/amsterdam2\/\"><img loading=\"lazy\" decoding=\"async\" aria-describedby=\"caption-attachment-47995\" class=\"wp-image-47995 size-medium\" src=\"https:\/\/www.notariosyregistradores.com\/web\/wp-content\/uploads\/2018\/05\/Amsterdam2-pq-300x225.jpg\" alt=\"Seis nuevos \u00bfSab\u00edas que...?Del 924 al 929\" width=\"300\" height=\"225\" srcset=\"https:\/\/www.notariosyregistradores.com\/web\/wp-content\/uploads\/2018\/05\/Amsterdam2-pq-300x225.jpg 300w, https:\/\/www.notariosyregistradores.com\/web\/wp-content\/uploads\/2018\/05\/Amsterdam2-pq.jpg 301w\" sizes=\"auto, (max-width: 300px) 100vw, 300px\" \/><\/a><p id=\"caption-attachment-47995\" class=\"wp-caption-text\">Parque de Amsterdam. Por Ana Elisa de Gregorio.<\/p><\/div>\n<p class=\"style4\" align=\"justify\"><img loading=\"lazy\" decoding=\"async\" src=\"https:\/\/www.notariosyregistradores.com\/images\/punto-colores.gif\" alt=\"https:\/\/www.notariosyregistradores.com\/images\/punto-colores.gif\" width=\"14\" height=\"14\" \/>\u00a0 928.- Que, para levantar el <strong>cierre registral <\/strong>por el impuesto de <strong>plusval\u00eda municipal<\/strong>, no basta con acreditar la presentaci\u00f3n en una oficina conforme al <a href=\"https:\/\/www.notariosyregistradores.com\/web\/normas\/ley-procedimiento-administrativo-2015\/#a16\"> art. 16 LPA<\/a>, sino que se ha de justificar su <a href=\"https:\/\/www.notariosyregistradores.com\/web\/resoluciones\/por-meses\/resoluciones-direccion-general-de-los-registros-y-el-notariado-diciembre-2017\/#r567\"> recepci\u00f3n por el Ayuntamiento correspondiente<\/a>?<\/p>\n<p class=\"style4\" align=\"justify\"><img loading=\"lazy\" decoding=\"async\" src=\"https:\/\/www.notariosyregistradores.com\/images\/punto-colores.gif\" alt=\"https:\/\/www.notariosyregistradores.com\/images\/punto-colores.gif\" width=\"14\" height=\"14\" \/>\u00a0 927.- Que el nombramiento de un <strong> <a href=\"https:\/\/www.notariosyregistradores.com\/web\/columna-izq\/codigo-civil-libro-primero\/#art164\"> administrador testamentario<\/a><\/strong> no priva a los progenitores de su representaci\u00f3n legal general, por ejemplo, para <a href=\"https:\/\/www.notariosyregistradores.com\/web\/resoluciones\/por-meses\/resoluciones-direccion-general-de-los-registros-y-el-notariado-diciembre-2017\/#r581\"> aceptar la herencia del menor o partir<\/a>?\u00a0<\/p>\n<p class=\"style4\" align=\"justify\"><img loading=\"lazy\" decoding=\"async\" src=\"https:\/\/www.notariosyregistradores.com\/images\/punto-colores.gif\" alt=\"https:\/\/www.notariosyregistradores.com\/images\/punto-colores.gif\" width=\"14\" height=\"14\" \/>\u00a0 926.- Que desde el 1\u00ba de abril de 2017 cambi\u00f3 el texto de los <a href=\"https:\/\/www.notariosyregistradores.com\/web\/normas\/ley-sobre-hipoteca-mobiliaria-y-prenda-sin-desplazamiento-de-posesion\/#a45\"> arts 45 y 46 LHMYPSD<\/a> para revitalizar las garant\u00eda muebles, y en concreto la <strong>hipoteca mobiliaria sobre patentes<\/strong> como <a href=\"https:\/\/www.notariosyregistradores.com\/web\/normas\/informes-mensuales\/informe-250-boe-julio-2015\/#hm\"> forma de financiar el desarrollo de la propia patente<\/a>?<\/p>\n<p class=\"style4\" align=\"justify\"><img loading=\"lazy\" decoding=\"async\" src=\"https:\/\/www.notariosyregistradores.com\/images\/punto-colores.gif\" alt=\"https:\/\/www.notariosyregistradores.com\/images\/punto-colores.gif\" width=\"14\" height=\"14\" \/>\u00a0 925.- Que la DGRN admite que se aproveche el acta derivada del <strong>expediente notarial <a href=\"https:\/\/www.notariosyregistradores.com\/web\/normas\/ley-hipotecaria\/#a201\" target=\"_blank\" rel=\"noopener noreferrer\">art. 201 LH<\/a> de rectificaci\u00f3n de cabida<\/strong> de una finca que tiene un edificio construido, para incorporar otros contenidos por econom\u00eda procedimental como cambio de calle \u00f3 n\u00famero de polic\u00eda o <a href=\"https:\/\/www.notariosyregistradores.com\/web\/resoluciones\/por-meses\/resoluciones-direccion-general-de-los-registros-y-el-notariado-diciembre-2017\/#r574\"> superficie construida si re\u00fane los requisitos urban\u00edsticos de modificaci\u00f3n de obras<\/a>?<\/p>\n<p class=\"style4\" align=\"justify\"><img loading=\"lazy\" decoding=\"async\" src=\"https:\/\/www.notariosyregistradores.com\/images\/punto-colores.gif\" alt=\"https:\/\/www.notariosyregistradores.com\/images\/punto-colores.gif\" width=\"14\" height=\"14\" \/>\u00a0 924.- Que en una <strong>sociedad en liquidaci\u00f3n<\/strong>, ya no tiene la misma trascendencia si el activo que se vende es esencial o no, por lo que <a href=\"https:\/\/www.notariosyregistradores.com\/web\/resoluciones\/por-meses\/resoluciones-direccion-general-de-los-registros-y-el-notariado-diciembre-2017\/#r572\"> no se precisa junta general<\/a>?<\/p>\n<p class=\"style4\" align=\"justify\"><a id=\"s923\"><\/a><img loading=\"lazy\" decoding=\"async\" src=\"https:\/\/www.notariosyregistradores.com\/images\/punto-colores.gif\" alt=\"https:\/\/www.notariosyregistradores.com\/images\/punto-colores.gif\" width=\"14\" height=\"14\" \/>\u00a0 923.- Que no vale como <strong>t\u00edtulo previo para una inmatriculaci\u00f3n<\/strong> un documento privado, aunque tenga fecha fehaciente anterior <a href=\"https:\/\/www.notariosyregistradores.com\/web\/resoluciones\/por-meses\/resoluciones-direccion-general-de-los-registros-y-el-notariado-octubre-2017\/#r450\"> a la entrada en vigor de la Ley 13\/2015<\/a>?<\/p>\n<div id=\"attachment_47144\" style=\"width: 308px\" class=\"wp-caption alignleft\"><a href=\"https:\/\/www.notariosyregistradores.com\/web\/notarios-y-registradores\/attachment\/biescas-nevada-huesca\/\"><img loading=\"lazy\" decoding=\"async\" aria-describedby=\"caption-attachment-47144\" class=\"size-full wp-image-47144\" src=\"https:\/\/www.notariosyregistradores.com\/web\/wp-content\/uploads\/2018\/04\/Biescas-nevada-Huesca-pq.jpg\" alt=\"Seis nuevos \u00bfSab\u00edas qu\u00e9...? Del 918 al 923.\" width=\"298\" height=\"214\" \/><\/a><p id=\"caption-attachment-47144\" class=\"wp-caption-text\">Biescas (Huesca), nevada. Por JFME.<\/p><\/div>\n<p class=\"style4\" align=\"justify\"><img loading=\"lazy\" decoding=\"async\" src=\"https:\/\/www.notariosyregistradores.com\/images\/punto-colores.gif\" alt=\"https:\/\/www.notariosyregistradores.com\/images\/punto-colores.gif\" width=\"14\" height=\"14\" \/>\u00a0 922.- Que las <strong>servidumbres<\/strong> se inscriben en el predio sirviente, pero no en el dominante donde s\u00f3lo ha de<a href=\"https:\/\/www.notariosyregistradores.com\/web\/resoluciones\/por-meses\/resoluciones-direccion-general-de-los-registros-y-el-notariado-noviembre-2017\/#r476\"> practicarse una nota marginal<\/a>?<\/p>\n<p class=\"style4\" align=\"justify\"><img loading=\"lazy\" decoding=\"async\" src=\"https:\/\/www.notariosyregistradores.com\/images\/punto-colores.gif\" alt=\"https:\/\/www.notariosyregistradores.com\/images\/punto-colores.gif\" width=\"14\" height=\"14\" \/>\u00a0 921.- Que todos los a\u00f1os ha de aprobarse un <strong>plan normativo<\/strong> donde se recogen las leyes y reales decretos que se van a tramitar <a href=\"https:\/\/www.notariosyregistradores.com\/web\/participa\/noticias\/plan-anual-normativo-2018\/\"> durante el a\u00f1o siguiente<\/a>?<\/p>\n<p class=\"style4\" align=\"justify\"><img loading=\"lazy\" decoding=\"async\" src=\"https:\/\/www.notariosyregistradores.com\/images\/punto-colores.gif\" alt=\"https:\/\/www.notariosyregistradores.com\/images\/punto-colores.gif\" width=\"14\" height=\"14\" \/>\u00a0 920.- Que, si se <strong>pacta un plazo de duraci\u00f3n de la hipoteca<\/strong> -normalmente en las de m\u00e1ximo- la finalizaci\u00f3n de ese plazo provoca la caducidad del asiento, sin tener que esperar a que transcurran 21 a\u00f1os desde que la obligaci\u00f3n garantizada\u00a0<a href=\"https:\/\/www.notariosyregistradores.com\/web\/resoluciones\/por-meses\/resoluciones-direccion-general-de-los-registros-y-el-notariado-noviembre-2017\/#r495\">tuviese que haberse cumplido<\/a>?<\/p>\n<p class=\"style4\" align=\"justify\"><img loading=\"lazy\" decoding=\"async\" src=\"https:\/\/www.notariosyregistradores.com\/images\/punto-colores.gif\" alt=\"https:\/\/www.notariosyregistradores.com\/images\/punto-colores.gif\" width=\"14\" height=\"14\" \/>\u00a0 919.- Que en el <strong>expediente notarial de rectificaci\u00f3n de cabida<\/strong> del <a href=\"https:\/\/www.notariosyregistradores.com\/web\/normas\/ley-hipotecaria\/#a201\"> art\u00edculo 201 LH<\/a>, si un colindante es una finca dividida horizontalmente, ha de aplicarse anal\u00f3gicamente el <a href=\"https:\/\/www.notariosyregistradores.com\/web\/normas\/ley-hipotecaria\/#a199\"> art.199<\/a>, debi\u00e9ndose notificar al Presidente de la Comunidad, intent\u00e1ndose <a href=\"https:\/\/www.notariosyregistradores.com\/web\/resoluciones\/por-meses\/resoluciones-direccion-general-de-los-registros-y-el-notariado-diciembre-2017\/#r533\"> dos veces personalmente antes de acudir al BOE<\/a>?<\/p>\n<p class=\"style4\" align=\"justify\"><img loading=\"lazy\" decoding=\"async\" src=\"https:\/\/www.notariosyregistradores.com\/images\/punto-colores.gif\" alt=\"https:\/\/www.notariosyregistradores.com\/images\/punto-colores.gif\" width=\"14\" height=\"14\" \/>\u00a0 918.- Que la RDGRN ha suavizado la acreditaci\u00f3n de que no hay <strong>sustitutos vulgares<\/strong> en caso de renuncia y, a veces, tambi\u00e9n de premoriencia, aceptando meras manifestaciones <a href=\"https:\/\/www.notariosyregistradores.com\/web\/resoluciones\/por-meses\/resoluciones-direccion-general-de-los-registros-y-el-notariado-noviembre-2017\/#r514\"> en vez de acta de notoriedad<\/a>?<\/p>\n<p class=\"style4\" align=\"justify\"><a id=\"s917\"><\/a><img loading=\"lazy\" decoding=\"async\" src=\"https:\/\/www.notariosyregistradores.com\/images\/punto-colores.gif\" alt=\"https:\/\/www.notariosyregistradores.com\/images\/punto-colores.gif\" width=\"14\" height=\"14\" \/>\u00a0 917.- Que ni el notario ni el registrador pueden valorar la <strong>derogaci\u00f3n t\u00e1cita de una ley por otra ley,<\/strong> que la habilitaci\u00f3n al Gobierno para un desarrollo reglamentario le da al reglamento a estos efectos el mismo rango y que, sin embargo, podr\u00edan valorar derogaciones t\u00e1citas <a href=\"https:\/\/www.notariosyregistradores.com\/web\/resoluciones\/por-meses\/resoluciones-direccion-general-de-los-registros-y-el-notariado-noviembre-2017\/#r484\"> de rango inferior al legal, con excepciones<\/a>?<\/p>\n<div id=\"attachment_46495\" style=\"width: 310px\" class=\"wp-caption alignright\"><a href=\"https:\/\/www.notariosyregistradores.com\/web\/notarios-y-registradores\/attachment\/valencia_de_don_juan-castillo_nevado-leon\/\"><img loading=\"lazy\" decoding=\"async\" aria-describedby=\"caption-attachment-46495\" class=\"wp-image-46495 size-medium\" src=\"https:\/\/www.notariosyregistradores.com\/web\/wp-content\/uploads\/2018\/03\/Valencia_de_don_Juan-Castillo_nevado-Leon-pq-300x172.jpg\" alt=\"\u00bfSab\u00edas qu\u00e9...? Del 912 al 917\" width=\"300\" height=\"172\" srcset=\"https:\/\/www.notariosyregistradores.com\/web\/wp-content\/uploads\/2018\/03\/Valencia_de_don_Juan-Castillo_nevado-Leon-pq-300x172.jpg 300w, https:\/\/www.notariosyregistradores.com\/web\/wp-content\/uploads\/2018\/03\/Valencia_de_don_Juan-Castillo_nevado-Leon-pq.jpg 302w\" sizes=\"auto, (max-width: 300px) 100vw, 300px\" \/><\/a><p id=\"caption-attachment-46495\" class=\"wp-caption-text\">Castillo de Valencia de don Juan (Le\u00f3n), nevado.<\/p><\/div>\n<p class=\"style4\" align=\"justify\"><img loading=\"lazy\" decoding=\"async\" src=\"https:\/\/www.notariosyregistradores.com\/images\/punto-colores.gif\" alt=\"https:\/\/www.notariosyregistradores.com\/images\/punto-colores.gif\" width=\"14\" height=\"14\" \/>\u00a0 916.- Que, si se presenta a inscribir un testimonio de auto de adjudicaci\u00f3n y mandamiento de cancelaci\u00f3n de cargas cuando la <strong>anotaci\u00f3n del procedimiento est\u00e1 caducada<\/strong>, el registrador no puede cancelar los asientos posteriores, a pesar de la \u00faltima doctrina del Tribunal Supremo, debiendo los interesados acudir, si discrepan, <a href=\"https:\/\/www.notariosyregistradores.com\/web\/resoluciones\/por-meses\/resoluciones-direccion-general-de-los-registros-y-el-notariado-octubre-2017\/#r468\"> al \u00e1mbito judicial para que resuelva<\/a>?<\/p>\n<p class=\"style4\" align=\"justify\"><img loading=\"lazy\" decoding=\"async\" src=\"https:\/\/www.notariosyregistradores.com\/images\/punto-colores.gif\" alt=\"https:\/\/www.notariosyregistradores.com\/images\/punto-colores.gif\" width=\"14\" height=\"14\" \/>\u00a0 915.- Que, se puede utilizar el <strong>acta notarial de reanudaci\u00f3n tracto sucesivo<\/strong> si existe extraordinaria dificultad para <a href=\"https:\/\/www.notariosyregistradores.com\/web\/resoluciones\/por-meses\/resoluciones-direccion-general-de-los-registros-y-el-notariado-noviembre-2017\/#r480\"> obtener la documentaci\u00f3n que falta<\/a>?\u00a0<\/p>\n<p class=\"style4\" align=\"justify\"><img loading=\"lazy\" decoding=\"async\" src=\"https:\/\/www.notariosyregistradores.com\/images\/punto-colores.gif\" alt=\"https:\/\/www.notariosyregistradores.com\/images\/punto-colores.gif\" width=\"14\" height=\"14\" \/>\u00a0 914.- Que, cuando el <strong>nudo propietario<\/strong> representa a la <strong>usufructuaria<\/strong> para vender todo a otros, suele haber <a href=\"https:\/\/www.notariosyregistradores.com\/web\/resoluciones\/por-meses\/resoluciones-direccion-general-de-los-registros-y-el-notariado-noviembre-2017\/#r469\"> concurrencia de intereses m\u00e1s que conflicto<\/a>?\u00a0<\/p>\n<p class=\"style4\" align=\"justify\"><img loading=\"lazy\" decoding=\"async\" src=\"https:\/\/www.notariosyregistradores.com\/images\/punto-colores.gif\" alt=\"https:\/\/www.notariosyregistradores.com\/images\/punto-colores.gif\" width=\"14\" height=\"14\" \/>\u00a0 913.- Que las nuevas disposiciones que imponen<strong> nuevas obligaciones a empresarios y profesionales<\/strong>, como regla general, no deben de entrar en vigor <a href=\"http:\/\/www.boe.es\/buscar\/act.php?id=BOE-A-1997-25336&amp;tn=1&amp;p=20151002#a23\"> antes del comienzo del siguiente a\u00f1o<\/a>, salvo excepciones?<\/p>\n<p class=\"style4\" align=\"justify\"><img loading=\"lazy\" decoding=\"async\" src=\"https:\/\/www.notariosyregistradores.com\/images\/punto-colores.gif\" alt=\"https:\/\/www.notariosyregistradores.com\/images\/punto-colores.gif\" width=\"14\" height=\"14\" \/>\u00a0 912.- Que la DGRN ha aceptado <strong>cesiones de remate<\/strong> por un <a href=\"https:\/\/www.notariosyregistradores.com\/web\/resoluciones\/por-meses\/resoluciones-direccion-general-de-los-registros-y-el-notariado-noviembre-2017\/#r485\"> precio diferente al de la adjudicaci\u00f3n<\/a>?<\/p>\n<p class=\"style4\" align=\"justify\"><a id=\"s911\"><\/a><img loading=\"lazy\" decoding=\"async\" src=\"https:\/\/www.notariosyregistradores.com\/images\/punto-colores.gif\" alt=\"https:\/\/www.notariosyregistradores.com\/images\/punto-colores.gif\" width=\"14\" height=\"14\" \/>\u00a0 911.- Que por <strong>testamento \u00absimpliciter\u00bb<\/strong> se suele entender una disposici\u00f3n de \u00faltima voluntad circunscrita al patrimonio del causante en un Estado y que puede ser ya innecesario si el causante tiene todo su patrimonio dentro de los Estados afectados por el <a href=\"https:\/\/www.notariosyregistradores.com\/web\/secciones\/oficina-notarial\/otros-temas\/el-testamento-simpliciter\/\"> Reglamento Europeo de Sucesiones<\/a>?.<\/p>\n<div id=\"attachment_45576\" style=\"width: 310px\" class=\"wp-caption alignleft\"><a href=\"https:\/\/www.notariosyregistradores.com\/web\/chile-parque_arrieta-2\/\"><img loading=\"lazy\" decoding=\"async\" aria-describedby=\"caption-attachment-45576\" class=\"wp-image-45576 size-medium\" src=\"https:\/\/www.notariosyregistradores.com\/web\/wp-content\/uploads\/2018\/02\/Chile-Parque_Arrieta-pq-300x200.jpg\" alt=\"\u00bfSab\u00edas qu\u00e9...? Del 906 al 911.\" width=\"300\" height=\"200\" srcset=\"https:\/\/www.notariosyregistradores.com\/web\/wp-content\/uploads\/2018\/02\/Chile-Parque_Arrieta-pq-300x200.jpg 300w, https:\/\/www.notariosyregistradores.com\/web\/wp-content\/uploads\/2018\/02\/Chile-Parque_Arrieta-pq.jpg 302w\" sizes=\"auto, (max-width: 300px) 100vw, 300px\" \/><\/a><p id=\"caption-attachment-45576\" class=\"wp-caption-text\">Parque Arrieta (cerca de Santiago de Chile)<\/p><\/div>\n<p class=\"style4\" align=\"justify\"><img loading=\"lazy\" decoding=\"async\" src=\"https:\/\/www.notariosyregistradores.com\/images\/punto-colores.gif\" alt=\"https:\/\/www.notariosyregistradores.com\/images\/punto-colores.gif\" width=\"14\" height=\"14\" \/>\u00a0 910.- Que en los <strong>embargos administrativos<\/strong> no se exige la incorporaci\u00f3n literal de providencia y diligencia de embargo y que, si el c\u00f3digo seguro de verificaci\u00f3n (csv) permite ver en la sede electr\u00f3nica el conjunto del documento, se entiende que <a href=\"https:\/\/www.notariosyregistradores.com\/web\/resoluciones\/por-meses\/resoluciones-direccion-general-de-los-registros-y-el-notariado-octubre-2017\/#r428\"> todo \u00e9l est\u00e1 firmado electr\u00f3nicamente<\/a>?<\/p>\n<p class=\"style4\" align=\"justify\"><img loading=\"lazy\" decoding=\"async\" src=\"https:\/\/www.notariosyregistradores.com\/images\/punto-colores.gif\" alt=\"https:\/\/www.notariosyregistradores.com\/images\/punto-colores.gif\" width=\"14\" height=\"14\" \/>\u00a0 909.- Que potencialmente es posible la <strong>inmatriculaci\u00f3n<\/strong> de una finca que se encuentre en el Catastro \u00ab<a href=\"https:\/\/www.notariosyregistradores.com\/web\/resoluciones\/por-meses\/resoluciones-direccion-general-de-los-registros-y-el-notariado-octubre-2017\/#r438\">en investigaci\u00f3n<\/a>\u00ab?<\/p>\n<p class=\"style4\" align=\"justify\"><img loading=\"lazy\" decoding=\"async\" src=\"https:\/\/www.notariosyregistradores.com\/images\/punto-colores.gif\" alt=\"https:\/\/www.notariosyregistradores.com\/images\/punto-colores.gif\" width=\"14\" height=\"14\" \/>\u00a0 908.- Que la venta directa en un <strong>plan de liquidaci\u00f3n concursal <\/strong>ha de ser por un precio superior al del valor que aparece en la hipoteca previa, precisando, en caso contrario, el <a href=\"https:\/\/www.notariosyregistradores.com\/web\/resoluciones\/por-meses\/resoluciones-direccion-general-de-los-registros-y-el-notariado-octubre-2017\/#r409\"> consentimiento del acreedor hipotecario<\/a>?<\/p>\n<p class=\"style4\" align=\"justify\"><img loading=\"lazy\" decoding=\"async\" src=\"https:\/\/www.notariosyregistradores.com\/images\/punto-colores.gif\" alt=\"https:\/\/www.notariosyregistradores.com\/images\/punto-colores.gif\" width=\"14\" height=\"14\" \/>\u00a0 907.- Que\u00a0todos los <strong>empresarios<\/strong><strong>\u00a0tienen la obligaci\u00f3n de informar<\/strong> acerca de la existencia de entidades acreditadas de <strong>resoluci\u00f3n alternativa de litigios<\/strong>, debiendo constar, adem\u00e1s, en las\u00a0condiciones generales\u00a0de los contratos y <a href=\"https:\/\/www.notariosyregistradores.com\/web\/secciones\/consumo-y-derecho\/normas-cyd\/resolucion-alternativa-de-litigios-en-materia-de-consumo\/#obligaciones-de-informacion-de-los-empresarios-\"> en su\u00a0<\/a><a href=\"https:\/\/www.notariosyregistradores.com\/web\/secciones\/consumo-y-derecho\/normas-cyd\/resolucion-alternativa-de-litigios-en-materia-de-consumo\/#obligaciones-de-informacion-de-los-empresarios-\">p\u00e1gina web, si disponen de ella<\/a>?<\/p>\n<p class=\"style4\" align=\"justify\"><img loading=\"lazy\" decoding=\"async\" src=\"https:\/\/www.notariosyregistradores.com\/images\/punto-colores.gif\" alt=\"https:\/\/www.notariosyregistradores.com\/images\/punto-colores.gif\" width=\"14\" height=\"14\" \/>\u00a0 906.- Que, en el <strong>acta notarial de reanudaci\u00f3n del tracto interrumpido<\/strong> del <a href=\"https:\/\/www.notariosyregistradores.com\/web\/normas\/ley-hipotecaria\/#a208\"> art. 208 LH<\/a> ha de relacionarse la cadena de transmisiones, y que no es suficiente con que <a href=\"https:\/\/www.notariosyregistradores.com\/web\/resoluciones\/por-meses\/resoluciones-direccion-general-de-los-registros-y-el-notariado-octubre-2017\/#r451\"> consientan formalmente los titulares registrales<\/a>?<\/p>\n<p class=\"style4\" align=\"justify\"><a id=\"s905\"><\/a><img loading=\"lazy\" decoding=\"async\" src=\"https:\/\/www.notariosyregistradores.com\/images\/punto-colores.gif\" alt=\"https:\/\/www.notariosyregistradores.com\/images\/punto-colores.gif\" width=\"14\" height=\"14\" \/>\u00a0 905.- Que el criterio fundamental para determinar si hay correspondencia entre la <strong>referencia catastral y la finca registral<\/strong> lo da el <a href=\"http:\/\/www.boe.es\/buscar\/act.php?id=BOE-A-2004-4163&amp;tn=1&amp;p=20150625#a45\" target=\"_blank\" rel=\"noopener noreferrer\"> art. 45TRLCatastro<\/a> que atiende a la <a href=\"http:\/\/www.notariosyregistradores.com\/web\/resoluciones\/por-meses\/resoluciones-direccion-general-registros-y-notariado-agosto-2017\/#r369\"> superficie, situaci\u00f3n y denominaci\u00f3n<\/a>?<\/p>\n<div id=\"attachment_44775\" style=\"width: 310px\" class=\"wp-caption alignright\"><a href=\"https:\/\/www.notariosyregistradores.com\/web\/notarios-y-registradores\/attachment\/la-rioja-paisaje-nevado\/\"><img loading=\"lazy\" decoding=\"async\" aria-describedby=\"caption-attachment-44775\" class=\"wp-image-44775 size-medium\" src=\"https:\/\/www.notariosyregistradores.com\/web\/wp-content\/uploads\/2018\/01\/La-Rioja-paisaje-nevado-pq-300x176.jpg\" alt=\"\u00bfSab\u00edas qu\u00e9...? Del 900 al 905.\" width=\"300\" height=\"176\" srcset=\"https:\/\/www.notariosyregistradores.com\/web\/wp-content\/uploads\/2018\/01\/La-Rioja-paisaje-nevado-pq-300x176.jpg 300w, https:\/\/www.notariosyregistradores.com\/web\/wp-content\/uploads\/2018\/01\/La-Rioja-paisaje-nevado-pq.jpg 304w\" sizes=\"auto, (max-width: 300px) 100vw, 300px\" \/><\/a><p id=\"caption-attachment-44775\" class=\"wp-caption-text\">Paisaje nevado en La Rioja. Por Silvia N\u00fa\u00f1ez.<\/p><\/div>\n<p class=\"style4\" align=\"justify\"><img loading=\"lazy\" decoding=\"async\" src=\"https:\/\/www.notariosyregistradores.com\/images\/punto-colores.gif\" alt=\"https:\/\/www.notariosyregistradores.com\/images\/punto-colores.gif\" width=\"14\" height=\"14\" \/>\u00a0 904.- Que las <strong>copias electr\u00f3nicas de poder<\/strong> s\u00f3lo pueden ser utilizadas como tales copias por el notario receptor, seg\u00fan la DGRN, y que, trasladadas a papel, no pueden ser usadas por otro notario como copias aut\u00e9nticas a efectos de poder emitir un <a href=\"http:\/\/www.notariosyregistradores.com\/web\/resoluciones\/por-meses\/resoluciones-direccion-general-registros-y-notariado-agosto-2017\/#r370\"> juicio de suficiencia de las facultades<\/a>?<\/p>\n<p class=\"style4\" align=\"justify\"><img loading=\"lazy\" decoding=\"async\" src=\"https:\/\/www.notariosyregistradores.com\/images\/punto-colores.gif\" alt=\"https:\/\/www.notariosyregistradores.com\/images\/punto-colores.gif\" width=\"14\" height=\"14\" \/>\u00a0 903.- Que el <strong>reconocimiento en testamento de una hija no matrimonial <\/strong> produce desde entonces efectos y ha de intervenir en la partici\u00f3n para lo que se le <a href=\"http:\/\/www.notariosyregistradores.com\/web\/resoluciones\/por-meses\/resoluciones-direccion-general-registros-y-notariado-agosto-2017\/#r368\"> puede requerir si acepta el reconocimiento y, seguidamente, la herencia<\/a>?<\/p>\n<p class=\"style4\" align=\"justify\"><img loading=\"lazy\" decoding=\"async\" src=\"https:\/\/www.notariosyregistradores.com\/images\/punto-colores.gif\" alt=\"https:\/\/www.notariosyregistradores.com\/images\/punto-colores.gif\" width=\"14\" height=\"14\" \/>\u00a0 902.- Que la DGRN admite la inscripci\u00f3n a favor de una <strong>comunidad de propietarios<\/strong> de una finca ajena al edificio, por deudas que no son cuotas de comunidad y contra persona que no es propietaria dentro de la comunidad, al adquirirla en un <a href=\"http:\/\/www.notariosyregistradores.com\/web\/resoluciones\/por-meses\/resoluciones-direccion-general-registros-y-notariado-agosto-2017\/#r364\"> procedimiento ejecutivo de la que es actora<\/a>?<\/p>\n<p class=\"style4\" align=\"justify\"><img loading=\"lazy\" decoding=\"async\" src=\"https:\/\/www.notariosyregistradores.com\/images\/punto-colores.gif\" alt=\"https:\/\/www.notariosyregistradores.com\/images\/punto-colores.gif\" width=\"14\" height=\"14\" \/>\u00a0 901.- Que la calificaci\u00f3n del <strong>tracto sucesivo<\/strong> se extiende al t\u00edtulo, <a href=\"https:\/\/www.notariosyregistradores.com\/web\/resoluciones\/por-meses\/resoluciones-direccion-general-de-los-registros-y-el-notariado-septiembre-2017\/#r382\"> adem\u00e1s de al transmitente<\/a>?<\/p>\n<p class=\"style4\" align=\"justify\"><img loading=\"lazy\" decoding=\"async\" src=\"https:\/\/www.notariosyregistradores.com\/images\/punto-colores.gif\" alt=\"https:\/\/www.notariosyregistradores.com\/images\/punto-colores.gif\" width=\"14\" height=\"14\" \/>\u00a0 900.- Que la certificaci\u00f3n catastral es un documento h\u00e1bil para acreditar el <strong>cambio de nombre o de n\u00famero de la calle<\/strong>, siempre que <a href=\"https:\/\/www.notariosyregistradores.com\/web\/resoluciones\/por-meses\/resoluciones-direccion-general-de-los-registros-y-el-notariado-septiembre-2017\/#r391\"> no existan dudas acerca de las identidad de la finca<\/a>?<\/p>\n<p class=\"style4\" align=\"justify\"><a id=\"s899\"><\/a><img loading=\"lazy\" decoding=\"async\" src=\"https:\/\/www.notariosyregistradores.com\/images\/punto-colores.gif\" alt=\"https:\/\/www.notariosyregistradores.com\/images\/punto-colores.gif\" width=\"14\" height=\"14\" \/>\u00a0\u00a0899.-\u00a0Que, en la <strong>georreferenciaci\u00f3n de las obras nuevas,<\/strong> el Registrador, para salvar la inscripci\u00f3n, ha de intentar obtener las coordenadas del Catastro, pero, por excepci\u00f3n, no cabe esa posibilidad cuando no existe coincidencia entre la superficie catastral de la parcela <a href=\"http:\/\/www.notariosyregistradores.com\/web\/resoluciones\/por-meses\/resoluciones-direccion-general-de-los-registros-y-el-notariado-julio-2017\/#r311\"> y la superficie registral<\/a>?<\/p>\n<div id=\"attachment_44074\" style=\"width: 310px\" class=\"wp-caption alignleft\"><a href=\"https:\/\/www.notariosyregistradores.com\/web\/notarios-y-registradores\/attachment\/segovia-casa_de_los_picos\/\"><img loading=\"lazy\" decoding=\"async\" aria-describedby=\"caption-attachment-44074\" class=\"wp-image-44074 size-medium\" src=\"https:\/\/www.notariosyregistradores.com\/web\/wp-content\/uploads\/2018\/01\/Segovia-Casa_de_los_Picos-pq-300x225.jpg\" alt=\"\" width=\"300\" height=\"225\" srcset=\"https:\/\/www.notariosyregistradores.com\/web\/wp-content\/uploads\/2018\/01\/Segovia-Casa_de_los_Picos-pq-300x225.jpg 300w, https:\/\/www.notariosyregistradores.com\/web\/wp-content\/uploads\/2018\/01\/Segovia-Casa_de_los_Picos-pq.jpg 308w\" sizes=\"auto, (max-width: 300px) 100vw, 300px\" \/><\/a><p id=\"caption-attachment-44074\" class=\"wp-caption-text\">Casa de los Picos en Segovia. Por JFME<\/p><\/div>\n<p class=\"style4\" align=\"justify\"><img loading=\"lazy\" decoding=\"async\" src=\"https:\/\/www.notariosyregistradores.com\/images\/punto-colores.gif\" alt=\"https:\/\/www.notariosyregistradores.com\/images\/punto-colores.gif\" width=\"14\" height=\"14\" \/>\u00a0\u00a0898.- Que el <strong>reconocimiento de dominio<\/strong> <a href=\"http:\/\/www.notariosyregistradores.com\/web\/resoluciones\/por-meses\/resoluciones-direccion-general-de-los-registros-y-el-notariado-julio-2017\/#r305\"> no es t\u00edtulo traslativo por s\u00ed<\/a>?<\/p>\n<p class=\"style4\" align=\"justify\"><img loading=\"lazy\" decoding=\"async\" src=\"https:\/\/www.notariosyregistradores.com\/images\/punto-colores.gif\" alt=\"https:\/\/www.notariosyregistradores.com\/images\/punto-colores.gif\" width=\"14\" height=\"14\" \/>\u00a0\u00a0897.-\u00a0Que no cabe<strong> tasaci\u00f3n para subasta sujeta a condicionantes<\/strong> y que el acreedor ha de consentir expresamente la <a href=\"http:\/\/www.notariosyregistradores.com\/web\/resoluciones\/por-meses\/resoluciones-direccion-general-de-los-registros-y-el-notariado-julio-2017\/#r284\"> inscripci\u00f3n de la hipoteca sin tasaci\u00f3n<\/a>?<\/p>\n<p class=\"style4\" align=\"justify\"><img loading=\"lazy\" decoding=\"async\" src=\"https:\/\/www.notariosyregistradores.com\/images\/punto-colores.gif\" alt=\"https:\/\/www.notariosyregistradores.com\/images\/punto-colores.gif\" width=\"14\" height=\"14\" \/>\u00a0\u00a0896.- Que, ante una <strong>subsanaci\u00f3n insuficiente<\/strong> a juicio del registrador, tras una nota de calificaci\u00f3n, no se interrumpen los plazos para recurrir, y, si el registrador emite una nueva nota alegando por qu\u00e9 no se considera subsanado el defecto, el nuevo plazo s\u00f3lo sirve para recurrir <a href=\"http:\/\/www.notariosyregistradores.com\/web\/secciones\/oficina-registral\/informes-mensuales-o-r\/oficina-registral-propiedad-informe-julio-2017\/#tema-del-mes-intento-de-subsanacion-tras-nota-de-calificacion-nueva-nota-nuevo-plazo\"> sobre este aspecto en concreto<\/a>?<\/p>\n<p class=\"style4\" align=\"justify\"><img loading=\"lazy\" decoding=\"async\" src=\"https:\/\/www.notariosyregistradores.com\/images\/punto-colores.gif\" alt=\"https:\/\/www.notariosyregistradores.com\/images\/punto-colores.gif\" width=\"14\" height=\"14\" \/>\u00a0\u00a0895.-\u00a0Que en las declaraciones de <strong>obras viejas sobre fincas r\u00fasticas<\/strong> no se preciso el certificado administrativo sobre la naturaleza del terreno o de prescripci\u00f3n salvo que el registrador lo justifique atendiendo a los medios de calificaci\u00f3n de los que dispone, <a href=\"http:\/\/www.notariosyregistradores.com\/web\/resoluciones\/por-meses\/resoluciones-direccion-general-de-los-registros-y-el-notariado-julio-2017\/#r306\"> incluyendo los gr\u00e1ficos<\/a>?<\/p>\n<p class=\"style4\" align=\"justify\"><img loading=\"lazy\" decoding=\"async\" src=\"https:\/\/www.notariosyregistradores.com\/images\/punto-colores.gif\" alt=\"https:\/\/www.notariosyregistradores.com\/images\/punto-colores.gif\" width=\"14\" height=\"14\" \/>\u00a0\u00a0894.- Que, en un acuerdo de <strong>junta general de propiedad horizontal<\/strong>, la existencia de <a href=\"http:\/\/www.notariosyregistradores.com\/web\/resoluciones\/por-meses\/resoluciones-direccion-general-registros-y-notariado-agosto-2017\/#r367\"><strong> abstenciones<\/strong> no rompe la unanimidad<\/a>?<\/p>\n<p style=\"text-align: center;\"><span style=\"font-size: 14pt;\"><strong>PUBLICADOS EN 2017 (del 810 al 893):<\/strong><\/span><\/p>\n<p class=\"style4\" align=\"justify\"><a id=\"s893\"><\/a><img loading=\"lazy\" decoding=\"async\" src=\"https:\/\/www.notariosyregistradores.com\/images\/punto-colores.gif\" alt=\"https:\/\/www.notariosyregistradores.com\/images\/punto-colores.gif\" width=\"14\" height=\"14\" \/>\u00a0\u00a0893.- Que, si un <strong>comunero por herencia<\/strong> compra otra cuota indivisa con dinero ganancial, esa nueva cuota <a href=\"http:\/\/www.notariosyregistradores.com\/web\/resoluciones\/por-meses\/resoluciones-direccion-general-de-los-registros-y-el-notariado-julio-2017\/#r314\"> puede ser privativa<\/a>?<\/p>\n<div id=\"attachment_43207\" style=\"width: 310px\" class=\"wp-caption alignright\"><a href=\"https:\/\/www.notariosyregistradores.com\/web\/notarios-y-registradores\/attachment\/trujillo-francisco_pizarro-caceres\/\"><img loading=\"lazy\" decoding=\"async\" aria-describedby=\"caption-attachment-43207\" class=\"wp-image-43207 size-medium\" src=\"https:\/\/www.notariosyregistradores.com\/web\/wp-content\/uploads\/2017\/12\/Trujillo-Francisco_Pizarro-Caceres-pq-300x238.jpg\" alt=\"\u00bfSab\u00edas que...? Del 888 al 893\" width=\"300\" height=\"238\" srcset=\"https:\/\/www.notariosyregistradores.com\/web\/wp-content\/uploads\/2017\/12\/Trujillo-Francisco_Pizarro-Caceres-pq-300x238.jpg 300w, https:\/\/www.notariosyregistradores.com\/web\/wp-content\/uploads\/2017\/12\/Trujillo-Francisco_Pizarro-Caceres-pq.jpg 301w\" sizes=\"auto, (max-width: 300px) 100vw, 300px\" \/><\/a><p id=\"caption-attachment-43207\" class=\"wp-caption-text\">Estatua de Francisco Pizarro en la Plaza Mayor de Trujillo (C\u00e1ceres),\u00a0obra del escultor estadounidense\u00a0Charles Cary Rumsey<\/p><\/div>\n<p class=\"style4\" align=\"justify\"><img loading=\"lazy\" decoding=\"async\" src=\"https:\/\/www.notariosyregistradores.com\/images\/punto-colores.gif\" alt=\"https:\/\/www.notariosyregistradores.com\/images\/punto-colores.gif\" width=\"14\" height=\"14\" \/>\u00a0\u00a0892.- Que el registrador puede denegar expedir la certificaci\u00f3n previa al acta de <strong>reanudaci\u00f3n de tracto sucesivo<\/strong>, <a href=\"http:\/\/www.notariosyregistradores.com\/web\/resoluciones\/por-meses\/resoluciones-direccion-general-de-los-registros-y-el-notariado-junio-2017\/#r261\"> siendo recurrible su decisi\u00f3n<\/a>?<\/p>\n<p class=\"style4\" align=\"justify\"><img loading=\"lazy\" decoding=\"async\" src=\"https:\/\/www.notariosyregistradores.com\/images\/punto-colores.gif\" alt=\"https:\/\/www.notariosyregistradores.com\/images\/punto-colores.gif\" width=\"14\" height=\"14\" \/>\u00a0\u00a0891.- Que los <strong>poderes en el \u00e1mbito administrativo<\/strong> son de tres tipos -general, ante una administraci\u00f3n u organismo concreto y especial- y que pueden <a href=\"http:\/\/www.notariosyregistradores.com\/web\/normas\/informes-mensuales\/informe-274-boe-julio-2017\/#modelos-de-poderes-electronicos-administrativos\"> formalizarse presencial o electr\u00f3nicamente<\/a>?<\/p>\n<p class=\"style4\" align=\"justify\"><img loading=\"lazy\" decoding=\"async\" src=\"https:\/\/www.notariosyregistradores.com\/images\/punto-colores.gif\" alt=\"https:\/\/www.notariosyregistradores.com\/images\/punto-colores.gif\" width=\"14\" height=\"14\" \/>\u00a0\u00a0890.- Que la inscripci\u00f3n de <strong>arrendamiento r\u00fastico<\/strong> practicada tras la hipoteca que se ejecuta ha de ser cancelada <a href=\"http:\/\/www.notariosyregistradores.com\/web\/resoluciones\/por-meses\/resoluciones-direccion-general-de-los-registros-y-el-notariado-julio-2017#r292\"> como titularidad posterior<\/a>?<\/p>\n<p class=\"style4\" align=\"justify\"><img loading=\"lazy\" decoding=\"async\" src=\"https:\/\/www.notariosyregistradores.com\/images\/punto-colores.gif\" alt=\"https:\/\/www.notariosyregistradores.com\/images\/punto-colores.gif\" width=\"14\" height=\"14\" \/>\u00a0\u00a0889.- Que, para <strong>liquidar una sociedad<\/strong>, cuyo objeto incluye la <strong>promoci\u00f3n de obras<\/strong>, vale, seg\u00fan la DGRN, con una declaraci\u00f3n sobre la prestaci\u00f3n de las garant\u00edas exigidas por la <a href=\"http:\/\/www.notariosyregistradores.com\/web\/resoluciones\/por-meses\/resoluciones-direccion-general-registros-y-notariado-agosto-2017\/#r337\"> Ley de Ordenaci\u00f3n de la Edificaci\u00f3n<\/a>?<\/p>\n<p class=\"style4\" align=\"justify\"><img loading=\"lazy\" decoding=\"async\" src=\"https:\/\/www.notariosyregistradores.com\/images\/punto-colores.gif\" alt=\"https:\/\/www.notariosyregistradores.com\/images\/punto-colores.gif\" width=\"14\" height=\"14\" \/>\u00a0\u00a0888.- Que la <strong>nota, posterior a la calificaci\u00f3n<\/strong>, de que s\u00f3lo se han subsanado algunos de los defectos, no ha de tener pie de recurso <a href=\"http:\/\/www.notariosyregistradores.com\/web\/resoluciones\/por-meses\/resoluciones-direccion-general-de-los-registros-y-el-notariado-julio-2017\/#r289\"> para no reabrir plazos<\/a>?<\/p>\n<p class=\"style4\" align=\"justify\"><a id=\"s887\"><\/a><img loading=\"lazy\" decoding=\"async\" src=\"https:\/\/www.notariosyregistradores.com\/images\/punto-colores.gif\" alt=\"https:\/\/www.notariosyregistradores.com\/images\/punto-colores.gif\" width=\"14\" height=\"14\" \/>\u00a0\u00a0887.- Que la mera <strong>constancia de la referencia catastral<\/strong> en el Registro no tiene los efectos de la inscripci\u00f3n de la representaci\u00f3n gr\u00e1fica de origen catastral, pues, ni rectifica la descripci\u00f3n literaria ni implica una coordinaci\u00f3n con el catastro en cuanto a la <a href=\"http:\/\/www.notariosyregistradores.com\/web\/resoluciones\/por-meses\/resoluciones-direccion-general-registros-notariado-mayo-2017\/#r207\"> descripci\u00f3n gr\u00e1fica de la finca<\/a>?<\/p>\n<div id=\"attachment_42514\" style=\"width: 317px\" class=\"wp-caption alignleft\"><a href=\"https:\/\/www.notariosyregistradores.com\/web\/notarios-y-registradores\/attachment\/medinaceli-soria\/\"><img loading=\"lazy\" decoding=\"async\" aria-describedby=\"caption-attachment-42514\" class=\"size-full wp-image-42514\" src=\"https:\/\/www.notariosyregistradores.com\/web\/wp-content\/uploads\/2017\/11\/Medinaceli-Soria-pq.jpg\" alt=\"\" width=\"307\" height=\"230\" srcset=\"https:\/\/www.notariosyregistradores.com\/web\/wp-content\/uploads\/2017\/11\/Medinaceli-Soria-pq.jpg 307w, https:\/\/www.notariosyregistradores.com\/web\/wp-content\/uploads\/2017\/11\/Medinaceli-Soria-pq-300x225.jpg 300w\" sizes=\"auto, (max-width: 307px) 100vw, 307px\" \/><\/a><p id=\"caption-attachment-42514\" class=\"wp-caption-text\">Arco romano en Medinaceli (Soria). Por Silvia N\u00fa\u00f1ez<\/p><\/div>\n<p class=\"style4\" align=\"justify\"><img loading=\"lazy\" decoding=\"async\" src=\"https:\/\/www.notariosyregistradores.com\/images\/punto-colores.gif\" alt=\"https:\/\/www.notariosyregistradores.com\/images\/punto-colores.gif\" width=\"14\" height=\"14\" \/>\u00a0\u00a0886.- Que se puede solicitar el <strong>cambio en el orden de apellidos <\/strong>en cualquier momento <a href=\"http:\/\/www.notariosyregistradores.com\/web\/normas\/informes-mensuales\/informe-273-boe-junio-2017\/#apellidos\"> ante el Encargado del Registro Civil<\/a>?<\/p>\n<p class=\"style4\" align=\"justify\"><img loading=\"lazy\" decoding=\"async\" src=\"https:\/\/www.notariosyregistradores.com\/images\/punto-colores.gif\" alt=\"https:\/\/www.notariosyregistradores.com\/images\/punto-colores.gif\" width=\"14\" height=\"14\" \/>\u00a0\u00a0885.-\u00a0 Que, en caso del ejercicio de una <strong>opci\u00f3n de compra<\/strong>, para cancelar cargas posteriores, se precisa la consignaci\u00f3n del precio, pero que <a href=\"http:\/\/www.notariosyregistradores.com\/web\/resoluciones\/por-meses\/resoluciones-direccion-general-de-los-registros-y-el-notariado-junio-2017\/#r260\"> esta regla tiene excepciones<\/a>?<\/p>\n<p class=\"style4\" align=\"justify\"><img loading=\"lazy\" decoding=\"async\" src=\"https:\/\/www.notariosyregistradores.com\/images\/punto-colores.gif\" alt=\"https:\/\/www.notariosyregistradores.com\/images\/punto-colores.gif\" width=\"14\" height=\"14\" \/>\u00a0 884.- Que una <strong>sociedad disuelta, liquidada y cerrada su hoja<\/strong> en el Registro Mercantil\u00a0<strong>puede ser demandada<\/strong> y que para llevar a efecto dicha demanda no se puede exigir la previa anulaci\u00f3n de la cancelaci\u00f3n y la reapertura formal de la hoja de la sociedad, pero que esa personalidad jur\u00eddica que todav\u00eda sigue latente lo debe ser s\u00f3lo para\u00a0atender a las relaciones jur\u00eddicas pendientes o <a href=\"https:\/\/www.notariosyregistradores.com\/web\/secciones\/oficina-mercantil\/informes-mensuales-o-m\/informe-junio-2017-registros-mercantiles-personalidad-sociedad-extinguida\/#tema-del-mes-personalidad-juridica-de-la-sociedad-disuelta-liquidada-extinguida-y-cerrada-su-hoja-en-el-registro-mercantil\"> para completar las operaciones de liquidaci\u00f3n<\/a>?<\/p>\n<p class=\"style4\" align=\"justify\"><img loading=\"lazy\" decoding=\"async\" src=\"https:\/\/www.notariosyregistradores.com\/images\/punto-colores.gif\" alt=\"https:\/\/www.notariosyregistradores.com\/images\/punto-colores.gif\" width=\"14\" height=\"14\" \/>\u00a0\u00a0883.- Que, si en la inscripci\u00f3n de una hipoteca <strong>no aparece la tasaci\u00f3n o el domicilio<\/strong>, no procede emitir certificaci\u00f3n para el <a href=\"http:\/\/www.notariosyregistradores.com\/web\/resoluciones\/por-meses\/resoluciones-direccion-general-de-los-registros-y-el-notariado-julio-2017\/#r285\"> procedimiento de ejecuci\u00f3n hipotecaria<\/a>?<\/p>\n<p class=\"style4\" align=\"justify\"><img loading=\"lazy\" decoding=\"async\" src=\"https:\/\/www.notariosyregistradores.com\/images\/punto-colores.gif\" alt=\"https:\/\/www.notariosyregistradores.com\/images\/punto-colores.gif\" width=\"14\" height=\"14\" \/>\u00a0\u00a0882.- Que, en la <strong>desheredaci\u00f3n<\/strong>, ha de expresarse la causa e identificar a cada desheredado el cual ha tener <a href=\"http:\/\/www.notariosyregistradores.com\/web\/resoluciones\/por-meses\/resoluciones-direccion-general-de-los-registros-y-el-notariado-junio-2017\/#r247\"> capacidad para ser imputable<\/a>?<\/p>\n<p class=\"style4\" align=\"justify\"><a id=\"s881\"><\/a><img loading=\"lazy\" decoding=\"async\" src=\"https:\/\/www.notariosyregistradores.com\/images\/punto-colores.gif\" alt=\"https:\/\/www.notariosyregistradores.com\/images\/punto-colores.gif\" width=\"14\" height=\"14\" \/>\u00a0 881.- Que el <a href=\"http:\/\/www.notariosyregistradores.com\/web\/columna-izq\/codigo-civil-libro-cuarto-articulos-1088-al-1537\/#art1320\"> art\u00edculo 1320 Cc,<\/a> relativo a la <strong>disposici\u00f3n de la vivienda familiar<\/strong> no se aplica a los no casados, salvo normativa espec\u00edfica <a href=\"https:\/\/www.notariosyregistradores.com\/web\/resoluciones\/por-meses\/resoluciones-direccion-general-registros-notariado-mayo-2017\/#r224\">sobre parejas de hecho<\/a>?<\/p>\n<div id=\"attachment_41711\" style=\"width: 310px\" class=\"wp-caption alignright\"><a href=\"https:\/\/www.notariosyregistradores.com\/web\/notarios-y-registradores\/attachment\/castropol-asturias\/\"><img loading=\"lazy\" decoding=\"async\" aria-describedby=\"caption-attachment-41711\" class=\"wp-image-41711 size-full\" src=\"https:\/\/www.notariosyregistradores.com\/web\/wp-content\/uploads\/2017\/11\/Castropol-Asturias-pq.jpg\" alt=\"\" width=\"300\" height=\"213\" \/><\/a><p id=\"caption-attachment-41711\" class=\"wp-caption-text\">R\u00eda del Eo desde Castropol (Asturias). Por JFME.<\/p><\/div>\n<p class=\"style4\" align=\"justify\"><img loading=\"lazy\" decoding=\"async\" src=\"https:\/\/www.notariosyregistradores.com\/images\/punto-colores.gif\" alt=\"https:\/\/www.notariosyregistradores.com\/images\/punto-colores.gif\" width=\"14\" height=\"14\" \/>\u00a0\u00a0880.- Que la inscripci\u00f3n de las fincas de reemplazo en una <strong>concentraci\u00f3n parcelaria<\/strong> no son inmatriculaciones por lo que la descripci\u00f3n literaria y representaci\u00f3n gr\u00e1fica no han de coincidir exactamente <a href=\"http:\/\/www.notariosyregistradores.com\/web\/resoluciones\/por-meses\/resoluciones-direccion-general-registros-notariado-mayo-2017\/#r191\"> con las del Catastro<\/a>?<\/p>\n<p class=\"style4\" align=\"justify\"><img loading=\"lazy\" decoding=\"async\" src=\"https:\/\/www.notariosyregistradores.com\/images\/punto-colores.gif\" alt=\"https:\/\/www.notariosyregistradores.com\/images\/punto-colores.gif\" width=\"14\" height=\"14\" \/>\u00a0 879.- Que no cabe la <strong>suspensi\u00f3n voluntaria<\/strong> del <a href=\"http:\/\/www.notariosyregistradores.com\/web\/resoluciones\/por-meses\/resoluciones-direccion-general-de-los-registros-y-el-notariado-junio-2017\/#r235\"> procedimiento extrajudicial<\/a>?<\/p>\n<p class=\"style4\" align=\"justify\"><img loading=\"lazy\" decoding=\"async\" src=\"https:\/\/www.notariosyregistradores.com\/images\/punto-colores.gif\" alt=\"https:\/\/www.notariosyregistradores.com\/images\/punto-colores.gif\" width=\"14\" height=\"14\" \/>\u00a0 878.- Que la instancia por la que se solicita la <strong>cancelaci\u00f3n por caducidad de asientos<\/strong>, como regla general, <a href=\"http:\/\/www.notariosyregistradores.com\/web\/resoluciones\/por-meses\/resoluciones-direccion-general-de-los-registros-y-el-notariado-junio-2017\/#r246\"> no debe de ser autoliquidada<\/a>?<\/p>\n<p class=\"style4\" align=\"justify\"><img loading=\"lazy\" decoding=\"async\" src=\"https:\/\/www.notariosyregistradores.com\/images\/punto-colores.gif\" alt=\"https:\/\/www.notariosyregistradores.com\/images\/punto-colores.gif\" width=\"14\" height=\"14\" \/>\u00a0 877.- Que, para cambiar en la descripci\u00f3n un <strong>lindero fijo<\/strong>, no siempre es preciso utilizar el procedimiento del art. <a href=\"http:\/\/www.notariosyregistradores.com\/web\/normas\/ley-hipotecaria\/#a199\"> 199 LH<\/a> o del <a href=\"http:\/\/www.notariosyregistradores.com\/web\/normas\/ley-hipotecaria\/#a201\"> 201 LH<\/a>,\u00a0si resulta acreditada la rectificaci\u00f3n por <a href=\"http:\/\/www.notariosyregistradores.com\/web\/resoluciones\/por-meses\/resoluciones-direccion-general-registros-notariado-mayo-2017\/#r206\"> certificaci\u00f3n catastral<\/a>?<\/p>\n<p class=\"style4\" align=\"justify\"><img loading=\"lazy\" decoding=\"async\" src=\"https:\/\/www.notariosyregistradores.com\/images\/punto-colores.gif\" alt=\"https:\/\/www.notariosyregistradores.com\/images\/punto-colores.gif\" width=\"14\" height=\"14\" \/>\u00a0 876.- Que no cabe una <strong>donaci\u00f3n <\/strong>de inmueble en convenio regulador sino s\u00f3lo, si tras ese nombre hay un\u00a0<a href=\"http:\/\/www.notariosyregistradores.com\/web\/resoluciones\/por-meses\/resoluciones-direccion-general-de-los-registros-y-el-notariado-junio-2017\/#r234\">negocio de naturaleza familiar y matrimonial, de car\u00e1cter complejo<\/a>?\u00a0<\/p>\n<p class=\"style4\" align=\"justify\"><a id=\"s875\"><\/a><img loading=\"lazy\" decoding=\"async\" src=\"https:\/\/www.notariosyregistradores.com\/images\/punto-colores.gif\" alt=\"https:\/\/www.notariosyregistradores.com\/images\/punto-colores.gif\" width=\"14\" height=\"14\" \/>\u00a0 875.- Que en una <strong>inmatriculaci\u00f3n<\/strong> la identidad con la parcela catastral no se extiende al titular, <a href=\"http:\/\/www.notariosyregistradores.com\/web\/resoluciones\/por-meses\/resoluciones-direccion-general-registros-notariado-abril-2017\/#r177\"> que puede ser diferente<\/a>?<\/p>\n<div id=\"attachment_40972\" style=\"width: 310px\" class=\"wp-caption alignleft\"><a href=\"https:\/\/www.notariosyregistradores.com\/web\/notarios-y-registradores\/attachment\/colomers_lago_mayor-girona\/\"><img loading=\"lazy\" decoding=\"async\" aria-describedby=\"caption-attachment-40972\" class=\"wp-image-40972 size-medium\" src=\"https:\/\/www.notariosyregistradores.com\/web\/wp-content\/uploads\/2017\/10\/Colomers_lago_mayor-Girona-pq-300x189.jpg\" alt=\"\" width=\"300\" height=\"189\" srcset=\"https:\/\/www.notariosyregistradores.com\/web\/wp-content\/uploads\/2017\/10\/Colomers_lago_mayor-Girona-pq-300x189.jpg 300w, https:\/\/www.notariosyregistradores.com\/web\/wp-content\/uploads\/2017\/10\/Colomers_lago_mayor-Girona-pq.jpg 317w\" sizes=\"auto, (max-width: 300px) 100vw, 300px\" \/><\/a><p id=\"caption-attachment-40972\" class=\"wp-caption-text\">Lago Mayor Colomers (Girona)<\/p><\/div>\n<p class=\"style4\" align=\"justify\"><img loading=\"lazy\" decoding=\"async\" src=\"https:\/\/www.notariosyregistradores.com\/images\/punto-colores.gif\" alt=\"https:\/\/www.notariosyregistradores.com\/images\/punto-colores.gif\" width=\"14\" height=\"14\" \/>\u00a0 874.- Que el <strong>tope de garant\u00eda hipotecaria de los intereses<\/strong> afecta tanto a las partes como a terceros, en cuanto tal garant\u00eda, pero no es as\u00ed con los a\u00f1os que <a href=\"http:\/\/www.notariosyregistradores.com\/web\/resoluciones\/por-meses\/resoluciones-direccion-general-registros-notariado-abril-2017\/#r163\"> s\u00f3lo se limitan respecto a terceros<\/a>?<\/p>\n<p class=\"style4\" align=\"justify\"><img loading=\"lazy\" decoding=\"async\" src=\"https:\/\/www.notariosyregistradores.com\/images\/punto-colores.gif\" alt=\"https:\/\/www.notariosyregistradores.com\/images\/punto-colores.gif\" width=\"14\" height=\"14\" \/>\u00a0 873.- Que la transmisi\u00f3n de una <strong>finca lindante con carretera<\/strong> sin acreditar que se haya realizado la notificaci\u00f3n prevista en la <a href=\"https:\/\/www.boe.es\/buscar\/act.php?id=BOE-A-2015-10439&amp;p=20150930&amp;tn=1#a30\" target=\"_blank\" rel=\"noopener noreferrer\"> Ley de Carreteras de 2015<\/a>, no cierra el Registro, al <a href=\"http:\/\/www.notariosyregistradores.com\/web\/resoluciones\/por-meses\/resoluciones-direccion-general-registros-notariado-mayo-2017\/#r206\"> no estar previsto legalmente<\/a>?<\/p>\n<p class=\"style4\" align=\"justify\"><img loading=\"lazy\" decoding=\"async\" src=\"https:\/\/www.notariosyregistradores.com\/images\/punto-colores.gif\" alt=\"https:\/\/www.notariosyregistradores.com\/images\/punto-colores.gif\" width=\"14\" height=\"14\" \/>\u00a0 872.- Que los <strong>aumentos y disminuciones de cabida<\/strong>, cara a rectificar el registro e inscribir la representaci\u00f3n gr\u00e1fica, <a href=\"http:\/\/www.notariosyregistradores.com\/web\/resoluciones\/por-meses\/resoluciones-direccion-general-registros-notariado-abril-2017\/#r170\"> tienen el mismo tratamiento<\/a>?<\/p>\n<p class=\"style4\" align=\"justify\"><img loading=\"lazy\" decoding=\"async\" src=\"https:\/\/www.notariosyregistradores.com\/images\/punto-colores.gif\" alt=\"https:\/\/www.notariosyregistradores.com\/images\/punto-colores.gif\" width=\"14\" height=\"14\" \/>\u00a0 871.- Que la <strong>ampliaci\u00f3n de capital con aportaci\u00f3n de inmuebles<\/strong> ha de inscribirse previamente en el Registro Mercantil, <a href=\"http:\/\/www.notariosyregistradores.com\/web\/resoluciones\/por-meses\/resoluciones-direccion-general-registros-notariado-mayo-2017\/#r198\"> aunque la hoja est\u00e9 cerrada<\/a>?<\/p>\n<p class=\"style4\" align=\"justify\"><img loading=\"lazy\" decoding=\"async\" src=\"https:\/\/www.notariosyregistradores.com\/images\/punto-colores.gif\" alt=\"https:\/\/www.notariosyregistradores.com\/images\/punto-colores.gif\" width=\"14\" height=\"14\" \/>\u00a0 870.- Que, si una cuota es ganancial, cualquier c\u00f3nyuge puede ejercitar la <strong> acci\u00f3n de divisi\u00f3n de la comunidad<\/strong>, pero, si no demandan los dos c\u00f3nyuges juntos, <a href=\"http:\/\/www.notariosyregistradores.com\/web\/resoluciones\/por-meses\/resoluciones-direccion-general-registros-notariado-mayo-2017\/#r220\"> ha de demandarse tambi\u00e9n al otro<\/a>?<\/p>\n<p class=\"style7\" align=\"justify\"><a id=\"s869\"><\/a><img loading=\"lazy\" decoding=\"async\" src=\"https:\/\/www.notariosyregistradores.com\/images\/punto-colores.gif\" alt=\"https:\/\/www.notariosyregistradores.com\/images\/punto-colores.gif\" width=\"14\" height=\"14\" \/>\u00a0 869.- Que, en la <strong>reserva vidual,<\/strong> los reservatarios pueden otorgar solos la partici\u00f3n, sin la intervenci\u00f3n del reservista, si los bienes reservados <a href=\"https:\/\/www.notariosyregistradores.com\/web\/resoluciones\/por-meses\/resoluciones-direccion-general-registros-notariado-abril-2017\/#r157\"> est\u00e1n perfectamente identificados<\/a>?<\/p>\n<div id=\"attachment_39855\" style=\"width: 310px\" class=\"wp-caption alignright\"><a href=\"https:\/\/www.notariosyregistradores.com\/web\/resoluciones\/sabias-que-3\/attachment\/maya-amaiur-navarra\/\"><img loading=\"lazy\" decoding=\"async\" aria-describedby=\"caption-attachment-39855\" class=\"wp-image-39855 size-medium\" src=\"https:\/\/www.notariosyregistradores.com\/web\/wp-content\/uploads\/2017\/09\/Maya-Amaiur-Navarra-300x225.jpg\" alt=\"\u00bfSab\u00edas que...? Del 863 al 869\" width=\"300\" height=\"225\" srcset=\"https:\/\/www.notariosyregistradores.com\/web\/wp-content\/uploads\/2017\/09\/Maya-Amaiur-Navarra-300x225.jpg 300w, https:\/\/www.notariosyregistradores.com\/web\/wp-content\/uploads\/2017\/09\/Maya-Amaiur-Navarra-768x576.jpg 768w, https:\/\/www.notariosyregistradores.com\/web\/wp-content\/uploads\/2017\/09\/Maya-Amaiur-Navarra.jpg 1024w, https:\/\/www.notariosyregistradores.com\/web\/wp-content\/uploads\/2017\/09\/Maya-Amaiur-Navarra-500x375.jpg 500w\" sizes=\"auto, (max-width: 300px) 100vw, 300px\" \/><\/a><p id=\"caption-attachment-39855\" class=\"wp-caption-text\">Maya &#8211; Amaiur &#8211; Navarra. Por Jorab<\/p><\/div>\n<p class=\"style4\" align=\"justify\"><img loading=\"lazy\" decoding=\"async\" src=\"https:\/\/www.notariosyregistradores.com\/images\/punto-colores.gif\" alt=\"https:\/\/www.notariosyregistradores.com\/images\/punto-colores.gif\" width=\"14\" height=\"14\" \/>\u00a0 868.- Que la certificaci\u00f3n municipal del <a href=\"https:\/\/www.notariosyregistradores.com\/web\/normas\/reglamento-hipotecario-titulos-vi-vii-viii-ix-y-x\/#art437\"> art. 437 RH<\/a>, sobre alteraci\u00f3n de <strong>nombres de calles y n\u00famero<\/strong>,\u00a0no es documento adecuado para asociar una referencia catastral <a href=\"https:\/\/www.notariosyregistradores.com\/web\/resoluciones\/por-meses\/resoluciones-direccion-general-registros-notariado-marzo-2017\/#r116\"> a una finca registral?<\/a><\/p>\n<p class=\"style7\" align=\"justify\"><img loading=\"lazy\" decoding=\"async\" src=\"https:\/\/www.notariosyregistradores.com\/images\/punto-colores.gif\" alt=\"https:\/\/www.notariosyregistradores.com\/images\/punto-colores.gif\" width=\"14\" height=\"14\" \/>\u00a0 867.- \u00a0Que el <strong>informe de auditor\u00eda<\/strong>, solicitado por la minor\u00eda, es documento que debe estar a disposici\u00f3n de los socios desde la convocatoria de la junta, y, siendo universal, <a href=\"https:\/\/www.notariosyregistradores.com\/web\/resoluciones\/por-meses\/resoluciones-direccion-general-registros-notariado-abril-2017\/#r155\"> desde su celebraci\u00f3n<\/a>?<\/p>\n<p class=\"style7\" align=\"justify\"><img loading=\"lazy\" decoding=\"async\" src=\"https:\/\/www.notariosyregistradores.com\/images\/punto-colores.gif\" alt=\"https:\/\/www.notariosyregistradores.com\/images\/punto-colores.gif\" width=\"14\" height=\"14\" \/>\u00a0 866.- \u00a0Que un <strong>bien adquirido por una persona separada de hecho<\/strong> puede perder la presunci\u00f3n de ganancialidad si el juez considera concluida la <a href=\"https:\/\/www.notariosyregistradores.com\/web\/resoluciones\/por-meses\/resoluciones-direccion-general-registros-notariado-abril-2017\/#r153\"> sociedad de gananciales con anterioridad<\/a>?<\/p>\n<p class=\"style7\" align=\"justify\"><img loading=\"lazy\" decoding=\"async\" src=\"https:\/\/www.notariosyregistradores.com\/images\/punto-colores.gif\" alt=\"https:\/\/www.notariosyregistradores.com\/images\/punto-colores.gif\" width=\"14\" height=\"14\" \/>\u00a0 865.- Que la <strong>rectificaci\u00f3n de la descripci\u00f3n de finca<\/strong> mediante acta notarial, usando representaci\u00f3n gr\u00e1fica alternativa, <a href=\"https:\/\/www.notariosyregistradores.com\/web\/resoluciones\/por-meses\/resoluciones-direccion-general-registros-notariado-abril-2017\/#r174\"> no exige que previamente se rectifique el catastro<\/a>?<\/p>\n<p class=\"style7\" align=\"justify\"><img loading=\"lazy\" decoding=\"async\" src=\"https:\/\/www.notariosyregistradores.com\/images\/punto-colores.gif\" alt=\"https:\/\/www.notariosyregistradores.com\/images\/punto-colores.gif\" width=\"14\" height=\"14\" \/>\u00a0 864.- \u00a0Que, en las ejecuciones hipotecarias. el derecho de los <strong>arrendatarios urbanos<\/strong> se extingue, salvo que tengan el arrendamiento inscrito <a href=\"https:\/\/www.notariosyregistradores.com\/web\/resoluciones\/por-meses\/resoluciones-direccion-general-registros-notariado-abril-2017\/#r152\"> o sean arrendamientos muy antiguos<\/a>?<\/p>\n<p><a id=\"s863\"><\/a><img loading=\"lazy\" decoding=\"async\" src=\"https:\/\/www.notariosyregistradores.com\/images\/punto-colores.gif\" alt=\"https:\/\/www.notariosyregistradores.com\/images\/punto-colores.gif\" width=\"14\" height=\"14\" \/>\u00a0 863.- \u00a0Que, si no se puede practicar una inmatriculaci\u00f3n por posible coincidencia con otra ya inscrita,\u00a0<a href=\"https:\/\/www.notariosyregistradores.com\/web\/resoluciones\/por-meses\/resoluciones-dgrn-febrero-2017\/#r60\" target=\"_blank\" rel=\"noopener noreferrer\" data-saferedirecturl=\"https:\/\/www.google.com\/url?hl=es&amp;q=https:\/\/www.notariosyregistradores.com\/web\/resoluciones\/por-meses\/resoluciones-dgrn-febrero-2017\/%23r60&amp;source=gmail&amp;ust=1502210978469000&amp;usg=AFQjCNHqfL0foUH4JktrFWpkn-gtr9kfRg\">existen otros remedios jur\u00eddicos<\/a>?<\/p>\n<p style=\"text-align: justify;\"><a href=\"https:\/\/www.notariosyregistradores.com\/web\/resoluciones\/sabias-que-3\/attachment\/el-sauzal-tenerife\/\"><img loading=\"lazy\" decoding=\"async\" class=\"wp-image-38869 size-medium alignleft\" src=\"https:\/\/www.notariosyregistradores.com\/web\/wp-content\/uploads\/2017\/08\/el-sauzal-tenerife-300x200.jpg\" alt=\"\" width=\"300\" height=\"200\" srcset=\"https:\/\/www.notariosyregistradores.com\/web\/wp-content\/uploads\/2017\/08\/el-sauzal-tenerife-300x200.jpg 300w, https:\/\/www.notariosyregistradores.com\/web\/wp-content\/uploads\/2017\/08\/el-sauzal-tenerife-500x334.jpg 500w, https:\/\/www.notariosyregistradores.com\/web\/wp-content\/uploads\/2017\/08\/el-sauzal-tenerife.jpg 700w\" sizes=\"auto, (max-width: 300px) 100vw, 300px\" \/><\/a><img loading=\"lazy\" decoding=\"async\" src=\"https:\/\/www.notariosyregistradores.com\/images\/punto-colores.gif\" alt=\"https:\/\/www.notariosyregistradores.com\/images\/punto-colores.gif\" width=\"14\" height=\"14\" \/>\u00a0 862.- \u00a0Que los\u00a0<b>matrimonios mixtos<\/b>\u00a0(distinta nacionalidad) anteriores al 6 de noviembre de 1990\u00a0<a href=\"https:\/\/www.notariosyregistradores.com\/web\/resoluciones\/por-meses\/resoluciones-direccion-general-registros-notariado-abril-2017\/#r138\" target=\"_blank\" rel=\"noopener noreferrer\" data-saferedirecturl=\"https:\/\/www.google.com\/url?hl=es&amp;q=https:\/\/www.notariosyregistradores.com\/web\/resoluciones\/por-meses\/resoluciones-direccion-general-registros-notariado-abril-2017\/%23r138&amp;source=gmail&amp;ust=1502210978469000&amp;usg=AFQjCNF_e78FV-qvwWHQgjlE8JE39olxfQ\">se regular\u00e1n por el r\u00e9gimen que determine la voluntad acreditada de ambos c\u00f3nyuges<\/a>, salvo los previos a la Constituci\u00f3n de 1978 en los que prevalecer\u00e1 la ley personal del marido? \u00a0<\/p>\n<p style=\"text-align: justify;\"><img loading=\"lazy\" decoding=\"async\" src=\"https:\/\/www.notariosyregistradores.com\/images\/punto-colores.gif\" alt=\"https:\/\/www.notariosyregistradores.com\/images\/punto-colores.gif\" width=\"14\" height=\"14\" \/>\u00a0 861.- Que en las declaraciones de\u00a0<strong>obra nueva<\/strong>, la superficie ocupada seg\u00fan el t\u00edtulo ha de\u00a0<a href=\"https:\/\/www.notariosyregistradores.com\/web\/resoluciones\/por-meses\/resoluciones-dgrn-febrero-2017\/#r84\" data-saferedirecturl=\"https:\/\/www.google.com\/url?hl=es&amp;q=https:\/\/www.notariosyregistradores.com\/web\/resoluciones\/por-meses\/resoluciones-dgrn-febrero-2017\/%23r84&amp;source=gmail&amp;ust=1502210978469000&amp;usg=AFQjCNHLC0RYhw_S611NmYorm6DxqIPA9w\">coincidir con la del Catastro<\/a>?<\/p>\n<p style=\"text-align: justify;\"><img loading=\"lazy\" decoding=\"async\" src=\"https:\/\/www.notariosyregistradores.com\/images\/punto-colores.gif\" alt=\"https:\/\/www.notariosyregistradores.com\/images\/punto-colores.gif\" width=\"14\" height=\"14\" \/>\u00a0860.- Que la DGRN admite que se pueda consultar a un Registro Mercantil\u00a0<b>de qu\u00e9 sociedades es una persona administrador u apoderado<\/b>, pero con l\u00edmites como son el \u00e1mbito normalmente provincial, inter\u00e9s leg\u00edtimo y hasta\u00a0<a href=\"https:\/\/www.notariosyregistradores.com\/web\/resoluciones\/por-meses\/resoluciones-direccion-general-registros-notariado-marzo-2017\/#r124\" target=\"_blank\" rel=\"noopener noreferrer\" data-saferedirecturl=\"https:\/\/www.google.com\/url?hl=es&amp;q=https:\/\/www.notariosyregistradores.com\/web\/resoluciones\/por-meses\/resoluciones-direccion-general-registros-notariado-marzo-2017\/%23r124&amp;source=gmail&amp;ust=1502210978469000&amp;usg=AFQjCNHoR8t_ooCqIfi-74jgT8A84sHmwA\">donde lleguen los \u00edndices informatizados<\/a>?<\/p>\n<p style=\"text-align: justify;\"><img loading=\"lazy\" decoding=\"async\" src=\"https:\/\/www.notariosyregistradores.com\/images\/punto-colores.gif\" alt=\"https:\/\/www.notariosyregistradores.com\/images\/punto-colores.gif\" width=\"14\" height=\"14\" \/>\u00a0 859.- Que el\u00a0<b>desistimiento del asiento de presentaci\u00f3n<\/b>\u00a0puede hacerlo directamente el interesado transmitente, aunque inicialmente haya intervenido un presentante, pero siempre que se acredite el consentimiento del adquirente o que el presentante\u00a0<a href=\"https:\/\/www.notariosyregistradores.com\/web\/resoluciones\/por-meses\/resoluciones-direccion-general-registros-notariado-marzo-2017\/#r129\" target=\"_blank\" rel=\"noopener noreferrer\" data-saferedirecturl=\"https:\/\/www.google.com\/url?hl=es&amp;q=https:\/\/www.notariosyregistradores.com\/web\/resoluciones\/por-meses\/resoluciones-direccion-general-registros-notariado-marzo-2017\/%23r129&amp;source=gmail&amp;ust=1502210978469000&amp;usg=AFQjCNEdcmuLdLfDQ2LXAYD7cdr7fAmDww\">s\u00f3lo representaba al que renuncia<\/a>?\u00a0<\/p>\n<p style=\"text-align: justify;\"><img loading=\"lazy\" decoding=\"async\" src=\"https:\/\/www.notariosyregistradores.com\/images\/punto-colores.gif\" alt=\"\" width=\"14\" height=\"14\" \/>\u00a0858.-\u00a0Que en el\u00a0<strong>c\u00f3mputo de plazos<\/strong>\u00a0\u00abde fecha a fecha\u00bb, en los negocios entre particulares,\u00a0<a href=\"https:\/\/www.notariosyregistradores.com\/web\/resoluciones\/por-meses\/resoluciones-direccion-general-registros-notariado-abril-2017\/#r149\" data-saferedirecturl=\"https:\/\/www.google.com\/url?hl=es&amp;q=https:\/\/www.notariosyregistradores.com\/web\/resoluciones\/por-meses\/resoluciones-direccion-general-registros-notariado-abril-2017\/%23r149&amp;source=gmail&amp;ust=1502210978470000&amp;usg=AFQjCNG7L4_CNZfssOsyDjN0rc3txro2-Q\">predomina la autonom\u00eda de la voluntad<\/a>?<\/p>\n<p class=\"style7\" style=\"text-align: justify;\" align=\"justify\"><a id=\"s857\"><\/a><img loading=\"lazy\" decoding=\"async\" title=\"\" src=\"https:\/\/www.notariosyregistradores.com\/images\/punto-colores.gif\" alt=\"\" width=\"14\" height=\"14\" \/>\u00a0 857.- Que las limitaciones del <a href=\"https:\/\/www.notariosyregistradores.com\/web\/normas\/ley-hipotecaria\/#a207\"> art\u00edculo 207 de la Ley Hipotecaria<\/a> se aplican tambi\u00e9n a los excesos de cabida en fincas que linden con otras <a href=\"http:\/\/www.boe.es\/buscar\/act.php?id=BOE-A-2003-20254&amp;tn=1&amp;p=20151031#a38\"> pertenecientes a una Administraci\u00f3n p\u00fablica<\/a>?<\/p>\n<div id=\"attachment_38042\" style=\"width: 310px\" class=\"wp-caption alignright\"><a href=\"https:\/\/www.notariosyregistradores.com\/web\/resoluciones\/sabias-que-3\/attachment\/aisa-huesca\/\"><img loading=\"lazy\" decoding=\"async\" aria-describedby=\"caption-attachment-38042\" class=\"wp-image-38042 size-medium\" src=\"https:\/\/www.notariosyregistradores.com\/web\/wp-content\/uploads\/2017\/07\/Aisa-Huesca-300x225.jpg\" alt=\"\u00bfSab\u00edas que...? Del 852 al 857\" width=\"300\" height=\"225\" srcset=\"https:\/\/www.notariosyregistradores.com\/web\/wp-content\/uploads\/2017\/07\/Aisa-Huesca-300x225.jpg 300w, https:\/\/www.notariosyregistradores.com\/web\/wp-content\/uploads\/2017\/07\/Aisa-Huesca-768x576.jpg 768w, https:\/\/www.notariosyregistradores.com\/web\/wp-content\/uploads\/2017\/07\/Aisa-Huesca-1024x768.jpg 1024w, https:\/\/www.notariosyregistradores.com\/web\/wp-content\/uploads\/2017\/07\/Aisa-Huesca-500x375.jpg 500w, https:\/\/www.notariosyregistradores.com\/web\/wp-content\/uploads\/2017\/07\/Aisa-Huesca.jpg 1028w\" sizes=\"auto, (max-width: 300px) 100vw, 300px\" \/><\/a><p id=\"caption-attachment-38042\" class=\"wp-caption-text\">Aisa (Huesca). JFME.<\/p><\/div>\n<p class=\"style7\" style=\"text-align: justify;\" align=\"justify\"><img loading=\"lazy\" decoding=\"async\" title=\"\" src=\"https:\/\/www.notariosyregistradores.com\/images\/punto-colores.gif\" alt=\"\" width=\"14\" height=\"14\" \/>\u00a0856.- Que en caso de <strong>derecho de transmisi\u00f3n<\/strong>, la renuncia a la herencia del primer causante no activa la sustituci\u00f3n vulgar por renuncia en la <a href=\"https:\/\/www.notariosyregistradores.com\/web\/resoluciones\/por-meses\/resoluciones-dgrn-febrero-2017\/#r56\"> herencia del segundo causante<\/a>?<\/p>\n<p class=\"style7\" style=\"text-align: justify;\" align=\"justify\"><img loading=\"lazy\" decoding=\"async\" title=\"\" src=\"https:\/\/www.notariosyregistradores.com\/images\/punto-colores.gif\" alt=\"\" width=\"14\" height=\"14\" \/>\u00a0 855.- Que, para el <strong>dep\u00f3sito de cuentas<\/strong>, en caso de cambio de domicilio social, el registro competente <a href=\"https:\/\/www.notariosyregistradores.com\/web\/resoluciones\/por-meses\/resoluciones-dgrn-febrero-2017\/#r48\"> es el de destino<\/a>?<\/p>\n<p class=\"style7\" style=\"text-align: justify;\" align=\"justify\"><img loading=\"lazy\" decoding=\"async\" title=\"\" src=\"https:\/\/www.notariosyregistradores.com\/images\/punto-colores.gif\" alt=\"\" width=\"14\" height=\"14\" \/>\u00a0 854.- Que, si el Registrador tiene elementos indiciarios acerca de si una declaraci\u00f3n de <strong>obra nueva, en dos cuerpos,<\/strong> implica parcelaci\u00f3n, ha de acudir al procedimiento del <a href=\"https:\/\/www.notariosyregistradores.com\/web\/normas\/reglamento-hipotecario-actos-naturaleza-urbanistica-real-decreto-1093-1997\/#a79\"> art. 79 RHUrbanismo <\/a>para <a href=\"https:\/\/www.notariosyregistradores.com\/web\/resoluciones\/por-meses\/resoluciones-direccion-general-registros-notariado-marzo-2017\/#r116\"> desentra\u00f1arlas<\/a>?<\/p>\n<p class=\"style7\" style=\"text-align: justify;\" align=\"justify\"><img loading=\"lazy\" decoding=\"async\" title=\"\" src=\"https:\/\/www.notariosyregistradores.com\/images\/punto-colores.gif\" alt=\"\" width=\"14\" height=\"14\" \/>\u00a0 853.- Que, en la <strong>opci\u00f3n de compra<\/strong>, la duraci\u00f3n del derecho puede diferir del plazo para su ejercicio, dentro de los cuatro a\u00f1os y que <a href=\"https:\/\/www.notariosyregistradores.com\/web\/resoluciones\/por-meses\/resoluciones-direccion-general-registros-notariado-marzo-2017\/#r103\"> puede tener objeto alternativo<\/a>?<\/p>\n<p class=\"style7\" style=\"text-align: justify;\" align=\"justify\"><img loading=\"lazy\" decoding=\"async\" title=\"\" src=\"https:\/\/www.notariosyregistradores.com\/images\/punto-colores.gif\" alt=\"\" width=\"14\" height=\"14\" \/>\u00a0 852.- Que si no se puede inscribir un exceso de cabida por dudas en la identidad de la finca, <a href=\"https:\/\/www.notariosyregistradores.com\/web\/resoluciones\/por-meses\/resoluciones-dgrn-febrero-2017\/#r66\"> existen otros remedios jur\u00eddicos<\/a>?<\/p>\n<p class=\"style7\" align=\"justify\"><a id=\"s851\"><\/a><img loading=\"lazy\" decoding=\"async\" title=\"\" src=\"https:\/\/www.notariosyregistradores.com\/images\/punto-colores.gif\" alt=\"\" width=\"14\" height=\"14\" \/>\u00a0 851.-\u00a0Que la DGRN equipara parcialmente el <strong>cambio de uso<\/strong> a una modificaci\u00f3n de obra nueva, <a href=\"https:\/\/www.notariosyregistradores.com\/web\/resoluciones\/por-meses\/resoluciones-dgrn-diciembre-2016\/#r519\">pero suavizando los requisitos<\/a>?<\/p>\n<div id=\"attachment_37256\" style=\"width: 310px\" class=\"wp-caption alignleft\"><a href=\"https:\/\/www.notariosyregistradores.com\/web\/resoluciones\/sabias-que-3\/attachment\/castrillo-tejeriego-primavera-amapolas\/\"><img loading=\"lazy\" decoding=\"async\" aria-describedby=\"caption-attachment-37256\" class=\"wp-image-37256 size-medium\" src=\"https:\/\/www.notariosyregistradores.com\/web\/wp-content\/uploads\/2017\/06\/Castrillo-Tejeriego-primavera-amapolas-300x168.jpg\" alt=\"\u00bfSab\u00edas que...? Del 846 al 851\" width=\"300\" height=\"168\" \/><\/a><p id=\"caption-attachment-37256\" class=\"wp-caption-text\">Primavera en Castrillo Tejeriego (Valladolid). Por Salvador Sancho del Val.<\/p><\/div>\n<p class=\"style7\" align=\"justify\"><img loading=\"lazy\" decoding=\"async\" title=\"\" src=\"https:\/\/www.notariosyregistradores.com\/images\/punto-colores.gif\" alt=\"\" width=\"14\" height=\"14\" \/>\u00a0 850.-\u00a0Que la <strong>instancia de heredero \u00fanico<\/strong> no se puede utilizar como<a href=\"https:\/\/www.notariosyregistradores.com\/web\/resoluciones\/por-meses\/resoluciones-dgrn-enero-2017\/#r11\"> t\u00edtulo inmatriculador<\/a>?<\/p>\n<p class=\"style7\" align=\"justify\"><img loading=\"lazy\" decoding=\"async\" title=\"\" src=\"https:\/\/www.notariosyregistradores.com\/images\/punto-colores.gif\" alt=\"\" width=\"14\" height=\"14\" \/>\u00a0 849.-\u00a0Que los socios han de firmar el acta de la <strong>Junta General Universal<\/strong> y ha de constar en la certificaci\u00f3n la <a href=\"https:\/\/www.notariosyregistradores.com\/web\/resoluciones\/por-meses\/resoluciones-dgrn-enero-2017\/#r2\"> existencia de esa firma<\/a>?<\/p>\n<p class=\"style7\" align=\"justify\"><img loading=\"lazy\" decoding=\"async\" title=\"\" src=\"https:\/\/www.notariosyregistradores.com\/images\/punto-colores.gif\" alt=\"\" width=\"14\" height=\"14\" \/>\u00a0 848.-\u00a0Que en un expediente de <strong>rectificaci\u00f3n de cabida<\/strong> el registrador ha de expresar sus dudas acerca de la identidad de la finca <a href=\"https:\/\/www.notariosyregistradores.com\/web\/resoluciones\/por-meses\/resoluciones-dgrn-enero-2017\/#r19\"> al expedir la certificaci\u00f3n<\/a>?<\/p>\n<p class=\"style7\" align=\"justify\"><img loading=\"lazy\" decoding=\"async\" title=\"\" src=\"https:\/\/www.notariosyregistradores.com\/images\/punto-colores.gif\" alt=\"\" width=\"14\" height=\"14\" \/>\u00a0 847.-\u00a0Que el <strong>contador partidor<\/strong> puede rectificar la partici\u00f3n mientras no se haya producido la <a href=\"https:\/\/www.notariosyregistradores.com\/web\/resoluciones\/por-meses\/resoluciones-dgrn-febrero-2017\/#r53\"> aceptaci\u00f3n de los herederos<\/a>?<\/p>\n<p class=\"style7\" align=\"justify\"><img loading=\"lazy\" decoding=\"async\" title=\"\" src=\"https:\/\/www.notariosyregistradores.com\/images\/punto-colores.gif\" alt=\"\" width=\"14\" height=\"14\" \/>\u00a0 846.-\u00a0Que la exigencia del <strong>Libro del edificio<\/strong> en obras nuevas finalizadas tiene tres excepciones; antig\u00fcedad, exenci\u00f3n auton\u00f3mica y <a href=\"https:\/\/www.notariosyregistradores.com\/web\/resoluciones\/por-meses\/resoluciones-dgrn-enero-2017\/#r38\"> edificaciones de escasa importancia<\/a>?<\/p>\n<p class=\"style7\" align=\"justify\"><a id=\"s845\"><\/a><img loading=\"lazy\" decoding=\"async\" title=\"\" src=\"https:\/\/www.notariosyregistradores.com\/images\/punto-colores.gif\" alt=\"\" width=\"14\" height=\"14\" \/>\u00a0 845.- Que cabe <strong>notificaci\u00f3n electr\u00f3nica<\/strong> al Notario de la nota de calificaci\u00f3n, <a href=\"https:\/\/www.notariosyregistradores.com\/web\/resoluciones\/por-meses\/resoluciones-dgrn-noviembre-2016\/#r451\"> aunque no haya pedido ese medio<\/a>?<\/p>\n<div id=\"attachment_36299\" style=\"width: 234px\" class=\"wp-caption alignright\"><a href=\"https:\/\/www.notariosyregistradores.com\/web\/resoluciones\/sabias-que-3\/attachment\/andratx_puerto-mallorca-silvia\/\"><img loading=\"lazy\" decoding=\"async\" aria-describedby=\"caption-attachment-36299\" class=\"wp-image-36299 size-medium\" src=\"https:\/\/www.notariosyregistradores.com\/web\/wp-content\/uploads\/2017\/05\/Andratx_Puerto-Mallorca-Silvia-224x300.jpg\" alt=\"\u00bfSab\u00edas que...? Del 840 al 845\" width=\"224\" height=\"300\" srcset=\"https:\/\/www.notariosyregistradores.com\/web\/wp-content\/uploads\/2017\/05\/Andratx_Puerto-Mallorca-Silvia-224x300.jpg 224w, https:\/\/www.notariosyregistradores.com\/web\/wp-content\/uploads\/2017\/05\/Andratx_Puerto-Mallorca-Silvia-500x670.jpg 500w, https:\/\/www.notariosyregistradores.com\/web\/wp-content\/uploads\/2017\/05\/Andratx_Puerto-Mallorca-Silvia.jpg 594w\" sizes=\"auto, (max-width: 224px) 100vw, 224px\" \/><\/a><p id=\"caption-attachment-36299\" class=\"wp-caption-text\">Puerto de Andratx (Mallorca). Detalle, Foto de Silvia N\u00fa\u00f1ez.<\/p><\/div>\n<p class=\"style7\" align=\"justify\"><img loading=\"lazy\" decoding=\"async\" title=\"\" src=\"https:\/\/www.notariosyregistradores.com\/images\/punto-colores.gif\" alt=\"\" width=\"14\" height=\"14\" \/>\u00a0 844.- Que la constituci\u00f3n de un <strong>derecho de uso familiar<\/strong> ha de tener plazo, salvo que sea en favor <a href=\"https:\/\/www.notariosyregistradores.com\/web\/resoluciones\/por-meses\/resoluciones-dgrn-noviembre-2016\/#r454\"> o beneficio de menores<\/a>?<\/p>\n<p class=\"style7\" align=\"justify\"><img loading=\"lazy\" decoding=\"async\" title=\"\" src=\"https:\/\/www.notariosyregistradores.com\/images\/punto-colores.gif\" alt=\"\" width=\"14\" height=\"14\" \/>\u00a0 843.- Que, para <strong>modificar el <\/strong><strong>tipo de subasta, <\/strong> existiendo cargas intermedias, <a href=\"https:\/\/www.notariosyregistradores.com\/web\/resoluciones\/por-meses\/resoluciones-dgrn-noviembre-2016\/#r468\"> no han de consentir sus titulares<\/a>?<\/p>\n<p class=\"style7\" align=\"justify\"><img loading=\"lazy\" decoding=\"async\" title=\"\" src=\"https:\/\/www.notariosyregistradores.com\/images\/punto-colores.gif\" alt=\"\" width=\"14\" height=\"14\" \/>\u00a0 842.- Que el expediente de <strong>doble inmatriculaci\u00f3n<\/strong> s\u00f3lo puede ser instado por un titular registral en sentido amplio y que tiene preferencia al procedimiento del art. 209 LH el regulado en la <a href=\"https:\/\/www.notariosyregistradores.com\/web\/resoluciones\/por-meses\/resoluciones-dgrn-diciembre-2016\/#r506\"> Ley del Patrimonio de las Administraciones P\u00fablicas<\/a>?<\/p>\n<p class=\"style7\" align=\"justify\"><img loading=\"lazy\" decoding=\"async\" title=\"\" src=\"https:\/\/www.notariosyregistradores.com\/images\/punto-colores.gif\" alt=\"\" width=\"14\" height=\"14\" \/>\u00a0 841.- Que las <strong>notas marginales preventivas<\/strong> caducan a los sesenta d\u00edas h\u00e1biles <a href=\"https:\/\/www.notariosyregistradores.com\/web\/resoluciones\/por-meses\/resoluciones-dgrn-diciembre-2016\/#r509\"> a contar desde su fecha<\/a>?<\/p>\n<p class=\"style7\" align=\"justify\"><img loading=\"lazy\" decoding=\"async\" title=\"\" src=\"https:\/\/www.notariosyregistradores.com\/images\/punto-colores.gif\" alt=\"\" width=\"14\" height=\"14\" \/>\u00a0 840.- Que la <strong>extinci\u00f3n voluntaria del derecho del usufructuario<\/strong> no implica la del <a href=\"https:\/\/www.notariosyregistradores.com\/web\/resoluciones\/por-meses\/resoluciones-dgrn-diciembre-2016\/#r496\"> arrendamiento que contrat\u00f3<\/a>?<\/p>\n<p class=\"style7\" align=\"justify\"><a id=\"839\"><\/a><img loading=\"lazy\" decoding=\"async\" title=\"\" src=\"https:\/\/www.notariosyregistradores.com\/images\/punto-colores.gif\" alt=\"\" width=\"14\" height=\"14\" \/>\u00a0 839.- Que, para la <strong>inmatriculaci\u00f3n por el art\u00edculo 205<\/strong>, en caso de t\u00edtulo previo de herencia, la DGRN permite atender a la fecha del fallecimiento, en vez de a la de la partici\u00f3n para computar <a href=\"https:\/\/www.notariosyregistradores.com\/web\/resoluciones\/por-meses\/resoluciones-dgrn-noviembre-2016\/#r486\"> el a\u00f1o de diferencia entre t\u00edtulos<\/a>?<\/p>\n<div id=\"attachment_35622\" style=\"width: 310px\" class=\"wp-caption alignleft\"><a href=\"https:\/\/www.notariosyregistradores.com\/web\/resoluciones\/sabias-que-3\/attachment\/urogallo-valle_de_aran-lleida\/\"><img loading=\"lazy\" decoding=\"async\" aria-describedby=\"caption-attachment-35622\" class=\"wp-image-35622 size-medium\" src=\"https:\/\/www.notariosyregistradores.com\/web\/wp-content\/uploads\/2017\/05\/Urogallo-Valle_de_Aran-Lleida-300x223.jpg\" alt=\"\u00bfSab\u00edas que...? Del 834 al 839\" width=\"300\" height=\"223\" srcset=\"https:\/\/www.notariosyregistradores.com\/web\/wp-content\/uploads\/2017\/05\/Urogallo-Valle_de_Aran-Lleida-300x223.jpg 300w, https:\/\/www.notariosyregistradores.com\/web\/wp-content\/uploads\/2017\/05\/Urogallo-Valle_de_Aran-Lleida-768x571.jpg 768w, https:\/\/www.notariosyregistradores.com\/web\/wp-content\/uploads\/2017\/05\/Urogallo-Valle_de_Aran-Lleida-500x372.jpg 500w, https:\/\/www.notariosyregistradores.com\/web\/wp-content\/uploads\/2017\/05\/Urogallo-Valle_de_Aran-Lleida.jpg 864w\" sizes=\"auto, (max-width: 300px) 100vw, 300px\" \/><\/a><p id=\"caption-attachment-35622\" class=\"wp-caption-text\">Urogallo cantando en el Valle de Aran, Lleida. Por Arturo de Frias Marques.<\/p><\/div>\n<p class=\"style7\" align=\"justify\"><img loading=\"lazy\" decoding=\"async\" title=\"\" src=\"https:\/\/www.notariosyregistradores.com\/images\/punto-colores.gif\" alt=\"\" width=\"14\" height=\"14\" \/>\u00a0 838.- Que no cabe <strong>aceptar una donaci\u00f3n<\/strong> una vez fallecido el donante, ni siquiera por la v\u00eda de ratificar lo hecho por\u00a0<a href=\"https:\/\/www.notariosyregistradores.com\/web\/resoluciones\/por-meses\/resoluciones-dgrn-noviembre-2016\/#r472\">un mandatario verbal<\/a>?<\/p>\n<p class=\"style7\" align=\"justify\"><img loading=\"lazy\" decoding=\"async\" title=\"\" src=\"https:\/\/www.notariosyregistradores.com\/images\/punto-colores.gif\" alt=\"\" width=\"14\" height=\"14\" \/>\u00a0 837.- Que el <strong>embargo contra el c\u00f3nyuge de un concursado<\/strong>, si afecta a una finca com\u00fan,<strong>\u00a0<\/strong>lo ha de ordenar el <a href=\"https:\/\/www.notariosyregistradores.com\/web\/resoluciones\/por-meses\/resoluciones-dgrn-noviembre-2016\/#r436\"> juez mercantil del concurso<\/a>?<\/p>\n<p class=\"style7\" align=\"justify\"><img loading=\"lazy\" decoding=\"async\" title=\"\" src=\"https:\/\/www.notariosyregistradores.com\/images\/punto-colores.gif\" alt=\"\" width=\"14\" height=\"14\" \/>\u00a0 836.- Que la DGRN admite el <strong>poder general para donar<\/strong>, sin necesidad de se\u00f1alar bienes concretos <a href=\"https:\/\/www.notariosyregistradores.com\/web\/resoluciones\/por-meses\/resoluciones-dgrn-noviembre-2016\/#r461\"> ni la persona del donatario<\/a>?\u00a0<\/p>\n<p class=\"style7\" align=\"justify\"><img loading=\"lazy\" decoding=\"async\" title=\"\" src=\"https:\/\/www.notariosyregistradores.com\/images\/punto-colores.gif\" alt=\"\" width=\"14\" height=\"14\" \/>\u00a0 835.- Que para suspender la inscripci\u00f3n de una representaci\u00f3n gr\u00e1fica del <a href=\"https:\/\/www.notariosyregistradores.com\/web\/normas\/ley-hipotecaria\/#a199\"> art. 199 LH<\/a> es importante, pero no suficiente la oposici\u00f3n de un colindante y que se puede certificar de sus <a href=\"https:\/\/www.notariosyregistradores.com\/web\/resoluciones\/por-meses\/resoluciones-dgrn-noviembre-2016\/#r485\"> alegaciones en el expediente<\/a>?<\/p>\n<p class=\"style7\" align=\"justify\"><img loading=\"lazy\" decoding=\"async\" title=\"\" src=\"https:\/\/www.notariosyregistradores.com\/images\/punto-colores.gif\" alt=\"\" width=\"14\" height=\"14\" \/>\u00a0 834.- Que es posible que la hipoteca garantice <strong>intereses de demora<\/strong> no pactados expresamente, salvo en la cl\u00e1usula de constituci\u00f3n, aplicando, en este caso, <a href=\"https:\/\/www.notariosyregistradores.com\/web\/resoluciones\/por-meses\/resoluciones-dgrn-noviembre-2016\/#r477\"> el inter\u00e9s legal del dinero<\/a><\/p>\n<p class=\"style7\" align=\"justify\"><a id=\"833\"><\/a><img loading=\"lazy\" decoding=\"async\" title=\"\" src=\"https:\/\/www.notariosyregistradores.com\/images\/punto-colores.gif\" alt=\"\" width=\"14\" height=\"14\" \/>\u00a0 833.- Que se puede hacer constar en el registro de la propiedad que una <strong> sociedad est\u00e1 en liquidaci\u00f3n<\/strong>, pues ello implica un cambio de nomenclatura y da referencias sobre su <a href=\"https:\/\/www.notariosyregistradores.com\/web\/resoluciones\/por-meses\/resoluciones-dgrn-octubre-2016\/#r419\"> r\u00e9gimen de administraci\u00f3n y disposici\u00f3n<\/a>?<\/p>\n<div id=\"attachment_35002\" style=\"width: 310px\" class=\"wp-caption alignright\"><a href=\"https:\/\/www.notariosyregistradores.com\/web\/resoluciones\/sabias-que-3\/attachment\/ibon_de_barrancs-benasque-huesca-2\/\"><img loading=\"lazy\" decoding=\"async\" aria-describedby=\"caption-attachment-35002\" class=\"wp-image-35002 size-medium\" src=\"https:\/\/www.notariosyregistradores.com\/web\/wp-content\/uploads\/2017\/04\/Ib\u00f3n_de_Barrancs-Benasque-Huesca-1-300x225.jpg\" alt=\"\u00bfSab\u00edas que...? Del 828 al 833\" width=\"300\" height=\"225\" srcset=\"https:\/\/www.notariosyregistradores.com\/web\/wp-content\/uploads\/2017\/04\/Ib\u00f3n_de_Barrancs-Benasque-Huesca-1-300x225.jpg 300w, https:\/\/www.notariosyregistradores.com\/web\/wp-content\/uploads\/2017\/04\/Ib\u00f3n_de_Barrancs-Benasque-Huesca-1-768x576.jpg 768w, https:\/\/www.notariosyregistradores.com\/web\/wp-content\/uploads\/2017\/04\/Ib\u00f3n_de_Barrancs-Benasque-Huesca-1.jpg 1024w, https:\/\/www.notariosyregistradores.com\/web\/wp-content\/uploads\/2017\/04\/Ib\u00f3n_de_Barrancs-Benasque-Huesca-1-500x375.jpg 500w\" sizes=\"auto, (max-width: 300px) 100vw, 300px\" \/><\/a><p id=\"caption-attachment-35002\" class=\"wp-caption-text\">Ib\u00f3n de Barrancs en Benasque (Huesca). Por Luidger.<\/p><\/div>\n<p class=\"style7\" align=\"justify\"><img loading=\"lazy\" decoding=\"async\" title=\"\" src=\"https:\/\/www.notariosyregistradores.com\/images\/punto-colores.gif\" alt=\"\" width=\"14\" height=\"14\" \/>\u00a0 832.- Que, en <strong>derecho intertemporal<\/strong> debe de prevalecer el principio <a href=\"https:\/\/www.notariosyregistradores.com\/web\/resoluciones\/por-meses\/resoluciones-dgrn-octubre-2016\/#r421\"> \u00abuna sucesi\u00f3n una ley\u00bb<\/a>?<\/p>\n<p class=\"style7\" align=\"justify\"><img loading=\"lazy\" decoding=\"async\" title=\"\" src=\"https:\/\/www.notariosyregistradores.com\/images\/punto-colores.gif\" alt=\"\" width=\"14\" height=\"14\" \/>\u00a0 831.- Que la <strong>notificacion <\/strong>y requerimiento de pago a <strong>uno solo de los administradores mancomunados <\/strong>es suficiente, pero que, en caso de consejo de administraci\u00f3n, <a href=\"https:\/\/www.notariosyregistradores.com\/web\/resoluciones\/por-meses\/resoluciones-dgrn-noviembre-2016\/#r437\"> ha de hacerse al presidente<\/a>?<\/p>\n<p class=\"style7\" align=\"justify\"><img loading=\"lazy\" decoding=\"async\" title=\"\" src=\"https:\/\/www.notariosyregistradores.com\/images\/punto-colores.gif\" alt=\"\" width=\"14\" height=\"14\" \/>\u00a0 830.- Que la inscripci\u00f3n de la transmisi\u00f3n de una finca no puede suspenderse, por no aportarse la <strong>referencia catastral,<\/strong> regulando el <a href=\"http:\/\/www.boe.es\/buscar\/act.php?id=BOE-A-2004-4163&amp;tn=1&amp;p=20150625&amp;vd=#a44\"> art. 44 L. Catastro<\/a> sus <a href=\"https:\/\/www.notariosyregistradores.com\/web\/resoluciones\/por-meses\/resoluciones-dgrn-noviembre-2016\/#r479\"> consecuencias notariales y registrales<\/a>?<\/p>\n<p class=\"style7\" align=\"justify\"><img loading=\"lazy\" decoding=\"async\" title=\"\" src=\"https:\/\/www.notariosyregistradores.com\/images\/punto-colores.gif\" alt=\"\" width=\"14\" height=\"14\" \/>\u00a0 829.- Que no caben declaraciones de obra nueva en un <strong>convenio regulador<\/strong>, ni siquiera la de la <a href=\"https:\/\/www.notariosyregistradores.com\/web\/resoluciones\/por-meses\/resoluciones-dgrn-noviembre-2016\/#r460\"> vivienda habitual<\/a>?\u00a0<\/p>\n<p class=\"style7\" align=\"justify\"><img loading=\"lazy\" decoding=\"async\" title=\"\" src=\"https:\/\/www.notariosyregistradores.com\/images\/punto-colores.gif\" alt=\"\" width=\"14\" height=\"14\" \/>\u00a0 828.- Que, en las <strong>hipotecas a favor de la Agencia Tributaria<\/strong>, no se precisa fijar un tipo m\u00e1ximo de inter\u00e9s de demora, pues <a href=\"https:\/\/www.notariosyregistradores.com\/web\/resoluciones\/por-meses\/resoluciones-dgrn-noviembre-2016\/#r469\"> viene determinado legalmente<\/a>?<\/p>\n<p class=\"style7\" align=\"justify\"><a id=\"827\"><\/a><img loading=\"lazy\" decoding=\"async\" title=\"\" src=\"https:\/\/www.notariosyregistradores.com\/images\/punto-colores.gif\" alt=\"\" width=\"14\" height=\"14\" \/>\u00a0 827.- Que en la <strong>cesi\u00f3n de un pr\u00e9stamo hipotecario <\/strong>hecho a consumidor a favor de una entidad no de cr\u00e9dito o particular que se dedique habitualmente (desde dos pr\u00e9stamos), los cesionarios deben de estar inscritos en el <a href=\"https:\/\/www.notariosyregistradores.com\/web\/resoluciones\/por-meses\/resoluciones-dgrn-septiembre-2016\/#r321\"> registro especial y tener seguro vigente<\/a>?<\/p>\n<div id=\"attachment_34272\" style=\"width: 310px\" class=\"wp-caption alignleft\"><a href=\"https:\/\/www.notariosyregistradores.com\/web\/resoluciones\/sabias-que-3\/attachment\/torrevieja_salinas_atardecer\/\"><img loading=\"lazy\" decoding=\"async\" aria-describedby=\"caption-attachment-34272\" class=\"wp-image-34272 size-medium\" src=\"https:\/\/www.notariosyregistradores.com\/web\/wp-content\/uploads\/2017\/03\/Torrevieja_Salinas_Atardecer-300x225.jpg\" alt=\"\u00bfSab\u00edas que...? Del 822 al 827\" width=\"300\" height=\"225\" srcset=\"https:\/\/www.notariosyregistradores.com\/web\/wp-content\/uploads\/2017\/03\/Torrevieja_Salinas_Atardecer-300x225.jpg 300w, https:\/\/www.notariosyregistradores.com\/web\/wp-content\/uploads\/2017\/03\/Torrevieja_Salinas_Atardecer-768x576.jpg 768w, https:\/\/www.notariosyregistradores.com\/web\/wp-content\/uploads\/2017\/03\/Torrevieja_Salinas_Atardecer-1024x768.jpg 1024w, https:\/\/www.notariosyregistradores.com\/web\/wp-content\/uploads\/2017\/03\/Torrevieja_Salinas_Atardecer-500x375.jpg 500w, https:\/\/www.notariosyregistradores.com\/web\/wp-content\/uploads\/2017\/03\/Torrevieja_Salinas_Atardecer.jpg 1028w\" sizes=\"auto, (max-width: 300px) 100vw, 300px\" \/><\/a><p id=\"caption-attachment-34272\" class=\"wp-caption-text\">Atardecer las salinas de Torrevieja (Alicante). JFME.<\/p><\/div>\n<p class=\"style7\" align=\"justify\"><img loading=\"lazy\" decoding=\"async\" title=\"\" src=\"https:\/\/www.notariosyregistradores.com\/images\/punto-colores.gif\" alt=\"\" width=\"14\" height=\"14\" \/>\u00a0 826.- Que para que un <strong>poder extranjero<\/strong> pueda usarse en Espa\u00f1a tiene que haber equivalencia de funciones con un notario espa\u00f1ol, lo que no suele cumplir el <a href=\"https:\/\/www.notariosyregistradores.com\/web\/resoluciones\/por-meses\/resoluciones-dgrn-octubre-2016\/#r390\"> notary public ingl\u00e9s<\/a>?<\/p>\n<p class=\"style7\" align=\"justify\"><img loading=\"lazy\" decoding=\"async\" title=\"\" src=\"https:\/\/www.notariosyregistradores.com\/images\/punto-colores.gif\" alt=\"\" width=\"14\" height=\"14\" \/>\u00a0 825.- Que, al disolverse la sociedad, los administradores se convierten autom\u00e1ticamente en <strong>liquidadores<\/strong> salvo <a href=\"https:\/\/www.notariosyregistradores.com\/web\/resoluciones\/por-meses\/resoluciones-dgrn-octubre-2016\/#r385\"> estatutos o acuerdo simult\u00e1neo de Junta<\/a>?<\/p>\n<p class=\"style7\" align=\"justify\"><img loading=\"lazy\" decoding=\"async\" title=\"\" src=\"https:\/\/www.notariosyregistradores.com\/images\/punto-colores.gif\" alt=\"\" width=\"14\" height=\"14\" \/>\u00a0 824.- Que el sometido a <strong>curatela<\/strong> no necesita autorizaci\u00f3n judicial para llevar a cabo los actos contemplados en el<span class=\"Apple-converted-space\">\u00a0<\/span><u><a class=\"style9\" href=\"https:\/\/www.notariosyregistradores.com\/web\/columna-izq\/codigo-civil-libro-primero\/#art271\">art\u00edculo 271 CC<\/a><\/u>. <a href=\"https:\/\/www.notariosyregistradores.com\/web\/secciones\/oposiciones\/informes-opositores\/informe-opositores-abril-2016\/#curatela\"> como una partici\u00f3n<\/a><span class=\"style10\">?<\/span><\/p>\n<p class=\"style7\" align=\"justify\"><img loading=\"lazy\" decoding=\"async\" title=\"\" src=\"https:\/\/www.notariosyregistradores.com\/images\/punto-colores.gif\" alt=\"\" width=\"14\" height=\"14\" \/>\u00a0 823.- Que la DGRN considera el <strong>cambio de uso<\/strong> <span class=\"style12\">de un inmueble como equiparable a la modificaci\u00f3n de la declaraci\u00f3n de obra inscrita,<a href=\"https:\/\/www.notariosyregistradores.com\/web\/resoluciones\/por-meses\/resoluciones-dgrn-octubre-2016\/#r384\"> pudiendo aplicarse las consecuencias de reconocerse su antig\u00fcedad<\/a>?<\/span><\/p>\n<p class=\"style7\" align=\"justify\"><span class=\"style11\"><img loading=\"lazy\" decoding=\"async\" title=\"\" src=\"https:\/\/www.notariosyregistradores.com\/images\/punto-colores.gif\" alt=\"\" width=\"14\" height=\"14\" \/>\u00a0 822.- Que, en caso de <strong>construcci\u00f3n de buena fe <\/strong> de una segunda vivienda por el hijo sobre <strong>terreno ajeno<\/strong> (de los padres), \u00e9stos pueden optar por reclamar el importe de una cuota indivisa del suelo <a href=\"https:\/\/www.notariosyregistradores.com\/web\/resoluciones\/por-meses\/resoluciones-dgrn-octubre-2016\/#r400\"> que pasar\u00eda a ser com\u00fan<\/a>?<\/span><\/p>\n<p class=\"style7\" align=\"justify\"><a id=\"821\"><\/a><img loading=\"lazy\" decoding=\"async\" title=\"\" src=\"https:\/\/www.notariosyregistradores.com\/images\/punto-colores.gif\" alt=\"\" width=\"14\" height=\"14\" \/>\u00a0 821.- Que la \u00abinterpellatio in iure\u00bb para que el heredero acepte la herencia <a href=\"https:\/\/www.notariosyregistradores.com\/web\/resoluciones\/por-meses\/resoluciones-dgrn-septiembre-2016\/#r313\"> la puede hacer el contador partidor<\/a>?<\/p>\n<div id=\"attachment_33206\" style=\"width: 310px\" class=\"wp-caption alignright\"><a href=\"https:\/\/www.notariosyregistradores.com\/web\/resoluciones\/sabias-que-3\/attachment\/buitrago_de_lozoya_iglesia_santa_maria_del_castillo-jfme\/\"><img loading=\"lazy\" decoding=\"async\" aria-describedby=\"caption-attachment-33206\" class=\"wp-image-33206 size-medium\" src=\"https:\/\/www.notariosyregistradores.com\/web\/wp-content\/uploads\/2017\/02\/Buitrago_de_Lozoya_Iglesia_Santa_Maria_del_Castillo-JFME-300x225.jpg\" alt=\"\u00bfSab\u00edas que...? Del 816 al 821\" width=\"300\" height=\"225\" srcset=\"https:\/\/www.notariosyregistradores.com\/web\/wp-content\/uploads\/2017\/02\/Buitrago_de_Lozoya_Iglesia_Santa_Maria_del_Castillo-JFME-300x225.jpg 300w, https:\/\/www.notariosyregistradores.com\/web\/wp-content\/uploads\/2017\/02\/Buitrago_de_Lozoya_Iglesia_Santa_Maria_del_Castillo-JFME-768x576.jpg 768w, https:\/\/www.notariosyregistradores.com\/web\/wp-content\/uploads\/2017\/02\/Buitrago_de_Lozoya_Iglesia_Santa_Maria_del_Castillo-JFME-500x375.jpg 500w, https:\/\/www.notariosyregistradores.com\/web\/wp-content\/uploads\/2017\/02\/Buitrago_de_Lozoya_Iglesia_Santa_Maria_del_Castillo-JFME.jpg 1012w\" sizes=\"auto, (max-width: 300px) 100vw, 300px\" \/><\/a><p id=\"caption-attachment-33206\" class=\"wp-caption-text\">Iglesia de Santa Mar\u00eda del Castillo en Buitrago de Lozoya (Madrid), vista desde la muralla. JFME<\/p><\/div>\n<p class=\"style7\" align=\"justify\"><img loading=\"lazy\" decoding=\"async\" title=\"\" src=\"https:\/\/www.notariosyregistradores.com\/images\/punto-colores.gif\" alt=\"\" width=\"14\" height=\"14\" \/>\u00a0 820.- Que no es exigible el <strong>libro del edificio<\/strong> cuando la declaraci\u00f3n de obra nueva se realiza por el <a href=\"https:\/\/www.notariosyregistradores.com\/web\/resoluciones\/por-meses\/resoluciones-dgrn-septiembre-2016\/#r366\"> procedimiento de las obras antiguas del art. 28.4 TRLS<\/a>?<\/p>\n<p class=\"style7\" align=\"justify\"><img loading=\"lazy\" decoding=\"async\" title=\"\" src=\"https:\/\/www.notariosyregistradores.com\/images\/punto-colores.gif\" alt=\"\" width=\"14\" height=\"14\" \/>\u00a0 819.- Que en una <strong>segregaci\u00f3n<\/strong> tambi\u00e9n ha de inscribirse la representaci\u00f3n gr\u00e1fica del resto salvo que se aplique el <a href=\"https:\/\/www.notariosyregistradores.com\/web\/normas\/reglamento-hipotecario-titulos-i-y-ii\/#art47\">art\u00edculo 47 del Reglamento Hipotecario<\/a>\u00a0(<a href=\"https:\/\/www.notariosyregistradores.com\/web\/resoluciones\/por-meses\/resoluciones-dgrn-septiembre-2016\/#r356\">que no se pueda describir<\/a>)?<\/p>\n<p class=\"style7\" align=\"justify\"><img loading=\"lazy\" decoding=\"async\" title=\"\" src=\"https:\/\/www.notariosyregistradores.com\/images\/punto-colores.gif\" alt=\"\" width=\"14\" height=\"14\" \/>\u00a0 818.- Que, cuando el testador ordena el pago de la <strong>leg\u00edtima en dinero<\/strong>, puede hacerse con <a href=\"https:\/\/www.notariosyregistradores.com\/web\/resoluciones\/por-meses\/resoluciones-dgrn-septiembre-2016\/#r307\"> dinero extrahereditario<\/a>?<\/p>\n<p class=\"style7\" align=\"justify\"><img loading=\"lazy\" decoding=\"async\" title=\"\" src=\"https:\/\/www.notariosyregistradores.com\/images\/punto-colores.gif\" alt=\"\" width=\"14\" height=\"14\" \/>\u00a0 817.- Que, en una ejecuci\u00f3n hipotecaria, el titular de un <strong>derecho de uso familiar<\/strong> inscrito -o conocido por la entidad ejecutante- ha de ser <a href=\"https:\/\/www.notariosyregistradores.com\/web\/resoluciones\/por-meses\/resoluciones-dgrn-septiembre-2016\/#r362\"> demandado y requerido de pago<\/a>?<\/p>\n<p class=\"style7\" align=\"justify\"><img loading=\"lazy\" decoding=\"async\" title=\"\" src=\"https:\/\/www.notariosyregistradores.com\/images\/punto-colores.gif\" alt=\"\" width=\"14\" height=\"14\" \/>\u00a0816.- Que el TRLSC no ha fijado para las sociedades limitadas un l\u00edmite m\u00e1ximo de <strong>administradores mancomunados<\/strong>, pero que en una sociedad an\u00f3nima, <a href=\"http:\/\/www.boe.es\/buscar\/act.php?id=BOE-A-2010-10544&amp;tn=1&amp;p=20150721&amp;vd=#a210\" target=\"_blank\" rel=\"noopener noreferrer\"> s\u00f3lo pueden ser dos<\/a>?<\/p>\n<p class=\"style7\" align=\"justify\"><a id=\"815\"><\/a><img loading=\"lazy\" decoding=\"async\" title=\"\" src=\"https:\/\/www.notariosyregistradores.com\/images\/punto-colores.gif\" alt=\"\" width=\"14\" height=\"14\" \/>\u00a0 815.- Que la <strong>adjudicaci\u00f3n de bienes de la herencia en pago de deudas<\/strong> NO es una facultad comprendida en el <a href=\"https:\/\/www.notariosyregistradores.com\/web\/resoluciones\/por-meses\/resoluciones-dgrn-septiembre-2016\/#r320\"> cargo de contador partidor<\/a>?<\/p>\n<div id=\"attachment_32404\" style=\"width: 310px\" class=\"wp-caption alignleft\"><a href=\"https:\/\/www.notariosyregistradores.com\/web\/resoluciones\/sabias-que-3\/attachment\/avila_murallas_noche\/\"><img loading=\"lazy\" decoding=\"async\" aria-describedby=\"caption-attachment-32404\" class=\"size-medium wp-image-32404\" src=\"https:\/\/www.notariosyregistradores.com\/web\/wp-content\/uploads\/2017\/02\/Avila_murallas_noche-300x197.jpg\" alt=\"\u00bfSab\u00edas que...? Del 810 al 815\" width=\"300\" height=\"197\" srcset=\"https:\/\/www.notariosyregistradores.com\/web\/wp-content\/uploads\/2017\/02\/Avila_murallas_noche-300x197.jpg 300w, https:\/\/www.notariosyregistradores.com\/web\/wp-content\/uploads\/2017\/02\/Avila_murallas_noche-768x505.jpg 768w, https:\/\/www.notariosyregistradores.com\/web\/wp-content\/uploads\/2017\/02\/Avila_murallas_noche-500x329.jpg 500w, https:\/\/www.notariosyregistradores.com\/web\/wp-content\/uploads\/2017\/02\/Avila_murallas_noche.jpg 1007w\" sizes=\"auto, (max-width: 300px) 100vw, 300px\" \/><\/a><p id=\"caption-attachment-32404\" class=\"wp-caption-text\">Murallas de \u00c1vila. Vista nocturna. Por Frank Black Noir<\/p><\/div>\n<p class=\"style7\" align=\"justify\"><img loading=\"lazy\" decoding=\"async\" title=\"\" src=\"https:\/\/www.notariosyregistradores.com\/images\/punto-colores.gif\" alt=\"\" width=\"14\" height=\"14\" \/>\u00a0 814.- Que, para un <strong>elemento de divisi\u00f3n horizontal<\/strong>, no procede inscribir la representaci\u00f3n gr\u00e1fica propiamente tal y s\u00f3lo su respectiva representaci\u00f3n gr\u00e1fica -plano- tomada del proyecto <a href=\"https:\/\/www.notariosyregistradores.com\/web\/resoluciones\/por-meses\/resoluciones-dgrn-septiembre-2016\/#r317\"> incorporado al libro del edificio<\/a>?<\/p>\n<p class=\"style7\" align=\"justify\"><img loading=\"lazy\" decoding=\"async\" title=\"\" src=\"https:\/\/www.notariosyregistradores.com\/images\/punto-colores.gif\" alt=\"\" width=\"14\" height=\"14\" \/>\u00a0 813.- Que la regulaci\u00f3n de los <strong>\u00f3rganos colegiados<\/strong> en la nueva Ley del Sector P\u00fablico puede servir de gu\u00eda para los \u00f3rganos colegiados <a href=\"https:\/\/www.notariosyregistradores.com\/web\/normas\/destacadas\/resumen-de-la-ley-402015-de-1-de-octubre-de-regimen-juridico-del-sector-publico\/#colegiados\"> de las sociedades mercantiles<\/a>,\u00a0como las reuniones a distancia o la regulaci\u00f3n de las actas?<\/p>\n<p class=\"style7\" align=\"justify\"><img loading=\"lazy\" decoding=\"async\" title=\"\" src=\"https:\/\/www.notariosyregistradores.com\/images\/punto-colores.gif\" alt=\"\" width=\"14\" height=\"14\" \/>\u00a0 812.- Que, aunque el\u00a0arrendamiento con opci\u00f3n de compra puede ser concertado por arrendadores particulares, en el\u00a0<strong>arrendamiento financiero<\/strong>\u00a0es ineludible que el arrendador tenga la cualificaci\u00f3n de entidad de cr\u00e9dito o de <a href=\"https:\/\/www.notariosyregistradores.com\/web\/resoluciones\/por-meses\/resoluciones-dgrn-septiembre-2016\/#r339\"> establecimiento financiero de cr\u00e9dito<\/a>?<\/p>\n<p class=\"style7\" align=\"justify\"><img loading=\"lazy\" decoding=\"async\" title=\"\" src=\"https:\/\/www.notariosyregistradores.com\/images\/punto-colores.gif\" alt=\"\" width=\"14\" height=\"14\" \/>\u00a0 811.- Que en la <strong>liquidaci\u00f3n y extinci\u00f3n de sociedad con un \u00fanico acreedor<\/strong> y sin bienes para pagarle <a href=\"https:\/\/www.notariosyregistradores.com\/web\/resoluciones\/por-meses\/resoluciones-dgrn-septiembre-2016\/#r346\"> puede evitarse el concurso<\/a>?<\/p>\n<p class=\"style7\" align=\"justify\"><img loading=\"lazy\" decoding=\"async\" title=\"\" src=\"https:\/\/www.notariosyregistradores.com\/images\/punto-colores.gif\" alt=\"\" width=\"14\" height=\"14\" \/>\u00a0 810.- Que en las <strong>herencias de ingleses<\/strong> no ha de aportarse certificado del Registro General de actos de \u00faltima voluntad del pa\u00eds de origen, pero ha de decirse en la partici\u00f3n que es por <a href=\"https:\/\/www.notariosyregistradores.com\/web\/resoluciones\/por-meses\/resoluciones-dgrn-septiembre-2016\/#r341\"> no haber un registro equivalente al espa\u00f1ol<\/a>?<\/p>\n<p class=\"style7\" style=\"text-align: center;\" align=\"justify\"><strong><span style=\"font-size: 14pt;\">PUBLICADOS EN 2016 (del 714 al 809):<\/span><\/strong><\/p>\n<p class=\"style7\" align=\"justify\"><a id=\"809\"><\/a><img loading=\"lazy\" decoding=\"async\" title=\"\" src=\"https:\/\/www.notariosyregistradores.com\/images\/punto-colores.gif\" alt=\"\" width=\"14\" height=\"14\" \/>\u00a0 809.- Que el registrador puede iniciar el <strong>procedimiento del art\u00edculo 199 LH<\/strong> para inscribir la representaci\u00f3n gr\u00e1fica, incluso con diferencias de cabida inferiores al 10%, entendi\u00e9ndose que existe rogaci\u00f3n si se lo notifica al interesado y <a href=\"https:\/\/www.notariosyregistradores.com\/web\/resoluciones\/por-meses\/resoluciones-dgrn-septiembre-2016\/#r310\"> este no se opone<\/a>?<\/p>\n<div id=\"attachment_31196\" style=\"width: 310px\" class=\"wp-caption alignright\"><a href=\"https:\/\/www.notariosyregistradores.com\/web\/resoluciones\/sabias-que-3\/attachment\/saldana-escudo_marques_valdavia_palencia\/\"><img loading=\"lazy\" decoding=\"async\" aria-describedby=\"caption-attachment-31196\" class=\"wp-image-31196 size-medium\" src=\"https:\/\/www.notariosyregistradores.com\/web\/wp-content\/uploads\/2016\/12\/Salda\u00f1a-Escudo_Marques_Valdavia_Palencia-300x225.jpg\" alt=\"\u00bfSab\u00edas que...? Del 804 al 809.\" width=\"300\" height=\"225\" srcset=\"https:\/\/www.notariosyregistradores.com\/web\/wp-content\/uploads\/2016\/12\/Salda\u00f1a-Escudo_Marques_Valdavia_Palencia-300x225.jpg 300w, https:\/\/www.notariosyregistradores.com\/web\/wp-content\/uploads\/2016\/12\/Salda\u00f1a-Escudo_Marques_Valdavia_Palencia-768x576.jpg 768w, https:\/\/www.notariosyregistradores.com\/web\/wp-content\/uploads\/2016\/12\/Salda\u00f1a-Escudo_Marques_Valdavia_Palencia-500x375.jpg 500w, https:\/\/www.notariosyregistradores.com\/web\/wp-content\/uploads\/2016\/12\/Salda\u00f1a-Escudo_Marques_Valdavia_Palencia.jpg 1012w\" sizes=\"auto, (max-width: 300px) 100vw, 300px\" \/><\/a><p id=\"caption-attachment-31196\" class=\"wp-caption-text\">Casa Solariega del Marqu\u00e9s de la Valdavia, Escudo, en Salda\u00f1a (Palencia). Por JFME<\/p><\/div>\n<p class=\"style7\" align=\"justify\"><img loading=\"lazy\" decoding=\"async\" title=\"\" src=\"https:\/\/www.notariosyregistradores.com\/images\/punto-colores.gif\" alt=\"\" width=\"14\" height=\"14\" \/>\u00a0 808.- Que en las <strong>sucesiones internacionales <\/strong>ha de tenerse en cuenta el orden p\u00fablico que proscribe la discriminaci\u00f3n por raz\u00f3n de sexo, raza o religi\u00f3n, pero que ha de intentarse aplicar la norma extranjera <a href=\"https:\/\/www.notariosyregistradores.com\/web\/resoluciones\/por-meses\/resoluciones-dgrn-septiembre-2016\/#r315\"> una vez adaptada<\/a>?<\/p>\n<p class=\"style7\" align=\"justify\"><img loading=\"lazy\" decoding=\"async\" title=\"\" src=\"https:\/\/www.notariosyregistradores.com\/images\/punto-colores.gif\" alt=\"\" width=\"14\" height=\"14\" \/>\u00a0 807.- Que, cuando en una <strong>ejecuci\u00f3n hipotecaria<\/strong>, el acreedor obtiene la adjudicaci\u00f3n \u00abpor la cantidad que se le deba por todos los conceptos\u00bb, ello no puede perjudicar a acreedores posteriores si lo que se le debe excede de los garantizado por la hipoteca en <a href=\"https:\/\/www.notariosyregistradores.com\/web\/resoluciones\/por-meses\/resoluciones-dgrn-junio-2016\/#r214\"> alguna de las partidas<\/a>?<\/p>\n<p class=\"style7\" align=\"justify\"><img loading=\"lazy\" decoding=\"async\" title=\"\" src=\"https:\/\/www.notariosyregistradores.com\/images\/punto-colores.gif\" alt=\"\" width=\"14\" height=\"14\" \/>\u00a0 806.- Que no es imprescindible que se testimonien las <strong>transferencias<\/strong>, para acreditar el medio de pago, si se incluyen determinados datos identificativos <a href=\"https:\/\/www.notariosyregistradores.com\/web\/resoluciones\/por-meses\/resoluciones-dgrn-septiembre-2016\/#r318\"> en la escritura<\/a>?<\/p>\n<p class=\"style7\" align=\"justify\"><img loading=\"lazy\" decoding=\"async\" title=\"\" src=\"https:\/\/www.notariosyregistradores.com\/images\/punto-colores.gif\" alt=\"\" width=\"14\" height=\"14\" \/>\u00a0 805.- Que la DGRN admite un <strong>aumento de capital<\/strong> con aportaci\u00f3n de rama de actividad, sin previa segregaci\u00f3n al no darse el <a href=\"https:\/\/www.notariosyregistradores.com\/web\/resoluciones\/por-meses\/resoluciones-dgrn-septiembre-2016\/#r319\">efecto de sucesi\u00f3n universal<\/a>?<\/p>\n<p class=\"style7\" align=\"justify\"><img loading=\"lazy\" decoding=\"async\" title=\"\" src=\"https:\/\/www.notariosyregistradores.com\/images\/punto-colores.gif\" alt=\"\" width=\"14\" height=\"14\" \/>\u00a0 804.-\u00a0Que el dep\u00f3sito del<strong> libro del edificio<\/strong> no es preciso si la normativa auton\u00f3mica lo exime en <a href=\"https:\/\/www.notariosyregistradores.com\/web\/resoluciones\/por-meses\/resoluciones-dgrn-septiembre-2016\/#r369\"> un caso concreto<\/a>?<\/p>\n<p class=\"style7\" align=\"justify\"><a id=\"803\"><\/a><img loading=\"lazy\" decoding=\"async\" title=\"\" src=\"https:\/\/www.notariosyregistradores.com\/images\/punto-colores.gif\" alt=\"\" width=\"14\" height=\"14\" \/>\u00a0 803.-\u00a0Que, en caso de <strong>ejecuci\u00f3n hipotecaria<\/strong> sobre bienes pertenecientes a personas casadas bajo un r\u00e9gimen econ\u00f3mico matrimonial extranjero, habr\u00e1 de acudir a este r\u00e9gimen para saber si el c\u00f3nyuge <a href=\"https:\/\/www.notariosyregistradores.com\/web\/resoluciones\/por-meses\/resoluciones-dgrn-junio-2016\/#r161\"> ha de ser demandado y\u00a0 requerido de pago<\/a>?<\/p>\n<div id=\"attachment_30178\" style=\"width: 310px\" class=\"wp-caption alignleft\"><a href=\"https:\/\/www.notariosyregistradores.com\/web\/resoluciones\/sabias-que-3\/attachment\/usa_national_park_arco\/\"><img loading=\"lazy\" decoding=\"async\" aria-describedby=\"caption-attachment-30178\" class=\"size-medium wp-image-30178\" src=\"https:\/\/www.notariosyregistradores.com\/web\/wp-content\/uploads\/2016\/11\/USA_National_Park_Arco-300x225.jpg\" alt=\"\u00bfSab\u00edas que...?\" width=\"300\" height=\"225\" srcset=\"https:\/\/www.notariosyregistradores.com\/web\/wp-content\/uploads\/2016\/11\/USA_National_Park_Arco-300x225.jpg 300w, https:\/\/www.notariosyregistradores.com\/web\/wp-content\/uploads\/2016\/11\/USA_National_Park_Arco-768x576.jpg 768w, https:\/\/www.notariosyregistradores.com\/web\/wp-content\/uploads\/2016\/11\/USA_National_Park_Arco.jpg 1024w, https:\/\/www.notariosyregistradores.com\/web\/wp-content\/uploads\/2016\/11\/USA_National_Park_Arco-500x375.jpg 500w\" sizes=\"auto, (max-width: 300px) 100vw, 300px\" \/><\/a><p id=\"caption-attachment-30178\" class=\"wp-caption-text\">Arco natural en el National Park de Estados Unidos- Por Palacemusic<\/p><\/div>\n<p class=\"style7\" align=\"justify\"><img loading=\"lazy\" decoding=\"async\" title=\"\" src=\"https:\/\/www.notariosyregistradores.com\/images\/punto-colores.gif\" alt=\"\" width=\"14\" height=\"14\" \/>\u00a0 802.-\u00a0Que para inscribir la <strong>venta de un resto de finca<\/strong>, cuando no han accedido al registro segregaciones previas, se requiere licencia o certificado de innecesariedad y que s\u00f3lo ha de <a href=\"https:\/\/www.notariosyregistradores.com\/web\/resoluciones\/por-meses\/resoluciones-dgrn-agosto-2016\/#r272\"> georreferenciarse lo que se inscribe<\/a>, si no es posible hacerlo con todo?<\/p>\n<p class=\"style7\" align=\"justify\"><img loading=\"lazy\" decoding=\"async\" title=\"\" src=\"https:\/\/www.notariosyregistradores.com\/images\/punto-colores.gif\" alt=\"\" width=\"14\" height=\"14\" \/>\u00a0 801.-\u00a0Que la nueva Ley de Procedimiento Administrativo Com\u00fan regula los <a href=\"https:\/\/www.notariosyregistradores.com\/web\/normas\/destacadas\/resumen-de-la-ley-392015-de-1-de-octubre-del-procedimiento-administrativo-comun-de-las-administraciones-publicas\/#pla\"> plazos por horas<\/a> en el <a href=\"http:\/\/www.boe.es\/buscar\/act.php?id=BOE-A-2015-10565&amp;tn=1&amp;p=20151002&amp;vd=#a30\"> art. 30<\/a>?<\/p>\n<p class=\"style7\" align=\"justify\"><img loading=\"lazy\" decoding=\"async\" title=\"\" src=\"https:\/\/www.notariosyregistradores.com\/images\/punto-colores.gif\" alt=\"\" width=\"14\" height=\"14\" \/>\u00a0 800.-\u00a0Que, en la <strong>instituci\u00f3n de heredero condicional<\/strong>, cabe acreditar el cumplimiento o no de una condici\u00f3n por acta de notoriedad siempre y cuando hayan podido <a href=\"https:\/\/www.notariosyregistradores.com\/web\/resoluciones\/por-meses\/resoluciones-dgrn-agosto-2016\/#r300\"> intervenir las personas afectadas<\/a>?<\/p>\n<p class=\"style7\" align=\"justify\"><img loading=\"lazy\" decoding=\"async\" title=\"\" src=\"https:\/\/www.notariosyregistradores.com\/images\/punto-colores.gif\" alt=\"\" width=\"14\" height=\"14\" \/>\u00a0 799.-\u00a0Que la DGRN autoriza la <strong>legalizaci\u00f3n de libros<\/strong> <a href=\"https:\/\/www.notariosyregistradores.com\/web\/resoluciones\/por-meses\/resoluciones-dgrn-septiembre-2016\/#r327\"> encriptados o cifrados<\/a>?<\/p>\n<p class=\"style7\" align=\"justify\"><img loading=\"lazy\" decoding=\"async\" title=\"\" src=\"https:\/\/www.notariosyregistradores.com\/images\/punto-colores.gif\" alt=\"\" width=\"14\" height=\"14\" \/>\u00a0 798.-\u00a0Que la <strong>ejecuci\u00f3n de hipoteca r<\/strong>ealizada por el cesionario procesal del acreedor titular registral no es inscribible si la cesi\u00f3n no se acredit\u00f3 <a href=\"https:\/\/www.notariosyregistradores.com\/web\/resoluciones\/por-meses\/resoluciones-dgrn-agosto-2016\/#r292\"> por escritura p\u00fablica<\/a>?<\/p>\n<p class=\"style7\" align=\"justify\"><a id=\"797\"><\/a><img loading=\"lazy\" decoding=\"async\" title=\"\" src=\"https:\/\/www.notariosyregistradores.com\/images\/punto-colores.gif\" alt=\"\" width=\"14\" height=\"14\" \/>\u00a0 797.-\u00a0Que, en caso de <strong>agrupaci\u00f3n de fincas<\/strong>, la DGRN no impone la \u00abagrupaci\u00f3n catastral\u00bb, pudiendo inscribirse las representaciones gr\u00e1ficas de las <a href=\"https:\/\/www.notariosyregistradores.com\/web\/resoluciones\/por-meses\/resoluciones-dgrn-julio-2016\/#r231\"> fincas de origen<\/a>?<\/p>\n<div id=\"attachment_29296\" style=\"width: 310px\" class=\"wp-caption alignright\"><a href=\"https:\/\/www.notariosyregistradores.com\/web\/resoluciones\/sabias-que-3\/attachment\/menorca_otono_silvia\/\"><img loading=\"lazy\" decoding=\"async\" aria-describedby=\"caption-attachment-29296\" class=\"size-medium wp-image-29296\" src=\"https:\/\/www.notariosyregistradores.com\/web\/wp-content\/uploads\/2016\/11\/Menorca_Oto\u00f1o_Silvia-300x225.jpg\" alt=\"\u00bfSab\u00edas qu\u00e9?\" width=\"300\" height=\"225\" srcset=\"https:\/\/www.notariosyregistradores.com\/web\/wp-content\/uploads\/2016\/11\/Menorca_Oto\u00f1o_Silvia-300x225.jpg 300w, https:\/\/www.notariosyregistradores.com\/web\/wp-content\/uploads\/2016\/11\/Menorca_Oto\u00f1o_Silvia-768x576.jpg 768w, https:\/\/www.notariosyregistradores.com\/web\/wp-content\/uploads\/2016\/11\/Menorca_Oto\u00f1o_Silvia-1024x768.jpg 1024w, https:\/\/www.notariosyregistradores.com\/web\/wp-content\/uploads\/2016\/11\/Menorca_Oto\u00f1o_Silvia-500x375.jpg 500w, https:\/\/www.notariosyregistradores.com\/web\/wp-content\/uploads\/2016\/11\/Menorca_Oto\u00f1o_Silvia.jpg 1044w\" sizes=\"auto, (max-width: 300px) 100vw, 300px\" \/><\/a><p id=\"caption-attachment-29296\" class=\"wp-caption-text\">Oto\u00f1o en Menorca. Por Silvia N\u00fa\u00f1ez<\/p><\/div>\n<p class=\"style7\" align=\"justify\"><img loading=\"lazy\" decoding=\"async\" title=\"\" src=\"https:\/\/www.notariosyregistradores.com\/images\/punto-colores.gif\" alt=\"\" width=\"14\" height=\"14\" \/>\u00a0 796.-\u00a0Que en las ejecuciones hipotecarias, aunque pueda existir <strong>sobrante<\/strong> sin que conste su dep\u00f3sito, no procede paralizar la inscripci\u00f3n, seg\u00fan la DGRN, si no existen intereses protegibles como los de los acreedores anteriores a la nota marginal puesta al <a href=\"https:\/\/www.notariosyregistradores.com\/web\/resoluciones\/por-meses\/resoluciones-dgrn-junio-2016\/#r223\"> expedir la certificaci\u00f3n<\/a>?<\/p>\n<p class=\"style7\" align=\"justify\"><img loading=\"lazy\" decoding=\"async\" title=\"\" src=\"https:\/\/www.notariosyregistradores.com\/images\/punto-colores.gif\" alt=\"\" width=\"14\" height=\"14\" \/>\u00a0 795.-\u00a0Que para evitar la aplicaci\u00f3n de la <strong>sustituci\u00f3n vulgar<\/strong>, en caso de renuncia, no es suficiente la manifestaci\u00f3n del renunciante sobre la inexistencia de hijos y que el sustituto ha de existir al <a href=\"https:\/\/www.notariosyregistradores.com\/web\/resoluciones\/por-meses\/resoluciones-dgrn-junio-2016\/#r220\"> tiempo del fallecimiento del causante<\/a>?<\/p>\n<p class=\"style7\" align=\"justify\"><img loading=\"lazy\" decoding=\"async\" title=\"\" src=\"https:\/\/www.notariosyregistradores.com\/images\/punto-colores.gif\" alt=\"\" width=\"14\" height=\"14\" \/>\u00a0 794.-\u00a0Que est\u00e1n <strong>inscritas como cl\u00e1usulas abusivas<\/strong> en el RCGC algunas tan comunes como el anatocismo, la que pone a cargo del prestatario\u00a0los impuestos\u00a0en los que el obligado al pago sea el Banco, o la que extiende la fianza a cualesquiera pr\u00f3rrogas, renovaciones, novaciones o modificaciones de cualquier tipo, expresas o t\u00e1citas, que pudieran producirse en las obligaciones <a href=\"https:\/\/www.notariosyregistradores.com\/web\/normas\/informes-mensuales\/informe-junio-2016-registros-mercantiles\/#8212-nuevas-clausulas-abusivas-inscritas-en-el-rcgc\"> contenidas en el contrato<\/a>?<\/p>\n<p class=\"style7\" align=\"justify\"><img loading=\"lazy\" decoding=\"async\" title=\"\" src=\"https:\/\/www.notariosyregistradores.com\/images\/punto-colores.gif\" alt=\"\" width=\"14\" height=\"14\" \/>\u00a0 793.-\u00a0Que, en las <strong>escrituras de hipoteca<\/strong>, han de constar, para ambos procedimientos, tanto el <a href=\"https:\/\/www.notariosyregistradores.com\/web\/resoluciones\/por-meses\/resoluciones-dgrn-julio-2016\/#r244\"> domicilio del deudor como el del hipotecante no deudor<\/a>?<\/p>\n<p class=\"style7\" align=\"justify\"><img loading=\"lazy\" decoding=\"async\" title=\"\" src=\"https:\/\/www.notariosyregistradores.com\/images\/punto-colores.gif\" alt=\"\" width=\"14\" height=\"14\" \/>\u00a0 792.-\u00a0Que el <a href=\"https:\/\/www.notariosyregistradores.com\/web\/columna-izq\/codigo-civil-titulo-preliminar\/#a12\"> art\u00edculo 12.2 del C\u00f3digo Civil,<\/a> que s\u00f3lo reconoce el <strong>reenv\u00edo<\/strong> de primer grado a la ley espa\u00f1ola, est\u00e1 <a href=\"https:\/\/www.notariosyregistradores.com\/web\/resoluciones\/por-meses\/resoluciones-dgrn-agosto-2016\/#r278\"> afectado por el Reglamento 650\/2012<\/a>?<\/p>\n<p class=\"style6\" align=\"justify\"><a id=\"791\"><\/a><img loading=\"lazy\" decoding=\"async\" title=\"\" src=\"https:\/\/www.notariosyregistradores.com\/images\/punto-colores.gif\" alt=\"\" width=\"14\" height=\"14\" \/>\u00a0 791.-\u00a0Que, en caso de <strong>disoluci\u00f3n de comunidad<\/strong>, la DGRN admite la posibilidad de cancelar una anotaci\u00f3n preventiva de embargo sobre cuota indivisa, si ha sido notificado el acreedor para intervenir en la disoluci\u00f3n y se acuerda una <a href=\"https:\/\/www.notariosyregistradores.com\/web\/resoluciones\/por-meses\/resoluciones-dgrn-junio-2016\/#r204\"> subrogaci\u00f3n real en la indemnizaci\u00f3n<\/a>?<\/p>\n<div id=\"attachment_28423\" style=\"width: 310px\" class=\"wp-caption alignleft\"><a href=\"https:\/\/www.notariosyregistradores.com\/web\/resoluciones\/sabias-que-3\/attachment\/uruena_ermita_de_la_anunciada_valladolid\/\"><img loading=\"lazy\" decoding=\"async\" aria-describedby=\"caption-attachment-28423\" class=\"size-medium wp-image-28423\" src=\"https:\/\/www.notariosyregistradores.com\/web\/wp-content\/uploads\/2016\/10\/Urue\u00f1a_Ermita_de_la_Anunciada_Valladolid-300x196.jpg\" alt=\"\u00bfSab\u00edas qu\u00e9?\" width=\"300\" height=\"196\" srcset=\"https:\/\/www.notariosyregistradores.com\/web\/wp-content\/uploads\/2016\/10\/Urue\u00f1a_Ermita_de_la_Anunciada_Valladolid-300x196.jpg 300w, https:\/\/www.notariosyregistradores.com\/web\/wp-content\/uploads\/2016\/10\/Urue\u00f1a_Ermita_de_la_Anunciada_Valladolid-768x503.jpg 768w, https:\/\/www.notariosyregistradores.com\/web\/wp-content\/uploads\/2016\/10\/Urue\u00f1a_Ermita_de_la_Anunciada_Valladolid.jpg 1024w, https:\/\/www.notariosyregistradores.com\/web\/wp-content\/uploads\/2016\/10\/Urue\u00f1a_Ermita_de_la_Anunciada_Valladolid-500x327.jpg 500w\" sizes=\"auto, (max-width: 300px) 100vw, 300px\" \/><\/a><p id=\"caption-attachment-28423\" class=\"wp-caption-text\">Ermita de Nuestra Se\u00f1ora de la Anunciada en Urue\u00f1a (Valladolid). Por \u00c1ngel M. Felic\u00edsimo<\/p><\/div>\n<p class=\"style6\" align=\"justify\"><img loading=\"lazy\" decoding=\"async\" title=\"\" src=\"https:\/\/www.notariosyregistradores.com\/images\/punto-colores.gif\" alt=\"\" width=\"14\" height=\"14\" \/>\u00a0 790.-\u00a0Que, para cancelar hipotecas, cuando el titular registral no coincide por <strong>modificaciones estructurales financieras<\/strong>, el registrador puede apoyarse en asientos anteriores y en el Registro Mercantil, pero que, en caso de segregaci\u00f3n de negocio, ha de acreditarse que la operaci\u00f3n <a href=\"https:\/\/www.notariosyregistradores.com\/web\/resoluciones\/por-meses\/resoluciones-dgrn-junio-2016\/#r189\"> forma parte del negocio segregado<\/a>?<\/p>\n<p class=\"style6\" align=\"justify\"><img loading=\"lazy\" decoding=\"async\" title=\"\" src=\"https:\/\/www.notariosyregistradores.com\/images\/punto-colores.gif\" alt=\"\" width=\"14\" height=\"14\" \/>\u00a0 789.-\u00a0Que, mediante <strong>convenio regulador<\/strong>, puede liquidarse el <a href=\"https:\/\/www.notariosyregistradores.com\/web\/resoluciones\/por-meses\/resoluciones-dgrn-junio-2016\/#r172\"> r\u00e9gimen de separaci\u00f3n de bienes<\/a>?<\/p>\n<p class=\"style6\" align=\"justify\"><img loading=\"lazy\" decoding=\"async\" title=\"\" src=\"https:\/\/www.notariosyregistradores.com\/images\/punto-colores.gif\" alt=\"\" width=\"14\" height=\"14\" \/>\u00a0 788.-\u00a0Que la <strong>afecci\u00f3n caucional <\/strong>del <a href=\"http:\/\/www.boe.es\/buscar\/act.php?id=BOE-A-1993-25359&amp;tn=1&amp;p=20151030&amp;vd=#a5\" target=\"_blank\" rel=\"noopener noreferrer\"> art. 5 LITPyAJD<\/a>, por si se incumplen obligaciones fiscales, tiene un plazo de caducidad, pasado el cual, <a href=\"https:\/\/www.notariosyregistradores.com\/web\/resoluciones\/por-meses\/resoluciones-dgrn-junio-2016\/#r190\"> ha de cancelarse<\/a>?<\/p>\n<p class=\"style6\" align=\"justify\"><img loading=\"lazy\" decoding=\"async\" title=\"\" src=\"https:\/\/www.notariosyregistradores.com\/images\/punto-colores.gif\" alt=\"\" width=\"14\" height=\"14\" \/>\u00a0 787.-\u00a0Que, para la <strong>renovaci\u00f3n t\u00e1cita del nombramiento de auditor<\/strong>, seg\u00fan la DGRN, no es necesario acuerdo de junta, s\u00f3lo acuerdo del \u00f3rgano de administraci\u00f3n, que ha de notificarse al interesado, sin que conste su oposici\u00f3n, en un plazo de 7 meses a contar desde la fecha del \u00faltimo <a href=\"https:\/\/www.notariosyregistradores.com\/web\/resoluciones\/por-meses\/resoluciones-dgrn-junio-2016\/#r205\"> ejercicio de vigencia del auditor<\/a>?<\/p>\n<p class=\"style7\" align=\"justify\"><img loading=\"lazy\" decoding=\"async\" title=\"\" src=\"https:\/\/www.notariosyregistradores.com\/images\/punto-colores.gif\" alt=\"\" width=\"14\" height=\"14\" \/>\u00a0 786.-\u00a0Que es factible el otorgamiento de una escritura de <strong>retracto legal<\/strong> fuera de plazo si el comprador retra\u00eddo se ha avenido a su <a href=\"https:\/\/www.notariosyregistradores.com\/web\/resoluciones\/por-meses\/resoluciones-dgrn-junio-2016\/#r209\"> ejercicio dentro de plazo<\/a>?<\/p>\n<p class=\"style4\" align=\"justify\"><a id=\"785\"><\/a><img loading=\"lazy\" decoding=\"async\" title=\"\" src=\"https:\/\/www.notariosyregistradores.com\/images\/punto-colores.gif\" alt=\"\" width=\"14\" height=\"14\" \/>\u00a0 785.-\u00a0Que, a partir del 2 de octubre de 2016, los s\u00e1bados son d\u00edas inh\u00e1biles para el c\u00f3mputo de plazos, seg\u00fan la <a href=\"https:\/\/www.notariosyregistradores.com\/web\/utilidades\/dias-habiles\/ojo-con-los-dias-inhabiles-de-2016\/\"> nueva Ley de Procedimiento Administrativo Com\u00fan<\/a>?<\/p>\n<div id=\"attachment_27465\" style=\"width: 310px\" class=\"wp-caption alignright\"><a href=\"https:\/\/www.notariosyregistradores.com\/web\/resoluciones\/sabias-que-3\/attachment\/zamora_catedral_duero\/\"><img loading=\"lazy\" decoding=\"async\" aria-describedby=\"caption-attachment-27465\" class=\"size-medium wp-image-27465\" src=\"https:\/\/www.notariosyregistradores.com\/web\/wp-content\/uploads\/2016\/09\/Zamora_Catedral_Duero-300x131.jpg\" alt=\"Catedral de Zamora desde el otro lado del Duero.\" width=\"300\" height=\"131\" srcset=\"https:\/\/www.notariosyregistradores.com\/web\/wp-content\/uploads\/2016\/09\/Zamora_Catedral_Duero-300x131.jpg 300w, https:\/\/www.notariosyregistradores.com\/web\/wp-content\/uploads\/2016\/09\/Zamora_Catedral_Duero-768x337.jpg 768w, https:\/\/www.notariosyregistradores.com\/web\/wp-content\/uploads\/2016\/09\/Zamora_Catedral_Duero-1024x449.jpg 1024w, https:\/\/www.notariosyregistradores.com\/web\/wp-content\/uploads\/2016\/09\/Zamora_Catedral_Duero-500x219.jpg 500w, https:\/\/www.notariosyregistradores.com\/web\/wp-content\/uploads\/2016\/09\/Zamora_Catedral_Duero.jpg 1369w\" sizes=\"auto, (max-width: 300px) 100vw, 300px\" \/><\/a><p id=\"caption-attachment-27465\" class=\"wp-caption-text\">Catedral de Zamora desde el otro lado del Duero.<\/p><\/div>\n<p class=\"style6\" align=\"justify\"><img loading=\"lazy\" decoding=\"async\" title=\"\" src=\"https:\/\/www.notariosyregistradores.com\/images\/punto-colores.gif\" alt=\"\" width=\"14\" height=\"14\" \/>\u00a0 784.-\u00a0Que, si al <strong>disolver una comunidad privativa y pagar con dinero ganancial<\/strong> el exceso de adjudicaci\u00f3n, se pretende que el bien sea ganancial, conviene dejar clara la existencia y perfil de los dos negocios de disoluci\u00f3n de comunidad y <a href=\"https:\/\/www.notariosyregistradores.com\/web\/resoluciones\/por-meses\/resoluciones-dgrn-junio-2016\/#r178\"> aportaci\u00f3n o atribuci\u00f3n de ganancialidad<\/a>?<\/p>\n<p class=\"style6\" align=\"justify\"><img loading=\"lazy\" decoding=\"async\" title=\"\" src=\"https:\/\/www.notariosyregistradores.com\/images\/punto-colores.gif\" alt=\"\" width=\"14\" height=\"14\" \/>\u00a0 783.-\u00a0Que, para inscribir una <strong>sentencia dictada en rebeld\u00eda, incluso con notificaci\u00f3n personal al rebelde<\/strong>, hay que esperar 16 meses, salvo que el letrado de la Administraci\u00f3n de Justicia resuelva que <a href=\"https:\/\/www.notariosyregistradores.com\/web\/resoluciones\/por-meses\/resoluciones-dgrn-junio-2016\/#r184\"> no hubo situaci\u00f3n de fuerza mayor<\/a>?\u00a0<\/p>\n<p class=\"style6\" align=\"justify\"><img loading=\"lazy\" decoding=\"async\" title=\"\" src=\"https:\/\/www.notariosyregistradores.com\/images\/punto-colores.gif\" alt=\"\" width=\"14\" height=\"14\" \/>\u00a0 782.-\u00a0Que, en las <strong>obras antiguas<\/strong>, la certificaci\u00f3n sobre la concreta <strong>calificaci\u00f3n urban\u00edstica del suelo<\/strong>, est\u00e1 reservada a los \u00f3rganos competentes de la administraci\u00f3n de la que emana la normativa y planeamiento urban\u00edsticos aplicables, por lo que <a href=\"https:\/\/www.notariosyregistradores.com\/web\/resoluciones\/por-meses\/resoluciones-dgrn-junio-2016\/#r210\"> no puede hacerlo el t\u00e9cnico particular<\/a>?<\/p>\n<p class=\"style6\" align=\"justify\"><img loading=\"lazy\" decoding=\"async\" title=\"\" src=\"https:\/\/www.notariosyregistradores.com\/images\/punto-colores.gif\" alt=\"\" width=\"14\" height=\"14\" \/>\u00a0 781.-\u00a0Que la DGRN admite que pueda haber <strong>tracto interrumpido <\/strong>si se adquiere <a href=\"https:\/\/www.notariosyregistradores.com\/web\/resoluciones\/por-meses\/resoluciones-dgrn-junio-2016\/#r130\"> s\u00f3lo a parte de los herederos<\/a>?\u00a0<\/p>\n<p class=\"style6\" align=\"justify\"><img loading=\"lazy\" decoding=\"async\" title=\"\" src=\"https:\/\/www.notariosyregistradores.com\/images\/punto-colores.gif\" alt=\"\" width=\"14\" height=\"14\" \/>\u00a0 780.-\u00a0Que, para <strong>inmatricular<\/strong> una finca, las <strong>descripciones<\/strong> de los dos t\u00edtulos no han de ser exactas, debiendo de valorar el registrador la coincidencia esencial y si, su criterio es desfavorable, <a href=\"https:\/\/www.notariosyregistradores.com\/web\/resoluciones\/por-meses\/resoluciones-dgrn-junio-2016\/#r182\"> ha de razonarlo<\/a>?<\/p>\n<p class=\"style4\" align=\"justify\"><a id=\"779\"><\/a><img loading=\"lazy\" decoding=\"async\" title=\"\" src=\"https:\/\/www.notariosyregistradores.com\/images\/punto-colores.gif\" alt=\"\" width=\"14\" height=\"14\" \/>\u00a0 779.-\u00a0Que en una inmatriculaci\u00f3n puede haber un documento actual de <strong> rectificaci\u00f3n de la descripci\u00f3n anterior, <\/strong>otorgado por los mismos firmantes, para adaptarla a la descripci\u00f3n real del t\u00edtulo posterior <a href=\"https:\/\/www.notariosyregistradores.com\/web\/resoluciones\/por-meses\/resoluciones-dgrn-junio-2016\/#r167\"> que ha de coincidir con la catastral<\/a>?<\/p>\n<div id=\"attachment_26583\" style=\"width: 310px\" class=\"wp-caption alignleft\"><a href=\"https:\/\/www.notariosyregistradores.com\/web\/resoluciones\/sabias-que-3\/attachment\/luna_palmeras_silvia\/\"><img loading=\"lazy\" decoding=\"async\" aria-describedby=\"caption-attachment-26583\" class=\"size-medium wp-image-26583\" src=\"https:\/\/www.notariosyregistradores.com\/web\/wp-content\/uploads\/2016\/08\/Luna_Palmeras_Silvia-300x166.jpg\" alt=\"Por Silvia N\u00fa\u00f1ez\" width=\"300\" height=\"166\" srcset=\"https:\/\/www.notariosyregistradores.com\/web\/wp-content\/uploads\/2016\/08\/Luna_Palmeras_Silvia-300x166.jpg 300w, https:\/\/www.notariosyregistradores.com\/web\/wp-content\/uploads\/2016\/08\/Luna_Palmeras_Silvia-768x425.jpg 768w, https:\/\/www.notariosyregistradores.com\/web\/wp-content\/uploads\/2016\/08\/Luna_Palmeras_Silvia-1024x566.jpg 1024w, https:\/\/www.notariosyregistradores.com\/web\/wp-content\/uploads\/2016\/08\/Luna_Palmeras_Silvia-500x276.jpg 500w, https:\/\/www.notariosyregistradores.com\/web\/wp-content\/uploads\/2016\/08\/Luna_Palmeras_Silvia.jpg 1203w\" sizes=\"auto, (max-width: 300px) 100vw, 300px\" \/><\/a><p id=\"caption-attachment-26583\" class=\"wp-caption-text\">Por Silvia N\u00fa\u00f1ez<\/p><\/div>\n<p class=\"style4\" align=\"justify\"><img loading=\"lazy\" decoding=\"async\" title=\"\" src=\"https:\/\/www.notariosyregistradores.com\/images\/punto-colores.gif\" alt=\"\" width=\"14\" height=\"14\" \/>\u00a0 778.-\u00a0Que la DGRN flexibiliza la <strong>adaptaci\u00f3n de los estatutos sociales<\/strong> a los cambios legislativos, invalidando s\u00f3lo una parte de un precepto estatutario <a href=\"https:\/\/www.notariosyregistradores.com\/web\/resoluciones\/por-meses\/resoluciones-dgrn-junio-2016\/#r149\"> (en el caso una de los dos formas de convocatoria de junta)<\/a>?<\/p>\n<p class=\"style4\" align=\"justify\"><img loading=\"lazy\" decoding=\"async\" title=\"\" src=\"https:\/\/www.notariosyregistradores.com\/images\/punto-colores.gif\" alt=\"\" width=\"14\" height=\"14\" \/>\u00a0 777.-\u00a0Que para cancelar por caducidad una <strong>condici\u00f3n resolutoria en garant\u00eda de permuta de suelo por obra futura<\/strong> hay que <a href=\"https:\/\/www.notariosyregistradores.com\/web\/resoluciones\/por-meses\/resoluciones-dgrn-junio-2016\/#r141\"> acudir al art. 210.8 LH<\/a>?<\/p>\n<p class=\"style4\" align=\"justify\"><img loading=\"lazy\" decoding=\"async\" title=\"\" src=\"https:\/\/www.notariosyregistradores.com\/images\/punto-colores.gif\" alt=\"\" width=\"14\" height=\"14\" \/>\u00a0 776.-\u00a0Que por la <strong>precalificaci\u00f3n fiscal<\/strong>, s\u00f3lo cabe suspender en los casos de sujeci\u00f3n, pero <a href=\"https:\/\/www.notariosyregistradores.com\/web\/secciones\/fiscal\/articulos-fiscal\/calificacion-de-sujecion-a-plusvalia-convenio-regulador-con-excesos-de-adjudicacion\/#iii-conclusiones\"> no en los de no sujeci\u00f3n<\/a>?<\/p>\n<p class=\"style4\" align=\"justify\"><span class=\"Apple-converted-space\"><img loading=\"lazy\" decoding=\"async\" title=\"\" src=\"https:\/\/www.notariosyregistradores.com\/images\/punto-colores.gif\" alt=\"\" width=\"14\" height=\"14\" \/>\u00a0 775.-\u00a0Que la DGRN acepta como <strong>t\u00edtulo inmatriculador<\/strong> la conversi\u00f3n de la comunidad valenciana en propiedad horizontal y ratifica, tras la Ley 13\/2015, que tambi\u00e9n lo es la extinci\u00f3n de comunidad si no <a href=\"https:\/\/www.notariosyregistradores.com\/web\/resoluciones\/por-meses\/resoluciones-dgrn-junio-2016\/#r181\"> supone una f\u00e1brica artificial de t\u00edtulos<\/a>?\u00a0<\/span><\/p>\n<p class=\"style6\" align=\"justify\"><img loading=\"lazy\" decoding=\"async\" title=\"\" src=\"https:\/\/www.notariosyregistradores.com\/images\/punto-colores.gif\" alt=\"\" width=\"14\" height=\"14\" \/>\u00a0 774.- \u00a0Que son diferentes los <strong>plazos para calificar <\/strong>(15 d\u00edas) y para, seguidamente, <strong>notificar la calificaci\u00f3n<\/strong> (10 d\u00edas), <a href=\"https:\/\/www.notariosyregistradores.com\/web\/resoluciones\/por-meses\/resoluciones-dgrn-junio-2016\/#r148\"> ambos en d\u00edas h\u00e1biles<\/a>?<\/p>\n<p class=\"style4\" align=\"justify\"><a id=\"773\"><\/a><img loading=\"lazy\" decoding=\"async\" title=\"\" src=\"https:\/\/www.notariosyregistradores.com\/images\/punto-colores.gif\" alt=\"\" width=\"14\" height=\"14\" \/>\u00a0 773.-\u00a0Que los <strong>cheques al portador<\/strong> tienen el mismo trato que el pago en dinero en cuanto al <a href=\"https:\/\/www.notariosyregistradores.com\/doctrina\/ARTICULOS\/2012-pagos-en-efectivo-2500-euros.htm\"> l\u00edmite de 2500 euros<\/a>?<\/p>\n<p class=\"style4\" align=\"justify\"><img loading=\"lazy\" decoding=\"async\" title=\"\" src=\"https:\/\/www.notariosyregistradores.com\/images\/punto-colores.gif\" alt=\"\" width=\"14\" height=\"14\" \/>\u00a0 772.-\u00a0Que el <strong>expediente de jurisdicci\u00f3n voluntaria de separaci\u00f3n de liquidadores<\/strong> no se suspende por el posterior nombramiento de la Junta, aplic\u00e1ndose el <a href=\"https:\/\/www.notariosyregistradores.com\/web\/resoluciones\/por-meses\/resoluciones-dgrn-junio-2016\/#r127\"> principio de prioridad<\/a>?<\/p>\n<div id=\"attachment_25253\" style=\"width: 310px\" class=\"wp-caption alignright\"><a href=\"https:\/\/www.notariosyregistradores.com\/web\/resoluciones\/sabias-que-3\/attachment\/san_sebastian_monte_urgull_y_castillo_de_la_mota-guipuzcoa\/\"><img loading=\"lazy\" decoding=\"async\" aria-describedby=\"caption-attachment-25253\" class=\"size-medium wp-image-25253\" src=\"https:\/\/www.notariosyregistradores.com\/web\/wp-content\/uploads\/2016\/07\/San_Sebastian_Monte_Urgull_y_Castillo_de_la_Mota-Guipuzcoa-300x224.jpg\" alt=\"Monte Urgull y Castillo de la Mota en San Sebasti\u00e1n (Guipuzkoa). Por Roberto Chamoso G.\" width=\"300\" height=\"224\" srcset=\"https:\/\/www.notariosyregistradores.com\/web\/wp-content\/uploads\/2016\/07\/San_Sebastian_Monte_Urgull_y_Castillo_de_la_Mota-Guipuzcoa-300x224.jpg 300w, https:\/\/www.notariosyregistradores.com\/web\/wp-content\/uploads\/2016\/07\/San_Sebastian_Monte_Urgull_y_Castillo_de_la_Mota-Guipuzcoa-768x575.jpg 768w, https:\/\/www.notariosyregistradores.com\/web\/wp-content\/uploads\/2016\/07\/San_Sebastian_Monte_Urgull_y_Castillo_de_la_Mota-Guipuzcoa.jpg 1024w, https:\/\/www.notariosyregistradores.com\/web\/wp-content\/uploads\/2016\/07\/San_Sebastian_Monte_Urgull_y_Castillo_de_la_Mota-Guipuzcoa-500x374.jpg 500w\" sizes=\"auto, (max-width: 300px) 100vw, 300px\" \/><\/a><p id=\"caption-attachment-25253\" class=\"wp-caption-text\">Monte Urgull y Castillo de la Mota en San Sebasti\u00e1n (Guipuzkoa). Por Roberto Chamoso G.<\/p><\/div>\n<p class=\"style4\" align=\"justify\"><img loading=\"lazy\" decoding=\"async\" title=\"\" src=\"https:\/\/www.notariosyregistradores.com\/images\/punto-colores.gif\" alt=\"\" width=\"14\" height=\"14\" \/>\u00a0 771.-\u00a0Que el tracto roto en la transmisi\u00f3n de <strong>cuotas indivisas vinculadas ob rem<\/strong> puede solucionarse f\u00e1cilmente si se considera una inexactitud registral comprobable objetivamente, al deber seguir estas cuotas <a href=\"https:\/\/www.notariosyregistradores.com\/web\/resoluciones\/por-meses\/resoluciones-dgrn-junio-2016\/#r144\"> a la titularidad principal<\/a>?<\/p>\n<p class=\"style4\" align=\"justify\"><img loading=\"lazy\" decoding=\"async\" title=\"\" src=\"https:\/\/www.notariosyregistradores.com\/images\/punto-colores.gif\" alt=\"\" width=\"14\" height=\"14\" \/>\u00a0 770.-\u00a0Que, en los <strong>deslindes parciales<\/strong> s\u00f3lo se necesita georreferenciar <a href=\"https:\/\/www.notariosyregistradores.com\/web\/resoluciones\/por-meses\/resoluciones-dgrn-abril-2016\/#r109\"> esa l\u00ednea de deslinde<\/a> y que basta con que intervengan los <a href=\"https:\/\/www.notariosyregistradores.com\/web\/resoluciones\/por-meses\/resoluciones-dgrn-junio-2016\/#r164\"> propietarios directamente afectados<\/a>?<\/p>\n<p class=\"style4\" align=\"justify\"><img loading=\"lazy\" decoding=\"async\" title=\"\" src=\"https:\/\/www.notariosyregistradores.com\/images\/punto-colores.gif\" alt=\"\" width=\"14\" height=\"14\" \/>\u00a0 769.-\u00a0Que, para incluir en la <strong>denominaci\u00f3n social <\/strong>los apellidos de alguien que no es socio, <a href=\"https:\/\/www.notariosyregistradores.com\/web\/resoluciones\/por-meses\/resoluciones-dgrn-junio-2016\/#r136\"> el afectado ha de consentirlo<\/a>?\u00a0<\/p>\n<p class=\"style4\" align=\"justify\"><img loading=\"lazy\" decoding=\"async\" title=\"\" src=\"https:\/\/www.notariosyregistradores.com\/images\/punto-colores.gif\" alt=\"\" width=\"14\" height=\"14\" \/>\u00a0 768.-\u00a0Que, en las <strong>obras nuevas antiguas<\/strong> no es preciso indicar en qu\u00e9 fecha exacta concluyeron, pero que ha de quedar claro en la escritura si se opta en la declaraci\u00f3n por el r\u00e9gimen normal o por el de <a href=\"https:\/\/www.notariosyregistradores.com\/web\/resoluciones\/por-meses\/resoluciones-dgrn-junio-2016\/#r133\"> obras antiguas<\/a>?<\/p>\n<p><a id=\"767\"><\/a><img loading=\"lazy\" decoding=\"async\" title=\"\" src=\"https:\/\/www.notariosyregistradores.com\/images\/punto-colores.gif\" alt=\"\" width=\"14\" height=\"14\" \/> 767.-\u00a0Que la autorizaci\u00f3n judicial para la <strong>venta de bienes de un menor o persona con capacidad modificada judicialmente<\/strong> implica utilizar la subasta p\u00fablica, salvo que se hubiera instado la autorizaci\u00f3n por venta directa o por persona o entidad especializada, sin necesidad de subasta y<a href=\"https:\/\/www.notariosyregistradores.com\/web\/resoluciones\/por-meses\/resoluciones-dgrn-abril-2016\/#r103\" target=\"_blank\" rel=\"noopener noreferrer\" data-saferedirecturl=\"https:\/\/www.google.com\/url?hl=es&amp;q=https:\/\/www.notariosyregistradores.com\/web\/resoluciones\/por-meses\/resoluciones-dgrn-abril-2016\/%23r103&amp;source=gmail&amp;ust=1468015048345000&amp;usg=AFQjCNHJg7vA9nQtmxxlTgcqroHUVJgsAg\"> que el juez as\u00ed lo autorice<\/a>?<u><\/u><u><\/u><\/p>\n<p><img loading=\"lazy\" decoding=\"async\" title=\"\" src=\"https:\/\/www.notariosyregistradores.com\/images\/punto-colores.gif\" alt=\"\" width=\"14\" height=\"14\" \/>\u00a0 766.-\u00a0Que en la <strong>tercer\u00eda de dominio<\/strong>: el auto no es t\u00edtulo para inscribir la propiedad, <a href=\"https:\/\/www.notariosyregistradores.com\/web\/resoluciones\/por-meses\/resoluciones-dgrn-abril-2016\/#r111\" target=\"_blank\" rel=\"noopener noreferrer\" data-saferedirecturl=\"https:\/\/www.google.com\/url?hl=es&amp;q=https:\/\/www.notariosyregistradores.com\/web\/resoluciones\/por-meses\/resoluciones-dgrn-abril-2016\/%23r111&amp;source=gmail&amp;ust=1468015048345000&amp;usg=AFQjCNE8YiauPK6nmAZTEzBpg95rNbbkLg\">s\u00f3lo para cancelar el embargo<\/a>?<u><\/u><u><\/u><\/p>\n<p><img loading=\"lazy\" decoding=\"async\" title=\"\" src=\"https:\/\/www.notariosyregistradores.com\/images\/punto-colores.gif\" alt=\"\" width=\"14\" height=\"14\" \/> 765.- Que, en la <strong>herencia de un holand\u00e9s<\/strong>, el certificado notarial sucesorio tiene amplias funciones probatorias, no siendo necesario pedir certificado de defunci\u00f3n ni de \u00faltimas voluntades holand\u00e9s <a href=\"https:\/\/www.notariosyregistradores.com\/web\/resoluciones\/por-meses\/resoluciones-dgrn-abril-2016\/#r95\" target=\"_blank\" rel=\"noopener noreferrer\" data-saferedirecturl=\"https:\/\/www.google.com\/url?hl=es&amp;q=https:\/\/www.notariosyregistradores.com\/web\/resoluciones\/por-meses\/resoluciones-dgrn-abril-2016\/%23r95&amp;source=gmail&amp;ust=1468015048345000&amp;usg=AFQjCNEcdhZCbMqEuGGksqR1zuYwZ46U2g\">si resultan del certificado<\/a>?<u><\/u><u><\/u><\/p>\n<p><img loading=\"lazy\" decoding=\"async\" title=\"\" src=\"https:\/\/www.notariosyregistradores.com\/images\/punto-colores.gif\" alt=\"\" width=\"14\" height=\"14\" \/> 764.- Que no cabe conceder poder para autocontratar sobre <strong>activos sociales<\/strong> <a href=\"https:\/\/www.notariosyregistradores.com\/web\/resoluciones\/por-meses\/resoluciones-dgrn-junio-2016\/#r116\" target=\"_blank\" rel=\"noopener noreferrer\" data-saferedirecturl=\"https:\/\/www.google.com\/url?hl=es&amp;q=https:\/\/www.notariosyregistradores.com\/web\/resoluciones\/por-meses\/resoluciones-dgrn-junio-2016\/%23r116&amp;source=gmail&amp;ust=1468015048345000&amp;usg=AFQjCNFtwX4FRfIzog922eZQXZPczDPykw\">ni para donarlos<\/a>?<u><\/u><u><\/u><\/p>\n<p><img loading=\"lazy\" decoding=\"async\" title=\"\" src=\"https:\/\/www.notariosyregistradores.com\/images\/punto-colores.gif\" alt=\"\" width=\"14\" height=\"14\" \/>\u00a0 \u00a0763.-Que la <strong>partici\u00f3n hecha por el testador<\/strong>, puede estar en otro documento al que se haga referencia en el testamento, pero que ha de <a href=\"https:\/\/www.notariosyregistradores.com\/web\/resoluciones\/por-meses\/resoluciones-dgrn-abril-2016\/#r108\" target=\"_blank\" rel=\"noopener noreferrer\" data-saferedirecturl=\"https:\/\/www.google.com\/url?hl=es&amp;q=https:\/\/www.notariosyregistradores.com\/web\/resoluciones\/por-meses\/resoluciones-dgrn-abril-2016\/%23r108&amp;source=gmail&amp;ust=1468015048345000&amp;usg=AFQjCNFSna_VjZuKkANnMRofWFNRrOI-0g\">ser documento aut\u00e9ntico<\/a>?<u><\/u><u><\/u><\/p>\n<p><img loading=\"lazy\" decoding=\"async\" title=\"\" src=\"https:\/\/www.notariosyregistradores.com\/images\/punto-colores.gif\" alt=\"\" width=\"14\" height=\"14\" \/> \u00a0 762.- Que en las <strong>obras nuevas en construcci\u00f3n<\/strong> la DG no exige la georreferenciaci\u00f3n de la obra, por lo que tendr\u00e1 que hacerse con el <a href=\"https:\/\/www.notariosyregistradores.com\/web\/resoluciones\/por-meses\/resoluciones-dgrn-junio-2016\/#r133\" target=\"_blank\" rel=\"noopener noreferrer\" data-saferedirecturl=\"https:\/\/www.google.com\/url?hl=es&amp;q=https:\/\/www.notariosyregistradores.com\/web\/resoluciones\/por-meses\/resoluciones-dgrn-junio-2016\/%23r133&amp;source=gmail&amp;ust=1468015048345000&amp;usg=AFQjCNGo8b9t5BcKi1yQ14yXjpR6SOi3xQ\">fin de obra<\/a>?<\/p>\n<p class=\"style4\" align=\"justify\"><a id=\"761\"><\/a><img loading=\"lazy\" decoding=\"async\" src=\"https:\/\/www.notariosyregistradores.com\/images\/punto-colores.gif\" alt=\"\" width=\"14\" height=\"14\" border=\"0\" \/> 761.-\u00a0Que el <a href=\"https:\/\/www.notariosyregistradores.com\/NORMAS\/reglamento-hipotecario-3.htm#t6\"> T\u00edtulo VI del Reglamento Hipotecario<\/a>, \u201cDe la concordancia entre el Registro y la realidad jur\u00eddica\u201d (arts 272 al 313) debe de entenderse <a href=\"https:\/\/www.notariosyregistradores.com\/web\/resoluciones\/por-meses\/resoluciones-dgrn-diciembre-2015\/#r445\"> <strong>t\u00e1citamente derogado<\/strong> desde el 1\u00ba de noviembre de 2015<\/a>?<\/p>\n<p class=\"style4\" align=\"justify\"><img loading=\"lazy\" decoding=\"async\" src=\"https:\/\/www.notariosyregistradores.com\/images\/punto-colores.gif\" alt=\"\" width=\"14\" height=\"14\" border=\"0\" \/> 760.-\u00a0Que s\u00f3lo puede solicitar la constancia de la <strong>referencia catastral<\/strong> en el Registro quien sea titular de un derecho real en el propio Registro y no los que s\u00f3lo aparezcan <a href=\"https:\/\/www.notariosyregistradores.com\/web\/resoluciones\/por-meses\/resoluciones-dgrn-abril-2016\/#r82\"> en el Catastro<\/a>?<\/p>\n<div id=\"attachment_24096\" style=\"width: 310px\" class=\"wp-caption alignleft\"><a href=\"https:\/\/www.notariosyregistradores.com\/web\/resoluciones\/sabias-que-3\/attachment\/almendralejo_iglesia_de_la_purificacion\/\"><img loading=\"lazy\" decoding=\"async\" aria-describedby=\"caption-attachment-24096\" class=\"size-medium wp-image-24096\" src=\"https:\/\/www.notariosyregistradores.com\/web\/wp-content\/uploads\/2016\/06\/Almendralejo_Iglesia_de_la_purificacion-300x200.jpg\" alt=\"Iglesia de La Purificaci\u00f3n de Almendralejo (Badajoz). Por Creative Commons.\" width=\"300\" height=\"200\" srcset=\"https:\/\/www.notariosyregistradores.com\/web\/wp-content\/uploads\/2016\/06\/Almendralejo_Iglesia_de_la_purificacion-300x200.jpg 300w, https:\/\/www.notariosyregistradores.com\/web\/wp-content\/uploads\/2016\/06\/Almendralejo_Iglesia_de_la_purificacion-768x512.jpg 768w, https:\/\/www.notariosyregistradores.com\/web\/wp-content\/uploads\/2016\/06\/Almendralejo_Iglesia_de_la_purificacion.jpg 1024w, https:\/\/www.notariosyregistradores.com\/web\/wp-content\/uploads\/2016\/06\/Almendralejo_Iglesia_de_la_purificacion-500x333.jpg 500w\" sizes=\"auto, (max-width: 300px) 100vw, 300px\" \/><\/a><p id=\"caption-attachment-24096\" class=\"wp-caption-text\">Iglesia de La Purificaci\u00f3n de Almendralejo (Badajoz). Por Creative Commons.<\/p><\/div>\n<p class=\"style4\" align=\"justify\"><img loading=\"lazy\" decoding=\"async\" src=\"https:\/\/www.notariosyregistradores.com\/images\/punto-colores.gif\" alt=\"\" width=\"14\" height=\"14\" border=\"0\" \/> 759.-\u00a0Que el <strong>prelegatario<\/strong> precisa de la intervenci\u00f3n de los dem\u00e1s herederos para la entrega del legado, salvo que <a href=\"https:\/\/www.notariosyregistradores.com\/web\/resoluciones\/por-meses\/resoluciones-dgrn-abril-2016\/#r75\"> otra cosa diga el testador, haya albacea o est\u00e9 ya en la posesi\u00f3n del bien<\/a>?<\/p>\n<p class=\"style4\" align=\"justify\"><img loading=\"lazy\" decoding=\"async\" src=\"https:\/\/www.notariosyregistradores.com\/images\/punto-colores.gif\" alt=\"\" width=\"14\" height=\"14\" border=\"0\" \/> 758.-\u00a0Que la <strong>expresi\u00f3n manuscrita<\/strong>, seg\u00fan la DGRN, a efectos de la inscripci\u00f3n de la hipoteca, puede testimoniarla en la copia o, alternativamente, indicar expresamente que esta obligaci\u00f3n ha sido cumplida y que en la matriz <a href=\"https:\/\/www.notariosyregistradores.com\/RESOLUCIONES\/2014-OCTUBRE.htm#r345\"> figura el manuscrito exigido<\/a>?<\/p>\n<p class=\"style4\" align=\"justify\"><img loading=\"lazy\" decoding=\"async\" src=\"https:\/\/www.notariosyregistradores.com\/images\/punto-colores.gif\" alt=\"\" width=\"14\" height=\"14\" border=\"0\" \/> 757.-\u00a0Que el <strong>derecho de reversi\u00f3n<\/strong> ha de constar en el acta de inscripci\u00f3n de modo separado al inscribirse la expropiaci\u00f3n salvo que, por disposici\u00f3n legal, <a href=\"https:\/\/www.notariosyregistradores.com\/web\/resoluciones\/por-meses\/resoluciones-dgrn-abril-2016\/#r102\"> no exista en el caso concreto<\/a>?<\/p>\n<p class=\"style4\" align=\"justify\"><img loading=\"lazy\" decoding=\"async\" src=\"https:\/\/www.notariosyregistradores.com\/images\/punto-colores.gif\" alt=\"\" width=\"14\" height=\"14\" border=\"0\" \/> 756.-\u00a0Que, seg\u00fan la DGRN no es inscribible una <strong>donaci\u00f3n \u00abmortis causa\u00bb<\/strong>, que es revocable, pero si una donaci\u00f3n \u00abinter vivos\u00bb postmortem, actuando la muerte como un t\u00e9rmino inicial, <a href=\"https:\/\/www.notariosyregistradores.com\/web\/resoluciones\/por-meses\/resoluciones-dgrn-abril-2016\/#r107\"> pero siendo ya irrevocable<\/a>?<\/p>\n<p class=\"style4\" align=\"justify\"><a id=\"755\"><\/a><img loading=\"lazy\" decoding=\"async\" src=\"https:\/\/www.notariosyregistradores.com\/images\/punto-colores.gif\" alt=\"\" width=\"14\" height=\"14\" border=\"0\" \/> 755.-\u00a0Que, en las <strong>declaraciones de obra nueva,<\/strong> s\u00f3lo ser\u00e1 necesaria la inscripci\u00f3n de la representaci\u00f3n gr\u00e1fica de toda la finca cuando el registrador tenga dudas acerca de si la construcci\u00f3n se encuentra \u00edntegramente dentro del <a href=\"https:\/\/www.notariosyregistradores.com\/web\/resoluciones\/por-meses\/resoluciones-dgrn-marzo-2016\/#r36\"> recinto de la finca<\/a>?<\/p>\n<p class=\"style4\" align=\"justify\"><img loading=\"lazy\" decoding=\"async\" src=\"https:\/\/www.notariosyregistradores.com\/images\/punto-colores.gif\" alt=\"\" width=\"14\" height=\"14\" border=\"0\" \/> 754.-\u00a0Que la <strong>prueba de derecho extranjero,\u00a0<\/strong>para la inscripci\u00f3n en el registro, sigue regul\u00e1ndose por el art\u00edculo 36 del Reglamento Hipotecario tras la <a href=\"https:\/\/www.notariosyregistradores.com\/web\/resoluciones\/por-meses\/resoluciones-dgrn-marzo-2016\/#r56\"> Ley de Cooperaci\u00f3n jur\u00eddica internacional<\/a>?<\/p>\n<div id=\"attachment_23101\" style=\"width: 310px\" class=\"wp-caption alignright\"><a href=\"https:\/\/www.notariosyregistradores.com\/web\/resoluciones\/sabias-que-3\/attachment\/olite_navarra_castillo\/\"><img loading=\"lazy\" decoding=\"async\" aria-describedby=\"caption-attachment-23101\" class=\"size-medium wp-image-23101\" src=\"https:\/\/www.notariosyregistradores.com\/web\/wp-content\/uploads\/2016\/05\/Olite_Navarra_Castillo-300x177.jpg\" alt=\"Castillo de Olite (Navarra)\" width=\"300\" height=\"177\" \/><\/a><p id=\"caption-attachment-23101\" class=\"wp-caption-text\">Castillo de Olite (Navarra)<\/p><\/div>\n<p class=\"style4\" align=\"justify\"><img loading=\"lazy\" decoding=\"async\" src=\"https:\/\/www.notariosyregistradores.com\/images\/punto-colores.gif\" alt=\"\" width=\"14\" height=\"14\" border=\"0\" \/> 753.-\u00a0Que la FIPER puede tener la consideraci\u00f3n de <strong>oferta vinculante<\/strong>, si en ella se dice as\u00ed expresamente y se fija el <a href=\"https:\/\/www.notariosyregistradores.com\/informes\/informe205.htm#sb\">plazo de vigencia<\/a>?<\/p>\n<p class=\"style4\" align=\"justify\"><img loading=\"lazy\" decoding=\"async\" src=\"https:\/\/www.notariosyregistradores.com\/images\/punto-colores.gif\" alt=\"\" width=\"14\" height=\"14\" border=\"0\" \/> 752.-\u00a0Que el <strong>derecho de opci\u00f3n conexo<\/strong> con otro negocio es configurable pero ha de constar el <a href=\"https:\/\/www.notariosyregistradores.com\/web\/?p=21849#r93\">plazo de ejercicio<\/a>?<\/p>\n<p class=\"style4\" align=\"justify\"><img loading=\"lazy\" decoding=\"async\" src=\"https:\/\/www.notariosyregistradores.com\/images\/punto-colores.gif\" alt=\"\" width=\"14\" height=\"14\" border=\"0\" \/> 751.-\u00a0Que un <strong>Consejo de Administraci\u00f3n con vacantes<\/strong> puede convocar Junta General, si los miembros convocantes favorables supondr\u00edan mayor\u00eda suficiente <a href=\"https:\/\/www.notariosyregistradores.com\/web\/resoluciones\/por-meses\/resoluciones-dgrn-abril-2016\/#r83\"> de estar el Consejo completo<\/a>?<\/p>\n<p class=\"style4\" align=\"justify\"><img loading=\"lazy\" decoding=\"async\" src=\"https:\/\/www.notariosyregistradores.com\/images\/punto-colores.gif\" alt=\"\" width=\"14\" height=\"14\" border=\"0\" \/> 750.-\u00a0Que, si una <strong>segregaci\u00f3n antigua<\/strong> supera la cabida actual de la finca, puede solicitarse que se reduzca a la <a href=\"https:\/\/www.notariosyregistradores.com\/web\/resoluciones\/por-meses\/resoluciones-dgrn-marzo-2016\/#r51\"> cabida que queda<\/a>?<\/p>\n<p class=\"style4\" align=\"justify\"><a id=\"749\"><\/a><img loading=\"lazy\" decoding=\"async\" src=\"https:\/\/www.notariosyregistradores.com\/images\/punto-colores.gif\" alt=\"\" width=\"14\" height=\"14\" border=\"0\" \/> 749.-\u00a0Que los <strong>intereses remuneratorios<\/strong> no pueden ser considerados abusivos por ser el precio pactado del negocio, pero s\u00ed que pueden ser considerados <strong>usurarios<\/strong> por los Tribunales <a href=\"https:\/\/www.notariosyregistradores.com\/web\/secciones\/oficina-mercantil\/informes-mensuales-o-m\/informe-enero-2016-registros-mercantiles\/#interes-usurario\"> si consideran de aplicaci\u00f3n la Ley Azc\u00e1rate<\/a>?<\/p>\n<div id=\"attachment_22712\" style=\"width: 310px\" class=\"wp-caption alignleft\"><a href=\"https:\/\/www.notariosyregistradores.com\/web\/resoluciones\/sabias-que-3\/attachment\/luna_de_menorca-silvia\/\"><img loading=\"lazy\" decoding=\"async\" aria-describedby=\"caption-attachment-22712\" class=\"size-medium wp-image-22712\" src=\"https:\/\/www.notariosyregistradores.com\/web\/wp-content\/uploads\/2016\/05\/Luna_de_Menorca-Silvia-300x247.jpg\" alt=\"Luna en Menorca. Por Silvia N\u00fa\u00f1ez.\" width=\"300\" height=\"248\" srcset=\"https:\/\/www.notariosyregistradores.com\/web\/wp-content\/uploads\/2016\/05\/Luna_de_Menorca-Silvia-300x247.jpg 300w, https:\/\/www.notariosyregistradores.com\/web\/wp-content\/uploads\/2016\/05\/Luna_de_Menorca-Silvia-500x412.jpg 500w, https:\/\/www.notariosyregistradores.com\/web\/wp-content\/uploads\/2016\/05\/Luna_de_Menorca-Silvia.jpg 744w\" sizes=\"auto, (max-width: 300px) 100vw, 300px\" \/><\/a><p id=\"caption-attachment-22712\" class=\"wp-caption-text\">Luna en Menorca. Por Silvia N\u00fa\u00f1ez.<\/p><\/div>\n<p class=\"style4\" align=\"justify\"><img loading=\"lazy\" decoding=\"async\" src=\"https:\/\/www.notariosyregistradores.com\/images\/punto-colores.gif\" alt=\"\" width=\"14\" height=\"14\" border=\"0\" \/> 748.-\u00a0Que la <strong>anotaci\u00f3n preventiva por imposibilidad del Registrador<\/strong> (<a href=\"https:\/\/www.notariosyregistradores.com\/web\/normas\/ley-hipotecaria\/#a42\">42.9 LH<\/a>) se aplica a los casos en que el expediente del\u00a0<a href=\"https:\/\/www.notariosyregistradores.com\/web\/normas\/ley-hipotecaria\/#a199\">art. 199 LH<\/a> (para inscribir representaciones gr\u00e1ficas)\u00a0no pueda concluir antes de\u00a0<a href=\"https:\/\/www.notariosyregistradores.com\/web\/secciones\/oficina-registral\/varios-o-r\/resolucion-circular-dgrn-que-interpreta-la-ley\/#procedimiento-del-articulo-199-de-la-ley-hipotecaria\">finalizar el asiento de presentaci\u00f3n<\/a>?<\/p>\n<p class=\"style4\" align=\"justify\"><img loading=\"lazy\" decoding=\"async\" src=\"https:\/\/www.notariosyregistradores.com\/images\/punto-colores.gif\" alt=\"\" width=\"14\" height=\"14\" border=\"0\" \/> 747.-\u00a0Que si, en la escritura de <strong>venta de una vivienda arrendada,<\/strong> el vendedor manifiesta que el arrendatario renunci\u00f3 en el contrato de arrendamiento al derecho de adquisici\u00f3n preferente, seg\u00fan la DGRN, ello es suficiente para poder inscribir la compra <a href=\"https:\/\/www.notariosyregistradores.com\/web\/resoluciones\/por-meses\/resoluciones-dgrn-febrero-2016\/#r13\"> si el arrendamiento no est\u00e1 inscrito<\/a>?<\/p>\n<p class=\"style4\" align=\"justify\"><img loading=\"lazy\" decoding=\"async\" src=\"https:\/\/www.notariosyregistradores.com\/images\/punto-colores.gif\" alt=\"\" width=\"14\" height=\"14\" border=\"0\" \/> 746.-\u00a0Que no cabe <strong>derecho de uso familiar<\/strong> <a href=\"https:\/\/www.notariosyregistradores.com\/web\/resoluciones\/por-meses\/resoluciones-dgrn-febrero-2016\/#r20\"> por cuotas indivisas<\/a>?<\/p>\n<p class=\"style4\" align=\"justify\"><img loading=\"lazy\" decoding=\"async\" src=\"https:\/\/www.notariosyregistradores.com\/images\/punto-colores.gif\" alt=\"\" width=\"14\" height=\"14\" border=\"0\" \/> 745.-\u00a0Que, para <strong>convertir una anotaci\u00f3n preventiva de embargo preventivo <\/strong>en una de embargo ejecutivo ha de emplearse, seg\u00fan la DGRN, una nueva anotaci\u00f3n y <a href=\"https:\/\/www.notariosyregistradores.com\/web\/resoluciones\/por-meses\/resoluciones-dgrn-febrero-2016\/#r18\"> no una nota marginal<\/a>?<\/p>\n<p class=\"style4\" align=\"justify\"><img loading=\"lazy\" decoding=\"async\" src=\"https:\/\/www.notariosyregistradores.com\/images\/punto-colores.gif\" alt=\"\" width=\"14\" height=\"14\" border=\"0\" \/> 744.-\u00a0Que el \u00f3rgano de administraci\u00f3n puede acordar el <strong>traslado del domicilio de la sociedad<\/strong> a <a href=\"https:\/\/www.notariosyregistradores.com\/web\/resoluciones\/por-meses\/resoluciones-dgrn-febrero-2016\/#r31\"> cualquier parte del territorio nacional<\/a>?<\/p>\n<p class=\"style4\" align=\"justify\"><a id=\"743\"><\/a><img loading=\"lazy\" decoding=\"async\" src=\"https:\/\/www.notariosyregistradores.com\/images\/punto-colores.gif\" alt=\"\" width=\"14\" height=\"14\" border=\"0\" \/> 743.-\u00a0Que, para ejecutar una hipoteca por el <strong>procedimiento ejecutivo ordinario<\/strong> ha de practicarse anotaci\u00f3n de embargo, porque, sino, el registrador no puede practicar la <a href=\"https:\/\/www.notariosyregistradores.com\/web\/resoluciones\/por-meses\/resoluciones-dgrn-diciembre-2015\/#r483\"> nota marginal de emisi\u00f3n de certificaci\u00f3n de cargas<\/a>?<\/p>\n<p class=\"style4\" align=\"justify\"><img loading=\"lazy\" decoding=\"async\" src=\"https:\/\/www.notariosyregistradores.com\/images\/punto-colores.gif\" alt=\"\" width=\"14\" height=\"14\" border=\"0\" \/> 742.-\u00a0Que los <strong>derechos de uso y habitaci\u00f3n<\/strong> son hipotecables si as\u00ed se desprende del t\u00edtulo constitutivo o si lo <a href=\"https:\/\/www.notariosyregistradores.com\/web\/resoluciones\/por-meses\/resoluciones-dgrn-diciembre-2015\/#r474\"> consiente el propietario<\/a>?<\/p>\n<div id=\"attachment_22072\" style=\"width: 298px\" class=\"wp-caption alignright\"><a href=\"https:\/\/www.notariosyregistradores.com\/web\/resoluciones\/sabias-que-3\/attachment\/campo_de_criptana_museo_molino_cariari\/\"><img loading=\"lazy\" decoding=\"async\" aria-describedby=\"caption-attachment-22072\" class=\"size-medium wp-image-22072\" src=\"https:\/\/www.notariosyregistradores.com\/web\/wp-content\/uploads\/2016\/04\/Campo_de_Criptana_Museo_Molino_Cariari-288x300.jpg\" alt=\"Museo Enrique Alarc\u00f3n en el Molino Cariari de Campo de Criptana (Ciudad Real). JFME. Pinchar para ver m\u00e1s grande.\" width=\"288\" height=\"300\" \/><\/a><p id=\"caption-attachment-22072\" class=\"wp-caption-text\">Museo Enrique Alarc\u00f3n en el Molino Cariari de Campo de Criptana (Ciudad Real). JFME. Pinchar para ver m\u00e1s grande.<\/p><\/div>\n<p class=\"style4\" align=\"justify\"><img loading=\"lazy\" decoding=\"async\" src=\"https:\/\/www.notariosyregistradores.com\/images\/punto-colores.gif\" alt=\"\" width=\"14\" height=\"14\" border=\"0\" \/> 741.-\u00a0Que, seg\u00fan la DGRN, para que un registrador pueda rechazar la inscripci\u00f3n de una cl\u00e1usula hipotecaria, en <strong>protecci\u00f3n de los consumidores<\/strong>, ha de ser, bien por haber sido declarada abusiva, preferentemente por el Tribunal Supremo -a pesar de no haberse inscrito en el RCGC-, bien porque el car\u00e1cter abusivo de la cl\u00e1usula pueda ser apreciado directamente por el registrador de forma objetiva (lista negra <a href=\"http:\/\/www.boe.es\/buscar\/act.php?id=BOE-A-2007-20555&amp;tn=1&amp;p=20150703&amp;vd=#a85\"> arts 85 a 90 <\/a>LGDCyU) o bien por <a href=\"https:\/\/www.notariosyregistradores.com\/web\/normas\/ley-hipotecaria\/#a114\"> vulnerar una norma espec\u00edfica<\/a>, <a href=\"http:\/\/www.poderjudicial.es\/search\/doAction?action=contentpdf&amp;databasematch=TS&amp;reference=6905104&amp;links=apud%20acta&amp;optimize=20131211&amp;publicinterface=true\" target=\"_blank\" rel=\"noopener noreferrer\"> considerando el TS<\/a> que no pueden colaborar los funcionarios en t\u00edtulos jur\u00eddicos evidentemente nulos? (ver el muy interesante <a href=\"http:\/\/www.boe.es\/diario_boe\/txt.php?id=BOE-A-2015-13107\">apartado 5 R. 10 de noviembre de 2015<\/a>)<\/p>\n<p class=\"style4\" align=\"justify\"><img loading=\"lazy\" decoding=\"async\" src=\"https:\/\/www.notariosyregistradores.com\/images\/punto-colores.gif\" alt=\"\" width=\"14\" height=\"14\" border=\"0\" \/> 740.-\u00a0Que es preciso el <strong><a href=\"https:\/\/www.notariosyregistradores.com\/web\/resoluciones\/por-meses\/resoluciones-dgrn-diciembre-2015\/#r466\">visado colegial<\/a><\/strong> cuando el t\u00e9cnico competente no sea ni el autor ni el director de la obra?<\/p>\n<p class=\"style4\" align=\"justify\"><img loading=\"lazy\" decoding=\"async\" src=\"https:\/\/www.notariosyregistradores.com\/images\/punto-colores.gif\" alt=\"\" width=\"14\" height=\"14\" border=\"0\" \/> 739.-\u00a0Que, el que ha de decidir si una <strong>sociedad de responsabilidad limitada entra en litigio<\/strong> es el administrador, salvo que los estatutos digan que es l<a href=\"https:\/\/www.notariosyregistradores.com\/web\/secciones\/oficina-mercantil\/informes-mensuales-o-m\/informe-diciembre-2015-registros-mercantiles\/#8212-sobre-las-facultades-de-los-administradores-para-litigar-y-los-estatutos-sociales\">a junta general<\/a>?<\/p>\n<p class=\"style4\" align=\"justify\"><img loading=\"lazy\" decoding=\"async\" src=\"https:\/\/www.notariosyregistradores.com\/images\/punto-colores.gif\" alt=\"\" width=\"14\" height=\"14\" border=\"0\" \/> 738.-\u00a0Que la DGRN ha admitido l<strong>a aceptaci\u00f3n t\u00e1cita de donaci\u00f3n<\/strong> en la propia escritura, <a href=\"https:\/\/www.notariosyregistradores.com\/resoluciones\/2002-ENERO.htm#r3\"> si \u00e9sta es evidente<\/a>?<\/p>\n<p class=\"style4\" style=\"text-align: justify;\" align=\"justify\"><a id=\"737\"><\/a><img loading=\"lazy\" decoding=\"async\" src=\"https:\/\/www.notariosyregistradores.com\/images\/punto-colores.gif\" alt=\"\" width=\"14\" height=\"14\" border=\"0\" \/> 737.-\u00a0Que el \u00e1mbito de <strong>representaci\u00f3n de los administradores<\/strong> cara a terceros <a href=\"https:\/\/www.notariosyregistradores.com\/web\/resoluciones\/por-meses\/resoluciones-dgrn-octubre-2015\/#350-el-ambito-de-representacion-de-los-administradores-no-es-limitable-estatutariamente\"> no es limitable estatutariamente<\/a>?<\/p>\n<p class=\"style4\" style=\"text-align: justify;\" align=\"justify\"><img loading=\"lazy\" decoding=\"async\" src=\"https:\/\/www.notariosyregistradores.com\/images\/punto-colores.gif\" alt=\"\" width=\"14\" height=\"14\" border=\"0\" \/> 736.-\u00a0Que, para computar los <strong>plazos por d\u00edas h\u00e1biles,<\/strong> hay que determinar si son plazos procedimentales, procesales o sustantivamente civiles, <a href=\"https:\/\/www.notariosyregistradores.com\/web\/secciones\/oficina-mercantil\/informes-mensuales-o-m\/informe-octubre-2015-registros-mercantiles\/#computo-de-plazos-por-dias-habiles\"> pues tienen distinto tratamiento<\/a>?<\/p>\n<div id=\"attachment_19617\" style=\"width: 310px\" class=\"wp-caption alignleft\"><a href=\"https:\/\/www.notariosyregistradores.com\/web\/resoluciones\/sabias-que-3\/attachment\/ordesa\/\"><img loading=\"lazy\" decoding=\"async\" aria-describedby=\"caption-attachment-19617\" class=\"size-medium wp-image-19617\" src=\"https:\/\/www.notariosyregistradores.com\/web\/wp-content\/uploads\/2016\/03\/Ordesa-300x225.jpg\" alt=\"Ordesa (Huesca). Por Omar Cercera Gil\" width=\"300\" height=\"225\" srcset=\"https:\/\/www.notariosyregistradores.com\/web\/wp-content\/uploads\/2016\/03\/Ordesa-300x225.jpg 300w, https:\/\/www.notariosyregistradores.com\/web\/wp-content\/uploads\/2016\/03\/Ordesa-768x576.jpg 768w, https:\/\/www.notariosyregistradores.com\/web\/wp-content\/uploads\/2016\/03\/Ordesa-500x375.jpg 500w, https:\/\/www.notariosyregistradores.com\/web\/wp-content\/uploads\/2016\/03\/Ordesa.jpg 873w\" sizes=\"auto, (max-width: 300px) 100vw, 300px\" \/><\/a><p id=\"caption-attachment-19617\" class=\"wp-caption-text\">Ordesa (Huesca). Por Omar Cervera Gil<\/p><\/div>\n<p class=\"style4\" style=\"text-align: justify;\" align=\"justify\"><img loading=\"lazy\" decoding=\"async\" src=\"https:\/\/www.notariosyregistradores.com\/images\/punto-colores.gif\" alt=\"\" width=\"14\" height=\"14\" border=\"0\" \/> 735.-\u00a0Que la <strong>nota marginal de expedici\u00f3n de certificaci\u00f3n de cargas<\/strong> para un procedimiento de ejecuci\u00f3n hipotecaria interrumpe el plazo de prescripci\u00f3n y puede impedir la <a href=\"https:\/\/www.notariosyregistradores.com\/web\/?p=10710#r418\">cancelaci\u00f3n por caducidad de la hipoteca<\/a>?<\/p>\n<p class=\"style4\" style=\"text-align: justify;\" align=\"justify\"><img loading=\"lazy\" decoding=\"async\" src=\"https:\/\/www.notariosyregistradores.com\/images\/punto-colores.gif\" alt=\"\" width=\"14\" height=\"14\" border=\"0\" \/> 734.-\u00a0Que es posible el <strong>usufructo sobre la nuda propiedad<\/strong> y que <a href=\"https:\/\/www.notariosyregistradores.com\/web\/secciones\/doctrina\/articulos-doctrina\/usufructo-sobre-nuda-propiedad\/\"> es inscribible<\/a>?<\/p>\n<p class=\"style4\" style=\"text-align: justify;\" align=\"justify\"><img loading=\"lazy\" decoding=\"async\" src=\"https:\/\/www.notariosyregistradores.com\/images\/punto-colores.gif\" alt=\"\" width=\"14\" height=\"14\" border=\"0\" \/> 733.-\u00a0Que la <strong>pr\u00f3rroga de una anotaci\u00f3n de embargo<\/strong> anterior al concurso puede ser ordenada por la misma autoridad que, en su <a href=\"https:\/\/www.notariosyregistradores.com\/resoluciones\/2013-JULIO.htm#r250\"> d\u00eda dispuso el embargo<\/a>?<\/p>\n<p class=\"style4\" style=\"text-align: justify;\" align=\"justify\"><img loading=\"lazy\" decoding=\"async\" src=\"https:\/\/www.notariosyregistradores.com\/images\/punto-colores.gif\" alt=\"\" width=\"14\" height=\"14\" border=\"0\" \/> 732.-\u00a0Que, cuando adquieren dos c\u00f3nyuges de distinta nacionalidad ha de especificarse la nacionalidad de su r\u00e9gimen y, de ser la espa\u00f1ola, <a href=\"https:\/\/www.notariosyregistradores.com\/web\/resoluciones\/por-meses\/resoluciones-dgrn-diciembre-2015\/#r470\"> cu\u00e1l en concreto<\/a>?<\/p>\n<p class=\"style4\" style=\"text-align: justify;\" align=\"justify\"><a id=\"731\"><\/a><img loading=\"lazy\" decoding=\"async\" src=\"https:\/\/www.notariosyregistradores.com\/images\/punto-colores.gif\" alt=\"\" width=\"14\" height=\"14\" border=\"0\" \/> 731.-\u00a0Que no cabe la <strong>revocaci\u00f3n de poder<\/strong> por uno solo de los <a href=\"https:\/\/www.notariosyregistradores.com\/web\/resoluciones\/por-meses\/resoluciones-dgrn-octubre-2015\/#347-revocacion-de-poder-por-uno-de-los-dos-administradores-mancomunados-no-es-posible\"> administradores mancomunados<\/a>?<\/p>\n<p class=\"style4\" style=\"text-align: justify;\" align=\"justify\"><img loading=\"lazy\" decoding=\"async\" src=\"https:\/\/www.notariosyregistradores.com\/images\/punto-colores.gif\" alt=\"\" width=\"14\" height=\"14\" border=\"0\" \/> 730.-\u00a0Que, para poder <strong>cancelar\u00a0cargas anteriores a la declaraci\u00f3n del concurso<\/strong> de acreedores, una vez abierta la fase de liquidaci\u00f3n, es preciso a) que la decrete el juez del concurso b) que el mantenimiento de los embargos trabados dificulte gravemente la continuidad de la actividad profesional o empresarial del concursado, y c) la audiencia previa de los acreedores afectados o notificaci\u00f3n a los titulares de derechos y cargas<a href=\"https:\/\/www.notariosyregistradores.com\/web\/resoluciones\/por-meses\/resoluciones-dgrn-agosto-2015\/#r243\"> que han de cancelarse<\/a>?<\/p>\n<div id=\"attachment_16864\" style=\"width: 310px\" class=\"wp-caption alignright\"><a href=\"https:\/\/www.notariosyregistradores.com\/web\/resoluciones\/sabias-que-3\/attachment\/daroca_santo_domingo_de_silos\/\"><img loading=\"lazy\" decoding=\"async\" aria-describedby=\"caption-attachment-16864\" class=\"size-medium wp-image-16864\" src=\"https:\/\/www.notariosyregistradores.com\/web\/wp-content\/uploads\/2016\/02\/Daroca_Santo_Domingo_de_Silos-300x225.jpg\" alt=\"Daroca (Zaragoza). Iglesia de Santo Domingo de Silos. Por Zarateman.\" width=\"300\" height=\"225\" srcset=\"https:\/\/www.notariosyregistradores.com\/web\/wp-content\/uploads\/2016\/02\/Daroca_Santo_Domingo_de_Silos-300x225.jpg 300w, https:\/\/www.notariosyregistradores.com\/web\/wp-content\/uploads\/2016\/02\/Daroca_Santo_Domingo_de_Silos-768x576.jpg 768w, https:\/\/www.notariosyregistradores.com\/web\/wp-content\/uploads\/2016\/02\/Daroca_Santo_Domingo_de_Silos.jpg 1024w, https:\/\/www.notariosyregistradores.com\/web\/wp-content\/uploads\/2016\/02\/Daroca_Santo_Domingo_de_Silos-500x375.jpg 500w\" sizes=\"auto, (max-width: 300px) 100vw, 300px\" \/><\/a><p id=\"caption-attachment-16864\" class=\"wp-caption-text\">Daroca (Zaragoza). Iglesia de Santo Domingo de Silos. Por Zarateman.<\/p><\/div>\n<p class=\"style4\" style=\"text-align: justify;\" align=\"justify\"><img loading=\"lazy\" decoding=\"async\" src=\"https:\/\/www.notariosyregistradores.com\/images\/punto-colores.gif\" alt=\"\" width=\"14\" height=\"14\" border=\"0\" \/> 729.-\u00a0Que para facilitar la <strong>transmisi\u00f3n de los valores negociables representados por anotaciones en cuenta<\/strong>, la entidad responsable del registro contable podr\u00e1 expedir unos certificados \u00fanicos, con periodo de vigencia, provocando que el saldo de valores\u00a0sobre el que est\u00e9 expedido el certificado <a href=\"https:\/\/www.notariosyregistradores.com\/web\/normas\/informes-mensuales\/informe-253-boe-octubre-2015\/#valores-negociables-representados-por-anotaciones-en-cuenta\"> quede\u00a0<\/a><a href=\"https:\/\/www.notariosyregistradores.com\/web\/normas\/informes-mensuales\/informe-253-boe-octubre-2015\/#valores-negociables-representados-por-anotaciones-en-cuenta\">inmovilizado<\/a>?<\/p>\n<p class=\"style4\" style=\"text-align: justify;\" align=\"justify\"><img loading=\"lazy\" decoding=\"async\" src=\"https:\/\/www.notariosyregistradores.com\/images\/punto-colores.gif\" alt=\"\" width=\"14\" height=\"14\" border=\"0\" \/> 728.-\u00a0Que, para cancelar la <strong>carga modal<\/strong>, es preciso el consentimiento de los afectados o decisi\u00f3n judicial, al exceder de la calificaci\u00f3n del registrador normalmente, <a href=\"https:\/\/www.notariosyregistradores.com\/web\/resoluciones\/por-meses\/resoluciones-dgrn-noviembre-2015\/#r401\"> si es de imposible cumplimiento<\/a>?<\/p>\n<p class=\"style4\" align=\"justify\"><img loading=\"lazy\" decoding=\"async\" src=\"https:\/\/www.notariosyregistradores.com\/images\/punto-colores.gif\" alt=\"\" width=\"14\" height=\"14\" border=\"0\" \/> 727.-\u00a0Que la falta de <strong>dep\u00f3sito de cuentas<\/strong> de un a\u00f1o, aunque sea por defectos, i<a href=\"https:\/\/www.notariosyregistradores.com\/web\/resoluciones\/por-meses\/resoluciones-dgrn-octubre-2015\/#r377\">mpide la del siguiente<\/a>?<\/p>\n<p class=\"style4\" align=\"justify\"><img loading=\"lazy\" decoding=\"async\" src=\"https:\/\/www.notariosyregistradores.com\/images\/punto-colores.gif\" alt=\"\" width=\"14\" height=\"14\" border=\"0\" \/> 726.-\u00a0Que el <strong>NIPO<\/strong> es el n\u00famero que identifica una publicaci\u00f3n oficial concreta de la Administraci\u00f3n General del Estado, <a href=\"https:\/\/www.notariosyregistradores.com\/web\/normas\/informes-mensuales\/informe-254-boe-noviembre-2015\/#nipo-numero-de-identificacion-de-publicaciones-oficiales\"> sus organismos y entidades vinculadas o dependientes<\/a>?<\/p>\n<p class=\"style4\" align=\"justify\"><a id=\"725\"><\/a><img loading=\"lazy\" decoding=\"async\" src=\"https:\/\/www.notariosyregistradores.com\/images\/punto-colores.gif\" alt=\"\" width=\"14\" height=\"14\" border=\"0\" \/> 725.-\u00a0Que, para inscribir la <strong>ejecuci\u00f3n hipotecaria de la vivienda habitual<\/strong> la DGRN exige <a href=\"https:\/\/www.notariosyregistradores.com\/web\/resoluciones\/por-meses\/resoluciones-dgrn-septiembre-2015\/#r309\"> certificado de deuda pendiente<\/a>?<\/p>\n<p class=\"style4\" align=\"justify\"><img loading=\"lazy\" decoding=\"async\" src=\"https:\/\/www.notariosyregistradores.com\/images\/punto-colores.gif\" alt=\"\" width=\"14\" height=\"14\" border=\"0\" \/> 724.-\u00a0Que, para la DGRN, la <strong>sustituci\u00f3n de residuo<\/strong> es una verdadera sustituci\u00f3n fideicomisaria y que no tiene que ser necesariamente condicional, dependiendo ello de la <a href=\"https:\/\/www.notariosyregistradores.com\/web\/?p=9555#r279\">voluntad del causante<\/a>?\u00a0<\/p>\n<p class=\"style4\" align=\"justify\"><img loading=\"lazy\" decoding=\"async\" src=\"https:\/\/www.notariosyregistradores.com\/images\/punto-colores.gif\" alt=\"\" width=\"14\" height=\"14\" border=\"0\" \/> 723.-\u00a0Que los bienes, instrumentos y ganancias <strong>decomisados<\/strong> por resoluci\u00f3n firme, salvo que deban ser destinados al pago de indemnizaciones a las v\u00edctimas, <a href=\"http:\/\/www.boe.es\/buscar\/act.php?id=BOE-A-1995-25444&amp;tn=1&amp;p=20150428&amp;vd=#a127octies\" target=\"_blank\" rel=\"noopener noreferrer\"> ser\u00e1n adjudicados al Estado<\/a>?<\/p>\n<p class=\"style4\" align=\"justify\"><span style=\"font-size: 10pt;\"><img loading=\"lazy\" decoding=\"async\" src=\"https:\/\/www.notariosyregistradores.com\/images\/punto-colores.gif\" alt=\"\" width=\"14\" height=\"14\" border=\"0\" \/> 722.- Que muchas\u00a0<a href=\"https:\/\/www.notariosyregistradores.com\/web\/normas\/destacadas\/resumen-de-la-ley-que-reforma-la-ley-de-enjuiciamiento-civil-y-la-prescripcion\/#12-art-1964-del-codigo-civil\"><strong>condiciones resolutorias<\/strong> podr\u00e1n cancelarse por caducidad a los seis a\u00f1os,<\/a>\u00a0<\/span><span style=\"font-size: 10pt;\"><a href=\"https:\/\/www.notariosyregistradores.com\/web\/normas\/destacadas\/resumen-de-la-ley-que-reforma-la-ley-de-enjuiciamiento-civil-y-la-prescripcion\/#12-art-1964-del-codigo-civil\">en vez de a los diecis\u00e9is<\/a> a partir del 7 de octubre del 2021?<\/span><\/p>\n<div id=\"attachment_15316\" style=\"width: 310px\" class=\"wp-caption alignleft\"><a href=\"https:\/\/www.notariosyregistradores.com\/web\/resoluciones\/sabias-que-3\/attachment\/carrion_de_los_condes_san_zoilo_claustro\/\" target=\"_blank\" rel=\"noopener noreferrer\"><img loading=\"lazy\" decoding=\"async\" aria-describedby=\"caption-attachment-15316\" class=\"size-medium wp-image-15316\" src=\"https:\/\/www.notariosyregistradores.com\/web\/wp-content\/uploads\/2016\/02\/Carri\u00f3n_de_Los_Condes_San_Zoilo_Claustro-300x150.jpg\" alt=\"Claustro de San Zoilo en Carri\u00f3n de los Condes (Palencia). Por Valdavia.\" width=\"300\" height=\"150\" srcset=\"https:\/\/www.notariosyregistradores.com\/web\/wp-content\/uploads\/2016\/02\/Carri\u00f3n_de_Los_Condes_San_Zoilo_Claustro-300x150.jpg 300w, https:\/\/www.notariosyregistradores.com\/web\/wp-content\/uploads\/2016\/02\/Carri\u00f3n_de_Los_Condes_San_Zoilo_Claustro-768x385.jpg 768w, https:\/\/www.notariosyregistradores.com\/web\/wp-content\/uploads\/2016\/02\/Carri\u00f3n_de_Los_Condes_San_Zoilo_Claustro.jpg 1024w, https:\/\/www.notariosyregistradores.com\/web\/wp-content\/uploads\/2016\/02\/Carri\u00f3n_de_Los_Condes_San_Zoilo_Claustro-500x250.jpg 500w\" sizes=\"auto, (max-width: 300px) 100vw, 300px\" \/><\/a><p id=\"caption-attachment-15316\" class=\"wp-caption-text\">Claustro de San Zoilo en Carri\u00f3n de los Condes (Palencia). Por Valdavia.<\/p><\/div>\n<p class=\"style4\" align=\"justify\"><img loading=\"lazy\" decoding=\"async\" src=\"https:\/\/www.notariosyregistradores.com\/images\/punto-colores.gif\" alt=\"\" width=\"14\" height=\"14\" border=\"0\" \/> 721.-\u00a0Que el <strong>Suplemento de notificaciones<\/strong> permanecer\u00e1 libremente accesible en la sede electr\u00f3nica de la Agencia Estatal Bolet\u00edn Oficial del Estado durante un plazo de <strong>tres meses<\/strong> desde su publicaci\u00f3n, transcurrido el cual se requerir\u00e1 el c\u00f3digo de verificaci\u00f3n del correspondiente anuncio de notificaci\u00f3n, que tendr\u00e1 <a href=\"https:\/\/www.notariosyregistradores.com\/web\/participa\/noticias\/tablon-edictal-unico\/#real-decreto385-2015-de-22-de-mayo\"> car\u00e1cter \u00fanico y no previsible<\/a>?<\/p>\n<p class=\"style4\" align=\"justify\"><img loading=\"lazy\" decoding=\"async\" src=\"https:\/\/www.notariosyregistradores.com\/images\/punto-colores.gif\" alt=\"\" width=\"14\" height=\"14\" border=\"0\" \/> 720.-\u00a0Que se puede inscribir una escritura de <strong>hipoteca en favor de la Hacienda P\u00fablica<\/strong> sin certificado de tasaci\u00f3n, pues no lo exige el <a href=\"https:\/\/www.notariosyregistradores.com\/web\/resoluciones\/por-meses\/resoluciones-dgrn-octubre-2015\/#r385\"> procedimiento de apremio especial<\/a>?<\/p>\n<p class=\"style4\" align=\"justify\"><a id=\"719\"><\/a><img loading=\"lazy\" decoding=\"async\" src=\"https:\/\/www.notariosyregistradores.com\/images\/punto-colores.gif\" alt=\"\" width=\"14\" height=\"14\" border=\"0\" \/> 719.-\u00a0Que la <strong>anotaci\u00f3n preventiva de derecho hereditario<\/strong> decae si la finca se adjudica a otro heredero, sin perjuicio de los derechos de los acreedores a<a href=\"https:\/\/www.notariosyregistradores.com\/web\/resoluciones\/por-meses\/resoluciones-dgrn-agosto-2015\/#r262\"> impugnar la partici\u00f3n<\/a>?<\/p>\n<p class=\"style4\" align=\"justify\"><img loading=\"lazy\" decoding=\"async\" src=\"https:\/\/www.notariosyregistradores.com\/images\/punto-colores.gif\" alt=\"\" width=\"14\" height=\"14\" border=\"0\" \/> 718.-\u00a0Que los <strong>sefard\u00edes<\/strong> que quieran adquirir la nacionalidad espa\u00f1ola no tienen que renunciar a la previa y que han de viajar a Espa\u00f1a para comparecer ante el Notario que <a href=\"https:\/\/www.notariosyregistradores.com\/web\/secciones\/internacional\/varios-inter\/concesion-de-la-nacionalidad-espanola-a-los-sefardies-originarios-de-espana\/\">instruye el acta de notoriedad<\/a>?<\/p>\n<p class=\"style4\" align=\"justify\"><img loading=\"lazy\" decoding=\"async\" src=\"https:\/\/www.notariosyregistradores.com\/images\/punto-colores.gif\" alt=\"\" width=\"14\" height=\"14\" border=\"0\" \/> 717.-\u00a0Que las <strong>acciones personales <\/strong>que no tengan plazo especial <strong>prescriben a los cinco a\u00f1os <\/strong>desde que pueda exigirse el cumplimiento de la obligaci\u00f3n, tras la reforma del art\u00edculo 1964 del C\u00f3digo Civil que entr\u00f3 en vigor el 7 de octubre de 2015, pero que las acciones anteriores a esa ley <a href=\"https:\/\/www.notariosyregistradores.com\/web\/normas\/destacadas\/resumen-de-la-ley-que-reforma-la-ley-de-enjuiciamiento-civil-y-la-prescripcion\/#12-art-1964-del-codigo-civil\">no prescriben hasta el 7 de octubre de 2020<\/a>?<\/p>\n<p class=\"style4\" align=\"justify\"><img loading=\"lazy\" decoding=\"async\" src=\"https:\/\/www.notariosyregistradores.com\/images\/punto-colores.gif\" alt=\"\" width=\"14\" height=\"14\" border=\"0\" \/> 716.-\u00a0Que el uso de un <strong>trastero<\/strong> conectado con la titularidad de una cuota indivisa del parking total ha de tener acceso directo a un elemento com\u00fan y no a trav\u00e9s del uso de una plaza de garaje, conectado con otra cuota indivisa, pues pueden llegar a <a href=\"https:\/\/www.notariosyregistradores.com\/web\/resoluciones\/por-meses\/resoluciones-dgrn-septiembre-2015\/#r280\">pertenecer a distintos due\u00f1os<\/a>?<\/p>\n<p class=\"style4\" align=\"justify\"><img loading=\"lazy\" decoding=\"async\" src=\"https:\/\/www.notariosyregistradores.com\/images\/punto-colores.gif\" alt=\"\" width=\"14\" height=\"14\" border=\"0\" \/> 715.-\u00a0Que no es preciso notificar a la sociedad la escritura p\u00fablica de <strong>renuncia de apoderado<\/strong>, seg\u00fan <a href=\"https:\/\/www.notariosyregistradores.com\/web\/resoluciones\/por-meses\/resoluciones-dgrn-septiembre-2015\/#r316\"> nueva doctrina de la DGRN<\/a>?<\/p>\n<p class=\"style4\" align=\"justify\"><img loading=\"lazy\" decoding=\"async\" src=\"https:\/\/www.notariosyregistradores.com\/images\/punto-colores.gif\" alt=\"\" width=\"14\" height=\"14\" border=\"0\" \/> 714.-\u00a0Que los <strong>derechos del c\u00f3nyuge viudo<\/strong>, en las herencias internacionales, son considerados por el Reglamento Europeo de Sucesiones entre los elementos a los que les resulta de <a href=\"https:\/\/www.notariosyregistradores.com\/web\/resoluciones\/por-meses\/resoluciones-dgrn-septiembre-2015\/#r315\">aplicaci\u00f3n la ley de las sucesiones mortis causa<\/a>?<\/p>\n<p class=\"style4\" align=\"justify\">\u00a0<\/p>\n<p style=\"text-align: center;\"><span style=\"font-size: 14pt;\"><a href=\"https:\/\/www.notariosyregistradores.com\/web\/resoluciones\/sabias-que-4\/\"><strong>IR A SAB\u00cdAS QUE\u20264?\u00a0\u00a0(del n\u00ba 1168 en adelante)<\/strong><\/a><\/span><\/p>\n<p style=\"text-align: center;\"><span style=\"font-size: 14pt;\"><strong><a href=\"https:\/\/www.notariosyregistradores.com\/web\/resoluciones\/sabias-que\/\">IR A \u00bfSAB\u00cdAS QUE\u2026? <\/a>2\u00a0 \u00a0(del n\u00ba 201 AL 713)<\/strong><\/span><\/p>\n<p style=\"text-align: center;\"><span style=\"font-size: 14pt;\"><a href=\"https:\/\/www.notariosyregistradores.com\/web\/?p=1879\"><strong>IR A \u00bf<\/strong><strong>SAB\u00cdAS QUE\u2026? 1 (del 1 al 200)<\/strong><\/a><\/span><\/p>\n<p style=\"text-align: center;\"><a href=\"https:\/\/www.notariosyregistradores.com\/web\/practica\/sabias-que-sacale-partido-a-esta-web\/\"><span style=\"font-size: 14pt;\"><strong>\u00bf<\/strong><strong>SAB\u00cdAS QUE\u2026? DE NAVEGACI\u00d3N POR LA WEB<\/strong><\/span><\/a><\/p>\n<p style=\"text-align: center;\">\u00a0<\/p>\n<h2>RESOLUCIONES: \u00a0 \u00a0<a href=\"https:\/\/www.notariosyregistradores.com\/web\/resoluciones\/cuadro-resoluciones-dgrn-por-meses\/\">Por meses.<\/a> \u00a0 <a href=\"https:\/\/www.notariosyregistradores.com\/web\/resoluciones\/titulares-de-resoluciones\/\">Por titulares.<\/a>\u00a0 <a href=\"https:\/\/www.notariosyregistradores.com\/web\/category\/practica\/indice-jc-casas\/\">\u00cdndice Juan Carlos Casas<\/a><\/h2>\n<h2>NORMAS: \u00a0 \u00a0 <a href=\"https:\/\/www.notariosyregistradores.com\/web\/cuadros\/normas-basicas\/\">\u00a0Cuadro general.<\/a> \u00a0 \u00a0 <a href=\"https:\/\/www.notariosyregistradores.com\/web\/normas\/cuadro-de-informes-mensuales-generales-de-lo-publicado-en-el-boe\/\">Por meses. <\/a>\u00a0 \u00a0 <a href=\"https:\/\/www.notariosyregistradores.com\/web\/?p=1241\">+ Destacadas<\/a><\/h2>\n<h2>NORMAS: \u00a0 <strong><span style=\"font-size: 14pt;\">\u00a0<a href=\"https:\/\/www.notariosyregistradores.com\/web\/normas\/titulares-boe-normas-2015\/\"> Res\u00famenes 2002 \u2013 2017.<\/a>\u00a0<\/span><\/strong>\u00a0\u00a0<a href=\"https:\/\/www.notariosyregistradores.com\/web\/cuadros\/tratados_\/tratados-internacionales-y-acuerdos-internacionales-cuadros\/\">Tratados internacionales.<\/a> \u00a0 <a href=\"https:\/\/www.notariosyregistradores.com\/web\/category\/normas\/futuras-normas\/\">\u00a0Futuras.<\/a><\/h2>\n<h2>CASOS PR\u00c1CTICOS: \u00a0 <a href=\"https:\/\/www.notariosyregistradores.com\/web\/category\/practica\/casos-practicos\/\">Madrid y Bilbao.<\/a>\u00a0 \u00a0 <a href=\"https:\/\/www.notariosyregistradores.com\/web\/category\/secciones\/internacional\/dictamenes-derecho-internacional-privado\/\">Internacional<\/a>. \u00a0 \u00a0<a href=\"https:\/\/www.notariosyregistradores.com\/web\/category\/practica\/indice-casos-practicos\/\">\u00cdndice J.C. Casas<\/a><\/h2>\n<p style=\"text-align: center;\"><strong>Archivo abierto el 7 de enero de 2016.<\/strong><\/p>\n<p>&nbsp;<\/p>\n<div id=\"attachment_12851\" style=\"width: 510px\" class=\"wp-caption aligncenter\"><a href=\"https:\/\/www.notariosyregistradores.com\/web\/resoluciones\/sabias-que-3\/attachment\/strelitzia\/\"><img loading=\"lazy\" decoding=\"async\" aria-describedby=\"caption-attachment-12851\" class=\"size-medium wp-image-12851\" src=\"https:\/\/www.notariosyregistradores.com\/web\/wp-content\/uploads\/2016\/01\/strelitzia.jpg\" alt=\"Strelitzia\" width=\"500\" height=\"333\" srcset=\"https:\/\/www.notariosyregistradores.com\/web\/wp-content\/uploads\/2016\/01\/strelitzia.jpg 640w, https:\/\/www.notariosyregistradores.com\/web\/wp-content\/uploads\/2016\/01\/strelitzia-300x200.jpg 300w, https:\/\/www.notariosyregistradores.com\/web\/wp-content\/uploads\/2016\/01\/strelitzia-500x333.jpg 500w\" sizes=\"auto, (max-width: 500px) 100vw, 500px\" \/><\/a><p id=\"caption-attachment-12851\" class=\"wp-caption-text\">Strelitzia<\/p><\/div>\n<p><a id=\"comentarios\"><\/a>\u00a0\u00a0<\/p>\n","protected":false},"excerpt":{"rendered":"<\/p>\n<p> <b><\/p>\n<p>SEIS NUEVOS (750 al 755)<\/p>\n<p><\/b><\/p>\n<p><CENTER><\/p>\n<p><a href=\"https:\/\/www.notariosyregistradores.com\/web\/?p=12844\"><img loading=\"lazy\" decoding=\"async\" src=\"https:\/\/www.notariosyregistradores.com\/web\/wp-content\/uploads\/2016\/05\/Olite_Navarra_Castillo-e1464301557915.jpg\" width=\"500\" height=\"295\" align=\"middle\" alt=\"\" \/><\/CENTER><\/p>\n<p>Obra nueva y Catastro. Prueba derecho extranjero. Oferta vinculante.<\/p>\n<p>Opci\u00f3n conexa. Vacantes Consejo. Segregaci\u00f3n antigua.<\/p>\n<p><a href=\"https:\/\/www.notariosyregistradores.com\/web\/?p=12844\"><\/p>\n<h2><strong> Seguir leyendo&#8230;<\/h2>\n<p><\/strong><\/a><\/p>\n","protected":false},"author":10,"featured_media":0,"comment_status":"open","ping_status":"closed","sticky":false,"template":"","format":"standard","meta":{"_bbp_topic_count":0,"_bbp_reply_count":0,"_bbp_total_topic_count":0,"_bbp_total_reply_count":0,"_bbp_voice_count":0,"_bbp_anonymous_reply_count":0,"_bbp_topic_count_hidden":0,"_bbp_reply_count_hidden":0,"_bbp_forum_subforum_count":0,"footnotes":""},"categories":[214,13],"tags":[340,408],"class_list":{"0":"post-12844","1":"post","2":"type-post","3":"status-publish","4":"format-standard","6":"category-practica","7":"category-resoluciones","8":"tag-resoluciones-2","9":"tag-sabias-que"},"_links":{"self":[{"href":"https:\/\/www.notariosyregistradores.com\/web\/wp-json\/wp\/v2\/posts\/12844","targetHints":{"allow":["GET"]}}],"collection":[{"href":"https:\/\/www.notariosyregistradores.com\/web\/wp-json\/wp\/v2\/posts"}],"about":[{"href":"https:\/\/www.notariosyregistradores.com\/web\/wp-json\/wp\/v2\/types\/post"}],"author":[{"embeddable":true,"href":"https:\/\/www.notariosyregistradores.com\/web\/wp-json\/wp\/v2\/users\/10"}],"replies":[{"embeddable":true,"href":"https:\/\/www.notariosyregistradores.com\/web\/wp-json\/wp\/v2\/comments?post=12844"}],"version-history":[{"count":10,"href":"https:\/\/www.notariosyregistradores.com\/web\/wp-json\/wp\/v2\/posts\/12844\/revisions"}],"predecessor-version":[{"id":91692,"href":"https:\/\/www.notariosyregistradores.com\/web\/wp-json\/wp\/v2\/posts\/12844\/revisions\/91692"}],"wp:attachment":[{"href":"https:\/\/www.notariosyregistradores.com\/web\/wp-json\/wp\/v2\/media?parent=12844"}],"wp:term":[{"taxonomy":"category","embeddable":true,"href":"https:\/\/www.notariosyregistradores.com\/web\/wp-json\/wp\/v2\/categories?post=12844"},{"taxonomy":"post_tag","embeddable":true,"href":"https:\/\/www.notariosyregistradores.com\/web\/wp-json\/wp\/v2\/tags?post=12844"}],"curies":[{"name":"wp","href":"https:\/\/api.w.org\/{rel}","templated":true}]}}