{"id":130505,"date":"2025-09-01T12:56:16","date_gmt":"2025-09-01T10:56:16","guid":{"rendered":"https:\/\/www.notariosyregistradores.com\/web\/?p=130505"},"modified":"2025-10-27T08:17:03","modified_gmt":"2025-10-27T07:17:03","slug":"informe-372-boe-septiembre-2025","status":"publish","type":"post","link":"https:\/\/www.notariosyregistradores.com\/web\/normas\/informes-mensuales\/informe-372-boe-septiembre-2025\/","title":{"rendered":"INFORME 372. BOE Septiembre 2025"},"content":{"rendered":"<p>&nbsp;<\/p>\n<p><span style=\"color: #0000ff;\"><strong><span style=\"font-size: 18pt;\">INFORME N\u00ba 372. <\/span><\/strong><\/span><span style=\"color: #0000ff;\"><strong><span style=\"font-size: 18pt;\">(BOE SEPTIEMBRE de 2025)<\/span><\/strong><\/span><\/p>\n<h2 style=\"text-align: center;\"><span style=\"font-size: 18pt;\"><strong>Primera Parte: Secciones I y II.<\/strong><\/span><\/h2>\n<p style=\"text-align: center;\"><span style=\"font-size: 14pt;\"><strong><a href=\"http:\/\/www.notariosyregistradores.com\/web\/normas\/cuadro-de-informes-mensuales-generales-de-lo-publicado-en-el-boe\/\" target=\"_blank\" rel=\"noopener\">IR A LISTA DE INFORMES MENSUALES<\/a><\/strong><\/span><\/p>\n<p style=\"text-align: center;\"><a href=\"https:\/\/www.notariosyregistradores.com\/web\/resoluciones\/por-meses\/resoluciones-agosto-2025-direccion-general-d-seguridad-juridica-y-fe-publica\/\"><span style=\"font-size: 14pt;\"><strong>IR A RESOLUCIONES DE AGOSTO<\/strong><\/span><\/a><\/p>\n<h2 style=\"text-align: center;\"><a href=\"https:\/\/www.notariosyregistradores.com\/web\/normas\/informes-mensuales\/no-te-lo-pierdas-septiembre-2025\/\"><strong>IR A\u00a0<em>\u00a1NO TE LO PIERDAS!<\/em> DE SEPTIEMBRE<\/strong><\/a><\/h2>\n<p>&nbsp;<\/p>\n<table style=\"width: 100%; height: 453px;\">\n<tbody>\n<tr style=\"height: 37px;\">\n<td style=\"height: 37px;\" width=\"624\"><span style=\"font-size: 14pt;\"><strong>Equipo de redacci\u00f3n:<\/strong><\/span><\/td>\n<\/tr>\n<tr style=\"height: 26px; text-align: justify;\">\n<td style=\"height: 26px;\" width=\"624\"><a style=\"color: #0f3647;\" href=\"https:\/\/www.notariosyregistradores.com\/web\/category\/esta-web\/autores\/#vej\" target=\"_blank\" rel=\"noopener\"><span style=\"font-size: 10pt;\">* V\u00edctor Esquirol Jim\u00e9nez, notario de El Masnou (Barcelona), coordinador en septiembre<\/span><\/a><\/td>\n<\/tr>\n<tr style=\"height: 26px;\">\n<td style=\"height: 26px;\" width=\"624\"><a href=\"https:\/\/www.notariosyregistradores.com\/web\/category\/esta-web\/autores\/#acm\" target=\"_blank\" rel=\"noopener\"><span style=\"font-size: 10pt;\">* Albert Capell Mart\u00ednez, notario <span style=\"font-size: small;\">de Barcelona, coordinador en julio<\/span><\/span><\/a><\/td>\n<\/tr>\n<tr style=\"height: 26px;\">\n<td style=\"height: 26px;\"><a style=\"color: #0f3647;\" href=\"https:\/\/www.notariosyregistradores.com\/web\/category\/esta-web\/autores\/#jcc\" target=\"_blank\" rel=\"noopener\"><span style=\"font-size: 10pt;\">* Juan Carlos Casas Rojo, registrador de la propiedad de C\u00e1diz n\u00ba 3, coordinador en agosto<\/span><\/a><\/td>\n<\/tr>\n<tr style=\"height: 26px;\">\n<td style=\"height: 26px;\" width=\"624\"><a href=\"https:\/\/www.notariosyregistradores.com\/web\/category\/esta-web\/autores\/#jfme\" target=\"_blank\" rel=\"noopener\"><span style=\"font-size: 10pt;\">* Jos\u00e9 F\u00e9lix Merino Escart\u00edn, registrador mercantil central, coordinador general.<\/span><\/a><\/td>\n<\/tr>\n<tr style=\"height: 26px;\">\n<td style=\"height: 26px;\" width=\"624\"><a href=\"https:\/\/www.notariosyregistradores.com\/web\/category\/esta-web\/autores\/#afs\" target=\"_blank\" rel=\"noopener\"><span style=\"font-size: 10pt;\">* Alfonso de la Fuente Sancho, notario de San Crist\u00f3bal de La Laguna (Tenerife).<\/span><\/a><\/td>\n<\/tr>\n<tr style=\"height: 26px;\">\n<td style=\"height: 26px;\" width=\"624\"><a href=\"https:\/\/www.notariosyregistradores.com\/web\/category\/esta-web\/autores\/#mn\" target=\"_blank\" rel=\"noopener\"><span style=\"font-size: 10pt;\">* Mar\u00eda N\u00fa\u00f1ez N\u00fa\u00f1ez, registradora de la propiedad y mercantil de Lugo.<\/span><\/a><\/td>\n<\/tr>\n<tr style=\"height: 26px;\">\n<td style=\"height: 26px;\" width=\"624\"><a href=\"https:\/\/www.notariosyregistradores.com\/web\/category\/esta-web\/autores\/#ies\" target=\"_blank\" rel=\"noopener\"><span style=\"font-size: 10pt;\">* Inmaculada Espi\u00f1eira Soto, notaria de Santiago de Compostela.<\/span><\/a><\/td>\n<\/tr>\n<tr style=\"height: 26px;\">\n<td style=\"height: 26px;\" width=\"624\"><a href=\"https:\/\/www.notariosyregistradores.com\/web\/category\/esta-web\/autores\/#jagv\" target=\"_blank\" rel=\"noopener\"><span style=\"font-size: 10pt;\">* Jos\u00e9 \u00c1ngel Garc\u00eda-Valdecasas Butr\u00f3n, registrador.<\/span><\/a><\/td>\n<\/tr>\n<tr style=\"height: 26px;\">\n<td style=\"height: 26px; text-align: justify;\" width=\"624\"><a href=\"https:\/\/www.notariosyregistradores.com\/web\/category\/esta-web\/autores\/#jar\" target=\"_blank\" rel=\"noopener\"><span style=\"font-size: 10pt;\">* Jos\u00e9 Antonio Riera \u00c1lvarez, notario de Arucas (Gran Canaria)<\/span><\/a><\/td>\n<\/tr>\n<tr style=\"height: 26px; text-align: justify;\">\n<td style=\"height: 26px;\" width=\"624\"><a href=\"https:\/\/www.notariosyregistradores.com\/web\/category\/esta-web\/autores\/#mgv\" target=\"_blank\" rel=\"noopener\"><span style=\"font-size: 10pt;\">* Mar\u00eda Garc\u00eda-Valdecasas Alguacil, registradora de Barcelona<\/span><\/a><\/td>\n<\/tr>\n<tr style=\"height: 26px; text-align: justify;\">\n<td style=\"height: 26px;\" width=\"624\"><a href=\"https:\/\/www.notariosyregistradores.com\/web\/category\/esta-web\/autores\/#er\" target=\"_blank\" rel=\"noopener\"><span style=\"font-size: 10pt;\">* Emma Rojo Iglesias, registradora de Alcal\u00e1 de Henares (Madrid)<\/span><\/a><\/td>\n<\/tr>\n<tr style=\"height: 26px; text-align: justify;\">\n<td style=\"height: 26px;\" width=\"624\"><a href=\"https:\/\/www.notariosyregistradores.com\/web\/category\/esta-web\/autores\/#jmj\" target=\"_blank\" rel=\"noopener\"><span style=\"font-size: 10pt;\">* <span style=\"font-size: 13.3333px;\">Javier M\u00e1ximo Ju\u00e1rez Gonz\u00e1lez, notario de Valencia<\/span><\/span><\/a><\/td>\n<\/tr>\n<tr style=\"height: 26px;\">\n<td style=\"height: 26px;\"><span style=\"font-size: 10pt;\">* <a href=\"https:\/\/www.notariosyregistradores.com\/web\/category\/esta-web\/autores\/#amoi\" target=\"_blank\" rel=\"noopener\">Antonio Manuel Oliva Izquierdo, registrador de Trujillo (C\u00e1ceres)<\/a><\/span><\/td>\n<\/tr>\n<tr style=\"height: 26px;\">\n<td style=\"height: 26px;\"><span style=\"font-size: 10pt;\">*<a href=\"https:\/\/www.notariosyregistradores.com\/web\/participa\/noticias\/shadia-nasser-garcia-se-incorpora-al-equipo-de-redaccion-de-nyr\/\"> Shadia Nasser Garc\u00eda, notaria de Formentera (Illes Balears)<\/a><\/span><\/td>\n<\/tr>\n<tr style=\"height: 26px;\">\n<td style=\"height: 26px;\"><a href=\"https:\/\/www.notariosyregistradores.com\/web\/participa\/noticias\/beatriz-zamora-rodriguez-y-alvaro-cordero-taborda-nuevos-miembros-del-equipo-de-redaccion-de-nyr\/\"><span style=\"font-size: 10pt;\">* Beatriz Zamora Rodr\u00edguez. registradora de Las Palmas de Gran Canaria y notaria en excedencia<\/span><\/a><\/td>\n<\/tr>\n<tr style=\"height: 26px;\">\n<td style=\"height: 26px;\"><a href=\"https:\/\/www.notariosyregistradores.com\/web\/participa\/noticias\/beatriz-zamora-rodriguez-y-alvaro-cordero-taborda-nuevos-miembros-del-equipo-de-redaccion-de-nyr\/#alvaro\"><span style=\"font-size: 10pt;\">* \u00c1lvaro Cordero Taborda, notario de Valoria la Buena (Valladolid)<\/span><\/a><\/td>\n<\/tr>\n<\/tbody>\n<\/table>\n<a class=\"mwm-aal-item\" name=\"disposiciones-generales\"><\/a><h6 style=\"text-align: justify;\"><span style=\"font-size: 14pt; color: #0000ff;\"><b><a id=\"disposiciones\"><\/a>DISPOSICIONES GENERALES<\/b><\/span><\/h6>\n<a class=\"mwm-aal-item\" name=\"once-cruz-roja-discapacidad\"><\/a><h6><span style=\"font-size: 12pt;\">ONCE, Cruz Roja, Discapacidad.<\/span><\/h6>\n<p style=\"text-align: justify;\">Real Decreto 796\/2025, de 9 de septiembre, por el que se modifican el Real Decreto 358\/1991, de 15 de marzo, por el que se reordena la Organizaci\u00f3n Nacional de Ciegos Espa\u00f1oles; el Real Decreto 415\/1996, de 1 de marzo, por el que se establecen las normas de ordenaci\u00f3n de la Cruz Roja Espa\u00f1ola; el Real Decreto 946\/2001, de 3 de agosto, por el que se aprueba el Estatuto del Real Patronato sobre Discapacidad; el Real Decreto 1855\/2009, de 4 de diciembre, por el que se regula el Consejo Nacional de la Discapacidad; y el Real Decreto 1709\/2011, de 18 de noviembre, por el que se crea y regula el Foro de Cultura Inclusiva.<\/p>\n<p style=\"text-align: justify;\"><span style=\"color: #0000ff;\"><strong>Resumen: <\/strong>Se adaptan diversos organismos colegiados de protecci\u00f3n social a las modificaciones en la estructura de la Administraci\u00f3n General del Estado, asegurando tambi\u00e9n una presencia equilibrada entre mujeres y hombres y la participaci\u00f3n de las personas con discapacidad.<\/span><\/p>\n<p style=\"text-align: justify;\">El Ministerio que asume mayores competencias sobre la materia es actualmente el <strong>Ministerio de Derechos Sociales, Consumo y Agenda\u00a02030<\/strong>, con diversos \u00f3rganos colegiados adscritos al ministerio.<\/p>\n<p style=\"text-align: justify;\">Entre estos <strong>\u00f3rganos colegiados <\/strong>-del <a href=\"https:\/\/www.boe.es\/buscar\/act.php?id=BOE-A-2015-10566#a15\">art\u00edculo 15.2<\/a> de la Ley del Sector P\u00fablico-, adscritos al Ministerio, se encuentran el Consejo de Protectorado de la Organizaci\u00f3n Nacional de <strong>Ciegos<\/strong> Espa\u00f1oles, el Consejo de Protecci\u00f3n de <strong>Cruz Roja<\/strong> Espa\u00f1ola, el <strong>Consejo Nacional de la Discapacidad<\/strong> y el <strong>Foro de Cultura Inclusiva<\/strong>. Tambi\u00e9n depende de este ministerio el organismo aut\u00f3nomo del<strong> Real Patronato sobre Discapacidad<\/strong>.<\/p>\n<p style=\"text-align: justify;\"><strong>ONCE. <\/strong>El art\u00edculo primero modifica el <a href=\"https:\/\/www.boe.es\/buscar\/act.php?id=BOE-A-1991-7271\">Real Decreto\u00a0358\/1991, de\u00a015 de marzo, por el que se reordena la Organizaci\u00f3n Nacional de Ciegos Espa\u00f1oles<\/a>.<\/p>\n<p style=\"text-align: justify;\"><strong>Cruz Roja.<\/strong> El art\u00edculo segundo modifica el <a href=\"https:\/\/www.boe.es\/buscar\/act.php?id=BOE-A-1996-5099\">Real Decreto 415\/1996, de 1 de marzo, por el que se establecen las normas de ordenaci\u00f3n de la Cruz Roja Espa\u00f1ola<\/a>.<\/p>\n<p style=\"text-align: justify;\"><strong>Real Patronato sobre Discapacidad. <\/strong>El art\u00edculo tercero afecta ampliamente (20 apartados) al <a href=\"https:\/\/www.boe.es\/buscar\/act.php?id=BOE-A-2001-16975\">Real Decreto\u00a0946\/2001, de\u00a03 de agosto, por el que se aprueba el Estatuto del Real Patronato sobre Discapacidad<\/a>.<\/p>\n<p style=\"text-align: justify;\"><strong>Consejo Nacional de la Discapacidad. <\/strong>El a<strong>r<\/strong>t\u00edculo cuarto incluye 14 apartados que retocan el <a href=\"https:\/\/www.boe.es\/buscar\/act.php?id=BOE-A-2009-20890\">Real Decreto\u00a01855\/2009, de\u00a04 de diciembre, por el que se regula el Consejo Nacional de la Discapacidad<\/a>.<\/p>\n<p style=\"text-align: justify;\"><strong>Foro de Cultura Inclusiva.<\/strong> Y el art\u00edculo quinto modifica el <a href=\"https:\/\/www.boe.es\/buscar\/act.php?id=BOE-A-2011-18721\">Real Decreto 1709\/2011, de 18 de noviembre por el que se crea y regula el Foro de Cultura Inclusiva<\/a>.<\/p>\n<p style=\"text-align: justify;\">Este real decreto entr\u00f3 en vigor el 11 de septiembre de 2025.<\/p>\n<div class=\"enlacesDoc\" style=\"text-align: justify;\">\n<div class=\"enlacesDoc\">\n<div class=\"enlacesDoc\">\n<div class=\"enlacesDoc\">\n<div class=\"enlacesDoc\">\n<ul>\n<li class=\"puntoPDF\"><a title=\"PDF firmado BOE-A-2025-17928\" href=\"https:\/\/www.boe.es\/boe\/dias\/2025\/09\/10\/pdfs\/BOE-A-2025-17928.pdf\">PDF (BOE-A-2025-17928 &#8211; 26\u00a0<abbr title=\"p\u00e1ginas\">p\u00e1gs.<\/abbr>\u00a0&#8211; 346\u00a0<abbr title=\"kilobytes\">KB<\/abbr>)<\/a> \u00a0<a title=\"Versi\u00f3n HTML BOE-A-2025-17928\" href=\"https:\/\/www.boe.es\/diario_boe\/txt.php?id=BOE-A-2025-17928\">Otros formatos<\/a><\/li>\n<\/ul>\n<a class=\"mwm-aal-item\" name=\"permiso-de-nacimiento-y-cuidado-convalidacion-\"><\/a><h6><span style=\"font-size: 12pt;\">Permiso de nacimiento y cuidado: convalidaci\u00f3n.\u00a0<\/span><\/h6>\n<p>Resoluci\u00f3n de 9 de septiembre de 2025, del Congreso de los Diputados, por la que se ordena la publicaci\u00f3n del Acuerdo de convalidaci\u00f3n del Real Decreto-ley 9\/2025, de 29 de julio, por el que se ampl\u00eda el permiso de nacimiento y cuidado, mediante la modificaci\u00f3n del texto refundido de la Ley del Estatuto de los Trabajadores, aprobado por el Real Decreto Legislativo 2\/2015, de 23 de octubre, el texto refundido de la Ley del Estatuto B\u00e1sico del Empleado P\u00fablico, aprobado por el Real Decreto Legislativo 5\/2015, de 30 de octubre, y el texto refundido de la Ley General de la Seguridad Social, aprobado por el Real Decreto Legislativo 8\/2015, de 30 de octubre, para completar la transposici\u00f3n de la Directiva (UE) 2019\/1158 del Parlamento Europeo y del Consejo, de 20 de junio de 2019, relativa a la conciliaci\u00f3n de la vida familiar y la vida profesional de los progenitores y los cuidadores, y por la que se deroga la Directiva 2010\/18\/UE del Consejo.<\/p>\n<p style=\"text-align: justify;\">Ir al <strong><a href=\"https:\/\/www.notariosyregistradores.com\/web\/normas\/concretas\/incremento-de-duracion-del-permiso-parental-rdley-9-2025-de-29-de-julio\/\">resumen<\/a><\/strong> del Real Decreto-ley 9\/2025, de 29 de julio, que ahora se convalida.<\/p>\n<div class=\"enlacesDoc\">\n<ul style=\"text-align: justify;\">\n<li class=\"puntoPDF\"><a title=\"PDF firmado BOE-A-2025-17999\" href=\"https:\/\/www.boe.es\/boe\/dias\/2025\/09\/11\/pdfs\/BOE-A-2025-17999.pdf\">PDF (BOE-A-2025-17999 &#8211; 1\u00a0<abbr title=\"p\u00e1gina\">p\u00e1g.<\/abbr>\u00a0&#8211; 188\u00a0<abbr title=\"kilobytes\">KB<\/abbr>)<\/a> \u00a0<a title=\"Versi\u00f3n HTML BOE-A-2025-17999\" href=\"https:\/\/www.boe.es\/diario_boe\/txt.php?id=BOE-A-2025-17999\">Otros formatos<\/a><\/li>\n<\/ul>\n<a class=\"mwm-aal-item\" name=\"navegacion-aerea-servidumbres-y-otros-contenidos\"><\/a><h6 style=\"text-align: justify;\"><span style=\"font-size: 12pt;\"><strong>Navegaci\u00f3n a\u00e9rea: servidumbres y otros contenidos<\/strong><\/span><\/h6>\n<p style=\"text-align: justify;\">Ley 8\/2025, de 29 de septiembre, por la que se modifican la Ley 48\/1960, de 21 de julio, sobre Navegaci\u00f3n A\u00e9rea, y la Ley 21\/2003, de 7 de julio, de Seguridad A\u00e9rea.<\/p>\n<p><span style=\"color: #0000ff;\"><strong><a href=\"https:\/\/www.notariosyregistradores.com\/web\/dron-y-avion\/\"><img loading=\"lazy\" decoding=\"async\" class=\"size-full wp-image-131175 alignright\" src=\"https:\/\/www.notariosyregistradores.com\/web\/wp-content\/uploads\/2025\/10\/Dron-y-avion-pq.jpg\" alt=\"\" width=\"300\" height=\"168\" \/><\/a>Resumen: <\/strong>Modifica la Ley de Navegaci\u00f3n A\u00e9rea en materia de servidumbres aeron\u00e1uticas, normas de planeamiento o concepto de personal aeron\u00e1utico. Se sustituye la referencia al Registro Mercantil por el Registro de Bienes Muebles. Tambi\u00e9n se modifica la Ley de Seguridad A\u00e9rea en cuanto a la tramitaci\u00f3n de actividades aeron\u00e1uticas, uso de aeronaves no tripuladas o r\u00e9gimen sancionador. Se prev\u00e9 la conexi\u00f3n del Aeropuerto de Barcelona con la L\u00ednea de Alta Velocidad.<\/span><\/p>\n<p>El r\u00e9gimen legal en materia aeron\u00e1utica est\u00e1 establecido, b\u00e1sicamente, en la <a href=\"https:\/\/www.boe.es\/buscar\/act.php?id=BOE-A-1960-10905\"><strong>Ley\u00a048\/1960, de\u00a021 de julio<\/strong><\/a>, sobre Navegaci\u00f3n A\u00e9rea, y la <a href=\"https:\/\/www.boe.es\/buscar\/act.php?id=BOE-A-2003-13616\">Ley\u00a021\/2003, de\u00a07 de julio<\/a>, de Seguridad A\u00e9rea, cuya modificaci\u00f3n puntual es necesaria para atender diversas cuestiones inaplazables.<\/p>\n<p><strong>A) <\/strong><a href=\"https:\/\/www.boe.es\/buscar\/act.php?id=BOE-A-1960-10905\"><strong>Ley\u00a048\/1960, de\u00a021 de julio<\/strong><\/a><strong>, sobre Navegaci\u00f3n A\u00e9rea:<\/strong><\/p>\n<p>&#8211; En materia de <strong>aeropuertos de inter\u00e9s general<\/strong>, se racionaliza y optimiza el <strong>r\u00e9gimen de participaci\u00f3n de las administraciones territoriales<\/strong> en los \u00f3rganos colegiados que conocen de asuntos relativos al impacto ambiental de estas infraestructuras, al atribuir a un \u00fanico \u00f3rgano las funciones hasta ahora dispersas en distintos \u00f3rganos colegiados que conocen de aspectos parciales vinculados, con car\u00e1cter general, con las declaraciones de <strong>impacto ambiental o el r\u00e9gimen de las servidumbres aeron\u00e1uticas ac\u00fasticas<\/strong>. <a href=\"https:\/\/www.boe.es\/buscar\/act.php?id=BOE-A-1960-10905&amp;b=36&amp;tn=1&amp;p=20250930#acuarto\">Ver art 4 Ley 48\/1960<\/a>.<\/p>\n<p>&#8211; Redefine lo que se considerar\u00e1n aeronaves de Estado. <a href=\"https:\/\/www.boe.es\/buscar\/act.php?id=BOE-A-1960-10905&amp;b=18&amp;tn=1&amp;p=20250930#acatorce\">Art. 14<\/a>.<\/p>\n<p>&#8211; Se modifica, para simplificarlo, el contenido de la <strong>placa identificativa<\/strong> que deben llevar las aeronaves eliminando la exigencia de que figure el nombre del propietario, evitando que deba sustituirse dicha placa en las sucesivas transmisiones de la aeronave. <a href=\"https:\/\/www.boe.es\/buscar\/act.php?id=BOE-A-1960-10905&amp;b=36&amp;tn=1&amp;p=20250930#aveintitres\">Ver art. 23<\/a>.<\/p>\n<p>&#8211; En cuanto al <strong>registro de matr\u00edcula de aeronaves<\/strong>, todo hecho, acto o negocio jur\u00eddico cuya inscripci\u00f3n o anotaci\u00f3n se pretenda llevar a cabo, deber\u00e1 acreditarse en documento p\u00fablico o privado, seg\u00fan proceda. En el asiento se har\u00e1 constar el t\u00edtulo p\u00fablico o privado en virtud del cual se practica. <a href=\"https:\/\/www.boe.es\/buscar\/act.php?id=BOE-A-1960-10905&amp;b=18&amp;tn=1&amp;p=20250930#atreinta\">Art. 30<\/a>.<\/p>\n<p>&#8211; Se sustituye la referencia al Registro Mercantil por la referencia al <strong>Registro de Bienes Muebles<\/strong> en el <a href=\"https:\/\/www.boe.es\/buscar\/act.php?id=BOE-A-1960-10905&amp;b=39&amp;tn=1&amp;p=20250930#atreintaytres\">art\u00edculo 33<\/a>.<\/p>\n<p>&#8211; Adem\u00e1s, se establece legalmente el <strong>r\u00e9gimen de las denominadas afectaciones al planeamiento<\/strong> sobre las actuaciones planificadas en las zonas de servicio de los planes directores, manteniendo y aclarando sus efectos sobre el territorio y el urbanismo. <a href=\"https:\/\/www.boe.es\/buscar\/act.php?id=BOE-A-1960-10905&amp;b=36&amp;tn=1&amp;p=20250930#acincuentaydos\">Ver art. 52<\/a>.<\/p>\n<p>&#8211; Se <strong>refunde<\/strong> en la Ley\u00a048\/1960 el r\u00e9gimen de los planes directores de los aeropuertos de inter\u00e9s general y al Plan Director de Navegaci\u00f3n A\u00e9rea.<\/p>\n<p>&#8211; Se actualiza el <strong>concepto de personal aeron\u00e1utico<\/strong> incorporando a los pilotos a distancia y al personal que realiza tareas de apoyo a la operaci\u00f3n de aeronaves no tripuladas.<\/p>\n<p>&#8211; Se simplifica la <strong>publicidad sobre el hallazgo de aeronaves abandonadas<\/strong>.<\/p>\n<p>&#8211; Se ampl\u00eda el margen de flexibilidad para el establecimiento del r\u00e9gimen reglamentario aplicable a las <strong>aeronaves de transporte privado<\/strong>, de escuelas de aviaci\u00f3n, las dedicadas a trabajos t\u00e9cnicos o cient\u00edficos, al turismo y las deportivas.<\/p>\n<p>&#8211; Y se flexibiliza el r\u00e9gimen relativo a la exigibilidad de <strong>certificado de aeronavegabilidad <\/strong>para las aeronaves militares o de inter\u00e9s para la Defensa.<\/p>\n<p><strong>B) Servidumbres aeron\u00e1uticas.<\/strong><\/p>\n<p>Dentro de la reforma de la <a href=\"https:\/\/www.boe.es\/buscar\/act.php?id=BOE-A-1960-10905\">Ley\u00a048\/1960, de\u00a021 de julio<\/a>, sobre Navegaci\u00f3n A\u00e9rea, merece especial inter\u00e9s su regulaci\u00f3n, de la que <strong>destacamos<\/strong><\/p>\n<p>El Legislador trata de compatibilizar la planificaci\u00f3n de los aeropuertos de inter\u00e9s general y las instalaciones para la navegaci\u00f3n a\u00e9rea con el <strong>r\u00e9gimen de las servidumbres aeron\u00e1uticas<\/strong>, incluidas las ac\u00fasticas, a las que, en general, resulta de aplicaci\u00f3n el r\u00e9gimen establecido en la ley, salvo cuando expresamente este reconduce a las servidumbres aeron\u00e1uticas no ac\u00fasticas.<\/p>\n<p>&#8211; Estas servidumbres se regulan en el <strong><a href=\"https:\/\/www.boe.es\/buscar\/act.php?id=BOE-A-1960-10905&amp;b=36&amp;tn=1&amp;p=20250930#cix\">cap\u00edtulo IX<\/a><\/strong> y se definen as\u00ed: \u201cLas servidumbres aeron\u00e1uticas, entre las que se incluyen las ac\u00fasticas, son <strong>servidumbres legales<\/strong> impuestas por raz\u00f3n de la navegaci\u00f3n a\u00e9rea, que constituyen <strong>limitaciones del derecho de propiedad del suelo<\/strong> de acuerdo con su funci\u00f3n social, y establecen las condiciones que exige la igualdad esencial de su ejercicio en todo el territorio nacional.\u201d<\/p>\n<p>&#8211; <strong>Podr\u00e1n aprobarse<\/strong> servidumbres aeron\u00e1uticas sobre las superficies, terrestres o acu\u00e1ticas, que circunden las instalaciones para la navegaci\u00f3n a\u00e9rea, los aer\u00f3dromos militares o civiles de uso p\u00fablico y restringido, cuando en estos \u00faltimos se realicen actividades de inter\u00e9s p\u00fablico, que limiten sus usos y las actividades que puedan desarrollarse en ellas.<\/p>\n<p>&#8211; Adem\u00e1s, <strong>en otras superficies<\/strong>, fuera de las zonas afectadas por servidumbres aeron\u00e1uticas no ac\u00fasticas, podr\u00e1n aprobarse las determinaciones que resulten necesarias para proteger la navegaci\u00f3n a\u00e9rea frente a las <strong>construcciones, instalaciones y plantaciones que, por su altura,<\/strong> puedan suponer obst\u00e1culos, as\u00ed como frente a las <strong>actividades<\/strong> que puedan suponer un peligro para la seguridad y continuidad de las operaciones a\u00e9reas o el correcto funcionamiento de las instalaciones para la navegaci\u00f3n a\u00e9rea.<\/p>\n<p><strong>&#8211; Reglamentariamente se establecer\u00e1 el r\u00e9gimen jur\u00eddico<\/strong> de las servidumbres aeron\u00e1uticas, las afectaciones aeron\u00e1uticas al planeamiento, los obst\u00e1culos para la navegaci\u00f3n a\u00e9rea y las actividades que puedan suponer un peligro para la seguridad y continuidad de las operaciones a\u00e9reas o el buen funcionamiento de las instalaciones para la navegaci\u00f3n a\u00e9rea, as\u00ed como las condiciones de uso de los predios o de realizaci\u00f3n de actividades y su sujeci\u00f3n parcial al inter\u00e9s general, incluida la protecci\u00f3n de las personas, del medio natural y de la seguridad de la navegaci\u00f3n a\u00e9rea.<\/p>\n<p>&#8211; En materia de <strong>servidumbres aeron\u00e1uticas ac\u00fasticas<\/strong> se establecer\u00e1n reglamentariamente, para su aplicaci\u00f3n en el entorno de los aeropuertos, los valores l\u00edmite de inmisi\u00f3n, as\u00ed como las limitaciones asociadas a usos, instalaciones o actividades aplicables en todo el territorio nacional en relaci\u00f3n con el ruido generado por la operaci\u00f3n aeroportuaria.<\/p>\n<p>&#8211; La aprobaci\u00f3n y modificaci\u00f3n de las servidumbres aeron\u00e1uticas de las infraestructuras e instalaciones civiles se har\u00e1 por mediante un acto administrativo que adoptar\u00e1 la forma de <strong>orden ministerial<\/strong> del Ministerio de Transportes y Movilidad Sostenible.<\/p>\n<p>&#8211; Los propietarios o poseedores de inmuebles no podr\u00e1n oponerse a la entrada en sus fincas o paso por ellas para <strong>operaciones de salvamento o auxilio a aeronaves accidentadas<\/strong>, ni para las actuaciones que resulten necesarias para el establecimiento y salvaguardia de las servidumbres aeron\u00e1uticas.<\/p>\n<p><strong>C) <a href=\"https:\/\/www.boe.es\/buscar\/act.php?id=BOE-A-2003-13616\">Ley\u00a021\/2003, de\u00a07 de julio<\/a><\/strong><strong>, de Seguridad A\u00e9rea:<\/strong><\/p>\n<p>&#8211; Clarifica las competencias de la autoridad de supervisi\u00f3n de los servicios de navegaci\u00f3n a\u00e9rea <strong>meteorol\u00f3gicos<\/strong>.<\/p>\n<p>&#8211; Simplifica la <strong>tramitaci\u00f3n administrativa<\/strong> para obtener y renovar las habilitaciones exigibles para el ejercicio de las <strong>actividades aeron\u00e1uticas<\/strong>. Se sustituyen las referencias a autorizaci\u00f3n por <strong>habilitaci\u00f3n<\/strong>. expresi\u00f3n m\u00e1s gen\u00e9rica que contempla una pluralidad de f\u00f3rmulas: obtenci\u00f3n de certificados, la presentaci\u00f3n de declaraciones o comunicaciones previas o la obtenci\u00f3n de formaci\u00f3n adecuada, entre otras. En general, los servicios aeron\u00e1uticos se prestan en r\u00e9gimen de libertad de mercado.<\/p>\n<p>&#8211; Actualiza el r\u00e9gimen aplicable en materia de <strong>uso de aeronaves no tripuladas<\/strong> y los reg\u00edmenes vigentes de intervenci\u00f3n administrativa. En las habilitaciones se agilizan tr\u00e1mites y se reducen plazos .<\/p>\n<p>&#8211; Reforma el r\u00e9gimen de <strong>infracciones y sanciones<\/strong>, especialmente en materia de sistemas de aeronaves no tripuladas y de servidumbres aeron\u00e1uticas no ac\u00fasticas. Se completa la regulaci\u00f3n del <strong>silencio administrativo<\/strong> adaptando los supuestos de silencio negativo -que son la excepci\u00f3n- a lo dispuesto en la normativa europea.<\/p>\n<p>&#8211; Medidas relacionadas con la aplicaci\u00f3n del Acuerdo Multilateral relativo a las tarifas para <strong>ayudas a la navegaci\u00f3n a\u00e9rea<\/strong>, hecho en Bruselas el\u00a012 de febrero de\u00a01981.<\/p>\n<p>La D. Ad. 5\u00aa define la conexi\u00f3n del <strong>aeropuerto de Barcelona<\/strong> Josep Tarradellas con la red de alta velocidad ferroviaria como una actuaci\u00f3n estrat\u00e9gica y prioritaria del gobierno.<\/p>\n<p>Esta Ley <strong>entrar\u00e1 en vigor<\/strong> el 20 de octubre con dos excepciones.<\/p>\n<ul>\n<li><a title=\"PDF firmado BOE-A-2025-19339\" href=\"https:\/\/www.boe.es\/boe\/dias\/2025\/09\/30\/pdfs\/BOE-A-2025-19339.pdf\">PDF (BOE-A-2025-19339 &#8211; 41\u00a0<abbr title=\"p\u00e1ginas\">p\u00e1gs.<\/abbr>\u00a0&#8211; 432\u00a0<abbr title=\"kilobytes\">KB<\/abbr>)<\/a> \u00a0<a title=\"Versi\u00f3n HTML BOE-A-2025-19339\" href=\"https:\/\/www.boe.es\/diario_boe\/txt.php?id=BOE-A-2025-19339\">Otros formatos<\/a><\/li>\n<\/ul>\n<\/div>\n<\/div>\n<\/div>\n<\/div>\n<\/div>\n<\/div>\n<div class=\"enlacesDoc\" style=\"text-align: justify;\">\n<div class=\"enlacesDoc\">\n<div class=\"enlacesDoc\">\n<div class=\"enlacesDoc\">\n<div class=\"enlacesDoc\">\n<div class=\"enlacesDoc\">\n<div class=\"enlacesDoc\">\n<div class=\"enlacesDoc\">\n<div class=\"enlacesDoc\">\n<div class=\"enlacesDoc\">\n<div class=\"enlacesDoc\">\n<div class=\"enlacesDoc\">\n<div class=\"enlacesDoc\">\n<div class=\"enlacesDoc\">\n<div class=\"enlacesDoc\" style=\"text-align: justify;\">\n<div class=\"enlacesDoc\">\n<div class=\"enlacesDoc\">\n<div class=\"enlacesDoc\">\n<div class=\"enlacesDoc\">\n<a class=\"mwm-aal-item\" name=\"disposiciones-autonomicas\"><\/a><h6 style=\"text-align: justify;\"><strong style=\"font-size: 0.857143rem;\"><span style=\"font-size: 12pt;\">Disposiciones auton\u00f3micas<\/span><\/strong><\/h6>\n<p><span style=\"color: #0000ff;\"><strong>Resumen:<\/strong> Normativa de Castilla-La Mancha (agilizaci\u00f3n administrativa, organizaciones agrarias) y Madrid (tributos cedidos).<\/span><\/p>\n<\/div>\n<\/div>\n<\/div>\n<\/div>\n<\/div>\n<\/div>\n<\/div>\n<\/div>\n<\/div>\n<\/div>\n<\/div>\n<\/div>\n<\/div>\n<\/div>\n<\/div>\n<\/div>\n<\/div>\n<\/div>\n<\/div>\n<p style=\"text-align: justify;\"><strong>Castilla-La Mancha.<\/strong>\u00a0Ley 3\/2025, de 6 de junio, de determinaci\u00f3n de la representatividad de las organizaciones profesionales agrarias en Castilla-La Mancha.<\/p>\n<ul style=\"text-align: justify;\">\n<li class=\"puntoPDF\"><a title=\"PDF firmado BOE-A-2025-17857\" href=\"https:\/\/www.boe.es\/boe\/dias\/2025\/09\/09\/pdfs\/BOE-A-2025-17857.pdf\">PDF (BOE-A-2025-17857 &#8211; 6\u00a0<abbr title=\"p\u00e1ginas\">p\u00e1gs.<\/abbr>\u00a0&#8211; 219\u00a0<abbr title=\"kilobytes\">KB<\/abbr>)<\/a> \u00a0<a title=\"Versi\u00f3n HTML BOE-A-2025-17857\" href=\"https:\/\/www.boe.es\/diario_boe\/txt.php?id=BOE-A-2025-17857\">Otros formatos<\/a><\/li>\n<\/ul>\n<p style=\"text-align: justify;\"><strong>Castilla-La Mancha. <\/strong>Ley 4\/2025, de 11 de julio, de Simplificaci\u00f3n, Agilizaci\u00f3n y Digitalizaci\u00f3n Administrativa.<\/p>\n<div class=\"enlacesDoc\">\n<ul>\n<li class=\"puntoPDF\"><a title=\"PDF firmado BOE-A-2025-18966\" href=\"https:\/\/www.boe.es\/boe\/dias\/2025\/09\/25\/pdfs\/BOE-A-2025-18966.pdf\">PDF (BOE-A-2025-18966 &#8211; 58\u00a0<abbr title=\"p\u00e1ginas\">p\u00e1gs.<\/abbr>\u00a0&#8211; 553\u00a0<abbr title=\"kilobytes\">KB<\/abbr>)<\/a> \u00a0<a title=\"Versi\u00f3n HTML BOE-A-2025-18966\" href=\"https:\/\/www.boe.es\/diario_boe\/txt.php?id=BOE-A-2025-18966\">Otros formatos<\/a><\/li>\n<\/ul>\n<p style=\"text-align: justify;\"><strong>Madrid.<\/strong>\u00a0Ley 2\/2025, de 25 de junio, por la que se modifica el texto refundido de las disposiciones legales de la Comunidad de Madrid en materia de tributos cedidos por el Estado, aprobado por Decreto Legislativo 1\/2010, de 21 de octubre, del Consejo de Gobierno, para incrementar la bonificaci\u00f3n aplicable a los parientes incluidos en el Grupo III de parentesco en el Impuesto sobre Sucesiones y Donaciones y simplificar los requisitos de acceso a los beneficios fiscales en el Impuesto sobre Donaciones.<\/p>\n<div class=\"enlacesDoc\">\n<ul>\n<li class=\"puntoPDF\"><a title=\"PDF firmado BOE-A-2025-19345\" href=\"https:\/\/www.boe.es\/boe\/dias\/2025\/09\/30\/pdfs\/BOE-A-2025-19345.pdf\">PDF (BOE-A-2025-19345 &#8211; 6\u00a0<abbr title=\"p\u00e1ginas\">p\u00e1gs.<\/abbr>\u00a0&#8211; 219\u00a0<abbr title=\"kilobytes\">KB<\/abbr>)<\/a> \u00a0<a title=\"Versi\u00f3n HTML BOE-A-2025-19345\" href=\"https:\/\/www.boe.es\/diario_boe\/txt.php?id=BOE-A-2025-19345\">Otros formatos<\/a><\/li>\n<\/ul>\n<\/div>\n<\/div>\n<a class=\"mwm-aal-item\" name=\"tribunales\"><\/a><h6><span style=\"font-size: 12pt;\">Tribunales<\/span><\/h6>\n<p style=\"text-align: justify;\"><span style=\"color: #0000ff;\"><strong>Resumen.\u00a0Tribunal Constitucional:<\/strong> Conflictos del Senado con el Congreso y con el Gobierno,\u00a0 normativa valenciana sobre menores trans, Actos Jur\u00eddicos documentados para Sociedades de Garant\u00edas Rec\u00edprocas en Galicia. <strong>Tribunal Supremo:<\/strong> Anulaci\u00f3n de la reforma del Reglamento de Costas aprobada en 2022.<\/span><\/p>\n<p><strong><span style=\"font-size: 12pt;\">Tribunal Constitucional<\/span><\/strong><\/p>\n<p style=\"text-align: justify;\"><strong>Conflicto Congreso &#8211; Senado.\u00a0<\/strong> Conflicto entre \u00f3rganos constitucionales n.\u00ba 4144-2025, en relaci\u00f3n con el Acuerdo de la Mesa del Congreso de los Diputados, de 18 de marzo de 2025, de no proceder a la tramitaci\u00f3n por el Pleno de la C\u00e1mara de las enmiendas aprobadas por el Pleno del Senado por las que se introducen en el Proyecto de Ley de prevenci\u00f3n de las p\u00e9rdidas y el desperdicio alimentario la disposici\u00f3n adicional sexta y la disposici\u00f3n final decimoquinta, por haber expresado el Gobierno su disconformidad con la tramitaci\u00f3n de las mismas.<\/p>\n<p style=\"text-align: justify;\">El Pleno del Tribunal Constitucional ha acordado admitir a tr\u00e1mite el conflicto entre \u00f3rganos constitucionales,<strong> promovido por el Senado frente al Congreso de los Diputados<\/strong>, en relaci\u00f3n con el acuerdo de la Mesa del Congreso de los Diputados, de 18 de marzo de 2025, de no proceder a la tramitaci\u00f3n por el Pleno de la C\u00e1mara de las enmiendas aprobadas por el Pleno del Senado por las que se introducen en el Proyecto de Ley de prevenci\u00f3n de las p\u00e9rdidas y el desperdicio alimentario la disposici\u00f3n adicional sexta y la disposici\u00f3n final decimoquinta, por haber expresado el Gobierno su disconformidad con la tramitaci\u00f3n de las mismas.<\/p>\n<ul>\n<li class=\"puntoPDF\"><a title=\"PDF firmado BOE-A-2025-18302\" href=\"https:\/\/www.boe.es\/boe\/dias\/2025\/09\/16\/pdfs\/BOE-A-2025-18302.pdf\">PDF (BOE-A-2025-18302 &#8211; 1\u00a0<abbr title=\"p\u00e1gina\">p\u00e1g.<\/abbr>\u00a0&#8211; 187\u00a0<abbr title=\"kilobytes\">KB<\/abbr>)<\/a> \u00a0<a title=\"Versi\u00f3n HTML BOE-A-2025-18302\" href=\"https:\/\/www.boe.es\/diario_boe\/txt.php?id=BOE-A-2025-18302\">Otros formatos<\/a><\/li>\n<\/ul>\n<p style=\"text-align: justify;\"><strong>Conflicto Gobierno &#8211; Senado. <\/strong>Conflicto entre \u00f3rganos constitucionales n.\u00ba 2795-2025, en relaci\u00f3n con el Acuerdo de la Mesa del Senado de 25 de febrero de 2025 y la Resoluci\u00f3n del Presidente del Senado de 27 de febrero de 2025, ratificados con fecha 19 de marzo de 2025, por los que se rechaza la disconformidad del Gobierno a la tramitaci\u00f3n de las enmiendas n\u00fameros 5 y 109, 32, 33, 34 y 45, 36, 104 y 110 presentadas al Proyecto de Ley de prevenci\u00f3n de las p\u00e9rdidas y el desperdicio alimentario.<\/p>\n<p style=\"text-align: justify;\">El Pleno del Tribunal Constitucional ha acordado admitir a tr\u00e1mite el conflicto entre \u00f3rganos constitucionales <strong>promovido por el Gobierno de la Naci\u00f3n frente al Senado<\/strong>, en relaci\u00f3n con el acuerdo de la Mesa del Senado de 25 de febrero de 2025 y la resoluci\u00f3n del presidente del Senado de 27 de febrero de 2025, ratificados con fecha 19 de marzo de 2025, por los que se rechaza la disconformidad del Gobierno a la tramitaci\u00f3n de las enmiendas n\u00fameros 5 y 109, 32, 33, 34 y 45, 36, 104 y 110 presentadas al Proyecto de Ley de prevenci\u00f3n de las p\u00e9rdidas y el desperdicio alimentario.<\/p>\n<ul>\n<li class=\"puntoPDF\"><a title=\"PDF firmado BOE-A-2025-19193\" href=\"https:\/\/www.boe.es\/boe\/dias\/2025\/09\/29\/pdfs\/BOE-A-2025-19193.pdf\">PDF (BOE-A-2025-19193 &#8211; 1\u00a0<abbr title=\"p\u00e1gina\">p\u00e1g.<\/abbr>\u00a0&#8211; 187\u00a0<abbr title=\"kilobytes\">KB<\/abbr>)<\/a>\u00a0 \u00a0<a title=\"Versi\u00f3n HTML BOE-A-2025-19193\" href=\"https:\/\/www.boe.es\/diario_boe\/txt.php?id=BOE-A-2025-19193\">Otros formatos<\/a><\/li>\n<\/ul>\n<p style=\"text-align: justify;\"><strong>Menores trans Valencia.<\/strong> Recurso de inconstitucionalidad n.\u00ba 6105-2025, contra el p\u00e1rrafo segundo del art\u00edculo 16.2.b) de la Ley 8\/2017, de 7 de abril, integral del reconocimiento del derecho a la identidad y a la expresi\u00f3n de g\u00e9nero en la Comunitat Valenciana, incorporado mediante el art\u00edculo 136 de la <a href=\"https:\/\/www.boe.es\/buscar\/doc.php?id=BOE-A-2025-11959\" target=\"_blank\" rel=\"nofollow noopener noreferrer\">Ley 5\/2025, de 30 de mayo<\/a>, de medidas fiscales, de gesti\u00f3n administrativa y financiera, y de organizaci\u00f3n de la Generalitat.<\/p>\n<ul>\n<li class=\"puntoPDF\"><a title=\"PDF firmado BOE-A-2025-19190\" href=\"https:\/\/www.boe.es\/boe\/dias\/2025\/09\/29\/pdfs\/BOE-A-2025-19190.pdf\">PDF (BOE-A-2025-19190 &#8211; 1\u00a0<abbr title=\"p\u00e1gina\">p\u00e1g.<\/abbr>\u00a0&#8211; 187\u00a0<abbr title=\"kilobytes\">KB<\/abbr>)<\/a> \u00a0<a title=\"Versi\u00f3n HTML BOE-A-2025-19190\" href=\"https:\/\/www.boe.es\/diario_boe\/txt.php?id=BOE-A-2025-19190\">Otros formatos<\/a><\/li>\n<\/ul>\n<p style=\"text-align: justify;\"><strong>AJD para SGR en Galicia.<\/strong>\u00a0Cuesti\u00f3n de inconstitucionalidad n.\u00ba 1478-2025, en relaci\u00f3n con <a href=\"https:\/\/www.boe.es\/buscar\/act.php?id=BOE-A-2011-18161#a15\" target=\"_blank\" rel=\"nofollow noopener noreferrer\">art\u00edculo 15.seis<\/a> del texto refundido de las disposiciones legales de la Comunidad Aut\u00f3noma de Galicia en materia de tributos cedidos por el Estado, aprobado por el Decreto Legislativo 1\/2011, de 28 de julio.<\/p>\n<ul>\n<li class=\"puntoPDF\"><a title=\"PDF firmado BOE-A-2025-19191\" href=\"https:\/\/www.boe.es\/boe\/dias\/2025\/09\/29\/pdfs\/BOE-A-2025-19191.pdf\">PDF (BOE-A-2025-19191 &#8211; 1\u00a0<abbr title=\"p\u00e1gina\">p\u00e1g.<\/abbr>\u00a0&#8211; 187\u00a0<abbr title=\"kilobytes\">KB<\/abbr>)<\/a> \u00a0<a title=\"Versi\u00f3n HTML BOE-A-2025-19191\" href=\"https:\/\/www.boe.es\/diario_boe\/txt.php?id=BOE-A-2025-19191\">Otros formatos<\/a><\/li>\n<\/ul>\n<p><strong><span style=\"font-size: 12pt;\">Tribunal Supremo<\/span><\/strong><\/p>\n<p style=\"text-align: justify;\">Reglamento de Costas.\u00a0Sentencia de 28 de mayo de 2024, de la Sala Tercera del Tribunal Supremo, que estima el recurso contencioso-administrativo interpuesto por la representaci\u00f3n de don Klaus Peter Bach contra el Real Decreto 688\/2022, de 1 de agosto, por el que se modifica el Reglamento General de Costas, aprobado por Real Decreto 876\/2014, de 10 de octubre.<\/p>\n<p style=\"text-align: justify;\">Esta sentencia estima el recurso contencioso-administrativo interpuesto contra el <a href=\"https:\/\/www.boe.es\/buscar\/act.php?id=BOE-A-2022-12932\"><strong>Real Decreto 668\/2022, de 1 de agosto<\/strong><\/a>, por el que se modifica el Reglamento General de Costas, que se declara <strong>nulo de pleno derecho<\/strong>, por no estar ajustado al ordenamiento jur\u00eddico; con imposici\u00f3n de costas a la Administraci\u00f3n General del Estado.<\/p>\n<p>Ver <strong><a href=\"https:\/\/www.notariosyregistradores.com\/web\/normas\/informes-mensuales\/informe-335-boe-agosto-2022\/#reglamento-de-costas-modificacion\">resumen de la reforma anulada.<\/a><\/strong><\/p>\n<p><a title=\"PDF firmado BOE-A-2025-18351\" href=\"https:\/\/www.boe.es\/boe\/dias\/2025\/09\/17\/pdfs\/BOE-A-2025-18351.pdf\">PDF (BOE-A-2025-18351 &#8211; 1\u00a0<abbr title=\"p\u00e1gina\">p\u00e1g.<\/abbr>\u00a0&#8211; 188\u00a0<abbr title=\"kilobytes\">KB<\/abbr>)<\/a> \u00a0<a title=\"Versi\u00f3n HTML BOE-A-2025-18351\" href=\"https:\/\/www.boe.es\/diario_boe\/txt.php?id=BOE-A-2025-18351\">Otros formatos<\/a><\/p>\n<a class=\"mwm-aal-item\" name=\"seccion-ii\"><\/a><h6><strong><span style=\"font-size: 14pt; color: #0000ff;\"><a id=\"s2\"><\/a>SECCI\u00d3N II<\/span><\/strong><\/h6>\n<p style=\"text-align: justify;\"><span style=\"color: #0000ff;\"><strong>Resumen:\u00a0<\/strong>Oposiciones entre Notarios: sorteo y comienzo de ejercicios.\u00a0Concurso de Registros: resultado en el BOE.\u00a0Concurso Notarial: convocatoria. Jubilaci\u00f3n de ocho notarios (en tres casos, voluntaria) y de dos registradores.<\/span><\/p>\n<a class=\"mwm-aal-item\" name=\"oposiciones-entre-notarios-sorteo-y-comienzo-de-ejercicios\"><\/a><h6><span style=\"font-size: 12pt;\">Oposiciones entre Notarios: sorteo y comienzo de ejercicios<\/span><\/h6>\n<p style=\"text-align: justify;\">Resoluci\u00f3n de 4 de septiembre de 2025, de la Direcci\u00f3n General de Seguridad Jur\u00eddica y Fe P\u00fablica, por la que se ordena la constituci\u00f3n del Tribunal, se anuncia el sorteo de las personas opositoras y fecha, hora y lugar de celebraci\u00f3n del primer ejercicio para la oposici\u00f3n entre notarias y notarios, convocada por Resoluci\u00f3n de 1 de octubre de 2024.<\/p>\n<p style=\"text-align: justify;\">La oposici\u00f3n entre notarios fue convocada por <a href=\"https:\/\/www.notariosyregistradores.com\/web\/normas\/informes-mensuales\/informe-361-boe-octubre-2024\/#convocada-oposicion-entre-notarios\">Resoluci\u00f3n de 1 de octubre de 2024.\u00a0<\/a><\/p>\n<p style=\"text-align: justify;\">Han sido admitidas 26 personas para participar en ella, por <a href=\"https:\/\/www.notariosyregistradores.com\/web\/normas\/informes-mensuales\/informe-364-boe-enero-2025\/#oposiciones-entre-notarios-lista-definitiva-de-admitidos\">Resoluci\u00f3n de 16 de enero de 2025<\/a>.\u00a0<\/p>\n<p style=\"text-align: justify;\">Se design\u00f3 el Tribunal por <a href=\"https:\/\/www.notariosyregistradores.com\/web\/normas\/informes-mensuales\/informe-no-367\/#tribunal-oposiciones-entre-notarios\">Orden PJC\/311\/2025, de 24 de marzo<\/a>, siendo la presidenta do\u00f1a Mar\u00eda Ester P\u00e9rez Jerez, Directora General de Seguridad Jur\u00eddica y Fe P\u00fablica.<\/p>\n<p style=\"text-align: justify;\">Ahora, esta nueva Resoluci\u00f3n dispone que\u00a0<strong>el Tribunal se constituir\u00e1<\/strong> el d\u00eda <strong>15 de septiembre<\/strong>, a las 16:30 horas, en la sede de la DGSJFP y ese mismo d\u00eda, a las 17:00 horas, se celebrar\u00e1 el <strong>sorteo<\/strong> de las personas solicitantes admitidas a la oposici\u00f3n.<\/p>\n<p style=\"text-align: justify;\">Tambi\u00e9n convoca para el d\u00eda <strong>28 de octubre de 2025<\/strong>, a las 14:00 horas, en la sede del Consejo General del Notariado, sita en la c\/ Silvano, n\u00famero 55, en Madrid, para la pr\u00e1ctica del<strong> primer ejercicio<\/strong> de esta oposici\u00f3n, en primer y \u00fanico llamamiento, a todas las personas admitidas a la misma.<\/p>\n<div class=\"enlacesDoc\">\n<ul>\n<li class=\"puntoPDF\"><a title=\"PDF firmado BOE-A-2025-18021\" href=\"https:\/\/www.boe.es\/boe\/dias\/2025\/09\/11\/pdfs\/BOE-A-2025-18021.pdf\">PDF (BOE-A-2025-18021 &#8211; 1\u00a0<abbr title=\"p\u00e1gina\">p\u00e1g.<\/abbr>\u00a0&#8211; 189\u00a0<abbr title=\"kilobytes\">KB<\/abbr>)<\/a> \u00a0<a title=\"Versi\u00f3n HTML BOE-A-2025-18021\" href=\"https:\/\/www.boe.es\/diario_boe\/txt.php?id=BOE-A-2025-18021\">Otros formatos<\/a><\/li>\n<\/ul>\n<a class=\"mwm-aal-item\" name=\"concurso-de-registros-resultado-en-el-boe\"><\/a><h6 style=\"text-align: justify;\"><span style=\"font-size: 12pt;\">Concurso de Registros: resultado en el BOE<\/span><\/h6>\n<p style=\"text-align: justify;\"><strong>DGSJFP.<\/strong> Resoluci\u00f3n de 8 de septiembre de 2025, de la Direcci\u00f3n General de Seguridad Jur\u00eddica y Fe P\u00fablica, por la que se resuelve el concurso ordinario n.\u00ba 322 para la provisi\u00f3n de Registros de la Propiedad, Mercantiles y de Bienes Muebles vacantes, convocado por Resoluci\u00f3n de 3 de julio de 2025, y se dispone su comunicaci\u00f3n a las Comunidades Aut\u00f3nomas para que se proceda a los nombramientos.<\/p>\n<p style=\"text-align: justify;\"><strong>Catalu\u00f1a.<\/strong> Resoluci\u00f3n de 8 de septiembre de 2025, de la Direcci\u00f3n General de Derecho, Entidades Jur\u00eddicas y Mediaci\u00f3n, del Departamento de Justicia y Calidad Democr\u00e1tica, por la que se resuelve el concurso para la provisi\u00f3n de Registros de la Propiedad, Mercantiles y de Bienes Muebles n.\u00ba 322, convocado por Resoluci\u00f3n de 3 de julio de 2025.<\/p>\n<p style=\"text-align: justify;\">El BOE publica las Resoluciones con el resultado definitivo del concurso n\u00ba 322,\u00a0<\/p>\n<p style=\"text-align: justify;\">La DGSJFP ha cubierto 35 plazas de las 39 ofertadas.<\/p>\n<p style=\"text-align: justify;\">La DGDEJyM catalana ha cubierto 5 de las 7 plazas libres radicantes en Catalu\u00f1a. .<\/p>\n<p style=\"text-align: justify;\">En total, se han cubierto 40 vacantes, quedando desiertas para el Cuerpo de Aspirantes, 6 plazas, que, unidas a las 42 ya existentes alcanzan el n\u00famero de <strong>48 plazas <\/strong>(salvo error), dos m\u00e1s que los aprobados en la \u00faltima Oposici\u00f3n.<\/p>\n<p style=\"text-align: justify;\"><a href=\"https:\/\/www.notariosyregistradores.com\/web\/normas\/informes-mensuales\/informe-370-boe-julio-2025\/#concurso-registros-322-convocatoria\">Convocatoria del concurso.<\/a><\/p>\n<p>Ir al\u00a0<a href=\"https:\/\/www.notariosyregistradores.com\/web\/category\/participa\/concursos\/#registros\">archivo de concursos<\/a>.<\/p>\n<div class=\"enlacesDoc\">\n<ul>\n<li class=\"puntoPDF\"><a title=\"PDF firmado BOE-A-2025-18191\" href=\"https:\/\/www.boe.es\/boe\/dias\/2025\/09\/15\/pdfs\/BOE-A-2025-18191.pdf\">PDF (BOE-A-2025-18191 &#8211; 2\u00a0<abbr title=\"p\u00e1ginas\">p\u00e1gs.<\/abbr>\u00a0&#8211; 251\u00a0<abbr title=\"kilobytes\">KB<\/abbr>)<\/a> \u00a0<a title=\"Versi\u00f3n HTML BOE-A-2025-18191\" href=\"https:\/\/www.boe.es\/diario_boe\/txt.php?id=BOE-A-2025-18191\">Otros formatos<\/a>\u00a0<\/li>\n<li><a title=\"PDF firmado BOE-A-2025-18207\" href=\"https:\/\/www.boe.es\/boe\/dias\/2025\/09\/15\/pdfs\/BOE-A-2025-18207.pdf\">PDF (BOE-A-2025-18207 &#8211; 2\u00a0<abbr title=\"p\u00e1ginas\">p\u00e1gs.<\/abbr>\u00a0&#8211; 192\u00a0<abbr title=\"kilobytes\">KB<\/abbr>)<\/a> \u00a0<a title=\"Versi\u00f3n HTML BOE-A-2025-18207\" href=\"https:\/\/www.boe.es\/diario_boe\/txt.php?id=BOE-A-2025-18207\">Otros formatos<\/a><\/li>\n<\/ul>\n<a class=\"mwm-aal-item\" name=\"concurso-notarial-convocatoria\"><\/a><h6><span style=\"font-size: 12pt;\"><strong>Concurso Notarial: convocatoria<\/strong><\/span><\/h6>\n<p style=\"text-align: justify;\"><strong>BOE:<\/strong> Resoluci\u00f3n de 15 de septiembre de 2025, de la Direcci\u00f3n General de Seguridad Jur\u00eddica y Fe P\u00fablica, por la que se convoca concurso para la provisi\u00f3n de notar\u00edas vacantes.<\/p>\n<p style=\"text-align: justify;\"><strong>Catalu\u00f1a:\u00a0<\/strong>Resoluci\u00f3n de 15 de septiembre de 2025, de la Direcci\u00f3n General de Derecho, Entidades Jur\u00eddicas y Mediaci\u00f3n, del Departamento de Justicia y Calidad Democr\u00e1tica, por la que se anuncia concurso para la provisi\u00f3n de notar\u00edas vacantes.<\/p>\n<p>En el concurso DGSJFP salen 114 plazas.<\/p>\n<p>En Catalu\u00f1a se ofrecen otras 27 plazas.<\/p>\n<p>En total, salen a concurso 141 plazas. De ellas, 44 son por jubilaciones.<\/p>\n<p>El plazo concluye, salvo error, el martes 7 de octubre.<\/p>\n<p>Ir al <a href=\"https:\/\/www.notariosyregistradores.com\/web\/normas\/informes-mensuales\/informe-373-boe-octubre-2025\/#concurso-notarial-resultado-definitivo-en-el-boe\">resultado <strong>DEFINITIVO<\/strong> en el BOE<\/a> (27-X)<\/p>\n<p>Ir al <strong><a href=\"https:\/\/www.mjusticia.gob.es\/es\/Ciudadano\/EmpleoPublico\/Documents\/AVANCE%20RESOLUCI%C3%93N%20CONCURSO%20469.pdf\" target=\"_blank\" rel=\"noopener\">AVANCE PROVISIONAL [EXCEPTO Catalu\u00f1a]<\/a>\u00a0<\/strong><\/p>\n<p>Ir al <a href=\"https:\/\/www.notariosyregistradores.com\/web\/category\/participa\/concursos\/\">archivo de concursos<\/a>.<\/p>\n<div class=\"enlacesDoc\">\n<ul>\n<li class=\"puntoPDF\"><a title=\"PDF firmado BOE-A-2025-18665\" href=\"https:\/\/www.boe.es\/boe\/dias\/2025\/09\/22\/pdfs\/BOE-A-2025-18665.pdf\">PDF (BOE-A-2025-18665 &#8211; 11\u00a0<abbr title=\"p\u00e1ginas\">p\u00e1gs.<\/abbr>\u00a0&#8211; 463\u00a0<abbr title=\"kilobytes\">KB<\/abbr>)<\/a> \u00a0<a title=\"Versi\u00f3n HTML BOE-A-2025-18665\" href=\"https:\/\/www.boe.es\/diario_boe\/txt.php?id=BOE-A-2025-18665\">Otros formatos<\/a><\/li>\n<li><a title=\"PDF firmado BOE-A-2025-18667\" href=\"https:\/\/www.boe.es\/boe\/dias\/2025\/09\/22\/pdfs\/BOE-A-2025-18667.pdf\">PDF (BOE-A-2025-18667 &#8211; 7\u00a0<abbr title=\"p\u00e1ginas\">p\u00e1gs.<\/abbr>\u00a0&#8211; 521\u00a0<abbr title=\"kilobytes\">KB<\/abbr>)<\/a> \u00a0<a title=\"Versi\u00f3n HTML BOE-A-2025-18667\" href=\"https:\/\/www.boe.es\/diario_boe\/txt.php?id=BOE-A-2025-18667\">Otros formatos<\/a><\/li>\n<\/ul>\n<\/div>\n<\/div>\n<\/div>\n<a class=\"mwm-aal-item\" name=\"jubilaciones\"><\/a><h6 style=\"text-align: justify;\"><span style=\"font-size: 12pt;\">Jubilaciones<\/span><\/h6>\n<p style=\"text-align: justify;\">Se declara la jubilaci\u00f3n voluntaria de la notaria de Salamanca do\u00f1a Mar\u00eda Paloma Ruiz Ruip\u00e9rez.<\/p>\n<p style=\"text-align: justify;\">Se declara la jubilaci\u00f3n del notario de Marbella don Jos\u00e9 Ord\u00f3\u00f1ez Cuadros.<\/p>\n<p style=\"text-align: justify;\">Se declara la jubilaci\u00f3n del notario de A Coru\u00f1a don Enrique Santiago Rajoy Feijoo.<\/p>\n<p style=\"text-align: justify;\">Se declara la jubilaci\u00f3n voluntaria del notario de Ourense don Daniel Balboa Fern\u00e1ndez.<\/p>\n<p>Se declara la jubilaci\u00f3n de la notaria de Ibi, do\u00f1a Mar\u00eda del Pilar N\u00fa\u00f1ez de Cela Artiaga.<\/p>\n<p>Se declara la jubilaci\u00f3n del notario de Madrid don Andr\u00e9s Santiago Guervos.<\/p>\n<p>Se declara la jubilaci\u00f3n del notario de Majadahonda don Gerardo Sebasti\u00e1n Delgado Garc\u00eda.<\/p>\n<p>Se declara la jubilaci\u00f3n de do\u00f1a Sara Pilar Fern\u00e1ndez \u00c1lvarez, registradora de la propiedad de Torrej\u00f3n de Ardoz n.\u00ba 2.<\/p>\n<p>Se declara la jubilaci\u00f3n de don Antonio Pau Pedr\u00f3n, registrador mercantil de Madrid XV.<\/p>\n<p>Se declara la jubilaci\u00f3n voluntaria del notario de Ponferrada, don Bernardo Mart\u00ednez L\u00f3pez.<\/p>\n<a class=\"mwm-aal-item\" name=\"resoluciones-\"><\/a><h6><span style=\"font-size: 14pt; color: #0000ff;\"><a id=\"resoluciones\"><\/a>RESOLUCIONES:\u00a0<\/span><\/h6>\n<p>En<strong><span style=\"font-size: 14pt;\"> SEPTIEMBRE<\/span><span style=\"font-size: 14pt;\">, NO <\/span><\/strong><span style=\"font-size: 14pt;\"><span style=\"font-size: 12pt;\">se ha publicado <strong>NINGUNA<\/strong>.<\/span><span style=\"font-size: 12pt;\"><strong>\u00a0<\/strong><\/span><\/span><\/p>\n<p>&nbsp;<\/p>\n<a class=\"mwm-aal-item\" name=\"enlaces\"><\/a><h6><span style=\"font-size: 14pt;\"><a id=\"enlaces\"><\/a><span style=\"color: #0000ff;\">ENLACES:<\/span><\/span><\/h6>\n<h2 style=\"text-align: center;\"><a href=\"https:\/\/www.notariosyregistradores.com\/web\/normas\/informes-mensuales\/no-te-lo-pierdas-septiembre-2025\/\"><strong>IR A\u00a0<em>\u00a1NO TE LO PIERDAS!<\/em> DE SEPTIEMBRE<\/strong><\/a><\/h2>\n<p style=\"text-align: center;\"><span style=\"font-size: 14pt;\"><strong><a href=\"https:\/\/www.notariosyregistradores.com\/web\/normas\/cuadro-de-informes-mensuales-generales-de-lo-publicado-en-el-boe\/\">LISTA DE INFORMES MENSUALES<\/a><\/strong><\/span><\/p>\n<p><span style=\"font-size: 12pt;\"><strong>RECURSOS EN ESTA WEB SOBRE: <a href=\"https:\/\/www.notariosyregistradores.com\/web\/category\/normas\/\">NORMAS<\/a> &#8211; <a href=\"https:\/\/www.notariosyregistradores.com\/web\/category\/resoluciones\/\">RESOLUCIONES<\/a><\/strong><\/span><\/p>\n<p><span style=\"font-size: 12pt;\"><strong>OTROS RECURSOS: <a href=\"https:\/\/www.notariosyregistradores.com\/web\/category\/secciones\/\">Secciones<\/a> &#8211; <a href=\"https:\/\/www.notariosyregistradores.com\/web\/category\/participa\/\">Participa<\/a> &#8211; <a href=\"https:\/\/www.notariosyregistradores.com\/web\/category\/cuadros\/\">Cuadros<\/a> &#8211; <a href=\"https:\/\/www.notariosyregistradores.com\/web\/category\/practica\/\">Pr\u00e1ctica<\/a> &#8211; <a href=\"https:\/\/www.notariosyregistradores.com\/web\/secciones\/oficina-notarial\/modelos-para-documentos-notariales\/\">Modelos<\/a> &#8211; <a href=\"https:\/\/www.notariosyregistradores.com\/web\/category\/utilidades\/\">Utilidades<\/a><\/strong><\/span><\/p>\n<p><span style=\"font-size: 12pt;\"><strong>WEB: <span style=\"font-family: 'comic sans ms', sans-serif;\"><a href=\"http:\/\/www.notariosyregistradores.com\/web\/category\/esta-web\/que-ofrece\/\" target=\"_top\" rel=\"noopener noreferrer\">Qu\u00e9 ofrecemos<\/a> &#8211;\u00a0<a href=\"http:\/\/www.notariosyregistradores.com\/web\/1198-2\/\">NyR, p\u00e1gina de inicio<\/a> &#8211;<\/span> <span style=\"font-family: 'comic sans ms', sans-serif;\"><a href=\"http:\/\/www.notariosyregistradores.com\/web\/esta-web\/ideario\/ideario-de-esta-web\/\" target=\"_top\" rel=\"noopener noreferrer\">Ideario Web<\/a><\/span><\/strong><\/span><\/p>\n<p style=\"text-align: center;\"><strong><span style=\"font-size: 14pt;\"><a href=\"http:\/\/www.notariosyregistradores.com\/\">PORTADA DE LA WEB<\/a><\/span><\/strong><\/p>\n<div id=\"attachment_130509\" style=\"width: 1034px\" class=\"wp-caption aligncenter\"><img loading=\"lazy\" decoding=\"async\" aria-describedby=\"caption-attachment-130509\" class=\"wp-image-130509 size-full\" src=\"https:\/\/www.notariosyregistradores.com\/web\/wp-content\/uploads\/2025\/09\/Vendimia-en-la-Borgona.jpg\" alt=\"\" width=\"1024\" height=\"768\" srcset=\"https:\/\/www.notariosyregistradores.com\/web\/wp-content\/uploads\/2025\/09\/Vendimia-en-la-Borgona.jpg 1024w, https:\/\/www.notariosyregistradores.com\/web\/wp-content\/uploads\/2025\/09\/Vendimia-en-la-Borgona-300x225.jpg 300w, https:\/\/www.notariosyregistradores.com\/web\/wp-content\/uploads\/2025\/09\/Vendimia-en-la-Borgona-768x576.jpg 768w, https:\/\/www.notariosyregistradores.com\/web\/wp-content\/uploads\/2025\/09\/Vendimia-en-la-Borgona-500x375.jpg 500w\" sizes=\"auto, (max-width: 1024px) 100vw, 1024px\" \/><p id=\"caption-attachment-130509\" class=\"wp-caption-text\">Vendimia en la Borgo\u00f1a (Francia)<\/p><\/div>\n","protected":false},"excerpt":{"rendered":"<p>&nbsp; INFORME N\u00ba 372. (BOE SEPTIEMBRE de 2025) Primera Parte: Secciones I y II. IR A LISTA DE INFORMES MENSUALES IR A RESOLUCIONES DE AGOSTO IR A\u00a0\u00a1NO TE LO PIERDAS! DE SEPTIEMBRE &nbsp; Equipo de redacci\u00f3n: * V\u00edctor Esquirol Jim\u00e9nez, notario de El Masnou (Barcelona), coordinador en septiembre * Albert Capell Mart\u00ednez, notario de Barcelona, [&hellip;]<\/p>\n","protected":false},"author":10,"featured_media":130508,"comment_status":"open","ping_status":"closed","sticky":false,"template":"","format":"standard","meta":{"_bbp_topic_count":0,"_bbp_reply_count":0,"_bbp_total_topic_count":0,"_bbp_total_reply_count":0,"_bbp_voice_count":0,"_bbp_anonymous_reply_count":0,"_bbp_topic_count_hidden":0,"_bbp_reply_count_hidden":0,"_bbp_forum_subforum_count":0,"footnotes":""},"categories":[180],"tags":[20864,20865,20863],"class_list":{"0":"post-130505","1":"post","2":"type-post","3":"status-publish","4":"format-standard","5":"has-post-thumbnail","7":"category-informes-mensuales","8":"tag-boe-septiembre-2025","9":"tag-informe-septiembre-2025","10":"tag-vendimia"},"_links":{"self":[{"href":"https:\/\/www.notariosyregistradores.com\/web\/wp-json\/wp\/v2\/posts\/130505","targetHints":{"allow":["GET"]}}],"collection":[{"href":"https:\/\/www.notariosyregistradores.com\/web\/wp-json\/wp\/v2\/posts"}],"about":[{"href":"https:\/\/www.notariosyregistradores.com\/web\/wp-json\/wp\/v2\/types\/post"}],"author":[{"embeddable":true,"href":"https:\/\/www.notariosyregistradores.com\/web\/wp-json\/wp\/v2\/users\/10"}],"replies":[{"embeddable":true,"href":"https:\/\/www.notariosyregistradores.com\/web\/wp-json\/wp\/v2\/comments?post=130505"}],"version-history":[{"count":10,"href":"https:\/\/www.notariosyregistradores.com\/web\/wp-json\/wp\/v2\/posts\/130505\/revisions"}],"predecessor-version":[{"id":131652,"href":"https:\/\/www.notariosyregistradores.com\/web\/wp-json\/wp\/v2\/posts\/130505\/revisions\/131652"}],"wp:featuredmedia":[{"embeddable":true,"href":"https:\/\/www.notariosyregistradores.com\/web\/wp-json\/wp\/v2\/media\/130508"}],"wp:attachment":[{"href":"https:\/\/www.notariosyregistradores.com\/web\/wp-json\/wp\/v2\/media?parent=130505"}],"wp:term":[{"taxonomy":"category","embeddable":true,"href":"https:\/\/www.notariosyregistradores.com\/web\/wp-json\/wp\/v2\/categories?post=130505"},{"taxonomy":"post_tag","embeddable":true,"href":"https:\/\/www.notariosyregistradores.com\/web\/wp-json\/wp\/v2\/tags?post=130505"}],"curies":[{"name":"wp","href":"https:\/\/api.w.org\/{rel}","templated":true}]}}