{"id":130942,"date":"2025-09-27T10:49:24","date_gmt":"2025-09-27T08:49:24","guid":{"rendered":"https:\/\/www.notariosyregistradores.com\/web\/?p=130942"},"modified":"2025-09-27T10:53:08","modified_gmt":"2025-09-27T08:53:08","slug":"bibliografia-sobre-consumo-y-derecho-informe-no-37-primer-trimestre-2025","status":"publish","type":"post","link":"https:\/\/www.notariosyregistradores.com\/web\/secciones\/consumo-y-derecho\/informes-mensuales-cyd\/bibliografia-sobre-consumo-y-derecho-informe-no-37-primer-trimestre-2025\/","title":{"rendered":"Bibliograf\u00eda sobre Consumo y Derecho. Informe n\u00ba 37. Primer trimestre 2025"},"content":{"rendered":"<h1 style=\"text-align: center;\"><span style=\"color: #0000ff;\"><strong>BIBLIOGRAF\u00cdA SOBRE CONSUMO Y DERECHO<\/strong><\/span><\/h1>\n<h2 style=\"text-align: center;\"><strong>Informe n\u00ba 37. Primer Trimestre 2025<\/strong><\/h2>\n<h2 style=\"text-align: center;\">V\u00cdCTOR BASTANTE GRANELL<\/h2>\n<h2 style=\"text-align: center;\"><strong>Doctor en Derecho.\u00a0Universidad de Almer\u00eda<\/strong><\/h2>\n<h2 style=\"text-align: center;\"><strong>vbg415@ual.es<\/strong><\/h2>\n<p>&nbsp;<\/p>\n<p style=\"text-align: justify;\"><span style=\"font-size: 12pt;\"><strong>El informe en docx: <a href=\"https:\/\/www.notariosyregistradores.com\/web\/wp-content\/uploads\/2025\/09\/INFORME-DERECHO-Y-CONSUMO-BIBLIOGRAFIA-ENERO-MARZO-2025.docx\" target=\"_blank\" rel=\"noopener\">INFORME DERECHO Y CONSUMO (BIBLIOGRAF\u00cdA) enero &#8211; marzo 2024<\/a><\/strong><\/span><\/p>\n<p style=\"text-align: justify;\"><span style=\"font-size: 12pt;\"><strong>El informe en pdf: <a href=\"https:\/\/www.notariosyregistradores.com\/web\/wp-content\/uploads\/2025\/09\/INFORME-DERECHO-Y-CONSUMO-BIBLIOGRAFIA-ENERO-MARZO-2025.pdf\" target=\"_blank\" rel=\"noopener\">INFORME DERECHO Y CONSUMO (BIBLIOGRAF\u00cdA) enero &#8211; marzo 2025<\/a><\/strong><\/span><\/p>\n<p style=\"text-align: justify;\">\u00a0<\/p>\n<ul style=\"text-align: justify;\">\n<li><span style=\"font-size: 12pt;\">Alkorta Idiakez, Itziar, \u201cLa liberaci\u00f3n anticipada del fiador prohibente debitore: an\u00e1lisis sobre su procedencia y efectos\u201d, <em>Cuadernos de derecho privado: CDP<\/em>, N\u00ba. 10, 2024, p\u00e1gs. 12-51.<\/span><\/li>\n<\/ul>\n<p>&nbsp;<\/p>\n<ul style=\"text-align: justify;\">\n<li><span style=\"font-size: 12pt;\">Aparicio Araque, Blanca, \u00abDirectrices de la Uni\u00f3n Europea sobre pr\u00e1cticas prohibidas de Inteligencia Artificial\u00bb, <em>Revista CESCO<\/em>, N\u00ba. 53, 2025, p\u00e1gs. 135-159.<\/span><\/li>\n<\/ul>\n<p>&nbsp;<\/p>\n<ul style=\"text-align: justify;\">\n<li><span style=\"font-size: 12pt;\">Arias Moral, Beatriz, \u201cEl vencimiento anticipado de un pr\u00e9stamo por falta de pago: requisitos\u201d, <em>Revista de estudios jur\u00eddicos<\/em>, N\u00ba. 25, 2025.<\/span><\/li>\n<\/ul>\n<p>&nbsp;<\/p>\n<ul style=\"text-align: justify;\">\n<li><span style=\"font-size: 12pt;\">Ariza Colmenarejo, M.\u00aa Jes\u00fas, \u201cLa opci\u00f3n por el procedimiento con pronunciamientos sucesivos de las futuras acciones colectivas\u201d, <em>Actualidad civil<\/em>, N\u00ba 2, 2025.<\/span><\/li>\n<\/ul>\n<p>&nbsp;<\/p>\n<ul style=\"text-align: justify;\">\n<li><span style=\"font-size: 12pt;\">Balanta, Heidy Elieth, \u201cLa visi\u00f3n problem\u00e1tica de la corresponsabilidad en el tratamiento de datos personales seg\u00fan la Autoridad de Protecci\u00f3n de Datos de Colombia\u201d, <em>La Ley privacidad<\/em>, N\u00ba. 22, 2024.<\/span><\/li>\n<\/ul>\n<p>&nbsp;<\/p>\n<ul style=\"text-align: justify;\">\n<li><span style=\"font-size: 12pt;\">Biltgen, F., \u201cConsumidor enfrentado a una organizadora de viajes a ra\u00edz de la celebraci\u00f3n de un contrato de viaje combinado cuando ambas partes contractuales tienen su domicilio en ese Estado miembro\u201d, <em>La Ley Uni\u00f3n Europea<\/em>, N\u00ba. 132, 2025.<\/span><\/li>\n<\/ul>\n<p>&nbsp;<\/p>\n<ul style=\"text-align: justify;\">\n<li><span style=\"font-size: 12pt;\">Blas Fern\u00e1ndez, Jos\u00e9, \u201cEl IRPH tras la STJUE de 12 de diciembre de 2024 (Asunto C-300\/2023)\u201d, <em>Diario La Ley<\/em>, N\u00ba 10680, 2025.<\/span><\/li>\n<\/ul>\n<p>&nbsp;<\/p>\n<ul style=\"text-align: justify;\">\n<li><span style=\"font-size: 12pt;\">Busto Lago, Jos\u00e9 Manuel, \u201cLa acci\u00f3n directa frente a la aseguradora de responsabilidad civil de una Administraci\u00f3n P\u00fablica no puede utilizarse ni para revisar resoluciones administrativas de inexistencia de responsabilidad, ni para revisar su cuant\u00eda. Comentario a la STS 169\/2024, de 12 de febrero (JUR 2024, 55290)\u201d, <em>Cuadernos Civitas de jurisprudencia civil<\/em>, N\u00ba 126, 2024.<\/span><\/li>\n<\/ul>\n<p>&nbsp;<\/p>\n<ul style=\"text-align: justify;\">\n<li><span style=\"font-size: 12pt;\">Cadenas Osuna, Davinia, \u201cCar\u00e1cter usurario del inter\u00e9s pactado en una operaci\u00f3n crediticia. Comentario a la STS 1378\/2023, de 6 de octubre (JUR 2023, 395829)\u201d, <em>Cuadernos Civitas de jurisprudencia civil<\/em>, N\u00ba 126, 2024.<\/span><\/li>\n<\/ul>\n<p>&nbsp;<\/p>\n<ul style=\"text-align: justify;\">\n<li><span style=\"font-size: 12pt;\">Camacho Gonz\u00e1lez, Blas; G\u00f3mez G\u00e1lligo, Francisco Javier, \u201cEficacia de la reserva de dominio en caso de exoneraci\u00f3n del pasivo insatisfecho al comprador concursado en la ley de segunda oportunidad\u201d, <em>Revista Cr\u00edtica de Derecho Inmobiliario<\/em>, N\u00ba. 807, 2025, p\u00e1gs. 129-188.<\/span><\/li>\n<\/ul>\n<p>&nbsp;<\/p>\n<ul style=\"text-align: justify;\">\n<li><span style=\"font-size: 12pt;\">Carbajo Casc\u00f3n, Fernando, \u201cEl contrato de seguro. Experiencias y nuevas realidades sociales y tecnol\u00f3gicas\u201d, <em>Revista espa\u00f1ola de seguros<\/em>, N\u00ba. 200, 2024, p\u00e1gs. 615-616.<\/span><\/li>\n<\/ul>\n<p>&nbsp;<\/p>\n<ul style=\"text-align: justify;\">\n<li><span style=\"font-size: 12pt;\">Carrasco Perera, Angel Francisco; Berm\u00fadez Ballesteros, Sagrario, \u00ab\u00bfEl empresario que contrata online puede modificar el criterio legal sobre perfecci\u00f3n del contrato?\u00bb, <em>Revista CESCO<\/em>, N\u00ba. 53, 2025, p\u00e1gs. 20-36.<\/span><\/li>\n<\/ul>\n<p>&nbsp;<\/p>\n<ul style=\"text-align: justify;\">\n<li><span style=\"font-size: 12pt;\">Cavaller Verg\u00e9s, Misericordia, \u201cEl concepto aut\u00f3nomo de responsabilidad civil en el \u00e1mbito de la protecci\u00f3n de datos personales en la era digital: an\u00e1lisis del art\u00edculo 82 del Reglamento 2016\/679\u201d, <em>Revista de Derecho Comunitario Europeo<\/em>, N\u00ba. 79, 2024, p\u00e1gs. 251-292.<\/span><\/li>\n<\/ul>\n<p>&nbsp;<\/p>\n<ul style=\"text-align: justify;\">\n<li><span style=\"font-size: 12pt;\">Cordero Mendoza, Liliana Katherine, \u201cLa autenticidad e integridad en la contrataci\u00f3n civil electr\u00f3nica: An\u00e1lisis de su problem\u00e1tica y propuesta de lege ferenda para su incorporaci\u00f3n en el C\u00f3digo Civil peruano\u201d, <em>Revista de Derecho<\/em>, Vol. 24, N\u00ba. 1, 2024, p\u00e1gs. 392-415.<\/span><\/li>\n<\/ul>\n<p>&nbsp;<\/p>\n<ul style=\"text-align: justify;\">\n<li><span style=\"font-size: 12pt;\">Cots, Elisabet; Esteve, Irene, \u201cEl nuevo Reglamento de envases y residuos de envases: nuevos e importantes desaf\u00edos para la industria\u201d, <em>Actualidad jur\u00eddica Aranzadi<\/em>, N\u00ba 1014, 2025.<\/span><\/li>\n<\/ul>\n<p>&nbsp;<\/p>\n<ul style=\"text-align: justify;\">\n<li><span style=\"font-size: 12pt;\">Cots, Elisabet; Esteve, Irene; Gonz\u00e1lez, \u00c1ngela, \u201cNuevas obligaciones de marcado de los envases en Espa\u00f1a y posible cambio de tendencia desde la Uni\u00f3n Europea\u201d, <em>Actualidad jur\u00eddica Aranzadi<\/em>, N\u00ba 1012, 2024.<\/span><\/li>\n<\/ul>\n<p>&nbsp;<\/p>\n<ul style=\"text-align: justify;\">\n<li><span style=\"font-size: 12pt;\">Cuadrado Soler, Joan, \u201cLa prescripci\u00f3n de la acci\u00f3n de restituci\u00f3n de los gastos hipotecarios a la luz de las SSTJUE de 25 de abril de 2024 (asuntos C-484\/21 y C-561\/21) y las recientes modificaciones de la LEC\u201d, <em>Actualidad civil<\/em>, N\u00ba 12, 2024.<\/span><\/li>\n<\/ul>\n<p>&nbsp;<\/p>\n<ul style=\"text-align: justify;\">\n<li><span style=\"font-size: 12pt;\">Cuesta Barber\u00e1, L\u00e1zaro, \u201cLa indemnizaci\u00f3n y la mora del asegurador\u201d, <em>Revista espa\u00f1ola de seguros<\/em>, N\u00ba. 200, 2024, p\u00e1gs. 845-864.<\/span><\/li>\n<\/ul>\n<p>&nbsp;<\/p>\n<ul style=\"text-align: justify;\">\n<li><span style=\"font-size: 12pt;\">D\u00edaz Moreno, Alejandro, \u201cEl consumidor como destinatario \u00faltimo del producto o servicio. La aplicaci\u00f3n de los bienes o servicios a una actividad empresarial o profesional, aunque sea de un modo indirecto \u00bfexcluye el car\u00e1cter de consumidor?\u201d, <em>Cuadernos Civitas de jurisprudencia civil<\/em>, N\u00ba 126, 2024.<\/span><\/li>\n<\/ul>\n<p>&nbsp;<\/p>\n<ul style=\"text-align: justify;\">\n<li><span style=\"font-size: 12pt;\">D\u00edez-Picazo Gim\u00e9nez, Ignacio, \u201cUna visi\u00f3n cr\u00edtica sobre la proyectada autoridad de defensa del cliente financiero\u201d, <em>Revista de derecho bancario y burs\u00e1til<\/em>, N\u00ba 174, 2024, p\u00e1g. 4.<\/span><\/li>\n<\/ul>\n<p>&nbsp;<\/p>\n<ul style=\"text-align: justify;\">\n<li><span style=\"font-size: 12pt;\">Dom\u00ednguez Mart\u00ednez, Mar\u00eda Pilar, \u00abEl nuevo paradigma de resoluci\u00f3n de conflictos en consumo. C\u00f3mo la Ley Org\u00e1nica 1\/2025 impone la reclamaci\u00f3n o negociaci\u00f3n previa antes de demandar, consagra un r\u00e9gimen sancionador para empresarios incumplidores y redefine el acceso a la justicia en litig\u00bb, <em>Revista CESCO<\/em>, N\u00ba. 53, 2025, p\u00e1gs. 62-109.<\/span><\/li>\n<\/ul>\n<p>&nbsp;<\/p>\n<ul style=\"text-align: justify;\">\n<li><span style=\"font-size: 12pt;\">Estepa Montero, Manuel, \u201cDe las expectativas de mejora en la regulaci\u00f3n jur\u00eddica de los pisos tur\u00edsticos: la sostenibilidad como objetivo\u201d, <em>Anuario jur\u00eddico y econ\u00f3mico escurialense<\/em>, N\u00ba. 58, 2025, p\u00e1gs. 49-82.<\/span><\/li>\n<\/ul>\n<p>&nbsp;<\/p>\n<ul style=\"text-align: justify;\">\n<li><span style=\"font-size: 12pt;\">Farn\u00f3s Amor\u00f3s, Esther, \u201cResponsabilidad del suministrador perteneciente al mismo grupo de empresas que el fabricante: c\u00f3mputo del plazo extintivo y compatibilidad de reg\u00edmenes de responsabilidad. Comentario a la STS 470\/2024, de 7 de febrero (JUR 2024, 47587)\u201d, <em>Cuadernos Civitas de jurisprudencia civil<\/em>, N\u00ba 126, 2024.<\/span><\/li>\n<\/ul>\n<p>&nbsp;<\/p>\n<ul style=\"text-align: justify;\">\n<li><span style=\"font-size: 12pt;\">Fern\u00e1ndez Manzano, Luis Alfonso, \u201cLa carga de la prueba en la nueva Directiva sobre Responsabilidad por Productos Defectuosos\u201d, <em>Actualidad jur\u00eddica Aranzadi<\/em>, N\u00ba 1014, 2025.<\/span><\/li>\n<\/ul>\n<p>&nbsp;<\/p>\n<ul style=\"text-align: justify;\">\n<li><span style=\"font-size: 12pt;\">Fern\u00e1ndez Moya, Joaqu\u00edn, \u201cCambios y ajustes derivados de la nueva Directiva europea sobre productos defectuosos\u201d, <em>Actualidad jur\u00eddica Aranzadi<\/em>, N\u00ba 1013, 2024.<\/span><\/li>\n<\/ul>\n<p>&nbsp;<\/p>\n<ul style=\"text-align: justify;\">\n<li><span style=\"font-size: 12pt;\">Fern\u00e1ndez Seijo, Jos\u00e9 M.\u00aa, \u201cNunca me digas las probabilidades. (El encaje de la Sentencia del Tribunal de Justicia de la Uni\u00f3n Europea de 7 de noviembre de 2024 en el modelo espa\u00f1ol de exoneraci\u00f3n del pasivo insatisfecho)\u201d, <em>Actualidad civil<\/em>, N\u00ba 12, 2024.<\/span><\/li>\n<\/ul>\n<p>&nbsp;<\/p>\n<ul style=\"text-align: justify;\">\n<li><span style=\"font-size: 12pt;\">Flaquer Riutort, Juan, \u201cPlataformas de alojamiento: Europa se queda a medias\u201d, <em>Diario La Ley<\/em>, N\u00ba 10661, 2025.<\/span><\/li>\n<\/ul>\n<p>&nbsp;<\/p>\n<ul style=\"text-align: justify;\">\n<li><span style=\"font-size: 12pt;\">Flaquer Riutort, Juan, \u201cViajes combinados o vinculados: el papel de las plataformas\u201d, <em>Diario La Ley<\/em>, N\u00ba 10634, 2024.<\/span><\/li>\n<\/ul>\n<p>&nbsp;<\/p>\n<ul style=\"text-align: justify;\">\n<li><span style=\"font-size: 12pt;\">Garc\u00eda de Pablos, Jes\u00fas F\u00e9lix, \u201cJurisprudencia del TJUE sobre las cl\u00e1usulas abusivas en los pr\u00e9stamos hipotecarios\u201d, <em>Diario La Ley<\/em>, N\u00ba 10658, 2025.<\/span><\/li>\n<\/ul>\n<p>&nbsp;<\/p>\n<ul style=\"text-align: justify;\">\n<li><span style=\"font-size: 12pt;\">Garc\u00eda Rodr\u00edguez, Jos\u00e9 Mar\u00eda, \u201cAn\u00e1lisis del C\u00f3digo de Buenas Pr\u00e1cticas para aliviar la subida de los tipos de inter\u00e9s en pr\u00e9stamos hipotecarios sobre vivienda habitual y de la reforma realizada en el C\u00f3digo de Buenas Pr\u00e1cticas del Real Decreto-ley 6\/2012\u201d, <em>Revista de derecho bancario y burs\u00e1til<\/em>, N\u00ba 174, 2024, p\u00e1g. 10.<\/span><\/li>\n<\/ul>\n<p>&nbsp;<\/p>\n<ul style=\"text-align: justify;\">\n<li><span style=\"font-size: 12pt;\">Garc\u00eda Rodr\u00edguez, Jos\u00e9 Mar\u00eda, \u201cLa cuestionable obligaci\u00f3n de entrega de documentos por parte de las entidades bancarias y la interpretaci\u00f3n de parte de la STS (1\u00aa) 19 julio 2021\u201d, <em>Actualidad civil<\/em>, N\u00ba 12, 2024.<\/span><\/li>\n<\/ul>\n<p>&nbsp;<\/p>\n<ul style=\"text-align: justify;\">\n<li><span style=\"font-size: 12pt;\">G\u00f3mez Perals, Miguel, \u201cProtecci\u00f3n de datos y registro de la propiedad: tanto monta, monta tanto\u201d, <em>Revista Cr\u00edtica de Derecho Inmobiliario<\/em>, N\u00ba. 806, 2024, p\u00e1gs. 3159-3215.<\/span><\/li>\n<\/ul>\n<p>&nbsp;<\/p>\n<ul style=\"text-align: justify;\">\n<li><span style=\"font-size: 12pt;\">G\u00f3mez Rodr\u00edguez, \u00c1lvaro, \u201cLa ampliaci\u00f3n de la suspensi\u00f3n del lanzamiento del ejecutado hipotecario sobre la vivienda habitual de colectivos especialmente vulnerables tras la \u00faltima reforma de la ley 1\/2013, operada por el Real Decreto-Ley 1\/2024\u201d, <em>Pr\u00e1ctica de tribunales: revista de derecho procesal civil y mercantil<\/em>, N\u00ba. 169, 2024.<\/span><\/li>\n<\/ul>\n<p>&nbsp;<\/p>\n<ul style=\"text-align: justify;\">\n<li><span style=\"font-size: 12pt;\">Gonz\u00e1lez Beluche, Paloma, \u201cLa nueva Directiva (UE) 2024\/2853 de 23 de octubre de 2024 sobre responsabilidad por los da\u00f1os causados por productos defectuosos: sus principales aportaciones\u201d, <em>La Ley Uni\u00f3n Europea<\/em>, N\u00ba. 132, 2025.<\/span><\/li>\n<\/ul>\n<p>&nbsp;<\/p>\n<ul style=\"text-align: justify;\">\n<li><span style=\"font-size: 12pt;\">Gonz\u00e1lez-Or\u00fas Charro, Mart\u00edn, \u201cLa esdebitazione o exoneraci\u00f3n de deudas en el derecho concursal italiano: un estudio comparativo con la normativa espa\u00f1ola\u201d, <em>Anuario de derecho concursal<\/em>, N\u00ba. 63, 2024, p\u00e1gs. 100-139.<\/span><\/li>\n<\/ul>\n<p>&nbsp;<\/p>\n<ul style=\"text-align: justify;\">\n<li><span style=\"font-size: 12pt;\">Hern\u00e1ndez Manzanares, Augusto, \u201cEl cr\u00e9dito revolving: criterios sobre la falta de transparencia y abusividad\u201d, <em>Diario La Ley<\/em>, N\u00ba 10676, 2025.<\/span><\/li>\n<\/ul>\n<p>&nbsp;<\/p>\n<ul style=\"text-align: justify;\">\n<li><span style=\"font-size: 12pt;\">Hern\u00e1ndez Manzanares, Augusto, \u201cSeguro decenal de da\u00f1os y transmisi\u00f3n del inter\u00e9s asegurado\u201d, <em>Diario La Ley<\/em>, N\u00ba 10637, 2025.<\/span><\/li>\n<\/ul>\n<p>&nbsp;<\/p>\n<ul style=\"text-align: justify;\">\n<li><span style=\"font-size: 12pt;\">Jim\u00e9nez Par\u00eds, Teresa Asunci\u00f3n, \u201cVivienda habitual hipotecada y concurso de acreedores tras la ley 16\/2022, de 5 de septiembre\u201d, <em>Revista Cr\u00edtica de Derecho Inmobiliario<\/em>, N\u00ba. 807, 2025, p\u00e1gs. 497-511.<\/span><\/li>\n<\/ul>\n<p>&nbsp;<\/p>\n<ul style=\"text-align: justify;\">\n<li><span style=\"font-size: 12pt;\">L\u00f3pez Valverde, Marta, \u201cCoberturas en la okupaci\u00f3n ilegal por el seguro del hogar o el seguro antiokupaci\u00f3n\u201d, <em>Responsabilidad civil, seguro y trafico: cuaderno jur\u00eddico<\/em>, N\u00ba. 89, 2025, p\u00e1gs. 15-22.<\/span><\/li>\n<\/ul>\n<p>&nbsp;<\/p>\n<ul style=\"text-align: justify;\">\n<li><span style=\"font-size: 12pt;\">Marcos Francisco, Diana, \u201cEl futuro de la resoluci\u00f3n alternativa de litigios de consumo en la Uni\u00f3n Europea y su incidencia en el sistema arbitral de consumo espa\u00f1ol\u201d, <em>La Ley. Mediaci\u00f3n y arbitraje<\/em>, N\u00ba. 21, 2024.<\/span><\/li>\n<\/ul>\n<p>&nbsp;<\/p>\n<ul style=\"text-align: justify;\">\n<li><span style=\"font-size: 12pt;\">Mar\u00edn L\u00f3pez, Manuel Jes\u00fas, \u00abPrescriptibilidad y &#8216;dies a quo&#8217; de la acci\u00f3n de restituci\u00f3n de cantidades en el cr\u00e9dito revolving usurario: la STS 350\/2025, de 5 de marzo\u00bb, <em>Revista CESCO<\/em>, N\u00ba. 53, 2025, p\u00e1gs. 121-134.<\/span><\/li>\n<\/ul>\n<p>&nbsp;<\/p>\n<ul style=\"text-align: justify;\">\n<li><span style=\"font-size: 12pt;\">Mart\u00edn Faba, Jos\u00e9 Mar\u00eda, \u00abLa Inteligencia Artificial en la nueva Directiva de responsabilidad por los da\u00f1os causados por productos defectuosos \u00bfrealidad o expectativa?\u00bb, <em>Revista CESCO<\/em>, N\u00ba. 53, 2025, p\u00e1gs. 14-19.<\/span><\/li>\n<\/ul>\n<p>&nbsp;<\/p>\n<ul style=\"text-align: justify;\">\n<li><span style=\"font-size: 12pt;\">Mart\u00ednez D\u00edaz, Francisco Javier, \u00abLa mal llamada &#8216;jurisprudencia de la puerta&#8217;: a prop\u00f3sito de la nota informativa del Juzgado de Primera Instancia n\u00ba. 72 de Madrid sobre allanamiento en cr\u00e9ditos revolving\u00bb, <em>Revista CESCO<\/em>, N\u00ba. 53, 2025, p\u00e1gs. 110-120.<\/span><\/li>\n<\/ul>\n<p>&nbsp;<\/p>\n<ul style=\"text-align: justify;\">\n<li><span style=\"font-size: 12pt;\">Mart\u00ednez D\u00edaz, Francisco Javier, \u00abM\u00e1s vale fraude que usura: comentario a la Sentencia del Tribunal Supremo 1715\/2024 de 20 de diciembre\u00bb, <em>Revista CESCO<\/em>, N\u00ba. 53, 2025, p\u00e1gs. 1-13.<\/span><\/li>\n<\/ul>\n<p>&nbsp;<\/p>\n<ul style=\"text-align: justify;\">\n<li><span style=\"font-size: 12pt;\">Mart\u00ednez Garc\u00eda, Pedro Antonio, \u201cAn\u00e1lisis del IRPH tras la sentencia del Tribunal de Justicia de la Uni\u00f3n Europea\u201d, <em>Revista de Derecho vLex<\/em>, N\u00ba. 248, 2025, p\u00e1gs. 1-12.<\/span><\/li>\n<\/ul>\n<p>&nbsp;<\/p>\n<ul style=\"text-align: justify;\">\n<li><span style=\"font-size: 12pt;\">Mart\u00ednez Pavilla, Diego E., \u201cEl uso de inteligencia artificial para otorgar cr\u00e9ditos en la banca mexicana\u201d, <em>Inform\u00e1tica y Derecho: Revista Iberoamericana de Derecho Inform\u00e1tico (segunda \u00e9poca)<\/em>, N\u00ba. 15, 2, 2024, p\u00e1gs. 83-97.<\/span><\/li>\n<\/ul>\n<p>&nbsp;<\/p>\n<ul style=\"text-align: justify;\">\n<li><span style=\"font-size: 12pt;\">Miranda Anguita, Ana, \u201cSobre la eficacia vinculante de los contenidos publicitarios en la contrataci\u00f3n interempresarial y su conexi\u00f3n con el control de transparencia material\u201d, <em>Revista de derecho de la competencia y la distribuci\u00f3n<\/em>, N\u00ba. 35, 2024.<\/span><\/li>\n<\/ul>\n<p>&nbsp;<\/p>\n<ul style=\"text-align: justify;\">\n<li><span style=\"font-size: 12pt;\">Miranda Barbosa, Mafalda; De la Villa Briongos, Isaac, \u201cConsumidores, comida basura y signos de calidad agroalimentaria: consideraciones desde el \u00e1mbito jur\u00eddico\u201d, <em>Revista de derecho agrario y alimentario<\/em>, N\u00ba. 85, 2024, p\u00e1gs. 125-150.<\/span><\/li>\n<\/ul>\n<p>&nbsp;<\/p>\n<ul style=\"text-align: justify;\">\n<li><span style=\"font-size: 12pt;\">Miranda Serrano, Luis Mar\u00eda, \u201cEl derecho de desistimiento en la contrataci\u00f3n electr\u00f3nica o digital de seguros tras la Directiva UE 2023\/2673\u201d, <em>Revista espa\u00f1ola de seguros<\/em>, N\u00ba. 200, 2024, p\u00e1gs. 649-704.<\/span><\/li>\n<\/ul>\n<p>&nbsp;<\/p>\n<ul style=\"text-align: justify;\">\n<li><span style=\"font-size: 12pt;\">Monforte, Jos\u00e9 Domingo, \u201cLa responsabilidad civil del psiquiatra ante el suicidio\u201d, <em>Diario La Ley<\/em>, N\u00ba 10667, 2025.<\/span><\/li>\n<\/ul>\n<p>&nbsp;<\/p>\n<ul style=\"text-align: justify;\">\n<li><span style=\"font-size: 12pt;\">Monteagudo Monedero, Montiano; Mesalles Garau, Gonzalo, \u201cL\u00edmites entre la publicidad de productos sanitarios y la de centros y servicios sanitarios\u201d, <em>Actualidad jur\u00eddica Ur\u00eda Men\u00e9ndez<\/em>, N\u00ba. 66, 2024, p\u00e1gs. 166-172.<\/span><\/li>\n<\/ul>\n<p>&nbsp;<\/p>\n<ul style=\"text-align: justify;\">\n<li><span style=\"font-size: 12pt;\">Mora Astaburuaga, Aitor, \u201cNovedades jurisprudenciales respecto al r\u00e9gimen de cantidades anticipadas de la ley 57\/1968\u201d, <em>Revista Cr\u00edtica de Derecho Inmobiliario<\/em>, N\u00ba. 806, 2024, p\u00e1gs. 3541-3551.<\/span><\/li>\n<\/ul>\n<p>&nbsp;<\/p>\n<ul style=\"text-align: justify;\">\n<li><span style=\"font-size: 12pt;\">Mu\u00f1oz Cuesta, Javier, \u201cDerecho al honor y la inscripci\u00f3n en el registro de solvencia patrimonial\u201d, <em>Actualidad jur\u00eddica Aranzadi<\/em>, N\u00ba 1011, 2024.<\/span><\/li>\n<\/ul>\n<p>&nbsp;<\/p>\n<ul style=\"text-align: justify;\">\n<li><span style=\"font-size: 12pt;\">Mu\u00f1oz Garc\u00eda, Carmen, \u201cDirectiva 2024\/2853 sobre responsabilidad por los da\u00f1os causados por productos defectuosos. Contexto y armonizaci\u00f3n de m\u00e1ximos para proteger, ahora s\u00ed, a consumidores y \u00aba otras personas f\u00edsicas\u00bb\u201d, <em>La Ley Uni\u00f3n Europea<\/em>, N\u00ba 132, 2025.<\/span><\/li>\n<\/ul>\n<p>&nbsp;<\/p>\n<ul style=\"text-align: justify;\">\n<li><span style=\"font-size: 12pt;\">N\u00fa\u00f1ez Zorrilla, M\u00aa Carmen, \u201cPropuesta de regulaci\u00f3n del r\u00e9gimen de la responsabilidad civil derivada de accidentes ocasionados por veh\u00edculos aut\u00f3nomos en el ordenamiento espa\u00f1ol tras las \u00faltimas iniciativas legislativas de la Uni\u00f3n Europea\u201d, <em>La Ley Uni\u00f3n Europea<\/em>, N\u00ba 132, 2025.<\/span><\/li>\n<\/ul>\n<p>&nbsp;<\/p>\n<ul style=\"text-align: justify;\">\n<li><span style=\"font-size: 12pt;\">Pareja Rodr\u00edguez de Vera, Eva, \u201cHipotecas inmobiliarias: algunas cuestiones controvertidas\u201d, <em>Revista de derecho bancario y burs\u00e1til<\/em>, N\u00ba 172, 2024, p\u00e1gs. 113-148.<\/span><\/li>\n<\/ul>\n<p>&nbsp;<\/p>\n<ul style=\"text-align: justify;\">\n<li><span style=\"font-size: 12pt;\">P\u00e9rez Hereza, Juan, \u201cNovedades en materia de arrendamientos tur\u00edsticos\u201d, <em>El notario del siglo XXI: revista del Colegio Notarial de Madrid<\/em>, N\u00ba. 119, 2025, p\u00e1gs. 18-23.<\/span><\/li>\n<\/ul>\n<p>&nbsp;<\/p>\n<ul style=\"text-align: justify;\">\n<li><span style=\"font-size: 12pt;\">P\u00e9rez-Ugena, Mar\u00eda, \u201cEl derecho al olvido oncol\u00f3gico\u201d, <em>DS: Derecho y salud<\/em>, Vol. 34, N\u00ba. 1, 2024, p\u00e1gs. 6-21.<\/span><\/li>\n<\/ul>\n<p>&nbsp;<\/p>\n<ul style=\"text-align: justify;\">\n<li><span style=\"font-size: 12pt;\">Peruzzotti, Mariano, \u201cInteligencia artificial y protecci\u00f3n de datos: acerca de la nueva gu\u00eda de la autoridad Argentina\u201d, <em>La Ley privacidad<\/em>, N\u00ba. 22, 2024.<\/span><\/li>\n<\/ul>\n<p>&nbsp;<\/p>\n<ul style=\"text-align: justify;\">\n<li><span style=\"font-size: 12pt;\">Poveda, Pedro; Orondo, Ana; Orteu Berrocal, Eduardo; Fern\u00e1ndez Bad\u00eda, Yago, \u201cLa Propuesta de Reglamento europeo de envases y residuos de envases, de inminente aprobaci\u00f3n, y su comparaci\u00f3n con la reciente y novedosa regulaci\u00f3n a nivel nacional: el Real Decreto 1055\/2022, de 27 de diciembre, de envases y residuos de envases\u201d, <em>La Ley Uni\u00f3n Europea<\/em>, N\u00ba 131, 2024.<\/span><\/li>\n<\/ul>\n<p>&nbsp;<\/p>\n<ul style=\"text-align: justify;\">\n<li><span style=\"font-size: 12pt;\">Ram\u00edrez Benavente, Mar\u00eda Dolores, \u00abUtilidad de la STJUE C-450\/22 para una protecci\u00f3n m\u00e1s eficaz de los consumidores y usuarios frente pr\u00e1cticas desleales enga\u00f1osas\u00bb, <em>Revista CESCO<\/em>, N\u00ba. 53, 2025, p\u00e1gs. 37-61.<\/span><\/li>\n<\/ul>\n<p>&nbsp;<\/p>\n<ul style=\"text-align: justify;\">\n<li><span style=\"font-size: 12pt;\">Rams Ramos, Leonor, \u201cAnulada la sanci\u00f3n impuesta por la AEPD a LaLiga por la activaci\u00f3n del micr\u00f3fono de su App sin consentimiento del usuario (STS, Sala tercera, de lo contencioso-administrativo, secci\u00f3n 3\u00aa, n.o 1263\/2024, de 15 de julio, Rec. 5039\/2022)\u201d, <em>La Ley privacidad<\/em>, N\u00ba. 22, 2024.<\/span><\/li>\n<\/ul>\n<p>&nbsp;<\/p>\n<ul style=\"text-align: justify;\">\n<li><span style=\"font-size: 12pt;\">Reinhart Schuller, Robert, \u201cContrato de seguro: la doctrina del TS en materia de cl\u00e1usulas delimitadoras del riesgo y limitativas de derechos\u201d, <em>Revista Cr\u00edtica de Derecho Inmobiliario<\/em>, N\u00ba. 807, 2025, p\u00e1gs. 475-496.<\/span><\/li>\n<\/ul>\n<p>&nbsp;<\/p>\n<ul style=\"text-align: justify;\">\n<li><span style=\"font-size: 12pt;\">Repullo, Teresa, \u201cLa extinci\u00f3n de la responsabilidad en caso de productos defectuosos: novedades en el c\u00f3mputo del &#8216;dies a quo&#8217;\u201d, <em>Actualidad jur\u00eddica Aranzadi<\/em>, N\u00ba 1010, 2024.<\/span><\/li>\n<\/ul>\n<p>&nbsp;<\/p>\n<ul style=\"text-align: justify;\">\n<li><span style=\"font-size: 12pt;\">Rodr\u00edguez Elorrieta, Naira, \u201cLegitimaci\u00f3n para prestar fianza: en especial, la falta de consentimiento de uno de los c\u00f3nyuges casado en r\u00e9gimen de gananciales\u201d, <em>Revista de Derecho Privado<\/em>, N\u00ba 6, 2024, p\u00e1gs. 5-32.<\/span><\/li>\n<\/ul>\n<p>&nbsp;<\/p>\n<ul style=\"text-align: justify;\">\n<li><span style=\"font-size: 12pt;\">Rub\u00ed Navarrete, Jes\u00fas, \u201cAdquisici\u00f3n de medicamentos online. La sentencia del Tribunal de Justicia de la UE (Gran Sala) de 4 de octubre de 2024\u201d, <em>Comunicaciones en propiedad industrial y derecho de la competencia<\/em>, N\u00ba. 103, 2024, p\u00e1gs. 7-14.<\/span><\/li>\n<\/ul>\n<p>&nbsp;<\/p>\n<ul style=\"text-align: justify;\">\n<li><span style=\"font-size: 12pt;\">S\u00e1nchez Calero Barco, Helena, \u201cEl TJUE abre la puerta a la posibilidad de que litiguen asociaciones de consumidores contra sectores econ\u00f3micos enteros\u201d, <em>Revista de derecho bancario y burs\u00e1til<\/em>, N\u00ba 173, 2024, p\u00e1g. 22.<\/span><\/li>\n<\/ul>\n<p>&nbsp;<\/p>\n<ul style=\"text-align: justify;\">\n<li><span style=\"font-size: 12pt;\">S\u00e1nchez Garc\u00eda, Jes\u00fas, \u201c\u00bfDeclarada la nulidad de la cl\u00e1usula que regula el inter\u00e9s remuneratorio en un contrato de cr\u00e9dito revolving puede aplicarse el art\u00edculo 21.2 de la Ley de Contratos de Cr\u00e9dito al Consumo?\u201d, <em>Revista de Derecho vLex<\/em>, N\u00ba. 249, 2025, p\u00e1gs. 1-3.<\/span><\/li>\n<\/ul>\n<p>&nbsp;<\/p>\n<ul style=\"text-align: justify;\">\n<li><span style=\"font-size: 12pt;\">S\u00e1nchez Garc\u00eda, Jes\u00fas, \u201cAn\u00e1lisis de las sentencias de la Sala 1\u00aa del Tribunal Supremo n\u00fameros 154 y 155, de 30 de enero de 2025, sobre transparencia en el cr\u00e9dito revolving\u201d, <em>Revista de Derecho vLex<\/em>, N\u00ba. 249, 2025, p\u00e1gs. 1-9.<\/span><\/li>\n<\/ul>\n<p>&nbsp;<\/p>\n<ul style=\"text-align: justify;\">\n<li><span style=\"font-size: 12pt;\">S\u00e1nchez Garc\u00eda, Jes\u00fas, \u201cEl Tribunal Supremo fija los criterios para declarar abusivos los intereses de las tarjetas \u201crevolving\u201d por falta de transparencia\u201d, <em>Revista de Derecho vLex<\/em>, N\u00ba. 249, 2025, p\u00e1gs. 1-7.<\/span><\/li>\n<\/ul>\n<p>&nbsp;<\/p>\n<ul style=\"text-align: justify;\">\n<li><span style=\"font-size: 12pt;\">S\u00e1nchez Garc\u00eda, Jes\u00fas, \u201cLa oferta vinculante del art\u00edculo 17 de la LO 1\/2025 y el contenido de la misma para cumplir con el requisito de procedibilidad\u201d, <em>Revista de Derecho vLex<\/em>, N\u00ba. 248, 2025, p\u00e1gs. 1-16.<\/span><\/li>\n<\/ul>\n<p>&nbsp;<\/p>\n<ul style=\"text-align: justify;\">\n<li><span style=\"font-size: 12pt;\">S\u00e1nchez Garc\u00eda, Jes\u00fas, \u201cLa Sala Primera del Tribunal Supremo fija doctrina sobre la prescriptibilidad de la acci\u00f3n restitutoria de los intereses remuneratorios derivados de la Ley de Usura en un cr\u00e9dito revolving\u201d, <em>Revista de Derecho vLex<\/em>, N\u00ba. 250, 2025, p\u00e1gs. 1-6.<\/span><\/li>\n<\/ul>\n<p>&nbsp;<\/p>\n<ul style=\"text-align: justify;\">\n<li><span style=\"font-size: 12pt;\">S\u00e1nchez Garc\u00eda, Jes\u00fas, \u201cPrescripci\u00f3n de la acci\u00f3n de devoluci\u00f3n de intereses en cr\u00e9ditos revolving\u201d, <em>Revista de Derecho vLex<\/em>, N\u00ba. 250, 2025, p\u00e1gs. 1-15.<\/span><\/li>\n<\/ul>\n<p>&nbsp;<\/p>\n<ul style=\"text-align: justify;\">\n<li><span style=\"font-size: 12pt;\">Sanjurjo R\u00edos, Eva Isabel. <em>La Tutela Colectiva en Materia de Consumo en Espa\u00f1a. Estado Actual y L\u00edneas de Reforma<\/em>, Dykinson, 2025.<\/span><\/li>\n<\/ul>\n<p>&nbsp;<\/p>\n<ul style=\"text-align: justify;\">\n<li><span style=\"font-size: 12pt;\">Sastre Papiol, Sebasti\u00e1n, \u201cLa juventud y la exoneraci\u00f3n del pasivo insatisfecho en el concurso de acreedores de las personas f\u00edsicas (El mecanismo de la segunda oportunidad)\u201d, <em>Revista jur\u00eddica de Catalunya<\/em>, Vol. 130, N\u00ba 4, 2024, p\u00e1gs. 829-852.<\/span><\/li>\n<\/ul>\n<p>&nbsp;<\/p>\n<ul style=\"text-align: justify;\">\n<li><span style=\"font-size: 12pt;\">Tapia Hermida, Alberto J., \u201cControl de la transparencia de las cl\u00e1usulas suelo mediante acciones colectivas. Sentencia del TJUE de 4 de julio de 2024 (Asunto C-450\/22) Caixabank y otros\u201d, <em>Revista de derecho bancario y burs\u00e1til<\/em>, N\u00ba 173, 2024, p\u00e1g. 17.<\/span><\/li>\n<\/ul>\n<p>&nbsp;<\/p>\n<ul style=\"text-align: justify;\">\n<li><span style=\"font-size: 12pt;\">Tapia Hermida, Alberto J., \u201cEl \u00abconsumidor medio\u00bb, los sesgos cognitivos y las pr\u00e1cticas comerciales desleales de venta cruzada de pr\u00e9stamos y seguros: Sentencia del TJUE 14 de noviembre de 2024, Asunto C\u2010646\/22: Compass Banca SpA\u201d, <em>La Ley Uni\u00f3n Europea<\/em>, N\u00ba 131, 2024.<\/span><\/li>\n<\/ul>\n<p>&nbsp;<\/p>\n<ul style=\"text-align: justify;\">\n<li><span style=\"font-size: 12pt;\">Tapia Hermida, Alberto J., \u201cLa informaci\u00f3n precontractual en el contrato de seguro: el di\u00e1logo entre asegurador y asegurado\u201d, <em>Revista espa\u00f1ola de seguros<\/em>, N\u00ba. 200, 2024, p\u00e1gs. 705-720.<\/span><\/li>\n<\/ul>\n<p>&nbsp;<\/p>\n<ul style=\"text-align: justify;\">\n<li><span style=\"font-size: 12pt;\">Tapia Hermida, Alberto J., \u201cOrganizaciones de consumidores, inversores cualificados y justicia gratuita. Un tri\u00e1ngulo inestable en el mercado financiero europeo. Sentencia del TJUE de 16 de enero de 2025 (Asunto C-346\/23. Banco Santander vs. AUGE)\u201d, <em>Diario La Ley<\/em>, N\u00ba 10667, 2025.<\/span><\/li>\n<\/ul>\n<p>&nbsp;<\/p>\n<ul style=\"text-align: justify;\">\n<li><span style=\"font-size: 12pt;\">Tom\u00e1s Tom\u00e1s, Salvador, \u201cLa buena fe no se presume en la exoneraci\u00f3n del pasivo insatisfecho: en contra de un apotegma falaz\u201d, <em>Anuario de derecho concursal<\/em>, N\u00ba. 64, 2025, p\u00e1gs. 60-85.<\/span><\/li>\n<\/ul>\n<p>&nbsp;<\/p>\n<ul style=\"text-align: justify;\">\n<li><span style=\"font-size: 12pt;\">Vela Torres, Pedro Jos\u00e9, \u201cCriterios para declarar abusivos los intereses de las tarjetas revolving por falta de transparencia\u201d, <em>Diario La Ley<\/em>, N\u00ba 10688, 2025.<\/span><\/li>\n<\/ul>\n<p>&nbsp;<\/p>\n<ul style=\"text-align: justify;\">\n<li><span style=\"font-size: 12pt;\">Y\u00e1\u00f1ez de Andr\u00e9s, Aquilino, \u201cLos seguros de pr\u00e9stamos. Duraci\u00f3n\u201d, <em>Diario La Ley<\/em>, N\u00ba 10648, 2025.<\/span><\/li>\n<\/ul>\n<p style=\"text-align: justify;\">\u00a0<\/p>\n<p><span style=\"font-size: 12pt;\">Si alg\u00fan autor, profesional o investigador conoce la publicaci\u00f3n de alg\u00fan trabajo sobre Derecho y consumo, puede facilitarnos la referencia para publicarlo dentro del presente informe, en el periodo correspondiente.<\/span><\/p>\n<p style=\"text-align: justify;\">\u00a0<\/p>\n<p style=\"text-align: center;\"><strong><a href=\"http:\/\/www.notariosyregistradores.com\/web\/category\/secciones\/consumo-y-derecho\/informes-mensuales-cyd\/\"><span style=\"font-size: 14pt;\">INFORMES PERI\u00d3DICOS CONSUMO Y DERECHO<\/span><\/a><\/strong><\/p>\n<p style=\"text-align: center;\"><span style=\"font-size: 14pt;\"><strong><a href=\"http:\/\/www.notariosyregistradores.com\/web\/category\/secciones\/consumo-y-derecho\/\">SECCI\u00d3N CONSUMO Y DERECHO<\/a><\/strong><\/span><\/p>\n<p style=\"text-align: center;\"><span style=\"font-size: 14pt;\"><strong><a href=\"http:\/\/www.notariosyregistradores.com\/web\/secciones\/consumo-y-derecho\/victor-bastante-granell-colaborara-en-la-seccion-consumo-y-derecho\/\">PRESENTACI\u00d3N DE LOS INFORMES Y CURRICULUM DE V\u00cdCTOR<\/a><\/strong><\/span><\/p>\n<p style=\"text-align: center;\"><span style=\"font-size: 14pt;\"><strong><a href=\"https:\/\/ludotecajuridica.es\/\" target=\"_blank\" rel=\"noopener noreferrer\">LUDOTECA JUR\u00cdDICA<\/a><\/strong><\/span><\/p>\n<p style=\"text-align: center;\"><span style=\"font-size: 14pt;\"><strong><a href=\"https:\/\/www.nreg.es\/ojs\/index.php\/RDC\" target=\"_blank\" rel=\"noopener\">REVISTA DE DERECHO CIVIL<\/a><\/strong><\/span><\/p>\n<p><span style=\"font-size: 12pt;\"><strong>NORMAS:\u00a0\u00a0<a href=\"https:\/\/www.notariosyregistradores.com\/web\/category\/normas\/\">Contenidos sobre disposiciones en esta web<\/a><\/strong><\/span><\/p>\n<p><span style=\"font-size: 12pt;\"><strong>RESOLUCIONES:\u00a0\u00a0<a href=\"https:\/\/www.notariosyregistradores.com\/web\/category\/resoluciones\/\">Contenidos sobre Resoluciones en esta web<\/a><\/strong><\/span><\/p>\n<p><span style=\"font-size: 12pt;\"><strong>WEB: \u00a0\u00a0<a href=\"http:\/\/www.notariosyregistradores.com\/web\/category\/esta-web\/que-ofrece\/\" target=\"_top\" rel=\"noopener noreferrer\">Qu\u00e9 ofrecemos<\/a>\u00a0\u00a0<a href=\"http:\/\/www.notariosyregistradores.com\/web\/1198-2\/\">NyR, p\u00e1gina de inicio<\/a>\u00a0 \u00a0<a href=\"http:\/\/www.notariosyregistradores.com\/web\/esta-web\/ideario\/ideario-de-esta-web\/\" target=\"_top\" rel=\"noopener noreferrer\">Ideario<\/a><\/strong><\/span><\/p>\n<p style=\"text-align: center;\"><span style=\"font-size: 14pt;\"><a href=\"http:\/\/www.notariosyregistradores.com\/\"><strong>PORTADA DE LA WEB<\/strong><\/a><\/span><\/p>\n<div id=\"attachment_130951\" style=\"width: 1162px\" class=\"wp-caption aligncenter\"><img loading=\"lazy\" decoding=\"async\" aria-describedby=\"caption-attachment-130951\" class=\"size-full wp-image-130951\" src=\"https:\/\/www.notariosyregistradores.com\/web\/wp-content\/uploads\/2025\/09\/Biblioteca_Robert_Ho_Tung_Macao.jpg\" alt=\"\" width=\"1152\" height=\"690\" srcset=\"https:\/\/www.notariosyregistradores.com\/web\/wp-content\/uploads\/2025\/09\/Biblioteca_Robert_Ho_Tung_Macao.jpg 1152w, https:\/\/www.notariosyregistradores.com\/web\/wp-content\/uploads\/2025\/09\/Biblioteca_Robert_Ho_Tung_Macao-300x180.jpg 300w, https:\/\/www.notariosyregistradores.com\/web\/wp-content\/uploads\/2025\/09\/Biblioteca_Robert_Ho_Tung_Macao-1024x613.jpg 1024w, https:\/\/www.notariosyregistradores.com\/web\/wp-content\/uploads\/2025\/09\/Biblioteca_Robert_Ho_Tung_Macao-768x460.jpg 768w, https:\/\/www.notariosyregistradores.com\/web\/wp-content\/uploads\/2025\/09\/Biblioteca_Robert_Ho_Tung_Macao-500x299.jpg 500w\" sizes=\"auto, (max-width: 1152px) 100vw, 1152px\" \/><p id=\"caption-attachment-130951\" class=\"wp-caption-text\">Biblioteca Robert Ho Tung (Macao). Por Diego Delso.<\/p><\/div>\n","protected":false},"excerpt":{"rendered":"<p>BIBLIOGRAF\u00cdA SOBRE CONSUMO Y DERECHO Informe n\u00ba 37. Primer Trimestre 2025 V\u00cdCTOR BASTANTE GRANELL Doctor en Derecho.\u00a0Universidad de Almer\u00eda vbg415@ual.es &nbsp; El informe en docx: INFORME DERECHO Y CONSUMO (BIBLIOGRAF\u00cdA) enero &#8211; marzo 2024 El informe en pdf: INFORME DERECHO Y CONSUMO (BIBLIOGRAF\u00cdA) enero &#8211; marzo 2025 \u00a0 Alkorta Idiakez, Itziar, \u201cLa liberaci\u00f3n anticipada del [&hellip;]<\/p>\n","protected":false},"author":10,"featured_media":83000,"comment_status":"open","ping_status":"closed","sticky":false,"template":"","format":"standard","meta":{"_bbp_topic_count":0,"_bbp_reply_count":0,"_bbp_total_topic_count":0,"_bbp_total_reply_count":0,"_bbp_voice_count":0,"_bbp_anonymous_reply_count":0,"_bbp_topic_count_hidden":0,"_bbp_reply_count_hidden":0,"_bbp_forum_subforum_count":0,"footnotes":""},"categories":[277],"tags":[20927,7395,963,9247,9808,362,977,15941,20928,1515,980,7192,12009],"class_list":{"0":"post-130942","1":"post","2":"type-post","3":"status-publish","4":"format-standard","5":"has-post-thumbnail","7":"category-informes-mensuales-cyd","8":"tag-2025-primer-trimestre","9":"tag-autores","10":"tag-bibliografia","11":"tag-bibliografia-de-consumo","12":"tag-biblioteca","13":"tag-consumo-2","14":"tag-consumo-y-derecho","15":"tag-derecho-y-consumo","16":"tag-macao","17":"tag-persona-consumidora","18":"tag-universidad-de-almeria","19":"tag-victor-bastante","20":"tag-victor-bastante-granel"},"_links":{"self":[{"href":"https:\/\/www.notariosyregistradores.com\/web\/wp-json\/wp\/v2\/posts\/130942","targetHints":{"allow":["GET"]}}],"collection":[{"href":"https:\/\/www.notariosyregistradores.com\/web\/wp-json\/wp\/v2\/posts"}],"about":[{"href":"https:\/\/www.notariosyregistradores.com\/web\/wp-json\/wp\/v2\/types\/post"}],"author":[{"embeddable":true,"href":"https:\/\/www.notariosyregistradores.com\/web\/wp-json\/wp\/v2\/users\/10"}],"replies":[{"embeddable":true,"href":"https:\/\/www.notariosyregistradores.com\/web\/wp-json\/wp\/v2\/comments?post=130942"}],"version-history":[{"count":10,"href":"https:\/\/www.notariosyregistradores.com\/web\/wp-json\/wp\/v2\/posts\/130942\/revisions"}],"predecessor-version":[{"id":130956,"href":"https:\/\/www.notariosyregistradores.com\/web\/wp-json\/wp\/v2\/posts\/130942\/revisions\/130956"}],"wp:featuredmedia":[{"embeddable":true,"href":"https:\/\/www.notariosyregistradores.com\/web\/wp-json\/wp\/v2\/media\/83000"}],"wp:attachment":[{"href":"https:\/\/www.notariosyregistradores.com\/web\/wp-json\/wp\/v2\/media?parent=130942"}],"wp:term":[{"taxonomy":"category","embeddable":true,"href":"https:\/\/www.notariosyregistradores.com\/web\/wp-json\/wp\/v2\/categories?post=130942"},{"taxonomy":"post_tag","embeddable":true,"href":"https:\/\/www.notariosyregistradores.com\/web\/wp-json\/wp\/v2\/tags?post=130942"}],"curies":[{"name":"wp","href":"https:\/\/api.w.org\/{rel}","templated":true}]}}