{"id":131018,"date":"2025-10-01T20:00:58","date_gmt":"2025-10-01T18:00:58","guid":{"rendered":"https:\/\/www.notariosyregistradores.com\/web\/?p=131018"},"modified":"2026-03-16T11:43:10","modified_gmt":"2026-03-16T10:43:10","slug":"informe-373-boe-octubre-2025","status":"publish","type":"post","link":"https:\/\/www.notariosyregistradores.com\/web\/normas\/informes-mensuales\/informe-373-boe-octubre-2025\/","title":{"rendered":"INFORME 373. BOE Octubre 2025"},"content":{"rendered":"<p>&nbsp;<\/p>\n<p><span style=\"color: #0000ff;\"><strong><span style=\"font-size: 18pt;\">INFORME N\u00ba 373. <\/span><\/strong><\/span><span style=\"color: #0000ff;\"><strong><span style=\"font-size: 18pt;\">(BOE OCTUBRE de 2025)<\/span><\/strong><\/span><\/p>\n<h2 style=\"text-align: center;\"><span style=\"font-size: 18pt;\"><strong>Primera Parte: Secciones I y II.<\/strong><\/span><\/h2>\n<p style=\"text-align: center;\"><span style=\"font-size: 14pt;\"><strong><a href=\"http:\/\/www.notariosyregistradores.com\/web\/normas\/cuadro-de-informes-mensuales-generales-de-lo-publicado-en-el-boe\/\" target=\"_blank\" rel=\"noopener\">IR A LISTA DE INFORMES MENSUALES<\/a><\/strong><\/span><\/p>\n<p style=\"text-align: center;\"><a href=\"https:\/\/www.notariosyregistradores.com\/web\/resoluciones\/por-meses\/resoluciones-octubre-2025-direccion-general-de-seguridad-juridica-y-fe-publica\/\"><span style=\"font-size: 14pt;\"><strong>IR A RESOLUCIONES DE OCTUBRE<\/strong><\/span><\/a><\/p>\n<h2 style=\"text-align: center;\"><a href=\"https:\/\/www.notariosyregistradores.com\/web\/normas\/informes-mensuales\/no-te-lo-pierdas-octubre-2025\/\"><strong>IR A\u00a0<em>\u00a1NO TE LO PIERDAS!<\/em> DE OCTUBRE<\/strong><\/a><\/h2>\n<table style=\"width: 100%; height: 453px;\">\n<tbody>\n<tr style=\"height: 37px;\">\n<td style=\"height: 37px;\" width=\"624\"><span style=\"font-size: 14pt;\"><strong>Equipo de redacci\u00f3n:<\/strong><\/span><\/td>\n<\/tr>\n<tr style=\"height: 26px;\">\n<td style=\"height: 26px;\" width=\"624\"><a href=\"https:\/\/www.notariosyregistradores.com\/web\/category\/esta-web\/autores\/#acm\" target=\"_blank\" rel=\"noopener\"><span style=\"font-size: 10pt;\">* Albert Capell Mart\u00ednez, notario <span style=\"font-size: small;\">de Barcelona, coordinador en octubre<\/span><\/span><\/a><\/td>\n<\/tr>\n<tr style=\"height: 26px; text-align: justify;\">\n<td style=\"height: 26px;\" width=\"624\"><a style=\"color: #0f3647;\" href=\"https:\/\/www.notariosyregistradores.com\/web\/category\/esta-web\/autores\/#vej\" target=\"_blank\" rel=\"noopener\"><span style=\"font-size: 10pt;\">* V\u00edctor Esquirol Jim\u00e9nez, notario de El Masnou (Barcelona), coordinador en septiembre<\/span><\/a><\/td>\n<\/tr>\n<tr style=\"height: 26px;\">\n<td style=\"height: 26px;\"><a style=\"color: #0f3647;\" href=\"https:\/\/www.notariosyregistradores.com\/web\/category\/esta-web\/autores\/#jcc\" target=\"_blank\" rel=\"noopener\"><span style=\"font-size: 10pt;\">* Juan Carlos Casas Rojo, registrador de la propiedad de C\u00e1diz n\u00ba 3, coordinador en agosto<\/span><\/a><\/td>\n<\/tr>\n<tr style=\"height: 26px;\">\n<td style=\"height: 26px;\" width=\"624\"><a href=\"https:\/\/www.notariosyregistradores.com\/web\/category\/esta-web\/autores\/#jfme\" target=\"_blank\" rel=\"noopener\"><span style=\"font-size: 10pt;\">* Jos\u00e9 F\u00e9lix Merino Escart\u00edn, registrador mercantil central, coordinador general.<\/span><\/a><\/td>\n<\/tr>\n<tr style=\"height: 26px;\">\n<td style=\"height: 26px;\" width=\"624\"><a href=\"https:\/\/www.notariosyregistradores.com\/web\/category\/esta-web\/autores\/#afs\" target=\"_blank\" rel=\"noopener\"><span style=\"font-size: 10pt;\">* Alfonso de la Fuente Sancho, notario de San Crist\u00f3bal de La Laguna (Tenerife).<\/span><\/a><\/td>\n<\/tr>\n<tr style=\"height: 26px;\">\n<td style=\"height: 26px;\" width=\"624\"><a href=\"https:\/\/www.notariosyregistradores.com\/web\/category\/esta-web\/autores\/#mn\" target=\"_blank\" rel=\"noopener\"><span style=\"font-size: 10pt;\">* Mar\u00eda N\u00fa\u00f1ez N\u00fa\u00f1ez, registradora de la propiedad y mercantil de Lugo.<\/span><\/a><\/td>\n<\/tr>\n<tr style=\"height: 26px;\">\n<td style=\"height: 26px;\" width=\"624\"><a href=\"https:\/\/www.notariosyregistradores.com\/web\/category\/esta-web\/autores\/#ies\" target=\"_blank\" rel=\"noopener\"><span style=\"font-size: 10pt;\">* Inmaculada Espi\u00f1eira Soto, notaria de Santiago de Compostela.<\/span><\/a><\/td>\n<\/tr>\n<tr style=\"height: 26px;\">\n<td style=\"height: 26px;\" width=\"624\"><a href=\"https:\/\/www.notariosyregistradores.com\/web\/category\/esta-web\/autores\/#jagv\" target=\"_blank\" rel=\"noopener\"><span style=\"font-size: 10pt;\">* Jos\u00e9 \u00c1ngel Garc\u00eda-Valdecasas Butr\u00f3n, registrador.<\/span><\/a><\/td>\n<\/tr>\n<tr style=\"height: 26px;\">\n<td style=\"height: 26px; text-align: justify;\" width=\"624\"><a href=\"https:\/\/www.notariosyregistradores.com\/web\/category\/esta-web\/autores\/#jar\" target=\"_blank\" rel=\"noopener\"><span style=\"font-size: 10pt;\">* Jos\u00e9 Antonio Riera \u00c1lvarez, notario de Arucas (Gran Canaria)<\/span><\/a><\/td>\n<\/tr>\n<tr style=\"height: 26px; text-align: justify;\">\n<td style=\"height: 26px;\" width=\"624\"><a href=\"https:\/\/www.notariosyregistradores.com\/web\/category\/esta-web\/autores\/#mgv\" target=\"_blank\" rel=\"noopener\"><span style=\"font-size: 10pt;\">* Mar\u00eda Garc\u00eda-Valdecasas Alguacil, registradora de Barcelona<\/span><\/a><\/td>\n<\/tr>\n<tr style=\"height: 26px; text-align: justify;\">\n<td style=\"height: 26px;\" width=\"624\"><a href=\"https:\/\/www.notariosyregistradores.com\/web\/category\/esta-web\/autores\/#er\" target=\"_blank\" rel=\"noopener\"><span style=\"font-size: 10pt;\">* Emma Rojo Iglesias, registradora de Alcal\u00e1 de Henares (Madrid)<\/span><\/a><\/td>\n<\/tr>\n<tr style=\"height: 26px; text-align: justify;\">\n<td style=\"height: 26px;\" width=\"624\"><a href=\"https:\/\/www.notariosyregistradores.com\/web\/category\/esta-web\/autores\/#jmj\" target=\"_blank\" rel=\"noopener\"><span style=\"font-size: 10pt;\">* <span style=\"font-size: 13.3333px;\">Javier M\u00e1ximo Ju\u00e1rez Gonz\u00e1lez, notario de Valencia<\/span><\/span><\/a><\/td>\n<\/tr>\n<tr style=\"height: 26px;\">\n<td style=\"height: 26px;\"><span style=\"font-size: 10pt;\">* <a href=\"https:\/\/www.notariosyregistradores.com\/web\/category\/esta-web\/autores\/#amoi\" target=\"_blank\" rel=\"noopener\">Antonio Manuel Oliva Izquierdo, registrador de Trujillo (C\u00e1ceres)<\/a><\/span><\/td>\n<\/tr>\n<tr style=\"height: 26px;\">\n<td style=\"height: 26px;\"><span style=\"font-size: 10pt;\">*<a href=\"https:\/\/www.notariosyregistradores.com\/web\/participa\/noticias\/shadia-nasser-garcia-se-incorpora-al-equipo-de-redaccion-de-nyr\/\"> Shadia Nasser Garc\u00eda, notaria de Formentera (Illes Balears)<\/a><\/span><\/td>\n<\/tr>\n<tr style=\"height: 26px;\">\n<td style=\"height: 26px;\"><a href=\"https:\/\/www.notariosyregistradores.com\/web\/participa\/noticias\/beatriz-zamora-rodriguez-y-alvaro-cordero-taborda-nuevos-miembros-del-equipo-de-redaccion-de-nyr\/\"><span style=\"font-size: 10pt;\">* Beatriz Zamora Rodr\u00edguez. registradora de Las Palmas de Gran Canaria y notaria en excedencia<\/span><\/a><\/td>\n<\/tr>\n<tr style=\"height: 26px;\">\n<td style=\"height: 26px;\"><a href=\"https:\/\/www.notariosyregistradores.com\/web\/participa\/noticias\/beatriz-zamora-rodriguez-y-alvaro-cordero-taborda-nuevos-miembros-del-equipo-de-redaccion-de-nyr\/#alvaro\"><span style=\"font-size: 10pt;\">* \u00c1lvaro Cordero Taborda, notario de Valoria la Buena (Valladolid)<\/span><\/a><\/td>\n<\/tr>\n<\/tbody>\n<\/table>\n<a class=\"mwm-aal-item\" name=\"disposiciones-generales\"><\/a><h6 style=\"text-align: justify;\"><span style=\"font-size: 14pt; color: #0000ff;\"><b><a id=\"disposiciones\"><\/a>DISPOSICIONES GENERALES<\/b><\/span><\/h6>\n<a class=\"mwm-aal-item\" name=\"politica-agricola-comun\"><\/a><h6><span style=\"font-size: 12pt;\">Pol\u00edtica Agr\u00edcola Com\u00fan<\/span><span style=\"font-size: 0.857143rem; text-align: justify;\">.<\/span><\/h6>\n<div class=\"enlacesDoc\" style=\"text-align: justify;\">\n<div class=\"enlacesDoc\">\n<div class=\"enlacesDoc\">\n<div class=\"enlacesDoc\">\n<div class=\"enlacesDoc\">\n<div class=\"enlacesDoc\">\n<div class=\"enlacesDoc\">\n<p>Real Decreto 916\/2025, de 14 de octubre, por el que se modifican diversos reales decretos en materia de Pol\u00edtica Agr\u00edcola Com\u00fan.<\/p>\n<p><span style=\"color: #0000ff;\"><strong>Resumen:<\/strong> Este Real Decreto modifica la normativa espa\u00f1ola que aplica el Plan Estrat\u00e9gico de la Pol\u00edtica Agr\u00edcola Com\u00fan (PAC) 2023-2027, tras la aprobaci\u00f3n por la Comisi\u00f3n Europea de una actualizaci\u00f3n del plan nacional en agosto de 2025.<\/span><\/p>\n<p>Los cambios introducidos responden a un <strong>triple objetivo: <\/strong><\/p>\n<ul>\n<li>adaptar la normativa a las nuevas condiciones del PEPAC aprobadas por la Comisi\u00f3n Europea,<\/li>\n<li>mejorar la eficacia en la ejecuci\u00f3n y gesti\u00f3n de las intervenciones sectoriales,<\/li>\n<li>y asegurar una mayor claridad jur\u00eddica y funcionalidad t\u00e9cnica para todos los actores implicados, en especial las organizaciones de productores y las administraciones competentes.<\/li>\n<\/ul>\n<p>El <a href=\"https:\/\/www.boe.es\/buscar\/doc.php?id=DOUE-L-2021-81699\">Reglamento (UE) 2021\/2115<\/a> del Parlamento Europeo y del Consejo, de\u00a02 de diciembre de\u00a02021, establece que <strong>todos los Estados miembros tienen que elaborar un plan estrat\u00e9gico.<\/strong><\/p>\n<p>La Comisi\u00f3n Europea aprob\u00f3 el\u00a031 de agosto de\u00a02022 el <a href=\"https:\/\/www.mapa.gob.es\/es\/pac\/pac-2023-2027\/plan-estrategico-pac\"><strong>Plan Estrat\u00e9gico Nacional de la Pol\u00edtica Agr\u00edcola Com\u00fan (PAC) del Reino de Espa\u00f1a\u00a02023-2027<\/strong><\/a><strong>,<\/strong> que fue objeto de actualizaci\u00f3n en agosto pasado.<\/p>\n<p>El traslado de esa adaptaci\u00f3n a nuestro derecho interno se articula mediante la modificaci\u00f3n de <strong>ocho reales decretos<\/strong>, de los que destacamos:<\/p>\n<p>En el <a href=\"https:\/\/www.boe.es\/buscar\/act.php?id=BOE-A-2022-23045\"><strong>Real Decreto\u00a01045\/2022, de\u00a027 de diciembre<\/strong><\/a>, sobre derechos de <strong>ayuda b\u00e1sica a la renta<\/strong> para la sostenibilidad de la Pol\u00edtica Agr\u00edcola Com\u00fan, se aclara la redacci\u00f3n actual de las condiciones de las <strong>cesiones de derechos <\/strong>asignados por la reserva nacional y revisa las condiciones de las cesiones de derechos de ayuda b\u00e1sica a la renta para la sostenibilidad por parte de los agricultores que se incorporen a la actividad agraria para evitar efectos indeseados. Tambi\u00e9n se realizan algunos ajustes en una de las novedades m\u00e1s relevantes del nuevo modelo de aplicaci\u00f3n de la PAC\u00a02023-2027: el <strong>Informe Anual de Rendimiento<\/strong> (IAR).<\/p>\n<p>En el <a href=\"https:\/\/www.boe.es\/buscar\/act.php?id=BOE-A-2022-23048\">Real Decreto\u00a01048\/2022, de\u00a027 de diciembre<\/a>, se matiza la cesi\u00f3n de derechos de agricultores activos que se incorporen a la actividad agraria, se propone la inclusi\u00f3n expresa de los <strong>sistemas agrivoltaicos<\/strong> como superficies potencialmente admisibles a efectos de las ayudas de la PAC y se esclarece que el <strong>umbral de superficies<\/strong> se aplica a nivel de recinto, no de parcela agr\u00edcola.<\/p>\n<p>Y en el <strong><a href=\"https:\/\/www.boe.es\/buscar\/act.php?id=BOE-A-2023-5370\">Real Decreto\u00a0147\/2023, de\u00a028 de febrero<\/a><\/strong>, que regula, entre otras, la aplicaci\u00f3n de las <strong>penalizaciones<\/strong> de la condicionalidad reforzada y social de forma diferenciada, ahora se establecer el orden en el que se han de aplicar cada una de ellas en el caso de que a un mismo beneficiario de las ayudas se le impongan ambos tipos de penalizaciones. Asimismo, se modifica la redacci\u00f3n ajust\u00e1ndola a la realidad del sistema de penalizaciones de las intervenciones por superficie y se precisa la posible aplicaci\u00f3n de penalizaciones por diferencia en las superficies aprobadas o modificadas y la realmente ejecutada en la ayuda en la intervenci\u00f3n de reestructuraci\u00f3n y reconversi\u00f3n de vi\u00f1edos.<\/p>\n<p>Entro en vigor el 16 de octubre de 2025.<\/p>\n<div class=\"enlacesDoc\">\n<ul>\n<li class=\"puntoPDF\"><a title=\"PDF firmado BOE-A-2025-20583\" href=\"https:\/\/www.boe.es\/boe\/dias\/2025\/10\/15\/pdfs\/BOE-A-2025-20583.pdf\">PDF (BOE-A-2025-20583 &#8211; 31\u00a0<abbr title=\"p\u00e1ginas\">p\u00e1gs.<\/abbr>\u00a0&#8211; 509\u00a0<abbr title=\"kilobytes\">KB<\/abbr>)<\/a>\u00a0 <a title=\"Versi\u00f3n HTML BOE-A-2025-20583\" href=\"https:\/\/www.boe.es\/diario_boe\/txt.php?id=BOE-A-2025-20583\">Otros formatos<\/a><\/li>\n<\/ul>\n<\/div>\n<\/div>\n<\/div>\n<\/div>\n<\/div>\n<\/div>\n<\/div>\n<\/div>\n<div class=\"enlacesDoc\" style=\"text-align: justify;\">\n<div class=\"enlacesDoc\">\n<div class=\"enlacesDoc\">\n<div class=\"enlacesDoc\">\n<div class=\"enlacesDoc\">\n<div class=\"enlacesDoc\">\n<div class=\"enlacesDoc\">\n<div class=\"enlacesDoc\">\n<div class=\"enlacesDoc\">\n<div class=\"enlacesDoc\">\n<div class=\"enlacesDoc\">\n<div class=\"enlacesDoc\">\n<div class=\"enlacesDoc\">\n<div class=\"enlacesDoc\">\n<div class=\"enlacesDoc\" style=\"text-align: justify;\">\n<div class=\"enlacesDoc\">\n<div class=\"enlacesDoc\">\n<div class=\"enlacesDoc\">\n<div class=\"enlacesDoc\">\n<a class=\"mwm-aal-item\" name=\"-prestamo-de-valores-de-instituciones-de-inversion-colectiva\"><\/a><h6><span style=\"font-size: 12pt;\"> Pr\u00e9stamo de valores de instituciones de Inversi\u00f3n Colectiva<\/span><\/h6>\n<p>Orden ECM\/1155\/2025, de 14 de octubre, por la que se regula el pr\u00e9stamo de determinados valores e instrumentos financieros de las instituciones de inversi\u00f3n colectiva.<\/p>\n<p><span style=\"color: #0000ff;\"><strong>Resumen:<\/strong> Esta orden tiene por objeto establecer las normas aplicables al pr\u00e9stamo de valores de las instituciones de inversi\u00f3n colectiva de car\u00e1cter financiero, de conformidad con lo dispuesto en la Ley\u00a0de Instituciones de Inversi\u00f3n Colectiva.<\/span><\/p>\n<p>El <a href=\"https:\/\/www.boe.es\/buscar\/act.php?id=BOE-A-2003-20331#a30\">art\u00edculo\u00a030.6<\/a> de la Ley\u00a035\/2003, de\u00a04 de noviembre, de Instituciones de Inversi\u00f3n Colectiva establece que los valores y otros activos que integren la cartera de las instituciones de inversi\u00f3n colectiva\u00a0(IIC) de car\u00e1cter financiero podr\u00e1n ser objeto de operaciones de <strong>pr\u00e9stamo de valores con los l\u00edmites y garant\u00edas<\/strong> que establezca el Ministro de Econom\u00eda, Comercio y Empresa.<\/p>\n<p>El <strong>pr\u00e9stamo de valores<\/strong> es una t\u00e9cnica de gesti\u00f3n de cartera que consiste en la transmisi\u00f3n temporal de determinados instrumentos financieros por parte de un prestamista a un tomador o prestatario, a cambio de otros activos depositados como garant\u00eda y del pago de las comisiones que pudiesen acordarse.<\/p>\n<p><strong>Esta orden habilita la pr\u00e1ctica del pr\u00e9stamo de valores a las\u00a0IIC<\/strong>, permiti\u00e9ndoles ofrecer mayores rentabilidades a sus part\u00edcipes y accionistas, sin menoscabo de la protecci\u00f3n de los inversores y de la seguridad de sus inversiones. Para ello, la orden desarrolla las reglas aplicables a las operaciones de pr\u00e9stamo de valores, establece un r\u00e9gimen de garant\u00edas sobre las mismas, impone obligaciones de control interno para las sociedades gestoras y las sociedades de inversi\u00f3n, e incluye las obligaciones de los depositarios de las instituciones prestamistas, que han de velar por el cumplimiento de las normas aplicables al pr\u00e9stamo de valores.<\/p>\n<p>El <strong><a href=\"https:\/\/www.boe.es\/buscar\/act.php?id=BOE-A-2025-20793#ci\">cap\u00edtulo\u00a0I<\/a><\/strong> contiene las <strong>disposiciones generales<\/strong> de la operativa de pr\u00e9stamo de valores para las\u00a0IIC. Se establece el objeto de la orden, los principios que deber\u00e1n guiar esta pr\u00e1ctica, as\u00ed como el r\u00e9gimen de los posibles prestamistas y prestatarios. En lo que respecta a los <strong>prestamistas<\/strong>, la norma habilita el pr\u00e9stamo de valores a las instituciones de inversi\u00f3n colectiva de car\u00e1cter financiero comprendidas en el <a href=\"https:\/\/www.boe.es\/buscar\/act.php?id=BOE-A-2003-20331#ci-3\">cap\u00edtulo\u00a0I del t\u00edtulo\u00a0III<\/a> de dicha ley, con excepci\u00f3n de las\u00a0IIC de inversi\u00f3n libre, que ya pod\u00edan prestar sus valores. En cuanto a los potenciales <strong>prestatarios<\/strong>, se enumeran los tipos de entidades que podr\u00e1n tomar prestados los valores de las\u00a0IIC y se les exige que presenten una solvencia suficiente.<\/p>\n<p>El <strong><a href=\"https:\/\/www.boe.es\/buscar\/act.php?id=BOE-A-2025-20793#ci-2\">cap\u00edtulo\u00a0II<\/a><\/strong> regula las reglas aplicables a la <strong>operativa de pr\u00e9stamo de valores<\/strong> de las\u00a0IIC, estableci\u00e9ndose cu\u00e1les ser\u00e1n los <strong>valores<\/strong> susceptibles de pr\u00e9stamo (incluye los valores negociables como los fondos cotizados, y los instrumentos del mercado monetario), la <strong>forma<\/strong> mediante la que se articular\u00e1 el pr\u00e9stamo de valores (que ser\u00e1 la que se estime m\u00e1s conveniente, con posibilidad de utilizaci\u00f3n de contratos marco estandarizados), el <strong>ejercicio de los derechos<\/strong> econ\u00f3micos y pol\u00edticos y el r\u00e9gimen de cancelaci\u00f3n de las operaciones, entre otros aspectos.<\/p>\n<p>El <strong><a href=\"https:\/\/www.boe.es\/buscar\/act.php?id=BOE-A-2025-20793#ci-3\">cap\u00edtulo\u00a0III<\/a><\/strong>, referido a las <strong>garant\u00edas<\/strong>, dispone la obligatoriedad de que los pr\u00e9stamos de valores est\u00e9n garantizados con garant\u00edas cuyo valor de mercado sea superior al valor de mercado del valor prestado, introduci\u00e9ndose requisitos en cuanto al nivel de cobertura, entrega de las garant\u00edas, activos admisibles y la posibilidad de reinversi\u00f3n de las garant\u00edas, entre otras cuestiones.<\/p>\n<p>El <a href=\"https:\/\/www.boe.es\/buscar\/act.php?id=BOE-A-2025-20793#ci-4\">cap\u00edtulo\u00a0IV<\/a> <strong>contiene obligaciones de informaci\u00f3n y de control interno<\/strong> para las gestoras y las sociedades de inversi\u00f3n, as\u00ed como los deberes de liquidaci\u00f3n, custodia y supervisi\u00f3n encomendadas a los depositarios.<\/p>\n<p>Se <strong>deroga<\/strong> la <a href=\"https:\/\/www.boe.es\/buscar\/act.php?id=BOE-A-1991-20447\">Orden del Ministerio de Econom\u00eda y Hacienda de\u00a031 de julio de\u00a01991<\/a>, sobre cesi\u00f3n de valores en pr\u00e9stamo por las instituciones de inversi\u00f3n colectiva y r\u00e9gimen de recursos propios, de informaci\u00f3n y contable de las sociedades gestoras de instituciones de inversi\u00f3n colectiva.<\/p>\n<p>La disposici\u00f3n final segunda <strong>habilita a la Comisi\u00f3n Nacional del Mercado de Valores<\/strong> para dictar las disposiciones necesarias sobre contabilidad y requisitos espec\u00edficos de informaci\u00f3n en relaci\u00f3n con las operaciones de pr\u00e9stamo de valores.<\/p>\n<p>Entr\u00f3 en vigor el 18 de octubre de 2025.<\/p>\n<div class=\"enlacesDoc\">\n<ul>\n<li class=\"puntoPDF\"><a title=\"PDF firmado BOE-A-2025-20793\" href=\"https:\/\/www.boe.es\/boe\/dias\/2025\/10\/17\/pdfs\/BOE-A-2025-20793.pdf\">PDF (BOE-A-2025-20793 &#8211; 8\u00a0<abbr title=\"p\u00e1ginas\">p\u00e1gs.<\/abbr>\u00a0&#8211; 238\u00a0<abbr title=\"kilobytes\">KB<\/abbr>)<\/a> \u00a0<a title=\"Versi\u00f3n HTML BOE-A-2025-20793\" href=\"https:\/\/www.boe.es\/diario_boe\/txt.php?id=BOE-A-2025-20793\">Otros formatos<\/a><\/li>\n<\/ul>\n<a class=\"mwm-aal-item\" name=\"ela-y-otras-enfermedades-irreversibles\"><\/a><h6><span style=\"font-size: 12pt;\">ELA y otras enfermedades irreversibles<\/span><\/h6>\n<p>Real Decreto-ley 11\/2025, de 21 de octubre, por el que se establecen medidas para el fortalecimiento del Sistema para la Autonom\u00eda y Atenci\u00f3n a la Dependencia y cumplir con las obligaciones establecidas en la Ley 3\/2024, de 30 de octubre, para mejorar la calidad de vida de las personas con Esclerosis Lateral Amiotr\u00f3fica y otras enfermedades o procesos de alta complejidad y curso irreversible.<\/p>\n<p><span style=\"color: #0000ff;\"><strong>Resumen:<\/strong> Este RDLey completa la Ley\u00a03\/2024, de\u00a030 de octubre, con el objetivo de mejorar la atenci\u00f3n a los enfermos de esclerosis lateral amiotr\u00f3fica (ELA) y otras enfermedades complejas de curso irreversible. Crea un nuevo grado de dependencia (Grado III+) para casos extremos.<\/span><\/p>\n<p>La <a href=\"https:\/\/www.boe.es\/buscar\/act.php?id=BOE-A-2024-22438\"><strong>Ley\u00a03\/2024, de\u00a030 de octubre<\/strong>,<\/a> para mejorar la calidad de vida de personas con Esclerosis Lateral Amiotr\u00f3fica y otras enfermedades o procesos de alta complejidad y curso irreversible, tiene como finalidad prioritaria mejorar tanto la calidad de vida como el <strong>acceso a servicios especializados<\/strong> de aquellas personas que padecen estos procesos caracterizados por la no existencia de un tratamiento curativo espec\u00edfico, el poco tiempo de supervivencia desde el momento del diagn\u00f3stico, la r\u00e1pida evoluci\u00f3n hacia un alto nivel de discapacidad y dependencia y la necesidad de integrar cuidados complejos sanitarios y sociales.<\/p>\n<p>Para cumplir con esta finalidad, contempla el desarrollo de una serie de modificaciones legislativas orientadas a garantizar la mejor calidad de vida, a trav\u00e9s de la <strong>agilizaci\u00f3n de los tr\u00e1mites administrativos <\/strong>para el reconocimiento de la discapacidad y la dependencia.<\/p>\n<p>En su desarrollo, se a\u00f1ade la <a href=\"https:\/\/www.boe.es\/buscar\/act.php?id=BOE-A-2006-21990#da\">D.Ad. 17\u00aa<\/a> a la Ley\u00a039\/2006, de\u00a014 de diciembre, de Promoci\u00f3n de la Autonom\u00eda Personal y Atenci\u00f3n a las personas en situaci\u00f3n de dependencia, que crea un <strong>nuevo Grado III+ de dependencia extrema<\/strong>, que incluye a las personas que, teniendo reconocido el Grado III de dependencia est\u00e1n diagnosticadas con Esclerosis Lateral Amiotr\u00f3fica en aquella <strong>fase avanzada<\/strong> de la enfermedad que determina una dependencia completa para actividades b\u00e1sicas de la vida diaria, as\u00ed como asistencia instrumental y personal derivada de problemas respiratorios y disfagia. Tambi\u00e9n se incluye a las personas que, teniendo reconocido el Grado III de dependencia, est\u00e1n diagnosticadas con <strong>otras enfermedades<\/strong> o procesos de alta complejidad y curso irreversible.<\/p>\n<p>A este Grado III+ de dependencia extrema se le asignar\u00e1 un <strong>nivel m\u00ednimo de protecci\u00f3n espec\u00edfico<\/strong>, garantizado por la Administraci\u00f3n General del Estado, en funci\u00f3n de la prestaci\u00f3n o servicio que se disfrute, con acceso a una prestaci\u00f3n econ\u00f3mica vinculada al servicio, que \u00fanicamente podr\u00e1 ser destinada a ayuda a domicilio, o a una prestaci\u00f3n econ\u00f3mica de asistencia personal. Su cuant\u00eda m\u00ednima es de en\u00a04.930 euros al mes y la m\u00e1xima, 9.859 euros.<\/p>\n<p>Entr\u00f3 en vigor el 22 de octubre de 2025.<\/p>\n<div class=\"enlacesDoc\">\n<ul>\n<li class=\"puntoPDF\"><a title=\"PDF firmado BOE-A-2025-21205\" href=\"https:\/\/www.boe.es\/boe\/dias\/2025\/10\/22\/pdfs\/BOE-A-2025-21205.pdf\">PDF (BOE-A-2025-21205 &#8211; 11\u00a0<abbr title=\"p\u00e1ginas\">p\u00e1gs.<\/abbr>\u00a0&#8211; 261\u00a0<abbr title=\"kilobytes\">KB<\/abbr>)<\/a> \u00a0<a title=\"Versi\u00f3n HTML BOE-A-2025-21205\" href=\"https:\/\/www.boe.es\/diario_boe\/txt.php?id=BOE-A-2025-21205\">Otros formatos<\/a>\u00a0 \u00a0<a href=\"https:\/\/www.boe.es\/diario_boe\/txt.php?id=BOE-A-2025-23614\" target=\"_blank\" rel=\"nofollow noopener noreferrer\">Convalidaci\u00f3n<\/a><\/li>\n<\/ul>\n<a class=\"mwm-aal-item\" name=\"calendario-laboral-2026\"><\/a><h6><span style=\"font-size: 12pt;\">Calendario laboral 2026<\/span><\/h6>\n<p style=\"text-align: justify;\">Resoluci\u00f3n de 17 de octubre de 2025, de la Direcci\u00f3n General de Trabajo, por la que se publica la relaci\u00f3n de fiestas laborales para el a\u00f1o 2026.<\/p>\n<p><span style=\"color: #0000ff;\"><strong>Resumen:<\/strong> Se desglosan las 12 fiestas laborales en las 17 CCAA y las ciudades de Ceuta y de Melilla. Aparte de ellas, est\u00e1n dos fiestas locales que no aparecen en el cuadro.<\/span><\/p>\n<p style=\"text-align: justify;\"><span style=\"color: #000000;\">En el pr\u00f3ximo a\u00f1o habr\u00e1 <strong>doce fiestas laborales por Comunidad Aut\u00f3noma<\/strong>.<\/span><\/p>\n<ul>\n<li style=\"text-align: justify;\"><span style=\"color: #000000;\">De ellas, <strong>siete\u00a0<\/strong>son fiestas nacionales retribuidas y no sustituibles (una menos que en 2025).\u00a0<\/span><\/li>\n<li style=\"text-align: justify;\"><span style=\"color: #000000;\">Otras <strong>cinco<\/strong>, o bien son fiestas nacionales sustituibles, o bien la sustituci\u00f3n de \u00e9stas o la fiesta de la propia Comunidad Aut\u00f3noma.<\/span><\/li>\n<\/ul>\n<p style=\"text-align: justify;\"><span style=\"color: #000000;\">Aparte, se encuentran <strong>dos fiestas locales<\/strong> que no aparecen en el cuadro y que se publicar\u00e1n en el \u00abBolet\u00edn Oficial de la Comunidad Aut\u00f3noma\u00bb o, en su caso, en el \u00abBolet\u00edn Oficial\u00bb de la provincia correspondiente.<\/span><\/p>\n<p style=\"text-align: justify;\"><span style=\"color: #000000;\"><span style=\"font-size: 12pt;\"><strong>E<\/strong><\/span><span style=\"font-size: 12pt;\"><strong>nero:<\/strong><\/span><\/span><\/p>\n<ul>\n<li style=\"text-align: justify;\"><span style=\"color: #000000;\">el jueves 1 de enero, Fiesta nacional no sustituible.<\/span><\/li>\n<li style=\"text-align: justify;\"><span style=\"color: #000000;\">el martes 6 de enero, Epifan\u00eda del Se\u00f1or: festivo en todas las CCAA, pues no se ha ejercitado la sustituci\u00f3n en ninguna.<\/span><\/li>\n<\/ul>\n<p style=\"text-align: justify;\"><span style=\"font-size: 12pt;\"><strong>Febrero:<\/strong><\/span><\/p>\n<ul>\n<li>el lunes 2 de febrero, en Tenerife, Nuestra Se\u00f1ora de la Candelaria<\/li>\n<li><span style=\"color: #000000;\">el s\u00e1bado 28 de febrero, D\u00eda de Andaluc\u00eda<\/span><\/li>\n<\/ul>\n<p style=\"text-align: justify;\"><span style=\"font-size: 12pt; color: #000000;\"><strong>Marzo:<\/strong><\/span><\/p>\n<ul>\n<li><span style=\"color: #000000;\">el lunes 2, es el siguiente al D\u00eda de les Illes Balears.\u00a0<\/span><\/li>\n<li style=\"text-align: justify;\"><span style=\"color: #000000;\">el jueves 19 de marzo, San Jos\u00e9: Galicia, Murcia, Navarra, Pa\u00eds Vasco y Valencia.\u00a0<\/span><\/li>\n<li><span style=\"color: #000000;\">el viernes 20: Fiesta del Eid Fitr, en Melilla.<\/span><\/li>\n<\/ul>\n<p style=\"text-align: justify;\"><span style=\"font-size: 12pt;\"><strong>Abril:<\/strong><\/span><\/p>\n<ul>\n<li style=\"text-align: justify;\">el 2 de abril (Jueves Santo), todas las CCAA con la excepci\u00f3n de Catalu\u00f1a y Valencia.<\/li>\n<li style=\"text-align: justify;\">el 3 de abril (Viernes Santo, nacional no sustituible)<\/li>\n<li style=\"text-align: justify;\">el Lunes de Pascua (6 de abril) ser\u00e1 festivo en Baleares, Castilla-La Mancha, Catalu\u00f1a, Navarra, Pa\u00eds Vasco, La Rioja y Valencia.\u00a0<\/li>\n<li style=\"text-align: justify;\">el jueves 23 de abril, san Jorge, D\u00eda de Arag\u00f3n y D\u00eda de Castilla y Le\u00f3n.<\/li>\n<\/ul>\n<p style=\"text-align: justify;\"><span style=\"font-size: 12pt;\"><strong>Mayo:<\/strong><\/span><\/p>\n<ul>\n<li style=\"text-align: justify;\">el viernes 1 de mayo, Fiesta del Trabajo, ser\u00e1 festivo nacional no sustituible.<\/li>\n<li style=\"text-align: justify;\">el s\u00e1bado 2 de mayo es la Fiesta de la Comunidad de Madrid<\/li>\n<li>el mi\u00e9rcoles 27 de mayo, Fiesta del Sacrificio en Ceuta y en Melilla<\/li>\n<li>el s\u00e1bado 30 de mayo es el D\u00eda de Canarias\u00a0<\/li>\n<\/ul>\n<p style=\"text-align: justify;\"><span style=\"font-size: 12pt;\"><strong>Junio:<\/strong><\/span><\/p>\n<ul>\n<li>el jueves 4 de junio se celebra el Corpus Christi en Castilla-La Mancha<\/li>\n<li>el martes 9 de junio, D\u00eda de La Rioja.<\/li>\n<li>el martes 9 de junio, D\u00eda de la Regi\u00f3n de Murcia.<\/li>\n<li>el mi\u00e9rcoles 17 de junio es la Fiesta de \u00c1r\u00e1n (territorio de Catalu\u00f1a)<\/li>\n<li>el mi\u00e9rcoles 24 de junio, San Juan, es festivo en Catalu\u00f1a, Galicia y Valencia.<\/li>\n<\/ul>\n<p style=\"text-align: justify;\"><span style=\"font-size: 12pt;\"><strong>Julio:<\/strong><\/span><\/p>\n<ul>\n<li>el 25 de julio, s\u00e1bado, Santiago Ap\u00f3stol, festivo en Galicia y Pa\u00eds Vasco.<\/li>\n<li>el 28 de julio, martes, es el D\u00eda de las Instituciones de Cantabria.<\/li>\n<\/ul>\n<p style=\"text-align: justify;\"><span style=\"font-size: 12pt;\"><strong>Agosto:<\/strong><\/span><\/p>\n<ul>\n<li>el mi\u00e9rcoles 5 de agosto, festividad de Nuestra Se\u00f1ora de \u00c1frica en Ceuta<\/li>\n<li>el mi\u00e9rcoles 5 de agosto es tambi\u00e9n la festividad de Nuestra Se\u00f1ora de Las Nieves en La Palma<\/li>\n<li style=\"text-align: justify;\">el s\u00e1bado 15 de agosto, Asunci\u00f3n de la Virgen (nacional no sustituible)<\/li>\n<\/ul>\n<p style=\"text-align: justify;\"><span style=\"font-size: 12pt;\"><strong>Septiembre:<\/strong><\/span><\/p>\n<ul>\n<li>el mi\u00e9rcoles 2 de septiembre, d\u00eda de Ceuta<\/li>\n<li style=\"text-align: justify;\">el martes 8 de septiembre, es el D\u00eda de Asturias<\/li>\n<li>el martes 8 de septiembre, tambi\u00e9n es el D\u00eda de Extremadura<\/li>\n<li style=\"text-align: justify;\">el martes 8 de septiembre se celebra la festividad de Nuestra Se\u00f1ora del Pino en Gran Canaria<\/li>\n<li style=\"text-align: justify;\">el viernes 11 de septiembre, Fiesta Nacional de Catalu\u00f1a<\/li>\n<li>el martes 15 de septiembre, la Bien Aparecida, de Cantabria.<\/li>\n<li style=\"text-align: justify;\">el martes 15 de septiembre, festividad de Nuestra Se\u00f1ora de los Volcanes en Lanzarote y La Graciosa<\/li>\n<li style=\"text-align: justify;\">el viernes 18 de septiembre, Nuestra Se\u00f1ora de la Pe\u00f1a en Fuerteventura<\/li>\n<li>el jueves 24 de septiembre, festividad de Nuestra Se\u00f1ora de los Reyes en El Hierro<\/li>\n<\/ul>\n<p style=\"text-align: justify;\"><span style=\"font-size: 12pt; color: #000000;\"><strong>Octubre:<\/strong><\/span><\/p>\n<ul>\n<li>el lunes 5 de octubre, festividad de Nuestra Se\u00f1ora de Guadalupe en La Gomera<\/li>\n<li><span style=\"color: #000000;\">el viernes 9 de octubre, D\u00eda de la Comunidad Valenciana<\/span><\/li>\n<li><span style=\"color: #000000;\">el lunes 12 de octubre, Fiesta Nacional de Espa\u00f1a (nacional no sustituible)<\/span><\/li>\n<\/ul>\n<p style=\"text-align: justify;\"><span style=\"font-size: 12pt; color: #000000;\"><strong>Noviembre:<\/strong><\/span><\/p>\n<ul>\n<li style=\"text-align: justify;\"><span style=\"color: #000000;\">el lunes 2 de noviembre, d\u00eda siguiente a Todos los Santos: Andaluc\u00eda, Arag\u00f3n, Asturias, Cantabria, Castilla-La Mancha, Castilla y Le\u00f3n, Extremadura, Madrid y Navarra<\/span><\/li>\n<\/ul>\n<p style=\"text-align: justify;\"><span style=\"font-size: 12pt; color: #000000;\"><strong>Diciembre:<\/strong><\/span><\/p>\n<ul>\n<li style=\"text-align: justify;\"><span style=\"color: #000000;\">el lunes 7 de diciembre, d\u00eda siguiente al D\u00eda de la Constituci\u00f3n Espa\u00f1ola: Andaluc\u00eda, Arag\u00f3n, Asturias, Cantabria, Castilla y Le\u00f3n, Extremadura, Madrid, Murcia, La Rioja y Melilla\u00a0<\/span><\/li>\n<li style=\"text-align: justify;\"><span style=\"color: #000000;\">el martes 8 de diciembre, La Inmaculada Concepci\u00f3n (nacional no sustituible).<\/span><\/li>\n<li style=\"text-align: justify;\"><span style=\"color: #000000;\">el viernes 25 de diciembre, Natividad del Se\u00f1or (nacional no sustituible)<\/span><\/li>\n<li style=\"text-align: justify;\"><span style=\"color: #000000;\">el s\u00e1bado 26 de diciembre es San Esteban, que se celebra en las Illes Balears y en Catalu\u00f1a (salvo en el territorio de Ar\u00e1n)<\/span><\/li>\n<\/ul>\n<p>Ir al <a href=\"https:\/\/www.notariosyregistradores.com\/web\/participa\/noticias\/calendario-laboral-2026\/\"><strong>archivo especial.<\/strong><\/a><\/p>\n<div class=\"enlacesDoc\">\n<ul style=\"text-align: justify;\">\n<li class=\"puntoPDF\"><a title=\"PDF firmado BOE-A-2025-21667\" href=\"https:\/\/www.boe.es\/boe\/dias\/2025\/10\/28\/pdfs\/BOE-A-2025-21667.pdf\">PDF (BOE-A-2025-21667 &#8211; 5\u00a0<abbr title=\"p\u00e1ginas\">p\u00e1gs.<\/abbr>\u00a0&#8211; 423\u00a0<abbr title=\"kilobytes\">KB<\/abbr>)<\/a> \u00a0<a title=\"Versi\u00f3n HTML BOE-A-2025-21667\" href=\"https:\/\/www.boe.es\/diario_boe\/txt.php?id=BOE-A-2025-21667\">Otros formatos<\/a><\/li>\n<\/ul>\n<a class=\"mwm-aal-item\" name=\"medidas-urgentes-dana\"><\/a><h6 style=\"text-align: justify;\"><span style=\"font-size: 12pt;\">Medidas urgentes DANA<\/span><\/h6>\n<p style=\"text-align: justify;\">Real Decreto-ley 12\/2025, de 28 de octubre, por el que se adoptan medidas urgentes de reactivaci\u00f3n, refuerzo y prevenci\u00f3n en el marco del Plan de respuesta inmediata, reconstrucci\u00f3n y relanzamiento frente a los da\u00f1os causados por la Depresi\u00f3n Aislada en Niveles Altos (DANA) en diferentes municipios entre el 28 de octubre y el 4 de noviembre de 2024.<\/p>\n<p><span style=\"color: #0000ff;\"><strong>Resumen:<\/strong> Este RDLey, complementario de otros anteriores, adopta medidas destinadas a proporcionar recursos econ\u00f3micos y apoyo para la reconstrucci\u00f3n y la recuperaci\u00f3n de las zonas afectadas por el evento meteorol\u00f3gico DANA acaecido en octubre de 2024.<\/span><\/p>\n<p><strong>Medidas econ\u00f3micas (cap\u00edtulo I)<\/strong><\/p>\n<p>&#8211; Nuevos <strong>pr\u00e9stamos ICO<\/strong> PRTR. El objetivo es proporcionar financiaci\u00f3n a tipos subvencionados, as\u00ed como asesoramiento especializado, a las empresas que afrontan disrupciones en sus cadenas de suministro o en sus mercados internacionales,<\/p>\n<p>&#8211; L\u00edneas de <strong>avales<\/strong> para la cobertura por cuenta del Estado de la financiaci\u00f3n otorgada por entidades financieras a hogares, empresas y aut\u00f3nomos afectados por emergencias de protecci\u00f3n civil. Ver tambi\u00e9n la D.Ad. 2\u00aa.<\/p>\n<p><strong>Medidas de apoyo a la actividad industrial y tur\u00edstica (cap\u00edtulo II)<\/strong><\/p>\n<p>&#8211; Ampliaci\u00f3n de plazos para la acreditaci\u00f3n de puesta en marcha de instalaciones en el <strong>sector naval<\/strong><\/p>\n<p>&#8211; Cumplimiento del porcentaje m\u00ednimo de ayuda total concedida a PYME en ayudas del PERTE VEC <strong>(Veh\u00edculo El\u00e9ctrico y Conectado)<\/strong><\/p>\n<p>&#8211; Ampliaci\u00f3n de plazos de ejecuci\u00f3n de las ayudas concedidas relacionadas con el <strong>Patrimonio Hist\u00f3rico<\/strong> con uso tur\u00edstico<\/p>\n<p><strong>Medidas en materia de Seguridad Social (cap\u00edtulo III)<\/strong><\/p>\n<p>&#8211; <strong>Aplazamiento del pago<\/strong> de la cotizaci\u00f3n a la Seguridad Social y por conceptos de recaudaci\u00f3n conjunta, con relaci\u00f3n al pago de las cuotas de la Seguridad Social cuyo devengo tenga lugar entre los meses de noviembre de 2025 a febrero de 2026, en el caso de trabajadores <strong>aut\u00f3nomos<\/strong> incluidos en otro r\u00e9gimen especial de la Seguridad Social.<\/p>\n<p>&#8211; <strong>Prestaci\u00f3n de cese de actividad<\/strong> para los trabajadores aut\u00f3nomos obligados a cesar en la actividad como consecuencia directa e inmediata de los siniestros relacionados con dicha DANA. Se les concede seguir percibiendo esta prestaci\u00f3n hasta el 31 de diciembre de 2025, si re\u00fanen determinados requisitos.<\/p>\n<p><strong>Medidas dirigidas a la mejora de la resiliencia frente a inundaciones (cap\u00edtulo IV). <\/strong>Ayudas para el desarrollo de actuaciones de adaptaci\u00f3n al riesgo de inundaci\u00f3n en los municipios afectados por la DANA<\/p>\n<p><strong>Medidas de apoyo al sector cultural (cap\u00edtulo V) <\/strong><\/p>\n<p>&#8211; Concesi\u00f3n directa de una subvenci\u00f3n para la recuperaci\u00f3n de la memoria y del <strong>patrimonio cultural y fotogr\u00e1fico<\/strong> de las familias afectadas por la DANA en la zona de Valencia.<\/p>\n<p>&#8211; Concesi\u00f3n directa de subvenciones a <strong>entidades culturales<\/strong> para la recuperaci\u00f3n del sector cultural.<\/p>\n<p><strong>Veh\u00edculos afectados.<\/strong> La D. Ad. 1\u00ba regula la baja definitiva de los veh\u00edculos afectados por la DANA. Ver tambi\u00e9n la modificaci\u00f3n del art\u00edculo 6 RDLey 8\/2024, de 28 de noviembre,<\/p>\n<p><strong>Entidades locales.<\/strong> La D.F. 2\u00aa modifica el art\u00edculo 5 del RDLey 6\/2024, de 5 de noviembre, sobre r\u00e9gimen de ayudas a entidades locales para las obras de reparaci\u00f3n, restituci\u00f3n, reconstrucci\u00f3n, mejora y ampliaci\u00f3n de infraestructuras, equipamientos o instalaciones y servicios de titularidad municipal o provincial.<\/p>\n<p><strong>Adquisici\u00f3n de viviendas.<\/strong> La D.F. 3\u00aa modifica el RDLey 7\/2024, de\u00a011 de noviembre, para, entre otros cometidos, ampliar el destino de la subvenci\u00f3n prevista para la adquisici\u00f3n de viviendas por SEPES Entidad P\u00fablica Empresarial de Suelo para el alojamiento de las personas afectadas por la DANA, a los gastos de equipamiento de las viviendas adquiridas, as\u00ed como a la adecuaci\u00f3n de inmuebles y a la promoci\u00f3n de vivienda asequible sobre suelos cedidos por los municipios afectados por la DANA a tal efecto.<\/p>\n<p><strong>Diversas subvenciones.<\/strong> La D.F. 4\u00aa modifica al respecto el RDLey\u00a08\/2024, de\u00a028 de noviembre.<\/p>\n<p>Este nuevo RDLey <strong>entr\u00f3 en vigor<\/strong> el 30 de octubre de 2025.<\/p>\n<div class=\"enlacesDoc\">\n<ul>\n<li class=\"puntoPDF\" style=\"text-align: justify;\"><a title=\"PDF firmado BOE-A-2025-21725\" href=\"https:\/\/www.boe.es\/boe\/dias\/2025\/10\/29\/pdfs\/BOE-A-2025-21725.pdf\">PDF (BOE-A-2025-21725 &#8211; 38\u00a0<abbr title=\"p\u00e1ginas\">p\u00e1gs.<\/abbr>\u00a0&#8211; 410\u00a0<abbr title=\"kilobytes\">KB<\/abbr>)<\/a>\u00a0 \u00a0 \u00a0<a title=\"Versi\u00f3n HTML BOE-A-2025-21725\" href=\"https:\/\/www.boe.es\/diario_boe\/txt.php?id=BOE-A-2025-21725\">Otros formatos<\/a>\u00a0 \u00a0<a href=\"https:\/\/www.boe.es\/diario_boe\/txt.php?id=BOE-A-2025-24834\" target=\"_blank\" rel=\"nofollow noopener noreferrer\">Convalidaci\u00f3n<\/a><\/li>\n<\/ul>\n<div class=\"enlacesDoc\">\n<a class=\"mwm-aal-item\" name=\"modelos-impuesto-complementario-multinacionales\"><\/a><h6><strong><span style=\"font-size: 12pt;\">Modelos Impuesto Complementario Multinacionales<\/span><\/strong><\/h6>\n<p>Orden HAC\/1198\/2025, de 21 de octubre, por la que se aprueba el modelo 240 \u00abComunicaci\u00f3n de la entidad constitutiva declarante de la declaraci\u00f3n informativa del Impuesto Complementario\u00bb, el modelo 241 \u00abDeclaraci\u00f3n informativa del Impuesto Complementario\u00bb, y el modelo 242 \u00abAutoliquidaci\u00f3n del Impuesto Complementario\u00bb y se establecen las condiciones y el procedimiento para su presentaci\u00f3n.<\/p>\n<p><span style=\"color: #0000ff;\"><strong>Resumen:<\/strong> Se aprueban los modelos 240, 241 y 242 relativos al Impuesto Complementario para garantizar un nivel m\u00ednimo global de imposici\u00f3n para los grupos multinacionales y los grupos nacionales de gran magnitud.<\/span><\/p>\n<p>La <strong>normativa b\u00e1sica<\/strong> sobre la materia est\u00e1 formada por:<\/p>\n<p>&#8211; la <strong>Ley\u00a07\/2024, de\u00a020 de diciembre<\/strong>, por la que se establecen un Impuesto Complementario para garantizar un nivel m\u00ednimo global de imposici\u00f3n para los grupos multinacionales y los grupos nacionales de gran magnitud (<a href=\"https:\/\/www.notariosyregistradores.com\/web\/normas\/informes-mensuales\/informe-363-boe-diciembre-2024\/#impuestos-adicionales-a-la-banca-y-a-multinacionales\">ver resumen<\/a>)<\/p>\n<p>&#8211; y su <strong>Reglamento<\/strong>, aprobado por el Real Decreto\u00a0252\/2025, de\u00a01 de abril (<a href=\"https:\/\/www.notariosyregistradores.com\/web\/normas\/informes-mensuales\/informe-no-367\/#impuesto-complementario-grupos-societarios-y-multinacionales\">ver resumen<\/a>).<\/p>\n<p>Con ellos, se transpone la <strong><a href=\"https:\/\/www.boe.es\/buscar\/doc.php?id=DOUE-L-2022-81923\">Directiva (UE) 2022\/2523<\/a><\/strong> del Consejo, de 15 de diciembre de 2022, relativa a la garant\u00eda de un nivel m\u00ednimo global de imposici\u00f3n para los grupos de empresas multinacionales y los grupos nacionales de gran magnitud en la Uni\u00f3n, la cual tiene como principal objetivo poner fin a las pr\u00e1cticas fiscales de las empresas multinacionales que les permiten trasladar beneficios a jurisdicciones en las que no est\u00e1n sujetas a imposici\u00f3n o est\u00e1n sujetas a una imposici\u00f3n muy baja. Para ello, establece un impuesto complementario mediante dos reglas interconectadas, en virtud de las cuales se garantiza que las rentas obtenidas por los grupos nacionales de gran magnitud situados en Estados Miembros de la Uni\u00f3n Europea o por los grupos multinacionales cuya matriz est\u00e9 situada en un Estado miembro de la Uni\u00f3n Europea, tributen efectivamente a un tipo m\u00ednimo global del 15 por ciento. No obstante, la mencionada directiva determina que los Estados Miembros podr\u00e1n optar por aplicar un impuesto complementario nacional admisible que grave a las entidades constitutivas que radiquen en su territorio con el fin de que dichos Estados miembros alcancen una tributaci\u00f3n m\u00ednima del 15 por ciento.<\/p>\n<p><strong>Modelo\u00a0240. <\/strong><\/p>\n<p>\u00abComunicaci\u00f3n de la entidad constitutiva declarante de la declaraci\u00f3n informativa del Impuesto Complementario\u00bb. Figura como anexo I<\/p>\n<p>Habr\u00e1 de presentarse por cada periodo impositivo por los obligados a su presentaci\u00f3n, y remitirse a la AEAT por v\u00eda electr\u00f3nica.<\/p>\n<p>Est\u00e1 obligada la entidad constitutiva o entidades constitutivas que establece el <a href=\"https:\/\/www.boe.es\/buscar\/act.php?id=BOE-A-2025-6598#a1-10\">art\u00edculo\u00a018.1<\/a> del Reglamento del Impuesto Complementario (RD\u00a0252\/2025, de\u00a01 de abril). Puede haber una sola declaraci\u00f3n que incluya la informaci\u00f3n relativa a todas aquellas entidades constitutivas radicadas en territorio espa\u00f1ol que formen parte de un grupo multinacional o nacional de gran magnitud obligado a presentar la declaraci\u00f3n informativa.<\/p>\n<p>La presentaci\u00f3n deber\u00e1 realizarse antes de los tres \u00faltimos meses previos a la conclusi\u00f3n del plazo para la presentaci\u00f3n de la declaraci\u00f3n informativa, de acuerdo con lo establecido en el <a href=\"https:\/\/www.boe.es\/buscar\/act.php?id=BOE-A-2025-6598#a1-10\">art\u00edculo\u00a018.1<\/a> del Reglamento del Impuesto Complementario, sin perjuicio de lo establecido en la disposici\u00f3n transitoria primera, apartado\u00a02, de esta orden.<\/p>\n<p><strong>Modelo\u00a0241.<\/strong><\/p>\n<p>\u00abDeclaraci\u00f3n informativa del Impuesto Complementario\u00bb. Figura en el anexo II.<\/p>\n<p>Habr\u00e1 de presentarse por cada periodo impositivo por los obligados a declarar, y remitirse a la AEAT mediante el env\u00edo de mensajes inform\u00e1ticos.<\/p>\n<p><strong>Los obligados a presentar el modelo\u00a0241<\/strong> son las entidades constitutivas mencionadas en el <a href=\"https:\/\/www.boe.es\/buscar\/act.php?id=BOE-A-2024-26694#a4-9\">art\u00edculo\u00a047<\/a>, apartados\u00a02 y\u00a03, de la Ley\u00a07\/2024, de\u00a020 de diciembre.<\/p>\n<p>El modelo\u00a0241 se presentar\u00e1 hasta el \u00faltimo d\u00eda del decimoquinto mes posterior al \u00faltimo d\u00eda del per\u00edodo impositivo, de acuerdo con lo previsto en el <a href=\"https:\/\/www.boe.es\/buscar\/act.php?id=BOE-A-2024-26694#a4-9\">art\u00edculo\u00a047.6<\/a> de la Ley\u00a07\/2024, de\u00a020 de diciembre, sin perjuicio de lo establecido en la disposici\u00f3n transitoria quinta de la citada ley y en la disposici\u00f3n transitoria primera de esta orden.<\/p>\n<p><strong>Modelo\u00a0242.<\/strong><\/p>\n<p>\u00abAutoliquidaci\u00f3n del Impuesto Complementario\u00bb. Figura en el anexo III.<\/p>\n<p>Estar\u00e1 disponible exclusivamente en formato electr\u00f3nico y su presentaci\u00f3n e ingreso se realizar\u00e1n por v\u00eda electr\u00f3nica.<\/p>\n<p>Estar\u00e1n obligadas a presentarlo las entidades constitutivas radicadas en territorio espa\u00f1ol que tengan la consideraci\u00f3n de contribuyentes de acuerdo con lo dispuesto en el <a href=\"https:\/\/www.boe.es\/buscar\/act.php?id=BOE-A-2024-26694#a6\">art\u00edculo\u00a06<\/a>, apartados\u00a02, 3 y\u00a04, de la Ley\u00a07\/2024, de\u00a020 de diciembre, o, en su caso, el sustituto del contribuyente del Impuesto Complementario de conformidad con el art\u00edculo\u00a06.5 de la mencionada ley.<\/p>\n<p>La presentaci\u00f3n del modelo\u00a0242 deber\u00e1 realizarse en el <strong>plazo<\/strong> de los\u00a025 d\u00edas naturales siguientes al decimoquinto mes posterior a la conclusi\u00f3n del per\u00edodo impositivo de acuerdo con lo dispuesto en el <a href=\"https:\/\/www.boe.es\/buscar\/act.php?id=BOE-A-2025-6598#a3-4\">art\u00edculo\u00a032.1<\/a> del Reglamento del Impuesto Complementario, sin perjuicio de lo establecido en la disposici\u00f3n transitoria tercera del citado reglamento y en la disposici\u00f3n transitoria segunda de esta orden.<\/p>\n<p>Se prev\u00e9 el pago mediante domiciliaci\u00f3n bancaria de las deudas tributarias resultantes del modelo\u00a0242.<\/p>\n<p>La D.Tr. 1\u00aa determina el plazo de presentaci\u00f3n de los modelos\u00a0<strong>240 y\u00a0241<\/strong> correspondiente al periodo impositivo de transici\u00f3n.<\/p>\n<p>La D.Tr. 2\u00aa fija el plazo de presentaci\u00f3n y domiciliaci\u00f3n del <strong>modelo\u00a0242<\/strong> correspondiente al periodo impositivo de transici\u00f3n.<\/p>\n<p>La D.Tr. 3\u00aa prev\u00e9 una <strong>declaraci\u00f3n informativa simplificada<\/strong> para aquellos periodos impositivos iniciados con anterioridad a\u00a031 de diciembre de\u00a02028, o con posterioridad a dicha fecha, siempre y cuando finalicen antes de\u00a01 de\u00a0julio de\u00a02030.<\/p>\n<p>La presente orden <strong>entr\u00f3 en vigor<\/strong> el 30 de octubre de 2025 y ser\u00e1 aplicable, por primera vez, a los modelos\u00a0240, 241 y\u00a0242 (pone, por error, 241), correspondientes a per\u00edodos impositivos iniciados a partir del\u00a031 de diciembre de\u00a02023.<\/p>\n<div class=\"enlacesDoc\">\n<ul>\n<li class=\"puntoPDF\"><a title=\"PDF firmado BOE-A-2025-21727\" href=\"https:\/\/www.boe.es\/boe\/dias\/2025\/10\/29\/pdfs\/BOE-A-2025-21727.pdf\">PDF (BOE-A-2025-21727 &#8211; 24\u00a0<abbr title=\"p\u00e1ginas\">p\u00e1gs.<\/abbr>\u00a0&#8211; 1.871\u00a0<abbr title=\"kilobytes\">KB<\/abbr>)<\/a> \u00a0<a title=\"Versi\u00f3n HTML BOE-A-2025-21727\" href=\"https:\/\/www.boe.es\/diario_boe\/txt.php?id=BOE-A-2025-21727\">Otros formatos<\/a>\u00a0 \u00a0<a href=\"https:\/\/www.boe.es\/diario_boe\/txt.php?id=BOE-A-2025-23057\" target=\"_blank\" rel=\"nofollow noopener noreferrer\">Correcci\u00f3n de errores<\/a><\/li>\n<\/ul>\n<\/div>\n<\/div>\n<\/div>\n<\/div>\n<\/div>\n<\/div>\n<a class=\"mwm-aal-item\" name=\"disposiciones-autonomicas\"><\/a><h6 style=\"text-align: justify;\"><strong style=\"font-size: 0.857143rem;\"><span style=\"font-size: 12pt;\">Disposiciones auton\u00f3micas<\/span><\/strong><\/h6>\n<\/div>\n<\/div>\n<\/div>\n<\/div>\n<\/div>\n<\/div>\n<\/div>\n<\/div>\n<\/div>\n<\/div>\n<\/div>\n<\/div>\n<\/div>\n<\/div>\n<\/div>\n<\/div>\n<\/div>\n<\/div>\n<\/div>\n<div class=\"enlacesDoc\">\n<div class=\"enlacesDoc\">\n<p style=\"text-align: justify;\"><span style=\"color: #0000ff;\"><strong>Resumen: <\/strong>Normativa de Galicia (inteligencia artificial), Extremadura (Ley de Concordia), y Madrid (funcionarios interinos).<\/span><\/p>\n<p><strong>GALICIA.<\/strong> Ley 2\/2025, de 2 de abril, para el desarrollo e impulso de la inteligencia artificial en Galicia.<\/p>\n<div class=\"enlacesDoc\">\n<ul>\n<li class=\"puntoPDF\"><a title=\"PDF firmado BOE-A-2025-21026\" href=\"https:\/\/www.boe.es\/boe\/dias\/2025\/10\/20\/pdfs\/BOE-A-2025-21026.pdf\">PDF (BOE-A-2025-21026 &#8211; 39\u00a0<abbr title=\"p\u00e1ginas\">p\u00e1gs.<\/abbr>\u00a0&#8211; 423\u00a0<abbr title=\"kilobytes\">KB<\/abbr>)<\/a> \u00a0<a title=\"Versi\u00f3n HTML BOE-A-2025-21026\" href=\"https:\/\/www.boe.es\/diario_boe\/txt.php?id=BOE-A-2025-21026\">Otros formatos<\/a><\/li>\n<\/ul>\n<p><strong>EXTREMADURA.<\/strong>\u00a0Ley 4\/2025, de 15 de octubre, de Concordia de Extremadura.<\/p>\n<div class=\"enlacesDoc\">\n<ul>\n<li class=\"puntoPDF\"><a title=\"PDF firmado BOE-A-2025-21454\" href=\"https:\/\/www.boe.es\/boe\/dias\/2025\/10\/25\/pdfs\/BOE-A-2025-21454.pdf\">PDF (BOE-A-2025-21454 &#8211; 11\u00a0<abbr title=\"p\u00e1ginas\">p\u00e1gs.<\/abbr>\u00a0&#8211; 258\u00a0<abbr title=\"kilobytes\">KB<\/abbr>)<\/a> \u00a0<a title=\"Versi\u00f3n HTML BOE-A-2025-21454\" href=\"https:\/\/www.boe.es\/diario_boe\/txt.php?id=BOE-A-2025-21454\">Otros formatos<\/a><\/li>\n<\/ul>\n<p><strong>MADRID.\u00a0<\/strong>Ley 3\/2025, de 26 de septiembre, por la que se modifica la Ley 1\/1986, de 10 de abril, de la Funci\u00f3n P\u00fablica de la Comunidad de Madrid, en materia de funcionarios interinos.<\/p>\n<div class=\"enlacesDoc\">\n<ul>\n<li class=\"puntoPDF\"><a title=\"PDF firmado BOE-A-2025-21544\" href=\"https:\/\/www.boe.es\/boe\/dias\/2025\/10\/27\/pdfs\/BOE-A-2025-21544.pdf\">PDF (BOE-A-2025-21544 &#8211; 4\u00a0<abbr title=\"p\u00e1ginas\">p\u00e1gs.<\/abbr>\u00a0&#8211; 209\u00a0<abbr title=\"kilobytes\">KB<\/abbr>)<\/a> \u00a0<a title=\"Versi\u00f3n HTML BOE-A-2025-21544\" href=\"https:\/\/www.boe.es\/diario_boe\/txt.php?id=BOE-A-2025-21544\">Otros formatos<\/a><\/li>\n<\/ul>\n<\/div>\n<\/div>\n<\/div>\n<\/div>\n<\/div>\n<a class=\"mwm-aal-item\" name=\"tribunales\"><\/a><h6><span style=\"font-size: 12pt;\">Tribunales:<\/span><\/h6>\n<p><span style=\"color: #0000ff;\"><strong>Resumen:. Tribunal Constitucional:<\/strong> Empleo temporal de larga duraci\u00f3n; funcionarios de Administraci\u00f3n local en el Pa\u00eds Vasco. <strong>Tribunal Supremo:<\/strong>\u00a0Empleados del hogar.<\/span><\/p>\n<p><strong><span style=\"font-size: 12pt;\">Tribunal Constitucional<\/span><\/strong><\/p>\n<p style=\"text-align: justify;\"><strong>Empleo temporal de larga duraci\u00f3n.<\/strong> Cuesti\u00f3n de inconstitucionalidad n.\u00ba 5809-2025, en relaci\u00f3n con la disposici\u00f3n adicional octava de la Ley 20\/2021, de 28 de diciembre, de medidas urgentes para la reducci\u00f3n de la temporalidad en el empleo p\u00fablico, por posible vulneraci\u00f3n del art\u00edculo 9.3 CE, en relaci\u00f3n con los arts. 23.2 y 103 CE.<\/p>\n<p class=\"parrafo\" style=\"text-align: justify;\">El Pleno del Tribunal Constitucional ha acordado admitir a tr\u00e1mite la cuesti\u00f3n de inconstitucionalidad planteada por la Secci\u00f3n 3.\u00aa de la Sala de lo Contencioso-Administrativo del Tribunal Superior de Justicia del Pa\u00eds Vasco, en relaci\u00f3n con la <a href=\"https:\/\/www.boe.es\/buscar\/act.php?id=BOE-A-2021-21651#da-8\" target=\"_blank\" rel=\"nofollow noopener noreferrer\">disposici\u00f3n adicional octava<\/a> de la Ley 20\/2021, de 28 de diciembre, de medidas urgentes para la reducci\u00f3n de la temporalidad en el empleo p\u00fablico, por posible vulneraci\u00f3n del art\u00edculo 9.3 CE, en relaci\u00f3n con los art\u00edculos 23.2 y 103 CE. y, de conformidad con lo dispuesto en el art\u00edculo 10.1 c) LOTC, reservar para s\u00ed el conocimiento de la presente cuesti\u00f3n.<\/p>\n<p style=\"text-align: justify;\">La D.ad. 8\u00aa dice:<\/p>\n<p style=\"text-align: justify;\"><strong>Disposici\u00f3n adicional octava.<\/strong> Identificaci\u00f3n de las plazas a incluir en las convocatorias de concurso.<\/p>\n<p class=\"parrafo\" style=\"text-align: justify;\">Adicionalmente, los procesos de estabilizaci\u00f3n contenidos en la disposici\u00f3n adicional sexta incluir\u00e1n en sus convocatorias las plazas vacantes de naturaleza estructural ocupadas de forma temporal por personal con una relaci\u00f3n, de esta naturaleza, anterior al 1 de enero de 2016.<\/p>\n<ul>\n<li class=\"puntoPDF\"><a title=\"PDF firmado BOE-A-2025-20353\" href=\"https:\/\/www.boe.es\/boe\/dias\/2025\/10\/13\/pdfs\/BOE-A-2025-20353.pdf\">PDF (BOE-A-2025-20353 &#8211; 1\u00a0<abbr title=\"p\u00e1gina\">p\u00e1g.<\/abbr>\u00a0&#8211; 188\u00a0<abbr title=\"kilobytes\">KB<\/abbr>)<\/a> \u00a0<a title=\"Versi\u00f3n HTML BOE-A-2025-20353\" href=\"https:\/\/www.boe.es\/diario_boe\/txt.php?id=BOE-A-2025-20353\">Otros formatos<\/a><\/li>\n<\/ul>\n<p style=\"text-align: justify;\"><strong>Funcionarios de Administraci\u00f3n local en el Pa\u00eds Vasco.<\/strong> Cuesti\u00f3n de inconstitucionalidad n.\u00ba 5810-2025, en relaci\u00f3n con la disposici\u00f3n transitoria decimocuarta y disposici\u00f3n final s\u00e9ptima, apartado dos, de la Ley Org\u00e1nica 1\/2025, de 2 de enero, de medidas en materia de eficiencia del Servicio P\u00fablico de Justicia, por posible vulneraci\u00f3n de los art\u00edculos 9.1, 9.3, 23.2, 24.1, 66.2, 87.1, 117.1, 149.1.1.\u00aa, 149.1.18.\u00aa y 164.1 CE.<\/p>\n<p style=\"text-align: justify;\">El Pleno del Tribunal Constitucional ha acordado admitir a tr\u00e1mite la cuesti\u00f3n de inconstitucionalidad planteada por la Secci\u00f3n 3.\u00aa de la Sala de lo Contencioso-Administrativo del Tribunal Superior de Justicia del Pa\u00eds Vasco, en relaci\u00f3n con la <a href=\"https:\/\/www.boe.es\/buscar\/act.php?id=BOE-A-2025-76#dt-14\" target=\"_blank\" rel=\"nofollow noopener noreferrer\">disposici\u00f3n transitoria decimocuarta<\/a> y <a href=\"https:\/\/www.boe.es\/buscar\/act.php?id=BOE-A-2025-76#df-7\" target=\"_blank\" rel=\"nofollow noopener noreferrer\">disposici\u00f3n final s\u00e9ptima<\/a>, apartado dos, de la Ley Org\u00e1nica 1\/2025, de 2 de enero, de medidas en materia de eficiencia del Servicio P\u00fablico de Justicia, por posible vulneraci\u00f3n de los art\u00edculos 9.1, 9.3, 23.2, 24.1, 66.2, 87.1, 117.1, 149.1.1.\u00aa, 149.1.18.\u00aa y 164.1 CE, y, de conformidad con lo dispuesto en el art\u00edculo 10.1 c) LOTC, reservar para s\u00ed el conocimiento de la presente cuesti\u00f3n.<\/p>\n<p style=\"text-align: justify;\">La <a href=\"https:\/\/www.boe.es\/buscar\/act.php?id=BOE-A-2025-76#dt-14\" target=\"_blank\" rel=\"nofollow noopener noreferrer\">disposici\u00f3n transitoria decimocuarta<\/a> dice:<\/p>\n<p style=\"text-align: justify;\"><strong>Procedimientos o actuaciones iniciados o en tramitaci\u00f3n en materia de funcionarios de Administraci\u00f3n local con habilitaci\u00f3n de car\u00e1cter nacional.<\/strong><\/p>\n<p class=\"parrafo\" style=\"text-align: justify;\">La modificaci\u00f3n del apartado 7 de la <a href=\"https:\/\/www.boe.es\/buscar\/act.php?id=BOE-A-1985-5392#segunda\">disposici\u00f3n adicional segunda<\/a> de la Ley 7\/1985, de 2 de abril, Reguladora de las Bases del R\u00e9gimen Local (<strong>r\u00e9gimen foral vasco<\/strong>), introducida por la presente Ley, se aplicar\u00e1 tambi\u00e9n a aquellos procedimientos o actuaciones iniciados o en tramitaci\u00f3n con anterioridad a la entrada en vigor de la misma.<\/p>\n<p style=\"text-align: justify;\">La <a href=\"https:\/\/www.boe.es\/buscar\/act.php?id=BOE-A-2025-76#df-7\" target=\"_blank\" rel=\"nofollow noopener noreferrer\">disposici\u00f3n final s\u00e9ptima<\/a> de la Ley Org\u00e1nica 1\/2025, de 2 de enero, es la que modifica la Ley 7\/1985, de 2 de abril, Reguladora de las Bases del R\u00e9gimen Local.<\/p>\n<ul>\n<li class=\"puntoPDF\" style=\"text-align: justify;\"><a title=\"PDF firmado BOE-A-2025-20354\" href=\"https:\/\/www.boe.es\/boe\/dias\/2025\/10\/13\/pdfs\/BOE-A-2025-20354.pdf\">PDF (BOE-A-2025-20354 &#8211; 1\u00a0<abbr title=\"p\u00e1gina\">p\u00e1g.<\/abbr>\u00a0&#8211; 188\u00a0<abbr title=\"kilobytes\">KB<\/abbr>)<\/a> \u00a0<a title=\"Versi\u00f3n HTML BOE-A-2025-20354\" href=\"https:\/\/www.boe.es\/diario_boe\/txt.php?id=BOE-A-2025-20354\">Otros formatos<\/a><\/li>\n<\/ul>\n<p><strong><span style=\"font-size: 12pt;\">Tribunal Supremo<\/span><\/strong><\/p>\n<p style=\"text-align: justify;\"><strong>Empleados del hogar.<\/strong> Sentencia de 29 de septiembre de 2025, de la Sala Tercera del Tribunal Supremo, que estima el recurso contencioso-administrativo 690\/2024, interpuesto por la representaci\u00f3n procesal de la Asociaci\u00f3n de empresas de Servicios para la Dependencia, la Asociaci\u00f3n estatal de entidades de servicios de atenci\u00f3n a domicilio, la Federaci\u00f3n empresarial de la Dependencia y el C\u00edrculo empresarial de atenci\u00f3n a personas; contra el Real Decreto 893\/2024, de 10 de septiembre, por el que se regula la protecci\u00f3n de la seguridad y la salud en el \u00e1mbito del servicio del hogar familiar.<\/p>\n<p>Esta STS anula la disposici\u00f3n final 1\u00aa del Real Decreto 893\/2024, de 10 de septiembre.<\/p>\n<p style=\"text-align: justify;\">En ella, se incorporaba la D.Ad. 13\u00aa al Real Decreto 39\/1997, de 17 de enero, por el que se aprueba el<strong> Reglamento de los Servicios de Prevenci\u00f3n.<\/strong><\/p>\n<p style=\"text-align: justify;\">Esta D. Ad. estaba dedicada a los<strong> Servicios de ayuda a domicilio <\/strong>para personas en situaci\u00f3n de dependencia, consistentes en la atenci\u00f3n de las necesidades del hogar y los cuidados personales, que sean prestados por personas empleadas por empresas en r\u00e9gimen de contrataci\u00f3n directa o como consecuencia de la concesi\u00f3n de la prestaci\u00f3n del servicio por parte de una entidad p\u00fablica en el marco del Sistema para la Autonom\u00eda y Atenci\u00f3n a la Dependencia. Seguidamente, determinaba sus especialidades.<\/p>\n<p>Ver <a href=\"https:\/\/www.boe.es\/buscar\/act.php?id=BOE-A-2024-18182&amp;b=17&amp;tn=1&amp;p=20240911#df\" target=\"_blank\" rel=\"nofollow noopener noreferrer\">texto anulado<\/a>.<\/p>\n<div class=\"enlacesDoc\">\n<ul>\n<li class=\"puntoPDF\" style=\"text-align: justify;\"><a title=\"PDF firmado BOE-A-2025-20797\" href=\"https:\/\/www.boe.es\/boe\/dias\/2025\/10\/17\/pdfs\/BOE-A-2025-20797.pdf\">PDF (BOE-A-2025-20797 &#8211; 1\u00a0<abbr title=\"p\u00e1gina\">p\u00e1g.<\/abbr>\u00a0&#8211; 189\u00a0<abbr title=\"kilobytes\">KB<\/abbr>)<\/a> \u00a0<a title=\"Versi\u00f3n HTML BOE-A-2025-20797\" href=\"https:\/\/www.boe.es\/diario_boe\/txt.php?id=BOE-A-2025-20797\">Otros formatos<\/a><\/li>\n<\/ul>\n<\/div>\n<a class=\"mwm-aal-item\" name=\"seccion-ii\"><\/a><h6><strong><span style=\"font-size: 14pt; color: #0000ff;\"><a id=\"s2\"><\/a>SECCI\u00d3N II<\/span><\/strong><\/h6>\n<p style=\"text-align: justify;\"><span style=\"color: #0000ff;\"><strong>Resumen:<\/strong> Concurso de Aspirantes a Registradores. Oposiciones entre Notarios (fecha 1er ejercicio). Concurso Notarial: resultado definitivo en el BOE. Jubilaci\u00f3n de nueve notarios (una dejada sin efecto) y de dos registradores y excedencia de una notaria.<\/span><\/p>\n<div class=\"enlacesDoc\">\n<div class=\"enlacesDoc\">\n<div class=\"enlacesDoc\">\n<a class=\"mwm-aal-item\" name=\"concurso-de-aspirantes-convocatoria-\"><\/a><h6 style=\"text-align: justify;\"><span style=\"font-size: 12pt;\">Concurso de Aspirantes: convocatoria\u00a0<\/span><\/h6>\n<p style=\"text-align: justify;\"><strong>DGSJFP.<\/strong> Resoluci\u00f3n de\u00a03 de octubre de 2025, de la Direcci\u00f3n General de Seguridad Jur\u00eddica y Fe P\u00fablica, por la que se convoca concurso para la provisi\u00f3n de Registros de la Propiedad, Mercantiles y de Bienes Muebles vacantes radicados en el territorio espa\u00f1ol, con excepci\u00f3n de la Comunidad Aut\u00f3noma de Catalu\u00f1a, para su provisi\u00f3n conforme a lo dispuesto en el art\u00edculo 503 del Reglamento Hipotecario.<\/p>\n<p style=\"text-align: justify;\"><strong>Catalu\u00f1a.<\/strong> Resoluci\u00f3n de\u00a03 de octubre de 2025, de la Direcci\u00f3n General de Derecho, Entidades Jur\u00eddicas y Mediaci\u00f3n, del Departamento de Justicia y Calidad Democr\u00e1tica, por la que se convocan determinados Registros de la Propiedad radicados en el territorio de Catalu\u00f1a, para su provisi\u00f3n conforme a lo dispuesto en el art\u00edculo 503 del Reglamento Hipotecario.<\/p>\n<p>Este concurso est\u00e1 dirigido exclusivamente a los miembros del Cuerpo de Aspirantes a Registradoras y Registradores de la Propiedad, Mercantiles y de Bienes Muebles, formado por los 46 opositores recientemente aprobados.<\/p>\n<a class=\"mwm-aal-item\" name=\"concurso-de-aspirantes-ver-resultado-provisional\"><\/a><h6 style=\"text-align: justify;\"><span style=\"font-size: 12pt;\">Concurso de Aspirantes:\u00a0<\/span><span style=\"font-size: 12pt;\"><a href=\"https:\/\/www.mjusticia.gob.es\/es\/Ciudadano\/EmpleoPublico\/Documents\/13a.%20R16832025-9.05.pdf\"><strong>VER Resultado PROVISIONAL<\/strong><\/a><\/span><\/h6>\n<p>Se hace la convocatoria conforme al <a href=\"https:\/\/www.notariosyregistradores.com\/web\/normas\/reglamento-hipotecario-titulos-xi-xii-xiii-xiv-y-xv\/#art503\">art\u00edculo 503 del Reglamento Hipotecario<\/a>.<\/p>\n<p>En el concurso DGSJFP salen 43 plazas.<\/p>\n<p>En Catalu\u00f1a se ofrecen otras 5 plazas.<\/p>\n<p>En total, salen a concurso 48 plazas.<\/p>\n<p>El plazo concluye, salvo error, el jueves 23 de octubre.<\/p>\n<p>Ir al\u00a0<a href=\"https:\/\/www.notariosyregistradores.com\/web\/category\/participa\/concursos\/#registros\">archivo de concursos<\/a>.<\/p>\n<ul>\n<li class=\"puntoPDF\"><a title=\"PDF firmado BOE-A-2025-20384\" href=\"https:\/\/www.boe.es\/boe\/dias\/2025\/10\/13\/pdfs\/BOE-A-2025-20384.pdf\">PDF (BOE-A-2025-20384 &#8211; 7\u00a0<abbr title=\"p\u00e1ginas\">p\u00e1gs.<\/abbr>\u00a0&#8211; 304\u00a0<abbr title=\"kilobytes\">KB<\/abbr>)<\/a>\u00a0 \u00a0\u00a0<a title=\"Versi\u00f3n HTML BOE-A-2025-20384\" href=\"https:\/\/www.boe.es\/diario_boe\/txt.php?id=BOE-A-2025-20384\">Otros formatos<\/a><\/li>\n<li class=\"puntoPDF\"><a title=\"PDF firmado BOE-A-2025-20391\" href=\"https:\/\/www.boe.es\/boe\/dias\/2025\/10\/13\/pdfs\/BOE-A-2025-20391.pdf\">PDF (BOE-A-2025-20391 &#8211; 5\u00a0<abbr title=\"p\u00e1ginas\">p\u00e1gs.<\/abbr>\u00a0&#8211; 385\u00a0<abbr title=\"kilobytes\">KB<\/abbr>)<\/a>\u00a0 \u00a0<a title=\"Versi\u00f3n HTML BOE-A-2025-20391\" href=\"https:\/\/www.boe.es\/diario_boe\/txt.php?id=BOE-A-2025-20391\">Otros formatos<\/a><\/li>\n<\/ul>\n<a class=\"mwm-aal-item\" name=\"oposiciones-entre-notarios-fecha-1er-ejercicio\"><\/a><h6><span style=\"font-size: 12pt;\"><strong>Oposiciones entre Notarios (fecha 1er ejercicio)<\/strong><\/span><\/h6>\n<p>Resoluci\u00f3n de 15 de octubre de 2025, de la Direcci\u00f3n General de Seguridad Jur\u00eddica y Fe P\u00fablica, por la que se\u00a0deja sin efecto la fecha de celebraci\u00f3n del primer ejercicio de la oposici\u00f3n entre notarias y notarios, convocada por Resoluci\u00f3n de 1 de octubre de 2024.<\/p>\n<p style=\"text-align: justify;\">Se deja sin efecto la convocatoria para la celebraci\u00f3n del primer ejercicio prevista para el 25 de octubre al haberse impugnado la <a href=\"https:\/\/www.notariosyregistradores.com\/web\/normas\/informes-mensuales\/informe-no-367\/#seccion-ii\">Orden PJC\/311\/2025, de 24 de marzo<\/a>, por la que se nombra el Tribunal calificador de la oposici\u00f3n entre notarias y notarios, estando todav\u00eda en situaci\u00f3n de <span style=\"font-size: 1rem;\">pendencia el procedimiento abreviado P.A. 93\/2025 que se sigue ante el Juzgado Central de lo Contencioso-Administrativo n.\u00ba 4, pues, aunque ya se ha dictado sentencia, \u00e9sta no es firme.\u00a0<\/span><\/p>\n<div class=\"enlacesDoc\">\n<ul>\n<li class=\"puntoPDF\"><a title=\"PDF firmado BOE-A-2025-21054\" href=\"https:\/\/www.boe.es\/boe\/dias\/2025\/10\/20\/pdfs\/BOE-A-2025-21054.pdf\">PDF (BOE-A-2025-21054 &#8211; 2\u00a0<abbr title=\"p\u00e1ginas\">p\u00e1gs.<\/abbr>\u00a0&#8211; 192\u00a0<abbr title=\"kilobytes\">KB<\/abbr>)<\/a>\u00a0 \u00a0\u00a0<a title=\"Versi\u00f3n HTML BOE-A-2025-21054\" href=\"https:\/\/www.boe.es\/diario_boe\/txt.php?id=BOE-A-2025-21054\">Otros formatos<\/a><\/li>\n<\/ul>\n<\/div>\n<div class=\"enlacesDoc\">\n<a class=\"mwm-aal-item\" name=\"concurso-notarial-resultado-definitivo-en-el-boe\"><\/a><h6><span style=\"font-size: 12pt;\"><strong>Concurso Notarial: resultado DEFINITIVO en el BOE<\/strong><\/span><\/h6>\n<p style=\"text-align: justify;\"><strong>DGSJFP:<\/strong> Resoluci\u00f3n de 20 de octubre de 2025, de la Direcci\u00f3n General de Seguridad Jur\u00eddica y Fe P\u00fablica, por la que se resuelve el concurso para la provisi\u00f3n de notar\u00edas vacantes, convocado por Resoluci\u00f3n de 15 de septiembre de 2025, y se dispone su publicaci\u00f3n y comunicaci\u00f3n a las Comunidades Aut\u00f3nomas para que se proceda a los nombramientos.<\/p>\n<div class=\"enlacesDoc\">\n<ul>\n<li class=\"puntoPDF\"><a title=\"PDF firmado BOE-A-2025-21549\" href=\"https:\/\/www.boe.es\/boe\/dias\/2025\/10\/27\/pdfs\/BOE-A-2025-21549.pdf\">PDF (BOE-A-2025-21549 &#8211; 6\u00a0<abbr title=\"p\u00e1ginas\">p\u00e1gs.<\/abbr>\u00a0&#8211; 348\u00a0<abbr title=\"kilobytes\">KB<\/abbr>)<\/a>\u00a0 \u00a0<a title=\"Versi\u00f3n HTML BOE-A-2025-21549\" href=\"https:\/\/www.boe.es\/diario_boe\/txt.php?id=BOE-A-2025-21549\">Otros formatos<\/a><\/li>\n<\/ul>\n<\/div>\n<p style=\"text-align: justify;\"><strong>CATALU\u00d1A:\u00a0<\/strong> Resoluci\u00f3n de 20 de octubre de 2025, de la Direcci\u00f3n General de Seguridad Jur\u00eddica y Fe P\u00fablica, por la que se resuelve el concurso para la provisi\u00f3n de notar\u00edas vacantes, convocado por Resoluci\u00f3n de 15 de septiembre de 2025, y se dispone su publicaci\u00f3n y comunicaci\u00f3n a las Comunidades Aut\u00f3nomas para que se proceda a los nombramientos.<\/p>\n<div class=\"enlacesDoc\">\n<ul>\n<li><a title=\"PDF firmado BOE-A-2025-21569\" href=\"https:\/\/www.boe.es\/boe\/dias\/2025\/10\/27\/pdfs\/BOE-A-2025-21569.pdf\">PDF (BOE-A-2025-21569 &#8211; 2\u00a0<abbr title=\"p\u00e1ginas\">p\u00e1gs.<\/abbr>\u00a0&#8211; 192\u00a0<abbr title=\"kilobytes\">KB<\/abbr>)<\/a> \u00a0<a title=\"Versi\u00f3n HTML BOE-A-2025-21569\" href=\"https:\/\/www.boe.es\/diario_boe\/txt.php?id=BOE-A-2025-21569\">Otros formatos<\/a><\/li>\n<\/ul>\n<\/div>\n<p style=\"text-align: justify;\">En el concurso <strong>DGSJFP, <\/strong>de las 114 plazas ofertadas, se han cubierto 72 plazas, quedando desiertas 42 notar\u00edas.<\/p>\n<p style=\"text-align: justify;\">En el concurso de <strong>Catalu\u00f1a, <\/strong>de las 27 plazas ofertadas, se han cubierto 10 plazas, quedando desiertas 17 notar\u00edas.<\/p>\n<p style=\"text-align: justify;\">En total, de las 141 plazas ofertadas, se han cubierto 82 notar\u00edas y<strong> han quedado desiertas 59.<\/strong><\/p>\n<p style=\"text-align: justify;\">Ir a la <a href=\"https:\/\/www.notariosyregistradores.com\/web\/normas\/informes-mensuales\/informe-372-boe-septiembre-2025\/#concurso-notarial-convocatoria\">convocatoria<\/a>.<\/p>\n<p>Ir al resultado <a href=\"https:\/\/www.mjusticia.gob.es\/es\/Ciudadano\/EmpleoPublico\/Documents\/AVANCE%20RESOLUCI%C3%93N%20CONCURSO%20469.pdf\" target=\"_blank\" rel=\"noopener\">PROVISIONAL [EXCEPTO Catalu\u00f1a]<\/a>\u00a0<\/p>\n<p style=\"text-align: justify;\">Ir al <strong><a href=\"https:\/\/www.notariosyregistradores.com\/web\/category\/participa\/concursos\/\">archivo de concursos<\/a><\/strong>.<\/p>\n<\/div>\n<\/div>\n<\/div>\n<\/div>\n<a class=\"mwm-aal-item\" name=\"jubilaciones\"><\/a><h6 style=\"text-align: justify;\"><span style=\"font-size: 12pt;\">Jubilaciones<\/span><\/h6>\n<p>Se declara la jubilaci\u00f3n de la notaria de Madrid do\u00f1a Julia Sanz L\u00f3pez.<\/p>\n<p>Se declara la jubilaci\u00f3n del notario de Santander don Luis \u00c1ngel Velasco Ballesteros.<\/p>\n<p>Se declara la jubilaci\u00f3n de don Jos\u00e9 Mar\u00eda Vega Rivero, registrador de la propiedad de Antequera.<\/p>\n<p>Se declara la jubilaci\u00f3n de la notaria de Barcelona do\u00f1a Mar\u00eda Isabel Gabarr\u00f3 Miquel.<\/p>\n<p>Se declara la jubilaci\u00f3n del notario de Sada don Andr\u00e9s Tom\u00e1s V\u00edctor Cancela Ram\u00edrez de Arellano.<\/p>\n<p>Se declara la jubilaci\u00f3n del notario de La Pobla de Vallbona don Manuel Bl\u00e1s Puerto Va\u00f1\u00f3.<\/p>\n<p>Se declara la jubilaci\u00f3n de do\u00f1a Mar\u00eda Bel\u00e9n Herrador Cansado, registradora de la propiedad, mercantil y de bienes muebles.<\/p>\n<p>Se declara la jubilaci\u00f3n del notario de \u00c1guilas don Miguel \u00c1ngel Freile Vieira.<\/p>\n<p>Se declara la jubilaci\u00f3n voluntaria del notario de Ar\u00e9valo don Juan Carlos Guti\u00e9rrez L\u00f3pez.<\/p>\n<p>Se declara la jubilaci\u00f3n del notario de C\u00f3rdoba don Jos\u00e9 Cuevas Baile.<\/p>\n<p style=\"text-align: justify;\">Se declara la jubilaci\u00f3n del notario de Vitoria-Gasteiz don Fernando Jos\u00e9 Ramos Alc\u00e1zar. Sin embargo, mediante\u00a0 la Resoluci\u00f3n de 31 de octubre de 2025 (<a href=\"https:\/\/www.boe.es\/boe\/dias\/2025\/11\/08\/pdfs\/BOE-A-2025-22610.pdf\" target=\"_blank\" rel=\"nofollow noopener noreferrer\">BOE de 8 de noviembre<\/a>), se deja sin efecto la de 20 de octubre de 2025, por la que se declara la jubilaci\u00f3n forzosa del notario de Vitoria-Gasteiz don Fernando Jos\u00e9 Ramos Alc\u00e1zar.<\/p>\n<p>Se declara en situaci\u00f3n de<em> excedencia voluntaria<\/em> a la notaria de L&#8217;Ametlla de Mar do\u00f1a Mirta Juez Mena.<\/p>\n<a class=\"mwm-aal-item\" name=\"resoluciones-\"><\/a><h6><span style=\"font-size: 14pt; color: #0000ff;\"><a id=\"resoluciones\"><\/a>RESOLUCIONES:\u00a0<\/span><\/h6>\n<p style=\"text-align: left;\">En<strong><span style=\"font-size: 14pt;\"> OCTUBRE<\/span><span style=\"font-size: 14pt;\">, <\/span><\/strong><span style=\"font-size: 14pt;\"><span style=\"font-size: 12pt;\">se han publicado un total de <a href=\"https:\/\/www.notariosyregistradores.com\/web\/sc\/resoluciones-octubre-2025-direccion-general-de-seguridad-juridica-y-fe-publica\/\"><strong>SETENTA Y UNA (71) <\/strong>Resoluciones<\/a>. Se ofrecen en <a href=\"https:\/\/www.notariosyregistradores.com\/web\/sc\/resoluciones-octubre-2025-direccion-general-de-seguridad-juridica-y-fe-publica\/\">archivo aparte<\/a>. <\/span><span style=\"font-size: 12pt;\"><strong>\u00a0<\/strong><\/span><\/span><\/p>\n<p>&nbsp;<\/p>\n<a class=\"mwm-aal-item\" name=\"enlaces\"><\/a><h6><span style=\"font-size: 14pt;\"><a id=\"enlaces\"><\/a><span style=\"color: #0000ff;\">ENLACES:<\/span><\/span><\/h6>\n<h2 style=\"text-align: center;\"><a href=\"https:\/\/www.notariosyregistradores.com\/web\/normas\/informes-mensuales\/no-te-lo-pierdas-octubre-2025\/\"><strong>IR A\u00a0<em>\u00a1NO TE LO PIERDAS!<\/em> DE OCTUBRE<\/strong><\/a><\/h2>\n<p style=\"text-align: center;\"><span style=\"font-size: 14pt;\"><strong><a href=\"https:\/\/www.notariosyregistradores.com\/web\/normas\/cuadro-de-informes-mensuales-generales-de-lo-publicado-en-el-boe\/\">LISTA DE INFORMES MENSUALES<\/a><\/strong><\/span><\/p>\n<p><span style=\"font-size: 12pt;\"><strong>RECURSOS EN ESTA WEB SOBRE: <a href=\"https:\/\/www.notariosyregistradores.com\/web\/category\/normas\/\">NORMAS<\/a> &#8211; <a href=\"https:\/\/www.notariosyregistradores.com\/web\/category\/resoluciones\/\">RESOLUCIONES<\/a><\/strong><\/span><\/p>\n<p><span style=\"font-size: 12pt;\"><strong>OTROS RECURSOS: <a href=\"https:\/\/www.notariosyregistradores.com\/web\/category\/secciones\/\">Secciones<\/a> &#8211; <a href=\"https:\/\/www.notariosyregistradores.com\/web\/category\/participa\/\">Participa<\/a> &#8211; <a href=\"https:\/\/www.notariosyregistradores.com\/web\/category\/cuadros\/\">Cuadros<\/a> &#8211; <a href=\"https:\/\/www.notariosyregistradores.com\/web\/category\/practica\/\">Pr\u00e1ctica<\/a> &#8211; <a href=\"https:\/\/www.notariosyregistradores.com\/web\/secciones\/oficina-notarial\/modelos-para-documentos-notariales\/\">Modelos<\/a> &#8211; <a href=\"https:\/\/www.notariosyregistradores.com\/web\/category\/utilidades\/\">Utilidades<\/a><\/strong><\/span><\/p>\n<p><span style=\"font-size: 12pt;\"><strong>WEB: <span style=\"font-family: 'comic sans ms', sans-serif;\"><a href=\"http:\/\/www.notariosyregistradores.com\/web\/category\/esta-web\/que-ofrece\/\" target=\"_top\" rel=\"noopener noreferrer\">Qu\u00e9 ofrecemos<\/a> &#8211;\u00a0<a href=\"http:\/\/www.notariosyregistradores.com\/web\/1198-2\/\">NyR, p\u00e1gina de inicio<\/a> &#8211;<\/span> <span style=\"font-family: 'comic sans ms', sans-serif;\"><a href=\"http:\/\/www.notariosyregistradores.com\/web\/esta-web\/ideario\/ideario-de-esta-web\/\" target=\"_top\" rel=\"noopener noreferrer\">Ideario Web<\/a><\/span><\/strong><\/span><\/p>\n<p style=\"text-align: center;\"><strong><span style=\"font-size: 14pt;\"><a href=\"http:\/\/www.notariosyregistradores.com\/\">PORTADA DE LA WEB<\/a><\/span><\/strong><\/p>\n<div id=\"attachment_131022\" style=\"width: 962px\" class=\"wp-caption aligncenter\"><img loading=\"lazy\" decoding=\"async\" aria-describedby=\"caption-attachment-131022\" class=\"size-full wp-image-131022\" src=\"https:\/\/www.notariosyregistradores.com\/web\/wp-content\/uploads\/2025\/10\/Ofrenda_Floral_a_la_Virgen_del_Pilar.jpg\" alt=\"\" width=\"952\" height=\"576\" srcset=\"https:\/\/www.notariosyregistradores.com\/web\/wp-content\/uploads\/2025\/10\/Ofrenda_Floral_a_la_Virgen_del_Pilar.jpg 952w, https:\/\/www.notariosyregistradores.com\/web\/wp-content\/uploads\/2025\/10\/Ofrenda_Floral_a_la_Virgen_del_Pilar-300x182.jpg 300w, https:\/\/www.notariosyregistradores.com\/web\/wp-content\/uploads\/2025\/10\/Ofrenda_Floral_a_la_Virgen_del_Pilar-768x465.jpg 768w, https:\/\/www.notariosyregistradores.com\/web\/wp-content\/uploads\/2025\/10\/Ofrenda_Floral_a_la_Virgen_del_Pilar-500x303.jpg 500w\" sizes=\"auto, (max-width: 952px) 100vw, 952px\" \/><p id=\"caption-attachment-131022\" class=\"wp-caption-text\">Ofrenda florar a la Virgen del Pilar en Zaragoza el 12 de octubre.<\/p><\/div>\n","protected":false},"excerpt":{"rendered":"<p>&nbsp; INFORME N\u00ba 373. (BOE OCTUBRE de 2025) Primera Parte: Secciones I y II. IR A LISTA DE INFORMES MENSUALES IR A RESOLUCIONES DE OCTUBRE IR A\u00a0\u00a1NO TE LO PIERDAS! DE OCTUBRE Equipo de redacci\u00f3n: * Albert Capell Mart\u00ednez, notario de Barcelona, coordinador en octubre * V\u00edctor Esquirol Jim\u00e9nez, notario de El Masnou (Barcelona), coordinador [&hellip;]<\/p>\n","protected":false},"author":10,"featured_media":131021,"comment_status":"open","ping_status":"closed","sticky":false,"template":"","format":"standard","meta":{"_bbp_topic_count":0,"_bbp_reply_count":0,"_bbp_total_topic_count":0,"_bbp_total_reply_count":0,"_bbp_voice_count":0,"_bbp_anonymous_reply_count":0,"_bbp_topic_count_hidden":0,"_bbp_reply_count_hidden":0,"_bbp_forum_subforum_count":0,"footnotes":""},"categories":[180],"tags":[],"class_list":{"0":"post-131018","1":"post","2":"type-post","3":"status-publish","4":"format-standard","5":"has-post-thumbnail","7":"category-informes-mensuales"},"_links":{"self":[{"href":"https:\/\/www.notariosyregistradores.com\/web\/wp-json\/wp\/v2\/posts\/131018","targetHints":{"allow":["GET"]}}],"collection":[{"href":"https:\/\/www.notariosyregistradores.com\/web\/wp-json\/wp\/v2\/posts"}],"about":[{"href":"https:\/\/www.notariosyregistradores.com\/web\/wp-json\/wp\/v2\/types\/post"}],"author":[{"embeddable":true,"href":"https:\/\/www.notariosyregistradores.com\/web\/wp-json\/wp\/v2\/users\/10"}],"replies":[{"embeddable":true,"href":"https:\/\/www.notariosyregistradores.com\/web\/wp-json\/wp\/v2\/comments?post=131018"}],"version-history":[{"count":11,"href":"https:\/\/www.notariosyregistradores.com\/web\/wp-json\/wp\/v2\/posts\/131018\/revisions"}],"predecessor-version":[{"id":135899,"href":"https:\/\/www.notariosyregistradores.com\/web\/wp-json\/wp\/v2\/posts\/131018\/revisions\/135899"}],"wp:featuredmedia":[{"embeddable":true,"href":"https:\/\/www.notariosyregistradores.com\/web\/wp-json\/wp\/v2\/media\/131021"}],"wp:attachment":[{"href":"https:\/\/www.notariosyregistradores.com\/web\/wp-json\/wp\/v2\/media?parent=131018"}],"wp:term":[{"taxonomy":"category","embeddable":true,"href":"https:\/\/www.notariosyregistradores.com\/web\/wp-json\/wp\/v2\/categories?post=131018"},{"taxonomy":"post_tag","embeddable":true,"href":"https:\/\/www.notariosyregistradores.com\/web\/wp-json\/wp\/v2\/tags?post=131018"}],"curies":[{"name":"wp","href":"https:\/\/api.w.org\/{rel}","templated":true}]}}