{"id":131132,"date":"2025-10-07T21:59:57","date_gmt":"2025-10-07T19:59:57","guid":{"rendered":"https:\/\/www.notariosyregistradores.com\/web\/?p=131132"},"modified":"2026-01-25T13:16:34","modified_gmt":"2026-01-25T12:16:34","slug":"cuestiones-sobre-discapacidad-por-isidoro-lora-tamayo-archivo-llave","status":"publish","type":"post","link":"https:\/\/www.notariosyregistradores.com\/web\/secciones\/aula-social\/cuestiones-sobre-discapacidad-por-isidoro-lora-tamayo-archivo-llave\/","title":{"rendered":"Cuestiones sobre Discapacidad por Isidoro Lora Tamayo: archivo llave"},"content":{"rendered":"<h1 style=\"text-align: center;\"><span style=\"color: #0000ff;\"><strong>ALGUNAS CUESTIONES RELACIONADAS CON LAS PERSONAS CON DISCAPACIDAD.<\/strong><\/span><\/h1>\n<h1 style=\"text-align: center;\">ISIDORO LORA TAMAYO, NOTARIO<\/h1>\n<h2>\u00a0<\/h2>\n<h2><span style=\"color: #0000ff;\">\u00cdNDICE DE TODAS LAS ENTREGAS PUBLICADAS:<\/span><\/h2>\n<h2><a href=\"https:\/\/www.notariosyregistradores.com\/web\/secciones\/doctrina\/articulos-doctrina\/cuestiones-relacionadas-con-las-personas-con-discapacidad-i\/\">Primera entrega (octubre 2025): <\/a><\/h2>\n<ul>\n<li><a href=\"#objetivo\"><strong><span style=\"font-size: 12pt;\">Objetivo de esta nueva secci\u00f3n.<\/span><\/strong><\/a><\/li>\n<li><a href=\"#terminologia\"><span style=\"font-size: 12pt;\"><strong>Personas con discapacidad: terminolog\u00eda adecuada.<\/strong><\/span><\/a><\/li>\n<li><a href=\"#conceptuacion\"><span style=\"font-size: 12pt;\"><strong>Conceptuaci\u00f3n de la persona con discapacidad en la legislaci\u00f3n.<\/strong><\/span><\/a><\/li>\n<li><a href=\"#dificultad\"><span style=\"font-size: 12pt;\"><strong>Dificultad en la comunicaci\u00f3n para el ejercicio de la capacidad jur\u00eddica.<\/strong><\/span><\/a><\/li>\n<\/ul>\n<h2><a href=\"https:\/\/www.notariosyregistradores.com\/web\/secciones\/doctrina\/articulos-doctrina\/cuestiones-relacionadas-con-las-personas-con-discapacidad-ii-testamento\/\">Segunda entrega (noviembre 2025): Testamento.<\/a><\/h2>\n<ul>\n<li><span style=\"font-size: 12pt;\"><a href=\"https:\/\/www.notariosyregistradores.com\/web\/secciones\/doctrina\/articulos-doctrina\/cuestiones-relacionadas-con-las-personas-con-discapacidad-ii-testamento\/#constancia1\"><strong>La constancia por el notario de la voluntad del testador<\/strong>.<\/a><\/span><\/li>\n<li><span style=\"font-size: 12pt;\"><a href=\"https:\/\/www.notariosyregistradores.com\/web\/secciones\/doctrina\/articulos-doctrina\/cuestiones-relacionadas-con-las-personas-con-discapacidad-ii-testamento\/#voluntad2\"><strong>La voluntad testamentaria<\/strong>.<\/a><\/span><\/li>\n<li><span style=\"font-size: 12pt;\"><a href=\"https:\/\/www.notariosyregistradores.com\/web\/secciones\/doctrina\/articulos-doctrina\/cuestiones-relacionadas-con-las-personas-con-discapacidad-ii-testamento\/#necesita3\"><strong>Se necesita apoyo de la jurisprudencia.<\/strong><\/a><\/span><\/li>\n<li><span style=\"font-size: 12pt;\"><a href=\"https:\/\/www.notariosyregistradores.com\/web\/secciones\/doctrina\/articulos-doctrina\/cuestiones-relacionadas-con-las-personas-con-discapacidad-ii-testamento\/#constancia4\"><strong>Constancia de la actividad realizada por el notario<\/strong>.<\/a><\/span><\/li>\n<\/ul>\n<h2><a href=\"https:\/\/www.notariosyregistradores.com\/web\/secciones\/doctrina\/articulos-doctrina\/cuestiones-relacionadas-con-las-personas-con-discapacidad-iii-la-propuesta-de-curador\/\">Tercera entrega (enero de 2026): La propuesta de curador.<\/a><\/h2>\n<ul>\n<li><span style=\"font-size: 12pt;\"><strong><a href=\"https:\/\/www.notariosyregistradores.com\/web\/secciones\/doctrina\/articulos-doctrina\/cuestiones-relacionadas-con-las-personas-con-discapacidad-iii-la-propuesta-de-curador\/#p1\">Planteamiento.<\/a><\/strong><\/span><\/li>\n<li><span style=\"font-size: 12pt;\"><strong><a href=\"https:\/\/www.notariosyregistradores.com\/web\/secciones\/doctrina\/articulos-doctrina\/cuestiones-relacionadas-con-las-personas-con-discapacidad-iii-la-propuesta-de-curador\/#a2\">La autocuratela:<\/a><\/strong><\/span>\n<ul>\n<li><strong>\u00a0<span style=\"font-size: 12pt;\"> \u00a0<a href=\"https:\/\/www.notariosyregistradores.com\/web\/secciones\/doctrina\/articulos-doctrina\/cuestiones-relacionadas-con-las-personas-con-discapacidad-iii-la-propuesta-de-curador\/#ca\">Caracteres.<\/a><\/span><\/strong><\/li>\n<li><span style=\"font-size: 12pt;\"><strong>\u00a0 \u00a0<a href=\"https:\/\/www.notariosyregistradores.com\/web\/secciones\/doctrina\/articulos-doctrina\/cuestiones-relacionadas-con-las-personas-con-discapacidad-iii-la-propuesta-de-curador\/#eb\">Elementos: personales, contenido y formales.<\/a><\/strong><\/span><\/li>\n<\/ul>\n<\/li>\n<li><a href=\"https:\/\/www.notariosyregistradores.com\/web\/secciones\/doctrina\/articulos-doctrina\/cuestiones-relacionadas-con-las-personas-con-discapacidad-iii-la-propuesta-de-curador\/#p3\"><strong><span style=\"font-size: 12pt;\">Propuesta de curador por terceras personas. La <\/span><\/strong><span style=\"font-size: 12pt;\"><strong>RDGRSJFP de 21 de septiembre de 2025.<\/strong><\/span><\/a><\/li>\n<\/ul>\n<p>&nbsp;<\/p>\n<h2><span style=\"color: #0000ff;\"><a id=\"enlaces\"><\/a>ENLACES:<\/span><\/h2>\n<ul>\n<li><span style=\"font-size: 12pt;\"><strong><a href=\"https:\/\/www.notariosyregistradores.com\/web\/esta-web\/premio-notarios-y-registradores\/isidoro-lora-tamayo-2025\/\">Isidoro Lora Tamayo, Premio Notarios y Registradores 2025<\/a><\/strong><\/span><\/li>\n<li><span style=\"font-size: 12pt;\"><strong><a href=\"https:\/\/www.notariosyregistradores.com\/web\/practica\/familia\/indice-fichero-jurisprudencia-derecho-de-familia-de-jose-manuel-vara-gonzalez\/\">Fichero Jurisprudencia Derecho de Familia de Jos\u00e9 Manuel Vara<\/a><\/strong><\/span><\/li>\n<li><span style=\"font-size: 12pt;\"><strong><a href=\"https:\/\/www.notariosyregistradores.com\/web\/esta-web\/rincon-literario\/memento-experto-casos-practicos-de-derecho-de-sucesiones-adaptados-al-programa-de-notarias\/\">Memento Experto Casos pr\u00e1cticos de Derecho de sucesiones de Isidoro Lora Tamayo<\/a><\/strong><\/span><strong><br \/>\n<\/strong><\/li>\n<li><span style=\"font-size: 12pt;\"><strong><a href=\"https:\/\/www.notariosyregistradores.com\/web\/participa\/noticias\/guia-rapida-de-la-reforma-civil-y-procesal-para-el-apoyo-a-personas-con-discapacidad\/\">Libro Gu\u00eda r\u00e1pida de la Reforma Civil y Procesal para el apoyo a Personas con Discapacidad. Isidoro Lora Tamayo<\/a><\/strong><\/span><\/li>\n<li><strong><span style=\"font-size: 12pt;\"><a href=\"https:\/\/www.boe.es\/buscar\/doc.php?id=BOE-A-2008-6963\" target=\"_blank\" rel=\"nofollow noopener noreferrer\">Convenci\u00f3n de Nueva York sobre los derechos de las personas con discapacidad de 3 de diciembre de 2006<\/a><\/span><\/strong><\/li>\n<\/ul>\n<h3 class=\"documento-tit\" style=\"text-align: center;\"><span style=\"font-size: 14pt;\"><a href=\"https:\/\/www.notariosyregistradores.com\/web\/normas\/destacadas\/ley-apoyo-personas-con-discapacidad-resumen-y-enlaces\/\" target=\"_blank\" rel=\"nofollow noopener noreferrer\">ARCHIVO LLAVE DE LA LEY 8\/2021, DE 2 DE JUNIO<\/a><\/span><\/h3>\n<p style=\"text-align: center;\"><strong><span style=\"font-size: 14pt;\"><a href=\"https:\/\/www.notariosyregistradores.com\/web\/secciones\/aula-social\/cuestiones-sobre-discapacidad-por-isidoro-lora-tamayo-archivo-llave\/\">\u00cdNDICE DE CUESTIOES SOBRE DISCAPACIDAD\u00a0<\/a><\/span><\/strong><\/p>\n<p style=\"text-align: center;\"><strong><span style=\"font-size: 14pt;\"><a href=\"https:\/\/www.notariosyregistradores.com\/web\/category\/secciones\/aula-social\/\">SECCI\u00d3N AULA SOCIAL<\/a><\/span><\/strong><\/p>\n<p style=\"text-align: center;\"><strong><span style=\"font-size: 14pt;\"><a href=\"https:\/\/www.notariosyregistradores.com\/web\/category\/secciones\/doctrina\/articulos-doctrina\/\">SECCI\u00d3N DOCTRINA<\/a><\/span><\/strong><\/p>\n<p style=\"text-align: center;\"><span style=\"font-size: 14pt;\"><a href=\"https:\/\/www.notariosyregistradores.com\/web\/tag\/isidoro-lora-tamayo\/\"><strong>OTRAS APORTACIONES DE ISIDORO LORA TAMAYO<\/strong><\/a><\/span><\/p>\n<p><span style=\"font-size: 12pt;\"><strong>RECURSOS EN ESTA WEB SOBRE: <a href=\"https:\/\/www.notariosyregistradores.com\/web\/category\/normas\/\">NORMAS<\/a> &#8211; <a href=\"https:\/\/www.notariosyregistradores.com\/web\/category\/resoluciones\/\">RESOLUCIONES<\/a><\/strong><\/span><\/p>\n<p><span style=\"font-size: 12pt;\"><strong>OTROS RECURSOS: <a href=\"https:\/\/www.notariosyregistradores.com\/web\/category\/secciones\/\">Secciones<\/a> &#8211; <a href=\"https:\/\/www.notariosyregistradores.com\/web\/category\/participa\/\">Participa<\/a> &#8211; <a href=\"https:\/\/www.notariosyregistradores.com\/web\/category\/cuadros\/\">Cuadros<\/a> &#8211; <a href=\"https:\/\/www.notariosyregistradores.com\/web\/category\/practica\/\">Pr\u00e1ctica<\/a> &#8211; <a href=\"https:\/\/www.notariosyregistradores.com\/web\/secciones\/oficina-notarial\/modelos-para-documentos-notariales\/\">Modelos<\/a> &#8211; <a href=\"https:\/\/www.notariosyregistradores.com\/web\/category\/utilidades\/\">Utilidades<\/a><\/strong><\/span><\/p>\n<p><span style=\"font-size: 12pt;\"><strong>WEB: <span style=\"font-family: 'comic sans ms', sans-serif;\"><a href=\"http:\/\/www.notariosyregistradores.com\/web\/category\/esta-web\/que-ofrece\/\" target=\"_top\" rel=\"noopener noreferrer\">Qu\u00e9 ofrecemos<\/a> &#8211;\u00a0<a href=\"http:\/\/www.notariosyregistradores.com\/web\/1198-2\/\">NyR, p\u00e1gina de inicio<\/a> &#8211;<\/span> <span style=\"font-family: 'comic sans ms', sans-serif;\"><a href=\"http:\/\/www.notariosyregistradores.com\/web\/esta-web\/ideario\/ideario-de-esta-web\/\" target=\"_top\" rel=\"noopener noreferrer\">Ideario Web<\/a><\/span><\/strong><\/span><\/p>\n<p style=\"text-align: center;\"><a href=\"https:\/\/www.notariosyregistradores.com\/web\/\"><strong><span style=\"font-size: 14pt;\">PORTADA DE LA WEB<\/span><\/strong><\/a><\/p>\n<p><img loading=\"lazy\" decoding=\"async\" class=\"aligncenter size-full wp-image-131126\" src=\"https:\/\/www.notariosyregistradores.com\/web\/wp-content\/uploads\/2025\/10\/Discapacidad-casos.jpg\" alt=\"\" width=\"371\" height=\"350\" srcset=\"https:\/\/www.notariosyregistradores.com\/web\/wp-content\/uploads\/2025\/10\/Discapacidad-casos.jpg 371w, https:\/\/www.notariosyregistradores.com\/web\/wp-content\/uploads\/2025\/10\/Discapacidad-casos-300x283.jpg 300w\" sizes=\"auto, (max-width: 371px) 100vw, 371px\" \/><\/p>\n","protected":false},"excerpt":{"rendered":"<p>ALGUNAS CUESTIONES RELACIONADAS CON LAS PERSONAS CON DISCAPACIDAD. ISIDORO LORA TAMAYO, NOTARIO \u00a0 \u00cdNDICE DE TODAS LAS ENTREGAS PUBLICADAS: Primera entrega (octubre 2025): Objetivo de esta nueva secci\u00f3n. Personas con discapacidad: terminolog\u00eda adecuada. Conceptuaci\u00f3n de la persona con discapacidad en la legislaci\u00f3n. Dificultad en la comunicaci\u00f3n para el ejercicio de la capacidad jur\u00eddica. Segunda entrega [&hellip;]<\/p>\n","protected":false},"author":10,"featured_media":126500,"comment_status":"open","ping_status":"closed","sticky":false,"template":"","format":"standard","meta":{"_bbp_topic_count":0,"_bbp_reply_count":0,"_bbp_total_topic_count":0,"_bbp_total_reply_count":0,"_bbp_voice_count":0,"_bbp_anonymous_reply_count":0,"_bbp_topic_count_hidden":0,"_bbp_reply_count_hidden":0,"_bbp_forum_subforum_count":0,"footnotes":""},"categories":[177,20950],"tags":[],"class_list":{"0":"post-131132","1":"post","2":"type-post","3":"status-publish","4":"format-standard","5":"has-post-thumbnail","7":"category-aula-social","8":"category-discapacidad"},"_links":{"self":[{"href":"https:\/\/www.notariosyregistradores.com\/web\/wp-json\/wp\/v2\/posts\/131132","targetHints":{"allow":["GET"]}}],"collection":[{"href":"https:\/\/www.notariosyregistradores.com\/web\/wp-json\/wp\/v2\/posts"}],"about":[{"href":"https:\/\/www.notariosyregistradores.com\/web\/wp-json\/wp\/v2\/types\/post"}],"author":[{"embeddable":true,"href":"https:\/\/www.notariosyregistradores.com\/web\/wp-json\/wp\/v2\/users\/10"}],"replies":[{"embeddable":true,"href":"https:\/\/www.notariosyregistradores.com\/web\/wp-json\/wp\/v2\/comments?post=131132"}],"version-history":[{"count":7,"href":"https:\/\/www.notariosyregistradores.com\/web\/wp-json\/wp\/v2\/posts\/131132\/revisions"}],"predecessor-version":[{"id":134295,"href":"https:\/\/www.notariosyregistradores.com\/web\/wp-json\/wp\/v2\/posts\/131132\/revisions\/134295"}],"wp:featuredmedia":[{"embeddable":true,"href":"https:\/\/www.notariosyregistradores.com\/web\/wp-json\/wp\/v2\/media\/126500"}],"wp:attachment":[{"href":"https:\/\/www.notariosyregistradores.com\/web\/wp-json\/wp\/v2\/media?parent=131132"}],"wp:term":[{"taxonomy":"category","embeddable":true,"href":"https:\/\/www.notariosyregistradores.com\/web\/wp-json\/wp\/v2\/categories?post=131132"},{"taxonomy":"post_tag","embeddable":true,"href":"https:\/\/www.notariosyregistradores.com\/web\/wp-json\/wp\/v2\/tags?post=131132"}],"curies":[{"name":"wp","href":"https:\/\/api.w.org\/{rel}","templated":true}]}}