{"id":131200,"date":"2025-10-11T12:15:25","date_gmt":"2025-10-11T10:15:25","guid":{"rendered":"https:\/\/www.notariosyregistradores.com\/web\/?p=131200"},"modified":"2025-11-22T20:33:28","modified_gmt":"2025-11-22T19:33:28","slug":"no-te-lo-pierdas-septiembre-2025","status":"publish","type":"post","link":"https:\/\/www.notariosyregistradores.com\/web\/normas\/informes-mensuales\/no-te-lo-pierdas-septiembre-2025\/","title":{"rendered":"No te lo pierdas\u2026 Septiembre 2025"},"content":{"rendered":"<h1 style=\"text-align: center;\"><span style=\"font-size: 18pt; color: #993366; font-family: verdana, geneva, sans-serif;\"><strong><em>\u00a1NO TE LO PIERDAS!<\/em><\/strong><\/span><\/h1>\n<h1 style=\"text-align: center;\"><span style=\"font-size: 18pt; color: #0000ff; font-family: verdana, geneva, sans-serif;\"><strong>SEPTIEMBRE<\/strong><\/span><span style=\"font-size: 18pt; color: #0000ff; font-family: verdana, geneva, sans-serif;\"><strong>\u00a0de 2025<\/strong><\/span><\/h1>\n<a class=\"mwm-aal-item\" name=\"disposiciones-generales-y-tribunales\"><\/a><h6 style=\"text-align: justify;\"><a href=\"https:\/\/www.notariosyregistradores.com\/web\/normas\/informes-mensuales\/informe-372-boe-septiembre-2025\/\"><span style=\"color: #0000ff;\"><strong><span style=\"font-size: 14pt;\">DISPOSICIONES GENERALES Y TRIBUNALES:<\/span><\/strong><\/span><\/a><\/h6>\n<p style=\"text-align: justify;\"><strong><a href=\"https:\/\/www.notariosyregistradores.com\/web\/normas\/informes-mensuales\/informe-372-boe-septiembre-2025\/#once-cruz-roja-discapacidad\">ONCE, Cruz Roja, Discapacidad<\/a>. <\/strong>Se adaptan diversos organismos colegiados de protecci\u00f3n social a las modificaciones en la estructura de la Administraci\u00f3n General del Estado, asegurando tambi\u00e9n una presencia equilibrada entre mujeres y hombres y la participaci\u00f3n de las personas con discapacidad.<\/p>\n<p style=\"text-align: justify;\"><strong><a href=\"https:\/\/www.notariosyregistradores.com\/web\/normas\/concretas\/incremento-de-duracion-del-permiso-parental-rdley-9-2025-de-29-de-julio\/\">Permiso de nacimiento y cuidado: convalidaci\u00f3n<\/a>.\u00a0<\/strong>El Congreso convalida el Real Decreto-ley 9\/2025, de 29 de julio. Esta reforma aumenta en tres semanas el permiso parental (de 16 a 19 semanas), con efectos retroactivos a agosto de 2024, con subsidio de la Seguridad Social para mantener la percepci\u00f3n de los ingresos ordinarios durante las 19 semanas y especial trato para las familias monoparentales. Modifica, para ello, el Estatuto de los Trabajadores, el Estatuto B\u00e1sico del Empleado P\u00fablico y la Ley General de la Seguridad Social.<\/p>\n<p style=\"text-align: justify;\"><strong><a href=\"https:\/\/www.notariosyregistradores.com\/web\/normas\/informes-mensuales\/informe-372-boe-septiembre-2025\/#navegacion-aerea-servidumbres-y-otros-contenidos\">Navegaci\u00f3n a\u00e9rea: servidumbres y otros contenidos<\/a>. <\/strong>Se modifica la Ley de Navegaci\u00f3n A\u00e9rea en materia de servidumbres aeron\u00e1uticas, normas de planeamiento o concepto de personal aeron\u00e1utico. Se sustituye la referencia al Registro Mercantil por el Registro de Bienes Muebles. Tambi\u00e9n se modifica la Ley de Seguridad A\u00e9rea en cuanto a la tramitaci\u00f3n de actividades aeron\u00e1uticas, uso de aeronaves no tripuladas o r\u00e9gimen sancionador. Se prev\u00e9 la conexi\u00f3n del Aeropuerto de Barcelona con la L\u00ednea de Alta Velocidad.<\/p>\n<p style=\"text-align: justify;\"><strong><a href=\"https:\/\/www.notariosyregistradores.com\/web\/normas\/informes-mensuales\/informe-372-boe-septiembre-2025\/#disposiciones-autonomicas\">Disposiciones auton\u00f3micas<\/a>. <\/strong>Normativa de Castilla-La Mancha (agilizaci\u00f3n administrativa, organizaciones agrarias) y Madrid (tributos cedidos).<\/p>\n<p style=\"text-align: justify;\"><strong><a href=\"https:\/\/www.notariosyregistradores.com\/web\/normas\/informes-mensuales\/informe-372-boe-septiembre-2025\/#tribunales\">Tribunales<\/a>. <\/strong><strong>Tribunal Constitucional:<\/strong> Conflictos del Senado con el Congreso y con el Gobierno, normativa valenciana sobre menores trans, Actos Jur\u00eddicos documentados para Sociedades de Garant\u00edas Rec\u00edprocas en Galicia. <strong>Tribunal Supremo:<\/strong> Anulaci\u00f3n de la reforma del Reglamento de Costas aprobada en 2022.<\/p>\n<a class=\"mwm-aal-item\" name=\"seccion-ii-\"><\/a><h6 style=\"text-align: justify;\"><a href=\"https:\/\/www.notariosyregistradores.com\/web\/normas\/informes-mensuales\/informe-372-boe-septiembre-2025\/#seccion-ii\"><span style=\"font-size: 14pt;\"><strong>SECCI\u00d3N II.<\/strong> <\/span><\/a><\/h6>\n<p style=\"text-align: justify;\">Oposiciones entre Notarios: sorteo y comienzo de ejercicios.\u00a0Concurso de Registros: resultado en el BOE.\u00a0Concurso Notarial: convocatoria. Jubilaci\u00f3n de ocho notarios (en tres casos, voluntaria) y de dos registradores.<\/p>\n<p style=\"text-align: justify;\"><a href=\"https:\/\/www.notariosyregistradores.com\/web\/normas\/informes-mensuales\/informe-372-boe-septiembre-2025\/\"><img loading=\"lazy\" decoding=\"async\" class=\"aligncenter size-full wp-image-130509\" src=\"https:\/\/www.notariosyregistradores.com\/web\/wp-content\/uploads\/2025\/09\/Vendimia-en-la-Borgona.jpg\" alt=\"\" width=\"600\" height=\"450\" srcset=\"https:\/\/www.notariosyregistradores.com\/web\/wp-content\/uploads\/2025\/09\/Vendimia-en-la-Borgona.jpg 1024w, https:\/\/www.notariosyregistradores.com\/web\/wp-content\/uploads\/2025\/09\/Vendimia-en-la-Borgona-300x225.jpg 300w, https:\/\/www.notariosyregistradores.com\/web\/wp-content\/uploads\/2025\/09\/Vendimia-en-la-Borgona-768x576.jpg 768w, https:\/\/www.notariosyregistradores.com\/web\/wp-content\/uploads\/2025\/09\/Vendimia-en-la-Borgona-500x375.jpg 500w\" sizes=\"auto, (max-width: 600px) 100vw, 600px\" \/><\/a><\/p>\n<a class=\"mwm-aal-item\" name=\"resoluciones\"><\/a><h6 style=\"text-align: justify;\"><span style=\"font-size: 14pt; color: #0000ff;\">RESOLUCIONES:<\/span><\/h6>\n<p style=\"text-align: justify;\">En<strong> SEPTIEMBRE, NO <\/strong>se ha publicado <strong>NINGUNA<\/strong>.<strong>\u00a0<\/strong><\/p>\n<a class=\"mwm-aal-item\" name=\"seleccion-de-otros-contenidos-publicados-\"><\/a><h6 style=\"text-align: justify;\"><span style=\"color: #0000ff;\"><strong><span style=\"font-size: 14pt;\">SELECCI\u00d3N DE OTROS CONTENIDOS PUBLICADOS:<\/span> <\/strong><\/span><\/h6>\n<ul>\n<li><strong><u><a href=\"https:\/\/www.notariosyregistradores.com\/web\/secciones\/oficina-registral\/informes-mensuales-o-r\/oficina-registral-propiedad-informe-agosto-2025-las-piscinas-son-para-el-verano-y-tambien-son-inscribibles\/\">Las piscinas son para el verano\u2026 y tambi\u00e9n son inscribibles<\/a>. Antonio Oliva. <\/u><\/strong><\/li>\n<li><strong><u><a href=\"https:\/\/www.notariosyregistradores.com\/web\/secciones\/oficina-registral\/estudios\/los-incendios-forestales-y-el-registro-de-la-propiedad\/\">Los incendios forestales y el Registro de la Propiedad. Antonio Oliva.<\/a><\/u><\/strong><\/li>\n<li><strong><u><a href=\"https:\/\/www.notariosyregistradores.com\/web\/secciones\/fiscal\/informes-mensuales-fiscal\/informe-fiscal-agosto-2025-extinciones-de-condominio-fiscalidad-de-seguros-y-planes-de-pensiones\/#TERCERAPARTE\">Fiscalidad de los seguros y planes de pensiones. M\u00e1ximo Ju\u00e1rez.<\/a><\/u><\/strong><\/li>\n<li><strong><u><a href=\"https:\/\/www.notariosyregistradores.com\/web\/practica\/jurisprudencia\/cronica-breve-de-tribunales-57-retractos-peritos-notariales\/\">Cr\u00f3nica breve de Tribunales: Retractos. Peritos notariales\u2026 \u00c1lvaro Mart\u00edn.<\/a><\/u><\/strong><\/li>\n<li><strong><u><a href=\"https:\/\/www.notariosyregistradores.com\/web\/secciones\/oposiciones\/informes-opositores\/informe-opositores-notarias-y-registros-cuarto-trimestre-2024-registro-arrendamientos\/\">Informe para opositores. Jos\u00e9 Antonio Riera. <\/a><\/u><\/strong><\/li>\n<li><strong><u><a href=\"https:\/\/www.notariosyregistradores.com\/web\/practica\/modelos-escrituras\/formularios-para-la-ley-3-2024-de-aragon-sobre-discapacidad\/\">Formularios para la Ley 3\/2024 de Arag\u00f3n sobre discapacidad. Fernando Ruiz.<\/a><\/u><\/strong><\/li>\n<li><strong><u><a href=\"https:\/\/www.notariosyregistradores.com\/web\/secciones\/oposiciones\/oposiciones-notarias-madrid-2025-2026\/\">Comienzan las Oposiciones libres al t\u00edtulo de Notario.<\/a><\/u><\/strong><\/li>\n<li><strong><u><a href=\"https:\/\/www.notariosyregistradores.com\/web\/secciones\/doctrina\/articulos-doctrina\/de-jardines-patios-y-terrazas\/\">De jardines, patios y terrazas. A prop\u00f3sito del desprop\u00f3sito. Antonio Chaves.<\/a><\/u><\/strong><\/li>\n<li><strong><u><a href=\"https:\/\/www.notariosyregistradores.com\/web\/normas\/informes-mensuales\/no-te-lo-pierdas-agosto-2025\/\">No te lo pierdas\u2026: Lo esencial del BOE en Agosto 2025<\/a><\/u><\/strong><\/li>\n<li><strong><u><a href=\"https:\/\/www.notariosyregistradores.com\/web\/participa\/noticias\/edicion-2025-del-fichero-de-jurisprudencia-de-derecho-de-familia-de-jose-manuel-vara\/\">Edici\u00f3n 2025 del Fichero de Jurisprudencia de derecho de Familia. Jos\u00e9 Manuel Vara.<\/a><\/u><\/strong><\/li>\n<li><strong><u><a href=\"https:\/\/www.notariosyregistradores.com\/web\/secciones\/doctrina\/articulos-doctrina\/por-una-ampliacion-de-la-legitimacion-para-impugnar-resoluciones-dgsjfp\/\">Por una ampliaci\u00f3n de la legitimaci\u00f3n para impugnar Resoluciones DGSJFP. Alvaro Mart\u00edn,<\/a><\/u><\/strong><\/li>\n<li><strong><u><a href=\"https:\/\/www.notariosyregistradores.com\/web\/secciones\/oficina-mercantil\/informes-mensuales-o-m\/informe-mercantil-septiembre-2025-registro-electronico-y-cambio-de-domicilio-a-provincia-distinta\/\">Registro electr\u00f3nico y cambio de domicilio de una sociedad a provincia distinta. Jos\u00e9 \u00c1ngel Garc\u00eda Valdecasas.<\/a><\/u><\/strong><\/li>\n<li><strong><u><a href=\"https:\/\/www.notariosyregistradores.com\/web\/secciones\/oficina-notarial\/informes-mensuales-o-n\/informe-oficina-notarial-septiembre-de-2025-identidad-grafica-de-fincas-y-su-aplicacion-practica\/\">Identidad gr\u00e1fica de fincas y aplicaci\u00f3n pr\u00e1ctica en el Informe Notarial. Alfonso de la Fuente.<\/a><\/u><\/strong><\/li>\n<li><strong><u>Bibliograf\u00eda sobre Consumo y Derecho. V\u00edctor Bastante Granell.<\/u><\/strong><\/li>\n<\/ul>\n<a class=\"mwm-aal-item\" name=\"enlaces\"><\/a><h6 style=\"text-align: justify;\"><span style=\"font-size: 14pt; color: #0000ff;\">ENLACES:<\/span><\/h6>\n<p style=\"text-align: center;\"><span style=\"font-size: 14pt;\"><strong><a href=\"https:\/\/www.notariosyregistradores.com\/web\/normas\/cuadro-de-informes-mensuales-generales-de-lo-publicado-en-el-boe\/\">INFORMES y <em>No te lo pierdas!<\/em>\u00a0MENSUALES<\/a><\/strong><\/span><\/p>\n<p style=\"text-align: center;\"><a href=\"https:\/\/www.notariosyregistradores.com\/web\/practica\/indice-jc-casas\/separata-del-indice-de-juan-carlos-casas-de-agosto-de-2025\/\"><span style=\"font-size: 14pt;\"><strong>SEPARATA \u00cdNDICE JUAN CARLOS CASAS AGOSTO 2025\u00a0<\/strong><\/span><\/a><\/p>\n<p style=\"text-align: center;\"><span style=\"font-size: 14pt;\"><strong><a href=\"https:\/\/www.notariosyregistradores.com\/web\/normas\/cuatro-niveles-de-informacion-para-normativa-y-resoluciones\/\">INFORMACI\u00d3N EN CUATRO NIVELES<\/a><\/strong><\/span><\/p>\n<p><span style=\"font-size: 12pt;\"><strong>RECURSOS EN ESTA WEB SOBRE:\u00a0 <a href=\"https:\/\/www.notariosyregistradores.com\/web\/category\/normas\/\">NORMAS<\/a>\u00a0 \u00a0&#8211;\u00a0 \u00a0<a href=\"https:\/\/www.notariosyregistradores.com\/web\/category\/resoluciones\/\">RESOLUCIONES<\/a><\/strong><\/span><\/p>\n<p><span style=\"font-size: 12pt;\"><strong>OTROS RECURSOS:\u00a0 <a href=\"https:\/\/www.notariosyregistradores.com\/web\/category\/secciones\/\">Secciones<\/a> &#8211; <a href=\"https:\/\/www.notariosyregistradores.com\/web\/category\/participa\/\">Participa<\/a> &#8211; <a href=\"https:\/\/www.notariosyregistradores.com\/web\/category\/cuadros\/\">Cuadros<\/a> &#8211; <a href=\"https:\/\/www.notariosyregistradores.com\/web\/category\/practica\/\">Pr\u00e1ctica<\/a> &#8211; <a href=\"https:\/\/www.notariosyregistradores.com\/web\/secciones\/oficina-notarial\/modelos-para-documentos-notariales\/\">Modelos<\/a> &#8211; <a href=\"https:\/\/www.notariosyregistradores.com\/web\/category\/utilidades\/\">Utilidades<\/a><\/strong><\/span><\/p>\n<p style=\"text-align: justify;\"><span style=\"font-size: 12pt;\"><strong>WEB: <\/strong><strong><a href=\"http:\/\/www.notariosyregistradores.com\/web\/category\/esta-web\/que-ofrece\/\" target=\"_top\" rel=\"noopener noreferrer\">Qu\u00e9 ofrecemos<\/a> &#8211;\u00a0<a href=\"http:\/\/www.notariosyregistradores.com\/web\/1198-2\/\">NyR, p\u00e1gina de inicio<\/a> &#8211;\u00a0<a href=\"http:\/\/www.notariosyregistradores.com\/web\/esta-web\/ideario\/ideario-de-esta-web\/\" target=\"_top\" rel=\"noopener noreferrer\">Ideario Web<\/a><\/strong><\/span><\/p>\n<p style=\"text-align: center;\"><strong><span style=\"font-size: 14pt;\"><a href=\"https:\/\/www.notariosyregistradores.com\/web\/\">PORTADA DE LA WEB<\/a><\/span><\/strong><\/p>\n<div id=\"attachment_131202\" style=\"width: 1210px\" class=\"wp-caption aligncenter\"><a href=\"https:\/\/www.notariosyregistradores.com\/web\/?attachment_id=131202\"><img loading=\"lazy\" decoding=\"async\" aria-describedby=\"caption-attachment-131202\" class=\"size-full wp-image-131202\" src=\"https:\/\/www.notariosyregistradores.com\/web\/wp-content\/uploads\/2025\/10\/Palma_de_Mallorca-nocturna.jpg\" alt=\"\" width=\"1200\" height=\"944\" srcset=\"https:\/\/www.notariosyregistradores.com\/web\/wp-content\/uploads\/2025\/10\/Palma_de_Mallorca-nocturna.jpg 1200w, https:\/\/www.notariosyregistradores.com\/web\/wp-content\/uploads\/2025\/10\/Palma_de_Mallorca-nocturna-300x236.jpg 300w, https:\/\/www.notariosyregistradores.com\/web\/wp-content\/uploads\/2025\/10\/Palma_de_Mallorca-nocturna-1024x806.jpg 1024w, https:\/\/www.notariosyregistradores.com\/web\/wp-content\/uploads\/2025\/10\/Palma_de_Mallorca-nocturna-768x604.jpg 768w, https:\/\/www.notariosyregistradores.com\/web\/wp-content\/uploads\/2025\/10\/Palma_de_Mallorca-nocturna-500x393.jpg 500w\" sizes=\"auto, (max-width: 1200px) 100vw, 1200px\" \/><\/a><p id=\"caption-attachment-131202\" class=\"wp-caption-text\">Vista nocturna de la catedral de Palma de Mallorca. Por Silvia N\u00fa\u00f1ez S\u00e1nchez.<\/p><\/div>\n","protected":false},"excerpt":{"rendered":"<p>\u00a1NO TE LO PIERDAS! SEPTIEMBRE\u00a0de 2025 DISPOSICIONES GENERALES Y TRIBUNALES: ONCE, Cruz Roja, Discapacidad. Se adaptan diversos organismos colegiados de protecci\u00f3n social a las modificaciones en la estructura de la Administraci\u00f3n General del Estado, asegurando tambi\u00e9n una presencia equilibrada entre mujeres y hombres y la participaci\u00f3n de las personas con discapacidad. Permiso de nacimiento y [&hellip;]<\/p>\n","protected":false},"author":10,"featured_media":131203,"comment_status":"open","ping_status":"closed","sticky":false,"template":"","format":"standard","meta":{"_bbp_topic_count":0,"_bbp_reply_count":0,"_bbp_total_topic_count":0,"_bbp_total_reply_count":0,"_bbp_voice_count":0,"_bbp_anonymous_reply_count":0,"_bbp_topic_count_hidden":0,"_bbp_reply_count_hidden":0,"_bbp_forum_subforum_count":0,"footnotes":""},"categories":[180],"tags":[20864,15423,20954,20952,20953,6089],"class_list":{"0":"post-131200","1":"post","2":"type-post","3":"status-publish","4":"format-standard","5":"has-post-thumbnail","7":"category-informes-mensuales","8":"tag-boe-septiembre-2025","9":"tag-no-te-lo-pierdas","10":"tag-permiso-nacimiento","11":"tag-septiembre-2025","12":"tag-servidumbres-aeronauticas","13":"tag-silvia-nunez"},"_links":{"self":[{"href":"https:\/\/www.notariosyregistradores.com\/web\/wp-json\/wp\/v2\/posts\/131200","targetHints":{"allow":["GET"]}}],"collection":[{"href":"https:\/\/www.notariosyregistradores.com\/web\/wp-json\/wp\/v2\/posts"}],"about":[{"href":"https:\/\/www.notariosyregistradores.com\/web\/wp-json\/wp\/v2\/types\/post"}],"author":[{"embeddable":true,"href":"https:\/\/www.notariosyregistradores.com\/web\/wp-json\/wp\/v2\/users\/10"}],"replies":[{"embeddable":true,"href":"https:\/\/www.notariosyregistradores.com\/web\/wp-json\/wp\/v2\/comments?post=131200"}],"version-history":[{"count":4,"href":"https:\/\/www.notariosyregistradores.com\/web\/wp-json\/wp\/v2\/posts\/131200\/revisions"}],"predecessor-version":[{"id":132561,"href":"https:\/\/www.notariosyregistradores.com\/web\/wp-json\/wp\/v2\/posts\/131200\/revisions\/132561"}],"wp:featuredmedia":[{"embeddable":true,"href":"https:\/\/www.notariosyregistradores.com\/web\/wp-json\/wp\/v2\/media\/131203"}],"wp:attachment":[{"href":"https:\/\/www.notariosyregistradores.com\/web\/wp-json\/wp\/v2\/media?parent=131200"}],"wp:term":[{"taxonomy":"category","embeddable":true,"href":"https:\/\/www.notariosyregistradores.com\/web\/wp-json\/wp\/v2\/categories?post=131200"},{"taxonomy":"post_tag","embeddable":true,"href":"https:\/\/www.notariosyregistradores.com\/web\/wp-json\/wp\/v2\/tags?post=131200"}],"curies":[{"name":"wp","href":"https:\/\/api.w.org\/{rel}","templated":true}]}}