{"id":131656,"date":"2025-10-27T21:17:29","date_gmt":"2025-10-27T20:17:29","guid":{"rendered":"https:\/\/www.notariosyregistradores.com\/web\/?p=131656"},"modified":"2025-10-28T18:58:31","modified_gmt":"2025-10-28T17:58:31","slug":"resumen-xvii-convencion-de-la-web","status":"publish","type":"post","link":"https:\/\/www.notariosyregistradores.com\/web\/participa\/noticias\/resumen-xvii-convencion-de-la-web\/","title":{"rendered":"Resumen XVII Convenci\u00f3n de la web"},"content":{"rendered":"<h1 style=\"text-align: center;\"><span style=\"color: #0000ff;\">RESUMEN DE LA XVII CONVENCI\u00d3N DE ESTA WEB Y DE LA ENTREGA DEL PREMIO NOTARIOS Y REGISTRADORES 2025 A DON ISIDORO LORA TAMAYO<\/span><\/h1>\n<p>&nbsp;<\/p>\n<p style=\"text-align: justify;\">El pasado s\u00e1bado 25 de octubre se celebr\u00f3, en el Hotel Eurostars Madrid Tower,\u00a0 situado en la Torre PWC de Madrid, la XVII Convenci\u00f3n Anual de esta web, que tuvo tres actos principales:<\/p>\n<ul style=\"text-align: justify;\">\n<li>la reuni\u00f3n del equipo de redacci\u00f3n de NyR<\/li>\n<li>la reuni\u00f3n de la Revista de Derecho Civil<\/li>\n<li>la cena de clausura donde se rindi\u00f3 homenaje al notario don Isidoro Lora Tamayo entreg\u00e1ndole el Premio Notarios y Registradores 2025.<\/li>\n<\/ul>\n<h2 style=\"text-align: justify;\"><span style=\"color: #0000ff;\">REUNI\u00d3N DEL EQUIPO DE REDACCI\u00d3N:<\/span><\/h2>\n<p style=\"text-align: justify;\">Acudieron 13 de los 16 miembros de equipo, no pudiendo hacerlo Emma Rojo, Beatriz Zamora y V\u00edctor Esquirol, por no resultarles posible.<\/p>\n<p style=\"text-align: justify;\">Destaquemos algunos de los<strong> acuerdos adoptados<\/strong>, que pueden ser de inter\u00e9s para los usuarios de esta web:<\/p>\n<p style=\"text-align: justify;\"><strong>Premio 2026.\u00a0<\/strong>Se modific\u00f3 el Reglamento del Premio Joaqu\u00edn Zejalbo para extender el tiempo de recepci\u00f3n para los trabajos que pueden optar y flexibilizar los requisitos.<\/p>\n<p style=\"text-align: justify;\">Se acord\u00f3 convocar en 2026\u00a0la tercera edici\u00f3n del Premio Joaqu\u00edn Zejalbo a un trabajo doctrinal.<\/p>\n<p style=\"text-align: justify;\"><strong>Bolet\u00edn de noticias.<\/strong> Se acord\u00f3 continuar emitiendo el bolet\u00edn de noticias mensual, elaborado por Jos\u00e9 \u00c1ngel Garc\u00eda Valdecasas.<\/p>\n<p style=\"text-align: justify;\"><strong> Modelo de coordinaci\u00f3n. <\/strong>Cuatro personas<span style=\"font-size: 1rem;\"> ostentar\u00e1n solidaria y sucesivamente la coordinaci\u00f3n, con cambio cada mes. Ser\u00e1n <\/span>Juan Carlos Casas, Albert Capell, Shadia Nasser y \u00c1lvaro Cordero.<span style=\"font-size: 1rem;\"> Dos veteranos y dos nuevos en esta funci\u00f3n. F\u00e9lix Merino<\/span> seguir\u00e1 monitorizando en segundo plano.\u00a0El equipo de coordinaci\u00f3n estar\u00e1 formado por estas cinco personas.\u00a0<\/p>\n<p style=\"text-align: justify;\"><strong>Redes sociales. <\/strong>Se valor\u00f3 muy positivamente el empuje que Shadia Nasser ha dado a nuestra presencia en ellas: X, Telegram, LinkedIn, Instagram. Su labor se intentar\u00e1 extender a Facebook.<\/p>\n<p style=\"text-align: justify;\"><strong>Inteligencia artificial.\u00a0<\/strong>Se aprob\u00f3 experimentar con un chatbot basado en ChatGPT que\u00a0 responder\u00e1 teniendo en cuenta con mayor intensidad el contenido de notariosyregistradores.com.<\/p>\n<p style=\"text-align: justify;\"><strong>Estatuto del Equipo de Redacci\u00f3n.<\/strong> Se modificados los apartados relativos al acceso de nuevos miembros, excedencia y jubilaci\u00f3n.<\/p>\n<p style=\"text-align: justify;\"><strong>Qui\u00e9nes somos.<\/strong> En la columna derecha de la portada habr\u00e1 un enlace desde el que los usuarios de la web puedan conocer que personas elaboran su contenido.\u00a0<\/p>\n<p style=\"text-align: justify;\"><strong>Verificaci\u00f3n de CSV. <\/strong>Se crear\u00e1 una p\u00e1gina con enlaces a diversos destinos donde verificar un c\u00f3digo seguro de verificaci\u00f3n (CSV).<\/p>\n<h2 style=\"text-align: justify;\"><span style=\"color: #0000ff;\">REVISTA DE DERECHO CIVIL<\/span><\/h2>\n<p style=\"text-align: justify;\">Estuvieron presentes, aparte del equipo de redacci\u00f3n de NyR:<\/p>\n<ul style=\"text-align: justify;\">\n<li>Jos\u00e9 Antonio Escart\u00edn Ipi\u00e9ns, Notario y presidente de la Revista<\/li>\n<li>\u00c1lvaro N\u00fa\u00f1ez Iglesias, catedr\u00e1tico de derecho civil de la Universidad de Almer\u00eda y director ejecutivo de la Revista<\/li>\n<li>Pedro Antonio Munar Bernat, catedr\u00e1tico de derecho civil de la Universidad de las Illes Balears y secretario de la RDC<\/li>\n<\/ul>\n<p style=\"text-align: justify;\">La Revista ya ha alcanzado los 50 ejemplares publicados, todos electr\u00f3nicos y gratuitos, manteniendo un alto nivel seg\u00fan diversos organismos de valoraci\u00f3n, habiendo publicado trabajos procedentes de todas las universidades espa\u00f1olas, diversas extranjeras, notarios, registradores y otros profesionales del derecho.<\/p>\n<p style=\"text-align: justify;\"><strong>Modernizaci\u00f3n de la web<\/strong>. Se present\u00f3 una maqueta con la nueva imagen, m\u00e1s moderna, de la web donde se pueden leer \u00edntegros todos los n\u00fameros de la revista: <a href=\"https:\/\/www.nreg.es\/ojs\/index.php\/RDC\" target=\"_blank\" rel=\"noopener\">https:\/\/www.nreg.es\/ojs\/index.php\/RDC<\/a>. Se intentar\u00e1 culminar la adaptaci\u00f3n antes de concluir el presente a\u00f1o.<\/p>\n<p style=\"text-align: justify;\">Publicaci\u00f3n de un<strong> ejemplar especial monogr\u00e1fico<\/strong> en 2026 en colaboraci\u00f3n con la Universidad de Comillas y el Colegio Notarial de Madrid, dedicado a la funci\u00f3n del servicio notarial en la integraci\u00f3n socio-jur\u00eddica de las personas con discapacidad.<\/p>\n<h2 style=\"text-align: justify;\"><span style=\"color: #0000ff;\"><strong>HOMENAJE A DON ISIDORO LORA TAMAYO<\/strong><\/span><\/h2>\n<p style=\"text-align: justify;\">Como colof\u00f3n de los actos, en la cena de clausura se rindi\u00f3 un muy merecido homenaje a <strong>don Isidoro Lora Tamayo<\/strong> con ocasi\u00f3n de la entrega del Premio Notarios y Registradores 2025.<\/p>\n<p style=\"text-align: justify;\">Asistieron sesenta personas de las que formaron parte una importante representaci\u00f3n de su extensa familia, los anteriores premiados Ignacio Sol\u00eds y Carmen de Grado, as\u00ed como los miembros del equipo de redacci\u00f3n de NyR, los catedr\u00e1ticos representantes de la Revista de Derecho Civil y el notario Alfonso Madridejos.<\/p>\n<p style=\"text-align: justify;\">La presidenta del Comit\u00e9 del Premio, Inmaculada Espi\u00f1eira, hizo un semblante del galardonado ensalzando sus cualidades humanas y profesionales, y su servicio a la corporaci\u00f3n notarial como representante en Hispanoam\u00e9rica, a los opositores y a las personas con discapacidad.<\/p>\n<p style=\"text-align: justify;\">Tras la entrega del bajorrelieve que representa el Premio, Isidoro pronunci\u00f3 su discurso, del que se trasluc\u00eda su bonhom\u00eda y humildad, que emocion\u00f3 a los presentes dando pinceladas de su quehacer durante su dilatada vida profesional.<\/p>\n<p style=\"text-align: justify;\">Las intervenciones se grabaron en v\u00eddeo, que se encuentra actualmente en elaboraci\u00f3n. Cuando est\u00e9 disponible podr\u00e1 verse desde esta web y a trav\u00e9s de nuestro canal de Youtube.<\/p>\n<p style=\"text-align: justify;\">Tambi\u00e9n se publicar\u00e1 un reportaje fotogr\u00e1fico.<\/p>\n<h2><span style=\"color: #0000ff;\">ENLACES<\/span><\/h2>\n<p style=\"text-align: center;\"><span style=\"font-size: 14pt;\"><strong><a href=\"https:\/\/www.notariosyregistradores.com\/web\/esta-web\/premio-notarios-y-registradores\/isidoro-lora-tamayo-2025\/\">ISIDORO LORA TAMAYO, PREMIO NOTARIOS Y REGISTRADORES 2025<\/a><\/strong><\/span><\/p>\n<p style=\"text-align: center;\"><a href=\"http:\/\/www.notariosyregistradores.com\/web\/category\/esta-web\/convenciones\/\"><strong><span style=\"font-size: 14pt;\">CONVENCIONES NYR<\/span><\/strong><\/a><\/p>\n<p style=\"text-align: center;\"><a href=\"https:\/\/www.nreg.es\/ojs\/index.php\/RDC\" target=\"_blank\" rel=\"noopener\"><span style=\"font-size: 14pt;\"><strong>REVISTA DE DERECHO CIVIL<\/strong><\/span><\/a><\/p>\n<p style=\"text-align: center;\"><span style=\"font-size: 14pt;\"><strong><a href=\"https:\/\/dialnet.unirioja.es\/servlet\/revista?codigo=21484\" target=\"_blank\" rel=\"nofollow noopener noreferrer\">LA REVISTA DE DERECHO CIVIL EN EL \u00cdNDICE DIALNET M\u00c9TRICAS<\/a><\/strong><\/span><\/p>\n<p style=\"text-align: center;\"><strong><span style=\"font-size: 14pt;\"><a href=\"https:\/\/www.notariosyregistradores.com\/web\/esta-web\/premio-notarios-y-registradores\/reglamento-del-premio-joaquin-zejalbo\/\">REGLAMENTO DEL PREMIO JOAQU\u00cdN ZEJALBO<\/a><\/span><\/strong><\/p>\n<p style=\"text-align: center;\"><span style=\"font-size: 14pt;\"><strong><a href=\"https:\/\/www.youtube.com\/channel\/UCjxg6TF7RblyUxf8S16iluA\">NUESTRO CANAL EN YOUTUBE<\/a><\/strong><\/span><\/p>\n<p style=\"text-align: center;\"><a href=\"https:\/\/www.notariosyregistradores.com\/web\/category\/participa\/noticias\/\"><strong><span style=\"font-size: 14pt;\">OTRAS NOTICIAS<\/span><\/strong><\/a><\/p>\n<p style=\"text-align: center;\"><a href=\"https:\/\/www.notariosyregistradores.com\/web\/\"><strong><span style=\"font-size: 14pt;\">PORTADA DE LA WEB<\/span><\/strong><\/a><\/p>\n<div id=\"attachment_131666\" style=\"width: 1291px\" class=\"wp-caption aligncenter\"><a href=\"https:\/\/www.notariosyregistradores.com\/web\/participa\/noticias\/resumen-xvii-convencion-de-la-web\/attachment\/2025-equipo-de-redaccion\/\"><img loading=\"lazy\" decoding=\"async\" aria-describedby=\"caption-attachment-131666\" class=\"size-full wp-image-131666\" src=\"https:\/\/www.notariosyregistradores.com\/web\/wp-content\/uploads\/2025\/10\/2025-equipo-de-redaccion.jpg\" alt=\"\" width=\"1281\" height=\"718\" srcset=\"https:\/\/www.notariosyregistradores.com\/web\/wp-content\/uploads\/2025\/10\/2025-equipo-de-redaccion.jpg 1281w, https:\/\/www.notariosyregistradores.com\/web\/wp-content\/uploads\/2025\/10\/2025-equipo-de-redaccion-300x168.jpg 300w, https:\/\/www.notariosyregistradores.com\/web\/wp-content\/uploads\/2025\/10\/2025-equipo-de-redaccion-1024x574.jpg 1024w, https:\/\/www.notariosyregistradores.com\/web\/wp-content\/uploads\/2025\/10\/2025-equipo-de-redaccion-768x430.jpg 768w, https:\/\/www.notariosyregistradores.com\/web\/wp-content\/uploads\/2025\/10\/2025-equipo-de-redaccion-500x280.jpg 500w\" sizes=\"auto, (max-width: 1281px) 100vw, 1281px\" \/><\/a><p id=\"caption-attachment-131666\" class=\"wp-caption-text\">Parte del equipo de redacci\u00f3n de NyR en 2025.<\/p><\/div>\n<p>&nbsp;<\/p>\n","protected":false},"excerpt":{"rendered":"<p>RESUMEN DE LA XVII CONVENCI\u00d3N DE ESTA WEB Y DE LA ENTREGA DEL PREMIO NOTARIOS Y REGISTRADORES 2025 A DON ISIDORO LORA TAMAYO &nbsp; El pasado s\u00e1bado 25 de octubre se celebr\u00f3, en el Hotel Eurostars Madrid Tower,\u00a0 situado en la Torre PWC de Madrid, la XVII Convenci\u00f3n Anual de esta web, que tuvo tres [&hellip;]<\/p>\n","protected":false},"author":10,"featured_media":131662,"comment_status":"open","ping_status":"closed","sticky":false,"template":"","format":"standard","meta":{"_bbp_topic_count":0,"_bbp_reply_count":0,"_bbp_total_topic_count":0,"_bbp_total_reply_count":0,"_bbp_voice_count":0,"_bbp_anonymous_reply_count":0,"_bbp_topic_count_hidden":0,"_bbp_reply_count_hidden":0,"_bbp_forum_subforum_count":0,"footnotes":""},"categories":[5443,213],"tags":[],"class_list":{"0":"post-131656","1":"post","2":"type-post","3":"status-publish","4":"format-standard","5":"has-post-thumbnail","7":"category-convenciones","8":"category-noticias"},"_links":{"self":[{"href":"https:\/\/www.notariosyregistradores.com\/web\/wp-json\/wp\/v2\/posts\/131656","targetHints":{"allow":["GET"]}}],"collection":[{"href":"https:\/\/www.notariosyregistradores.com\/web\/wp-json\/wp\/v2\/posts"}],"about":[{"href":"https:\/\/www.notariosyregistradores.com\/web\/wp-json\/wp\/v2\/types\/post"}],"author":[{"embeddable":true,"href":"https:\/\/www.notariosyregistradores.com\/web\/wp-json\/wp\/v2\/users\/10"}],"replies":[{"embeddable":true,"href":"https:\/\/www.notariosyregistradores.com\/web\/wp-json\/wp\/v2\/comments?post=131656"}],"version-history":[{"count":10,"href":"https:\/\/www.notariosyregistradores.com\/web\/wp-json\/wp\/v2\/posts\/131656\/revisions"}],"predecessor-version":[{"id":131695,"href":"https:\/\/www.notariosyregistradores.com\/web\/wp-json\/wp\/v2\/posts\/131656\/revisions\/131695"}],"wp:featuredmedia":[{"embeddable":true,"href":"https:\/\/www.notariosyregistradores.com\/web\/wp-json\/wp\/v2\/media\/131662"}],"wp:attachment":[{"href":"https:\/\/www.notariosyregistradores.com\/web\/wp-json\/wp\/v2\/media?parent=131656"}],"wp:term":[{"taxonomy":"category","embeddable":true,"href":"https:\/\/www.notariosyregistradores.com\/web\/wp-json\/wp\/v2\/categories?post=131656"},{"taxonomy":"post_tag","embeddable":true,"href":"https:\/\/www.notariosyregistradores.com\/web\/wp-json\/wp\/v2\/tags?post=131656"}],"curies":[{"name":"wp","href":"https:\/\/api.w.org\/{rel}","templated":true}]}}