{"id":131683,"date":"2025-10-28T18:36:25","date_gmt":"2025-10-28T17:36:25","guid":{"rendered":"https:\/\/www.notariosyregistradores.com\/web\/?p=131683"},"modified":"2025-10-29T19:40:40","modified_gmt":"2025-10-29T18:40:40","slug":"reglamento-del-premio-joaquin-zejalbo","status":"publish","type":"post","link":"https:\/\/www.notariosyregistradores.com\/web\/esta-web\/premio-notarios-y-registradores\/reglamento-del-premio-joaquin-zejalbo\/","title":{"rendered":"Reglamento del Premio Joaqu\u00edn Zejalbo a un trabajo doctrinal"},"content":{"rendered":"<h1 style=\"text-align: center;\"><span style=\"color: #0000ff;\">REGLAMENTO DEL PREMIO JOAQU\u00cdN ZEJALBO\u00a0<\/span><\/h1>\n<p>&nbsp;<\/p>\n<p style=\"text-align: justify;\"><strong>Incluye la reforma aprobada en 2025, durante la XV Convenci\u00f3n de esta web<\/strong><\/p>\n<p>&nbsp;<\/p>\n<p style=\"text-align: justify;\"><strong>Denominaci\u00f3n: \u201cPremio Joaqu\u00edn Zejalbo\u201d<\/strong><\/p>\n<p style=\"text-align: justify;\"><strong>Convocatoria:<\/strong>\u00a0Se realizar\u00e1 a trav\u00e9s de la web organizadora\u00a0<a href=\"https:\/\/www.notariosyregistradores.com\/\">notariosyregistradores.com<\/a>, pudiendo hacerse eco de ella en redes sociales.<\/p>\n<p style=\"text-align: justify;\"><strong>Contenido:\u00a0<\/strong>Trabajos de contenido jur\u00eddico de derecho privado o relacionado con materias propias de las diversas secciones de notariosyregistradores.com, que se aporten para su publicaci\u00f3n en esta p\u00e1gina web. Habr\u00e1n de ser originales e in\u00e9ditos. Se valorar\u00e1 la inclusi\u00f3n de sumario, introducci\u00f3n, bibliograf\u00eda y, especialmente de conclusiones.<\/p>\n<p style=\"text-align: justify;\"><strong>Autores.<\/strong>\u00a0Los autores deber\u00e1n tener el t\u00edtulo de doctor, licenciado o graduado por una Universidad espa\u00f1ola o de otro pa\u00eds, tanto en Derecho como en otra profesi\u00f3n relacionada con el contenido del trabajo que presenten. Se identificar\u00e1n mediante nombre y apellidos y se deber\u00e1 a\u00f1adir un medio de contacto (o bien correo electr\u00f3nico, o bien tel\u00e9fono). De tratarse de un trabajo colectivo, los requisitos exigidos a los concursantes deber\u00e1n concurrir en todos los autores, identificando, en su caso, al autor responsable. La indicaci\u00f3n de la profesi\u00f3n del autor del trabajo al final del mismo ser\u00e1 suficiente a los efectos de acreditar su t\u00edtulo acad\u00e9mico.<\/p>\n<p style=\"text-align: justify;\"><strong>Exclusiones.<\/strong>\u00a0La aportaci\u00f3n de un trabajo para su publicaci\u00f3n en la web implicar\u00e1 la participaci\u00f3n en el Premio, para la siguiente edici\u00f3n, aunque se haya presentado antes de la convocatoria, salvo que expresamente lo excluya el que lo env\u00eda. No podr\u00e1n participar los miembros del equipo de redacci\u00f3n de la web.<\/p>\n<p style=\"text-align: justify;\"><strong>Plazo final de recepci\u00f3n de originales:\u00a0<\/strong>Lo determinar\u00e1 el Presidente del Comit\u00e9 en la convocatoria, con una duraci\u00f3n m\u00e1xima de seis meses.<\/p>\n<p style=\"text-align: justify;\"><strong>Extensi\u00f3n:<\/strong>\u00a0Los trabajos deber\u00e1n contar con una extensi\u00f3n que oscile entre las 4.000 y las 30.000 palabras. En el c\u00f3mputo no se tendr\u00e1n en cuenta, de estar presentes, las notas a pie de p\u00e1gina ni la bibliograf\u00eda.<\/p>\n<p style=\"text-align: justify;\"><strong>Contenido del Premio:<\/strong>\u00a0La persona ganadora obtendr\u00e1 un diploma de la web acreditativo. Ser\u00e1 objeto de nuevo titular en la portada de la web y se dar\u00e1 a conocer en redes sociales. Mantendr\u00e1 temporalmente un enlace en una columna de la portada de la web.<\/p>\n<p style=\"text-align: justify;\"><strong>Comit\u00e9 del Premio:\u00a0<\/strong>Est\u00e1 formado por cuatro miembros, que son actualmente las siguientes personas: Presidente: Jos\u00e9 Antonio Riera \u00c1lvarez. Vicepresidente: Jos\u00e9 \u00c1ngel Garc\u00eda-Valdecasas Butr\u00f3n. Vocales: Inmaculada Espi\u00f1eira Soto y Jos\u00e9 F\u00e9lix Merino Escart\u00edn. Podr\u00e1n incorporarse temporalmente para la evaluaci\u00f3n aquellos otros miembros del equipo de redacci\u00f3n que lo soliciten expresamente. La decisi\u00f3n del Comit\u00e9 ser\u00e1 inapelable.<\/p>\n<p style=\"text-align: justify;\"><strong>Ofrecimiento:\u00a0<\/strong>El Presidente del Comit\u00e9 comunicar\u00e1 la concesi\u00f3n al autor para su aceptaci\u00f3n si lo estima oportuno. S\u00f3lo entonces se dar\u00e1 a conocer.<\/p>\n<h2><span style=\"color: #0000ff;\">ENLACES:<\/span><\/h2>\n<ul>\n<li style=\"text-align: justify;\"><a href=\"https:\/\/www.notariosyregistradores.com\/web\/participa\/noticias\/maria-luisa-garcia-de-blas-valentin-fernandez-ganadora-del-premio-joaquin-zejalbo-edicion-2024\/\" rel=\"bookmark\"><strong><span style=\"font-size: 12pt;\">Mar\u00eda Luisa Garc\u00eda de Blas Valent\u00edn-Fdez, ganadora del Premio Joaqu\u00edn Zejalbo,\u00a0 II Edici\u00f3n (2024)<\/span><\/strong><\/a><\/li>\n<li style=\"text-align: justify;\"><strong><span style=\"font-size: 12pt;\"><a href=\"https:\/\/www.notariosyregistradores.com\/web\/participa\/noticias\/el-negocio-incompleto-de-carlos-perez-ramos-vencedor-del-i-premio-joaquin-zejalbo\/\">Carlos P\u00e9rez Ramos, ganador del Premio Joaqu\u00edn Zejalbo en su I Edici\u00f3n (2023)<\/a><\/span><\/strong><\/li>\n<\/ul>\n<p style=\"text-align: center;\"><strong><span style=\"font-size: 14pt;\"><a href=\"https:\/\/www.notariosyregistradores.com\/web\/category\/esta-web\/premio-notarios-y-registradores\/\">IR A LA P\u00c1GINA DEL PREMIO NOTARIOS Y REGISTRADORES<\/a><\/span><\/strong><\/p>\n<p style=\"text-align: center;\"><strong><span style=\"font-size: 14pt;\"><a href=\"https:\/\/www.notariosyregistradores.com\/web\/category\/esta-web\/\">SECCI\u00d3N ESTA WEB<\/a><\/span><\/strong><\/p>\n<p style=\"text-align: center;\"><strong><span style=\"font-size: 14pt;\"><a href=\"https:\/\/www.notariosyregistradores.com\/web\/\">PORTADA DE LA WEB<\/a><\/span><\/strong><\/p>\n","protected":false},"excerpt":{"rendered":"<p>REGLAMENTO DEL PREMIO JOAQU\u00cdN ZEJALBO\u00a0 &nbsp; Incluye la reforma aprobada en 2025, durante la XV Convenci\u00f3n de esta web &nbsp; Denominaci\u00f3n: \u201cPremio Joaqu\u00edn Zejalbo\u201d Convocatoria:\u00a0Se realizar\u00e1 a trav\u00e9s de la web organizadora\u00a0notariosyregistradores.com, pudiendo hacerse eco de ella en redes sociales. Contenido:\u00a0Trabajos de contenido jur\u00eddico de derecho privado o relacionado con materias propias de las diversas [&hellip;]<\/p>\n","protected":false},"author":10,"featured_media":46077,"comment_status":"open","ping_status":"closed","sticky":false,"template":"","format":"standard","meta":{"_bbp_topic_count":0,"_bbp_reply_count":0,"_bbp_total_topic_count":0,"_bbp_total_reply_count":0,"_bbp_voice_count":0,"_bbp_anonymous_reply_count":0,"_bbp_topic_count_hidden":0,"_bbp_reply_count_hidden":0,"_bbp_forum_subforum_count":0,"footnotes":""},"categories":[232],"tags":[5475,854,7650,19958,19067,21009],"class_list":{"0":"post-131683","1":"post","2":"type-post","3":"status-publish","4":"format-standard","5":"has-post-thumbnail","7":"category-premio-notarios-y-registradores","8":"tag-carlos-perez-ramos","9":"tag-joaquin-zejalbo","10":"tag-joaquin-zejalbo-martin","11":"tag-maria-luisa-garcia-de-blas-valentin-fernandez","12":"tag-premio-joaquin-zejalbo","13":"tag-reglamento-premio-joaquin-zejalbo"},"_links":{"self":[{"href":"https:\/\/www.notariosyregistradores.com\/web\/wp-json\/wp\/v2\/posts\/131683","targetHints":{"allow":["GET"]}}],"collection":[{"href":"https:\/\/www.notariosyregistradores.com\/web\/wp-json\/wp\/v2\/posts"}],"about":[{"href":"https:\/\/www.notariosyregistradores.com\/web\/wp-json\/wp\/v2\/types\/post"}],"author":[{"embeddable":true,"href":"https:\/\/www.notariosyregistradores.com\/web\/wp-json\/wp\/v2\/users\/10"}],"replies":[{"embeddable":true,"href":"https:\/\/www.notariosyregistradores.com\/web\/wp-json\/wp\/v2\/comments?post=131683"}],"version-history":[{"count":8,"href":"https:\/\/www.notariosyregistradores.com\/web\/wp-json\/wp\/v2\/posts\/131683\/revisions"}],"predecessor-version":[{"id":131724,"href":"https:\/\/www.notariosyregistradores.com\/web\/wp-json\/wp\/v2\/posts\/131683\/revisions\/131724"}],"wp:featuredmedia":[{"embeddable":true,"href":"https:\/\/www.notariosyregistradores.com\/web\/wp-json\/wp\/v2\/media\/46077"}],"wp:attachment":[{"href":"https:\/\/www.notariosyregistradores.com\/web\/wp-json\/wp\/v2\/media?parent=131683"}],"wp:term":[{"taxonomy":"category","embeddable":true,"href":"https:\/\/www.notariosyregistradores.com\/web\/wp-json\/wp\/v2\/categories?post=131683"},{"taxonomy":"post_tag","embeddable":true,"href":"https:\/\/www.notariosyregistradores.com\/web\/wp-json\/wp\/v2\/tags?post=131683"}],"curies":[{"name":"wp","href":"https:\/\/api.w.org\/{rel}","templated":true}]}}