{"id":131739,"date":"2025-10-30T18:22:24","date_gmt":"2025-10-30T17:22:24","guid":{"rendered":"https:\/\/www.notariosyregistradores.com\/web\/?p=131739"},"modified":"2025-11-27T22:06:16","modified_gmt":"2025-11-27T21:06:16","slug":"calendario-laboral-2026","status":"publish","type":"post","link":"https:\/\/www.notariosyregistradores.com\/web\/participa\/noticias\/calendario-laboral-2026\/","title":{"rendered":"Calendario Laboral 2026"},"content":{"rendered":"<p>&nbsp;<\/p>\n<h1 style=\"text-align: center;\"><span style=\"font-size: 24pt; color: #0000ff;\">CALENDARIO LABORAL 2026<\/span><\/h1>\n<p style=\"text-align: justify;\"><strong>\u00a0<\/strong><\/p>\n<p style=\"text-align: justify;\"><a href=\"https:\/\/www.boe.es\/diario_boe\/txt.php?id=BOE-A-2025-21667\" target=\"_blank\" rel=\"nofollow noopener noreferrer\"><span style=\"font-size: 12pt;\">Resoluci\u00f3n de 17 de octubre de 2025, de la Direcci\u00f3n General de Trabajo, por la que se publica la relaci\u00f3n de fiestas laborales para el a\u00f1o 2026.<\/span><\/a><\/p>\n<div class=\"enlacesDoc\">\n<p>&nbsp;<\/p>\n<\/div>\n<p style=\"text-align: justify;\"><span style=\"color: #000000;\">En el pr\u00f3ximo a\u00f1o habr\u00e1 <strong>doce fiestas laborales por Comunidad Aut\u00f3noma<\/strong>.<\/span><\/p>\n<ul>\n<li style=\"text-align: justify;\"><span style=\"color: #000000;\">De ellas, <strong>siete\u00a0<\/strong>son fiestas nacionales retribuidas y no sustituibles (una menos que en 2025).\u00a0<\/span><\/li>\n<li style=\"text-align: justify;\"><span style=\"color: #000000;\">Otras <strong>cinco<\/strong>, o bien son fiestas nacionales sustituibles, o bien la sustituci\u00f3n de \u00e9stas o la fiesta de la propia Comunidad Aut\u00f3noma.<\/span><\/li>\n<\/ul>\n<p style=\"text-align: justify;\"><span style=\"color: #000000;\">Aparte, se encuentran <strong>dos fiestas locales<\/strong> que no aparecen en el cuadro y que se publicar\u00e1n en el \u00abBolet\u00edn Oficial de la Comunidad Aut\u00f3noma\u00bb o, en su caso, en el \u00abBolet\u00edn Oficial\u00bb de la provincia correspondiente.<\/span><\/p>\n<p style=\"text-align: justify;\"><span style=\"color: #000000;\"><span style=\"font-size: 12pt;\"><strong>E<\/strong><\/span><span style=\"font-size: 12pt;\"><strong>nero:<\/strong><\/span><\/span><\/p>\n<ul>\n<li style=\"text-align: justify;\"><span style=\"color: #000000;\">el jueves 1 de enero, Fiesta nacional no sustituible.<\/span><\/li>\n<li style=\"text-align: justify;\"><span style=\"color: #000000;\">el martes 6 de enero, Epifan\u00eda del Se\u00f1or: festivo en todas las CCAA, pues no se ha ejercitado la sustituci\u00f3n en ninguna.<\/span><\/li>\n<\/ul>\n<p style=\"text-align: justify;\"><span style=\"font-size: 12pt;\"><strong>Febrero:<\/strong><\/span><\/p>\n<ul>\n<li>el lunes 2 de febrero, en Tenerife, Nuestra Se\u00f1ora de la Candelaria<\/li>\n<li><span style=\"color: #000000;\">el s\u00e1bado 28 de febrero, D\u00eda de Andaluc\u00eda<\/span><\/li>\n<\/ul>\n<p style=\"text-align: justify;\"><span style=\"font-size: 12pt; color: #000000;\"><strong>Marzo:<\/strong><\/span><\/p>\n<ul>\n<li><span style=\"color: #000000;\">el lunes 2, es el siguiente al D\u00eda de les Illes Balears.\u00a0<\/span><\/li>\n<li style=\"text-align: justify;\"><span style=\"color: #000000;\">el jueves 19 de marzo, San Jos\u00e9: Galicia, Murcia, Navarra, Pa\u00eds Vasco y Valencia.\u00a0<\/span><\/li>\n<li><span style=\"color: #000000;\">el viernes 20: Fiesta del Eid Fitr, en Melilla.<\/span><\/li>\n<\/ul>\n<p style=\"text-align: justify;\"><span style=\"font-size: 12pt;\"><strong>Abril:<\/strong><\/span><\/p>\n<ul>\n<li style=\"text-align: justify;\">el 2 de abril (Jueves Santo), todas las CCAA con la excepci\u00f3n de Catalu\u00f1a y Valencia.<\/li>\n<li style=\"text-align: justify;\">el 3 de abril (Viernes Santo, nacional no sustituible)<\/li>\n<li style=\"text-align: justify;\">el Lunes de Pascua (6 de abril) ser\u00e1 festivo en Baleares, Castilla-La Mancha, Catalu\u00f1a, Navarra, Pa\u00eds Vasco, La Rioja y Valencia.\u00a0<\/li>\n<li style=\"text-align: justify;\">el jueves 23 de abril, san Jorge, D\u00eda de Arag\u00f3n y D\u00eda de Castilla y Le\u00f3n.<\/li>\n<\/ul>\n<p style=\"text-align: justify;\"><span style=\"font-size: 12pt;\"><strong>Mayo:<\/strong><\/span><\/p>\n<ul>\n<li style=\"text-align: justify;\">el viernes 1 de mayo, Fiesta del Trabajo, ser\u00e1 festivo nacional no sustituible.<\/li>\n<li style=\"text-align: justify;\">el s\u00e1bado 2 de mayo es la Fiesta de la Comunidad de Madrid<\/li>\n<li>el mi\u00e9rcoles 27 de mayo, Fiesta del Sacrificio en Ceuta y en Melilla<\/li>\n<li>el s\u00e1bado 30 de mayo es el D\u00eda de Canarias\u00a0<\/li>\n<\/ul>\n<p style=\"text-align: justify;\"><span style=\"font-size: 12pt;\"><strong>Junio:<\/strong><\/span><\/p>\n<ul>\n<li>el jueves 4 de junio se celebra el Corpus Christi en Castilla-La Mancha<\/li>\n<li>el martes 9 de junio, D\u00eda de La Rioja.<\/li>\n<li>el martes 9 de junio, D\u00eda de la Regi\u00f3n de Murcia.<\/li>\n<li>el mi\u00e9rcoles 17 de junio es la Fiesta de \u00c1r\u00e1n (territorio de Catalu\u00f1a)<\/li>\n<li>el mi\u00e9rcoles 24 de junio, San Juan, es festivo en Catalu\u00f1a, Galicia y Valencia.<\/li>\n<\/ul>\n<p style=\"text-align: justify;\"><span style=\"font-size: 12pt;\"><strong>Julio:<\/strong><\/span><\/p>\n<ul>\n<li>el 25 de julio, s\u00e1bado, Santiago Ap\u00f3stol, festivo en Galicia y Pa\u00eds Vasco.<\/li>\n<li>el 28 de julio, martes, es el D\u00eda de las Instituciones de Cantabria.<\/li>\n<\/ul>\n<p style=\"text-align: justify;\"><span style=\"font-size: 12pt;\"><strong>Agosto:<\/strong><\/span><\/p>\n<ul>\n<li>el mi\u00e9rcoles 5 de agosto, festividad de Nuestra Se\u00f1ora de \u00c1frica en Ceuta<\/li>\n<li>el mi\u00e9rcoles 5 de agosto es tambi\u00e9n la festividad de Nuestra Se\u00f1ora de Las Nieves en La Palma<\/li>\n<li style=\"text-align: justify;\">el s\u00e1bado 15 de agosto, Asunci\u00f3n de la Virgen (nacional no sustituible)<\/li>\n<\/ul>\n<p style=\"text-align: justify;\"><span style=\"font-size: 12pt;\"><strong>Septiembre:<\/strong><\/span><\/p>\n<ul>\n<li>el mi\u00e9rcoles 2 de septiembre, d\u00eda de Ceuta<\/li>\n<li style=\"text-align: justify;\">el martes 8 de septiembre, es el D\u00eda de Asturias<\/li>\n<li>el martes 8 de septiembre, tambi\u00e9n es el D\u00eda de Extremadura<\/li>\n<li style=\"text-align: justify;\">el martes 8 de septiembre se celebra la festividad de Nuestra Se\u00f1ora del Pino en Gran Canaria<\/li>\n<li style=\"text-align: justify;\">el viernes 11 de septiembre, Fiesta Nacional de Catalu\u00f1a<\/li>\n<li>el martes 15 de septiembre, la Bien Aparecida, de Cantabria.<\/li>\n<li style=\"text-align: justify;\">el martes 15 de septiembre, festividad de Nuestra Se\u00f1ora de los Volcanes en Lanzarote y La Graciosa<\/li>\n<li style=\"text-align: justify;\">el viernes 18 de septiembre, Nuestra Se\u00f1ora de la Pe\u00f1a en Fuerteventura<\/li>\n<li>el jueves 24 de septiembre, festividad de Nuestra Se\u00f1ora de los Reyes en El Hierro<\/li>\n<\/ul>\n<p style=\"text-align: justify;\"><span style=\"font-size: 12pt; color: #000000;\"><strong>Octubre:<\/strong><\/span><\/p>\n<ul>\n<li>el lunes 5 de octubre, festividad de Nuestra Se\u00f1ora de Guadalupe en La Gomera<\/li>\n<li><span style=\"color: #000000;\">el viernes 9 de octubre, D\u00eda de la Comunidad Valenciana<\/span><\/li>\n<li><span style=\"color: #000000;\">el lunes 12 de octubre, Fiesta Nacional de Espa\u00f1a (nacional no sustituible)<\/span><\/li>\n<\/ul>\n<p style=\"text-align: justify;\"><span style=\"font-size: 12pt; color: #000000;\"><strong>Noviembre:<\/strong><\/span><\/p>\n<ul>\n<li style=\"text-align: justify;\"><span style=\"color: #000000;\">el lunes 2 de noviembre, d\u00eda siguiente a Todos los Santos: Andaluc\u00eda, Arag\u00f3n, Asturias, Cantabria, Castilla-La Mancha, Castilla y Le\u00f3n, Extremadura, Madrid y Navarra<\/span><\/li>\n<\/ul>\n<p style=\"text-align: justify;\"><span style=\"font-size: 12pt; color: #000000;\"><strong>Diciembre:<\/strong><\/span><\/p>\n<ul>\n<li style=\"text-align: justify;\"><span style=\"color: #000000;\">el lunes 7 de diciembre, d\u00eda siguiente al D\u00eda de la Constituci\u00f3n Espa\u00f1ola: Andaluc\u00eda, Arag\u00f3n, Asturias, Cantabria, Castilla y Le\u00f3n, Extremadura, Madrid, Murcia, La Rioja y Melilla\u00a0<\/span><\/li>\n<li style=\"text-align: justify;\"><span style=\"color: #000000;\">el martes 8 de diciembre, La Inmaculada Concepci\u00f3n (nacional no sustituible).<\/span><\/li>\n<li style=\"text-align: justify;\"><span style=\"color: #000000;\">el viernes 25 de diciembre, Natividad del Se\u00f1or (nacional no sustituible)<\/span><\/li>\n<li style=\"text-align: justify;\"><span style=\"color: #000000;\">el s\u00e1bado 26 de diciembre es San Esteban, que se celebra en las Illes Balears y en Catalu\u00f1a (salvo en el territorio de Ar\u00e1n)<\/span><\/li>\n<\/ul>\n<p>&nbsp;<\/p>\n<h2 style=\"text-align: left;\"><span style=\"color: #ff0000;\"><strong><span style=\"font-size: 14pt;\">ENLACES:<\/span><\/strong><\/span><\/h2>\n<ul>\n<li><a href=\"https:\/\/dogc.gencat.cat\/es\/document-del-dogc\/?documentId=1013204\" target=\"_blank\" rel=\"nofollow noopener noreferrer\"><span style=\"color: #ff0000;\"><strong><span style=\"font-size: 12pt;\">Catalu\u00f1a: Orden EMT\/66\/2025, de 30 de abril<\/span><\/strong><\/span><\/a><\/li>\n<li><a href=\"https:\/\/www.gobiernodecanarias.org\/boc\/2025\/088\/1659.html\" target=\"_blank\" rel=\"nofollow noopener noreferrer\"><span style=\"font-size: 12pt;\"><strong>Canarias: Decreto 61\/2025, de 28 de abril<\/strong><\/span><\/a><\/li>\n<\/ul>\n<p style=\"text-align: center;\"><span style=\"font-size: 18pt;\"><strong><span style=\"font-size: 14pt;\"><a href=\"https:\/\/www.boe.es\/boe\/dias\/2025\/10\/28\/pdfs\/BOE-A-2025-21667.pdf\" target=\"_blank\" rel=\"nofollow noopener noreferrer\">BOE CALENDARIO EN PDF<\/a>\u00a0<\/span><span style=\"font-size: 14pt;\"> \u00a0\u00a0<a href=\"https:\/\/www.boe.es\/diario_boe\/txt.php?id=BOE-A-2025-21667\" target=\"_blank\" rel=\"nofollow noopener noreferrer\">BOE EN OTROS FORMATOS<\/a><\/span><\/strong><\/span><\/p>\n<p style=\"text-align: center;\"><a href=\"https:\/\/www.notariosyregistradores.com\/web\/utilidades\/dias-habiles\/calendario-dias-inhabiles-2026\/\"><span style=\"font-size: 14pt;\"><strong>CALENDARIO D\u00cdAS INH\u00c1BILES 2026<\/strong><\/span><\/a><\/p>\n<p style=\"text-align: center;\"><a href=\"https:\/\/www.notariosyregistradores.com\/web\/utilidades\/calendario-laboral\/calendario-laboral-2025\/\"><strong><span style=\"font-size: 14pt;\">CALENDARIO LABORAL 2025<\/span><\/strong><\/a><\/p>\n<p style=\"text-align: center;\"><a href=\"https:\/\/sede.agenciatributaria.gob.es\/Sede\/calendario-contribuyente.html\"><strong><span style=\"font-size: 14pt;\">CALENDARIO DEL CONTRIBUYENTE (AEAT)<\/span><\/strong><\/a><\/p>\n<p style=\"text-align: center;\"><span style=\"font-size: 14pt;\"><strong><a href=\"https:\/\/www.notariosyregistradores.com\/web\/secciones\/fiscal\/modelos-tributarios-mas-usados\/\">MODELOS TRIBUTARIOS M\u00c1S USADOS<\/a><\/strong><\/span><\/p>\n<p style=\"text-align: center;\"><strong><span style=\"font-size: 14pt;\"><a href=\"https:\/\/www.notariosyregistradores.com\/web\/category\/utilidades\/\">UTILIDADES<\/a><\/span><\/strong><\/p>\n<p style=\"text-align: center;\"><strong><span style=\"font-size: 14pt;\"><a href=\"https:\/\/www.notariosyregistradores.com\/web\/category\/utilidades\/calendario-laboral\/\">CALENDARIOS LABORALES<\/a><\/span><\/strong><\/p>\n<p style=\"text-align: center;\"><span style=\"font-size: 14pt;\"><strong><a href=\"https:\/\/www.notariosyregistradores.com\/web\/utilidades\/herramientas-y-utilidades-en-internet\/\">HERRAMIENTAS<\/a><\/strong><\/span><\/p>\n<p><strong><span style=\"font-size: 14pt;\">RECURSOS EN ESTA WEB SOBRE: <a href=\"https:\/\/www.notariosyregistradores.com\/web\/category\/normas\/\">NORMAS<\/a> &#8211; <a href=\"https:\/\/www.notariosyregistradores.com\/web\/category\/resoluciones\/\">RESOLUCIONES<\/a><\/span><\/strong><\/p>\n<p><strong><span style=\"font-size: 14pt;\">OTROS RECURSOS<\/span><span style=\"font-size: 14pt;\">: <a href=\"https:\/\/www.notariosyregistradores.com\/web\/category\/secciones\/\">Secciones<\/a> &#8211; <a href=\"https:\/\/www.notariosyregistradores.com\/web\/category\/participa\/\">Participa<\/a> &#8211; <a href=\"https:\/\/www.notariosyregistradores.com\/web\/category\/cuadros\/\">Cuadros<\/a> &#8211; <a href=\"https:\/\/www.notariosyregistradores.com\/web\/category\/practica\/\">Pr\u00e1ctica<\/a> &#8211; <a href=\"https:\/\/www.notariosyregistradores.com\/web\/secciones\/oficina-notarial\/modelos-para-documentos-notariales\/\">Modelos<\/a> &#8211; <a href=\"https:\/\/www.notariosyregistradores.com\/web\/category\/utilidades\/\">Utilidades<\/a><\/span><\/strong><\/p>\n<p style=\"text-align: justify;\"><strong><span style=\"font-size: 14pt;\">WEB: <span style=\"font-family: 'comic sans ms', sans-serif;\"><a href=\"http:\/\/www.notariosyregistradores.com\/web\/category\/esta-web\/que-ofrece\/\" target=\"_top\" rel=\"noopener noreferrer\">Qu\u00e9 ofrecemos<\/a> &#8211;\u00a0<a href=\"http:\/\/www.notariosyregistradores.com\/web\/1198-2\/\">NyR, p\u00e1gina de inicio<\/a> &#8211;<\/span> <span style=\"font-family: 'comic sans ms', sans-serif;\"><a href=\"http:\/\/www.notariosyregistradores.com\/web\/esta-web\/ideario\/ideario-de-esta-web\/\" target=\"_top\" rel=\"noopener noreferrer\">Ideario Web<\/a><\/span><\/span><\/strong><\/p>\n<p style=\"text-align: center;\"><strong><span style=\"font-size: 14pt;\"><a href=\"http:\/\/www.notariosyregistradores.com\/\">PORTADA DE LA WEB<\/a><\/span><\/strong><\/p>\n<p><img loading=\"lazy\" decoding=\"async\" class=\"aligncenter size-full wp-image-131771\" src=\"https:\/\/www.notariosyregistradores.com\/web\/wp-content\/uploads\/2025\/10\/calendario-2026.jpg\" alt=\"\" width=\"603\" height=\"809\" srcset=\"https:\/\/www.notariosyregistradores.com\/web\/wp-content\/uploads\/2025\/10\/calendario-2026.jpg 603w, https:\/\/www.notariosyregistradores.com\/web\/wp-content\/uploads\/2025\/10\/calendario-2026-224x300.jpg 224w, https:\/\/www.notariosyregistradores.com\/web\/wp-content\/uploads\/2025\/10\/calendario-2026-500x671.jpg 500w\" sizes=\"auto, (max-width: 603px) 100vw, 603px\" \/><\/p>\n<p><script src=\"https:\/\/pagead2.googlesyndication.com\/pagead\/js\/adsbygoogle.js?client=ca-pub-1695125473100002\" async=\"\" crossorigin=\"anonymous\"><\/script><\/p>\n","protected":false},"excerpt":{"rendered":"<p>&nbsp; CALENDARIO LABORAL 2026 \u00a0 Resoluci\u00f3n de 17 de octubre de 2025, de la Direcci\u00f3n General de Trabajo, por la que se publica la relaci\u00f3n de fiestas laborales para el a\u00f1o 2026. &nbsp; En el pr\u00f3ximo a\u00f1o habr\u00e1 doce fiestas laborales por Comunidad Aut\u00f3noma. De ellas, siete\u00a0son fiestas nacionales retribuidas y no sustituibles (una menos [&hellip;]<\/p>\n","protected":false},"author":10,"featured_media":131770,"comment_status":"open","ping_status":"closed","sticky":false,"template":"","format":"standard","meta":{"_bbp_topic_count":0,"_bbp_reply_count":0,"_bbp_total_topic_count":0,"_bbp_total_reply_count":0,"_bbp_voice_count":0,"_bbp_anonymous_reply_count":0,"_bbp_topic_count_hidden":0,"_bbp_reply_count_hidden":0,"_bbp_forum_subforum_count":0,"footnotes":""},"categories":[226,213],"tags":[2014,2871,21013,21014],"class_list":{"0":"post-131739","1":"post","2":"type-post","3":"status-publish","4":"format-standard","5":"has-post-thumbnail","7":"category-calendario-laboral","8":"category-noticias","9":"tag-calendario","10":"tag-calendario-laboral","11":"tag-calendario-laboral-2026","12":"tag-dias-inhabiles-2026"},"_links":{"self":[{"href":"https:\/\/www.notariosyregistradores.com\/web\/wp-json\/wp\/v2\/posts\/131739","targetHints":{"allow":["GET"]}}],"collection":[{"href":"https:\/\/www.notariosyregistradores.com\/web\/wp-json\/wp\/v2\/posts"}],"about":[{"href":"https:\/\/www.notariosyregistradores.com\/web\/wp-json\/wp\/v2\/types\/post"}],"author":[{"embeddable":true,"href":"https:\/\/www.notariosyregistradores.com\/web\/wp-json\/wp\/v2\/users\/10"}],"replies":[{"embeddable":true,"href":"https:\/\/www.notariosyregistradores.com\/web\/wp-json\/wp\/v2\/comments?post=131739"}],"version-history":[{"count":10,"href":"https:\/\/www.notariosyregistradores.com\/web\/wp-json\/wp\/v2\/posts\/131739\/revisions"}],"predecessor-version":[{"id":132695,"href":"https:\/\/www.notariosyregistradores.com\/web\/wp-json\/wp\/v2\/posts\/131739\/revisions\/132695"}],"wp:featuredmedia":[{"embeddable":true,"href":"https:\/\/www.notariosyregistradores.com\/web\/wp-json\/wp\/v2\/media\/131770"}],"wp:attachment":[{"href":"https:\/\/www.notariosyregistradores.com\/web\/wp-json\/wp\/v2\/media?parent=131739"}],"wp:term":[{"taxonomy":"category","embeddable":true,"href":"https:\/\/www.notariosyregistradores.com\/web\/wp-json\/wp\/v2\/categories?post=131739"},{"taxonomy":"post_tag","embeddable":true,"href":"https:\/\/www.notariosyregistradores.com\/web\/wp-json\/wp\/v2\/tags?post=131739"}],"curies":[{"name":"wp","href":"https:\/\/api.w.org\/{rel}","templated":true}]}}