{"id":131787,"date":"2025-11-01T11:00:08","date_gmt":"2025-11-01T10:00:08","guid":{"rendered":"https:\/\/www.notariosyregistradores.com\/web\/?p=131787"},"modified":"2025-12-22T12:12:05","modified_gmt":"2025-12-22T11:12:05","slug":"informe-374-boe-noviembre-2025","status":"publish","type":"post","link":"https:\/\/www.notariosyregistradores.com\/web\/normas\/informes-mensuales\/informe-374-boe-noviembre-2025\/","title":{"rendered":"INFORME 374. BOE Noviembre 2025"},"content":{"rendered":"<p>&nbsp;<\/p>\n<p><span style=\"color: #0000ff;\"><strong><span style=\"font-size: 18pt;\">INFORME N\u00ba 374. <\/span><\/strong><\/span><span style=\"color: #0000ff;\"><strong><span style=\"font-size: 18pt;\">(BOE NOVIEMBRE de 2025)<\/span><\/strong><\/span><\/p>\n<h2 style=\"text-align: center;\"><span style=\"font-size: 18pt;\"><strong>Primera Parte: Secciones I y II.<\/strong><\/span><\/h2>\n<p style=\"text-align: justify;\">Revisado hasta el 29 de noviembre.<\/p>\n<p style=\"text-align: justify;\">\u00daltimo contenido a\u00f1adido:<\/p>\n<p style=\"text-align: justify;\">* <a href=\"#disposiciones\">Secci\u00f3n I y Tribunales: 29 de noviembre<\/a><\/p>\n<p>* <a href=\"#s2\">Secci\u00f3n II: 29 de noviembre<\/a><\/p>\n<p style=\"text-align: justify;\">* <a href=\"#resoluciones\">Secci\u00f3n III (Resoluciones): 6 de noviembre<\/a><\/p>\n<p style=\"text-align: center;\"><span style=\"font-size: 14pt;\"><strong><a href=\"http:\/\/www.notariosyregistradores.com\/web\/normas\/cuadro-de-informes-mensuales-generales-de-lo-publicado-en-el-boe\/\" target=\"_blank\" rel=\"noopener\">IR A LISTA DE INFORMES MENSUALES<\/a><\/strong><\/span><\/p>\n<p style=\"text-align: center;\"><a href=\"https:\/\/www.notariosyregistradores.com\/web\/resoluciones\/por-meses\/resoluciones-noviembre-2025-direccion-general-de-seguridad-juridica-y-fe-publica\/\"><span style=\"font-size: 14pt;\"><strong>IR A RESOLUCIONES DE NOVIEMBRE<\/strong><\/span><\/a><\/p>\n<h2 style=\"text-align: center;\"><a href=\"https:\/\/www.notariosyregistradores.com\/web\/normas\/informes-mensuales\/no-te-lo-pierdas-noviembre-2025\/\"><strong>IR A\u00a0<em>\u00a1NO TE LO PIERDAS!<\/em> DE NOVIEMBRE<\/strong><\/a><\/h2>\n<table style=\"width: 100%; height: 453px;\">\n<tbody>\n<tr style=\"height: 37px;\">\n<td style=\"height: 37px;\" width=\"624\"><span style=\"font-size: 14pt;\"><strong>Equipo de redacci\u00f3n:<\/strong><\/span><\/td>\n<\/tr>\n<tr style=\"height: 26px;\">\n<td style=\"height: 26px;\"><a style=\"color: #0f3647;\" href=\"https:\/\/www.notariosyregistradores.com\/web\/category\/esta-web\/autores\/#jcc\" target=\"_blank\" rel=\"noopener\"><span style=\"font-size: 10pt;\">* Juan Carlos Casas Rojo, registrador de la propiedad de C\u00e1diz n\u00ba 3, coordinador en noviembre<\/span><\/a><\/td>\n<\/tr>\n<tr style=\"height: 26px;\">\n<td style=\"height: 26px;\" width=\"624\"><a href=\"https:\/\/www.notariosyregistradores.com\/web\/category\/esta-web\/autores\/#acm\" target=\"_blank\" rel=\"noopener\"><span style=\"font-size: 10pt;\">* Albert Capell Mart\u00ednez, notario <span style=\"font-size: small;\">de Barcelona, coordinador en octubre<\/span><\/span><\/a><\/td>\n<\/tr>\n<tr style=\"height: 26px; text-align: justify;\">\n<td style=\"height: 26px;\" width=\"624\"><a style=\"color: #0f3647;\" href=\"https:\/\/www.notariosyregistradores.com\/web\/category\/esta-web\/autores\/#vej\" target=\"_blank\" rel=\"noopener\"><span style=\"font-size: 10pt;\">* V\u00edctor Esquirol Jim\u00e9nez, notario de El Masnou (Barcelona), coordinador en septiembre<\/span><\/a><\/td>\n<\/tr>\n<tr style=\"height: 26px;\">\n<td style=\"height: 26px;\" width=\"624\"><a href=\"https:\/\/www.notariosyregistradores.com\/web\/category\/esta-web\/autores\/#jfme\" target=\"_blank\" rel=\"noopener\"><span style=\"font-size: 10pt;\">* Jos\u00e9 F\u00e9lix Merino Escart\u00edn, registrador mercantil central, coordinador general.<\/span><\/a><\/td>\n<\/tr>\n<tr style=\"height: 26px;\">\n<td style=\"height: 26px;\" width=\"624\"><a href=\"https:\/\/www.notariosyregistradores.com\/web\/category\/esta-web\/autores\/#afs\" target=\"_blank\" rel=\"noopener\"><span style=\"font-size: 10pt;\">* Alfonso de la Fuente Sancho, notario de San Crist\u00f3bal de La Laguna (Tenerife).<\/span><\/a><\/td>\n<\/tr>\n<tr style=\"height: 26px;\">\n<td style=\"height: 26px;\" width=\"624\"><a href=\"https:\/\/www.notariosyregistradores.com\/web\/category\/esta-web\/autores\/#mn\" target=\"_blank\" rel=\"noopener\"><span style=\"font-size: 10pt;\">* Mar\u00eda N\u00fa\u00f1ez N\u00fa\u00f1ez, registradora de la propiedad y mercantil de Lugo.<\/span><\/a><\/td>\n<\/tr>\n<tr style=\"height: 26px;\">\n<td style=\"height: 26px;\" width=\"624\"><a href=\"https:\/\/www.notariosyregistradores.com\/web\/category\/esta-web\/autores\/#ies\" target=\"_blank\" rel=\"noopener\"><span style=\"font-size: 10pt;\">* Inmaculada Espi\u00f1eira Soto, notaria de Santiago de Compostela.<\/span><\/a><\/td>\n<\/tr>\n<tr style=\"height: 26px;\">\n<td style=\"height: 26px;\" width=\"624\"><a href=\"https:\/\/www.notariosyregistradores.com\/web\/category\/esta-web\/autores\/#jagv\" target=\"_blank\" rel=\"noopener\"><span style=\"font-size: 10pt;\">* Jos\u00e9 \u00c1ngel Garc\u00eda-Valdecasas Butr\u00f3n, registrador.<\/span><\/a><\/td>\n<\/tr>\n<tr style=\"height: 26px;\">\n<td style=\"height: 26px; text-align: justify;\" width=\"624\"><a href=\"https:\/\/www.notariosyregistradores.com\/web\/category\/esta-web\/autores\/#jar\" target=\"_blank\" rel=\"noopener\"><span style=\"font-size: 10pt;\">* Jos\u00e9 Antonio Riera \u00c1lvarez, notario de Arucas (Gran Canaria)<\/span><\/a><\/td>\n<\/tr>\n<tr style=\"height: 26px; text-align: justify;\">\n<td style=\"height: 26px;\" width=\"624\"><a href=\"https:\/\/www.notariosyregistradores.com\/web\/category\/esta-web\/autores\/#mgv\" target=\"_blank\" rel=\"noopener\"><span style=\"font-size: 10pt;\">* Mar\u00eda Garc\u00eda-Valdecasas Alguacil, registradora de Barcelona<\/span><\/a><\/td>\n<\/tr>\n<tr style=\"height: 26px; text-align: justify;\">\n<td style=\"height: 26px;\" width=\"624\"><a href=\"https:\/\/www.notariosyregistradores.com\/web\/category\/esta-web\/autores\/#er\" target=\"_blank\" rel=\"noopener\"><span style=\"font-size: 10pt;\">* Emma Rojo Iglesias, registradora de Alcal\u00e1 de Henares (Madrid)<\/span><\/a><\/td>\n<\/tr>\n<tr style=\"height: 26px; text-align: justify;\">\n<td style=\"height: 26px;\" width=\"624\"><a href=\"https:\/\/www.notariosyregistradores.com\/web\/category\/esta-web\/autores\/#jmj\" target=\"_blank\" rel=\"noopener\"><span style=\"font-size: 10pt;\">* <span style=\"font-size: 13.3333px;\">Javier M\u00e1ximo Ju\u00e1rez Gonz\u00e1lez, notario de Valencia<\/span><\/span><\/a><\/td>\n<\/tr>\n<tr style=\"height: 26px;\">\n<td style=\"height: 26px;\"><span style=\"font-size: 10pt;\">* <a href=\"https:\/\/www.notariosyregistradores.com\/web\/category\/esta-web\/autores\/#amoi\" target=\"_blank\" rel=\"noopener\">Antonio Manuel Oliva Izquierdo, registrador de Trujillo (C\u00e1ceres)<\/a><\/span><\/td>\n<\/tr>\n<tr style=\"height: 26px;\">\n<td style=\"height: 26px;\"><span style=\"font-size: 10pt;\">*<a href=\"https:\/\/www.notariosyregistradores.com\/web\/participa\/noticias\/shadia-nasser-garcia-se-incorpora-al-equipo-de-redaccion-de-nyr\/\"> Shadia Nasser Garc\u00eda, notaria de Formentera (Illes Balears)<\/a><\/span><\/td>\n<\/tr>\n<tr style=\"height: 26px;\">\n<td style=\"height: 26px;\"><a href=\"https:\/\/www.notariosyregistradores.com\/web\/participa\/noticias\/beatriz-zamora-rodriguez-y-alvaro-cordero-taborda-nuevos-miembros-del-equipo-de-redaccion-de-nyr\/#alvaro\"><span style=\"font-size: 10pt;\">* \u00c1lvaro Cordero Taborda, notario de Valoria la Buena (Valladolid)<\/span><\/a><\/td>\n<\/tr>\n<\/tbody>\n<\/table>\n<a class=\"mwm-aal-item\" name=\"disposiciones-generales\"><\/a><h6 style=\"text-align: justify;\"><span style=\"font-size: 14pt; color: #0000ff;\"><b><a id=\"disposiciones\"><\/a>DISPOSICIONES GENERALES<\/b><\/span><\/h6>\n<div class=\"enlacesDoc\" style=\"text-align: justify;\">\n<div class=\"enlacesDoc\">\n<div class=\"enlacesDoc\">\n<div class=\"enlacesDoc\">\n<div class=\"enlacesDoc\">\n<div class=\"enlacesDoc\">\n<div class=\"enlacesDoc\">\n<div class=\"enlacesDoc\">\n<div class=\"enlacesDoc\">\n<div class=\"enlacesDoc\">\n<div class=\"enlacesDoc\">\n<div class=\"enlacesDoc\">\n<div class=\"enlacesDoc\">\n<div class=\"enlacesDoc\">\n<div class=\"enlacesDoc\" style=\"text-align: justify;\">\n<div class=\"enlacesDoc\">\n<div class=\"enlacesDoc\">\n<div class=\"enlacesDoc\">\n<div class=\"enlacesDoc\">\n<div class=\"enlacesDoc\">\n<div class=\"enlacesDoc\">\n<div class=\"enlacesDoc\">\n<div class=\"enlacesDoc\">\n<div class=\"enlacesDoc\">\n<div class=\"enlacesDoc\">\n<a class=\"mwm-aal-item\" name=\"instruccion-junta-electoral-central-sobre-listas-paritarias\"><\/a><h6><span style=\"font-size: 12pt;\">Instrucci\u00f3n Junta Electoral Central sobre listas paritarias<\/span><\/h6>\n<p style=\"text-align: justify;\">Instrucci\u00f3n 3\/2025, de 6 de noviembre, de la Junta Electoral Central, sobre aplicaci\u00f3n de los art\u00edculos 44.bis, 187.2 y 206 de la LOREG en la redacci\u00f3n dada por la Ley Org\u00e1nica 2\/2024, de 1 de agosto, de representaci\u00f3n paritaria y presencia equilibrada de mujeres y hombres.<\/p>\n<p style=\"text-align: justify;\"><span style=\"color: #0000ff;\"><strong>Resumen:<\/strong> En las candidaturas electorales ha de constar, junto a cada candidato\/a, si es var\u00f3n o mujer, lo que ha de coincidir con el dato en el DNI. No considera posible que haya excepciones a la regla de paridad fuera de lo previsto en la LOREG. El plazo de subsanaci\u00f3n es de 48 horas.<\/span><\/p>\n<p style=\"text-align: justify;\">La Ley Org\u00e1nica\u00a02\/2024, de\u00a01 de agosto, de representaci\u00f3n paritaria y presencia equilibrada de mujeres y hombres ha venido a dar nueva redacci\u00f3n a los <a href=\"https:\/\/www.boe.es\/buscar\/act.php?id=BOE-A-1985-11672#acuarentaycuatrobis\">art\u00edculos\u00a044.bis<\/a>, <a href=\"https:\/\/www.boe.es\/buscar\/act.php?id=BOE-A-1985-11672#acientoochentaysiete\">187.2<\/a> y\u00a0<a href=\"https:\/\/www.boe.es\/buscar\/act.php?id=BOE-A-1985-11672#adoscientosseis\">206 de la Ley Org\u00e1nica 5\/1985, de 19 de junio, del R\u00e9gimen Electoral General (LOREG<\/a>), con el fin de que las candidaturas que se presenten para las elecciones al Congreso de los Diputados, municipales, de miembros de los consejos insulares y de los cabildos insulares, al Parlamento Europeo, a las Asambleas Legislativas de las comunidades aut\u00f3nomas y a las Juntas Generales de los Territorios Hist\u00f3ricos vascos, tengan una <strong>composici\u00f3n paritaria<\/strong> de mujeres y hombres, integr\u00e1ndose las listas por personas de uno y otro sexo ordenadas de forma alternativa. Este sistema se aplica asimismo a las candidaturas al Senado cuando se agrupan en listas, pero se excluye en el caso de las candidaturas que se presenten en los <strong>municipios con un n\u00famero de residentes igual o inferior a\u00a03000 habitantes. <\/strong>Para los municipios de entre\u00a03000 y\u00a05000 habitantes, se flexibiliza la regla hasta el 60%. Esta regla paritaria no contempla flexibilidad para los suplentes.<\/p>\n<p style=\"text-align: justify;\">En esta instrucci\u00f3n se estudia el caso de las <strong>personas no binarias<\/strong>, para definir su encaje dentro de la regla de paridad y se resuelve en el sentido de que la Ley del Registro Civil solo contempla la existencia de dos sexos -var\u00f3n y mujer-, uno de los cuales ha de constar en la partida de nacimiento, con un posible plazo m\u00e1ximo de vacancia de un a\u00f1o para casos excepcionales y que despu\u00e9s se plasma en el documento nacional de identidad. En caso de <strong>personas transg\u00e9nero<\/strong>, puede modificarse la partida de nacimiento y, seguidamente, el dato correspondiente en el DNI. La Junta Electoral Central resuelve que, para determinar, cara a la regla de paridad en las candidaturas, si \u00e9stas cumplen, ha de atenderse a lo que consta en el documento nacional de identidad.<\/p>\n<p style=\"text-align: justify;\">Para asegurar el cumplimiento de las citadas reglas, las candidaturas electorales deben incluir junto al nombre y apellido de los candidatos y candidatas la referencia, que <strong>coincidir\u00e1 con la expresada en el DNI, a si se trata de un hombre o una mujer<\/strong>, sin que quepa sustituirla por ninguna otra menci\u00f3n relativa a la orientaci\u00f3n sexual, identidad sexual o expresi\u00f3n de g\u00e9nero.<\/p>\n<p style=\"text-align: justify;\">Por otra parte, la <a href=\"https:\/\/www.boe.es\/buscar\/act.php?id=BOE-A-2024-15936#da\">disposici\u00f3n adicional primera<\/a> de la Ley Org\u00e1nica\u00a02\/2024, despu\u00e9s de se\u00f1alar que se entiende por representaci\u00f3n paritaria y presencia equilibrada entre mujeres y hombres aquella situaci\u00f3n en la que las personas de cada sexo no superen el sesenta por ciento ni sean menos del cuarenta por ciento en un \u00e1mbito determinado, establece que podr\u00e1 no aplicarse este criterio \u00aben consonancia con el <strong>principio de acci\u00f3n positiva<\/strong>, cuando exista una representaci\u00f3n de mujeres superior al sesenta por ciento que, en todo caso deber\u00e1 justificarse\u00bb.<\/p>\n<p style=\"text-align: justify;\">Esta Instrucci\u00f3n considera que esta posible excepci\u00f3n <strong>no resulta aplicable a la confecci\u00f3n de listas paritarias<\/strong>, por tratarse de normativa especial.<\/p>\n<p style=\"text-align: justify;\">Por \u00faltimo, confirma que el <strong>plazo para subsanar<\/strong> las deficiencias en la aplicaci\u00f3n del principio de prioridad es de 48 horas, durante el cual podr\u00e1 modificarse el orden de los candidatos, o incluir o excluir a alg\u00fan candidato, siempre que con ello se trate estrictamente de subsanar la irregularidad apreciada.<\/p>\n<p style=\"text-align: justify;\">Tambi\u00e9n deja sin efecto las Instrucciones de la Junta Electoral Central, 5\/2007, de\u00a012 de abril, sobre aplicaci\u00f3n de los art\u00edculos\u00a044.bis y\u00a0187.2 de la LOREG y\u00a0la 8\/2007, de\u00a019 de abril, sobre interpretaci\u00f3n del tr\u00e1mite de subsanaci\u00f3n de irregularidades.<\/p>\n<p style=\"text-align: justify;\">Esta Instrucci\u00f3n se aplica desde el 11 de noviembre de 2025.<\/p>\n<div class=\"enlacesDoc\">\n<ul>\n<li class=\"puntoPDF\"><a title=\"PDF firmado BOE-A-2025-22665\" href=\"https:\/\/www.boe.es\/boe\/dias\/2025\/11\/10\/pdfs\/BOE-A-2025-22665.pdf\">PDF (BOE-A-2025-22665 &#8211; 3\u00a0<abbr title=\"p\u00e1ginas\">p\u00e1gs.<\/abbr>\u00a0&#8211; 201\u00a0<abbr title=\"kilobytes\">KB<\/abbr>)<\/a> \u00a0<a title=\"Versi\u00f3n HTML BOE-A-2025-22665\" href=\"https:\/\/www.boe.es\/diario_boe\/txt.php?id=BOE-A-2025-22665\">Otros formatos<\/a><\/li>\n<\/ul>\n<a class=\"mwm-aal-item\" name=\"reglamento-de-matriculacion-de-aeronaves-civiles\"><\/a><h6><span style=\"font-size: 12pt;\">Reglamento de matriculaci\u00f3n de Aeronaves civiles<\/span><\/h6>\n<p>Real Decreto 1029\/2025, de 12 de noviembre, por el que se aprueba el Reglamento de matriculaci\u00f3n de aeronaves civiles y por el que se modifica el Real Decreto 765\/2022, de 20 de septiembre, por el que se regula el uso de aeronaves motorizadas ultraligeras (ULM).<\/p>\n<p><span style=\"color: #0000ff;\"><strong>Resumen:<\/strong> Este RD incluye un nuevo Reglamento de matriculaci\u00f3n de aeronaves civiles. Se suprime la obligaci\u00f3n de inscripci\u00f3n previa en el Registro de Bienes Muebles sin perjuicio de mantener una coordinaci\u00f3n de la informaci\u00f3n entre ambos Registros. Se respeta expresamente la normativa que regula el Registro de Bienes Muebles. Quedan dispensadas de matr\u00edcula las aeronaves motorizadas ultraligeras (ULM), con peso inferior a 120 Kg (antes 70 kg).<\/span><\/p>\n<p>El <a href=\"https:\/\/www.boe.es\/buscar\/doc.php?id=BOE-A-1969-1497\"><strong>Convenio sobre Aviaci\u00f3n Civil Internacional<\/strong><\/a> firmado en Chicago el\u00a07 de diciembre de\u00a01944, contempla que <strong>las aeronaves civiles tendr\u00e1n una nacionalidad<\/strong>, que vendr\u00e1 determinada por el Estado parte del convenio en el que estuvieran <strong>matriculadas<\/strong> y proscribe la validez de la matriculaci\u00f3n en m\u00e1s de un Estado.<\/p>\n<p>La <a href=\"https:\/\/www.boe.es\/buscar\/act.php?id=BOE-A-1960-10905\"><strong>Ley\u00a048\/1960, de\u00a021 de julio<\/strong><\/a><strong>, sobre Navegaci\u00f3n A\u00e9rea<\/strong>, establece el r\u00e9gimen general de matriculaci\u00f3n de las aeronaves civiles mediante su <strong>inscripci\u00f3n en un registro de naturaleza administrativa<\/strong> (<a href=\"https:\/\/www.boe.es\/buscar\/act.php?id=BOE-A-1960-10905#aveintiocho\">art.28<\/a>). Entre otros aspectos, se contempla asimismo el <strong>deber<\/strong> de matriculaci\u00f3n en dicho registro, la determinaci\u00f3n, mediante <strong>norma reglamentaria<\/strong>, de las normas sobre los actos y documentos inscribibles, requisitos, forma y efectos de la inscripci\u00f3n y modo de llevar el registro,<strong> la no afectaci\u00f3n al Registro de Bienes Muebles<\/strong>, cuyo funcionamiento se regir\u00e1 por las leyes y reglamentos vigentes en la materia (<a href=\"https:\/\/www.boe.es\/buscar\/act.php?id=BOE-A-1960-10905#atreintaytres\">art.33<\/a>); as\u00ed como la determinaci\u00f3n por v\u00eda reglamentaria de las forma de verificar <strong>la coordinaci\u00f3n entre el Registro de Matr\u00edcula de Aeronaves Civiles y el Registro de Bienes Muebles <\/strong>(<a href=\"https:\/\/www.boe.es\/buscar\/act.php?id=BOE-A-1960-10905#acientotreinta\">art. 130<\/a>); todo ello sin perjuicio de la habilitaci\u00f3n recogida en la <a href=\"https:\/\/www.boe.es\/buscar\/act.php?id=BOE-A-1960-10905#cuarta\">D.F. 4\u00aa<\/a>.<\/p>\n<p>En <strong>desarrollo<\/strong> de esta ley, se public\u00f3 el Reglamento de 2015, que ahora es sustituido por el presente.<\/p>\n<p>El <strong>RD<\/strong> contiene estas <strong>modificaciones<\/strong> principales:<\/p>\n<p>&#8211; Se <strong>flexibiliza<\/strong> la obligaci\u00f3n de obtener una <strong>matr\u00edcula espa\u00f1ola<\/strong> para operar de forma habitual en el espacio a\u00e9reo sujeto a la responsabilidad del Estado espa\u00f1ol.<\/p>\n<p>&#8211; Se agiliza la <strong>gesti\u00f3n de los procedimientos<\/strong> en el Registro de Matricula de Aeronaves Civiles.<\/p>\n<p>&#8211; Se <strong>derogan<\/strong> los art\u00edculos\u00a013 y\u00a014 de la Orden TMA\/105\/2020, de\u00a031 de enero, por la que se establecen las normas para la concesi\u00f3n y mantenimiento de <strong>las licencias de explotaci\u00f3n de servicios a\u00e9reos.<\/strong><\/p>\n<p>&#8211; Se dispensa de matr\u00edcula a las <strong>aeronaves motorizadas ultraligeras<\/strong> (ULM), con peso inferior a 120 Kg (antes 70 kg).<\/p>\n<p>Por su parte, el <strong>Reglamento<\/strong> que aprueba el real decreto consta de <strong>cuatro cap\u00edtulos:<\/strong><\/p>\n<p>En el <strong>cap\u00edtulo I<\/strong> se contienen <strong>las disposiciones generales<\/strong>. En ellas se define el objeto de la norma, su \u00e1mbito de aplicaci\u00f3n, tanto de forma positiva como negativa, se determinan las aeronaves obligadas a matricularse en el Registro de Matr\u00edcula de Aeronaves Civiles, y se recogen disposiciones b\u00e1sicas sobre marcas de nacionalidad y matr\u00edcula.<\/p>\n<p>El <strong>cap\u00edtulo II<\/strong> se centra principalmente en determinar la <strong>sede<\/strong>, naturaleza administrativa y funcionamiento general del Registro. En cuanto a los tipos de asientos, se mantiene el esquema vigente en cuanto a inscripciones y anotaciones, si bien se han introducido algunas novedades como la posibilidad de la inscripci\u00f3n de la <strong>autorizaci\u00f3n irrevocable<\/strong> para solicitar la cancelaci\u00f3n de la matr\u00edcula y el permiso de exportaci\u00f3n.<\/p>\n<p>Asimismo, como resultado del reforzamiento del car\u00e1cter netamente administrativo del Registro, <strong>destaca la supresi\u00f3n de la obligaci\u00f3n de inscripci\u00f3n previa en el Registro de Bienes Muebles<\/strong> exigida hasta ahora. sin perjuicio de mantener una coordinaci\u00f3n de la informaci\u00f3n entre este Registro y el Registro de Bienes Muebles.<\/p>\n<p>El art\u00edculo\u00a011 regula la<strong> coordinaci\u00f3n con el Registro de Bienes Muebles:<\/strong><\/p>\n<p>&#8211; El Registro de Matr\u00edcula de Aeronaves Civiles pondr\u00e1 la <strong>relaci\u00f3n de aeronaves<\/strong> inscritas en \u00e9l a disposici\u00f3n del Registro de Bienes Muebles.<\/p>\n<p>-\u2003Las <strong>cargas y grav\u00e1menes<\/strong> sobre aeronaves que figuren inscritas, conforme a su regulaci\u00f3n espec\u00edfica, en el Registro de Bienes Muebles, se anotar\u00e1n de oficio en el Registro de Matr\u00edcula de Aeronaves Civiles a efectos informativos, en virtud de comunicaci\u00f3n del Registro de Bienes Muebles.<\/p>\n<p>&#8211; Si se produjera alguna <strong>causa de cancelaci\u00f3n<\/strong> de la matr\u00edcula de las previstas en este reglamento, el Registro de Matr\u00edcula de Aeronaves Civiles cancelar\u00e1 la matr\u00edcula y se lo comunicar\u00e1 al Registro de Bienes Muebles, salvo que se trate de una aeronave de Estado.<\/p>\n<p>&#8211; La <strong>coordinaci\u00f3n adicional<\/strong> de la informaci\u00f3n que sea necesaria entre el Registro de Bienes Muebles y el Registro de Matr\u00edcula de Aeronaves Civiles se podr\u00e1 llevar a cabo en las formas de colaboraci\u00f3n y de cooperaci\u00f3n previstas en el <a href=\"https:\/\/www.boe.es\/buscar\/act.php?id=BOE-A-2015-10566#tiii\">t\u00edtulo III<\/a> de la Ley\u00a0del Sector P\u00fablico y, en particular, mediante convenios.<\/p>\n<p>En el <strong>cap\u00edtulo III<\/strong>, se recogen <strong>especialidades de procedimiento<\/strong> respecto a la LPA. En general, se mantienen, simplificados y precisados, los procedimientos recogidos hasta el momento.<\/p>\n<p>Se <strong>suprime la obligaci\u00f3n de legalizar<\/strong> los documentos p\u00fablicos y la legitimaci\u00f3n de los documentos privados, puesto que el Registro tiene una naturaleza puramente administrativa, si\u00e9ndole de aplicaci\u00f3n a efectos probatorios y de valoraci\u00f3n de las pruebas lo contemplado en la Ley\u00a039\/2015, de\u00a01 de octubre (LPA).<\/p>\n<p>Por \u00faltimo, en el <strong>cap\u00edtulo IV <\/strong>se mantienen, simplificadas, las disposiciones relativas a la <strong>matr\u00edcula de prueba<\/strong>.<\/p>\n<p>Sus disposiciones transitorias prev\u00e9n la pervivencia parcial y temporal del Reglamento de 2015.<\/p>\n<p>Este Real <strong>Decreto entrar\u00e1 en vigor el 3 de diciembre de 2025<\/strong>. Sin embargo, la disposici\u00f3n adicional cuarta (matriculaci\u00f3n de aeronaves usadas construidas por aficionados en otro Estado) y los cap\u00edtulos II, III y IV del Reglamento de matriculaci\u00f3n de aeronaves civiles entrar\u00e1n en vigor y aplicaci\u00f3n a los seis meses de su publicaci\u00f3n en el BOR (ser\u00e1 el 13 de mayo de 2026).<\/p>\n<div class=\"enlacesDoc\">\n<ul>\n<li class=\"puntoPDF\"><a title=\"PDF firmado BOE-A-2025-22950\" href=\"https:\/\/www.boe.es\/boe\/dias\/2025\/11\/13\/pdfs\/BOE-A-2025-22950.pdf\">PDF (BOE-A-2025-22950 &#8211; 20\u00a0<abbr title=\"p\u00e1ginas\">p\u00e1gs.<\/abbr>\u00a0&#8211; 318\u00a0<abbr title=\"kilobytes\">KB<\/abbr>)<\/a> \u00a0<a title=\"Versi\u00f3n HTML BOE-A-2025-22950\" href=\"https:\/\/www.boe.es\/diario_boe\/txt.php?id=BOE-A-2025-22950\">Otros formatos<\/a><\/li>\n<\/ul>\n<a class=\"mwm-aal-item\" name=\"reglamento-del-senado\"><\/a><h6 style=\"text-align: justify;\"><span style=\"font-size: 12pt;\">Reglamento del Senado<\/span><\/h6>\n<p style=\"text-align: justify;\">Reforma del Reglamento del Senado por la que se modifican diversos art\u00edculos.<\/p>\n<p style=\"text-align: justify;\"><span style=\"color: #0000ff;\"><strong>Resumen: <\/strong>Se trata de la reforma m\u00e1s amplia aprobada del Reglamento desde 1994, afectando, entre otras materias, a las prerrogativas y obligaciones de los senadores, a la organizaci\u00f3n de la Junta de portavoces y de las Comisiones, al desarrollo de las sesiones del Pleno y de las Comisiones, al tr\u00e1mite legislativo o a la tramitaci\u00f3n de iniciativas de control e impulso pol\u00edtico.<\/span><\/p>\n<p style=\"text-align: justify;\">Este Reglamento data de 1982. Tuvo una importante <strong>reforma en 1994<\/strong> para potenciar su funci\u00f3n territorial. Desde entonces hasta hoy, se han ido incorporando a su texto distintas modificaciones puntuales.<\/p>\n<p style=\"text-align: justify;\">Paralelamente, se ha ido formando un <strong>corpus de normas interpretativas<\/strong> o supletorias y de resoluciones de la Presidencia, as\u00ed como de acuerdos y resoluciones de la Mesa, sobre diversos asuntos concernientes a procedimientos de tramitaci\u00f3n de expedientes parlamentarios, ordenaci\u00f3n de los debates, organizaci\u00f3n y funcionamiento de los \u00f3rganos de la C\u00e1mara, etc.<\/p>\n<p style=\"text-align: justify;\">Ahora se aborda la <strong>puesta al d\u00eda<\/strong> del propio Reglamento, incorporando una buena parte de ese corpus y de la pr\u00e1ctica parlamentaria.<\/p>\n<p style=\"text-align: justify;\">Las materias afectadas, entre otras, son las siguientes:<\/p>\n<p style=\"text-align: justify;\">\u2212 Las <strong>prerrogativas y obligaciones de los Senadores<\/strong>, como es el caso de los dict\u00e1menes de la Comisi\u00f3n de Incompatibilidades, la tramitaci\u00f3n de los suplicatorios o las declaraciones de actividades, bienes patrimoniales y rentas, e intereses econ\u00f3micos.<\/p>\n<p style=\"text-align: justify;\">\u2212 La <strong>organizaci\u00f3n de la Junta de Portavoces y de las Comisiones<\/strong>, incluyendo la creaci\u00f3n de dos nuevas: la Comisi\u00f3n General de las Entidades Locales y la Comisi\u00f3n de vigilancia de las contrataciones de la Administraci\u00f3n General del Estado y del sector p\u00fablico institucional estatal.<\/p>\n<p style=\"text-align: justify;\">\u2212 El <strong>desarrollo de las sesiones del Pleno y las Comisiones<\/strong>, incluyendo cuestiones relativas al uso y los turnos de palabra o a las votaciones.<\/p>\n<p style=\"text-align: justify;\">\u2212 El <strong>tr\u00e1mite legislativo<\/strong>, introduciendo una mayor claridad en los art\u00edculos que lo regulan y dando respuesta a situaciones que han ido suscit\u00e1ndose en la pr\u00e1ctica parlamentaria. Por ejemplo, se ha modificado el procedimiento de enmiendas, que incluye la posibilidad de prorrogar los plazos de tramitaci\u00f3n de enmiendas en los procedimientos de urgencia y la designaci\u00f3n de ponencias.<\/p>\n<p style=\"text-align: justify;\">\u2212 La <strong>tramitaci\u00f3n de iniciativas de control e impulso pol\u00edtico<\/strong>, tanto en el Pleno como en las Comisiones. Por ejemplo, se ha establecido la obligaci\u00f3n de que los ministros han de responder a las preguntas de los senadores.<\/p>\n<p style=\"text-align: justify;\">La reforma ha sido recurrida por el PSOE ante el <strong>Tribunal Constitucional<\/strong>, que ha admitido a tr\u00e1mite el recurso.<\/p>\n<p style=\"text-align: justify;\">Entr\u00f3 en vigor el 15 de noviembre.<\/p>\n<\/div>\n<\/div>\n<\/div>\n<\/div>\n<\/div>\n<\/div>\n<\/div>\n<\/div>\n<\/div>\n<\/div>\n<\/div>\n<\/div>\n<\/div>\n<\/div>\n<\/div>\n<\/div>\n<\/div>\n<\/div>\n<\/div>\n<\/div>\n<\/div>\n<\/div>\n<\/div>\n<\/div>\n<\/div>\n<\/div>\n<\/div>\n<ul>\n<li class=\"puntoPDF\"><a title=\"PDF firmado BOE-A-2025-23055\" href=\"https:\/\/www.boe.es\/boe\/dias\/2025\/11\/14\/pdfs\/BOE-A-2025-23055.pdf\">PDF (BOE-A-2025-23055 &#8211; 48\u00a0<abbr title=\"p\u00e1ginas\">p\u00e1gs.<\/abbr>\u00a0&#8211; 474\u00a0<abbr title=\"kilobytes\">KB<\/abbr>)<\/a> \u00a0<a title=\"Versi\u00f3n HTML BOE-A-2025-23055\" href=\"https:\/\/www.boe.es\/diario_boe\/txt.php?id=BOE-A-2025-23055\">Otros formatos<\/a><\/li>\n<\/ul>\n<a class=\"mwm-aal-item\" name=\"dias-inhabiles-2026\"><\/a><h6><span style=\"font-size: 12pt;\">D\u00edas inh\u00e1biles 2026<\/span><\/h6>\n<p>Resoluci\u00f3n de 18 de noviembre de 2025, de la Secretar\u00eda de Estado de Funci\u00f3n P\u00fablica, por la que se establece a efectos de c\u00f3mputo de plazos, el calendario de d\u00edas inh\u00e1biles en el \u00e1mbito de la Administraci\u00f3n General del Estado para el a\u00f1o 2026.<\/p>\n<p><span style=\"color: #0000ff;\"><strong>Resumen: <\/strong>Se publica el calendario de d\u00edas inh\u00e1biles para el a\u00f1o 2026, que est\u00e1 conectado con el calendario laboral oficial. Afecta a la Administraci\u00f3n General del Estado y sus Organismos P\u00fablicos.<\/span><\/p>\n<p style=\"text-align: justify;\"><span style=\"color: #000000;\">El\u00a0<a style=\"color: #000000;\" href=\"https:\/\/www.notariosyregistradores.com\/web\/normas\/ley-procedimiento-administrativo-2015\/#a30\">art\u00edculo 30.7<\/a>\u00a0de la Ley del Procedimiento Administrativo Com\u00fan de las Administraciones P\u00fablicas, establece que la Administraci\u00f3n General del Estado fijar\u00e1, en su \u00e1mbito, el calendario de d\u00edas inh\u00e1biles <strong>a efectos de c\u00f3mputo de plazos<\/strong>, con sujeci\u00f3n al <strong>calendario laboral<\/strong> oficial (ver <a style=\"color: #000000;\" href=\"https:\/\/www.notariosyregistradores.com\/web\/participa\/noticias\/calendario-laboral-2026\/\">Resoluci\u00f3n de 17 de octubre de 2025, de la Direcci\u00f3n General de Trabajo, por la que se publica la relaci\u00f3n de fiestas laborales para el a\u00f1o 2026<\/a>).<\/span><\/p>\n<p style=\"text-align: justify;\"><span style=\"color: #000000;\">Se recuerda que, de acuerdo con el\u00a0<a style=\"color: #000000;\" href=\"https:\/\/www.notariosyregistradores.com\/web\/normas\/ley-procedimiento-administrativo-2015\/#a30\">art\u00edculo 30.8<\/a>\u00a0LPA, la declaraci\u00f3n de un d\u00eda como h\u00e1bil o inh\u00e1bil a efectos de c\u00f3mputo de plazos\u00a0<strong>no determina por s\u00ed sola el funcionamiento de los centros de trabajo de las Administraciones P\u00fablicas<\/strong>, la organizaci\u00f3n del tiempo de trabajo ni el acceso de los ciudadanos a los registros.<\/span><\/p>\n<p style=\"text-align: justify;\"><span style=\"color: #000000;\">El calendario afecta a la\u00a0<strong>Administraci\u00f3n General del Estado\u00a0y sus Organismos P\u00fablicos<\/strong>, a efectos de\u00a0<span style=\"text-decoration: underline;\"><strong><span style=\"font-size: 12pt;\">c\u00f3mputos de plazos.<\/span><\/strong><\/span><\/span><\/p>\n<p style=\"text-align: justify;\"><span style=\"color: #000000;\"><strong>Son d\u00edas inh\u00e1biles:<\/strong><\/span><\/p>\n<p style=\"text-align: justify;\"><span style=\"color: #000000;\">a) En\u00a0<strong>todo el\u00a0territorio nacional<\/strong>: Los\u00a0<strong>s\u00e1bados,\u00a0<\/strong>los domingos y los d\u00edas declarados como fiestas de \u00e1mbito nacional no sustituibles, o sobre las que la totalidad de las Comunidades Aut\u00f3nomas no ha ejercido la facultad de sustituci\u00f3n.<\/span><\/p>\n<p style=\"text-align: justify;\"><span style=\"color: #000000;\">b) En el \u00e1mbito territorial de las\u00a0<strong>Comunidades Aut\u00f3nomas<\/strong>: Aquellos d\u00edas determinados por cada Comunidad Aut\u00f3noma como festivos.<\/span><\/p>\n<p style=\"text-align: justify;\"><span style=\"color: #000000;\">c) En los \u00e1mbitos territoriales de las Entidades que integran la\u00a0<strong>Administraci\u00f3n Local<\/strong>: los d\u00edas que establezcan las respectivas Comunidades Aut\u00f3nomas en sus correspondientes calendarios de d\u00edas inh\u00e1biles.<\/span><\/p>\n<p style=\"text-align: justify;\"><span style=\"color: #000000;\">Los d\u00edas inh\u00e1biles a que se refieren los puntos a) y b) se incluyen en un\u00a0<strong>anexo<\/strong>\u00a0donde se distingue entre los d\u00edas inh\u00e1biles en todo el territorio nacional y los que lo son tan s\u00f3lo en las CCAA que se especifican.<\/span><\/p>\n<p style=\"text-align: justify;\"><span style=\"color: #000000;\"><strong>D\u00cdAS INH\u00c1BILES DE \u00c1MBITO NACIONAL:<\/strong><\/span><\/p>\n<p style=\"text-align: justify;\"><span style=\"color: #000000;\">Son, aparte de los s\u00e1bados y domingos de todo el a\u00f1o:<\/span><\/p>\n<ul style=\"text-align: justify;\">\n<li><span style=\"color: #000000;\">el 1 de enero, jueves<\/span><\/li>\n<li><span style=\"color: #000000;\">el 6 de enero, martes<\/span><\/li>\n<li><span style=\"color: #000000;\">el 3 de abril (Viernes Santo)<\/span><\/li>\n<li><span style=\"color: #000000;\">el 1\u00ba de mayo, viernes<\/span><\/li>\n<li><span style=\"color: #000000;\">el 12 de octubre, lunes<\/span><\/li>\n<li><span style=\"color: #000000;\">el 8 de diciembre, martes<\/span><\/li>\n<li><span style=\"color: #000000;\">y el 25 de diciembre, viernes<\/span><\/li>\n<\/ul>\n<p style=\"text-align: justify;\"><span style=\"color: #000000;\"><strong>D\u00cdAS INH\u00c1BILES\u00a0S\u00d3LO EN ALGUNAS COMUNIDADES AUT\u00d3NOMAS:<\/strong><\/span><\/p>\n<ul>\n<li><span style=\"color: #000000;\">Marzo. D\u00eda 2, lunes: Illes Balears.<\/span><\/li>\n<li><span style=\"color: #000000;\">Marzo. D\u00eda 19, jueves: Galicia, Murcia, Pa\u00eds Vasco, Valencia y Navarra.<\/span><\/li>\n<li><span style=\"color: #000000;\">Marzo. D\u00eda 20, viernes: Melilla.<\/span><\/li>\n<li><span style=\"color: #000000;\">Abril. D\u00eda 2 (Jueves Santo): Andaluc\u00eda, Arag\u00f3n, Asturias, Illes Balears, Canarias, Cantabria, Castilla-La Mancha, Extremadura, Galicia, Murcia, Pa\u00eds Vasco, La Rioja, Castilla y Le\u00f3n, Madrid, Navarra, Ceuta y Melilla.<\/span><\/li>\n<li><span style=\"color: #000000;\">Abril.\u00a0D\u00eda 6 (Lunes de Pascua): Illes Balears, Castilla-La Mancha, Catalu\u00f1a, Pa\u00eds Vasco, La Rioja, Navarra y Valencia.<\/span><\/li>\n<li><span style=\"color: #000000;\">Abril. D\u00eda 23, jueves: Arag\u00f3n y Castilla y Le\u00f3n.<\/span><\/li>\n<li><span style=\"color: #000000;\">Mayo. D\u00eda 27, mi\u00e9rcoles: Ceuta y Melilla.<\/span><\/li>\n<li><span style=\"color: #000000;\">Junio. D\u00eda 4, jueves: Castilla-La Mancha. <\/span><\/li>\n<li><span style=\"color: #000000;\">Junio. D\u00eda 9, martes: La Rioja y Murcia.<\/span><\/li>\n<li class=\"parrafo\"><span style=\"color: #000000;\">Junio. D\u00eda 24, mi\u00e9rcoles: Catalu\u00f1a, Galicia y Valencia.<\/span><\/li>\n<li><span style=\"color: #000000;\">Julio. D\u00eda 28, martes : Cantabria.<\/span><\/li>\n<li><span style=\"color: #000000;\">Agosto. D\u00eda 5, mi\u00e9rcoles; Ceuta.<\/span><\/li>\n<li><span style=\"color: #000000;\">Septiembre. D\u00eda 2, mi\u00e9rcoles: Ceuta<\/span><\/li>\n<li><span style=\"color: #000000;\">Septiembre. D\u00eda 8, martes: Asturias y Extremadura.<\/span><\/li>\n<li><span style=\"color: #000000;\">Septiembre. D\u00eda 11, viernes: Catalu\u00f1a.<\/span><\/li>\n<li><span style=\"color: #000000;\">Septiembre. D\u00eda 15, martes: Cantabria.<\/span><\/li>\n<li><span style=\"color: #000000;\">Octubre. D\u00eda 9, viernes: Valencia.<\/span><\/li>\n<li><span style=\"color: #000000;\">Noviembre. D\u00eda 2, lunes: Andaluc\u00eda, Arag\u00f3n, Asturias, Canarias, Castilla-La Mancha, Extremadura, Castilla y Le\u00f3n, Madrid y Navarra.<\/span><\/li>\n<li><span style=\"color: #000000;\">Diciembre. D\u00eda 7, lunes: Andaluc\u00eda, Arag\u00f3n, Asturias, Cantabria, Extremadura, Murcia, La Rioja, Castilla y Le\u00f3n, Madrid y Melilla.<\/span><\/li>\n<\/ul>\n<p><span style=\"color: #000000;\"><strong>ALGUNA NORMATIVA AUTON\u00d3MICA:<\/strong><\/span><\/p>\n<p><span style=\"color: #000000;\"><strong>CANARIAS:<\/strong><\/span><\/p>\n<p style=\"text-align: justify;\">En la Comunidad Aut\u00f3noma de Canarias, el <a href=\"https:\/\/www.gobiernodecanarias.org\/boc\/2025\/088\/1659.html\" target=\"_blank\" rel=\"nofollow noopener noreferrer\">Decreto 61\/2025, de 28 de abril,<\/a> por el que se determina el calendario de fiestas laborales de la Comunidad Aut\u00f3noma de Canarias para el a\u00f1o 2026, dispone las siguientes fiestas laborales:<\/p>\n<ul>\n<li>en El Hierro: el 24 de septiembre, festividad de Nuestra Se\u00f1ora de los Reyes;<\/li>\n<li>en Fuerteventura: el 18 de septiembre, festividad de Nuestra Se\u00f1ora de la Pe\u00f1a;<\/li>\n<li>en Gran Canaria: el 8 de septiembre, festividad de Nuestra Se\u00f1ora del Pino;<\/li>\n<li>en La Gomera: el 5 de octubre, festividad de Nuestra Se\u00f1ora de Guadalupe;<\/li>\n<li>en La Palma: el 5 de agosto, festividad de Nuestra Se\u00f1ora de Las Nieves;<\/li>\n<li>en Lanzarote y La Graciosa: el 15 de septiembre, festividad de Nuestra Se\u00f1ora de los Volcanes;<\/li>\n<li>y en Tenerife: el 2 de febrero, festividad de la Virgen de la Candelaria\u00bb.<\/li>\n<\/ul>\n<p><span style=\"color: #000000;\"><strong>CATALU\u00d1A:<\/strong><\/span><\/p>\n<p class=\"parrafo\" style=\"text-align: justify;\">En la Comunidad Aut\u00f3noma de Catalu\u00f1a, la <a href=\"https:\/\/dogc.gencat.cat\/es\/document-del-dogc\/?documentId=1013204\" target=\"_blank\" rel=\"nofollow noopener noreferrer\">Orden EMT\/66\/2025, de\u00a030 de abril<\/a>, por la que se establece el calendario oficial de fiestas laborales en Catalu\u00f1a para el a\u00f1o 2026 dispone que: \u00abEn el <strong>territorio de Ar\u00e1n<\/strong>, la fiesta del d\u00eda\u00a026 de diciembre (Sant Esteve) queda sustituida por la de\u00a017 de junio (Fiesta de Ar\u00e1n), mi\u00e9rcoles\u00bb.<\/p>\n<p>Ir a la <strong><a href=\"https:\/\/www.notariosyregistradores.com\/web\/utilidades\/dias-habiles\/calendario-dias-inhabiles-2026\/\">p\u00e1gina especial<\/a><\/strong>.<\/p>\n<ul>\n<li class=\"puntoPDF\"><a title=\"PDF firmado BOE-A-2025-23702\" href=\"https:\/\/www.boe.es\/boe\/dias\/2025\/11\/24\/pdfs\/BOE-A-2025-23702.pdf\">PDF (BOE-A-2025-23702 &#8211; 3\u00a0<abbr title=\"p\u00e1ginas\">p\u00e1gs.<\/abbr>\u00a0&#8211; 201\u00a0<abbr title=\"kilobytes\">KB<\/abbr>)<\/a> \u00a0<a title=\"Versi\u00f3n HTML BOE-A-2025-23702\" href=\"https:\/\/www.boe.es\/diario_boe\/txt.php?id=BOE-A-2025-23702\">Otros formatos<\/a><\/li>\n<\/ul>\n<a class=\"mwm-aal-item\" name=\"medidas-para-la-palma\"><\/a><h6><span style=\"font-size: 12pt;\"><strong>Medidas para La Palma.<\/strong><\/span><\/h6>\n<p style=\"text-align: justify;\">Real Decreto-ley 13\/2025, de 25 de noviembre, por el que se adoptan medidas complementarias urgentes para la recuperaci\u00f3n econ\u00f3mica y social de la isla de La Palma tras los da\u00f1os ocasionados por las erupciones volc\u00e1nicas.<\/p>\n<p style=\"text-align: justify;\"><span style=\"color: #0000ff;\"><strong>Resumen: <\/strong>100 millones para da\u00f1os en fincas agr\u00edcolas e infraestructuras sobre fincas expropiadas o da\u00f1adas. Se aplica a 2025 la deducci\u00f3n en el IRPF a residentes. Moratoria para determinados pr\u00e9stamos y cr\u00e9ditos. Ampliaci\u00f3n temporal de actuaciones subvencionables para proteger la biodiversidad.<\/span><\/p>\n<p style=\"text-align: justify;\">El art\u00edculo\u00a01 tiene por objeto habilitar, de forma excepcional, a la Comunidad Aut\u00f3noma de Canarias para que pueda destinar <strong>cien millones<\/strong> de euros del super\u00e1vit presupuestario de\u00a02024 a financiar ayudas destinadas a personas f\u00edsicas y entidades afectadas por la erupci\u00f3n volc\u00e1nica de la isla de La Palma, principalmente los da\u00f1os a las <strong>fincas agrarias<\/strong> y las compensaciones por la construcci\u00f3n de <strong>infraestructuras sobre fincas expropiadas o da\u00f1adas<\/strong> por las coladas volc\u00e1nicas generadas.<\/p>\n<p style=\"text-align: justify;\">En el \u00e1mbito del <strong>IRPF<\/strong>, el art\u00edculo\u00a02 ampl\u00eda al per\u00edodo impositivo\u00a02025 la aplicaci\u00f3n de una deducci\u00f3n an\u00e1loga a la <strong>deducci\u00f3n<\/strong> por obtenci\u00f3n de rentas en Ceuta y Melilla a los <strong>contribuyentes con residencia habitual<\/strong> y efectiva en la isla de La Palma.<\/p>\n<p style=\"text-align: justify;\">En el art\u00edculo\u00a03 se abre un nuevo plazo para solicitar la suspensi\u00f3n de obligaciones de pago de inter\u00e9s y principal para <strong>pr\u00e9stamos y cr\u00e9ditos con y sin garant\u00eda hipotecaria<\/strong> para aquellos deudores de los municipios de El Paso, Los Llanos de Aridane y Tazacorte inscritos en el Registro de personas afectadas por las erupciones volc\u00e1nicas de la isla de La Palma cuyos ingresos principales provengan de la agricultura y que hubieran solicitado la suspensi\u00f3n de sus obligaciones de pago de intereses y principal para pr\u00e9stamos y cr\u00e9ditos con y sin garant\u00eda hipotecaria o la pr\u00f3rroga de la misma.<\/p>\n<p style=\"text-align: justify;\">En virtud del art\u00edculo\u00a04 se modifica el apartado\u00a02 del art\u00edculo\u00a046 del Real Decreto-ley\u00a020\/2021, de\u00a05 de octubre, que incluye ayudas, impulsadas por el Ministerio para la Transici\u00f3n Ecol\u00f3gica y el Reto Demogr\u00e1fico, a la Comunidad Aut\u00f3noma de Canarias y al Cabildo de la Palma para la <strong>prevenci\u00f3n y mitigaci\u00f3n de da\u00f1os a la biodiversidad<\/strong> y el patrimonio natural. La modificaci\u00f3n tiene como finalidad eliminar la limitaci\u00f3n temporal relativa a las actuaciones subvencionables contenida en dicho apartado, con objeto de garantizar la adecuada ejecuci\u00f3n y finalizaci\u00f3n de los proyectos financiados.<\/p>\n<p style=\"text-align: justify;\">Entr\u00f3 en vigor el 27 de noviembre de 2025.<\/p>\n<ul>\n<li class=\"puntoPDF\"><a title=\"PDF firmado BOE-A-2025-23911\" href=\"https:\/\/www.boe.es\/boe\/dias\/2025\/11\/26\/pdfs\/BOE-A-2025-23911.pdf\">PDF (BOE-A-2025-23911 &#8211; 8\u00a0<abbr title=\"p\u00e1ginas\">p\u00e1gs.<\/abbr>\u00a0&#8211; 229\u00a0<abbr title=\"kilobytes\">KB<\/abbr>)<\/a> \u00a0<a title=\"Versi\u00f3n HTML BOE-A-2025-23911\" href=\"https:\/\/www.boe.es\/diario_boe\/txt.php?id=BOE-A-2025-23911\">Otros formatos<\/a>\u00a0 \u00a0<a href=\"https:\/\/www.boe.es\/diario_boe\/txt.php?id=BOE-A-2025-25693\" target=\"_blank\" rel=\"nofollow noopener noreferrer\">Convalidaci\u00f3n<\/a><\/li>\n<\/ul>\n<a class=\"mwm-aal-item\" name=\"contrato-formativo\"><\/a><h6><span style=\"font-size: 12pt;\">Contrato formativo<\/span><\/h6>\n<p style=\"text-align: justify;\">Real Decreto 1065\/2025, de 26 de noviembre, por el que se desarrolla el r\u00e9gimen del contrato formativo, previsto en el art\u00edculo 11 del texto refundido de la Ley del Estatuto de los Trabajadores, aprobado por el Real Decreto Legislativo 2\/2015, de 23 de octubre.<\/p>\n<p style=\"text-align: justify;\"><span style=\"color: #0000ff;\"><strong>Resumen: <\/strong>Este real decreto desarrolla las dos modalidades del contrato formativo previstas en el art. 11 ET, es decir, la formaci\u00f3n en alternancia, que compatibiliza la actividad laboral retribuida con los estudios y la formaci\u00f3n dedicada a adquirir una pr\u00e1ctica profesional relacionada con los estudios ya realizados.<\/span><\/p>\n<p style=\"text-align: justify;\">La <strong>regulaci\u00f3n b\u00e1sica del contrato formativo<\/strong> se encuentra en el <a href=\"https:\/\/www.boe.es\/buscar\/act.php?id=BOE-A-2015-11430#a11\">art\u00edculo 11 del Estatuto de los trabajadores<\/a> (ampliamente modificado en la reforma laborad de 2021) del que entresacamos lo siguiente.<\/p>\n<p style=\"text-align: justify;\"><strong>Dos tipos: <\/strong>Uno es la<strong> formaci\u00f3n en alternancia<\/strong> con el trabajo retribuido por cuenta ajena. El otro es el desempe\u00f1o de una actividad laboral destinada a adquirir una <strong>pr\u00e1ctica profesional adecuada a los correspondientes niveles de estudios.<\/strong><\/p>\n<p style=\"text-align: justify;\"><strong>1\u00ba.- Formaci\u00f3n en alternancia. <\/strong>Tiene por <strong>objeto<\/strong> compatibilizar la actividad laboral retribuida con los correspondientes procesos formativos en el \u00e1mbito de la formaci\u00f3n profesional, los estudios universitarios o del Cat\u00e1logo de especialidades formativas del Sistema Nacional de Empleo.<\/p>\n<p style=\"text-align: justify;\">Del amplio elenco de <strong>reglas que lo rigen<\/strong> (seg\u00fan el apartado 2 del <a href=\"https:\/\/www.boe.es\/buscar\/act.php?id=BOE-A-2015-11430#a11\">art\u00edculo 11 ET<\/a>) destacamos:<\/p>\n<p style=\"text-align: justify;\">&#8211; Se podr\u00e1 celebrar con <strong>personas que carezcan de la cualificaci\u00f3n profesional<\/strong> reconocida por las titulaciones o certificados requeridos para concertar un contrato formativo para la obtenci\u00f3n de pr\u00e1ctica profesional.<\/p>\n<p style=\"text-align: justify;\">&#8211; En determinados casos, el l\u00edmite de edad es de <strong>30 a\u00f1os<\/strong>.<\/p>\n<p style=\"text-align: justify;\">&#8211; La <strong>actividad<\/strong> desempe\u00f1ada por la persona trabajadora en la empresa deber\u00e1 estar directamente <strong>relacionada con las actividades formativas<\/strong> que justifican la contrataci\u00f3n laboral<\/p>\n<p style=\"text-align: justify;\">&#8211; La persona contratada contar\u00e1 <strong>dos tutores<\/strong>: uno designado por el centro o entidad de formaci\u00f3n y otro designado por la empresa.<\/p>\n<p style=\"text-align: justify;\">&#8211; Los centros de formaci\u00f3n elaborar\u00e1n, con la participaci\u00f3n de la empresa, los <strong>planes formativos individuales<\/strong> donde se especifique el contenido de la formaci\u00f3n, el calendario y las actividades y los requisitos de tutor\u00eda para el cumplimiento de sus objetivos. La formaci\u00f3n ha de ser te\u00f3rica y pr\u00e1ctica.<\/p>\n<p style=\"text-align: justify;\">&#8211; La <strong>duraci\u00f3n<\/strong> del contrato ser\u00e1 la prevista en el correspondiente plan o programa formativo, con un m\u00ednimo de tres meses y un m\u00e1ximo de dos a\u00f1os.<\/p>\n<p style=\"text-align: justify;\">&#8211; El <strong>tiempo de trabajo efectivo<\/strong>, que habr\u00e1 de ser compatible con el tiempo dedicado a las actividades formativas en el centro de formaci\u00f3n, no podr\u00e1 ser superior al 65 por ciento, durante el primer a\u00f1o, o al 85 por ciento, durante el segundo, de la jornada m\u00e1xima prevista en el convenio colectivo de aplicaci\u00f3n en la empresa, o, en su defecto, de la jornada m\u00e1xima legal.<\/p>\n<p style=\"text-align: justify;\">&#8211; <strong>No cabe<\/strong> este contrato cuando la actividad o puesto de trabajo correspondiente al contrato haya sido <strong>desempe\u00f1ado con anterioridad por la persona trabajadora<\/strong> en la misma empresa bajo cualquier modalidad por tiempo superior a seis meses.<\/p>\n<p style=\"text-align: justify;\">&#8211; <strong>No<\/strong> podr\u00e1 establecerse <strong>periodo de prueba<\/strong> en estos contratos.<\/p>\n<p style=\"text-align: justify;\">&#8211; La <strong>retribuci\u00f3n<\/strong> ser\u00e1 la establecida para estos contratos en el convenio colectivo de aplicaci\u00f3n. En su defecto, no podr\u00e1 ser inferior al 60% el primer a\u00f1o ni al 75% el segundo, respecto de la fijada en convenio para el grupo profesional, ni al salario m\u00ednimo, en proporci\u00f3n al tiempo de trabajo efectivo.<\/p>\n<p style=\"text-align: justify;\"><strong>2\u00ba.- Formaci\u00f3n post estudios.<\/strong> Es la modalidad de contrato formativo que busca obtener la pr\u00e1ctica profesional adecuada al nivel de estudios.<\/p>\n<p style=\"text-align: justify;\">Tambi\u00e9n son amplias las <strong>reglas que lo rigen<\/strong> (apartado 3 del <a href=\"https:\/\/www.boe.es\/buscar\/act.php?id=BOE-A-2015-11430#a11\">art\u00edculo 11 ET<\/a>), de las que destacamos:<\/p>\n<p style=\"text-align: justify;\">&#8211; Podr\u00e1 concertarse con quienes estuviesen <strong>en posesi\u00f3n de un t\u00edtulo<\/strong> universitario o de un t\u00edtulo de grado medio o superior, especialista, m\u00e1ster profesional o certificado del sistema de formaci\u00f3n profesional, as\u00ed como con quienes posean un t\u00edtulo equivalente de ense\u00f1anzas art\u00edsticas o deportivas del sistema educativo, que habiliten o capaciten para el ejercicio de la actividad laboral.<\/p>\n<p style=\"text-align: justify;\">&#8211; Deber\u00e1 concertarse <strong>dentro de los tres a\u00f1os<\/strong> -o de los cinco a\u00f1os si se concierta con una persona con discapacidad- siguientes a la terminaci\u00f3n de los correspondientes estudios.<\/p>\n<p style=\"text-align: justify;\">&#8211; La duraci\u00f3n de este contrato no podr\u00e1 ser inferior a <strong>seis meses<\/strong> ni exceder de <strong>un a\u00f1o<\/strong>.<\/p>\n<p style=\"text-align: justify;\">&#8211; Se podr\u00e1 establecer un <strong>periodo de prueba<\/strong> de hasta un mes, salvo lo dispuesto en convenio colectivo.<\/p>\n<p style=\"text-align: justify;\">&#8211; El puesto de trabajo deber\u00e1 permitir la <strong>obtenci\u00f3n de la pr\u00e1ctica profesional<\/strong> adecuada al nivel de estudios o de formaci\u00f3n objeto del contrato. La empresa elaborar\u00e1 el <strong>plan formativo individual<\/strong> en el que se especifique el contenido de la pr\u00e1ctica profesional, y asignar\u00e1 <strong>tutor<\/strong>.<\/p>\n<p style=\"text-align: justify;\">&#8211; La <strong>retribuci\u00f3n<\/strong> por el tiempo de trabajo efectivo ser\u00e1 la fijada en el convenio colectivo aplicable en la empresa para estos contratos o en su defecto la del grupo profesional y nivel retributivo correspondiente a las funciones desempe\u00f1adas. No podr\u00e1 ser inferior a la establecida para el contrato para la formaci\u00f3n en alternancia ni al salario m\u00ednimo interprofesional en proporci\u00f3n al tiempo de trabajo efectivo.<\/p>\n<p style=\"text-align: justify;\"><strong>3\u00ba.- Normas comunes a ambas modalidades: <\/strong><\/p>\n<p style=\"text-align: justify;\">&#8211; La acci\u00f3n protectora de la <strong>Seguridad Social<\/strong> de las personas que suscriban un contrato formativo comprender\u00e1 todas las contingencias protegibles y prestaciones, incluido el desempleo y la cobertura del Fondo de Garant\u00eda Salarial.<\/p>\n<p style=\"text-align: justify;\">&#8211; Las situaciones de <strong>incapacidad temporal<\/strong>, nacimiento, adopci\u00f3n, guarda con fines de adopci\u00f3n, acogimiento, riesgo durante el embarazo, riesgo durante la lactancia, violencia de g\u00e9nero, interrumpir\u00e1n el c\u00f3mputo de la duraci\u00f3n del contrato.<\/p>\n<p style=\"text-align: justify;\">&#8211; El contrato deber\u00e1 formalizarse <strong>por escrito<\/strong> con un contenido m\u00ednimo.<\/p>\n<p style=\"text-align: justify;\">&#8211; Los <strong>l\u00edmites de edad<\/strong> y en la duraci\u00f3n m\u00e1xima del contrato formativo no ser\u00e1n de aplicaci\u00f3n cuando se concierte con <strong>personas con discapacidad<\/strong> o con los colectivos en situaci\u00f3n de exclusi\u00f3n social.<\/p>\n<p style=\"text-align: justify;\">&#8211; Si al t\u00e9rmino del contrato <strong>la persona continuase<\/strong> en la empresa, no podr\u00e1 concertarse un nuevo periodo de prueba, comput\u00e1ndose la duraci\u00f3n del contrato formativo a efectos de antig\u00fcedad en la empresa.<\/p>\n<p style=\"text-align: justify;\">&#8211; Los contratos formativos celebrados en <strong>fraude de ley,<\/strong> o si la empresa incumple sus obligaciones formativas, se entender\u00e1n concertados como contratos indefinidos de car\u00e1cter ordinario.<\/p>\n<p style=\"text-align: justify;\"><strong>Este real decreto<\/strong> lleva a cabo el <strong>desarrollo reglamentario<\/strong> preciso del contrato de formaci\u00f3n, sustituyendo a las decretos anteriores de 1998 y 2012 y una orden de 2013, pero limit\u00e1ndose al <strong>desarrollo de las garant\u00edas laborales<\/strong>, dejando aparte el desarrollo reglamentario del contenido educativo, salvo las ense\u00f1anzas incluidas en el Cat\u00e1logo de Especialidades Formativas del Sistema Nacional de Empleo que, por su naturaleza laboral, s\u00ed se incluyen en esta norma.<\/p>\n<p style=\"text-align: justify;\">Cuenta con <strong>cuatro cap\u00edtulos:<\/strong><\/p>\n<p style=\"text-align: justify;\">El <strong>cap\u00edtulo\u00a0I<\/strong> explicita las <strong>disposiciones generales<\/strong> de la norma, partiendo de la indicaci\u00f3n de su <strong>objeto<\/strong>, el n\u00famero m\u00e1ximo de contratos formativos que pueden hallarse vigentes, al mismo tiempo, por centro de trabajo, los derechos de informaci\u00f3n de la representaci\u00f3n legal de las personas trabajadoras y el papel de la negociaci\u00f3n colectiva en relaci\u00f3n con estas modalidades de contratos de trabajo.<\/p>\n<p style=\"text-align: justify;\">El <strong>cap\u00edtulo\u00a0II<\/strong> se centra en el <strong>contrato de formaci\u00f3n en alternancia<\/strong>.<\/p>\n<p style=\"text-align: justify;\">&#8211; La secci\u00f3n\u00a01.\u00aa regula los elementos y el r\u00e9gimen del <strong>contrato<\/strong>, estando entre ellos: la delimitaci\u00f3n de su objeto y de las partes intervinientes, duraci\u00f3n, jornada, retribuci\u00f3n, prohibici\u00f3n de periodos de prueba o la financiaci\u00f3n de las obligaciones de tutorizaci\u00f3n.<\/p>\n<p style=\"text-align: justify;\">&#8211; La secci\u00f3n\u00a02.\u00aa delimita los aspectos relacionados con la <strong>actividad formativa<\/strong> del contrato: los procesos formativos que pueden dar lugar a la celebraci\u00f3n de este contrato, contenido de los convenios de cooperaci\u00f3n o de colaboraci\u00f3n y de los planes formativos individuales y las obligaciones de tutorizaci\u00f3n vinculadas al contrato.<\/p>\n<p style=\"text-align: justify;\">&#8211; La secci\u00f3n\u00a03.\u00aa establece las particularidades aplicables a los procesos formativos en el \u00e1mbito del <strong>Cat\u00e1logo de Especialidades Formativas<\/strong> <strong>del Sistema Nacional de Empleo<\/strong>.<\/p>\n<p style=\"text-align: justify;\">El <strong>cap\u00edtulo\u00a0III<\/strong> regula el <strong>contrato para\u00a0la obtenci\u00f3n de pr\u00e1ctica profesional<\/strong>. Determina su \u00e1mbito objetivo y los t\u00edtulos profesionales habilitantes, la duraci\u00f3n del contrato y la posibilidad de pr\u00f3rroga, reglas aplicables a la retribuci\u00f3n y a la jornada. Permite establecer un periodo de prueba. Termina recogiendo el contenido m\u00ednimo del plan formativo individual, estatuto de los tutores y la certificaci\u00f3n de la pr\u00e1ctica.<\/p>\n<p style=\"text-align: justify;\">Y el <strong>cap\u00edtulo\u00a0IV<\/strong> establece las <strong>disposiciones comunes<\/strong> aplicables a las dos modalidades de contrato formativo. Entre ellas se encuentran las relativas a la averiguaci\u00f3n de si existen contratos formativos previos, la <strong>forma<\/strong> del contrato de trabajo y las obligaciones de comunicaci\u00f3n a los servicios p\u00fablicos de empleo. Se enumeran las situaciones que interrumpen el c\u00f3mputo de la duraci\u00f3n del contrato, las causas y efectos de la extinci\u00f3n del contrato, el alcance de la acci\u00f3n protectora vinculada a estos contratos y determina las consecuencias derivadas de celebrar contratos en fraude de ley.<\/p>\n<p style=\"text-align: justify;\">Las <strong>disposiciones adicionales<\/strong> regulan:<\/p>\n<p style=\"text-align: justify;\">&#8211; las particularidades en los contratos de formaci\u00f3n en alternancia suscritos en <strong>programas p\u00fablicos de empleo<\/strong> y formaci\u00f3n,<\/p>\n<p style=\"text-align: justify;\">&#8211; las especialidades aplicables a los contratos de formaci\u00f3n en alternancia concertados con <strong>personas con discapacidad<\/strong> o con capacidad intelectual l\u00edmite,<\/p>\n<p style=\"text-align: justify;\">&#8211; el contrato de formaci\u00f3n en alternancia en el marco de la autorizaci\u00f3n de <strong>residencia temporal<\/strong> por razones de arraigo socioformativo<\/p>\n<p style=\"text-align: justify;\">&#8211; y la <strong>definici\u00f3n de persona con discapacidad<\/strong> a los efectos de esta norma.<\/p>\n<p style=\"text-align: justify;\">En cuanto a las <strong>disposiciones transitorias<\/strong>\u2026:<\/p>\n<p style=\"text-align: justify;\">&#8211; la primera <strong>excluye<\/strong> la aplicaci\u00f3n de la norma a aquellos <strong>contratos celebrados antes<\/strong> de la entrada en vigor de este real decreto.<\/p>\n<p style=\"text-align: justify;\">&#8211; la segunda supedita la aplicaci\u00f3n de ciertas normas en materia de financiaci\u00f3n de la formaci\u00f3n mediante <strong>bonificaciones<\/strong> a la entrada en vigor de las disposiciones que se dicten al amparo de este real decreto.<\/p>\n<p style=\"text-align: justify;\">&#8211; y la tercera regula el r\u00e9gimen de transici\u00f3n del sistema de <strong>beca<\/strong> al contrato de formaci\u00f3n en alternancia en la formaci\u00f3n profesional del sistema educativo.<\/p>\n<p style=\"text-align: justify;\">La <strong>disposici\u00f3n derogatoria<\/strong> deroga:<\/p>\n<p style=\"text-align: justify;\">a)\u2003El Real Decreto\u00a0488\/1998, de\u00a027 de marzo.<\/p>\n<p style=\"text-align: justify;\">b)\u2003El Real Decreto\u00a01529\/2012, de\u00a08 de noviembre.<\/p>\n<p style=\"text-align: justify;\">c)\u2003La Orden ESS\/2518\/2013, de\u00a026 de diciembre, por la que se regulan los aspectos formativos del contrato para la formaci\u00f3n y el aprendizaje.<\/p>\n<p style=\"text-align: justify;\">Por \u00faltimo, las <strong>disposiciones finales<\/strong> se refieren, respectivamente, a los t\u00edtulos competenciales, a la habilitaci\u00f3n de ulterior desarrollo normativo y a la entrada en vigor, que tendr\u00e1 lugar el 17 de diciembre de 2025.<\/p>\n<ul>\n<li class=\"puntoPDF\" style=\"text-align: justify;\"><a title=\"PDF firmado BOE-A-2025-24011\" href=\"https:\/\/www.boe.es\/boe\/dias\/2025\/11\/27\/pdfs\/BOE-A-2025-24011.pdf\">PDF (BOE-A-2025-24011 &#8211; 19\u00a0<abbr title=\"p\u00e1ginas\">p\u00e1gs.<\/abbr>\u00a0&#8211; 315\u00a0<abbr title=\"kilobytes\">KB<\/abbr>)<\/a> \u00a0<a title=\"Versi\u00f3n HTML BOE-A-2025-24011\" href=\"https:\/\/www.boe.es\/diario_boe\/txt.php?id=BOE-A-2025-24011\">Otros formatos<\/a><\/li>\n<\/ul>\n<div class=\"enlacesDoc\" style=\"text-align: justify;\">\n<div class=\"enlacesDoc\">\n<div class=\"enlacesDoc\">\n<div class=\"enlacesDoc\">\n<div class=\"enlacesDoc\">\n<div class=\"enlacesDoc\">\n<div class=\"enlacesDoc\">\n<div class=\"enlacesDoc\">\n<div class=\"enlacesDoc\">\n<div class=\"enlacesDoc\">\n<div class=\"enlacesDoc\">\n<div class=\"enlacesDoc\">\n<div class=\"enlacesDoc\">\n<div class=\"enlacesDoc\">\n<div class=\"enlacesDoc\" style=\"text-align: justify;\">\n<div class=\"enlacesDoc\">\n<div class=\"enlacesDoc\">\n<div class=\"enlacesDoc\">\n<div class=\"enlacesDoc\">\n<a class=\"mwm-aal-item\" name=\"disposiciones-autonomicas\"><\/a><h6 style=\"text-align: justify;\"><strong style=\"font-size: 0.857143rem;\"><span style=\"font-size: 12pt;\">Disposiciones auton\u00f3micas<\/span><\/strong><\/h6>\n<p><span style=\"color: #0000ff;\"><strong>Resumen:<\/strong> Arag\u00f3n (da\u00f1os por emergencias, D\u00eda del Justicia de Arag\u00f3n), Baleares (suelo residencial, promoci\u00f3n industrial, presupuestos, servicios sociales), Catalu\u00f1a (Agencia Tributaria, medidas sociales, Impuesto medio ambiente), Navarra (Impuesto financiero, medio ambiente).<\/span><\/p>\n<\/div>\n<\/div>\n<\/div>\n<\/div>\n<\/div>\n<\/div>\n<\/div>\n<\/div>\n<\/div>\n<\/div>\n<\/div>\n<\/div>\n<\/div>\n<\/div>\n<\/div>\n<\/div>\n<\/div>\n<\/div>\n<\/div>\n<div class=\"enlacesDoc\" style=\"text-align: justify;\">\n<div class=\"enlacesDoc\">\n<div class=\"enlacesDoc\">\n<div class=\"enlacesDoc\">\n<div class=\"enlacesDoc\">\n<p style=\"text-align: justify;\"><strong>Arag\u00f3n.\u00a0<\/strong>Decreto-ley 6\/2025, de 2 de octubre, del Gobierno de Arag\u00f3n, por el que se establecen medidas para la reparaci\u00f3n urgente de los da\u00f1os causados y las p\u00e9rdidas producidas en el territorio de Arag\u00f3n en situaciones de emergencia de protecci\u00f3n civil.<\/p>\n<div class=\"enlacesDoc\">\n<ul>\n<li class=\"puntoPDF\"><a title=\"PDF firmado BOE-A-2025-22666\" href=\"https:\/\/www.boe.es\/boe\/dias\/2025\/11\/10\/pdfs\/BOE-A-2025-22666.pdf\">PDF (BOE-A-2025-22666 &#8211; 10\u00a0<abbr title=\"p\u00e1ginas\">p\u00e1gs.<\/abbr>\u00a0&#8211; 246\u00a0<abbr title=\"kilobytes\">KB<\/abbr>)<\/a> \u00a0<a title=\"Versi\u00f3n HTML BOE-A-2025-22666\" href=\"https:\/\/www.boe.es\/diario_boe\/txt.php?id=BOE-A-2025-22666\">Otros formatos<\/a><\/li>\n<\/ul>\n<p><strong>Arag\u00f3n.<\/strong> Ley 4\/2025, de 16 de octubre, por la que se modifica la Ley 4\/1985, de 27 de junio, reguladora del Justicia de Arag\u00f3n, a fin de declarar oficialmente el 20 de diciembre \u00abD\u00eda del Justicia de Arag\u00f3n\u00bb.<\/p>\n<div class=\"enlacesDoc\">\n<ul>\n<li class=\"puntoPDF\"><a title=\"PDF firmado BOE-A-2025-23424\" href=\"https:\/\/www.boe.es\/boe\/dias\/2025\/11\/20\/pdfs\/BOE-A-2025-23424.pdf\">PDF (BOE-A-2025-23424 &#8211; 2\u00a0<abbr title=\"p\u00e1ginas\">p\u00e1gs.<\/abbr>\u00a0&#8211; 194\u00a0<abbr title=\"kilobytes\">KB<\/abbr>)<\/a> \u00a0<a title=\"Versi\u00f3n HTML BOE-A-2025-23424\" href=\"https:\/\/www.boe.es\/diario_boe\/txt.php?id=BOE-A-2025-23424\">Otros formatos<\/a><\/li>\n<\/ul>\n<\/div>\n<\/div>\n<p><strong>Baleares. <\/strong>Ley 4\/2025, de 18 de julio, de actuaciones urgentes destinadas a la obtenci\u00f3n de suelo mediante proyectos residenciales estrat\u00e9gicos en las Illes Balears.<\/p>\n<div class=\"enlacesDoc\">\n<ul>\n<li class=\"puntoPDF\"><a title=\"PDF firmado BOE-A-2025-22026\" href=\"https:\/\/www.boe.es\/boe\/dias\/2025\/11\/01\/pdfs\/BOE-A-2025-22026.pdf\">PDF (BOE-A-2025-22026 &#8211; 40\u00a0<abbr title=\"p\u00e1ginas\">p\u00e1gs.<\/abbr>\u00a0&#8211; 885\u00a0<abbr title=\"kilobytes\">KB<\/abbr>)<\/a> \u00a0<a title=\"Versi\u00f3n HTML BOE-A-2025-22026\" href=\"https:\/\/www.boe.es\/diario_boe\/txt.php?id=BOE-A-2025-22026\">Otros formatos<\/a><\/li>\n<\/ul>\n<\/div>\n<p><strong>Baleares.\u00a0<\/strong>Ley 5\/2025, de 18 de julio, de gesti\u00f3n y modernizaci\u00f3n de las \u00e1reas de promoci\u00f3n industrial de las Illes Balears.<\/p>\n<div class=\"enlacesDoc\">\n<ul>\n<li class=\"puntoPDF\"><a title=\"PDF firmado BOE-A-2025-22027\" href=\"https:\/\/www.boe.es\/boe\/dias\/2025\/11\/01\/pdfs\/BOE-A-2025-22027.pdf\">PDF (BOE-A-2025-22027 &#8211; 15\u00a0<abbr title=\"p\u00e1ginas\">p\u00e1gs.<\/abbr>\u00a0&#8211; 277\u00a0<abbr title=\"kilobytes\">KB<\/abbr>)<\/a> \u00a0<a title=\"Versi\u00f3n HTML BOE-A-2025-22027\" href=\"https:\/\/www.boe.es\/diario_boe\/txt.php?id=BOE-A-2025-22027\">Otros formatos<\/a><\/li>\n<\/ul>\n<\/div>\n<p style=\"text-align: justify;\"><strong>Baleares.\u00a0<\/strong>Ley 6\/2025, de 23 de julio, de presupuestos generales de la Comunidad Aut\u00f3noma de las Illes Balears para el a\u00f1o 2025.<\/p>\n<div class=\"enlacesDoc\">\n<ul style=\"text-align: justify;\">\n<li class=\"puntoPDF\"><a title=\"PDF firmado BOE-A-2025-22028\" href=\"https:\/\/www.boe.es\/boe\/dias\/2025\/11\/01\/pdfs\/BOE-A-2025-22028.pdf\">PDF (BOE-A-2025-22028 &#8211; 137\u00a0<abbr title=\"p\u00e1ginas\">p\u00e1gs.<\/abbr>\u00a0&#8211; 2.243\u00a0<abbr title=\"kilobytes\">KB<\/abbr>)<\/a> \u00a0<a title=\"Versi\u00f3n HTML BOE-A-2025-22028\" href=\"https:\/\/www.boe.es\/diario_boe\/txt.php?id=BOE-A-2025-22028\">Otros formatos<\/a><\/li>\n<\/ul>\n<p><strong>Baleares.\u00a0<\/strong>Decreto-ley 7\/2025, de 24 de octubre, de medidas urgentes en materia de servicios sociales.<\/p>\n<div class=\"enlacesDoc\">\n<ul>\n<li class=\"puntoPDF\"><a title=\"PDF firmado BOE-A-2025-24161\" href=\"https:\/\/www.boe.es\/boe\/dias\/2025\/11\/29\/pdfs\/BOE-A-2025-24161.pdf\">PDF (BOE-A-2025-24161 &#8211; 7\u00a0<abbr title=\"p\u00e1ginas\">p\u00e1gs.<\/abbr>\u00a0&#8211; 227\u00a0<abbr title=\"kilobytes\">KB<\/abbr>)<\/a> \u00a0<a title=\"Versi\u00f3n HTML BOE-A-2025-24161\" href=\"https:\/\/www.boe.es\/diario_boe\/txt.php?id=BOE-A-2025-24161\">Otros formatos<\/a><\/li>\n<\/ul>\n<\/div>\n<p style=\"text-align: justify;\"><strong>Catalu\u00f1a.\u00a0<\/strong>Decreto-ley 15\/2025, de 26 de agosto, de medidas urgentes en el \u00e1mbito del r\u00e9gimen jur\u00eddico de la Agencia Tributaria de Catalu\u00f1a, para adaptarlo a las necesidades y nuevas funciones derivadas del sistema de financiaci\u00f3n singular de la Generalitat de Catalunya.<\/p>\n<div class=\"enlacesDoc\" style=\"text-align: justify;\">\n<ul>\n<li class=\"puntoPDF\"><a title=\"PDF firmado BOE-A-2025-22438\" href=\"https:\/\/www.boe.es\/boe\/dias\/2025\/11\/06\/pdfs\/BOE-A-2025-22438.pdf\">PDF (BOE-A-2025-22438 &#8211; 11\u00a0<abbr title=\"p\u00e1ginas\">p\u00e1gs.<\/abbr>\u00a0&#8211; 248\u00a0<abbr title=\"kilobytes\">KB<\/abbr>)<\/a>\u00a0 <a title=\"Versi\u00f3n HTML BOE-A-2025-22438\" href=\"https:\/\/www.boe.es\/diario_boe\/txt.php?id=BOE-A-2025-22438\">Otros formatos<\/a><\/li>\n<\/ul>\n<\/div>\n<p style=\"text-align: justify;\"><strong>Catalu\u00f1a.\u00a0<\/strong>Decreto-ley 16\/2025, de 2 de septiembre, por el que se modifica el Decreto-ley 2\/2023, de 17 de octubre, de medidas extraordinarias de car\u00e1cter social.<\/p>\n<div class=\"enlacesDoc\">\n<ul>\n<li class=\"puntoPDF\" style=\"text-align: justify;\"><a title=\"PDF firmado BOE-A-2025-22439\" href=\"https:\/\/www.boe.es\/boe\/dias\/2025\/11\/06\/pdfs\/BOE-A-2025-22439.pdf\">PDF (BOE-A-2025-22439 &#8211; 2\u00a0<abbr title=\"p\u00e1ginas\">p\u00e1gs.<\/abbr>\u00a0&#8211; 196\u00a0<abbr title=\"kilobytes\">KB<\/abbr>)<\/a> \u00a0<a title=\"Versi\u00f3n HTML BOE-A-2025-22439\" href=\"https:\/\/www.boe.es\/diario_boe\/txt.php?id=BOE-A-2025-22439\">Otros formatos<\/a><\/li>\n<\/ul>\n<p><strong>Catalu\u00f1a.\u00a0<\/strong>Decreto-ley 19\/2025, de 30 de septiembre, de medidas extraordinarias en el \u00e1mbito del impuesto sobre las instalaciones que inciden en el medio ambiente.<\/p>\n<div class=\"enlacesDoc\">\n<ul>\n<li class=\"puntoPDF\"><a title=\"PDF firmado BOE-A-2025-23136\" href=\"https:\/\/www.boe.es\/boe\/dias\/2025\/11\/15\/pdfs\/BOE-A-2025-23136.pdf\">PDF (BOE-A-2025-23136 &#8211; 6\u00a0<abbr title=\"p\u00e1ginas\">p\u00e1gs.<\/abbr>\u00a0&#8211; 234\u00a0<abbr title=\"kilobytes\">KB<\/abbr>)<\/a> \u00a0<a title=\"Versi\u00f3n HTML BOE-A-2025-23136\" href=\"https:\/\/www.boe.es\/diario_boe\/txt.php?id=BOE-A-2025-23136\">Otros formatos<\/a><\/li>\n<\/ul>\n<\/div>\n<p><strong>Navarra.\u00a0<\/strong>Ley Foral 11\/2025, de 23 de octubre, del Impuesto sobre el margen de intereses y comisiones de determinadas entidades financieras.<\/p>\n<div class=\"enlacesDoc\">\n<ul>\n<li class=\"puntoPDF\"><a title=\"PDF firmado BOE-A-2025-22959\" href=\"https:\/\/www.boe.es\/boe\/dias\/2025\/11\/13\/pdfs\/BOE-A-2025-22959.pdf\">PDF (BOE-A-2025-22959 &#8211; 6\u00a0<abbr title=\"p\u00e1ginas\">p\u00e1gs.<\/abbr>\u00a0&#8211; 261\u00a0<abbr title=\"kilobytes\">KB<\/abbr>)<\/a> \u00a0<a title=\"Versi\u00f3n HTML BOE-A-2025-22959\" href=\"https:\/\/www.boe.es\/diario_boe\/txt.php?id=BOE-A-2025-22959\">Otros formatos<\/a><\/li>\n<\/ul>\n<p><strong>Navarra.<\/strong> Ley Foral 14\/2025, de 7 de noviembre, de modificaci\u00f3n de la Ley Foral 17\/2020, de 16 de diciembre, reguladora de las actividades con incidencia ambiental.<\/p>\n<div class=\"enlacesDoc\">\n<ul>\n<li class=\"puntoPDF\"><a title=\"PDF firmado BOE-A-2025-23425\" href=\"https:\/\/www.boe.es\/boe\/dias\/2025\/11\/20\/pdfs\/BOE-A-2025-23425.pdf\">PDF (BOE-A-2025-23425 &#8211; 3\u00a0<abbr title=\"p\u00e1ginas\">p\u00e1gs.<\/abbr>\u00a0&#8211; 198\u00a0<abbr title=\"kilobytes\">KB<\/abbr>)<\/a> \u00a0<a title=\"Versi\u00f3n HTML BOE-A-2025-23425\" href=\"https:\/\/www.boe.es\/diario_boe\/txt.php?id=BOE-A-2025-23425\">Otros formatos<\/a><\/li>\n<\/ul>\n<\/div>\n<\/div>\n<\/div>\n<\/div>\n<\/div>\n<\/div>\n<\/div>\n<\/div>\n<\/div>\n<div class=\"enlacesDoc\" style=\"text-align: justify;\">\n<div class=\"enlacesDoc\">\n<div class=\"enlacesDoc\">\n<div class=\"enlacesDoc\">\n<div class=\"enlacesDoc\">\n<a class=\"mwm-aal-item\" name=\"tribunal-constitucional\"><\/a><h6 style=\"text-align: justify;\"><span style=\"font-size: 12pt;\">Tribunal Constitucional<\/span><\/h6>\n<p><span style=\"color: #0000ff;\"><strong>Resumen.<\/strong> <strong>Sentencias:<\/strong> Devoluci\u00f3n de ayudas otorgadas por la Hacienda Foral de \u00c1lava. Acreditaci\u00f3n de carrera profesional (no agotada la v\u00eda previa). Reclamaci\u00f3n de cantidad laboral (emplazamiento por edictos). Acci\u00f3n reivindicatoria sin averiguar domicilio. Prestaci\u00f3n por nacimiento y cuidado de hijos. Isla de Valdeca\u00f1as (C\u00e1ceres). Decreto Ley catal\u00e1n (impuesto sobre las instalaciones que inciden en el medio ambiente). Ley de Amnist\u00eda (2).<strong> Recursos:<\/strong> Reglamento del Senado. Arag\u00f3n: comunidades energ\u00e9ticas. Presupuestos de Canarias. Proyectos residenciales en Baleares. Murcia: organizaciones sindicales y empresariales. <strong>Conflicto<\/strong> Congreso &#8211; Senado.\u00a0<\/span><\/p>\n<\/div>\n<\/div>\n<\/div>\n<\/div>\n<\/div>\n<div class=\"enlacesDoc\">\n<p style=\"text-align: justify;\"><strong>Devoluci\u00f3n de ayudas.<\/strong> Sala Segunda. Sentencia 152\/2025, de 6 de octubre de 2025. Recurso de amparo 7042-2021. Promovido por Tubos Reunidos, S.A., respecto de las resoluciones dictadas por las salas de lo contencioso-administrativo del Tribunal Supremo y del Tribunal Superior de Justicia del Pa\u00eds Vasco en proceso por devoluci\u00f3n de ayudas otorgadas por la hacienda foral de \u00c1lava.<\/p>\n<p style=\"text-align: justify;\">Vulneraci\u00f3n del derecho a la tutela judicial efectiva: sentencia que dej\u00f3 imprejuzgada la cuesti\u00f3n de fondo suscitada por la parte actora al declarar la incompetencia del \u00f3rgano jurisdiccional para enjuiciar el posible efecto incentivador de las ayudas como causa de excepci\u00f3n de la aplicaci\u00f3n de la decisi\u00f3n de la Comisi\u00f3n Europea sobre incompatibilidad con el mercado com\u00fan de los cr\u00e9ditos fiscales a la inversi\u00f3n ejecutados en beneficio de las empresas alavesas.<\/p>\n<div class=\"enlacesDoc\" style=\"text-align: justify;\">\n<ul>\n<li class=\"puntoPDF\"><a title=\"PDF firmado BOE-A-2025-22775\" href=\"https:\/\/www.boe.es\/boe\/dias\/2025\/11\/10\/pdfs\/BOE-A-2025-22775.pdf\">PDF (BOE-A-2025-22775 &#8211; 26\u00a0<abbr title=\"p\u00e1ginas\">p\u00e1gs.<\/abbr>\u00a0&#8211; 328\u00a0<abbr title=\"kilobytes\">KB<\/abbr>)<\/a> \u00a0<a title=\"Versi\u00f3n HTML BOE-A-2025-22775\" href=\"https:\/\/www.boe.es\/diario_boe\/txt.php?id=BOE-A-2025-22775\">Otros formatos<\/a><\/li>\n<\/ul>\n<\/div>\n<p style=\"text-align: justify;\"><strong>Acreditaci\u00f3n de carrera profesional.<\/strong> Sala Segunda. Sentencia 153\/2025, de 6 de octubre de 2025. Recurso de amparo 7991-2021. Promovido por don Juan Antonio Mu\u00f1oz \u00c1lvarez en relaci\u00f3n con las sentencias dictadas por la Sala de lo Contencioso-Administrativo del Tribunal Superior de Justicia de Andaluc\u00eda, y un juzgado del mismo orden jurisdiccional de Sevilla, en proceso sobre acreditaci\u00f3n de la carrera profesional en el Servicio Andaluz de Salud.<\/p>\n<p style=\"text-align: justify;\">Alegada vulneraci\u00f3n de los derechos a la igualdad y a la actividad sindical: inadmisi\u00f3n del recurso de amparo promovido sin agotar la v\u00eda judicial previa.<\/p>\n<div class=\"enlacesDoc\" style=\"text-align: justify;\">\n<ul>\n<li class=\"puntoPDF\"><a title=\"PDF firmado BOE-A-2025-22776\" href=\"https:\/\/www.boe.es\/boe\/dias\/2025\/11\/10\/pdfs\/BOE-A-2025-22776.pdf\">PDF (BOE-A-2025-22776 &#8211; 9\u00a0<abbr title=\"p\u00e1ginas\">p\u00e1gs.<\/abbr>\u00a0&#8211; 232\u00a0<abbr title=\"kilobytes\">KB<\/abbr>)<\/a> \u00a0<a title=\"Versi\u00f3n HTML BOE-A-2025-22776\" href=\"https:\/\/www.boe.es\/diario_boe\/txt.php?id=BOE-A-2025-22776\">Otros formatos<\/a><\/li>\n<\/ul>\n<\/div>\n<p style=\"text-align: justify;\"><strong>Reclamaci\u00f3n de cantidad laboral.<\/strong> Sala Segunda. Sentencia 156\/2025, de 6 de octubre de 2025. Recurso de amparo 7682-2022. Promovido por Games Valencia, S.L., respecto de las resoluciones dictadas por un juzgado de lo social de Madrid en ejecuci\u00f3n de sentencia dictada en proceso de reclamaci\u00f3n de cantidad.<\/p>\n<p style=\"text-align: justify;\">Vulneraci\u00f3n del derecho a la tutela judicial sin indefensi\u00f3n y a una resoluci\u00f3n fundada en Derecho: emplazamiento por edictos practicado sin agotar las posibilidades de notificaci\u00f3n personal a la demandada; desestimaci\u00f3n irrazonable del incidente de nulidad de actuaciones planteado por quien denunci\u00f3 en tiempo y forma la vulneraci\u00f3n de su derecho fundamental, con invocaci\u00f3n de la doctrina constitucional que serv\u00eda de respaldo a su reclamaci\u00f3n.<\/p>\n<div class=\"enlacesDoc\" style=\"text-align: justify;\">\n<ul>\n<li class=\"puntoPDF\"><a title=\"PDF firmado BOE-A-2025-22779\" href=\"https:\/\/www.boe.es\/boe\/dias\/2025\/11\/10\/pdfs\/BOE-A-2025-22779.pdf\">PDF (BOE-A-2025-22779 &#8211; 9\u00a0<abbr title=\"p\u00e1ginas\">p\u00e1gs.<\/abbr>\u00a0&#8211; 234\u00a0<abbr title=\"kilobytes\">KB<\/abbr>)<\/a> \u00a0<a title=\"Versi\u00f3n HTML BOE-A-2025-22779\" href=\"https:\/\/www.boe.es\/diario_boe\/txt.php?id=BOE-A-2025-22779\">Otros formatos<\/a><\/li>\n<\/ul>\n<\/div>\n<p style=\"text-align: justify;\"><strong>Acci\u00f3n reivindicatoria.<\/strong> Sala Primera. Sentencia 157\/2025, de 6 de octubre de 2025. Recurso de amparo 6563-2024. Promovido por la Asociaci\u00f3n Cultural y Deportiva La Serna de Ebro en relaci\u00f3n con las resoluciones dictadas por un juzgado de primera instancia e instrucci\u00f3n de Reinosa (Cantabria) en proceso ordinario por ejercicio de acci\u00f3n reivindicatoria.<\/p>\n<p style=\"text-align: justify;\">Vulneraci\u00f3n del derecho a la tutela judicial efectiva sin indefensi\u00f3n: falta de diligencia del \u00f3rgano judicial en su obligaci\u00f3n de agotar los medios de averiguaci\u00f3n de un domicilio efectivo donde emplazar personalmente a la demandada, no reparada al inadmitir el incidente de nulidad de actuaciones.<\/p>\n<div class=\"enlacesDoc\" style=\"text-align: justify;\">\n<ul>\n<li class=\"puntoPDF\"><a title=\"PDF firmado BOE-A-2025-22780\" href=\"https:\/\/www.boe.es\/boe\/dias\/2025\/11\/10\/pdfs\/BOE-A-2025-22780.pdf\">PDF (BOE-A-2025-22780 &#8211; 12\u00a0<abbr title=\"p\u00e1ginas\">p\u00e1gs.<\/abbr>\u00a0&#8211; 251\u00a0<abbr title=\"kilobytes\">KB<\/abbr>)<\/a> \u00a0<a title=\"Versi\u00f3n HTML BOE-A-2025-22780\" href=\"https:\/\/www.boe.es\/diario_boe\/txt.php?id=BOE-A-2025-22780\">Otros formatos<\/a><\/li>\n<\/ul>\n<\/div>\n<p style=\"text-align: justify;\"><strong>Prestaci\u00f3n por nacimiento y cuidado de hijos (2).<\/strong> Sala Segunda. Sentencia 158\/2025, de 6 de octubre de 2025. Recurso de amparo 8678-2024. Promovido por do\u00f1a Itsaso Madariaga L\u00f3pez en relaci\u00f3n con las resoluciones administrativas y judiciales que desestimaron su petici\u00f3n de revisi\u00f3n y ampliaci\u00f3n de la prestaci\u00f3n por nacimiento y cuidado de hijo menor, como madre biol\u00f3gica de familia monoparental.<\/p>\n<p style=\"text-align: justify;\">Vulneraci\u00f3n del derecho a la igualdad ante la ley sin discriminaci\u00f3n por raz\u00f3n de nacimiento: resoluciones judiciales y administrativas que aplican una regulaci\u00f3n legal declarada inconstitucional en la STC 140\/2024, en tanto que omite la posibilidad de que las madres biol\u00f3gicas de familias monoparentales, trabajadoras por cuenta ajena, puedan ampliar su permiso por nacimiento disfrutando del permiso que corresponder\u00eda al otro progenitor, caso de existir.<\/p>\n<div class=\"enlacesDoc\" style=\"text-align: justify;\">\n<ul>\n<li class=\"puntoPDF\"><a title=\"PDF firmado BOE-A-2025-22781\" href=\"https:\/\/www.boe.es\/boe\/dias\/2025\/11\/10\/pdfs\/BOE-A-2025-22781.pdf\">PDF (BOE-A-2025-22781 &#8211; 5\u00a0<abbr title=\"p\u00e1ginas\">p\u00e1gs.<\/abbr>\u00a0&#8211; 211\u00a0<abbr title=\"kilobytes\">KB<\/abbr>)<\/a> \u00a0<a title=\"Versi\u00f3n HTML BOE-A-2025-22781\" href=\"https:\/\/www.boe.es\/diario_boe\/txt.php?id=BOE-A-2025-22781\">Otros formatos<\/a>\u00a0<\/li>\n<li class=\"puntoPDF\"><a title=\"PDF firmado BOE-A-2025-22782\" href=\"https:\/\/www.boe.es\/boe\/dias\/2025\/11\/10\/pdfs\/BOE-A-2025-22782.pdf\">PDF (BOE-A-2025-22782 &#8211; 5\u00a0<abbr title=\"p\u00e1ginas\">p\u00e1gs.<\/abbr>\u00a0&#8211; 209\u00a0<abbr title=\"kilobytes\">KB<\/abbr>)<\/a> \u00a0<a title=\"Versi\u00f3n HTML BOE-A-2025-22782\" href=\"https:\/\/www.boe.es\/diario_boe\/txt.php?id=BOE-A-2025-22782\">Otros formatos<\/a><\/li>\n<\/ul>\n<\/div>\n<p style=\"text-align: justify;\"><strong>Acuerdo del CGPJ recurrido.<\/strong> Pleno. Sentencia 161\/2025, de 7 de octubre de 2025. Recurso de amparo 6420-2021. Promovido por do\u00f1a Mar\u00eda Jos\u00e9 Hern\u00e1ndez Vitoria respecto de la sentencia de la Sala de lo Contencioso-Administrativo del Tribunal Supremo estimatoria del recurso interpuesto frente al acuerdo de la Comisi\u00f3n Permanente del Consejo General del Poder Judicial relativo a su designaci\u00f3n como miembro de la Red de Especialistas en Derecho de la Uni\u00f3n Europea.<\/p>\n<p style=\"text-align: justify;\">Vulneraci\u00f3n del derecho a la tutela judicial efectiva (acceso a la jurisdicci\u00f3n): resoluci\u00f3n judicial que deja imprejuzgada una alegaci\u00f3n sustancial de la codemandada al entender que el \u00e1mbito de cognici\u00f3n del proceso queda restringido a aquello planteado por el actor en su demanda.<\/p>\n<div class=\"enlacesDoc\" style=\"text-align: justify;\">\n<ul>\n<li class=\"puntoPDF\"><a title=\"PDF firmado BOE-A-2025-22784\" href=\"https:\/\/www.boe.es\/boe\/dias\/2025\/11\/10\/pdfs\/BOE-A-2025-22784.pdf\">PDF (BOE-A-2025-22784 &#8211; 20\u00a0<abbr title=\"p\u00e1ginas\">p\u00e1gs.<\/abbr>\u00a0&#8211; 312\u00a0<abbr title=\"kilobytes\">KB<\/abbr>)<\/a> \u00a0<a title=\"Versi\u00f3n HTML BOE-A-2025-22784\" href=\"https:\/\/www.boe.es\/diario_boe\/txt.php?id=BOE-A-2025-22784\">Otros formatos<\/a><\/li>\n<\/ul>\n<\/div>\n<p style=\"text-align: justify;\"><strong>Isla de Valdeca\u00f1as.<\/strong> Pleno. Sentencia 162\/2025, de 7 de octubre de 2025. Recurso de amparo 3934-2022. Promovido por las comunidades de propietarios del complejo residencial norte, centro y sur de la Isla de Valdeca\u00f1as respecto de la sentencia de la Sala de lo Contencioso-Administrativo del Tribunal Supremo estimatoria del recurso de casaci\u00f3n formulado respecto de la resoluci\u00f3n de la Sala de lo Contencioso-Administrativo del Tribunal Superior de Justicia de Extremadura que hab\u00eda declarado la imposibilidad material parcial de ejecuci\u00f3n de la sentencia declarativa de la nulidad del decreto que aprob\u00f3 el proyecto de inter\u00e9s regional promovido por Marina Isla de Valdeca\u00f1as, S.A.<\/p>\n<p style=\"text-align: justify;\">Supuesta vulneraci\u00f3n de los derechos a la tutela judicial efectiva (exceso de jurisdicci\u00f3n e intangibilidad de las resoluciones judiciales firmes) y al juez imparcial: la participaci\u00f3n en la aprobaci\u00f3n de una sentencia materialmente conectada con el objeto del recurso de casaci\u00f3n no es causa suficiente de p\u00e9rdida de la imparcialidad (STC 149\/2025); sentencia casacional suficientemente motivada, que no incurre en exceso de jurisdicci\u00f3n ni desconoce la intangibilidad de las resoluciones judiciales firmes.<\/p>\n<div class=\"enlacesDoc\" style=\"text-align: justify;\">\n<ul>\n<li class=\"puntoPDF\"><a title=\"PDF firmado BOE-A-2025-22785\" href=\"https:\/\/www.boe.es\/boe\/dias\/2025\/11\/10\/pdfs\/BOE-A-2025-22785.pdf\">PDF (BOE-A-2025-22785 &#8211; 17\u00a0<abbr title=\"p\u00e1ginas\">p\u00e1gs.<\/abbr>\u00a0&#8211; 274\u00a0<abbr title=\"kilobytes\">KB<\/abbr>)<\/a> \u00a0<a title=\"Versi\u00f3n HTML BOE-A-2025-22785\" href=\"https:\/\/www.boe.es\/diario_boe\/txt.php?id=BOE-A-2025-22785\">Otros formatos<\/a><\/li>\n<\/ul>\n<\/div>\n<p style=\"text-align: justify;\"><strong>Decreto-Ley catal\u00e1n.<\/strong> Pleno. Sentencia 163\/2025, de 7 de octubre de 2025. Cuesti\u00f3n de inconstitucionalidad 5367-2024. Planteada por la Secci\u00f3n Primera de la Sala de lo Contencioso-Administrativo del Tribunal Superior de Justicia de Catalu\u00f1a, en relaci\u00f3n con el art\u00edculo 2 del Decreto-ley de la Generalitat de Catalu\u00f1a 4\/2022, de 5 de abril, de medidas urgentes en el \u00e1mbito tributario y financiero.<\/p>\n<p style=\"text-align: justify;\">L\u00edmites materiales de los decretos leyes: constitucionalidad del precepto legal que modifica el tipo de gravamen del impuesto sobre las instalaciones que inciden en el medio ambiente de Catalu\u00f1a.<\/p>\n<div class=\"enlacesDoc\" style=\"text-align: justify;\">\n<ul>\n<li class=\"puntoPDF\"><a title=\"PDF firmado BOE-A-2025-22786\" href=\"https:\/\/www.boe.es\/boe\/dias\/2025\/11\/10\/pdfs\/BOE-A-2025-22786.pdf\">PDF (BOE-A-2025-22786 &#8211; 19\u00a0<abbr title=\"p\u00e1ginas\">p\u00e1gs.<\/abbr>\u00a0&#8211; 293\u00a0<abbr title=\"kilobytes\">KB<\/abbr>)<\/a> \u00a0<a title=\"Versi\u00f3n HTML BOE-A-2025-22786\" href=\"https:\/\/www.boe.es\/diario_boe\/txt.php?id=BOE-A-2025-22786\">Otros formatos<\/a><\/li>\n<\/ul>\n<\/div>\n<p style=\"text-align: justify;\"><strong>Ley de amnist\u00eda.<\/strong> Pleno. Sentencia 164\/2025, de 8 de octubre de 2025. Cuesti\u00f3n de inconstitucionalidad 6053-2024. Planteada por la Sala de lo Penal del Tribunal Supremo en relaci\u00f3n con el art\u00edculo 1 de la Ley Org\u00e1nica 1\/2024, de 10 de junio, de amnist\u00eda para la normalizaci\u00f3n institucional, pol\u00edtica y social en Catalu\u00f1a.<\/p>\n<p style=\"text-align: justify;\">Principios de igualdad, seguridad jur\u00eddica e interdicci\u00f3n de la arbitrariedad; reserva de jurisdicci\u00f3n: inconstitucionalidad parcial de la delimitaci\u00f3n del \u00e1mbito objetivo de aplicaci\u00f3n de la ley (STC 137\/2025). Votos particulares.<\/p>\n<div class=\"enlacesDoc\" style=\"text-align: justify;\">\n<ul>\n<li class=\"puntoPDF\"><a title=\"PDF firmado BOE-A-2025-22787\" href=\"https:\/\/www.boe.es\/boe\/dias\/2025\/11\/10\/pdfs\/BOE-A-2025-22787.pdf\">PDF (BOE-A-2025-22787 &#8211; 27\u00a0<abbr title=\"p\u00e1ginas\">p\u00e1gs.<\/abbr>\u00a0&#8211; 353\u00a0<abbr title=\"kilobytes\">KB<\/abbr>)<\/a> \u00a0<a title=\"Versi\u00f3n HTML BOE-A-2025-22787\" href=\"https:\/\/www.boe.es\/diario_boe\/txt.php?id=BOE-A-2025-22787\">Otros formatos<\/a><\/li>\n<\/ul>\n<\/div>\n<p style=\"text-align: justify;\"><strong>Ley de amnist\u00eda.<\/strong> Pleno. Sentencia 165\/2025, de 8 de octubre de 2025. Recurso de inconstitucionalidad 6486-2024. Interpuesto por las Cortes de Arag\u00f3n en relaci\u00f3n con la Ley Org\u00e1nica 1\/2024, de 10 de junio, de amnist\u00eda para la normalizaci\u00f3n institucional, pol\u00edtica y social en Catalu\u00f1a.<\/p>\n<p style=\"text-align: justify;\">Principios de seguridad jur\u00eddica e interdicci\u00f3n de la arbitrariedad; derechos a la igualdad, a la tutela judicial efectiva y a la legalidad penal; reserva de jurisdicci\u00f3n; procedimiento de reforma constitucional: p\u00e9rdida de objeto de la impugnaci\u00f3n de los preceptos legales que delimitan el \u00e1mbito objetivo y temporal de aplicaci\u00f3n de la ley; constitucionalidad de la amnist\u00eda (STC 137\/2025). Votos particulares.<\/p>\n<div class=\"enlacesDoc\" style=\"text-align: justify;\">\n<ul>\n<li class=\"puntoPDF\" style=\"text-align: justify;\"><a title=\"PDF firmado BOE-A-2025-22788\" href=\"https:\/\/www.boe.es\/boe\/dias\/2025\/11\/10\/pdfs\/BOE-A-2025-22788.pdf\">PDF (BOE-A-2025-22788 &#8211; 87\u00a0<abbr title=\"p\u00e1ginas\">p\u00e1gs.<\/abbr>\u00a0&#8211; 741\u00a0<abbr title=\"kilobytes\">KB<\/abbr>)<\/a> \u00a0<a title=\"Versi\u00f3n HTML BOE-A-2025-22788\" href=\"https:\/\/www.boe.es\/diario_boe\/txt.php?id=BOE-A-2025-22788\">Otros formatos<\/a><\/li>\n<\/ul>\n<p><strong>Reglamento del Senado.<\/strong> Recurso de Inconstitucionalidad n.\u00ba 6285-2025, en relaci\u00f3n con la reforma del Reglamento del Senado por la que se modifican los art\u00edculos 133, 160 a 166, 168 y 169, en lo que respecta al art\u00edculo 133, aprobada por el Pleno del Senado el 18 de junio de 2025. <a href=\"https:\/\/www.notariosyregistradores.com\/web\/normas\/informes-mensuales\/informe-374-boe-noviembre-2025\/#reglamento-del-senado\">Ver reforma.<\/a><\/p>\n<div class=\"enlacesDoc\">\n<ul>\n<li class=\"puntoPDF\"><a title=\"PDF firmado BOE-A-2025-23824\" href=\"https:\/\/www.boe.es\/boe\/dias\/2025\/11\/25\/pdfs\/BOE-A-2025-23824.pdf\">PDF (BOE-A-2025-23824 &#8211; 1\u00a0<abbr title=\"p\u00e1gina\">p\u00e1g.<\/abbr>\u00a0&#8211; 186\u00a0<abbr title=\"kilobytes\">KB<\/abbr>)<\/a> \u00a0<a title=\"Versi\u00f3n HTML BOE-A-2025-23824\" href=\"https:\/\/www.boe.es\/diario_boe\/txt.php?id=BOE-A-2025-23824\">Otros formatos<\/a><\/li>\n<\/ul>\n<\/div>\n<p><strong>Arag\u00f3n: comunidades energ\u00e9ticas.<\/strong> Recurso de Inconstitucionalidad n.\u00ba 6697-2025, contra los art\u00edculos 4, apartado 3; 11; 58; 59; 60, apartados 1 y 2, as\u00ed como apartado 3 \u00fanicamente respecto de las letras a), b) y c); 61; 62 y disposici\u00f3n adicional tercera de la Ley 5\/2024, de 19 de diciembre, de medidas de fomento de comunidades energ\u00e9ticas y autoconsumo industrial en Arag\u00f3n.<\/p>\n<div class=\"enlacesDoc\">\n<ul>\n<li class=\"puntoPDF\"><a title=\"PDF firmado BOE-A-2025-23825\" href=\"https:\/\/www.boe.es\/boe\/dias\/2025\/11\/25\/pdfs\/BOE-A-2025-23825.pdf\">PDF (BOE-A-2025-23825 &#8211; 1\u00a0<abbr title=\"p\u00e1gina\">p\u00e1g.<\/abbr>\u00a0&#8211; 187\u00a0<abbr title=\"kilobytes\">KB<\/abbr>)<\/a> \u00a0<a title=\"Versi\u00f3n HTML BOE-A-2025-23825\" href=\"https:\/\/www.boe.es\/diario_boe\/txt.php?id=BOE-A-2025-23825\">Otros formatos<\/a><\/li>\n<\/ul>\n<\/div>\n<p><strong>Canarias: presupuestos.<\/strong> Recurso de Inconstitucionalidad n.\u00ba 6811-2025, en relaci\u00f3n con los siguientes preceptos de la Ley 5\/2024, de 26 de diciembre, de Presupuestos Generales de la Comunidad Aut\u00f3noma de Canarias para 2025: (i) disposici\u00f3n final cuarta, por la que se modifica la disposici\u00f3n adicional cuarta de la Ley 11\/1994, de 26 de julio, de Ordenaci\u00f3n Sanitaria de Canarias; y (ii) disposici\u00f3n final octava, apartado uno, por el que se modifican los apartados 2 y 4, y se a\u00f1aden tres nuevos apartados, 7, 8 y 9, a la disposici\u00f3n transitoria tercera de la Ley 9\/2014, de 8 de noviembre, de medidas tributarias, administrativas y sociales de Canarias.<\/p>\n<div class=\"enlacesDoc\">\n<ul>\n<li class=\"puntoPDF\"><a title=\"PDF firmado BOE-A-2025-23826\" href=\"https:\/\/www.boe.es\/boe\/dias\/2025\/11\/25\/pdfs\/BOE-A-2025-23826.pdf\">PDF (BOE-A-2025-23826 &#8211; 1\u00a0<abbr title=\"p\u00e1gina\">p\u00e1g.<\/abbr>\u00a0&#8211; 188\u00a0<abbr title=\"kilobytes\">KB<\/abbr>)<\/a> \u00a0<a title=\"Versi\u00f3n HTML BOE-A-2025-23826\" href=\"https:\/\/www.boe.es\/diario_boe\/txt.php?id=BOE-A-2025-23826\">Otros formatos<\/a><\/li>\n<\/ul>\n<\/div>\n<p><strong>Baleares: proyectos residenciales.<\/strong> Recurso de Inconstitucionalidad n.\u00ba 7410-2025, contra los art\u00edculos 2.1, 3, 4.1, 4.2 y 4.3; 7.c), d), e) y h), 8, 10.c), d), e) y h); 11, 15, 16.1.b), c) y d) y 16.2 y disposiciones adicionales primera, tercera, quinta, final segunda, final decimocuarta y final decimos\u00e9ptima de la Ley 4\/2025, de 18 de julio, de actuaciones urgentes destinadas a la obtenci\u00f3n de suelo mediante proyectos residenciales estrat\u00e9gicos en las Illes Balears.<\/p>\n<div class=\"enlacesDoc\">\n<ul>\n<li class=\"puntoPDF\"><a title=\"PDF firmado BOE-A-2025-23827\" href=\"https:\/\/www.boe.es\/boe\/dias\/2025\/11\/25\/pdfs\/BOE-A-2025-23827.pdf\">PDF (BOE-A-2025-23827 &#8211; 1\u00a0<abbr title=\"p\u00e1gina\">p\u00e1g.<\/abbr>\u00a0&#8211; 187\u00a0<abbr title=\"kilobytes\">KB<\/abbr>)<\/a> \u00a0<a title=\"Versi\u00f3n HTML BOE-A-2025-23827\" href=\"https:\/\/www.boe.es\/diario_boe\/txt.php?id=BOE-A-2025-23827\">Otros formatos<\/a><\/li>\n<\/ul>\n<\/div>\n<p><strong>Murcia: organizaciones sindicales y empresariales<\/strong>. Recurso de Inconstitucionalidad n.\u00ba 7512-2025, contra la Ley 2\/2025, de 4 de julio, de modificaci\u00f3n de la Ley 5\/2017, de 5 de julio, de participaci\u00f3n institucional de las organizaciones sindicales y empresariales m\u00e1s representativas en el \u00e1mbito de la Regi\u00f3n de Murcia.<\/p>\n<p>Recurso de Inconstitucionalidad n.\u00ba 7517-2025, contra la Ley 2\/2025, de 4 de julio, de modificaci\u00f3n de la Ley 5\/2017, de 5 de julio, de participaci\u00f3n institucional de las organizaciones sindicales y empresariales m\u00e1s representativas en el \u00e1mbito de la Regi\u00f3n de Murcia.<\/p>\n<div class=\"enlacesDoc\">\n<ul>\n<li><a title=\"PDF firmado BOE-A-2025-23828\" href=\"https:\/\/www.boe.es\/boe\/dias\/2025\/11\/25\/pdfs\/BOE-A-2025-23828.pdf\">PDF (BOE-A-2025-23828 &#8211; 1\u00a0<abbr title=\"p\u00e1gina\">p\u00e1g.<\/abbr>\u00a0&#8211; 186\u00a0<abbr title=\"kilobytes\">KB<\/abbr>)<\/a> \u00a0<a title=\"Versi\u00f3n HTML BOE-A-2025-23828\" href=\"https:\/\/www.boe.es\/diario_boe\/txt.php?id=BOE-A-2025-23828\">Otros formatos<\/a><\/li>\n<li><a style=\"font-size: 1rem;\" title=\"PDF firmado BOE-A-2025-23829\" href=\"https:\/\/www.boe.es\/boe\/dias\/2025\/11\/25\/pdfs\/BOE-A-2025-23829.pdf\">PDF (BOE-A-2025-23829 &#8211; 1\u00a0<abbr title=\"p\u00e1gina\">p\u00e1g.<\/abbr>\u00a0&#8211; 185\u00a0<abbr title=\"kilobytes\">KB<\/abbr>)<\/a><span style=\"font-size: 1rem;\"> \u00a0<\/span><a style=\"font-size: 1rem;\" title=\"Versi\u00f3n HTML BOE-A-2025-23829\" href=\"https:\/\/www.boe.es\/diario_boe\/txt.php?id=BOE-A-2025-23829\">Otros formatos<\/a><\/li>\n<\/ul>\n<\/div>\n<div class=\"enlacesDoc\">\n<p><strong>Conflicto Congreso &#8211; Senado.<\/strong> Conflicto entre \u00f3rganos constitucionales n.\u00ba 9110-2024, en relaci\u00f3n con el Acuerdo de la Mesa del Congreso de los Diputados, de 15 de octubre de 2024, relativo al Proyecto de Ley Org\u00e1nica por la que se modifica la Ley Org\u00e1nica 7\/2014, de 12 de noviembre, sobre intercambio de informaci\u00f3n de antecedentes penales y consideraci\u00f3n de resoluciones judiciales penales en la Uni\u00f3n Europea, para su adecuaci\u00f3n a la normativa de la Uni\u00f3n Europea sobre el Sistema Europeo de Informaci\u00f3n de Antecedentes Penales (ECRIS).<\/p>\n<div class=\"enlacesDoc\">\n<ul>\n<li class=\"puntoPDF\"><a title=\"PDF firmado BOE-A-2025-23830\" href=\"https:\/\/www.boe.es\/boe\/dias\/2025\/11\/25\/pdfs\/BOE-A-2025-23830.pdf\">PDF (BOE-A-2025-23830 &#8211; 1\u00a0<abbr title=\"p\u00e1gina\">p\u00e1g.<\/abbr>\u00a0&#8211; 187\u00a0<abbr title=\"kilobytes\">KB<\/abbr>)<\/a> \u00a0<a title=\"Versi\u00f3n HTML BOE-A-2025-23830\" href=\"https:\/\/www.boe.es\/diario_boe\/txt.php?id=BOE-A-2025-23830\">Otros formatos<\/a><\/li>\n<\/ul>\n<\/div>\n<\/div>\n<\/div>\n<\/div>\n<a class=\"mwm-aal-item\" name=\"seccion-ii\"><\/a><h6 style=\"text-align: justify;\"><strong><span style=\"font-size: 14pt; color: #0000ff;\"><a id=\"s2\"><\/a>SECCI\u00d3N II<\/span><\/strong><\/h6>\n<p><span style=\"color: #0000ff;\"><strong>Resumen:<\/strong> Resultado del Concurso de Aspirantes a Registrador. Jubilaci\u00f3n de ochos notarios y de un registrador. Excedencia de un notario. Anulaci\u00f3n de una jubilaci\u00f3n.<\/span><\/p>\n<a class=\"mwm-aal-item\" name=\"boe-publica-el-resultado-del-concurso-de-aspirantes\"><\/a><h6><span style=\"font-size: 12pt;\">BOE publica el resultado del Concurso de Aspirantes.<\/span><\/h6>\n<p style=\"text-align: justify;\"><strong>DGSJFP:<\/strong> Resoluci\u00f3n de 30 de octubre de 2025, de la Direcci\u00f3n General de Seguridad Jur\u00eddica y Fe P\u00fablica, por la que se resuelve el concurso entre integrantes del Cuerpo de Aspirantes a Registradoras y Registradores de la Propiedad, Mercantiles y de Bienes Muebles, convocado por Resoluci\u00f3n de 3 de octubre de 2025, y se dispone su comunicaci\u00f3n a las comunidades aut\u00f3nomas para que se proceda a los nombramientos.<\/p>\n<p style=\"text-align: justify;\"><strong>Catalu\u00f1a:\u00a0<\/strong>Resoluci\u00f3n de 30 de octubre de 2025, de la Direcci\u00f3n General de Derecho, Entidades Jur\u00eddicas y Mediaci\u00f3n, del Departamento de Justicia y Calidad Democr\u00e1tica, por la que se resuelve el concurso para la provisi\u00f3n de Registros de la Propiedad, Mercantiles y de Bienes Muebles, convocado por Resoluci\u00f3n de 3 de octubre de 2025.<\/p>\n<p>De los 46 nuevos registradores, 5 tienen destino en Catalu\u00f1a y 41 en la zona del concurso DGSJFP.<\/p>\n<p style=\"text-align: justify;\">De conformidad con la Instrucci\u00f3n de la Direcci\u00f3n General de los Registros y del Notariado de\u00a09 de diciembre de\u00a01983 sobre escalafonamiento de Registradores de la Propiedad, Mercantiles y de Bienes Muebles, se hace constar que la fecha de resoluci\u00f3n de este concurso es la de\u00a030 de octubre de\u00a02025.<\/p>\n<p>Ver <a href=\"https:\/\/www.notariosyregistradores.com\/web\/normas\/informes-mensuales\/informe-373-boe-octubre-2025\/#concurso-de-aspirantes-convocatoria-\">convocatoria<\/a>.<\/p>\n<p>Ir al <a href=\"https:\/\/www.notariosyregistradores.com\/web\/category\/participa\/concursos\/#registros\">archivo de concursos<\/a><\/p>\n<div class=\"enlacesDoc\">\n<ul>\n<li class=\"puntoPDF\"><a title=\"PDF firmado BOE-A-2025-22792\" href=\"https:\/\/www.boe.es\/boe\/dias\/2025\/11\/11\/pdfs\/BOE-A-2025-22792.pdf\">PDF (BOE-A-2025-22792 &#8211; 3\u00a0<abbr title=\"p\u00e1ginas\">p\u00e1gs.<\/abbr>\u00a0&#8211; 238\u00a0<abbr title=\"kilobytes\">KB<\/abbr>)<\/a> \u00a0<a title=\"Versi\u00f3n HTML BOE-A-2025-22792\" href=\"https:\/\/www.boe.es\/diario_boe\/txt.php?id=BOE-A-2025-22792\">Otros formatos<\/a><\/li>\n<li><a title=\"PDF firmado BOE-A-2025-22798\" href=\"https:\/\/www.boe.es\/boe\/dias\/2025\/11\/11\/pdfs\/BOE-A-2025-22798.pdf\">PDF (BOE-A-2025-22798 &#8211; 2\u00a0<abbr title=\"p\u00e1ginas\">p\u00e1gs.<\/abbr>\u00a0&#8211; 198\u00a0<abbr title=\"kilobytes\">KB<\/abbr>)<\/a> \u00a0<a title=\"Versi\u00f3n HTML BOE-A-2025-22798\" href=\"https:\/\/www.boe.es\/diario_boe\/txt.php?id=BOE-A-2025-22798\">Otros formatos<\/a><\/li>\n<\/ul>\n<\/div>\n<a class=\"mwm-aal-item\" name=\"jubilaciones\"><\/a><h6 style=\"text-align: justify;\"><span style=\"font-size: 12pt;\">Jubilaciones<\/span><\/h6>\n<p style=\"text-align: justify;\">Se declara la jubilaci\u00f3n voluntaria del notario de Madrid don Javier Navarro-Rubio Serr\u00e9s.<\/p>\n<p style=\"text-align: justify;\">Se declara la jubilaci\u00f3n del notario de Sabadell don Enrique Ruiz de Bustillo Pont.<\/p>\n<p style=\"text-align: justify;\">Se declara la jubilaci\u00f3n del notario de Cerdanyola del Vall\u00e8s don Teodoro L\u00f3pez-Cuesta Fern\u00e1ndez.<\/p>\n<p style=\"text-align: justify;\">Se deja sin efecto la de 20 de octubre de 2025, por la que se declara la jubilaci\u00f3n forzosa del notario de Vitoria-Gasteiz don Fernando Jos\u00e9 Ramos Alc\u00e1zar.<\/p>\n<p style=\"text-align: justify;\">Se declara la jubilaci\u00f3n de don Gonzalo \u00c1lvarez de Lara y Maza, registrador de la propiedad de Torrej\u00f3n de Ardoz n.\u00ba 1.<\/p>\n<p style=\"text-align: justify;\">Se declara la jubilaci\u00f3n del notario de Ontinyent don Roberto Tortosa Albert.<\/p>\n<p>Se declara en situaci\u00f3n de excedencia por incompatibilidad al notario de Espejo don Miguel P\u00e9rez Paniego.<\/p>\n<p>Se declara la jubilaci\u00f3n del notario de Aranjuez don Luis Miguel Sedano Mazario.<\/p>\n<p>Se declara la jubilaci\u00f3n del notario de Barcelona don Marcos Sansalvad\u00f3 Chalaux.<\/p>\n<p>Se declara la jubilaci\u00f3n del notario de Coslada don Luis Amaro N\u00fa\u00f1ez-Villaveir\u00e1n \u00d3vilo.<\/p>\n<p>Se declara la jubilaci\u00f3n del notario de Madrid don Juan Jos\u00e9 \u00c1lvarez-Sala Walther.<\/p>\n<a class=\"mwm-aal-item\" name=\"resoluciones-\"><\/a><h6 style=\"text-align: justify;\"><span style=\"font-size: 14pt; color: #0000ff;\"><a id=\"resoluciones\"><\/a>RESOLUCIONES:\u00a0<\/span><\/h6>\n<p style=\"text-align: left;\">En<strong><span style=\"font-size: 14pt;\"> NOVIEMBRE<\/span><span style=\"font-size: 14pt;\">, <\/span><\/strong><span style=\"font-size: 14pt;\"><span style=\"font-size: 12pt;\">se han publicado <span style=\"font-size: 14pt;\"><strong>TRES<\/strong><\/span>, dos correcciones de errores y 13 inadmisiones de expediente, que se ofrecen en<strong><a href=\"https:\/\/www.notariosyregistradores.com\/web\/resoluciones\/por-meses\/resoluciones-noviembre-2025-direccion-general-de-seguridad-juridica-y-fe-publica\/\"> archivo aparte<\/a><\/strong>.<\/span><\/span><\/p>\n<p>&nbsp;<\/p>\n<a class=\"mwm-aal-item\" name=\"enlaces\"><\/a><h6><span style=\"font-size: 14pt;\"><a id=\"enlaces\"><\/a><span style=\"color: #0000ff;\">ENLACES:<\/span><\/span><\/h6>\n<h2 style=\"text-align: center;\"><a href=\"https:\/\/www.notariosyregistradores.com\/web\/normas\/informes-mensuales\/no-te-lo-pierdas-noviembre-2025\/\"><strong>IR A\u00a0<em>\u00a1NO TE LO PIERDAS!<\/em> DE NOVIEMBRE<\/strong><\/a><\/h2>\n<p style=\"text-align: center;\"><span style=\"font-size: 14pt;\"><strong><a href=\"https:\/\/www.notariosyregistradores.com\/web\/normas\/cuadro-de-informes-mensuales-generales-de-lo-publicado-en-el-boe\/\">LISTA DE INFORMES MENSUALES<\/a><\/strong><\/span><\/p>\n<p><span style=\"font-size: 12pt;\"><strong>RECURSOS EN ESTA WEB SOBRE: <a href=\"https:\/\/www.notariosyregistradores.com\/web\/category\/normas\/\">NORMAS<\/a> &#8211; <a href=\"https:\/\/www.notariosyregistradores.com\/web\/category\/resoluciones\/\">RESOLUCIONES<\/a><\/strong><\/span><\/p>\n<p><span style=\"font-size: 12pt;\"><strong>OTROS RECURSOS: <a href=\"https:\/\/www.notariosyregistradores.com\/web\/category\/secciones\/\">Secciones<\/a> &#8211; <a href=\"https:\/\/www.notariosyregistradores.com\/web\/category\/participa\/\">Participa<\/a> &#8211; <a href=\"https:\/\/www.notariosyregistradores.com\/web\/category\/cuadros\/\">Cuadros<\/a> &#8211; <a href=\"https:\/\/www.notariosyregistradores.com\/web\/category\/practica\/\">Pr\u00e1ctica<\/a> &#8211; <a href=\"https:\/\/www.notariosyregistradores.com\/web\/secciones\/oficina-notarial\/modelos-para-documentos-notariales\/\">Modelos<\/a> &#8211; <a href=\"https:\/\/www.notariosyregistradores.com\/web\/category\/utilidades\/\">Utilidades<\/a><\/strong><\/span><\/p>\n<p><span style=\"font-size: 12pt;\"><strong>WEB: <span style=\"font-family: 'comic sans ms', sans-serif;\"><a href=\"http:\/\/www.notariosyregistradores.com\/web\/category\/esta-web\/que-ofrece\/\" target=\"_top\" rel=\"noopener noreferrer\">Qu\u00e9 ofrecemos<\/a> &#8211;\u00a0<a href=\"http:\/\/www.notariosyregistradores.com\/web\/1198-2\/\">NyR, p\u00e1gina de inicio<\/a> &#8211;<\/span> <span style=\"font-family: 'comic sans ms', sans-serif;\"><a href=\"http:\/\/www.notariosyregistradores.com\/web\/esta-web\/ideario\/ideario-de-esta-web\/\" target=\"_top\" rel=\"noopener noreferrer\">Ideario Web<\/a><\/span><\/strong><\/span><\/p>\n<p style=\"text-align: center;\"><strong><span style=\"font-size: 14pt;\"><a href=\"http:\/\/www.notariosyregistradores.com\/\">PORTADA DE LA WEB<\/a><\/span><\/strong><\/p>\n<div id=\"attachment_131791\" style=\"width: 1290px\" class=\"wp-caption aligncenter\"><img loading=\"lazy\" decoding=\"async\" aria-describedby=\"caption-attachment-131791\" class=\"size-full wp-image-131791\" src=\"https:\/\/www.notariosyregistradores.com\/web\/wp-content\/uploads\/2025\/11\/Catedral-Almudena-Madrid.jpg\" alt=\"\" width=\"1280\" height=\"853\" srcset=\"https:\/\/www.notariosyregistradores.com\/web\/wp-content\/uploads\/2025\/11\/Catedral-Almudena-Madrid.jpg 1280w, https:\/\/www.notariosyregistradores.com\/web\/wp-content\/uploads\/2025\/11\/Catedral-Almudena-Madrid-300x200.jpg 300w, https:\/\/www.notariosyregistradores.com\/web\/wp-content\/uploads\/2025\/11\/Catedral-Almudena-Madrid-1024x682.jpg 1024w, https:\/\/www.notariosyregistradores.com\/web\/wp-content\/uploads\/2025\/11\/Catedral-Almudena-Madrid-768x512.jpg 768w, https:\/\/www.notariosyregistradores.com\/web\/wp-content\/uploads\/2025\/11\/Catedral-Almudena-Madrid-500x333.jpg 500w\" sizes=\"auto, (max-width: 1280px) 100vw, 1280px\" \/><p id=\"caption-attachment-131791\" class=\"wp-caption-text\">Catedral de La Almudena de Madrid. Por Fernando.<\/p><\/div>\n","protected":false},"excerpt":{"rendered":"<p>&nbsp; INFORME N\u00ba 374. (BOE NOVIEMBRE de 2025) Primera Parte: Secciones I y II. Revisado hasta el 29 de noviembre. \u00daltimo contenido a\u00f1adido: * Secci\u00f3n I y Tribunales: 29 de noviembre * Secci\u00f3n II: 29 de noviembre * Secci\u00f3n III (Resoluciones): 6 de noviembre IR A LISTA DE INFORMES MENSUALES IR A RESOLUCIONES DE NOVIEMBRE [&hellip;]<\/p>\n","protected":false},"author":10,"featured_media":131790,"comment_status":"open","ping_status":"closed","sticky":false,"template":"","format":"standard","meta":{"_bbp_topic_count":0,"_bbp_reply_count":0,"_bbp_total_topic_count":0,"_bbp_total_reply_count":0,"_bbp_voice_count":0,"_bbp_anonymous_reply_count":0,"_bbp_topic_count_hidden":0,"_bbp_reply_count_hidden":0,"_bbp_forum_subforum_count":0,"footnotes":""},"categories":[180],"tags":[],"class_list":{"0":"post-131787","1":"post","2":"type-post","3":"status-publish","4":"format-standard","5":"has-post-thumbnail","7":"category-informes-mensuales"},"_links":{"self":[{"href":"https:\/\/www.notariosyregistradores.com\/web\/wp-json\/wp\/v2\/posts\/131787","targetHints":{"allow":["GET"]}}],"collection":[{"href":"https:\/\/www.notariosyregistradores.com\/web\/wp-json\/wp\/v2\/posts"}],"about":[{"href":"https:\/\/www.notariosyregistradores.com\/web\/wp-json\/wp\/v2\/types\/post"}],"author":[{"embeddable":true,"href":"https:\/\/www.notariosyregistradores.com\/web\/wp-json\/wp\/v2\/users\/10"}],"replies":[{"embeddable":true,"href":"https:\/\/www.notariosyregistradores.com\/web\/wp-json\/wp\/v2\/comments?post=131787"}],"version-history":[{"count":10,"href":"https:\/\/www.notariosyregistradores.com\/web\/wp-json\/wp\/v2\/posts\/131787\/revisions"}],"predecessor-version":[{"id":133269,"href":"https:\/\/www.notariosyregistradores.com\/web\/wp-json\/wp\/v2\/posts\/131787\/revisions\/133269"}],"wp:featuredmedia":[{"embeddable":true,"href":"https:\/\/www.notariosyregistradores.com\/web\/wp-json\/wp\/v2\/media\/131790"}],"wp:attachment":[{"href":"https:\/\/www.notariosyregistradores.com\/web\/wp-json\/wp\/v2\/media?parent=131787"}],"wp:term":[{"taxonomy":"category","embeddable":true,"href":"https:\/\/www.notariosyregistradores.com\/web\/wp-json\/wp\/v2\/categories?post=131787"},{"taxonomy":"post_tag","embeddable":true,"href":"https:\/\/www.notariosyregistradores.com\/web\/wp-json\/wp\/v2\/tags?post=131787"}],"curies":[{"name":"wp","href":"https:\/\/api.w.org\/{rel}","templated":true}]}}