{"id":132411,"date":"2025-11-17T20:05:59","date_gmt":"2025-11-17T19:05:59","guid":{"rendered":"https:\/\/www.notariosyregistradores.com\/web\/?p=132411"},"modified":"2025-11-17T20:26:29","modified_gmt":"2025-11-17T19:26:29","slug":"no-te-lo-pierdas-octubre-2025","status":"publish","type":"post","link":"https:\/\/www.notariosyregistradores.com\/web\/normas\/informes-mensuales\/no-te-lo-pierdas-octubre-2025\/","title":{"rendered":"No te lo pierdas\u2026 Octubre 2025"},"content":{"rendered":"<h1 style=\"text-align: center;\"><span style=\"font-size: 18pt; color: #993366; font-family: verdana, geneva, sans-serif;\"><strong><em>\u00a1NO TE LO PIERDAS!<\/em><\/strong><\/span><\/h1>\n<h1 style=\"text-align: center;\"><span style=\"font-size: 18pt; color: #0000ff; font-family: verdana, geneva, sans-serif;\"><strong>OCTUBRE<\/strong><\/span><span style=\"font-size: 18pt; color: #0000ff; font-family: verdana, geneva, sans-serif;\"><strong>\u00a0de 2025<\/strong><\/span><\/h1>\n<a class=\"mwm-aal-item\" name=\"disposiciones-generales-y-tribunales\"><\/a><h6 style=\"text-align: justify;\"><span style=\"color: #0000ff;\"><strong><span style=\"font-size: 14pt;\">DISPOSICIONES GENERALES Y TRIBUNALES:<\/span><\/strong><\/span><\/h6>\n<p style=\"text-align: justify;\"><a href=\"https:\/\/www.notariosyregistradores.com\/web\/normas\/informes-mensuales\/informe-373-boe-octubre-2025\/#politica-agricola-comun\"><strong>Pol\u00edtica Agr\u00edcola Com\u00fan.<\/strong><\/a> Este Real Decreto modifica la normativa espa\u00f1ola que aplica el Plan Estrat\u00e9gico de la Pol\u00edtica Agr\u00edcola Com\u00fan (PAC) 2023-2027, tras la aprobaci\u00f3n por la Comisi\u00f3n Europea de una actualizaci\u00f3n del plan nacional en agosto de 2025.<\/p>\n<p style=\"text-align: justify;\"><a href=\"https:\/\/www.notariosyregistradores.com\/web\/normas\/informes-mensuales\/informe-373-boe-octubre-2025\/#-prestamo-de-valores-de-instituciones-de-inversion-colectiva\"><strong>Pr\u00e9stamo de valores de instituciones de Inversi\u00f3n Colectiva.<\/strong><\/a> Esta orden tiene por objeto establecer las normas aplicables al pr\u00e9stamo de valores de las instituciones de inversi\u00f3n colectiva de car\u00e1cter financiero, de conformidad con lo dispuesto en la Ley\u00a0de Instituciones de Inversi\u00f3n Colectiva.<\/p>\n<p style=\"text-align: justify;\"><a href=\"https:\/\/www.notariosyregistradores.com\/web\/normas\/informes-mensuales\/informe-373-boe-octubre-2025\/#ela-y-otras-enfermedades-irreversibles\"><strong>ELA y otras enfermedades irreversibles<\/strong><\/a><strong>. <\/strong>Este RDLey completa la Ley\u00a03\/2024, de\u00a030 de octubre, con el objetivo de mejorar la atenci\u00f3n a los enfermos de esclerosis lateral amiotr\u00f3fica (ELA) y otras enfermedades complejas de curso irreversible. Crea un nuevo grado de dependencia (Grado III+) para casos extremos.<\/p>\n<p style=\"text-align: justify;\"><a href=\"https:\/\/www.notariosyregistradores.com\/web\/participa\/noticias\/calendario-laboral-2026\/\"><strong>Calendario laboral 2026.<\/strong><\/a> Se desglosan las 12 fiestas laborales en las 17 CCAA y las ciudades de Ceuta y de Melilla. Aparte de ellas, est\u00e1n dos fiestas locales que no aparecen en el cuadro.<\/p>\n<p style=\"text-align: justify;\"><a href=\"https:\/\/www.notariosyregistradores.com\/web\/normas\/informes-mensuales\/informe-373-boe-octubre-2025\/#medidas-urgentes-dana\"><strong>Medidas urgentes DANA<\/strong><\/a><strong>. <\/strong>Este RDLey, complementario de otros anteriores, adopta medidas destinadas a proporcionar recursos econ\u00f3micos y apoyo para la reconstrucci\u00f3n y la recuperaci\u00f3n de las zonas afectadas por el evento meteorol\u00f3gico DANA acaecido en octubre de 2024.<\/p>\n<p style=\"text-align: justify;\"><a href=\"https:\/\/www.notariosyregistradores.com\/web\/normas\/informes-mensuales\/informe-373-boe-octubre-2025\/#modelos-impuesto-complementario-multinacionales\"><strong>Modelos Impuesto Complementario Multinacionales.<\/strong><\/a> Se aprueban los modelos 240, 241 y 242 relativos al Impuesto Complementario para garantizar un nivel m\u00ednimo global de imposici\u00f3n para los grupos multinacionales y los grupos nacionales de gran magnitud.<\/p>\n<p style=\"text-align: justify;\"><a href=\"https:\/\/www.notariosyregistradores.com\/web\/normas\/informes-mensuales\/informe-373-boe-octubre-2025\/#disposiciones-autonomicas\"><strong>Disposiciones auton\u00f3micas<\/strong><\/a><strong>. <\/strong>Normativa de Galicia (inteligencia artificial), Extremadura (Ley de Concordia), y Madrid (funcionarios interinos).<\/p>\n<p style=\"text-align: justify;\"><a href=\"https:\/\/www.notariosyregistradores.com\/web\/normas\/informes-mensuales\/informe-373-boe-octubre-2025\/#tribunales\"><strong>Tribunales:<\/strong><\/a><strong> Tribunal Constitucional:<\/strong> Empleo temporal de larga duraci\u00f3n; funcionarios de Administraci\u00f3n local en el Pa\u00eds Vasco. <strong>Tribunal Supremo:<\/strong>\u00a0Empleados del hogar.<\/p>\n<a class=\"mwm-aal-item\" name=\"seccion-ii-\"><\/a><h6 style=\"text-align: justify;\"><a href=\"https:\/\/www.notariosyregistradores.com\/web\/normas\/informes-mensuales\/informe-373-boe-octubre-2025\/#seccion-ii\"><span style=\"font-size: 14pt;\"><strong>SECCI\u00d3N II.<\/strong> <\/span><\/a><\/h6>\n<p style=\"text-align: justify;\">Concurso de Aspirantes a Registradores. Oposiciones entre Notarios (fecha 1er ejercicio). Concurso Notarial: resultado definitivo en el BOE. Jubilaci\u00f3n de nueve notarios (una dejada sin efecto) y de dos registradores y excedencia de una notaria.<\/p>\n<p><a href=\"https:\/\/www.notariosyregistradores.com\/web\/normas\/informes-mensuales\/informe-373-boe-octubre-2025\/\"><img loading=\"lazy\" decoding=\"async\" class=\"size-full wp-image-131022 aligncenter\" src=\"https:\/\/www.notariosyregistradores.com\/web\/wp-content\/uploads\/2025\/10\/Ofrenda_Floral_a_la_Virgen_del_Pilar.jpg\" alt=\"\" width=\"600\" height=\"363\" srcset=\"https:\/\/www.notariosyregistradores.com\/web\/wp-content\/uploads\/2025\/10\/Ofrenda_Floral_a_la_Virgen_del_Pilar.jpg 952w, https:\/\/www.notariosyregistradores.com\/web\/wp-content\/uploads\/2025\/10\/Ofrenda_Floral_a_la_Virgen_del_Pilar-300x182.jpg 300w, https:\/\/www.notariosyregistradores.com\/web\/wp-content\/uploads\/2025\/10\/Ofrenda_Floral_a_la_Virgen_del_Pilar-768x465.jpg 768w, https:\/\/www.notariosyregistradores.com\/web\/wp-content\/uploads\/2025\/10\/Ofrenda_Floral_a_la_Virgen_del_Pilar-500x303.jpg 500w\" sizes=\"auto, (max-width: 600px) 100vw, 600px\" \/><\/a><\/p>\n<a class=\"mwm-aal-item\" name=\"resoluciones\"><\/a><h6 style=\"text-align: justify;\"><span style=\"font-size: 14pt; color: #0000ff;\">RESOLUCIONES:<\/span><\/h6>\n<p style=\"text-align: justify;\">En<strong> OCTUBRE, <\/strong>se han publicado un total de <a href=\"https:\/\/www.notariosyregistradores.com\/web\/sc\/resoluciones-octubre-2025-direccion-general-de-seguridad-juridica-y-fe-publica\/\"><strong>SETENTA Y TRES (73) <\/strong>Resoluciones<\/a>. Se ofrecen en <a href=\"https:\/\/www.notariosyregistradores.com\/web\/sc\/resoluciones-octubre-2025-direccion-general-de-seguridad-juridica-y-fe-publica\/\">archivo aparte<\/a>.<\/p>\n<a class=\"mwm-aal-item\" name=\"resoluciones-propiedad\"><\/a><h6 style=\"text-align: justify;\"><span style=\"font-size: 12pt;\"><a href=\"https:\/\/www.notariosyregistradores.com\/web\/resoluciones\/por-meses\/resoluciones-octubre-2025-direccion-general-de-seguridad-juridica-y-fe-publica\/#resoluciones-propiedad\"><strong>RESOLUCIONES PROPIEDAD<\/strong><\/a><strong>:<\/strong><\/span><\/h6>\n<p style=\"text-align: justify;\"><a href=\"https:\/\/www.notariosyregistradores.com\/web\/resoluciones\/por-meses\/resoluciones-octubre-2025-direccion-general-de-seguridad-juridica-y-fe-publica\/#r417\"><strong>417.*** HERENCIA ALEMANA: <em>\u00abERBSCHEIN\u00bb<\/em> COMO CERTIFICACI\u00d3N EQUIVALENTE A LA DEL REGISTRO DE ACTOS DE \u00daLTIMA VOLUNTAD.<\/strong><\/a><strong>\u00a0<\/strong>El \u201cErbschein\u201d, certificado sucesorio alem\u00e1n, es t\u00edtulo sucesorio, no necesita apostilla, ni justificar el t\u00edtulo base de su expedici\u00f3n, ni acompa\u00f1ar el certificado del registro de \u00faltimas voluntades alem\u00e1n.<\/p>\n<p style=\"text-align: justify;\"><a href=\"https:\/\/www.notariosyregistradores.com\/web\/resoluciones\/por-meses\/resoluciones-octubre-2025-direccion-general-de-seguridad-juridica-y-fe-publica\/#r418\"><strong>418.** PRINCIPIO DE CALIFICACI\u00d3N UNITARIA EXISTIENDO NUEVOS DEFECTOS y PRINCIPIO DE LEGALIDAD. OBJETO DEL RECURSO. DESCRIPCI\u00d3N DE FINCA REGISTRAL IMPRECISA.<\/strong><\/a> El principio de legalidad ha de prevalecer sobre el principio de calificaci\u00f3n unitaria, de forma que el registrador ha de poner de manifiesto nuevos defectos no contemplados en una primera calificaci\u00f3n. El objeto del recurso es la calificaci\u00f3n del registrador y no otras cuestiones como el trato recibido por el ciudadano en el Registro, los aranceles aplicados, o las operaciones registrales realizadas.<\/p>\n<p style=\"text-align: justify;\"><a href=\"https:\/\/www.notariosyregistradores.com\/web\/resoluciones\/por-meses\/resoluciones-octubre-2025-direccion-general-de-seguridad-juridica-y-fe-publica\/#r420\"><strong>420.** CR\u00c9DITO REFACCIONARIO CONSISTENTE EN UN PR\u00c9STAMO PARTICIPATIVO.<\/strong><\/a> No cabe la pr\u00e1ctica de una anotaci\u00f3n de cr\u00e9dito refeccionario cuando resulta del registro que las obras han terminado. El cr\u00e9dito ser\u00e1 refaccionario o no en funci\u00f3n de su objeto, sin que el hecho de que se haya instrumentado como un pr\u00e9stamo participativo altere esta calificaci\u00f3n\u00a0<\/p>\n<p style=\"text-align: justify;\"><a href=\"https:\/\/www.notariosyregistradores.com\/web\/resoluciones\/por-meses\/resoluciones-octubre-2025-direccion-general-de-seguridad-juridica-y-fe-publica\/#r421\"><strong>421.* N\u00daMERO DE REGISTRO DE ALQUILER DE CORTA DURACI\u00d3N EN EDIFICIO CON ESTATUTOS SOBRE EL DESTINO DE LAS FINCAS A VIVIENDA.<\/strong><\/a> La exigencia estatutaria de destino \u201cviviendas familiares de personas de reputaci\u00f3n intachable\u201d, excluye el alquiler tur\u00edstico por su car\u00e1cter no permanente.<\/p>\n<p style=\"text-align: justify;\"><a href=\"https:\/\/www.notariosyregistradores.com\/web\/resoluciones\/por-meses\/resoluciones-octubre-2025-direccion-general-de-seguridad-juridica-y-fe-publica\/#r422\"><strong>422.** HOLANDA: PARTICI\u00d3N HERENCIA SIN INTERVENCI\u00d3N DE LEGITIMARIO.<\/strong><\/a> Resoluci\u00f3n que versa sobre interpretaci\u00f3n de clausula testamentaria de derecho Holand\u00e9s, facultades del albacea administrador en dicho derecho y alcance de la prueba.<\/p>\n<p style=\"text-align: justify;\"><a href=\"https:\/\/www.notariosyregistradores.com\/web\/resoluciones\/por-meses\/resoluciones-octubre-2025-direccion-general-de-seguridad-juridica-y-fe-publica\/#r423\"><strong>423.* REPRESENTACI\u00d3N GR\u00c1FICA GEORREFERENCIADA ALTERNATIVA CON OPOSICI\u00d3N DE LOS COLINDANTES POR POSIBLE INVASI\u00d3N DE SUS PROPIEDADES.<\/strong><\/a> La existencia de una controversia sobre la delimitaci\u00f3n gr\u00e1fica de las fincas impide la inscripci\u00f3n de la representaci\u00f3n gr\u00e1fica solicitada, sin que competa a la DG en sede de recurso decidir cu\u00e1l deba ser la georreferenciaci\u00f3n correcta de cada finca.<\/p>\n<p style=\"text-align: justify;\"><a href=\"https:\/\/www.notariosyregistradores.com\/web\/resoluciones\/por-meses\/resoluciones-octubre-2025-direccion-general-de-seguridad-juridica-y-fe-publica\/#r424\"><strong>424.<\/strong><strong>\u21d2\u21d2\u21d2<\/strong><strong> GUARDADOR DE HECHO: ACEPTACI\u00d3N DE LA HERENCIA CONSTANDO SENTENCIA DE INCAPACITACI\u00d3N CON REHABILITACI\u00d3N DE LA PATRIA POSTESTAD DEL PADRE (CAUSANTE FALLECIDO).<\/strong><\/a> Cabe que la sucesi\u00f3n se rija por una ley (art\u00edculo 9.8 CC) y las medidas de apoyo por otra (9.6 CC). Si el heredero con discapacidad comparece asistido del guardador de hecho y acepta a beneficio de inventario es acto de administraci\u00f3n y no requiere autorizaci\u00f3n judicial.<\/p>\n<p style=\"text-align: justify;\"><a href=\"https:\/\/www.notariosyregistradores.com\/web\/resoluciones\/por-meses\/resoluciones-octubre-2025-direccion-general-de-seguridad-juridica-y-fe-publica\/#r425\"><strong>425.** RECTIFICACI\u00d3N DE SUPERFICIE DE FINCA INMATRICULADA DE MODO COORDINADO CON EL CATASTRO<\/strong><\/a><strong>. <\/strong>Una vez inmatriculada una finca de modo coordinado con el Catastro, ya no es procedente iniciar un procedimiento del art. 199 LH para alterar esa ubicaci\u00f3n, delimitaci\u00f3n y superficie ya inscritas y pretender sustituirla por otra, pues claramente no se estar\u00eda manteniendo la identidad de la finca inmatriculada.<\/p>\n<p style=\"text-align: justify;\"><a href=\"https:\/\/www.notariosyregistradores.com\/web\/resoluciones\/por-meses\/resoluciones-octubre-2025-direccion-general-de-seguridad-juridica-y-fe-publica\/#r426\"><strong>426.** ANOTACI\u00d3N PREVENTIVA (o NOTA MARGINAL) DE DERECHOS POSESORIOS (EN INSTANCIA PRIVADA).<\/strong><\/a> La posesi\u00f3n no es un derecho inscribible por s\u00ed mismo, de modo que, si no cabe la inscripci\u00f3n, menos a\u00fan ser\u00e1 posible obtener una anotaci\u00f3n preventiva de tutela de los posibles derechos posesorios. No cabe practicar notas marginales, sino en los casos expresamente previstos en la Ley y el Reglamento Hipotecario.<\/p>\n<p style=\"text-align: justify;\"><a href=\"https:\/\/www.notariosyregistradores.com\/web\/resoluciones\/por-meses\/resoluciones-octubre-2025-direccion-general-de-seguridad-juridica-y-fe-publica\/#r427\"><strong>427.* NUMERO DE REGISTRO DE ALQUILER DE CORTA DURACI\u00d3N EN FINCA SIN OBRA NUEVA<\/strong><\/a><strong>. <\/strong>La asignaci\u00f3n de NRUA requiere la previa constancia registral de la terminaci\u00f3n de la obra.<\/p>\n<p style=\"text-align: justify;\"><a href=\"https:\/\/www.notariosyregistradores.com\/web\/resoluciones\/por-meses\/resoluciones-octubre-2025-direccion-general-de-seguridad-juridica-y-fe-publica\/#r428\"><strong>428.** INMATRICULACI\u00d3N POR DOBLE T\u00cdTULO: C\u00d3MPUTO A\u00d1O EN DOCUMENTO PRIVADO ELEVADO A P\u00daBLICO.<\/strong><\/a> En la inmatriculaci\u00f3n por doble t\u00edtulo (art 205LH) si el t\u00edtulo de adquisici\u00f3n previa es una elevaci\u00f3n a p\u00fablico de un documento privado, el plazo de un a\u00f1o se computa desde la propia elevaci\u00f3n a p\u00fablico del contrato privado y no desde la liquidaci\u00f3n tributaria del contrato privado.<\/p>\n<p style=\"text-align: justify;\"><a href=\"https:\/\/www.notariosyregistradores.com\/web\/resoluciones\/por-meses\/resoluciones-octubre-2025-direccion-general-de-seguridad-juridica-y-fe-publica\/#r429\"><strong>429.** PETICI\u00d3N DE NOTA SIMPLE POR CANAL DE PRESENTACI\u00d3N (EN VEZ DE POR PETICI\u00d3N DE PUBLICIDAD REGISTRAL).<\/strong><\/a> La petici\u00f3n de publicidad formal por v\u00eda electr\u00f3nica ha de hacerse a trav\u00e9s del tr\u00e1mite espec\u00edfico habilitado en la sede electr\u00f3nica para solicitudes de publicidad formal y no por el canal para la presentaci\u00f3n de documentos privados.<\/p>\n<p style=\"text-align: justify;\"><a href=\"https:\/\/www.notariosyregistradores.com\/web\/resoluciones\/por-meses\/resoluciones-octubre-2025-direccion-general-de-seguridad-juridica-y-fe-publica\/#r430\"><strong>430.** IDENTIDAD DE VENDEDOR Y DNI NO INSCRITO<\/strong><\/a><strong>. <\/strong>La fe de identidad corresponde en exclusiva al Notario. Al Registrador corresponde comprobar la correspondencia entre la identidad que obra en la escritura y la que obra en el Registro. Es inscribible una escritura, aunque el transmitente no aparezca en el Registro con su DNI.<\/p>\n<p style=\"text-align: justify;\"><a href=\"https:\/\/www.notariosyregistradores.com\/web\/resoluciones\/por-meses\/resoluciones-octubre-2025-direccion-general-de-seguridad-juridica-y-fe-publica\/#r431\"><strong>431.** NUMERO DE REGISTRO DE ALQUILER DE CORTA DURACI\u00d3N PARA M\u00c1S HABITACIONES QUE LAS DESCRITAS REGISTRALMENTE<\/strong><\/a><strong>. <\/strong>La asignaci\u00f3n del NRUA exige que conste perfectamente determinada en el Registro la unidad de alojamiento amueblado que pretende ser arrendada mediante su comercializaci\u00f3n en plataformas en l\u00ednea. La limitaci\u00f3n estatutaria de destinar los apartamentos a vivienda, no pudi\u00e9ndose dar uso distinto, ni ejercer por tanto en ellos, industria o comercio o profesi\u00f3n liberal u oficio alguno, incluye la de la prohibici\u00f3n de uso tur\u00edstico.<\/p>\n<p style=\"text-align: justify;\"><a href=\"https:\/\/www.notariosyregistradores.com\/web\/resoluciones\/por-meses\/resoluciones-octubre-2025-direccion-general-de-seguridad-juridica-y-fe-publica\/#r432\"><strong>432.** CR\u00c9DITO REFACCIONARIO: CANCELACI\u00d3N POR CADUCIDAD.<\/strong><\/a> No procede cancelar por caducidad una anotaci\u00f3n de cr\u00e9dito refaccionario si en el registro no consta que las obras han terminado y adem\u00e1s existe presentada la documentaci\u00f3n que acredita que se est\u00e1 dirimiendo en juicio ordinario la liquidaci\u00f3n del propio cr\u00e9dito, y que el acreedor ha solicitado la conversi\u00f3n en hipoteca de las anotaciones. El plazo del art 92 se cuenta por d\u00edas h\u00e1biles.<\/p>\n<p style=\"text-align: justify;\"><a href=\"https:\/\/www.notariosyregistradores.com\/web\/resoluciones\/por-meses\/resoluciones-octubre-2025-direccion-general-de-seguridad-juridica-y-fe-publica\/#r433\"><strong>433.* GEORREFERENCIACI\u00d3N CON OPOSICI\u00d3N DE COLINDANTES.<\/strong><\/a> Existiendo alegaci\u00f3n contraria a la inscripci\u00f3n en la\u00a0tramitaci\u00f3n del expediente y fundando en ella la calificaci\u00f3n registral denegatoria, el registrador ha de motivar fundadamente esas dudas.<\/p>\n<p style=\"text-align: justify;\"><a href=\"https:\/\/www.notariosyregistradores.com\/web\/resoluciones\/por-meses\/resoluciones-octubre-2025-direccion-general-de-seguridad-juridica-y-fe-publica\/#r434\"><strong>434.() GEORREFERENCIACI\u00d3N SEGREGACI\u00d3N CON OPOSICI\u00d3N DE COLINDANTES.<\/strong><\/a> Se desestima el recurso del promotor del expediente contra la calificaci\u00f3n negativa, por no acreditarse los hechos en que se basa.<\/p>\n<p style=\"text-align: justify;\"><a href=\"https:\/\/www.notariosyregistradores.com\/web\/resoluciones\/por-meses\/resoluciones-octubre-2025-direccion-general-de-seguridad-juridica-y-fe-publica\/#r435\"><strong>435.** VIVIENDA EN CONSTRUCCI\u00d3N Y VIVIENDA <em>FAMILIAR<\/em>: CONSENTIMIENTO A LA HIPOTECA POR CONSORTE Y A LA DILIGENCIA COMPLEMENTARIA POR EL BANCO<\/strong><\/a><strong>. <\/strong>La finalidad de la norma del art\u00edculo\u00a01320 del C\u00f3digo Civil es proteger la vivienda que es la habitual de la familia al tiempo del acto dispositivo y no la que vaya a ocuparse con tal car\u00e1cter en el futuro.<\/p>\n<p style=\"text-align: justify;\"><a href=\"https:\/\/www.notariosyregistradores.com\/web\/resoluciones\/por-meses\/resoluciones-octubre-2025-direccion-general-de-seguridad-juridica-y-fe-publica\/#r436\"><strong>436.* NOTA MARGINAL DE EXPEDICION DE CERTIFICACI\u00d3N EN EJECUCI\u00d3N HIPOTECARIO: CONSECUENCIAS DE SU FALTA.<\/strong><\/a> La falta de Nota Marginal de Expedici\u00f3n de Certificaci\u00f3n en una ejecuci\u00f3n hipotecaria impide la cancelaci\u00f3n de cargas posteriores al inscribir la adjudicaci\u00f3n.\u00a0<\/p>\n<p style=\"text-align: justify;\"><a href=\"https:\/\/www.notariosyregistradores.com\/web\/resoluciones\/por-meses\/resoluciones-octubre-2025-direccion-general-de-seguridad-juridica-y-fe-publica\/#r437\"><strong>437.** SENTENCIA DE DIVORCIO INGLESA NO INSCRITA PREVIAMENTE A ACEPTACI\u00d3N DE HERENCIA: FALTA DE TRACTO SUCESIVO.<\/strong><\/a> Quedan fuera del \u00e1mbito de aplicaci\u00f3n del Reglamento 2201\/2003 (Bruselas II bis), las resoluciones judiciales extranjeras en lo relativo a las cuestiones patrimoniales derivadas de los procedimientos de divorcio, por disponerlo as\u00ed con claridad el art\u00edculo 1 del mismo Reglamento.<\/p>\n<p style=\"text-align: justify;\"><a href=\"https:\/\/www.notariosyregistradores.com\/web\/resoluciones\/por-meses\/resoluciones-octubre-2025-direccion-general-de-seguridad-juridica-y-fe-publica\/#r438\"><strong>438.* REPRESENTACI\u00d3N GR\u00c1FICA GEORREFERENCIADA ALTERNATIVA DE UNA FINCA QUE NO SE CORRESPONDE CON NINGUNA PARCELA CATASTRAL.<\/strong><\/a> El hecho de que la finca cuya georreferenciaci\u00f3n se pretende inscribir no se corresponda con una determinada parcela catastral, justifica las dudas del registrador ante la oposici\u00f3n de los colindantes.<\/p>\n<p style=\"text-align: justify;\"><a href=\"https:\/\/www.notariosyregistradores.com\/web\/resoluciones\/por-meses\/resoluciones-octubre-2025-direccion-general-de-seguridad-juridica-y-fe-publica\/#r440\"><strong>440, 441. 442. 443. 444. 445.* N\u00daMERO DE REGISTRO DE ALQUILER DE CORTA DURACI\u00d3N EN EDIFICIO CON ESTATUTOS PROHIBITIVOS<\/strong><\/a><strong>. <\/strong>La limitaci\u00f3n estatutaria de no poder instalar en las viviendas servicios o industrias de ninguna clase incluye el alquiler tur\u00edstico.<\/p>\n<p style=\"text-align: justify;\"><a href=\"https:\/\/www.notariosyregistradores.com\/web\/resoluciones\/por-meses\/resoluciones-octubre-2025-direccion-general-de-seguridad-juridica-y-fe-publica\/#r446\"><strong>446.* NUMERO DE REGISTRO DE ALQUILER DE CORTA DURACI\u00d3N EN FINCA EN CONSTRUCCI\u00d3N.<\/strong><\/a> La asignaci\u00f3n de NRUA requiere la previa constancia registral de la terminaci\u00f3n de la obra<\/p>\n<p style=\"text-align: justify;\"><a href=\"https:\/\/www.notariosyregistradores.com\/web\/resoluciones\/por-meses\/resoluciones-octubre-2025-direccion-general-de-seguridad-juridica-y-fe-publica\/#r447\"><strong>447.* N\u00daMERO DE REGISTRO DE ALQUILER EN EDIFICIO CON ESTATUTOS PROHIBITIVOS (de CASAS DE HU\u00c9SPEDES).<\/strong><\/a> La prohibici\u00f3n estatutaria de destinar las viviendas a hospedaje o pensi\u00f3n abarca tambi\u00e9n las viviendas de uso tur\u00edstico. El n\u00famero de registro \u00fanico de alquiler pueda solicitarse por cualquier titular de la finca.<\/p>\n<p style=\"text-align: justify;\"><a href=\"https:\/\/www.notariosyregistradores.com\/web\/resoluciones\/por-meses\/resoluciones-octubre-2025-direccion-general-de-seguridad-juridica-y-fe-publica\/#r448\"><strong>448.* N\u00daMERO DE REGISTRO DE ALQUILER DE CORTA DURACI\u00d3N SIN REQUISITOS URBAN\u00cdSTICOS Y ADMINISTRATIVOS (CANTABRIA)<\/strong><\/a><strong>. <\/strong>La asignaci\u00f3n de NRUA tur\u00edstico en Cantabria requiere acreditar la presentaci\u00f3n de la declaraci\u00f3n responsable ante la Direcci\u00f3n General de Turismo de Cantabria\u00a0<\/p>\n<p style=\"text-align: justify;\"><a href=\"https:\/\/www.notariosyregistradores.com\/web\/resoluciones\/por-meses\/resoluciones-octubre-2025-direccion-general-de-seguridad-juridica-y-fe-publica\/#r449\"><strong>449.** REPARCELACI\u00d3N URBAN\u00cdSTICA: SUBSANACI\u00d3N SUPERFICIE FINCA MATRIZ TRAS LA APROBACI\u00d3N ADVA FIRME Y SIN GEORREFERENCIACI\u00d3N DEL RESTO.<\/strong><\/a> En una reparcelaci\u00f3n a la que se aporta una porci\u00f3n de finca que se segrega de otra y en la que solicita un exceso de cabida de la finca matriz, no se requiere que la Administraci\u00f3n apruebe dicho exceso de cabida, pues no afecta al per\u00edmetro de la unidad de actuaci\u00f3n que ya fue objeto de aprobaci\u00f3n administrativa.<\/p>\n<p style=\"text-align: justify;\"><a href=\"https:\/\/www.notariosyregistradores.com\/web\/resoluciones\/por-meses\/resoluciones-octubre-2025-direccion-general-de-seguridad-juridica-y-fe-publica\/#r451\"><strong>451.** ANDALUC\u00cdA: VENTA CUOTAS INDIVISAS FINCA R\u00daSTICA SIN LICENCIA PARCELACI\u00d3N.<\/strong><\/a> Puede haber, como ocurre en este caso (superficie ideal de cada adquirente sea inferior a la Unidad M\u00ednima de Cultivo) actos o negocios que presenten elementos indiciarios de parcelaci\u00f3n que no se traten por la v\u00eda procedimental del art.\u00a079 RD 1093\/1997, sino someterse al previo requisito registral de acreditaci\u00f3n de\u00a0licencia o declaraci\u00f3n de innecesariedad, al ser reveladores de una parcelaci\u00f3n urban\u00edstica.\u00a0<\/p>\n<p style=\"text-align: justify;\"><a href=\"https:\/\/www.notariosyregistradores.com\/web\/resoluciones\/por-meses\/resoluciones-octubre-2025-direccion-general-de-seguridad-juridica-y-fe-publica\/#r452\"><strong>452.** EXCESO DE CABIDA (INFERIOR AL 5%) EN AGRUPACI\u00d3N DE FINCAS PROCEDENTES DE REPARCELACI\u00d3N<\/strong><\/a><strong>. <\/strong>Aunque la finca proceda de una reparcelaci\u00f3n, debe admitirse la rectificaci\u00f3n salvo que se aprecie una alteraci\u00f3n de la geometr\u00eda de la finca, seg\u00fan resulta de los planos de la reparcelaci\u00f3n, que deben constar archivados en el Registro.<\/p>\n<p style=\"text-align: justify;\"><a href=\"https:\/\/www.notariosyregistradores.com\/web\/resoluciones\/por-meses\/resoluciones-octubre-2025-direccion-general-de-seguridad-juridica-y-fe-publica\/#r453\"><strong>453.** N\u00daMERO DE REGISTRO DE ALQUILER DE CORTA DURACI\u00d3N EN EDIFICIO CON ESTATUTOS PROHIBITIVOS DEL ALOJAMIENTO DE PERSONAS, TIMESHARING.<\/strong><\/a> Si en los Estatutos que rigen la Propiedad Horizontal proh\u00edben el uso total o parcial de cualquiera de las unidades o porciones de las que integran la Comunidad, para el ejercicio de cualquier actividad comercial de alojamiento de personas, timesharing, aunque no alude literalmente a las viviendas de uso tur\u00edstico, esta prohibici\u00f3n comprende expresamente la del alquiler tur\u00edstico o vacacional, en cuanto se considera una actividad comercial de alojamiento.<\/p>\n<p style=\"text-align: justify;\"><a href=\"https:\/\/www.notariosyregistradores.com\/web\/resoluciones\/por-meses\/resoluciones-octubre-2025-direccion-general-de-seguridad-juridica-y-fe-publica\/#r455\"><strong>455.** N\u00daMERO DE REGISTRO DE ALQUILER DE CORTA DURACI\u00d3N EN EDIFICIO CON ESTATUTOS QUE EXIGEN QUE VIVIENDAS SEAN DOMICILIO PERMANENTE.<\/strong><\/a> El alquiler de corta duraci\u00f3n no tur\u00edstico resulta incompatible con la cl\u00e1usula estatutaria que obliga a destinar las viviendas \u00abexclusivamente a domicilio permanente\u00bb.<\/p>\n<p style=\"text-align: justify;\"><a href=\"https:\/\/www.notariosyregistradores.com\/web\/resoluciones\/por-meses\/resoluciones-octubre-2025-direccion-general-de-seguridad-juridica-y-fe-publica\/#r456\"><strong>456.** N\u00daMERO DE REGISTRO DE ALQUILER DE CORTA DURACI\u00d3N PARA M\u00c1S HABITACIONES QUE LAS DESCRITAS REGISTRALMENTE.<\/strong><\/a> Se exige la identificaci\u00f3n exacta de la unidad que pretende ser objeto de alquiler de corta duraci\u00f3n, sin que un <strong>office<\/strong> pueda ser considerado una habitaci\u00f3n a estos efectos. La norma estatutaria por la que las viviendas no podr\u00e1n ser utilizadas para ejercer en ellas ninguna actividad comercial, industrial o profesional abarca la prohibici\u00f3n de uso tur\u00edstico.<\/p>\n<p style=\"text-align: justify;\"><strong><a href=\"https:\/\/www.notariosyregistradores.com\/web\/resoluciones\/por-meses\/resoluciones-octubre-2025-direccion-general-de-seguridad-juridica-y-fe-publica\/#r457\">457.*** DIVISI\u00d3N HORIZONTAL\/COMPLEJO INMOBILIARIO SUELO R\u00daSTICO. LICENCIA. APLICACION ANALOGICA NORMAS ESTATALES.<\/a> <\/strong>Se discute si la constituci\u00f3n un r\u00e9gimen de propiedad horizontal (o complejo inmobiliario) sobre una finca r\u00fastica (suelo no urbanizable de uso com\u00fan), que consta inscrita por cuotas con asignaci\u00f3n de uso exclusivo, constituye un acto de parcelaci\u00f3n sujeto necesariamente a licencia o declaraci\u00f3n de innecesariedad atendiendo a la naturaleza del suelo. Adem\u00e1s. se admite la aplicaci\u00f3n anal\u00f3gica de las normas estatales sobre parcelaciones a los procedimientos auton\u00f3micos de regularizaci\u00f3n urban\u00edstica de la parcelaci\u00f3n, a pesar de que carecen de regulaci\u00f3n expresa del tratamiento registral.<\/p>\n<p style=\"text-align: justify;\"><strong><a href=\"https:\/\/www.notariosyregistradores.com\/web\/resoluciones\/por-meses\/resoluciones-octubre-2025-direccion-general-de-seguridad-juridica-y-fe-publica\/#r458\">458.*** NOVACI\u00d3N UNILATERAL\u00a0DE HIPOTECA INICIALMENTE UNILATERAL.<\/a><\/strong> No cabe inscribir la novaci\u00f3n modificativa de una hipoteca unilateral inscrita sin el consentimiento del acreedor. Por tanto, la novaci\u00f3n no puede constituirse de forma unilateral, posibilidad admitida para la constituci\u00f3n de la hipoteca.<\/p>\n<p style=\"text-align: justify;\"><strong><a href=\"https:\/\/www.notariosyregistradores.com\/web\/resoluciones\/por-meses\/resoluciones-octubre-2025-direccion-general-de-seguridad-juridica-y-fe-publica\/#r460\">460.** PRINCIPIO DE PRIORIDAD EN EL \u00c1MBITO DE LA GEORREFERENCIACI\u00d3N DE FINCAS.<\/a> <\/strong>Presentada la solicitud de inscripci\u00f3n de georreferenciaci\u00f3n de una finca, no se puede inscribir la correspondiente a otra, contradictoria con la primera, mientras no finalice el procedimiento para inscribir esta.<\/p>\n<p style=\"text-align: justify;\"><strong><a href=\"https:\/\/www.notariosyregistradores.com\/web\/resoluciones\/por-meses\/resoluciones-octubre-2025-direccion-general-de-seguridad-juridica-y-fe-publica\/#r462\">462.*** RATIFICACI\u00d3N ANTERIOR A EMBARGO, PERO PRESENTADA DESPU\u00c9S, Y REFERIDA A TRANSMISI\u00d3N TAMBI\u00c9N PRESENTADA ANTES.<\/a><\/strong> El t\u00edtulo incompleto por falta de un elemento esencial del negocio jur\u00eddico s\u00f3lo es t\u00edtulo inscribible desde que se subsana la falta del elemento esencial, y desde la fecha de la subsanaci\u00f3n tiene la consideraci\u00f3n de t\u00edtulo inscribible pues t\u00edtulo inicial y documento complementario integran un solo negocio jur\u00eddico.<\/p>\n<p style=\"text-align: justify;\"><strong><a href=\"https:\/\/www.notariosyregistradores.com\/web\/resoluciones\/por-meses\/resoluciones-octubre-2025-direccion-general-de-seguridad-juridica-y-fe-publica\/#r463\">463.** N\u00daMERO DE REGISTRO DE ALQUILER TUR\u00cdSTICO SOBRE FINCA CON PROHIBICI\u00d3N JUDICIAL DE DISPONER.<\/a> <\/strong>Una prohibici\u00f3n de disponer anotada no obsta a la asignaci\u00f3n de un n\u00famero registro de alquiler de corta duraci\u00f3n a la finca.<\/p>\n<p style=\"text-align: justify;\"><strong><a href=\"https:\/\/www.notariosyregistradores.com\/web\/resoluciones\/por-meses\/resoluciones-octubre-2025-direccion-general-de-seguridad-juridica-y-fe-publica\/#r464\">464.* DIVISI\u00d3N HORIZONTAL POR ANTIG\u00dcEDAD SIN LICENCIA (EN EXTREMADURA).<\/a> <\/strong>El complejo inmobiliario, donde se configuran parcelas f\u00edsica y jur\u00eddicamente independientes, constituye un acto de parcelaci\u00f3n que requiere licencia urban\u00edstica. Debe diferenciarse de la divisi\u00f3n horizontal tumbada, donde todo el suelo es elemento com\u00fan y no se produce fraccionamiento del suelo. Reiteraci\u00f3n de doctrina consolidada.<\/p>\n<p style=\"text-align: justify;\"><strong><a href=\"https:\/\/www.notariosyregistradores.com\/web\/resoluciones\/por-meses\/resoluciones-octubre-2025-direccion-general-de-seguridad-juridica-y-fe-publica\/#r465\">465 Y 466.* N\u00daMERO DE REGISTRO DE ALQUILER EN EDIFICIO CON ESTATUTOS PROHIBITIVOS (de <em>CASAS DE HU\u00c9SPEDES<\/em>)<\/a>.<\/strong> Al equipararse \u201ccasa de hu\u00e9spedes\u201d con alquiler vacacional, la norma estatutaria proh\u00edbe el uso tur\u00edstico de las viviendas.<\/p>\n<p style=\"text-align: justify;\"><strong><a href=\"https:\/\/www.notariosyregistradores.com\/web\/resoluciones\/por-meses\/resoluciones-octubre-2025-direccion-general-de-seguridad-juridica-y-fe-publica\/#r467\">467.* LIBRO DE ACTAS DE COMUNIDAD HORIZONTAL CON NOTA MARGINAL DE EXPEDIENTE DE RESTAURACI\u00d3N LEGALIDAD URBANISTICA.<\/a> <\/strong>La mera indicaci\u00f3n, mediante nota marginal, de la existencia de un acuerdo de restauraci\u00f3n de la legalidad urban\u00edstica, no impide diligenciar un libro de actas.<\/p>\n<p style=\"text-align: justify;\"><strong><a href=\"https:\/\/www.notariosyregistradores.com\/web\/resoluciones\/por-meses\/resoluciones-octubre-2025-direccion-general-de-seguridad-juridica-y-fe-publica\/#r468\">468.** INMATRICULACI\u00d3N POR DOBLE T\u00cdTULO CON UNA HERENCIA Y UNA EXTINCI\u00d3N DE CONDOMINIO.<\/a> <\/strong>La mera simultaneidad en el otorgamiento de las escrituras no es prueba suficiente para que el registrador rechace la inmatriculaci\u00f3n (205 LH) por considerarla una titulaci\u00f3n \u00abad hoc\u201d.<\/p>\n<p style=\"text-align: justify;\"><strong><a href=\"https:\/\/www.notariosyregistradores.com\/web\/resoluciones\/por-meses\/resoluciones-octubre-2025-direccion-general-de-seguridad-juridica-y-fe-publica\/#r469\">469.() N\u00daMERO DE REGISTRO DE ALQUILER TUR\u00cdSTICO SIN DECLARACI\u00d3N DE CONFORMIDAD DEL AYUNTAMIENTO (SALAMANCA).<\/a><\/strong> Para la asignaci\u00f3n del n\u00famero de registro de alquiler de corta duraci\u00f3n tur\u00edstico es exigible tanto la declaraci\u00f3n de conformidad ambiental exigida por el Ayuntamiento de Salamanca como el documento acreditativo de la inscripci\u00f3n de la finca en el Registro de Turismo de Castilla y Le\u00f3n.<\/p>\n<p style=\"text-align: justify;\"><strong><a href=\"https:\/\/www.notariosyregistradores.com\/web\/resoluciones\/por-meses\/resoluciones-octubre-2025-direccion-general-de-seguridad-juridica-y-fe-publica\/#r470\">470.*** N\u00daMERO DE REGISTRO DE ALQUILER TUR\u00cdSTICO DE FINCA INSCRITA A FAVOR DE PERSONA DISTINTA A LA QUE CONSTA EN EL REGISTRO ADVO.<\/a> <\/strong>La circunstancia de que la vivienda respecto de la que se solicita la asignaci\u00f3n del n\u00famero de registro \u00fanico de alquiler est\u00e9 inscrita a nombre de persona distinta de quien figura como titular en el Registro de Turismo de Andaluc\u00eda no impide dicha asignaci\u00f3n.<\/p>\n<p style=\"text-align: justify;\"><strong><em><a href=\"https:\/\/www.notariosyregistradores.com\/web\/resoluciones\/por-meses\/resoluciones-octubre-2025-direccion-general-de-seguridad-juridica-y-fe-publica\/#r471\">471.*** N\u00daMERO DE REGISTRO DE ALQUILER TUR\u00cdSTICO SIN LICENCIA MUNICIPAL (MADRID).<\/a><\/em><\/strong> Para el ejercicio de la actividad de vivienda tur\u00edstica en la Comunidad de Madrid es necesario tanto la inscripci\u00f3n en el registro auton\u00f3mico como el otorgamiento de licencia municipal.<\/p>\n<p style=\"text-align: justify;\"><strong><a href=\"https:\/\/www.notariosyregistradores.com\/web\/resoluciones\/por-meses\/resoluciones-octubre-2025-direccion-general-de-seguridad-juridica-y-fe-publica\/#r472\">472, 473. 474. y 475.** N\u00daMERO DE REGISTRO DE ALQUILER TUR\u00cdSTICO EN EDIFICIO CON ESTATUTOS PROHIBITIVOS.<\/a> <\/strong>La prohibici\u00f3n estatutaria de uso tur\u00edstico no puede perjudicar derechos adquiridos con anterioridad a la misma sobre destino a hospedaje y a uso tur\u00edstico de una determinada vivienda.<\/p>\n<p style=\"text-align: justify;\"><strong><a href=\"https:\/\/www.notariosyregistradores.com\/web\/resoluciones\/por-meses\/resoluciones-octubre-2025-direccion-general-de-seguridad-juridica-y-fe-publica\/#r476\">476.** N\u00daMERO DE REGISTRO DE ALQUILER TUR\u00cdSTICO: RETROACTIVIDAD REFORMA L.O. 1\/2025, DE 2 ENERO.<\/a> <\/strong>Si la vivienda ha obtenido licencia de uso tur\u00edstico con posterioridad al 3 de abril de 2025, es preciso que obtenga autorizaci\u00f3n expresa de la comunidad de propietarios para que se le pueda asignar un n\u00famero de registro \u00fanico de alquiler de corta duraci\u00f3n tur\u00edstico, por exigirlo as\u00ed la nueva redacci\u00f3n del art\u00edculo 7 LPH, que entr\u00f3 en vigor en dicha fecha.<\/p>\n<p style=\"text-align: justify;\"><strong><a href=\"https:\/\/www.notariosyregistradores.com\/web\/resoluciones\/por-meses\/resoluciones-octubre-2025-direccion-general-de-seguridad-juridica-y-fe-publica\/#r477\">477.** N\u00daMERO DE REGISTRO DE ALQUILER TUR\u00cdSTICO EN FINCA INSCRITA COMO \u00abLOCAL COMERCIAL\u00bb<\/a>.<\/strong> No es posible asignar un n\u00famero de registro \u00fanico de alquiler a una unidad de alojamiento cuyo uso inscrito no sea el de vivienda sino el de local comercial.<\/p>\n<p style=\"text-align: justify;\"><strong><a href=\"https:\/\/www.notariosyregistradores.com\/web\/resoluciones\/por-meses\/resoluciones-octubre-2025-direccion-general-de-seguridad-juridica-y-fe-publica\/#r478\">478.* N\u00daMERO DE REGISTRO DE ALQUILER TUR\u00cdSTICO EN FINCA SIN OBRA NUEVA.<\/a> <\/strong>La asignaci\u00f3n de NRUA requiere la previa constancia registral de la terminaci\u00f3n de la obra.<\/p>\n<p style=\"text-align: justify;\"><strong><a href=\"https:\/\/www.notariosyregistradores.com\/web\/resoluciones\/por-meses\/resoluciones-octubre-2025-direccion-general-de-seguridad-juridica-y-fe-publica\/#r479\">479.* N\u00daMERO DE REGISTRO DE ALQUILER TUR\u00cdSTICO EN EDIFICIO CON ESTATUTOS PROHIBITIVOS INCRITOS M\u00c1S ADELANTE.<\/a> <\/strong>Los acuerdos de la Comunidad de propietarios afectan a los que ya eran propietarios en el momento de adoptarse, aunque no est\u00e9n inscritos en el registro de la propiedad.<\/p>\n<p style=\"text-align: justify;\"><strong><a href=\"https:\/\/www.notariosyregistradores.com\/web\/resoluciones\/por-meses\/resoluciones-octubre-2025-direccion-general-de-seguridad-juridica-y-fe-publica\/#r480\">480.** N\u00daMERO DE REGISTRO DE ALQUILER TUR\u00cdSTICO EN EDIFICIO CON ESTATUTOS CON PROHIBICI\u00d3N DE <em>\u00abEJERCER EL COMERCIO\u00bb<\/em><\/a><em>. <\/em><\/strong>Aunque los estatutos inscritos no aludan expresamente a las viviendas de uso tur\u00edstico, se debe concluir que dicha prohibici\u00f3n alcanza la del alquiler tur\u00edstico o vacacional, en cuanto se considera una actividad econ\u00f3mica y la misma est\u00e1 expresamente prohibida en los estatutos inscritos.<\/p>\n<p style=\"text-align: justify;\"><strong><a href=\"https:\/\/www.notariosyregistradores.com\/web\/resoluciones\/por-meses\/resoluciones-octubre-2025-direccion-general-de-seguridad-juridica-y-fe-publica\/#r481\">481.** CIF REVOCADO AL EJERCER OPCI\u00d3N DE COMPRA, PERO VIGENTE AL TIEMPO DE SU CONSTITUCI\u00d3N POR LA S.A. CONCEDENTE.<\/a> <\/strong>La disposici\u00f3n adicional sexta de la LGT sobre NIF revocado es terminante para notarios y registradores. A los efectos de inscripci\u00f3n en cualquier registro p\u00fablico, la prohibici\u00f3n afecta, incluso, a los instrumentos autorizados antes de la entrada en vigor de la norma.<\/p>\n<p style=\"text-align: justify;\"><strong><a href=\"https:\/\/www.notariosyregistradores.com\/web\/resoluciones\/por-meses\/resoluciones-octubre-2025-direccion-general-de-seguridad-juridica-y-fe-publica\/#r482\">482.** FRANCIA. CAPITULACIONES MATRIMONIALES DE SEPARACI\u00d3N DE BIENES. ACREDITACI\u00d3N R\u00c9GIMEN ECON\u00d3MICO MATRIMONIAL FRANC\u00c9S.<\/a> <\/strong>Exige la Inscripci\u00f3n en el Registro civil extranjero de unas capitulaciones otorgadas por c\u00f3nyuges extranjeros cuando as\u00ed lo prevea la ley extranjera aplicable.<\/p>\n<p style=\"text-align: justify;\"><strong><a href=\"https:\/\/www.notariosyregistradores.com\/web\/resoluciones\/por-meses\/resoluciones-octubre-2025-direccion-general-de-seguridad-juridica-y-fe-publica\/#r484\">484.*** AMPLIACI\u00d3N POR ANTIG\u00dcEDAD DE UNA VIVIENDA CON BUHARDILLA EN UN EDIFICIO EN PROPIEDAD HORIZONTAL. REQUISITOS.<\/a> <\/strong>La ampliaci\u00f3n de obra de un elemento privativo en r\u00e9gimen de propiedad horizontal requiere mayor\u00eda formal de tres quintos, no siendo necesaria unanimidad material. La declaraci\u00f3n o ampliaci\u00f3n de obra por antig\u00fcedad no exige m\u00e1s requisitos que los previstos en el art. 28.4 TRLS. Se trata de una declaraci\u00f3n de obra por prescripci\u00f3n y no puede exigirse al propietario que acredite que lo construido es conforme a la legalidad urban\u00edstica.<\/p>\n<p style=\"text-align: justify;\"><strong><a href=\"https:\/\/www.notariosyregistradores.com\/web\/resoluciones\/por-meses\/resoluciones-octubre-2025-direccion-general-de-seguridad-juridica-y-fe-publica\/#r485\">485.*** DERECHO INGL\u00c9S. INSCRIPCI\u00d3N BIENES HERENCIA A FAVOR DE LOS <em>\u00abEXECUTORS\u00bb<\/em> (O ALBACEAS).<\/a> <\/strong>Es inscribible la adjudicaci\u00f3n de bienes a favor de los \u00abexecutors\u00bb, albaceas\/fiduciarios del derecho sucesorio brit\u00e1nico- art\u00edculo 2. Tercero LH- pero dicha inscripci\u00f3n debe hacerse con plena sujeci\u00f3n a los principios registrales entre los que se encuentra el principio de especialidad o determinaci\u00f3n registral.<\/p>\n<a class=\"mwm-aal-item\" name=\"resoluciones-mercantil\"><\/a><h6 style=\"text-align: justify;\"><span style=\"font-size: 12pt;\"><strong><a href=\"https:\/\/www.notariosyregistradores.com\/web\/resoluciones\/por-meses\/resoluciones-octubre-2025-direccion-general-de-seguridad-juridica-y-fe-publica\/#resoluciones-mercantil\">RESOLUCIONES MERCANTIL:<\/a><\/strong><\/span><\/h6>\n<p style=\"text-align: justify;\"><strong><a href=\"https:\/\/www.notariosyregistradores.com\/web\/resoluciones\/por-meses\/resoluciones-octubre-2025-direccion-general-de-seguridad-juridica-y-fe-publica\/#r419\">419.** CUENTAS ANUALES NO APROBADAS POR NO HABER SIDO FORMULADAS. \u00bfCIERRE REGISTRAL?<\/a><\/strong> Si las cuentas de un ejercicio no han sido aprobadas, con independencia de cu\u00e1l sea la causa, no procede el cierre de la hoja de la sociedad por falta del dep\u00f3sito de cuentas.<\/p>\n<p style=\"text-align: justify;\"><strong><a href=\"https:\/\/www.notariosyregistradores.com\/web\/resoluciones\/por-meses\/resoluciones-octubre-2025-direccion-general-de-seguridad-juridica-y-fe-publica\/#r435bis\">435 bis.*** DEP\u00d3SITO CUENTAS ANUALES: CONVOCATORIA DE LA JUNTA GENERAL Y DERECHO DE INFORMACI\u00d3N DE LOS SOCIOS.<\/a><\/strong> Si en el anuncio de convocatoria de una junta general se omite de forma absoluta la referencia al derecho del socio a obtener los documentos que han de ser sometidos a la aprobaci\u00f3n de la junta en los t\u00e9rminos que exige <a href=\"https:\/\/www.notariosyregistradores.com\/web\/normas\/ley-de-sociedades-de-capital\/#art272\">el art. 272.2 de la LSC<\/a>, la junta adolece de un vicio de nulidad y no es posible el dep\u00f3sito de las cuentas anuales aprobadas en dicha junta.<\/p>\n<p style=\"text-align: justify;\"><strong><a href=\"https:\/\/www.notariosyregistradores.com\/web\/resoluciones\/por-meses\/resoluciones-octubre-2025-direccion-general-de-seguridad-juridica-y-fe-publica\/#r439\">439.** CERTIFICADO DENOMINACI\u00d3N SOCIAL: SIMILITUD GR\u00c1FICA Y FON\u00c9TICA.<\/a> <\/strong>No es posible la denominaci\u00f3n social de CAAE, si existe otra ya registrada bajo la denominaci\u00f3n de CAE, CAHE o de C.A.E. de Espa\u00f1a.<\/p>\n<p style=\"text-align: justify;\"><strong><a href=\"https:\/\/www.notariosyregistradores.com\/web\/resoluciones\/por-meses\/resoluciones-octubre-2025-direccion-general-de-seguridad-juridica-y-fe-publica\/#r450\">450.** SL EN CONCURSO DE ACREEDORES: CESE Y NOMBRAMIENTO DE ADMINISTRADORES POR JUNTA GENERAL<\/a>. <\/strong>En una sociedad en concurso con intervenci\u00f3n de las facultades de administraci\u00f3n y disposici\u00f3n del deudor, no es necesaria la autorizaci\u00f3n del administrador concursal para tomar en junta general un acuerdo de cese de administradores.<\/p>\n<p style=\"text-align: justify;\"><strong><a href=\"https:\/\/www.notariosyregistradores.com\/web\/resoluciones\/por-meses\/resoluciones-octubre-2025-direccion-general-de-seguridad-juridica-y-fe-publica\/#r454\">454.* CIERRE REGISTRAL POR FALTA DE DEP\u00d3SITO DE CUENTAS. INTERPOSICI\u00d3N DE RECURSO QUE NO LLEG\u00d3 A CONOCIMIENTO DEL REGISTRADOR.<\/a> <\/strong>Si el recurso contra la calificaci\u00f3n del registrador se presenta en la Administraci\u00f3n General del Estado, aunque ello sea posible, pueden producirse desajustes por las especialidades que presenta el procedimiento registral.<\/p>\n<p style=\"text-align: justify;\"><strong><a href=\"https:\/\/www.notariosyregistradores.com\/web\/resoluciones\/por-meses\/resoluciones-octubre-2025-direccion-general-de-seguridad-juridica-y-fe-publica\/#r458bis\">458 bis.** FORMA DE PROCEDER ANTE UN NIMIO DEFECTO. PROVISI\u00d3N BORME Y CALIFICACI\u00d3N REGISTRAL.<\/a> <\/strong>Cuando se trata de nimios defectos provocados por errores materiales, tanto notario como registrador deben actuar en beneficio del interesado evitando el llegar a recursos innecesarios y perturbadores de la seguridad jur\u00eddica preventiva que tienen encomendada.<\/p>\n<p style=\"text-align: justify;\"><strong><a href=\"https:\/\/www.notariosyregistradores.com\/web\/resoluciones\/por-meses\/resoluciones-octubre-2025-direccion-general-de-seguridad-juridica-y-fe-publica\/#r483\">483.** CIERRE REGISTRAL POR CIF REVOCADO \u00bfEXISTEN EXCEPCIONES AL CIERRE?<\/a><\/strong> El cierre de la hoja de la sociedad por revocaci\u00f3n del CIF, siendo total y absoluto, puede tener las mismas excepciones que la Baja en el \u00cdndice de Entidades de la AEAT, pese a que las normas que lo regulan son distintas.<\/p>\n<p><a href=\"https:\/\/www.notariosyregistradores.com\/web\/resoluciones\/por-meses\/resoluciones-octubre-2025-direccion-general-de-seguridad-juridica-y-fe-publica\/\"><img loading=\"lazy\" decoding=\"async\" class=\"aligncenter size-full wp-image-131276\" src=\"https:\/\/www.notariosyregistradores.com\/web\/wp-content\/uploads\/2025\/10\/Vivan-las-fiestas-del-Pilar.jpg\" alt=\"Vivan las fiestas del Pilar! foto: Albert Capell ZGZ.\" width=\"338\" height=\"600\" srcset=\"https:\/\/www.notariosyregistradores.com\/web\/wp-content\/uploads\/2025\/10\/Vivan-las-fiestas-del-Pilar.jpg 720w, https:\/\/www.notariosyregistradores.com\/web\/wp-content\/uploads\/2025\/10\/Vivan-las-fiestas-del-Pilar-169x300.jpg 169w, https:\/\/www.notariosyregistradores.com\/web\/wp-content\/uploads\/2025\/10\/Vivan-las-fiestas-del-Pilar-576x1024.jpg 576w, https:\/\/www.notariosyregistradores.com\/web\/wp-content\/uploads\/2025\/10\/Vivan-las-fiestas-del-Pilar-500x889.jpg 500w\" sizes=\"auto, (max-width: 338px) 100vw, 338px\" \/><\/a><\/p>\n<a class=\"mwm-aal-item\" name=\"seleccion-de-otros-contenidos-publicados-\"><\/a><h6 style=\"text-align: justify;\"><span style=\"color: #0000ff;\"><strong><span style=\"font-size: 14pt;\">SELECCI\u00d3N DE OTROS CONTENIDOS PUBLICADOS:<\/span> <\/strong><\/span><\/h6>\n<ul>\n<li style=\"text-align: justify;\"><a href=\"https:\/\/www.notariosyregistradores.com\/web\/secciones\/oposiciones\/estadisticas-oposiciones-notarias-2025-2026-madrid\/\"><strong>Estad\u00edsticas Oposiciones Notar\u00edas tras cuatro semanas.<\/strong><\/a><\/li>\n<li style=\"text-align: justify;\"><a href=\"https:\/\/www.notariosyregistradores.com\/web\/secciones\/oficina-registral\/informes-mensuales-o-r\/oficina-registral-propiedad-informe-septiembre-2025-reflejo-registral-y-modelos-de-la-conclusion-de-concurso-en-el-registro-de-la-propiedad\/#tema-del-mes-reflejo-registral-y-modelos-de-la-conclusion-de-concurso-en-el-registro-de-la-propiedad-por-antonio-oliva-izquierdo\"><strong>Reflejo registral y modelos de la conclusi\u00f3n de concurso en el Registro de la Propiedad. Antonio Oliva.<\/strong><\/a><\/li>\n<li style=\"text-align: justify;\"><a href=\"https:\/\/www.notariosyregistradores.com\/web\/practica\/analisis-jurisprudencia-jmdf\/el-seguro-de-defensa-juridica-y-de-responsabilidad-civil-en-la-jurisprudencia-reciente-del-tribunal-supremo\/\"><strong>Tribunal Supremo y seguros de defensa jur\u00eddica y de responsabilidad civil. Juan Mar\u00eda D\u00edaz Fraile.<\/strong><\/a><\/li>\n<li style=\"text-align: justify;\"><a href=\"https:\/\/www.notariosyregistradores.com\/web\/secciones\/fiscal\/informes-mensuales-fiscal\/informe-fiscal-septiembre-2025-pactos-sucesorios-donaciones-mortis-causa-y-economias-de-opcion\/\"><strong>Aspectos fiscales de los pactos sucesorios y las donaciones \u00abmortis causa\u00bb<\/strong><\/a><strong><u>. M\u00e1ximo Ju\u00e1rez.<\/u><\/strong><\/li>\n<li style=\"text-align: justify;\"><a href=\"https:\/\/www.notariosyregistradores.com\/web\/practica\/modelos-escrituras\/modelo-de-clausula-en-escritura-sobre-valor-de-referencia\/\"><strong>Modelo de cl\u00e1usula\u00a0<em>valor de referencia\u00a0<\/em>para escritura. Juan Luis Espigares de la Higuera.<\/strong><\/a><\/li>\n<li style=\"text-align: justify;\"><strong><u>Nueva <\/u><\/strong><a href=\"https:\/\/www.notariosyregistradores.com\/web\/secciones\/doctrina\/articulos-doctrina\/cuestiones-relacionadas-con-las-personas-con-discapacidad-i\/\"><strong>Secci\u00f3n sobre\u00a0<\/strong><\/a> <a href=\"https:\/\/www.notariosyregistradores.com\/web\/secciones\/doctrina\/articulos-doctrina\/cuestiones-relacionadas-con-las-personas-con-discapacidad-i\/\"><strong>Isidoro Lora Tamayo.<\/strong><\/a><\/li>\n<li style=\"text-align: justify;\"><a href=\"https:\/\/www.notariosyregistradores.com\/web\/category\/practica\/indice-jc-casas\/\"><strong>Actualizados los \u00cdndices de Resoluciones DGSJFP de Juan Carlos Casas (de febrero de 1998 a septiembre de 2025).<\/strong><\/a><\/li>\n<li style=\"text-align: justify;\"><a href=\"https:\/\/www.notariosyregistradores.com\/web\/practica\/familia\/indice-fichero-jurisprudencia-derecho-de-familia-de-jose-manuel-vara-gonzalez\/\"><strong>Actualizado el \u00cdndice Fichero de Jurisprudencia de Derecho de Familia. Jos\u00e9 Manuel Vara Gonz\u00e1lez.<\/strong><\/a><\/li>\n<li style=\"text-align: justify;\"><a href=\"https:\/\/www.notariosyregistradores.com\/web\/normas\/informes-mensuales\/no-te-lo-pierdas-septiembre-2025\/\"><strong>No te lo pierdas\u2026 Lo esencial del BOE en septiembre 2025<\/strong><\/a><strong>.<\/strong><\/li>\n<li style=\"text-align: justify;\"><a href=\"https:\/\/www.notariosyregistradores.com\/web\/secciones\/fiscal\/articulos-fiscal\/tipos-de-gravamen-familias-numerosas-y-nasciturus\/\"><strong>Tipos de gravamen. Familias numerosas y \u00abnasciturus\u00bb. Antonio Mart\u00ednez Lafuente.<\/strong><\/a><\/li>\n<li style=\"text-align: justify;\"><a href=\"https:\/\/www.notariosyregistradores.com\/web\/practica\/revista-derecho-civil\/revista-de-derecho-civil-volumen-xii-numero-3\/\"><strong>Revista de Derecho Civil 3\/2025 (Jul.-Sept.)<\/strong><\/a><\/li>\n<li style=\"text-align: justify;\"><a href=\"https:\/\/www.notariosyregistradores.com\/web\/secciones\/oficina-mercantil\/informe-mercantil-octubre-2025-derecho-de-informacion-y-convocatoria-junta\/\"><strong>Derecho de informaci\u00f3n y convocatoria Junta. Jos\u00e9 \u00c1ngel Garc\u00eda Valdecasas.<\/strong><\/a><\/li>\n<li style=\"text-align: justify;\"><a href=\"https:\/\/www.notariosyregistradores.com\/web\/resoluciones\/indice-tematico-de-las-principales-resoluciones-sobre-georreferenciacion-de-fincas-ii\/\"><strong>\u00cdndice de Resoluciones sobre georreferenciaci\u00f3n. V\u00edctor Esquirol Jim\u00e9nez<\/strong><\/a><strong>.<\/strong><\/li>\n<li style=\"text-align: justify;\"><a href=\"https:\/\/www.notariosyregistradores.com\/web\/practica\/jurisprudencia\/cronica-breve-de-tribunales-58-clausulas-suelo-pension-de-varones\/\"><strong>Cr\u00f3nica breve de Tribunales-58. Cl\u00e1usulas suelo. Pensi\u00f3n de varones\u2026 \u00c1lvaro Mart\u00edn Mart\u00edn.<\/strong><\/a><\/li>\n<li style=\"text-align: justify;\"><a href=\"https:\/\/www.notariosyregistradores.com\/web\/participa\/noticias\/resumen-xvii-convencion-de-la-web\/\"><strong>NYR celebr\u00f3 su XVII Convenci\u00f3n y entreg\u00f3 a Isidoro Lora Tamayo el Premio Notarios y Registradores 2025<\/strong><\/a><strong>.<\/strong><\/li>\n<li style=\"text-align: justify;\"><a href=\"https:\/\/www.notariosyregistradores.com\/web\/resoluciones\/sabias-que-4\/#s1556\"><strong>\u00bfSab\u00edas que\u2026?: Del 1551 al 1556: residuo, vinculaci\u00f3n\u2026<\/strong><\/a><\/li>\n<\/ul>\n<a class=\"mwm-aal-item\" name=\"enlaces\"><\/a><h6 style=\"text-align: justify;\"><span style=\"font-size: 14pt; color: #0000ff;\">ENLACES:<\/span><\/h6>\n<p style=\"text-align: center;\"><span style=\"font-size: 14pt;\"><strong><a href=\"https:\/\/www.notariosyregistradores.com\/web\/normas\/cuadro-de-informes-mensuales-generales-de-lo-publicado-en-el-boe\/\">INFORMES y <em>No te lo pierdas!<\/em>\u00a0MENSUALES<\/a><\/strong><\/span><\/p>\n<p style=\"text-align: center;\"><a href=\"https:\/\/www.notariosyregistradores.com\/web\/practica\/indice-jc-casas\/separata-del-indice-de-juan-carlos-casas-de-junio-de-2025\/\"><span style=\"font-size: 14pt;\"><strong>SEPARATA \u00cdNDICE JUAN CARLOS CASAS JUNIO 2025\u00a0<\/strong><\/span><\/a><\/p>\n<p style=\"text-align: center;\"><span style=\"font-size: 14pt;\"><strong><a href=\"https:\/\/www.notariosyregistradores.com\/web\/normas\/cuatro-niveles-de-informacion-para-normativa-y-resoluciones\/\">INFORMACI\u00d3N EN CUATRO NIVELES<\/a><\/strong><\/span><\/p>\n<p><span style=\"font-size: 12pt;\"><strong>RECURSOS EN ESTA WEB SOBRE:\u00a0 <a href=\"https:\/\/www.notariosyregistradores.com\/web\/category\/normas\/\">NORMAS<\/a>\u00a0 \u00a0&#8211;\u00a0 \u00a0<a href=\"https:\/\/www.notariosyregistradores.com\/web\/category\/resoluciones\/\">RESOLUCIONES<\/a><\/strong><\/span><\/p>\n<p><span style=\"font-size: 12pt;\"><strong>OTROS RECURSOS:\u00a0 <a href=\"https:\/\/www.notariosyregistradores.com\/web\/category\/secciones\/\">Secciones<\/a> &#8211; <a href=\"https:\/\/www.notariosyregistradores.com\/web\/category\/participa\/\">Participa<\/a> &#8211; <a href=\"https:\/\/www.notariosyregistradores.com\/web\/category\/cuadros\/\">Cuadros<\/a> &#8211; <a href=\"https:\/\/www.notariosyregistradores.com\/web\/category\/practica\/\">Pr\u00e1ctica<\/a> &#8211; <a href=\"https:\/\/www.notariosyregistradores.com\/web\/secciones\/oficina-notarial\/modelos-para-documentos-notariales\/\">Modelos<\/a> &#8211; <a href=\"https:\/\/www.notariosyregistradores.com\/web\/category\/utilidades\/\">Utilidades<\/a><\/strong><\/span><\/p>\n<p style=\"text-align: justify;\"><span style=\"font-size: 12pt;\"><strong>WEB: <\/strong><strong><a href=\"http:\/\/www.notariosyregistradores.com\/web\/category\/esta-web\/que-ofrece\/\" target=\"_top\" rel=\"noopener noreferrer\">Qu\u00e9 ofrecemos<\/a> &#8211;\u00a0<a href=\"http:\/\/www.notariosyregistradores.com\/web\/1198-2\/\">NyR, p\u00e1gina de inicio<\/a> &#8211;\u00a0<a href=\"http:\/\/www.notariosyregistradores.com\/web\/esta-web\/ideario\/ideario-de-esta-web\/\" target=\"_top\" rel=\"noopener noreferrer\">Ideario Web<\/a><\/strong><\/span><\/p>\n<p style=\"text-align: center;\"><strong><span style=\"font-size: 14pt;\"><a href=\"https:\/\/www.notariosyregistradores.com\/web\/\">PORTADA DE LA WEB<\/a><\/span><\/strong><\/p>\n<div id=\"attachment_132417\" style=\"width: 1210px\" class=\"wp-caption aligncenter\"><a href=\"https:\/\/www.notariosyregistradores.com\/web\/normas\/informes-mensuales\/no-te-lo-pierdas-octubre-2025\/attachment\/valle_de_hecho-huesca\/\"><img loading=\"lazy\" decoding=\"async\" aria-describedby=\"caption-attachment-132417\" class=\"size-full wp-image-132417\" src=\"https:\/\/www.notariosyregistradores.com\/web\/wp-content\/uploads\/2025\/11\/Valle_de_Hecho-Huesca.jpg\" alt=\"\" width=\"1200\" height=\"900\" srcset=\"https:\/\/www.notariosyregistradores.com\/web\/wp-content\/uploads\/2025\/11\/Valle_de_Hecho-Huesca.jpg 1200w, https:\/\/www.notariosyregistradores.com\/web\/wp-content\/uploads\/2025\/11\/Valle_de_Hecho-Huesca-300x225.jpg 300w, https:\/\/www.notariosyregistradores.com\/web\/wp-content\/uploads\/2025\/11\/Valle_de_Hecho-Huesca-1024x768.jpg 1024w, https:\/\/www.notariosyregistradores.com\/web\/wp-content\/uploads\/2025\/11\/Valle_de_Hecho-Huesca-768x576.jpg 768w, https:\/\/www.notariosyregistradores.com\/web\/wp-content\/uploads\/2025\/11\/Valle_de_Hecho-Huesca-500x375.jpg 500w\" sizes=\"auto, (max-width: 1200px) 100vw, 1200px\" \/><\/a><p id=\"caption-attachment-132417\" class=\"wp-caption-text\">Valle de Hecho en Huesca. Por Teresa Casamayor Merino.<\/p><\/div>\n","protected":false},"excerpt":{"rendered":"<p>\u00a1NO TE LO PIERDAS! OCTUBRE\u00a0de 2025 DISPOSICIONES GENERALES Y TRIBUNALES: Pol\u00edtica Agr\u00edcola Com\u00fan. Este Real Decreto modifica la normativa espa\u00f1ola que aplica el Plan Estrat\u00e9gico de la Pol\u00edtica Agr\u00edcola Com\u00fan (PAC) 2023-2027, tras la aprobaci\u00f3n por la Comisi\u00f3n Europea de una actualizaci\u00f3n del plan nacional en agosto de 2025. Pr\u00e9stamo de valores de instituciones de [&hellip;]<\/p>\n","protected":false},"author":10,"featured_media":132418,"comment_status":"open","ping_status":"closed","sticky":false,"template":"","format":"standard","meta":{"_bbp_topic_count":0,"_bbp_reply_count":0,"_bbp_total_topic_count":0,"_bbp_total_reply_count":0,"_bbp_voice_count":0,"_bbp_anonymous_reply_count":0,"_bbp_topic_count_hidden":0,"_bbp_reply_count_hidden":0,"_bbp_forum_subforum_count":0,"footnotes":""},"categories":[180],"tags":[21028,15423,21027,21029,12205,21030],"class_list":{"0":"post-132411","1":"post","2":"type-post","3":"status-publish","4":"format-standard","5":"has-post-thumbnail","7":"category-informes-mensuales","8":"tag-boe-octubre-2025","9":"tag-no-te-lo-pierdas","10":"tag-no-te-lo-pierdas-octubre-2025","11":"tag-resoluciones-octubre-2025","12":"tag-teresa-casamayor","13":"tag-valle-de-hecho"},"_links":{"self":[{"href":"https:\/\/www.notariosyregistradores.com\/web\/wp-json\/wp\/v2\/posts\/132411","targetHints":{"allow":["GET"]}}],"collection":[{"href":"https:\/\/www.notariosyregistradores.com\/web\/wp-json\/wp\/v2\/posts"}],"about":[{"href":"https:\/\/www.notariosyregistradores.com\/web\/wp-json\/wp\/v2\/types\/post"}],"author":[{"embeddable":true,"href":"https:\/\/www.notariosyregistradores.com\/web\/wp-json\/wp\/v2\/users\/10"}],"replies":[{"embeddable":true,"href":"https:\/\/www.notariosyregistradores.com\/web\/wp-json\/wp\/v2\/comments?post=132411"}],"version-history":[{"count":5,"href":"https:\/\/www.notariosyregistradores.com\/web\/wp-json\/wp\/v2\/posts\/132411\/revisions"}],"predecessor-version":[{"id":132421,"href":"https:\/\/www.notariosyregistradores.com\/web\/wp-json\/wp\/v2\/posts\/132411\/revisions\/132421"}],"wp:featuredmedia":[{"embeddable":true,"href":"https:\/\/www.notariosyregistradores.com\/web\/wp-json\/wp\/v2\/media\/132418"}],"wp:attachment":[{"href":"https:\/\/www.notariosyregistradores.com\/web\/wp-json\/wp\/v2\/media?parent=132411"}],"wp:term":[{"taxonomy":"category","embeddable":true,"href":"https:\/\/www.notariosyregistradores.com\/web\/wp-json\/wp\/v2\/categories?post=132411"},{"taxonomy":"post_tag","embeddable":true,"href":"https:\/\/www.notariosyregistradores.com\/web\/wp-json\/wp\/v2\/tags?post=132411"}],"curies":[{"name":"wp","href":"https:\/\/api.w.org\/{rel}","templated":true}]}}