{"id":132492,"date":"2025-11-20T21:15:13","date_gmt":"2025-11-20T20:15:13","guid":{"rendered":"https:\/\/www.notariosyregistradores.com\/web\/?p=132492"},"modified":"2025-11-20T21:16:50","modified_gmt":"2025-11-20T20:16:50","slug":"boletin-de-noticias-nyr-numero-25-enero-2025","status":"publish","type":"post","link":"https:\/\/www.notariosyregistradores.com\/web\/participa\/noticias\/boletin-de-noticias-nyr-numero-25-enero-2025\/","title":{"rendered":"Bolet\u00edn de noticias NyR n\u00famero 25. Enero 2025"},"content":{"rendered":"<h1 style=\"text-align: center;\"><span style=\"color: #0000ff;\"><strong>BOLET\u00cdN DE NOTICIAS NYR N\u00daMERO 25<\/strong><\/span><\/h1>\n<p>&nbsp;<\/p>\n<p style=\"text-align: justify;\">Estimados usuarios:<\/p>\n<p style=\"text-align: justify;\">Este es el vig\u00e9simo quinto bolet\u00edn de noticias (newsletter) que se env\u00eda a los usuarios registrados de NyR, con la finalidad de recoger algunos de los contenidos publicados \u00faltimamente que pudieran tener un especial inter\u00e9s para los destinatarios (s\u00f3lo 8 para no cansar). Se incorporan enlaces para ampliar la informaci\u00f3n.\u00a0<\/p>\n<ol>\n<li style=\"text-align: justify;\">Que el <strong>cambio clim\u00e1tico<\/strong> existe es un hecho, pero que los habitantes de una peque\u00f1a parte del planeta Tierra podamos pararlo es m\u00e1s dudoso. No obstante, las energ\u00edas renovables emergen con fuerza en el mundo occidental y una forma de obtenerlas es por medio de <strong>paneles fotovoltaicos<\/strong>, que para su instalaci\u00f3n necesitan de una fuerte financiaci\u00f3n: una forma de conseguir dicha financiaci\u00f3n es por medio de la <strong>prenda sin desplazamiento<\/strong> de esos paneles solares como se ve en <a href=\"https:\/\/9kr9c.r.sp1-brevo.net\/mk\/cl\/f\/sh\/SMK1E8tHeFuBoQAFQ2ptmhpDXctZ\/wy8aL-1TGPhb\">esta resoluci\u00f3n<\/a> del DGSJFP.<\/li>\n<li style=\"text-align: justify;\">Aunque las fincas urbanas puedan sufrir <strong>alteraciones f\u00edsicas<\/strong> que hagan que su descripci\u00f3n registral no coincida con la realidad, es en las <strong>fincas r\u00fasticas<\/strong>, descritas de forma literaria en su inscripci\u00f3n, las que pueden padecer una <strong>discordancia mayor<\/strong> entre la descripci\u00f3n que consta en el registro y la que surge de la realidad: para solucionar este problema y hacer coincidir tanto la descripci\u00f3n registral como la descripci\u00f3n real, existen una serie de medios de los que nos habla con precisi\u00f3n <strong><em>Antonio M. Oliva<\/em><\/strong> en <a href=\"https:\/\/9kr9c.r.sp1-brevo.net\/mk\/cl\/f\/sh\/SMK1E8tHeG13GYzCbCzNsX7xVvTp\/-ISrp7h8pFUW\">este breve art\u00edculo<\/a>.<\/li>\n<li style=\"text-align: justify;\">El <strong>testamento ol\u00f3grafo<\/strong>, es decir el testamento hecho de su pu\u00f1o y letra por el propio testador de forma privada, aunque no es excesivamente frecuente en Espa\u00f1a, sigue siendo tema de estudio por los juristas, como se demuestra \u00a0en la publicaci\u00f3n de un interesante trabajo del profesor <strong><em>Manuel Garc\u00eda Mayo<\/em><\/strong> sobre el <strong>testamento ol\u00f3grafo electr\u00f3nico<\/strong> en el que defiende la posibilidad de un testamento ol\u00f3grafo a <strong>ordenador y con firma electr\u00f3nica<\/strong>, sobre la base de una interpretaci\u00f3n sociol\u00f3gica de su regulaci\u00f3n en el C\u00f3digo Civil. Para ver la recensi\u00f3n de su libro realizada magistralmente por la catedr\u00e1tica Francisca Ram\u00f3n Fern\u00e1ndez, en la Revista de Derecho Civil, pincha <a href=\"https:\/\/9kr9c.r.sp1-brevo.net\/mk\/cl\/f\/sh\/SMK1E8tHeG7uiho9mN8ryMQhUE45\/fOo4GIxXVCYd\">aqu\u00ed<\/a>.<\/li>\n<li style=\"text-align: justify;\">La llamada <strong>inmatriculaci\u00f3n por t\u00edtulo p\u00fablico<\/strong> del art\u00edculo 205 de la Ley Hipotecaria ha sido un elemento esencial en nuestro derecho hipotecario para conseguir el ingreso por primera vez de las fincas al Registro. Dicho art\u00edculo fue objeto de una profunda modificaci\u00f3n por la Ley 13\/2015, de 24 de junio, dot\u00e1ndolo de importantes medidas que contribuyen a la seguridad jur\u00eddica de la inmatriculaci\u00f3n. Consecuencia de una de esas reformas es la <a href=\"https:\/\/9kr9c.r.sp1-brevo.net\/mk\/cl\/f\/sh\/SMK1E8tHeGEmAqd6xXIM4BjRSWeL\/jV_LQfm0ftoA\">resoluci\u00f3n de 24 de septiembre de 2024<\/a> en la que se ve que la simple <strong>oposici\u00f3n<\/strong> de un Ayuntamiento no \u00a0especialmente motivada obliga a suspender la inscripci\u00f3n.<\/li>\n<li style=\"text-align: justify;\">El miembro de nuestro equipo de redacci\u00f3n, J<strong><em>avier M\u00e1ximo Ju\u00e1rez<\/em><\/strong>, mantiene viva su preocupaci\u00f3n por las consecuencias de la terrible DANA que afect\u00f3 a parte de la provincia de Valencia. Por ello publica un <a href=\"https:\/\/9kr9c.r.sp1-brevo.net\/mk\/cl\/f\/sh\/SMK1E8tHeGLdczS48hRqA12BQpEb\/rzCQXkK25kqJ\">util\u00edsimo trabajo<\/a> sobre las reducciones propias de la Comunidad Valenciana aplicables a las <strong>donaciones<\/strong> consecuencia de la DANA de octubre de 2024 por el DL 12\/2024 del Consell.\u00a0<\/li>\n<li style=\"text-align: justify;\">La propuesta de Directiva de la UE sobre la llamada <strong>Digitalizaci\u00f3n II<\/strong> del derecho de sociedades puede afectar tanto a los <strong>plazos<\/strong> para la presentaci\u00f3n de documentos como al plazo para su despacho en el Registro Mercantil, formando parte de lo que llama necesaria <strong>actualizaci\u00f3n<\/strong> del registro. En el <a href=\"https:\/\/9kr9c.r.sp1-brevo.net\/mk\/cl\/f\/sh\/SMK1E8tHeGSV58H1JrbKFqKvP7or\/V6zFx6kacuZR\">informe para los registros mercantiles del mes diciembre<\/a> se detallan dichas propuestas y su incidencia en nuestro derecho registral mercantil.<\/li>\n<li style=\"text-align: justify;\">Cuando se utiliza en un negocio jur\u00eddico <strong>un poder especial<\/strong> otorgado en el <strong>extranjero<\/strong> no inscrito en el Registro Mercantil, puede surgir la duda de la suficiencia de facultades de la persona que otorga dicho poder. Sobre este problema y otros concomitantes, <a href=\"https:\/\/9kr9c.r.sp1-brevo.net\/mk\/cl\/f\/sh\/SMK1E8tHeGZMXH5yV1koLfdfNQP7\/onJj9q9x-Xhp\">la resoluci\u00f3n de la DGSJFP de 25 de septiembre de 2024<\/a>, nos da las pautas a seguir y como solucionar los problemas que presentan estos poderes para su plena eficacia en Espa\u00f1a.<\/li>\n<li style=\"text-align: justify;\">Para terminar una noticia <strong>interna de la web<\/strong>, pero de inter\u00e9s para todos nuestros lectores y seguidores. Ha sido <a href=\"https:\/\/9kr9c.r.sp1-brevo.net\/mk\/cl\/f\/sh\/SMK1E8tHeGgDzPuvgBuIRUwPLizN\/trHPg1qXcZce\">convocado el premio<\/a> notariosyregistradores.com del a\u00f1o 2025, tras dos a\u00f1os ausente de nuestra p\u00e1gina. El plazo para presentar candidatos concluir\u00e1 al final del d\u00eda 10 de enero de 2025, prorrogable, en su caso, por un mes m\u00e1s pudiendo los usuarios de la web proponer los candidatos que consideren id\u00f3neos enviando la identidad del candidato propuesto, con una breve motivaci\u00f3n, al siguiente correo electr\u00f3nico: <a href=\"mailto:notyreg@notariosyregistradores.com\"><strong>notyreg@notariosyregistradores.com<\/strong><\/a>\u00a0<\/li>\n<\/ol>\n<p><em>Saludos cordiales<\/em><\/p>\n<p>\n<strong><em>Jos\u00e9 \u00c1ngel Garcia Valdecasas Butr\u00f3n<\/em><\/strong><em>,<\/em><\/p>\n<p><em>Miembro del Equipo de Redacci\u00f3n de <\/em><a href=\"https:\/\/9kr9c.r.sp1-brevo.net\/mk\/cl\/f\/sh\/SMK1E8tHeGn5RYjsrM3mXKF9K1Zd\/OI6oAzgKm0yk\"><em>notariosyregistradores.com<\/em><\/a><\/p>\n<p>&nbsp;<\/p>\n<h2><span style=\"color: #0000ff;\"><strong>ENLACES:<\/strong><\/span><\/h2>\n<p style=\"text-align: center;\"><span style=\"font-size: 14pt;\"><strong><a href=\"https:\/\/www.notariosyregistradores.com\/web\/sc\/nyr-estrena-boletin-de-noticias-newsletter\/\">ARCHIVO LLAVE DE LOS BOLETINES<\/a><\/strong><\/span><\/p>\n<p style=\"text-align: center;\"><a href=\"https:\/\/www.notariosyregistradores.com\/web\/register\/\" target=\"_blank\" rel=\"noopener\"><strong><span style=\"font-size: 14pt;\">INSCRIBIRSE COMO USUARIO PARA RECIBIR EL BOLET\u00cdN<\/span><\/strong><\/a><\/p>\n<p style=\"text-align: center;\"><a href=\"https:\/\/5ee0478a.sibforms.com\/serve\/MUIEAGACd00d2PHWQZDDQjmIScivTE9wcBPC0kr70ECVndS-X4zq6mhmyUleglgv97tAHMSX_QwMTgs5wYTTG1hp7naIkmPszukgow_aerJ3jUyQJLlpIs6CytgDav8E6itCwalD97hEb_M7T1JjF_35fDQZ5zpb-GY9QOOpe1TpctgciRwB9mWrn38foeapdIfyhOl9N38S_LQn\" target=\"_blank\" rel=\"noopener\"><strong><span style=\"font-size: 14pt;\">INSCRIBIRSE S\u00d3LO PARA RECIBIR EL BOLET\u00cdN<\/span><\/strong><\/a><\/p>\n<p style=\"text-align: center;\"><a href=\"https:\/\/www.notariosyregistradores.com\/web\/category\/participa\/noticias\/\"><strong><span style=\"font-size: 14pt;\">OTRAS NOTICIAS<\/span><\/strong><\/a><\/p>\n<p style=\"text-align: center;\"><a href=\"https:\/\/www.notariosyregistradores.com\/\"><strong><span style=\"font-size: 14pt;\">PORTADA DE LA WEB<\/span><\/strong><\/a><\/p>\n","protected":false},"excerpt":{"rendered":"<p>BOLET\u00cdN DE NOTICIAS NYR N\u00daMERO 25 &nbsp; Estimados usuarios: Este es el vig\u00e9simo quinto bolet\u00edn de noticias (newsletter) que se env\u00eda a los usuarios registrados de NyR, con la finalidad de recoger algunos de los contenidos publicados \u00faltimamente que pudieran tener un especial inter\u00e9s para los destinatarios (s\u00f3lo 8 para no cansar). Se incorporan enlaces [&hellip;]<\/p>\n","protected":false},"author":10,"featured_media":0,"comment_status":"open","ping_status":"closed","sticky":false,"template":"","format":"standard","meta":{"_bbp_topic_count":0,"_bbp_reply_count":0,"_bbp_total_topic_count":0,"_bbp_total_reply_count":0,"_bbp_voice_count":0,"_bbp_anonymous_reply_count":0,"_bbp_topic_count_hidden":0,"_bbp_reply_count_hidden":0,"_bbp_forum_subforum_count":0,"footnotes":""},"categories":[213],"tags":[18378,21034,20376,18377,21035],"class_list":{"0":"post-132492","1":"post","2":"type-post","3":"status-publish","4":"format-standard","6":"category-noticias","7":"tag-boletin-de-noticias","8":"tag-boletin-noticias-nyr","9":"tag-enero-2025","10":"tag-newsletter","11":"tag-newsletter-nyr"},"_links":{"self":[{"href":"https:\/\/www.notariosyregistradores.com\/web\/wp-json\/wp\/v2\/posts\/132492","targetHints":{"allow":["GET"]}}],"collection":[{"href":"https:\/\/www.notariosyregistradores.com\/web\/wp-json\/wp\/v2\/posts"}],"about":[{"href":"https:\/\/www.notariosyregistradores.com\/web\/wp-json\/wp\/v2\/types\/post"}],"author":[{"embeddable":true,"href":"https:\/\/www.notariosyregistradores.com\/web\/wp-json\/wp\/v2\/users\/10"}],"replies":[{"embeddable":true,"href":"https:\/\/www.notariosyregistradores.com\/web\/wp-json\/wp\/v2\/comments?post=132492"}],"version-history":[{"count":2,"href":"https:\/\/www.notariosyregistradores.com\/web\/wp-json\/wp\/v2\/posts\/132492\/revisions"}],"predecessor-version":[{"id":132494,"href":"https:\/\/www.notariosyregistradores.com\/web\/wp-json\/wp\/v2\/posts\/132492\/revisions\/132494"}],"wp:attachment":[{"href":"https:\/\/www.notariosyregistradores.com\/web\/wp-json\/wp\/v2\/media?parent=132492"}],"wp:term":[{"taxonomy":"category","embeddable":true,"href":"https:\/\/www.notariosyregistradores.com\/web\/wp-json\/wp\/v2\/categories?post=132492"},{"taxonomy":"post_tag","embeddable":true,"href":"https:\/\/www.notariosyregistradores.com\/web\/wp-json\/wp\/v2\/tags?post=132492"}],"curies":[{"name":"wp","href":"https:\/\/api.w.org\/{rel}","templated":true}]}}