{"id":132659,"date":"2025-11-26T22:07:33","date_gmt":"2025-11-26T21:07:33","guid":{"rendered":"https:\/\/www.notariosyregistradores.com\/web\/?p=132659"},"modified":"2025-11-28T18:26:06","modified_gmt":"2025-11-28T17:26:06","slug":"calendario-dias-inhabiles-2026","status":"publish","type":"post","link":"https:\/\/www.notariosyregistradores.com\/web\/utilidades\/dias-habiles\/calendario-dias-inhabiles-2026\/","title":{"rendered":"Calendario D\u00edas inh\u00e1biles 2026"},"content":{"rendered":"<h1 style=\"text-align: center;\">\u00a0<\/h1>\n<h1 style=\"text-align: center;\"><span style=\"color: #0000ff;\"><em><span style=\"font-size: 24pt; font-family: 'comic sans ms', sans-serif;\">D\u00edas inh\u00e1biles 2026<\/span><\/em><\/span><\/h1>\n<p>&nbsp;<\/p>\n<p><a href=\"https:\/\/www.boe.es\/diario_boe\/txt.php?id=BOE-A-2025-23702\" target=\"_blank\" rel=\"nofollow noopener noreferrer\"><span style=\"font-size: 12pt;\">Resoluci\u00f3n de 18 de noviembre de 2025, de la Secretar\u00eda de Estado de Funci\u00f3n P\u00fablica, por la que se establece a efectos de c\u00f3mputo de plazos, el calendario de d\u00edas inh\u00e1biles en el \u00e1mbito de la Administraci\u00f3n General del Estado para el a\u00f1o 2026.<\/span><\/a><\/p>\n<p>&nbsp;<\/p>\n<p style=\"text-align: justify;\"><span style=\"color: #0000ff; font-size: 12pt;\"><strong>Resumen:<\/strong> Se publica el calendario de d\u00edas inh\u00e1biles para el a\u00f1o 2026, que est\u00e1 conectado con el calendario laboral oficial. Afecta a la Administraci\u00f3n General del Estado y sus Organismos P\u00fablicos.<\/span><\/p>\n<p style=\"text-align: justify;\"><span style=\"color: #000000;\">El\u00a0<a style=\"color: #000000;\" href=\"https:\/\/www.notariosyregistradores.com\/web\/normas\/ley-procedimiento-administrativo-2015\/#a30\">art\u00edculo 30.7<\/a>\u00a0de la Ley del Procedimiento Administrativo Com\u00fan de las Administraciones P\u00fablicas, establece que la Administraci\u00f3n General del Estado fijar\u00e1, en su \u00e1mbito, el calendario de d\u00edas inh\u00e1biles <strong>a efectos de c\u00f3mputo de plazos<\/strong>, con sujeci\u00f3n al <strong>calendario laboral<\/strong> oficial (ver <a style=\"color: #000000;\" href=\"https:\/\/www.notariosyregistradores.com\/web\/participa\/noticias\/calendario-laboral-2026\/\">Resoluci\u00f3n de 17 de octubre de 2025, de la Direcci\u00f3n General de Trabajo, por la que se publica la relaci\u00f3n de fiestas laborales para el a\u00f1o 2026<\/a>).<\/span><\/p>\n<p style=\"text-align: justify;\"><span style=\"color: #000000;\">Se recuerda que, de acuerdo con el\u00a0<a style=\"color: #000000;\" href=\"https:\/\/www.notariosyregistradores.com\/web\/normas\/ley-procedimiento-administrativo-2015\/#a30\">art\u00edculo 30.8<\/a>\u00a0LPA, la declaraci\u00f3n de un d\u00eda como h\u00e1bil o inh\u00e1bil a efectos de c\u00f3mputo de plazos\u00a0<strong>no determina por s\u00ed sola el funcionamiento de los centros de trabajo de las Administraciones P\u00fablicas<\/strong>, la organizaci\u00f3n del tiempo de trabajo ni el acceso de los ciudadanos a los registros.<\/span><\/p>\n<p style=\"text-align: justify;\"><span style=\"color: #000000;\">El calendario afecta a la\u00a0<strong>Administraci\u00f3n General del Estado\u00a0y sus Organismos P\u00fablicos<\/strong>, a efectos de\u00a0<span style=\"text-decoration: underline;\"><strong><span style=\"font-size: 12pt;\">c\u00f3mputos de plazos.<\/span><\/strong><\/span><\/span><\/p>\n<p style=\"text-align: justify;\"><span style=\"color: #000000;\"><strong>Son d\u00edas inh\u00e1biles:<\/strong><\/span><\/p>\n<p style=\"text-align: justify;\"><span style=\"color: #000000;\">a) En\u00a0<strong>todo el\u00a0territorio nacional<\/strong>: Los\u00a0<strong>s\u00e1bados,\u00a0<\/strong>los domingos y los d\u00edas declarados como fiestas de \u00e1mbito nacional no sustituibles, o sobre las que la totalidad de las Comunidades Aut\u00f3nomas no ha ejercido la facultad de sustituci\u00f3n.<\/span><\/p>\n<p style=\"text-align: justify;\"><span style=\"color: #000000;\">b) En el \u00e1mbito territorial de las\u00a0<strong>Comunidades Aut\u00f3nomas<\/strong>: Aquellos d\u00edas determinados por cada Comunidad Aut\u00f3noma como festivos.<\/span><\/p>\n<p style=\"text-align: justify;\"><span style=\"color: #000000;\">c) En los \u00e1mbitos territoriales de las Entidades que integran la\u00a0<strong>Administraci\u00f3n Local<\/strong>: los d\u00edas que establezcan las respectivas Comunidades Aut\u00f3nomas en sus correspondientes calendarios de d\u00edas inh\u00e1biles.<\/span><\/p>\n<p style=\"text-align: justify;\"><span style=\"color: #000000;\">Los d\u00edas inh\u00e1biles a que se refieren los puntos a) y b) se incluyen en un\u00a0<strong>anexo<\/strong>\u00a0donde se distingue entre los d\u00edas inh\u00e1biles en todo el territorio nacional y los que lo son tan s\u00f3lo en las CCAA que se especifican.<\/span><\/p>\n<h2 style=\"text-align: justify;\"><span style=\"color: #000000;\"><strong>D\u00cdAS INH\u00c1BILES DE \u00c1MBITO NACIONAL:<\/strong><\/span><\/h2>\n<p style=\"text-align: justify;\"><span style=\"color: #000000;\">Son, aparte de los s\u00e1bados y domingos de todo el a\u00f1o:<\/span><\/p>\n<ul style=\"text-align: justify;\">\n<li><span style=\"color: #000000;\">el 1 de enero, jueves<\/span><\/li>\n<li><span style=\"color: #000000;\">el 6 de enero, martes<\/span><\/li>\n<li><span style=\"color: #000000;\">el 3 de abril (Viernes Santo)<\/span><\/li>\n<li><span style=\"color: #000000;\">el 1\u00ba de mayo, viernes<\/span><\/li>\n<li><span style=\"color: #000000;\">el 12 de octubre, lunes<\/span><\/li>\n<li><span style=\"color: #000000;\">el 8 de diciembre, martes<\/span><\/li>\n<li><span style=\"color: #000000;\">y el 25 de diciembre, viernes<\/span><\/li>\n<\/ul>\n<h2 style=\"text-align: justify;\"><span style=\"color: #000000;\"><strong>D\u00cdAS INH\u00c1BILES\u00a0S\u00d3LO EN ALGUNAS COMUNIDADES AUT\u00d3NOMAS:<\/strong><\/span><\/h2>\n<ul>\n<li><span style=\"color: #000000;\">Marzo. D\u00eda 2, lunes: Illes Balears.<\/span><\/li>\n<li><span style=\"color: #000000;\">Marzo. D\u00eda 19, jueves: Galicia, Murcia, Pa\u00eds Vasco, Valencia y Navarra.<\/span><\/li>\n<li><span style=\"color: #000000;\">Marzo. D\u00eda 20, viernes: Melilla.<\/span><\/li>\n<li><span style=\"color: #000000;\">Abril. D\u00eda 2 (Jueves Santo): Andaluc\u00eda, Arag\u00f3n, Asturias, Illes Balears, Canarias, Cantabria, Castilla-La Mancha, Extremadura, Galicia, Murcia, Pa\u00eds Vasco, La Rioja, Castilla y Le\u00f3n, Madrid, Navarra, Ceuta y Melilla.<\/span><\/li>\n<li><span style=\"color: #000000;\">Abril.\u00a0D\u00eda 6 (Lunes de Pascua): Illes Balears, Castilla-La Mancha, Catalu\u00f1a, Pa\u00eds Vasco, La Rioja, Navarra y Valencia.<\/span><\/li>\n<li><span style=\"color: #000000;\">Abril. D\u00eda 23, jueves: Arag\u00f3n y Castilla y Le\u00f3n.<\/span><\/li>\n<li><span style=\"color: #000000;\">Mayo. D\u00eda 27, mi\u00e9rcoles: Ceuta y Melilla.<\/span><\/li>\n<li><span style=\"color: #000000;\">Junio. D\u00eda 4, jueves: Castilla-La Mancha. <\/span><\/li>\n<li><span style=\"color: #000000;\">Junio. D\u00eda 9, martes: La Rioja y Murcia.<\/span><\/li>\n<li class=\"parrafo\"><span style=\"color: #000000;\">Junio. D\u00eda 24, mi\u00e9rcoles: Catalu\u00f1a, Galicia y Valencia.<\/span><\/li>\n<li><span style=\"color: #000000;\">Julio. D\u00eda 28, martes : Cantabria.<\/span><\/li>\n<li><span style=\"color: #000000;\">Agosto. D\u00eda 5, mi\u00e9rcoles; Ceuta.<\/span><\/li>\n<li><span style=\"color: #000000;\">Septiembre. D\u00eda 2, mi\u00e9rcoles: Ceuta<\/span><\/li>\n<li><span style=\"color: #000000;\">Septiembre. D\u00eda 8, martes: Asturias y Extremadura.<\/span><\/li>\n<li><span style=\"color: #000000;\">Septiembre. D\u00eda 11, viernes: Catalu\u00f1a.<\/span><\/li>\n<li><span style=\"color: #000000;\">Septiembre. D\u00eda 15, martes: Cantabria.<\/span><\/li>\n<li><span style=\"color: #000000;\">Octubre. D\u00eda 9, viernes: Valencia.<\/span><\/li>\n<li><span style=\"color: #000000;\">Noviembre. D\u00eda 2, lunes: Andaluc\u00eda, Arag\u00f3n, Asturias, Canarias, Castilla-La Mancha, Extremadura, Castilla y Le\u00f3n, Madrid y Navarra.<\/span><\/li>\n<li><span style=\"color: #000000;\">Diciembre. D\u00eda 7, lunes: Andaluc\u00eda, Arag\u00f3n, Asturias, Cantabria, Extremadura, Murcia, La Rioja, Castilla y Le\u00f3n, Madrid y Melilla.<\/span><\/li>\n<\/ul>\n<h2 style=\"text-align: justify;\"><span style=\"color: #000000;\"><strong>ALGUNA NORMATIVA AUTON\u00d3MICA:<\/strong><\/span><\/h2>\n<h3 style=\"text-align: justify;\"><span style=\"color: #000000;\"><strong>CANARIAS:<\/strong><\/span><\/h3>\n<p style=\"text-align: justify;\">En la Comunidad Aut\u00f3noma de Canarias, el <a href=\"https:\/\/www.gobiernodecanarias.org\/boc\/2025\/088\/1659.html\" target=\"_blank\" rel=\"nofollow noopener noreferrer\">Decreto 61\/2025, de 28 de abril,<\/a> por el que se determina el calendario de fiestas laborales de la Comunidad Aut\u00f3noma de Canarias para el a\u00f1o 2026, dispone las siguientes fiestas laborales:<\/p>\n<ul>\n<li>en El Hierro: el 24 de septiembre, festividad de Nuestra Se\u00f1ora de los Reyes;<\/li>\n<li>en Fuerteventura: el 18 de septiembre, festividad de Nuestra Se\u00f1ora de la Pe\u00f1a;<\/li>\n<li>en Gran Canaria: el 8 de septiembre, festividad de Nuestra Se\u00f1ora del Pino;<\/li>\n<li>en La Gomera: el 5 de octubre, festividad de Nuestra Se\u00f1ora de Guadalupe;<\/li>\n<li>en La Palma: el 5 de agosto, festividad de Nuestra Se\u00f1ora de Las Nieves;<\/li>\n<li>en Lanzarote y La Graciosa: el 15 de septiembre, festividad de Nuestra Se\u00f1ora de los Volcanes;<\/li>\n<li>y en Tenerife: el 2 de febrero, festividad de la Virgen de la Candelaria\u00bb.<\/li>\n<\/ul>\n<h3 style=\"text-align: justify;\"><span style=\"color: #000000;\"><strong>CATALU\u00d1A:<\/strong><\/span><\/h3>\n<div class=\"pretexto\">\n<div class=\"tabs\">\n<div id=\"DOdocText\" class=\"panel\">\n<div id=\"textoxslt\">\n<p class=\"parrafo\" style=\"text-align: justify;\">En la Comunidad Aut\u00f3noma de Catalu\u00f1a, la <a href=\"https:\/\/dogc.gencat.cat\/es\/document-del-dogc\/?documentId=1013204\" target=\"_blank\" rel=\"nofollow noopener noreferrer\">Orden EMT\/66\/2025, de\u00a030 de abril<\/a>, por la que se establece el calendario oficial de fiestas laborales en Catalu\u00f1a para el a\u00f1o 2026 dispone que: \u00abEn el <strong>territorio de Ar\u00e1n<\/strong>, la fiesta del d\u00eda\u00a026 de diciembre (Sant Esteve) queda sustituida por la de\u00a017 de junio (Fiesta de Ar\u00e1n), mi\u00e9rcoles\u00bb.<\/p>\n<\/div>\n<\/div>\n<\/div>\n<\/div>\n<p>&nbsp;<\/p>\n<p style=\"text-align: center;\"><a href=\"https:\/\/www.boe.es\/boe\/dias\/2025\/11\/24\/pdfs\/BOE-A-2025-23702.pdf\" target=\"_blank\" rel=\"nofollow noopener noreferrer\"><span style=\"font-size: 14pt;\"><strong>PDF BOE<\/strong><\/span><\/a><span style=\"font-size: 14pt;\"><strong><a href=\"https:\/\/www.boe.es\/boe\/dias\/2024\/12\/24\/pdfs\/BOE-A-2024-26935.pdf\" target=\"_blank\" rel=\"noopener\">\u00a0<\/a> \u00a0&#8211; \u00a0\u00a0 <a href=\"https:\/\/www.boe.es\/diario_boe\/txt.php?id=BOE-A-2025-23702\" target=\"_blank\" rel=\"nofollow noopener noreferrer\">Otros formatos<\/a><\/strong><\/span><\/p>\n<p style=\"text-align: center;\"><a href=\"https:\/\/www.notariosyregistradores.com\/web\/participa\/noticias\/calendario-laboral-2026\/\"><span style=\"font-size: 18pt;\"><strong>CALENDARIO LABORAL 2026<\/strong><\/span><\/a><\/p>\n<p style=\"text-align: center;\"><a href=\"https:\/\/www.notariosyregistradores.com\/web\/normas\/informes-mensuales\/informe-339-boe-diciembre-2022\/#dias-inhabiles-a-efectos-procesales\"><strong><span style=\"font-size: 14pt;\">D\u00cdAS INH\u00c1BILES A EFECTOS PROCESALES (diciembre 2022)<\/span><\/strong><\/a><\/p>\n<p style=\"text-align: center;\"><strong><span style=\"font-size: 14pt;\"><a href=\"http:\/\/www.notariosyregistradores.com\/web\/category\/utilidades\/dias-habiles\/\">D\u00cdAS INH\u00c1BILE DE OTROS A\u00d1OS<\/a><\/span><\/strong><\/p>\n<p style=\"text-align: center;\"><span style=\"font-size: 14pt;\"><strong><a href=\"https:\/\/www.notariosyregistradores.com\/web\/secciones\/fiscal\/modelos-tributarios-mas-usados\/\">MODELOS TRIBUTARIOS M\u00c1S USADOS<\/a><\/strong><\/span><\/p>\n<p style=\"text-align: center;\"><span style=\"font-size: 14pt;\"><strong><a href=\"http:\/\/www.boe.es\/buscar\/act.php?id=BOE-A-2015-11430&amp;tn=1&amp;p=20170513#a37\" target=\"_blank\" rel=\"noopener noreferrer\">ESTATUTO DE LOS TRABAJADORES (art. 37)<\/a><\/strong><\/span><\/p>\n<p style=\"text-align: center;\"><strong><span style=\"font-size: 14pt;\"><a href=\"http:\/\/www.notariosyregistradores.com\/web\/category\/utilidades\/\">UTILIDADES<\/a><\/span><\/strong><\/p>\n<p><span style=\"font-size: 12pt;\"><strong>RECURSOS EN ESTA WEB SOBRE :\u00a0\u00a0<a href=\"https:\/\/www.notariosyregistradores.com\/web\/category\/normas\/\">NORMAS<\/a>\u00a0 \u00a0\u2013\u00a0 \u00a0<a href=\"https:\/\/www.notariosyregistradores.com\/web\/category\/resoluciones\/\">RESOLUCIONES<\/a><\/strong><\/span><\/p>\n<p><span style=\"font-size: 12pt;\"><strong>OTROS RECURSOS:\u00a0\u00a0<a href=\"https:\/\/www.notariosyregistradores.com\/web\/category\/secciones\/\">Secciones<\/a>\u00a0\u2013\u00a0<a href=\"https:\/\/www.notariosyregistradores.com\/web\/category\/participa\/\">Participa<\/a>\u00a0\u2013\u00a0<a href=\"https:\/\/www.notariosyregistradores.com\/web\/category\/cuadros\/\">Cuadros<\/a>\u00a0\u2013\u00a0<a href=\"https:\/\/www.notariosyregistradores.com\/web\/category\/practica\/\">Pr\u00e1ctica<\/a>\u00a0\u2013\u00a0<a href=\"https:\/\/www.notariosyregistradores.com\/web\/secciones\/oficina-notarial\/modelos-para-documentos-notariales\/\">Modelos<\/a>\u00a0\u2013\u00a0<a href=\"https:\/\/www.notariosyregistradores.com\/web\/category\/utilidades\/\">Utilidades<\/a><\/strong><\/span><\/p>\n<p><span style=\"font-size: 12pt;\"><strong>WEB:\u00a0<a href=\"http:\/\/www.notariosyregistradores.com\/web\/category\/esta-web\/que-ofrece\/\" target=\"_top\" rel=\"noopener noreferrer\">Qu\u00e9 ofrecemos<\/a>\u00a0\u2013\u00a0<a href=\"http:\/\/www.notariosyregistradores.com\/web\/1198-2\/\">NyR, p\u00e1gina de inicio<\/a>\u00a0\u2013\u00a0<a href=\"http:\/\/www.notariosyregistradores.com\/web\/esta-web\/ideario\/ideario-de-esta-web\/\" target=\"_top\" rel=\"noopener noreferrer\">Ideario Web<\/a><\/strong><\/span><\/p>\n<p style=\"text-align: center;\"><span style=\"font-size: 14pt;\"><strong><a href=\"http:\/\/www.notariosyregistradores.com\/\">PORTADA DE LA WEB<\/a><\/strong><\/span><\/p>\n<p><img loading=\"lazy\" decoding=\"async\" class=\"aligncenter size-full wp-image-131771\" src=\"https:\/\/www.notariosyregistradores.com\/web\/wp-content\/uploads\/2025\/10\/calendario-2026.jpg\" alt=\"\" width=\"603\" height=\"809\" srcset=\"https:\/\/www.notariosyregistradores.com\/web\/wp-content\/uploads\/2025\/10\/calendario-2026.jpg 603w, https:\/\/www.notariosyregistradores.com\/web\/wp-content\/uploads\/2025\/10\/calendario-2026-224x300.jpg 224w, https:\/\/www.notariosyregistradores.com\/web\/wp-content\/uploads\/2025\/10\/calendario-2026-500x671.jpg 500w\" sizes=\"auto, (max-width: 603px) 100vw, 603px\" \/><\/p>\n<div class=\"enlacesDoc\">\u00a0<\/div>\n<p><script src=\"https:\/\/pagead2.googlesyndication.com\/pagead\/js\/adsbygoogle.js?client=ca-pub-1695125473100002\" async=\"\" crossorigin=\"anonymous\"><\/script><\/p>\n","protected":false},"excerpt":{"rendered":"<p>\u00a0 D\u00edas inh\u00e1biles 2026 &nbsp; Resoluci\u00f3n de 18 de noviembre de 2025, de la Secretar\u00eda de Estado de Funci\u00f3n P\u00fablica, por la que se establece a efectos de c\u00f3mputo de plazos, el calendario de d\u00edas inh\u00e1biles en el \u00e1mbito de la Administraci\u00f3n General del Estado para el a\u00f1o 2026. &nbsp; Resumen: Se publica el calendario [&hellip;]<\/p>\n","protected":false},"author":10,"featured_media":131770,"comment_status":"open","ping_status":"closed","sticky":false,"template":"","format":"standard","meta":{"_bbp_topic_count":0,"_bbp_reply_count":0,"_bbp_total_topic_count":0,"_bbp_total_reply_count":0,"_bbp_voice_count":0,"_bbp_anonymous_reply_count":0,"_bbp_topic_count_hidden":0,"_bbp_reply_count_hidden":0,"_bbp_forum_subforum_count":0,"footnotes":""},"categories":[227],"tags":[2014,21062,6634,21063,21013,2381,21064],"class_list":{"0":"post-132659","1":"post","2":"type-post","3":"status-publish","4":"format-standard","5":"has-post-thumbnail","7":"category-dias-habiles","8":"tag-calendario","9":"tag-calendario-2026","10":"tag-calendario-dias-inhabiles","11":"tag-calendario-dias-inhabiles-2026","12":"tag-calendario-laboral-2026","13":"tag-dias-inhabiles","14":"tag-dis-inhabiles-2026"},"_links":{"self":[{"href":"https:\/\/www.notariosyregistradores.com\/web\/wp-json\/wp\/v2\/posts\/132659","targetHints":{"allow":["GET"]}}],"collection":[{"href":"https:\/\/www.notariosyregistradores.com\/web\/wp-json\/wp\/v2\/posts"}],"about":[{"href":"https:\/\/www.notariosyregistradores.com\/web\/wp-json\/wp\/v2\/types\/post"}],"author":[{"embeddable":true,"href":"https:\/\/www.notariosyregistradores.com\/web\/wp-json\/wp\/v2\/users\/10"}],"replies":[{"embeddable":true,"href":"https:\/\/www.notariosyregistradores.com\/web\/wp-json\/wp\/v2\/comments?post=132659"}],"version-history":[{"count":4,"href":"https:\/\/www.notariosyregistradores.com\/web\/wp-json\/wp\/v2\/posts\/132659\/revisions"}],"predecessor-version":[{"id":132717,"href":"https:\/\/www.notariosyregistradores.com\/web\/wp-json\/wp\/v2\/posts\/132659\/revisions\/132717"}],"wp:featuredmedia":[{"embeddable":true,"href":"https:\/\/www.notariosyregistradores.com\/web\/wp-json\/wp\/v2\/media\/131770"}],"wp:attachment":[{"href":"https:\/\/www.notariosyregistradores.com\/web\/wp-json\/wp\/v2\/media?parent=132659"}],"wp:term":[{"taxonomy":"category","embeddable":true,"href":"https:\/\/www.notariosyregistradores.com\/web\/wp-json\/wp\/v2\/categories?post=132659"},{"taxonomy":"post_tag","embeddable":true,"href":"https:\/\/www.notariosyregistradores.com\/web\/wp-json\/wp\/v2\/tags?post=132659"}],"curies":[{"name":"wp","href":"https:\/\/api.w.org\/{rel}","templated":true}]}}