{"id":132720,"date":"2025-12-02T22:22:35","date_gmt":"2025-12-02T21:22:35","guid":{"rendered":"https:\/\/www.notariosyregistradores.com\/web\/?p=132720"},"modified":"2026-01-29T19:38:32","modified_gmt":"2026-01-29T18:38:32","slug":"informe-375-boe-diciembre-2025","status":"publish","type":"post","link":"https:\/\/www.notariosyregistradores.com\/web\/normas\/informes-mensuales\/informe-375-boe-diciembre-2025\/","title":{"rendered":"INFORME 375. BOE Diciembre 2025"},"content":{"rendered":"<p>&nbsp;<\/p>\n<p><span style=\"color: #0000ff;\"><strong><span style=\"font-size: 18pt;\">INFORME N\u00ba 375. <\/span><\/strong><\/span><span style=\"color: #0000ff;\"><strong><span style=\"font-size: 18pt;\">(BOE DICIEMBRE de 2025)<\/span><\/strong><\/span><\/p>\n<h2 style=\"text-align: center;\"><span style=\"font-size: 18pt;\"><strong>Primera Parte: Secciones I y II.<\/strong><\/span><\/h2>\n<p style=\"text-align: center;\"><span style=\"font-size: 14pt;\"><strong><a href=\"http:\/\/www.notariosyregistradores.com\/web\/normas\/cuadro-de-informes-mensuales-generales-de-lo-publicado-en-el-boe\/\" target=\"_blank\" rel=\"noopener\">IR A LISTA DE INFORMES MENSUALES<\/a><\/strong><\/span><\/p>\n<p style=\"text-align: center;\"><a href=\"https:\/\/www.notariosyregistradores.com\/web\/resoluciones\/por-meses\/resoluciones-diciembre-2025-direccion-general-de-seguridad-juridica-y-fe-publica\/\"><span style=\"font-size: 14pt;\"><strong>IR A RESOLUCIONES DE DICIEMBRE<\/strong><\/span><\/a><\/p>\n<h2 style=\"text-align: center;\"><a href=\"https:\/\/www.notariosyregistradores.com\/web\/normas\/informes-mensuales\/no-te-lo-pierdas-diciembre-2025\/\"><strong>IR A\u00a0<em>\u00a1NO TE LO PIERDAS!<\/em> DE DICIEMBRE<\/strong><\/a><\/h2>\n<p>&nbsp;<\/p>\n<table style=\"width: 100%; height: 453px;\">\n<tbody>\n<tr style=\"height: 37px;\">\n<td style=\"height: 37px;\" width=\"624\"><span style=\"font-size: 14pt;\"><strong>Equipo de redacci\u00f3n:<\/strong><\/span><\/td>\n<\/tr>\n<tr style=\"height: 26px; text-align: justify;\">\n<td style=\"height: 26px;\" width=\"624\"><a style=\"color: #0f3647;\" href=\"https:\/\/www.notariosyregistradores.com\/web\/category\/esta-web\/autores\/#vej\" target=\"_blank\" rel=\"noopener\"><span style=\"font-size: 10pt;\">* V\u00edctor Esquirol Jim\u00e9nez, notario de El Masnou (Barcelona), coordinador en diciembre<\/span><\/a><\/td>\n<\/tr>\n<tr style=\"height: 26px;\">\n<td style=\"height: 26px;\"><a style=\"color: #0f3647;\" href=\"https:\/\/www.notariosyregistradores.com\/web\/category\/esta-web\/autores\/#jcc\" target=\"_blank\" rel=\"noopener\"><span style=\"font-size: 10pt;\">* Juan Carlos Casas Rojo, registrador de la propiedad de C\u00e1diz n\u00ba 3, coordinador en noviembre<\/span><\/a><\/td>\n<\/tr>\n<tr style=\"height: 26px;\">\n<td style=\"height: 26px;\" width=\"624\"><a href=\"https:\/\/www.notariosyregistradores.com\/web\/category\/esta-web\/autores\/#acm\" target=\"_blank\" rel=\"noopener\"><span style=\"font-size: 10pt;\">* Albert Capell Mart\u00ednez, notario <span style=\"font-size: small;\">de Barcelona, coordinador en octubre<\/span><\/span><\/a><\/td>\n<\/tr>\n<tr style=\"height: 26px;\">\n<td style=\"height: 26px;\" width=\"624\"><a href=\"https:\/\/www.notariosyregistradores.com\/web\/category\/esta-web\/autores\/#jfme\" target=\"_blank\" rel=\"noopener\"><span style=\"font-size: 10pt;\">* Jos\u00e9 F\u00e9lix Merino Escart\u00edn, registrador mercantil central, coordinador general.<\/span><\/a><\/td>\n<\/tr>\n<tr style=\"height: 26px;\">\n<td style=\"height: 26px;\" width=\"624\"><a href=\"https:\/\/www.notariosyregistradores.com\/web\/category\/esta-web\/autores\/#afs\" target=\"_blank\" rel=\"noopener\"><span style=\"font-size: 10pt;\">* Alfonso de la Fuente Sancho, notario de San Crist\u00f3bal de La Laguna (Tenerife).<\/span><\/a><\/td>\n<\/tr>\n<tr style=\"height: 26px;\">\n<td style=\"height: 26px;\" width=\"624\"><a href=\"https:\/\/www.notariosyregistradores.com\/web\/category\/esta-web\/autores\/#mn\" target=\"_blank\" rel=\"noopener\"><span style=\"font-size: 10pt;\">* Mar\u00eda N\u00fa\u00f1ez N\u00fa\u00f1ez, registradora de la propiedad y mercantil de Lugo.<\/span><\/a><\/td>\n<\/tr>\n<tr style=\"height: 26px;\">\n<td style=\"height: 26px;\" width=\"624\"><a href=\"https:\/\/www.notariosyregistradores.com\/web\/category\/esta-web\/autores\/#ies\" target=\"_blank\" rel=\"noopener\"><span style=\"font-size: 10pt;\">* Inmaculada Espi\u00f1eira Soto, notaria de Santiago de Compostela.<\/span><\/a><\/td>\n<\/tr>\n<tr style=\"height: 26px;\">\n<td style=\"height: 26px;\" width=\"624\"><a href=\"https:\/\/www.notariosyregistradores.com\/web\/category\/esta-web\/autores\/#jagv\" target=\"_blank\" rel=\"noopener\"><span style=\"font-size: 10pt;\">* Jos\u00e9 \u00c1ngel Garc\u00eda-Valdecasas Butr\u00f3n, registrador.<\/span><\/a><\/td>\n<\/tr>\n<tr style=\"height: 26px;\">\n<td style=\"height: 26px; text-align: justify;\" width=\"624\"><a href=\"https:\/\/www.notariosyregistradores.com\/web\/category\/esta-web\/autores\/#jar\" target=\"_blank\" rel=\"noopener\"><span style=\"font-size: 10pt;\">* Jos\u00e9 Antonio Riera \u00c1lvarez, notario de Arucas (Gran Canaria)<\/span><\/a><\/td>\n<\/tr>\n<tr style=\"height: 26px; text-align: justify;\">\n<td style=\"height: 26px;\" width=\"624\"><a href=\"https:\/\/www.notariosyregistradores.com\/web\/category\/esta-web\/autores\/#mgv\" target=\"_blank\" rel=\"noopener\"><span style=\"font-size: 10pt;\">* Mar\u00eda Garc\u00eda-Valdecasas Alguacil, registradora de Barcelona<\/span><\/a><\/td>\n<\/tr>\n<tr style=\"height: 26px; text-align: justify;\">\n<td style=\"height: 26px;\" width=\"624\"><a href=\"https:\/\/www.notariosyregistradores.com\/web\/category\/esta-web\/autores\/#er\" target=\"_blank\" rel=\"noopener\"><span style=\"font-size: 10pt;\">* Emma Rojo Iglesias, registradora de Alcal\u00e1 de Henares (Madrid)<\/span><\/a><\/td>\n<\/tr>\n<tr style=\"height: 26px; text-align: justify;\">\n<td style=\"height: 26px;\" width=\"624\"><a href=\"https:\/\/www.notariosyregistradores.com\/web\/category\/esta-web\/autores\/#jmj\" target=\"_blank\" rel=\"noopener\"><span style=\"font-size: 10pt;\">* <span style=\"font-size: 13.3333px;\">Javier M\u00e1ximo Ju\u00e1rez Gonz\u00e1lez, notario de Valencia<\/span><\/span><\/a><\/td>\n<\/tr>\n<tr style=\"height: 26px;\">\n<td style=\"height: 26px;\"><span style=\"font-size: 10pt;\">* <a href=\"https:\/\/www.notariosyregistradores.com\/web\/category\/esta-web\/autores\/#amoi\" target=\"_blank\" rel=\"noopener\">Antonio Manuel Oliva Izquierdo, registrador de Trujillo (C\u00e1ceres)<\/a><\/span><\/td>\n<\/tr>\n<tr style=\"height: 26px;\">\n<td style=\"height: 26px;\"><span style=\"font-size: 10pt;\">*<a href=\"https:\/\/www.notariosyregistradores.com\/web\/participa\/noticias\/shadia-nasser-garcia-se-incorpora-al-equipo-de-redaccion-de-nyr\/\"> Shadia Nasser Garc\u00eda, notaria de Formentera (Illes Balears)<\/a><\/span><\/td>\n<\/tr>\n<tr style=\"height: 26px;\">\n<td style=\"height: 26px;\"><a href=\"https:\/\/www.notariosyregistradores.com\/web\/participa\/noticias\/beatriz-zamora-rodriguez-y-alvaro-cordero-taborda-nuevos-miembros-del-equipo-de-redaccion-de-nyr\/#alvaro\"><span style=\"font-size: 10pt;\">* \u00c1lvaro Cordero Taborda, notario de Valoria la Buena (Valladolid)<\/span><\/a><\/td>\n<\/tr>\n<\/tbody>\n<\/table>\n<a class=\"mwm-aal-item\" name=\"disposiciones-generales\"><\/a><h6 style=\"text-align: justify;\"><span style=\"font-size: 14pt; color: #0000ff;\"><b><a id=\"disposiciones\"><\/a>DISPOSICIONES GENERALES<\/b><\/span><\/h6>\n<a class=\"mwm-aal-item\" name=\"estatuto-del-personal-de-las-cortes-generales\"><\/a><h6 style=\"text-align: justify;\"><span style=\"font-size: 12pt;\">Estatuto del Personal de las Cortes Generales<\/span><\/h6>\n<p style=\"text-align: justify;\">Acuerdo de 20 de noviembre de 2025, adoptado por las Mesas del Congreso de los Diputados y del Senado en reuni\u00f3n conjunta, por el que se aprueba el Estatuto del Personal de las Cortes Generales.<\/p>\n<p style=\"text-align: justify;\"><span style=\"color: #0000ff;\"><strong>Resumen:<\/strong> Se trata de un Estatuto completo que se aplica al Personal de ambas C\u00e1maras legislativas. Reorganiza la carrera profesional regulando de modo especial la carrera horizontal. Prev\u00e9 la posibilidad de que el personal funcionario solicite pr\u00f3rrogas de jubilaci\u00f3n hasta los 75 a\u00f1os.<\/span><\/p>\n<p style=\"text-align: justify;\">Este Estatuto se dicta al amparo de lo dispuesto en el <a href=\"https:\/\/www.notariosyregistradores.com\/web\/normas\/constitucion-espanola\/#a72\"><strong>art\u00edculo\u00a072.1 de la Constituci\u00f3n<\/strong><\/a>, mediante acuerdo de las <strong>Mesas<\/strong> del Congreso de los Diputados y del Senado, en su <strong>reuni\u00f3n conjunta<\/strong> del d\u00eda\u00a020 de noviembre de\u00a02025. Con ello, se atiende a la autonom\u00eda institucional de las C\u00e1maras y a la singularidad del r\u00e9gimen de quienes prestan servicios al Parlamento, por la especial naturaleza del trabajo parlamentario, siendo un Estatuto \u00fanico para ambas C\u00e1maras legislativas.<\/p>\n<p style=\"text-align: justify;\">Es el tercero completo tras los de 1983 y de 2006, cuyos principios estructurales se mantienen.<\/p>\n<p style=\"text-align: justify;\">Las <strong>novedades<\/strong> que recoge el Estatuto que ahora se aprueba pivotan sobre <strong>dos ejes<\/strong>: el <strong>crecimiento y continua evoluci\u00f3n del personal funcionario<\/strong>, ligado al incremento de las funciones de las Cortes Generales, y la necesaria <strong>transformaci\u00f3n de la Administraci\u00f3n parlamentaria<\/strong>.<\/p>\n<p style=\"text-align: justify;\">Respecto al <strong>primer eje<\/strong>, entre las principales novedades que afectan individualmente al personal funcionario, deben destacarse:<\/p>\n<p style=\"text-align: justify;\">&#8211; el progreso en las condiciones de igualdad en el acceso y permanencia a los puestos p\u00fablicos,<\/p>\n<p style=\"text-align: justify;\">&#8211; el establecimiento de medidas que mejoran la conciliaci\u00f3n de la vida personal, familiar y profesional,<\/p>\n<p style=\"text-align: justify;\">&#8211; el reconocimiento de nuevos permisos, as\u00ed como la consolidaci\u00f3n normativa de la interpretaci\u00f3n favorable de determinadas situaciones que ya se ven\u00eda realizando<\/p>\n<p style=\"text-align: justify;\">&#8211; la cohabitaci\u00f3n de personal funcionario perteneciente al r\u00e9gimen de <strong>Clases Pasivas<\/strong> junto con el de <strong>Seguridad Social<\/strong>, tratando de minimizar el impacto de esa duplicidad en la estructura organizativa.<\/p>\n<p style=\"text-align: justify;\">En cuanto al segundo eje, se afronta la <strong>necesaria transformaci\u00f3n de la Administraci\u00f3n parlamentaria<\/strong> que incide directamente en su estructura y funcionamiento.<\/p>\n<p style=\"text-align: justify;\">&#8211; Se reordena la situaci\u00f3n y<strong> carrera administrativa<\/strong> con una mejora de las condiciones de promoci\u00f3n interna entre los distintos Cuerpos.<\/p>\n<p style=\"text-align: justify;\">&#8211; Se introduce como novedad la <strong>carrera horizontal,<\/strong> que persigue incentivar y motivar al personal funcionario para que su desempe\u00f1o sea reconocido en todo momento, m\u00e1s all\u00e1 de la tradicional carrera vertical.<\/p>\n<p style=\"text-align: justify;\">&#8211; En conexi\u00f3n con la conciliaci\u00f3n de la vida personal y profesional, se incorporan <strong>nuevas formas de prestaci\u00f3n de servicios<\/strong>, junto con la posibilidad de acceder a reducciones de jornada flexibles.<\/p>\n<p style=\"text-align: justify;\">&#8211; Y se introduce la idea de <strong>mentor\u00eda <\/strong>encaminada a la formaci\u00f3n del personal aprovechando la experiencia y el talento de aquellos que <strong>deseen prolongar su situaci\u00f3n de servicio activo.<\/strong><\/p>\n<p style=\"text-align: justify;\">La <strong>estructura por cap\u00edtulos<\/strong> es la siguiente:<\/p>\n<ul style=\"text-align: justify;\">\n<li><a href=\"https:\/\/www.boe.es\/buscar\/act.php?id=BOE-A-2025-24253#ci\" target=\"_blank\" rel=\"nofollow noopener noreferrer\">Cap\u00edtulo I<\/a>: Del personal de las Cortes Generales<\/li>\n<li><a href=\"https:\/\/www.boe.es\/buscar\/act.php?id=BOE-A-2025-24253#ci-2\" target=\"_blank\" rel=\"nofollow noopener noreferrer\">Cap\u00edtulo II<\/a>: Del personal funcionario de las Cortes Generales<\/li>\n<li><a href=\"https:\/\/www.boe.es\/buscar\/act.php?id=BOE-A-2025-24253#ci-3\" target=\"_blank\" rel=\"nofollow noopener noreferrer\">Cap\u00edtulo III<\/a>: Del ingreso y cese del personal funcionario<\/li>\n<li><a href=\"https:\/\/www.boe.es\/buscar\/act.php?id=BOE-A-2025-24253#ci-4\" target=\"_blank\" rel=\"nofollow noopener noreferrer\">Cap\u00edtulo IV<\/a>: De las situaciones del personal funcionario<\/li>\n<li><a href=\"https:\/\/www.boe.es\/buscar\/act.php?id=BOE-A-2025-24253#cv\" target=\"_blank\" rel=\"nofollow noopener noreferrer\">Cap\u00edtulo V<\/a>: De los derechos del personal funcionario<\/li>\n<li><a href=\"https:\/\/www.boe.es\/buscar\/act.php?id=BOE-A-2025-24253#cv-2\" target=\"_blank\" rel=\"nofollow noopener noreferrer\">Cap\u00edtulo VI<\/a>: De los deberes e incompatibilidades del personal funcionario<\/li>\n<li><a href=\"https:\/\/www.boe.es\/buscar\/act.php?id=BOE-A-2025-24253#cv-3\" target=\"_blank\" rel=\"nofollow noopener noreferrer\">Cap\u00edtulo VII<\/a>: Del r\u00e9gimen disciplinario<\/li>\n<li><a href=\"https:\/\/www.boe.es\/buscar\/act.php?id=BOE-A-2025-24253#cv-4\">Cap\u00edtulo VIII<\/a>: De la eficacia e impugnaci\u00f3n de las resoluciones adoptadas en materia de personal<\/li>\n<\/ul>\n<p style=\"text-align: justify;\"><strong>Jubilaci\u00f3n.<\/strong> Destacamos del <a href=\"https:\/\/www.boe.es\/buscar\/act.php?id=BOE-A-2025-24253#a1-8\" target=\"_blank\" rel=\"nofollow noopener noreferrer\">art\u00edculo 16<\/a>:<\/p>\n<p style=\"text-align: justify;\">1.\u2003La jubilaci\u00f3n forzosa del personal funcionario <strong>se declarar\u00e1 de oficio<\/strong> al cumplirse la edad legalmente establecida en funci\u00f3n del r\u00e9gimen de la Seguridad Social que le sea aplicable. En el caso del personal funcionario incluido en el r\u00e9gimen de Clases Pasivas del Estado, la jubilaci\u00f3n forzosa se declarar\u00e1 de oficio al cumplir los sesenta y cinco a\u00f1os de edad.<\/p>\n<p style=\"text-align: justify;\">2.\u2003Ello no obstante, tal declaraci\u00f3n no se producir\u00e1 en el supuesto de que el funcionario o la funcionaria <strong>prolongue voluntariamente<\/strong> su permanencia en el servicio activo, lo que podr\u00e1 hacerse mediante escrito dirigido al Letrado o Letrada Mayor de las Cortes Generales, hasta el momento de cumplir los <strong>setenta a\u00f1os de edad<\/strong>. A estos efectos, la persona afectada deber\u00e1 notificar con dos meses de antelaci\u00f3n a la fecha en que cumpla la edad de jubilaci\u00f3n forzosa su decisi\u00f3n al respecto\u2026<\/p>\n<p style=\"text-align: justify;\">3.\u2003Esta pr\u00f3rroga podr\u00e1 <strong>extenderse hasta los setenta y dos\u00a0a\u00f1os<\/strong> de edad, siempre y cuando se haya permanecido quince a\u00f1os de servicio activo en las Cortes Generales, de los cuales, al menos, los cinco \u00faltimos sean inmediatamente anteriores a esta solicitud, o, alternativamente, se posean veinticinco a\u00f1os de servicio activo en total.<\/p>\n<p style=\"text-align: justify;\">4.\u2003Con car\u00e1cter excepcional, podr\u00e1 ampliarse la pr\u00f3rroga <strong>hasta los setenta y cinco\u00a0a\u00f1os<\/strong> de edad, mediante concesi\u00f3n anual de la Secretaria o Secretario General del Congreso o la Letrada o Letrado Mayor del Senado a solicitud de la persona interesada y <strong>previo informe favorable del servicio m\u00e9dico<\/strong> de la C\u00e1mara que acredite que re\u00fane las condiciones psicof\u00edsicas necesarias para el desempe\u00f1o de sus funciones, as\u00ed como el del <strong>superior jer\u00e1rquico<\/strong> de la unidad en que preste servicios.<\/p>\n<p style=\"text-align: justify;\">La resoluci\u00f3n de concesi\u00f3n de la pr\u00f3rroga <strong>ser\u00e1 motivada<\/strong>, atendiendo a la trayectoria profesional y al desempe\u00f1o en las Cortes Generales, a sus m\u00e9ritos, a los servicios que pudiera prestar, as\u00ed como a razones organizativas o funcionales, especialmente encaminadas a la mentor\u00eda.<\/p>\n<p style=\"text-align: justify;\"><strong>Fecha de entrada en vigor: <\/strong>22\/11\/2025, con efectos econ\u00f3micos desde el 1\u00ba de enero de 2026.<\/p>\n<ul style=\"text-align: justify;\">\n<li class=\"puntoPDF\"><a title=\"PDF firmado BOE-A-2025-24253\" href=\"https:\/\/www.boe.es\/boe\/dias\/2025\/12\/01\/pdfs\/BOE-A-2025-24253.pdf\">PDF (BOE-A-2025-24253 &#8211; 49\u00a0<abbr title=\"p\u00e1ginas\">p\u00e1gs.<\/abbr>\u00a0&#8211; 519\u00a0<abbr title=\"kilobytes\">KB<\/abbr>)<\/a> <a title=\"Versi\u00f3n HTML BOE-A-2025-24253\" href=\"https:\/\/www.boe.es\/diario_boe\/txt.php?id=BOE-A-2025-24253\">Otros formatos<\/a><\/li>\n<\/ul>\n<a class=\"mwm-aal-item\" name=\"procedimientos-ante-la-direccion-de-tributos\"><\/a><h6><span style=\"font-size: 12pt;\"><strong>Procedimientos ante la Direcci\u00f3n de Tributos<\/strong><\/span><\/h6>\n<p style=\"text-align: justify;\">Orden HAC\/1358\/2025, de 20 de noviembre, por la que se establece el r\u00e9gimen de las actuaciones realizadas a trav\u00e9s de medios electr\u00f3nicos, inform\u00e1ticos y telem\u00e1ticos en los procedimientos de aplicaci\u00f3n de los tributos cuya tramitaci\u00f3n corresponda a la Direcci\u00f3n General de Tributos y se prev\u00e9 la aprobaci\u00f3n del formulario y modelo de representaci\u00f3n de car\u00e1cter voluntario a utilizar en dichos procedimientos.<\/p>\n<p style=\"text-align: justify;\"><span style=\"color: #0000ff;\"><strong>Resumen:<\/strong> En la presente orden se establece expresamente la aplicaci\u00f3n a la Direcci\u00f3n General de Tributos de la normativa aplicable a la Agencia Tributaria en las actuaciones realizadas a trav\u00e9s de medios electr\u00f3nicos, inform\u00e1ticos y telem\u00e1ticos en los procedimientos de aplicaci\u00f3n de los tributos que sean competencia de dicha Direcci\u00f3n General salvo que exista normativa espec\u00edfica aplicable a dichas actuaciones.<\/span><\/p>\n<p style=\"text-align: justify;\">Esta orden es una de las que desarrollan la<strong> <a href=\"https:\/\/www.boe.es\/diario_boe\/txt.php?id=BOE-A-2021-755\">Resoluci\u00f3n de\u00a013 de enero de\u00a02021<\/a><\/strong>, de la Secretar\u00eda de Estado de Hacienda, por la que se dictan instrucciones para la implantaci\u00f3n de un nuevo modelo de gesti\u00f3n inform\u00e1tica <strong>en los Tribunales Econ\u00f3mico-Administrativos y en la Direcci\u00f3n General de Tributos<\/strong> con la colaboraci\u00f3n de la Agencia Estatal de Administraci\u00f3n Tributaria.<\/p>\n<p style=\"text-align: justify;\">En este sentido, en la presente orden <strong>se establece expresamente la aplicaci\u00f3n a la Direcci\u00f3n General de Tributos de la normativa aplicable a la Agencia Tributaria en las actuaciones realizadas a trav\u00e9s de medios electr\u00f3nicos, inform\u00e1ticos y telem\u00e1ticos<\/strong> en los procedimientos de aplicaci\u00f3n de los tributos que sean competencia de dicha Direcci\u00f3n General salvo que exista normativa espec\u00edfica aplicable a dichas actuaciones.<\/p>\n<p style=\"text-align: justify;\">En concreto, dicha previsi\u00f3n se aplicar\u00e1 en el caso de las <strong>notificaciones electr\u00f3nicas,<\/strong> as\u00ed como en el caso de los <strong>sellos electr\u00f3nicos<\/strong>, <strong>c\u00f3digo seguro de verificaci\u00f3n y firma<\/strong> <strong>mediante c\u00f3digo seguro de verificaci\u00f3n<\/strong>.<\/p>\n<p style=\"text-align: justify;\">Adem\u00e1s, la acreditaci\u00f3n de la <strong>representaci\u00f3n<\/strong>, los apoderamientos y su registro ante la Agencia Tributaria podr\u00e1n considerarse suficientes cuando se act\u00fae ante la Direcci\u00f3n General de Tributos.<\/p>\n<p style=\"text-align: justify;\">Asimismo, la Direcci\u00f3n General de Tributos establecer\u00e1 un <strong>modelo normalizado de consultas<\/strong> y un <strong>documento normalizado de representaci\u00f3n<\/strong> de car\u00e1cter no obligatorio que facilitar\u00e1 en su sede electr\u00f3nica asociada a todos los ciudadanos y empresas.<\/p>\n<p style=\"text-align: justify;\">Esta orden consta de <strong>dos art\u00edculos<\/strong>, una disposici\u00f3n adicional, una disposici\u00f3n derogatoria y dos disposiciones finales.<\/p>\n<p style=\"text-align: justify;\">El <strong>art\u00edculo 1<\/strong> trata de las actuaciones realizadas a trav\u00e9s de medios electr\u00f3nicos, inform\u00e1ticos y telem\u00e1ticos en los procedimientos de aplicaci\u00f3n de los tributos. Recoge los <strong>\u00e1mbitos en los que se aplica a la Direcci\u00f3n General de Tributos<\/strong> la normativa aplicable a la Agencia Estatal de Administraci\u00f3n Tributaria salvo que exista normativa espec\u00edfica aplicable a dichas actuaciones.<\/p>\n<p style=\"text-align: justify;\"><strong>El art\u00edculo 2 <\/strong>se refiere a los <strong>documentos normalizados de presentaci\u00f3n de consultas y de representaci\u00f3n de uso voluntario <\/strong>que la Direcci\u00f3n General de Tributos ofrecer\u00e1 en su sede electr\u00f3nica asociada.<\/p>\n<p style=\"text-align: justify;\">La disposici\u00f3n <strong>adicional<\/strong> alude al tratamiento de los datos personales, la disposici\u00f3n <strong>derogatoria<\/strong> es gen\u00e9rica y las disposiciones <strong>finales<\/strong> tratan respectivamente del t\u00edtulo competencial y de su <strong>entrada en vigor<\/strong> que tuvo lugar el 2 de diciembre de 2025.<\/p>\n<div class=\"enlacesDoc\">\n<ul style=\"text-align: justify;\">\n<li class=\"puntoPDF\"><a title=\"PDF firmado BOE-A-2025-24255\" href=\"https:\/\/www.boe.es\/boe\/dias\/2025\/12\/01\/pdfs\/BOE-A-2025-24255.pdf\">PDF (BOE-A-2025-24255 &#8211; 4\u00a0<abbr title=\"p\u00e1ginas\">p\u00e1gs.<\/abbr>\u00a0&#8211; 210\u00a0<abbr title=\"kilobytes\">KB<\/abbr>)<\/a> <a title=\"Versi\u00f3n HTML BOE-A-2025-24255\" href=\"https:\/\/www.boe.es\/diario_boe\/txt.php?id=BOE-A-2025-24255\">Otros formatos<\/a><\/li>\n<\/ul>\n<a class=\"mwm-aal-item\" name=\"actuaciones-electronicas-en-via-economico-administrativa\"><\/a><h6><strong><span style=\"font-size: 12pt;\">Actuaciones electr\u00f3nicas en v\u00eda econ\u00f3mico-administrativa<\/span><\/strong><\/h6>\n<p style=\"text-align: justify;\">Orden HAC\/1361\/2025, de 20 de noviembre, por la que se regula la utilizaci\u00f3n de medios electr\u00f3nicos, inform\u00e1ticos y telem\u00e1ticos para la interposici\u00f3n, tramitaci\u00f3n y resoluci\u00f3n de las reclamaciones y recursos en v\u00eda econ\u00f3mico-administrativa por los obligados tributarios, y se aprueban diversos formularios.<\/p>\n<p style=\"text-align: justify;\"><span style=\"color: #0000ff;\"><strong>Resumen: <\/strong>La presente orden tiene por objeto regular de forma espec\u00edfica la utilizaci\u00f3n de medios electr\u00f3nicos, inform\u00e1ticos y telem\u00e1ticos para la interposici\u00f3n, tramitaci\u00f3n y resoluci\u00f3n de las reclamaciones y recursos en v\u00eda econ\u00f3mico-administrativa, y la aprobaci\u00f3n de diversos formularios.<\/span><\/p>\n<p style=\"text-align: justify;\">La <a href=\"https:\/\/www.boe.es\/buscar\/act.php?id=BOE-A-2003-23186#dadecimosexta\">D. Ad 16\u00aa LGT<\/a> autoriz\u00f3 la utilizaci\u00f3n de medios electr\u00f3nicos, inform\u00e1ticos o telem\u00e1ticos para la interposici\u00f3n, tramitaci\u00f3n y resoluci\u00f3n de las <strong>reclamaciones econ\u00f3mico-administrativas<\/strong>, el empleo de dichos medios para las <strong>notificaciones<\/strong> que deban realizarse cuando el interesado los haya se\u00f1alado como preferentes o hubiera consentido expresamente su utilizaci\u00f3n y la obtenci\u00f3n de los documentos que integren un expediente correspondiente a una reclamaci\u00f3n mediante dichos medios.<\/p>\n<p style=\"text-align: justify;\">La D.Ad. 3\u00aa de su Reglamento de desarrollo prev\u00e9 tambi\u00e9n que la remisi\u00f3n de los expedientes administrativos entre \u00f3rganos administrativos se efect\u00fae mediante la puesta a disposici\u00f3n<strong> del expediente electr\u00f3nico<\/strong>.<\/p>\n<p style=\"text-align: justify;\">Esta orden sustituye a la <strong>Orden EHA\/2784\/2009<\/strong>, de\u00a08 de octubre, para recoger los avances en la Administraci\u00f3n electr\u00f3nica, lo dispuesto en la Ley de Procedimiento Administrativo de 2015 y el RD 203\/2021, de 30 de marzo. Consta de <strong>seis art\u00edculos<\/strong>, dos disposiciones adicionales, una disposici\u00f3n derogatoria, dos disposiciones finales<strong> y diecis\u00e9is anexos. <\/strong><\/p>\n<p style=\"text-align: justify;\">En ella <strong>se clarifican los canales<\/strong> para la interposici\u00f3n por los ciudadanos de los distintos tipos de reclamaciones y recursos, <strong>y se aprueban los formularios<\/strong> para la presentaci\u00f3n de solicitudes, reclamaciones y recursos, as\u00ed como para la realizaci\u00f3n de tr\u00e1mites en los procedimientos, relacionados con los <strong>Tribunales Econ\u00f3mico-Administrativos<\/strong>.<\/p>\n<p style=\"text-align: justify;\"><strong>Objeto: <\/strong><\/p>\n<p style=\"text-align: justify;\">a)\u2003Regular la utilizaci\u00f3n de medios electr\u00f3nicos, inform\u00e1ticos y telem\u00e1ticos para la interposici\u00f3n de <strong>reclamaciones econ\u00f3mico-administrativas<\/strong>, reclamaciones sobre actuaciones u omisiones de los particulares en materia tributaria, recursos de alzada ordinarios, recursos de anulaci\u00f3n, recursos extraordinarios de revisi\u00f3n, solicitudes de rectificaci\u00f3n de errores, recursos contra la ejecuci\u00f3n, solicitudes e incidentes de suspensi\u00f3n, as\u00ed como aprobar sus formularios.<\/p>\n<p style=\"text-align: justify;\">b)\u2003Regular la presentaci\u00f3n de <strong>alegaciones, modificaci\u00f3n del domicilio<\/strong> previamente comunicado al Tribunal a efectos del procedimiento de que se trate, designaci\u00f3n de <strong>representante<\/strong>, personaci\u00f3n, otorgamiento de poder\u00a0<em>apud acta<\/em>, contestaci\u00f3n a <strong>requerimientos<\/strong> y otras solicitudes.<\/p>\n<p style=\"text-align: justify;\"><strong>\u00c1mbito de aplicaci\u00f3n:<\/strong>.<\/p>\n<p style=\"text-align: justify;\">\u00a0La presente orden se aplica a los \u00f3rganos que dicten el acto reclamado en v\u00eda econ\u00f3mico-administrativa <strong>y a los Tribunales Econ\u00f3mico-Administrativos<\/strong>.<\/p>\n<p style=\"text-align: justify;\"><strong>No<\/strong> resultar\u00e1 de aplicaci\u00f3n a la <strong>presentaci\u00f3n de recursos<\/strong> en la v\u00eda econ\u00f3mico-administrativa <strong>por parte de los \u00f3rganos de la Administraci\u00f3n<\/strong> que han dictado el acto administrativo objeto de reclamaci\u00f3n econ\u00f3mico-administrativa.<\/p>\n<p style=\"text-align: justify;\"><strong>Interposici\u00f3n por medios electr\u00f3nicos de reclamaciones y recursos econ\u00f3mico-administrativos y realizaci\u00f3n de los tr\u00e1mites de los procedimientos.<\/strong><\/p>\n<p style=\"text-align: justify;\">Podr\u00e1n presentarse por medios electr\u00f3nicos, conforme a lo regulado en esta orden:<\/p>\n<p style=\"text-align: justify;\">&#8211; los escritos de <strong>interposici\u00f3n<\/strong> de reclamaciones econ\u00f3mico-administrativas,<\/p>\n<p style=\"text-align: justify;\">&#8211; reclamaciones sobre <strong>actuaciones u omisiones de los particulares<\/strong> en materia tributaria,<\/p>\n<p style=\"text-align: justify;\">&#8211; recursos de <strong>alzada<\/strong> ordinarios,<\/p>\n<p style=\"text-align: justify;\">&#8211; recursos de <strong>anulaci\u00f3n<\/strong>,<\/p>\n<p style=\"text-align: justify;\">&#8211; recursos extraordinarios de <strong>revisi\u00f3n<\/strong>,<\/p>\n<p style=\"text-align: justify;\">&#8211; solicitudes de <strong>rectificaci\u00f3n de errores<\/strong>,<\/p>\n<p style=\"text-align: justify;\">&#8211; recursos contra la <strong>ejecuci\u00f3n<\/strong>,<\/p>\n<p style=\"text-align: justify;\">&#8211; solicitudes de <strong>suspensi\u00f3n<\/strong> e incidentes de suspensi\u00f3n.<\/p>\n<p style=\"text-align: justify;\">Asimismo, se podr\u00e1n realizar por medios electr\u00f3nicos:<\/p>\n<p style=\"text-align: justify;\">&#8211; los tr\u00e1mites de presentaci\u00f3n de <strong>alegaciones<\/strong>,<\/p>\n<p style=\"text-align: justify;\">&#8211; modificaci\u00f3n del <strong>domicilio<\/strong> previamente comunicado al Tribunal.<\/p>\n<p style=\"text-align: justify;\">&#8211; designaci\u00f3n de <strong>representante<\/strong>, personaci\u00f3n, otorgamiento de poder\u00a0<em>apud acta<\/em>,<\/p>\n<p style=\"text-align: justify;\">&#8211; <strong>contestaci\u00f3n<\/strong> a requerimientos y presentaci\u00f3n de otras solicitudes.<\/p>\n<p style=\"text-align: justify;\">La presentaci\u00f3n electr\u00f3nica de reclamaciones y recursos, y la realizaci\u00f3n por medios electr\u00f3nicos de los tr\u00e1mites previstos en los apartados anteriores ser\u00e1 <strong>preceptiva<\/strong> para todos aquellos sujetos <strong>obligados<\/strong> <strong>a relacionarse electr\u00f3nicamente<\/strong> con las Administraciones p\u00fablicas, incluidos los Tribunales Econ\u00f3mico-Administrativos, de conformidad con lo dispuesto en el <a href=\"https:\/\/www.notariosyregistradores.com\/web\/normas\/ley-procedimiento-administrativo-2015\/#a14\">art\u00edculo\u00a014.2 LPA<\/a>.<\/p>\n<p style=\"text-align: justify;\"><strong>Lugar de presentaci\u00f3n. <\/strong>Entresacamos del art\u00edculo 3:<\/p>\n<p style=\"text-align: justify;\">&#8211; La presentaci\u00f3n electr\u00f3nica de <strong>reclamaciones econ\u00f3mico-administrativas y recursos contra la ejecuci\u00f3n<\/strong> se llevar\u00e1 a cabo en la sede electr\u00f3nica del \u00f3rgano que hubiese dictado el acto administrativo impugnado.<\/p>\n<p style=\"text-align: justify;\">\u00a0&#8211; Presentaci\u00f3n electr\u00f3nica de <strong>solicitudes de suspensi\u00f3n<\/strong> (ver apartado 2).<\/p>\n<p style=\"text-align: justify;\">&#8211; La presentaci\u00f3n electr\u00f3nica de <strong>reclamaciones sobre actuaciones u omisiones<\/strong> de los particulares en materia tributaria, as\u00ed como de recursos de <strong>alzada<\/strong> ordinarios, de anulaci\u00f3n y solicitudes de <strong>rectificaci\u00f3n de errores<\/strong>, se llevar\u00e1 a cabo en la sede electr\u00f3nica de los Tribunales Econ\u00f3mico-Administrativos.<\/p>\n<p style=\"text-align: justify;\">&#8211; Interposici\u00f3n electr\u00f3nica del recurso extraordinario de <strong>revisi\u00f3n<\/strong> (ver apartado 4).<\/p>\n<p style=\"text-align: justify;\">&#8211; La presentaci\u00f3n electr\u00f3nica de incidentes de <strong>suspensi\u00f3n<\/strong> se llevar\u00e1 a cabo en la sede del \u00f3rgano administrativo que hubiera dictado el acto o acuerdo de suspensi\u00f3n recurrido.<\/p>\n<p style=\"text-align: justify;\"><strong>&#8211; Interpuesta reclamaci\u00f3n o recurso en v\u00eda econ\u00f3mico-administrativa<\/strong>, los tr\u00e1mites de alegaciones, modificaci\u00f3n del domicilio previamente comunicado al Tribunal a efectos del procedimiento de que se trate, designaci\u00f3n de representante, personaci\u00f3n, otorgamiento de poder\u00a0<em>apud acta<\/em>\u00a0y contestaci\u00f3n a requerimientos, as\u00ed como cualesquiera otras solicitudes, se podr\u00e1n llevar a cabo en la sede electr\u00f3nica de los Tribunales Econ\u00f3mico-Administrativos.<\/p>\n<p style=\"text-align: justify;\"><strong>Forma de presentaci\u00f3n.<\/strong><\/p>\n<p style=\"text-align: justify;\">Cuando la presentaci\u00f3n de escritos tenga lugar <strong>en la sede electr\u00f3nica<\/strong> del \u00f3rgano de la Administraci\u00f3n que dict\u00f3 el acto recurrido o en la de los Tribunales Econ\u00f3mico-Administrativos, mediante la cumplimentaci\u00f3n del tr\u00e1mite espec\u00edfico habilitado en la misma, <strong>no habr\u00e1 de acompa\u00f1arse ning\u00fan formulario distinto al que haya de cumplimentarse en dicha sede<\/strong>.<\/p>\n<p style=\"text-align: justify;\">Las personas no obligadas a relacionarse electr\u00f3nicamente podr\u00e1n alternativamente acudir al <strong>soporte papel<\/strong> pudiendo hacer uso de los formularios aprobados en los anexos I a XVI que, a estos efectos, estar\u00e1n disponibles en formato editable y mediante plantillas descargables en la sede electr\u00f3nica de los Tribunales Econ\u00f3mico-Administrativos para su posterior presentaci\u00f3n ante el \u00f3rgano competente. No obstante lo anterior, los Tribunales Econ\u00f3mico-Administrativos facilitar\u00e1n una copia impresa de estos formularios, cuando as\u00ed lo solicite el interesado. La presentaci\u00f3n en soporte papel, podr\u00e1 realizarse conforme a las v\u00edas dispuestas en el <a href=\"https:\/\/www.notariosyregistradores.com\/web\/normas\/ley-procedimiento-administrativo-2015\/#a16\">art\u00edculo 16.4<\/a> de la Ley 39\/2015, de 1 de octubre.<\/p>\n<p style=\"text-align: justify;\">En ambas modalidades -electr\u00f3nica y f\u00edsica- los interesados podr\u00e1n acompa\u00f1ar a los mismos cuanta <strong>documentaci\u00f3n<\/strong> estimen necesaria.<\/p>\n<p style=\"text-align: justify;\"><strong>Condiciones y procedimiento para la presentaci\u00f3n de los formularios por medios electr\u00f3nicos. <\/strong><\/p>\n<p style=\"text-align: justify;\">Se regula en el art\u00edculo 5 donde se indica que ha ce contarse con n\u00famero de identificaci\u00f3n fiscal y con un <strong>certificado electr\u00f3nico cualificado<\/strong>, o bien utilizar el <strong>sistema Cl@ve<\/strong> de identificaci\u00f3n, autentificaci\u00f3n y firma electr\u00f3nica com\u00fan para todo el Sector P\u00fablico Administrativo Estatal. En caso de representaci\u00f3n, el representante es el que ha de acreditarse por esos medios. Para los ciudadanos de la Uni\u00f3n Europea, los sistemas admitidos son los del marco regulatorio <strong>DAS<\/strong>. El sistema emitir\u00e1 un <strong>recibo<\/strong> de la presentaci\u00f3n.<\/p>\n<p style=\"text-align: justify;\"><strong>Aprobaci\u00f3n de formularios.<\/strong><\/p>\n<p style=\"text-align: justify;\">Se aprueban los formularios, que se acompa\u00f1an en los anexos I a XVI. Cada formulario estar\u00e1 disponible en formato electr\u00f3nico, en lenguas cooficiales, siendo accesibles conforme a los requisitos de accesibilidad de los sitios web.<\/p>\n<p style=\"text-align: justify;\">La orden se acompa\u00f1a de <strong>diecis\u00e9is anexos<\/strong> con los correspondientes formularios para la interposici\u00f3n de reclamaciones econ\u00f3mico-administrativas, reclamaciones sobre actuaciones u omisiones de los particulares en materia tributaria, recursos de alzada ordinarios, recursos de anulaci\u00f3n, recursos extraordinarios de revisi\u00f3n, solicitudes de rectificaci\u00f3n de errores, recursos contra la ejecuci\u00f3n, solicitudes e incidentes de suspensi\u00f3n, la presentaci\u00f3n de alegaciones, modificaci\u00f3n del domicilio previamente comunicado al Tribunal a efectos del procedimiento de que se trate, designaci\u00f3n de representante, personaci\u00f3n, otorgamiento de poder\u00a0<em>apud acta<\/em>, contestaci\u00f3n a requerimientos y otras solicitudes por medios electr\u00f3nicos.<\/p>\n<p style=\"text-align: justify;\"><strong>Normativa de la Agencia Tributaria aplicable.<\/strong><\/p>\n<p style=\"text-align: justify;\">Seg\u00fan la D. Ad. 1\u00aa, ser\u00e1 de aplicaci\u00f3n a la v\u00eda de revisi\u00f3n econ\u00f3mica-administrativa y a los Tribunales Econ\u00f3mico-Administrativos, a los efectos de su actuaci\u00f3n y funcionamiento por medios electr\u00f3nicos, la normativa que en cada momento sea de aplicaci\u00f3n a la Agencia Estatal de Administraci\u00f3n Tributaria y, en particular, la relativa al sistema de representaci\u00f3n, de apoderamientos y su registro, al sistema de notificaci\u00f3n electr\u00f3nica, as\u00ed como la referente a los sellos electr\u00f3nicos, c\u00f3digo seguro de verificaci\u00f3n y firma mediante c\u00f3digo seguro de verificaci\u00f3n.<\/p>\n<p style=\"text-align: justify;\"><strong>Entrada en vigor. <\/strong>La presente orden entrar\u00e1 en vigor el\u00a015 de enero de\u00a02026.<\/p>\n<div class=\"enlacesDoc\">\n<ul>\n<li class=\"puntoPDF\" style=\"text-align: justify;\"><a title=\"PDF firmado BOE-A-2025-24369\" href=\"https:\/\/www.boe.es\/boe\/dias\/2025\/12\/02\/pdfs\/BOE-A-2025-24369.pdf\">PDF (BOE-A-2025-24369 &#8211; 64\u00a0<abbr title=\"p\u00e1ginas\">p\u00e1gs.<\/abbr>\u00a0&#8211; 3.025\u00a0<abbr title=\"kilobytes\">KB<\/abbr>)<\/a> <a title=\"Versi\u00f3n HTML BOE-A-2025-24369\" href=\"https:\/\/www.boe.es\/diario_boe\/txt.php?id=BOE-A-2025-24369\">Otros formatos<\/a><\/li>\n<\/ul>\n<a class=\"mwm-aal-item\" name=\"retribuciones-sector-publico-2025-y-2026\"><\/a><h6><span style=\"font-size: 12pt;\"><strong>Retribuciones sector p\u00fablico 2025 y 2026<\/strong><\/span><\/h6>\n<p style=\"text-align: justify;\">Real Decreto-ley 14\/2025, de 2 de diciembre, por el que se aprueban medidas urgentes en materia de retribuciones en el \u00e1mbito del sector p\u00fablico.<\/p>\n<p style=\"text-align: justify;\"><span style=\"color: #0000ff;\"><strong>Resumen: <\/strong>Ante la falta de Presupuestos, este RDLey determina los incrementos retributivos en el \u00e1mbito del sector p\u00fablico para los a\u00f1os 2025 y 2026, teniendo car\u00e1cter b\u00e1sico para las diversas Administraciones P\u00fablicas, por lo que se extiende tambi\u00e9n al sector p\u00fablico auton\u00f3mico y local.<\/span><\/p>\n<p style=\"text-align: justify;\">La \u00faltima <strong>Ley de Presupuestos<\/strong> aprobada por las Cortes data de 2022 (para el ejercicio de 2023). En estas leyes presupuestarias tiene su cobijo natural la determinaci\u00f3n del aumente de las retribuciones en el sector p\u00fablico.<\/p>\n<p style=\"text-align: justify;\">Ante esta dilatada ausencia, se dicta esta RDLey cuyo contenido recoge el <strong>Acuerdo marco<\/strong> por la mejora del empleo p\u00fablico y el servicio a la ciudadan\u00eda, firmado el\u00a027 de noviembre de\u00a02025 por el Gobierno de Espa\u00f1a y las organizaciones sindicales UGT y CSIF. En este acuerdo se prev\u00e9 para los a\u00f1os 2025 y 2026 un incremento salarial que deber\u00e1n recoger las sucesivas leyes de Presupuestos Generales del Estado.<\/p>\n<p style=\"text-align: justify;\">En particular, su contenido se limita a <strong>regular exclusivamente<\/strong> aquellos aspectos indispensables para aprobar con efectos de\u00a01 de enero de\u00a02025 el incremento retributivo del personal al servicio del sector p\u00fablico en\u00a02025, incluyendo las disposiciones necesarias para que dicho incremento se pueda hacer efectivo en este a\u00f1o, y para aprobar con efectos de\u00a01 de enero de\u00a02026 el incremento retributivo del personal al servicio del sector p\u00fablico en\u00a02026.<\/p>\n<p style=\"text-align: justify;\">Las normas que regulan el incremento retributivo contenidas en este real decreto-ley, en tanto se les atribuye la naturaleza de <strong>norma b\u00e1sica, aplicable a todas las Administraciones p\u00fablicas, <\/strong>se extienden no solo al personal al servicio del sector p\u00fablico estatal, sino tambi\u00e9n al del <strong>sector p\u00fablico auton\u00f3mico y local<\/strong>.<\/p>\n<p style=\"text-align: justify;\"><strong>Incremento retributivo del personal al servicio del sector p\u00fablico para el a\u00f1o\u00a02025.<\/strong><\/p>\n<p style=\"text-align: justify;\">1.\u2003En el a\u00f1o\u00a02025, las retribuciones del personal al servicio del sector p\u00fablico podr\u00e1n experimentar un incremento global m\u00e1ximo del\u00a0<strong>2,5 por ciento<\/strong> respecto a las vigentes a\u00a031 de diciembre de\u00a02024, incluido en estas \u00faltimas el incremento retributivo adicional y consolidable del\u00a00,5 por ciento recogido en el art\u00edculo\u00a06.2 del Real Decreto-ley\u00a04\/2024, de\u00a026 de junio. Este incremento retributivo se considerar\u00e1 en t\u00e9rminos de homogeneidad para los dos per\u00edodos de la comparaci\u00f3n, tanto por lo que respecta a efectivos de personal como a la antig\u00fcedad de este y tendr\u00e1 <strong>efectos econ\u00f3micos desde el\u00a01 de enero de\u00a02025<\/strong>.<\/p>\n<p style=\"text-align: justify;\">2.\u2003La masa salarial del <strong>personal laboral<\/strong> podr\u00e1 incrementarse en el porcentaje m\u00e1ximo previsto en el apartado\u00a01 de este art\u00edculo, en t\u00e9rminos de homogeneidad para los dos per\u00edodos objeto de comparaci\u00f3n\u2026 (dos apartados m\u00e1s).<\/p>\n<p style=\"text-align: justify;\"><strong>Incremento retributivo del personal al servicio del sector p\u00fablico para el a\u00f1o\u00a02026.<\/strong><\/p>\n<p style=\"text-align: justify;\">1.\u2003En el a\u00f1o\u00a02026, las retribuciones del personal al servicio del sector p\u00fablico podr\u00e1n experimentar un incremento global m\u00e1ximo del\u00a0<strong>1,5 por ciento<\/strong> respecto a las vigentes a\u00a031 de diciembre de\u00a02025, incluido en estas \u00faltimas el incremento retributivo aprobado en este real decreto-ley. Este incremento retributivo se considerar\u00e1 en t\u00e9rminos de homogeneidad para los dos per\u00edodos de la comparaci\u00f3n, tanto por lo que respecta a efectivos de personal como a la antig\u00fcedad de este y tendr\u00e1 efectos econ\u00f3micos desde el\u00a01 de enero de\u00a02026.<\/p>\n<p style=\"text-align: justify;\">2.\u2003Asimismo, con efectos de\u00a01 de enero de\u00a02026, se aplicar\u00e1, en su caso, un incremento retributivo adicional y consolidable del\u00a0<strong>0,5 por ciento<\/strong>, respecto a las retribuciones vigentes a\u00a031 de diciembre de\u00a02025, incluido en estas \u00faltimas el incremento retributivo aprobado en este real decreto-ley, si la variaci\u00f3n del IPC en el a\u00f1o\u00a02026 es igual o superior al\u00a01,5 por ciento, que se abonar\u00e1 en el primer trimestre de\u00a02027.<\/p>\n<p style=\"text-align: justify;\">3.\u2003La masa salarial del personal laboral podr\u00e1 incrementarse en el porcentaje m\u00e1ximo previsto en los apartados\u00a01 y\u00a02 de este art\u00edculo, en t\u00e9rminos de homogeneidad para los dos per\u00edodos objeto de comparaci\u00f3n\u2026 (un apartado m\u00e1s).<\/p>\n<p style=\"text-align: justify;\"><strong>Efectividad del incremento salarial.<\/strong><\/p>\n<p style=\"text-align: justify;\">1.\u2003Las Administraciones p\u00fablicas establecer\u00e1n el calendario de abono de los importes y atrasos correspondientes al ejercicio\u00a02025, en el marco correspondiente de la negociaci\u00f3n sindical de cada \u00e1mbito de administraci\u00f3n. Dicho <strong>abono podr\u00e1 distribuirse durante los ejercicios\u00a02026, 2027 y\u00a02028 o hacerse efectivo en el mes de diciembre de\u00a02025<\/strong>.<\/p>\n<p style=\"text-align: justify;\">2.\u2003En el <strong>sector p\u00fablico estatal<\/strong> el incremento correspondiente a\u00a02025 se har\u00e1 efectivo en el mes de <strong>diciembre de\u00a02025<\/strong>, abon\u00e1ndose como atrasos los importes correspondientes desde el mes de enero de\u00a02025.<\/p>\n<p style=\"text-align: justify;\"><strong>T\u00edtulo competencial y car\u00e1cter b\u00e1sico.<\/strong><\/p>\n<p style=\"text-align: justify;\">1.\u2003Este real decreto-ley se dicta al amparo de las competencias exclusivas atribuidas al Estado en materia de bases y coordinaci\u00f3n de la planificaci\u00f3n general de la actividad econ\u00f3mica y coordinaci\u00f3n con la Hacienda estatal, por el art\u00edculo\u00a0149.1.13.\u00aa y\u00a0156.1 de la Constituci\u00f3n Espa\u00f1ola.<\/p>\n<p style=\"text-align: justify;\">2.\u2003El art\u00edculo\u00a01, apartados\u00a01 y\u00a02, el apartado\u00a03 salvo los preceptos citados en este que afecten exclusivamente al sector p\u00fablico estatal, el art\u00edculo\u00a02, apartados\u00a01, 2 y\u00a03, el apartado\u00a04 salvo los preceptos citados en este que afecten exclusivamente al sector p\u00fablico estatal y el art\u00edculo\u00a03 apartado\u00a01 de este real decreto-ley tienen car\u00e1cter b\u00e1sico.<\/p>\n<p style=\"text-align: justify;\"><strong>Entrada en vigor. <\/strong>Tuvo lugar el 3 de diciembre de 2025.<\/p>\n<div class=\"enlacesDoc\">\n<ul>\n<li class=\"puntoPDF\"><a title=\"PDF firmado BOE-A-2025-24445\" href=\"https:\/\/www.boe.es\/boe\/dias\/2025\/12\/03\/pdfs\/BOE-A-2025-24445.pdf\">PDF (BOE-A-2025-24445 &#8211; 5\u00a0<abbr title=\"p\u00e1ginas\">p\u00e1gs.<\/abbr>\u00a0&#8211; 210\u00a0<abbr title=\"kilobytes\">KB<\/abbr>)<\/a> <a title=\"Versi\u00f3n HTML BOE-A-2025-24445\" href=\"https:\/\/www.boe.es\/diario_boe\/txt.php?id=BOE-A-2025-24445\">Otros formatos<\/a> <a href=\"https:\/\/www.boe.es\/diario_boe\/txt.php?id=BOE-A-2025-25694\">Convalidaci\u00f3n<\/a><\/li>\n<\/ul>\n<a class=\"mwm-aal-item\" name=\"sistema-de-facturacion-verifactu\"><\/a><h6><span style=\"font-size: 12pt;\"><strong>Sistema de facturaci\u00f3n Verifactu<\/strong><\/span><\/h6>\n<p style=\"text-align: justify;\">Real Decreto-ley 15\/2025, de 2 de diciembre, por el que se adoptan medidas urgentes para favorecer la actividad inversora de las entidades locales y de las comunidades aut\u00f3nomas, y por el que se modifica el Real Decreto 1007\/2023, de 5 de diciembre, por el que se aprueba el Reglamento que establece los requisitos que deben adoptar los sistemas y programas inform\u00e1ticos o electr\u00f3nicos que soporten los procesos de facturaci\u00f3n de empresarios y profesionales, y la estandarizaci\u00f3n de formatos de los registros de facturaci\u00f3n.<\/p>\n<p style=\"text-align: justify;\"><span style=\"color: #0000ff;\"><strong>Resumen: <\/strong>Este RDLey ofrece un destino alternativo al super\u00e1vit de Ayuntamientos y CCAA durante 2024. Atribuye a la Comunidad Aut\u00f3noma de Catalunya la gesti\u00f3n de las funciones relativas a los funcionarios de administraci\u00f3n local con habilitaci\u00f3n de car\u00e1cter nacional. Y retrasa el comienzo de la aplicaci\u00f3n obligatoria del sistema de facturaci\u00f3n VERIFACTU a 2027.<\/span><\/p>\n<p style=\"text-align: justify;\">Este RDLey incluye tres contenidos bien diferenciados:<\/p>\n<p style=\"text-align: justify;\"><strong>1\u00ba.- Destino del super\u00e1vit de Ayuntamientos y CCAA durante 2024.<\/strong><\/p>\n<p style=\"text-align: justify;\">La situaci\u00f3n financiera de algunas comunidades aut\u00f3nomas y entidades locales les ha permitido generar <strong>super\u00e1vit y remanentes de tesorer\u00eda en estos \u00faltimos a\u00f1os<\/strong>. Con este real decreto-ley se persigue el objetivo de posibilitar que utilicen los recursos generados para <strong>inversiones financieramente sostenibles<\/strong>.<\/p>\n<p style=\"text-align: justify;\">A este destino se dedican los dos \u00fanicos art\u00edculos:<\/p>\n<p style=\"text-align: justify;\">El <strong>art\u00edculo\u00a01<\/strong> prorroga la aplicaci\u00f3n de la <a href=\"https:\/\/www.boe.es\/buscar\/act.php?id=BOE-A-2012-5730#dasexta\">D.Ad. 6\u00aa<\/a> de la LO de Estabilidad Presupuestaria y Sostenibilidad Financiera, y <strong>posibilita el destino del super\u00e1vit de\u00a02024<\/strong> obtenido por las <strong>entidades locales<\/strong> para financiar inversiones financieramente sostenibles en los ejercicios\u00a02025, 2026 y\u00a02027, como medida alternativa a la regla general del <a href=\"https:\/\/www.boe.es\/buscar\/act.php?id=BOE-A-2012-5730#a32\">art\u00edculo\u00a032<\/a> de la Ley Org\u00e1nica\u00a02\/2012, por la que dicho super\u00e1vit se debe dedicar a la reducci\u00f3n de la deuda p\u00fablica, en t\u00e9rminos PDE (protocolo de d\u00e9ficit excesivo).<\/p>\n<p style=\"text-align: justify;\">El <strong>art\u00edculo\u00a02<\/strong> habilita el destino del super\u00e1vit de\u00a02024 obtenido por las <strong>comunidades aut\u00f3nomas<\/strong> para financiar inversiones financieramente sostenibles en los ejercicios\u00a02025, 2026 y\u00a02027, como excepci\u00f3n y como alternativa a la misma regla general del <a href=\"https:\/\/www.boe.es\/buscar\/act.php?id=BOE-A-2012-5730#a32\">art\u00edculo\u00a032<\/a> de la Ley Org\u00e1nica\u00a02\/2012. Se suele citar -como comunidades aut\u00f3nomas que se encuentran en dicha situaci\u00f3n- a Andaluc\u00eda, Extremadura, Castilla La Mancha y Canarias.<\/p>\n<p style=\"text-align: justify;\"><strong>2.- Funcionarios de la Administraci\u00f3n Local con habilitaci\u00f3n de car\u00e1cter nacional en Catalu\u00f1a<\/strong><\/p>\n<p style=\"text-align: justify;\">La disposici\u00f3n final tercera modifica la Ley\u00a0Reguladora de las <strong>Bases de R\u00e9gimen Local,<\/strong> con el fin de atribuir a la Comunidad Aut\u00f3noma de Catalunya, en el \u00e1mbito de sus competencias, la gesti\u00f3n de las funciones relativas a los <strong>funcionarios de administraci\u00f3n local con habilitaci\u00f3n de car\u00e1cter nacional.<\/strong> El texto dice as\u00ed:<\/p>\n<p style=\"text-align: justify;\"><em>\u201cEn el \u00e1mbito de Catalunya, la normativa reguladora de los funcionarios de la administraci\u00f3n local con habilitaci\u00f3n de car\u00e1cter nacional prevista en el art\u00edculo\u00a092.bis y concordantes de esta ley, se aplicar\u00e1 de conformidad con el art\u00edculo\u00a0149.1.18 de la Constituci\u00f3n y con la Ley Org\u00e1nica\u00a06\/2006 de\u00a019 de julio, de Reforma del Estatuto de Autonom\u00eda de Catalunya, teniendo en cuenta que <strong>todas las facultades previstas en el citado art\u00edculo\u00a092.bis, respecto a dicho personal<\/strong>, ser\u00e1n asumidas en los t\u00e9rminos que establezca la <strong>normativa auton\u00f3mica<\/strong>, incluyendo entre las mismas la creaci\u00f3n, la clasificaci\u00f3n y la supresi\u00f3n de puestos de trabajo reservados a personal funcionario de administraci\u00f3n local con habilitaci\u00f3n de car\u00e1cter nacional, la aprobaci\u00f3n de la oferta p\u00fablica de empleo para cubrir las plazas vacantes existentes de las plazas correspondientes a las mismas en su \u00e1mbito territorial, la facultad de su selecci\u00f3n, formaci\u00f3n y habilitaci\u00f3n, convocar de forma coordinada con el Estado los procesos de provisi\u00f3n para las plazas vacantes y resolverlos, la asignaci\u00f3n del primer destino y las situaciones administrativas.\u00bb<\/em><\/p>\n<p style=\"text-align: justify;\"><strong>3.- Sistema de facturaci\u00f3n Verifactu<\/strong><\/p>\n<p style=\"text-align: justify;\"><strong>Concepto.<\/strong> Verifactu es un <strong>sistema de emisi\u00f3n de facturas verificables<\/strong> impulsado por el Gobierno de Espa\u00f1a y la Agencia Tributaria (AEAT) en el marco de la Ley Antifraude.<\/p>\n<p style=\"text-align: justify;\">Su principal objetivo es la <strong>lucha contra el fraude fiscal<\/strong> mediante la digitalizaci\u00f3n y el control en tiempo real de los procesos de facturaci\u00f3n.<\/p>\n<p style=\"text-align: justify;\"><strong>Aspectos destacados:<\/strong><\/p>\n<p style=\"text-align: justify;\"><strong>&#8211; Verificaci\u00f3n Inmediata:<\/strong> Los sistemas inform\u00e1ticos de facturaci\u00f3n adaptados a Verifactu deben garantizar la autenticidad, integridad y trazabilidad de las facturas desde el momento de su emisi\u00f3n.<\/p>\n<p style=\"text-align: justify;\"><strong>&#8211; Env\u00edo a Hacienda:<\/strong> Permite la remisi\u00f3n electr\u00f3nica y autom\u00e1tica de los registros de facturaci\u00f3n a la Agencia Tributaria casi en tiempo real (opci\u00f3n \u00abVerifactu S\u00cd\u00bb). No es obligatorio, pero Hacienda lo recomienda.<\/p>\n<p style=\"text-align: justify;\">&#8211; Tendr\u00e1n las facturas un <strong>C\u00f3digo QR<\/strong> que permite al cliente verificar la validez y registro de la factura ante Hacienda.<\/p>\n<p style=\"text-align: justify;\">&#8211; Tambi\u00e9n tendr\u00e1n las facturas la <strong>menci\u00f3n expresa<\/strong> \u00abVERI*FACTU\u00bb para indicar que ha sido generada por un sistema verificable.<\/p>\n<p style=\"text-align: justify;\">&#8211; <strong>Inalterabilidad<\/strong>: El software debe generar un registro \u00fanico e inalterable de cada factura, evitando que la informaci\u00f3n pueda ser modificada o borrada posteriormente.<\/p>\n<p style=\"text-align: justify;\"><strong>Obligados<\/strong>: Afecta a <strong>trabajadores aut\u00f3nomos y empresas<\/strong> que realicen actividades econ\u00f3micas en Espa\u00f1a. En concreto, conforme al <a href=\"https:\/\/www.boe.es\/buscar\/act.php?id=BOE-A-2023-24840#a3\">art\u00edculo 3<\/a> RD 1007\/2023, de 5 de diciembre:<\/p>\n<p style=\"text-align: justify;\">El presente Reglamento se aplicar\u00e1 a los obligados tributarios que se indican a continuaci\u00f3n, que utilicen sistemas inform\u00e1ticos de facturaci\u00f3n, aunque solo los usen para una parte de su actividad:<\/p>\n<p style=\"text-align: justify;\">a) Los contribuyentes del <strong>Impuesto sobre Sociedades<\/strong> (salvo entregas exentas)<\/p>\n<p style=\"text-align: justify;\">b) Los contribuyentes del <strong>IRPF<\/strong> que desarrollen <strong>actividades econ\u00f3micas<\/strong>.<\/p>\n<p style=\"text-align: justify;\">c) Los contribuyentes del Impuesto sobre la <strong>Renta de no Residentes<\/strong> que obtengan rentas mediante establecimiento permanente.<\/p>\n<p style=\"text-align: justify;\">d) Las <strong>entidades en r\u00e9gimen de atribuci\u00f3n de rentas<\/strong> que desarrollen actividades econ\u00f3micas.<\/p>\n<p style=\"text-align: justify;\">El presente Reglamento tambi\u00e9n se aplicar\u00e1 a los <strong>productores y comercializadores<\/strong> de los sistemas inform\u00e1ticos a que se refiere el art\u00edculo 1 de este Reglamento en las cuestiones relativas a sus respectivas actividades de producci\u00f3n y comercializaci\u00f3n de los sistemas inform\u00e1ticos puestos a disposici\u00f3n de los obligados tributarios mencionados en el apartado 1 de este art\u00edculo 3.<\/p>\n<p style=\"text-align: justify;\">El presente Reglamento <strong>no se aplicar\u00e1<\/strong> a los contribuyentes que lleven los libros registros en los t\u00e9rminos establecidos en el apartado 6 del <a href=\"https:\/\/www.boe.es\/buscar\/act.php?id=BOE-A-1992-28925#a62\">art\u00edculo 62<\/a> del Reglamento del IVA (empresarios o profesionales y otros sujetos pasivos del Impuesto, que tengan un periodo de liquidaci\u00f3n que coincida con el mes natural o que opten por el sistema de llevar los libros registro a trav\u00e9s de la Sede electr\u00f3nica de la AEAT.<\/p>\n<p style=\"text-align: justify;\"><strong>Normativa reguladora:<\/strong><\/p>\n<p style=\"text-align: justify;\"><strong>A) Ley General Tributaria. <\/strong>El <a href=\"https:\/\/www.boe.es\/buscar\/act.php?id=BOE-A-2003-23186#a29\"><strong>art\u00edculo\u00a029.2.j)<\/strong><\/a> de la Ley\u00a0General Tributaria establece, entre las <strong>obligaciones tributarias formales<\/strong>, la siguiente:<\/p>\n<p style=\"text-align: justify;\"><em>\u201cj) La obligaci\u00f3n, por parte de <strong>los productores, comercializadores y usuarios<\/strong>, de que los sistemas y programas inform\u00e1ticos o electr\u00f3nicos que soporten los procesos contables, de facturaci\u00f3n o de gesti\u00f3n de quienes desarrollen actividades econ\u00f3micas, garanticen la integridad, conservaci\u00f3n, accesibilidad, legibilidad, trazabilidad e inalterabilidad de los registros, sin interpolaciones, omisiones o alteraciones de las que no quede la debida anotaci\u00f3n en los sistemas mismos. Reglamentariamente se podr\u00e1n establecer especificaciones t\u00e9cnicas que deban reunir dichos sistemas y programas, as\u00ed como la obligaci\u00f3n de que los mismos est\u00e9n debidamente certificados y utilicen formatos est\u00e1ndar para su legibilidad.\u201d<\/em><\/p>\n<p style=\"text-align: justify;\">B) El <strong>Real Decreto\u00a0<\/strong><strong>1007\/2023, de\u00a05 de diciembre<\/strong>, por el que se aprueba el Reglamento que establece los requisitos que deben adoptar los sistemas y programas inform\u00e1ticos o electr\u00f3nicos que soporten los procesos de facturaci\u00f3n de empresarios y profesionales, y la estandarizaci\u00f3n de formatos de los registros de facturaci\u00f3n. La previsi\u00f3n de entrada en vigor era inicialmente para el 1\u00ba de julio de 2025. <a href=\"https:\/\/www.notariosyregistradores.com\/web\/normas\/informes-mensuales\/informe-351-boe-diciembre-2023\/#procesos-de-facturacion\">Ver resumen.<\/a><\/p>\n<p style=\"text-align: justify;\">C) La <a href=\"https:\/\/www.boe.es\/buscar\/act.php?id=BOE-A-2024-22138\"><strong>Orden HAC\/1177\/2024, de\u00a017 de octubre<\/strong><\/a>, precis\u00f3 las especificaciones t\u00e9cnicas imprescindibles para su implementaci\u00f3n. Entr\u00f3 en vigor el 29 de octubre de 2024, cumpli\u00e9ndose los nueve meses posteriores que se dir\u00e1n el 29 de julio de 2025.<\/p>\n<p style=\"text-align: justify;\">D) Reforma del Real Decreto 1007\/2023 por el <strong>Real Decreto\u00a0254\/2025, de\u00a01 de abril: <\/strong>Responde a la necesidad de acompasar la entrada en vigor del reglamento al<strong> calendario de desarrollo t\u00e9cnico y normativo existente<\/strong>. La previsi\u00f3n de entrada en vigor la fij\u00f3 en el 1\u00ba de julio de 2026. <a href=\"https:\/\/www.notariosyregistradores.com\/web\/normas\/informes-mensuales\/informe-no-367\/#estandarizacion-programas-informaticos-de-facturacion\">Ver resumen.<\/a><\/p>\n<p style=\"text-align: justify;\"><strong>Cambios en este RDLey: <\/strong><\/p>\n<p style=\"text-align: justify;\">En la exposici\u00f3n de motivos se expresa que <em>\u201csubsisten circunstancias que justifican una <strong>nueva ampliaci\u00f3n del plazo de exigibilidad<\/strong>, motivadas tanto por la necesaria adecuaci\u00f3n de los sistemas inform\u00e1ticos de facturaci\u00f3n como por la conveniencia de garantizar una implantaci\u00f3n ordenada y homog\u00e9nea en el conjunto del tejido empresarial.\u201d<\/em><\/p>\n<p style=\"text-align: justify;\">Para ello, opta por <strong>modificar<\/strong> la Disposici\u00f3n final cuarta del referido <strong>RD 1007\/2023, de 5 de diciembre, <\/strong>que est\u00e1 dedicada a la<strong> Entrada en vigor y efectos:<\/strong><\/p>\n<p style=\"text-align: justify;\"><em>\u201cEl presente real decreto y el reglamento entrar\u00e1n en vigor el d\u00eda siguiente al de su publicaci\u00f3n en el \u201cBolet\u00edn Oficial del Estado.<\/em><\/p>\n<p style=\"text-align: justify;\"><em>No obstante, los obligados tributarios a que se refiere el art\u00edculo\u00a03.1.a) deber\u00e1n tener adaptados los sistemas inform\u00e1ticos a las caracter\u00edsticas y requisitos establecidos en este reglamento y en su normativa de desarrollo <strong>antes del\u00a01 de enero de\u00a02027.<\/strong> El resto de obligados tributarios mencionados en el art\u00edculo\u00a03.1 deber\u00e1n tener operativos los citados sistemas inform\u00e1ticos <strong>antes del\u00a01 de julio de\u00a02027.<\/strong><\/em><\/p>\n<p style=\"text-align: justify;\"><em>Los obligados tributarios del <strong>art\u00edculo\u00a03.2<\/strong>, en relaci\u00f3n con sus actividades de producci\u00f3n y comercializaci\u00f3n de los sistemas inform\u00e1ticos, deber\u00e1n ofrecer sus productos plenamente adaptados al reglamento en el plazo m\u00e1ximo de nueve meses desde la entrada en vigor de la orden ministerial a que se refiere la disposici\u00f3n final tercera este real decreto, sin perjuicio de la obligada adaptaci\u00f3n de los sistemas incluidos en contratos de mantenimiento plurianual conforme a las fechas se\u00f1aladas anteriormente.<\/em><\/p>\n<p style=\"text-align: justify;\"><em>En el plazo m\u00e1ximo de nueve meses desde la entrada en vigor de la orden ministerial a que se refiere la disposici\u00f3n final tercera de este real decreto estar\u00e1 disponible en la sede de la Agencia Estatal de Administraci\u00f3n Tributaria el servicio para la recepci\u00f3n de los registros de facturaci\u00f3n remitidos por los Sistemas de emisi\u00f3n de facturas verificables.\u201d<\/em><\/p>\n<p style=\"text-align: justify;\">El Real decreto ley mantiene, de todos modos, el <strong>rango reglamentario<\/strong> del decreto modificado (D.F. 2\u00aa)<\/p>\n<p style=\"text-align: justify;\">De lo anterior se deduce este calendario de obligatoriedad:<\/p>\n<p style=\"text-align: justify;\">&#8211; <strong>productores y comercializadores<\/strong> de los sistemas inform\u00e1ticos: <strong>29 de julio de 2025.<\/strong><\/p>\n<p style=\"text-align: justify;\"><strong>&#8211; sociedades: 1\u00ba de enero de 2027<\/strong><\/p>\n<p style=\"text-align: justify;\"><strong>&#8211; resto de obligados <\/strong>(contribuyentes del IRPF que desarrollen actividades econ\u00f3micas, contribuyentes del Impuesto sobre la Renta de no Residentes que obtengan rentas mediante establecimiento permanente y entidades en r\u00e9gimen de atribuci\u00f3n de rentas que desarrollen actividades econ\u00f3micas):<strong> 1\u00ba de julio de 2027.<\/strong><\/p>\n<p style=\"text-align: justify;\">El presente real decreto-ley entr\u00f3 en vigor el 4 de diciembre de 2025.<\/p>\n<div class=\"enlacesDoc\">\n<ul>\n<li class=\"puntoPDF\"><a title=\"PDF firmado BOE-A-2025-24446\" href=\"https:\/\/www.boe.es\/boe\/dias\/2025\/12\/03\/pdfs\/BOE-A-2025-24446.pdf\">PDF (BOE-A-2025-24446 &#8211; 7\u00a0<abbr title=\"p\u00e1ginas\">p\u00e1gs.<\/abbr>\u00a0&#8211; 225\u00a0<abbr title=\"kilobytes\">KB<\/abbr>)<\/a> <a title=\"Versi\u00f3n HTML BOE-A-2025-24446\" href=\"https:\/\/www.boe.es\/diario_boe\/txt.php?id=BOE-A-2025-24446\">Otros formatos<\/a> <a href=\"https:\/\/www.boe.es\/diario_boe\/txt.php?id=BOE-A-2025-25695\" target=\"_blank\" rel=\"nofollow noopener noreferrer\">Convalidaci\u00f3n<\/a><\/li>\n<\/ul>\n<div class=\"enlacesDoc\">\n<a class=\"mwm-aal-item\" name=\"movilidad-sostenible\"><\/a><h6><span style=\"font-size: 12pt;\">Movilidad sostenible<\/span><\/h6>\n<p style=\"text-align: justify;\">Ley 9\/2025, de 3 de diciembre, de Movilidad Sostenible.<\/p>\n<p style=\"text-align: justify;\"><span style=\"color: #0000ff;\"><strong>Resumen:<\/strong> Esta extensa Ley redefine el transporte en Espa\u00f1a, trat\u00e1ndolo no solo como un servicio, sino como un derecho social. Su objetivo principal es descarbonizar el sector, mejorar la salud p\u00fablica y garantizar la cohesi\u00f3n territorial. Plan de movilidad en empresas desde 200 trabajadores. Fomento de la bicicleta, el ferrocarril y veh\u00edculos el\u00e9ctricos. Conducci\u00f3n aut\u00f3noma. Puntos de recarga. Zonas de bajas emisiones. Pocos vuelos cortos.<\/span><\/p>\n<p style=\"text-align: justify;\"><strong>Objeto:<\/strong> Establecer las condiciones necesarias para que la ciudadan\u00eda y todo tipo de entidades puedan disponer de un sistema de movilidad sostenible, justo e inclusivo como herramienta para lograr una mayor cohesi\u00f3n social y territorial, contribuir a un desarrollo econ\u00f3mico resiliente y alcanzar los objetivos de reducci\u00f3n de gases de efecto invernadero y otros contaminantes y mejora de la calidad del aire. Ver <a href=\"https:\/\/www.boe.es\/buscar\/act.php?id=BOE-A-2025-24545#tp\">T\u00edtulo Preliminar<\/a>.<\/p>\n<p style=\"text-align: justify;\"><strong>Bases fundamentales: <\/strong><\/p>\n<ul style=\"text-align: justify;\">\n<li><strong>La movilidad como derecho:<\/strong> Se reconoce legalmente el derecho a una movilidad sostenible y accesible para todos, independientemente de d\u00f3nde vivan, con especial atenci\u00f3n a zonas rurales.<\/li>\n<li><strong>Movilidad limpia y saludable:<\/strong> Prioriza la movilidad activa (caminar y bicicleta) y el transporte p\u00fablico sobre el veh\u00edculo privado.<\/li>\n<li><strong>Digitalizaci\u00f3n e Innovaci\u00f3n:<\/strong> Fomenta el uso de datos abiertos y crea un \u00absandbox\u00bb (espacio de pruebas) para testar nuevas tecnolog\u00edas como el veh\u00edculo aut\u00f3nomo.<\/li>\n<li><strong>Inversi\u00f3n eficiente:<\/strong> Obliga a realizar estudios de rentabilidad social y ambiental antes de invertir en grandes infraestructuras.<\/li>\n<\/ul>\n<p style=\"text-align: justify;\"><strong>Obligaciones para Empresas (Planes de Movilidad): <\/strong>Las empresas con centros de trabajo de m\u00e1s de <strong>200 empleados<\/strong> (o 100 por turno) han de Implantar un <strong>Plan de Movilidad Sostenible al Trabajo<\/strong> en un plazo de 24 meses (antes de diciembre de 2027, que deber\u00e1 incluir medidas de teletrabajo, fomento de la bicicleta, transporte colectivo de empresa, coche compartido y puntos de recarga el\u00e9ctrica. Estos planes deben ser negociados con la representaci\u00f3n legal de los trabajadores.<\/p>\n<p style=\"text-align: justify;\"><strong>Cambios en el Transporte y Viajes. <\/strong><\/p>\n<ul style=\"text-align: justify;\">\n<li><strong>Vuelos cortos:<\/strong> El Gobierno impulsar\u00e1 la reducci\u00f3n de vuelos dom\u00e9sticos en rutas que tengan una <strong>alternativa ferroviaria de menos de 2,5 horas<\/strong>, salvo en conexiones con hubs internacionales.<\/li>\n<li><strong>Impulso al Ferrocarril:<\/strong> Se promueven las \u00abautopistas ferroviarias\u00bb para mercanc\u00edas y se busca la electrificaci\u00f3n total de la red.<\/li>\n<li><strong>Veh\u00edculo privado:<\/strong> Deber\u00e1n primarse en todo caso, las tecnolog\u00edas que supongan menores emisiones contaminantes y de gases de efecto invernadero, as\u00ed como los veh\u00edculos que supongan menor ocupaci\u00f3n del espacio p\u00fablico y los servicios de movilidad colaborativa<\/li>\n<li><strong>Zonas de Bajas Emisiones (ZBE):<\/strong> Refuerza la capacidad de los ayuntamientos para establecer tasas por la circulaci\u00f3n de veh\u00edculos contaminantes en estas zonas.<\/li>\n<\/ul>\n<p style=\"text-align: justify;\"><strong>Energ\u00edas y Veh\u00edculos<\/strong><\/p>\n<ul style=\"text-align: justify;\">\n<li><strong>Etiquetas de la DGT:<\/strong> Se prev\u00e9 una revisi\u00f3n de los distintivos ambientales para adaptarse a la evoluci\u00f3n tecnol\u00f3gica (posibles cambios en qui\u00e9n puede llevar etiqueta ECO o Cero).<\/li>\n<li><strong>Infraestructura de recarga:<\/strong> Se agilizan los tr\u00e1mites para instalar puntos de recarga el\u00e9ctrica y se consideran \u00abde utilidad p\u00fablica\u00bb las instalaciones de alta potencia.<\/li>\n<li><strong>Autoconsumo:<\/strong> Introduce flexibilidad para que los consumidores puedan combinar diferentes modalidades de autoconsumo el\u00e9ctrico (individual y compartido) para cargar sus veh\u00edculos.<\/li>\n<\/ul>\n<p style=\"text-align: justify;\">Se\u00f1alemos a continuaci\u00f3n aspectos destacados de cada uno de los <strong>ocho t\u00edtulos:<\/strong><\/p>\n<p style=\"text-align: justify;\"><strong>Gobernanza y Financiaci\u00f3n. Ver <\/strong><a href=\"https:\/\/www.boe.es\/buscar\/act.php?id=BOE-A-2025-24545#ti\"><strong>T\u00edtulo I.<\/strong><\/a><\/p>\n<ul style=\"text-align: justify;\">\n<li>Se crea el <strong>Consejo Superior de Movilidad Sostenible<\/strong> como \u00f3rgano de consulta y participaci\u00f3n y el <strong>Foro Territorial de Movilidad Sostenible<\/strong> como \u00f3rganos de participaci\u00f3n, coordinaci\u00f3n y cooperaci\u00f3n para la pol\u00edtica de movilidad.<\/li>\n<\/ul>\n<ul style=\"text-align: justify;\">\n<li>Se prev\u00e9 la aprobaci\u00f3n de una <strong>Estrategia Estatal de Movilidad Sostenible<\/strong> (EEMS) que orientar\u00e1 la planificaci\u00f3n y las inversiones de las Administraciones. Se garantizar\u00e1 la accesibilidad al trabajo y a los servicios esenciales (sanidad, educaci\u00f3n).<\/li>\n<li>Regula la creaci\u00f3n del <strong>Espacio de Datos Integrado de Movilidad<\/strong> (EDIM), facilitando la apertura y el intercambio de datos para la gesti\u00f3n del tr\u00e1fico y la oferta de servicios al ciudadano (por ejemplo, aplicaciones MaaS &#8211; Mobility as a Service).<\/li>\n<\/ul>\n<p style=\"text-align: justify;\"><strong>Fomento de la Movilidad Sostenible. Ver <\/strong><a href=\"https:\/\/www.boe.es\/buscar\/act.php?id=BOE-A-2025-24545#tii\"><strong>T\u00edtulo II<\/strong><\/a><strong>.<\/strong><\/p>\n<p style=\"text-align: justify;\">Contiene las medidas concretas para la promoci\u00f3n de modos de transporte limpios y la planificaci\u00f3n.<\/p>\n<ul style=\"text-align: justify;\">\n<li>Regula los instrumentos de planificaci\u00f3n como los <strong>Planes de Movilidad Sostenible al Trabajo<\/strong> (obligatorios para empresas y entidades p\u00fablicas con m\u00e1s de 200 empleados) y los <strong>Planes de Movilidad Urbana Sostenible<\/strong> (PMUS) municipales.<\/li>\n<li>Promueve la movilidad <strong>a pie y en bicicleta<\/strong>, e impulsa la Estrategia Estatal para el Impulso de la Bicicleta.<\/li>\n<li>Introduce la obligaci\u00f3n de integrar las <strong>perspectivas de g\u00e9nero y la accesibilidad universal<\/strong> (personas con discapacidad o movilidad reducida) en toda planificaci\u00f3n de movilidad.<\/li>\n<li>Exige el c\u00e1lculo y la informaci\u00f3n sobre la <strong>huella de carbono<\/strong> de los servicios de transporte.<\/li>\n<li>Se crea el Documento de Orientaciones para la Movilidad Sostenible (<strong>DOMOS<\/strong>) como la herramienta del Sistema General de Movilidad Sostenible que constituye el marco de condiciones orientativas para la planificaci\u00f3n y gesti\u00f3n sostenible del transporte y la movilidad. Las <strong>gu\u00edas de buenas pr\u00e1cticas<\/strong> son documentos complementarios del DOMOS.<\/li>\n<li><strong>Instrumento de Planificaci\u00f3n Estrat\u00e9gica Estatal en Movilidad (IPEEM).<\/strong> El Ministerio de Transportes y Movilidad Sostenible deber\u00e1 disponer de un instrumento de planificaci\u00f3n estrat\u00e9gica, que constituya el marco de referencia plurianual de la pol\u00edtica general de infraestructuras de transporte y servicios de movilidad y transporte de competencia estatal. Dicha planificaci\u00f3n debe contemplar no s\u00f3lo la generaci\u00f3n de nueva infraestructura sino tambi\u00e9n la gesti\u00f3n de la conservaci\u00f3n de la infraestructura existente. Ver <a href=\"https:\/\/www.boe.es\/buscar\/act.php?id=BOE-A-2025-24545#a2-4\">art\u00edculo 22<\/a>. Las CCAA podr\u00e1n tener su propio Instrumento de planificaci\u00f3n en materia de transportes y movilidad<\/li>\n<li>Se prev\u00e9n <strong>Planes de movilidad sostenible<\/strong> de entidades locales (<a href=\"https:\/\/www.boe.es\/buscar\/act.php?id=BOE-A-2025-24545#a2-6\"> 24<\/a>), para grandes centros de actividad (<a href=\"https:\/\/www.boe.es\/buscar\/act.php?id=BOE-A-2025-24545#a2-7\">art. 25<\/a>) y para el trabajo (<a href=\"https:\/\/www.boe.es\/buscar\/act.php?id=BOE-A-2025-24545#a2-8\">art. 26<\/a>).<\/li>\n<li>Se calcular\u00e1 e informar\u00e1 acerca de la <strong>huella de carbono<\/strong> y la emisi\u00f3n de gases contaminantes (<a href=\"https:\/\/www.boe.es\/buscar\/act.php?id=BOE-A-2025-24545#a3-8\"> 36 y 37<\/a>)<\/li>\n<\/ul>\n<p style=\"text-align: justify;\"><strong>Planificaci\u00f3n y Gesti\u00f3n de Infraestructuras y Servicios. Ver <\/strong><a href=\"https:\/\/www.boe.es\/buscar\/act.php?id=BOE-A-2025-24545#ti-3\"><strong>T\u00edtulo III<\/strong><\/a><strong>.<\/strong><\/p>\n<p style=\"text-align: justify;\">Regula la prestaci\u00f3n de servicios, la inversi\u00f3n p\u00fablica y la transici\u00f3n energ\u00e9tica.<\/p>\n<ul style=\"text-align: justify;\">\n<li>Regula las obligaciones de servicio p\u00fablico en los servicios de <strong>transporte de competencia estatal<\/strong>. Ver <a href=\"https:\/\/www.boe.es\/buscar\/act.php?id=BOE-A-2025-24545#a4-5\">43 y ss<\/a><\/li>\n<li>Establece el principio de evaluaci\u00f3n obligatoria de la rentabilidad socioecon\u00f3mica, ambiental y financiera (ex ante y ex post) de las <strong>infraestructuras de transporte<\/strong>, priorizando el mantenimiento y la mejora de la red existente. Ver <a href=\"https:\/\/www.boe.es\/buscar\/act.php?id=BOE-A-2025-24545#a4-11\">arts 49 y ss<\/a>.<\/li>\n<li>Regula los servicios de transporte terrestre y los nuevos <strong>servicios de movilidad<\/strong> (colaborativa, bajo demanda), adaptando el marco legal para su integraci\u00f3n con el transporte p\u00fablico.<\/li>\n<li>Fomenta la descarbonizaci\u00f3n del <strong>transporte de mercanc\u00edas<\/strong> (electromovilidad e intermodalidad), promoviendo el trasvase de mercanc\u00edas de la carretera al ferrocarril.<\/li>\n<li>Promueve la <strong>reducci\u00f3n de vuelos dom\u00e9sticos<\/strong> con alternativa ferroviaria de alta velocidad.<\/li>\n<\/ul>\n<p style=\"text-align: justify;\"><strong>Financiaci\u00f3n Estatal del Transporte P\u00fablico. Ver <\/strong><a href=\"https:\/\/www.boe.es\/buscar\/act.php?id=BOE-A-2025-24545#ti-4\"><strong>T\u00edtulo IV<\/strong><\/a><strong>:<\/strong><\/p>\n<ul style=\"text-align: justify;\">\n<li>Establece un nuevo marco para la financiaci\u00f3n del transporte urbano para garantizar la suficiencia y la estabilidad de los recursos destinados al transporte p\u00fablico colectivo urbano y metropolitano de viajeros, <strong>vinculando financiaci\u00f3n estatal<\/strong> a criterios de <strong>mejora<\/strong> de la calidad, eficiencia y sostenibilidad de los servicios de transporte.<\/li>\n<li>Para ello, se crea el Fondo Estatal de Contribuci\u00f3n a la Movilidad Sostenible (<strong>FECMO-FCPJ<\/strong>).<\/li>\n<\/ul>\n<p style=\"text-align: justify;\"><strong>Innovaci\u00f3n, Digitalizaci\u00f3n y Formaci\u00f3n. Ver <\/strong><a href=\"https:\/\/www.boe.es\/buscar\/act.php?id=BOE-A-2025-24545#tv\"><strong>T\u00edtulo V<\/strong><\/a><strong>:<\/strong><\/p>\n<ul style=\"text-align: justify;\">\n<li>Crea un espacio controlado de pruebas (<strong>sandbox<\/strong>) para proyectos piloto que utilicen nuevas tecnolog\u00edas o modelos de negocio en el sector de la movilidad (por ejemplo, veh\u00edculo aut\u00f3nomo).<\/li>\n<li>Hay un cap\u00edtulo especial para la introducci\u00f3n progresiva de los <strong>veh\u00edculos automatizados<\/strong> en el sistema de transportes.<\/li>\n<li>Se regulan los <strong>datos abiertos de los servicios de transporte<\/strong> de personas y de movilidad y de infraestructuras de transporte y otras infraestructuras y equipamientos al servicio del transporte y la movilidad.<\/li>\n<li>Habr\u00e1 en el Ministerio de Transportes y Movilidad Sostenible una \u00fanica plataforma nacional, denominada <strong>Punto de Acceso Nacional de Transporte Multimodal<\/strong>, gratuita para los usuarios ordinarios.<\/li>\n<li>Incluye la promoci\u00f3n de la <strong>formaci\u00f3n profesional<\/strong> y la cualificaci\u00f3n de los profesionales del transporte en nuevas tecnolog\u00edas y sostenibilidad.<\/li>\n<\/ul>\n<p style=\"text-align: justify;\"><strong>Mejora de la competitividad en el transporte de mercanc\u00edas y la log\u00edstica. Ver <\/strong><a href=\"https:\/\/www.boe.es\/buscar\/act.php?id=BOE-A-2025-24545#tv-2\"><strong>T\u00edtulo VI:<\/strong><\/a><\/p>\n<p style=\"text-align: justify;\">Considera al transporte de mercanc\u00edas un <strong>servicio p\u00fablico esencial<\/strong> para la sociedad, siendo obligaci\u00f3n de las Administraciones garantizar su eficacia y continuidad en condiciones que minimicen los impactos negativos sobre el clima, medio ambiente y la salud de las personas tanto en lo referido a la log\u00edstica de distribuci\u00f3n como a la cadena de suministro y la provisi\u00f3n de productos b\u00e1sicos a la ciudadan\u00eda.<\/p>\n<ul style=\"text-align: justify;\">\n<li>Regula las <strong>zonas de estacionamiento seguras<\/strong> y protegidas, incluidas las de veh\u00edculos pesados.<\/li>\n<li>Define los <strong>nodos log\u00edsticos<\/strong> de importancia estrat\u00e9gica estatal y de inter\u00e9s auton\u00f3mico.<\/li>\n<li>Coordinaci\u00f3n entre Administraciones para la mejora de la cadena log\u00edstica.<\/li>\n<\/ul>\n<p style=\"text-align: justify;\"><strong>Participaci\u00f3n p\u00fablica y transparencia. <\/strong><a href=\"https:\/\/www.boe.es\/buscar\/act.php?id=BOE-A-2025-24545#tv-3\">Ver T\u00edtulo VII.<\/a><\/p>\n<ul style=\"text-align: justify;\">\n<li><strong>Publicidad y f\u00f3rmulas de participaci\u00f3n<\/strong> para los planes, programas, estrategias, instrumentos y disposiciones de car\u00e1cter general que se adopten en materia de movilidad<\/li>\n<li>El Ministerio de Transportes y Movilidad Sostenible mantendr\u00e1 una <strong>p\u00e1gina web<\/strong> que contendr\u00e1, en formatos abiertos y accesibles, toda la informaci\u00f3n prevista en esta ley, especialmente en infraestructuras.<\/li>\n<\/ul>\n<p style=\"text-align: justify;\"><strong>R<\/strong><strong>\u00e9<\/strong><strong>gimen sancionador. <a href=\"https:\/\/www.boe.es\/buscar\/act.php?id=BOE-A-2025-24545#tv-4\">Ver T\u00edtulo VIII<\/a>. <\/strong><\/p>\n<p style=\"text-align: justify;\">Establece el marco com\u00fan para controlar y sancionar los incumplimientos de la Ley, con infracciones graves y leves, que pueden llegar pasar a ser graves en caso de reincidencia<\/p>\n<ul style=\"text-align: justify;\">\n<li>La <strong>competencia<\/strong> para la imposici\u00f3n de las sanciones corresponder\u00e1 a la Secretar\u00eda de Estado de Transportes y Movilidad Sostenible, con arreglo a la LPA com\u00fan.<\/li>\n<li>Las multas pueden llegar a los <strong>000 euros<\/strong> para las graves y a los 2.000 euros para las leves.<\/li>\n<li>Las <strong>infracciones prescriben<\/strong> a los tres a\u00f1os y las leves a los seis meses respectivamente.<\/li>\n<li>Las <strong>sanciones prescriben<\/strong> tambi\u00e9n a los tres a\u00f1os y las leves a los seis meses respectivamente<\/li>\n<\/ul>\n<p style=\"text-align: justify;\"><strong>Disposiciones Adicionales y transitorias. <\/strong>Son 38 adicionales y <a href=\"https:\/\/www.boe.es\/buscar\/act.php?id=BOE-A-2025-24545&amp;p=20251204&amp;tn=1#dt\">10 transitorias<\/a>. Citamos algunas adicionales:<\/p>\n<ul style=\"text-align: justify;\">\n<li><a href=\"https:\/\/www.boe.es\/buscar\/act.php?id=BOE-A-2025-24545&amp;p=20251204&amp;tn=1#da-4\">D. Ad. cuarta. Plan Estrat\u00e9gico para la <strong>sostenibilidad del Transporte A\u00e9reo<\/strong>.<\/a><\/li>\n<li><a href=\"https:\/\/www.boe.es\/buscar\/act.php?id=BOE-A-2025-24545&amp;p=20251204&amp;tn=1#da-5\">D. Ad. quinta. Respuesta ante episodios de <strong>alta contaminaci\u00f3n<\/strong>.<\/a><\/li>\n<li><a href=\"https:\/\/www.boe.es\/buscar\/act.php?id=BOE-A-2025-24545&amp;p=20251204&amp;tn=1#da-6\">D. Ad. sexta. Estrategia Estatal de impulso del uso de la <strong>bicicleta<\/strong>.<\/a><\/li>\n<li><a href=\"https:\/\/www.boe.es\/buscar\/act.php?id=BOE-A-2025-24545&amp;p=20251204&amp;tn=1#da-7\">D. Ad. s\u00e9ptima. Informaci\u00f3n para el repostaje y la <strong>recarga el\u00e9ctrica<\/strong> de veh\u00edculos.<\/a><\/li>\n<li><a href=\"https:\/\/www.boe.es\/buscar\/act.php?id=BOE-A-2025-24545&amp;p=20251204&amp;tn=1#da-12\">D. Ad. duod\u00e9cima. Competencias de los<strong> territorios hist\u00f3ricos<\/strong>.<\/a><\/li>\n<li><a href=\"https:\/\/www.boe.es\/buscar\/act.php?id=BOE-A-2025-24545&amp;p=20251204&amp;tn=1#da-15\">D. Ad. decimoquinta. Promoci\u00f3n del t<strong>ransporte ferroviario de personas<\/strong>.<\/a><\/li>\n<li><a href=\"https:\/\/www.boe.es\/buscar\/act.php?id=BOE-A-2025-24545&amp;p=20251204&amp;tn=1#da-16\">D. Ad. decimosexta. Medidas para el impulso de la <strong>reducci\u00f3n de vuelos dom\u00e9sticos<\/strong>.<\/a><\/li>\n<li><a href=\"https:\/\/www.boe.es\/buscar\/act.php?id=BOE-A-2025-24545&amp;p=20251204&amp;tn=1#da-17\">D. Ad. decimos\u00e9ptima. Declaraci\u00f3n de inter\u00e9s de las obras de infraestructura rurales, consistentes en la realizaci\u00f3n de <strong>caminos naturales<\/strong>.<\/a><\/li>\n<li><a href=\"https:\/\/www.boe.es\/buscar\/act.php?id=BOE-A-2025-24545&amp;p=20251204&amp;tn=1#da-18\">D. Ad. decimoctava. Se\u00f1alizaci\u00f3n de <strong>estaciones de recarga ultrarr\u00e1pida<\/strong> en la Red de Carreteras del Estado.<\/a><\/li>\n<li><a href=\"https:\/\/www.boe.es\/buscar\/act.php?id=BOE-A-2025-24545&amp;p=20251204&amp;tn=1#da-19\">D. Ad. decimonovena. Estudio de nuevos servicios ferroviarios para la movilidad cotidiana en <strong>Galicia<\/strong>.<\/a><\/li>\n<li><a href=\"https:\/\/www.boe.es\/buscar\/act.php?id=BOE-A-2025-24545&amp;p=20251204&amp;tn=1#da-21\">D. Ad. vigesimoprimera. Incentivos para la <strong>renovaci\u00f3n del parque de automoci\u00f3n <\/strong>espa\u00f1ol.<\/a><\/li>\n<li><a href=\"https:\/\/www.boe.es\/buscar\/act.php?id=BOE-A-2025-24545&amp;p=20251204&amp;tn=1#da-22\">D. Ad. vigesimosegunda. Movilidad en los <strong>territorios ultraperif\u00e9ricos<\/strong>, insulares y Ceuta y Melilla.<\/a><\/li>\n<li><a href=\"https:\/\/www.boe.es\/buscar\/act.php?id=BOE-A-2025-24545&amp;p=20251204&amp;tn=1#da-23\">D. Ad. vigesimotercera. Objetivos vinculantes de <strong>incremento de las energ\u00edas renovables<\/strong> y reducci\u00f3n de la intensidad de gases de efecto invernadero en el sector del transporte.<\/a><\/li>\n<li><a href=\"https:\/\/www.boe.es\/buscar\/act.php?id=BOE-A-2025-24545&amp;p=20251204&amp;tn=1#da-24\">D. Ad. vigesimocuarta. Del desarrollo de infraestructuras ferroviarias en <strong>Canarias<\/strong>.<\/a><\/li>\n<li><a href=\"https:\/\/www.boe.es\/buscar\/act.php?id=BOE-A-2025-24545&amp;p=20251204&amp;tn=1#da-27\">D. Ad. vigesimos\u00e9ptima. <strong>Subvenciones<\/strong> para el impulso de los <strong>planes de movilidad sostenible al trabajo<\/strong>.<\/a><\/li>\n<li><a href=\"https:\/\/www.boe.es\/buscar\/act.php?id=BOE-A-2025-24545&amp;p=20251204&amp;tn=1#da-29\">D. Ad. vigesimonovena. Servicios de auxilio en v\u00edas p\u00fablicas: <strong>acceso a las zonas de bajas emisiones<\/strong>.<\/a><\/li>\n<li><a href=\"https:\/\/www.boe.es\/buscar\/act.php?id=BOE-A-2025-24545&amp;p=20251204&amp;tn=1#da-30\">D. Ad. trig\u00e9sima. <strong>Plan de choque ferroviario<\/strong>, plan de atenci\u00f3n urgente a los pasajeros y protocolo de an\u00e1lisis de incidencias en la red ferroviaria.<\/a><\/li>\n<li><a href=\"https:\/\/www.boe.es\/buscar\/act.php?id=BOE-A-2025-24545&amp;p=20251204&amp;tn=1#da-31\">D. Ad. trig\u00e9sima primera. Criterios de <strong>puntualidad de RENFE<\/strong>.<\/a><\/li>\n<li><a href=\"https:\/\/www.boe.es\/buscar\/act.php?id=BOE-A-2025-24545&amp;p=20251204&amp;tn=1#da-34\">D. Ad. trig\u00e9sima cuarta. Establecimiento de un <strong>descuento<\/strong> del 100\u202f% en el precio de los abonos de transporte y t\u00edtulos multiviaje del transporte p\u00fablico colectivo terrestre de las islas <strong>Canarias y Baleares<\/strong> para el a\u00f1o 2026.<\/a><\/li>\n<li><a href=\"https:\/\/www.boe.es\/buscar\/act.php?id=BOE-A-2025-24545&amp;p=20251204&amp;tn=1#da-36\">D. Ad. trig\u00e9sima sexta. <strong>Financiaci\u00f3n<\/strong> del transporte p\u00fablico.<\/a><\/li>\n<li><a href=\"https:\/\/www.boe.es\/buscar\/act.php?id=BOE-A-2025-24545&amp;p=20251204&amp;tn=1#da-37\">D. Ad. trig\u00e9sima s\u00e9ptima. Promoci\u00f3n del <strong>transporte a demanda en las zonas rurales<\/strong>.<\/a><\/li>\n<\/ul>\n<p style=\"text-align: justify;\"><strong>Disposiciones finales. Son 22.<\/strong> Citamos algunas de las que modifican normas previas:<\/p>\n<ul style=\"text-align: justify;\">\n<li><a href=\"https:\/\/www.boe.es\/buscar\/act.php?id=BOE-A-2025-24545&amp;p=20251204&amp;tn=1#df\">D. F. primera. Modificaci\u00f3n del RDLeg 6\/2015, de 30 de octubre, TR <strong>Ley sobre Tr\u00e1fico<\/strong>, Circulaci\u00f3n de Veh\u00edculos a Motor y Seguridad Vial.<\/a> Afecta a dos organismos y a obras y actividades prohibidas.<\/li>\n<li><a href=\"https:\/\/www.boe.es\/buscar\/act.php?id=BOE-A-2025-24545&amp;p=20251204&amp;tn=1#df-2\">D. F. segunda. Modificaci\u00f3n del RDLeg 2\/2004, de 5 de marzo, <strong>Ley Reguladora de las Haciendas Locales<\/strong>.<\/a> Zonas de bajas emisiones. Tasas previstas por la utilizaci\u00f3n privativa o el aprovechamiento especial del dominio p\u00fablico local.<\/li>\n<li><a href=\"https:\/\/www.boe.es\/buscar\/act.php?id=BOE-A-2025-24545&amp;p=20251204&amp;tn=1#df-3\">D. F. tercera. Modificaci\u00f3n del <strong>Estatuto de los Trabajadores<\/strong>.<\/a> Deber de negociar en los convenios colectivos medidas para promover la elaboraci\u00f3n de planes de movilidad sostenible al trabajo. <a href=\"https:\/\/www.boe.es\/buscar\/act.php?id=BOE-A-2015-11430#a85\">Art. 85.1<\/a>.<\/li>\n<li><a href=\"https:\/\/www.boe.es\/buscar\/act.php?id=BOE-A-2025-24545&amp;p=20251204&amp;tn=1#df-4\">D. F. cuarta. Modificaci\u00f3n de la Ley 16\/1987, de 30 de julio, de Ordenaci\u00f3n de los <strong>Transportes Terrestres<\/strong>.<\/a><\/li>\n<li><a href=\"https:\/\/www.boe.es\/buscar\/act.php?id=BOE-A-2025-24545&amp;p=20251204&amp;tn=1#df-5\">D. F. quinta. Modificaci\u00f3n de la Ley 37\/2015, de 29 de septiembre, de <strong>carreteras<\/strong>.<\/a> An\u00e1lisis preliminar de rentabilidad socioambiental<\/li>\n<li><a href=\"https:\/\/www.boe.es\/buscar\/act.php?id=BOE-A-2025-24545&amp;p=20251204&amp;tn=1#df-7\">D. F. s\u00e9ptima. Modificaci\u00f3n de la Ley 9\/2017, de 8 de noviembre, de Contratos del Sector P\u00fablico,<\/a> Revisi\u00f3n de actos en los procedimientos de adjudicaci\u00f3n de determinados contratos<\/li>\n<li><a href=\"https:\/\/www.boe.es\/buscar\/act.php?id=BOE-A-2025-24545&amp;p=20251204&amp;tn=1#df-17\">D. F. decimos\u00e9ptima. Modificaci\u00f3n RD 244\/2019, de 5 de abril, sobre <strong>autoconsumo de energ\u00eda el\u00e9ctrica<\/strong>.<\/a> Cambio de modalidad de autoconsumo.<\/li>\n<li><a href=\"https:\/\/www.boe.es\/buscar\/act.php?id=BOE-A-2025-24545&amp;p=20251204&amp;tn=1#df-20\">D. F. vig\u00e9sima. Modificaci\u00f3n de la Ley 7\/2021, de 20 de mayo, de <strong>cambio clim\u00e1tico y transici\u00f3n energ\u00e9tica<\/strong>.<\/a> Recarga del veh\u00edculo el\u00e9ctrico.<\/li>\n<\/ul>\n<p style=\"text-align: justify;\"><strong>Cuenta con dos anexos:<\/strong><\/p>\n<ul style=\"text-align: justify;\">\n<li><a href=\"https:\/\/www.boe.es\/buscar\/act.php?id=BOE-A-2025-24545&amp;p=20251204&amp;tn=1#ai\">ANEXO I. Provisi\u00f3n de datos de transporte y movilidad<\/a><\/li>\n<li><a href=\"https:\/\/www.boe.es\/buscar\/act.php?id=BOE-A-2025-24545&amp;p=20251204&amp;tn=1#ai-2\">ANEXO II. Actuaciones e importes incluidos en la planificaci\u00f3n de infraestructuras de transporte viarias y ferroviarias de competencia estatal<\/a><\/li>\n<\/ul>\n<p style=\"text-align: justify;\"><strong>Entrada en vigor. <\/strong>Tuvo lugar el 5 de diciembre de 2025.<\/p>\n<div class=\"enlacesDoc\">\n<ul>\n<li class=\"puntoPDF\"><a title=\"PDF firmado BOE-A-2025-24545\" href=\"https:\/\/www.boe.es\/boe\/dias\/2025\/12\/04\/pdfs\/BOE-A-2025-24545.pdf\">PDF (BOE-A-2025-24545 &#8211; 143\u00a0<abbr title=\"p\u00e1ginas\">p\u00e1gs.<\/abbr>\u00a0&#8211; 1.122\u00a0<abbr title=\"kilobytes\">KB<\/abbr>)<\/a> <a title=\"Versi\u00f3n HTML BOE-A-2025-24545\" href=\"https:\/\/www.boe.es\/diario_boe\/txt.php?id=BOE-A-2025-24545\">Otros formatos<\/a><\/li>\n<\/ul>\n<a class=\"mwm-aal-item\" name=\"modelos-fiscales-780-y-781-intereses-y-comisiones-bancarios\"><\/a><h6><span style=\"font-size: 12pt;\">Modelos fiscales 780 y 781: Intereses y comisiones bancarios<\/span><\/h6>\n<p style=\"text-align: justify;\">Orden HAC\/1413\/2025, de 28 de noviembre, por la que se modifica la Orden HAC\/532\/2025, de 26 de mayo, por la que se aprueba el modelo 780 \u00abImpuesto sobre el margen de intereses y comisiones de determinadas entidades financieras. Autoliquidaci\u00f3n\u00bb y el modelo 781 \u00abImpuesto sobre el margen de intereses y comisiones de determinadas entidades financieras. Pago fraccionado\u00bb y se establecen las condiciones y el procedimiento para su presentaci\u00f3n.<\/p>\n<p style=\"text-align: justify;\"><span style=\"color: #0000ff;\"><strong>Resumen:<\/strong> Se modifican los anexos de esos dos modelos correspondientes al Impuesto sobre el margen de intereses y comisiones de determinadas entidades financieras. Uno es para la autoliquidaci\u00f3n y el otro para pago fraccionado.<\/span><\/p>\n<p style=\"text-align: justify;\">La <strong>Ley\u00a07\/2024, de\u00a020 de diciembre<\/strong>, introdujo en el sistema tributario espa\u00f1ol el Impuesto sobre el margen de intereses y comisiones de determinadas entidades financieras. <a href=\"https:\/\/www.notariosyregistradores.com\/web\/normas\/informes-mensuales\/informe-363-boe-diciembre-2024\/#impuestos-adicionales-a-la-banca-y-a-multinacionales\">Ver <strong>resumen<\/strong>.<\/a><\/p>\n<p style=\"text-align: justify;\">Posteriormente, se aprobaron los modelos de autoliquidaci\u00f3n y pago fraccionado de este impuesto a trav\u00e9s de la Orden HAC\/532\/2025, de\u00a026 de mayo, que ahora se modifica.<\/p>\n<p style=\"text-align: justify;\">La raz\u00f3n del cambio se encuentra en la necesidad de adaptaci\u00f3n de los modelos a la incorporaci\u00f3n a la fiscalidad de la Comunidad Foral de <strong>Navarra<\/strong> de este nuevo impuesto, mediante la Ley\u00a04\/2025, de\u00a024 de julio, por la que se modifica la Ley\u00a028\/1990, de\u00a026 de diciembre, por la que se aprueba el Convenio Econ\u00f3mico entre el Estado y la Comunidad Foral de Navarra.<\/p>\n<p style=\"text-align: justify;\">La presente orden <strong>entr\u00f3 en vigor<\/strong> el 10 de diciembre de 2025 y resultar\u00e1 de aplicaci\u00f3n por primera vez a las declaraciones cuyo plazo de presentaci\u00f3n se inicie a partir del\u00a01 de enero de\u00a02026, relativas al per\u00edodo impositivo\u00a02025 y siguientes.<\/p>\n<div class=\"enlacesDoc\">\n<ul>\n<li class=\"puntoPDF\"><a title=\"PDF firmado BOE-A-2025-25041\" href=\"https:\/\/www.boe.es\/boe\/dias\/2025\/12\/09\/pdfs\/BOE-A-2025-25041.pdf\">PDF (BOE-A-2025-25041 &#8211; 4\u00a0<abbr title=\"p\u00e1ginas\">p\u00e1gs.<\/abbr>\u00a0&#8211; 605\u00a0<abbr title=\"kilobytes\">KB<\/abbr>)<\/a> <a title=\"Versi\u00f3n HTML BOE-A-2025-25041\" href=\"https:\/\/www.boe.es\/diario_boe\/txt.php?id=BOE-A-2025-25041\">Otros formatos<\/a><\/li>\n<\/ul>\n<a class=\"mwm-aal-item\" name=\"entidad-publica-empresarial-del-suelo-casa-47-estatutos\"><\/a><h6 style=\"text-align: justify;\"><span style=\"font-size: 12pt;\">Entidad P\u00fablica Empresarial del Suelo Casa 47: estatutos<\/span><\/h6>\n<p style=\"text-align: justify;\">Real Decreto 1123\/2025, de 10 de diciembre, por el que se modifica el Estatuto de la Entidad P\u00fablica Empresarial de Suelo (SEPES), aprobado por Real Decreto 1525\/1999, de 1 de octubre.<\/p>\n<p style=\"text-align: justify;\"><span style=\"color: #0000ff;\"><strong>Resumen:<\/strong> La SEPES pasa a llamarse Casa 47 como un gui\u00f1o al <a style=\"color: #0000ff;\" href=\"https:\/\/www.notariosyregistradores.com\/web\/normas\/constitucion-espanola\/#a47\">art\u00edculo 47<\/a> de la Constituci\u00f3n, configur\u00e1ndose como instrumento de la Administraci\u00f3n General del Estado encargado del desarrollo residencial, la promoci\u00f3n de vivienda y la gesti\u00f3n de alojamientos en condiciones asequibles.<\/span><\/p>\n<p style=\"text-align: justify;\">Dispone el <strong><a href=\"https:\/\/www.notariosyregistradores.com\/web\/normas\/constitucion-espanola\/#a47\">art\u00edculo 47 de la Constituci\u00f3n<\/a><\/strong> lo siguiente: <em>\u201cTodos los espa\u00f1oles tienen derecho a disfrutar de una vivienda digna y adecuada. Los poderes p\u00fablicos promover\u00e1n las condiciones necesarias y establecer\u00e1n las normas pertinentes para hacer efectivo este derecho, regulando la utilizaci\u00f3n del suelo de acuerdo con el inter\u00e9s general para impedir la especulaci\u00f3n. La comunidad participar\u00e1 en las plusval\u00edas que genere la acci\u00f3n urban\u00edstica de los entes p\u00fablicos.\u201d<\/em><\/p>\n<p style=\"text-align: justify;\">La ejecuci\u00f3n de la pol\u00edtica estatal en materia de vivienda y, particularmente, la necesidad actual de mejorar las condiciones a su acceso, convierten a <strong>SEPES<\/strong> Entidad P\u00fablica Empresarial de Suelo, en un elemento esencial para abordar una compleja situaci\u00f3n a corto, medio y largo plazo, configur\u00e1ndose como un instrumento clave para conseguir <strong>movilizar, incrementar y proteger los parques p\u00fablicos de vivienda, <\/strong>basando su actividad en la experiencia de colaboraci\u00f3n administrativa con entidades locales y comunidades aut\u00f3nomas.<\/p>\n<p style=\"text-align: justify;\">Entre algunas de las <strong>actuaciones<\/strong> que impulsan actualmente a este organismo se encuentran:<\/p>\n<p style=\"text-align: justify;\">&#8211; El \u00ab<strong><a href=\"https:\/\/www.mivau.gob.es\/vivienda\/plan-estatal-de-vivienda\/plan-vivienda-alquiler-asequible\">Plan de Viviendas para el Alquiler Asequible<\/a>\u00bb (PVAA)<\/strong>,<\/p>\n<p style=\"text-align: justify;\">&#8211; <strong>La transmisi\u00f3n a SEPES de inmuebles<\/strong> susceptibles de ser destinados a las pol\u00edticas de vivienda asequible de titularidad de la Sociedad de Gesti\u00f3n de Activos procedentes de la Reestructuraci\u00f3n Bancaria, SA (<strong>SAREB<\/strong>); del Ministerio de <strong>Defensa<\/strong>; inmuebles del <strong>Estado<\/strong> que determine la Direcci\u00f3n General de Patrimonio del Estado; activos inmobiliarios pertenecientes a la Sociedad de Infraestructuras y Equipamientos <strong>Penitenciarios<\/strong> y de la Seguridad del Estado S.M.E., SA (SIEPSE); reasignaci\u00f3n de activos inmobiliarios de la Sociedad Mercantil Estatal de Gesti\u00f3n Inmobiliaria de Patrimonio, M.P., SA (<strong>SEGIPSA<\/strong>).<\/p>\n<p style=\"text-align: justify;\">El <strong>SEPES<\/strong> se configura as\u00ed como <strong>un \u00fanico instrumento de la Administraci\u00f3n General del Estado encargado del desarrollo residencial, la promoci\u00f3n de vivienda y la gesti\u00f3n de alojamientos en condiciones asequibles<\/strong>.<\/p>\n<p style=\"text-align: justify;\">Ahora se procede a darle a una <strong>nueva denominaci\u00f3n institucional<\/strong>, con el objetivo de visibilizar y reforzar la reorientaci\u00f3n de la actividad para el impulso y la consecuci\u00f3n de vivienda asequible, mediante la nueva denominaci\u00f3n <strong>CASA\u00a047 Entidad P\u00fablica Empresarial<\/strong>. El n\u00famero\u00a047, que forma parte de la denominaci\u00f3n, visibiliza el derecho constitucionalmente reconocido a la vivienda digna y adecuada, establecido en el propio <strong><a href=\"https:\/\/www.notariosyregistradores.com\/web\/normas\/constitucion-espanola\/#a47\">art\u00edculo\u00a047 de la Constituci\u00f3n Espa\u00f1ola<\/a><\/strong>.<\/p>\n<p style=\"text-align: justify;\"><strong>Naturaleza jur\u00eddica. <\/strong>CASA\u00a047 Entidad P\u00fablica Empresarial, se configura como una <strong>entidad p\u00fablica empresarial <\/strong>de las previstas en los <a href=\"https:\/\/www.boe.es\/buscar\/act.php?id=BOE-A-2015-10566#a84\">art\u00edculos\u00a084.1.a).2.\u00ba<\/a> y\u00a0<a href=\"https:\/\/www.boe.es\/buscar\/act.php?id=BOE-A-2015-10566#a103\">103 y siguientes<\/a> de Ley\u00a0del Sector P\u00fablico, adscrita al Ministerio de Vivienda y Agenda Urbana, a trav\u00e9s de la Secretar\u00eda de Estado de Vivienda y Agenda Urbana a quien, como \u00f3rgano de adscripci\u00f3n, corresponde la direcci\u00f3n estrat\u00e9gica, la evaluaci\u00f3n de los resultados de su actividad y el control de eficacia.<\/p>\n<p style=\"text-align: justify;\">Goza de <strong>personalidad jur\u00eddica p\u00fablica<\/strong> diferenciada de la del Estado, plena capacidad jur\u00eddica y de obrar para el cumplimiento de sus fines, patrimonio y tesorer\u00eda propios, as\u00ed como autonom\u00eda de gesti\u00f3n, <strong>rigi\u00e9ndose por<\/strong> la Ley del Sector P\u00fablico, la Ley de Procedimiento Administrativo Com\u00fan, la Ley\u00a0de Contratos del Sector P\u00fablico, la Ley\u00a0del Patrimonio de las Administraciones P\u00fablicas, la Ley\u00a0General Presupuestaria, y por el presente Estatuto.<\/p>\n<p style=\"text-align: justify;\">Los <strong>\u00f3rganos de gobierno<\/strong> y direcci\u00f3n de la Entidad son:<\/p>\n<p style=\"text-align: justify;\">a)\u2003El Consejo Rector.<\/p>\n<p style=\"text-align: justify;\">b)\u2003La Presidencia, que tendr\u00e1 la representaci\u00f3n permanente de la Entidad y de su Consejo Rector ante toda clase de personas y entidades.<\/p>\n<p style=\"text-align: justify;\">Como curiosidad, citamos las <strong>denominaciones previas<\/strong> a lo largo de 65 a\u00f1os:<\/p>\n<ul style=\"text-align: justify;\">\n<li>Gerencia de Urbanizaci\u00f3n<\/li>\n<li>Instituto Nacional de Urbanizaci\u00f3n (INUR)<\/li>\n<li>Sociedad Estatal de Promoci\u00f3n y Equipamiento del Suelo<\/li>\n<li>y SEPES Entidad P\u00fablica Empresarial de Suelo.<\/li>\n<\/ul>\n<p style=\"text-align: justify;\"><strong>Otras modificaciones<\/strong> en los Estatutos:<\/p>\n<ul style=\"text-align: justify;\">\n<li>se s<strong>implifican los \u00f3rganos m\u00e1ximos de gobierno, <\/strong><\/li>\n<li>se adapta la <strong>estructura organizativa<\/strong>,<\/li>\n<li>se actualiza la cuant\u00eda de los compromisos econ\u00f3micos en que puedan consistir los <strong>actos de disposici\u00f3n<\/strong> cuando se ejerzan facultades delegadas por el Consejo de Administraci\u00f3n (desde 850.000 a 1.000.000 de euros)<\/li>\n<li>y se clarifica el contenido de los <strong>convenios urban\u00edsticos<\/strong> o necesarios para la ejecuci\u00f3n de actuaciones urban\u00edsticas, en lo que se refiere a su plazo de vigencia.<\/li>\n<\/ul>\n<p style=\"text-align: justify;\">Entr\u00f3 en vigor el 11 de diciembre de 2025.<\/p>\n<div class=\"enlacesDoc\">\n<ul>\n<li class=\"puntoPDF\"><a title=\"PDF firmado BOE-A-2025-25270\" href=\"https:\/\/www.boe.es\/boe\/dias\/2025\/12\/11\/pdfs\/BOE-A-2025-25270.pdf\">PDF (BOE-A-2025-25270 &#8211; 9\u00a0<abbr title=\"p\u00e1ginas\">p\u00e1gs.<\/abbr>\u00a0&#8211; 241\u00a0<abbr title=\"kilobytes\">KB<\/abbr>)<\/a> <a title=\"Versi\u00f3n HTML BOE-A-2025-25270\" href=\"https:\/\/www.boe.es\/diario_boe\/txt.php?id=BOE-A-2025-25270\">Otros formatos<\/a><\/li>\n<\/ul>\n<a class=\"mwm-aal-item\" name=\"irpf-estimacion-objetiva-iva-regimen-simplificado\"><\/a><h6 style=\"text-align: justify;\"><span style=\"font-size: 12pt;\">IRPF: estimaci\u00f3n objetiva. IVA: r\u00e9gimen simplificado.<\/span><\/h6>\n<p style=\"text-align: justify;\">Orden HAC\/1425\/2025, de 9 de diciembre, por la que se desarrollan para el a\u00f1o 2026 el m\u00e9todo de estimaci\u00f3n objetiva del Impuesto sobre la Renta de las Personas F\u00edsicas y el r\u00e9gimen especial simplificado del Impuesto sobre el Valor A\u00f1adido.<\/p>\n<p style=\"text-align: justify;\"><span style=\"color: #0000ff;\"><strong>Resumen:\u00a0<\/strong>Esta orden desarrolla para el a\u00f1o 2026 el m\u00e9todo de estimaci\u00f3n objetiva del IRPF y el r\u00e9gimen especial simplificado del IVA para las actividades que se enumeran.<\/span><\/p>\n<p style=\"text-align: justify;\">El\u00a0<a href=\"https:\/\/www.boe.es\/buscar\/act.php?id=BOE-A-2007-6820#a32\"><strong>art\u00edculo\u00a032 RIRPF<\/strong><\/a>\u00a0y el\u00a0<a href=\"https:\/\/www.boe.es\/buscar\/act.php?id=BOE-A-1992-28925#a37\"><strong>art\u00edculo\u00a037 RIVA<\/strong><\/a>\u00a0establecen que el m\u00e9todo de estimaci\u00f3n objetiva del IRPF y el r\u00e9gimen especial simplificado del IVA se aplicar\u00e1n a las actividades que determine el Ministro de Hacienda. La presente orden tiene por objeto dar cumplimiento para el ejercicio\u00a02026 a los mandatos contenidos en los mencionados preceptos reglamentarios.<\/p>\n<p style=\"text-align: justify;\">Se mantiene la\u00a0<strong>misma estructura<\/strong>\u00a0que ten\u00eda la <a href=\"https:\/\/www.notariosyregistradores.com\/web\/normas\/informes-mensuales\/informe-362-boe-noviembre-2024\/#irpf-e-iva-estimacion-objetiva-y-regimen-simplificado-para-2025\">Orden HAC\/1347\/2024, de\u00a028 de noviembre<\/a>, para el a\u00f1o\u00a02025, la\u00a0<a href=\"https:\/\/www.notariosyregistradores.com\/web\/normas\/informes-mensuales\/informe-351-boe-diciembre-2023\/#irpf-e-iva-estimacion-objetiva-y-regimen-simplificado\">Orden HFP\/1359\/2023, de\u00a019 de diciembre<\/a>, para el a\u00f1o\u00a02024 y la\u00a0<a href=\"https:\/\/www.notariosyregistradores.com\/web\/normas\/informes-mensuales\/informe-339-boe-diciembre-2022\/#irpf-estimacion-objetiva-e-iva-regimen-simplificado\">Orden HFP\/1172\/2022, de 29 de noviembre<\/a>, para el a\u00f1o 2023.<\/p>\n<p style=\"text-align: justify;\">En relaci\u00f3n con el\u00a0<strong>IRPF<\/strong>, se mantienen para el ejercicio 2026 la cuant\u00eda de los signos, \u00edndices o m\u00f3dulos, as\u00ed como las instrucciones de aplicaci\u00f3n. Asimismo, se dispone una\u00a0<strong>reducci\u00f3n del 5 por ciento<\/strong>\u00a0sobre el\u00a0<strong>rendimiento neto de m\u00f3dulos<\/strong>.<\/p>\n<p style=\"text-align: justify;\">Por lo que se refiere al\u00a0<strong>IVA<\/strong>, la presente orden tambi\u00e9n mantiene, para 2026, los m\u00f3dulos, as\u00ed como las instrucciones para su aplicaci\u00f3n, ya vigentes en el r\u00e9gimen especial simplificado en el a\u00f1o inmediato anterior.<\/p>\n<p style=\"text-align: justify;\"><strong>El\u00a0<a href=\"https:\/\/www.boe.es\/buscar\/act.php?id=BOE-A-2025-25272#a1\">art\u00edculo 1<\/a><\/strong>determina las\u00a0<strong>actividades incluidas<\/strong>\u00a0en el m\u00e9todo de estimaci\u00f3n objetiva y en el r\u00e9gimen especial simplificado (IRPF e IVA).<\/p>\n<p style=\"text-align: justify;\"><strong>El\u00a0art\u00edculo 2\u00a0<\/strong>concreta las actividades adicionales incluidas en el\u00a0<strong>m\u00e9todo de estimaci\u00f3n objetiva<\/strong>\u00a0(s\u00f3lo IRPF).<\/p>\n<p style=\"text-align: justify;\">El art\u00edculo 3 regula las\u00a0<strong>magnitudes excluyentes<\/strong>\u00a0de su aplicaci\u00f3n.<\/p>\n<p style=\"text-align: justify;\">El art\u00edculo 4 aprueba los\u00a0<strong>signos, \u00edndices o m\u00f3dulos<\/strong>, que se desarrollan en los\u00a0<a href=\"https:\/\/www.boe.es\/buscar\/act.php?id=BOE-A-2025-25272#ai\">anexos I, II y III<\/a>.<\/p>\n<p style=\"text-align: justify;\">Seg\u00fan el art. 5, los\u00a0<strong>contribuyentes del IRPF<\/strong>\u00a0que desarrollen actividades a las que sea de aplicaci\u00f3n el m\u00e9todo de estimaci\u00f3n objetiva y deseen\u00a0<strong>renunciar<\/strong>\u00a0o revocar su renuncia para el a\u00f1o\u00a02026, podr\u00e1n hacerlo\u00a0<strong>hasta el\u00a031 de diciembre del a\u00f1o\u00a02025<\/strong>. Tambi\u00e9n se entender\u00e1 hecha la renuncia cuando se presente en el plazo reglamentario la declaraci\u00f3n correspondiente al pago fraccionado del primer trimestre del a\u00f1o natural en que deba surtir efectos en la forma dispuesta para el m\u00e9todo de estimaci\u00f3n directa. En caso de\u00a0<strong>inicio de la actividad<\/strong>, tambi\u00e9n se entender\u00e1 efectuada la renuncia cuando se efect\u00fae en el plazo reglamentario el pago fraccionado correspondiente al primer trimestre de ejercicio de la actividad en la forma dispuesta para el m\u00e9todo de estimaci\u00f3n directa.<\/p>\n<p style=\"text-align: justify;\">En los mismos t\u00e9rminos se pronuncia el art\u00edculo 6 para la\u00a0<strong>renuncia<\/strong>\u00a0por los\u00a0<strong>sujetos pasivos del IVA\u00a0<\/strong>al r\u00e9gimen especial simplificado.<\/p>\n<p style=\"text-align: justify;\">La\u00a0<a href=\"https:\/\/www.boe.es\/buscar\/act.php?id=BOE-A-2025-25272#da\">disposici\u00f3n adicional primera<\/a>\u00a0regula la\u00a0<strong>reducci\u00f3n en 2026 del rendimiento neto<\/strong>\u00a0calculado por el\u00a0<strong>m\u00e9todo de estimaci\u00f3n objetiva<\/strong>.<\/p>\n<p style=\"text-align: justify;\">La orden concluye con <strong>tres extensos\u00a0<a href=\"https:\/\/www.boe.es\/buscar\/act.php?id=BOE-A-2025-25272#ai\">anexos<\/a><\/strong>, estando los dos primeros dedicados a diversas actividades y el <a href=\"https:\/\/www.boe.es\/buscar\/act.php?id=BOE-A-2025-25272#ai-3\">tercero<\/a> a Normas comunes a todas las actividades<\/p>\n<p style=\"text-align: justify;\">Esta orden\u00a0<strong>entr\u00f3 en vigor<\/strong>\u00a0el 12 de diciembre de 2025, con efectos para el a\u00f1o\u00a02026.<\/p>\n<div class=\"enlacesDoc\">\n<ul>\n<li class=\"puntoPDF\"><a title=\"PDF firmado BOE-A-2025-25272\" href=\"https:\/\/www.boe.es\/boe\/dias\/2025\/12\/11\/pdfs\/BOE-A-2025-25272.pdf\">PDF (BOE-A-2025-25272 &#8211; 83\u00a0<abbr title=\"p\u00e1ginas\">p\u00e1gs.<\/abbr>\u00a0&#8211; 1.500\u00a0<abbr title=\"kilobytes\">KB<\/abbr>)<\/a> <a title=\"Versi\u00f3n HTML BOE-A-2025-25272\" href=\"https:\/\/www.boe.es\/diario_boe\/txt.php?id=BOE-A-2025-25272\">Otros formatos<\/a><\/li>\n<\/ul>\n<a class=\"mwm-aal-item\" name=\"modelos-fiscales-195-199-182-193-184-282-345-y-289\"><\/a><h6><span style=\"font-size: 12pt;\">Modelos fiscales\u00a0<\/span><span style=\"font-size: 12pt;\">195, 199, 182, 193, 184, 282, 345 y 289<\/span><\/h6>\n<p style=\"text-align: justify;\">Orden HAC\/1430\/2025, de 3 de diciembre, por la que se modifica la Orden de 21 de diciembre de 2001, por la que se aprueban los modelos 195 y 199; la Orden EHA\/3021\/2007, de 11 de octubre, por la que se aprueba el modelo 182; la Orden EHA\/3377\/2011, de 1 de diciembre, por la que se aprueba el modelo 193; la Orden HAP\/2250\/2015, de 23 de octubre, por la que se aprueba el modelo 184; la Orden HAP\/296\/2016, de 2 de marzo, por la que se aprueba el modelo 282; la Orden HFP\/823\/2022, de 24 de agosto, por la que se aprueba el modelo 345 y se actualiza el contenido de los anexos I y II de la Orden HAP\/1695\/2016, de 25 de octubre, por la que se aprueba el modelo 289.<\/p>\n<p style=\"text-align: justify;\"><span style=\"color: #0000ff;\"><strong>Resumen: <\/strong>Se actualizan los modelos de suministro de informaci\u00f3n a la Agencia Tributaria: modelo 195 (cuentas sin NIF), modelo 199 (operaciones con cheques), modelo 182 de donaciones), modelo 193 (retenciones de capital mobiliario en IRPF, Sociedades y No Residentes), modelo 184 (entidades en r\u00e9gimen de atribuci\u00f3n de rentas), modelo 282 (R\u00e9gimen Econ\u00f3mico y Fiscal de Canarias), modelo 289 (cuentas financieras en el \u00e1mbito de la asistencia mutua) y modelo 345 (Planes, fondos de pensiones\u2026).<\/span><\/p>\n<p style=\"text-align: justify;\">Con car\u00e1cter general, en cada ejercicio fiscal se introducen los cambios t\u00e9cnicos y normativos necesarios para adaptar y mejoras la informaci\u00f3n exigida, lo que se intenta integrar en una sola norma que modifica, a su vez, diversas \u00f3rdenes ministeriales previas.<\/p>\n<p style=\"text-align: justify;\">Estos son los modelos afectados:<\/p>\n<p style=\"text-align: justify;\"><strong>Modelo\u00a0195<\/strong> de declaraci\u00f3n trimestral en euros de <strong>cuentas<\/strong> u operaciones cuyos titulares no hayan facilitado el <strong>n\u00famero de identificaci\u00f3n fiscal<\/strong> a las entidades de cr\u00e9dito en el plazo establecido,<\/p>\n<p style=\"text-align: justify;\"><strong>Modelo\u00a0199<\/strong> de declaraci\u00f3n anual en euros de identificaci\u00f3n de las operaciones con <strong>cheques<\/strong> de las entidades de cr\u00e9dito.<\/p>\n<p style=\"text-align: justify;\"><strong>Modelo\u00a0182<\/strong> de declaraci\u00f3n informativa de donativos, donaciones y aportaciones recibidas y disposiciones realizadas.<\/p>\n<p style=\"text-align: justify;\"><strong>Modelo\u00a0193<\/strong> de resumen anual de <strong>retenciones e ingresos a cuenta<\/strong> sobre determinados rendimientos del <strong>capital mobiliario<\/strong> del Impuesto sobre la Renta de las Personas F\u00edsicas y sobre determinadas <strong>rentas<\/strong> del Impuesto sobre Sociedades y del Impuesto sobre la Renta de no Residentes, correspondiente a establecimientos permanentes,<\/p>\n<p style=\"text-align: justify;\"><strong>Modelo\u00a0184<\/strong> de declaraci\u00f3n informativa anual a presentar por las <strong>entidades en r\u00e9gimen de atribuci\u00f3n de rentas<\/strong>.<\/p>\n<p style=\"text-align: justify;\"><strong>Modelo\u00a0282<\/strong>, \u00abDeclaraci\u00f3n informativa anual de ayudas recibidas en el marco del R\u00e9gimen Econ\u00f3mico y Fiscal de <strong>Canarias<\/strong> y otras ayudas de estado, derivadas de la aplicaci\u00f3n del Derecho de la Uni\u00f3n Europea\u00bb y se establecen las condiciones y el procedimiento para su presentaci\u00f3n, para incluir las inversiones en que puede materializarse la Reserva para Inversiones en Canarias reguladas en la disposici\u00f3n adicional decimoquinta de la ley\u00a019\/1994, de\u00a06 de julio, de modificaci\u00f3n del R\u00e9gimen Econ\u00f3mico y Fiscal de Canarias.<\/p>\n<p style=\"text-align: justify;\"><strong>Modelo\u00a0289<\/strong>, de declaraci\u00f3n informativa anual de cuentas financieras en el \u00e1mbito de la <strong>asistencia mutua.<\/strong><\/p>\n<p style=\"text-align: justify;\">Y el <strong>modelo\u00a0345<\/strong> de \u00abDeclaraci\u00f3n Informativa. Planes, fondos de pensiones y sistemas alternativos. Mutualidades de Previsi\u00f3n Social, Planes de Previsi\u00f3n Asegurados, Planes individuales de Ahorro Sistem\u00e1tico, Planes de Previsi\u00f3n Social Empresarial y Seguros de Dependencia. Declaraci\u00f3n anual part\u00edcipes, aportaciones y contribuciones\u00bb\u00a0y se establecen las condiciones y el procedimiento para su presentaci\u00f3n.<\/p>\n<p style=\"text-align: justify;\">La presente orden <strong>entr\u00f3 en vigor<\/strong> el 13 de diciembre de 2025 y ser\u00e1 aplicable, por primera vez, a las declaraciones informativas correspondientes al ejercicio 2025 para los modelos 199, 182, 193, 184, 282, 289 y 345, y correspondientes al ejercicio 2026 para el modelo 195, que se deban presentar a partir del 1 de enero de 2026.<\/p>\n<div class=\"enlacesDoc\">\n<ul style=\"text-align: justify;\">\n<li class=\"puntoPDF\"><a title=\"PDF firmado BOE-A-2025-25389\" href=\"https:\/\/www.boe.es\/boe\/dias\/2025\/12\/12\/pdfs\/BOE-A-2025-25389.pdf\">PDF (BOE-A-2025-25389 &#8211; 20\u00a0<abbr title=\"p\u00e1ginas\">p\u00e1gs.<\/abbr>\u00a0&#8211; 647\u00a0<abbr title=\"kilobytes\">KB<\/abbr>)<\/a> <a title=\"Versi\u00f3n HTML BOE-A-2025-25389\" href=\"https:\/\/www.boe.es\/diario_boe\/txt.php?id=BOE-A-2025-25389\">Otros formatos<\/a><\/li>\n<\/ul>\n<a class=\"mwm-aal-item\" name=\"modelos-fiscales-347-190-y-270\"><\/a><h6 style=\"text-align: justify;\"><span style=\"font-size: 12pt;\">Modelos fiscales 347, 190 y 270<\/span><\/h6>\n<p style=\"text-align: justify;\">Orden HAC\/1431\/2025, de 3 de diciembre, por la que se modifican la Orden EHA\/3012\/2008, de 20 de octubre, por la que se aprueba el modelo 347 de Declaraci\u00f3n anual de operaciones con terceras personas, as\u00ed como los dise\u00f1os f\u00edsicos y l\u00f3gicos y el lugar, forma y plazo de presentaci\u00f3n; la Orden EHA\/3127\/2009, de 10 de noviembre, por la que se aprueba el modelo 190 para la Declaraci\u00f3n del resumen anual de retenciones e ingresos a cuenta del Impuesto sobre la Renta de las Personas F\u00edsicas sobre rendimientos del trabajo y de actividades econ\u00f3micas, premios y determinadas ganancias patrimoniales e imputaciones de renta; y la Orden HAP\/2368\/2013, de 13 de diciembre, por la que se aprueba el modelo 270, \u00abResumen anual de retenciones e ingresos a cuenta. Gravamen especial sobre los premios de determinadas loter\u00edas y apuestas\u00bb y se determinan el lugar, forma, plazo y el procedimiento para su presentaci\u00f3n.<\/p>\n<p style=\"text-align: justify;\"><span style=\"color: #0000ff;\"><strong>Resumen: <\/strong>Se modifican tres modelos: el modelo\u00a0347 de Declaraci\u00f3n anual de operaciones con terceras personas, el modelo\u00a0190 para la declaraci\u00f3n del resumen anual de retenciones e ingresos a cuenta del IRPF sobre rendimientos del trabajo y de actividades econ\u00f3micas, premios y determinadas ganancias patrimoniales e imputaciones de renta, y el modelo 270, sobre resumen anual de retenciones e ingresos a cuenta (loter\u00edas y apuestas).<\/span><\/p>\n<p style=\"text-align: justify;\"><strong>Modelo 347:<\/strong> en \u00e9l se realiza la Declaraci\u00f3n anual de operaciones con terceras personas. Se incluye un nuevo campo en materia de <strong>subvenciones<\/strong>.<\/p>\n<p style=\"text-align: justify;\"><strong>Modelo 190.<\/strong> Es para la declaraci\u00f3n del resumen anual de retenciones e ingresos a cuenta del Impuesto sobre la Renta de las Personas F\u00edsicas sobre <strong>rendimientos del trabajo<\/strong> y de <strong>actividades econ\u00f3micas<\/strong>, <strong>premios<\/strong> y <strong>determinadas ganancias patrimoniales<\/strong> e imputaciones de renta.<\/p>\n<p style=\"text-align: justify;\">&#8211; Se ampl\u00eda la informaci\u00f3n acerca de <strong>pensiones y haberes pasivos<\/strong> de los reg\u00edmenes de la Seguridad Social y Clases Pasivas del Estado, con el fin de identificar y distinguir el tipo de prestaci\u00f3n que abona en estos casos la Seguridad Social o Clases Pasivas. Tambi\u00e9n se distinguir\u00e1n aquellos casos en que se abonan prestaciones a los beneficiarios de mutualidades generales obligatorias de funcionarios, colegios de hu\u00e9rfanos y entidades similares, y cuando se abonan prestaciones derivadas de Planes de Pensiones y otros Sistemas de Previsi\u00f3n Social.<\/p>\n<p style=\"text-align: justify;\">&#8211; En cuanto a los <strong>premios<\/strong>, se va a distinguir entre premios otorgados en juegos, concursos, rifas, etc., sin fines publicitarios; y premios organizados con <strong>fines publicitarios<\/strong>,<\/p>\n<p style=\"text-align: justify;\">&#8211; Tambi\u00e9n se crea un nuevo campo para identificar a los trabajadores beneficiarios del r\u00e9gimen fiscal de la <a href=\"https:\/\/www.notariosyregistradores.com\/web\/secciones\/oficina-notarial\/otros-temas\/resumen-de-la-ley-de-empresas-emergentes\/\">Ley 28\/2022, de\u00a021 de diciembre<\/a>, de fomento del ecosistema de las <strong>empresas emergentes<\/strong>.<\/p>\n<p style=\"text-align: justify;\"><strong>Modelo 270<\/strong>: Resumen anual de retenciones e ingresos a cuenta. Gravamen especial sobre los premios de determinadas loter\u00edas y apuestas. Se actualiza la denominaci\u00f3n de alguna de las provincias.<\/p>\n<p style=\"text-align: justify;\">La presente orden entr\u00f3 en vigor el 13 de diciembre de 2025 y ser\u00e1 aplicable por primera vez para la presentaci\u00f3n de los modelos\u00a0347, 190 y\u00a0270 correspondientes al ejercicio\u00a02025 y siguientes.<\/p>\n<div class=\"enlacesDoc\">\n<ul>\n<li class=\"puntoPDF\"><a title=\"PDF firmado BOE-A-2025-25390\" href=\"https:\/\/www.boe.es\/boe\/dias\/2025\/12\/12\/pdfs\/BOE-A-2025-25390.pdf\">PDF (BOE-A-2025-25390 &#8211; 8\u00a0<abbr title=\"p\u00e1ginas\">p\u00e1gs.<\/abbr>\u00a0&#8211; 241\u00a0<abbr title=\"kilobytes\">KB<\/abbr>)<\/a> <a title=\"Versi\u00f3n HTML BOE-A-2025-25390\" href=\"https:\/\/www.boe.es\/diario_boe\/txt.php?id=BOE-A-2025-25390\">Otros formatos<\/a><\/li>\n<\/ul>\n<a class=\"mwm-aal-item\" name=\"impagos-de-alquiler\"><\/a><h6 style=\"text-align: justify;\"><span style=\"font-size: 12pt;\">Impagos de alquiler<\/span><\/h6>\n<p style=\"text-align: justify;\">Real Decreto 1135\/2025, de 10 de diciembre, por el que se determinan las condiciones de la l\u00ednea de ayudas, por cuenta del Estado, para la cobertura en caso de impagos del alquiler de viviendas para j\u00f3venes y colectivos vulnerables.<\/p>\n<p style=\"text-align: justify;\"><span style=\"color: #0000ff;\"><strong>Resumen:<\/strong> Este RD regula la l\u00ednea de avales para cubrir los posibles impagos derivados de los contratos de arrendamiento de vivienda habitual y permanente para j\u00f3venes y familias vulnerables y establece las condiciones b\u00e1sicas que deber\u00e1n cumplirse. Afecta a contratos vigentes a 30 de enero de 2025 y posteriores, inicialmente hasta 2028, siendo gestionado los las comunidades aut\u00f3nomas.<\/span><\/p>\n<p style=\"text-align: justify;\">El <a href=\"https:\/\/www.boe.es\/buscar\/act.php?id=BOE-A-2025-1560#a7-8\">art\u00edculo 76<\/a> <strong>RDley\u00a01\/2025, de\u00a028 de enero<\/strong>, aprueba <strong>una l\u00ednea de avales por cuenta del Estado para la cobertura en caso de impago en el alquiler de vivienda<\/strong> para facilitar el acceso a la vivienda en alquiler por parte de las <strong>personas j\u00f3venes y familias vulnerables<\/strong>.<\/p>\n<p style=\"text-align: justify;\">Este precepto es ahora objeto de <strong>desarrollo reglamentario<\/strong>, que viene con retraso, pues ten\u00eda que haberse publicado en los 6 meses siguientes.<\/p>\n<p style=\"text-align: justify;\"><strong>Objeto. <\/strong>El objeto de este real decreto es regular, para su gesti\u00f3n a trav\u00e9s de las comunidades aut\u00f3nomas y ciudades de Ceuta y Melilla, la l\u00ednea de avales a que se refiere el <a href=\"https:\/\/www.boe.es\/buscar\/act.php?id=BOE-A-2025-1560#a7-8\">art\u00edculo\u00a076.1<\/a> del Real Decreto-ley\u00a01\/2025, de\u00a028 de enero: destinados a cubrir los posibles impagos derivados de los contratos de arrendamiento de vivienda habitual y permanente para j\u00f3venes y familias vulnerables<\/p>\n<p style=\"text-align: justify;\"><strong>Forma.<\/strong> La cobertura podr\u00e1 implementarse en forma de aval p\u00fablico, aseguramiento, subvenci\u00f3n o cualquier otro mecanismo regulado y desarrollado por la administraci\u00f3n auton\u00f3mica o ciudad correspondiente.<\/p>\n<p style=\"text-align: justify;\"><strong>Gesti\u00f3n, tramitaci\u00f3n y resoluci\u00f3n de concesi\u00f3n de la cobertura. <\/strong>Corresponde a los \u00f3rganos competentes de las comunidades aut\u00f3nomas, Ceuta y Melilla el reconocimiento del derecho de la persona beneficiaria a obtener la cobertura seg\u00fan las condiciones y l\u00edmites establecidos en este RD, as\u00ed como su gesti\u00f3n, tramitaci\u00f3n y resoluci\u00f3n.<\/p>\n<p style=\"text-align: justify;\"><strong>Financiaci\u00f3n de la cobertura. <\/strong>Se realizar\u00e1 con la <strong>dotaci\u00f3n<\/strong> que se consigne al Ministerio de Vivienda y Agenda Urbana en los Presupuestos Generales del Estado para el a\u00f1o <strong>2026,\u00a02027 y 2028<\/strong>. El Consejo de Ministros, en el plazo m\u00e1ximo de un mes, adoptar\u00e1 un acuerdo por el que se determine el importe m\u00e1ximo para atender a esta cobertura en los a\u00f1os 2026,\u00a02027 y 2028.<\/p>\n<p style=\"text-align: justify;\"><strong>Beneficiarios:<\/strong><\/p>\n<p style=\"text-align: justify;\">a)\u2003Los <strong>arrendadores<\/strong> de las viviendas, respecto las rentas y los suministros impagados, los da\u00f1os sufridos en ellas y el importe de las primas pagadas en los seguros concertados en su garant\u00eda.<\/p>\n<p style=\"text-align: justify;\">b)\u2003Las <strong>comunidades aut\u00f3nomas<\/strong> y las ciudades de Ceuta y Melilla respecto de las primas abonadas en el caso de los <strong>seguros de impago<\/strong> que suscriban, como tomadoras, con las entidades aseguradoras de los riesgos anteriormente se\u00f1alados y en las que las arrendadoras ser\u00e1n las aseguradas.<\/p>\n<p style=\"text-align: justify;\"><strong>Caracter\u00edsticas de la cobertura.<\/strong><\/p>\n<p style=\"text-align: justify;\">La cobertura consistir\u00e1 en garantizar a las <strong>personas f\u00edsicas o jur\u00eddicas arrendadoras<\/strong> de viviendas, el cobro de las <strong>rentas<\/strong> impagadas, los <strong>da\u00f1os<\/strong> causados en la vivienda por culpa de la parte arrendataria, los <strong>suministros<\/strong> debidos que hayan sido asumidos por la arrendadora o no abonados y las <strong>primas de los seguros<\/strong> concertados por la arrendadora.<\/p>\n<p style=\"text-align: justify;\">La cobertura alcanzar\u00e1 a los impagos de renta, costes de suministros impagados y da\u00f1os causados siempre y cuando el <strong>contrato<\/strong> de arrendamiento estuviera <strong>vigente el d\u00eda 30 de enero de 2025<\/strong> <strong>o se suscribiera con posterioridad<\/strong>, hasta la fecha de solicitud de la cobertura o, en su caso, hasta que la propiedad recupere la posesi\u00f3n de la vivienda.<\/p>\n<p style=\"text-align: justify;\"><strong>Requisitos, l\u00edmites y gesti\u00f3n de la cobertura. <\/strong>Se determinar\u00e1n por las comunidades aut\u00f3nomas, en desarrollo de lo establecido en el <a href=\"https:\/\/www.boe.es\/buscar\/act.php?id=BOE-A-2025-1560#a7-8\">art\u00edculo\u00a076<\/a> del Real Decreto-ley\u00a01\/2025, de\u00a028 de enero..<\/p>\n<p style=\"text-align: justify;\"><strong>\u00c1mbito territorial de aplicaci\u00f3n. <\/strong>La cobertura regulada en este RD ser\u00e1 aplicable en todo el <strong>territorio nacional<\/strong>, <strong>excepto<\/strong> en el Pa\u00eds Vasco y en la Comunidad Foral de Navarra.<\/p>\n<p style=\"text-align: justify;\">El presente real decreto <strong>entr\u00f3 en vigor<\/strong> el 14 de diciembre de 2025.<\/p>\n<div class=\"enlacesDoc\">\n<ul>\n<li class=\"puntoPDF\" style=\"text-align: justify;\"><a title=\"PDF firmado BOE-A-2025-25520\" href=\"https:\/\/www.boe.es\/boe\/dias\/2025\/12\/13\/pdfs\/BOE-A-2025-25520.pdf\">PDF (BOE-A-2025-25520 &#8211; 5\u00a0<abbr title=\"p\u00e1ginas\">p\u00e1gs.<\/abbr>\u00a0&#8211; 214\u00a0<abbr title=\"kilobytes\">KB<\/abbr>)<\/a> <a title=\"Versi\u00f3n HTML BOE-A-2025-25520\" href=\"https:\/\/www.boe.es\/diario_boe\/txt.php?id=BOE-A-2025-25520\">Otros formatos<\/a><\/li>\n<\/ul>\n<a class=\"mwm-aal-item\" name=\"fondo-de-carbono\"><\/a><h6><span style=\"font-size: 12pt;\">Fondo de carbono<\/span><\/h6>\n<p style=\"text-align: justify;\">Real Decreto 1151\/2025, de 17 de diciembre, por el que se regula el Fondo de Carbono para una Econom\u00eda Sostenible.<\/p>\n<p style=\"text-align: justify;\"><span style=\"color: #0000ff;\"><strong>Resumen: <\/strong>El presente RD regula el r\u00e9gimen jur\u00eddico del Fondo de Carbono para una Econom\u00eda Sostenible (FES-CO2), as\u00ed como sus objetivos financiables y su estructura organizativa, entre otros aspectos.<\/span><\/p>\n<p style=\"text-align: justify;\">La <strong>Ley\u00a02\/2011, de\u00a04 de marzo, de Econom\u00eda Sostenible<\/strong>, cre\u00f3 en su <a href=\"https:\/\/www.boe.es\/buscar\/act.php?id=BOE-A-2011-4117#a91\">art\u00edculo\u00a091<\/a> un <strong>fondo para la compra de cr\u00e9ditos de carbono<\/strong>. Se trata de un fondo carente de personalidad jur\u00eddica de car\u00e1cter p\u00fablico adscrito a la Secretar\u00eda de Estado de Medio Ambiente denominado actualmente Fondo de Carbono para una Econom\u00eda Sostenible\u00a0(FES-CO2) (FCPJ). El <strong>objeto inicial <\/strong>del FES-CO2 era generar actividad econ\u00f3mica baja en carbono y contribuir al cumplimiento de los objetivos de reducci\u00f3n de emisiones de gases de efecto invernadero asumidos por Espa\u00f1a.<\/p>\n<p style=\"text-align: justify;\">Fue desarrollado por el <strong>RD\u00a01494\/2011, de\u00a024 de octubre<\/strong>, que ahora <strong>se deroga<\/strong>, centrando su actividad en la adquisici\u00f3n de cr\u00e9ditos de carbono.<\/p>\n<p style=\"text-align: justify;\">Posteriormente, la <a href=\"https:\/\/www.boe.es\/buscar\/act.php?id=BOE-A-2020-17340#df-10\">D.F. 10\u00aa <\/a><strong>RDLey\u00a036\/2020, de\u00a030 de diciembre<\/strong>, modific\u00f3 los <a href=\"https:\/\/www.boe.es\/buscar\/act.php?id=BOE-A-2011-4117#a91\">apartados\u00a01 y\u00a02 del art\u00edculo\u00a091<\/a> de la Ley\u00a02\/2011, de\u00a04 de marzo, para <strong>ampliar el objeto y \u00e1mbito de actuaci\u00f3n del FES-CO2<\/strong>. Tras esta modificaci\u00f3n, se incluye en el objeto del FES-CO2 el <strong>fomento del desarrollo tecnol\u00f3gico<\/strong> para la descarbonizaci\u00f3n y la resiliencia del clima en sectores clave de la econom\u00eda y se ampl\u00eda el <strong>\u00e1mbito de actuaci\u00f3n<\/strong> del FES-CO2 para poder financiar nuevas actuaciones acordes con las obligaciones nacionales asumidas por Espa\u00f1a en materia de cambio clim\u00e1tico, desarrolladas en RD\u00a0<a href=\"https:\/\/www.boe.es\/diario_boe\/txt.php?id=BOE-A-2024-19278\">986\/2024, de\u00a024 de septiembre<\/a>, por el que se aprueba la actualizaci\u00f3n del <strong>Plan Nacional Integrado de Energ\u00eda y Clima\u00a02023-2030<\/strong> y en la <strong>Ley<\/strong>\u00a07\/2021, de\u00a020 de mayo, de <strong>Cambio Clim\u00e1tico<\/strong> y Transici\u00f3n Energ\u00e9tica (<a href=\"https:\/\/www.notariosyregistradores.com\/web\/normas\/destacadas\/cambio-climatico-resumen-ley-7-2021-20-mayo\/\">ver resumen<\/a>).<\/p>\n<p style=\"text-align: justify;\">En la <strong>esfera internacional<\/strong>, tanto el Acuerdo de Par\u00eds de\u00a02015 como la Agenda\u00a02030 para el Desarrollo Sostenible, han marcado el inicio de una agenda que conlleva la transformaci\u00f3n del modelo econ\u00f3mico y social para<strong> lograr la neutralidad clim\u00e1tica a mediados de siglo<\/strong> y la construcci\u00f3n de una mayor resiliencia a nivel global.<\/p>\n<p style=\"text-align: justify;\">A <strong>nivel europeo<\/strong>, el <strong>Pacto Verde Europeo<\/strong>, aprobado en diciembre de\u00a02019, ha establecido una nueva estrategia de crecimiento de la Uni\u00f3n Europea situando la sostenibilidad en el centro de las pol\u00edticas europeas con el objetivo de hacer de la Uni\u00f3n Europea el <strong>primer continente clim\u00e1ticamente neutro en el a\u00f1o\u00a02050<\/strong>. Dicho objetivo ha sido recogido en la <strong>Ley Europea del Clima<\/strong> conformada por el <a href=\"https:\/\/www.boe.es\/buscar\/doc.php?id=DOUE-L-2021-80937\"><strong>Reglamento<\/strong> (UE) 2021\/1119 del Parlamento Europeo y del Consejo, de\u00a030 de junio de\u00a02021<\/a>, por el que se establece el marco para lograr la neutralidad, que ha sido desarrollado posteriormente a trav\u00e9s de un conjunto de expedientes legislativos conocido como paquete de medidas <strong>\u00abObjetivo\u00a055\u00bb<\/strong>, que buscan reducir las emisiones netas de gases de efecto invernadero de la Uni\u00f3n Europea en al menos un\u00a055\u202f% para\u00a02030, con respecto a los valores de\u00a01990. En este contexto, destaca el <a href=\"https:\/\/www.boe.es\/buscar\/doc.php?id=DOUE-L-2024-81804\"><strong>Reglamento (UE) 2024\/3012 del Parlamento Europeo<\/strong><\/a> y del Consejo, de\u00a027 de noviembre de\u00a02024, que establece un marco com\u00fan europeo para la <strong>certificaci\u00f3n de absorciones de carbono <\/strong>y su seguimiento. Tambi\u00e9n destacan en el paquete normativo \u00abObjetivo\u00a055\u00bb incorpora numerosas medidas como el establecimiento de un <strong>precio al carbono<\/strong> o la ampliaci\u00f3n del <strong>R\u00e9gimen Europeo de Comercio de Derechos de Emisi\u00f3n<\/strong> a las emisiones procedentes del transporte mar\u00edtimo o la creaci\u00f3n de un nuevo r\u00e9gimen independiente de comercio de derechos de emisi\u00f3n para los <strong>edificios<\/strong>, el transporte por <strong>carretera<\/strong> y los <strong>combustibles<\/strong> para otros sectores.<\/p>\n<p style=\"text-align: justify;\">En <strong>Espa\u00f1a<\/strong>, el <strong>Marco Estrat\u00e9gico de Energ\u00eda y Clima<\/strong> sienta las bases de una hoja de ruta que descarbonizar\u00e1 nuestra econom\u00eda a mitad de siglo y la har\u00e1 m\u00e1s resiliente. Destacan el <strong>Plan Nacional Integrado de Energ\u00eda y Clima<\/strong> y, en particular, la <strong>Ley\u00a07\/2021, de\u00a020 de mayo, de Cambio Clim\u00e1tico y Transici\u00f3n Energ\u00e9tica<\/strong> (<a href=\"https:\/\/www.notariosyregistradores.com\/web\/normas\/destacadas\/cambio-climatico-resumen-ley-7-2021-20-mayo\/\">ver resumen<\/a>), que se constituye como el marco institucional que persigue asegurar el cumplimiento de los objetivos del Acuerdo de Par\u00eds y de la Uni\u00f3n Europea asumidos por Espa\u00f1a, con el <strong>objetivo de ser un pa\u00eds neutro en emisiones antes de\u00a02050.<\/strong><\/p>\n<p style=\"text-align: justify;\">En este contexto, el <strong>presente real decreto<\/strong> tiene por <strong>objeto<\/strong> la <strong>regulaci\u00f3n del r\u00e9gimen jur\u00eddico del \u00abFondo de Carbono para una Econom\u00eda Sostenible\u00bb <\/strong>(FES-CO2) (FCPJ) previsto en el\u00a0<a href=\"https:\/\/www.boe.es\/buscar\/act.php?id=BOE-A-2011-4117#a91\">art\u00edculo 91 de la Ley 2\/2011, de 4 de marzo<\/a>, de Econom\u00eda Sostenible adapt\u00e1ndola a las nuevas exigencias citadas que afectan tanto al objeto como al \u00e1mbito de actuaci\u00f3n del Fondo.<\/p>\n<p style=\"text-align: justify;\">Consta de <strong>cuatro cap\u00edtulos:<\/strong><\/p>\n<p style=\"text-align: justify;\">El <a href=\"https:\/\/www.boe.es\/buscar\/act.php?id=BOE-A-2025-26026#ci\"><strong>cap\u00edtulo I<\/strong><\/a> contiene las <strong>disposiciones generales<\/strong> referentes al <strong>objeto<\/strong> del FES-CO2, que acabamos de ver, a su <strong>naturaleza jur\u00eddica<\/strong> de fondo carente de personalidad jur\u00eddica y su <strong>adscripci\u00f3n<\/strong> al Ministerio para la Transici\u00f3n Ecol\u00f3gica y el Reto Demogr\u00e1fico a trav\u00e9s de la Secretar\u00eda de Estado de Medio Ambiente.<\/p>\n<p style=\"text-align: justify;\">Los <strong>objetivos<\/strong> perseguidos por el Fondo consisten en generar actividad econ\u00f3mica baja en carbono y resiliente al clima, contribuir al cumplimiento de los objetivos asumidos por Espa\u00f1a de reducci\u00f3n de emisiones de gases de efecto invernadero, y fomentar el desarrollo tecnol\u00f3gico para la descarbonizaci\u00f3n y la resiliencia al cambio clim\u00e1tico mediante actuaciones de \u00e1mbito nacional. Se le permite tambi\u00e9n la adquisici\u00f3n con car\u00e1cter subsidiario de cr\u00e9ditos de carbono internacionales.<\/p>\n<p style=\"text-align: justify;\">El <strong><a href=\"https:\/\/www.boe.es\/buscar\/act.php?id=BOE-A-2025-26026#ci-2\">cap\u00edtulo II<\/a><\/strong> describe las <strong>actuaciones financiables<\/strong> con cargo al FES-CO2 y las condiciones generales que estas deben cumplir:<\/p>\n<p style=\"text-align: justify;\">&#8211; las que persigan la <strong>adaptaci\u00f3n a los efectos del cambio clim\u00e1tico<\/strong> en \u00e1mbito nacional.<\/p>\n<p style=\"text-align: justify;\">&#8211; aquellas que tengan por objeto tanto <strong>la reducci\u00f3n de emisiones de gases<\/strong> de efecto invernadero como el aumento de <strong>sumideros<\/strong> de carbono en \u00e1mbito nacional, fij\u00e1ndose un <strong>precio por tonelada de CO2<\/strong> equivalente reducida o absorbida.<\/p>\n<p style=\"text-align: justify;\">&#8211; las actuaciones que conforman <strong>proyectos emblem\u00e1ticos<\/strong> de desarrollo tecnol\u00f3gico de \u00e1mbito nacional que tengan un potencial significativo para la descarbonizaci\u00f3n del sector de <strong>generaci\u00f3n el\u00e9ctrica o de la industria<\/strong>.<\/p>\n<p style=\"text-align: justify;\">&#8211; la <strong>adquisici\u00f3n por el Fondo de cr\u00e9ditos de carbono en el \u00e1mbito internacional<\/strong>, en especial, aquellos cr\u00e9ditos derivados de actividades realizadas en el marco de los instrumentos de la Convenci\u00f3n Marco de Naciones Unidas sobre el Cambio Clim\u00e1tico y de su Acuerdo de Par\u00eds, que tendr\u00e1 car\u00e1cter subsidiario y de \u00faltimo recurso.<\/p>\n<p style=\"text-align: justify;\">Finalmente, el cap\u00edtulo II contiene disposiciones relativas a la <strong>compra de cr\u00e9ditos de carbono, desarrollando el r\u00e9gimen jur\u00eddico<\/strong> que resulta de aplicaci\u00f3n a este tipo de operaciones. Las operaciones de adquisici\u00f3n de cr\u00e9ditos de carbono por el FES-CO2 podr\u00e1n instrumentalizarse mediante cualquier negocio jur\u00eddico v\u00e1lido en Derecho. Ver <a href=\"https:\/\/www.boe.es\/buscar\/act.php?id=BOE-A-2025-26026#a1-5\">art. 13<\/a>.<\/p>\n<p style=\"text-align: justify;\">El <strong><a href=\"https:\/\/www.boe.es\/buscar\/act.php?id=BOE-A-2025-26026#ci-3\">cap\u00edtulo III<\/a><\/strong> regula el <strong>r\u00e9gimen presupuestario y econ\u00f3mico<\/strong> del FES-CO2, haciendo una referencia expresa a sus recursos, que proceder\u00e1n tanto de las aportaciones que anualmente se consignen en los Presupuestos Generales del Estado como de los recursos derivados de la gesti\u00f3n de sus activos.<\/p>\n<p style=\"text-align: justify;\">El <strong><a href=\"https:\/\/www.boe.es\/buscar\/act.php?id=BOE-A-2025-26026#ci-4\">cap\u00edtulo IV<\/a><\/strong> regula la <strong>organizaci\u00f3n del Fondo<\/strong>, cuya administraci\u00f3n, gesti\u00f3n y direcci\u00f3n se llevar\u00e1 a cabo a trav\u00e9s de un Consejo Rector y de su Comisi\u00f3n Ejecutiva, cuyo r\u00e9gimen jur\u00eddico de actuaci\u00f3n se ajustar\u00e1 a lo dispuesto en la secci\u00f3n 3.\u00aa del\u00a0<a href=\"https:\/\/www.boe.es\/buscar\/act.php?id=BOE-A-2015-10566#cii\">cap\u00edtulo II del t\u00edtulo preliminar de la Ley del Sector P\u00fablico<\/a>.<\/p>\n<p style=\"text-align: justify;\">En la <strong><a href=\"https:\/\/www.boe.es\/buscar\/act.php?id=BOE-A-2025-26026#da\">disposici\u00f3n adicional primera<\/a><\/strong> se refleja la colaboraci\u00f3n del FES-CO2 con las comunidades aut\u00f3nomas.<\/p>\n<p style=\"text-align: justify;\">Se incluye una <strong><a href=\"https:\/\/www.boe.es\/buscar\/act.php?id=BOE-A-2025-26026#dt\">disposici\u00f3n transitoria \u00fanica<\/a><\/strong>, en relaci\u00f3n con la normativa aplicable a los proyectos en ejecuci\u00f3n en el marco de las convocatorias del FES-CO2 publicadas con anterioridad a este real decreto.<\/p>\n<p style=\"text-align: justify;\">El presente real decreto <strong>entrar\u00e1 en vigor el 8 de enero de 2026<\/strong>.<\/p>\n<div class=\"enlacesDoc\">\n<ul>\n<li class=\"puntoPDF\"><a title=\"PDF firmado BOE-A-2025-26026\" href=\"https:\/\/www.boe.es\/boe\/dias\/2025\/12\/19\/pdfs\/BOE-A-2025-26026.pdf\">PDF (BOE-A-2025-26026 &#8211; 17\u00a0<abbr title=\"p\u00e1ginas\">p\u00e1gs.<\/abbr>\u00a0&#8211; 301\u00a0<abbr title=\"kilobytes\">KB<\/abbr>)<\/a> <a title=\"Versi\u00f3n HTML BOE-A-2025-26026\" href=\"https:\/\/www.boe.es\/diario_boe\/txt.php?id=BOE-A-2025-26026\">Otros formatos<\/a><\/li>\n<\/ul>\n<div class=\"enlacesDoc\">\n<a class=\"mwm-aal-item\" name=\"tratados-internacionales\"><\/a><h6><span style=\"font-size: 12pt;\">Tratados internacionales<\/span><\/h6>\n<p>Resoluci\u00f3n de 17 de diciembre de 2025, de la Secretar\u00eda General T\u00e9cnica, en virtud del art\u00edculo 24.2 de la Ley 25\/2014, de 27 de noviembre, de Tratados y otros Acuerdos Internacionales.<\/p>\n<p style=\"text-align: justify;\"><span style=\"color: #0000ff;\"><strong>Resumen:<\/strong> \u00daltimas comunicaciones relativas a Tratados Internacionales Multilaterales en los que Espa\u00f1a es parte, que abarcan desde el\u00a05 de abril de\u00a02025 hasta el\u00a030 de noviembre de\u00a02025.\u00a0<\/span><\/p>\n<p style=\"text-align: justify;\">De conformidad con lo establecido en el\u00a0<a href=\"https:\/\/www.boe.es\/buscar\/act.php?id=BOE-A-2014-12326#a24\">art\u00edculo\u00a024.2<\/a> de la Ley 25\/2014, de 27 de noviembre, de Tratados y otros Acuerdos Internacionales, se hacen p\u00fablicas, para conocimiento general, las comunicaciones relativas a Tratados Internacionales Multilaterales en los que Espa\u00f1a es parte, que se han recibido en el Ministerio de Asuntos Exteriores, Uni\u00f3n Europea y Cooperaci\u00f3n desde la publicaci\u00f3n anterior (<a href=\"https:\/\/www.boe.es\/diario_boe\/txt.php?id=BOE-A-2025-14373\" target=\"_blank\" rel=\"nofollow noopener noreferrer\"><abbr title=\"Bolet\u00edn Oficial del Estado\">BOE<\/abbr><abbr title=\"n\u00famero\">n\u00fam.<\/abbr> 167, de 12 de julio de 2025<\/a>), <strong>desde el\u00a05 de abril de\u00a02025<\/strong> <strong>hasta el\u00a030 de noviembre de\u00a02025<\/strong>.\u00a0<\/p>\n<div class=\"enlacesDoc\">\n<ul>\n<li class=\"puntoPDF\"><a title=\"PDF firmado BOE-A-2025-26356\" href=\"https:\/\/www.boe.es\/boe\/dias\/2025\/12\/23\/pdfs\/BOE-A-2025-26356.pdf\">PDF (BOE-A-2025-26356 &#8211; 205\u00a0<abbr title=\"p\u00e1ginas\">p\u00e1gs.<\/abbr>\u00a0&#8211; 2.600\u00a0<abbr title=\"kilobytes\">KB<\/abbr>)<\/a> <a title=\"Versi\u00f3n HTML BOE-A-2025-26356\" href=\"https:\/\/www.boe.es\/diario_boe\/txt.php?id=BOE-A-2025-26356\">Otros formatos<\/a><\/li>\n<\/ul>\n<a class=\"mwm-aal-item\" name=\"precios-medios-itp-e-isd-2026\"><\/a><h6 style=\"text-align: justify;\"><span style=\"font-size: 12pt;\">Precios medios ITP e ISD 2026<\/span><\/h6>\n<p style=\"text-align: justify;\">Orden HAC\/1501\/2025, de 17 de diciembre, por la que se aprueban los precios medios de venta aplicables en la gesti\u00f3n del Impuesto sobre Transmisiones Patrimoniales y Actos Jur\u00eddicos Documentados, Impuesto sobre Sucesiones y Donaciones e Impuesto Especial sobre Determinados Medios de Transporte.<\/p>\n<p style=\"text-align: justify;\"><span style=\"color: #0000ff;\"><strong>Resumen:<\/strong> Se publican para 2026 las tablas de precios medios de mercado de veh\u00edculos usados, embarcaciones de recreo y motores marinos, as\u00ed como los porcentajes de reducci\u00f3n en funci\u00f3n de los a\u00f1os de uso. Se aplican como medios de comprobaci\u00f3n a los siguientes impuestos: ITPyAJD, ISD y al Impuesto Especial sobre Determinados Medios de Transporte. Se identifican de forma separada los modelos h\u00edbridos enchufables.<\/span><\/p>\n<p>Ir al<strong><a href=\"https:\/\/www.notariosyregistradores.com\/web\/secciones\/fiscal\/normas-fiscal\/precios-medios-de-venta-para-2026-itpyajd-isd-e-impuesto-especial-transporte\/\"> archivo especial.<\/a><\/strong><\/p>\n<p style=\"text-align: justify;\">El\u00a0<a href=\"https:\/\/www.boe.es\/buscar\/act.php?id=BOE-A-2003-23186#a57\">art\u00edculo 57 LGT<\/a>\u00a0establece como\u00a0<strong>uno de los medios para la comprobaci\u00f3n de valores<\/strong>\u00a0el de\u00a0<strong>precios medios en el mercado<\/strong>, que se ha considerado como id\u00f3neo para la comprobaci\u00f3n de valores de los\u00a0<strong>medios privados de transporte<\/strong>\u00a0(ver\u00a0<a href=\"http:\/\/www.boe.es\/buscar\/doc.php?id=BOE-A-2001-13169\">Orden de 4 de julio de 2001<\/a>), aprob\u00e1ndose para cada ejercicio una Orden ministerial con los precios en el mercado de los\u00a0<strong>autom\u00f3viles de turismo<\/strong>, veh\u00edculos todo terreno, motocicletas y embarcaciones de recreo, motos n\u00e1uticas, motos el\u00e9ctricas y quads. La del a\u00f1o 2024 -con efectos para 2025-fue la\u00a0<a href=\"https:\/\/www.notariosyregistradores.com\/web\/secciones\/fiscal\/normas-fiscal\/precios-medios-de-venta-para-2025-itpyajd-isd-e-impuesto-especial-transporte\/\">Orden HAC\/1484\/2024, de 26 de diciembre<\/a>.<\/p>\n<p style=\"text-align: justify;\">Para la elaboraci\u00f3n de las tablas de modelos y precios se han utilizado las\u00a0<strong>publicaciones de las asociaciones de fabricantes y vendedores<\/strong>\u00a0de medios de transporte.<\/p>\n<p style=\"text-align: justify;\">Esta Orden actualiza la valoraci\u00f3n base de\u00a0<strong>motores marinos<\/strong>\u00a0por unidad de potencia mec\u00e1nica real contenida en su anexo III, y\u00a0<strong>mantiene la tabla de porcentajes de depreciaci\u00f3n<\/strong>\u00a0contenida en el\u00a0<strong>anexo IV\u00a0<\/strong>de la\u00a0<a href=\"http:\/\/www.boe.es\/buscar\/doc.php?id=BOE-A-1998-29720\">Orden de 15 de diciembre de 1998<\/a>\u00a0y en las \u00f3rdenes sucesivas.<\/p>\n<p style=\"text-align: justify;\">\u2013 Este a\u00f1o, motivado por el auge de las energ\u00edas renovables se introducen los\u00a0<strong>motores el\u00e9ctricos marinos<\/strong>\u00a0dentro del anexo III. Estos motores seguir\u00e1n la misma depreciaci\u00f3n que el resto de motores marinos.<\/p>\n<p style=\"text-align: justify;\">\u2013 Con respecto a las\u00a0<strong>motos n\u00e1uticas<\/strong>, se simplifica su valoraci\u00f3n, calcul\u00e1ndola seg\u00fan su potencia (kw). En este caso, la depreciaci\u00f3n aplicable es la utilizada para las embarcaciones a motor.<\/p>\n<p style=\"text-align: justify;\">\u2013 Por otro lado, se han modificado los\u00a0<strong>porcentajes de valoraci\u00f3n<\/strong>\u00a0de uso de las\u00a0<strong>embarcaciones y motores marinos<\/strong>, as\u00ed como su valor residual, para adaptarlos a la realidad del mercado.<\/p>\n<p style=\"text-align: justify;\">Como en a\u00f1os anteriores, se mantiene en las tablas la potencia de\u00a0los\u00a0<strong>motores<\/strong>\u00a0en\u00a0<strong>caballos de vapor<\/strong>\u00a0(cv), por ser un dato de car\u00e1cter comercial y general que sirve para identificar algunos de los modelos de autom\u00f3viles, si bien no es ning\u00fan caso una unidad permitida del Sistema Legal de Unidades de Medida.<\/p>\n<p style=\"text-align: justify;\">\u2013 Como novedad, este a\u00f1o, en el anexo I de la orden, en la columna relativa al modo de propulsi\u00f3n de los veh\u00edculos, se han identificado de forma separada los\u00a0<strong>modelos h\u00edbridos enchufables<\/strong>\u00a0(PHEV: \u00ab<em>Plug-in Hybrid<\/em>\u00bb) por las diferentes ventajas aplicables a este tipo de veh\u00edculos.<\/p>\n<p style=\"text-align: justify;\">\u2013 Asimismo, se consigna, como otro elemento para diferenciar algunos modelos de autom\u00f3viles, cuya denominaci\u00f3n se mantiene a lo largo del tiempo, el\u00a0<strong>periodo de su comercializaci\u00f3n<\/strong>, dado que algunos veh\u00edculos, aun siendo diferentes, mantienen su misma denominaci\u00f3n comercial durante un gran n\u00famero de a\u00f1os.<\/p>\n<p style=\"text-align: justify;\">\u2013 A su vez, los precios medios de los diversos tipos de\u00a0<strong>motocicletas y\u00a0<em>quads<\/em><\/strong>\u00a0con motores de combusti\u00f3n se diferencian en funci\u00f3n del tama\u00f1o de su motor, expresado mediante los cent\u00edmetros c\u00fabicos del mismo, mientras que los precios medios de los diversos tipos de\u00a0<strong>motocicletas el\u00e9ctricas<\/strong>\u00a0se diferencian en funci\u00f3n de la potencia desarrollada por el motor expresada en Kw.<\/p>\n<p style=\"text-align: justify;\">En lo que se refiere al\u00a0<strong>Impuesto Especial sobre Determinados Medios de Transporte<\/strong>, para adecuar dicha valoraci\u00f3n a los criterios de la Uni\u00f3n Europea, se mantiene la f\u00f3rmula que\u00a0<strong>elimina del valor de mercado<\/strong>, a efectos de dicho impuesto, la\u00a0<strong>imposici\u00f3n indirecta<\/strong>\u00a0ya soportada por el medio de transporte usado de que se trate, cuando hubiera estado previamente\u00a0<strong>matriculado en el extranjero<\/strong>.<\/p>\n<p style=\"text-align: justify;\"><strong>Tablas de precios medios aplicables<\/strong>. Son las que figuran en esta orden, sustituyendo as\u00ed a las de la Orden HAC\/1484\/2024, de\u00a026 de diciembre, las cuales quedan sustituidas a todos los efectos por las que se recogen en los anexos I, II, III y IV de esta orden.<\/p>\n<p style=\"text-align: justify;\"><strong>\u00c1mbito de aplicaci\u00f3n de los precios medios de venta.\u00a0<\/strong>Los precios medios de venta, que se aprueban por esta disposici\u00f3n, ser\u00e1n utilizables como medios de comprobaci\u00f3n a los efectos de<\/p>\n<ul style=\"text-align: justify;\">\n<li>el Impuesto sobre Transmisiones Patrimoniales y Actos Jur\u00eddicos Documentados,<\/li>\n<li>el Impuesto sobre Sucesiones y Donaciones<\/li>\n<li>y el Impuesto Especial sobre Determinados Medios de Transporte.<\/li>\n<\/ul>\n<p style=\"text-align: justify;\"><strong>Valor de los veh\u00edculos.\u00a0<\/strong>Para la determinaci\u00f3n del valor de los\u00a0<strong>veh\u00edculos, autocaravanas,\u00a0<em>quads<\/em>\u00a0y motocicletas<\/strong>\u00a0ya matriculados, se aplicar\u00e1n sobre los precios medios, que figuran en el anexo I, los porcentajes que correspondan, seg\u00fan los a\u00f1os de utilizaci\u00f3n y, en su caso, actividad del veh\u00edculo, establecidos en la tabla e instrucciones que se recogen en el anexo IV.<\/p>\n<p style=\"text-align: justify;\"><strong>Valor de las embarcaciones.\u00a0<\/strong>La fijaci\u00f3n del valor de las\u00a0<strong>embarcaciones de recreo y motores marinos<\/strong>\u00a0se efectuar\u00e1 valorando separadamente el buque sin motor y la motorizaci\u00f3n, para lo cual se tomar\u00e1n los valores consignados en el anexo II, aplic\u00e1ndoseles los porcentajes de la tabla incluida en el anexo III, seg\u00fan los a\u00f1os de utilizaci\u00f3n, y sumando posteriormente los valores actualizados para obtener el valor total de la embarcaci\u00f3n.<\/p>\n<p style=\"text-align: justify;\">En el supuesto de las\u00a0<strong>motos n\u00e1uticas<\/strong>, la fijaci\u00f3n de valor se realizar\u00e1 de forma unitaria y conjunta, sin valoraci\u00f3n independiente del casco y motorizaci\u00f3n, para lo cual se tomar\u00e1n los valores consignados en el anexo II y se les aplicar\u00e1n los porcentajes de la tabla incluida en el anexo III, seg\u00fan los a\u00f1os de utilizaci\u00f3n y las instrucciones recogidas en el citado anexo III.<\/p>\n<p style=\"text-align: justify;\"><strong>Impuesto Transporte.<\/strong>\u00a0Las reglas para la determinaci\u00f3n del valor a los efectos del<strong>\u00a0Impuesto Especial sobre Determinados Medios de Transporte\u00a0<\/strong>se encuentran en el art\u00edculo 5:<\/p>\n<p style=\"text-align: justify;\">\u2013 A los precios medios que figuran en los anexos I, II y III se le aplicar\u00e1n los porcentajes que corresponda, seg\u00fan los a\u00f1os de utilizaci\u00f3n y, en su caso, actividad del veh\u00edculo, establecidos en la tabla e instrucciones que se recogen en el anexo IV.<\/p>\n<p style=\"text-align: justify;\">\u2013 Cuando se trate de medios de transporte que hubieran estado\u00a0<strong>previamente matriculados en el extranjer<\/strong>o y que sean objeto de primera matriculaci\u00f3n definitiva en Espa\u00f1a teniendo la condici\u00f3n de usados, del valor de mercado calculado teniendo en cuenta lo se\u00f1alado en la regla primera anterior, se minorar\u00e1 el importe residual de las cuotas de los impuestos indirectos, seg\u00fan la f\u00f3rmula que se indica.<\/p>\n<p style=\"text-align: justify;\">El\u00a0<strong>anexo I<\/strong>\u00a0relaciona los precios medios de\u00a0<strong>veh\u00edculos de turismo<\/strong>\u00a0<strong>y de todo terreno<\/strong>, autocaravanas, motocicletas y quads usados durante el\u00a0<strong>primer a\u00f1o<\/strong>\u00a0posterior a su primera matriculaci\u00f3n.<\/p>\n<p style=\"text-align: justify;\">El\u00a0<strong>anexo II<\/strong>\u00a0recoge los precios medios de\u00a0<strong>embarcaciones a motor<\/strong>\u00a0usadas durante el primer a\u00f1o posterior a su matriculaci\u00f3n<\/p>\n<p style=\"text-align: justify;\">El\u00a0<strong>anexo III<\/strong>\u00a0incluye la valoraci\u00f3n base de los\u00a0<strong>motores marinos<\/strong>.<\/p>\n<p style=\"text-align: justify;\">Y el\u00a0<strong>anexo IV<\/strong>\u00a0fija los porcentajes determinados en funci\u00f3n de los\u00a0<strong>a\u00f1os de utilizaci\u00f3n<\/strong>\u00a0para veh\u00edculos de turismo, todo terreno y motocicletas ya matriculados. El m\u00e1ximo es del 100%, cuando el uso no llegue al a\u00f1o y el m\u00ednimo ser\u00e1 de un 10% para veh\u00edculos con m\u00e1s de doce a\u00f1os<\/p>\n<p style=\"text-align: justify;\">Hay una tabla especial para\u00a0<strong>autocaravanas<\/strong>, campers y veh\u00edculos vivienda en la que la depreciaci\u00f3n llega al m\u00ednimo del 10% al cabo de 18 a\u00f1os.<\/p>\n<p style=\"text-align: justify;\">Seg\u00fan este mismo anexo, el importe que resulte de la aplicaci\u00f3n de los porcentajes anteriores, se reducir\u00e1 al\u00a0<strong>70 por 100<\/strong>\u00a0cuando el veh\u00edculo transmitido hubiese estado dedicado exclusivamente durante m\u00e1s de seis meses desde la primera matriculaci\u00f3n definitiva, a las actividades de\u00a0<strong>ense\u00f1anza<\/strong>\u00a0de conductores mediante contraprestaci\u00f3n o de\u00a0<strong>alquiler de veh\u00edculos<\/strong>, sin conductor, o bien tuviera la condici\u00f3n, seg\u00fan la legislaci\u00f3n vigente, de\u00a0<strong>taxi<\/strong>, autotaxi o autoturismo.<\/p>\n<p>Ir al<strong><a href=\"https:\/\/www.notariosyregistradores.com\/web\/secciones\/fiscal\/normas-fiscal\/precios-medios-de-venta-para-2026-itpyajd-isd-e-impuesto-especial-transporte\/\"> archivo especial.<\/a><\/strong><\/p>\n<p style=\"text-align: justify;\"><strong>Entrar\u00e1 en vigor<\/strong>\u00a0el 1\u00ba de enero de 2026.<\/p>\n<div class=\"enlacesDoc\">\n<ul>\n<li class=\"puntoPDF\" style=\"text-align: justify;\"><a title=\"PDF firmado BOE-A-2025-26357\" href=\"https:\/\/www.boe.es\/boe\/dias\/2025\/12\/23\/pdfs\/BOE-A-2025-26357.pdf\">PDF (BOE-A-2025-26357 &#8211; 2219\u00a0<abbr title=\"p\u00e1ginas\">p\u00e1gs.<\/abbr>\u00a0&#8211; 19.656\u00a0<abbr title=\"kilobytes\">KB<\/abbr>)<\/a> <a title=\"Versi\u00f3n HTML BOE-A-2025-26357\" href=\"https:\/\/www.boe.es\/diario_boe\/txt.php?id=BOE-A-2025-26357\">Otros formatos<\/a><\/li>\n<\/ul>\n<a class=\"mwm-aal-item\" name=\"rdley-16-2025-tributos-seguridad-social-personas-vulnerables\"><\/a><h6><span style=\"font-size: 12pt;\">RDLey 16\/2025: Tributos, Seguridad Social, personas vulnerables<\/span><\/h6>\n<p style=\"text-align: justify;\">Real Decreto-ley 16\/2025, de 23 de diciembre, por el que se prorrogan determinadas medidas para hacer frente a situaciones de vulnerabilidad social, y se adoptan medidas urgentes en materia tributaria y de Seguridad Social.<\/p>\n<p style=\"text-align: center;\"><span style=\"color: #ff0000;\"><a style=\"color: #ff0000;\" href=\"https:\/\/www.boe.es\/diario_boe\/txt.php?id=BOE-A-2026-2024\" target=\"_blank\" rel=\"nofollow noopener noreferrer\"><strong>DEROGADO POR FALTA DE CONVALIDACI\u00d3N<\/strong><\/a><\/span><\/p>\n<p style=\"text-align: justify;\"><span style=\"color: #0000ff;\"><strong>Resumen: <\/strong>En este real decreto-ley se adoptan en materia de vivienda (suspensi\u00f3n de desahucios y compensaci\u00f3n a propietarios), energ\u00eda (para consumidores vulnerables, pensiones (revalorizaci\u00f3n, l\u00edmites, prestaciones familiares\u2026), Seguridad Social (bases de cotizaci\u00f3n, topes, solidaridad intergeneracional\u2026), empleo (pr\u00f3rroga salario m\u00ednimo\u2026) tributarias (pr\u00f3rroga de incentivos, llevanza libros IVA\u2026) y en el \u00e1mbito de la financiaci\u00f3n territorial.<\/span><\/p>\n<p><strong><a href=\"https:\/\/www.notariosyregistradores.com\/web\/normas\/concretas\/resumen-rdley-16-2025-tributos-seguridad-social-personas-vulnerables\/\">Ir al archivo especial.<\/a><\/strong><\/p>\n<p style=\"text-align: justify;\">La norma consta de una parte expositiva, donde se resumen medidas desde la invasi\u00f3n de Rusia a Ucrania y de una parte dispositiva estructurada en <strong>seis cap\u00edtulos<\/strong>, m\u00e1s un conjunto de \u00faltimas disposiciones y tres anexos.<\/p>\n<p style=\"text-align: justify;\"><strong>Vivienda.<\/strong> El <strong>cap\u00edtulo I<\/strong>, relativo a medidas en materia de <strong>vivienda<\/strong>, atiende a la situaci\u00f3n del mercado con una din\u00e1mica de <strong>crecimiento en los precios, insuficiencia de oferta asequible<\/strong> de vivienda, tanto en venta como en alquileras\u00ed como de sobreexposici\u00f3n financiera de los hogares al pago del <strong>alquiler<\/strong>, lo que motiva la adopci\u00f3n de medidas que reduzcan situaciones de <strong>vulnerabilidad<\/strong>, varias ya vigentes:\u00a0<\/p>\n<p style=\"text-align: justify;\">&#8211; se ampl\u00eda hasta el\u00a031 de diciembre de\u00a02026 la <strong>suspensi\u00f3n de los procedimientos de desahucio<\/strong>,<\/p>\n<p style=\"text-align: justify;\">&#8211; conectada con la anterior medida, la posibilidad hasta el\u00a031 de enero de\u00a02027 de solicitar <strong>compensaci\u00f3n por parte del arrendador<\/strong> o propietario.<\/p>\n<p style=\"text-align: justify;\"><strong>Energ\u00eda. <\/strong>El <strong>cap\u00edtulo II<\/strong>, relativo a medidas en materia <strong>energ\u00e9tica<\/strong>, incorpora la <strong>pr\u00f3rroga<\/strong> de determinadas previsiones que, de no ser adoptadas, decaer\u00edan a\u00a031 de diciembre de\u00a02025:<\/p>\n<p style=\"text-align: justify;\">&#8211; pr\u00f3rroga, hasta el\u00a031 de diciembre\u00a02026, de los valores extraordinarios de los <strong>descuentos del bono social<\/strong>,<\/p>\n<p style=\"text-align: justify;\">&#8211; pr\u00f3rroga, hasta el\u00a031 de diciembre de\u00a02026, correspondiente a la <strong>garant\u00eda de suministro de agua<\/strong> y energ\u00eda a consumidores definidos como vulnerable, vulnerable severo o en riesgo de exclusi\u00f3n social.<\/p>\n<p style=\"text-align: justify;\"><strong>Pensiones.<\/strong> El <strong>cap\u00edtulo III<\/strong> incorpora medidas sobre <strong>pensiones y otras prestaciones p\u00fablicas<\/strong>.<\/p>\n<p style=\"text-align: justify;\">La <strong>falta<\/strong> de aprobaci\u00f3n de una <strong>Ley de Presupuestos<\/strong> Generales del Estado, determina una nueva pr\u00f3rroga -la tercera- de la Ley\u00a031\/2022, de\u00a023 de diciembre, de Presupuestos Generales del Estado para el a\u00f1o\u00a02023, hasta la aprobaci\u00f3n de la nueva ley, pero, de acuerdo con la doctrina del Consejo de Estado, la <strong>revalorizaci\u00f3n de las pensiones no es, como regla general, objeto de la pr\u00f3rroga presupuestaria<\/strong> prevista en el <a href=\"https:\/\/www.notariosyregistradores.com\/web\/normas\/constitucion-espanola\/#a134\">art\u00edculo\u00a0134.4 de la Constituci\u00f3n<\/a>, por lo que, en tal situaci\u00f3n, el Gobierno, si quiere proceder a la actualizaci\u00f3n de las pensiones p\u00fablicas, debe acudir a la aprobaci\u00f3n de un real decreto-ley al amparo del <a href=\"https:\/\/www.notariosyregistradores.com\/web\/normas\/constitucion-espanola\/#a86\">art\u00edculo\u00a086<\/a> de la Constituci\u00f3n, lo que ahora tiene lugar.<\/p>\n<p style=\"text-align: justify;\">La <strong>revalorizaci\u00f3n de las pensiones<\/strong> y de otras prestaciones p\u00fablicas para el <strong>a\u00f1o\u00a02026<\/strong> se realiza en el porcentaje equivalente al valor medio de las tasas de variaci\u00f3n interanual expresadas en tanto por ciento del \u00cdndice de Precios al Consumo de los doce meses previos a diciembre del a\u00f1o anterior, expresado con un decimal, resultando <strong>un\u00a02,7 por ciento<\/strong>. Art. 8.1.<\/p>\n<p style=\"text-align: justify;\">&#8211; Se fija el <strong>l\u00edmite de la cuant\u00eda inicial<\/strong> de las pensiones p\u00fablicas durante el a\u00f1o\u00a02026, siendo el mismo tratamiento aplicable al R\u00e9gimen de <strong>Clases Pasivas del Estado. <\/strong>Ser\u00e1 de 3.359,60 euros mensuales o\u00a0<strong>47.034,40 euros anuales<\/strong>. Art. 7.<\/p>\n<p style=\"text-align: justify;\">&#8211; Se establece el importe del <strong>complemento<\/strong> aplicable a esas pensiones para la reducci\u00f3n de la brecha de g\u00e9nero: 36,90 euros. Art. 8.2<\/p>\n<p style=\"text-align: justify;\">&#8211; Se actualizan las <strong>pensiones no contributivas<\/strong>\u00a0a 8.803,20 euros. y las pensiones del Seguro Obligatorio de Vejez e Invalidez a 8.149,40 euros. Art. 8.4<\/p>\n<p style=\"text-align: justify;\">&#8211; Se actualizan las <strong>prestaciones de orfandad<\/strong> causadas por violencia contra la mujer ((art. 8.9), las prestaciones de <strong>gran invalidez<\/strong> del R\u00e9gimen Especial de la Seguridad Social de las Fuerzas Armadas y del R\u00e9gimen Especial de la Seguridad Social de Funcionarios Civiles del Estado (art. 8.11).<\/p>\n<p style=\"text-align: justify;\">&#8211; Tambi\u00e9n se adaptan las <strong>prestaciones familiares<\/strong> de la Seguridad Social, los subsidios econ\u00f3micos para <strong>personas con discapacidad<\/strong>. Ver art. 8.6.<\/p>\n<p style=\"text-align: justify;\">&#8211; La cuant\u00eda de la prestaci\u00f3n por <strong>nacimiento o adopci\u00f3n<\/strong>, en supuestos de familias numerosas, monoparentales y de madres o padres con discapacidad, ser\u00e1 de\u00a01.000,00 euros, con determinados l\u00edmites de renta. Ver art. 8.7.<\/p>\n<p style=\"text-align: justify;\">&#8211; El <strong>subsidio de movilidad<\/strong> y compensaci\u00f3n para gastos de transporte se revalorizar\u00e1 en\u00a02026 en un porcentaje del\u00a02,7 por ciento, alcanzando un importe anual de\u00a0<strong>1.029,60 euros<\/strong>. Art. 8.8.<\/p>\n<p style=\"text-align: justify;\">&#8211; Se determina la <strong>cuant\u00eda m\u00ednima de las pensiones<\/strong> tanto del sistema de la Seguridad Social como de Clases Pasivas del Estado y los requisitos para su reconocimiento. Art. 8.3 y anexo I, siendo la general con c\u00f3nyuge a cargo de 17.592,40 euros.<\/p>\n<p style=\"text-align: justify;\">&#8211; En tanto se apruebe la Ley de Presupuestos Generales del Estado para el a\u00f1o\u00a02026, el contenido de los <a href=\"https:\/\/www.boe.es\/buscar\/act.php?id=BOE-A-2022-22128#ti-4\">t\u00edtulos IV<\/a> (De las <strong>pensiones p\u00fablicas<\/strong>) y <a href=\"https:\/\/www.boe.es\/buscar\/act.php?id=BOE-A-2022-22128#tv-4\">t\u00edtulo VIII<\/a> (<strong>Cotizaciones sociales<\/strong>) y las disposiciones adicionales concordantes de la <strong>Ley\u00a0de Presupuestos para el a\u00f1o\u00a02023<\/strong>, as\u00ed como sus disposiciones de desarrollo mantendr\u00e1n su vigencia en\u00a02026 con las modificaciones y excepciones previstas en los art\u00edculos\u00a07, 8 y\u00a09 de este real decreto-ley, debiendo entenderse hechas al a\u00f1o\u00a02026 las referencias realizadas por dichas normas al a\u00f1o\u00a02023. Ver D. Ad. 1\u00aa.<\/p>\n<p style=\"text-align: justify;\"><strong>Bases de cotizaci\u00f3n<\/strong>.<\/p>\n<p style=\"text-align: justify;\">&#8211; Se prev\u00e9 la <strong>actualizaci\u00f3n del tope m\u00ednimo y m\u00e1ximo <\/strong>de las bases de cotizaci\u00f3n del sistema. Art. 9.1.<\/p>\n<ul style=\"text-align: justify;\">\n<li><strong>Bases m\u00ednimas:<\/strong> Para el ejercicio\u00a02026 y hasta la aprobaci\u00f3n de la correspondiente Ley de Presupuestos Generales del Estado, las bases m\u00ednimas de cotizaci\u00f3n, de los grupos de cotizaci\u00f3n de los reg\u00edmenes que las tengan establecidas, se incrementar\u00e1n de forma autom\u00e1tica en el <strong>mismo porcentaje que lo haga el salario m\u00ednimo interprofesional incrementado en un sexto<\/strong><\/li>\n<li><strong>Bases m\u00e1ximas<\/strong>: para cada categor\u00eda profesional el tope m\u00e1ximo de las bases de cotizaci\u00f3n se fija en\u00a0<strong>101,20 euros mensuales.<\/strong><\/li>\n<\/ul>\n<p style=\"text-align: justify;\">&#8211; Se actualiza la cotizaci\u00f3n correspondiente al <strong>Mecanismo de Equidad Intergeneracional<\/strong>. Para el ejercicio 2026, la cotizaci\u00f3n correspondiente al Mecanismo de Equidad Intergeneracional ser\u00e1 de <strong>0,90 puntos porcentuales<\/strong>. Cuando ese tipo de cotizaci\u00f3n deba ser objeto de distribuci\u00f3n entre empresa y persona trabajadora, el <strong>0,75 por ciento ser\u00e1 a cargo de la empresa y el 0,15 por ciento a cargo del trabajador<\/strong>. Art. 9.2.<\/p>\n<p style=\"text-align: justify;\">&#8211; Se fija la <strong>cuota adicional de solidaridad<\/strong> para el a\u00f1o\u00a02026, que oscilar\u00e1 entre el 1,15% y el 1,46%, dependiendo de la retribuci\u00f3n (a partir de 5101,21 euros). Art. 9.3<\/p>\n<p style=\"text-align: justify;\">&#8211; Para los <strong>Aut\u00f3nomos<\/strong>, se establece que durante el a\u00f1o\u00a02026 la tabla general y la tabla reducida para los citados trabajadores ser\u00e1n las previstas en la <a href=\"https:\/\/www.boe.es\/buscar\/act.php?id=BOE-A-2022-12482#dt\">D. Tr. 1\u00aa<\/a> RDLey\u00a013\/2022, de\u00a026 de julio, para el a\u00f1o\u00a02025. No obstante, se actualiza la base m\u00e1xima de los tramos\u00a011 y\u00a012 de acuerdo con el tope m\u00e1ximo de cotizaci\u00f3n previsto para el R\u00e9gimen General de la Seguridad Social para el a\u00f1o\u00a02026. Art. 9.4.<\/p>\n<p style=\"text-align: justify;\">&#8211; Tambi\u00e9n se actualiza el l\u00edmite de ingresos para proceder al reintegro de cuotas de aut\u00f3nomos en <strong>pluriactividad<\/strong>. Art. 9.5.<\/p>\n<p style=\"text-align: justify;\"><strong>Empleo.<\/strong> El <strong>cap\u00edtulo IV<\/strong> se dedica a medidas urgentes en materia de <strong>empleo<\/strong>.<\/p>\n<p style=\"text-align: justify;\">&#8211; Se incluye la <strong>pr\u00f3rroga<\/strong> de la vigencia del <a href=\"https:\/\/www.notariosyregistradores.com\/web\/normas\/informes-mensuales\/informe-365-boe-febrero-2025\/#salario-minimo-2025\">Real Decreto\u00a087\/2025, de\u00a011 de febrero<\/a>, por el que se fija el <strong>salario m\u00ednimo interprofesional para\u00a02025<\/strong>, mientras no se fije el definitivo para 2026 (que lo m\u00e1s probable tenga efectos retroactivos a 1 de enero de 2026, como ya dispuso en RD prorrogado para 2025). Art. 10.<\/p>\n<p style=\"text-align: justify;\">&#8211; Contin\u00faa la medida por la que <strong>las empresas beneficiarias de las ayudas directas no podr\u00e1n justificar despidos objetivos<\/strong> basados en el aumento de los costes energ\u00e9ticos.<\/p>\n<p style=\"text-align: justify;\">&#8211; Las empresas que se acojan a las medidas de <strong>reducci\u00f3n de jornada o suspensi\u00f3n de contratos <\/strong>reguladas en el <a href=\"https:\/\/www.boe.es\/buscar\/act.php?id=BOE-A-2015-11430#a47\">art\u00edculo\u00a047 del Estatuto de los Trabajadores<\/a> y que se beneficien de apoyo p\u00fablico, no podr\u00e1n utilizar estas causas para realizar despidos. Art. 11.<\/p>\n<p style=\"text-align: justify;\"><strong>Tributos.<\/strong> El <strong>cap\u00edtulo V<\/strong>, se dedica a <strong>medidas tributarias<\/strong>:<\/p>\n<p style=\"text-align: justify;\">&#8211; Establece la <strong>pr\u00f3rroga<\/strong> de determinados <strong>incentivos fiscales<\/strong>, especialmente en el \u00e1mbito del IRPF y del Impuesto sobre Sociedades.<\/p>\n<p style=\"text-align: justify;\">&#8211; Para los <strong>peque\u00f1os aut\u00f3nomos<\/strong>, se prorrogan los l\u00edmites cuantitativos que delimitan en el <strong>IRPF<\/strong> el \u00e1mbito de aplicaci\u00f3n del <strong>m\u00e9todo de estimaci\u00f3n objetiva<\/strong>, con excepci\u00f3n de las actividades agr\u00edcolas, ganaderas y forestales, que tienen su propio l\u00edmite cuantitativo por volumen de ingresos. Art. 14.4.<\/p>\n<p style=\"text-align: justify;\">&#8211; En paralelo, y de forma coordinada, <strong>se prorrogan<\/strong> los l\u00edmites para la aplicaci\u00f3n del <strong>r\u00e9gimen simplificado<\/strong> y del r\u00e9gimen especial de la agricultura, ganader\u00eda y pesca del Impuesto sobre el <strong>Valor A\u00f1adido<\/strong>.<\/p>\n<p style=\"text-align: justify;\">&#8211; Se establece un plazo para las <strong>renuncias<\/strong> o revocaciones del m\u00e9todo de estimaci\u00f3n objetiva del IRPF y de los reg\u00edmenes simplificado y especial de la agricultura, ganader\u00eda y pesca del IVA. Art. 15.<\/p>\n<p style=\"text-align: justify;\">&#8211; <strong>Libertad de amortizaci\u00f3n<\/strong> en inversiones que utilicen energ\u00eda procedente de fuentes renovables, en el Impuesto sobre Sociedades. Art. 17.1<\/p>\n<p style=\"text-align: justify;\">&#8211; Se prorrogan <strong>incentivos fiscales a los veh\u00edculos el\u00e9ctricos,<\/strong> las infraestructuras de recarga y las inversiones que utilicen energ\u00edas renovables en IRPF y Sociedades. Art\u00edculo 14.3 y 17.2<\/p>\n<p style=\"text-align: justify;\">&#8211; Para evitar la tributaci\u00f3n de los afectados por los <strong>incendios forestales<\/strong> y otras emergencias de protecci\u00f3n civil acaecidos entre el\u00a023 de junio y el\u00a025 de agosto de\u00a02025, se declaran exentas del IRPF las ayudas concedidas a los mismos por da\u00f1os personales.<\/p>\n<p style=\"text-align: justify;\">&#8211; En el IRPF se incentiva la <strong>mejora de la eficiencia energ\u00e9tica de las viviendas<\/strong>, ampliando su \u00e1mbito temporal de aplicaci\u00f3n. Art\u00edculo 14.1.<\/p>\n<p style=\"text-align: justify;\">&#8211; Se mantiene el porcentaje de <strong>imputaci\u00f3n de rentas inmobiliarias<\/strong> con objeto de evitar un incremento de la tributaci\u00f3n derivado de la tenencia de inmuebles en\u00a02025 respecto de la tributaci\u00f3n que, en relaci\u00f3n con tales inmuebles, se aplic\u00f3 en\u00a02024. Art\u00edculo 14.2.<\/p>\n<p style=\"text-align: justify;\">&#8211; En el <strong>Impuesto sobre el Incremento de Valor de los Terrenos de Naturaleza Urbana<\/strong>, se actualizan para\u00a02026 los importes m\u00e1ximos de los coeficientes a aplicar sobre el valor del terreno en el momento del devengo, seg\u00fan el periodo de generaci\u00f3n del incremento de valor. Art. 18.<\/p>\n<p style=\"text-align: justify;\">&#8211; Se adoptan medidas financieras y fiscales en relaci\u00f3n con los afectados por la Depresi\u00f3n Aislada en Niveles Altos (<strong>DANA<\/strong>) en diferentes municipios entre el\u00a028 de octubre y el\u00a04 de noviembre de\u00a02024. Arts. 19 y 20.<\/p>\n<p style=\"text-align: justify;\">&#8211; Permite una <strong>renuncia<\/strong> extraordinaria a la llevanza de <strong>los libros registro del IVA<\/strong> a trav\u00e9s de la Sede electr\u00f3nica de la Agencia Estatal de Administraci\u00f3n Tributaria y baja extraordinaria en el registro de devoluci\u00f3n mensual para el a\u00f1o\u00a02026. Art. 13.<\/p>\n<p style=\"text-align: justify;\"><strong>Financiaci\u00f3n territorial. <\/strong>A ello se dedica el<strong> cap\u00edtulo VI <\/strong>y \u00faltimo.<\/p>\n<p style=\"text-align: justify;\">Son medidas motivadas fundamentalmente por la <strong>ausencia de una La Ley de Presupuestos Generales del Estado<\/strong>, que es la sede natural de estas medidas.<\/p>\n<p style=\"text-align: justify;\">&#8211; Las <strong>entregas a cuenta<\/strong> se actualizan para evitar consecuencias financieras indeseadas a las <strong>comunidades aut\u00f3nomas<\/strong>. Se mantiene para\u00a02026 la determinaci\u00f3n de los importes de las entregas a cuenta correspondientes al a\u00f1o\u00a02025.<\/p>\n<p style=\"text-align: justify;\">&#8211; Determina los <strong>suplementos de cr\u00e9dito<\/strong> necesarios para financiar estas entregas a cuenta de\u00a02026.<\/p>\n<p style=\"text-align: justify;\">&#8211; Se regula el <strong>r\u00e9gimen excepcional de endeudamiento auton\u00f3mico en\u00a02026<\/strong> y se mantiene tambi\u00e9n de forma excepcional, que en\u00a02026, el Estado podr\u00e1 autorizar a la Comunitat Valenciana a formalizar nuevas operaciones de endeudamiento motivadas por la DANA.<\/p>\n<p style=\"text-align: justify;\">&#8211; En cuanto a la financiaci\u00f3n de las<strong> entidades locales<\/strong>, se regula la actualizaci\u00f3n de las entregas a cuenta de la participaci\u00f3n de las entidades locales en los tributos del Estado correspondiente al a\u00f1o\u00a02026.<\/p>\n<p style=\"text-align: justify;\"><strong>Disposiciones adicionales y finales. De ellas destacamos por materias: <\/strong><\/p>\n<p style=\"text-align: justify;\"><strong>Pensiones y cotizaciones sociales. <\/strong>Aplicaci\u00f3n de normativa previa, especialmente, Ley de Presupuestos para 2023, como ya hemos visto. D.Ad. 1\u00ba.<\/p>\n<p style=\"text-align: justify;\"><strong>Pr\u00e9stamos a la Seguridad Social.<\/strong> Se establece un nuevo plazo de diez a\u00f1os para la cancelaci\u00f3n de determinados pr\u00e9stamos a la Seguridad Social cuyo vencimiento se ha producido en los ejercicios\u00a02024 y\u00a02025, y ampl\u00eda, en diez a\u00f1os tambi\u00e9n, el plazo para la cancelaci\u00f3n de otro pr\u00e9stamo cuyo vencimiento se producir\u00e1 durante el ejercicio\u00a02026. D.Ad. 2\u00ba.<\/p>\n<p style=\"text-align: justify;\"><strong>Disoluci\u00f3n por p\u00e9rdidas. <\/strong>Dice la D. Ad. 4\u00aa:<\/p>\n<p style=\"text-align: justify;\"><em>\u201cA los solos efectos de determinar la concurrencia de la causa de disoluci\u00f3n prevista en el <\/em><a href=\"https:\/\/www.notariosyregistradores.com\/web\/normas\/ley-de-sociedades-de-capital\/#art363\"><em>art\u00edculo\u00a0363.1.e)<\/em><\/a><em> del texto refundido de la Ley de Sociedades de Capital, no se tomar\u00e1n en consideraci\u00f3n las p\u00e9rdidas de los ejercicios\u00a02020 y\u00a02021 hasta el cierre del ejercicio que se inicie en el a\u00f1o\u00a02026.<\/em><\/p>\n<p style=\"text-align: justify;\"><em>Si, excluidas las p\u00e9rdidas de los a\u00f1os\u00a02020 y\u00a02021 en los t\u00e9rminos se\u00f1alados en el apartado anterior, en el resultado del ejercicio\u00a02022, 2023, 2024, 2025 o\u00a0<strong>2026 <\/strong>se apreciaran p\u00e9rdidas que dejen reducido el patrimonio neto a una cantidad inferior a la mitad del capital social, deber\u00e1 convocarse por los administradores o podr\u00e1 solicitarse por cualquier socio en el plazo de dos meses a contar desde el cierre del ejercicio conforme al <\/em><a href=\"https:\/\/www.notariosyregistradores.com\/web\/normas\/ley-de-sociedades-de-capital\/#art365\"><em>art\u00edculo\u00a0365<\/em><\/a><em> de la citada Ley, la celebraci\u00f3n de Junta para proceder a la disoluci\u00f3n de la sociedad, a no ser que se aumente o reduzca el capital en la medida suficiente.\u201d<\/em><\/p>\n<p style=\"text-align: justify;\">No se modifica el texto del TRLSC, extendiendo la medida al ejercicio 2026..<\/p>\n<p style=\"text-align: justify;\"><strong>TR Ley General de la Seguridad Social.<\/strong> Se aplican varias modificaciones, destacando:<\/p>\n<p style=\"text-align: justify;\">&#8211; Se suprime la obligaci\u00f3n de presentar declaraci\u00f3n por IRPF a los beneficiarios de la <strong>prestaci\u00f3n por desempleo<\/strong>.<\/p>\n<p style=\"text-align: justify;\">&#8211; Se introduce la <a href=\"https:\/\/www.boe.es\/buscar\/act.php?id=BOE-A-2015-11724#da-37\">D. Ad 61\u00aa<\/a> en la que se regula la denominada <strong>tarifa de primas para la cotizaci\u00f3n por contingencias profesionales<\/strong> (accidentes de trabajo y enfermedades profesionales) para evitar la dispersi\u00f3n normativa y derogar una disposici\u00f3n temporal que proven\u00eda de 2006.<\/p>\n<p style=\"text-align: justify;\">&#8211; Se a\u00f1ade la <a href=\"https:\/\/www.boe.es\/buscar\/act.php?id=BOE-A-2015-11724#dt-17\">D. Tr. 45\u00aa<\/a> para regular la <strong>transici\u00f3n de la CNAE\u00a02009 a la CNAE\u00a02025<\/strong>.<\/p>\n<p style=\"text-align: justify;\">&#8211; Tambi\u00e9n se ampl\u00eda durante un a\u00f1o m\u00e1s la posibilidad de que los <strong>facultativos de atenci\u00f3n primaria, m\u00e9dicos de familia y pediatras<\/strong>, adscritos al Sistema Nacional de Salud con nombramiento estatutario o funcionario puedan <strong>compatibilizar la pensi\u00f3n contributiva de jubilaci\u00f3n con el trabajo.<\/strong><\/p>\n<p style=\"text-align: justify;\"><strong>Anexos:<\/strong><\/p>\n<p style=\"text-align: justify;\"><strong>Anexo I. <\/strong>Esta dedicado al<strong> Sistema de la Seguridad Social <\/strong>e incluye un cuadro de<strong> cuant\u00edas m\u00ednimas de las pensiones de la modalidad contributiva <\/strong>para el a\u00f1o 2026. Tambi\u00e9n fija el l\u00edmite de ingresos para el reconocimiento de cuant\u00edas m\u00ednimas de pensi\u00f3n.<\/p>\n<p style=\"text-align: justify;\"><strong>Anexo II:<\/strong> Determina para 2026 las <strong>cuant\u00edas m\u00ednimas de las pensiones de Clases Pasivas<\/strong>.<\/p>\n<p style=\"text-align: justify;\">A<strong>nexo III:<\/strong> Contiene los haberes reguladores para el <strong>c\u00e1lculo de las pensiones de<\/strong> <strong>Clases Pasivas del Estado<\/strong> que han de ser aplicados en el a\u00f1o\u00a02026.<\/p>\n<p style=\"text-align: justify;\"><strong>Entrada en vigor<\/strong>. Se produjo, como regla general, el d\u00eda de Navidad. No obstante, el cap\u00edtulo III (pensiones y otras prestaciones p\u00fablicas) producir\u00e1 efectos desde el d\u00eda\u00a01 de enero de\u00a02026.<\/p>\n<p><strong><a href=\"https:\/\/www.notariosyregistradores.com\/web\/normas\/concretas\/resumen-rdley-16-2025-tributos-seguridad-social-personas-vulnerables\/\">Ir al archivo especial.<\/a><\/strong><\/p>\n<div class=\"enlacesDoc\">\n<ul>\n<li class=\"puntoPDF\" style=\"text-align: justify;\"><a title=\"PDF firmado BOE-A-2025-26458\" href=\"https:\/\/www.boe.es\/boe\/dias\/2025\/12\/24\/pdfs\/BOE-A-2025-26458.pdf\">PDF (BOE-A-2025-26458 &#8211; 66\u00a0<abbr title=\"p\u00e1ginas\">p\u00e1gs.<\/abbr>\u00a0&#8211; 939\u00a0<abbr title=\"kilobytes\">KB<\/abbr>)<\/a> <a title=\"Versi\u00f3n HTML BOE-A-2025-26458\" href=\"https:\/\/www.boe.es\/diario_boe\/txt.php?id=BOE-A-2025-26458\">Otros formatos<\/a><\/li>\n<\/ul>\n<a class=\"mwm-aal-item\" name=\"real-decreto-ley-17-2025-bonificacion-transporte-publico\"><\/a><h6 style=\"text-align: justify;\"><span style=\"font-size: 12pt;\">Real Decreto-ley 17\/2025: bonificaci\u00f3n transporte p\u00fablico<\/span><\/h6>\n<p style=\"text-align: justify;\">Real Decreto-ley 17\/2025, de 23 de diciembre, de medidas de promoci\u00f3n del uso del transporte p\u00fablico mediante la bonificaci\u00f3n de abonos y t\u00edtulos multiviaje.<\/p>\n<p style=\"text-align: justify;\"><span style=\"color: #0000ff;\"><strong>Resumen: <\/strong>Incluye medidas de bonificaci\u00f3n de abonos y t\u00edtulos multi viaje, en parte como continuidad de las ya existentes, pero con previsi\u00f3n de un abono nominativo de tarifa \u00fanica. Medidas especiales para Canarias, Baleares, Asturias y Cantabria.<\/span><\/p>\n<p style=\"text-align: justify;\">Estas medidas son continuidad y ampliaci\u00f3n de las que se encuentran en <strong>cuatro reales decretos leyes<\/strong>, aprobados desde 2022, que se recuerdan en la exposici\u00f3n de motivos, justificando la intervenci\u00f3n de este modo en el transporte, por ser herramienta esencial para garantizar la cohesi\u00f3n social y para reducir las fuentes de emisiones de gases de efecto invernadero, de las que del transporte proviene una tercera parte de todas.<\/p>\n<p style=\"text-align: justify;\">Seg\u00fan la exposici\u00f3n de motivos, las <strong>ayudas <\/strong>que se establecen en este real decreto-ley tienen por<strong> objetivo<\/strong> afianzar la recuperaci\u00f3n de viajeros en el transporte p\u00fablico, tras la crisis sanitaria COVID-19, amortiguar los efectos de la inflaci\u00f3n y facilitar el acceso al transporte p\u00fablico a j\u00f3venes y ni\u00f1os.<\/p>\n<p style=\"text-align: justify;\">Se propone dar<strong> continuidad al sistema de ayudas que entr\u00f3 en vigor el\u00a01 de julio de\u00a02025<\/strong>, incluyendo <strong>adem\u00e1s<\/strong> un nuevo programa de ayudas que potencie la<strong> intermodalidad en el transporte<\/strong> mediante un <strong>abono de tarifa \u00fanica<\/strong> que permita utilizar los distintos modos de transporte p\u00fablico.<\/p>\n<p style=\"text-align: justify;\">El presente real decreto-ley cuenta con <strong>seis cap\u00edtulos:<\/strong><\/p>\n<p style=\"text-align: justify;\">El <strong>cap\u00edtulo\u00a0I<\/strong> recoge disposiciones relativas a los <strong>concesionarios de los servicios p\u00fablicos de transporte regular de viajeros por carretera<\/strong> competencia de la Administraci\u00f3n General del Estado.<\/p>\n<p style=\"text-align: justify;\">Se determinan los <strong>abonos y t\u00edtulos multiviaje<\/strong> que han de crear los concesionarios con validez hasta el 31 de diciembre de 2026.<\/p>\n<p style=\"text-align: justify;\">Estas ayudas pretenden, por un lado, dar <strong>continuidad<\/strong> a las ayudas establecidas para el segundo semestre de\u00a02025 en el <a href=\"https:\/\/www.notariosyregistradores.com\/web\/normas\/concretas\/resumen-rdley-1-2025-de-28-de-enero-de-medidas-economicas-transporte-seguridad-social-y-vulnerabilidad\/\">RDLey\u00a01\/2025, de\u00a028 de enero<\/a>, con la intenci\u00f3n de que, a lo largo del a\u00f1o\u00a02026 pueda establecerse un nuevo sistema de ayudas, basado en la <strong>creaci\u00f3n de un abono nominativo de tarifa \u00fanica <\/strong>(uno m\u00e1s general y otro pensado en personas de 0 a 26 a\u00f1os), que pueda ser utilizado en todos los origen-destino de las concesiones de transporte regular de viajeros por carretera competencia de la Administraci\u00f3n General del Estado, con las condiciones que se establezcan.<\/p>\n<p style=\"text-align: justify;\">El <strong>cap\u00edtulo\u00a0II<\/strong> recoge las disposiciones relativas a <strong>Renfe Viajeros<\/strong>,\u00a0S.M.E., SA. En estas disposiciones se da continuidad a las medidas recogidas en el <a href=\"https:\/\/www.notariosyregistradores.com\/web\/normas\/concretas\/resumen-rdley-1-2025-de-28-de-enero-de-medidas-economicas-transporte-seguridad-social-y-vulnerabilidad\/\">RDLey\u00a01\/2025, de\u00a028 de enero<\/a>.<\/p>\n<p style=\"text-align: justify;\">La novedad, como en el caso anterior, es la creaci\u00f3n de un <strong>abono nominativo de tarifa \u00fanica<\/strong> que podr\u00e1 utilizarse indistintamente en todos los trenes de Media Distancia, incluidos los de Media Distancia por ancho m\u00e9trico y los de Media Distancia de Rodalies, y en los n\u00facleos de Cercan\u00edas y Rodalies de la red ferroviaria de ancho convencional y de la red de ancho m\u00e9trico, declarados como obligaci\u00f3n de servicio p\u00fablico por las administraciones competentes, incluyendo el servicio Avant entre Ourense y A Coru\u00f1a que se presta sobre la red de ancho convencional, el servicio Avant entre el origen destino Madrid-Salamanca y el servicio Avant de media distancia entre Alicante y Murcia prestado sobre la red de altas prestaciones y en el servicio Avant Expr\u00e9s de Barcelona a Tortosa, excluido el origen destino Barcelona Tarragona. Se prev\u00e9 que este abono pueda utilizarse tambi\u00e9n en otros servicios de transporte.<\/p>\n<p style=\"text-align: justify;\">En el <strong>cap\u00edtulo\u00a0III<\/strong> se da continuidad a <strong>las ayudas directas al transporte colectivo urbano e interurbano<\/strong>, competencia de las <strong>comunidades aut\u00f3nomas y entidades locales<\/strong>, recogidas en el <a href=\"https:\/\/www.notariosyregistradores.com\/web\/normas\/concretas\/resumen-rdley-1-2025-de-28-de-enero-de-medidas-economicas-transporte-seguridad-social-y-vulnerabilidad\/\">RDLey\u00a01\/2025, de\u00a028 de enero<\/a>.<\/p>\n<p style=\"text-align: justify;\">El <strong>cap\u00edtulo\u00a0IV<\/strong>, dedicado exclusivamente a <strong>Canarias y Baleares<\/strong>, establece un descuento del\u00a0100\u202f% en el precio de los abonos de transporte y t\u00edtulos multiviaje del transporte p\u00fablico colectivo terrestre en dichos archipi\u00e9lagos.<\/p>\n<p style=\"text-align: justify;\">En el <strong>cap\u00edtulo\u00a0V<\/strong> se crea un <strong>t\u00edtulo multiviaje<\/strong> para los servicios de cada uno de los n\u00facleos de Cercan\u00edas de <strong>Asturias y Cantabria<\/strong> de la red ferroviaria de ancho convencional y de la red de ancho m\u00e9trico, con vigencia para cada cuatrimestre natural de\u00a02026. Ser\u00e1 gratuito para los usuarios recurrentes.<\/p>\n<p style=\"text-align: justify;\">El <strong>cap\u00edtulo\u00a0VI <\/strong>regula al <strong>r\u00e9gimen jur\u00eddico<\/strong> de todas estas ayudas a las que no les resultar\u00e1 de aplicaci\u00f3n la Ley\u00a038\/2003, de\u00a017 de noviembre, General de Subvenciones ni ning\u00fan otro requisito establecido en otras leyes para la obtenci\u00f3n de subvenciones.<\/p>\n<p style=\"text-align: justify;\">El <strong>medio de publicaci\u00f3n<\/strong> de las resoluciones de la persona titular de la Secretar\u00eda de Estado de Transportes y Movilidad Sostenible y todos los <strong>actos administrativos de los procedimientos<\/strong> establecido en este real decreto-ley, surtiendo en todo caso los efectos de <strong>notificaci\u00f3n<\/strong>, ser\u00e1 la <strong>Sede Electr\u00f3nica del Ministerio de Transportes y Movilidad Sostenible. <\/strong>Ver D. Ad. 3\u00aa.<\/p>\n<p style=\"text-align: justify;\">El RDLey finaliza con sus disposiciones finales, aludiendo a los t\u00edtulos competenciales y a las facultades de desarrollo y marcando la <strong>entrada en vigor<\/strong> de la norma, lo que tuvo lugar el d\u00eda de Navidad.<\/p>\n<\/div>\n<\/div>\n<\/div>\n<\/div>\n<\/div>\n<\/div>\n<\/div>\n<\/div>\n<\/div>\n<\/div>\n<\/div>\n<\/div>\n<\/div>\n<\/div>\n<\/div>\n<\/div>\n<\/div>\n<ul>\n<li class=\"puntoPDF\" style=\"text-align: justify;\"><a title=\"PDF firmado BOE-A-2025-26459\" href=\"https:\/\/www.boe.es\/boe\/dias\/2025\/12\/24\/pdfs\/BOE-A-2025-26459.pdf\">PDF (BOE-A-2025-26459 &#8211; 28\u00a0<abbr title=\"p\u00e1ginas\">p\u00e1gs.<\/abbr>\u00a0&#8211; 374\u00a0<abbr title=\"kilobytes\">KB<\/abbr>)<\/a> <a title=\"Versi\u00f3n HTML BOE-A-2025-26459\" href=\"https:\/\/www.boe.es\/diario_boe\/txt.php?id=BOE-A-2025-26459\">Otros formatos<\/a>\u00a0 \u00a0<a href=\"https:\/\/www.boe.es\/diario_boe\/txt.php?id=BOE-A-2026-2025\">Convalidaci\u00f3n<\/a><\/li>\n<\/ul>\n<a class=\"mwm-aal-item\" name=\"servicios-de-atencion-al-cliente\"><\/a><h6><span style=\"font-size: 12pt;\">Servicios de atenci\u00f3n al cliente<\/span><\/h6>\n<p>Ley 10\/2025, de 26 de diciembre, por la que se regulan los servicios de atenci\u00f3n a la clientela.<\/p>\n<p><span style=\"color: #0000ff;\"><strong>Resumen;<\/strong> Esta ley tiene por objeto la regulaci\u00f3n de manera integral de los servicios de atenci\u00f3n a la clientela de servicios b\u00e1sicos y de grandes empresas, estableciendo unos par\u00e1metros m\u00ednimos obligatorios de calidad, prestando una especial atenci\u00f3n a los consumidores vulnerables. El tiempo de espera en atenci\u00f3n telef\u00f3nica no deber\u00e1 rebasar los tres minutos y se podr\u00e1 pedir atenci\u00f3n personalizada (humana). La adaptaci\u00f3n se deber\u00e1 hacer antes del 28 de diciembre de 2026.<\/span><\/p>\n<p><strong><a href=\"https:\/\/www.notariosyregistradores.com\/web\/secciones\/consumo-y-derecho\/varios-cyd\/resumen-de-la-ley-10-2025-de-26-de-diciembre-por-la-que-se-regulan-los-servicios-de-atencion-a-la-clientela\/\">Ir al archivo especial.\u00a0<\/a><\/strong><\/p>\n<p style=\"text-align: justify;\">Esta Ley tiene su base constitucional en lo dispuesto en el <a href=\"https:\/\/www.notariosyregistradores.com\/web\/normas\/constitucion-espanola\/#a51\">art\u00edculo 51 de la Constituci\u00f3n<\/a>, seg\u00fan el cual los poderes p\u00fablicos deben garantizar la defensa de las personas <strong>consumidoras<\/strong> y usuarias, protegiendo, mediante procedimientos eficaces, la seguridad, la salud y los leg\u00edtimos intereses econ\u00f3micos de las mismas.<\/p>\n<p style=\"text-align: justify;\">La Ley b\u00e1sica en esta materia es el TR <strong>Ley General para la Defensa de los Consumidores y Usuarios<\/strong>. En concreto, el <a href=\"https:\/\/www.boe.es\/buscar\/act.php?id=BOE-A-2007-20555#a21\"><strong>art\u00edculo\u00a021<\/strong><\/a> contempla la <strong>obligaci\u00f3n para las empresas de que sus oficinas y servicios de informaci\u00f3n y atenci\u00f3n a la clientela aseguren a esta la constancia de sus quejas y reclamaciones <\/strong>y, si tales servicios utilizan la atenci\u00f3n telef\u00f3nica o electr\u00f3nica para llevar a cabo sus funciones, deber\u00e1n garantizar una<strong> atenci\u00f3n personal directa, <\/strong>m\u00e1s all\u00e1 de la posibilidad de utilizar complementariamente otros medios t\u00e9cnicos a su alcance. Se complementa con la <a href=\"https:\/\/www.boe.es\/buscar\/act.php?id=BOE-A-2022-3198\"><strong>Ley\u00a04\/2022, de\u00a025 de febrero<\/strong><\/a><strong>,<\/strong> para consumidores vulnerables.<\/p>\n<p style=\"text-align: justify;\">Son de especial inter\u00e9s, al respecto, ciertos servicios b\u00e1sicos como las <strong>telecomunicaciones<\/strong>, el suministro y distribuci\u00f3n de <strong>agua y energ\u00eda<\/strong>, los servicios <strong>financieros y el transporte<\/strong>.<\/p>\n<p style=\"text-align: justify;\">Adem\u00e1s, como consecuencia de la pandemia del COVID-19, se han generado importantes <strong>cambios en los h\u00e1bitos<\/strong> y din\u00e1micas de consumo de las personas consumidoras y usuarias en nuestro pa\u00eds, con un significativo aumento de las <strong>compras de bienes\u00a0<em>online<\/em><\/strong>, as\u00ed como de la <strong>contrataci\u00f3n de servicios por esta misma v\u00eda<\/strong>. Ello motiv\u00f3 que el RDLey<strong>\u00a037\/2020, de\u00a022 de diciembre<\/strong>, modificara el TR Ley General para la Defensa de los Consumidores y Usuarios para garantizar que las oficinas y servicios de informaci\u00f3n y atenci\u00f3n a la clientela sean dise\u00f1ados utilizando medios y soportes que salvaguarden los principios de<strong> accesibilidad universal<\/strong> y se prev\u00e9 que, en el supuesto de que el empresario ponga a disposici\u00f3n de los usuarios una <strong>l\u00ednea telef\u00f3nica<\/strong> relacionada con el contrato celebrado, su <strong>coste no superar\u00e1 una llamada a una l\u00ednea telef\u00f3nica fija geogr\u00e1fica o m\u00f3vil est\u00e1ndar<\/strong>, aparte de que las empresas prestadoras de servicios b\u00e1sicos deben disponer de un <strong>tel\u00e9fono gratuito de atenci\u00f3n a su clientela<\/strong>.<\/p>\n<p style=\"text-align: justify;\">Esta ley cuenta con <strong>cuatro cap\u00edtulos: <\/strong><\/p>\n<p style=\"text-align: justify;\">El <strong><a href=\"https:\/\/www.boe.es\/buscar\/act.php?id=BOE-A-2025-26698#ci\">cap\u00edtulo I<\/a><\/strong> de la ley est\u00e1 dedicado a las <strong>disposiciones generales<\/strong>.<\/p>\n<p style=\"text-align: justify;\">El <a href=\"https:\/\/www.boe.es\/buscar\/act.php?id=BOE-A-2025-26698#a1\"><strong>art\u00edculo\u00a01<\/strong><\/a> determina como <strong>objeto<\/strong> de la ley: la regulaci\u00f3n de los niveles m\u00ednimos de calidad y de la evaluaci\u00f3n de los servicios de atenci\u00f3n a la clientela de las empresas que presten determinados servicios de car\u00e1cter b\u00e1sico de inter\u00e9s general y de las grandes empresas.<\/p>\n<p style=\"text-align: justify;\">El<a href=\"https:\/\/www.boe.es\/buscar\/act.php?id=BOE-A-2025-26698#a2\"> <strong>art\u00edculo\u00a02<\/strong><\/a> delimita el <strong>\u00e1mbito de aplicaci\u00f3n<\/strong> de la ley, que resumimos:<\/p>\n<p style=\"text-align: justify;\"><strong>A) Por el tipo de servicios:<\/strong><\/p>\n<p style=\"text-align: justify;\">Se aplica a <strong>todas las empresas<\/strong>, establecidas en Espa\u00f1a o en cualquier otro Estado, que lleven a cabo la <strong>ejecuci\u00f3n efectiva de los siguientes servicios de car\u00e1cter b\u00e1sico de inter\u00e9s general<\/strong>, ofrecidos o prestados en <strong>territorio espa\u00f1ol:<\/strong><\/p>\n<p style=\"text-align: justify;\">a) Servicios de suministro y distribuci\u00f3n de <strong>agua, gas y electricidad<\/strong>;<\/p>\n<p style=\"text-align: justify;\">b) Servicios de <strong>transporte de viajeros<\/strong>: a\u00e9reo, por ferrocarril, por mar o por v\u00edas navegables, en autob\u00fas o autocar;<\/p>\n<p style=\"text-align: justify;\">c) Servicios <strong>postales<\/strong>;<\/p>\n<p style=\"text-align: justify;\">d) Servicios de <strong>comunicaciones electr\u00f3nicas<\/strong>, incluidos los servicios telef\u00f3nicos y<\/p>\n<p style=\"text-align: justify;\">e) <strong>Servicios financieros<\/strong>.<\/p>\n<p style=\"text-align: justify;\">Se incluyen en el \u00e1mbito de aplicaci\u00f3n de esta ley a las empresas prestadoras de los servicios p\u00fablicos <strong>prestados por las Administraciones p\u00fablicas<\/strong> en los sectores citados en este apartado cuando medie una relaci\u00f3n de consumo con su clientela.<\/p>\n<p style=\"text-align: justify;\"><strong>B) Por el tama\u00f1o de las empresas: <\/strong>Aunque se dediquen a la venta o prestaci\u00f3n de <strong>servicios diferentes<\/strong> a los indicados, destinados a consumidores y usuarios, esta ley ser\u00e1 de aplicaci\u00f3n a las <strong>empresas y grupos de sociedades<\/strong> con <strong>al menos 250 trabajadores<\/strong> y volumen de negocios anual superior a los 50 millones de euros.<\/p>\n<p style=\"text-align: justify;\">Esta ley ser\u00e1 tambi\u00e9n aplicable a la <strong>Administraci\u00f3n General del Estado<\/strong> y sus organismos y empresas dependientes.<\/p>\n<p style=\"text-align: justify;\">Se aplica a la <strong>oferta onerosa de<\/strong> <strong>productos y servicios<\/strong>, cuando el consumidor o usuario los contrate a <strong>cambio de una contraprestaci\u00f3n<\/strong>.<\/p>\n<p style=\"text-align: justify;\">El <a href=\"https:\/\/www.boe.es\/buscar\/act.php?id=BOE-A-2025-26698#a3\"><strong>art\u00edculo 3<\/strong><\/a> se dedica a <strong>definiciones<\/strong>: clientela, consulta, empresa, incidencia, niveles m\u00ednimos de calidad, personas con discapacidad, consumidores y consumidores vulnerables, queja o reclamaci\u00f3n, servicios de atenci\u00f3n a la clientela, soporte duradero, persona de edad avanzada (+ 65 a\u00f1os) y operador.<\/p>\n<p style=\"text-align: justify;\">El <a href=\"https:\/\/www.boe.es\/buscar\/act.php?id=BOE-A-2025-26698#a4\"><strong>art\u00edculo 4<\/strong><\/a> define los <strong>principios generales <\/strong>de los que destacamos: el servicio ha de ser <strong>gratuito<\/strong>, eficaz, universalmente accesible, inclusivo, no discriminatorio y evaluable.<\/p>\n<p style=\"text-align: justify;\"><strong>Deber\u00e1 permitir<\/strong> a la clientela:<\/p>\n<p style=\"text-align: justify;\">a) La presentaci\u00f3n de <strong>quejas, reclamaciones, incidencias o consultas<\/strong> y la recepci\u00f3n de la comunicaci\u00f3n de su resoluci\u00f3n;<\/p>\n<p style=\"text-align: justify;\">b<strong>) Reclamar con celeridad<\/strong> en caso de error, defecto, deterioro o cualquier otra incidencia;<\/p>\n<p style=\"text-align: justify;\">c) Tener <strong>constancia de las consultas<\/strong> que requieran de acciones posteriores, quejas, reclamaciones e incidencias presentadas, mediante la entrega de una clave identificativa y un justificante por escrito, en un soporte duradero a elecci\u00f3n de la clientela;<\/p>\n<p style=\"text-align: justify;\">d) Cuando resulte legalmente procedente, obtener la <strong>devoluci\u00f3n equitativa del precio<\/strong> del bien o servicio, total o parcialmente, y otras compensaciones legalmente procedentes, en caso de incumplimiento o cumplimiento defectuoso del contrato o la oferta comercial.<\/p>\n<p style=\"text-align: justify;\">e) La posibilidad de <strong>elegir<\/strong>, por parte las personas consumidoras <strong>vulnerables<\/strong> y, en especial, por parte de las personas con <strong>discapacidad<\/strong> en atenci\u00f3n a la discapacidad acreditada, el formato de comunicaci\u00f3n con el servicio de atenci\u00f3n a la clientela de.<\/p>\n<p style=\"text-align: justify;\">En el caso de las empresas <strong>prestadoras de servicios<\/strong>, el servicio de atenci\u00f3n a la clientela deber\u00e1 permitir, adem\u00e1s:<\/p>\n<p style=\"text-align: justify;\">a) Asegurarse de la <strong>naturaleza, caracter\u00edsticas, condiciones y utilidad o finalidad del servicio<\/strong> o producto contratado u ofertado de forma <strong>personalizada<\/strong> a las personas consumidoras y usuarias;<\/p>\n<p style=\"text-align: justify;\">b) Acceder a una <strong>informaci\u00f3n<\/strong> veraz, eficaz, suficiente, transparente y actualizada sobre cualquier <strong>incidencia<\/strong> surgida en torno a la normal prestaci\u00f3n del servicio;<\/p>\n<p style=\"text-align: justify;\">c) Conocer los <strong>niveles m\u00ednimos de calidad<\/strong> y los mecanismos existentes para la acreditaci\u00f3n de su cumplimiento, as\u00ed como hacer efectivas las garant\u00edas de calidad o nivel de prestaci\u00f3n ofrecidos;<\/p>\n<p style=\"text-align: justify;\">d) En el caso del suministro de <strong>energ\u00eda<\/strong>, solicitar informaci\u00f3n sobre las <strong>medidas de ahorro<\/strong> y eficiencia energ\u00e9tica, as\u00ed como las posibilidades de contratar energ\u00eda procedente de fuentes renovables.<\/p>\n<p style=\"text-align: justify;\">Las empresas asumir\u00e1n la <strong>carga de la prueba<\/strong> del cumplimiento de las obligaciones que les impone esta ley.<\/p>\n<p style=\"text-align: justify;\">Y el<a href=\"https:\/\/www.boe.es\/buscar\/act.php?id=BOE-A-2025-26698#a5\"><strong> art\u00edculo 5 <\/strong><\/a>regula c\u00f3mo ha de <strong>informarse sobre el servicio<\/strong> de atenci\u00f3n a la clientela. Los medios de interlocuci\u00f3n de atenci\u00f3n a la clientela han de figurar en los <strong>contratos<\/strong>. Y existe obligaci\u00f3n de que la respuesta a las consultas, quejas, reclamaciones e incidencias se lleve a cabo en la misma <strong>lengua<\/strong> en la que se realizaron estas.<\/p>\n<p style=\"text-align: justify;\">En el <strong><a href=\"https:\/\/www.boe.es\/buscar\/act.php?id=BOE-A-2025-26698#ci-2\">cap\u00edtulo II<\/a><\/strong> se aborda la regulaci\u00f3n de los <strong>niveles m\u00ednimos de calidad<\/strong> exigible a los servicios de atenci\u00f3n a la clientela de las empresas, regul\u00e1ndose aspectos b\u00e1sicos de estos servicios tales como los <strong>medios m\u00ednimos que las empresas<\/strong> deben poner a disposici\u00f3n de su clientela. En este sentido, se considera b\u00e1sico que el servicio se preste, al menos, a trav\u00e9s del <strong>mismo medio por el que se inici\u00f3 la relaci\u00f3n contractual<\/strong>. Tambi\u00e9n se deber\u00e1 permitir el inicio de comunicaciones por parte de la clientela a trav\u00e9s de <strong>medios de comunicaci\u00f3n a distancia<\/strong>, tales como la v\u00eda postal, telef\u00f3nica o a trav\u00e9s de medios electr\u00f3nicos.<\/p>\n<p style=\"text-align: justify;\">Se podr\u00e1 hacer uso de <strong>sistemas de inteligencia artificial<\/strong>. No obstante, la clientela deber\u00e1 poder acceder, si as\u00ed lo desea,<strong> a una atenci\u00f3n personalizada<\/strong> por parte de la empresa, que deber\u00e1 ser prestada por personas formadas para ello.<\/p>\n<p style=\"text-align: justify;\">&#8211; Se podr\u00e1 solicitar la <strong>atenci\u00f3n personalizada<\/strong> por parte de un operador (<a href=\"https:\/\/www.boe.es\/buscar\/act.php?id=BOE-A-2025-26698#a8\">art\u00edculo 8<\/a>), prohibi\u00e9ndose el empleo exclusivo de contestadores autom\u00e1ticos u otros medios an\u00e1logos.<\/p>\n<p style=\"text-align: justify;\">&#8211; La solicitud de atenci\u00f3n personalizada ser\u00e1 <strong>una opci\u00f3n en el men\u00fa principal<\/strong> del canal telef\u00f3nico.<\/p>\n<p style=\"text-align: justify;\">&#8211; Ser\u00e1 realizada directamente a trav\u00e9s de una <strong>persona f\u00edsica operadora<\/strong> que conteste en tiempo real a la clientela, que deber\u00e1 identificarse, en todo caso, al inicio de la conversaci\u00f3n.<\/p>\n<p style=\"text-align: justify;\">&#8211; La atenci\u00f3n personalizada se prestar\u00e1 a <strong>la mayor brevedad posible<\/strong> desde su solicitud por parte de la clientela, garantizando que el 95\u202f% de las solicitudes de atenci\u00f3n personalizadas sean atendidas, de media, en un plazo inferior a <strong>tres minutos<\/strong> desde que la clientela efect\u00fae la solicitud.<\/p>\n<p style=\"text-align: justify;\">&#8211; En caso de <strong>insatisfacci\u00f3n<\/strong>, cabe solicitar que se transfiera la comunicaci\u00f3n a una persona f\u00edsica <strong>supervisora<\/strong> o a un departamento espec\u00edfico de calidad, que deber\u00e1 atenderle en el transcurso de esa misma comunicaci\u00f3n. Cuando no sea posible dicha transferencia en un plazo inferior a tres minutos, la empresa podr\u00e1 <strong>contactar con posterioridad<\/strong>, siempre dentro del <strong>mismo d\u00eda laborable<\/strong> en que recibe dicha comunicaci\u00f3n.<\/p>\n<p style=\"text-align: justify;\">&#8211; Las empresas <strong>no podr\u00e1n cortar<\/strong> una comunicaci\u00f3n con el cliente por raz\u00f3n de tiempo de espera elevado.<\/p>\n<p style=\"text-align: justify;\">&#8211; Si la persona se encuentra en una comunidad aut\u00f3noma con <strong>varios idiomas oficiales<\/strong>, podr\u00e1 solicitar que se le atienda en uno de ellos si la empresa presta servicios en dicha comunidad. <a href=\"https:\/\/www.boe.es\/buscar\/act.php?id=BOE-A-2025-26698#a8\">Ver art. 8.<\/a><\/p>\n<p style=\"text-align: justify;\">Hay disposiciones espec\u00edficas respecto de la<strong> atenci\u00f3n telef\u00f3nica (<a href=\"https:\/\/www.boe.es\/buscar\/act.php?id=BOE-A-2025-26698#a1-2\">art. 10<\/a>): <\/strong><\/p>\n<p style=\"text-align: justify;\"><strong>&#8211; <\/strong>No ha de superar el <strong>coste<\/strong> de una llamada a una l\u00ednea telef\u00f3nica fija geogr\u00e1fica o m\u00f3vil est\u00e1ndar. Si el n\u00famero es de tarifaci\u00f3n especial, ha de ofrecerse uno geogr\u00e1fico o m\u00f3vil alternativo. El servicio de atenci\u00f3n a la clientela <strong>en ning\u00fan caso proporcionar\u00e1 ingresos adicionales<\/strong>, ni directos ni indirectos, a la empresa a costa de la clientela.<\/p>\n<p style=\"text-align: justify;\">&#8211; La comunicaci\u00f3n iniciada por la clientela v\u00eda telef\u00f3nica deber\u00e1 ser atendida de forma efectiva por la empresa <strong>a la mayor brevedad<\/strong>, garantizando que el 95\u202f% de las llamadas recibidas sean atendidas, de media, en un <strong>plazo inferior a tres minutos<\/strong>.<\/p>\n<p>&#8211; Para entender que una comunicaci\u00f3n ha sido <strong>atendida de forma efectiva<\/strong>, el cliente tuvo que haber podido exponer el motivo de la comunicaci\u00f3n y solicitar la atenci\u00f3n personalizada por parte de un operador.<\/p>\n<p style=\"text-align: justify;\">&#8211; En el supuesto de <strong>personas de edad avanzada <\/strong>(+65 a\u00f1os) o con <strong>discapacidad<\/strong> el canal telef\u00f3nico deber\u00e1 ofrecerse y garantizarse la <strong>atenci\u00f3n prioritaria<\/strong> respecto de otras personas consumidoras y usuarias.<\/p>\n<p style=\"text-align: justify;\">Este cap\u00edtulo (<a href=\"https:\/\/www.boe.es\/buscar\/act.php?id=BOE-A-2025-26698#a1-3\">arts 11 y ss<\/a>) tambi\u00e9n contempla los requisitos m\u00ednimos para la <strong>tramitaci\u00f3n y resoluci\u00f3n de las consultas, quejas, reclamaciones e incidencias<\/strong>. Podr\u00e1 utilizarse el mismo canal a trav\u00e9s del que se inici\u00f3 la relaci\u00f3n contractual, as\u00ed como, al menos, la v\u00eda postal, telef\u00f3nica y por un medio de comunicaci\u00f3n electr\u00f3nica.<\/p>\n<p style=\"text-align: justify;\">Los servicios de atenci\u00f3n a la clientela comunicar\u00e1n a la clientela, durante la interlocuci\u00f3n relacionada con cada consulta, en su caso, queja, reclamaci\u00f3n o incidencia, la <strong>clave identificativa<\/strong> de la misma, de modo que la simple referencia a esta permita a la clientela seguir el estado de su tramitaci\u00f3n. Sobre la posibilidad de solicitar un justificante, ver <a href=\"https:\/\/www.boe.es\/buscar\/act.php?id=BOE-A-2025-26698#a1-4\">art. 12<\/a>.<\/p>\n<p style=\"text-align: justify;\">La <strong>resoluci\u00f3n<\/strong> de las consultas, quejas, reclamaciones o incidencias deber\u00e1 estar debidamente <strong>motivada<\/strong>. extendi\u00e9ndose la contestaci\u00f3n a todas las cuestiones expuestas. La respuesta se realizar\u00e1 a trav\u00e9s del <strong>mismo medio<\/strong> en que se present\u00f3 u otro que elija la clientela. de los ofrecidos por la empresa y en la misma lengua. De no acceder a lo solicitado, la empresa deber\u00e1 informar sobre los<strong> sistemas de resoluci\u00f3n extrajudicial de conflictos. Ver<a href=\"https:\/\/www.boe.es\/buscar\/act.php?id=BOE-A-2025-26698#a1-5\"> art. 13<\/a>.<\/strong><\/p>\n<p style=\"text-align: justify;\">Tienen estos <strong>plazos de resoluci\u00f3n <\/strong>(<a href=\"https:\/\/www.boe.es\/buscar\/act.php?id=BOE-A-2025-26698#a1-9\">art. 17<\/a>):<\/p>\n<p style=\"text-align: justify;\">&#8211; Como <strong>regla general<\/strong>, el plazo m\u00e1ximo es de quince d\u00edas h\u00e1biles desde su presentaci\u00f3n, salvo que la normativa sectorial establezca un plazo distinto.<\/p>\n<p style=\"text-align: justify;\">&#8211; En contratos de tracto sucesivo vinculados a los <strong>servicios de car\u00e1cter b\u00e1sico<\/strong> de inter\u00e9s general indicados en el art\u00edculo 2, las consultas o incidencias que versen sobre la continuidad del servicio, tales como cortes o suspensi\u00f3n del servicio, deber\u00e1n ser respondidas en el plazo m\u00e1ximo de <strong>dos horas<\/strong>, proporcionando la informaci\u00f3n de que se disponga sobre las causas que han provocado la incidencia y han afectado a la continuidad del servicio, as\u00ed como del plazo estimado para la restauraci\u00f3n del servicio.<\/p>\n<p style=\"text-align: justify;\">&#8211; Si son est\u00e1n relacionados con <strong>facturaci\u00f3n<\/strong> o cobros indebidos deber\u00e1n ser respondidas en el plazo m\u00e1ximo de <strong>cinco d\u00edas<\/strong>.<\/p>\n<p class=\"parrafo\" style=\"text-align: justify;\">El horario del servicio atenci\u00f3n al cliente se ajustar\u00e1 al <strong>horario comercial de la empresa<\/strong>, tanto realice su actividad a trav\u00e9s de establecimientos f\u00edsicos o por v\u00eda electr\u00f3nica.\u00a0<\/p>\n<p class=\"parrafo\" style=\"text-align: justify;\"><span style=\"color: #000000;\">&#8211; No obstante, para los <strong>servicios b\u00e1sicos<\/strong> de inter\u00e9s general (apartado 1 del <a href=\"https:\/\/www.boe.es\/buscar\/act.php?id=BOE-A-2025-26698#a2\">art\u00edculo 2)<\/a>, que se presten de forma continuada, el servicio de atenci\u00f3n a la clientela estar\u00e1 disponible <strong>24 horas al d\u00eda<\/strong>, todos los d\u00edas del a\u00f1o, para la comunicaci\u00f3n de incidencias relativas a la continuidad del servicio.<\/span><\/p>\n<p style=\"text-align: justify;\">&#8211; El servicio de atenci\u00f3n a la clientela deber\u00e1 estar claramente identificado y <strong>diferenciado de las otras actividades de la empresa<\/strong>, como la atenci\u00f3n comercial.<\/p>\n<p style=\"text-align: justify;\">El <strong><a href=\"https:\/\/www.boe.es\/buscar\/act.php?id=BOE-A-2025-26698#ci-3\">cap\u00edtulo III<\/a><\/strong> se dedica a los <strong>Sistemas de evaluaci\u00f3n<\/strong> del nivel de calidad del servicio, con <strong>auditor\u00edas<\/strong> de periodicidad anual que deber\u00e1n de ser llevadas a cabo por una empresa auditora debidamente acreditada por la Entidad Nacional de Acreditaci\u00f3n.<\/p>\n<p style=\"text-align: justify;\">Y el <strong><a href=\"https:\/\/www.boe.es\/buscar\/act.php?id=BOE-A-2025-26698#ci-4\">cap\u00edtulo IV<\/a><\/strong> est\u00e1 dedicado al <strong>r\u00e9gimen de infracciones y sanciones<\/strong>. Se prev\u00e9 al respecto que el incumplimiento de las obligaciones impuestas en la ley constituye infracci\u00f3n en materia de protecci\u00f3n de los derechos e intereses de las personas consumidoras y usuarias, sancion\u00e1ndose por las autoridades competentes conforme a lo previsto en el TR Ley General para la Defensa de los Consumidores y Usuarios, as\u00ed como en la legislaci\u00f3n auton\u00f3mica que resulte de aplicaci\u00f3n.<\/p>\n<p style=\"text-align: justify;\">La <strong>disposici\u00f3n transitoria \u00fanica<\/strong>, que establece un per\u00edodo de <strong>doce meses<\/strong> desde la entrada en vigor de la misma para la adaptaci\u00f3n a las novedades establecidas (curiosamente, la exposici\u00f3n de motivos dice que son seis meses).<\/p>\n<p style=\"text-align: justify;\">Las <strong>disposiciones finales<\/strong> modifican diversas <strong>leyes:<\/strong><\/p>\n<p style=\"text-align: justify;\">&#8211; La Ley\u00a03\/1991, de\u00a010 de enero, de <strong>Competencia Desleal<\/strong>, a cuyo <a href=\"https:\/\/www.boe.es\/buscar\/act.php?id=BOE-A-1991-628#a27\">art\u00edculo\u00a027<\/a> se le a\u00f1ade una nueva pr\u00e1ctica considerada como desleal por enga\u00f1osa: <strong>dirigirse a los consumidores de forma individualizada<\/strong> y personalizada sin informar en la misma comunicaci\u00f3n de los par\u00e1metros utilizados para dicha personalizaci\u00f3n.<\/p>\n<p style=\"text-align: justify;\">&#8211; La <strong>Ley General para la Defensa de los Consumidores y Usuarios<\/strong>, donde se modifican los apartados\u00a01 y\u00a04 del <a href=\"https:\/\/www.boe.es\/buscar\/act.php?id=BOE-A-2007-20555#a20\">art\u00edculo\u00a020<\/a> para incluir una previsi\u00f3n que permite al consumidor o usuario <strong>conocer todos los componentes que incluye el precio final completo <\/strong>y que permitir\u00e1n comprobar su exactitud. Tambi\u00e9n se recoge una previsi\u00f3n sobre las <strong>rese\u00f1as<\/strong> que permite aumentar su fiabilidad al obligar al empresario a garantizar que las rese\u00f1as publicadas han sido efectuadas por consumidores y usuarios que verdaderamente han utilizado o adquirido el bien o servicio. Se modifica por su parte el <a href=\"https:\/\/www.boe.es\/buscar\/act.php?id=BOE-A-2007-20555#a62\">art\u00edculo\u00a062<\/a> para garantizar que la <strong>voluntad<\/strong> del consumidor o usuario se manifiesta de forma <strong>inequ\u00edvoca<\/strong>. Se modifican los <a href=\"https:\/\/www.boe.es\/buscar\/act.php?id=BOE-A-2007-20555#a47\">art\u00edculos 47 y 48<\/a> en materia de infracciones. Y el <a href=\"https:\/\/www.boe.es\/buscar\/act.php?id=BOE-A-2007-20555#a97\">art\u00edculo 97<\/a> sobre informaci\u00f3n precontractual de los <strong>contratos a distancia<\/strong> (precio personalizado y duraci\u00f3n).<\/p>\n<p style=\"text-align: justify;\">&#8211; La <a href=\"https:\/\/www.boe.es\/buscar\/act.php?id=BOE-A-2002-22807\">Ley\u00a044\/2002, de\u00a022 de noviembre, de <strong>Medidas de Reforma del Sistema Financiero<\/strong><\/a>. Se elevan los niveles de protecci\u00f3n a la clientela, en l\u00ednea con la presente norma, pero asegurando la <strong>prevalencia de la normativa sectorial<\/strong>. Los servicios de atenci\u00f3n a la clientela, en este sector, podr\u00e1n <strong>resolver tambi\u00e9n las quejas y reclamaciones<\/strong> que se deriven de incidencias o consultas no resueltas satisfactoriamente por la oficina o departamento que hubiera prestado el servicio. Adem\u00e1s, si la petici\u00f3n no fuera atendida o fuera desestimada, se podr\u00e1 acudir a los servicios de reclamaciones del Banco de Espa\u00f1a, de la Comisi\u00f3n Nacional del Mercado de Valores y de la Direcci\u00f3n General de Seguros y Fondos de Pensiones. Se ha de aplicar al \u00e1mbito del servicio de atenci\u00f3n al cliente el <strong>principio de prestaci\u00f3n personalizada<\/strong> de servicios financieros, que debe tener en consideraci\u00f3n circunstancias personales de los clientes, como la edad, la situaci\u00f3n de discapacidad, la condici\u00f3n de persona extranjera y su situaci\u00f3n administrativa y el nivel de competencias digitales, adem\u00e1s de las caracter\u00edsticas de la zona geogr\u00e1fica en la que reside, entre otras.<\/p>\n<p style=\"text-align: justify;\">&#8211; Y la Ley\u00a011\/2022, de\u00a028 de junio, <strong>General de Telecomunicaciones<\/strong>. para adaptar el contenido de la ley al sector de las telecomunicaciones teniendo en consideraci\u00f3n las particularidades del mismo. Afecta al <a href=\"https:\/\/www.boe.es\/buscar\/act.php?id=BOE-A-2022-10757#a6-7\">art\u00edculo 65<\/a>: <strong>Derechos<\/strong> espec\u00edficos de los <strong>usuarios<\/strong> finales y consumidores de redes y servicios de comunicaciones electr\u00f3nicas disponibles al p\u00fablico.<\/p>\n<p style=\"text-align: justify;\">Finalmente, se determinan los t\u00edtulos competenciales, las facultades de desarrollo y su <strong>entrada en vigor<\/strong>, que tuvo lugar el <strong>28 de diciembre, de 2025<\/strong>, pero, por la disposici\u00f3n transitoria, el <strong>plazo para adaptar los servicios de atenci\u00f3n al cliente<\/strong> a la nueva ley concluye el <strong>28 de diciembre de 2026<\/strong>.<\/p>\n<p><strong><a href=\"https:\/\/www.notariosyregistradores.com\/web\/secciones\/consumo-y-derecho\/varios-cyd\/resumen-de-la-ley-10-2025-de-26-de-diciembre-por-la-que-se-regulan-los-servicios-de-atencion-a-la-clientela\/\">Ir al archivo especial.\u00a0<\/a><\/strong><\/p>\n<ul>\n<li class=\"puntoPDF\"><a title=\"PDF firmado BOE-A-2025-26698\" href=\"https:\/\/www.boe.es\/boe\/dias\/2025\/12\/27\/pdfs\/BOE-A-2025-26698.pdf\">PDF (BOE-A-2025-26698 &#8211; 36\u00a0<abbr title=\"p\u00e1ginas\">p\u00e1gs.<\/abbr>\u00a0&#8211; 415\u00a0<abbr title=\"kilobytes\">KB<\/abbr>)<\/a> <a title=\"Versi\u00f3n HTML BOE-A-2025-26698\" href=\"https:\/\/www.boe.es\/diario_boe\/txt.php?id=BOE-A-2025-26698\">Otros formatos<\/a><\/li>\n<\/ul>\n<a class=\"mwm-aal-item\" name=\"oficina-de-patentes-y-marcas-estatuto\"><\/a><h6><span style=\"font-size: 12pt;\">Oficina de Patentes y Marcas: Estatuto<\/span><\/h6>\n<p>Real Decreto 1186\/2025, de 26 de diciembre, por el que se aprueba el Estatuto de la Oficina Espa\u00f1ola de Patentes y Marcas, O.A., y se modifica el Reglamento para la ejecuci\u00f3n de la Ley 24\/2015, de 24 de julio, de Patentes, aprobado por el Real Decreto 316\/2017, de 31 de marzo.<\/p>\n<p style=\"text-align: justify;\"><span style=\"color: #0000ff;\"><strong>Resumen<\/strong>: Se publica un nuevo estatuto de la OEPM que gestiona los Registros de Patentes, de Patentes Secretas, de Marcas, de Dise\u00f1os y de topograf\u00edas de productos semiconductores. Tambi\u00e9n se modifica el Reglamento de Patentes, que afecta a cuatro art\u00edculos relativos al contenido de la publicaci\u00f3n en el Bolet\u00edn Oficial de la Propiedad Industrial de diferentes actos en los procedimientos de concesi\u00f3n de patentes.<\/span><\/p>\n<p style=\"text-align: justify;\">La <strong>Oficina Espa\u00f1ola de Patentes y Marcas <\/strong>(OEPM), es la heredera de una serie hist\u00f3rica de instituciones estatales que han procurado de diversas maneras la protecci\u00f3n, el fomento y la recopilaci\u00f3n de la capacidad inventiva y el conocimiento t\u00e9cnico industrial en Espa\u00f1a.<\/p>\n<p style=\"text-align: justify;\">la <a href=\"https:\/\/www.boe.es\/buscar\/act.php?id=BOE-A-1975-9248\">Ley\u00a017\/1975, de\u00a02 de mayo<\/a>, que sigue vigente, dispuso la creaci\u00f3n del <strong>Registro de la Propiedad Industrial<\/strong> como organismo aut\u00f3nomo, <strong>renombrado<\/strong> a su denominaci\u00f3n actual como \u00ab<strong>Oficina Espa\u00f1ola de Patentes y Marcas\u00bb<\/strong> por la <a href=\"https:\/\/www.boe.es\/buscar\/act.php?id=BOE-A-1992-17363\">Ley\u00a021\/1992, de\u00a016 de julio, de Industria<\/a>.<\/p>\n<p style=\"text-align: justify;\">Para el cumplimiento de los fines de la Oficina \u2013adem\u00e1s de las leyes, reglamentos y tratados internacionales que regulan sustantivamente la propiedad industrial\u2013 un elemento fundamental lo constituye su <strong>Estatuto<\/strong>, como norma reglamentaria de desarrollo de los aspectos organizativos y de funcionamiento contenidos en la Ley\u00a017\/1975, de\u00a02 de mayo, y que se encontraba en el Real Decreto\u00a01270\/1997, de\u00a024 de julio, ahora derogado.<\/p>\n<p style=\"text-align: justify;\">Entre las leyes sustantivas principales sobre la materia se encuentra la <a href=\"https:\/\/www.boe.es\/buscar\/act.php?id=BOE-A-2001-23093\"><strong>Ley\u00a017\/2001, de\u00a07 de diciembre, de Marcas<\/strong><\/a>, que protege, como derechos de propiedad industrial, las marcas y los nombres comerciales.<\/p>\n<p style=\"text-align: justify;\">En 2015 se public\u00f3 la <strong>Ley del Sector P\u00fablico<\/strong>, quedando desde entonces pendiente la adaptaci\u00f3n de la OEPM a su regulaci\u00f3n, como organismo aut\u00f3nomo que forma parte del sector p\u00fablico institucional, lo que hace necesaria la aprobaci\u00f3n de un <a href=\"https:\/\/www.boe.es\/buscar\/act.php?id=BOE-A-2025-27007#es\"><strong>nuevo Estatuto<\/strong><\/a>.<\/p>\n<p style=\"text-align: justify;\">Destacamos las siguientes novedades:<\/p>\n<p style=\"text-align: justify;\">&#8211; una mayor concreci\u00f3n en la <strong>definici\u00f3n de las actividades del organismo y de sus \u00f3rganos<\/strong><\/p>\n<p style=\"text-align: justify;\">&#8211; se regula la figura de la <strong>Presidencia<\/strong> como \u00f3rgano unipersonal de gobierno del organismo<\/p>\n<p style=\"text-align: justify;\">&#8211; se introduce la figura del <strong>Consejo Rector<\/strong>, como nuevo \u00f3rgano de gobierno<\/p>\n<p style=\"text-align: justify;\">&#8211; se regula la figura de la <strong>Direcci\u00f3n<\/strong> como \u00f3rgano ejecutivo del organismo<\/p>\n<p style=\"text-align: justify;\">&#8211; a nivel funcional, se a\u00f1ade la <strong>facultad de participaci\u00f3n en sociedades mercantiles<\/strong> y otras entidades<\/p>\n<p style=\"text-align: justify;\">&#8211; se especifica en un mismo art\u00edculo <strong>el fin de la v\u00eda administrativa<\/strong> y r\u00e9gimen de impugnaci\u00f3n de los actos de los distintos \u00f3rganos del organismo<\/p>\n<p style=\"text-align: justify;\">&#8211; y, a lo largo de todo el articulado, se procura un adecuado reflejo del papel que la <strong>dimensi\u00f3n internacional<\/strong> de la propiedad industrial tiene en la actuaci\u00f3n de la OEPM.<\/p>\n<p style=\"text-align: justify;\">Del contenido de sus 21 art\u00edculos, rese\u00f1amos:<\/p>\n<p style=\"text-align: justify;\">La Oficina Espa\u00f1ola de Patentes y Marcas, O.A. (OEPM), es un <strong>organismo aut\u00f3nomo<\/strong> de los previstos en el\u00a0<a href=\"https:\/\/www.boe.es\/buscar\/act.php?id=BOE-A-2015-10566#a98\">art\u00edculo 98 de la Ley del Sector P\u00fablico<\/a>, adscrito al Ministerio de Industria y Turismo a trav\u00e9s de la Subsecretar\u00eda.<\/p>\n<p style=\"text-align: justify;\">La OEPM tiene <strong>personalidad jur\u00eddica propia<\/strong>, patrimonio y tesorer\u00eda propios, autonom\u00eda en su gesti\u00f3n y capacidad de obrar para el cumplimiento de sus fines.<\/p>\n<p style=\"text-align: justify;\">Tiene su sede en <strong>Madrid<\/strong> y desarrolla sus actividades en todo el territorio nacional.<\/p>\n<p style=\"text-align: justify;\">La OEPM <strong>se rige por<\/strong> lo previsto en<\/p>\n<p style=\"text-align: justify;\">&#8211; la\u00a0<a href=\"https:\/\/www.boe.es\/buscar\/act.php?id=BOE-A-1975-9248\">Ley 17\/1975, de 2 de mayo<\/a>, sobre creaci\u00f3n del Organismo aut\u00f3nomo \u00abRegistro de la Propiedad Industrial\u00bb;<\/p>\n<p style=\"text-align: justify;\">&#8211; en la\u00a0<a href=\"https:\/\/www.boe.es\/buscar\/act.php?id=BOE-A-2015-10566\">Ley 40\/2015, de 1 de octubre<\/a> y en la\u00a0<a href=\"https:\/\/www.boe.es\/buscar\/act.php?id=BOE-A-2015-10565\">Ley 39\/2015, de 1 de octubre<\/a><\/p>\n<p style=\"text-align: justify;\">&#8211; en este Estatuto;<\/p>\n<p style=\"text-align: justify;\">&#8211; en la\u00a0<a href=\"https:\/\/www.boe.es\/buscar\/act.php?id=BOE-A-2003-21614\">Ley 47\/2003, de 26 de noviembre<\/a>, General Presupuestaria;<\/p>\n<p style=\"text-align: justify;\">&#8211; en la\u00a0<a href=\"https:\/\/www.boe.es\/buscar\/act.php?id=BOE-A-2017-12902\">Ley 9\/2017, de 8 de noviembre<\/a>, de Contratos del Sector P\u00fablico,<\/p>\n<p style=\"text-align: justify;\">&#8211; en la\u00a0<a href=\"https:\/\/www.boe.es\/buscar\/act.php?id=BOE-A-2003-20254\">Ley 33\/2003, de 3 de noviembre<\/a>, del Patrimonio de las Administraciones P\u00fablicas;<\/p>\n<p style=\"text-align: justify;\">&#8211; y en el resto de las normas de derecho administrativo y, en su defecto, se aplicar\u00e1 el derecho com\u00fan.<\/p>\n<p style=\"text-align: justify;\">Asimismo, la OEPM se rige en su actuaci\u00f3n por la normativa sectorial en materia de propiedad industrial, principalmente, la\u00a0<a href=\"https:\/\/www.boe.es\/buscar\/act.php?id=BOE-A-2015-8328\">Ley 24\/2015, de 24 de julio<\/a>, de <strong>Patentes<\/strong>; la\u00a0<a href=\"https:\/\/www.boe.es\/buscar\/act.php?id=BOE-A-2003-13615\">Ley 20\/2003, de 7 de julio<\/a>, de Protecci\u00f3n Jur\u00eddica del <strong>Dise\u00f1o Industrial<\/strong>; la\u00a0<a href=\"https:\/\/www.boe.es\/buscar\/act.php?id=BOE-A-2001-23093\">Ley 17\/2001, de 7 de diciembre<\/a>, de <strong>Marcas<\/strong>; la\u00a0<a href=\"https:\/\/www.boe.es\/buscar\/act.php?id=BOE-A-1988-11074\">Ley 11\/1988, de 3 de mayo<\/a>, de Protecci\u00f3n Jur\u00eddica de las topograf\u00edas de los productos <strong>semiconductores<\/strong>; as\u00ed como su normativa reglamentaria de desarrollo.<\/p>\n<p style=\"text-align: justify;\">\u00a0La OEPM tambi\u00e9n rige su actuaci\u00f3n y funcionamiento por lo previsto en los <strong>tratados y convenios internacionales<\/strong> en materia de propiedad industrial, as\u00ed como por la normativa de la <strong>Uni\u00f3n Europea<\/strong> aplicable y, a estos efectos, respecto a diversos reglamentos la cualidad de <strong>\u00ab<\/strong>oficina central de la propiedad industrial de estado miembro\u00bb<\/p>\n<p style=\"text-align: justify;\">Entre sus <strong>funciones<\/strong>, se encuentran:<\/p>\n<p style=\"text-align: justify;\">a) Las actuaciones administrativas encaminadas al reconocimiento y mantenimiento de la <strong>protecci\u00f3n registral<\/strong> a las diversas manifestaciones o <strong>modalidades de la propiedad industrial<\/strong> \u2013invenciones, creaciones de forma, signos distintivos y topograf\u00edas de productos semiconductores\u2013, comprendiendo la tramitaci\u00f3n y resoluci\u00f3n de expedientes, las anotaciones para constancia y la conservaci\u00f3n y publicidad de la documentaci\u00f3n.<\/p>\n<p style=\"text-align: justify;\">2.\u00ba, Gestionar el <strong>Registro de Patentes<\/strong>, el Registro de <strong>Patentes Secretas<\/strong>, el Registro de<strong> Marcas<\/strong>, el Registro de <strong>Dise\u00f1os<\/strong> y el Registro de topograf\u00edas de productos <strong>semiconductores<\/strong> como registros p\u00fablicos de car\u00e1cter \u00fanico en todo el territorio nacional, para la inscripci\u00f3n de los t\u00edtulos de propiedad industrial \u2013y actos o negocios jur\u00eddicos sobre los mismos\u2013 que establezca la legislaci\u00f3n sectorial vigente.<\/p>\n<p style=\"text-align: justify;\">3.\u00ba Publicar el \u00ab<strong>Bolet\u00edn Oficial de la Propiedad Industrial<\/strong>\u00bb (BOPI).<\/p>\n<p style=\"text-align: justify;\">4.\u00ba Ejercer las competencias que la normativa le atribuye en relaci\u00f3n con el ejercicio y habilitaci\u00f3n de la actividad profesional de los <strong>Agentes de la Propiedad Industrial<\/strong>, incluyendo el examen de aptitud y la gesti\u00f3n del Registro Especial de Agentes de la Oficina Espa\u00f1ola de Patentes y Marcas (REA).<\/p>\n<p style=\"text-align: justify;\">b) <strong>Difundir<\/strong>, de forma peri\u00f3dica, la informaci\u00f3n tecnol\u00f3gica objeto de registro.<\/p>\n<p style=\"text-align: justify;\">c) Aplicar, dentro de su competencia, los <strong>convenios internacionales<\/strong> vigentes en materia de propiedad industrial.<\/p>\n<p style=\"text-align: justify;\">f) Desempe\u00f1ar, como <strong>instituci\u00f3n mediadora y arbitral<\/strong>,<\/p>\n<p style=\"text-align: justify;\">Este real decreto tambi\u00e9n<strong> modifica el Reglamento de Patentes<\/strong> (<a href=\"https:\/\/www.boe.es\/buscar\/act.php?id=BOE-A-2017-3550\"><strong>RD\u00a0316\/2017, de\u00a031 de marzo<\/strong><\/a><strong>)<\/strong>, afectando a cuatro art\u00edculos relativos al contenido de la publicaci\u00f3n en el Bolet\u00edn Oficial de la Propiedad Industrial de diferentes actos en los procedimientos de concesi\u00f3n de patentes:<\/p>\n<p style=\"text-align: justify;\">&#8211; El <a href=\"https:\/\/www.boe.es\/buscar\/act.php?id=BOE-A-2017-3550#a3-3\">art\u00edculo 31<\/a>: Publicaci\u00f3n de la solicitud y del informe sobre el estado de la t\u00e9cnica.<\/p>\n<p style=\"text-align: justify;\">&#8211; El <a href=\"https:\/\/www.boe.es\/buscar\/act.php?id=BOE-A-2017-3550#a3-7\">art\u00edculo 35<\/a>: Concesi\u00f3n de la patente.<\/p>\n<p style=\"text-align: justify;\">&#8211; El <a href=\"https:\/\/www.boe.es\/buscar\/act.php?id=BOE-A-2017-3550#a3-11\">art\u00edculo 39<\/a>: Examen de las oposiciones y resoluci\u00f3n.<\/p>\n<p style=\"text-align: justify;\">&#8211; Y el <a href=\"https:\/\/www.boe.es\/buscar\/act.php?id=BOE-A-2017-3550#a6-4\">art\u00edculo 62<\/a>: Examen de las oposiciones.<\/p>\n<p style=\"text-align: justify;\"><strong>Entr\u00f3 en vigor<\/strong> el 31 de diciembre de 2025.<\/p>\n<ul>\n<li class=\"puntoPDF\" style=\"text-align: justify;\"><a title=\"PDF firmado BOE-A-2025-27007\" href=\"https:\/\/www.boe.es\/boe\/dias\/2025\/12\/30\/pdfs\/BOE-A-2025-27007.pdf\">PDF (BOE-A-2025-27007 &#8211; 20\u00a0<abbr title=\"p\u00e1ginas\">p\u00e1gs.<\/abbr>\u00a0&#8211; 312\u00a0<abbr title=\"kilobytes\">KB<\/abbr>)<\/a> <a title=\"Versi\u00f3n HTML BOE-A-2025-27007\" href=\"https:\/\/www.boe.es\/diario_boe\/txt.php?id=BOE-A-2025-27007\">Otros formatos<\/a><\/li>\n<\/ul>\n<a class=\"mwm-aal-item\" name=\"modelo-arrendamientos-de-corta-duracion\"><\/a><h6 style=\"text-align: justify;\"><span style=\"font-size: 12pt;\">Modelo arrendamientos de corta duraci\u00f3n<\/span><\/h6>\n<p style=\"text-align: justify;\">Orden VAU\/1560\/2025, de 22 de diciembre, por la que se aprueba el modelo informativo para cada categor\u00eda y tipo de arrendamientos sujetos al art\u00edculo 10.4 del Real Decreto 1312\/2024, de 23 de diciembre, por el que se regula el procedimiento de Registro \u00danico de Arrendamientos y se crea la Ventanilla \u00danica Digital de Arrendamientos para la recogida y el intercambio de datos relativos a los servicios de alquiler de alojamientos de corta duraci\u00f3n.<\/p>\n<p style=\"text-align: justify;\"><span style=\"color: #0000ff;\"><strong>Resumen: <\/strong>Se aprueba el modelo informativo de arrendamientos de corta duraci\u00f3n que ha de presentarse cada 12 meses para la renovaci\u00f3n del NRUA. El modelo que recoja la informaci\u00f3n correspondiente a 2025 ha de presentarse durante el mes de febrero de 2026.<\/span><\/p>\n<p style=\"text-align: justify;\">El <a href=\"https:\/\/www.boe.es\/buscar\/doc.php?id=DOUE-L-2024-80593\"><strong>Reglamento (UE) 2024\/1028, de\u00a011 de abril de\u00a02024<\/strong><\/a>, sobre la recogida y el intercambio de datos relativos a los servicios de alquiler de alojamientos de corta duraci\u00f3n, establece normas armonizadas sobre el intercambio de datos relativos a los <strong>servicios de alquiler de corta duraci\u00f3n<\/strong> para facilitar el acceso por parte de las autoridades p\u00fablicas a informaci\u00f3n fiable sobre estos servicios.<\/p>\n<p style=\"text-align: justify;\">Los Estados miembros pueden regular <strong>procedimientos de registro para las unidades situadas en su territorio<\/strong>, lo que implicar\u00e1, a su vez, la creaci\u00f3n de una ventanilla \u00fanica digital que funcione en el conjunto del Estado para la recepci\u00f3n y transmisi\u00f3n de los datos.<\/p>\n<p style=\"text-align: justify;\">La aplicaci\u00f3n en Espa\u00f1a del Regramento 2024\/1028 se ha articulado a trav\u00e9s del <strong>Real Decreto\u00a01312\/2024, de\u00a023 de diciembre<\/strong>, por el que se regula el procedimiento de Registro \u00danico de Arrendamientos y se crea la Ventanilla \u00danica Digital de Arrendamientos para la recogida y el intercambio de datos relativos a los servicios de alquiler de alojamientos de corta duraci\u00f3n. Ver <a href=\"https:\/\/www.notariosyregistradores.com\/web\/secciones\/oficina-registral\/varios-o-r\/registro-unico-de-arrendamientos-y-alquiler-de-corta-duracion\/\"><strong>resumen<\/strong><\/a>.<\/p>\n<p style=\"text-align: justify;\">Seg\u00fan este RD, el <strong>procedimiento de registro \u00fanico se residencia en el Registro de la Propiedad<\/strong> y en el de Bienes Muebles, mientras que la <strong>Ventanilla \u00danica Digital<\/strong> de Arrendamientos depende del Ministerio de Vivienda y Agenda Urbana, a trav\u00e9s de la Direcci\u00f3n General de Planificaci\u00f3n y Evaluaci\u00f3n.<\/p>\n<p style=\"text-align: justify;\">Conforme al <a href=\"https:\/\/www.boe.es\/buscar\/act.php?id=BOE-A-2024-26931#a8\">art\u00edculo 8<\/a>, el procedimiento de registro \u00fanico de arrendamientos <strong>se regir\u00e1<\/strong> por lo dispuesto en el <a href=\"https:\/\/www.boe.es\/buscar\/doc.php?id=DOUE-L-2024-80593\"><strong>Reglamento (UE) 2024\/1028, de\u00a011 de abril de\u00a02024<\/strong><\/a>, por el propio Real Decreto\u00a01312\/2024, de\u00a023 de diciembre, y supletoriamente, por la legislaci\u00f3n hipotecaria.<\/p>\n<p style=\"text-align: justify;\">Y, en aplicaci\u00f3n del <a href=\"https:\/\/www.boe.es\/buscar\/act.php?id=BOE-A-2024-26931#a1-2\">art\u00edculo\u00a010.4<\/a>, <strong>cada doce meses, deber\u00e1 aportarse el modelo informativo de arrendamientos de corta duraci\u00f3n<\/strong> aprobado por orden ministerial para cada categor\u00eda y tipo de arrendamiento, y que recoger\u00e1, al menos, un <strong>listado<\/strong> anonimizado de los arrendamientos constituidos, as\u00ed como la <strong>identificaci\u00f3n de una finalidad distinta<\/strong> de la del arrendamiento de vivienda regulado en el <a href=\"https:\/\/www.notariosyregistradores.com\/web\/normas\/ley-de-arrendamientos-urbanos\/#a2\">art\u00edculo\u00a02 LAU<\/a>, deriv\u00e1ndose \u00e9sta de causas de car\u00e1cter temporal, tales como las vacacionales o tur\u00edsticas, las laborales, de estudios, de tratamiento m\u00e9dico o <strong>cualquier otra que no suponga una necesidad de vivienda de car\u00e1cter permanente de la persona arrendataria<\/strong>.<\/p>\n<p style=\"text-align: justify;\">A los efectos de la <strong>comprobaci\u00f3n de esta finalidad<\/strong>, en caso de que existieran dudas fundadas sobre la realidad de la misma, podr\u00e1 ser <strong>requerido por el registrador<\/strong> cualquier <strong>documentaci\u00f3n<\/strong> acreditativa complementaria, lo que exigir\u00e1 que las personas interesadas hayan conservado la documentaci\u00f3n necesaria y la tengan a disposici\u00f3n en el momento de depositar el modelo informativo en el Registro.<\/p>\n<p style=\"text-align: justify;\">En caso de que del modelo informativo resulte que se ha utilizado el n\u00famero de registro para <strong>usos distintos<\/strong> de los que correspondan a <strong>su categor\u00eda y tipo<\/strong>, el registrador retirar\u00e1 el n\u00famero de registro correspondiente, lo que determinar\u00e1 la cancelaci\u00f3n de la nota marginal <a href=\"https:\/\/www.boe.es\/buscar\/act.php?id=BOE-A-2024-26931#a1-2\">(art. 10.5)<\/a>.<\/p>\n<p style=\"text-align: justify;\">El <strong>modelo<\/strong> que se aprueba mediante esta orden, y que puede ser presentado tanto en <strong>formato papel como por medios electr\u00f3nicos<\/strong>, contin\u00faa con el formato establecido en otros casos similares, como los modelos de dep\u00f3sito de cuentas mercantiles o las legalizaciones de libros de registro.<\/p>\n<p style=\"text-align: justify;\">El modelo incorpora el uso de <a href=\"https:\/\/www.xbrl.es\/informacion\/dgi.html\"><strong>una taxonom\u00eda XBRL<\/strong><\/a>. La versi\u00f3n oficial de la taxonom\u00eda, de acceso libre y uso gratuito, estar\u00e1 disponible para todos los agentes interesados en <strong>la p\u00e1gina web<\/strong> del Colegio de Registradores, y en la de la Ventanilla \u00danica Digital de Arrendamientos adscrita al Ministerio de Vivienda y Agenda Urbana.<\/p>\n<p style=\"text-align: justify;\">La orden contiene <strong>tres art\u00edculos<\/strong>, dos disposiciones finales y un <strong>anexo<\/strong> que recoge el modelo informativo de arrendamientos de corta duraci\u00f3n por cada categor\u00eda y tipo de arrendamiento.<\/p>\n<p style=\"text-align: justify;\"><strong>Objeto. <\/strong>Es el de aprobar el <strong>modelo<\/strong> informativo de arrendamientos de corta duraci\u00f3n que, <strong>cada doce meses<\/strong>, deber\u00e1 aportarse <strong>para cada categor\u00eda y tipo de arrendamiento<\/strong>, y que recoger\u00e1, al menos, un <strong>listado<\/strong> anonimizado de los arrendamientos celebrados a trav\u00e9s de plataformas en l\u00ednea, as\u00ed como la <strong>identificaci\u00f3n de una de las finalidades descritas<\/strong> en el <a href=\"https:\/\/www.boe.es\/buscar\/act.php?id=BOE-A-2024-26931#a4\">art\u00edculo\u00a04.2.a)<\/a> (causas de car\u00e1cter temporal, tales como las vacacionales o tur\u00edsticas, las laborales, de estudios, de tratamiento m\u00e9dico o cualquier otra que no suponga una necesidad de vivienda de car\u00e1cter permanente de la persona arrendataria) y que haya justificado el tipo de arrendamiento.<\/p>\n<p style=\"text-align: justify;\">En caso de que existieran dudas fundadas sobre la realidad de la causa<strong>, el interesado podr\u00e1 ser requerido por el registrador<\/strong> cualquier documentaci\u00f3n acreditativa complementaria, lo que exigir\u00e1 que las personas interesadas hayan conservado la documentaci\u00f3n necesaria y la tengan a disposici\u00f3n en el momento de depositar el modelo informativo en el Registro.<\/p>\n<p style=\"text-align: justify;\"><strong>\u00c1mbito de aplicaci\u00f3n<\/strong>. Lo dispuesto en esta orden ministerial se aplicar\u00e1 en <strong>todo el territorio nacional<\/strong>.<\/p>\n<p style=\"text-align: justify;\"><strong>Cu\u00e1ndo presentarlo<\/strong>: El modelo, que ser\u00e1 traducido a todas las lenguas cooficiales, se presentar\u00e1 <strong>durante el mes de febrero de cada a\u00f1o<\/strong>, con la informaci\u00f3n de los arrendamientos constituidos en el a\u00f1o anterior. Se presentar\u00e1 <strong>un modelo informativo por finca,<\/strong> buque, embarcaci\u00f3n o artefacto naval.<\/p>\n<p style=\"text-align: justify;\"><strong>D\u00f3nde y formatos:<\/strong> La presentaci\u00f3n en <strong>soporte inform\u00e1tico <\/strong>se realizar\u00e1 a trav\u00e9s de la <strong>sede electr\u00f3nica<\/strong> del Colegio de Registradores en un <strong>\u00fanico fichero con extensi\u00f3n XBRL<\/strong>. Los modelos obligatorios estar\u00e1n a disposici\u00f3n de los interesados <strong>en la Sede Electr\u00f3nica<\/strong> de los Registradores. La presentaci\u00f3n se har\u00e1 <strong>telem\u00e1ticamente o bien presencialmente<\/strong> en <strong>formato papel<\/strong> con el modelo impreso cumplimentado en la sede previamente.<\/p>\n<p style=\"text-align: justify;\">El art\u00edculo 3 se dedica al tratamiento de datos de car\u00e1cter personal.<\/p>\n<p style=\"text-align: justify;\"><strong>Cu\u00e1ndo<\/strong>: Seg\u00fan la disposici\u00f3n transitoria \u00fanica, este modelo deber\u00e1 ser el utilizado para aportar la informaci\u00f3n anual sobre arrendamientos urbanos de corta duraci\u00f3n correspondientes al <strong>a\u00f1o\u00a02025 y deber\u00e1 ser presentado durante el mes de febrero de\u00a02026<\/strong>.<\/p>\n<p style=\"text-align: justify;\">La presente orden <strong>entr\u00f3 en vigor<\/strong> el d\u00eda\u00a02 de enero de\u00a02026.<\/p>\n<ul>\n<li class=\"puntoPDF\" style=\"text-align: justify;\"><a title=\"PDF firmado BOE-A-2025-27116\" href=\"https:\/\/www.boe.es\/boe\/dias\/2025\/12\/31\/pdfs\/BOE-A-2025-27116.pdf\">PDF (BOE-A-2025-27116 &#8211; 6\u00a0<abbr title=\"p\u00e1ginas\">p\u00e1gs.<\/abbr>\u00a0&#8211; 272\u00a0<abbr title=\"kilobytes\">KB<\/abbr>)<\/a> <a title=\"Versi\u00f3n HTML BOE-A-2025-27116\" href=\"https:\/\/www.boe.es\/diario_boe\/txt.php?id=BOE-A-2025-27116\">Otros formatos<\/a><\/li>\n<\/ul>\n<div class=\"enlacesDoc\" style=\"text-align: justify;\">\n<div class=\"enlacesDoc\">\n<div class=\"enlacesDoc\">\n<div class=\"enlacesDoc\">\n<div class=\"enlacesDoc\">\n<div class=\"enlacesDoc\">\n<div class=\"enlacesDoc\">\n<div class=\"enlacesDoc\">\n<div class=\"enlacesDoc\">\n<div class=\"enlacesDoc\">\n<div class=\"enlacesDoc\">\n<div class=\"enlacesDoc\">\n<div class=\"enlacesDoc\">\n<div class=\"enlacesDoc\">\n<div class=\"enlacesDoc\" style=\"text-align: justify;\">\n<div class=\"enlacesDoc\">\n<div class=\"enlacesDoc\">\n<div class=\"enlacesDoc\">\n<div class=\"enlacesDoc\">\n<a class=\"mwm-aal-item\" name=\"disposiciones-autonomicas\"><\/a><h6 style=\"text-align: justify;\"><strong style=\"font-size: 0.857143rem;\"><span style=\"font-size: 12pt;\">Disposiciones auton\u00f3micas<\/span><\/strong><\/h6>\n<\/div>\n<\/div>\n<\/div>\n<\/div>\n<\/div>\n<\/div>\n<\/div>\n<\/div>\n<\/div>\n<\/div>\n<\/div>\n<\/div>\n<\/div>\n<\/div>\n<\/div>\n<\/div>\n<\/div>\n<\/div>\n<\/div>\n<div class=\"enlacesDoc\" style=\"text-align: justify;\">\n<div class=\"enlacesDoc\">\n<div class=\"enlacesDoc\">\n<div class=\"enlacesDoc\">\n<div class=\"enlacesDoc\">\n<div class=\"enlacesDoc\">\n<div class=\"enlacesDoc\">\n<div class=\"enlacesDoc\">\n<div class=\"enlacesDoc\">\n<p><span style=\"color: #0000ff;\"><strong>Resumen: <\/strong>Normativa de Asturias (Tributos cedidos, simplificaci\u00f3n administrativa), Baleares (d\u00edas inh\u00e1biles), Canarias (volcanes, discapacidad (2), uso tur\u00edstico de viviendas),Castilla y Le\u00f3n (tasas), Catalu\u00f1a (procedimiento de las administraciones p\u00fablicas) y Navarra (derecho a la vivienda).<\/span><\/p>\n<p><strong>Asturias.<\/strong>\u00a0Ley del Principado de Asturias 3\/2025, de 19 de noviembre, de modificaci\u00f3n del Texto Refundido de las disposiciones legales del Principado de Asturias en materia de Tributos Cedidos por el Estado, aprobado por Decreto Legislativo 2\/2014, de 22 de octubre.<\/p>\n<div class=\"enlacesDoc\">\n<ul>\n<li class=\"puntoPDF\"><a title=\"PDF firmado BOE-A-2025-25707\" href=\"https:\/\/www.boe.es\/boe\/dias\/2025\/12\/16\/pdfs\/BOE-A-2025-25707.pdf\">PDF (BOE-A-2025-25707 &#8211; 6\u00a0<abbr title=\"p\u00e1ginas\">p\u00e1gs.<\/abbr>\u00a0&#8211; 230\u00a0<abbr title=\"kilobytes\">KB<\/abbr>)<\/a> <a title=\"Versi\u00f3n HTML BOE-A-2025-25707\" href=\"https:\/\/www.boe.es\/diario_boe\/txt.php?id=BOE-A-2025-25707\">Otros formatos<\/a><\/li>\n<\/ul>\n<\/div>\n<p><strong>Asturias.\u00a0<\/strong>Ley del Principado de Asturias 4\/2025, de 19 de noviembre, de novena modificaci\u00f3n de la Ley del Principado de Asturias 2\/1995, de 13 de marzo, sobre R\u00e9gimen Jur\u00eddico de la Administraci\u00f3n y de Medidas legales sectoriales de simplificaci\u00f3n administrativa.<\/p>\n<div class=\"enlacesDoc\">\n<ul>\n<li class=\"puntoPDF\"><a title=\"PDF firmado BOE-A-2025-25708\" href=\"https:\/\/www.boe.es\/boe\/dias\/2025\/12\/16\/pdfs\/BOE-A-2025-25708.pdf\">PDF (BOE-A-2025-25708 &#8211; 43\u00a0<abbr title=\"p\u00e1ginas\">p\u00e1gs.<\/abbr>\u00a0&#8211; 440\u00a0<abbr title=\"kilobytes\">KB<\/abbr>)<\/a> <a title=\"Versi\u00f3n HTML BOE-A-2025-25708\" href=\"https:\/\/www.boe.es\/diario_boe\/txt.php?id=BOE-A-2025-25708\">Otros formatos<\/a><\/li>\n<\/ul>\n<p><strong>Baleares.<\/strong>\u00a0Acuerdo de 28 de noviembre de 2025, del Consejo de Gobierno, por el que se fija el calendario de d\u00edas inh\u00e1biles para el a\u00f1o 2026 a efectos del c\u00f3mputo administrativo.<\/p>\n<div class=\"enlacesDoc\">\n<ul>\n<li class=\"puntoPDF\"><a title=\"PDF firmado BOE-A-2025-26609\" href=\"https:\/\/www.boe.es\/boe\/dias\/2025\/12\/26\/pdfs\/BOE-A-2025-26609.pdf\">PDF (BOE-A-2025-26609 &#8211; 2\u00a0<abbr title=\"p\u00e1ginas\">p\u00e1gs.<\/abbr>\u00a0&#8211; 202\u00a0<abbr title=\"kilobytes\">KB<\/abbr>)<\/a> <a title=\"Versi\u00f3n HTML BOE-A-2025-26609\" href=\"https:\/\/www.boe.es\/diario_boe\/txt.php?id=BOE-A-2025-26609\">Otros formatos<\/a><\/li>\n<\/ul>\n<\/div>\n<\/div>\n<p><strong>Canarias.\u00a0<\/strong>Ley 5\/2025, de 30 de septiembre, de volcanes de Canarias.<\/p>\n<div class=\"enlacesDoc\">\n<ul>\n<li class=\"puntoPDF\"><a title=\"PDF firmado BOE-A-2025-24844\" href=\"https:\/\/www.boe.es\/boe\/dias\/2025\/12\/06\/pdfs\/BOE-A-2025-24844.pdf\">PDF (BOE-A-2025-24844 &#8211; 11\u00a0<abbr title=\"p\u00e1ginas\">p\u00e1gs.<\/abbr>\u00a0&#8211; 268\u00a0<abbr title=\"kilobytes\">KB<\/abbr>)<\/a> <a title=\"Versi\u00f3n HTML BOE-A-2025-24844\" href=\"https:\/\/www.boe.es\/diario_boe\/txt.php?id=BOE-A-2025-24844\">Otros formatos<\/a><\/li>\n<\/ul>\n<p><strong>Canarias.\u00a0<\/strong>Decreto-ley 4\/2025, de 29 de julio, por el que se desarrollan los procedimientos para la valoraci\u00f3n y calificaci\u00f3n del grado de discapacidad de las personas en el \u00e1mbito de la Comunidad Aut\u00f3noma de Canarias.<\/p>\n<div class=\"enlacesDoc\">\n<ul>\n<li class=\"puntoPDF\"><a title=\"PDF firmado BOE-A-2025-24845\" href=\"https:\/\/www.boe.es\/boe\/dias\/2025\/12\/06\/pdfs\/BOE-A-2025-24845.pdf\">PDF (BOE-A-2025-24845 &#8211; 59\u00a0<abbr title=\"p\u00e1ginas\">p\u00e1gs.<\/abbr>\u00a0&#8211; 962\u00a0<abbr title=\"kilobytes\">KB<\/abbr>)<\/a> <a title=\"Versi\u00f3n HTML BOE-A-2025-24845\" href=\"https:\/\/www.boe.es\/diario_boe\/txt.php?id=BOE-A-2025-24845\">Otros formatos<\/a><\/li>\n<\/ul>\n<p><strong>Canarias. <\/strong>Decreto-ley 5\/2025, de 5 de septiembre, por el que se modifica el Anexo del Decreto-ley 4\/2025, de 29 de julio, por el que se desarrollan los procedimientos para la valoraci\u00f3n y calificaci\u00f3n del grado de discapacidad de las personas en el \u00e1mbito de la Comunidad Aut\u00f3noma de Canarias.<\/p>\n<div class=\"enlacesDoc\">\n<ul>\n<li class=\"puntoPDF\"><a title=\"PDF firmado BOE-A-2025-25141\" href=\"https:\/\/www.boe.es\/boe\/dias\/2025\/12\/10\/pdfs\/BOE-A-2025-25141.pdf\">PDF (BOE-A-2025-25141 &#8211; 3\u00a0<abbr title=\"p\u00e1ginas\">p\u00e1gs.<\/abbr>\u00a0&#8211; 203\u00a0<abbr title=\"kilobytes\">KB<\/abbr>)<\/a> <a title=\"Versi\u00f3n HTML BOE-A-2025-25141\" href=\"https:\/\/www.boe.es\/diario_boe\/txt.php?id=BOE-A-2025-25141\">Otros formatos<\/a><\/li>\n<\/ul>\n<p><strong>Canarias.<\/strong> Ley 6\/2025, de 10 de diciembre, de Ordenaci\u00f3n Sostenible del Uso Tur\u00edstico de Viviendas.<\/p>\n<div class=\"enlacesDoc\">\n<ul>\n<li class=\"puntoPDF\"><a title=\"PDF firmado BOE-A-2025-26358\" href=\"https:\/\/www.boe.es\/boe\/dias\/2025\/12\/23\/pdfs\/BOE-A-2025-26358.pdf\">PDF (BOE-A-2025-26358 &#8211; 67\u00a0<abbr title=\"p\u00e1ginas\">p\u00e1gs.<\/abbr>\u00a0&#8211; 566\u00a0<abbr title=\"kilobytes\">KB<\/abbr>)<\/a> <a title=\"Versi\u00f3n HTML BOE-A-2025-26358\" href=\"https:\/\/www.boe.es\/diario_boe\/txt.php?id=BOE-A-2025-26358\">Otros formatos<\/a><\/li>\n<\/ul>\n<p><strong>Castilla y Le\u00f3n.<\/strong>\u00a0Ley 2\/2025, de 1 de diciembre, de bonificaciones fiscales de las tasas veterinarias, de las tasas de caza y pesca y de la tasa por expedici\u00f3n de los certificados de profesionalidad, acreditaciones parciales acumulables y expedici\u00f3n de duplicados.<\/p>\n<div class=\"enlacesDoc\">\n<ul>\n<li class=\"puntoPDF\"><a title=\"PDF firmado BOE-A-2025-27120\" href=\"https:\/\/www.boe.es\/boe\/dias\/2025\/12\/31\/pdfs\/BOE-A-2025-27120.pdf\">PDF (BOE-A-2025-27120 &#8211; 2\u00a0<abbr title=\"p\u00e1ginas\">p\u00e1gs.<\/abbr>\u00a0&#8211; 193\u00a0<abbr title=\"kilobytes\">KB<\/abbr>)<\/a> <a title=\"Versi\u00f3n HTML BOE-A-2025-27120\" href=\"https:\/\/www.boe.es\/diario_boe\/txt.php?id=BOE-A-2025-27120\">Otros formatos<\/a><\/li>\n<\/ul>\n<\/div>\n<\/div>\n<\/div>\n<p><strong>Catalu\u00f1a.<\/strong>\u00a0Ley 9\/2025, de 13 de noviembre, de modificaci\u00f3n de la Ley 26\/2010, de r\u00e9gimen jur\u00eddico y de procedimiento de las administraciones p\u00fablicas de Catalu\u00f1a.<\/p>\n<div class=\"enlacesDoc\">\n<ul>\n<li class=\"puntoPDF\"><a title=\"PDF firmado BOE-A-2025-24940\" href=\"https:\/\/www.boe.es\/boe\/dias\/2025\/12\/08\/pdfs\/BOE-A-2025-24940.pdf\">PDF (BOE-A-2025-24940 &#8211; 6\u00a0<abbr title=\"p\u00e1ginas\">p\u00e1gs.<\/abbr>\u00a0&#8211; 225\u00a0<abbr title=\"kilobytes\">KB<\/abbr>)<\/a> <a title=\"Versi\u00f3n HTML BOE-A-2025-24940\" href=\"https:\/\/www.boe.es\/diario_boe\/txt.php?id=BOE-A-2025-24940\">Otros formatos<\/a><\/li>\n<\/ul>\n<p><strong>Navarra.\u00a0<\/strong>Ley Foral 15\/2025, de 27 de noviembre, de modificaci\u00f3n de la Ley Foral 10\/2010, de 10 de mayo, del derecho a la vivienda en Navarra.<\/p>\n<div class=\"enlacesDoc\">\n<ul>\n<li class=\"puntoPDF\"><a title=\"PDF firmado BOE-A-2025-26135\" href=\"https:\/\/www.boe.es\/boe\/dias\/2025\/12\/20\/pdfs\/BOE-A-2025-26135.pdf\">PDF (BOE-A-2025-26135 &#8211; 7\u00a0<abbr title=\"p\u00e1ginas\">p\u00e1gs.<\/abbr>\u00a0&#8211; 225\u00a0<abbr title=\"kilobytes\">KB<\/abbr>)<\/a> <a title=\"Versi\u00f3n HTML BOE-A-2025-26135\" href=\"https:\/\/www.boe.es\/diario_boe\/txt.php?id=BOE-A-2025-26135\">Otros formatos<\/a><\/li>\n<\/ul>\n<\/div>\n<\/div>\n<\/div>\n<\/div>\n<\/div>\n<\/div>\n<\/div>\n<\/div>\n<\/div>\n<\/div>\n<\/div>\n<\/div>\n<\/div>\n<div class=\"enlacesDoc\" style=\"text-align: justify;\">\n<div class=\"enlacesDoc\">\n<div class=\"enlacesDoc\">\n<div class=\"enlacesDoc\">\n<div class=\"enlacesDoc\">\n<a class=\"mwm-aal-item\" name=\"tribunal-constitucional\"><\/a><h6 style=\"text-align: justify;\"><span style=\"font-size: 12pt;\">Tribunal Constitucional<\/span><\/h6>\n<\/div>\n<\/div>\n<\/div>\n<\/div>\n<\/div>\n<div class=\"enlacesDoc\">\n<div class=\"enlacesDoc\" style=\"text-align: justify;\">\n<div class=\"enlacesDoc\">\n<div class=\"enlacesDoc\">\n<p style=\"text-align: justify;\"><span style=\"color: #0000ff;\"><strong>Resumen: <\/strong>Conflicto de competencias Congreso &#8211; Senado. Reclamaci\u00f3n de cantidad en contrato de obra. Diputada no adscrita en La Rioja. Prestaci\u00f3n por nacimiento (3). Desahucio arrendaticio. Iniciativa parlamentaria en Arag\u00f3n. Isla de Valdeca\u00f1as (C\u00e1ceres). Distribuci\u00f3n Impuesto multinacionales. Impuesto sobre Sociedades: pagos a cuenta. Ley de Amnist\u00eda (7).<\/span><\/p>\n<p style=\"text-align: justify;\"><strong>Conflicto de competencias Congreso &#8211; Senado<\/strong>. Conflicto entre \u00f3rganos constitucionales n.\u00ba 8035-2025, en relaci\u00f3n con el Acuerdo de la Mesa del Congreso de los Diputados, de 16 de septiembre de 2025, de<strong> no proceder a la tramitaci\u00f3n por el Pleno de la C\u00e1mara de la enmienda<\/strong> aprobada por el Pleno del Senado por la que se introduce la disposici\u00f3n adicional decimocuarta (nueva) en el Proyecto de Ley por la que se modifican la Ley 48\/1960, de 21 de julio, sobre Navegaci\u00f3n A\u00e9rea, y la Ley 21\/2003, de 7 de julio, de Seguridad A\u00e9rea.<\/p>\n<div class=\"enlacesDoc\">\n<ul>\n<li class=\"puntoPDF\"><a title=\"PDF firmado BOE-A-2025-26355\" href=\"https:\/\/www.boe.es\/boe\/dias\/2025\/12\/23\/pdfs\/BOE-A-2025-26355.pdf\">PDF (BOE-A-2025-26355 &#8211; 1\u00a0<abbr title=\"p\u00e1gina\">p\u00e1g.<\/abbr>\u00a0&#8211; 187\u00a0<abbr title=\"kilobytes\">KB<\/abbr>)<\/a> <a title=\"Versi\u00f3n HTML BOE-A-2025-26355\" href=\"https:\/\/www.boe.es\/diario_boe\/txt.php?id=BOE-A-2025-26355\">Otros formatos<\/a><\/li>\n<\/ul>\n<p><strong>Reclamaci\u00f3n de cantidad en contrato de obra.<\/strong> Sala Segunda. Sentencia 166\/2025, de 17 de noviembre de 2025. Recurso de amparo 2576-2022. Promovido por Lage H. Isam Construcciones, S.L., en relaci\u00f3n con la sentencia dictada por la Audiencia Provincial de Madrid parcialmente estimatoria de la demanda reconvencional ejercida de contrario en proceso por reclamaci\u00f3n de cantidad.<\/p>\n<p>Vulneraci\u00f3n del derecho a la tutela judicial efectiva (incongruencia): sentencia de apelaci\u00f3n que deja sin respuesta alegaciones sustanciales sobre la valoraci\u00f3n econ\u00f3mica asignada por la sentencia de instancia a trabajos incluidos en el contrato de obra origen del litigio.<\/p>\n<div class=\"enlacesDoc\">\n<ul>\n<li class=\"puntoPDF\"><a title=\"PDF firmado BOE-A-2025-26681\" href=\"https:\/\/www.boe.es\/boe\/dias\/2025\/12\/26\/pdfs\/BOE-A-2025-26681.pdf\">PDF (BOE-A-2025-26681 &#8211; 11\u00a0<abbr title=\"p\u00e1ginas\">p\u00e1gs.<\/abbr>\u00a0&#8211; 244\u00a0<abbr title=\"kilobytes\">KB<\/abbr>)<\/a> <a title=\"Versi\u00f3n HTML BOE-A-2025-26681\" href=\"https:\/\/www.boe.es\/diario_boe\/txt.php?id=BOE-A-2025-26681\">Otros formatos<\/a><\/li>\n<\/ul>\n<\/div>\n<p><strong>Diputada no adscrita La Rioja.<\/strong> Sala Segunda. Sentencia 167\/2025, de 17 de noviembre de 2025. Recurso de amparo 5774-2022. Promovido por do\u00f1a Raquel Romero Alonso respecto de los acuerdos del Parlamento de La Rioja que le atribuyeron la condici\u00f3n de diputada no adscrita y definieron los derechos que, como tal, le correspond\u00edan.<\/p>\n<p>Vulneraci\u00f3n del derecho al ejercicio del cargo representativo, en conexi\u00f3n con el derecho de los ciudadanos a participar en los asuntos p\u00fablicos a trav\u00e9s de representantes: acuerdos de la mesa de la C\u00e1mara carentes de cobertura en el reglamento parlamentario al vincular la atribuci\u00f3n de la condici\u00f3n de diputada no adscrita con la expulsi\u00f3n de la formaci\u00f3n pol\u00edtica en cuya candidatura concurri\u00f3 a las elecciones.<\/p>\n<div class=\"enlacesDoc\">\n<ul>\n<li class=\"puntoPDF\"><a title=\"PDF firmado BOE-A-2025-26682\" href=\"https:\/\/www.boe.es\/boe\/dias\/2025\/12\/26\/pdfs\/BOE-A-2025-26682.pdf\">PDF (BOE-A-2025-26682 &#8211; 22\u00a0<abbr title=\"p\u00e1ginas\">p\u00e1gs.<\/abbr>\u00a0&#8211; 307\u00a0<abbr title=\"kilobytes\">KB<\/abbr>)<\/a> <a title=\"Versi\u00f3n HTML BOE-A-2025-26682\" href=\"https:\/\/www.boe.es\/diario_boe\/txt.php?id=BOE-A-2025-26682\">Otros formatos<\/a><\/li>\n<\/ul>\n<\/div>\n<p><strong>Prestaci\u00f3n por nacimiento.<\/strong> Sala Primera. Sentencia 168\/2025, de 17 de noviembre de 2025. Recurso de amparo 1328-2024. Promovido por do\u00f1a Maite Fern\u00e1ndez de Labastida Amurrio en relaci\u00f3n con las resoluciones administrativas y judiciales que desestimaron su petici\u00f3n de revisi\u00f3n y ampliaci\u00f3n de la prestaci\u00f3n por nacimiento y cuidado de hijo menor, como madre biol\u00f3gica de familia monoparental.<\/p>\n<p>Supuesta vulneraci\u00f3n del derecho a la igualdad ante la ley sin discriminaci\u00f3n: imposibilidad de extender al caso la doctrina de la STC 140\/2024 al tratarse de un supuesto en el que las circunstancias personales de un progenitor afectan al disfrute efectivo del permiso de nacimiento y cuidado de menor.<\/p>\n<p>Las otra sentencias reconocen la vulneraci\u00f3n del derecho.<\/p>\n<div class=\"enlacesDoc\">\n<ul>\n<li class=\"puntoPDF\"><a title=\"PDF firmado BOE-A-2025-26683\" href=\"https:\/\/www.boe.es\/boe\/dias\/2025\/12\/26\/pdfs\/BOE-A-2025-26683.pdf\">PDF (BOE-A-2025-26683 &#8211; 9\u00a0<abbr title=\"p\u00e1ginas\">p\u00e1gs.<\/abbr>\u00a0&#8211; 234\u00a0<abbr title=\"kilobytes\">KB<\/abbr>)<\/a> <a title=\"Versi\u00f3n HTML BOE-A-2025-26683\" href=\"https:\/\/www.boe.es\/diario_boe\/txt.php?id=BOE-A-2025-26683\">Otros formatos<\/a><\/li>\n<li><a title=\"PDF firmado BOE-A-2025-26685\" href=\"https:\/\/www.boe.es\/boe\/dias\/2025\/12\/26\/pdfs\/BOE-A-2025-26685.pdf\">PDF (BOE-A-2025-26685 &#8211; 5\u00a0<abbr title=\"p\u00e1ginas\">p\u00e1gs.<\/abbr>\u00a0&#8211; 211\u00a0<abbr title=\"kilobytes\">KB<\/abbr>)<\/a> <a title=\"Versi\u00f3n HTML BOE-A-2025-26685\" href=\"https:\/\/www.boe.es\/diario_boe\/txt.php?id=BOE-A-2025-26685\">Otros formatos<\/a><\/li>\n<li><a title=\"PDF firmado BOE-A-2025-26687\" href=\"https:\/\/www.boe.es\/boe\/dias\/2025\/12\/26\/pdfs\/BOE-A-2025-26687.pdf\">PDF (BOE-A-2025-26687 &#8211; 5\u00a0<abbr title=\"p\u00e1ginas\">p\u00e1gs.<\/abbr>\u00a0&#8211; 211\u00a0<abbr title=\"kilobytes\">KB<\/abbr>)<\/a> <a title=\"Versi\u00f3n HTML BOE-A-2025-26687\" href=\"https:\/\/www.boe.es\/diario_boe\/txt.php?id=BOE-A-2025-26687\">Otros formatos<\/a><\/li>\n<\/ul>\n<\/div>\n<p><strong>Desahucio arrendaticio.<\/strong> Sala Segunda. Sentencia 169\/2025, de 17 de noviembre de 2025. Recurso de amparo 2863-2024. Promovido por do\u00f1a Mar\u00eda Jos\u00e9 Morales Cantos en relaci\u00f3n con el auto dictado por un juzgado de primera instancia de Barcelona en juicio verbal de desahucio.<\/p>\n<p>Vulneraci\u00f3n del derecho a la tutela judicial efectiva (motivaci\u00f3n): aplicaci\u00f3n irrazonable del r\u00e9gimen de suspensi\u00f3n del lanzamiento en los casos de ocupaci\u00f3n ilegal de viviendas a un supuesto de desahucio arrendaticio.<\/p>\n<div class=\"enlacesDoc\">\n<ul>\n<li class=\"puntoPDF\"><a title=\"PDF firmado BOE-A-2025-26684\" href=\"https:\/\/www.boe.es\/boe\/dias\/2025\/12\/26\/pdfs\/BOE-A-2025-26684.pdf\">PDF (BOE-A-2025-26684 &#8211; 13\u00a0<abbr title=\"p\u00e1ginas\">p\u00e1gs.<\/abbr>\u00a0&#8211; 261\u00a0<abbr title=\"kilobytes\">KB<\/abbr>)<\/a> <a title=\"Versi\u00f3n HTML BOE-A-2025-26684\" href=\"https:\/\/www.boe.es\/diario_boe\/txt.php?id=BOE-A-2025-26684\">Otros formatos<\/a><\/li>\n<\/ul>\n<\/div>\n<p><strong>Iniciativa parlamentaria Arag\u00f3n.<\/strong> Sala Primera. Sentencia 171\/2025, de 17 de noviembre de 2025. Recurso de amparo 1137-2025. Promovido por don Alberto Izquierdo Vicente, diputado y portavoz de la Agrupaci\u00f3n Parlamentaria Partido Aragon\u00e9s, en relaci\u00f3n con los acuerdos de la mesa y la junta de portavoces de las Cortes de Arag\u00f3n que inadmitieron una iniciativa parlamentaria.<\/p>\n<p>Vulneraci\u00f3n del derecho al ejercicio de las funciones representativas: inadmisi\u00f3n de una pregunta parlamentaria con respuesta oral en Pleno, formulada por quien suscribi\u00f3 un pacto de investidura con el partido que sostiene al presidente del Gobierno de Arag\u00f3n, que se aparta de un precedente inmediato sobre la interpretaci\u00f3n de la limitaci\u00f3n del ejercicio de esta facultad exclusivamente a los grupos parlamentarios de oposici\u00f3n.<\/p>\n<div class=\"enlacesDoc\">\n<ul>\n<li class=\"puntoPDF\"><a title=\"PDF firmado BOE-A-2025-26686\" href=\"https:\/\/www.boe.es\/boe\/dias\/2025\/12\/26\/pdfs\/BOE-A-2025-26686.pdf\">PDF (BOE-A-2025-26686 &#8211; 25\u00a0<abbr title=\"p\u00e1ginas\">p\u00e1gs.<\/abbr>\u00a0&#8211; 329\u00a0<abbr title=\"kilobytes\">KB<\/abbr>)<\/a> <a title=\"Versi\u00f3n HTML BOE-A-2025-26686\" href=\"https:\/\/www.boe.es\/diario_boe\/txt.php?id=BOE-A-2025-26686\">Otros formatos<\/a><\/li>\n<\/ul>\n<\/div>\n<p><strong>Isla de Valdeca\u00f1as (C\u00e1ceres)<\/strong> Pleno. Sentencia 173\/2025, de 18 de noviembre de 2025. Recurso de amparo 3939-2022. Promovido por los ayuntamientos de El Gordo y Berrocalejo en relaci\u00f3n con la sentencia de la Sala de lo Contencioso-Administrativo del Tribunal Supremo estimatoria del recurso de casaci\u00f3n formulado respecto de la resoluci\u00f3n de la Sala de lo Contencioso-Administrativo del Tribunal Superior de Justicia de Extremadura que hab\u00eda declarado la imposibilidad material parcial de ejecuci\u00f3n de la sentencia declarativa de la nulidad del decreto que aprob\u00f3 el proyecto de inter\u00e9s regional promovido por Marina Isla de Valdeca\u00f1as, S.A.<\/p>\n<p>Supuesta vulneraci\u00f3n de los derechos a la tutela judicial efectiva (exceso de jurisdicci\u00f3n y derecho al recurso), al juez imparcial y a un proceso sin dilaciones indebidas: admisi\u00f3n del recurso de casaci\u00f3n que no desvirt\u00faa su funci\u00f3n nomofil\u00e1ctica; participaci\u00f3n en la aprobaci\u00f3n de una sentencia materialmente conectada con el objeto del recurso de casaci\u00f3n que no es causa suficiente de p\u00e9rdida de la imparcialidad; sentencia casacional suficientemente motivada, que no incurre en exceso de jurisdicci\u00f3n (STC 149\/2025).<\/p>\n<div class=\"enlacesDoc\">\n<ul>\n<li class=\"puntoPDF\"><a title=\"PDF firmado BOE-A-2025-26688\" href=\"https:\/\/www.boe.es\/boe\/dias\/2025\/12\/26\/pdfs\/BOE-A-2025-26688.pdf\">PDF (BOE-A-2025-26688 &#8211; 17\u00a0<abbr title=\"p\u00e1ginas\">p\u00e1gs.<\/abbr>\u00a0&#8211; 284\u00a0<abbr title=\"kilobytes\">KB<\/abbr>)<\/a> <a title=\"Versi\u00f3n HTML BOE-A-2025-26688\" href=\"https:\/\/www.boe.es\/diario_boe\/txt.php?id=BOE-A-2025-26688\">Otros formatos<\/a><\/li>\n<\/ul>\n<\/div>\n<p><strong>Distribuci\u00f3n Impuesto multinacionales.<\/strong> Pleno. Sentencia 174\/2025, de 19 de noviembre de 2025. Recurso de inconstitucionalidad 2088-2025. Interpuesto por el Consejo de Gobierno de la Junta de Extremadura respecto del apartado veintiuno de la disposici\u00f3n final novena de la Ley 7\/2024, de 20 de diciembre, por la que se establecen un impuesto complementario para garantizar un nivel m\u00ednimo global de imposici\u00f3n para los grupos multinacionales y los grupos nacionales de gran magnitud, un impuesto sobre el margen de intereses y comisiones de determinadas entidades financieras y un impuesto sobre los l\u00edquidos para cigarrillos electr\u00f3nicos y otros productos relacionados con el tabaco, y se modifican otras normas tributarias.<\/p>\n<p>Financiaci\u00f3n auton\u00f3mica; principios de lealtad institucional, equidad en la distribuci\u00f3n de los recursos p\u00fablicos y la renta regional y solidaridad interterritorial: constitucionalidad del precepto legal que establece la distribuci\u00f3n de la recaudaci\u00f3n del impuesto sobre el margen de intereses y comisiones de determinadas entidades financieras en funci\u00f3n del producto interior bruto de las comunidades aut\u00f3nomas de r\u00e9gimen com\u00fan.<\/p>\n<div class=\"enlacesDoc\">\n<ul>\n<li class=\"puntoPDF\"><a title=\"PDF firmado BOE-A-2025-26689\" href=\"https:\/\/www.boe.es\/boe\/dias\/2025\/12\/26\/pdfs\/BOE-A-2025-26689.pdf\">PDF (BOE-A-2025-26689 &#8211; 16\u00a0<abbr title=\"p\u00e1ginas\">p\u00e1gs.<\/abbr>\u00a0&#8211; 277\u00a0<abbr title=\"kilobytes\">KB<\/abbr>)<\/a> <a title=\"Versi\u00f3n HTML BOE-A-2025-26689\" href=\"https:\/\/www.boe.es\/diario_boe\/txt.php?id=BOE-A-2025-26689\">Otros formatos<\/a><\/li>\n<\/ul>\n<\/div>\n<p><strong>Impuesto de Sociedades: pagos a cuenta.<\/strong> Pleno. Sentencia 175\/2025, de 20 de noviembre de 2025. Cuesti\u00f3n de inconstitucionalidad 2525-2024. Planteada por la Sala de lo Contencioso-Administrativo del Tribunal Superior de Justicia de la Comunidad Valenciana en relaci\u00f3n con la <a href=\"https:\/\/www.boe.es\/buscar\/act.php?id=BOE-A-2014-12328#dadecimocuaa\" target=\"_blank\" rel=\"nofollow noopener noreferrer\">disposici\u00f3n adicional decimocuarta<\/a> de la Ley 27\/2014, de 27 de noviembre, del impuesto sobre sociedades, en la redacci\u00f3n dada por el art\u00edculo 71 de la Ley 6\/2018, de 3 de julio, de presupuestos generales del Estado para el a\u00f1o 2018.<\/p>\n<p>Principio de capacidad econ\u00f3mica: constitucionalidad del m\u00e9todo de c\u00e1lculo de los pagos a cuenta, aut\u00f3nomos y provisionales respecto de la obligaci\u00f3n tributaria principal, del impuesto sobre sociedades. Voto particular.<\/p>\n<div class=\"enlacesDoc\">\n<ul>\n<li class=\"puntoPDF\"><a title=\"PDF firmado BOE-A-2025-26690\" href=\"https:\/\/www.boe.es\/boe\/dias\/2025\/12\/26\/pdfs\/BOE-A-2025-26690.pdf\">PDF (BOE-A-2025-26690 &#8211; 38\u00a0<abbr title=\"p\u00e1ginas\">p\u00e1gs.<\/abbr>\u00a0&#8211; 415\u00a0<abbr title=\"kilobytes\">KB<\/abbr>)<\/a> <a title=\"Versi\u00f3n HTML BOE-A-2025-26690\" href=\"https:\/\/www.boe.es\/diario_boe\/txt.php?id=BOE-A-2025-26690\">Otros formatos<\/a><\/li>\n<\/ul>\n<\/div>\n<p><strong>Ley de amnist\u00eda.<\/strong> Pleno. Sentencia 176\/2025, de 20 de noviembre de 2025. Recurso de inconstitucionalidad 6560-2024. Interpuesto por el Consejo de Gobierno de la Regi\u00f3n de <strong>Murcia<\/strong> respecto de la Ley Org\u00e1nica 1\/2024, de 10 de junio, de amnist\u00eda para la normalizaci\u00f3n institucional, pol\u00edtica y social en Catalu\u00f1a.<\/p>\n<p>Principios de seguridad jur\u00eddica e interdicci\u00f3n de la arbitrariedad; principio democr\u00e1tico y supremac\u00eda constitucional; derechos a la igualdad y a la tutela judicial efectiva; reserva de jurisdicci\u00f3n: p\u00e9rdida de objeto de la impugnaci\u00f3n de los preceptos legales que delimitan el \u00e1mbito objetivo y temporal de aplicaci\u00f3n de la ley; constitucionalidad de la amnist\u00eda (STC 137\/2025). Votos particulares.<\/p>\n<p>La segunda sentencia procede de recurso presentado por el Consejo de Gobierno de <strong>Andaluc\u00eda<\/strong>. la tercera, por el Consejo de Gobierno de la <strong>Generalitat Valenciana<\/strong>, la cuarta por la Junta de <strong>Castilla y Le\u00f3n<\/strong> y las quinta, sexta y s\u00e9ptima responden a Cuestiones de inconstitucionalidad planteadas por la <strong>Sala de lo Civil y Penal del Tribunal Superior de Justicia de Catalu\u00f1a.<\/strong><\/p>\n<div class=\"enlacesDoc\">\n<ul>\n<li><a title=\"PDF firmado BOE-A-2025-26691\" href=\"https:\/\/www.boe.es\/boe\/dias\/2025\/12\/26\/pdfs\/BOE-A-2025-26691.pdf\">PDF (BOE-A-2025-26691 &#8211; 33\u00a0<abbr title=\"p\u00e1ginas\">p\u00e1gs.<\/abbr>\u00a0&#8211; 380\u00a0<abbr title=\"kilobytes\">KB<\/abbr>)<\/a> <a title=\"Versi\u00f3n HTML BOE-A-2025-26691\" href=\"https:\/\/www.boe.es\/diario_boe\/txt.php?id=BOE-A-2025-26691\">Otros formatos<\/a><\/li>\n<li><a style=\"font-size: 1rem;\" title=\"PDF firmado BOE-A-2025-26692\" href=\"https:\/\/www.boe.es\/boe\/dias\/2025\/12\/26\/pdfs\/BOE-A-2025-26692.pdf\">PDF (BOE-A-2025-26692 &#8211; 57\u00a0<abbr title=\"p\u00e1ginas\">p\u00e1gs.<\/abbr>\u00a0&#8211; 511\u00a0<abbr title=\"kilobytes\">KB<\/abbr>)<\/a> <a style=\"font-size: 1rem;\" title=\"Versi\u00f3n HTML BOE-A-2025-26692\" href=\"https:\/\/www.boe.es\/diario_boe\/txt.php?id=BOE-A-2025-26692\">Otros formatos<\/a><\/li>\n<li><a title=\"PDF firmado BOE-A-2025-26693\" href=\"https:\/\/www.boe.es\/boe\/dias\/2025\/12\/26\/pdfs\/BOE-A-2025-26693.pdf\">PDF (BOE-A-2025-26693 &#8211; 32\u00a0<abbr title=\"p\u00e1ginas\">p\u00e1gs.<\/abbr>\u00a0&#8211; 375\u00a0<abbr title=\"kilobytes\">KB<\/abbr>)<\/a> <a style=\"font-size: 1rem;\" title=\"Versi\u00f3n HTML BOE-A-2025-26693\" href=\"https:\/\/www.boe.es\/diario_boe\/txt.php?id=BOE-A-2025-26693\">Otros formatos<\/a><\/li>\n<li><a title=\"PDF firmado BOE-A-2025-26694\" href=\"https:\/\/www.boe.es\/boe\/dias\/2025\/12\/26\/pdfs\/BOE-A-2025-26694.pdf\">PDF (BOE-A-2025-26694 &#8211; 59\u00a0<abbr title=\"p\u00e1ginas\">p\u00e1gs.<\/abbr>\u00a0&#8211; 525\u00a0<abbr title=\"kilobytes\">KB<\/abbr>)<\/a> <a title=\"Versi\u00f3n HTML BOE-A-2025-26694\" href=\"https:\/\/www.boe.es\/diario_boe\/txt.php?id=BOE-A-2025-26694\">Otros formatos<\/a><\/li>\n<li><a style=\"font-size: 1rem;\" title=\"PDF firmado BOE-A-2025-26695\" href=\"https:\/\/www.boe.es\/boe\/dias\/2025\/12\/26\/pdfs\/BOE-A-2025-26695.pdf\">PDF (BOE-A-2025-26695 &#8211; 42\u00a0<abbr title=\"p\u00e1ginas\">p\u00e1gs.<\/abbr>\u00a0&#8211; 438\u00a0<abbr title=\"kilobytes\">KB<\/abbr>)<\/a> <a style=\"font-size: 1rem;\" title=\"Versi\u00f3n HTML BOE-A-2025-26695\" href=\"https:\/\/www.boe.es\/diario_boe\/txt.php?id=BOE-A-2025-26695\">Otros formatos<\/a><\/li>\n<li><a style=\"font-size: 1rem;\" title=\"PDF firmado BOE-A-2025-26696\" href=\"https:\/\/www.boe.es\/boe\/dias\/2025\/12\/26\/pdfs\/BOE-A-2025-26696.pdf\">PDF (BOE-A-2025-26696 &#8211; 40\u00a0<abbr title=\"p\u00e1ginas\">p\u00e1gs.<\/abbr>\u00a0&#8211; 426\u00a0<abbr title=\"kilobytes\">KB<\/abbr>)<\/a> <a style=\"font-size: 1rem;\" title=\"Versi\u00f3n HTML BOE-A-2025-26696\" href=\"https:\/\/www.boe.es\/diario_boe\/txt.php?id=BOE-A-2025-26696\">Otros formatos<\/a><\/li>\n<li><a style=\"font-size: 1rem;\" title=\"PDF firmado BOE-A-2025-26697\" href=\"https:\/\/www.boe.es\/boe\/dias\/2025\/12\/26\/pdfs\/BOE-A-2025-26697.pdf\">PDF (BOE-A-2025-26697 &#8211; 38\u00a0<abbr title=\"p\u00e1ginas\">p\u00e1gs.<\/abbr>\u00a0&#8211; 416\u00a0<abbr title=\"kilobytes\">KB<\/abbr>)<\/a> <a style=\"font-size: 1rem;\" title=\"Versi\u00f3n HTML BOE-A-2025-26697\" href=\"https:\/\/www.boe.es\/diario_boe\/txt.php?id=BOE-A-2025-26697\">Otros formatos<\/a><\/li>\n<\/ul>\n<\/div>\n<\/div>\n<\/div>\n<\/div>\n<\/div>\n<\/div>\n<a class=\"mwm-aal-item\" name=\"seccion-ii\"><\/a><h6 style=\"text-align: justify;\"><strong><span style=\"font-size: 14pt; color: #0000ff;\"><a id=\"s2\"><\/a>SECCI\u00d3N II<\/span><\/strong><\/h6>\n<p><span style=\"color: #0000ff;\"><strong><span style=\"font-size: 1rem;\">Resum<\/span>en<\/strong>: Oposiciones a Abogados del Estado. Jubilaci\u00f3n de seis notarios.<\/span><\/p>\n<a class=\"mwm-aal-item\" name=\"oposiciones-a-abogados-del-estado\"><\/a><h6><span style=\"font-size: 12pt;\">Oposiciones a Abogados del Estado<\/span><\/h6>\n<p>Resoluci\u00f3n de 23 de diciembre de 2025, de la Subsecretar\u00eda, por la que se convoca proceso selectivo para ingreso, por el sistema general de acceso libre, en el Cuerpo de Abogados del Estado.<\/p>\n<div class=\"enlacesDoc\">\n<ul>\n<li class=\"puntoPDF\"><a title=\"PDF firmado BOE-A-2025-26734\" href=\"https:\/\/www.boe.es\/boe\/dias\/2025\/12\/27\/pdfs\/BOE-A-2025-26734.pdf\">PDF (BOE-A-2025-26734 &#8211; 44\u00a0<abbr title=\"p\u00e1ginas\">p\u00e1gs.<\/abbr>\u00a0&#8211; 462\u00a0<abbr title=\"kilobytes\">KB<\/abbr>)<\/a> <a title=\"Versi\u00f3n HTML BOE-A-2025-26734\" href=\"https:\/\/www.boe.es\/diario_boe\/txt.php?id=BOE-A-2025-26734\">Otros formatos<\/a><\/li>\n<\/ul>\n<\/div>\n<a class=\"mwm-aal-item\" name=\"jubilaciones\"><\/a><h6 style=\"text-align: justify;\"><span style=\"font-size: 12pt;\">Jubilaciones<\/span><\/h6>\n<p>Se declara la jubilaci\u00f3n del notario de Moralzarzal don Jos\u00e9 Gascu\u00f1ana S\u00e1nchez.<\/p>\n<p>Se declara la jubilaci\u00f3n del notario de Las Rozas de Madrid don Manuel \u00c1ngel Seco Fern\u00e1ndez.<\/p>\n<p>Se declara la jubilaci\u00f3n del notario de Bilbao don Ram\u00f3n M\u00fagica Alcorta.<\/p>\n<p>Se declara la jubilaci\u00f3n del notario de Zamora don Juan Antonio Villalobos Cabrera.<\/p>\n<p>Se declara la jubilaci\u00f3n del notario de Castelldefels don Fernando Manuel de Peralta Ortega.<\/p>\n<p>Se declara la jubilaci\u00f3n del notario de Castell\u00f3n de la Plana don Jos\u00e9 Vicente Malo Concepci\u00f3n.<\/p>\n<a class=\"mwm-aal-item\" name=\"resoluciones-\"><\/a><h6 style=\"text-align: justify;\"><span style=\"font-size: 14pt; color: #0000ff;\"><a id=\"resoluciones\"><\/a>RESOLUCIONES:\u00a0<\/span><\/h6>\n<p style=\"text-align: left;\">En<strong><span style=\"font-size: 14pt;\"> DICIEMBRE<\/span><span style=\"font-size: 14pt;\">, <\/span><\/strong><span style=\"font-size: 14pt;\"><span style=\"font-size: 12pt;\">se han publicado <span style=\"font-size: 14pt;\"><strong>SESENTA Y SIETE (67).<\/strong><\/span>\u00a0Se ofrecen en<a href=\"https:\/\/www.notariosyregistradores.com\/web\/resoluciones\/por-meses\/resoluciones-diciembre-2025-direccion-general-de-seguridad-juridica-y-fe-publica\/\"><strong> archivo aparte<\/strong><\/a>.<\/span><\/span><\/p>\n<p>&nbsp;<\/p>\n<a class=\"mwm-aal-item\" name=\"enlaces\"><\/a><h6><span style=\"font-size: 14pt;\"><a id=\"enlaces\"><\/a><span style=\"color: #0000ff;\">ENLACES:<\/span><\/span><\/h6>\n<h2 style=\"text-align: center;\"><a href=\"https:\/\/www.notariosyregistradores.com\/web\/normas\/informes-mensuales\/no-te-lo-pierdas-diciembre-2025\/\"><strong>IR A\u00a0<em>\u00a1NO TE LO PIERDAS!<\/em> DE DICIEMBRE<\/strong><\/a><\/h2>\n<p style=\"text-align: center;\"><span style=\"font-size: 14pt;\"><strong><a href=\"https:\/\/www.notariosyregistradores.com\/web\/normas\/cuadro-de-informes-mensuales-generales-de-lo-publicado-en-el-boe\/\">LISTA DE INFORMES MENSUALES<\/a><\/strong><\/span><\/p>\n<p><span style=\"font-size: 12pt;\"><strong>RECURSOS EN ESTA WEB SOBRE: <a href=\"https:\/\/www.notariosyregistradores.com\/web\/category\/normas\/\">NORMAS<\/a> &#8211; <a href=\"https:\/\/www.notariosyregistradores.com\/web\/category\/resoluciones\/\">RESOLUCIONES<\/a><\/strong><\/span><\/p>\n<p><span style=\"font-size: 12pt;\"><strong>OTROS RECURSOS: <a href=\"https:\/\/www.notariosyregistradores.com\/web\/category\/secciones\/\">Secciones<\/a> &#8211; <a href=\"https:\/\/www.notariosyregistradores.com\/web\/category\/participa\/\">Participa<\/a> &#8211; <a href=\"https:\/\/www.notariosyregistradores.com\/web\/category\/cuadros\/\">Cuadros<\/a> &#8211; <a href=\"https:\/\/www.notariosyregistradores.com\/web\/category\/practica\/\">Pr\u00e1ctica<\/a> &#8211; <a href=\"https:\/\/www.notariosyregistradores.com\/web\/secciones\/oficina-notarial\/modelos-para-documentos-notariales\/\">Modelos<\/a> &#8211; <a href=\"https:\/\/www.notariosyregistradores.com\/web\/category\/utilidades\/\">Utilidades<\/a><\/strong><\/span><\/p>\n<p><span style=\"font-size: 12pt;\"><strong>WEB: <span style=\"font-family: 'comic sans ms', sans-serif;\"><a href=\"http:\/\/www.notariosyregistradores.com\/web\/category\/esta-web\/que-ofrece\/\" target=\"_top\" rel=\"noopener noreferrer\">Qu\u00e9 ofrecemos<\/a> &#8211;\u00a0<a href=\"http:\/\/www.notariosyregistradores.com\/web\/1198-2\/\">NyR, p\u00e1gina de inicio<\/a> &#8211;<\/span> <span style=\"font-family: 'comic sans ms', sans-serif;\"><a href=\"http:\/\/www.notariosyregistradores.com\/web\/esta-web\/ideario\/ideario-de-esta-web\/\" target=\"_top\" rel=\"noopener noreferrer\">Ideario Web<\/a><\/span><\/strong><\/span><\/p>\n<p style=\"text-align: center;\"><strong><span style=\"font-size: 14pt;\"><a href=\"http:\/\/www.notariosyregistradores.com\/\">PORTADA DE LA WEB<\/a><\/span><\/strong><\/p>\n<div id=\"attachment_132728\" style=\"width: 1034px\" class=\"wp-caption aligncenter\"><img loading=\"lazy\" decoding=\"async\" aria-describedby=\"caption-attachment-132728\" class=\"size-full wp-image-132728\" src=\"https:\/\/www.notariosyregistradores.com\/web\/wp-content\/uploads\/2025\/11\/Santa-Claus-escalando.jpg\" alt=\"\" width=\"1024\" height=\"1024\" srcset=\"https:\/\/www.notariosyregistradores.com\/web\/wp-content\/uploads\/2025\/11\/Santa-Claus-escalando.jpg 1024w, https:\/\/www.notariosyregistradores.com\/web\/wp-content\/uploads\/2025\/11\/Santa-Claus-escalando-300x300.jpg 300w, https:\/\/www.notariosyregistradores.com\/web\/wp-content\/uploads\/2025\/11\/Santa-Claus-escalando-150x150.jpg 150w, https:\/\/www.notariosyregistradores.com\/web\/wp-content\/uploads\/2025\/11\/Santa-Claus-escalando-768x768.jpg 768w, https:\/\/www.notariosyregistradores.com\/web\/wp-content\/uploads\/2025\/11\/Santa-Claus-escalando-500x500.jpg 500w\" sizes=\"auto, (max-width: 1024px) 100vw, 1024px\" \/><p id=\"caption-attachment-132728\" class=\"wp-caption-text\">Elaborada con Gemini.<\/p><\/div>\n","protected":false},"excerpt":{"rendered":"<p>&nbsp; INFORME N\u00ba 375. (BOE DICIEMBRE de 2025) Primera Parte: Secciones I y II. IR A LISTA DE INFORMES MENSUALES IR A RESOLUCIONES DE DICIEMBRE IR A\u00a0\u00a1NO TE LO PIERDAS! DE DICIEMBRE &nbsp; Equipo de redacci\u00f3n: * V\u00edctor Esquirol Jim\u00e9nez, notario de El Masnou (Barcelona), coordinador en diciembre * Juan Carlos Casas Rojo, registrador de [&hellip;]<\/p>\n","protected":false},"author":10,"featured_media":132727,"comment_status":"open","ping_status":"closed","sticky":false,"template":"","format":"standard","meta":{"_bbp_topic_count":0,"_bbp_reply_count":0,"_bbp_total_topic_count":0,"_bbp_total_reply_count":0,"_bbp_voice_count":0,"_bbp_anonymous_reply_count":0,"_bbp_topic_count_hidden":0,"_bbp_reply_count_hidden":0,"_bbp_forum_subforum_count":0,"footnotes":""},"categories":[180],"tags":[],"class_list":{"0":"post-132720","1":"post","2":"type-post","3":"status-publish","4":"format-standard","5":"has-post-thumbnail","7":"category-informes-mensuales"},"_links":{"self":[{"href":"https:\/\/www.notariosyregistradores.com\/web\/wp-json\/wp\/v2\/posts\/132720","targetHints":{"allow":["GET"]}}],"collection":[{"href":"https:\/\/www.notariosyregistradores.com\/web\/wp-json\/wp\/v2\/posts"}],"about":[{"href":"https:\/\/www.notariosyregistradores.com\/web\/wp-json\/wp\/v2\/types\/post"}],"author":[{"embeddable":true,"href":"https:\/\/www.notariosyregistradores.com\/web\/wp-json\/wp\/v2\/users\/10"}],"replies":[{"embeddable":true,"href":"https:\/\/www.notariosyregistradores.com\/web\/wp-json\/wp\/v2\/comments?post=132720"}],"version-history":[{"count":13,"href":"https:\/\/www.notariosyregistradores.com\/web\/wp-json\/wp\/v2\/posts\/132720\/revisions"}],"predecessor-version":[{"id":134424,"href":"https:\/\/www.notariosyregistradores.com\/web\/wp-json\/wp\/v2\/posts\/132720\/revisions\/134424"}],"wp:featuredmedia":[{"embeddable":true,"href":"https:\/\/www.notariosyregistradores.com\/web\/wp-json\/wp\/v2\/media\/132727"}],"wp:attachment":[{"href":"https:\/\/www.notariosyregistradores.com\/web\/wp-json\/wp\/v2\/media?parent=132720"}],"wp:term":[{"taxonomy":"category","embeddable":true,"href":"https:\/\/www.notariosyregistradores.com\/web\/wp-json\/wp\/v2\/categories?post=132720"},{"taxonomy":"post_tag","embeddable":true,"href":"https:\/\/www.notariosyregistradores.com\/web\/wp-json\/wp\/v2\/tags?post=132720"}],"curies":[{"name":"wp","href":"https:\/\/api.w.org\/{rel}","templated":true}]}}