{"id":132788,"date":"2025-12-03T09:18:31","date_gmt":"2025-12-03T08:18:31","guid":{"rendered":"https:\/\/www.notariosyregistradores.com\/web\/?p=132788"},"modified":"2026-01-15T20:11:05","modified_gmt":"2026-01-15T19:11:05","slug":"prorrogado-el-sistema-verifactu-hasta-el-1-de-julio-de-2027","status":"publish","type":"post","link":"https:\/\/www.notariosyregistradores.com\/web\/participa\/noticias\/prorrogado-el-sistema-verifactu-hasta-el-1-de-julio-de-2027\/","title":{"rendered":"Prorrogado el sistema VERIFACTU hasta el 1 de julio de 2027"},"content":{"rendered":"<p style=\"text-align: justify;\">El Bolet\u00edn Oficial del Estado de hoy d\u00eda 3 de diciembre de 2025 publica el\u00a0<a href=\"https:\/\/www.boe.es\/boe\/dias\/2025\/12\/03\/pdfs\/BOE-A-2025-24446.pdf\">Real Decreto-ley 15\/2025, de 2 de diciembre<\/a>, por el que se adoptan medidas\u00a0urgentes para favorecer la actividad inversora de las entidades locales y de\u00a0las comunidades aut\u00f3nomas, y por el que se modifica el Real Decreto\u00a01007\/2023, de 5 de diciembre, por el que se aprueba el Reglamento que\u00a0establece los requisitos que deben adoptar los sistemas y programas\u00a0inform\u00e1ticos o electr\u00f3nicos que soporten los procesos de facturaci\u00f3n de\u00a0empresarios y profesionales, y la estandarizaci\u00f3n de formatos de los registros\u00a0de facturaci\u00f3n.<\/p>\n<p class=\"p1\" style=\"text-align: justify;\">En su disposici\u00f3n final primera modifica la disposici\u00f3n final cuarta el <a href=\"https:\/\/www.boe.es\/buscar\/act.php?id=BOE-A-2023-24840\">Real Decreto 1007\/2023, de 5 de diciembre<\/a>,\u00a0por el que se aprobaba el Reglamento que establece los requisitos que deben adoptar los sistemas y programas inform\u00e1ticos o electr\u00f3nicos que soporten los procesos de facturaci\u00f3n de empresarios y profesionales, y la estandarizaci\u00f3n de formatos de los registros de facturaci\u00f3n.<\/p>\n<p style=\"text-align: justify;\">Dicha disposici\u00f3n final cuarta queda redactada en los siguientes t\u00e9rminos:<\/p>\n<p style=\"text-align: justify;\">\u00abDisposici\u00f3n final cuarta. Entrada en vigor y efectos.<\/p>\n<p class=\"p1\" style=\"text-align: justify;\">El presente real decreto y el reglamento entrar\u00e1n en vigor el d\u00eda siguiente al de su publicaci\u00f3n en el \u201cBolet\u00edn Oficial del Estado\u201d. No obstante, los obligados tributarios a que se refiere el art\u00edculo 3.1.a) [operaciones exentas de IVA] deber\u00e1n tener adaptados los sistemas inform\u00e1ticos a las caracter\u00edsticas y requisitos establecidos en este reglamento y en su normativa de desarrollo antes del 1 de enero\u00a0de 2027. El resto de obligados tributarios mencionados en el art\u00edculo 3.1 deber\u00e1n\u00a0tener operativos los citados sistemas inform\u00e1ticos antes del <strong>1 de julio de 2027.<\/strong><\/p>\n<p class=\"p1\" style=\"text-align: justify;\">Los obligados tributarios del art\u00edculo 3.2, en relaci\u00f3n con sus actividades de\u00a0producci\u00f3n y comercializaci\u00f3n de los sistemas inform\u00e1ticos, deber\u00e1n ofrecer sus\u00a0productos plenamente adaptados al reglamento en el plazo m\u00e1ximo de nueve\u00a0meses desde la entrada en vigor de la orden ministerial a que se refiere la disposici\u00f3n final tercera este real decreto, sin perjuicio de la obligada adaptaci\u00f3n\u00a0de los sistemas incluidos en contratos de mantenimiento plurianual conforme a las\u00a0fechas se\u00f1aladas anteriormente.<\/p>\n<p class=\"p1\" style=\"text-align: justify;\">En el plazo m\u00e1ximo de nueve meses desde la entrada en vigor de la orden\u00a0ministerial a que se refiere la disposici\u00f3n final tercera de este real decreto estar\u00e1\u00a0disponible en la sede de la Agencia Estatal de Administraci\u00f3n Tributaria el servicio\u00a0para la recepci\u00f3n de los registros de facturaci\u00f3n remitidos por los Sistemas de\u00a0emisi\u00f3n de facturas verificables.\u00bb<\/p>\n<h2 style=\"text-align: center;\"><a href=\"https:\/\/www.notariosyregistradores.com\/web\/normas\/informes-mensuales\/informe-375-boe-diciembre-2025\/#sistema-de-facturacion-verifactu\">IR A UN RESUMEN M\u00c1S AMPLIO DEL RDLEY 15\/2025<\/a><\/h2>\n","protected":false},"excerpt":{"rendered":"<p>El Bolet\u00edn Oficial del Estado de hoy d\u00eda 3 de diciembre de 2025 publica el\u00a0Real Decreto-ley 15\/2025, de 2 de diciembre, por el que se adoptan medidas\u00a0urgentes para favorecer la actividad inversora de las entidades locales y de\u00a0las comunidades aut\u00f3nomas, y por el que se modifica el Real Decreto\u00a01007\/2023, de 5 de diciembre, por el [&hellip;]<\/p>\n","protected":false},"author":1535,"featured_media":132791,"comment_status":"open","ping_status":"closed","sticky":false,"template":"","format":"standard","meta":{"_bbp_topic_count":0,"_bbp_reply_count":0,"_bbp_total_topic_count":0,"_bbp_total_reply_count":0,"_bbp_voice_count":0,"_bbp_anonymous_reply_count":0,"_bbp_topic_count_hidden":0,"_bbp_reply_count_hidden":0,"_bbp_forum_subforum_count":0,"footnotes":""},"categories":[213],"tags":[21141],"class_list":{"0":"post-132788","1":"post","2":"type-post","3":"status-publish","4":"format-standard","5":"has-post-thumbnail","7":"category-noticias","8":"tag-verifactu"},"_links":{"self":[{"href":"https:\/\/www.notariosyregistradores.com\/web\/wp-json\/wp\/v2\/posts\/132788","targetHints":{"allow":["GET"]}}],"collection":[{"href":"https:\/\/www.notariosyregistradores.com\/web\/wp-json\/wp\/v2\/posts"}],"about":[{"href":"https:\/\/www.notariosyregistradores.com\/web\/wp-json\/wp\/v2\/types\/post"}],"author":[{"embeddable":true,"href":"https:\/\/www.notariosyregistradores.com\/web\/wp-json\/wp\/v2\/users\/1535"}],"replies":[{"embeddable":true,"href":"https:\/\/www.notariosyregistradores.com\/web\/wp-json\/wp\/v2\/comments?post=132788"}],"version-history":[{"count":3,"href":"https:\/\/www.notariosyregistradores.com\/web\/wp-json\/wp\/v2\/posts\/132788\/revisions"}],"predecessor-version":[{"id":133988,"href":"https:\/\/www.notariosyregistradores.com\/web\/wp-json\/wp\/v2\/posts\/132788\/revisions\/133988"}],"wp:featuredmedia":[{"embeddable":true,"href":"https:\/\/www.notariosyregistradores.com\/web\/wp-json\/wp\/v2\/media\/132791"}],"wp:attachment":[{"href":"https:\/\/www.notariosyregistradores.com\/web\/wp-json\/wp\/v2\/media?parent=132788"}],"wp:term":[{"taxonomy":"category","embeddable":true,"href":"https:\/\/www.notariosyregistradores.com\/web\/wp-json\/wp\/v2\/categories?post=132788"},{"taxonomy":"post_tag","embeddable":true,"href":"https:\/\/www.notariosyregistradores.com\/web\/wp-json\/wp\/v2\/tags?post=132788"}],"curies":[{"name":"wp","href":"https:\/\/api.w.org\/{rel}","templated":true}]}}