{"id":133024,"date":"2025-12-13T10:37:19","date_gmt":"2025-12-13T09:37:19","guid":{"rendered":"https:\/\/www.notariosyregistradores.com\/web\/?p=133024"},"modified":"2026-04-10T20:15:50","modified_gmt":"2026-04-10T18:15:50","slug":"informe-90-de-legislacion-sobre-consumo-y-derecho-enero-marzo-2025","status":"publish","type":"post","link":"https:\/\/www.notariosyregistradores.com\/web\/secciones\/consumo-y-derecho\/informes-mensuales-cyd\/informe-90-de-legislacion-sobre-consumo-y-derecho-enero-marzo-2025\/","title":{"rendered":"Informe 90 de Legislaci\u00f3n sobre Consumo y Derecho. Enero &#8211; Marzo 2025"},"content":{"rendered":"<h1 style=\"text-align: center;\"><span style=\"color: #0000ff;\"><strong>INFORME SOBRE CONSUMO Y DERECHO<\/strong><\/span><\/h1>\n<h1 style=\"text-align: center;\"><span style=\"color: #0000ff;\"><strong>LEGISLACI\u00d3N E INICIATIVAS ENERO &#8211; MARZO <\/strong><strong>2025<\/strong><\/span><\/h1>\n<h2 style=\"text-align: center;\">V\u00cdCTOR BASTANTE GRANELL<\/h2>\n<h2 style=\"text-align: center;\"><strong>Doctor en Derecho. Profesor de Derecho Civil. Universidad de Almer\u00eda<\/strong><\/h2>\n<h2 style=\"text-align: center;\">jdm328@ual.es<\/h2>\n<p style=\"text-align: center;\"><span style=\"font-size: 12pt;\"><strong>El informe en docx: <a href=\"https:\/\/www.notariosyregistradores.com\/web\/wp-content\/uploads\/2026\/04\/INFORME-DERECHO-Y-CONSUMO-legislacion-enero-marzo-2025.docx\">INFORME DERECHO Y CONSUMO (legislaci\u00f3n)<\/a><\/strong><\/span><\/p>\n<p style=\"text-align: center;\"><span style=\"font-size: 12pt;\"><strong>El informe en pdf: <a href=\"https:\/\/www.notariosyregistradores.com\/web\/wp-content\/uploads\/2026\/04\/INFORME-DERECHO-Y-CONSUMO-legislacion-enero-marzo-2025.pdf\">INFORME DERECHO Y CONSUMO (legislaci\u00f3n)<\/a><\/strong><\/span><\/p>\n<p style=\"text-align: center;\">\u00a0<\/p>\n<h2 style=\"text-align: center;\"><span style=\"color: #0000ff;\">CONSTITUCI\u00d3N ESPA\u00d1OLA (1978)<\/span><\/h2>\n<p style=\"text-align: center;\">T\u00cdTULO I (De los derechos y deberes fundamentales)<\/p>\n<p style=\"text-align: center;\">CAP\u00cdTULO TERCERO (De los principios rectores de la pol\u00edtica social y econ\u00f3mica)<\/p>\n<p style=\"text-align: center;\"><strong>Art\u00edculo 51<\/strong><\/p>\n<p style=\"text-align: justify;\">1 Los poderes p\u00fablicos garantizar\u00e1n la defensa de los consumidores y usuarios, protegiendo, mediante procedimientos eficaces, la seguridad, la salud y los leg\u00edtimos intereses econ\u00f3micos de los mismos.<\/p>\n<p style=\"text-align: justify;\">2 Los poderes p\u00fablicos promover\u00e1n la informaci\u00f3n y la educaci\u00f3n de los consumidores y usuarios, fomentar\u00e1n sus organizaciones y oir\u00e1n a \u00e9stas en las cuestiones que puedan afectar a aqu\u00e9llos, en los t\u00e9rminos que la ley establezca.<\/p>\n<p style=\"text-align: justify;\">3 En el marco de lo dispuesto por los apartados anteriores, la ley regular\u00e1 el comercio interior y el r\u00e9gimen de autorizaci\u00f3n de productos comerciales.<\/p>\n<p>&nbsp;<\/p>\n<h2 style=\"text-align: center;\"><span style=\"font-size: 14pt; color: #0000ff;\"><strong>LEGISLACI\u00d3N<\/strong><\/span><\/h2>\n<h3 style=\"text-align: justify;\">A)\u00a0 EUROPEA<\/h3>\n<ul>\n<li style=\"text-align: justify;\"><a href=\"https:\/\/www.boe.es\/buscar\/doc.php?id=DOUE-L-2025-80087\">Reglamento (UE) 2025\/40<\/a> del Parlamento Europeo y del Consejo, de 19 de diciembre de 2024, sobre los envases y residuos de envases, por el que se modifican el Reglamento (UE) 2019\/1020 y la Directiva (UE) 2019\/904 y se deroga la Directiva 94\/62\/CE.<\/li>\n<\/ul>\n<p style=\"text-align: justify;\">\u00a0<\/p>\n<h3 style=\"text-align: justify;\">B) ESTATAL<\/h3>\n<ul style=\"text-align: justify;\">\n<li><a href=\"https:\/\/www.boe.es\/buscar\/act.php?id=BOE-A-2025-76\">Ley Org\u00e1nica 1\/2025<\/a>, de 2 de enero, de medidas en materia de eficiencia del Servicio P\u00fablico de Justicia. Ver <a href=\"https:\/\/www.notariosyregistradores.com\/web\/normas\/destacadas\/comentario-a-la-lo-1-2025-de-2-de-enero-de-medidas-en-materia-de-eficiencia-del-servicio-publico-de-justicia\/\">resumen en esta web<\/a>.<\/li>\n<\/ul>\n<p style=\"text-align: justify;\">\u00a0<\/p>\n<ul style=\"text-align: justify;\">\n<li><a href=\"https:\/\/www.boe.es\/buscar\/act.php?id=BOE-A-2025-1560\">Real Decreto-ley 1\/2025<\/a>, de 28 de enero, por el que se aprueban medidas urgentes en materia econ\u00f3mica, de transporte, de Seguridad Social, y para hacer frente a situaciones de vulnerabilidad. Ver<a href=\"https:\/\/www.notariosyregistradores.com\/web\/normas\/concretas\/resumen-rdley-1-2025-de-28-de-enero-de-medidas-economicas-transporte-seguridad-social-y-vulnerabilidad\/\"> resumen en esta web<\/a>.<\/li>\n<\/ul>\n<p style=\"text-align: justify;\">\u00a0<\/p>\n<ul style=\"text-align: justify;\">\n<li><a href=\"https:\/\/www.boe.es\/buscar\/doc.php?id=BOE-A-2025-1711\">Resoluci\u00f3n de 27 de enero de 2025<\/a>, de la Secretar\u00eda de Estado de Industria, por la que se revisa el cociente entre consumo y valor a\u00f1adido bruto para optar a la categor\u00eda de consumidor electrointensivo, al que se refiere el art\u00edculo 3 del Real Decreto 1106\/2020, de 15 de diciembre, por el que se regula el Estatuto de los consumidores electrointensivos.<\/li>\n<\/ul>\n<p style=\"text-align: justify;\">\u00a0<\/p>\n<ul style=\"text-align: justify;\">\n<li><a href=\"https:\/\/www.boe.es\/buscar\/act.php?id=BOE-A-2025-2870\">Orden TDF\/149\/2025<\/a>, de 12 de febrero, por la que se establecen medidas para combatir las estafas de suplantaci\u00f3n de identidad a trav\u00e9s de llamadas telef\u00f3nicas y mensajes de texto fraudulentos y para garantizar la identificaci\u00f3n de la numeraci\u00f3n utilizada para la prestaci\u00f3n de servicios de atenci\u00f3n al cliente y realizaci\u00f3n de llamadas comerciales no solicitadas.<\/li>\n<\/ul>\n<p style=\"text-align: justify;\">\u00a0<\/p>\n<h3 style=\"text-align: justify;\">C)\u00a0 AUTON\u00d3MICA<\/h3>\n<ul style=\"text-align: justify;\">\n<li><a href=\"https:\/\/www.boe.es\/buscar\/doc.php?id=BOE-A-2025-1392\">Ley 5\/2024<\/a>, de 19 de diciembre, de medidas de fomento de comunidades energ\u00e9ticas y autoconsumo industrial en Arag\u00f3n.<\/li>\n<\/ul>\n<p style=\"text-align: justify;\">\u00a0<\/p>\n<h2 style=\"text-align: justify;\"><span style=\"color: #0000ff;\">INICIATIVAS LEGISLATIVAS<\/span><\/h2>\n<h3 style=\"text-align: justify;\"><strong>PROYECTOS DE LEY<\/strong><\/h3>\n<ul style=\"text-align: justify;\">\n<li>Proyecto de Ley de administradores y compradores de cr\u00e9ditos y por la que se modifican la Ley de Medidas de Reforma del Sistema Financiero, la Ley de contratos de cr\u00e9dito al consumo, la Ley de ordenaci\u00f3n, supervisi\u00f3n y solvencia de entidades de cr\u00e9dito, la Ley reguladora de los contratos de cr\u00e9dito inmobiliario, y el texto refundido de la Ley Concursal. (<a href=\"https:\/\/www.congreso.es\/es\/proyectos-de-ley?p_p_id=iniciativas&amp;p_p_lifecycle=0&amp;p_p_state=normal&amp;p_p_mode=view&amp;_iniciativas_mode=mostrarDetalle&amp;_iniciativas_legislatura=XV&amp;_iniciativas_id=121\/000049\">121\/000049<\/a>).<\/li>\n<\/ul>\n<p style=\"text-align: justify;\">\u00a0<\/p>\n<ul style=\"text-align: justify;\">\n<li>Proyecto de Ley de prevenci\u00f3n del consumo de bebidas alcoh\u00f3licas y de sus efectos en las personas menores de edad. (<a href=\"https:\/\/www.congreso.es\/es\/proyectos-de-ley?p_p_id=iniciativas&amp;p_p_lifecycle=0&amp;p_p_state=normal&amp;p_p_mode=view&amp;_iniciativas_mode=mostrarDetalle&amp;_iniciativas_legislatura=XV&amp;_iniciativas_id=121\/000050\">121\/000050<\/a>).<\/li>\n<\/ul>\n<p style=\"text-align: justify;\">\u00a0<\/p>\n<ul>\n<li style=\"text-align: justify;\">Proyecto de Ley Org\u00e1nica para la protecci\u00f3n de las personas menores de edad en los entornos digitales. (<a href=\"https:\/\/www.congreso.es\/es\/proyectos-de-ley?p_p_id=iniciativas&amp;p_p_lifecycle=0&amp;p_p_state=normal&amp;p_p_mode=view&amp;_iniciativas_mode=mostrarDetalle&amp;_iniciativas_legislatura=XV&amp;_iniciativas_id=121\/000052\">121\/000052<\/a>).<\/li>\n<\/ul>\n<p>&nbsp;<\/p>\n<h2><span style=\"font-size: 14pt; color: #0000ff;\">ENLACES<\/span><\/h2>\n<ul>\n<li><span style=\"font-size: 12pt;\"><strong><a href=\"http:\/\/www.notariosyregistradores.com\/web\/secciones\/consumo-y-derecho\/victor-bastante-granell-colaborara-en-la-seccion-consumo-y-derecho\/\">Presentaci\u00f3n de los informes y curriculum de V\u00edctor Bastante Granell<\/a><\/strong><\/span><\/li>\n<li><a href=\"https:\/\/www.notariosyregistradores.com\/web\/secciones\/consumo-y-derecho\/informes-mensuales-cyd\/informe-17-jurisprudencia-de-consumo-y-derecho-enero-marzo-2025\/\"><span style=\"font-size: 12pt;\"><strong>\u00daltimo Informe de Jurisprudencia. Por Luc\u00eda Moreno Garc\u00eda.<\/strong><\/span><\/a><\/li>\n<li><a href=\"https:\/\/www.notariosyregistradores.com\/web\/secciones\/consumo-y-derecho\/informes-mensuales-cyd\/bibliografia-sobre-consumo-y-derecho-informe-no-37-primer-trimestre-2025\/\"><span style=\"font-size: 12pt;\"><strong>\u00daltimo Informe de Bibliograf\u00eda. Por V\u00edctor Bastante Granell.<\/strong><\/span><\/a><\/li>\n<\/ul>\n<p style=\"text-align: center;\"><a href=\"http:\/\/www.notariosyregistradores.com\/web\/category\/secciones\/consumo-y-derecho\/informes-mensuales-cyd\/\"><span style=\"font-size: 14pt;\"><strong>INFORMES PERI\u00d3DICOS<\/strong><\/span><\/a><\/p>\n<p style=\"text-align: center;\"><span style=\"font-size: 14pt;\"><strong><a href=\"http:\/\/www.notariosyregistradores.com\/web\/category\/secciones\/consumo-y-derecho\/\">SECCI\u00d3N CONSUMO Y DERECHO<\/a><\/strong><\/span><\/p>\n<p style=\"text-align: center;\"><span style=\"font-size: 14pt;\"><strong><a href=\"http:\/\/repositorio.ual.es\/handle\/10835\/136\">REPOSITORIO DE PRODUCCI\u00d3N CIENT\u00cdFICA DEL DEPARTAMENTO DE DERECHO UNIVERSIDAD DE ALMER\u00cdA<\/a><\/strong><\/span><\/p>\n<p><span style=\"font-size: 12pt;\"><strong>RECURSOS EN ESTA WEB SOBRE :\u00a0\u00a0<a href=\"https:\/\/www.notariosyregistradores.com\/web\/category\/normas\/\">NORMAS<\/a>\u00a0 \u00a0\u2013\u00a0 \u00a0<a href=\"https:\/\/www.notariosyregistradores.com\/web\/category\/resoluciones\/\">RESOLUCIONES<\/a><\/strong><\/span><\/p>\n<p><span style=\"font-size: 12pt;\"><strong>OTROS RECURSOS:\u00a0\u00a0<a href=\"https:\/\/www.notariosyregistradores.com\/web\/category\/secciones\/\">Secciones<\/a>\u00a0\u2013\u00a0<a href=\"https:\/\/www.notariosyregistradores.com\/web\/category\/participa\/\">Participa<\/a>\u00a0\u2013\u00a0<a href=\"https:\/\/www.notariosyregistradores.com\/web\/category\/cuadros\/\">Cuadros<\/a>\u00a0\u2013\u00a0<a href=\"https:\/\/www.notariosyregistradores.com\/web\/category\/practica\/\">Pr\u00e1ctica<\/a>\u00a0\u2013\u00a0<a href=\"https:\/\/www.notariosyregistradores.com\/web\/secciones\/oficina-notarial\/modelos-para-documentos-notariales\/\">Modelos<\/a>\u00a0\u2013\u00a0<a href=\"https:\/\/www.notariosyregistradores.com\/web\/category\/utilidades\/\">Utilidades<\/a><\/strong><\/span><\/p>\n<p><span style=\"font-size: 12pt;\"><strong>WEB:\u00a0<a href=\"http:\/\/www.notariosyregistradores.com\/web\/category\/esta-web\/que-ofrece\/\" target=\"_top\" rel=\"noopener noreferrer\">Qu\u00e9 ofrecemos<\/a>\u00a0\u2013\u00a0<a href=\"http:\/\/www.notariosyregistradores.com\/web\/1198-2\/\">NyR, p\u00e1gina de inicio<\/a>\u00a0\u2013\u00a0<a href=\"http:\/\/www.notariosyregistradores.com\/web\/esta-web\/ideario\/ideario-de-esta-web\/\" target=\"_top\" rel=\"noopener noreferrer\">Ideario Web<\/a><\/strong><\/span><\/p>\n<p style=\"text-align: center;\"><span style=\"font-size: 14pt;\"><strong><a href=\"https:\/\/www.notariosyregistradores.com\/\">PORTADA DE LA WEB<\/a><\/strong><\/span><\/p>\n<div id=\"attachment_133029\" style=\"width: 1225px\" class=\"wp-caption aligncenter\"><img loading=\"lazy\" decoding=\"async\" aria-describedby=\"caption-attachment-133029\" class=\"size-full wp-image-133029\" src=\"https:\/\/www.notariosyregistradores.com\/web\/wp-content\/uploads\/2025\/12\/flores-de-pascua.jpg\" alt=\"\" width=\"1215\" height=\"797\" srcset=\"https:\/\/www.notariosyregistradores.com\/web\/wp-content\/uploads\/2025\/12\/flores-de-pascua.jpg 1215w, https:\/\/www.notariosyregistradores.com\/web\/wp-content\/uploads\/2025\/12\/flores-de-pascua-300x197.jpg 300w, https:\/\/www.notariosyregistradores.com\/web\/wp-content\/uploads\/2025\/12\/flores-de-pascua-1024x672.jpg 1024w, https:\/\/www.notariosyregistradores.com\/web\/wp-content\/uploads\/2025\/12\/flores-de-pascua-768x504.jpg 768w, https:\/\/www.notariosyregistradores.com\/web\/wp-content\/uploads\/2025\/12\/flores-de-pascua-500x328.jpg 500w\" sizes=\"auto, (max-width: 1215px) 100vw, 1215px\" \/><p id=\"caption-attachment-133029\" class=\"wp-caption-text\">Flores de Pascua. Foto por <a href=\"https:\/\/pixnio.com\/es\/plantas\/flores\/flores-de-pascua-flores-detalles\">Scott Bauer, U.S. Department of Agriculture<\/a> en <a href=\"https:\/\/pixnio.com\/es\/\">Pixnio<\/a><\/p><\/div>\n","protected":false},"excerpt":{"rendered":"<p>INFORME SOBRE CONSUMO Y DERECHO LEGISLACI\u00d3N E INICIATIVAS ENERO &#8211; MARZO 2025 V\u00cdCTOR BASTANTE GRANELL Doctor en Derecho. Profesor de Derecho Civil. Universidad de Almer\u00eda jdm328@ual.es El informe en docx: INFORME DERECHO Y CONSUMO (legislaci\u00f3n) El informe en pdf: INFORME DERECHO Y CONSUMO (legislaci\u00f3n) \u00a0 CONSTITUCI\u00d3N ESPA\u00d1OLA (1978) T\u00cdTULO I (De los derechos y deberes [&hellip;]<\/p>\n","protected":false},"author":10,"featured_media":83000,"comment_status":"open","ping_status":"closed","sticky":false,"template":"","format":"standard","meta":{"_bbp_topic_count":0,"_bbp_reply_count":0,"_bbp_total_topic_count":0,"_bbp_total_reply_count":0,"_bbp_voice_count":0,"_bbp_anonymous_reply_count":0,"_bbp_topic_count_hidden":0,"_bbp_reply_count_hidden":0,"_bbp_forum_subforum_count":0,"footnotes":""},"categories":[277],"tags":[362,977,20549,16195,13902,19130,1515,13578,980,12009],"class_list":{"0":"post-133024","1":"post","2":"type-post","3":"status-publish","4":"format-standard","5":"has-post-thumbnail","7":"category-informes-mensuales-cyd","8":"tag-consumo-2","9":"tag-consumo-y-derecho","10":"tag-flores","11":"tag-legislacion","12":"tag-normativa-consumo","13":"tag-normativa-europea","14":"tag-persona-consumidora","15":"tag-proposicion-de-ley","16":"tag-universidad-de-almeria","17":"tag-victor-bastante-granel"},"_links":{"self":[{"href":"https:\/\/www.notariosyregistradores.com\/web\/wp-json\/wp\/v2\/posts\/133024","targetHints":{"allow":["GET"]}}],"collection":[{"href":"https:\/\/www.notariosyregistradores.com\/web\/wp-json\/wp\/v2\/posts"}],"about":[{"href":"https:\/\/www.notariosyregistradores.com\/web\/wp-json\/wp\/v2\/types\/post"}],"author":[{"embeddable":true,"href":"https:\/\/www.notariosyregistradores.com\/web\/wp-json\/wp\/v2\/users\/10"}],"replies":[{"embeddable":true,"href":"https:\/\/www.notariosyregistradores.com\/web\/wp-json\/wp\/v2\/comments?post=133024"}],"version-history":[{"count":5,"href":"https:\/\/www.notariosyregistradores.com\/web\/wp-json\/wp\/v2\/posts\/133024\/revisions"}],"predecessor-version":[{"id":136621,"href":"https:\/\/www.notariosyregistradores.com\/web\/wp-json\/wp\/v2\/posts\/133024\/revisions\/136621"}],"wp:featuredmedia":[{"embeddable":true,"href":"https:\/\/www.notariosyregistradores.com\/web\/wp-json\/wp\/v2\/media\/83000"}],"wp:attachment":[{"href":"https:\/\/www.notariosyregistradores.com\/web\/wp-json\/wp\/v2\/media?parent=133024"}],"wp:term":[{"taxonomy":"category","embeddable":true,"href":"https:\/\/www.notariosyregistradores.com\/web\/wp-json\/wp\/v2\/categories?post=133024"},{"taxonomy":"post_tag","embeddable":true,"href":"https:\/\/www.notariosyregistradores.com\/web\/wp-json\/wp\/v2\/tags?post=133024"}],"curies":[{"name":"wp","href":"https:\/\/api.w.org\/{rel}","templated":true}]}}