{"id":13339,"date":"2016-01-17T08:07:50","date_gmt":"2016-01-17T07:07:50","guid":{"rendered":"http:\/\/www.notariosyregistradores.com\/web\/?p=13339"},"modified":"2016-04-22T00:32:04","modified_gmt":"2016-04-21T22:32:04","slug":"traslado-y-adquisicion-de-nacionalidad-espanola-de-una-sociedad-extranjera","status":"publish","type":"post","link":"https:\/\/www.notariosyregistradores.com\/web\/resoluciones\/francisco-sena\/mercantil-francisco-sena\/extranjeros-mercantil-francisco-sena\/traslado-y-adquisicion-de-nacionalidad-espanola-de-una-sociedad-extranjera\/","title":{"rendered":"Traslado y adquisici\u00f3n de nacionalidad espa\u00f1ola, de una sociedad extranjera"},"content":{"rendered":"<h1 style=\"text-align: justify;\"><span style=\"font-size: 14pt;\">EXTRANJEROS<\/span><\/h1>\n<p><strong><a href=\"#traslado\">Traslado y adquisici\u00f3n de nacionalidad espa\u00f1ola, de una sociedad extranjera<\/a><\/strong><\/p>\n<p style=\"text-align: justify;\"><strong><a id=\"traslado\"><\/a>Traslado y adquisici\u00f3n de nacionalidad espa\u00f1ola, de una sociedad extranjera<\/strong>.- Acordado por la Junta general de una sociedad domiciliada en Liechtenstein el traslado de su domicilio social a Espa\u00f1a, con adquisici\u00f3n de nacionalidad espa\u00f1ola y la adaptaci\u00f3n de sus Estatutos a la Ley de Sociedades de Responsabilidad Limitada, para lo que se presenta la correspondiente escritura acompa\u00f1ada de certificaci\u00f3n literal de los datos de la sociedad en el Registro Mercantil del Principado de Liechtenstein, traducida y con apostilla, la Direcci\u00f3n, a la vista de la calificaci\u00f3n del Registrador distingue dos cuestiones: 1) La Ley personal de la sociedad en el momento de la adopci\u00f3n de los acuerdos rige para la viabilidad y requisitos de adopci\u00f3n del acuerdo de traslado de domicilio, cambio de nacionalidad o de Estatuto personal, en su caso, y adaptaci\u00f3n de Estatutos a la ley espa\u00f1ola; en cuanto a estos extremos, el Centro Directivo se limita a decir que \u00abpudiera ser que de la legislaci\u00f3n for\u00e1nea de que se trata resultasen suficientes las menciones contenidas en la certificaci\u00f3n presentada -sin necesidad de presentar los Estatutos u otros t\u00edtulos- para calificar debidamente si la adopci\u00f3n de los acuerdos calificados se ajusta, en lo pertinente, a tal Derecho extranjero\u00bb. 2) En cambio, respecto a los dem\u00e1s extremos de calificaci\u00f3n obligatoria a los efectos de la inscripci\u00f3n en el Registro Mercantil espa\u00f1ol (que son los que deben constar necesariamente en la primera inscripci\u00f3n de la sociedad seg\u00fan la legislaci\u00f3n espa\u00f1ola), se confirma la decisi\u00f3n del Registrador que pidi\u00f3 los t\u00edtulos que motivaron las inscripciones que constaban en el Registro Mercantil de origen, pues seg\u00fan la Direcci\u00f3n \u00aba todas luces resulta insuficiente la certificaci\u00f3n del Registro de procedencia, dada la extrema parquedad de su contenido\u00bb.<\/p>\n<p style=\"text-align: justify;\">4 febrero 2000<\/p>\n<p style=\"text-align: justify;\">\u00a0<\/p>\n","protected":false},"excerpt":{"rendered":"<p>EXTRANJEROS Traslado y adquisici\u00f3n de nacionalidad espa\u00f1ola, de una sociedad extranjera Traslado y adquisici\u00f3n de nacionalidad espa\u00f1ola, de una sociedad extranjera.- Acordado por la Junta general de una sociedad domiciliada en Liechtenstein el traslado de su domicilio social a Espa\u00f1a, con adquisici\u00f3n de nacionalidad espa\u00f1ola y la adaptaci\u00f3n de sus Estatutos a la Ley de [&hellip;]<\/p>\n","protected":false},"author":8,"featured_media":0,"comment_status":"open","ping_status":"closed","sticky":false,"template":"","format":"aside","meta":{"_bbp_topic_count":0,"_bbp_reply_count":0,"_bbp_total_topic_count":0,"_bbp_total_reply_count":0,"_bbp_voice_count":0,"_bbp_anonymous_reply_count":0,"_bbp_topic_count_hidden":0,"_bbp_reply_count_hidden":0,"_bbp_forum_subforum_count":0,"footnotes":""},"categories":[5368],"tags":[],"class_list":{"0":"post-13339","1":"post","2":"type-post","3":"status-publish","4":"format-aside","6":"category-extranjeros-mercantil-francisco-sena","7":"post_format-post-format-aside"},"_links":{"self":[{"href":"https:\/\/www.notariosyregistradores.com\/web\/wp-json\/wp\/v2\/posts\/13339","targetHints":{"allow":["GET"]}}],"collection":[{"href":"https:\/\/www.notariosyregistradores.com\/web\/wp-json\/wp\/v2\/posts"}],"about":[{"href":"https:\/\/www.notariosyregistradores.com\/web\/wp-json\/wp\/v2\/types\/post"}],"author":[{"embeddable":true,"href":"https:\/\/www.notariosyregistradores.com\/web\/wp-json\/wp\/v2\/users\/8"}],"replies":[{"embeddable":true,"href":"https:\/\/www.notariosyregistradores.com\/web\/wp-json\/wp\/v2\/comments?post=13339"}],"version-history":[{"count":0,"href":"https:\/\/www.notariosyregistradores.com\/web\/wp-json\/wp\/v2\/posts\/13339\/revisions"}],"wp:attachment":[{"href":"https:\/\/www.notariosyregistradores.com\/web\/wp-json\/wp\/v2\/media?parent=13339"}],"wp:term":[{"taxonomy":"category","embeddable":true,"href":"https:\/\/www.notariosyregistradores.com\/web\/wp-json\/wp\/v2\/categories?post=13339"},{"taxonomy":"post_tag","embeddable":true,"href":"https:\/\/www.notariosyregistradores.com\/web\/wp-json\/wp\/v2\/tags?post=13339"}],"curies":[{"name":"wp","href":"https:\/\/api.w.org\/{rel}","templated":true}]}}