{"id":13417,"date":"2016-01-13T10:04:59","date_gmt":"2016-01-13T09:04:59","guid":{"rendered":"http:\/\/www.notariosyregistradores.com\/web\/?p=13417"},"modified":"2016-01-18T13:05:12","modified_gmt":"2016-01-18T12:05:12","slug":"concurrencia-en-una-persona-de-representacion-organica-y-por-poder","status":"publish","type":"post","link":"https:\/\/www.notariosyregistradores.com\/web\/resoluciones\/francisco-sena\/mercantil-francisco-sena\/sociedad\/concurrencia-en-una-persona-de-representacion-organica-y-por-poder\/","title":{"rendered":"Concurrencia en una persona de representaci\u00f3n org\u00e1nica y por poder"},"content":{"rendered":"<h1>SOCIEDAD<\/h1>\n<p><strong><a href=\"#Concurrenciaenunapersonaderepresentacionorganicayporpoder\">Concurrencia en una persona de representaci\u00f3n org\u00e1nica y por poder<\/a><\/strong><\/p>\n<p><strong>Concurrencia en una persona de representaci\u00f3n org\u00e1nica y por poder<\/strong>.- El poder conferido por el Administrador a s\u00ed mismo, cumpliendo un acuerdo de la Junta General, que incluye una serie de actos comprendidos claramente dentro de las facultades representativas que por su calidad de Administrador le corresponden, ni es necesario por redundante ni debe acceder al Registro Mercantil.<\/p>\n<p>24 junio 1993<strong> <br \/> <\/strong><\/p>\n<p><strong><a id=\"Concurrenciaenunapersonaderepresentacionorganicayporpoder\"><\/a>Concurrencia en una persona de representaci\u00f3n org\u00e1nica y por poder<\/strong>.- El origen de este recurso est\u00e1 en el nombramiento, hecho por la Administradora \u00fanica de una sociedad, de apoderados solidarios en favor de cuatro personas y de ella misma. Despu\u00e9s de destacar la distinta naturaleza de la representaci\u00f3n org\u00e1nica y por apoderado -mediante la primera, que es necesaria, quien act\u00faa es la propia sociedad; en la segunda, de car\u00e1cter voluntario, el \u00f3rgano de administraci\u00f3n designa a otra persona, que debe someterse a lo estipulado en el acto de otorgamiento del poder-, la Direcci\u00f3n admite, en tesis de principio, la posibilidad de que en una misma persona puedan confluir las condiciones de administrador y apoderado. No obstante, las circunstancias de este caso concreto hacen que deba confirmarse la calificaci\u00f3n denegatoria de la Registradora, pues ser\u00eda ilusoria tanto la posibilidad de revocaci\u00f3n del poder conferido como la exigencia de responsabilidad al apoderado; por otra parte, carece de fundamento que quien ostenta el cargo de Administrador \u00fanico, investido con las m\u00e1s amplias facultades representativas, se atribuya a s\u00ed mismo, mediante poder, unas facultades que ya tiene; finalmente, en el supuesto de cese del Administrador, no tendr\u00eda justificaci\u00f3n que por su sola voluntad pueda seguir como apoderado, pues incluso en el caso de destituci\u00f3n del Administrador, subsistir\u00eda el poder mientras no fuese revocado por el nuevo Administrador.<\/p>\n<p>24 noviembre 1998<\/p>\n<p><strong><a id=\"Concurrenciaenunapersonaderepresentacionorganicayporpoder1\"><\/a> Concurrencia en una persona de representaci\u00f3n org\u00e1nica y por poder<\/strong>.- Rechazada la inscripci\u00f3n de un poder que el Administrador de una sociedad se concedi\u00f3 a s\u00ed mismo, incluyendo la autocontrataci\u00f3n, la Direcci\u00f3n General confirma la calificaci\u00f3n reiterando su propia doctrina. De un lado, porque carece de inter\u00e9s la posibilidad de atribuir a la misma persona, por v\u00eda de apoderamiento voluntario, facultades que por raz\u00f3n de su cargo ya ostentaba; el argumento del recurrente de necesitar un documento que acredite la representaci\u00f3n y que no contenga informaci\u00f3n ajena a aquella facultad, o que pueda sufrir el riesgo de deterioro o extrav\u00edo, se rechaza, porque tales inconvenientes se pueden suplir con una copia parcial o un testimonio, tambi\u00e9n parcial, de la escritura de constituci\u00f3n, o mediante una certificaci\u00f3n del Registro Mercantil. De otro lado, porque la revocabilidad del poder es ilusoria mientras el propio apoderado siga ejerciendo el cargo que le facultar\u00eda para privarse de las facultades autoatribu\u00eddas, por la dif\u00edcil exigencia de responsabilidad que al administrador corresponder\u00eda frente a la actuaci\u00f3n del apoderado, por el presunto fraude que supondr\u00eda derivar la responsabilidad del cargo de administrador a la m\u00e1s diluida de apoderado y, finalmente, porque mediante la facultad de autocontrataci\u00f3n se estar\u00eda atribuyendo unas facultades de las que carecer\u00eda en su condici\u00f3n de administrador.<\/p>\n<p>27 febrero 2003<\/p>\n<p>&nbsp;<\/p>\n<h2>FRANCISCO SENA: \u00a0 \u00a0 General. \u00a0 Propiedad. \u00a0 \u00a0Mercantil. \u00a0 \u00a0 \u00a0 \u00a0 \u00a0 \u00a0\u00a0<\/h2>\n<h2>FRANCISCO SENA: \u00a0 \u00a0 Cronol\u00f3gico. \u00a0 \u00a0HMyPSD. \u00a0 Muebles<\/h2>\n<h2>JUAN CARLOS CASAS: \u00a0 <a href=\"https:\/\/www.notariosyregistradores.com\/web\/category\/resoluciones\/indice-propiedad\/\">Propiedad<\/a>. \u00a0 \u00a0 <a href=\"https:\/\/www.notariosyregistradores.com\/web\/resoluciones\/indice-mercantil\/indice-resoluciones-mercantil-dgrn-juan-carlos-casas1\/\">Mercantil (A a L)<\/a>. <a href=\"https:\/\/www.notariosyregistradores.com\/web\/resoluciones\/indice-mercantil\/indice-resoluciones-mercantil-dgrn-juan-carlos-casas2\/\">Mercantil (M a Z)<\/a><\/h2>\n<h2>RESOLUCIONES: \u00a0 \u00a0 \u00a0 <a href=\"https:\/\/www.notariosyregistradores.com\/web\/resoluciones\/cuadro-resoluciones-dgrn-por-meses\/\">Por meses.<\/a> \u00a0 <a href=\"https:\/\/www.notariosyregistradores.com\/web\/resoluciones\/titulares-de-resoluciones\/\">Por titulares.<\/a><\/h2>\n<h2>NORMAS: \u00a0 \u00a0 <a href=\"https:\/\/www.notariosyregistradores.com\/web\/cuadros\/normas-basicas\/\">\u00a0Cuadro general.<\/a> \u00a0 \u00a0 <a href=\"https:\/\/www.notariosyregistradores.com\/web\/normas\/cuadro-de-informes-mensuales-generales-de-lo-publicado-en-el-boe\/\">Por meses. <\/a> \u00a0 \u00a0 <a href=\"https:\/\/www.notariosyregistradores.com\/web\/?p=1241\">+ Destacadas<\/a><\/h2>\n<h2>NORMAS: \u00a0 <a href=\"https:\/\/www.notariosyregistradores.com\/web\/category\/normas\/2002-2015\/\"> 2002 \u2013 \u00a02016. <\/a>\u00a0 \u00a0 <a href=\"https:\/\/www.notariosyregistradores.com\/web\/cuadros\/tratados_\/tratados-internacionales-y-acuerdos-internacionales-cuadros\/\">Tratados internacionales.<\/a> \u00a0 <a href=\"https:\/\/www.notariosyregistradores.com\/web\/category\/normas\/futuras-normas\/\">\u00a0Futuras.<\/a><\/h2>\n","protected":false},"excerpt":{"rendered":"<p>SOCIEDAD Concurrencia en una persona de representaci\u00f3n org\u00e1nica y por poder Concurrencia en una persona de representaci\u00f3n org\u00e1nica y por poder.- El poder conferido por el Administrador a s\u00ed mismo, cumpliendo un acuerdo de la Junta General, que incluye una serie de actos comprendidos claramente dentro de las facultades representativas que por su calidad de [&hellip;]<\/p>\n","protected":false},"author":8,"featured_media":0,"comment_status":"open","ping_status":"closed","sticky":false,"template":"","format":"aside","meta":{"_bbp_topic_count":0,"_bbp_reply_count":0,"_bbp_total_topic_count":0,"_bbp_total_reply_count":0,"_bbp_voice_count":0,"_bbp_anonymous_reply_count":0,"_bbp_topic_count_hidden":0,"_bbp_reply_count_hidden":0,"_bbp_forum_subforum_count":0,"footnotes":""},"categories":[2825],"tags":[],"class_list":{"0":"post-13417","1":"post","2":"type-post","3":"status-publish","4":"format-aside","6":"category-sociedad","7":"post_format-post-format-aside"},"_links":{"self":[{"href":"https:\/\/www.notariosyregistradores.com\/web\/wp-json\/wp\/v2\/posts\/13417","targetHints":{"allow":["GET"]}}],"collection":[{"href":"https:\/\/www.notariosyregistradores.com\/web\/wp-json\/wp\/v2\/posts"}],"about":[{"href":"https:\/\/www.notariosyregistradores.com\/web\/wp-json\/wp\/v2\/types\/post"}],"author":[{"embeddable":true,"href":"https:\/\/www.notariosyregistradores.com\/web\/wp-json\/wp\/v2\/users\/8"}],"replies":[{"embeddable":true,"href":"https:\/\/www.notariosyregistradores.com\/web\/wp-json\/wp\/v2\/comments?post=13417"}],"version-history":[{"count":0,"href":"https:\/\/www.notariosyregistradores.com\/web\/wp-json\/wp\/v2\/posts\/13417\/revisions"}],"wp:attachment":[{"href":"https:\/\/www.notariosyregistradores.com\/web\/wp-json\/wp\/v2\/media?parent=13417"}],"wp:term":[{"taxonomy":"category","embeddable":true,"href":"https:\/\/www.notariosyregistradores.com\/web\/wp-json\/wp\/v2\/categories?post=13417"},{"taxonomy":"post_tag","embeddable":true,"href":"https:\/\/www.notariosyregistradores.com\/web\/wp-json\/wp\/v2\/tags?post=13417"}],"curies":[{"name":"wp","href":"https:\/\/api.w.org\/{rel}","templated":true}]}}