{"id":134253,"date":"2026-01-26T21:46:26","date_gmt":"2026-01-26T20:46:26","guid":{"rendered":"https:\/\/www.notariosyregistradores.com\/web\/?p=134253"},"modified":"2026-01-26T21:46:26","modified_gmt":"2026-01-26T20:46:26","slug":"convocada-la-tercera-edicion-del-premio-joaquin-zejalbo-a-un-trabajo-doctrinal","status":"publish","type":"post","link":"https:\/\/www.notariosyregistradores.com\/web\/participa\/noticias\/convocada-la-tercera-edicion-del-premio-joaquin-zejalbo-a-un-trabajo-doctrinal\/","title":{"rendered":"Convocada la Tercera Edici\u00f3n del Premio Joaqu\u00edn Zejalbo a un trabajo doctrinal."},"content":{"rendered":"<p style=\"text-align: justify;\">\u00a0<\/p>\n<p style=\"text-align: left;\"><span style=\"font-size: 24pt;\"><em><span style=\"font-family: 'book antiqua', palatino, serif;\"><strong>Por la presente, se convoca la\u00a0<\/strong><\/span><\/em><\/span><\/p>\n<p style=\"text-align: justify;\"><span style=\"font-family: 'comic sans ms', sans-serif;\">\u00a0<\/span><\/p>\n<h1 style=\"text-align: center;\"><span style=\"font-size: 24pt; color: #000080; font-family: 'comic sans ms', sans-serif;\"><strong>III EDICI\u00d3N DEL<\/strong><\/span><\/h1>\n<h1 style=\"text-align: center;\"><span style=\"font-size: 36pt; color: #000080; font-family: 'comic sans ms', sans-serif;\"><strong>PREMIO JOAQU\u00cdN ZEJALBO <\/strong><\/span><\/h1>\n<h1 style=\"text-align: center;\"><span style=\"font-size: 24pt; color: #000080; font-family: 'comic sans ms', sans-serif;\"><strong>A UN TRABAJO DOCTRINAL<\/strong><\/span><\/h1>\n<p style=\"text-align: center;\"><strong><span style=\"font-size: 18pt;\">\u00a0-oOo-<\/span><\/strong><\/p>\n<div id=\"attachment_46318\" style=\"width: 441px\" class=\"wp-caption aligncenter\"><img loading=\"lazy\" decoding=\"async\" aria-describedby=\"caption-attachment-46318\" class=\"size-full wp-image-46318\" src=\"https:\/\/www.notariosyregistradores.com\/web\/wp-content\/uploads\/2018\/03\/Joaquin_Zejalbo-Gabardina-643.jpg\" alt=\"Joaqu\u00edn Zejalbo Mart\u00edn: Premio Notarios y Registradores 2018.\" width=\"431\" height=\"600\" srcset=\"https:\/\/www.notariosyregistradores.com\/web\/wp-content\/uploads\/2018\/03\/Joaquin_Zejalbo-Gabardina-643.jpg 643w, https:\/\/www.notariosyregistradores.com\/web\/wp-content\/uploads\/2018\/03\/Joaquin_Zejalbo-Gabardina-643-215x300.jpg 215w, https:\/\/www.notariosyregistradores.com\/web\/wp-content\/uploads\/2018\/03\/Joaquin_Zejalbo-Gabardina-643-500x697.jpg 500w\" sizes=\"auto, (max-width: 431px) 100vw, 431px\" \/><p id=\"caption-attachment-46318\" class=\"wp-caption-text\">Joaqu\u00edn Zejalbo Mart\u00edn<\/p><\/div>\n<p style=\"text-align: justify;\"><span style=\"font-size: 12pt; color: #000000;\">Este a\u00f1o, el Equipo de Redacci\u00f3n de la web, mediante acuerdo adoptado en sesi\u00f3n plenaria del 25 de octubre de 2025 y, ante el \u00e9xito de las dos primeras ediciones, ha convenido la convocatoria de la tercera edici\u00f3n de este Premio, en memoria de nuestro querido compa\u00f1ero, prematuramente fallecido, Joaqu\u00edn Zejalbo Mart\u00edn, para reconocer p\u00fablicamente el valor de un <strong>trabajo<\/strong> de contenido jur\u00eddico de derecho privado o relacionado con <strong>materias propias de las diversas secciones<\/strong> de notariosyregistradores.com, de entre los que se hayan aportado para su publicaci\u00f3n en esta p\u00e1gina web.\u00a0<\/span><\/p>\n<p style=\"text-align: justify;\"><span style=\"font-size: 12pt; color: #000000;\">Como <strong>ejemplos<\/strong> de materias que se incluyen en su \u00e1mbito se encuentran: Derechos Civil, Fiscal, Mercantil, Hipotecario, Notarial, aspectos t\u00e9cnicos relacionados con el Territorio, etc&#8230;<\/span><\/p>\n<p style=\"text-align: justify;\"><span style=\"font-size: 12pt; color: #000000;\"><strong>El plazo de admisi\u00f3n de originales concluir\u00e1 el 30 DE JUNIO DE 2026.<\/strong><\/span><\/p>\n<p style=\"text-align: justify;\"><span style=\"font-size: 12pt; color: #000000;\">Los env\u00edos pueden realizarse mediante <strong><a style=\"color: #000000;\" href=\"mailto:notyreg@notariosyregistradores.com?subject=Trabajo%20para%20Premio%20Joaqu\u00edn%20Zejalbo%202023\">correo electr\u00f3nico<\/a> como archivo adjunto <\/strong>(preferiblemente en formato WORD y, subsidiariamente, en formato PDF). <\/span><\/p>\n<p style=\"text-align: justify;\"><span style=\"font-size: 12pt; color: #000000;\">De todos modos, todos los trabajos que se env\u00eden para su publicaci\u00f3n en la web, ser\u00e1n considerados como posibles candidatos, salvo que su autor indique lo contrario.<\/span><\/p>\n<p style=\"text-align: justify;\"><span style=\"font-size: 12pt;\"><strong>Jos\u00e9 Antonio Riera \u00c1lvarez, Presidente del Comit\u00e9 Organizador del Premio Joaqu\u00edn Zejalbo.<\/strong><\/span><\/p>\n<h2>\u00a0<\/h2>\n<h2 style=\"text-align: center;\"><span style=\"color: #0000ff;\"><strong style=\"font-size: 1rem;\"><span style=\"font-family: 'book antiqua', palatino, serif; font-size: 24pt;\">REGLAMENTO DEL PREMIO:<\/span><\/strong><\/span><\/h2>\n<p style=\"text-align: justify;\"><span style=\"font-size: 12pt;\"><strong>Denominaci\u00f3n: \u201cPremio Joaqu\u00edn Zejalbo\u201d<\/strong><\/span><\/p>\n<p style=\"text-align: justify;\"><span style=\"font-size: 12pt;\"><strong>Convocatoria:<\/strong>\u00a0Se realizar\u00e1 a trav\u00e9s de la web organizadora\u00a0<a href=\"https:\/\/www.notariosyregistradores.com\/\">notariosyregistradores.com<\/a>, pudiendo hacerse eco de ella en redes sociales.<\/span><\/p>\n<p style=\"text-align: justify;\"><span style=\"font-size: 12pt;\"><strong>Contenido:\u00a0<\/strong>Trabajos de contenido jur\u00eddico de derecho privado o relacionado con materias propias de las diversas secciones de notariosyregistradores.com, que se aporten para su publicaci\u00f3n en esta p\u00e1gina web. Habr\u00e1n de ser originales e in\u00e9ditos. Se valorar\u00e1 la inclusi\u00f3n de sumario, introducci\u00f3n, bibliograf\u00eda y, especialmente de conclusiones.<\/span><\/p>\n<p style=\"text-align: justify;\"><span style=\"font-size: 12pt;\"><strong>Autores.<\/strong>\u00a0Los autores deber\u00e1n tener el t\u00edtulo de doctor, licenciado o graduado por una Universidad espa\u00f1ola o de otro pa\u00eds, tanto en Derecho como en otra profesi\u00f3n relacionada con el contenido del trabajo que presenten. Se identificar\u00e1n mediante nombre y apellidos y se deber\u00e1 a\u00f1adir un medio de contacto (o bien correo electr\u00f3nico, o bien tel\u00e9fono). De tratarse de un trabajo colectivo, los requisitos exigidos a los concursantes deber\u00e1n concurrir en todos los autores, identificando, en su caso, al autor responsable. La indicaci\u00f3n de la profesi\u00f3n del autor del trabajo al final del mismo ser\u00e1 suficiente a los efectos de acreditar su t\u00edtulo acad\u00e9mico.<\/span><\/p>\n<p style=\"text-align: justify;\"><span style=\"font-size: 12pt;\"><strong>Exclusiones.<\/strong>\u00a0La aportaci\u00f3n de un trabajo para su publicaci\u00f3n en la web implicar\u00e1 la participaci\u00f3n en el Premio, para la siguiente edici\u00f3n, aunque se haya presentado antes de la convocatoria, salvo que expresamente lo excluya el que lo env\u00eda. No podr\u00e1n participar los miembros del equipo de redacci\u00f3n de la web.<\/span><\/p>\n<p style=\"text-align: justify;\"><span style=\"font-size: 12pt;\"><strong>Plazo final de recepci\u00f3n de originales:\u00a0<\/strong>Lo determinar\u00e1 el Presidente del Comit\u00e9 en la convocatoria, con una duraci\u00f3n m\u00e1xima de seis meses.<\/span><\/p>\n<p style=\"text-align: justify;\"><span style=\"font-size: 12pt;\"><strong>Extensi\u00f3n:<\/strong>\u00a0Los trabajos deber\u00e1n contar con una extensi\u00f3n que oscile entre las 4.000 y las 30.000 palabras. En el c\u00f3mputo no se tendr\u00e1n en cuenta, de estar presentes, las notas a pie de p\u00e1gina ni la bibliograf\u00eda.<\/span><\/p>\n<p style=\"text-align: justify;\"><span style=\"font-size: 12pt;\"><strong>Contenido del Premio:<\/strong>\u00a0La persona ganadora obtendr\u00e1 un diploma de la web acreditativo. Ser\u00e1 objeto de nuevo titular en la portada de la web y se dar\u00e1 a conocer en redes sociales. Mantendr\u00e1 temporalmente un enlace en una columna de la portada de la web.<\/span><\/p>\n<p style=\"text-align: justify;\"><span style=\"font-size: 12pt;\"><strong>Comit\u00e9 del Premio:\u00a0<\/strong>Est\u00e1 formado por cuatro miembros, que son actualmente las siguientes personas: Presidente: Jos\u00e9 Antonio Riera \u00c1lvarez. Vicepresidente: Jos\u00e9 \u00c1ngel Garc\u00eda-Valdecasas Butr\u00f3n. Vocales: Inmaculada Espi\u00f1eira Soto y Jos\u00e9 F\u00e9lix Merino Escart\u00edn. Podr\u00e1n incorporarse temporalmente para la evaluaci\u00f3n aquellos otros miembros del equipo de redacci\u00f3n que lo soliciten expresamente. La decisi\u00f3n del Comit\u00e9 ser\u00e1 inapelable.<\/span><\/p>\n<p style=\"text-align: justify;\"><span style=\"font-size: 12pt;\"><strong>Ofrecimiento:\u00a0<\/strong>El Presidente del Comit\u00e9 comunicar\u00e1 la concesi\u00f3n al autor para su aceptaci\u00f3n si lo estima oportuno. S\u00f3lo entonces se dar\u00e1 a conocer.<\/span><\/p>\n<p>&nbsp;<\/p>\n<h2><span style=\"color: #0000ff;\">ENLACES:<\/span><\/h2>\n<h2 style=\"text-align: center;\"><a href=\"https:\/\/www.notariosyregistradores.com\/web\/secciones\/oficina-registral\/estudios\/preferencia-de-creditos-a-favor-de-comunidad-de-propietarios-y-su-relacion-con-el-rango-registral\/\"><strong>PREFERENCIA DE CREDITOS A FAVOR DE COMUNIDAD DE PROPIETARIOS Y SU RELACI\u00d3N CON EL RANGO REGISTRAL, DE MAR\u00cdA LUISA GARC\u00cdA DE BLAS VALENT\u00cdN &#8211; FERN\u00c1NDEZ, GANADOR DE LA SEGUNDA EDICI\u00d3N.<\/strong><\/a><\/h2>\n<h2 style=\"text-align: center;\"><span style=\"font-size: 14pt;\"><a href=\"https:\/\/www.notariosyregistradores.com\/web\/participa\/noticias\/el-negocio-incompleto-de-carlos-perez-ramos-vencedor-del-i-premio-joaquin-zejalbo\/\"><strong>\u00abEL NEGOCIO INCOMPLETO\u00bb, DE CARLOS P\u00c9REZ RAMOS, GANADOR DE LA PRIMERA EDICI\u00d3N<\/strong><\/a><\/span><\/h2>\n<p style=\"text-align: center;\"><span style=\"font-size: 14pt;\"><strong><a href=\"https:\/\/www.notariosyregistradores.com\/web\/esta-web\/premio-notarios-y-registradores\/reglamento-del-premio-joaquin-zejalbo\/\">REGLAMENTO DEL PREMIO JOAQU\u00cdN ZEJALBO<\/a><\/strong><\/span><\/p>\n<p style=\"text-align: center;\"><span style=\"font-size: 14pt;\"><a href=\"https:\/\/www.notariosyregistradores.com\/web\/esta-web\/premio-notarios-y-registradores\/joaquin-zejalbo-martin-premio-notarios-y-registradores-2018\/\"><strong>JOAQU\u00cdN ZEJALBO MART\u00cdN<\/strong><\/a><\/span><\/p>\n<p style=\"text-align: center;\"><span style=\"font-size: 14pt;\"><strong><a href=\"https:\/\/www.notariosyregistradores.com\/web\/esta-web\/ideario\/ideario-de-esta-web\/\">IDEARIO DE LA WEB<\/a><\/strong><\/span><\/p>\n<p style=\"text-align: center;\"><span style=\"font-size: 14pt;\"><strong><a href=\"https:\/\/www.notariosyregistradores.com\/web\/category\/esta-web\/que-ofrece\/\">QU\u00c9 OFRECE ESTA WEB<\/a><\/strong><\/span><\/p>\n<p style=\"text-align: center;\"><a href=\"https:\/\/www.notariosyregistradores.com\/web\/category\/participa\/noticias\/\"><strong><span style=\"font-size: 14pt;\">SUBSECCI\u00d3N NOTICIAS<\/span><\/strong><\/a><\/p>\n<p style=\"text-align: center;\"><span style=\"font-size: 14pt;\"><strong><a href=\"https:\/\/www.notariosyregistradores.com\">PORTADA DE LA WEB<\/a><\/strong><\/span><\/p>\n<div id=\"gtx-trans\" style=\"position: absolute; left: 455px; top: 353px;\">\n<div class=\"gtx-trans-icon\">\u00a0<\/div>\n<\/div>\n","protected":false},"excerpt":{"rendered":"<p>\u00a0 Por la presente, se convoca la\u00a0 \u00a0 III EDICI\u00d3N DEL PREMIO JOAQU\u00cdN ZEJALBO A UN TRABAJO DOCTRINAL \u00a0-oOo- Este a\u00f1o, el Equipo de Redacci\u00f3n de la web, mediante acuerdo adoptado en sesi\u00f3n plenaria del 25 de octubre de 2025 y, ante el \u00e9xito de las dos primeras ediciones, ha convenido la convocatoria de la [&hellip;]<\/p>\n","protected":false},"author":10,"featured_media":0,"comment_status":"open","ping_status":"closed","sticky":false,"template":"","format":"standard","meta":{"_bbp_topic_count":0,"_bbp_reply_count":0,"_bbp_total_topic_count":0,"_bbp_total_reply_count":0,"_bbp_voice_count":0,"_bbp_anonymous_reply_count":0,"_bbp_topic_count_hidden":0,"_bbp_reply_count_hidden":0,"_bbp_forum_subforum_count":0,"footnotes":""},"categories":[213,232,270],"tags":[],"class_list":{"0":"post-134253","1":"post","2":"type-post","3":"status-publish","4":"format-standard","6":"category-noticias","7":"category-premio-notarios-y-registradores","8":"category-varios-doctrina"},"_links":{"self":[{"href":"https:\/\/www.notariosyregistradores.com\/web\/wp-json\/wp\/v2\/posts\/134253","targetHints":{"allow":["GET"]}}],"collection":[{"href":"https:\/\/www.notariosyregistradores.com\/web\/wp-json\/wp\/v2\/posts"}],"about":[{"href":"https:\/\/www.notariosyregistradores.com\/web\/wp-json\/wp\/v2\/types\/post"}],"author":[{"embeddable":true,"href":"https:\/\/www.notariosyregistradores.com\/web\/wp-json\/wp\/v2\/users\/10"}],"replies":[{"embeddable":true,"href":"https:\/\/www.notariosyregistradores.com\/web\/wp-json\/wp\/v2\/comments?post=134253"}],"version-history":[{"count":2,"href":"https:\/\/www.notariosyregistradores.com\/web\/wp-json\/wp\/v2\/posts\/134253\/revisions"}],"predecessor-version":[{"id":134334,"href":"https:\/\/www.notariosyregistradores.com\/web\/wp-json\/wp\/v2\/posts\/134253\/revisions\/134334"}],"wp:attachment":[{"href":"https:\/\/www.notariosyregistradores.com\/web\/wp-json\/wp\/v2\/media?parent=134253"}],"wp:term":[{"taxonomy":"category","embeddable":true,"href":"https:\/\/www.notariosyregistradores.com\/web\/wp-json\/wp\/v2\/categories?post=134253"},{"taxonomy":"post_tag","embeddable":true,"href":"https:\/\/www.notariosyregistradores.com\/web\/wp-json\/wp\/v2\/tags?post=134253"}],"curies":[{"name":"wp","href":"https:\/\/api.w.org\/{rel}","templated":true}]}}