{"id":134259,"date":"2026-01-27T18:21:06","date_gmt":"2026-01-27T17:21:06","guid":{"rendered":"https:\/\/www.notariosyregistradores.com\/web\/?p=134259"},"modified":"2026-01-27T18:25:31","modified_gmt":"2026-01-27T17:25:31","slug":"informe-mercantil-enero-2026-es-posible-imponer-la-unanimidad-en-los-acuerdos-de-las-sociedades-de-capital-derecho-de-veto-en-el-consejo","status":"publish","type":"post","link":"https:\/\/www.notariosyregistradores.com\/web\/secciones\/oficina-mercantil\/informes-mensuales-o-m\/informe-mercantil-enero-2026-es-posible-imponer-la-unanimidad-en-los-acuerdos-de-las-sociedades-de-capital-derecho-de-veto-en-el-consejo\/","title":{"rendered":"Informe mercantil enero 2026 \u00bfEs posible imponer la unanimidad en los acuerdos de las sociedades de capital? \u00bfDerecho de veto en el Consejo?"},"content":{"rendered":"<h1 style=\"text-align: center;\"><strong><a id=\"arriba\"><\/a><span style=\"font-size: 18pt;\">INFORME MERCANTIL ENERO <\/span><\/strong><strong style=\"font-size: 1.5rem;\"><span style=\"font-size: 18pt;\">DE 2026\u00a0<\/span><\/strong><\/h1>\n<h2 style=\"text-align: center;\"><span style=\"color: #0000ff;\">Jos\u00e9 \u00c1ngel Garc\u00eda Valdecasas Butr\u00f3n<\/span><\/h2>\n<h2 style=\"text-align: center;\"><span style=\"color: #0000ff;\">Registrador de la Propiedad y Mercantil<\/span><\/h2>\n<p>&nbsp;<\/p>\n<a class=\"mwm-aal-item\" name=\"cuestiones-de-interes\"><\/a><h6 style=\"text-align: justify;\"><span style=\"font-size: 14pt; color: #0000ff;\"><strong>CUESTIONES DE INTER\u00c9S:<\/strong><\/span><\/h6>\n<a class=\"mwm-aal-item\" name=\"pactos-parasociales-pueden-imponer-la-unanimidad-en-la-adopcion-de-acuerdos-de-la-junta-general-pueden-establecer-un-derecho-de-veto-en-el-consejo\"><\/a><h6 style=\"text-align: justify;\"><span style=\"font-size: 12pt;\"><strong>Pactos parasociales: \u00bfpueden imponer la unanimidad en la adopci\u00f3n de acuerdos de la junta general? \u00bfpueden establecer un derecho de veto en el consejo?<\/strong><\/span><\/h6>\n<a class=\"mwm-aal-item\" name=\"planteamiento\"><\/a><h6 style=\"text-align: justify;\"><span style=\"font-size: 12pt;\"><strong>Planteamiento.<\/strong><\/span><\/h6>\n<p style=\"text-align: justify;\">De los llamados <strong>pactos parasociales<\/strong> ya tratamos en el <a href=\"https:\/\/www.notariosyregistradores.com\/web\/secciones\/oficina-mercantil\/informes-mensuales-o-m\/febrero-2022-pactos-parasociales-y-pactos-entre-la-sociedad-y-un-tercero\/#pactos-parasociales-y-pactos-entre-la-sociedad-y-un-tercero-pueden-obligar-a-los-socios\">informe de registro mercantil de febrero de 2022<\/a> al hilo de una resoluci\u00f3n de la DGSJFP de 10 de mayo de 2020, \u00a0en la que se llegaba a la <strong>conclusi\u00f3n<\/strong> de que los pactos suscritos por un socio con un tercero relativos al no pago de dividendo durante determinado per\u00edodo de tiempo solo obliga a los que los firmaron pero no a los socios que por no serlo en el momento de la firma, nada tienen que ver con esos pactos.<\/p>\n<p style=\"text-align: justify;\">Como sabemos los pactos parasociales son aquellos <strong>convenios<\/strong> entre los socios o entre estos y la sociedad o incluso con un tercero que buscan <strong>disciplinar<\/strong> cuestiones no reguladas por los estatutos o <strong>completar<\/strong> las relaciones internas entre los socios y la sociedad. Estos pactos, fundados en el principio de <strong>autonom\u00eda de la voluntad<\/strong> del art\u00edculo 1255 del CC, son en todo caso <strong>obligatorios<\/strong> para aquellos que los suscriben o celebran en los t\u00e9rminos que ahora veremos y ello, aunque por su contenido debieran formar parte de los <strong>estatutos<\/strong> de la sociedad.<\/p>\n<p style=\"text-align: justify;\">Efectivamente esos pactos parasociales, de conformidad con el\u00a0<a href=\"https:\/\/www.notariosyregistradores.com\/web\/normas\/ley-de-sociedades-de-capital\/#art28\">art\u00edculo 28 de la LSC<\/a>, se pueden incluir en la escritura de constituci\u00f3n de la sociedad o en los estatutos, \u201c<em>siempre que no se opongan a las leyes ni contradigan los principios configuradores del tipo social elegido<\/em>\u201d. Pero tambi\u00e9n pueden constar esos pactos en otra escritura. Ahora bien, lo normal es que estos pactos no tengan reflejo estatutario pues usualmente su contenido no es regulable en estatutos. \u00a0Este contenido puede concretarse en pactos de no agresi\u00f3n entre grupos de socios, en derechos de adquisici\u00f3n preferente fuera de las normas estatutarias, pactos de no competencia o de financiaci\u00f3n de la sociedad por los socios, pactos de sentido del voto en determinados acuerdos, o como veremos en el caso que nos ocupa en un pacto que, dada la composici\u00f3n del capital de la sociedad, un solo socio pudiera bloquear parte de los acuerdos de la junta general. Es decir, lo que podemos llamar la <strong>unanimidad<\/strong> a efectos pr\u00e1cticos.<\/p>\n<p style=\"text-align: justify;\">La unanimidad para la adopci\u00f3n de los acuerdos sociales, no solo ha sido siempre vista con <strong>disfavor<\/strong> por la doctrina, pues bastar\u00e1 que un solo socio no comparta una decisi\u00f3n de la sociedad para que esta quede paralizada, sino que incluso est\u00e1 <strong>prohibida<\/strong> expresamente por el <a href=\"https:\/\/www.notariosyregistradores.com\/web\/normas\/ley-de-sociedades-de-capital\/#art200\">art\u00edculo 200 de la LSC<\/a> al decir, bajo el ep\u00edgrafe de mayor\u00edas reforzadas, que \u201cPara todos o algunos asuntos determinados, los estatutos podr\u00e1n exigir un porcentaje de votos favorables <strong>superior<\/strong> al establecido por la ley, <strong>sin llegar a la unanimidad<\/strong>\u201d.<\/p>\n<a class=\"mwm-aal-item\" name=\"sentencia-del-ts\"><\/a><h6 style=\"text-align: justify;\"><span style=\"font-size: 12pt;\"><strong>Sentencia del TS.<\/strong><\/span><\/h6>\n<p style=\"text-align: justify;\">Pues bien, hoy traemos a este informe una interesante sentencia de nuestro TS que nos va a decir que, si bien la unanimidad como tal no es posible, s\u00ed lo es la unanimidad conseguida de forma <strong>indirecta<\/strong> debido a la composici\u00f3n del capital de la sociedad.<\/p>\n<p style=\"text-align: justify;\">Se trata de la sentencia de la Sala de lo Civil del TS, <a href=\"https:\/\/www.poderjudicial.es\/search\/indexAN.jsp\">sentencia n\u00fam. 1.713\/2025, de 26\/11\/2025 n\u00famero de procedimiento: 9008\/2021<\/a>.<\/p>\n<p style=\"text-align: justify;\">En ella se va a discutir si es o no v\u00e1lido un pacto sobre <strong>mayor\u00edas reforzadas<\/strong> en la adopci\u00f3n de acuerdos de la junta general que conducen a la <strong>unanimidad<\/strong> en la pr\u00e1ctica, y sobre la obligaci\u00f3n de algunos socios de <strong>permanencia<\/strong> y vinculaci\u00f3n exclusiva con la sociedad mientras que otro socio siga teniendo dicha condici\u00f3n.<\/p>\n<a class=\"mwm-aal-item\" name=\"hechos\"><\/a><h6 style=\"text-align: justify;\"><span style=\"font-size: 12pt;\"><strong>Hechos.<\/strong><\/span><\/h6>\n<p style=\"text-align: justify;\">Una sociedad dedicada a la \u00f3ptica, Eyewear, en un momento dado necesita <strong>financiaci\u00f3n<\/strong> que consigue mediante un <strong>aumento de capital<\/strong> suscrito y desembolsado por otra sociedad, Trade, que era su asesora en materia de responsabilidad civil corporativa y recursos humanos. Esta sociedad devino titular del <strong>15 %<\/strong> de las participaciones en que se divide el capital de aqu\u00e9lla, y el restante 85 % del capital sigui\u00f3 en manos de los otros socios.<\/p>\n<p style=\"text-align: justify;\">Como consecuencia del aumento, todos los socios llegan a un acuerdo o <strong>pacto de socios<\/strong>, que fue elevado a escritura p\u00fablica en el que \u201cse refuerza la mayor\u00eda hasta, al menos, el voto favorable de participaciones que representen el <strong>90 % del capital social<\/strong>, para la adopci\u00f3n de determinados acuerdos por la junta de socios\u201d, entre los que se incluyen \u201cla modificaci\u00f3n de los estatutos, la distribuci\u00f3n de dividendos, la aprobaci\u00f3n o modificaci\u00f3n del plan de negocios o del presupuesto anual, o la modificaci\u00f3n de la pol\u00edtica salarial de los directivos\u201d.<\/p>\n<p style=\"text-align: justify;\">Adem\u00e1s, para estas materias tambi\u00e9n se requiere en el <strong>Consejo de Administraci\u00f3n<\/strong> el voto <strong>favorable<\/strong> del consejero nombrado por Trade. Tambi\u00e9n se impuso a dos socios antiguos la obligaci\u00f3n de permanecer <strong>vinculados<\/strong> a la sociedad de forma exclusiva y desempe\u00f1ar tareas ejecutivas o laborales relacionadas con la sociedad, hasta que Trade dejase ser socia.<\/p>\n<p style=\"text-align: justify;\">El pacto es del <strong>a\u00f1o 2014<\/strong>, pero <strong>en 2017<\/strong>, con motivo de otras operaciones societarias, Trade pas\u00f3 a ostentar el <strong>36,25 % del capital<\/strong> quedando el resto en manos de los otros socios.<\/p>\n<a class=\"mwm-aal-item\" name=\"demanda\"><\/a><h6 style=\"text-align: justify;\"><span style=\"font-size: 12pt;\"><strong>Demanda.<\/strong><\/span><\/h6>\n<p style=\"text-align: justify;\">Ahora la sociedad Eyewear y otros socios interponen demanda pidiendo que se declarase la <strong>nulidad<\/strong> del pacto de socios alegando que \u201chubo <strong>error en su consentimiento<\/strong> al suscribir el pacto ante el desconocimiento de las circunstancias concurrentes\u201d.<\/p>\n<p style=\"text-align: justify;\">Adem\u00e1s, adujeron que el pacto de socios era <strong>nulo<\/strong> por <strong>contravenir<\/strong> la normativa de protecci\u00f3n de consumidores y de condiciones generales de la contrataci\u00f3n (TRLGDCU y LCGC), debido a la falta de informaci\u00f3n y al desequilibrio de las prestaciones. Adem\u00e1s, alegaron que las cl\u00e1usulas del pacto sobre <strong>mayor\u00edas reforzadas<\/strong> para la adopci\u00f3n de acuerdos en junta general y consejo de administraci\u00f3n de Eyewear eran <strong>abusivas<\/strong>, pues supon\u00edan contar siempre con el voto favorable de Trade, por lo que contraven\u00edan el art. 200 LSC. Y tambi\u00e9n alegaron que el pacto de socios era nulo, al imponer a dos socios la obligaci\u00f3n de permanecer vinculados a Eyewear de forma exclusiva y desempe\u00f1ar tareas ejecutivas o laborales relacionadas con la sociedad, hasta que Trade dejase de ostentar participaci\u00f3n en Eyewear.<\/p>\n<p style=\"text-align: justify;\">El socio Trade se opuso a la demanda. \u00a0<\/p>\n<a class=\"mwm-aal-item\" name=\"decision-del-juzgado-mercantil\"><\/a><h6 style=\"text-align: justify;\"><span style=\"font-size: 12pt;\"><strong>Decisi\u00f3n del Juzgado Mercantil.<\/strong><\/span><\/h6>\n<p style=\"text-align: justify;\">El <strong>Juzgado de lo Mercantil<\/strong> desestima la demanda por considerar que la acci\u00f3n de anulabilidad por error en el consentimiento estaba <strong>caducada<\/strong> ( art. 1301 CC) rechazando tambi\u00e9n que los socios puedan ser considerados como consumidores (sentencia del Tribunal Supremo n.\u00ba 230\/2019, de 11 de abril, y de la sentencia del TJUE de 14 de febrero de 2019 (asunto C-630\/17), sin que tampoco sea aplicable \u00a0la LCGC, puesto que las cl\u00e1usulas del pacto de socios no pueden ser reputadas condiciones generales en el sentido de dicha ley.<\/p>\n<p style=\"text-align: justify;\">En cuanto a las mayor\u00edas reforzadas el juzgado mercantil entendi\u00f3 que ello no vulnera el art. 200 LSC, y trajo a colaci\u00f3n la sentencia del Tribunal Supremo de 20 de febrero de 2020, sobre los l\u00edmites de los pactos parasociales (los generales del art. 1255 CC) y su contraste respecto de los l\u00edmites de los estatutos sociales. Tampoco es cl\u00e1usula contraria a principios estructurales o sustanciales del ordenamiento jur\u00eddico. Antes bien, entendi\u00f3 que es una cl\u00e1usula <strong>habitual<\/strong> en pactos de socios omnilaterales, como el presente, y va encaminada a dotar de mayor <strong>estabilidad<\/strong> a la sociedad. Sin embargo, la sentencia excluy\u00f3 el an\u00e1lisis de la cl\u00e1usula del pacto de socios referida a la obligaci\u00f3n de permanencia, porque \u201cno se cita en la demanda norma que afecte a su validez\u201d.<\/p>\n<a class=\"mwm-aal-item\" name=\"decision-audiencia-provincial\"><\/a><h6 style=\"text-align: justify;\"><span style=\"font-size: 12pt;\"><strong>Decisi\u00f3n Audiencia Provincial.<\/strong><\/span><\/h6>\n<p style=\"text-align: justify;\">La Audiencia Provincial <strong>desestima<\/strong> el recurso de apelaci\u00f3n, utilizando argumentos similares a los el Juzgado, pero a\u00f1adiendo que el hecho de que, como consecuencia de la distribuci\u00f3n del capital se obligue a los socios al <strong>voto conjunto y un\u00e1nime<\/strong> es una decisi\u00f3n consciente de cada uno de ellos, al introducir en estatutos esta mayor\u00eda para la adopci\u00f3n de acuerdos. Y por lo que se refiere al deber de dos socios de permanecer vinculados a la sociedad, la audiencia provincial tampoco aprecia ilegalidad alguna, pues ello responde al car\u00e1cter <strong>\u201cintuitu person\u00e6\u201d<\/strong> de los pactos de socios, y esta imposici\u00f3n de servicios equivale a la que cabe establecer mediante una <strong>prestaci\u00f3n accesoria<\/strong> a todos o algunos de los socios (arts. 86 y ss. LSC).<\/p>\n<a class=\"mwm-aal-item\" name=\"recurso-de-casacion\"><\/a><h6 style=\"text-align: justify;\"><span style=\"font-size: 12pt;\"><strong>Recurso de casaci\u00f3n<\/strong>.<\/span><\/h6>\n<p style=\"text-align: justify;\">Se formula <strong>recurso de casaci\u00f3n<\/strong> ante el TS por <strong>cinco motivos<\/strong> de los cuales s\u00f3lo subsisten dos de ellos, el relativo a la <strong>mayor\u00eda reforzada<\/strong> y a la <strong>vinculaci\u00f3n<\/strong> de determinados socios con la sociedad. Los otros motivos eran el relativo al plazo de prescripci\u00f3n o caducidad establecido en el art\u00edculo 1301 del CC, otro relacionado con el mismo art\u00edculo que no es admitido por el TS, y el relativo a consumidores.<\/p>\n<p style=\"text-align: justify;\">Como nuevo argumento los recurrentes alegan que Trade viene ejerciendo pr\u00e1cticas totalmente <strong>desp\u00f3ticas<\/strong>, en lo que se conoce como <strong>\u201ctiran\u00eda de la minor\u00eda\u201d,<\/strong> con el prop\u00f3sito de paralizar el desarrollo empresarial de la sociedad y que, con la <strong>salida de tres socios<\/strong> en el a\u00f1o <strong>2017<\/strong>, con la consiguiente redistribuci\u00f3n del capital, la mayor\u00eda reforzada se transforma en <strong>unanimidad. <\/strong>Tambi\u00e9n alegan <strong>abuso de derecho<\/strong>.<\/p>\n<a class=\"mwm-aal-item\" name=\"decision-del-ts\"><\/a><h6 style=\"text-align: justify;\"><span style=\"font-size: 12pt;\"><strong>Decisi\u00f3n del TS.<\/strong><\/span><\/h6>\n<p style=\"text-align: justify;\">Sobre ello dice el TS:<\/p>\n<p style=\"text-align: justify;\">El art. 200.1 LSC es una norma <strong>imperativa<\/strong>, que proh\u00edbe incluir en los estatutos sociales la exigencia de unanimidad para la adopci\u00f3n por la junta general de todos o algunos acuerdos determinados, prohibici\u00f3n que debe extenderse tambi\u00e9n a los pactos parasociales para evitar el fraude de ley. \u00a0<\/p>\n<p style=\"text-align: justify;\">Ahora bien, en el pacto de socios no se impone la unanimidad, sino <strong>una mayor\u00eda reforzada de, al menos, el 90 % <\/strong>de los votos correspondientes a las participaciones en que se divide el capital social. A estos efectos ya el TS en la sentencia n.\u00ba 725\/1987, de 12 de noviembre, admiti\u00f3 la <strong>validez<\/strong> de una cl\u00e1usula estatutaria en la que se elevaba el qu\u00f3rum de constituci\u00f3n en una sociedad an\u00f3nima (al 85 % en primera convocatoria y al 70 % en segunda), de forma que por la distribuci\u00f3n de capital (repartido en <strong>tres tercios<\/strong>) los socios buscaron una garant\u00eda de actuaci\u00f3n <strong>conjunta<\/strong>.<\/p>\n<p style=\"text-align: justify;\">Aquella sentencia fundament\u00f3 la validez de la cl\u00e1usula en haber sido \u201c<strong>libremente consentida y aceptada por los socios<\/strong>, y en <strong>no haber impedido el funcionamiento<\/strong> de la sociedad durante a\u00f1os\u201d. Lo que ocurre en el caso presente.<\/p>\n<p style=\"text-align: justify;\">Adem\u00e1s \u201cEn el presente caso, el porcentaje (del 90 %) establecido en el pacto de socios resulta ciertamente <strong>muy elevado<\/strong>, pero la cuesti\u00f3n estriba en determinar si rebasa o no los <strong>\u201caleda\u00f1os de la unanimidad\u201d<\/strong>, por decirlo con la conocida expresi\u00f3n de la doctrina registral\u201d.<\/p>\n<p style=\"text-align: justify;\">Para los recurrentes, desde el a\u00f1o 2017 en que Trade pas\u00f3 a ostentar el 36,25 % del capital de Eyewear, es <strong>imposible<\/strong> la adopci\u00f3n de cualquier acuerdo sin su concurso pero sobre ello el TS recuerda que \u00a0cuando Trade ingres\u00f3 en 2014 en la sociedad y se celebr\u00f3 el pacto de socios, era titular del 15 % del capital, de forma que cuando <strong>ingresa Trade en la sociedad<\/strong>, todos los socios eran plenamente <strong>conscientes<\/strong> \u201cde que para que la junta general de Eyewear pudiese adoptar <strong>acuerdos sobre las materias reservadas<\/strong> (con la mayor\u00eda de, al menos, el 90 % del capital) hac\u00eda falta contar tambi\u00e9n con <strong>el consentimiento de Trade<\/strong>. Esta situaci\u00f3n fue plenamente <strong>aceptada y querida<\/strong> en 2014 por los ahora recurrentes, y nada cambi\u00f3 al respecto en 2017\u201d.<\/p>\n<p style=\"text-align: justify;\">En conclusi\u00f3n, el TS declara la validez de la cl\u00e1usula del pacto de socios (como lo es tambi\u00e9n en estatutos) de <strong>incremento o refuerzo<\/strong> de las mayor\u00edas necesarias para la adopci\u00f3n de determinados acuerdos en la junta general de socios, aunque ese <strong>reforzamiento en la pr\u00e1ctica<\/strong> se transforme en unanimidad.<\/p>\n<p style=\"text-align: justify;\">Sobre si ese pacto supone un <strong>abuso de derecho<\/strong> tambi\u00e9n el TS dice que \u201cno se concretan ni acreditan, en modo alguno, las supuestas pr\u00e1cticas desp\u00f3ticas que atribuyen al socio Trade, ni ello aparece recogido en las sentencias de instancia\u201d por lo que el motivo es rechazado.<\/p>\n<p style=\"text-align: justify;\">Finalmente examina la supuesta infracci\u00f3n de los <a href=\"https:\/\/www.notariosyregistradores.com\/web\/columna-izq\/codigo-civil-libro-cuarto-articulos-1088-al-1537\/#art6\">arts. 6.3<\/a>, <a href=\"https:\/\/www.notariosyregistradores.com\/web\/columna-izq\/codigo-civil-libro-cuarto-articulos-1088-al-1537\/#art1255\">1255, 1256<\/a> y <a href=\"https:\/\/www.notariosyregistradores.com\/web\/columna-izq\/codigo-civil-libro-cuarto-articulos-1088-al-1537\/#art1583\">1583 CC<\/a>, y la doctrina jurisprudencial sobre la prohibici\u00f3n de los <strong>pactos perpetuos o indefinidos<\/strong>, pacto que existe pues dos de los socios tienen la obligaci\u00f3n de estar vinculados con la sociedad \u00a0Eyewear, de forma exclusiva, y desempe\u00f1ar funciones ejecutivas o laborales en ella, hasta que el socio Trade deje de tener participaci\u00f3n alguna en Eyewear.<\/p>\n<p style=\"text-align: justify;\">El motivo es igualmente rechazado pue si bien es <strong>cierta<\/strong> la vinculaci\u00f3n de los socios, sin plazo determinado, tambi\u00e9n lo es que, en la cl\u00e1usula siguiente del pacto de socios, se determina la <strong>duraci\u00f3n<\/strong> de dicho pacto en unos t\u00e9rminos <strong>muy claros<\/strong> pues el \u201cacuerdo \u00abpermanecer\u00e1 en vigor para cada parte, mientras sigan ostentando, directa o indirectamente la condici\u00f3n de socio de Eyewear\u00bb. Por tanto, les bastar\u00e1 a los socios con desligarse de la sociedad para que la obligaci\u00f3n cese.<\/p>\n<a class=\"mwm-aal-item\" name=\"conclusiones\"><\/a><h6 style=\"text-align: justify;\"><span style=\"font-size: 12pt;\"><strong>Conclusiones.<\/strong><\/span><\/h6>\n<p style=\"text-align: justify;\">\u00a0Son muchas las conclusiones que podemos extraer de esta sentencia las cuales pueden servir de gu\u00eda en <strong>casos similares<\/strong> lo que, dada la complejidad de la vida de las sociedades y sus dificultades de financiaci\u00f3n, seguro que ser\u00e1n muchos y variados:<\/p>\n<p style=\"text-align: justify;\">1\u00aa. Una mayor\u00eda reforzada del <strong>90% es admisible<\/strong> en un pacto de socios y en los estatutos de la sociedad. Entra dentro del principio de autonom\u00eda de la voluntad y puede responder a concretas necesidades sociales.<\/p>\n<p style=\"text-align: justify;\">2\u00aa. No es necesario que esa mayor\u00eda, pese a su naturaleza, se refleje en los <strong>estatutos sociales<\/strong>, pero si no se hace solo afectar\u00e1 a los que firmaron el pacto.<\/p>\n<p style=\"text-align: justify;\">3\u00aa. Pese a que sea <strong>admisible<\/strong> en cuanto consentida libremente por los socios, el TS la considera <strong>excesiva<\/strong> lo que puede indicar que el 90% es el tope m\u00e1ximo que se puede pactar.<\/p>\n<p style=\"text-align: justify;\">4\u00aa. La mayor\u00eda reforzada es admisible, aunque por la composici\u00f3n del capital social esa mayor\u00eda se transforme en la pr\u00e1ctica en <strong>unanimidad<\/strong>.<\/p>\n<p style=\"text-align: justify;\">5\u00aa. De lo anterior podemos deducir que, si se quiere introducir ese reforzamiento de quorum en la junta, no se podr\u00e1 hacer con el voto en contra de las minor\u00edas que pudieran ser afectadas. Es un acuerdo que en principio requiere la <strong>unanimidad<\/strong> como la que hay en un pacto de socios.<\/p>\n<p style=\"text-align: justify;\">6\u00aa. Lo que no es posible ni en <strong>estatutos <\/strong>ni en un <strong>pacto de socios<\/strong>, es establecer la unanimidad total.<\/p>\n<p style=\"text-align: justify;\">7\u00aa. El TS apunta la posibilidad de que si ese pacto de socios es utilizado de forma desp\u00f3tica para imponer en todo caso el criterio de la minor\u00eda el pacto pudiera ser declarado nulo por abuso de derecho.<\/p>\n<p style=\"text-align: justify;\">8\u00aa. Tanto la <strong>modificaci\u00f3n de estatutos<\/strong>, como la <strong>distribuci\u00f3n de dividendos<\/strong> pueden ser materia de reforzamiento del quorum de adopci\u00f3n de acuerdos. En consecuencia, todo acuerdo de la junta general que implique una modificaci\u00f3n de estatutos, estar\u00e1 sujeto a la mayor\u00eda reforzada.<\/p>\n<p style=\"text-align: justify;\">9\u00aa. Los socios en ning\u00fan caso pueden ser considerados <strong>consumidores<\/strong>.<\/p>\n<p style=\"text-align: justify;\">10\u00aa. Los pactos parasociales no tienen la consideraci\u00f3n de <strong>condiciones generales de la contrataci\u00f3n<\/strong>.<\/p>\n<p style=\"text-align: justify;\">11\u00aa. Aunque no es objeto en ninguna de las tres sentencias dictadas, el establecimiento de un <strong>derecho de veto en el Consejo de Administraci\u00f3n<\/strong>, aunque sea solo para determinadas materias, como el que se establec\u00eda en el pacto de socios, no parece admisible por contradecir los principios configuradores de las sociedades, y porque ese derecho de veto supondr\u00eda en la pr\u00e1ctica transformar una administraci\u00f3n colegiada en una de administrador \u00fanico (<a href=\"https:\/\/www.notariosyregistradores.com\/web\/resoluciones\/por-meses\/resoluciones-junio-2023-direccion-general-seguridad-juridica-y-fe-publica\/#230-nombramiento-de-consejo-de-administracion-persona-fisica-como-consejero-y-como-representante-de-consejero-persona-juridica\">R\/ DGSJFP de 23 de mayo de 2023<\/a>, para un caso muy particular).<\/p>\n<p style=\"text-align: justify;\">12\u00aa. La obligaci\u00f3n de <strong>permanecer siendo socio<\/strong> de una sociedad por un tiempo determinado o determinable, puede ser considerada como una <strong>prestaci\u00f3n accesoria<\/strong> de no hacer (sentencia AP). Pese a ello entendemos que no ser\u00eda posible si la vinculaci\u00f3n es indefinida o si priva al socio de alguno de sus derechos fundamentales sin posibilidad de salida alguna.<\/p>\n<p style=\"text-align: justify;\">13\u00aa. Si determinado pacto de socios ha sido cumplido durante un <strong>n\u00famero considerable de a\u00f1os<\/strong> sin que se hayan causado problemas a la sociedad, su <strong>impugnaci\u00f3n,<\/strong> por cambio de circunstancias o de opini\u00f3n, puede ser reveladora de la mala fe del impugnante (doctrina de los actos propios).<\/p>\n<a class=\"mwm-aal-item\" name=\"disposiciones-de-caracter-general\"><\/a><h6 style=\"text-align: justify;\"><span style=\"color: #0000ff;\"><span style=\"font-size: 14pt;\">DISPOSICIONES DE CAR\u00c1CTER GENERAL.<\/span><\/span><u><\/u><\/h6>\n<p>Rese\u00f1amos las\u00a0 siguientes:<\/p>\n<p style=\"text-align: justify;\">&#8212; El <a href=\"https:\/\/www.notariosyregistradores.com\/web\/normas\/informes-mensuales\/informe-375-boe-diciembre-2025\/#sistema-de-facturacion-verifactu\">Real Decreto-ley 15\/2025, de 2 de diciembre<\/a>, cuya principal novedad en el \u00e1mbito mercantil es el <strong>aplazamiento<\/strong> de la entrada en vigor del llamado sistema <strong>VERIFACTU<\/strong>, -exigencias de los programas inform\u00e1ticos de facturaci\u00f3n- a las siguientes fechas:<\/p>\n<p style=\"text-align: justify;\">&#8211; productores y comercializadores de los sistemas inform\u00e1ticos: <strong>29 de julio de 2025;<\/strong><\/p>\n<p style=\"text-align: justify;\"><strong>&#8211; <\/strong>sociedades<strong>: 1\u00ba de enero de 2027;<\/strong><\/p>\n<p style=\"text-align: justify;\"><strong>&#8211; <\/strong>resto de obligados (contribuyentes del IRPF que desarrollen actividades econ\u00f3micas, contribuyentes del Impuesto sobre la Renta de no Residentes que obtengan rentas mediante establecimiento permanente y entidades en r\u00e9gimen de atribuci\u00f3n de rentas que desarrollen actividades econ\u00f3micas):<strong> 1\u00ba de julio de 2027.<\/strong><\/p>\n<p style=\"text-align: justify;\">&#8212; <a href=\"https:\/\/www.notariosyregistradores.com\/web\/normas\/informes-mensuales\/informe-375-boe-diciembre-2025\/#movilidad-sostenible\">La Ley 9\/2025, de 3 de diciembre<\/a>, de <strong>Movilidad Sostenible<\/strong>, que trata de muchas y variadas cuestiones, \u00a0pero que para el sector empresarial tiene una incidencia directa en cuanto las empresas con centros de trabajo de m\u00e1s de <strong>200 empleados<\/strong> (o 100 por turno) han de Implantar un <strong>Plan de Movilidad Sostenible al Trabajo<\/strong> en un plazo de 24 meses (antes de diciembre de 2027, que deber\u00e1 incluir medidas de <strong>teletrabajo<\/strong>, fomento de la <strong>bicicleta<\/strong>, transporte colectivo de empresa, <strong>coche compartido<\/strong> y puntos de <strong>recarga el\u00e9ctrica<\/strong>. Estos planes deben ser negociados con la representaci\u00f3n legal de los trabajadores. Tambi\u00e9n incide en diversos aspectos del transporte de mercanc\u00edas y personas (vuelos cortos, ferrocarril, ZBE, autoconsumo, etc)<\/p>\n<p style=\"text-align: justify;\">&#8212; <a href=\"https:\/\/www.notariosyregistradores.com\/web\/normas\/informes-mensuales\/informe-375-boe-diciembre-2025\/#entidad-publica-empresarial-del-suelo-casa-47-estatutos\">El Real Decreto 1123\/2025, de 10 de diciembre<\/a>, por el que se modifica el Estatuto de la <strong>Entidad P\u00fablica Empresarial de Suelo<\/strong> (SEPES), aprobado por Real Decreto 1525\/1999, de 1 de octubre, que <strong>cambia la denominaci\u00f3n<\/strong> de la Empresa P\u00fablica SEPES por el de <strong>Casa, 47<\/strong> y establece otra serie de normas\u00a0 con incidencia en la promoci\u00f3n de vivienda y la gesti\u00f3n de alojamientos en condiciones asequibles, fundamentalmente en alquiler.<\/p>\n<p style=\"text-align: justify;\">&#8212; <a href=\"https:\/\/www.notariosyregistradores.com\/web\/normas\/informes-mensuales\/informe-375-boe-diciembre-2025\/#fondo-de-carbono\">El Real Decreto 1151\/2025, de 17 de diciembre<\/a>, por el que se regula el <strong>Fondo de Carbono<\/strong> para una Econom\u00eda Sostenible (FES-CO2), con la finalidad de generar actividad econ\u00f3mica baja en carbono y contribuir al cumplimiento de los objetivos de reducci\u00f3n de emisiones de gases de efecto invernadero asumidos por Espa\u00f1a, estableciendo objetivos financiables con dicho fin.<\/p>\n<p style=\"text-align: justify;\">&#8212; <a href=\"https:\/\/www.notariosyregistradores.com\/web\/normas\/concretas\/resumen-rdley-16-2025-tributos-seguridad-social-personas-vulnerables\/\">El Real Decreto-ley 16\/2025, de 23 de diciembre<\/a>, que afecta de forma directa al \u00e1mbito mercantil en cuanto en su DA4\u00aa prorroga para 2026 la posibilidad de que afectos de la existencia de la causa de <strong>disoluci\u00f3n por p\u00e9rdidas<\/strong> del art\u00edculo <a href=\"https:\/\/www.notariosyregistradores.com\/web\/normas\/ley-de-sociedades-de-capital\/#art363\"><em>art\u00edculo\u00a0363.1.e)<\/em><\/a> de la LSC no se tengan en cuanta las p\u00e9rdidas de los ejercicios 2020 y 2021 por ser los ejercicios afectados por la crisis econ\u00f3mica motivada por la pandemia <strong>Covid-19<\/strong>. Es una medida que proviene de otra similar contenida \u00a0en <a href=\"https:\/\/www.notariosyregistradores.com\/web\/secciones\/oficina-mercantil\/informes-mensuales-o-m\/informe-mercantil-mayo-2025-ajuste-contable-en-la-disolucion-por-perdidas\/\">el RDL causado por la pol\u00edtica arancelaria de los EEUU<\/a>. Nos remitimos a lo que all\u00ed dijimos.<\/p>\n<p style=\"text-align: justify;\">&#8212; <a href=\"https:\/\/www.notariosyregistradores.com\/web\/secciones\/consumo-y-derecho\/varios-cyd\/resumen-de-la-ley-10-2025-de-26-de-diciembre-por-la-que-se-regulan-los-servicios-de-atencion-a-la-clientela\/\">La Ley 10\/2025, de 26 de diciembre<\/a>, por la que se regulan los servicios de <strong>atenci\u00f3n a la clientela<\/strong>, que refuerza los derechos de la clientela de servicios b\u00e1sicos y de grandes empresas, ante el <strong>uso y abuso<\/strong> de respuestas automatizadas y de robots telef\u00f3nicos.<\/p>\n<p style=\"text-align: justify;\">&#8212; <a href=\"https:\/\/www.notariosyregistradores.com\/web\/normas\/informes-mensuales\/informe-375-boe-diciembre-2025\/#oficina-de-patentes-y-marcas-estatuto\">El Real Decreto 1186\/2025, de 26 de diciembre<\/a>, por el que se aprueba el <strong>Estatuto de la Oficina Espa\u00f1ola de Patentes y Marcas,<\/strong> de Dise\u00f1os y de topograf\u00edas de productos semiconductores. Tambi\u00e9n se modifica el Reglamento de Patentes, que afecta a cuatro art\u00edculos relativos al contenido de la publicaci\u00f3n en el Bolet\u00edn Oficial de la Propiedad Industrial de diferentes actos en los procedimientos de concesi\u00f3n de patentes.<\/p>\n<p style=\"text-align: justify;\">&#8212; <a href=\"https:\/\/www.notariosyregistradores.com\/web\/normas\/informes-mensuales\/informe-375-boe-diciembre-2025\/#modelo-arrendamientos-de-corta-duracion\">La Orden VAU\/1560\/2025, de 22 de diciembre<\/a>, por la que se aprueba el <strong>modelo informativo<\/strong> para cada categor\u00eda y tipo de <strong>arrendamientos de corta duraci\u00f3n<\/strong> sujetos al art\u00edculo 10.4 del Real Decreto 1312\/2024, de 23 de diciembre, por el que se regula el procedimiento de <strong>Registro \u00danico de Arrendamientos<\/strong> y se crea la <strong>Ventanilla \u00danica Digital<\/strong> de Arrendamientos para la recogida y el intercambio de datos relativos a los servicios de alquiler de alojamientos de corta duraci\u00f3n. Se establece que la <strong>declaraci\u00f3n<\/strong> deber\u00e1 hacerse en el <strong>mes de febrero de cada a\u00f1o<\/strong>. Aunque el modelo se puede presentar de forma telem\u00e1tica supone un <strong>incremento de las obligaciones<\/strong> de las empresas y aut\u00f3nomos dedicados a dicha actividad y al propio tiempo, al establecer la presentaci\u00f3n del modelo para cada 12 meses y decir que este a\u00f1o ser\u00e1 en febrero, todos los meses de <strong>febrero<\/strong> se producir\u00e1 en los registros de la propiedad situados en zonas tur\u00edsticas una oleada de presentaciones lo que sin duda dificultar\u00e1 su control y gesti\u00f3n. \u00a0De todas formas, debe tenerse muy presente que es s\u00f3lo un <strong>modelo informativo<\/strong>.<\/p>\n<a class=\"mwm-aal-item\" name=\"-disposiciones-autonomicas\"><\/a><h6 style=\"text-align: justify;\"><a href=\"https:\/\/www.notariosyregistradores.com\/web\/normas\/informes-mensuales\/informe-375-boe-diciembre-2025\/#disposiciones-autonomicas\"><strong><span style=\"font-size: 14pt;\"> <span style=\"color: #0000ff;\">Disposiciones Auton\u00f3micas.<\/span><\/span><\/strong><\/a><\/h6>\n<p style=\"text-align: justify;\"><strong>Asturias.\u00a0<\/strong>Ley del Principado de Asturias 4\/2025, de 19 de noviembre, de novena modificaci\u00f3n de la Ley del Principado de Asturias 2\/1995, de 13 de marzo, sobre R\u00e9gimen Jur\u00eddico de la Administraci\u00f3n y de Medidas legales sectoriales de <strong>simplificaci\u00f3n administrativa<\/strong>. Es una Ley que pretende la implantaci\u00f3n de una Administraci\u00f3n digital, \u00e1gil, tecnol\u00f3gica, m\u00e1s cercana a la ciudadan\u00eda y <strong>proactiva<\/strong>. Esta \u00faltima medida es la que puede ser m\u00e1s trascendente para al ciudadano en cuanto se articula en el env\u00edo de comunicaciones, env\u00edos de informaci\u00f3n particularizada, la confecci\u00f3n de borradores de solicitud, etc. De ella tambi\u00e9n destacamos su intenci\u00f3n de reducir tr\u00e1mites, revisi\u00f3n de exigencias, supresi\u00f3n de documentaci\u00f3n no necesaria, reducci\u00f3n de cargas y costes la sustituci\u00f3n del sentido desestimatorio del silencio administrativo por un sentido estimatorio.<\/p>\n<ul>\n<li><a href=\"https:\/\/www.boe.es\/boe\/dias\/2025\/12\/16\/pdfs\/BOE-A-2025-25708.pdf\">PDF (BOE-A-2025-25708 &#8211; 43\u00a0p\u00e1gs.\u00a0&#8211; 440\u00a0KB)<\/a> <a href=\"https:\/\/www.boe.es\/diario_boe\/txt.php?id=BOE-A-2025-25708\">Otros formatos<\/a><\/li>\n<\/ul>\n<a class=\"mwm-aal-item\" name=\"-tribunal-constitucional\"><\/a><h6 style=\"text-align: justify;\"><a href=\"https:\/\/www.notariosyregistradores.com\/web\/normas\/informes-mensuales\/informe-375-boe-diciembre-2025\/#tribunal-constitucional\"><span style=\"font-size: 14pt;\"><b><span style=\"font-family: 'Arial',sans-serif;\"> Tribunal Constitucional<\/span><\/b><\/span>.<\/a><\/h6>\n<p style=\"text-align: justify;\">Nada rese\u00f1able de inter\u00e9s mercantil.<\/p>\n<a class=\"mwm-aal-item\" name=\"tribunal-supremo\"><\/a><h6 style=\"text-align: justify;\"><span style=\"font-size: 14pt;\">Tribunal Supremo<\/span><\/h6>\n<p style=\"text-align: justify;\">Tampoco nada de inter\u00e9s.<\/p>\n<a class=\"mwm-aal-item\" name=\"resoluciones\"><\/a><h6 style=\"text-align: justify;\"><span style=\"color: #0000ff;\"><strong><span style=\"font-size: 14pt;\">RESOLUCIONES<\/span><\/strong><\/span><\/h6>\n<a class=\"mwm-aal-item\" name=\"sentencias-sobre-resoluciones\"><\/a><h6 style=\"text-align: justify;\"><span style=\"font-size: 14pt;\"><strong>Sentencias sobre resoluciones<\/strong><\/span><\/h6>\n<p style=\"text-align: justify;\">Ninguna<\/p>\n<a class=\"mwm-aal-item\" name=\"resoluciones-propiedad\"><\/a><h6 style=\"text-align: justify;\"><strong><span style=\"font-size: 14pt;\">Resoluciones Propiedad<\/span><\/strong><\/h6>\n<p style=\"text-align: justify;\"><strong>&#8212; <a href=\"https:\/\/www.notariosyregistradores.com\/web\/resoluciones\/por-meses\/resoluciones-diciembre-2025-direccion-general-de-seguridad-juridica-y-fe-publica\/#r494\">La 494,<\/a> <\/strong>aclarando algo fundamental como es el destino de las notificaciones en el <strong>procedimiento extrajudicial<\/strong> de ejecuci\u00f3n hipotecaria cuando el deudor es persona jur\u00eddica, estableciendo que la notificaci\u00f3n debe hacerse a la persona de sus representantes en la fecha del requerimiento y tambi\u00e9n en el domicilio que conste en la escritura de hipoteca, art\u00edculo <a href=\"https:\/\/www.boe.es\/buscar\/act.php?id=BOE-A-2000-323#a686\">686-2 LEC<\/a>.<\/p>\n<p style=\"text-align: justify;\"><strong>&#8212; <a href=\"https:\/\/www.notariosyregistradores.com\/web\/resoluciones\/por-meses\/resoluciones-diciembre-2025-direccion-general-de-seguridad-juridica-y-fe-publica\/#r504\">La 504,<\/a> <\/strong>que en una adjudicaci\u00f3n de fincas en <strong>procedimiento concursal<\/strong> fija la doctrina de que para la <strong>cancelaci\u00f3n de las hipotecas<\/strong> que la gravan se exige el consentimiento expreso del acreedor hipotecario o que en el mandamiento de cancelaci\u00f3n de cargas conste expresamente que se ha pagado al acreedor hipotecario. No basta una menci\u00f3n gen\u00e9rica del tipo \u201cse han cumplido todos los requisitos legales\u201d. Asimismo, no puede desligarse la adjudicaci\u00f3n libre de cargas de la cancelaci\u00f3n de la hipoteca, de manera que la inscripci\u00f3n ha de practicarse de manera unitaria.<\/p>\n<p style=\"text-align: justify;\"><strong>&#8212; <a href=\"https:\/\/www.notariosyregistradores.com\/web\/resoluciones\/por-meses\/resoluciones-diciembre-2025-direccion-general-de-seguridad-juridica-y-fe-publica\/#r505\">La 505,<\/a> <\/strong>que reitera su doctrina de que <strong>no cabe recurso sin calificaci\u00f3n registral negativa<\/strong> por carencia total de objeto. Esta doctrina tiene una excepci\u00f3n en caso de que se trate de certificaciones del RMC como se ve en la <a href=\"https:\/\/www.notariosyregistradores.com\/web\/resoluciones\/por-meses\/resoluciones-enero-2026-direccion-general-de-seguridad-juridica-y-fe-publica\/#25-reserva-de-denominacion-solicitud-de-varias-denominaciones-y-certificacion-negativa-de-la-segunda-pedida\">resoluci\u00f3n de 23 de septiembre de 2025<\/a>, sobre <strong>denominaciones sociales<\/strong>.<\/p>\n<p style=\"text-align: justify;\"><strong>&#8212; <a href=\"https:\/\/www.notariosyregistradores.com\/web\/resoluciones\/por-meses\/resoluciones-diciembre-2025-direccion-general-de-seguridad-juridica-y-fe-publica\/#r513\">La 513,<\/a> <\/strong>sobre <strong>justificaci\u00f3n de medios de pago<\/strong> exigiendo que, en una daci\u00f3n de pago con origen en un pr\u00e9stamo previo, debe constar y justificarse la identificaci\u00f3n de los medios de pago empleados en el contrato de <strong>pr\u00e9stamo originario<\/strong>.<strong> \u00a0<\/strong><\/p>\n<p style=\"text-align: justify;\"><strong>&#8212; <a href=\"https:\/\/www.notariosyregistradores.com\/web\/resoluciones\/por-meses\/resoluciones-diciembre-2025-direccion-general-de-seguridad-juridica-y-fe-publica\/#r514\">La 514,<\/a> <\/strong>sobre compra con precio aplazado y posible existencia de <strong>pacto comisorio,<\/strong> cuya lectura se recomienda al ser objeto de <strong>cr\u00edtica<\/strong> por el autor de su resumen.<\/p>\n<p style=\"text-align: justify;\"><strong>&#8212; <a href=\"https:\/\/www.notariosyregistradores.com\/web\/resoluciones\/por-meses\/resoluciones-diciembre-2025-direccion-general-de-seguridad-juridica-y-fe-publica\/#r519\">La 519,<\/a> <\/strong>aclaratoria de que un auto de una Audiencia Provincial que declara el <strong>sobreseimiento<\/strong> de un proceso de ejecuci\u00f3n hipotecaria por abusividad, en ning\u00fan caso puede servir para <strong>fundamentar<\/strong> la <strong>cancelaci\u00f3n<\/strong> de la hipoteca que lo motiva.<\/p>\n<p style=\"text-align: justify;\"><strong>&#8212; <a href=\"https:\/\/www.notariosyregistradores.com\/web\/resoluciones\/por-meses\/resoluciones-diciembre-2025-direccion-general-de-seguridad-juridica-y-fe-publica\/#r525\">La 525,<\/a> <\/strong>que contempla un caso interesante en cuanto trata de una compraventa hecha en uso de un <strong>poder<\/strong> que despu\u00e9s, pero antes de la inscripci\u00f3n y en base a unas medidas cautelares, se declara <strong>ineficaz<\/strong>. La DG estimado que en este caso no se discute de prioridad sino de validez del t\u00edtulo confirma la no inscripci\u00f3n de la escritura, soluci\u00f3n que, aunque s\u00f3lo afecta al plano registral, no parece muy fundamentada.<\/p>\n<p style=\"text-align: justify;\"><strong>&#8212; <a href=\"https:\/\/www.notariosyregistradores.com\/web\/resoluciones\/por-meses\/resoluciones-diciembre-2025-direccion-general-de-seguridad-juridica-y-fe-publica\/#r544\">La 544,<\/a> <\/strong>que declara la posibilidad de que en una compraventa se establezca que parte del precio se pagar\u00e1<em>, \u201cseg\u00fan manifiestan mediante <strong>transferencia bancaria v\u00eda OMF<\/strong>, c\u00f3digo de la cuenta de cargo (\u2026), cuyo titular es do\u00f1a (\u2026), y el c\u00f3digo de la cuenta de abono (\u2026)\u201d<\/em>.<\/p>\n<a class=\"mwm-aal-item\" name=\"resoluciones-mercantil\"><\/a><h6 style=\"text-align: justify;\"><strong><span style=\"font-size: 14pt;\">Resoluciones Mercantil<\/span><\/strong><\/h6>\n<p style=\"text-align: justify;\"><strong>&#8212; <a href=\"https:\/\/www.notariosyregistradores.com\/web\/resoluciones\/por-meses\/resoluciones-diciembre-2025-direccion-general-de-seguridad-juridica-y-fe-publica\/#r496\">La 496,<\/a> <\/strong>que soluciona un caso relativamente frecuente como es una presentaci\u00f3n sucesiva de <strong>t\u00edtulos contradictorios<\/strong> en lo que lo procedente es la suspensi\u00f3n de la calificaci\u00f3n, pero si caduca el siento de presentaci\u00f3n de uno de los t\u00edtulos procede la calificaci\u00f3n del otro, sin tener en cuenta el asiento caducado.<\/p>\n<p style=\"text-align: justify;\"><strong>&#8212; <a href=\"https:\/\/www.notariosyregistradores.com\/web\/resoluciones\/por-meses\/resoluciones-diciembre-2025-direccion-general-de-seguridad-juridica-y-fe-publica\/#r543\">La 543,<\/a> <\/strong>que confirma lo obvio como es la imposibilidad de conceder una <strong>denominaci\u00f3n social,<\/strong> aunque se trate de una marca la titularidad del solicitante, si <strong>coincide<\/strong> de forma absoluta con otra ya registrada.<\/p>\n<p><span style=\"font-size: 12pt;\">Sal\u00f3n de Embajadores y Palacio de Carlos V. Por JAGV.<\/span><\/p>\n<a class=\"mwm-aal-item\" name=\"enlaces\"><\/a><h6 style=\"text-align: justify;\"><span style=\"font-size: 14pt; color: #0000ff;\">ENLACES:<\/span><\/h6>\n<p style=\"text-align: center;\"><strong><span style=\"font-size: 14pt;\"><a href=\"https:\/\/www.notariosyregistradores.com\/web\/category\/secciones\/oficina-mercantil\/informes-mensuales-o-m\/\">LISTA INFORMES MERCANTIL<\/a><\/span><\/strong><\/p>\n<p style=\"text-align: center;\"><strong><span style=\"font-size: 14pt;\"><a href=\"http:\/\/www.notariosyregistradores.com\/web\/category\/secciones\/oficina-mercantil\/\">SECCI\u00d3N REGISTROS MERCANTILES<\/a><\/span><\/strong><\/p>\n<p style=\"text-align: center;\"><a href=\"https:\/\/www.notariosyregistradores.com\/web\/normas\/informes-mensuales\/no-te-lo-pierdas-diciembre-2025\/\"><strong><span style=\"font-size: 14pt;\"><em>\u00a1NO TE LO PIERDAS!<\/em> DICIEMBRE 2025<\/span><\/strong><\/a><\/p>\n<p style=\"text-align: center;\"><a href=\"https:\/\/www.notariosyregistradores.com\/web\/normas\/informes-mensuales\/informe-375-boe-diciembre-2025\/\"><span style=\"font-size: 14pt;\"><strong>INFORME NORMATIVA DICIEMBRE DE 2025 (Secciones I y II)<\/strong><\/span><\/a><\/p>\n<p style=\"text-align: center;\"><a href=\"https:\/\/www.notariosyregistradores.com\/web\/resoluciones\/por-meses\/resoluciones-diciembre-2025-direccion-general-de-seguridad-juridica-y-fe-publica\/\"><strong><span style=\"font-size: 14pt;\">INFORME RESOLUCIONES DICIEMBRE DE 2025<\/span><\/strong><\/a><\/p>\n<p><strong><span style=\"font-size: 14pt;\">RECURSOS EN ESTA WEB SOBRE: <a href=\"https:\/\/www.notariosyregistradores.com\/web\/category\/normas\/\">NORMAS<\/a> &#8211; <a href=\"https:\/\/www.notariosyregistradores.com\/web\/category\/resoluciones\/\">RESOLUCIONES<\/a><\/span><\/strong><\/p>\n<p><strong><span style=\"font-size: 14pt;\">OTROS RECURSOS<\/span><span style=\"font-size: 14pt;\">: <a href=\"https:\/\/www.notariosyregistradores.com\/web\/category\/secciones\/\">Secciones<\/a> &#8211; <a href=\"https:\/\/www.notariosyregistradores.com\/web\/category\/participa\/\">Participa<\/a> &#8211; <a href=\"https:\/\/www.notariosyregistradores.com\/web\/category\/cuadros\/\">Cuadros<\/a> &#8211; <a href=\"https:\/\/www.notariosyregistradores.com\/web\/category\/practica\/\">Pr\u00e1ctica<\/a> &#8211; <a href=\"https:\/\/www.notariosyregistradores.com\/web\/secciones\/oficina-notarial\/modelos-para-documentos-notariales\/\">Modelos<\/a> &#8211; <a href=\"https:\/\/www.notariosyregistradores.com\/web\/category\/utilidades\/\">Utilidades<\/a><\/span><\/strong><\/p>\n<p style=\"text-align: justify;\"><strong><span style=\"font-size: 14pt;\">WEB: <span style=\"font-family: 'comic sans ms', sans-serif;\"><a href=\"http:\/\/www.notariosyregistradores.com\/web\/category\/esta-web\/que-ofrece\/\" target=\"_top\" rel=\"noopener noreferrer\">Qu\u00e9 ofrecemos<\/a> &#8211;\u00a0<a href=\"http:\/\/www.notariosyregistradores.com\/web\/1198-2\/\">NyR, p\u00e1gina de inicio<\/a> &#8211;<\/span> <span style=\"font-family: 'comic sans ms', sans-serif;\"><a href=\"http:\/\/www.notariosyregistradores.com\/web\/esta-web\/ideario\/ideario-de-esta-web\/\" target=\"_top\" rel=\"noopener noreferrer\">Ideario Web<\/a><\/span><\/span><\/strong><\/p>\n<p style=\"text-align: center;\"><span style=\"font-size: 12pt;\"><a href=\"#arriba\"><strong>IR ARRIBA<\/strong><\/a><\/span><\/p>\n<p style=\"text-align: center;\"><strong><span style=\"font-size: 14pt;\"><a href=\"http:\/\/www.notariosyregistradores.com\/\">PORTADA DE LA WEB<\/a><\/span><\/strong><\/p>\n<div class=\"mceTemp\">\u00a0<\/div>\n<div id=\"attachment_134361\" style=\"width: 1125px\" class=\"wp-caption aligncenter\"><a href=\"https:\/\/www.notariosyregistradores.com\/web\/secciones\/oficina-mercantil\/informes-mensuales-o-m\/informe-mercantil-enero-2026-es-posible-imponer-la-unanimidad-en-los-acuerdos-de-las-sociedades-de-capital-derecho-de-veto-en-el-consejo\/attachment\/alhambra-patio_de_los_leones-noche\/\"><img loading=\"lazy\" decoding=\"async\" aria-describedby=\"caption-attachment-134361\" class=\"size-full wp-image-134361\" src=\"https:\/\/www.notariosyregistradores.com\/web\/wp-content\/uploads\/2026\/01\/Alhambra-Patio_de_los_leones-noche.jpg\" alt=\"\" width=\"1115\" height=\"1416\" srcset=\"https:\/\/www.notariosyregistradores.com\/web\/wp-content\/uploads\/2026\/01\/Alhambra-Patio_de_los_leones-noche.jpg 1115w, https:\/\/www.notariosyregistradores.com\/web\/wp-content\/uploads\/2026\/01\/Alhambra-Patio_de_los_leones-noche-236x300.jpg 236w, https:\/\/www.notariosyregistradores.com\/web\/wp-content\/uploads\/2026\/01\/Alhambra-Patio_de_los_leones-noche-806x1024.jpg 806w, https:\/\/www.notariosyregistradores.com\/web\/wp-content\/uploads\/2026\/01\/Alhambra-Patio_de_los_leones-noche-768x975.jpg 768w, https:\/\/www.notariosyregistradores.com\/web\/wp-content\/uploads\/2026\/01\/Alhambra-Patio_de_los_leones-noche-500x635.jpg 500w\" sizes=\"auto, (max-width: 1115px) 100vw, 1115px\" \/><\/a><p id=\"caption-attachment-134361\" class=\"wp-caption-text\">Visi\u00f3n nocturna del Patio de los Leones en la Alhambra de Granada. Por Raquel Laguillo.<\/p><\/div>\n<div class=\"mceTemp\">\u00a0<\/div>\n","protected":false},"excerpt":{"rendered":"<p>INFORME MERCANTIL ENERO DE 2026\u00a0 Jos\u00e9 \u00c1ngel Garc\u00eda Valdecasas Butr\u00f3n Registrador de la Propiedad y Mercantil &nbsp; CUESTIONES DE INTER\u00c9S: Pactos parasociales: \u00bfpueden imponer la unanimidad en la adopci\u00f3n de acuerdos de la junta general? \u00bfpueden establecer un derecho de veto en el consejo? Planteamiento. De los llamados pactos parasociales ya tratamos en el informe [&hellip;]<\/p>\n","protected":false},"author":235,"featured_media":50651,"comment_status":"open","ping_status":"closed","sticky":false,"template":"","format":"standard","meta":{"_bbp_topic_count":0,"_bbp_reply_count":0,"_bbp_total_topic_count":0,"_bbp_total_reply_count":0,"_bbp_voice_count":0,"_bbp_anonymous_reply_count":0,"_bbp_topic_count_hidden":0,"_bbp_reply_count_hidden":0,"_bbp_forum_subforum_count":0,"footnotes":""},"categories":[253],"tags":[9726,21182,21147,447,1612,12713,1907,21146,5625,2629,12884,21191,11657,3804,6556,21181,2029,21178,21141,21179,21180],"class_list":{"0":"post-134259","1":"post","2":"type-post","3":"status-publish","4":"format-standard","5":"has-post-thumbnail","7":"category-informes-mensuales-o-m","8":"tag-alhambra","9":"tag-arrendamientos-corta-duracion","10":"tag-casa-47","11":"tag-concurso","12":"tag-denominacion-social","13":"tag-disolucion-por-perdidas","14":"tag-medios-de-pago","15":"tag-movilidad-sostenible","16":"tag-oepm","17":"tag-pacto-comisorio","18":"tag-pactos-parasociales","19":"tag-patio-de-los-leones","20":"tag-prestacion-accesoria","21":"tag-procedimiento-extrajudicial","22":"tag-raquel-laguillo","23":"tag-tirania-de-la-minoria","24":"tag-titulos-contradictorios","25":"tag-unanimidad-junta-general","26":"tag-verifactu","27":"tag-veto-en-el-consejo","28":"tag-vinculacion-indefinida-con-la-sociedad"},"_links":{"self":[{"href":"https:\/\/www.notariosyregistradores.com\/web\/wp-json\/wp\/v2\/posts\/134259","targetHints":{"allow":["GET"]}}],"collection":[{"href":"https:\/\/www.notariosyregistradores.com\/web\/wp-json\/wp\/v2\/posts"}],"about":[{"href":"https:\/\/www.notariosyregistradores.com\/web\/wp-json\/wp\/v2\/types\/post"}],"author":[{"embeddable":true,"href":"https:\/\/www.notariosyregistradores.com\/web\/wp-json\/wp\/v2\/users\/235"}],"replies":[{"embeddable":true,"href":"https:\/\/www.notariosyregistradores.com\/web\/wp-json\/wp\/v2\/comments?post=134259"}],"version-history":[{"count":7,"href":"https:\/\/www.notariosyregistradores.com\/web\/wp-json\/wp\/v2\/posts\/134259\/revisions"}],"predecessor-version":[{"id":134364,"href":"https:\/\/www.notariosyregistradores.com\/web\/wp-json\/wp\/v2\/posts\/134259\/revisions\/134364"}],"wp:featuredmedia":[{"embeddable":true,"href":"https:\/\/www.notariosyregistradores.com\/web\/wp-json\/wp\/v2\/media\/50651"}],"wp:attachment":[{"href":"https:\/\/www.notariosyregistradores.com\/web\/wp-json\/wp\/v2\/media?parent=134259"}],"wp:term":[{"taxonomy":"category","embeddable":true,"href":"https:\/\/www.notariosyregistradores.com\/web\/wp-json\/wp\/v2\/categories?post=134259"},{"taxonomy":"post_tag","embeddable":true,"href":"https:\/\/www.notariosyregistradores.com\/web\/wp-json\/wp\/v2\/tags?post=134259"}],"curies":[{"name":"wp","href":"https:\/\/api.w.org\/{rel}","templated":true}]}}