{"id":134503,"date":"2026-01-31T20:19:32","date_gmt":"2026-01-31T19:19:32","guid":{"rendered":"https:\/\/www.notariosyregistradores.com\/web\/?p=134503"},"modified":"2026-04-13T18:53:27","modified_gmt":"2026-04-13T16:53:27","slug":"informe-377-boe-febrero-2026","status":"publish","type":"post","link":"https:\/\/www.notariosyregistradores.com\/web\/normas\/informes-mensuales\/informe-377-boe-febrero-2026\/","title":{"rendered":"INFORME 377. BOE Febrero 2026"},"content":{"rendered":"<p><span style=\"color: #0000ff;\"><strong><span style=\"font-size: 18pt;\">INFORME N\u00ba 377. <\/span><\/strong><\/span><span style=\"color: #0000ff;\"><strong><span style=\"font-size: 18pt;\">(BOE FEBRERO de 2026)<\/span><\/strong><\/span><\/p>\n<h2 style=\"text-align: center;\"><span style=\"font-size: 18pt;\"><strong>Primera Parte: Secciones I y II.<\/strong><\/span><\/h2>\n<p style=\"text-align: center;\"><span style=\"font-size: 14pt;\"><strong><a href=\"http:\/\/www.notariosyregistradores.com\/web\/normas\/cuadro-de-informes-mensuales-generales-de-lo-publicado-en-el-boe\/\" target=\"_blank\" rel=\"noopener\">IR A LISTA DE INFORMES MENSUALES<\/a><\/strong><\/span><\/p>\n<p style=\"text-align: center;\"><a href=\"https:\/\/www.notariosyregistradores.com\/web\/resoluciones\/por-meses\/resoluciones-febrero-2026-direccion-general-de-seguridad-juridica-y-fe-publica\/\"><span style=\"font-size: 14pt;\"><strong>IR A RESOLUCIONES DE FEBRERO<\/strong><\/span><\/a><\/p>\n<h2 style=\"text-align: center;\"><a href=\"https:\/\/www.notariosyregistradores.com\/web\/normas\/informes-mensuales\/no-te-lo-pierdas-febrero-2026\/\"><strong>IR A\u00a0<em>\u00a1NO TE LO PIERDAS!<\/em> DE FEBRERO<\/strong><\/a><\/h2>\n<p>&nbsp;<\/p>\n<table style=\"width: 100%; height: 427px;\">\n<tbody>\n<tr style=\"height: 37px;\">\n<td style=\"height: 37px;\" width=\"624\"><span style=\"font-size: 14pt;\"><strong>Equipo de redacci\u00f3n:<\/strong><\/span><\/td>\n<\/tr>\n<tr style=\"height: 26px;\">\n<td style=\"height: 26px;\"><a href=\"https:\/\/www.notariosyregistradores.com\/web\/participa\/quienes-somos\/#acm\" target=\"_blank\" rel=\"noopener\"><span style=\"font-size: 10pt;\">* Albert Capell Mart\u00ednez, notario <span style=\"font-size: small;\">de Barcelona, coordinador en febrero<\/span><\/span><\/a><\/td>\n<\/tr>\n<tr style=\"height: 26px; text-align: justify;\">\n<td style=\"height: 26px;\" width=\"624\"><span style=\"font-size: 13.3333px;\">*<\/span><a style=\"color: #0f3647; font-size: 13.3333px;\" href=\"https:\/\/www.notariosyregistradores.com\/web\/participa\/quienes-somos\/#amoi\" target=\"_blank\" rel=\"noopener\">\u00a0Shadia Nasser Garc\u00eda, notaria de Formentera (Illes Balears), coordinadora en enero<\/a><\/td>\n<\/tr>\n<tr style=\"height: 26px;\">\n<td style=\"height: 26px;\"><a style=\"color: #0f3647;\" href=\"https:\/\/www.notariosyregistradores.com\/web\/participa\/quienes-somos\/#vej\" target=\"_blank\" rel=\"noopener\"><span style=\"font-size: 10pt;\">* V\u00edctor Esquirol Jim\u00e9nez, notario de El Masnou (Barcelona), coordinador en diciembre<\/span><\/a><\/td>\n<\/tr>\n<tr style=\"height: 26px;\">\n<td style=\"height: 26px;\" width=\"624\"><a style=\"color: #0f3647;\" href=\"https:\/\/www.notariosyregistradores.com\/web\/participa\/quienes-somos\/#jcc\" target=\"_blank\" rel=\"noopener\"><span style=\"font-size: 10pt;\">* Juan Carlos Casas Rojo, registrador de la propiedad de C\u00e1diz n\u00ba 3, coordinador en noviembre<\/span><\/a><\/td>\n<\/tr>\n<tr style=\"height: 26px;\">\n<td style=\"height: 26px;\" width=\"624\"><a href=\"https:\/\/www.notariosyregistradores.com\/web\/category\/esta-web\/autores\/#jfme\" target=\"_blank\" rel=\"noopener\"><span style=\"font-size: 10pt;\">* Jos\u00e9 F\u00e9lix Merino Escart\u00edn, registrador mercantil central, coordinador general.<\/span><\/a><\/td>\n<\/tr>\n<tr style=\"height: 26px;\">\n<td style=\"height: 26px;\" width=\"624\"><a href=\"https:\/\/www.notariosyregistradores.com\/web\/participa\/quienes-somos\/#afs\" target=\"_blank\" rel=\"noopener\"><span style=\"font-size: 10pt;\">* Alfonso de la Fuente Sancho, notario de San Crist\u00f3bal de La Laguna (Tenerife).<\/span><\/a><\/td>\n<\/tr>\n<tr style=\"height: 26px;\">\n<td style=\"height: 26px;\" width=\"624\"><a href=\"https:\/\/www.notariosyregistradores.com\/web\/participa\/quienes-somos\/#mn\" target=\"_blank\" rel=\"noopener\"><span style=\"font-size: 10pt;\">* Mar\u00eda N\u00fa\u00f1ez N\u00fa\u00f1ez, registradora de la propiedad y mercantil de Lugo.<\/span><\/a><\/td>\n<\/tr>\n<tr style=\"height: 26px;\">\n<td style=\"height: 26px;\" width=\"624\"><a href=\"https:\/\/www.notariosyregistradores.com\/web\/participa\/quienes-somos\/#ies\" target=\"_blank\" rel=\"noopener\"><span style=\"font-size: 10pt;\">* Inmaculada Espi\u00f1eira Soto, notaria de Santiago de Compostela.<\/span><\/a><\/td>\n<\/tr>\n<tr style=\"height: 26px;\">\n<td style=\"height: 26px;\" width=\"624\"><a href=\"https:\/\/www.notariosyregistradores.com\/web\/participa\/quienes-somos\/#jagv\" target=\"_blank\" rel=\"noopener\"><span style=\"font-size: 10pt;\">* Jos\u00e9 \u00c1ngel Garc\u00eda-Valdecasas Butr\u00f3n, registrador.<\/span><\/a><\/td>\n<\/tr>\n<tr style=\"height: 26px;\">\n<td style=\"height: 26px; text-align: justify;\" width=\"624\"><a href=\"https:\/\/www.notariosyregistradores.com\/web\/category\/esta-web\/autores\/#jar\" target=\"_blank\" rel=\"noopener\"><span style=\"font-size: 10pt;\">* Jos\u00e9 Antonio Riera \u00c1lvarez, notario de Arucas (Gran Canaria)<\/span><\/a><\/td>\n<\/tr>\n<tr style=\"height: 26px; text-align: justify;\">\n<td style=\"height: 26px;\" width=\"624\"><a href=\"https:\/\/www.notariosyregistradores.com\/web\/participa\/quienes-somos\/#mgv\" target=\"_blank\" rel=\"noopener\"><span style=\"font-size: 10pt;\">* Mar\u00eda Garc\u00eda-Valdecasas Alguacil, registradora de Barcelona<\/span><\/a><\/td>\n<\/tr>\n<tr style=\"height: 26px; text-align: justify;\">\n<td style=\"height: 26px;\" width=\"624\"><a href=\"https:\/\/www.notariosyregistradores.com\/web\/participa\/quienes-somos\/#er\" target=\"_blank\" rel=\"noopener\"><span style=\"font-size: 10pt;\">* Emma Rojo Iglesias, registradora de Alcal\u00e1 de Henares (Madrid)<\/span><\/a><\/td>\n<\/tr>\n<tr style=\"height: 26px; text-align: justify;\">\n<td style=\"height: 26px;\" width=\"624\"><a href=\"https:\/\/www.notariosyregistradores.com\/web\/category\/esta-web\/autores\/#jmj\" target=\"_blank\" rel=\"noopener\"><span style=\"font-size: 10pt;\">* <span style=\"font-size: 13.3333px;\">Javier M\u00e1ximo Ju\u00e1rez Gonz\u00e1lez, notario de Valencia<\/span><\/span><\/a><\/td>\n<\/tr>\n<tr style=\"height: 26px;\">\n<td style=\"height: 26px;\"><span style=\"font-size: 10pt;\">* <a href=\"https:\/\/www.notariosyregistradores.com\/web\/participa\/quienes-somos\/#amoi\" target=\"_blank\" rel=\"noopener\">Antonio Manuel Oliva Izquierdo, registrador de Trujillo (C\u00e1ceres)<\/a><\/span><\/td>\n<\/tr>\n<tr style=\"height: 26px;\">\n<td style=\"height: 26px;\"><a href=\"https:\/\/www.notariosyregistradores.com\/web\/participa\/quienes-somos\/#alvaro\"><span style=\"font-size: 10pt;\">* \u00c1lvaro Cordero Taborda, notario de Valladolid<\/span><\/a><\/td>\n<\/tr>\n<\/tbody>\n<\/table>\n<a class=\"mwm-aal-item\" name=\"disposiciones-generales\"><\/a><h6 style=\"text-align: justify;\"><span style=\"font-size: 14pt; color: #0000ff;\"><b><a id=\"disposiciones\"><\/a>DISPOSICIONES GENERALES<\/b><\/span><\/h6>\n<div class=\"enlacesDoc\" style=\"text-align: justify;\">\n<div class=\"enlacesDoc\">\n<div class=\"enlacesDoc\">\n<div class=\"enlacesDoc\">\n<div class=\"enlacesDoc\">\n<div class=\"enlacesDoc\">\n<a class=\"mwm-aal-item\" name=\"rdley-2-2026-no-convalidado-medidas-vulnerabilidad-social\"><\/a><h6><span style=\"font-size: 12pt;\">RDLey 2\/2026 (no convalidado): Medidas vulnerabilidad social<\/span><\/h6>\n<p>Real Decreto-ley 2\/2026, de 3 de febrero, por el que se adoptan medidas urgentes para hacer frente a situaciones de vulnerabilidad social, en materia tributaria y relativas a los recursos de los sistemas de financiaci\u00f3n territorial.<\/p>\n<p><span style=\"color: #ff0000;\"><strong>Este RDLey NO ha sido convalidado<\/strong><\/span> por el Congreso de Diputados en su sesi\u00f3n del 26 de febrero de 2026, lo que provoca su derogaci\u00f3n.<\/p>\n<div class=\"enlacesDoc\">\n<ul>\n<li class=\"puntoPDF\"><a title=\"PDF firmado BOE-A-2026-2547\" href=\"https:\/\/www.boe.es\/boe\/dias\/2026\/02\/04\/pdfs\/BOE-A-2026-2547.pdf\">PDF (BOE-A-2026-2547 &#8211; 40\u00a0<abbr title=\"p\u00e1ginas\">p\u00e1gs.<\/abbr>\u00a0&#8211; 450\u00a0<abbr title=\"kilobytes\">KB<\/abbr>)<\/a> <a title=\"Versi\u00f3n HTML BOE-A-2026-2547\" href=\"https:\/\/www.boe.es\/diario_boe\/txt.php?id=BOE-A-2026-2547\">Otros formatos<\/a> <a href=\"https:\/\/www.boe.es\/diario_boe\/txt.php?id=BOE-A-2026-4667\" target=\"_blank\" rel=\"nofollow noopener noreferrer\">Derogaci\u00f3n<\/a><\/li>\n<\/ul>\n<a class=\"mwm-aal-item\" name=\"rdley-3-2026-pensiones-y-seguridad-social\"><\/a><h6><span style=\"font-size: 12pt;\">RDLey 3\/2026: Pensiones y Seguridad Social<\/span><\/h6>\n<p>Real Decreto-ley 3\/2026, de 3 de febrero, para la revalorizaci\u00f3n de las pensiones p\u00fablicas y otras medidas urgentes en materia de Seguridad Social.<\/p>\n<p><span style=\"color: #0000ff;\"><strong>Resumen: <\/strong>Se incluyen los contenidos del RDLey 16\/2025, no convalidado, relativos a pensiones (revalorizaci\u00f3n, l\u00edmites, prestaciones familiares\u2026) y Seguridad Social (bases de cotizaci\u00f3n, topes, solidaridad intergeneracional, cuota adicional de solidaridad l\u2026).<\/span><\/p>\n<p>La\u00a0<strong>falta<\/strong>\u00a0de aprobaci\u00f3n de una\u00a0<strong>Ley de Presupuestos<\/strong>\u00a0Generales del Estado, determina una nueva pr\u00f3rroga -la tercera- de la Ley\u00a031\/2022, de\u00a023 de diciembre, de Presupuestos Generales del Estado para el a\u00f1o\u00a02023, hasta la aprobaci\u00f3n de la nueva ley, pero, de acuerdo con la doctrina del Consejo de Estado, la\u00a0<strong>revalorizaci\u00f3n de las pensiones no es, como regla general, objeto de la pr\u00f3rroga presupuestaria<\/strong>\u00a0prevista en el\u00a0<a href=\"https:\/\/www.notariosyregistradores.com\/web\/normas\/constitucion-espanola\/#a134\">art\u00edculo\u00a0134.4 de la Constituci\u00f3n<\/a>, por lo que, en tal situaci\u00f3n, el Gobierno, si quiere proceder a la actualizaci\u00f3n de las pensiones p\u00fablicas, debe acudir a la aprobaci\u00f3n de un real decreto-ley al amparo del\u00a0<a href=\"https:\/\/www.notariosyregistradores.com\/web\/normas\/constitucion-espanola\/#a86\">art\u00edculo\u00a086<\/a>\u00a0de la Constituci\u00f3n, lo que ahora tiene lugar.<\/p>\n<p>Esta materia se incluy\u00f3 en el <strong><a href=\"https:\/\/www.notariosyregistradores.com\/web\/normas\/concretas\/resumen-rdley-16-2025-tributos-seguridad-social-personas-vulnerables\/\">Real Decreto-ley 16\/2025, de 23 de diciembre<\/a><\/strong>, junto con otros contenidos. Esta mezcla de contenidos provoc\u00f3 su rechazo por el Congreso de Diputados, ya que, aunque mayoritariamente los parlamentarios eran favorables a aprobar la revalorizaci\u00f3n de las pensiones, sin embargo, no exist\u00eda el mismo consenso con respecto a otros contenidos del propio RDLey.<\/p>\n<p>Tras el rechazo, el Gobierno ahora <strong>divide<\/strong> el contenido original del EDLey 16\/2025, derogado, <strong>en dos:<\/strong><\/p>\n<p>&#8211; el presente RDLey, que se centra en las <strong>pensiones y otras medidas urgentes en materia de Seguridad Social <\/strong><\/p>\n<p>&#8211; y el Real Decreto-ley 2\/2026, de 3 de febrero, que recoge el <strong>resto de medidas<\/strong> y que tiene un m\u00e1s dudoso tr\u00e1mite parlamentario favorable.<\/p>\n<p>La\u00a0<strong>revalorizaci\u00f3n de las pensiones<\/strong>\u00a0y de otras prestaciones p\u00fablicas para el\u00a0<strong>a\u00f1o\u00a02026<\/strong>\u00a0se realiza en el porcentaje equivalente al valor medio de las tasas de variaci\u00f3n interanual expresadas en tanto por ciento del \u00cdndice de Precios al Consumo de los doce meses previos a diciembre del a\u00f1o anterior, expresado con un decimal, resultando\u00a0<strong>un\u00a02,7 por ciento<\/strong>. Art. 2.1.<\/p>\n<p>\u2013 Se fija el\u00a0<strong>l\u00edmite de la cuant\u00eda inicial<\/strong>\u00a0de las pensiones p\u00fablicas durante el a\u00f1o\u00a02026, siendo el mismo tratamiento aplicable al R\u00e9gimen de\u00a0<strong>Clases Pasivas del Estado. <\/strong>Ser\u00e1 de 3.359,60 euros mensuales o\u00a0<strong>47.034,40 euros anuales<\/strong>. Art. 1.<\/p>\n<p>\u2013 Se establece el importe del\u00a0<strong>complemento<\/strong>\u00a0aplicable a esas pensiones para la reducci\u00f3n de la brecha de g\u00e9nero: 36,90 euros. Art. 2.2<\/p>\n<p>\u2013 Se determina la\u00a0<strong>cuant\u00eda m\u00ednima de las pensiones<\/strong>\u00a0tanto del sistema de la Seguridad Social como de Clases Pasivas del Estado y los requisitos para su reconocimiento. Art. 2.3 y anexo I, siendo la general con c\u00f3nyuge a cargo de 17.592,40 euros.<\/p>\n<p>\u2013 Se actualizan las pensiones del Seguro Obligatorio de Vejez e Invalidez (<strong>SOVI<\/strong>) a 8.394,40 euros (las no concurrentes) y a 8.149,40 euros (las concurrentes). Art. 2.4.<\/p>\n<p>\u2013 Se actualizan las\u00a0<strong>pensiones no contributivas<\/strong>\u00a0a 8.803,20 euros. Art. 2.5.<\/p>\n<p>\u2013 Tambi\u00e9n se adaptan las\u00a0<strong>prestaciones familiares<\/strong>\u00a0de la Seguridad Social en su modalidad no contributiva. Ver art. 2.6.<\/p>\n<p>\u2013 La cuant\u00eda de la prestaci\u00f3n por\u00a0<strong>nacimiento o adopci\u00f3n<\/strong>, en supuestos de familias numerosas, monoparentales y de madres o padres con discapacidad, ser\u00e1 de\u00a01.000,00 euros, con determinados l\u00edmites de renta. Ver art. 2.7.<\/p>\n<p>\u2013 El\u00a0<strong>subsidio de movilidad<\/strong>\u00a0y compensaci\u00f3n para gastos de transporte se revalorizar\u00e1 en\u00a02026 en un porcentaje del\u00a02,7 por ciento, alcanzando un importe anual de\u00a0<strong>1.029,60 euros<\/strong>. Art. 2.8.<\/p>\n<p>\u2013 Se actualizan las\u00a0<strong>prestaciones de orfandad<\/strong>\u00a0causadas por violencia contra la mujer ((art. 2.9), las prestaciones de\u00a0<strong>gran invalidez<\/strong>\u00a0del R\u00e9gimen Especial de la Seguridad Social de las Fuerzas Armadas y del R\u00e9gimen Especial de la Seguridad Social de Funcionarios Civiles del Estado (art. 2.11).<\/p>\n<p>\u2013 En tanto se apruebe la Ley de Presupuestos Generales del Estado para el a\u00f1o\u00a02026, el contenido de los\u00a0<a href=\"https:\/\/www.boe.es\/buscar\/act.php?id=BOE-A-2022-22128#ti-4\">t\u00edtulos IV<\/a>\u00a0(De las\u00a0<strong>pensiones p\u00fablicas<\/strong>) y\u00a0<a href=\"https:\/\/www.boe.es\/buscar\/act.php?id=BOE-A-2022-22128#tv-4\">t\u00edtulo VIII<\/a>\u00a0(<strong>Cotizaciones sociales<\/strong>) y las disposiciones adicionales concordantes de la\u00a0<strong>Ley\u00a0de Presupuestos para el a\u00f1o\u00a02023<\/strong>, as\u00ed como sus disposiciones de desarrollo mantendr\u00e1n su vigencia en\u00a02026 con las modificaciones y excepciones previstas en los art\u00edculos\u00a01, 2 y\u00a03 de este real decreto-ley. Ver D. Ad. 1\u00aa.<\/p>\n<p><strong>Bases de cotizaci\u00f3n.<\/strong><\/p>\n<p>\u2013 Se prev\u00e9 la\u00a0<strong>actualizaci\u00f3n del tope m\u00ednimo y m\u00e1ximo\u00a0<\/strong>de las bases de cotizaci\u00f3n del sistema. Art. 3.1.<\/p>\n<ul>\n<li><strong>Bases m\u00ednimas:<\/strong>\u00a0Para el ejercicio\u00a02026 y hasta la aprobaci\u00f3n de la correspondiente Ley de Presupuestos Generales del Estado, las bases m\u00ednimas de cotizaci\u00f3n, de los grupos de cotizaci\u00f3n de los reg\u00edmenes que las tengan establecidas, se incrementar\u00e1n de forma autom\u00e1tica en el\u00a0<strong>mismo porcentaje que lo haga el salario m\u00ednimo interprofesional incrementado en un sexto<\/strong><\/li>\n<li><strong>Bases m\u00e1ximas<\/strong>: para cada categor\u00eda profesional el tope m\u00e1ximo de las bases de cotizaci\u00f3n se fija en\u00a0<strong>5101,20 euros mensuales.<\/strong><\/li>\n<\/ul>\n<p>\u2013 Se actualiza la cotizaci\u00f3n correspondiente al\u00a0<strong>Mecanismo de Equidad Intergeneracional<\/strong>. Para el ejercicio 2026, la cotizaci\u00f3n correspondiente al Mecanismo de Equidad Intergeneracional ser\u00e1 de\u00a0<strong>0,90 puntos porcentuales<\/strong>. Cuando ese tipo de cotizaci\u00f3n deba ser objeto de distribuci\u00f3n entre empresa y persona trabajadora, el\u00a0<strong>0,75 por ciento ser\u00e1 a cargo de la empresa y el 0,15 por ciento a cargo del trabajador<\/strong>. Art. 3.2.<\/p>\n<p>\u2013 Se fija la\u00a0<strong>cuota adicional de solidaridad<\/strong>\u00a0para el a\u00f1o\u00a02026, que oscilar\u00e1 entre el 1,15% y el 1,46%, dependiendo de la retribuci\u00f3n (<strong>a partir de 5101,21 euros<\/strong>). Art.3.3<\/p>\n<p>\u2013 Para los\u00a0<strong>Aut\u00f3nomos<\/strong>, se establece que durante el a\u00f1o\u00a02026 la tabla general y la tabla reducida para los citados trabajadores ser\u00e1n las previstas en la\u00a0<a href=\"https:\/\/www.boe.es\/buscar\/act.php?id=BOE-A-2022-12482#dt\">D. Tr. 1\u00aa<\/a>\u00a0RDLey\u00a013\/2022, de\u00a026 de julio, para el a\u00f1o\u00a02025. No obstante, se actualiza la base m\u00e1xima de los tramos\u00a011 y\u00a012 de acuerdo con el tope m\u00e1ximo de cotizaci\u00f3n previsto para el R\u00e9gimen General de la Seguridad Social para el a\u00f1o\u00a02026. Art. 3.4.<\/p>\n<p>\u2013 Tambi\u00e9n se actualiza el l\u00edmite de ingresos para proceder al reintegro de cuotas de aut\u00f3nomos en\u00a0<strong>pluriactividad<\/strong>. Art. 3.5.<\/p>\n<p>La norma se completa con una serie de disposiciones adicionales, derogatoria y finales.<\/p>\n<p>La D.Ad. 1\u00aa <strong>mantiene la vigencia en\u00a02026<\/strong>, como vimos, de los t\u00edtulos IV y VIII de la Ley\u00a0de Presupuestos para 2023, con las modificaciones y excepciones previstas en este RDLey.<\/p>\n<p>La D.Ad. 2\u00aa establece un <strong>nuevo plazo de diez a\u00f1os<\/strong> para la cancelaci\u00f3n de determinados <strong>pr\u00e9stamos a la Seguridad Social<\/strong> cuyo vencimiento se ha producido en los ejercicios\u00a02024 y\u00a02025, y ampl\u00eda, en diez a\u00f1os tambi\u00e9n, el plazo para la cancelaci\u00f3n de otro pr\u00e9stamo cuyo vencimiento se producir\u00e1 durante el ejercicio\u00a02026.<\/p>\n<p>La disposici\u00f3n <strong>derogatoria<\/strong> \u00fanica deroga la disposici\u00f3n adicional cuarta de la Ley\u00a0de Presupuestos para el a\u00f1o\u00a02007, que, hasta ahora, regulaba la <strong>tarifa de primas<\/strong>, para integrar la nueva tarifa en la Ley General de la Seguridad Social y evitar la dispersi\u00f3n normativa.<\/p>\n<p>La D.F. 1\u00aa afecta al <strong>TRLGSS:<\/strong><\/p>\n<p>-Deroga la letra k) de los <a href=\"https:\/\/www.boe.es\/buscar\/act.php?id=BOE-A-2015-11724&amp;b=373&amp;tn=1&amp;p=20260128#a271\">art\u00edculos 271.1<\/a> y <a href=\"https:\/\/www.boe.es\/buscar\/act.php?id=BOE-A-2015-11724&amp;b=373&amp;tn=1&amp;p=20260128#a299\">299.1 TRLGSS<\/a>, que obligaban a los trabajadores, solicitantes y beneficiarios <a href=\"https:\/\/www.boe.es\/buscar\/act.php?id=BOE-A-2015-11724&amp;b=373&amp;tn=1&amp;p=20260128#a271\">de<\/a> <strong>prestaciones por desempleo<\/strong> a presentar anualmente la declaraci\u00f3n correspondiente al IRPF, si no quer\u00edan ser sancionados con la retirada de la prestaci\u00f3n.<\/p>\n<p>&#8211; Introduce una <a href=\"https:\/\/www.boe.es\/buscar\/act.php?id=BOE-A-2015-11724&amp;b=572&amp;tn=1&amp;p=20260204#da-37\">D.Ad. 61\u00aa TRLGSS<\/a> en la que se regula la denominada tarifa de <strong>primas<\/strong> para la cotizaci\u00f3n por <strong>contingencias profesionales<\/strong> (accidentes de trabajo y enfermedades profesionales).<\/p>\n<p>&#8211; Y a\u00f1ade la <a href=\"https:\/\/www.boe.es\/buscar\/act.php?id=BOE-A-2015-11724&amp;b=572&amp;tn=1&amp;p=20260204#dt-17\">D.Tr. 45\u00aa<\/a> con el objetivo de regular la transici\u00f3n de la CNAE\u00a02009 a la CNAE\u00a02025.<\/p>\n<p>Las D.F. 2\u00aa y 3\u00aa recogen respectivamente los t\u00edtulos competenciales y las habilitaciones de desarrollo.<\/p>\n<p>Se incluyen <strong>tres anexos:<\/strong><\/p>\n<p><strong>&#8211; En el Anexo I, <\/strong>Sistema de la Seguridad Social, se recoge el<strong> Cuadro de cuant\u00edas m\u00ednimas de las pensiones de la modalidad contributiva <\/strong>para el a\u00f1o 2026.<\/p>\n<p>El <strong>Anexo II<\/strong> fija las <strong>cuant\u00edas m\u00ednimas de las pensiones de Clases Pasivas<\/strong>, en c\u00f3mputo anual.<\/p>\n<p>Se aclara en la exposici\u00f3n de motivos, que las <strong>cuant\u00edas m\u00ednimas<\/strong> de pensi\u00f3n no tienen la consideraci\u00f3n de pensiones, sino de importes no consolidables a garantizar a los pensionistas que cumplen unos determinados requisitos de rentas. Por ello, lo que se revalorizan son las pensiones que tiene reconocidas cada pensionista y posteriormente, si se cumplen los requisitos establecidos, se reconoce un complemento por m\u00ednimos hasta alcanzar la cuant\u00eda m\u00ednima correspondiente. El complemento no es consolidable..<\/p>\n<p>El <strong>anexo III<\/strong> contiene los haberes reguladores para el c\u00e1lculo de las pensiones de <strong>Clases Pasivas<\/strong> del Estado que han de ser aplicados en el a\u00f1o\u00a02026.<\/p>\n<p><strong>Entrada en vigor:<\/strong> Conforme a la D.F. 4\u00aa, el RDLey entr\u00f3 en vigor el 4 de febrero de 2026, con <strong>efectos desde el d\u00eda\u00a01 de enero de\u00a02026<\/strong>.<\/p>\n<p>Ver <a href=\"https:\/\/www.notariosyregistradores.com\/web\/normas\/concretas\/cotizaciones-a-la-seguridad-social-2026\/\"><strong>resumen de la Orden PJC\/297\/2026, de 30 de marzo,<\/strong> por la que se desarrollan las normas legales de cotizaci\u00f3n a la Seguridad Social, desempleo, protecci\u00f3n por cese de actividad, Fondo de Garant\u00eda Salarial y formaci\u00f3n profesional para el ejercicio 2026.<\/a><\/p>\n<div class=\"enlacesDoc\">\n<ul>\n<li class=\"puntoPDF\"><a title=\"PDF firmado BOE-A-2026-2548\" href=\"https:\/\/www.boe.es\/boe\/dias\/2026\/02\/04\/pdfs\/BOE-A-2026-2548.pdf\">PDF (BOE-A-2026-2548 &#8211; 27\u00a0<abbr title=\"p\u00e1ginas\">p\u00e1gs.<\/abbr>\u00a0&#8211; 672\u00a0<abbr title=\"kilobytes\">KB<\/abbr>) <\/a><a title=\"Versi\u00f3n HTML BOE-A-2026-2548\" href=\"https:\/\/www.boe.es\/diario_boe\/txt.php?id=BOE-A-2026-2548\">Otros formatos<\/a> <a href=\"https:\/\/www.boe.es\/diario_boe\/txt.php?id=BOE-A-2026-4668\" target=\"_blank\" rel=\"nofollow noopener noreferrer\">Convalidaci\u00f3n<\/a><\/li>\n<\/ul>\n<\/div>\n<\/div>\n<\/div>\n<\/div>\n<\/div>\n<\/div>\n<\/div>\n<\/div>\n<div class=\"enlacesDoc\" style=\"text-align: justify;\">\n<div class=\"enlacesDoc\">\n<div class=\"enlacesDoc\">\n<div class=\"enlacesDoc\">\n<div class=\"enlacesDoc\">\n<div class=\"enlacesDoc\">\n<div class=\"enlacesDoc\">\n<div class=\"enlacesDoc\">\n<div class=\"enlacesDoc\">\n<div class=\"enlacesDoc\">\n<div class=\"enlacesDoc\">\n<div class=\"enlacesDoc\">\n<div class=\"enlacesDoc\">\n<div class=\"enlacesDoc\">\n<div class=\"enlacesDoc\" style=\"text-align: justify;\">\n<div class=\"enlacesDoc\">\n<div class=\"enlacesDoc\">\n<div class=\"enlacesDoc\">\n<div class=\"enlacesDoc\">\n<a class=\"mwm-aal-item\" name=\"plan-estadistico-nacional-2025-2028\"><\/a><h6><span style=\"font-size: 12pt;\">Plan Estad\u00edstico Nacional 2025-2028<\/span><\/h6>\n<p>Real Decreto 55\/2026, de 3 de febrero, por el que se aprueba el Programa anual 2026 del Plan Estad\u00edstico Nacional 2025-2028.<\/p>\n<p><span style=\"color: #0000ff;\"><strong>Resumen:<\/strong>\u00a0Un real decreto desarrolla para 2026 el Plan Estad\u00edstico Nacional 2025-2028. La cumplimentaci\u00f3n de los datos es obligatoria salvo excepciones.<\/span><\/p>\n<p>El\u00a0<a href=\"https:\/\/www.notariosyregistradores.com\/web\/normas\/constitucion-espanola\/#a149\">art\u00edculo\u00a0149.1.31.\u00aa de la Constituci\u00f3n Espa\u00f1ola<\/a>\u00a0atribuye al Estado la competencia exclusiva sobre estad\u00edstica para fines estatales.<\/p>\n<p>La\u00a0<a href=\"http:\/\/www.boe.es\/buscar\/act.php?id=BOE-A-1989-10767\">Ley 12\/1989, de 9 de mayo<\/a>, de la Funci\u00f3n Estad\u00edstica P\u00fablica establece en su\u00a0<a href=\"https:\/\/www.boe.es\/buscar\/act.php?id=BOE-A-1989-10767#a8\">art\u00edculo 8.<\/a>\u00a0que el Plan Estad\u00edstico Nacional es el principal instrumento ordenador de la actividad estad\u00edstica de la Administraci\u00f3n General del Estado y tendr\u00e1 una vigencia de\u00a0<strong>cuatro a\u00f1os<\/strong>.<\/p>\n<p>A su vez, el Real Decreto 1225\/2024, de 3 de diciembre (<a href=\"https:\/\/www.notariosyregistradores.com\/web\/normas\/informes-mensuales\/informe-363-boe-diciembre-2024\/#plan-estadistico-nacional-2025-8211-2028\">ver resumen<\/a>), aprueba el\u00a0<strong>Plan Estad\u00edstico Nacional 2025-2028<\/strong>.<\/p>\n<p>En sus art\u00edculos 4 y 5 dispone que, para el desarrollo temporal del Plan Estad\u00edstico Nacional, se elaborar\u00e1n sendos\u00a0<strong>programas anuales<\/strong>\u00a0en el cuatrienio 2025-2028 y que estos programas incorporar\u00e1n aquellas operaciones estad\u00edsticas no incluidas inicialmente en \u00e9l, y que deban realizarse por los servicios de la Administraci\u00f3n del Estado y sus organismos p\u00fablicos vinculados o dependientes, ya sea por exigencia de la normativa europea (que se desgrana en la exposici\u00f3n de motivos), por cambios en la legislaci\u00f3n nacional o por razones de urgencia.<\/p>\n<p><strong>Este real decreto<\/strong>\u00a0desarrolla la ejecuci\u00f3n del Plan Estad\u00edstico Nacional 2025-2028 para el a\u00f1o\u00a0<strong>2026<\/strong>, siendo el segundo del cuatrienio, de acuerdo con las competencias que el\u00a0<a href=\"https:\/\/www.boe.es\/buscar\/act.php?id=BOE-A-1989-10767#a26\">art\u00edculo 26<\/a>\u00a0de la Ley de la Funci\u00f3n Estad\u00edstica P\u00fablica atribuye al Instituto Nacional de Estad\u00edstica.<\/p>\n<p><strong>Obligatoriedad de cumplimentaci\u00f3n.\u00a0<\/strong>De conformidad con diversos reglamentos europeos que se citan en la E. de M, con lo establecido en el\u00a0<a href=\"http:\/\/www.boe.es\/buscar\/act.php?id=BOE-A-1989-10767&amp;tn=1&amp;p=20061130&amp;vd=#a7\">art\u00edculo 7<\/a>\u00a0de la Ley 12\/1989, de 9 de mayo y en la\u00a0<a href=\"http:\/\/www.boe.es\/buscar\/act.php?id=BOE-A-1990-15347&amp;tn=1&amp;p=20140705&amp;vd=#cuaa\">disposici\u00f3n adicional cuarta<\/a>\u00a0de la Ley 4\/1990, de\u00a029 de junio, para la elaboraci\u00f3n de todas las estad\u00edsticas incluidas en el en el Plan Estad\u00edstico Nacional 2025-2028,<strong>\u00a0los datos se exigir\u00e1n con car\u00e1cter obligatorio<\/strong>, sin perjuicio de que ser\u00e1n de aportaci\u00f3n estrictamente voluntaria y, en consecuencia, s\u00f3lo podr\u00e1n recogerse previo consentimiento expreso de las personas interesadas los datos susceptibles de revelar el origen \u00e9tnico, las opiniones pol\u00edticas, las convicciones religiosas o ideol\u00f3gicas y, en general, cuantas circunstancias puedan afectar a la intimidad personal o familiar, incluidos los relativos a la orientaci\u00f3n sexual, la identidad de g\u00e9nero o las caracter\u00edsticas sexuales de las personas. Ver art. 4.<\/p>\n<p><strong>Contenido del Programa.\u00a0<\/strong>El contenido del Programa anual 2026 de desarrollo del Plan Estad\u00edstico Nacional 2025-2028 se recoge en los\u00a0<strong>anexos I al VI<\/strong>,\u00a0que contienen las\u00a0<strong>estad\u00edsticas para fines estatales<\/strong>\u00a0que han de elaborarse en dicho a\u00f1o por los servicios estad\u00edsticos de la Administraci\u00f3n del Estado y sus organismos p\u00fablicos vinculados o dependientes.<\/p>\n<p>En el\u00a0<strong>anexo I<\/strong>\u00a0se incluyen las\u00a0<strong>actuaciones estrat\u00e9gicas y operativas<\/strong>\u00a0que est\u00e1 previsto realizar en\u00a02026 para cumplir con lo establecido en el anexo I del Plan Estad\u00edstico Nacional\u00a02025-2028, dedicado a las l\u00edneas estrat\u00e9gicas\u00a02025-2028.<\/p>\n<p>En el\u00a0<strong>anexo II<\/strong>\u00a0figura la relaci\u00f3n de\u00a0<strong>operaciones estad\u00edsticas<\/strong>\u00a0que forman parte del Programa anual\u00a02026, clasificadas por sector o tema y por organismo responsable de su ejecuci\u00f3n.<\/p>\n<p>En el\u00a0<strong>anexo\u00a0III<\/strong>\u00a0se detallan, para cada una de las operaciones estad\u00edsticas incluidas en el Programa anual\u00a02026: los\u00a0<strong>organismos<\/strong>\u00a0que intervienen en su elaboraci\u00f3n, los\u00a0<strong>trabajos<\/strong>\u00a0concretos que se efectuar\u00e1n durante el a\u00f1o y la participaci\u00f3n de los diferentes organismos en su realizaci\u00f3n y las actividades nuevas que se van a desarrollar en el a\u00f1o para reducir las cargas soportadas por las unidades informantes. Tambi\u00e9n se incluye en este anexo la definici\u00f3n de los conceptos anteriores y los c\u00f3digos utilizados.<\/p>\n<p>El\u00a0<strong>anexo\u00a0IV<\/strong>\u00a0contiene el programa de\u00a0<strong>inversiones<\/strong>\u00a0previsto en\u00a02026 para mejorar y renovar los medios de todo tipo precisos para el desarrollo de la funci\u00f3n estad\u00edstica..<\/p>\n<p>El\u00a0<strong>anexo\u00a0V<\/strong>\u00a0proporciona informaci\u00f3n complementaria para el\u00a0<strong>seguimiento del Plan<\/strong>\u00a0Estad\u00edstico Nacional\u00a02025-2028, especific\u00e1ndose las altas, bajas y modificaciones de operaciones estad\u00edsticas que se incorporan a dicho plan mediante el Programa anual\u00a02026.<\/p>\n<p>El\u00a0<strong>anexo\u00a0VI<\/strong>\u00a0recoge el\u00a0<strong>calendario de difusi\u00f3n<\/strong>\u00a0de las operaciones estad\u00edsticas que van a publicar resultados en\u00a02026 para cada organismo responsable de su ejecuci\u00f3n.<\/p>\n<p><strong>Causa baja<\/strong>, entre otras, la operaci\u00f3n\u00a09861 <strong>Censos de Poblaci\u00f3n y Viviendas<\/strong> debido a que deja de realizarse. En su lugar, se elaboran las operaciones\u00a09885 Censo Anual de Poblaci\u00f3n y\u00a09889 Censo de Viviendas.<\/p>\n<p><strong>No se va a realizar ning\u00fan trabajo<\/strong>, entre otras, en la operaci\u00f3n 9394<strong> \u00cdndice de Precios de Vivienda en Alquiler<\/strong> (IPVA).<\/p>\n<p>En las siguientes estad\u00edsticas se relaciona al\u00a0<strong>Colegio de Registradores\u00a0(o al CORPME)<\/strong>:<\/p>\n<ul>\n<li>9304 Estad\u00edstica de Sociedades Mercantiles (Registro Mercantil Central)<\/li>\n<li>9342 Estad\u00edstica del Procedimiento Concursal<\/li>\n<li>9343 Estad\u00edstica de Hipotecas<\/li>\n<li>9344 Estad\u00edstica sobre Ejecuciones Hipotecarias<\/li>\n<li>9345 Estad\u00edstica de Transmisi\u00f3n de Derechos de la Propiedad<\/li>\n<li>9384 Estad\u00edstica de Precios del Suelo<\/li>\n<\/ul>\n<p><strong>En \u00e9stas, al\u00a0Consejo General del Notariado:<\/strong><\/p>\n<ul>\n<li>9198 Estad\u00edstica de Transacciones Inmobiliarias<\/li>\n<li>9383 \u00cdndice de Precios de la Vivienda (IPV)<\/li>\n<li>9931 Indicadores Urbanos<\/li>\n<\/ul>\n<p>Y en \u00e9stas, a la\u00a0<strong>Direcci\u00f3n General de Seguridad Jur\u00eddica y Fe P\u00fablica<\/strong>:<\/p>\n<ul>\n<li>9342 Estad\u00edstica del Procedimiento Concursal<\/li>\n<li>9865 Movimiento Natural de la Poblaci\u00f3n<\/li>\n<li>9869 Estad\u00edstica de Personas Extranjeras con Documentaci\u00f3n de Residencia en Vigor<\/li>\n<li>9870 Flujo de Documentos de Residencia Concedidos a Personas Extranjeras<\/li>\n<li>9871 Estad\u00edstica de Personas Extranjeras con Autorizaci\u00f3n de Estancia por Estudios en Vigor<\/li>\n<li>9873 Estad\u00edstica de Adquisiciones de Nacionalidad Espa\u00f1ola por Residentes<\/li>\n<li>9874 Estad\u00edstica de Concesiones de Nacionalidad Espa\u00f1ola por Residencia<\/li>\n<li>9882 Estimaci\u00f3n Mensual de Nacimientos (desde 2022)<\/li>\n<li>9883 Estimaci\u00f3n de Defunciones Semanales (desde 2022)<\/li>\n<li>9885 Censo Anual de Poblaci\u00f3n<\/li>\n<\/ul>\n<p>Entr\u00f3 en vigor el d\u00eda 5 de febrero de 2026.<\/p>\n<div class=\"enlacesDoc\">\n<ul>\n<li class=\"puntoPDF\"><a title=\"PDF firmado BOE-A-2026-2555\" href=\"https:\/\/www.boe.es\/boe\/dias\/2026\/02\/04\/pdfs\/BOE-A-2026-2555.pdf\">PDF (BOE-A-2026-2555 &#8211; 310\u00a0<abbr title=\"p\u00e1ginas\">p\u00e1gs.<\/abbr>\u00a0&#8211; 7.555\u00a0<abbr title=\"kilobytes\">KB<\/abbr>)<\/a> <a title=\"Versi\u00f3n HTML BOE-A-2026-2555\" href=\"https:\/\/www.boe.es\/diario_boe\/txt.php?id=BOE-A-2026-2555\">Otros formatos<\/a><\/li>\n<\/ul>\n<a class=\"mwm-aal-item\" name=\"rdley-4-2026-no-convalidado-situaciones-de-emergencia-y-mercado\"><\/a><h6 style=\"text-align: justify;\"><span style=\"font-size: 12pt;\">RDLey 4\/2026 (no convalidado): Situaciones de emergencia y mercado<\/span><\/h6>\n<p style=\"text-align: justify;\">Real Decreto-ley 4\/2026, de 10 de febrero, por el que se garantiza la accesibilidad equitativa a bienes y servicios en situaciones de emergencia.<\/p>\n<p><span style=\"font-size: 12pt; color: #ff0000;\"><strong>Nota del 26 de febrero: Este Real Decreto Ley NO ha sido convalidado por el Congreso de Diputados.\u00a0<\/strong><\/span><\/p>\n<p style=\"text-align: justify;\"><span style=\"color: #0000ff;\"><strong>Resumen:<\/strong> Este RDLey permite una limitaci\u00f3n temporal de los precios m\u00e1ximos aplicables durante una situaci\u00f3n de emergencia que altere las condiciones de oferta y demanda de un mercado concreto. Modifica, para ello, la Ley de Consumidores y Usuarios.<\/span><\/p>\n<p style=\"text-align: justify;\">La evoluci\u00f3n reciente de los <strong>mercados<\/strong>, as\u00ed como la ocurrencia de situaciones de emergencia de car\u00e1cter extraordinario \u2013tales como <strong>fen\u00f3menos meteorol\u00f3gicos<\/strong> adversos de gran intensidad (como las DANAS), y <strong>accidentes graves<\/strong> que afectan infraestructuras estrat\u00e9gicas de transporte (Adamuz)\u2013 ha puesto de manifiesto la existencia de condiciones de mercado que pueden distorsionar gravemente el acceso de la ciudadan\u00eda a bienes y servicios esenciales, con <strong>incrementos de precios<\/strong> que no responden a variaciones estructurales de los costes ni a mejoras objetivas del servicio.<\/p>\n<p style=\"text-align: justify;\">Esta RDLey se basa en el <a href=\"https:\/\/www.notariosyregistradores.com\/web\/normas\/constitucion-espanola\/#a51\">art\u00edculo 51 de la Constituci\u00f3n<\/a> en cuanto ordena a los poderes p\u00fablicos <strong>garantizar la defensa de los consumidores y usuarios<\/strong>, protegiendo su seguridad, salud y leg\u00edtimos intereses econ\u00f3micos, lo que cobra especial importancia en situaciones de vulnerabilidad como las expresadas.<\/p>\n<p style=\"text-align: justify;\">Existen ya antecedentes normativos en cuya virtud los poderes p\u00fablicos <strong>puedan limitar de forma temporal la libertad de precios<\/strong>, como el <a href=\"https:\/\/www.boe.es\/buscar\/act.php?id=BOE-A-1996-1072#a13\">art\u00edculo\u00a013.2<\/a> de la Ley\u00a0de Ordenaci\u00f3n del Comercio Minorista o en el <a href=\"https:\/\/www.boe.es\/buscar\/act.php?id=BOE-A-2009-18731#a11\">art\u00edculo\u00a011.1 g)<\/a> de la Ley\u00a0sobre el libre acceso a las actividades de servicios y su ejercicio, previsiones que el legislador considera insuficientes para cuando se da una eventualidad que altera de forma excepcional e imprevista las condiciones de oferta y demanda en relaci\u00f3n con determinados bienes o servicios.<\/p>\n<p style=\"text-align: justify;\">Por ello, considera imprescindible introducir una <strong>limitaci\u00f3n temporal de los precios m\u00e1ximos <\/strong>aplicables durante la vigencia de una<strong> situaci\u00f3n de emergencia <\/strong>que <strong>altere<\/strong> de forma significativa las condiciones de <strong>oferta y demanda<\/strong> de un mercado concreto. Dicha limitaci\u00f3n consiste en fijar <strong>como precio m\u00e1ximo el aplicable en un per\u00edodo anterior de referencia<\/strong>, con sujeci\u00f3n a un criterio objetivo y verificable, debi\u00e9ndose acotar tambi\u00e9n el \u00e1mbito temporal y los bienes y servicios afectados.<\/p>\n<p style=\"text-align: justify;\">Todo ello se precisar\u00e1 <strong>en el correspondiente Acuerdo de Consejo de Ministros,<\/strong> cuando la limitaci\u00f3n no derive directamente de una declaraci\u00f3n de emergencia de protecci\u00f3n civil.<\/p>\n<p style=\"text-align: justify;\">S\u00f3lo cabr\u00e1 incrementar los precios fijados si se acredita un <strong>aumento de costes<\/strong> que lo justifique. De no respetarse la medida los consumidores tienen derecho a ser <strong>resarcidos<\/strong>.<\/p>\n<p style=\"text-align: justify;\">Con este fin, su art\u00edculo \u00fanico modifica dos art\u00edculos del TR <strong>Ley General para la Defensa de los Consumidores y Usuarios<\/strong>.<\/p>\n<p style=\"text-align: justify;\">El cambio principal radica en la introducci\u00f3n del art\u00edculo 20 ter, con esta redacci\u00f3n:<\/p>\n<p style=\"text-align: justify;\"><strong><em>\u00abArt\u00edculo\u00a020 ter.\u2003Limitaci\u00f3n del incremento del precio final en contextos de urgencia, riesgo o necesidad de las personas consumidoras.<\/em><\/strong><\/p>\n<p style=\"text-align: justify;\"><em>1.\u2003<strong>No se podr\u00e1n producir incrementos del precio final<\/strong> de venta de los bienes y servicios que se determinen conforme a este art\u00edculo <strong>en contextos de urgencia, riesgo o necesidad de las personas consumidoras<\/strong>. A estos efectos, se entender\u00e1 por incremento del precio final cualquier precio superior al del <strong>precio m\u00e1ximo<\/strong> al que se haya ofertado el bien o servicio, o aquellos bienes o servicios de naturaleza an\u00e1loga, durante los <strong>treinta d\u00edas previos <\/strong>a la situaci\u00f3n sobrevenida que deriva en la urgencia, riesgo o necesidad.<\/em><\/p>\n<p style=\"text-align: justify;\"><em>Excepcionalmente, en caso de que el precio m\u00e1ximo ofertado sea <strong>superior en un cincuenta por ciento al precio medio<\/strong> ofertado en los treinta d\u00edas previos a la situaci\u00f3n sobrevenida en relaci\u00f3n con el mismo bien o servicio, o en relaci\u00f3n con bienes y servicios de naturaleza an\u00e1loga, el precio de referencia, de acuerdo con lo previsto en el p\u00e1rrafo anterior, ser\u00e1 dicho precio medio incrementado en un cincuenta por ciento.<\/em><\/p>\n<p style=\"text-align: justify;\"><em>Lo dispuesto en los p\u00e1rrafos anteriores se realizar\u00e1 sin perjuicio de los incrementos de precio que deriven de <strong>un aumento acreditable de los costes<\/strong> para la puesta en el mercado de dicho bien o servicio, o que sean demostrablemente necesarios para la puesta en el mercado de nuevos bienes o servicios por parte de los operadores econ\u00f3micos, que puedan mitigar la alteraci\u00f3n de oferta y demanda derivada de la situaci\u00f3n de emergencia o fuerza mayor.<\/em><\/p>\n<p style=\"text-align: justify;\"><em>En aquellos bienes y servicios cuyos precios tengan un <strong>marcado car\u00e1cter estacional<\/strong>, se podr\u00e1 tomar como referencia el precio del <strong>mismo periodo del a\u00f1o anterior<\/strong>, actualizado de acuerdo con el \u00cdndice de Precios al Consumo.<\/em><\/p>\n<p style=\"text-align: justify;\"><em>En aquellos servicios que cuenten con <strong>tarifas o precios regulados<\/strong>, o que est\u00e9n sujetos a contratos entre el operador y la administraci\u00f3n p\u00fablica, al no fijarse estos libremente por el operador, se considerar\u00e1 que se cumple la condici\u00f3n de no incremento de precio por parte del operador.<\/em><\/p>\n<p style=\"text-align: justify;\"><em>2.\u2003Lo previsto en el apartado anterior ser\u00e1 de aplicaci\u00f3n <strong>tras la declaraci\u00f3n de zona afectada gravemente por una emergencia de protecci\u00f3n civil<\/strong> regulada en la Ley\u00a017\/2015, de\u00a09 de julio, del Sistema Nacional de Protecci\u00f3n Civil. Adicionalmente, lo previsto en el apartado anterior tambi\u00e9n ser\u00e1 de aplicaci\u00f3n en contextos de urgencia, riesgo o necesidad de las personas consumidoras derivados <strong>de accidente, emergencia t\u00e9cnica, fuerza mayor u otras circunstancias sobrevenidas<\/strong> no imputables a las personas usuarias y que alteren la situaci\u00f3n de oferta y demanda de forma excepcional, que se determinen en cada caso mediante Acuerdo de Consejo de Ministros.<\/em><\/p>\n<p style=\"text-align: justify;\"><em>El Acuerdo correspondiente precisar\u00e1 la <strong>fecha de inicio y final<\/strong> de la medida, los <strong>bienes o servicios afectados<\/strong> y la referencia aplicable para la <strong>limitaci\u00f3n de precios<\/strong> de los bienes o servicios cubiertos por esta conforme a las bases establecidas en el apartado primero. Asimismo, el citado Acuerdo podr\u00e1 establecer, por parte de los comercializadores afectados por esta limitaci\u00f3n, la obligaci\u00f3n de facilitar informaci\u00f3n al consumidor o usuario, en la oferta comercial, del precio medio y m\u00e1ximo al que se haya ofertado el bien o servicio en, al menos, los treinta d\u00edas previos a la oferta. Esta obligaci\u00f3n de informaci\u00f3n ser\u00e1 aplicable durante la vigencia de la medida o, en su caso, durante el periodo adicional que establezca expresamente el correspondiente Acuerdo.<\/em><\/p>\n<p style=\"text-align: justify;\"><em>3.\u2003El incumplimiento de las obligaciones previstas en este art\u00edculo dar\u00e1 derecho al consumidor o usuario a la <strong>devoluci\u00f3n autom\u00e1tica<\/strong> de cualquier cantidad cobrada en exceso sobre el precio m\u00e1ximo aplicable, sin perjuicio del r\u00e9gimen sancionador que resulte de aplicaci\u00f3n.\u00bb<\/em><\/p>\n<p style=\"text-align: justify;\">Asimismo, se modifica la letra c del <strong>art\u00edculo\u00a020.1<\/strong> con el objetivo de <strong>unificar<\/strong> todo el contenido normativo relativo a limitaciones de precio en situaciones de emergencia en el nuevo art\u00edculo\u00a020 ter.<\/p>\n<p style=\"text-align: justify;\">Por \u00faltimo, conforme a la D.Ad. 1\u00aa, se requiere la previa autorizaci\u00f3n de la Comisi\u00f3n Europea para limitaciones de precios que puedan afectar al <strong>transporte <\/strong>(especialmente el a\u00e9reo), de cara a acreditar la compatibilidad de la medida con el <a href=\"https:\/\/www.boe.es\/buscar\/doc.php?id=DOUE-L-2008-82157\">Reglamento (CE) n.\u00ba\u00a01008\/2008<\/a> del Parlamento Europeo y del Consejo, de\u00a024 de septiembre de\u00a02008, y dem\u00e1s normativa europea.<\/p>\n<p style=\"text-align: justify;\">Entr\u00f3 en vigor el 11 de febrero de 2026.<\/p>\n<div class=\"enlacesDoc\">\n<ul>\n<li class=\"puntoPDF\"><a title=\"PDF firmado BOE-A-2026-3084\" href=\"https:\/\/www.boe.es\/boe\/dias\/2026\/02\/11\/pdfs\/BOE-A-2026-3084.pdf\">PDF (BOE-A-2026-3084 &#8211; 8\u00a0<abbr title=\"p\u00e1ginas\">p\u00e1gs.<\/abbr>\u00a0&#8211; 229\u00a0<abbr title=\"kilobytes\">KB<\/abbr>)<\/a> <a title=\"Versi\u00f3n HTML BOE-A-2026-3084\" href=\"https:\/\/www.boe.es\/diario_boe\/txt.php?id=BOE-A-2026-3084\">Otros formatos<\/a> <a href=\"https:\/\/www.boe.es\/diario_boe\/txt.php?id=BOE-A-2026-4669\" target=\"_blank\" rel=\"nofollow noopener noreferrer\">Derogaci\u00f3n<\/a><\/li>\n<\/ul>\n<a class=\"mwm-aal-item\" name=\"danos-meteorologicos-en-andalucia-y-extremadura\"><\/a><h6><span style=\"font-size: 12pt;\">Da\u00f1os meteorol\u00f3gicos en Andaluc\u00eda y Extremadura<\/span><\/h6>\n<p>Real Decreto-ley 5\/2026, de 17 de febrero, por el que se adoptan medidas urgentes en respuesta a los da\u00f1os causados por diversos fen\u00f3menos meteorol\u00f3gicos adversos, de especial afectaci\u00f3n en las comunidades aut\u00f3nomas de Andaluc\u00eda y Extremadura.<\/p>\n<p><span style=\"color: #0000ff;\"><strong>Resumen:<\/strong> Las medidas se aplican a los municipios gravemente afectados de estas comunidades aut\u00f3nomas. Se incluyen ayudas directas, exenciones IRPF, anticipos a cuenta, l\u00ednea de avales, medidas para empresas y aut\u00f3nomos, empleo, Seguridad Social, reconstrucci\u00f3n de infraestructuras, etc. Se modifica la Ley del IRPF para que no tributen los perceptores del salario m\u00ednimo.<\/span><\/p>\n<p>La norma consta de una parte expositiva y de una parte dispositiva estructurada en <strong>ocho cap\u00edtulos<\/strong>, m\u00e1s las \u00faltimas disposiciones y un anexo.<\/p>\n<p>El <strong>cap\u00edtulo I <\/strong>recoge el <strong>objeto y \u00e1mbito de aplicaci\u00f3n<\/strong> de este RDLey: la adopci\u00f3n de medidas urgentes de respuesta y adaptaci\u00f3n ante los da\u00f1os causados por las <strong>inundaciones<\/strong> y otros sucesos acaecidos en diferentes municipios de las comunidades aut\u00f3nomas de <strong>Andaluc\u00eda y Extremadura<\/strong>.<\/p>\n<p>El <strong>cap\u00edtulo II<\/strong> contempla medidas de apoyo en materia de <strong>da\u00f1os<\/strong> personales, vivienda, establecimientos industriales, mercantiles y de servicios, a corporaciones locales y por desalojos.<\/p>\n<p>Las solicitudes para la concesi\u00f3n de las ayudas se presentar\u00e1n en un <strong>plazo de tres meses, <\/strong>que concluye el<strong> 20 de mayo de 2026 <\/strong>(plazo ampliable).<\/p>\n<p>Estas ayudas son <strong>compatibles<\/strong> con otras ayudas o subvenciones p\u00fablicas o privadas, nacionales o internacionales otorgadas para el mismo fin, sin que en ning\u00fan caso la suma de todas las ayudas obtenidas y las indemnizaciones que pudieran corresponder en concepto de seguro pueda superar el valor del da\u00f1o producido.<\/p>\n<p>Estar\u00e1n <strong>exentas del IRPF<\/strong> las ayudas por <strong>da\u00f1os personales<\/strong> previstas en el art\u00edculo\u00a03. En el caso de ayudas por <strong>da\u00f1os distintos<\/strong> de los personales previstos en el art\u00edculo\u00a03 les resultar\u00e1 de aplicaci\u00f3n lo dispuesto en la\u00a0<a href=\"https:\/\/www.boe.es\/buscar\/act.php?id=BOE-A-2006-20764#daquinta\">D.Ad.5\u00aa LIRPF <\/a>y en la <a href=\"https:\/\/www.boe.es\/buscar\/act.php?id=BOE-A-2014-12328#datercera\">D.Ad. 3\u00aa<\/a> Ley del Impuesto sobre Sociedades.<\/p>\n<p>El <strong>art\u00edculo 3<\/strong> regula las <strong>ayudas<\/strong> destinadas a paliar <strong>da<\/strong><strong>\u00f1<\/strong><strong>os personales<\/strong>, <strong>da<\/strong><strong>\u00f1<\/strong><strong>os materiales<\/strong> en vivienda y enseres, en establecimientos industriales, mercantiles y de servicios, y por <strong>desalojos<\/strong>.<\/p>\n<p>El <strong>art\u00edculo\u00a04<\/strong> prev\u00e9 la novedosa posibilidad de conceder <strong>anticipos a cuenta<\/strong> de la ayuda a la que, finalmente pudiera tener derecho el interesado, mediante la presentaci\u00f3n de una declaraci\u00f3n responsable, por un importe de hasta el 50 por ciento del importe m\u00e1ximo.<\/p>\n<p>Los <strong>art\u00edculos 5 al 7<\/strong> se dedican a ayudas para las <strong>entidades locales<\/strong>.<\/p>\n<p>El <strong>cap\u00edtulo III <\/strong>se centra en medidas en materia <strong>agraria y pesquera<\/strong>, incluida la exenci\u00f3n de la cuota del Impuesto sobre Bienes Inmuebles correspondiente al ejercicio 2026 a favor de los bienes inmuebles de naturaleza r\u00fastica.<\/p>\n<p>El <strong>cap\u00edtulo IV<\/strong> incluye medidas de apoyo a <strong>empresas y profesionales<\/strong> y de car\u00e1cter <strong>tributario.<\/strong><\/p>\n<p>En la <strong>secci\u00f3n primera<\/strong> se establece que las ayudas previstas en este RDLey tendr\u00e1n la consideraci\u00f3n de <strong>inembargables<\/strong>, incluso las devoluciones tributarias derivadas de las medidas fiscales incluidas en dichas disposiciones.<\/p>\n<p>Se crea, en el art\u00edculo 21, un sistema de <strong>ayudas directas<\/strong> para los empresarios o aut\u00f3nomos cuya actividad econ\u00f3mica se haya visto afectada por desarrollarse en zonas de municipios en Andaluc\u00eda y Extremadura en las que se haya producido una fuerte incidencia de temporales, que haya dado lugar a desalojos, evacuaciones, inundaciones u otras circunstancias graves que hayan perturbado el normal desarrollo de la actividad.<\/p>\n<p>&#8211; <strong>Su importe <\/strong>depender\u00e1 del volumen de operaciones de la actividad, desde 10.000 euros.<\/p>\n<p>&#8211; Habr\u00e1 <strong>formularios<\/strong> al respecto en la Sede electr\u00f3nica de la Agencia Estatal de Administraci\u00f3n Tributaria, que podr\u00e1n presentarse hasta el\u00a0<strong>30 de junio de\u00a02026.<\/strong>.<\/p>\n<p>&#8211; Estas ayudas estar\u00e1n <strong>exentas<\/strong> de tributaci\u00f3n tanto en el IRPF, como en el Impuesto sobre Sociedades.<\/p>\n<p>Se habilita una <strong>l\u00ednea de avales<\/strong> para facilitar la reconversi\u00f3n empresarial de empresas y aut\u00f3nomos empadronados, que tengan su residencia habitual, su centro de trabajo o su domicilio social o establecimiento industrial, mercantil o de servicios en alguna de las localidades afectadas. Ver art. 22.<\/p>\n<p>En la <strong>secci\u00f3n segunda<\/strong>, se contemplan una serie de <strong>beneficios fiscales:<\/strong><\/p>\n<p>&#8211; Se conceden exenciones en el <strong>Impuesto sobre Bienes Inmuebles<\/strong> y reducciones en el <strong>Impuesto sobre Actividades Econ\u00f3micas<\/strong> correspondientes al ejercicio\u00a02026 cuando afecten a los inmuebles da\u00f1ados como consecuencia directa del tren de borrascas e inundaciones producidas, incluso pudi\u00e9ndose solicitar la devoluci\u00f3n de lo ya pagado.<\/p>\n<p>&#8211; Se conceden <strong>exenciones<\/strong> de las tasas de <strong>expedici\u00f3n del DNI, de tr\u00e1fico y de Catastro. <\/strong><\/p>\n<p>&#8211; En el <strong>IRPF e IVA,<\/strong> se contempla para las <strong>actividades agrarias<\/strong> una reducci\u00f3n de los \u00edndices de rendimiento neto aplicables al m\u00e9todo de estimaci\u00f3n objetiva. Ver art. 24.<\/p>\n<p>Se aprovecha este RDLey para introducir una <strong>medida de car\u00e1cter general: <\/strong>Se modifica la Ley del IRPF para <strong>evitar la tributaci\u00f3n<\/strong> de los perceptores del <strong>salario m\u00ednimo interprofesional<\/strong>, que, para 2026, se eleva a 17.094 euros anuales brutos. Para evitar un error de salto se adoptan medidas para contribuyentes que ganen, por rendimientos de trabajo, hasta\u00a020.048,45 euros anuales. Para ello, se modifica la <a href=\"https:\/\/www.boe.es\/buscar\/act.php?id=BOE-A-2006-20764#da-15\">D.Ad. 61\u00aa LIRPF<\/a><\/p>\n<p>El <strong>cap\u00edtulo V<\/strong> se dedica al <strong>empleo<\/strong>. Citemos algunas de las medidas, pensadas, especialmente, para los trabajadores en explotaciones agr\u00edcolas afectadas y que se aplican retroactivamente desde el 4 de febrero de 2026:<\/p>\n<p>&#8211; Se establecen especialidades aplicables a los<strong> expedientes de regulaci\u00f3n temporal de empleo por causa de fuerza mayor<\/strong> al amparo del <a href=\"https:\/\/www.boe.es\/buscar\/act.php?id=BOE-A-2015-11430#a47\">art\u00edculo\u00a047.5 y\u00a06 ET<\/a>.<\/p>\n<p>&#8211; Cuando estas medidas temporales se adopten <strong>por causas econ\u00f3micas, t\u00e9cnicas, organizativas y de producci\u00f3n<\/strong>, se regulan especialidades respecto del r\u00e9gimen especial de la<strong> prestaci\u00f3n por desempleo previsto para los casos de fuerza mayor<\/strong>. As\u00ed, no se requerir\u00e1 periodo de carencia para el reconocimiento de la prestaci\u00f3n, su disfrute no implicar\u00e1 el consumo de cotizaci\u00f3n y la cuant\u00eda se obtendr\u00e1 de aplicar a la base reguladora un porcentaje del\u00a070 por ciento.<\/p>\n<p>&#8211; Se adoptan medidas en favor de las personas que prestan <strong>servicio en el hogar familiar<\/strong>, a las que se reconoce expresamente el <strong>derecho a la suspensi\u00f3n contractual y a la reducci\u00f3n de la jornada<\/strong>, la aplicabilidad del especial r\u00e9gimen de prestaci\u00f3n por desempleo previsto para los casos de fuerza mayor sin que sea necesario un periodo de carencia, con una cuant\u00eda del\u00a070 por ciento de la base reguladora.<\/p>\n<p>&#8211; Para los <strong>trabajadores eventuales<\/strong> se modera la exigencia de un n\u00famero m\u00ednimo de jornadas trabajadas.<\/p>\n<p>&#8211; Se <strong>proh\u00edbe el despido<\/strong> de trabajadores en empresas que hagan uso de las<strong> ayudas directas<\/strong> o de los <strong>expedientes de regulaci\u00f3n de empleo<\/strong> previstos con ocasi\u00f3n de las borrascas.<\/p>\n<p>&#8211; Se suspende la duraci\u00f3n de los <strong>contratos temporales<\/strong>.<\/p>\n<p>&#8211; Se regulan medidas especiales sobre <strong>protecci\u00f3n por desempleo<\/strong>, dirigidas a agilizar el reconocimiento de las prestaciones contributivas por desempleo.<\/p>\n<p>&#8211; Se prev\u00e9 la <strong>concesi\u00f3n directa de subvenciones<\/strong> a las <strong>corporaciones<\/strong> para la contrataci\u00f3n de <strong>desempleados<\/strong> que contribuyan a la necesaria <strong>reconstrucci\u00f3n<\/strong> de las zonas da\u00f1adas.<\/p>\n<p>&#8211; En <strong>cooperativas<\/strong>, se contempla la suspensi\u00f3n de la obligaci\u00f3n y el derecho a prestar trabajo y de reducci\u00f3n de jornada que afecte a socios trabajadores.<\/p>\n<p>El <strong>cap\u00edtulo VI<\/strong> establece medidas en materia de <strong>Seguridad Social<\/strong>:<\/p>\n<p>&#8211; Los trabajadores que cesen en su actividad por las situaciones descritas en este RDLey, puedan solicitar la <strong>prestaci\u00f3n de cese de actividad<\/strong> sin que tengan que acreditar el requisito de periodo m\u00ednimo de cotizaci\u00f3n, ni que existe fuerza mayor.<\/p>\n<p>&#8211; Las empresas podr\u00e1n solicitar <strong>exenciones a la cotizaci\u00f3n<\/strong> a la Seguridad Social de las personas trabajadoras que tengan sus actividades suspendidas o reducidas como consecuencia de las inundaciones.<\/p>\n<p>&#8211; Las empresas y trabajadores por <strong>cuenta propia<\/strong> puedan solicitar el <strong>aplazamiento o moratoria<\/strong> en el ingreso de las cuotas de la Seguridad Social.<\/p>\n<p>&#8211; Y, a efectos del c\u00f3mputo de rentas del <strong>Ingreso M\u00ednimo Vital<\/strong>, no se incluir\u00e1n las ayudas y subvenciones contenidas en este RDLey.<\/p>\n<p>El <strong>cap\u00edtulo VII<\/strong> contempla medidas en materia de <strong>dominio p\u00fablico e infraestructuras<\/strong>. Entre las medidas adoptadas se encuentran:<\/p>\n<p>&#8211; obras de emergencia para la reparaci\u00f3n de da\u00f1os en dominio p\u00fablico mar\u00edtimo-terrestre y del <strong>dominio p\u00fablico hidr\u00e1ulico<\/strong> y de infraestructuras hidr\u00e1ulicas de titularidad estatal<\/p>\n<p>&#8211; ayudas directas para la recuperaci\u00f3n de <strong>cauces p\u00fablicos situados en zonas urbanas<\/strong>, lo que beneficiar\u00e1 a las entidades locales<\/p>\n<p>&#8211; financiaci\u00f3n de obras de reposici\u00f3n de <strong>infraestructuras estatales de transportes<\/strong>.<\/p>\n<p>Y el <strong>cap\u00edtulo VIII <\/strong>se centra en los <strong>consumidores<\/strong>:<\/p>\n<p>Ejercicio del<strong> derecho de desistimiento<\/strong>. Desde el\u00a02 de febrero de\u00a02026 hasta el 20 de mayo de 2026, se suspenden los plazos para el ejercicio, por parte de las personas consumidoras o usuarias afectadas y residentes en municipios afectados, as\u00ed como los plazos para el ejercicio de <strong>derechos adicionales<\/strong> establecidos contractualmente. No tendr\u00e1n que presentar documentos que hayan devenido de imposible mantenimiento u obtenci\u00f3n con motivo de los siniestros.<\/p>\n<p>En cuanto a las <strong>obligaciones derivadas de contratos<\/strong> con consumidores y usuarios afectados por los siniestros, se tratan diversos casos:<\/p>\n<p>&#8211; en contratos suscritos con anterioridad al\u00a02 de febrero de\u00a02026, ya sean de compraventa de bienes, de prestaci\u00f3n de servicios o de provisi\u00f3n de suministros, que resultasen de <strong>imposible cumplimiento<\/strong> de forma definitiva, las partes del contrato quedar\u00e1n exoneradas de su cumplimiento, debi\u00e9ndose restituir las potenciales cantidades abonadas en un plazo m\u00e1ximo de treinta d\u00edas.<\/p>\n<p>&#8211; contratos de <strong>prestaci\u00f3n de servicios de tracto sucesivo<\/strong> que resultasen de imposible cumplimiento de forma <strong>temporal<\/strong> en los que el consumidor podr\u00e1 elegir entre la resoluci\u00f3n del contrato, sin pagar ninguna penalizaci\u00f3n, o el aplazamiento de la ejecuci\u00f3n de este<\/p>\n<p>&#8211; si el consumidor <strong>no pudiese recibir el bien, disfrutar del servicio o del suministro<\/strong>, en los casos de haberse realizado el pago por anticipado, podr\u00e1 elegir entre la resoluci\u00f3n del contrato sin penalizaci\u00f3n o el aplazamiento de la ejecuci\u00f3n de \u00e9ste<\/p>\n<p>&#8211; en relaci\u00f3n con <strong>contratos de transporte<\/strong> perfeccionados antes del\u00a02 de febrero de\u00a02026 que tengan como origen o destino municipios afectados, as\u00ed como los contratos de servicio de <strong>hospedaje,<\/strong> el consumidor tiene derecho a resolver el contrato antes del inicio de este sin penalizaci\u00f3n y con reembolso completo de cualquier pago realizado<\/p>\n<p>Este art\u00edculo <strong>no aplicar\u00e1<\/strong> a los contratos de <strong>pr\u00e9stamos y cr\u00e9ditos<\/strong> en vigor celebrados con personas consumidoras.<\/p>\n<p>La D.Tr. 3\u00aa prev\u00e9 la <strong>aplicaci\u00f3n retroactiva<\/strong> de las previsiones de este RDLey en materia de <strong>da\u00f1os personales y materiales<\/strong> en vivienda y enseres a los causados por la Depresi\u00f3n Aislada en Niveles Altos (<strong>DANA<\/strong>) en diferentes municipios entre el\u00a028 de octubre y el\u00a04 de noviembre de\u00a02024.<\/p>\n<p>Este RDLey entr\u00f3 en vigor el 20 de febrero de 2026.<\/p>\n<p>Ir a la <strong><a href=\"https:\/\/www.notariosyregistradores.com\/web\/normas\/concretas\/resumen-rdley-5-2026-danos-meteorologicos-en-andalucia-y-extremaduradanos-meteorologicos-en-andalucia-y-extremadura\/\">p\u00e1gina especial.<\/a><\/strong><\/p>\n<div class=\"enlacesDoc\">\n<ul>\n<li class=\"puntoPDF\"><a title=\"PDF firmado BOE-A-2026-3810\" href=\"https:\/\/www.boe.es\/boe\/dias\/2026\/02\/19\/pdfs\/BOE-A-2026-3810.pdf\">PDF (BOE-A-2026-3810 &#8211; 81\u00a0<abbr title=\"p\u00e1ginas\">p\u00e1gs.<\/abbr>\u00a0&#8211; 1.097\u00a0<abbr title=\"kilobytes\">KB<\/abbr>)<\/a> <a title=\"Versi\u00f3n HTML BOE-A-2026-3810\" href=\"https:\/\/www.boe.es\/diario_boe\/txt.php?id=BOE-A-2026-3810\">Otros formatos<\/a>\u00a0 <a href=\"https:\/\/www.boe.es\/diario_boe\/txt.php?id=BOE-A-2026-6005\" target=\"_blank\" rel=\"nofollow noopener noreferrer\">Correcci\u00f3n de errores<\/a>\u00a0 \u00a0<a href=\"https:\/\/www.boe.es\/diario_boe\/txt.php?id=BOE-A-2026-6483\" target=\"_blank\" rel=\"nofollow noopener noreferrer\">Convalidaci\u00f3n<\/a><\/li>\n<\/ul>\n<a class=\"mwm-aal-item\" name=\"salario-minimo-2026\"><\/a><h6><span style=\"font-size: 12pt;\"><a id=\"SMI\"><\/a>Salario m\u00ednimo 2026<\/span><\/h6>\n<p>Real Decreto 126\/2026, de 18 de febrero, por el que se fija el salario m\u00ednimo interprofesional para 2026.<\/p>\n<p><span style=\"color: #0000ff;\"><strong>Resumen:<\/strong>\u00a0El salario m\u00ednimo queda fijado en 40,70 euros\/d\u00eda o 1.221 euros\/mes, con efectos entre el 1 de enero y el 31 de diciembre de 2026. La disposici\u00f3n transitoria determina aspectos no laborales a los que no se aplica. Si hay prorrateo de pagas extraordinarias, el SMI asciende a 1.424,50 euros al mes.<\/span><\/p>\n<p>En la\u00a0<strong>Exposici\u00f3n de Motivos<\/strong>\u00a0se indica que supone un\u00a0<strong>incremento del<\/strong>\u00a0tres<strong> con diez por ciento (3,10%)<\/strong>\u00a0respecto al salario m\u00ednimo interprofesional (SMI) de 1184 euros al mes, vigente durante 2025, fijado en el\u00a0<a href=\"https:\/\/www.boe.es\/buscar\/act.php?id=BOE-A-2025-2576\">Real Decreto 87\/2025, de 11 de febrero,<\/a> prorrogado hasta el presente. Indica tambi\u00e9n que este aumento progresivo mantiene y consolida el objetivo establecido por el Comit\u00e9 Europeo de Derechos Sociales cuando estima que el SMI debe alcanzar el 60\u202f% del salario medio. Supone 37 euros m\u00e1s por cada paga (de 14).<\/p>\n<p>Las nuevas cuant\u00edas se aplican retroactivamente\u00a0<strong>desde el\u00a01 de enero de\u00a02026<\/strong>, tanto para las personas trabajadoras que son fijas como para aquellas con contratos de trabajo de duraci\u00f3n determinada cuyos servicios a una misma empresa no excedan de ciento veinte d\u00edas, as\u00ed como para las personas empleadas de hogar.<\/p>\n<p>Este RD se publica en ejecuci\u00f3n de lo dispuesto en el\u00a0<a href=\"https:\/\/www.boe.es\/buscar\/act.php?id=BOE-A-2015-11430#a27\">art\u00edculo 27.1<\/a>\u00a0del\u00a0<strong>Estatuto de los Trabajadores<\/strong>.<\/p>\n<p>Seg\u00fan el\u00a0<a href=\"https:\/\/www.boe.es\/buscar\/act.php?id=BOE-A-2026-3815#a1\">art\u00edculo\u00a01<\/a>, el salario m\u00ednimo para cualesquiera actividades en la agricultura, en la industria y en los servicios, sin distinci\u00f3n de sexo ni edad de los trabajadores, queda fijado en\u00a0<strong>40,70 euros\/d\u00eda o 1221 euros\/mes,<\/strong>\u00a0seg\u00fan el salario est\u00e9 fijado por d\u00edas o por meses.<\/p>\n<p>En el salario m\u00ednimo se computa\u00a0<strong>\u00fanicamente la retribuci\u00f3n en dinero<\/strong>, sin que el salario en especie pueda, en ning\u00fan caso, dar lugar a la minoraci\u00f3n de la cuant\u00eda \u00edntegra en dinero de aquel.<\/p>\n<p>Este salario se entiende referido a la jornada legal de trabajo en cada actividad<strong>, sin incluir en el caso del salario diario la parte proporcional de los domingos y festivos<\/strong>. Si se realizase jornada inferior se percibir\u00e1 a prorrata.<\/p>\n<p>Para la aplicaci\u00f3n en\u00a0<strong>c\u00f3mputo anual<\/strong>\u00a0del salario m\u00ednimo, se tendr\u00e1n en cuenta las reglas sobre\u00a0<strong>compensaci\u00f3n<\/strong>\u00a0que se establecen en los art\u00edculos siguientes.<\/p>\n<p>Seg\u00fan el\u00a0<a href=\"https:\/\/www.boe.es\/buscar\/act.php?id=BOE-A-2026-3815#a2\">art\u00edculo 2<\/a>, al salario m\u00ednimo consignado en el art\u00edculo\u00a01 se adicionar\u00e1n los\u00a0<strong>complementos salariales<\/strong>\u00a0del\u00a0<a href=\"https:\/\/www.boe.es\/buscar\/act.php?id=BOE-A-2015-11430#a26\">art. 26.3 ET<\/a>, seg\u00fan lo establecido en los convenios colectivos y contratos de trabajo, as\u00ed como el importe correspondiente al incremento garantizado sobre el salario a tiempo en la remuneraci\u00f3n a prima o con\u00a0<strong>incentivo a la producci\u00f3n<\/strong>.<\/p>\n<p>El\u00a0<a href=\"https:\/\/www.boe.es\/buscar\/act.php?id=BOE-A-2026-3815#a3\">art\u00edculo 3<\/a>\u00a0regula la\u00a0<strong>compensaci\u00f3n y absorci\u00f3n en c\u00f3mputo anual<\/strong>\u00a0por los salarios profesionales del incremento del SMI, a efectos de aplicar el \u00faltimo p\u00e1rrafo del\u00a0<a href=\"https:\/\/www.boe.es\/buscar\/act.php?id=BOE-A-2015-11430#a27\">art\u00edculo\u00a027.1 ET<\/a>\u00a0(no afectar\u00eda a los salarios profesionales cuando estos, en su conjunto y c\u00f3mputo anual, fueran superiores a aquel: 17 094 euros).<\/p>\n<p>El\u00a0<a href=\"https:\/\/www.boe.es\/buscar\/act.php?id=BOE-A-2026-3815#a4\">art\u00edculo 4<\/a>\u00a0se dedica a los trabajadores\u00a0<strong>con contratos de trabajo de duraci\u00f3n determinada cuyos servicios a una misma empresa no excedan de ciento veinte d\u00edas y personas empleadas de hogar\u00a0<\/strong>(con una retribuci\u00f3n m\u00ednima, s\u00ed es por horas en r\u00e9gimen externo, de <strong>9,55 euros por hora<\/strong> efectivamente trabajada).<\/p>\n<p>El real decreto incorpora reglas de excepci\u00f3n en una\u00a0<a href=\"https:\/\/www.boe.es\/buscar\/act.php?id=BOE-A-2026-3815#dt\"><strong>disposici\u00f3n transitoria \u00fanica<\/strong><\/a> con el objetivo de\u00a0<strong>evitar<\/strong>\u00a0que el incremento del salario m\u00ednimo interprofesional provoque\u00a0<strong>distorsiones<\/strong>\u00a0econ\u00f3micas o consecuencias no queridas\u00a0<strong>en los \u00e1mbitos no laborales<\/strong>\u00a0que utilizan el SMI a sus propios efectos.<\/p>\n<p>\u00a0Conforme a dicha\u00a0D.Tr., las nuevas cuant\u00edas del SMI que se establecen en este real decreto\u00a0<strong>no ser\u00e1n de aplicaci\u00f3n:<\/strong><\/p>\n<p style=\"text-align: justify;\">a) A las normas vigentes a la fecha de su entrada en vigor de las CCAA, Ceuta y Melilla y de las entidades que integran la administraci\u00f3n local que utilicen el SMI como\u00a0<strong>indicador o referencia del nivel de renta\u00a0<\/strong>para determinar la cuant\u00eda de determinadas prestaciones o para acceder a determinadas prestaciones, beneficios o servicios p\u00fablicos, salvo disposici\u00f3n expresa en contrario.<\/p>\n<p style=\"text-align: justify;\">b) A cualesquiera\u00a0<strong>contratos\u00a0<\/strong>y pactos de naturaleza privada vigentes que utilicen el SMI como referencia a cualquier efecto, salvo que las partes acuerden la aplicaci\u00f3n de las nuevas cuant\u00edas.<\/p>\n<p>En estos supuestos a) y b), salvo disposici\u00f3n o acuerdo en contrario, la cuant\u00eda del SMI se entender\u00e1 referida durante 2026 a la que estaba vigente a la entrada en vigor de este real decreto.<\/p>\n<p>No obstante, deban ser\u00a0<strong>modificados los salarios<\/strong>\u00a0establecidos en contratos o pactos de naturaleza privada inferiores en su conjunto y en c\u00f3mputo anual a las cuant\u00edas del SMI que se establecen para 2026 para asegurar la percepci\u00f3n de dichas cuant\u00edas, siendo de aplicaci\u00f3n las reglas sobre compensaci\u00f3n y absorci\u00f3n que se establecen en el\u00a0<a href=\"https:\/\/www.boe.es\/buscar\/act.php?id=BOE-A-2026-3815#a3\">art\u00edculo 3.<\/a><\/p>\n<p><strong>Entrada en vigor y periodo de vigencia.\u00a0<\/strong>Este real decreto entr\u00f3 en vigor el 20 de febrero de 2026, pero surtir\u00e1\u00a0<strong>efectos durante el per\u00edodo comprendido entre el\u00a01 de enero y el\u00a031 de diciembre de\u00a02026<\/strong>, procediendo, en consecuencia, el abono del salario m\u00ednimo en el mismo establecido con efectos del\u00a01 de enero de\u00a02026.\u00a0<a href=\"https:\/\/www.boe.es\/buscar\/act.php?id=BOE-A-2026-3815#df-3\">D.F. 3\u00aa<\/a><\/p>\n<p><strong>Nota:<\/strong> El salario m\u00ednimo interprofesional <strong>anual bruto<\/strong> queda fijado pues en <strong>17.094 euros<\/strong>, que es el resultado de multiplicar 1.221 euros por 14 pagas. Si en la n\u00f3mina mensual\u00a0<strong>se prorratean las dos pagas extraordinarias<\/strong>, el salario m\u00ednimo bruto mensual ser\u00e1 de 1.221 euros por 14 pagas, dividido por 12, que da como resultado\u00a0<strong>1.424,50 euros mensuales.<\/strong><\/p>\n<p>Ir a la\u00a0<strong><a href=\"https:\/\/www.notariosyregistradores.com\/web\/normas\/concretas\/salario-minimo-interprofesional-2026\/\">p\u00e1gina especial<\/a>.<\/strong><\/p>\n<div class=\"enlacesDoc\">\n<ul>\n<li class=\"puntoPDF\"><a title=\"PDF firmado BOE-A-2026-3815\" href=\"https:\/\/www.boe.es\/boe\/dias\/2026\/02\/19\/pdfs\/BOE-A-2026-3815.pdf\">PDF (BOE-A-2026-3815 &#8211; 4\u00a0<abbr title=\"p\u00e1ginas\">p\u00e1gs.<\/abbr>\u00a0&#8211; 219\u00a0<abbr title=\"kilobytes\">KB<\/abbr>) <\/a><a title=\"Versi\u00f3n HTML BOE-A-2026-3815\" href=\"https:\/\/www.boe.es\/diario_boe\/txt.php?id=BOE-A-2026-3815\">Otros formatos<\/a><\/li>\n<\/ul>\n<a class=\"mwm-aal-item\" name=\"reglamento-de-fundaciones-consejo-superior-de-fundaciones\"><\/a><h6><span style=\"font-size: 12pt;\">Reglamento de fundaciones: Consejo Superior de Fundaciones<\/span><\/h6>\n<p>Real Decreto 125\/2026, de 18 de febrero, por el que se modifica el Reglamento de fundaciones de competencia estatal, aprobado por el Real Decreto 1337\/2005, de 11 de noviembre, en relaci\u00f3n con el Consejo Superior de Fundaciones.<\/p>\n<p><span style=\"color: #0000ff;\"><strong>Resumen:<\/strong> Se modifica la composici\u00f3n y adscripci\u00f3n del Consejo Superior de Fundaciones, cuya creaci\u00f3n est\u00e1 prevista desde 2002, pero que todav\u00eda no ha llegado a materializarse, con car\u00e1cter previo a su efectiva constituci\u00f3n.<\/span><\/p>\n<p>La <strong>creaci\u00f3n del Consejo Superior de Fundaciones<\/strong> est\u00e1 prevista en el <a href=\"https:\/\/www.boe.es\/buscar\/act.php?id=BOE-A-2002-25180#a38\">art\u00edculo\u00a038<\/a> de la Ley\u00a050\/2002, de\u00a026 de diciembre, de Fundaciones, que lo configura como un <strong>\u00f3rgano de car\u00e1cter consultivo<\/strong>. Estar\u00e1 integrado por representantes de la Administraci\u00f3n General del Estado, de las comunidades aut\u00f3nomas y de las fundaciones, atendiendo especialmente a la existencia de asociaciones de fundaciones con implantaci\u00f3n estatal y, se regir\u00e1 por las normas que reglamentariamente se establezcan sobre su estructura y composici\u00f3n.<\/p>\n<p>En cumplimiento de este mandato legal, los <strong><a href=\"https:\/\/www.boe.es\/buscar\/act.php?id=BOE-A-2005-19154#a49\">art\u00edculos\u00a049 al 55<\/a> del Reglamento<\/strong> de fundaciones de competencia estatal, aprobado por el Real Decreto\u00a01337\/2005, de\u00a011 de noviembre, vienen a regular la <strong>estructura, composici\u00f3n y funciones del Consejo Superior de Fundaciones<\/strong>.<\/p>\n<p>Sus <strong>funciones<\/strong> consisten en<\/p>\n<p>&#8211; <strong>asesorar e informar sobre cualquier disposici\u00f3n<\/strong> legal o reglamentaria de car\u00e1cter estatal que afecte directamente a las fundaciones,<\/p>\n<p>&#8211; <strong>formular propuestas<\/strong> en este \u00e1mbito,<\/p>\n<p>&#8211; <strong>informar<\/strong> sobre tales asuntos cuando le sean <strong>consultados<\/strong> por los Consejos de Gobierno de las <strong>comunidades aut\u00f3nomas,<\/strong><\/p>\n<p>&#8211; planificaci\u00f3n y propuesta de las actuaciones necesarias para la <strong>promoci\u00f3n y fomento<\/strong> de las fundaciones y realizar los estudios precisos al efecto<\/p>\n<p>&#8211; y las <strong>dem\u00e1s funciones<\/strong> que le puedan atribuir otras normas.<\/p>\n<p>En los m\u00e1s de 20 a\u00f1os transcurridos, el sector fundacional en Espa\u00f1a ha crecido a un importante ritmo, con un gran aumento de su impacto econ\u00f3mico y social, existiendo en la actualidad <strong>5.152 fundaciones<\/strong> inscritas en el Registro de Fundaciones de competencia estatal.<\/p>\n<p>Ello hace m\u00e1s necesaria todav\u00eda la constituci\u00f3n efectiva del Consejo Superior de Fundaciones, pero siendo necesario, <strong>con car\u00e1cter previo<\/strong> realizar algunas modificaciones en el Reglamento, referidas a su adscripci\u00f3n, composici\u00f3n y estructura.<\/p>\n<p>Respecto a la <strong>adscripci\u00f3n<\/strong>, se concreta que lo es \u201cal Ministerio competente en materia de pol\u00edtica territorial\u201d (<a href=\"https:\/\/www.boe.es\/buscar\/act.php?id=BOE-A-2005-19154#a49\">art. 49<\/a>).<\/p>\n<p>En cuanto a su <strong>composici\u00f3n<\/strong>, en el Pleno del Consejo habr\u00e1 <strong>30 vocal\u00edas<\/strong>, designadas por la presidencia del Consejo, que se concretan en el art\u00edculo 51:<\/p>\n<p>a)\u2003<strong>Diez personas<\/strong> en representaci\u00f3n de la <strong>Administraci\u00f3n General del Estado<\/strong>, con rango al menos, de director\/a general,<\/p>\n<p>b)\u2003<strong>Diez personas<\/strong> representantes de las <strong>comunidades aut\u00f3nomas<\/strong>, con rango al menos, de director\/a general, para un per\u00edodo de dos a\u00f1os.<\/p>\n<p>c)\u2003<strong>Diez personas<\/strong> representantes de las <strong>fundaciones<\/strong>, para un per\u00edodo de cuatro a\u00f1os. De ellas, cuatro personas, propuestas por asociaciones de fundaciones con implantaci\u00f3n estatal, dos ser\u00e1n propuestas por asociaciones de fundaciones de \u00e1mbito auton\u00f3mico y cuatro por las fundaciones no integradas en asociaciones.<\/p>\n<p>Se <strong>modifican tambi\u00e9n:<\/strong><\/p>\n<p>&#8211; el art\u00edculo\u00a052\u00a0del reglamento relativo a <strong>las vocal\u00edas representantes de las fundaciones<\/strong>, en cuanto a la convocatoria p\u00fablica para la propuesta de candidaturas,<\/p>\n<p>&#8211; los art\u00edculos\u00a053 y\u00a054 que regulan, respectivamente, la Comisi\u00f3n Permanente y la Comisi\u00f3n de Cooperaci\u00f3n e Informaci\u00f3n Registral, como \u00f3rganos de apoyo al Consejo Superior de Fundaciones.<\/p>\n<p>&#8211; y el art\u00edculo\u00a055, sobre el funcionamiento del Consejo para adecuarlo a la normativa vigente, haci\u00e9ndose ahora referencia a la actual Ley del Sector P\u00fablico.<\/p>\n<p>Tambi\u00e9n se a\u00f1ade una <strong>nueva <a href=\"https:\/\/www.boe.es\/buscar\/act.php?id=BOE-A-2005-19154#da\">disposici\u00f3n adicional cuarta<\/a><\/strong> al reglamento, para crear la <strong>Comisi\u00f3n de Selecci\u00f3n de las vocal\u00edas<\/strong> del Consejo Superior de Fundaciones en representaci\u00f3n de las fundaciones.<\/p>\n<p>Este RD <strong>entr\u00f3 en vigor<\/strong> el 26 de febrero de 2026.<\/p>\n<div class=\"enlacesDoc\">\n<ul>\n<li class=\"puntoPDF\"><a title=\"PDF firmado BOE-A-2026-4279\" href=\"https:\/\/www.boe.es\/boe\/dias\/2026\/02\/25\/pdfs\/BOE-A-2026-4279.pdf\">PDF (BOE-A-2026-4279 &#8211; 9\u00a0<abbr title=\"p\u00e1ginas\">p\u00e1gs.<\/abbr>\u00a0&#8211; 239\u00a0<abbr title=\"kilobytes\">KB<\/abbr>)<\/a> <a title=\"Versi\u00f3n HTML BOE-A-2026-4279\" href=\"https:\/\/www.boe.es\/diario_boe\/txt.php?id=BOE-A-2026-4279\">Otros formatos<\/a><\/li>\n<\/ul>\n<\/div>\n<\/div>\n<\/div>\n<\/div>\n<\/div>\n<a class=\"mwm-aal-item\" name=\"disposiciones-autonomicas\"><\/a><h6 style=\"text-align: justify;\"><strong style=\"font-size: 0.857143rem;\"><span style=\"font-size: 12pt;\">Disposiciones auton\u00f3micas<\/span><\/strong><\/h6>\n<\/div>\n<\/div>\n<\/div>\n<\/div>\n<\/div>\n<\/div>\n<\/div>\n<\/div>\n<\/div>\n<\/div>\n<\/div>\n<\/div>\n<\/div>\n<\/div>\n<\/div>\n<\/div>\n<\/div>\n<\/div>\n<\/div>\n<div class=\"enlacesDoc\" style=\"text-align: justify;\">\n<div class=\"enlacesDoc\">\n<div class=\"enlacesDoc\">\n<div class=\"enlacesDoc\">\n<div class=\"enlacesDoc\">\n<div class=\"enlacesDoc\">\n<div class=\"enlacesDoc\">\n<div class=\"enlacesDoc\">\n<div class=\"enlacesDoc\">\n<div class=\"enlacesDoc\">\n<div class=\"enlacesDoc\">\n<div class=\"enlacesDoc\">\n<div class=\"enlacesDoc\">\n<p style=\"text-align: justify;\"><span style=\"color: #0000ff;\"><strong>Resumen:<\/strong> Normativa de Asturias (presupuestos), Canarias (arbolado, universidades populares), Catalu\u00f1a (Agencia de Atenci\u00f3n Integrada Social y Sanitaria, funci\u00f3n p\u00fablica), Galicia (deporte, presupuestos, medidas fiscales y administrativas, conductas adictivas), Madrid (Hacienda, presupuestos), Navarra (medidas tributarias, imposici\u00f3n para los grupos multinacionales y nacionales grandes, Haciendas Locales).<\/span><\/p>\n<p style=\"text-align: justify;\"><strong>Asturias. <\/strong>Ley del Principado de Asturias 5\/2025, de 31 de diciembre, de Presupuestos Generales para 2026.<\/p>\n<div class=\"enlacesDoc\">\n<ul style=\"text-align: justify;\">\n<li class=\"puntoPDF\"><a title=\"PDF firmado BOE-A-2026-2888\" href=\"https:\/\/www.boe.es\/boe\/dias\/2026\/02\/09\/pdfs\/BOE-A-2026-2888.pdf\">PDF (BOE-A-2026-2888 &#8211; 55\u00a0<abbr title=\"p\u00e1ginas\">p\u00e1gs.<\/abbr>\u00a0&#8211; 845\u00a0<abbr title=\"kilobytes\">KB<\/abbr>)<\/a> \u00a0<a title=\"Versi\u00f3n HTML BOE-A-2026-2888\" href=\"https:\/\/www.boe.es\/diario_boe\/txt.php?id=BOE-A-2026-2888\">Otros formatos<\/a><\/li>\n<\/ul>\n<p style=\"text-align: justify;\"><strong>Canarias.\u00a0<\/strong>Ley 7\/2025, de 16 de diciembre, de protecci\u00f3n del arbolado urbano y del arbolado de especial protecci\u00f3n de Canarias.<\/p>\n<div class=\"enlacesDoc\">\n<ul style=\"text-align: justify;\">\n<li class=\"puntoPDF\"><a title=\"PDF firmado BOE-A-2026-3012\" href=\"https:\/\/www.boe.es\/boe\/dias\/2026\/02\/10\/pdfs\/BOE-A-2026-3012.pdf\">PDF (BOE-A-2026-3012 &#8211; 6\u00a0<abbr title=\"p\u00e1ginas\">p\u00e1gs.<\/abbr>\u00a0&#8211; 223\u00a0<abbr title=\"kilobytes\">KB<\/abbr>)<\/a> <a title=\"Versi\u00f3n HTML BOE-A-2026-3012\" href=\"https:\/\/www.boe.es\/diario_boe\/txt.php?id=BOE-A-2026-3012\">Otros formatos<\/a><\/li>\n<\/ul>\n<p style=\"text-align: justify;\"><strong>Canarias.\u00a0<\/strong>Ley 8\/2025, de 16 de diciembre, de Universidades Populares de Canarias.<\/p>\n<div class=\"enlacesDoc\">\n<ul style=\"text-align: justify;\">\n<li class=\"puntoPDF\" style=\"text-align: justify;\"><a title=\"PDF firmado BOE-A-2026-3013\" href=\"https:\/\/www.boe.es\/boe\/dias\/2026\/02\/10\/pdfs\/BOE-A-2026-3013.pdf\">PDF (BOE-A-2026-3013 &#8211; 11\u00a0<abbr title=\"p\u00e1ginas\">p\u00e1gs.<\/abbr>\u00a0&#8211; 257\u00a0<abbr title=\"kilobytes\">KB<\/abbr>)<\/a> <a title=\"Versi\u00f3n HTML BOE-A-2026-3013\" href=\"https:\/\/www.boe.es\/diario_boe\/txt.php?id=BOE-A-2026-3013\">Otros formatos<\/a><\/li>\n<\/ul>\n<p><strong>Catalu\u00f1a.<\/strong> Ley 10\/2025, de 26 de noviembre, de la Agencia de Atenci\u00f3n Integrada Social y Sanitaria de Catalu\u00f1a.<\/p>\n<div class=\"enlacesDoc\">\n<ul>\n<li class=\"puntoPDF\"><a title=\"PDF firmado BOE-A-2026-3382\" href=\"https:\/\/www.boe.es\/boe\/dias\/2026\/02\/14\/pdfs\/BOE-A-2026-3382.pdf\">PDF (BOE-A-2026-3382 &#8211; 22\u00a0<abbr title=\"p\u00e1ginas\">p\u00e1gs.<\/abbr>\u00a0&#8211; 318\u00a0<abbr title=\"kilobytes\">KB<\/abbr>)<\/a> <a title=\"Versi\u00f3n HTML BOE-A-2026-3382\" href=\"https:\/\/www.boe.es\/diario_boe\/txt.php?id=BOE-A-2026-3382\">Otros formatos<\/a><\/li>\n<\/ul>\n<p><strong>Catalu\u00f1a.<\/strong> Ley 1\/2026, de 4 de febrero, de modificaci\u00f3n del texto \u00fanico de la Ley de la funci\u00f3n p\u00fablica de la Administraci\u00f3n de la Generalitat de Catalunya aprobado por el Decreto Legislativo 1\/1997.<\/p>\n<div class=\"enlacesDoc\">\n<ul>\n<li class=\"puntoPDF\"><a title=\"PDF firmado BOE-A-2026-3909\" href=\"https:\/\/www.boe.es\/boe\/dias\/2026\/02\/20\/pdfs\/BOE-A-2026-3909.pdf\">PDF (BOE-A-2026-3909 &#8211; 3\u00a0<abbr title=\"p\u00e1ginas\">p\u00e1gs.<\/abbr>\u00a0&#8211; 193\u00a0<abbr title=\"kilobytes\">KB<\/abbr>)<\/a> <a title=\"Versi\u00f3n HTML BOE-A-2026-3909\" href=\"https:\/\/www.boe.es\/diario_boe\/txt.php?id=BOE-A-2026-3909\">Otros formatos<\/a><\/li>\n<\/ul>\n<\/div>\n<\/div>\n<div class=\"enlacesDoc\">\n<p><strong>Galicia.<\/strong> Ley 3\/2025, de 15 de diciembre, de modificaci\u00f3n de la Ley 3\/2012, de 2 de abril, del deporte de Galicia.<\/p>\n<div class=\"enlacesDoc\">\n<ul>\n<li class=\"puntoPDF\"><a title=\"PDF firmado BOE-A-2026-3383\" href=\"https:\/\/www.boe.es\/boe\/dias\/2026\/02\/14\/pdfs\/BOE-A-2026-3383.pdf\">PDF (BOE-A-2026-3383 &#8211; 6\u00a0<abbr title=\"p\u00e1ginas\">p\u00e1gs.<\/abbr>\u00a0&#8211; 222\u00a0<abbr title=\"kilobytes\">KB<\/abbr>)<\/a> <a title=\"Versi\u00f3n HTML BOE-A-2026-3383\" href=\"https:\/\/www.boe.es\/diario_boe\/txt.php?id=BOE-A-2026-3383\">Otros formatos<\/a><\/li>\n<\/ul>\n<\/div>\n<p><strong>Galicia.<\/strong> Ley 4\/2025, de 23 de diciembre, de presupuestos generales de la Comunidad Aut\u00f3noma de Galicia para el a\u00f1o 2026.<\/p>\n<div class=\"enlacesDoc\">\n<ul>\n<li class=\"puntoPDF\"><a title=\"PDF firmado BOE-A-2026-3384\" href=\"https:\/\/www.boe.es\/boe\/dias\/2026\/02\/14\/pdfs\/BOE-A-2026-3384.pdf\">PDF (BOE-A-2026-3384 &#8211; 80\u00a0<abbr title=\"p\u00e1ginas\">p\u00e1gs.<\/abbr>\u00a0&#8211; 1.270\u00a0<abbr title=\"kilobytes\">KB<\/abbr>)<\/a> <a title=\"Versi\u00f3n HTML BOE-A-2026-3384\" href=\"https:\/\/www.boe.es\/diario_boe\/txt.php?id=BOE-A-2026-3384\">Otros formatos<\/a><\/li>\n<\/ul>\n<\/div>\n<p><strong>Galicia.<\/strong> Ley 5\/2025, de 23 de diciembre, de medidas fiscales y administrativas.<\/p>\n<div class=\"enlacesDoc\">\n<ul>\n<li class=\"puntoPDF\"><a title=\"PDF firmado BOE-A-2026-3385\" href=\"https:\/\/www.boe.es\/boe\/dias\/2026\/02\/14\/pdfs\/BOE-A-2026-3385.pdf\">PDF (BOE-A-2026-3385 &#8211; 169\u00a0<abbr title=\"p\u00e1ginas\">p\u00e1gs.<\/abbr>\u00a0&#8211; 1.331\u00a0<abbr title=\"kilobytes\">KB<\/abbr>)<\/a> <a title=\"Versi\u00f3n HTML BOE-A-2026-3385\" href=\"https:\/\/www.boe.es\/diario_boe\/txt.php?id=BOE-A-2026-3385\">Otros formatos<\/a><\/li>\n<\/ul>\n<\/div>\n<p><strong>Galicia.<\/strong> Ley 6\/2025, de 23 de diciembre, de protecci\u00f3n de la salud de las personas menores y prevenci\u00f3n de las conductas adictivas.<\/p>\n<div class=\"enlacesDoc\">\n<ul>\n<li class=\"puntoPDF\"><a title=\"PDF firmado BOE-A-2026-3386\" href=\"https:\/\/www.boe.es\/boe\/dias\/2026\/02\/14\/pdfs\/BOE-A-2026-3386.pdf\">PDF (BOE-A-2026-3386 &#8211; 40\u00a0<abbr title=\"p\u00e1ginas\">p\u00e1gs.<\/abbr>\u00a0&#8211; 430\u00a0<abbr title=\"kilobytes\">KB<\/abbr>)<\/a> <a title=\"Versi\u00f3n HTML BOE-A-2026-3386\" href=\"https:\/\/www.boe.es\/diario_boe\/txt.php?id=BOE-A-2026-3386\">Otros formatos<\/a><\/li>\n<\/ul>\n<p style=\"text-align: justify;\"><strong>Madrid.<\/strong> Ley 5\/2025, de 23 de diciembre, de Hacienda de la Comunidad de Madrid.<\/p>\n<div class=\"enlacesDoc\" style=\"text-align: justify;\">\n<ul>\n<li class=\"puntoPDF\"><a title=\"PDF firmado BOE-A-2026-3217\" href=\"https:\/\/www.boe.es\/boe\/dias\/2026\/02\/12\/pdfs\/BOE-A-2026-3217.pdf\">PDF (BOE-A-2026-3217 &#8211; 109\u00a0<abbr title=\"p\u00e1ginas\">p\u00e1gs.<\/abbr>\u00a0&#8211; 894\u00a0<abbr title=\"kilobytes\">KB<\/abbr>)<\/a> <a title=\"Versi\u00f3n HTML BOE-A-2026-3217\" href=\"https:\/\/www.boe.es\/diario_boe\/txt.php?id=BOE-A-2026-3217\">Otros formatos<\/a><\/li>\n<\/ul>\n<\/div>\n<p style=\"text-align: justify;\"><strong>Madrid.<\/strong> Ley 6\/2025, de 23 de diciembre, de Presupuestos Generales de la Comunidad de Madrid para el a\u00f1o 2026.<\/p>\n<div class=\"enlacesDoc\">\n<ul>\n<li class=\"puntoPDF\"><a title=\"PDF firmado BOE-A-2026-3218\" href=\"https:\/\/www.boe.es\/boe\/dias\/2026\/02\/12\/pdfs\/BOE-A-2026-3218.pdf\">PDF (BOE-A-2026-3218 &#8211; 72\u00a0<abbr title=\"p\u00e1ginas\">p\u00e1gs.<\/abbr>\u00a0&#8211; 722\u00a0<abbr title=\"kilobytes\">KB<\/abbr>)<\/a> <a title=\"Versi\u00f3n HTML BOE-A-2026-3218\" href=\"https:\/\/www.boe.es\/diario_boe\/txt.php?id=BOE-A-2026-3218\">Otros formatos<\/a><\/li>\n<\/ul>\n<p><strong>Navarra.\u00a0<\/strong>Ley Foral 17\/2025, de 22 de diciembre, de modificaci\u00f3n de diversos impuestos y otras medidas tributarias.<\/p>\n<div class=\"enlacesDoc\">\n<ul>\n<li class=\"puntoPDF\"><a title=\"PDF firmado BOE-A-2026-3910\" href=\"https:\/\/www.boe.es\/boe\/dias\/2026\/02\/20\/pdfs\/BOE-A-2026-3910.pdf\">PDF (BOE-A-2026-3910 &#8211; 36\u00a0<abbr title=\"p\u00e1ginas\">p\u00e1gs.<\/abbr>\u00a0&#8211; 519\u00a0<abbr title=\"kilobytes\">KB<\/abbr>)<\/a> <a title=\"Versi\u00f3n HTML BOE-A-2026-3910\" href=\"https:\/\/www.boe.es\/diario_boe\/txt.php?id=BOE-A-2026-3910\">Otros formatos<\/a><\/li>\n<\/ul>\n<\/div>\n<p><strong>Navarra. <\/strong>Ley Foral 18\/2025, de 22 de diciembre, del impuesto complementario para garantizar un nivel m\u00ednimo global de imposici\u00f3n para los grupos multinacionales y los grupos nacionales de gran magnitud.<\/p>\n<div class=\"enlacesDoc\">\n<ul>\n<li class=\"puntoPDF\"><a title=\"PDF firmado BOE-A-2026-3911\" href=\"https:\/\/www.boe.es\/boe\/dias\/2026\/02\/20\/pdfs\/BOE-A-2026-3911.pdf\">PDF (BOE-A-2026-3911 &#8211; 80\u00a0<abbr title=\"p\u00e1ginas\">p\u00e1gs.<\/abbr>\u00a0&#8211; 666\u00a0<abbr title=\"kilobytes\">KB<\/abbr>)<\/a> <a title=\"Versi\u00f3n HTML BOE-A-2026-3911\" href=\"https:\/\/www.boe.es\/diario_boe\/txt.php?id=BOE-A-2026-3911\">Otros formatos<\/a><\/li>\n<\/ul>\n<p><strong>Navarra. <\/strong>Ley Foral 1\/2026, de 13 de febrero, de modificaci\u00f3n de la Ley Foral 2\/1995, de 10 de marzo, de Haciendas Locales de Navarra.<\/p>\n<div class=\"enlacesDoc\">\n<ul>\n<li class=\"puntoPDF\"><a title=\"PDF firmado BOE-A-2026-4524\" href=\"https:\/\/www.boe.es\/boe\/dias\/2026\/02\/27\/pdfs\/BOE-A-2026-4524.pdf\">PDF (BOE-A-2026-4524 &#8211; 4\u00a0<abbr title=\"p\u00e1ginas\">p\u00e1gs.<\/abbr>\u00a0&#8211; 203\u00a0<abbr title=\"kilobytes\">KB<\/abbr>)<\/a> <a title=\"Versi\u00f3n HTML BOE-A-2026-4524\" href=\"https:\/\/www.boe.es\/diario_boe\/txt.php?id=BOE-A-2026-4524\">Otros formatos<\/a><\/li>\n<\/ul>\n<\/div>\n<\/div>\n<\/div>\n<\/div>\n<\/div>\n<\/div>\n<\/div>\n<\/div>\n<\/div>\n<\/div>\n<div class=\"enlacesDoc\">\n<div class=\"enlacesDoc\">\n<a class=\"mwm-aal-item\" name=\"tribunal-constitucional\"><\/a><h6><span style=\"font-size: 12pt;\">Tribunal Constitucional<\/span><\/h6>\n<p><span style=\"color: #0000ff;\"><strong>Resumen: Sentencias:<\/strong> Inadmisi\u00f3n de preguntas parlamentarias. \u00a0L\u00edmites de los decretos leyes. Inadmisi\u00f3n de iniciativas parlamentarias. Nombramiento de Fiscal anulado. <strong>Resto:<\/strong> Cantabria: grados de discapacidad. Actividad negociadora previa a la v\u00eda jurisdiccional. Conflicto Congreso &#8211; Senado: pr\u00f3rroga de enmiendas. Conflicto Congreso &#8211; Senado: no tramitaci\u00f3n de enmiendas. Conflicto por pr\u00f3rroga de presupuestos.<\/span><\/p>\n<\/div>\n<\/div>\n<\/div>\n<\/div>\n<\/div>\n<\/div>\n<\/div>\n<\/div>\n<\/div>\n<\/div>\n<\/div>\n<\/div>\n<\/div>\n<p style=\"text-align: justify;\"><strong>Cantabria: grados de discapacidad.<\/strong> Recurso de inconstitucionalidad n.\u00ba 9143-2025, contra el art\u00edculo 97 de la <a href=\"https:\/\/www.boe.es\/buscar\/act.php?id=BOE-A-2025-10884\" target=\"_blank\" rel=\"nofollow noopener noreferrer\">Ley 2\/2025, de 2 de abril,<\/a> de Simplificaci\u00f3n Administrativa de Cantabria, en cuanto incorpora los apartados 2, 3 y 4 a la nueva <a href=\"https:\/\/www.boe.es\/buscar\/act.php?id=BOE-A-2007-8186#da-5\">disposici\u00f3n adicional s\u00e9ptima<\/a> de la Ley de Cantabria 2\/2007, de 27 de marzo, de Derechos y Servicios Sociales.<\/p>\n<p style=\"text-align: justify;\">Los contenidos se a\u00f1aden a una disposici\u00f3n adicional que prev\u00e9, en el procedimiento de valoraci\u00f3n del grado de discapacidad, la posibilidad de que se dicten instrucciones para facilitar la homogeneidad de las valoraciones efectuadas, regulando determinadas presunciones de equivalencia.<\/p>\n<div class=\"enlacesDoc\">\n<div class=\"enlacesDoc\" style=\"text-align: justify;\">\n<div class=\"enlacesDoc\">\n<div class=\"enlacesDoc\">\n<div class=\"enlacesDoc\">\n<div class=\"enlacesDoc\">\n<div class=\"enlacesDoc\">\n<ul>\n<li class=\"puntoPDF\"><a title=\"PDF firmado BOE-A-2026-2551\" href=\"https:\/\/www.boe.es\/boe\/dias\/2026\/02\/04\/pdfs\/BOE-A-2026-2551.pdf\">PDF (BOE-A-2026-2551 &#8211; 1\u00a0<abbr title=\"p\u00e1gina\">p\u00e1g.<\/abbr>\u00a0&#8211; 188\u00a0<abbr title=\"kilobytes\">KB<\/abbr>)<\/a> <a title=\"Versi\u00f3n HTML BOE-A-2026-2551\" href=\"https:\/\/www.boe.es\/diario_boe\/txt.php?id=BOE-A-2026-2551\">Otros formatos<\/a><\/li>\n<\/ul>\n<p><strong>Actividad negociadora previa a la v\u00eda jurisdiccional.<\/strong> Cuesti\u00f3n de inconstitucionalidad n.\u00ba 8318-2025, en relaci\u00f3n con el <a href=\"https:\/\/www.boe.es\/buscar\/act.php?id=BOE-A-2025-76#a5\" target=\"_blank\" rel=\"nofollow noopener noreferrer\">art\u00edculo 5.2<\/a> de la Ley Org\u00e1nica 1\/2025, de 2 de enero, de medidas en materia de eficiencia del Servicio P\u00fablico de Justicia.<\/p>\n<p>El Pleno del Tribunal Constitucional ha acordado admitir a tr\u00e1mite la cuesti\u00f3n de inconstitucionalidad planteada por la Plaza n.\u00ba 1 de la Secci\u00f3n Civil y de Instrucci\u00f3n del T<strong>ribunal de Instancia de Valencia de Alc\u00e1ntara<\/strong>, en el <strong>procedimiento de modificaci\u00f3n de medidas en supuesto contencioso<\/strong>, en relaci\u00f3n con el <a href=\"https:\/\/www.boe.es\/buscar\/act.php?id=BOE-A-2025-76#a5\">art\u00edculo 5.2<\/a> de la Ley Org\u00e1nica 1\/2025, de 2 de enero, de medidas en materia de eficiencia del Servicio P\u00fablico de Justicia, reserv\u00e1ndose para s\u00ed el conocimiento de la presente cuesti\u00f3n.<\/p>\n<p>El art. 5.2 LO 1\/2025 dice:<\/p>\n<p class=\"parrafo\"><em>\u00ab2. Se exigir\u00e1 actividad negociadora previa a la v\u00eda jurisdiccional como<strong> requisito de procedibilidad en todos los procesos declarativos del libro II<\/strong> y en los <strong>procesos especiales<\/strong> del <a title=\"Abre nueva ventana\" href=\"https:\/\/www.boe.es\/buscar\/act.php?id=BOE-A-2000-323#liv\" target=\"_blank\" rel=\"noopener\">libro IV de la Ley 1\/2000, de 7 de enero<\/a>, de Enjuiciamiento Civil, con excepci\u00f3n de los que tengan por objeto las siguientes materias:<\/em><\/p>\n<p class=\"parrafo_2\"><em>a) la tutela judicial civil de derechos fundamentales;<\/em><\/p>\n<p class=\"parrafo\"><em>b) la adopci\u00f3n de las medidas previstas en el\u00a0<a title=\"Abre nueva ventana\" href=\"https:\/\/www.boe.es\/buscar\/act.php?id=BOE-A-1889-4763#art158\" target=\"_blank\" rel=\"noopener\">art\u00edculo 158 del C\u00f3digo Civil<\/a>;<\/em><\/p>\n<p class=\"parrafo\"><em>c) la adopci\u00f3n de medidas judiciales de apoyo a las personas con discapacidad;<\/em><\/p>\n<p class=\"parrafo\"><em>d) la filiaci\u00f3n, paternidad y maternidad;<\/em><\/p>\n<p class=\"parrafo\"><em>e) la tutela sumaria de la tenencia o de la posesi\u00f3n de una cosa o derecho por quien haya sido despojado de ellas o perturbado en su disfrute;<\/em><\/p>\n<p class=\"parrafo\"><em>f) la pretensi\u00f3n de que el tribunal resuelva, con car\u00e1cter sumario, la demolici\u00f3n o derribo de obra, edificio, \u00e1rbol, columna o cualquier otro objeto an\u00e1logo en estado de ruina y que amenace causar da\u00f1os a quien demande;<\/em><\/p>\n<p class=\"parrafo\"><em>g) el ingreso de menores con problemas de conducta en centros de protecci\u00f3n espec\u00edficos, la entrada en domicilios y restantes lugares para la ejecuci\u00f3n forzosa de medidas de protecci\u00f3n de menores o la restituci\u00f3n o retorno de menores en los supuestos de sustracci\u00f3n internacional;<\/em><\/p>\n<p class=\"parrafo\"><em>h) el juicio cambiario.\u00bb<\/em><\/p>\n<div class=\"enlacesDoc\">\n<ul>\n<li class=\"puntoPDF\"><a title=\"PDF firmado BOE-A-2026-3730\" href=\"https:\/\/www.boe.es\/boe\/dias\/2026\/02\/18\/pdfs\/BOE-A-2026-3730.pdf\">PDF (BOE-A-2026-3730 &#8211; 1\u00a0<abbr title=\"p\u00e1gina\">p\u00e1g.<\/abbr>\u00a0&#8211; 187\u00a0<abbr title=\"kilobytes\">KB<\/abbr>)<\/a> <a title=\"Versi\u00f3n HTML BOE-A-2026-3730\" href=\"https:\/\/www.boe.es\/diario_boe\/txt.php?id=BOE-A-2026-3730\">Otros formatos<\/a><\/li>\n<\/ul>\n<\/div>\n<p><strong>Conflicto Congreso &#8211; Senado: pr\u00f3rroga de enmiendas.\u00a0<\/strong>Conflicto entre \u00f3rganos constitucionales n.\u00ba 9117-2025, en relaci\u00f3n con la decisi\u00f3n de la Mesa del Congreso de los Diputados de no proceder a la inmediata conclusi\u00f3n de los plazos de enmiendas de todas las proposiciones de ley remitidas por el Senado que hayan superado la duraci\u00f3n de una \u00fanica pr\u00f3rroga, de conformidad con lo previsto en el art\u00edculo 91 del Reglamento del Congreso de los Diputados.<\/p>\n<div class=\"enlacesDoc\">\n<ul>\n<li class=\"puntoPDF\"><a title=\"PDF firmado BOE-A-2026-3731\" href=\"https:\/\/www.boe.es\/boe\/dias\/2026\/02\/18\/pdfs\/BOE-A-2026-3731.pdf\">PDF (BOE-A-2026-3731 &#8211; 1\u00a0<abbr title=\"p\u00e1gina\">p\u00e1g.<\/abbr>\u00a0&#8211; 186\u00a0<abbr title=\"kilobytes\">KB<\/abbr>)<\/a> <a title=\"Versi\u00f3n HTML BOE-A-2026-3731\" href=\"https:\/\/www.boe.es\/diario_boe\/txt.php?id=BOE-A-2026-3731\">Otros formatos<\/a><\/li>\n<\/ul>\n<p><strong>Conflicto Congreso &#8211; Senado: no tramitaci\u00f3n de enmiendas.\u00a0<\/strong>Conflicto entre \u00f3rganos constitucionales n.\u00ba 192-2026, en relaci\u00f3n con el acuerdo de la Mesa del Congreso de los Diputados, de 11 de noviembre de 2025, de no proceder a la tramitaci\u00f3n por el Pleno del Congreso de los Diputados de las enmiendas n\u00fameros 118 y 148 aprobadas por el Pleno del Senado por las que se incorporan un art\u00edculo 61 bis y una disposici\u00f3n transitoria und\u00e9cima al Proyecto de Ley de Movilidad Sostenible, por haber expresado el Gobierno su disconformidad con la tramitaci\u00f3n de las mismas.<\/p>\n<div class=\"enlacesDoc\">\n<ul>\n<li class=\"puntoPDF\"><a title=\"PDF firmado BOE-A-2026-3732\" href=\"https:\/\/www.boe.es\/boe\/dias\/2026\/02\/18\/pdfs\/BOE-A-2026-3732.pdf\">PDF (BOE-A-2026-3732 &#8211; 1\u00a0<abbr title=\"p\u00e1gina\">p\u00e1g.<\/abbr>\u00a0&#8211; 187\u00a0<abbr title=\"kilobytes\">KB<\/abbr><\/a> <a title=\"Versi\u00f3n HTML BOE-A-2026-3732\" href=\"https:\/\/www.boe.es\/diario_boe\/txt.php?id=BOE-A-2026-3732\">Otros formatos<\/a><\/li>\n<\/ul>\n<p><strong>Conflicto por pr\u00f3rroga de presupuestos.<\/strong>\u00a0Conflicto entre \u00f3rganos constitucionales n.\u00ba 8992-2025, en relaci\u00f3n con el incumplimiento del deber constitucional del Gobierno de presentar el Proyecto de Ley de Presupuestos Generales del Estado para los a\u00f1os 2024, 2025 y 2026, as\u00ed como en relaci\u00f3n con el uso que viene haci\u00e9ndose de las pr\u00f3rrogas presupuestarias durante los a\u00f1os 2024, 2025 y, en su caso, 2026, sin que sean aprobados nuevos presupuestos.<\/p>\n<div class=\"enlacesDoc\">\n<ul>\n<li class=\"puntoPDF\"><a title=\"PDF firmado BOE-A-2026-4670\" href=\"https:\/\/www.boe.es\/boe\/dias\/2026\/02\/28\/pdfs\/BOE-A-2026-4670.pdf\">PDF (BOE-A-2026-4670 &#8211; 1\u00a0<abbr title=\"p\u00e1gina\">p\u00e1g.<\/abbr>\u00a0&#8211; 180\u00a0<abbr title=\"kilobytes\">KB<\/abbr>)<\/a> <a title=\"Versi\u00f3n HTML BOE-A-2026-4670\" href=\"https:\/\/www.boe.es\/diario_boe\/txt.php?id=BOE-A-2026-4670\">Otros formatos<\/a><\/li>\n<\/ul>\n<\/div>\n<\/div>\n<\/div>\n<p><strong>Inadmisi\u00f3n de preguntas parlamentarias.<\/strong> Sala Segunda. Sentencia 3\/2026, de 12 de enero de 2026. Recurso de amparo 5817-2024. Promovido por do\u00f1a Marta Bernardo Llorente, diputada y portavoz adjunta del Grupo Parlamentario Socialista en la Asamblea de Madrid en relaci\u00f3n con los acuerdos de la mesa de la C\u00e1mara que inadmitieron a tr\u00e1mite cinco preguntas dirigidas al Consejo de Gobierno para su respuesta oral en el Pleno.<\/p>\n<p>Vulneraci\u00f3n del derecho al ejercicio de las funciones representativas, en relaci\u00f3n con el derecho de los ciudadanos a participar en los asuntos p\u00fablicos por medio de sus representantes: inadmisi\u00f3n inmotivada de preguntas relativas al cumplimiento del c\u00f3digo \u00e9tico de los altos cargos de la administraci\u00f3n de la Comunidad de Madrid y al comportamiento p\u00fablico del jefe de Gabinete de la presidenta auton\u00f3mica.<\/p>\n<div class=\"enlacesDoc\">\n<ul>\n<li class=\"puntoPDF\"><a title=\"PDF firmado BOE-A-2026-3477\" href=\"https:\/\/www.boe.es\/boe\/dias\/2026\/02\/14\/pdfs\/BOE-A-2026-3477.pdf\">PDF (BOE-A-2026-3477 &#8211; 15\u00a0<abbr title=\"p\u00e1ginas\">p\u00e1gs.<\/abbr>\u00a0&#8211; 270\u00a0<abbr title=\"kilobytes\">KB<\/abbr>)<\/a> <a title=\"Versi\u00f3n HTML BOE-A-2026-3477\" href=\"https:\/\/www.boe.es\/diario_boe\/txt.php?id=BOE-A-2026-3477\">Otros formatos<\/a><\/li>\n<\/ul>\n<\/div>\n<p><strong>L\u00edmites de los decretos leyes.<\/strong> Pleno. Sentencia 4\/2026, de 14 de enero de 2026. Recurso de inconstitucionalidad 7079-2022. Interpuesto por m\u00e1s de cincuenta diputados del Grupo Parlamentario Vox en el Congreso en relaci\u00f3n con diversos preceptos del Real Decreto-ley 14\/2022, de 1 de agosto, de medidas de sostenibilidad econ\u00f3mica en el \u00e1mbito del transporte, en materia de becas y ayudas al estudio, as\u00ed como de medidas de ahorro, eficiencia energ\u00e9tica y de reducci\u00f3n de la dependencia energ\u00e9tica del gas natural.<\/p>\n<p>L\u00edmites de los decretos leyes: desistimiento y p\u00e9rdida parcial de objeto del recurso; justificaci\u00f3n del presupuesto habilitante, existencia de conexi\u00f3n de sentido en el precepto que establece el car\u00e1cter obligatorio de las directrices operativas que puedan adoptarse en situaciones de emergencia de salud p\u00fablica de importancia internacional. Votos particulares.<\/p>\n<div class=\"enlacesDoc\">\n<ul>\n<li class=\"puntoPDF\"><a title=\"PDF firmado BOE-A-2026-3478\" href=\"https:\/\/www.boe.es\/boe\/dias\/2026\/02\/14\/pdfs\/BOE-A-2026-3478.pdf\">PDF (BOE-A-2026-3478 &#8211; 33\u00a0<abbr title=\"p\u00e1ginas\">p\u00e1gs.<\/abbr>\u00a0&#8211; 395\u00a0<abbr title=\"kilobytes\">KB<\/abbr>)<\/a> <a title=\"Versi\u00f3n HTML BOE-A-2026-3478\" href=\"https:\/\/www.boe.es\/diario_boe\/txt.php?id=BOE-A-2026-3478\">Otros formatos<\/a><\/li>\n<\/ul>\n<\/div>\n<p><strong>Inadmisi\u00f3n de iniciativas parlamentarias.<\/strong> Pleno. Sentencia 5\/2026, de 14 de enero de 2026. Recurso de amparo 5441-2024. Promovido por el Grupo Parlamentario M\u00e1s Madrid de la Asamblea de Madrid, do\u00f1a Manuela Bergerot Uncal y otros respecto de los acuerdos de la mesa de la C\u00e1mara que inadmitieron a tr\u00e1mite diversas iniciativas parlamentarias.<\/p>\n<p>Vulneraci\u00f3n del derecho al ejercicio de las funciones representativas, en relaci\u00f3n con el derecho de los ciudadanos a participar en los asuntos p\u00fablicos por medio de sus representantes: inadmisi\u00f3n de las iniciativas fundada en un juicio sobre su oportunidad que no le compete formular a la mesa de la Asamblea. Votos particulares.<\/p>\n<div class=\"enlacesDoc\">\n<ul>\n<li class=\"puntoPDF\"><a title=\"PDF firmado BOE-A-2026-3479\" href=\"https:\/\/www.boe.es\/boe\/dias\/2026\/02\/14\/pdfs\/BOE-A-2026-3479.pdf\">PDF (BOE-A-2026-3479 &#8211; 31\u00a0<abbr title=\"p\u00e1ginas\">p\u00e1gs.<\/abbr>\u00a0&#8211; 370\u00a0<abbr title=\"kilobytes\">KB<\/abbr>)<\/a> <a title=\"Versi\u00f3n HTML BOE-A-2026-3479\" href=\"https:\/\/www.boe.es\/diario_boe\/txt.php?id=BOE-A-2026-3479\">Otros formatos<\/a><\/li>\n<\/ul>\n<\/div>\n<p><strong>Nombramiento de Fiscal anulado.<\/strong> Pleno. Sentencia 6\/2026, de 15 de enero de 2026. Recurso de amparo 7432-2023. Promovido por don Eduardo Esteban Rinc\u00f3n en relaci\u00f3n con la sentencia de la Secci\u00f3n Cuarta de la Sala de lo Contencioso-Administrativo del Tribunal Supremo que anul\u00f3 el Real Decreto 417\/2022, de 31 de mayo, por el que se le promueve a la categor\u00eda de fiscal de sala y se le nombra fiscal de sala de la Fiscal\u00eda de Sala de Menores de la Fiscal\u00eda General del Estado.<\/p>\n<p>Vulneraci\u00f3n del derecho de acceso a las funciones p\u00fablicas: resoluci\u00f3n judicial que hace de la especializaci\u00f3n en Derecho de menores el \u00fanico m\u00e9rito determinante de la adjudicaci\u00f3n de la plaza (STC 138\/2000). Votos particulares.<\/p>\n<div class=\"enlacesDoc\">\n<ul>\n<li><a title=\"PDF firmado BOE-A-2026-3480\" href=\"https:\/\/www.boe.es\/boe\/dias\/2026\/02\/14\/pdfs\/BOE-A-2026-3480.pdf\">PDF (BOE-A-2026-3480 &#8211; 35\u00a0<abbr title=\"p\u00e1ginas\">p\u00e1gs.<\/abbr>\u00a0&#8211; 409\u00a0<abbr title=\"kilobytes\">KB<\/abbr>)<\/a> <a title=\"Versi\u00f3n HTML BOE-A-2026-3480\" href=\"https:\/\/www.boe.es\/diario_boe\/txt.php?id=BOE-A-2026-3480\">Otros formatos<\/a><\/li>\n<li><a style=\"font-size: 1rem;\" title=\"PDF firmado BOE-A-2026-3481\" href=\"https:\/\/www.boe.es\/boe\/dias\/2026\/02\/14\/pdfs\/BOE-A-2026-3481.pdf\">PDF (BOE-A-2026-3481 &#8211; 42\u00a0<abbr title=\"p\u00e1ginas\">p\u00e1gs.<\/abbr>\u00a0&#8211; 434\u00a0<abbr title=\"kilobytes\">KB<\/abbr>)<\/a><a style=\"font-size: 1rem;\" title=\"Versi\u00f3n HTML BOE-A-2026-3481\" href=\"https:\/\/www.boe.es\/diario_boe\/txt.php?id=BOE-A-2026-3481\">Otros formatos<\/a><\/li>\n<\/ul>\n<\/div>\n<div class=\"enlacesDoc\">\u00a0<\/div>\n<\/div>\n<\/div>\n<\/div>\n<\/div>\n<\/div>\n<\/div>\n<\/div>\n<a class=\"mwm-aal-item\" name=\"seccion-ii\"><\/a><h6 style=\"text-align: justify;\"><strong><span style=\"font-size: 14pt; color: #0000ff;\"><a id=\"s2\"><\/a>SECCI\u00d3N II<\/span><\/strong><\/h6>\n<p style=\"text-align: justify;\"><span style=\"color: #0000ff;\"><strong>Resumen:<\/strong> Concurso Notar\u00edas: correcci\u00f3n de errores. Concurso de traslado de Registros.\u00a0Convocadas Oposiciones a Registros 2026 &#8211; 2027. Se declara la jubilaci\u00f3n de cinco notarios y de un registrador. Excedencia de un notario.<\/span><\/p>\n<a class=\"mwm-aal-item\" name=\"concurso-notarias-correccion-de-errores\"><\/a><h6><span style=\"font-size: 12pt;\"><a id=\"concurso\"><\/a>Concurso Notarias: correcci\u00f3n de errores<\/span><\/h6>\n<p style=\"text-align: justify;\">Resoluci\u00f3n de 6 de febrero de 2026, de la Direcci\u00f3n General de Derecho, Entidades Jur\u00eddicas y Gesti\u00f3n Adecuada de Conflictos, del Departamento de Justicia y Calidad Democr\u00e1tica, por la que se corrigen errores en la de 19 de enero de 2026, por la que se convoca concurso para la provisi\u00f3n de notar\u00edas vacantes.<\/p>\n<p style=\"text-align: justify;\">Esta correcci\u00f3n de errores se public\u00f3 el lunes 9 de febrero, por lo que los quince d\u00edas naturales siguientes concluyen el <strong>martes 24 de febrero<\/strong>.<\/p>\n<p><a href=\"https:\/\/www.notariosyregistradores.com\/web\/normas\/informes-mensuales\/informe-376-boe-enero-2026\/#concursos-de-notarias\">Ir a la convocatoria inicial.<\/a><\/p>\n<div class=\"enlacesDoc\">\n<ul>\n<li class=\"puntoPDF\"><a title=\"PDF firmado BOE-A-2026-2944\" href=\"https:\/\/www.boe.es\/boe\/dias\/2026\/02\/09\/pdfs\/BOE-A-2026-2944.pdf\">PDF (BOE-A-2026-2944 &#8211; 1\u00a0<abbr title=\"p\u00e1gina\">p\u00e1g.<\/abbr>\u00a0&#8211; 187\u00a0<abbr title=\"kilobytes\">KB<\/abbr>)<\/a> <a title=\"Versi\u00f3n HTML BOE-A-2026-2944\" href=\"https:\/\/www.boe.es\/diario_boe\/txt.php?id=BOE-A-2026-2944\">Otros formatos<\/a><\/li>\n<\/ul>\n<a class=\"mwm-aal-item\" name=\"concurso-traslado-registros\"><\/a><h6><span style=\"font-size: 12pt;\"><a id=\"concursoREG\"><\/a>Concurso traslado Registros<\/span><\/h6>\n<p style=\"text-align: justify;\"><strong>DGSJPF.-<\/strong> Resoluci\u00f3n de 2 de febrero de 2026, de la Direcci\u00f3n General de Seguridad Jur\u00eddica y Fe P\u00fablica, por la que se convoca concurso ordinario n.\u00ba 323, para la provisi\u00f3n de Registros de la Propiedad, Mercantiles y de Bienes Muebles.<\/p>\n<div class=\"enlacesDoc\">\n<p style=\"text-align: justify;\"><strong>Catalu\u00f1a.<\/strong>&#8211;\u00a0Resoluci\u00f3n de 2 de febrero de 2026, de la Direcci\u00f3n General de Derecho, Entidades Jur\u00eddicas y Gesti\u00f3n Adecuada de Conflictos, del Departamento de Justicia y Calidad Democr\u00e1tica, por la que se convoca concurso ordinario n.\u00ba 323, para proveer Registros de la Propiedad, Mercantiles y de Bienes Muebles.<\/p>\n<p>En el concurso DGSJFP salen 48 plazas.<\/p>\n<p>En el concurso de Catalu\u00f1a se incluyen otras 4 plazas.<\/p>\n<p>En total, salen a concurso <strong>52 plazas<\/strong> (6 plazas m\u00e1s que en el concurso anterior).<\/p>\n<p>El plazo concluye -salvo error o rectificaciones- el jueves <strong>26 de febrero<\/strong>.<\/p>\n<p><strong><a href=\"https:\/\/www.mjusticia.gob.es\/es\/Ciudadano\/EmpleoPublico\/Documents\/R20922025-6.1.pdf\" target=\"_blank\" rel=\"nofollow noopener noreferrer\">RESULTADO PROVISIONAL<\/a>: Se han cubierto todas las plazas.<\/strong><\/p>\n<p>Ir al <a href=\"https:\/\/www.notariosyregistradores.com\/web\/category\/participa\/concursos\/#registros\">archivo de concursos<\/a>.<\/p>\n<div class=\"enlacesDoc\">\n<ul>\n<li><a title=\"PDF firmado BOE-A-2026-3106\" href=\"https:\/\/www.boe.es\/boe\/dias\/2026\/02\/11\/pdfs\/BOE-A-2026-3106.pdf\">PDF (BOE-A-2026-3106 &#8211; 8\u00a0<abbr title=\"p\u00e1ginas\">p\u00e1gs.<\/abbr>\u00a0&#8211; 397\u00a0<abbr title=\"kilobytes\">KB<\/abbr>)<\/a> <a title=\"Versi\u00f3n HTML BOE-A-2026-3106\" href=\"https:\/\/www.boe.es\/diario_boe\/txt.php?id=BOE-A-2026-3106\">Otros formatos<\/a><\/li>\n<li class=\"puntoPDF\"><a title=\"PDF firmado BOE-A-2026-3116\" href=\"https:\/\/www.boe.es\/boe\/dias\/2026\/02\/11\/pdfs\/BOE-A-2026-3116.pdf\">PDF (BOE-A-2026-3116 &#8211; 5\u00a0<abbr title=\"p\u00e1ginas\">p\u00e1gs.<\/abbr>\u00a0&#8211; 608\u00a0<abbr title=\"kilobytes\">KB<\/abbr>)<\/a> <a title=\"Versi\u00f3n HTML BOE-A-2026-3116\" href=\"https:\/\/www.boe.es\/diario_boe\/txt.php?id=BOE-A-2026-3116\">Otros formatos<\/a><\/li>\n<\/ul>\n<\/div>\n<\/div>\n<a class=\"mwm-aal-item\" name=\"-convocadas-oposiciones-a-registros-2026-8211-2027\"><\/a><h6><span style=\"font-size: 12pt;\"><a id=\"oposreg\"><\/a> Convocadas Oposiciones a Registros 2026 &#8211; 2027<\/span><\/h6>\n<p style=\"text-align: justify;\">Resoluci\u00f3n de 4 de febrero de 2026, de la Direcci\u00f3n General de Seguridad Jur\u00eddica y Fe P\u00fablica, por la que se convocan oposiciones al Cuerpo de Aspirantes a Registradores de la Propiedad, Mercantiles y de Bienes Muebles.<\/p>\n<p style=\"text-align: justify;\"><span style=\"color: #0000ff;\"><strong>Resumen:\u00a0<\/strong>Se convocan 50 plazas (45+5) para la oposici\u00f3n que se celebrar\u00e1 en Madrid y que comenzar\u00e1, como tarde, el 13 de octubre de 2026. El plazo de inscripci\u00f3n concluye el 27 de marzo de 2026, salvo error. Se mantiene el temario de 2015, con las modificaciones de 2022.<\/span><\/p>\n<p style=\"text-align: justify;\"><span style=\"color: #000000;\">La convocatoria, que realiza la DGSJFP, est\u00e1 regulada fundamentalmente por los art\u00edculos\u00a0<a style=\"color: #000000;\" href=\"http:\/\/www.notariosyregistradores.com\/web\/normas\/ley-hipotecaria\/#a277\">277 de la Ley Hipotecaria<\/a>,\u00a0<a style=\"color: #000000;\" href=\"https:\/\/www.notariosyregistradores.com\/web\/normas\/reglamento-hipotecario-titulos-xi-xii-xiii-xiv-y-xv\/#art504\">504 a 508 de su Reglamento<\/a>,\u00a0la Ley Org\u00e1nica <a style=\"color: #000000;\" href=\"https:\/\/www.boe.es\/buscar\/act.php?id=BOE-A-2007-6115\">3\/2007, de 22 de marzo<\/a>, para la igualdad efectiva de mujeres y hombres, el <a style=\"color: #000000;\" href=\"https:\/\/www.boe.es\/buscar\/act.php?id=BOE-A-2015-11719\">Real Decreto Legislativo 5\/2015, de 30 de octubre<\/a>, por el que se aprueba el texto refundido de la Ley del Estatuto B\u00e1sico del Empleado P\u00fablico,\u00a0el\u00a0<a style=\"color: #000000;\" href=\"https:\/\/www.boe.es\/buscar\/doc.php?id=BOE-A-2006-14187\">RD 863\/2006, de 14 de julio<\/a>\u00a0(personas con discapacidad), y supletoriamente, las normas establecidas con car\u00e1cter general para el ingreso en la funci\u00f3n p\u00fablica.<\/span><\/p>\n<p style=\"text-align: justify;\"><span style=\"color: #000000;\">El\u00a0<strong>nombre completo<\/strong>\u00a0del Cuerpo, cuyas oposiciones se convocan es: \u201cCuerpo de Aspirantes a Registradoras y Registradores de la Propiedad, Mercantiles y de Bienes Muebles\u201d.<\/span><\/p>\n<p style=\"text-align: justify;\"><span style=\"color: #000000;\"><strong>CONVOCATORIA:<\/strong><\/span><\/p>\n<p style=\"text-align: justify;\"><span style=\"color: #000000;\">Se desarrollar\u00e1 de acuerdo con las\u00a0<strong>siguientes bases:<\/strong><\/span><\/p>\n<p style=\"text-align: justify;\"><span style=\"color: #000000;\"><strong>Primera.<\/strong>\u00a0Se fija\u00a0en\u00a0<strong>50 el n\u00famero de plazas<\/strong>\u00a0a cubrir,<strong>\u00a0reserv\u00e1ndose cinco de ellas<\/strong>\u00a0para las personas con discapacidad (<a style=\"color: #000000;\" href=\"https:\/\/www.boe.es\/buscar\/doc.php?id=BOE-A-2006-14187\">RD 863\/2006, de 14 de julio<\/a>). Por tanto, 45 para el turno libre y 5 para personas con discapacidad (10%), sin que pueda haber acumulaci\u00f3n en caso de no cubrirse todas las del turno especial.<\/span><\/p>\n<p style=\"text-align: justify;\"><span style=\"color: #000000;\">Para los\u00a0<strong>aspirantes con discapacidad<\/strong>\u00a0que lo soliciten, se establecer\u00e1n las\u00a0<strong>adaptaciones<\/strong>\u00a0de tiempo y medios necesarios para la realizaci\u00f3n de las pruebas, previa solicitud con informe t\u00e9cnico facultativo.<\/span><\/p>\n<p style=\"text-align: justify;\"><span style=\"color: #000000;\"><strong>Segunda.<\/strong>\u00a0<strong>Requisitos para participar<\/strong>\u00a0en la oposici\u00f3n.<\/span><\/p>\n<p style=\"text-align: justify;\"><span style=\"color: #000000;\">La persona aspirante ha de ser, en la fecha que termine el plazo de presentaci\u00f3n de instancias,\u00a0<strong>espa\u00f1ola<\/strong>,\u00a0mayor de edad y poseer el t\u00edtulo de\u00a0<strong>Licenciado en Derecho o Graduado en Derecho<\/strong>.<\/span><\/p>\n<p style=\"text-align: justify;\"><span style=\"color: #000000;\">Los aspirantes con\u00a0<strong>titulaciones obtenidas en el extranjero<\/strong>\u00a0deber\u00e1n acreditar que est\u00e1n en posesi\u00f3n de la correspondiente convalidaci\u00f3n o de la credencial que acredite, en su caso, la homologaci\u00f3n, salvo\u00a0profesiones reguladas, al amparo de las Disposiciones de Derecho Comunitario.<\/span><\/p>\n<p style=\"text-align: justify;\"><span style=\"color: #000000;\">No puede estar comprendido en\u00a0<strong>ninguna de las causas de incapacidad<\/strong>\u00a0del\u00a0<a style=\"color: #000000;\" href=\"http:\/\/www.notariosyregistradores.com\/web\/normas\/ley-hipotecaria\/#a280\">art\u00edculo 280 LH<\/a>\u00a0y no haber sido separado del servicio de cualquiera de las Administraciones P\u00fablicas por resoluci\u00f3n firme dictada como consecuencia de expediente disciplinario.<\/span><\/p>\n<p style=\"text-align: justify;\"><span style=\"color: #000000;\"><strong>Tercera. Programa.\u00a0<\/strong>El programa que regir\u00e1 los\u00a0dos primeros ejercicios\u00a0de la oposici\u00f3n ser\u00e1 el aprobado por\u00a0<a style=\"color: #000000;\" href=\"http:\/\/www.boe.es\/diario_boe\/txt.php?id=BOE-A-2015-8732\">Resoluci\u00f3n de 19 de julio de 2015 DGRN<\/a>\u00a0(BOE de 3 de agosto),\u00a0con las modificaciones que se introdujeron en la\u00a0<a style=\"color: #000000;\" href=\"https:\/\/www.boe.es\/diario_boe\/txt.php?id=BOE-A-2022-2086\">Resoluci\u00f3n de 3 de febrero de 2022<\/a> (Anexo I). Al final del resumen se reproduce el cuadro comparativo de textos correspondientes a los temas que variaron ya en 2022, no incluy\u00e9ndose en 2024 ni en 2026 ninguna variaci\u00f3n adicional.<\/span><\/p>\n<p style=\"text-align: justify;\"><strong>C<\/strong><strong>uarta.\u2003<\/strong><span style=\"color: #ff0000;\"><strong><span style=\"color: #000000;\">Solicitudes y documentaci\u00f3n.<\/span><\/strong><\/span><\/p>\n<p style=\"text-align: justify;\"><span style=\"color: #000000;\"><strong>Modelo:<\/strong> Quienes deseen participar en este proceso selectivo deber\u00e1n cumplimentar <strong>electr\u00f3nicamente<\/strong>\u00a0la solicitud de admisi\u00f3n a pruebas selectivas (<strong>modelo oficial\u00a0790<\/strong>), disponible en <a style=\"color: #000000;\" href=\"https:\/\/administracion.gob.es\/pag_Home\/empleoPublico\/ips.html,\">https:\/\/administracion.gob.es\/pag_Home\/empleoPublico\/ips.html<\/a>, en castellano y en las dem\u00e1s lenguas oficiales de las Comunidades Aut\u00f3nomas.<\/span><\/p>\n<p style=\"text-align: justify;\"><span style=\"color: #000000;\"><strong>Plazo:<\/strong> Son treinta d\u00edas h\u00e1biles a contar desde el 14 de febrero de 2026. La no presentaci\u00f3n de la solicitud en tiempo y forma supondr\u00e1 la exclusi\u00f3n. Salvo error, el \u00faltimo d\u00eda ser\u00e1 <strong>el viernes 27 de marzo<\/strong>, teniendo en cuenta que los\u00a0<a style=\"color: #000000;\" href=\"http:\/\/www.notariosyregistradores.com\/web\/normas\/ley-procedimiento-administrativo-2015\/#a30\">s\u00e1bados son inh\u00e1biles<\/a>.<\/span><\/p>\n<p style=\"text-align: justify;\"><span style=\"color: #000000;\"><strong>Presentaci\u00f3n:<\/strong><\/span><\/p>\n<p style=\"text-align: justify;\"><span style=\"color: #000000;\">Ha de ser\u00a0<strong>electr\u00f3nica<\/strong>, en la direcci\u00f3n que<strong>\u00a0<a style=\"color: #000000;\" href=\"https:\/\/administracion.gob.es\/pag_Home\/empleoPublico\/ips.html\">se enlaza aqu\u00ed.<\/a><\/strong><\/span><\/p>\n<p style=\"text-align: justify;\"><span style=\"color: #000000;\">\u00a0S\u00f3lo es posible la\u00a0<strong>presentaci\u00f3n de modo presencial en dos casos:<\/strong><\/span><\/p>\n<p style=\"text-align: justify;\"><span style=\"color: #000000;\">\u2013 cuando el aspirante\u00a0<strong>no sea titular de una cuenta bancaria<\/strong>\u00a0en alguna de las entidades financieras que permiten el pago telem\u00e1tico de tasas administrativas<\/span><\/p>\n<p style=\"text-align: justify;\"><span style=\"color: #000000;\">\u2013 cuando resulte imposible la inscripci\u00f3n electr\u00f3nica por concurrir una\u00a0<strong>incidencia t\u00e9cnica<\/strong>\u00a0debidamente acreditada.<\/span><\/p>\n<p style=\"text-align: justify;\"><span style=\"color: #000000;\">Tambi\u00e9n se prev\u00e9 la presentaci\u00f3n\u00a0<strong>por representante<\/strong>.<\/span><\/p>\n<p style=\"text-align: justify;\"><span style=\"color: #000000;\">Se detallan los\u00a0<strong>pasos<\/strong>\u00a0a seguir que, en esencia son: identificaci\u00f3n, elecci\u00f3n de la convocatoria, relleno de la solicitud, pago de la tasa, imprimir justificante de pago y de registro de la solicitud. Es posible adjuntar documentos.<\/span><\/p>\n<p style=\"text-align: justify;\"><span style=\"color: #000000;\">La\u00a0<strong>tasa de derechos de examen asciende a 31,10 euros <\/strong>(la misma que en 2022 y 2024), con casos de exenci\u00f3n (<a style=\"color: #000000;\" href=\"https:\/\/www.boe.es\/buscar\/act.php?id=BOE-A-2017-8652#de-3\">Orden HFP\/688\/2017, de\u00a020 de julio<\/a>) y de reducci\u00f3n al 50% para familias numerosas de car\u00e1cter general. Se enumeran tambi\u00e9n casos de exenci\u00f3n de la tasa. El abono de los derechos de examen o, en su caso, la justificaci\u00f3n de la concurrencia de alguna de las causas de exenci\u00f3n total o parcial del mismo deber\u00e1 hacerse dentro del plazo de presentaci\u00f3n de solicitudes, para evitar la exclusi\u00f3n del proceso selectivo.<\/span><\/p>\n<p class=\"parrafo\" style=\"text-align: justify;\">El <strong>pago ha de ser telem\u00e1tico<\/strong>. En los escasos supuestos en que se permite el <strong>pago presencial<\/strong> (no ser titular de una cuenta bancaria o incidencia t\u00e9cnica), se deben presentar los tres ejemplares de la solicitud en cualquiera de las entidades bancarias que act\u00faan como entidades colaboradoras de la recaudaci\u00f3n tributaria.<\/p>\n<p style=\"text-align: justify;\"><span style=\"color: #000000;\">La\u00a0<strong>subsanaci\u00f3n<\/strong>\u00a0y los procedimientos de impugnaci\u00f3n de las actuaciones de este proceso selectivo\u00a0deber\u00e1n realizarse tambi\u00e9n a trav\u00e9s de\u00a0<strong>medios electr\u00f3nicos<\/strong>.<\/span><\/p>\n<p style=\"text-align: justify;\"><span style=\"color: #000000;\">En el caso de que se produzca alguna\u00a0<strong>incidencia t\u00e9cnica<\/strong>\u00a0durante el proceso de inscripci\u00f3n se deber\u00e1 rellenar el formulario accesible\u00a0<a style=\"color: #000000;\" href=\"https:\/\/centrodeservicios.redsara.es\/ayuda\/consulta\/IPS\">desde aqu\u00ed<\/a>\u00a0o dirigirse al tel\u00e9fono\u00a0060.<\/span><\/p>\n<p style=\"text-align: justify;\"><span style=\"color: #000000;\"><strong>Quinta. Admisi\u00f3n de aspirantes.<\/strong><\/span><\/p>\n<p style=\"text-align: justify;\"><span style=\"color: #000000;\">Una resoluci\u00f3n, que se publicar\u00e1 en el BOE y en la web del Ministerio, aprobar\u00e1 las<strong>\u00a0listas provisionales<\/strong>\u00a0de admitidos y de excluidos, con expresi\u00f3n de las causas y del plazo de subsanaci\u00f3n de defectos.<\/span><\/p>\n<p style=\"text-align: justify;\"><span style=\"color: #000000;\">Tras el plazo de recursos, otra resoluci\u00f3n, que tambi\u00e9n saldr\u00e1 en el BOE y en la web del Ministerio,\u00a0aprobar\u00e1 las\u00a0<strong>listas definitivas<\/strong>\u00a0e indicar\u00e1 lugar y fecha para el\u00a0<strong>sorteo<\/strong>\u00a0previsto en el\u00a0<a style=\"color: #000000;\" href=\"https:\/\/www.notariosyregistradores.com\/web\/normas\/reglamento-hipotecario-titulos-xi-xii-xiii-xiv-y-xv\/#art505\">art\u00edculo 505 del Reglamento Hipotecario<\/a>.<\/span><\/p>\n<p style=\"text-align: justify;\"><span style=\"color: #000000;\"><strong>Sexta. Tribunal.\u00a0<\/strong>El Tribunal calificador ser\u00e1\u00a0<strong>\u00fanico<\/strong>\u00a0y estar\u00e1 compuesto por los miembros que establece el\u00a0<a style=\"color: #000000;\" href=\"https:\/\/www.notariosyregistradores.com\/web\/normas\/reglamento-hipotecario-titulos-xi-xii-xiii-xiv-y-xv\/#art505\">art\u00edculo 505 del Reglamento Hipotecario<\/a> y su nombramiento se realizar\u00e1 por Orden del Ministerio de la Presidencia, Justicia y Relaciones con las Cortes, a propuesta de la DGSJFP, con presencia equilibrada entre hombres y mujeres.<\/span><\/p>\n<p style=\"text-align: justify;\"><span style=\"color: #000000;\"><strong>S\u00e9ptima.\u2003Proceso selectivo.<\/strong><\/span><\/p>\n<p style=\"text-align: justify;\"><span style=\"color: #000000;\">Los ejercicios de la oposici\u00f3n y la forma de calificaci\u00f3n se ajustar\u00e1n a lo dispuesto en el\u00a0<a style=\"color: #000000;\" href=\"https:\/\/www.notariosyregistradores.com\/web\/normas\/reglamento-hipotecario-titulos-xi-xii-xiii-xiv-y-xv\/#art506\">art\u00edculo\u00a0506 del Reglamento Hipotecario<\/a>.<\/span><\/p>\n<p style=\"text-align: justify;\"><span style=\"color: #000000;\">Los aspirantes por el turno de\u00a0<strong>personas con discapacidad<\/strong> ser\u00e1n llamados tras la celebraci\u00f3n del primer llamamiento del turno ordinario de cada uno de los dos primeros ejercicios y las que dejaren de presentarse al primer llamamiento ser\u00e1n llamadas por segunda vez tras concluir el segundo llamamiento del turno ordinario en los mismos ejercicios.<\/span><\/p>\n<p style=\"text-align: justify;\"><span style=\"color: #000000;\">Si a causa de una situaci\u00f3n debidamente acreditada de\u00a0<strong>embarazo de riesgo o\u00a0parto<\/strong>, alguna de las personas aspirantes no pudiera completar el proceso selectivo o realizar alg\u00fan ejercicio del mismo, su situaci\u00f3n quedar\u00e1 condicionada a la finalizaci\u00f3n del proceso y a la superaci\u00f3n de las fases que hayan quedado aplazadas. La realizaci\u00f3n de estas pruebas no podr\u00e1 conllevar una demora que menoscabe el derecho del resto de las personas aspirantes a una resoluci\u00f3n del proceso ajustada a tiempos razonables, lo que deber\u00e1 ser valorado por el tribunal. En todo caso, la realizaci\u00f3n de las citadas pruebas tendr\u00e1 lugar antes de la publicaci\u00f3n de la lista de personas aspirantes que han superado el proceso selectivo.<\/span><\/p>\n<p style=\"text-align: justify;\"><span style=\"color: #000000;\"><strong>Octava. Lugar.<\/strong>\u00a0Las oposiciones se celebrar\u00e1n en\u00a0<strong><em>Madrid<\/em><\/strong>\u00a0en la sede de los Registros de la Propiedad,\u00a0<a style=\"color: #000000;\" href=\"https:\/\/www.google.com\/maps\/place\/Calle+de+Alcal%C3%A1,+540,+28027+Madrid\/@40.4423342,-3.6210403,17z\/data=!3m1!4b1!4m5!3m4!1s0xd422fa6e13c4395:0x888bb7dd94e64685!8m2!3d40.4423342!4d-3.6188516\">calle Alcal\u00e1 540<\/a>, entrada por calle Cronos, 28027 Madrid.<\/span><\/p>\n<p style=\"text-align: justify;\"><span style=\"color: #000000;\"><strong>Noven<span style=\"color: #000000;\">a.\u00a0Comienzo de los ejercicios.<\/span><\/strong>\u00a0La fecha l\u00edmite es el\u00a0<strong>13 de octubre de 2026.<\/strong><\/span><\/p>\n<p style=\"text-align: justify;\"><span style=\"color: #000000;\"><strong>D\u00e9cima. Presentaci\u00f3n de documentos.\u00a0<\/strong>Los\u00a0<strong>aprobados<\/strong>\u00a0en el proceso selectivo deber\u00e1n presentar la documentaci\u00f3n acreditativa de su aptitud para el desempe\u00f1o del cargo, en el plazo y formas que prev\u00e9 el\u00a0<a style=\"color: #000000;\" href=\"https:\/\/www.notariosyregistradores.com\/web\/normas\/reglamento-hipotecario-titulos-xi-xii-xiii-xiv-y-xv\/#art508\">art\u00edculo\u00a0508 del Reglamento Hipotecario<\/a>.<\/span><\/p>\n<p style=\"text-align: justify;\"><span style=\"color: #000000;\"><strong>Und\u00e9cima.- Recursos.<\/strong> Contra la presente convocatoria cabe recurso de reposici\u00f3n ante el Ministro de Presidencia, Justicia y Relaciones con las Cortes, y contencioso administrativo, no simult\u00e1neos.<\/span><\/p>\n<p style=\"text-align: justify;\"><span style=\"color: #000000;\">En el\u00a0<strong>Anexo<\/strong>\u00a0se dan\u00a0<strong>instrucciones para el relleno de la instancia<\/strong>, siendo de destacar que en el apartado A) se consignar\u00e1: \u00abRe\u00fano las condiciones exigidas en la base segunda de la convocatoria\u00bb. Estas condiciones han de cumplirse en la fecha de expiraci\u00f3n del plazo se\u00f1alado para la presentaci\u00f3n de instancias.<\/span><\/p>\n<p>Ir a la <a href=\"https:\/\/www.notariosyregistradores.com\/web\/secciones\/oposiciones\/pagina-de-las-oposiciones-a-registros-2026-2027\/\"><strong>P\u00e1gina de las Oposiciones<\/strong><\/a>.<\/p>\n<div class=\"enlacesDoc\">\n<ul>\n<li class=\"puntoPDF\"><a title=\"PDF firmado BOE-A-2026-3316\" href=\"https:\/\/www.boe.es\/boe\/dias\/2026\/02\/13\/pdfs\/BOE-A-2026-3316.pdf\">PDF (BOE-A-2026-3316 &#8211; 9\u00a0<abbr title=\"p\u00e1ginas\">p\u00e1gs.<\/abbr>\u00a0&#8211; 236\u00a0<abbr title=\"kilobytes\">KB<\/abbr>)<\/a> <a title=\"Versi\u00f3n HTML BOE-A-2026-3316\" href=\"https:\/\/www.boe.es\/diario_boe\/txt.php?id=BOE-A-2026-3316\">Otros formatos<\/a><\/li>\n<\/ul>\n<\/div>\n<a class=\"mwm-aal-item\" name=\"jubilaciones-y-excedencias\"><\/a><h6><span style=\"font-size: 12pt;\">Jubilaciones y excedencias<\/span><\/h6>\n<p style=\"text-align: justify;\">Se declara la jubilaci\u00f3n del notario de A Coru\u00f1a don Francisco Manuel Ordo\u00f1ez Arm\u00e1n.<\/p>\n<p style=\"text-align: justify;\">Se declara la jubilaci\u00f3n del notario de A Coru\u00f1a, don Jos\u00e9 Guillermo Rodicio Rodicio.<\/p>\n<p style=\"text-align: justify;\">Se declara la jubilaci\u00f3n de don Luis Enrique Nevado Vacas, Registrador de la Propiedad de Sevilla n.\u00ba 2.<\/p>\n<p>Se declara en situaci\u00f3n de excedencia voluntaria al notario de Santander don V\u00edctor Fuentes Arjona.<\/p>\n<p>Se declara la jubilaci\u00f3n del notario de Teulada don V\u00edctor Ortega \u00c1lvarez.<\/p>\n<p>Se declara la jubilaci\u00f3n del notario de Moncada don Jaime Alberto Pi Soriano.<\/p>\n<p>Se declara la jubilaci\u00f3n del notario de Inca don Sebasti\u00e1n Jos\u00e9 Antich Verdera.<\/p>\n<p>&nbsp;<\/p>\n<\/div>\n<a class=\"mwm-aal-item\" name=\"resoluciones-\"><\/a><h6 style=\"text-align: justify;\"><span style=\"font-size: 14pt; color: #0000ff;\"><a id=\"resoluciones\"><\/a>RESOLUCIONES:\u00a0<\/span><\/h6>\n<p style=\"text-align: justify;\">En<strong><span style=\"font-size: 14pt;\"> FEBRERO<\/span><span style=\"font-size: 14pt;\">, <\/span><\/strong><span style=\"font-size: 14pt;\"><span style=\"font-size: 12pt;\">se han publicado<strong> CIENTO CINCUENTA Y OCHO (158)<\/strong>. Se ofrecen en<a href=\"https:\/\/www.notariosyregistradores.com\/web\/resoluciones\/por-meses\/resoluciones-febrero-2026-direccion-general-de-seguridad-juridica-y-fe-publica\/\"><strong> archivo aparte<\/strong><\/a>.<\/span><\/span><\/p>\n<p>&nbsp;<\/p>\n<a class=\"mwm-aal-item\" name=\"enlaces\"><\/a><h6><span style=\"font-size: 14pt;\"><a id=\"enlaces\"><\/a><span style=\"color: #0000ff;\">ENLACES:<\/span><\/span><\/h6>\n<h2 style=\"text-align: center;\"><a href=\"https:\/\/www.notariosyregistradores.com\/web\/normas\/informes-mensuales\/no-te-lo-pierdas-febrero-2026\/\"><strong>IR A\u00a0<em>\u00a1NO TE LO PIERDAS!<\/em> DE FEBRERO<\/strong><\/a><\/h2>\n<p style=\"text-align: center;\"><span style=\"font-size: 14pt;\"><strong><a href=\"https:\/\/www.notariosyregistradores.com\/web\/normas\/cuadro-de-informes-mensuales-generales-de-lo-publicado-en-el-boe\/\">LISTA DE INFORMES MENSUALES<\/a><\/strong><\/span><\/p>\n<p><span style=\"font-size: 12pt;\"><strong>RECURSOS EN ESTA WEB SOBRE: <a href=\"https:\/\/www.notariosyregistradores.com\/web\/category\/normas\/\">NORMAS<\/a> &#8211; <a href=\"https:\/\/www.notariosyregistradores.com\/web\/category\/resoluciones\/\">RESOLUCIONES<\/a><\/strong><\/span><\/p>\n<p><span style=\"font-size: 12pt;\"><strong>OTROS RECURSOS: <a href=\"https:\/\/www.notariosyregistradores.com\/web\/category\/secciones\/\">Secciones<\/a> &#8211; <a href=\"https:\/\/www.notariosyregistradores.com\/web\/category\/participa\/\">Participa<\/a> &#8211; <a href=\"https:\/\/www.notariosyregistradores.com\/web\/category\/cuadros\/\">Cuadros<\/a> &#8211; <a href=\"https:\/\/www.notariosyregistradores.com\/web\/category\/practica\/\">Pr\u00e1ctica<\/a> &#8211; <a href=\"https:\/\/www.notariosyregistradores.com\/web\/secciones\/oficina-notarial\/modelos-para-documentos-notariales\/\">Modelos<\/a> &#8211; <a href=\"https:\/\/www.notariosyregistradores.com\/web\/category\/utilidades\/\">Utilidades<\/a><\/strong><\/span><\/p>\n<p><span style=\"font-size: 12pt;\"><strong>WEB: <span style=\"font-family: 'comic sans ms', sans-serif;\"><a href=\"http:\/\/www.notariosyregistradores.com\/web\/category\/esta-web\/que-ofrece\/\" target=\"_top\" rel=\"noopener noreferrer\">Qu\u00e9 ofrecemos<\/a> &#8211;\u00a0<a href=\"http:\/\/www.notariosyregistradores.com\/web\/1198-2\/\">NyR, p\u00e1gina de inicio<\/a> &#8211;<\/span> <span style=\"font-family: 'comic sans ms', sans-serif;\"><a href=\"http:\/\/www.notariosyregistradores.com\/web\/esta-web\/ideario\/ideario-de-esta-web\/\" target=\"_top\" rel=\"noopener noreferrer\">Ideario Web<\/a><\/span><\/strong><\/span><\/p>\n<p style=\"text-align: center;\"><strong><span style=\"font-size: 14pt;\"><a href=\"http:\/\/www.notariosyregistradores.com\/\">PORTADA DE LA WEB<\/a><\/span><\/strong><\/p>\n<div id=\"attachment_134508\" style=\"width: 773px\" class=\"wp-caption aligncenter\"><a href=\"https:\/\/www.notariosyregistradores.com\/web\/wp-content\/uploads\/2026\/01\/Boltana-nevada.jpg\"><img loading=\"lazy\" decoding=\"async\" aria-describedby=\"caption-attachment-134508\" class=\" wp-image-134508\" src=\"https:\/\/www.notariosyregistradores.com\/web\/wp-content\/uploads\/2026\/01\/Boltana-nevada-300x170.jpg\" alt=\"Bolta\u00f1a y chamineras en invierno\" width=\"763\" height=\"432\" srcset=\"https:\/\/www.notariosyregistradores.com\/web\/wp-content\/uploads\/2026\/01\/Boltana-nevada-300x170.jpg 300w, https:\/\/www.notariosyregistradores.com\/web\/wp-content\/uploads\/2026\/01\/Boltana-nevada-500x283.jpg 500w, https:\/\/www.notariosyregistradores.com\/web\/wp-content\/uploads\/2026\/01\/Boltana-nevada.jpg 640w\" sizes=\"auto, (max-width: 763px) 100vw, 763px\" \/><\/a><p id=\"caption-attachment-134508\" class=\"wp-caption-text\">Bolta\u00f1a y chamineras en invierno<\/p><\/div>\n","protected":false},"excerpt":{"rendered":"<p>INFORME N\u00ba 377. (BOE FEBRERO de 2026) Primera Parte: Secciones I y II. IR A LISTA DE INFORMES MENSUALES IR A RESOLUCIONES DE FEBRERO IR A\u00a0\u00a1NO TE LO PIERDAS! DE FEBRERO &nbsp; Equipo de redacci\u00f3n: * Albert Capell Mart\u00ednez, notario de Barcelona, coordinador en febrero *\u00a0Shadia Nasser Garc\u00eda, notaria de Formentera (Illes Balears), coordinadora en [&hellip;]<\/p>\n","protected":false},"author":104,"featured_media":134508,"comment_status":"open","ping_status":"closed","sticky":false,"template":"","format":"standard","meta":{"_bbp_topic_count":0,"_bbp_reply_count":0,"_bbp_total_topic_count":0,"_bbp_total_reply_count":0,"_bbp_voice_count":0,"_bbp_anonymous_reply_count":0,"_bbp_topic_count_hidden":0,"_bbp_reply_count_hidden":0,"_bbp_forum_subforum_count":0,"footnotes":""},"categories":[180],"tags":[],"class_list":{"0":"post-134503","1":"post","2":"type-post","3":"status-publish","4":"format-standard","5":"has-post-thumbnail","7":"category-informes-mensuales"},"_links":{"self":[{"href":"https:\/\/www.notariosyregistradores.com\/web\/wp-json\/wp\/v2\/posts\/134503","targetHints":{"allow":["GET"]}}],"collection":[{"href":"https:\/\/www.notariosyregistradores.com\/web\/wp-json\/wp\/v2\/posts"}],"about":[{"href":"https:\/\/www.notariosyregistradores.com\/web\/wp-json\/wp\/v2\/types\/post"}],"author":[{"embeddable":true,"href":"https:\/\/www.notariosyregistradores.com\/web\/wp-json\/wp\/v2\/users\/104"}],"replies":[{"embeddable":true,"href":"https:\/\/www.notariosyregistradores.com\/web\/wp-json\/wp\/v2\/comments?post=134503"}],"version-history":[{"count":11,"href":"https:\/\/www.notariosyregistradores.com\/web\/wp-json\/wp\/v2\/posts\/134503\/revisions"}],"predecessor-version":[{"id":136705,"href":"https:\/\/www.notariosyregistradores.com\/web\/wp-json\/wp\/v2\/posts\/134503\/revisions\/136705"}],"wp:featuredmedia":[{"embeddable":true,"href":"https:\/\/www.notariosyregistradores.com\/web\/wp-json\/wp\/v2\/media\/134508"}],"wp:attachment":[{"href":"https:\/\/www.notariosyregistradores.com\/web\/wp-json\/wp\/v2\/media?parent=134503"}],"wp:term":[{"taxonomy":"category","embeddable":true,"href":"https:\/\/www.notariosyregistradores.com\/web\/wp-json\/wp\/v2\/categories?post=134503"},{"taxonomy":"post_tag","embeddable":true,"href":"https:\/\/www.notariosyregistradores.com\/web\/wp-json\/wp\/v2\/tags?post=134503"}],"curies":[{"name":"wp","href":"https:\/\/api.w.org\/{rel}","templated":true}]}}