{"id":13453,"date":"2016-01-14T12:11:40","date_gmt":"2016-01-14T11:11:40","guid":{"rendered":"http:\/\/www.notariosyregistradores.com\/web\/?p=13453"},"modified":"2016-01-26T11:02:57","modified_gmt":"2016-01-26T10:02:57","slug":"acta-de-manifestaciones","status":"publish","type":"post","link":"https:\/\/www.notariosyregistradores.com\/web\/resoluciones\/francisco-sena\/mercantil-francisco-sena\/actos-no-inscribibles\/acta-de-manifestaciones\/","title":{"rendered":"Acta de manifestaciones"},"content":{"rendered":"<a class=\"mwm-aal-item\" name=\"actos-no-inscribibles\"><\/a><h6 style=\"text-align: justify;\"><strong><span style=\"font-size: 14pt;\">ACTOS NO INSCRIBIBLES<\/span><\/strong><\/h6>\n<p><strong><a href=\"#actademanifestaciones\">Acta de manifestaciones<\/a><\/strong><\/p>\n<p style=\"text-align: justify;\"><strong><a id=\"actademanifestaciones\"><\/a>Acta de manifestaciones<\/strong>.- Despu\u00e9s de reiterar su doctrina de que el principio de prioridad debe observarse rigurosamente en la calificaci\u00f3n, salvo casos muy excepcionales en que deben tenerse en cuenta documentos presentados despu\u00e9s del que se califica, entre estos casos que no son excepcionales y, por tanto, est\u00e1n sujetos al principio de prioridad, se encuentra el de presentaci\u00f3n posterior de un acta de manifestaciones hecha por un tercero sobre el uso que de un concreto despacho se hiciera para la celebraci\u00f3n de la junta general cuyos acuerdos se pretenden inscribir, pues se trata de un documento que no contiene acto alguno susceptible de inscripci\u00f3n y, en consecuencia, de presentaci\u00f3n en el Libro Diario. Este documento, como todos aquellos que pueda recibir un Registrador y a trav\u00e9s de los que, sea como advertencia, ilustraci\u00f3n o incluso amenaza se pretende facilitar cuando no condicionar su calificaci\u00f3n, no pueden interferir en \u00e9sta, siendo la v\u00eda judicial de impugnaci\u00f3n del acto o acuerdo en cuesti\u00f3n la que tiene abierta su autor, con la posibilidad -de temer los efectos que pudieran derivarse de la publicidad registral del mismo- de solicitar la anotaci\u00f3n preventiva de la demanda e, incluso, obtener un cierre registral a trav\u00e9s de la anotaci\u00f3n de la resoluci\u00f3n judicial por la que, a su solicitud, se acuerde dejar en suspenso su ejecuci\u00f3n.<\/p>\n<p style=\"text-align: justify;\">13 noviembre 2001<\/p>\n","protected":false},"excerpt":{"rendered":"<p>ACTOS NO INSCRIBIBLES Acta de manifestaciones Acta de manifestaciones.- Despu\u00e9s de reiterar su doctrina de que el principio de prioridad debe observarse rigurosamente en la calificaci\u00f3n, salvo casos muy excepcionales en que deben tenerse en cuenta documentos presentados despu\u00e9s del que se califica, entre estos casos que no son excepcionales y, por tanto, est\u00e1n sujetos [&hellip;]<\/p>\n","protected":false},"author":8,"featured_media":0,"comment_status":"open","ping_status":"closed","sticky":false,"template":"","format":"aside","meta":{"_bbp_topic_count":0,"_bbp_reply_count":0,"_bbp_total_topic_count":0,"_bbp_total_reply_count":0,"_bbp_voice_count":0,"_bbp_anonymous_reply_count":0,"_bbp_topic_count_hidden":0,"_bbp_reply_count_hidden":0,"_bbp_forum_subforum_count":0,"footnotes":""},"categories":[2827],"tags":[],"class_list":{"0":"post-13453","1":"post","2":"type-post","3":"status-publish","4":"format-aside","6":"category-actos-no-inscribibles","7":"post_format-post-format-aside"},"_links":{"self":[{"href":"https:\/\/www.notariosyregistradores.com\/web\/wp-json\/wp\/v2\/posts\/13453","targetHints":{"allow":["GET"]}}],"collection":[{"href":"https:\/\/www.notariosyregistradores.com\/web\/wp-json\/wp\/v2\/posts"}],"about":[{"href":"https:\/\/www.notariosyregistradores.com\/web\/wp-json\/wp\/v2\/types\/post"}],"author":[{"embeddable":true,"href":"https:\/\/www.notariosyregistradores.com\/web\/wp-json\/wp\/v2\/users\/8"}],"replies":[{"embeddable":true,"href":"https:\/\/www.notariosyregistradores.com\/web\/wp-json\/wp\/v2\/comments?post=13453"}],"version-history":[{"count":0,"href":"https:\/\/www.notariosyregistradores.com\/web\/wp-json\/wp\/v2\/posts\/13453\/revisions"}],"wp:attachment":[{"href":"https:\/\/www.notariosyregistradores.com\/web\/wp-json\/wp\/v2\/media?parent=13453"}],"wp:term":[{"taxonomy":"category","embeddable":true,"href":"https:\/\/www.notariosyregistradores.com\/web\/wp-json\/wp\/v2\/categories?post=13453"},{"taxonomy":"post_tag","embeddable":true,"href":"https:\/\/www.notariosyregistradores.com\/web\/wp-json\/wp\/v2\/tags?post=13453"}],"curies":[{"name":"wp","href":"https:\/\/api.w.org\/{rel}","templated":true}]}}