{"id":13457,"date":"2016-01-14T10:14:00","date_gmt":"2016-01-14T09:14:00","guid":{"rendered":"http:\/\/www.notariosyregistradores.com\/web\/?p=13457"},"modified":"2016-01-26T11:03:28","modified_gmt":"2016-01-26T10:03:28","slug":"anotacion-de-demanda-contra-adquirentes-de-acciones","status":"publish","type":"post","link":"https:\/\/www.notariosyregistradores.com\/web\/resoluciones\/francisco-sena\/mercantil-francisco-sena\/actos-no-inscribibles\/anotacion-de-demanda-contra-adquirentes-de-acciones\/","title":{"rendered":"Anotaci\u00f3n de demanda contra adquirentes de acciones"},"content":{"rendered":"<a class=\"mwm-aal-item\" name=\"actos-no-inscribibles\"><\/a><h6 style=\"text-align: justify;\"><strong><span style=\"font-size: 14pt;\">ACTOS NO INSCRIBIBLES<\/span><\/strong><\/h6>\n<p><strong><a href=\"#demandacontraadquirentes\">Anotaci\u00f3n de demanda contra adquirentes de acciones<\/a><\/strong><\/p>\n<p style=\"text-align: justify;\"><strong><a id=\"demandacontraadquirentes\"><\/a>Anotaci\u00f3n de demanda contra adquirentes de acciones<\/strong>.- En nuestro Registro Mercantil, regido por el criterio del \u00abnumerus clausus\u00bb, no se contempla la constataci\u00f3n y protecci\u00f3n sustantiva del tr\u00e1fico jur\u00eddico sobre las acciones en que se divide el capital de las sociedades an\u00f3nimas. La titularidad de las acciones discurre fuera del Registro Mercantil, por lo que, adem\u00e1s de no ser posible, la anotaci\u00f3n de la demanda no a\u00f1adir\u00eda protecci\u00f3n adicional alguna a quien la obtuviera.<\/p>\n<p style=\"text-align: justify;\">23 mayo 2000<\/p>\n","protected":false},"excerpt":{"rendered":"<p>ACTOS NO INSCRIBIBLES Anotaci\u00f3n de demanda contra adquirentes de acciones Anotaci\u00f3n de demanda contra adquirentes de acciones.- En nuestro Registro Mercantil, regido por el criterio del \u00abnumerus clausus\u00bb, no se contempla la constataci\u00f3n y protecci\u00f3n sustantiva del tr\u00e1fico jur\u00eddico sobre las acciones en que se divide el capital de las sociedades an\u00f3nimas. La titularidad de [&hellip;]<\/p>\n","protected":false},"author":8,"featured_media":0,"comment_status":"open","ping_status":"closed","sticky":false,"template":"","format":"aside","meta":{"_bbp_topic_count":0,"_bbp_reply_count":0,"_bbp_total_topic_count":0,"_bbp_total_reply_count":0,"_bbp_voice_count":0,"_bbp_anonymous_reply_count":0,"_bbp_topic_count_hidden":0,"_bbp_reply_count_hidden":0,"_bbp_forum_subforum_count":0,"footnotes":""},"categories":[2827],"tags":[],"class_list":{"0":"post-13457","1":"post","2":"type-post","3":"status-publish","4":"format-aside","6":"category-actos-no-inscribibles","7":"post_format-post-format-aside"},"_links":{"self":[{"href":"https:\/\/www.notariosyregistradores.com\/web\/wp-json\/wp\/v2\/posts\/13457","targetHints":{"allow":["GET"]}}],"collection":[{"href":"https:\/\/www.notariosyregistradores.com\/web\/wp-json\/wp\/v2\/posts"}],"about":[{"href":"https:\/\/www.notariosyregistradores.com\/web\/wp-json\/wp\/v2\/types\/post"}],"author":[{"embeddable":true,"href":"https:\/\/www.notariosyregistradores.com\/web\/wp-json\/wp\/v2\/users\/8"}],"replies":[{"embeddable":true,"href":"https:\/\/www.notariosyregistradores.com\/web\/wp-json\/wp\/v2\/comments?post=13457"}],"version-history":[{"count":0,"href":"https:\/\/www.notariosyregistradores.com\/web\/wp-json\/wp\/v2\/posts\/13457\/revisions"}],"wp:attachment":[{"href":"https:\/\/www.notariosyregistradores.com\/web\/wp-json\/wp\/v2\/media?parent=13457"}],"wp:term":[{"taxonomy":"category","embeddable":true,"href":"https:\/\/www.notariosyregistradores.com\/web\/wp-json\/wp\/v2\/categories?post=13457"},{"taxonomy":"post_tag","embeddable":true,"href":"https:\/\/www.notariosyregistradores.com\/web\/wp-json\/wp\/v2\/tags?post=13457"}],"curies":[{"name":"wp","href":"https:\/\/api.w.org\/{rel}","templated":true}]}}