{"id":136873,"date":"2026-04-28T14:22:59","date_gmt":"2026-04-28T12:22:59","guid":{"rendered":"https:\/\/www.notariosyregistradores.com\/web\/?p=136873"},"modified":"2026-04-28T15:00:14","modified_gmt":"2026-04-28T13:00:14","slug":"informe-mercantil-abril-2026-hacia-un-tipo-unico-de-sociedad-en-la-ue","status":"publish","type":"post","link":"https:\/\/www.notariosyregistradores.com\/web\/secciones\/oficina-mercantil\/informes-mensuales-o-m\/informe-mercantil-abril-2026-hacia-un-tipo-unico-de-sociedad-en-la-ue\/","title":{"rendered":"Informe mercantil abril 2026. Hacia un tipo \u00fanico de sociedad en la UE."},"content":{"rendered":"<h1 style=\"text-align: center;\"><strong><a id=\"arriba\"><\/a><span style=\"font-size: 18pt;\">INFORME MERCANTIL ABRIL <\/span><\/strong><strong style=\"font-size: 1.5rem;\"><span style=\"font-size: 18pt;\">DE 2026\u00a0<\/span><\/strong><\/h1>\n<h2 style=\"text-align: center;\"><span style=\"color: #0000ff;\">Jos\u00e9 \u00c1ngel Garc\u00eda Valdecasas Butr\u00f3n<\/span><\/h2>\n<h2 style=\"text-align: center;\"><span style=\"color: #0000ff;\">Registrador de la Propiedad y Mercantil<\/span><\/h2>\n<p>&nbsp;<\/p>\n<a class=\"mwm-aal-item\" name=\"cuestiones-de-interes\"><\/a><h6 style=\"text-align: justify;\"><span style=\"font-size: 14pt; color: #0000ff;\"><strong>CUESTIONES DE INTER\u00c9S:<\/strong><\/span><\/h6>\n<a class=\"mwm-aal-item\" name=\"surge-un-nuevo-tipo-de-sociedad-de-capital-en-la-ue-la-eu-inc\"><\/a><h6 style=\"text-align: justify;\"><span style=\"font-size: 14pt;\"><strong>\u00bfSurge un nuevo tipo de sociedad de capital en la UE: la EU-Inc?<\/strong><\/span><\/h6>\n<p style=\"text-align: justify;\">No descubrimos nada si decimos que en el \u00e1mbito empresarial, de los negocios y de la competitividad, unas de las mayores preocupaciones de la Comisi\u00f3n Europea, ha sido y lo sigue siendo, el de facilitar la constituci\u00f3n de las sociedades que dan cobijo a las empresas y el de aligerarlas de requisitos burocr\u00e1ticos innecesarios o superfluos, y todo ello sin que queden afectados derechos fundamentales de socios y de trabajadores, algo que tambi\u00e9n forma parte de esas preocupaciones<strong>.<\/strong><\/p>\n<p style=\"text-align: justify;\">No vamos a exponer aqu\u00ed las muchas Directivas que, aparte de su finalidad de unificar el derecho de sociedades entre los 27 Estados miembros, tambi\u00e9n han procurado facilitar el libre tr\u00e1nsito de capitales y la libre competitividad entre empresas e iniciativas empresariales con el objetivo de llegar al deseado mercado \u00fanico europeo.<\/p>\n<p style=\"text-align: justify;\">En ese sentido y con esa finalidad la Comisi\u00f3n quiere implementar ahora, dentro de la UE, un <strong>nuevo tipo de sociedad<\/strong> que sea \u00fanico y que, pese a que se constituya o nazca en cualquiera de los Estados miembros, tenga los mismos requisitos y pueda funcionar, sin tr\u00e1mites adicionales, en cualquiera de esos Estados.<\/p>\n<p style=\"text-align: justify;\">As\u00ed, el pasado 18 de marzo la Comisi\u00f3n Europea present\u00f3 su propuesta bajo la denominaci\u00f3n de <strong><a href=\"https:\/\/www.eu-inc.org\/faq\" target=\"_blank\" rel=\"nofollow noopener noreferrer\">EU Inc<\/a>.<\/strong> relativa a ese nuevo r\u00e9gimen jur\u00eddico societario armonizado.<\/p>\n<p style=\"text-align: justify;\">Para ello propone aprobar por medio de un <strong>Reglamento<\/strong>, de aplicaci\u00f3n directa en todos los Estados, un nuevo conjunto \u00fanico de normas societarias que constituir\u00e1 la piedra angular y el punto de partida de lo que llama el <strong>28\u00ba r\u00e9gimen de la UE<\/strong>, como forma de mejorar la competitividad y de que las startups europeas puedan alcanzar un volumen similar al de las grandes tecnol\u00f3gicas norteamericanas. Con ello lo que se quiere es que las empresas y los empresarios innovadores que quieran expandirse fuera de Europa cuenten con una nueva forma social que les invite a la creaci\u00f3n de empresas o que incluso algunas de las empresas que por dificultades administrativas tuvieron que emigrar fuera de las fronteras europeas, vuelvan a su casa. Tambi\u00e9n evitar\u00e1 que esas empresas o empresarios tengan que \u201ctransitar por un panorama jur\u00eddico societario fragmentado\u201d con 27 ordenamientos jur\u00eddicos nacionales y m\u00e1s de 60 tipos de sociedades.<\/p>\n<p style=\"text-align: justify;\">Las <strong>caracter\u00edsticas<\/strong> de esta <strong>nueva forma social<\/strong> las podemos extractar, seg\u00fan informe de la propia Comisi\u00f3n, en los siguientes puntos:<\/p>\n<p style=\"text-align: justify;\">&#8212; se trata de un <strong>nuevo marco societario<\/strong> europeo de car\u00e1cter <strong>opcional<\/strong> y digital por defecto;<\/p>\n<p style=\"text-align: justify;\">&#8212; su aprobaci\u00f3n ser\u00e1 por medio de un <strong>Reglamento <\/strong>lo que garantiza la aplicaci\u00f3n de iguales normas en todos los Estados miembros;<\/p>\n<p style=\"text-align: justify;\">&#8212; se podr\u00e1n <strong>constituir en 48 horas<\/strong>, desde cualquier lugar de la Uni\u00f3n Europea e \u00edntegramente en l\u00ednea;<\/p>\n<p style=\"text-align: justify;\">&#8212; el coste de constituci\u00f3n ser\u00e1 <strong>inferior a 100 euros<\/strong> y sin exigencias de capital m\u00ednimo, aunque en alguna otra web consultada se habla de un capital simb\u00f3lico de 1 euro;<\/p>\n<p style=\"text-align: justify;\">&#8212; la informaci\u00f3n societaria s\u00f3lo ser\u00e1 necesario presentarla <strong>una vez<\/strong>, a trav\u00e9s de una\u00a0interfaz de la UE\u00a0que conecta los registros mercantiles nacionales;<\/p>\n<p style=\"text-align: justify;\">&#8212; se prev\u00e9 una segunda fase en el plazo de dos a\u00f1os, en la que se proceder\u00e1 a la creaci\u00f3n de un\u00a0<strong>Registro central mercantil<\/strong> de la UE, en el que se inscribir\u00edan estas sociedades<u>;<\/u><\/p>\n<p style=\"text-align: justify;\">&#8212; la obtenci\u00f3n del <strong>NIF o cualquier otro requisito fiscal que sea necesario<\/strong> se har\u00e1 de forma autom\u00e1tica con la documentaci\u00f3n presentada en el Registro Mercantil;<\/p>\n<p style=\"text-align: justify;\">&#8212; todos los actos societarios o empresariales ser\u00e1n <strong>digitales<\/strong> por defecto a lo largo de todo el ciclo de vida de la empresa;<\/p>\n<p style=\"text-align: justify;\">&#8212; posibilidad de una <strong>segunda oportunidad<\/strong> mayor rapidez y menor coste, para lo que se implementar\u00e1n procedimientos de <strong>insolvencia<\/strong> y de <strong>liquidaci\u00f3n<\/strong> simplificados;<\/p>\n<p style=\"text-align: justify;\"><strong>\u00a0<\/strong>&#8212; se simplificar\u00e1 la <strong>transmisi\u00f3n de acciones<\/strong>, sin participaci\u00f3n de intermediarios;<\/p>\n<p style=\"text-align: justify;\">&#8212; se posibilitar\u00e1n programas de <strong>opciones de compra<\/strong> de acciones para empleados;<\/p>\n<p style=\"text-align: justify;\">&#8212; la opci\u00f3n de compra de acciones solo tributar\u00e1 por los ingresos generados tras la venta;<\/p>\n<p style=\"text-align: justify;\">&#8212; posibilidad de <strong>cotizar<\/strong> en bolsa;<\/p>\n<p style=\"text-align: justify;\">&#8212; tendr\u00e1n libertad para <strong>elegir el Estado<\/strong> miembro en el que se constituyan con garant\u00eda de recibir el mismo trato que las dem\u00e1s sociedades nacionales;<\/p>\n<p style=\"text-align: justify;\">&#8212; se le aplicar\u00e1n las normas del <strong>derecho nacional<\/strong> en materia social y de empleo;<\/p>\n<p style=\"text-align: justify;\">&#8212; si existen, se aplicar\u00e1n las normas nacionales sobre <strong>cogesti\u00f3n<\/strong>;<\/p>\n<p style=\"text-align: justify;\">&#8212; se podr\u00e1n crear <strong>diferentes clases de acciones<\/strong> con distintos derechos econ\u00f3micos o de voto;<\/p>\n<p style=\"text-align: justify;\">&#8212; se prev\u00e9 la posibilidad de\u00a0<strong>crear \u00f3rganos jurisdiccionales<\/strong> especializados\u00a0para el conocimiento de las cuestiones relacionadas con la legislaci\u00f3n societaria de EU Inc.<\/p>\n<p style=\"text-align: justify;\">Como vemos la intenci\u00f3n es la de crear una <strong>sociedad europea<\/strong> disciplinada de forma \u00edntegra por el derecho de la UE y ello con la finalidad clara de ir hacia un <strong>verdadero mercado \u00fanico<\/strong> evitando la fragmentaci\u00f3n de las legislaciones societarias de distinto Estados miembros, con el objetivo de impulsar de una forma decidida la competitividad y sobre todo para atender las exigencias de las empresas realmente innovadoras. En suma, lo que se quiere desde la Comisi\u00f3n es impulsar el talento y al mismo tiempo crear un <strong>entorno adecuado<\/strong> en el que las empresas realmente creadoras de ideas originales y rompedoras puedan beneficiarse de un conjunto \u00fanico y armonizado de normas a escala de la UE, que incluyan todos los aspectos pertinentes del Derecho de sociedades.<\/p>\n<p style=\"text-align: justify;\">Los plazos que para ello propone la Comisi\u00f3n son realmente <strong>cortos<\/strong> pues se procurar\u00e1 que su regulaci\u00f3n se complete a lo largo de 2026 con el objetivo de que ya est\u00e9 operativa en el a\u00f1o <strong>2027<\/strong>.<\/p>\n<p style=\"text-align: justify;\">Confiemos en que el <strong>\u00e9xito<\/strong> acompa\u00f1e a esta nueva iniciativa de la Comisi\u00f3n y no ocurra como en los casos de las llamadas <a href=\"https:\/\/www.notariosyregistradores.com\/web\/normas\/destacadas\/aspectos-societarios-de-la-ley-de-creacion-y-crecimiento-de-empresas\/\"><strong>sociedades expr\u00e9s<\/strong> <strong>y similares intentos de agilizaci\u00f3n<\/strong><\/a> que en poco han contribuido a aligerar tr\u00e1mites presenciales, ni conseguido en la vida diaria de las sociedades ahorrar costes de intermediaci\u00f3n como medida eficaz de incrementar la competitividad de la empresa.<\/p>\n<p style=\"text-align: justify;\">\u00a0<\/p>\n<a class=\"mwm-aal-item\" name=\"disposiciones-de-caracter-general\"><\/a><h6 style=\"text-align: justify;\"><a href=\"https:\/\/www.notariosyregistradores.com\/web\/normas\/informes-mensuales\/informe-378-boe-marzo-2026\/#disposiciones-generales\"><span style=\"color: #0000ff;\"><span style=\"font-size: 14pt;\">DISPOSICIONES DE CAR\u00c1CTER GENERAL.<\/span><\/span><u><\/u><\/a><\/h6>\n<p style=\"text-align: justify;\">&#8212; El <a href=\"https:\/\/www.notariosyregistradores.com\/web\/normas\/concretas\/resumen-rdley-7-2026-medidas-por-la-guerra-de-iran\/\">Real Decreto-ley 7\/2026, de 20 de marzo<\/a>, por el que se aprueba el Plan Integral de Respuesta a la Crisis en Oriente Medio, que en el plano mercantil contiene una norma que se repite cada vez que se prev\u00e9 que con motivo de alg\u00fan acontecimiento inesperado pueda sobrevenir una crisis econ\u00f3mica. Se trata de la <strong>suspensi\u00f3n de la causa de disoluci\u00f3n por p\u00e9rdidas<\/strong> (art. 363.1.e) LSC, que intenta solucionar el problema de forma similar a la establecida con motivo de los aranceles de Trump, con s\u00f3lo a\u00f1adir el ejercicio 2026, y referirse a la aprobaci\u00f3n de las cuentas de 2025. Para ver un estudio m\u00e1s completo sobre dicha norma se puede pinchar en este <a href=\"https:\/\/www.notariosyregistradores.com\/web\/secciones\/oficina-mercantil\/informes-mensuales-o-m\/informe-mercantil-mayo-2025-ajuste-contable-en-la-disolucion-por-perdidas\/#ajuste-contable-de-la-causa-de-disolucion-por-perdidas-real-decreto-ley-4-2025-aranceles\">enlace.<\/a><\/p>\n<p style=\"text-align: justify;\">&#8212; El <a href=\"https:\/\/www.notariosyregistradores.com\/web\/normas\/concretas\/emision-y-recepcion-de-facturas-electronicas\/\">Real Decreto 238\/2026, de 25 de marzo<\/a>, por el que se desarrolla el sistema de <strong>facturaci\u00f3n electr\u00f3nica<\/strong> obligatoria entre empresarios y profesionales, que desarrolla \u00a0los requisitos t\u00e9cnicos y de informaci\u00f3n del sistema espa\u00f1ol de factura electr\u00f3nica entre empresarios y profesionales. Habr\u00e1 una soluci\u00f3n p\u00fablica gratuita, gestionada por la AEAT, que convivir\u00e1 con plataformas privadas. Aunque su entrada en vigor, seg\u00fan la <a href=\"https:\/\/www.boe.es\/buscar\/act.php?id=BOE-A-2026-7295#df-4\">D.F. 4\u00aa<\/a>, es el 20 de abril de 2026, su <strong>aplicaci\u00f3n efectiva<\/strong> se aplaza a la entrada en vigor de la Orden de desarrollo del programa p\u00fablico de facturaci\u00f3n, y una vez desarrollado se aplicar\u00e1 a los doce meses a los empresarios y profesionales cuyo volumen de operaciones haya superado los\u00a08 millones de euros en el a\u00f1o natural anterior, y a los <strong>veinticuatro meses<\/strong> para el resto de empresarios y profesionales.<\/p>\n<a class=\"mwm-aal-item\" name=\"-disposiciones-autonomicas\"><\/a><h6 style=\"text-align: justify;\"><a href=\"https:\/\/www.notariosyregistradores.com\/web\/normas\/informes-mensuales\/informe-378-boe-marzo-2026\/#disposiciones-autonomicas\"><strong><span style=\"font-size: 14pt;\"> <span style=\"color: #0000ff;\">DISPOSICIONES AUTON\u00d3MICAS.<\/span><\/span><\/strong><\/a><\/h6>\n<p style=\"text-align: justify;\">Ninguna mencionable.<\/p>\n<a class=\"mwm-aal-item\" name=\"-tribunal-constitucional\"><\/a><h6 style=\"text-align: justify;\"><span style=\"color: #0000ff;\"><a style=\"color: #0000ff;\" href=\"https:\/\/www.notariosyregistradores.com\/web\/normas\/informes-mensuales\/informe-378-boe-marzo-2026\/#tribunal-constitucional\"><span style=\"font-size: 14pt;\"><b><span style=\"font-family: 'Arial',sans-serif;\"> TRIBUNAL CONSTITUCIONAL<\/span><\/b><\/span>.<\/a><\/span><\/h6>\n<p style=\"text-align: justify;\">Aunque es algo ya sabido, la Sentencia 13\/2026, de 12 de febrero de 2026, del pleno del TC declara la constitucionalidad del <strong>valor de referencia catastral<\/strong> en cuanto grava <strong>valores medios<\/strong> cercanos a los de mercado y se acompa\u00f1a de la posibilidad de estimaci\u00f3n directa de las bases imponibles.<\/p>\n<ul>\n<li><a href=\"https:\/\/www.boe.es\/boe\/dias\/2026\/03\/19\/pdfs\/BOE-A-2026-6480.pdf\">PDF (BOE-A-2026-6480 &#8211; 37\u00a0p\u00e1gs.\u00a0&#8211; 376\u00a0KB)<\/a> <a href=\"https:\/\/www.boe.es\/diario_boe\/txt.php?id=BOE-A-2026-6480\">Otros formatos<\/a><\/li>\n<\/ul>\n<a class=\"mwm-aal-item\" name=\"tribunal-supremo\"><\/a><h6 style=\"text-align: justify;\"><span style=\"font-size: 14pt;\">Tribunal Supremo<\/span><\/h6>\n<p style=\"text-align: justify;\">Tampoco nada de inter\u00e9s.<\/p>\n<a class=\"mwm-aal-item\" name=\"resoluciones\"><\/a><h6 style=\"text-align: justify;\"><a href=\"https:\/\/www.notariosyregistradores.com\/web\/resoluciones\/por-meses\/resoluciones-marzo-2026-direccion-general-de-seguridad-juridica-y-fe-publica\/\"><strong><span style=\"color: #0000ff;\"><span style=\"font-size: 14pt;\">RESOLUCIONES<\/span><\/span><\/strong><\/a><\/h6>\n<a class=\"mwm-aal-item\" name=\"sentencias-sobre-resoluciones\"><\/a><h6 style=\"text-align: justify;\"><span style=\"font-size: 14pt;\"><strong>Sentencias sobre resoluciones<\/strong><\/span><\/h6>\n<p style=\"text-align: justify;\">Ninguna<\/p>\n<a class=\"mwm-aal-item\" name=\"resoluciones-propiedad\"><\/a><h6 style=\"text-align: justify;\"><strong><span style=\"font-size: 14pt;\">Resoluciones Propiedad<\/span><\/strong><\/h6>\n<p style=\"text-align: justify;\"><strong>&#8212; <\/strong><a href=\"https:\/\/www.notariosyregistradores.com\/web\/resoluciones\/por-meses\/resoluciones-marzo-2026-direccion-general-de-seguridad-juridica-y-fe-publica\/#227-solicitud-de-cancelacion-de-derecho-de-reversion-sobre-fincas-expropiadas\"><strong>La 227,<\/strong><\/a> que trata sobre el <strong>derecho de reversi\u00f3n<\/strong> en una expropiaci\u00f3n forzosa declarando que para cancelar la constancia registral de dicho derecho por incumplimiento de los fines de expropiaci\u00f3n, es preciso el consentimiento del titular expropiado o expediente administrativo con audiencia del mismo.<\/p>\n<p style=\"text-align: justify;\"><strong>&#8212; <\/strong><a href=\"https:\/\/www.notariosyregistradores.com\/web\/resoluciones\/por-meses\/resoluciones-marzo-2026-direccion-general-de-seguridad-juridica-y-fe-publica\/#233-venta-extrajudicial-requerimiento-a-los-deudores-valor-de-adjudicacion-inferior-al-50-del-valor-de-subasta\"><strong>La 233,<\/strong><\/a> que en un caso de venta extrajudicial ante notario de un bien hipotecado nos dice que hay que estar estrictamente a lo que dispone el <a href=\"https:\/\/www.notariosyregistradores.com\/web\/normas\/reglamento-hipotecario-titulos-iii-iv-y-v\/#art236c\">art\u00edculo 236\u2013C<\/a> del Reglamento Hipotecario en lo relativo a las <strong>notificaciones al deudor<\/strong>, y si no se recibe la notificaci\u00f3n por el deudor o por alguna de las personas mencionadas en dicho art\u00edculo hay que dar por <strong>concluido<\/strong> el expediente. Adem\u00e1s, si la adjudicaci\u00f3n al postor es por valor inferior al 50% del valor de subasta no es v\u00e1lida, y ello, aunque el acreedor d\u00e9 carta de pago de la totalidad de la deuda, que s\u00ed es superior a ese 50%.<\/p>\n<p style=\"text-align: justify;\"><strong>&#8212; <\/strong><a href=\"https:\/\/www.notariosyregistradores.com\/web\/resoluciones\/por-meses\/resoluciones-marzo-2026-direccion-general-de-seguridad-juridica-y-fe-publica\/#250-herencia-fincas-vinculadas-ob-rem-tracto-sucesivo\"><strong>La 250,<\/strong><\/a> expresiva de que caso de venta de una finca que tiene una serie de otras fincas <strong>vinculadas \u201cob rem\u201d<\/strong>, si en la venta no se ha hecho referencia a las otras fincas vinculadas, en caso de herencia de dicha finca, para que surta efecto respecto de las fincas vinculadas, el tracto sucesivo debe cumplirse respecto de todas las fincas vinculadas.<\/p>\n<p style=\"text-align: justify;\"><strong>&#8212; <\/strong><a href=\"https:\/\/www.notariosyregistradores.com\/web\/resoluciones\/por-meses\/resoluciones-marzo-2026-direccion-general-de-seguridad-juridica-y-fe-publica\/#256-cancelacion-de-asientos-tras-nulidad-por-abusiva-de-clausula-de-vencimiento-anticipado\"><strong>La 256,<\/strong><\/a> muy interesante pues viene a establecer que si una vez adjudicada la finca en procedimiento de ejecuci\u00f3n hipotecaria a la entidad ejecutante con cancelaci\u00f3n de un embargo posterior se presenta al registro un <strong>auto de sobreseimiento por cl\u00e1usula abusiva<\/strong>, ese auto es t\u00edtulo suficiente para revertir una ejecuci\u00f3n, implicando la <strong>reinscripci\u00f3n<\/strong> del dominio a favor del ejecutado y la <strong>reviviscencia<\/strong> de la anotaci\u00f3n de embargo cancelada (recuperando el plazo de vigencia que le restaba), si la finca sigue a nombre de la entidad ejecutante\/adjudicataria.<\/p>\n<p style=\"text-align: justify;\"><strong>&#8212; <\/strong><a href=\"https:\/\/www.notariosyregistradores.com\/web\/resoluciones\/por-meses\/resoluciones-marzo-2026-direccion-general-de-seguridad-juridica-y-fe-publica\/#259-adjudicacion-y-cancelacion-de-cargas-en-procedimiento-concursal-cancelacion-de-hipoteca-sobre-mitad-indivisa\"><strong>La 259,<\/strong><\/a> seg\u00fan la cual, si en procedimiento <strong>concursal<\/strong> en fase de liquidaci\u00f3n se adjudica al mejor postor la mitad indivisa de una finca, procede la <strong>cancelaci\u00f3n de la hipoteca<\/strong> que la grava, <strong>subsistiendo<\/strong> la misma sobre la otra mitad sin perjuicio de la minoraci\u00f3n de lo pagado al acreedor hipotecario y sin perjuicio de las relaciones internas entre deudores.<\/p>\n<p style=\"text-align: justify;\"><strong>&#8212; <\/strong><a href=\"https:\/\/www.notariosyregistradores.com\/web\/resoluciones\/por-meses\/resoluciones-marzo-2026-direccion-general-de-seguridad-juridica-y-fe-publica\/#280-renuncia-unilateral-del-derecho-de-recarga-de-hipoteca\"><strong>La 280,<\/strong><\/a> declarando inscribible la <strong>renuncia unilateral<\/strong> que lleva a cabo un hipotecante no deudor de su derecho de <strong>\u00abrecargar\u00bb la hipoteca<\/strong>, renuncia realizada exclusivamente en beneficio del acreedor hipotecario titular de una hipoteca posterior.<\/p>\n<p style=\"text-align: justify;\"><strong>&#8212; <\/strong><a href=\"https:\/\/www.notariosyregistradores.com\/web\/resoluciones\/por-meses\/resoluciones-marzo-2026-direccion-general-de-seguridad-juridica-y-fe-publica\/#321-venta-de-vpo-con-sobreprecio-nulidad-parcial\"><strong>La 321,<\/strong><\/a> que apart\u00e1ndose del criterio reiterado del TS, va a declarar que una <strong>venta de una VPO<\/strong>, con sobreprecio es nula parcialmente en cuanto a ese <strong>sobreprecio<\/strong>, exigiendo para que pueda inscribirse la venta la pertinente resoluci\u00f3n administrativa que exprese la no exigencia de visado previo de la Administraci\u00f3n para autorizar e inscribir la presente transmisi\u00f3n. Indiquemos que para el TS la existencia de sobreprecio s\u00f3lo determinaba sanciones administrativas y p\u00e9rdidas de beneficios. \u00a0<\/p>\n<a class=\"mwm-aal-item\" name=\"resoluciones-mercantil-y-de-bienes-muebles\"><\/a><h6 style=\"text-align: justify;\"><a href=\"https:\/\/www.notariosyregistradores.com\/web\/resoluciones\/por-meses\/resoluciones-marzo-2026-direccion-general-de-seguridad-juridica-y-fe-publica\/#resoluciones-mercantil\"><strong><span style=\"font-size: 14pt;\">Resoluciones Mercantil y de Bienes Muebles<\/span><\/strong><\/a><\/h6>\n<p style=\"text-align: justify;\"><strong>&#8212; <\/strong><a href=\"https:\/\/www.notariosyregistradores.com\/web\/resoluciones\/por-meses\/resoluciones-marzo-2026-direccion-general-de-seguridad-juridica-y-fe-publica\/#r219\"><strong>La 219,<\/strong><\/a> seg\u00fan la cual una <strong>copia simple<\/strong> de una escritura, aunque sea remitida telem\u00e1ticamente por el portal del Colegio Nacional de Registradores de la Propiedad, Mercantiles y de Bienes Muebles de Espa\u00f1a (Corpme), no puede ser objeto de presentaci\u00f3n en el Libro Diario.<\/p>\n<p style=\"text-align: justify;\"><strong>&#8212; <\/strong><a href=\"https:\/\/www.notariosyregistradores.com\/web\/resoluciones\/por-meses\/resoluciones-marzo-2026-direccion-general-de-seguridad-juridica-y-fe-publica\/#r242\"><strong>La 242,<\/strong><\/a> que vuelve a ratificar una vez m\u00e1s que no es posible <strong>depositar<\/strong> las cuentas de un ejercicio social si no est\u00e1n depositadas las de los a\u00f1os anteriores con independencia de cu\u00e1l sea la <strong>causa<\/strong> del no dep\u00f3sito.<\/p>\n<p style=\"text-align: justify;\"><strong>&#8212;<\/strong> <a href=\"https:\/\/www.notariosyregistradores.com\/web\/resoluciones\/por-meses\/resoluciones-marzo-2026-direccion-general-de-seguridad-juridica-y-fe-publica\/#r258\"><strong>La<\/strong> <strong>258,<\/strong><\/a> muy trascendente pues trata de la <strong>motivaci\u00f3n insuficiente<\/strong> de la calificaci\u00f3n estableciendo, con bastante l\u00f3gica pero ciertamente con rigidez, que si la nota de calificaci\u00f3n no est\u00e1 debidamente fundamentada lo que procede es la <strong>revocaci\u00f3n<\/strong> de la misma. Apuntamos que quiz\u00e1s lo procedente hubiera sido <strong>devolver<\/strong> el expediente al momento en que se extiende la nota de calificaci\u00f3n, para que el registrador vuelva a calificar con expresi\u00f3n de los fundamentos de derecho y, sin perjuicio de que si ha incurrido en alguna responsabilidad disciplinaria se le exija en el procedimiento pertinente.<\/p>\n<p style=\"text-align: justify;\"><strong>&#8212; <\/strong><a href=\"https:\/\/www.notariosyregistradores.com\/web\/resoluciones\/por-meses\/resoluciones-marzo-2026-direccion-general-de-seguridad-juridica-y-fe-publica\/#r269\"><strong>La 269,<\/strong><\/a> que permite que en una<strong> convocatoria registral<\/strong> de junta al amparo del <a href=\"https:\/\/www.notariosyregistradores.com\/web\/normas\/ley-de-sociedades-de-capital\/#art171\">art. 171 de la LSC<\/a>, por ausencia de \u00f3rgano de administraci\u00f3n, se solicite un \u00a0<strong>complemento de convocatoria<\/strong> dirigiendo la petici\u00f3n al registrador mercantil.<\/p>\n<p style=\"text-align: justify;\"><strong>&#8212;<\/strong> <a href=\"https:\/\/www.notariosyregistradores.com\/web\/resoluciones\/por-meses\/resoluciones-marzo-2026-direccion-general-de-seguridad-juridica-y-fe-publica\/#r290\"><strong>La 290,<\/strong><\/a> sobre <strong>denominaciones <\/strong>no admisibles, dictaminando que no es admisible la denominaci\u00f3n de <strong>\u201cLejan\u201d<\/strong> por su similitud con las de<strong> \u201cAlejan\u201d<\/strong> y <strong>\u201cLegan\u201d<\/strong> que ya aparecen como registradas.<\/p>\n<p style=\"text-align: justify;\"><strong>&#8212; <\/strong><a href=\"https:\/\/www.notariosyregistradores.com\/web\/resoluciones\/por-meses\/resoluciones-marzo-2026-direccion-general-de-seguridad-juridica-y-fe-publica\/#r310\"><strong>La 310,<\/strong><\/a> seg\u00fan la cual para que los socios de una sociedad de capital puedan recibir su <strong>cuota de liquidaci\u00f3n en bienes<\/strong>, es necesario el consentimiento un\u00e1nime de todos ellos.<\/p>\n<p style=\"text-align: justify;\"><strong>&#8212; <\/strong><a href=\"https:\/\/www.notariosyregistradores.com\/web\/resoluciones\/por-meses\/resoluciones-marzo-2026-direccion-general-de-seguridad-juridica-y-fe-publica\/#r316\"><strong>La 316,<\/strong><\/a> que establece la doctrina de que, si una junta general no ha estado bien constituida, bien por defectos de convocatoria o bien por falta de presidente y secretario, no es posible que la <strong>renuncia de un administrador<\/strong> en su seno pueda tener reflejo en la hoja de la sociedad.<\/p>\n<p style=\"text-align: justify;\"><strong>&#8212; <\/strong><a href=\"https:\/\/www.notariosyregistradores.com\/web\/resoluciones\/por-meses\/resoluciones-marzo-2026-direccion-general-de-seguridad-juridica-y-fe-publica\/#r318\"><strong>La 318,<\/strong><\/a> bastante curiosa pue se admite como denominaci\u00f3n social la de \u201c<strong>Centrofincas, S.L<\/strong>.\u201d pese a la existencia de otra denominaci\u00f3n registrada como <strong>\u201cCentric Finques, S.L\u201d<\/strong>. Se basa la DG en que en catal\u00e1n la palabra \u201ccentric\u201d, no quiere decir \u201ccentro\u201d sino \u201cc\u00e9ntrico\u201d.<\/p>\n<p style=\"text-align: justify;\">Jos\u00e9 \u00c1ngel Garc\u00eda-Valdecasas Butr\u00f3n<\/p>\n<p>&nbsp;<\/p>\n<a class=\"mwm-aal-item\" name=\"enlaces\"><\/a><h6 style=\"text-align: justify;\"><strong><span style=\"color: #0000ff; font-size: 14pt;\">ENLACES:<\/span><\/strong><\/h6>\n<p style=\"text-align: center;\"><strong><span style=\"font-size: 14pt;\"><a href=\"https:\/\/www.notariosyregistradores.com\/web\/normas\/informes-mensuales\/informe-376-boe-enero-2026\/\">LISTA INFORMES MERCANTIL<\/a><\/span><\/strong><\/p>\n<p style=\"text-align: center;\"><strong><span style=\"font-size: 14pt;\"><a href=\"http:\/\/www.notariosyregistradores.com\/web\/category\/secciones\/oficina-mercantil\/\">SECCI\u00d3N REGISTROS MERCANTILES<\/a><\/span><\/strong><\/p>\n<p style=\"text-align: center;\"><a href=\"https:\/\/www.notariosyregistradores.com\/web\/normas\/informes-mensuales\/no-te-lo-pierdas-marzo-2026\/\"><strong><span style=\"font-size: 14pt;\"><em>\u00a1NO TE LO PIERDAS!<\/em> MARZO 2026<\/span><\/strong><\/a><\/p>\n<p style=\"text-align: center;\"><a href=\"https:\/\/www.notariosyregistradores.com\/web\/normas\/informes-mensuales\/informe-378-boe-marzo-2026\/\"><span style=\"font-size: 14pt;\"><strong>INFORME NORMATIVA MARZO DE 2026 (Secciones I y II)<\/strong><\/span><\/a><\/p>\n<p style=\"text-align: center;\"><a href=\"https:\/\/www.notariosyregistradores.com\/web\/resoluciones\/por-meses\/resoluciones-marzo-2026-direccion-general-de-seguridad-juridica-y-fe-publica\/\"><strong><span style=\"font-size: 14pt;\">INFORME RESOLUCIONES MARZO DE 2026<\/span><\/strong><\/a><\/p>\n<p><strong><span style=\"font-size: 14pt;\">RECURSOS EN ESTA WEB SOBRE: <a href=\"https:\/\/www.notariosyregistradores.com\/web\/category\/normas\/\">NORMAS<\/a> &#8211; <a href=\"https:\/\/www.notariosyregistradores.com\/web\/category\/resoluciones\/\">RESOLUCIONES<\/a><\/span><\/strong><\/p>\n<p><strong><span style=\"font-size: 14pt;\">OTROS RECURSOS<\/span><span style=\"font-size: 14pt;\">: <a href=\"https:\/\/www.notariosyregistradores.com\/web\/category\/secciones\/\">Secciones<\/a> &#8211; <a href=\"https:\/\/www.notariosyregistradores.com\/web\/category\/participa\/\">Participa<\/a> &#8211; <a href=\"https:\/\/www.notariosyregistradores.com\/web\/category\/cuadros\/\">Cuadros<\/a> &#8211; <a href=\"https:\/\/www.notariosyregistradores.com\/web\/category\/practica\/\">Pr\u00e1ctica<\/a> &#8211; <a href=\"https:\/\/www.notariosyregistradores.com\/web\/secciones\/oficina-notarial\/modelos-para-documentos-notariales\/\">Modelos<\/a> &#8211; <a href=\"https:\/\/www.notariosyregistradores.com\/web\/category\/utilidades\/\">Utilidades<\/a><\/span><\/strong><\/p>\n<p style=\"text-align: justify;\"><strong><span style=\"font-size: 14pt;\">WEB: <span style=\"font-family: 'comic sans ms', sans-serif;\"><a href=\"http:\/\/www.notariosyregistradores.com\/web\/category\/esta-web\/que-ofrece\/\" target=\"_top\" rel=\"noopener noreferrer\">Qu\u00e9 ofrecemos<\/a> &#8211;\u00a0<a href=\"http:\/\/www.notariosyregistradores.com\/web\/1198-2\/\">NyR, p\u00e1gina de inicio<\/a> &#8211;<\/span> <span style=\"font-family: 'comic sans ms', sans-serif;\"><a href=\"http:\/\/www.notariosyregistradores.com\/web\/esta-web\/ideario\/ideario-de-esta-web\/\" target=\"_top\" rel=\"noopener noreferrer\">Ideario Web<\/a><\/span><\/span><\/strong><\/p>\n<p style=\"text-align: center;\"><span style=\"font-size: 12pt;\"><a href=\"#arriba\"><strong>IR ARRIBA<\/strong><\/a><\/span><\/p>\n<p style=\"text-align: center;\"><strong><span style=\"font-size: 14pt;\"><a href=\"http:\/\/www.notariosyregistradores.com\/\">PORTADA DE LA WEB<\/a><\/span><\/strong><\/p>\n<div id=\"attachment_136944\" style=\"width: 1175px\" class=\"wp-caption aligncenter\"><a href=\"https:\/\/www.notariosyregistradores.com\/web\/secciones\/oficina-mercantil\/informes-mensuales-o-m\/informe-mercantil-abril-2026-hacia-un-tipo-unico-de-sociedad-en-la-ue\/attachment\/granada-claustro_del_monasterio_de_san_jeronimo\/\"><img loading=\"lazy\" decoding=\"async\" aria-describedby=\"caption-attachment-136944\" class=\"size-full wp-image-136944\" src=\"https:\/\/www.notariosyregistradores.com\/web\/wp-content\/uploads\/2026\/04\/Granada-Claustro_del_Monasterio_de_San_Jeronimo.jpeg\" alt=\"\" width=\"1165\" height=\"874\" srcset=\"https:\/\/www.notariosyregistradores.com\/web\/wp-content\/uploads\/2026\/04\/Granada-Claustro_del_Monasterio_de_San_Jeronimo.jpeg 1165w, https:\/\/www.notariosyregistradores.com\/web\/wp-content\/uploads\/2026\/04\/Granada-Claustro_del_Monasterio_de_San_Jeronimo-300x225.jpeg 300w, https:\/\/www.notariosyregistradores.com\/web\/wp-content\/uploads\/2026\/04\/Granada-Claustro_del_Monasterio_de_San_Jeronimo-1024x768.jpeg 1024w, https:\/\/www.notariosyregistradores.com\/web\/wp-content\/uploads\/2026\/04\/Granada-Claustro_del_Monasterio_de_San_Jeronimo-768x576.jpeg 768w, https:\/\/www.notariosyregistradores.com\/web\/wp-content\/uploads\/2026\/04\/Granada-Claustro_del_Monasterio_de_San_Jeronimo-500x375.jpeg 500w\" sizes=\"auto, (max-width: 1165px) 100vw, 1165px\" \/><\/a><p id=\"caption-attachment-136944\" class=\"wp-caption-text\">Claustro del Monasterio de San Jer\u00f3nimo en Granada. Por JFME.<\/p><\/div>\n<div class=\"mceTemp\">\u00a0<\/div>\n","protected":false},"excerpt":{"rendered":"<p>INFORME MERCANTIL ABRIL DE 2026\u00a0 Jos\u00e9 \u00c1ngel Garc\u00eda Valdecasas Butr\u00f3n Registrador de la Propiedad y Mercantil &nbsp; CUESTIONES DE INTER\u00c9S: \u00bfSurge un nuevo tipo de sociedad de capital en la UE: la EU-Inc? No descubrimos nada si decimos que en el \u00e1mbito empresarial, de los negocios y de la competitividad, unas de las mayores preocupaciones [&hellip;]<\/p>\n","protected":false},"author":235,"featured_media":92102,"comment_status":"open","ping_status":"closed","sticky":false,"template":"","format":"standard","meta":{"_bbp_topic_count":0,"_bbp_reply_count":0,"_bbp_total_topic_count":0,"_bbp_total_reply_count":0,"_bbp_voice_count":0,"_bbp_anonymous_reply_count":0,"_bbp_topic_count_hidden":0,"_bbp_reply_count_hidden":0,"_bbp_forum_subforum_count":0,"footnotes":""},"categories":[253],"tags":[492,17929,13782,1612,2772,12713,21390,21394,21393,21388,3804,21392,21389,21391,21387],"class_list":{"0":"post-136873","1":"post","2":"type-post","3":"status-publish","4":"format-standard","5":"has-post-thumbnail","7":"category-informes-mensuales-o-m","8":"tag-calificacion","9":"tag-clausula-abusiva","10":"tag-convocatoria-registral","11":"tag-denominacion-social","12":"tag-derecho-de-reversion","13":"tag-disolucion-por-perdidas","14":"tag-factura-electronica","15":"tag-monasterio-san-jeronimo","16":"tag-motivacion-insuficiente","17":"tag-nuevo-tipo-social","18":"tag-procedimiento-extrajudicial","19":"tag-recarga-hipoteca","20":"tag-simplificacion","21":"tag-sobreprecio-vpo","22":"tag-sociedad-eu-inc"},"_links":{"self":[{"href":"https:\/\/www.notariosyregistradores.com\/web\/wp-json\/wp\/v2\/posts\/136873","targetHints":{"allow":["GET"]}}],"collection":[{"href":"https:\/\/www.notariosyregistradores.com\/web\/wp-json\/wp\/v2\/posts"}],"about":[{"href":"https:\/\/www.notariosyregistradores.com\/web\/wp-json\/wp\/v2\/types\/post"}],"author":[{"embeddable":true,"href":"https:\/\/www.notariosyregistradores.com\/web\/wp-json\/wp\/v2\/users\/235"}],"replies":[{"embeddable":true,"href":"https:\/\/www.notariosyregistradores.com\/web\/wp-json\/wp\/v2\/comments?post=136873"}],"version-history":[{"count":10,"href":"https:\/\/www.notariosyregistradores.com\/web\/wp-json\/wp\/v2\/posts\/136873\/revisions"}],"predecessor-version":[{"id":136948,"href":"https:\/\/www.notariosyregistradores.com\/web\/wp-json\/wp\/v2\/posts\/136873\/revisions\/136948"}],"wp:featuredmedia":[{"embeddable":true,"href":"https:\/\/www.notariosyregistradores.com\/web\/wp-json\/wp\/v2\/media\/92102"}],"wp:attachment":[{"href":"https:\/\/www.notariosyregistradores.com\/web\/wp-json\/wp\/v2\/media?parent=136873"}],"wp:term":[{"taxonomy":"category","embeddable":true,"href":"https:\/\/www.notariosyregistradores.com\/web\/wp-json\/wp\/v2\/categories?post=136873"},{"taxonomy":"post_tag","embeddable":true,"href":"https:\/\/www.notariosyregistradores.com\/web\/wp-json\/wp\/v2\/tags?post=136873"}],"curies":[{"name":"wp","href":"https:\/\/api.w.org\/{rel}","templated":true}]}}