{"id":136986,"date":"2026-04-30T20:49:45","date_gmt":"2026-04-30T18:49:45","guid":{"rendered":"https:\/\/www.notariosyregistradores.com\/web\/?p=136986"},"modified":"2026-05-01T11:18:09","modified_gmt":"2026-05-01T09:18:09","slug":"informe-380-boe-mayo-2026","status":"publish","type":"post","link":"https:\/\/www.notariosyregistradores.com\/web\/normas\/informes-mensuales\/informe-380-boe-mayo-2026\/","title":{"rendered":"INFORME 380. BOE Mayo 2026"},"content":{"rendered":"<p><span style=\"color: #0000ff;\"><strong><span style=\"font-size: 18pt;\">INFORME N\u00ba 380. <\/span><\/strong><\/span><span style=\"color: #0000ff;\"><strong><span style=\"font-size: 18pt;\">(BOE MAYO de 2026)<\/span><\/strong><\/span><\/p>\n<h2 style=\"text-align: center;\"><span style=\"font-size: 18pt;\"><strong>Primera Parte: Secciones I y II.<\/strong><\/span><\/h2>\n<p style=\"text-align: justify;\">Revisado hasta el 1 de mayo.<\/p>\n<p style=\"text-align: justify;\">\u00daltimo contenido a\u00f1adido:<\/p>\n<p style=\"text-align: justify;\">* <a href=\"#disposiciones\">Secci\u00f3n I y Tribunales: 29 de abril<\/a><\/p>\n<p>* <a href=\"#s2\">Secci\u00f3n II: 28 de abril<\/a><\/p>\n<p style=\"text-align: justify;\">* <a href=\"#resoluciones\">Secci\u00f3n III (Resoluciones): 27 de abril<\/a><\/p>\n<p style=\"text-align: center;\"><span style=\"font-size: 14pt;\"><strong><a href=\"http:\/\/www.notariosyregistradores.com\/web\/normas\/cuadro-de-informes-mensuales-generales-de-lo-publicado-en-el-boe\/\" target=\"_blank\" rel=\"noopener\">IR A LISTA DE INFORMES MENSUALES<\/a><\/strong><\/span><\/p>\n<p style=\"text-align: center;\"><a href=\"https:\/\/www.notariosyregistradores.com\/web\/resoluciones\/por-meses\/resoluciones-abril-2026-direccion-general-de-seguridad-juridica-y-fe-publica\/\"><span style=\"font-size: 14pt;\"><strong>IR A RESOLUCIONES DE ABRIL<\/strong><\/span><\/a><\/p>\n<h2 style=\"text-align: center;\"><a href=\"https:\/\/www.notariosyregistradores.com\/web\/normas\/informes-mensuales\/no-te-lo-pierdas-marzo-2026\/\"><strong>IR A\u00a0<em>\u00a1NO TE LO PIERDAS!<\/em> DE MARZO<\/strong><\/a><\/h2>\n<p>&nbsp;<\/p>\n<table style=\"width: 100%; height: 427px;\">\n<tbody>\n<tr style=\"height: 37px;\">\n<td style=\"height: 37px;\" width=\"624\"><span style=\"font-size: 14pt;\"><strong>Equipo de redacci\u00f3n:<\/strong><\/span><\/td>\n<\/tr>\n<tr style=\"height: 26px; text-align: justify;\">\n<td style=\"height: 26px;\" width=\"624\"><span style=\"font-size: 13.3333px;\">*<\/span><a style=\"color: #0f3647; font-size: 13.3333px;\" href=\"https:\/\/www.notariosyregistradores.com\/web\/participa\/quienes-somos\/#amoi\" target=\"_blank\" rel=\"noopener\"> Shadia Nasser Garc\u00eda, notaria de Formentera (Illes Balears), coordinadora en mayo<\/a><\/td>\n<\/tr>\n<tr style=\"height: 26px;\">\n<td style=\"height: 26px;\"><span style=\"font-size: 10pt;\"><a href=\"https:\/\/www.notariosyregistradores.com\/web\/participa\/quienes-somos\/#alvaro\">* \u00c1lvaro Cordero Taborda, notario de Valladolid. Coordinador en abril.<\/a><\/span><\/td>\n<\/tr>\n<tr style=\"height: 26px;\">\n<td style=\"height: 26px;\" width=\"624\"><a style=\"color: #0f3647;\" href=\"https:\/\/www.notariosyregistradores.com\/web\/participa\/quienes-somos\/#jcc\" target=\"_blank\" rel=\"noopener\"><span style=\"font-size: 10pt;\">* Juan Carlos Casas Rojo, registrador de la propiedad de C\u00e1diz n\u00ba 3, coordinador en marzo<\/span><\/a><\/td>\n<\/tr>\n<tr style=\"height: 26px;\">\n<td style=\"height: 26px;\"><a href=\"https:\/\/www.notariosyregistradores.com\/web\/participa\/quienes-somos\/#acm\" target=\"_blank\" rel=\"noopener\"><span style=\"font-size: 10pt;\">* Albert Capell Mart\u00ednez, notario <span style=\"font-size: small;\">de Barcelona, coordinador en febrero<\/span><\/span><\/a><\/td>\n<\/tr>\n<tr style=\"height: 26px;\">\n<td style=\"height: 26px;\" width=\"624\"><a href=\"https:\/\/www.notariosyregistradores.com\/web\/category\/esta-web\/autores\/#jfme\" target=\"_blank\" rel=\"noopener\"><span style=\"font-size: 10pt;\">* Jos\u00e9 F\u00e9lix Merino Escart\u00edn, registrador mercantil central, coordinador general.<\/span><\/a><\/td>\n<\/tr>\n<tr style=\"height: 26px;\">\n<td style=\"height: 26px;\" width=\"624\"><a href=\"https:\/\/www.notariosyregistradores.com\/web\/participa\/quienes-somos\/#afs\" target=\"_blank\" rel=\"noopener\"><span style=\"font-size: 10pt;\">* Alfonso de la Fuente Sancho, notario de San Crist\u00f3bal de La Laguna (Tenerife).<\/span><\/a><\/td>\n<\/tr>\n<tr style=\"height: 26px;\">\n<td style=\"height: 26px;\" width=\"624\"><a href=\"https:\/\/www.notariosyregistradores.com\/web\/participa\/quienes-somos\/#mn\" target=\"_blank\" rel=\"noopener\"><span style=\"font-size: 10pt;\">* Mar\u00eda N\u00fa\u00f1ez N\u00fa\u00f1ez, registradora de la propiedad y mercantil de Lugo.<\/span><\/a><\/td>\n<\/tr>\n<tr style=\"height: 26px;\">\n<td style=\"height: 26px;\" width=\"624\"><a href=\"https:\/\/www.notariosyregistradores.com\/web\/participa\/quienes-somos\/#ies\" target=\"_blank\" rel=\"noopener\"><span style=\"font-size: 10pt;\">* Inmaculada Espi\u00f1eira Soto, notaria de Santiago de Compostela.<\/span><\/a><\/td>\n<\/tr>\n<tr style=\"height: 26px;\">\n<td style=\"height: 26px;\" width=\"624\"><a href=\"https:\/\/www.notariosyregistradores.com\/web\/participa\/quienes-somos\/#jagv\" target=\"_blank\" rel=\"noopener\"><span style=\"font-size: 10pt;\">* Jos\u00e9 \u00c1ngel Garc\u00eda-Valdecasas Butr\u00f3n, registrador.<\/span><\/a><\/td>\n<\/tr>\n<tr style=\"height: 26px;\">\n<td style=\"height: 26px; text-align: justify;\" width=\"624\"><a href=\"https:\/\/www.notariosyregistradores.com\/web\/category\/esta-web\/autores\/#jar\" target=\"_blank\" rel=\"noopener\"><span style=\"font-size: 10pt;\">* Jos\u00e9 Antonio Riera \u00c1lvarez, notario de Arucas (Gran Canaria)<\/span><\/a><\/td>\n<\/tr>\n<tr style=\"height: 26px; text-align: justify;\">\n<td style=\"height: 26px;\" width=\"624\"><a href=\"https:\/\/www.notariosyregistradores.com\/web\/participa\/quienes-somos\/#mgv\" target=\"_blank\" rel=\"noopener\"><span style=\"font-size: 10pt;\">* Mar\u00eda Garc\u00eda-Valdecasas Alguacil, registradora de Barcelona<\/span><\/a><\/td>\n<\/tr>\n<tr style=\"height: 26px; text-align: justify;\">\n<td style=\"height: 26px;\" width=\"624\"><a href=\"https:\/\/www.notariosyregistradores.com\/web\/participa\/quienes-somos\/#er\" target=\"_blank\" rel=\"noopener\"><span style=\"font-size: 10pt;\">* Emma Rojo Iglesias, registradora de Alcal\u00e1 de Henares (Madrid)<\/span><\/a><\/td>\n<\/tr>\n<tr style=\"height: 26px; text-align: justify;\">\n<td style=\"height: 26px;\" width=\"624\"><a href=\"https:\/\/www.notariosyregistradores.com\/web\/category\/esta-web\/autores\/#jmj\" target=\"_blank\" rel=\"noopener\"><span style=\"font-size: 10pt;\">* <span style=\"font-size: 13.3333px;\">Javier M\u00e1ximo Ju\u00e1rez Gonz\u00e1lez, notario de Valencia<\/span><\/span><\/a><\/td>\n<\/tr>\n<tr style=\"height: 26px;\">\n<td style=\"height: 26px;\"><a style=\"color: #0f3647;\" href=\"https:\/\/www.notariosyregistradores.com\/web\/participa\/quienes-somos\/#vej\" target=\"_blank\" rel=\"noopener\"><span style=\"font-size: 10pt;\">* V\u00edctor Esquirol Jim\u00e9nez, notario de El Masnou (Barcelona)<\/span><\/a><\/td>\n<\/tr>\n<tr style=\"height: 26px;\">\n<td style=\"height: 26px;\"><span style=\"font-size: 10pt;\">* <a href=\"https:\/\/www.notariosyregistradores.com\/web\/participa\/quienes-somos\/#amoi\" target=\"_blank\" rel=\"noopener\">Antonio Manuel Oliva Izquierdo, registrador de Trujillo (C\u00e1ceres)<\/a><\/span><\/td>\n<\/tr>\n<\/tbody>\n<\/table>\n<a class=\"mwm-aal-item\" name=\"disposiciones-generales\"><\/a><h6 style=\"text-align: justify;\"><span style=\"font-size: 14pt; color: #0000ff;\"><b><a id=\"disposiciones\"><\/a>DISPOSICIONES GENERALES<\/b><\/span><\/h6>\n<div class=\"enlacesDoc\">\n<div class=\"enlacesDoc\">\n<div class=\"enlacesDoc\">\n<div class=\"enlacesDoc\">\n<div class=\"enlacesDoc\">\n<div class=\"enlacesDoc\">\n<p>&nbsp;<\/p>\n<\/div>\n<\/div>\n<\/div>\n<\/div>\n<\/div>\n<\/div>\n<div class=\"enlacesDoc\" style=\"text-align: justify;\">\n<div class=\"enlacesDoc\">\n<div class=\"enlacesDoc\">\n<div class=\"enlacesDoc\">\n<div class=\"enlacesDoc\">\n<div class=\"enlacesDoc\">\n<div class=\"enlacesDoc\">\n<div class=\"enlacesDoc\">\n<div class=\"enlacesDoc\">\n<div class=\"enlacesDoc\">\n<div class=\"enlacesDoc\">\n<div class=\"enlacesDoc\">\n<div class=\"enlacesDoc\">\n<div class=\"enlacesDoc\">\n<div class=\"enlacesDoc\">\n<div class=\"enlacesDoc\">\n<div class=\"enlacesDoc\">\n<div class=\"enlacesDoc\">\n<div class=\"enlacesDoc\">\n<div class=\"enlacesDoc\">\n<div class=\"enlacesDoc\">\n<div class=\"enlacesDoc\">\n<div class=\"enlacesDoc\">\n<div class=\"enlacesDoc\">\n<div class=\"enlacesDoc\">\n<div class=\"enlacesDoc\">\n<h3 style=\"text-align: justify;\">Disposiciones auton\u00f3micas<\/h3>\n<div class=\"enlacesDoc\" style=\"text-align: justify;\">\n<div class=\"enlacesDoc\">\n<div class=\"enlacesDoc\">\n<div class=\"enlacesDoc\">\n<div class=\"enlacesDoc\">\n<div class=\"enlacesDoc\">\n<div class=\"enlacesDoc\">\n<div class=\"enlacesDoc\">\n<div class=\"enlacesDoc\">\n<div class=\"enlacesDoc\">\n<p>&nbsp;<\/p>\n<\/div>\n<\/div>\n<\/div>\n<\/div>\n<\/div>\n<\/div>\n<\/div>\n<\/div>\n<\/div>\n<\/div>\n<\/div>\n<\/div>\n<\/div>\n<\/div>\n<\/div>\n<\/div>\n<\/div>\n<\/div>\n<\/div>\n<\/div>\n<\/div>\n<\/div>\n<\/div>\n<\/div>\n<\/div>\n<div class=\"enlacesDoc\">\n<div class=\"enlacesDoc\">\n<a class=\"mwm-aal-item\" name=\"tribunal-constitucional\"><\/a><h6 style=\"text-align: justify;\"><span style=\"font-size: 12pt;\">Tribunal Constitucional<\/span><\/h6>\n<\/div>\n<\/div>\n<\/div>\n<\/div>\n<\/div>\n<\/div>\n<\/div>\n<\/div>\n<\/div>\n<\/div>\n<\/div>\n<\/div>\n<\/div>\n<div class=\"enlacesDoc\">\n<div class=\"enlacesDoc\">\n<div class=\"enlacesDoc\">\n<p>&nbsp;<\/p>\n<\/div>\n<\/div>\n<\/div>\n<div class=\"enlacesDoc\">\n<div class=\"enlacesDoc\" style=\"text-align: justify;\">\n<div class=\"enlacesDoc\">\n<div class=\"enlacesDoc\">\n<div class=\"enlacesDoc\">\n<div class=\"enlacesDoc\">\n<div class=\"enlacesDoc\">\n<a class=\"mwm-aal-item\" name=\"seccion-ii\"><\/a><h6 class=\"enlacesDoc\"><strong style=\"font-size: 1rem;\"><span style=\"font-size: 14pt; color: #0000ff;\"><a id=\"s2\"><\/a>SECCI\u00d3N II<\/span><\/strong><\/h6>\n<\/div>\n<\/div>\n<\/div>\n<\/div>\n<\/div>\n<\/div>\n<\/div>\n<div class=\"enlacesDoc\">\n<p style=\"text-align: justify;\">\u00a0<\/p>\n<\/div>\n<a class=\"mwm-aal-item\" name=\"resoluciones-\"><\/a><h6 style=\"text-align: justify;\"><span style=\"font-size: 14pt; color: #0000ff;\"><a id=\"resoluciones\"><\/a>RESOLUCIONES:\u00a0<\/span><\/h6>\n<p style=\"text-align: justify;\">En<strong><span style=\"font-size: 14pt;\"> MAYO<\/span><span style=\"font-size: 14pt;\">, NO <\/span><\/strong><span style=\"font-size: 14pt;\"><span style=\"font-size: 12pt;\">se han publicado , de momento. Se ofrecer\u00e1n en<strong> archivo aparte<\/strong>.<\/span><\/span><\/p>\n<p>&nbsp;<\/p>\n<a class=\"mwm-aal-item\" name=\"enlaces\"><\/a><h6><span style=\"font-size: 14pt;\"><a id=\"enlaces\"><\/a><span style=\"color: #0000ff;\">ENLACES:<\/span><\/span><\/h6>\n<h2 style=\"text-align: center;\"><a href=\"https:\/\/www.notariosyregistradores.com\/web\/normas\/informes-mensuales\/no-te-lo-pierdas-marzo-2026\/\"><strong>IR A\u00a0<em>\u00a1NO TE LO PIERDAS!<\/em> DE MARZO<\/strong><\/a><\/h2>\n<p style=\"text-align: center;\"><span style=\"font-size: 14pt;\"><strong><a href=\"https:\/\/www.notariosyregistradores.com\/web\/normas\/cuadro-de-informes-mensuales-generales-de-lo-publicado-en-el-boe\/\">LISTA DE INFORMES MENSUALES<\/a><\/strong><\/span><\/p>\n<p><span style=\"font-size: 12pt;\"><strong>RECURSOS EN ESTA WEB SOBRE: <a href=\"https:\/\/www.notariosyregistradores.com\/web\/category\/normas\/\">NORMAS<\/a> &#8211; <a href=\"https:\/\/www.notariosyregistradores.com\/web\/category\/resoluciones\/\">RESOLUCIONES<\/a><\/strong><\/span><\/p>\n<p><span style=\"font-size: 12pt;\"><strong>OTROS RECURSOS: <a href=\"https:\/\/www.notariosyregistradores.com\/web\/category\/secciones\/\">Secciones<\/a> &#8211; <a href=\"https:\/\/www.notariosyregistradores.com\/web\/category\/participa\/\">Participa<\/a> &#8211; <a href=\"https:\/\/www.notariosyregistradores.com\/web\/category\/cuadros\/\">Cuadros<\/a> &#8211; <a href=\"https:\/\/www.notariosyregistradores.com\/web\/category\/practica\/\">Pr\u00e1ctica<\/a> &#8211; <a href=\"https:\/\/www.notariosyregistradores.com\/web\/secciones\/oficina-notarial\/modelos-para-documentos-notariales\/\">Modelos<\/a> &#8211; <a href=\"https:\/\/www.notariosyregistradores.com\/web\/category\/utilidades\/\">Utilidades<\/a><\/strong><\/span><\/p>\n<p><span style=\"font-size: 12pt;\"><strong>WEB: <span style=\"font-family: 'comic sans ms', sans-serif;\"><a href=\"http:\/\/www.notariosyregistradores.com\/web\/category\/esta-web\/que-ofrece\/\" target=\"_top\" rel=\"noopener noreferrer\">Qu\u00e9 ofrecemos<\/a> &#8211;\u00a0<a href=\"http:\/\/www.notariosyregistradores.com\/web\/1198-2\/\">NyR, p\u00e1gina de inicio<\/a> &#8211;<\/span> <span style=\"font-family: 'comic sans ms', sans-serif;\"><a href=\"http:\/\/www.notariosyregistradores.com\/web\/esta-web\/ideario\/ideario-de-esta-web\/\" target=\"_top\" rel=\"noopener noreferrer\">Ideario Web<\/a><\/span><\/strong><\/span><\/p>\n<p style=\"text-align: center;\"><strong><span style=\"font-size: 14pt;\"><a href=\"http:\/\/www.notariosyregistradores.com\/\">PORTADA DE LA WEB<\/a><\/span><\/strong><\/p>\n<div id=\"attachment_136988\" style=\"width: 1162px\" class=\"wp-caption aligncenter\"><img loading=\"lazy\" decoding=\"async\" aria-describedby=\"caption-attachment-136988\" class=\"size-full wp-image-136988\" src=\"https:\/\/www.notariosyregistradores.com\/web\/wp-content\/uploads\/2026\/04\/Olvera.jpg\" alt=\"\" width=\"1152\" height=\"768\" srcset=\"https:\/\/www.notariosyregistradores.com\/web\/wp-content\/uploads\/2026\/04\/Olvera.jpg 1152w, https:\/\/www.notariosyregistradores.com\/web\/wp-content\/uploads\/2026\/04\/Olvera-300x200.jpg 300w, https:\/\/www.notariosyregistradores.com\/web\/wp-content\/uploads\/2026\/04\/Olvera-1024x683.jpg 1024w, https:\/\/www.notariosyregistradores.com\/web\/wp-content\/uploads\/2026\/04\/Olvera-768x512.jpg 768w, https:\/\/www.notariosyregistradores.com\/web\/wp-content\/uploads\/2026\/04\/Olvera-500x333.jpg 500w\" sizes=\"auto, (max-width: 1152px) 100vw, 1152px\" \/><p id=\"caption-attachment-136988\" class=\"wp-caption-text\">Olvera (C\u00e1diz). https:\/\/www.sierrabermeja.es\/<\/p><\/div>\n","protected":false},"excerpt":{"rendered":"<p>INFORME N\u00ba 380. (BOE MAYO de 2026) Primera Parte: Secciones I y II. Revisado hasta el 1 de mayo. \u00daltimo contenido a\u00f1adido: * Secci\u00f3n I y Tribunales: 29 de abril * Secci\u00f3n II: 28 de abril * Secci\u00f3n III (Resoluciones): 27 de abril IR A LISTA DE INFORMES MENSUALES IR A RESOLUCIONES DE ABRIL IR [&hellip;]<\/p>\n","protected":false},"author":10,"featured_media":136989,"comment_status":"open","ping_status":"closed","sticky":false,"template":"","format":"standard","meta":{"_bbp_topic_count":0,"_bbp_reply_count":0,"_bbp_total_topic_count":0,"_bbp_total_reply_count":0,"_bbp_voice_count":0,"_bbp_anonymous_reply_count":0,"_bbp_topic_count_hidden":0,"_bbp_reply_count_hidden":0,"_bbp_forum_subforum_count":0,"footnotes":""},"categories":[180],"tags":[],"class_list":{"0":"post-136986","1":"post","2":"type-post","3":"status-publish","4":"format-standard","5":"has-post-thumbnail","7":"category-informes-mensuales"},"_links":{"self":[{"href":"https:\/\/www.notariosyregistradores.com\/web\/wp-json\/wp\/v2\/posts\/136986","targetHints":{"allow":["GET"]}}],"collection":[{"href":"https:\/\/www.notariosyregistradores.com\/web\/wp-json\/wp\/v2\/posts"}],"about":[{"href":"https:\/\/www.notariosyregistradores.com\/web\/wp-json\/wp\/v2\/types\/post"}],"author":[{"embeddable":true,"href":"https:\/\/www.notariosyregistradores.com\/web\/wp-json\/wp\/v2\/users\/10"}],"replies":[{"embeddable":true,"href":"https:\/\/www.notariosyregistradores.com\/web\/wp-json\/wp\/v2\/comments?post=136986"}],"version-history":[{"count":5,"href":"https:\/\/www.notariosyregistradores.com\/web\/wp-json\/wp\/v2\/posts\/136986\/revisions"}],"predecessor-version":[{"id":136998,"href":"https:\/\/www.notariosyregistradores.com\/web\/wp-json\/wp\/v2\/posts\/136986\/revisions\/136998"}],"wp:featuredmedia":[{"embeddable":true,"href":"https:\/\/www.notariosyregistradores.com\/web\/wp-json\/wp\/v2\/media\/136989"}],"wp:attachment":[{"href":"https:\/\/www.notariosyregistradores.com\/web\/wp-json\/wp\/v2\/media?parent=136986"}],"wp:term":[{"taxonomy":"category","embeddable":true,"href":"https:\/\/www.notariosyregistradores.com\/web\/wp-json\/wp\/v2\/categories?post=136986"},{"taxonomy":"post_tag","embeddable":true,"href":"https:\/\/www.notariosyregistradores.com\/web\/wp-json\/wp\/v2\/tags?post=136986"}],"curies":[{"name":"wp","href":"https:\/\/api.w.org\/{rel}","templated":true}]}}