{"id":13917,"date":"2016-01-19T06:28:00","date_gmt":"2016-01-19T05:28:00","guid":{"rendered":"http:\/\/www.notariosyregistradores.com\/web\/?p=13917"},"modified":"2016-01-19T08:28:55","modified_gmt":"2016-01-19T07:28:55","slug":"exclusion-de-socios","status":"publish","type":"post","link":"https:\/\/www.notariosyregistradores.com\/web\/resoluciones\/francisco-sena\/mercantil-francisco-sena\/sociedad-colectiva\/exclusion-de-socios\/","title":{"rendered":"Exclusi\u00f3n de socios"},"content":{"rendered":"<h1>SOCIEDAD COLECTIVA<\/h1>\n<p><strong><a href=\"#Exclusiondesocios\">Exclusi\u00f3n de socios<\/a><\/strong><\/p>\n<p><strong><a id=\"Exclusiondesocios\"><\/a>Exclusi\u00f3n de socios<\/strong>.- Trat\u00e1ndose de un socio que no re\u00fane los requisitos para ser considerado Gerente estatutario (y que precisamente por ello hab\u00eda sido cesado en sus funciones e inscrito el acuerdo en el Registro Mercantil sin los requisitos que impone el art\u00edculo 132 del C\u00f3digo de Comercio) es perfecto y eficaz el acuerdo social de exclusi\u00f3n de la Sociedad por haber incurrido en alguna de las causas concretas del art\u00edculo 218 del C\u00f3digo de Comercio, sin necesidad de previa declaraci\u00f3n judicial.<\/p>\n<p>7 febrero 1953<\/p>\n<p><strong><a id=\"Exclusiondesocios1\"><\/a>Exclusi\u00f3n de socios<\/strong>.- La exclusi\u00f3n de un socio es un t\u00edpico acto social que requiere la formaci\u00f3n de la voluntad com\u00fan a trav\u00e9s de un procedimiento y un mecanismo id\u00f3neos, mediante los cuales la pluralidad de sujetos, actuando como organizaci\u00f3n colegiada deliberante, permiten que surja el acto dotado de relevancia jur\u00eddica y de general eficacia. Por todo lo cual, no puede estimarse acto social la comparecencia de dos socios ante Notario manifestando su voluntad de excluir del ente social a otros dos.<\/p>\n<p>19 noviembre 1957<\/p>\n","protected":false},"excerpt":{"rendered":"<p>SOCIEDAD COLECTIVA Exclusi\u00f3n de socios Exclusi\u00f3n de socios.- Trat\u00e1ndose de un socio que no re\u00fane los requisitos para ser considerado Gerente estatutario (y que precisamente por ello hab\u00eda sido cesado en sus funciones e inscrito el acuerdo en el Registro Mercantil sin los requisitos que impone el art\u00edculo 132 del C\u00f3digo de Comercio) es perfecto [&hellip;]<\/p>\n","protected":false},"author":8,"featured_media":0,"comment_status":"open","ping_status":"closed","sticky":false,"template":"","format":"aside","meta":{"_bbp_topic_count":0,"_bbp_reply_count":0,"_bbp_total_topic_count":0,"_bbp_total_reply_count":0,"_bbp_voice_count":0,"_bbp_anonymous_reply_count":0,"_bbp_topic_count_hidden":0,"_bbp_reply_count_hidden":0,"_bbp_forum_subforum_count":0,"footnotes":""},"categories":[2880],"tags":[],"class_list":{"0":"post-13917","1":"post","2":"type-post","3":"status-publish","4":"format-aside","6":"category-sociedad-colectiva","7":"post_format-post-format-aside"},"_links":{"self":[{"href":"https:\/\/www.notariosyregistradores.com\/web\/wp-json\/wp\/v2\/posts\/13917","targetHints":{"allow":["GET"]}}],"collection":[{"href":"https:\/\/www.notariosyregistradores.com\/web\/wp-json\/wp\/v2\/posts"}],"about":[{"href":"https:\/\/www.notariosyregistradores.com\/web\/wp-json\/wp\/v2\/types\/post"}],"author":[{"embeddable":true,"href":"https:\/\/www.notariosyregistradores.com\/web\/wp-json\/wp\/v2\/users\/8"}],"replies":[{"embeddable":true,"href":"https:\/\/www.notariosyregistradores.com\/web\/wp-json\/wp\/v2\/comments?post=13917"}],"version-history":[{"count":0,"href":"https:\/\/www.notariosyregistradores.com\/web\/wp-json\/wp\/v2\/posts\/13917\/revisions"}],"wp:attachment":[{"href":"https:\/\/www.notariosyregistradores.com\/web\/wp-json\/wp\/v2\/media?parent=13917"}],"wp:term":[{"taxonomy":"category","embeddable":true,"href":"https:\/\/www.notariosyregistradores.com\/web\/wp-json\/wp\/v2\/categories?post=13917"},{"taxonomy":"post_tag","embeddable":true,"href":"https:\/\/www.notariosyregistradores.com\/web\/wp-json\/wp\/v2\/tags?post=13917"}],"curies":[{"name":"wp","href":"https:\/\/api.w.org\/{rel}","templated":true}]}}