{"id":14000,"date":"2016-01-15T12:57:13","date_gmt":"2016-01-15T11:57:13","guid":{"rendered":"http:\/\/www.notariosyregistradores.com\/web\/?p=14000"},"modified":"2016-04-26T08:13:09","modified_gmt":"2016-04-26T06:13:09","slug":"administradores-delegacion-de-facultades","status":"publish","type":"post","link":"https:\/\/www.notariosyregistradores.com\/web\/resoluciones\/francisco-sena\/mercantil-francisco-sena\/sociedad-limitada\/administradores-delegacion-de-facultades\/","title":{"rendered":"Administradores: Delegaci\u00f3n de facultades"},"content":{"rendered":"<h1><strong>SOCIEDAD DE RESPONSABILIDAD LIMITADA<\/strong><\/h1>\n<p><strong><a href=\"#addele\">Administradores: Delegaci\u00f3n de facultades<\/a><\/strong><\/p>\n<p><strong>Administradores: delegaci\u00f3n de facultades<\/strong>.- Tal delegaci\u00f3n s\u00f3lo es posible en los casos en que la gesti\u00f3n social se confiera a un \u00f3rgano colegiado, por lo que no puede admitirse en el supuesto de Administrador \u00fanico y sin que la frase estatutaria \u201cdelegaci\u00f3n de facultades del \u00f3rgano de administraci\u00f3n\u201d pueda comprender el sentido que algunos preceptos legales emplean del t\u00e9rmino \u201cdelegar\u201d para referirse a supuestos de apoderamiento voluntario, dadas las exigencias de claridad y precisi\u00f3n de los Estatutos sociales. Igualmente es doctrina inequ\u00edvoca que en el caso de Administrador \u00fanico es ineficaz frente a terceros cualquier limitaci\u00f3n de la representaci\u00f3n que a \u00e9l corresponde en todo acto comprendido en el objeto social, por lo que la previsi\u00f3n estatutaria de la necesidad de autorizaci\u00f3n de la Junta para el otorgamiento de poderes por aqu\u00e9l no s\u00f3lo carece de eficacia al objeto de excluir la validez de los que sin ella puedan otorgarse, sino que debe ser excluida del Registro en tanto no se precise su alcance meramente interno.<\/p>\n<p>13, 14 y 15 octubre 1992<\/p>\n<p><strong>Administradores: delegaci\u00f3n de facultades<\/strong>.- El empleo del t\u00e9rmino \u201cdelegaci\u00f3n\u201d en un supuesto de nombramiento de apoderado, cuando se observa que se trata del impropio deslizamiento de dicho t\u00e9rmino en la escritura de elevaci\u00f3n a p\u00fablico de un acuerdo -no as\u00ed en la certificaci\u00f3n- no empa\u00f1a el verdadero contenido de la declaraci\u00f3n de voluntad ni el aut\u00e9ntico alcance de las facultades atribuidas, por lo que no debe considerarse un defecto que constituya un obst\u00e1culo para practicar la inscripci\u00f3n.<\/p>\n<p>13 noviembre 1995<\/p>\n<p><strong>Administradores: delegaci\u00f3n de facultades<\/strong>.- Los Estatutos de una Sociedad prev\u00e9n la posibilidad de que la Junta pueda designar, como \u00f3rgano de administraci\u00f3n, un administrador \u00fanico, dos administradores mancomunados o solidarios o un Consejo de Administraci\u00f3n, a\u00f1adiendo que el Consejo podr\u00e1 designar a uno o m\u00e1s Consejeros Delegados, si bien tal delegaci\u00f3n y la elecci\u00f3n de persona requerir\u00e1n la aprobaci\u00f3n de la Junta general; el Registrador se opone a esto \u00faltimo por entender que existe una contradicci\u00f3n entre la previsi\u00f3n de nombramiento por el Consejo y la necesidad de aprobaci\u00f3n por la Junta. La Direcci\u00f3n, rechazando la idea del Registrador de que la figura del Consejero deba tener una configuraci\u00f3n aut\u00f3noma respecto del Consejo de Administraci\u00f3n, resuelve el problema en contra de la calificaci\u00f3n bas\u00e1ndose en el art\u00edculo 44.1\u00ba, letra h de la Ley de Sociedades de Responsabilidad Limitada, en el que, dentro de la enumeraci\u00f3n de las competencias de la Junta general, se contiene una habilitaci\u00f3n a los estatutos para hacerlas extensivas a cualquier otro asunto, habilitaci\u00f3n que si bien no puede entenderse como absoluta, s\u00ed que permite cobijar en su seno la aprobaci\u00f3n de los acuerdos de delegaci\u00f3n de facultades y la designaci\u00f3n de las personas que han de ocupar los cargos delegados, que pasa a ser, de este modo, una competencia estatutaria de la Junta. En definitiva, la iniciativa para delegar, la configuraci\u00f3n del \u00f3rgano delegado, la extensi\u00f3n de las facultades que se deleguen y la designaci\u00f3n de los administradores que pueden actuar como Consejeros Delegados, son competencia del propio Consejo; y por imperativo estatutario, la delegaci\u00f3n en s\u00ed y la designaci\u00f3n de los Consejeros deben ser aprobadas por la Junta, sin que las disfunciones que con ello puedan plantearse sean motivos suficientes para rechazar su inscripci\u00f3n.<\/p>\n<p>12 mayo 1999<\/p>\n<p><strong>Administradores: delegaci\u00f3n de facultades<\/strong>.- La convocatoria de una Junta General, hecha por el Presidente del Consejo de Administraci\u00f3n, plantea una serie de problemas que se examinan, m\u00e1s adelante, bajo el ep\u00edgrafe \u201c\u201dJunta General: Convocatoria\u201d.<\/p>\n<p>\u00a08 marzo 2005<\/p>\n","protected":false},"excerpt":{"rendered":"<p>SOCIEDAD DE RESPONSABILIDAD LIMITADA Administradores: Delegaci\u00f3n de facultades Administradores: delegaci\u00f3n de facultades.- Tal delegaci\u00f3n s\u00f3lo es posible en los casos en que la gesti\u00f3n social se confiera a un \u00f3rgano colegiado, por lo que no puede admitirse en el supuesto de Administrador \u00fanico y sin que la frase estatutaria \u201cdelegaci\u00f3n de facultades del \u00f3rgano de [&hellip;]<\/p>\n","protected":false},"author":8,"featured_media":0,"comment_status":"open","ping_status":"closed","sticky":false,"template":"","format":"aside","meta":{"_bbp_topic_count":0,"_bbp_reply_count":0,"_bbp_total_topic_count":0,"_bbp_total_reply_count":0,"_bbp_voice_count":0,"_bbp_anonymous_reply_count":0,"_bbp_topic_count_hidden":0,"_bbp_reply_count_hidden":0,"_bbp_forum_subforum_count":0,"footnotes":""},"categories":[5395],"tags":[],"class_list":{"0":"post-14000","1":"post","2":"type-post","3":"status-publish","4":"format-aside","6":"category-sociedad-limitada","7":"post_format-post-format-aside"},"_links":{"self":[{"href":"https:\/\/www.notariosyregistradores.com\/web\/wp-json\/wp\/v2\/posts\/14000","targetHints":{"allow":["GET"]}}],"collection":[{"href":"https:\/\/www.notariosyregistradores.com\/web\/wp-json\/wp\/v2\/posts"}],"about":[{"href":"https:\/\/www.notariosyregistradores.com\/web\/wp-json\/wp\/v2\/types\/post"}],"author":[{"embeddable":true,"href":"https:\/\/www.notariosyregistradores.com\/web\/wp-json\/wp\/v2\/users\/8"}],"replies":[{"embeddable":true,"href":"https:\/\/www.notariosyregistradores.com\/web\/wp-json\/wp\/v2\/comments?post=14000"}],"version-history":[{"count":0,"href":"https:\/\/www.notariosyregistradores.com\/web\/wp-json\/wp\/v2\/posts\/14000\/revisions"}],"wp:attachment":[{"href":"https:\/\/www.notariosyregistradores.com\/web\/wp-json\/wp\/v2\/media?parent=14000"}],"wp:term":[{"taxonomy":"category","embeddable":true,"href":"https:\/\/www.notariosyregistradores.com\/web\/wp-json\/wp\/v2\/categories?post=14000"},{"taxonomy":"post_tag","embeddable":true,"href":"https:\/\/www.notariosyregistradores.com\/web\/wp-json\/wp\/v2\/tags?post=14000"}],"curies":[{"name":"wp","href":"https:\/\/api.w.org\/{rel}","templated":true}]}}