{"id":140382,"date":"2026-08-31T20:34:29","date_gmt":"2026-08-31T18:34:29","guid":{"rendered":"https:\/\/www.notariosyregistradores.com\/web\/?p=140382"},"modified":"2026-08-31T20:34:29","modified_gmt":"2026-08-31T18:34:29","slug":"titulares-nyr-2026","status":"publish","type":"post","link":"https:\/\/www.notariosyregistradores.com\/web\/sc\/titulares-nyr-2026\/","title":{"rendered":"Titulares NyR 2026"},"content":{"rendered":"<h1 style=\"text-align: center;\"><span style=\"font-size: 18pt; color: #0000ff;\">\u00a0<span style=\"font-size: 24pt;\"><strong>TITULARES 2026<\/strong><\/span><\/span><\/h1>\n<p style=\"text-align: center;\"><strong>(usa control + f -las dos teclas a la vez- para buscar texto)\u00a0\u00a0\u00a0<\/strong><\/p>\n<h2 style=\"text-align: center;\"><span style=\"font-size: 18pt;\"><strong>IR A TITULARES A\u00d1OS ANTERIORES:<\/strong><\/span><\/h2>\n<p style=\"text-align: center;\"><strong><span style=\"font-size: 18pt;\"><a href=\"https:\/\/www.notariosyregistradores.com\/web\/sc\/titulares-nyr-2025\/\">2025<\/a> \u00a0 \u00a0<a href=\"https:\/\/www.notariosyregistradores.com\/web\/sc\/titulares-nyr-2024\/\">2024<\/a>\u00a0 \u00a0 <a href=\"https:\/\/www.notariosyregistradores.com\/web\/sc\/titulares-nyr-2023\/\">2023<\/a> \u00a0 <\/span><\/strong><\/p>\n<p style=\"text-align: center;\"><span style=\"font-size: 14pt;\"><strong><a href=\"https:\/\/www.notariosyregistradores.com\/web\/pruebas\/titulares-nyr-2022\/\">2022<\/a>\u00a0 \u00a0 <a href=\"https:\/\/www.notariosyregistradores.com\/web\/pruebas\/titulares-nyr-2021\/\">2021<\/a>\u00a0 \u00a0 <a href=\"https:\/\/www.notariosyregistradores.com\/web\/pruebas\/titulares-nyr-2020\/\">2020<\/a>\u00a0 \u00a0 <a href=\"https:\/\/www.notariosyregistradores.com\/web\/sc\/titulares-nyr-2019\/\">2019<\/a>\u00a0 \u00a0 <a href=\"https:\/\/www.notariosyregistradores.com\/web\/pruebas\/titulares-nyr-2018\/\">2018<\/a><\/strong><\/span><\/p>\n<h2 style=\"text-align: center;\"><span style=\"font-size: 18pt;\"><span style=\"font-size: 14pt;\"><a href=\"https:\/\/www.notariosyregistradores.com\/web\/pruebas\/titulares-nyr-2017\/\">2017<\/a>\u00a0 \u00a0 <a href=\"http:\/\/www.notariosyregistradores.com\/web\/pruebas\/titulares-nyr-2016\/\">2016<\/a> <\/span>\u00a0\u00a0<\/span><strong><span style=\"font-size: 14pt;\"> <a href=\"http:\/\/www.notariosyregistradores.com\/web\/?p=13281\">2015<\/a>\u00a0 \u00a0\u00a0<a href=\"http:\/\/www.notariosyregistradores.com\/index_archivos\/frame-derecha-2014.htm\">2014<\/a>\u00a0 \u00a0\u00a0<a href=\"http:\/\/www.notariosyregistradores.com\/index_archivos\/frame-derecha-2013.htm\">2013<\/a><\/span><\/strong><\/h2>\n<h2 style=\"text-align: center;\"><strong><span style=\"font-size: 14pt;\"><a href=\"http:\/\/www.notariosyregistradores.com\/index_archivos\/frame-derecha-2012.htm\">2012<\/a>\u00a0 \u00a0\u00a0<\/span><\/strong><strong><span style=\"font-size: 14pt;\"><a href=\"http:\/\/www.notariosyregistradores.com\/index_archivos\/frame-derecha-2011.htm\">2011<\/a>\u00a0 \u00a0\u00a0<\/span><\/strong><strong><span style=\"font-size: 14pt;\"><a href=\"http:\/\/www.notariosyregistradores.com\/index_archivos\/frame-derecha-2010.htm\">2010<\/a>\u00a0 \u00a0 <a href=\"http:\/\/www.notariosyregistradores.com\/index_archivos\/frame-derecha-2009.htm\">2009<\/a>\u00a0 \u00a0 <a href=\"http:\/\/www.notariosyregistradores.com\/index_archivos\/frame-derecha-2008.htm\">2008<\/a><\/span><\/strong><\/h2>\n<h2 style=\"text-align: center;\"><strong><span style=\"font-size: 14pt;\"><a href=\"http:\/\/www.notariosyregistradores.com\/index_archivos\/frame-derecha-2007.htm\">2007<\/a>\u00a0 \u00a0\u00a0<\/span><\/strong><strong><span style=\"font-size: 14pt;\"><a href=\"http:\/\/www.notariosyregistradores.com\/index_archivos\/frame-derecha-2006.htm\">2006<\/a>\u00a0 \u00a0 <a href=\"http:\/\/www.notariosyregistradores.com\/index_archivos\/frame-derecha-2005.htm\">2005<\/a>\u00a0 \u00a0 <a href=\"http:\/\/www.notariosyregistradores.com\/index_archivos\/frame-derecha-2004.htm\">2004<\/a>\u00a0 \u00a0 <a href=\"http:\/\/www.notariosyregistradores.com\/index_archivos\/frame-derecha-2003.htm\">2003<\/a><\/span><\/strong><\/h2>\n<p style=\"text-align: center;\"><span style=\"font-size: 18pt;\"><strong>Ir a\u00a0<a href=\"http:\/\/www.notariosyregistradores.com\/\">\u00daLTIMOS TITULARES<\/a>\u00a0y a\u00a0<a href=\"https:\/\/www.notariosyregistradores.com\/web\/?p=1393\">PEN\u00daLTIMOS TITULARES<\/a><\/strong><\/span><\/p>\n<p style=\"text-align: justify;\"><strong><a href=\"https:\/\/www.notariosyregistradores.com\/web\/resoluciones\/por-meses\/resoluciones-abril-2026-direccion-general-de-seguridad-juridica-y-fe-publica\/\">28-IV. El BOE de 27\/04 publica las quince primeras resoluciones del mes: estos son los titulares<\/a><\/strong><\/p>\n<table style=\"border-collapse: collapse; width: 100%;\">\n<tbody>\n<tr>\n<td style=\"width: 50%; border-style: none; text-align: center; vertical-align: top;\">\n<p><strong><span style=\"font-size: 12pt;\"><a href=\"https:\/\/www.notariosyregistradores.com\/web\/normas\/concretas\/resumen-de-la-ley-1-2026-de-8-de-abril-integral-de-impulso-de-la-economia-social\/\">Resumen Ley 1\/2026, 8 abril, integral de impulso de la econom\u00eda social<\/a><\/span><\/strong><\/p>\n<p><a href=\"https:\/\/www.notariosyregistradores.com\/web\/normas\/concretas\/resumen-de-la-ley-1-2026-de-8-de-abril-integral-de-impulso-de-la-economia-social\/\"><img loading=\"lazy\" decoding=\"async\" class=\"aligncenter\" src=\"https:\/\/www.notariosyregistradores.com\/web\/wp-content\/uploads\/2026\/04\/Cuenca-Estrecho_de_Priego-pq.jpg\" alt=\"\" width=\"279\" height=\"186\" \/><\/a><\/p>\n<\/td>\n<td style=\"width: 50%; border-style: none; text-align: center; vertical-align: top;\">\n<p><strong><span style=\"font-size: 12pt;\"><a href=\"https:\/\/www.notariosyregistradores.com\/web\/secciones\/oficina-mercantil\/informes-mensuales-o-m\/informe-mercantil-abril-2026-hacia-un-tipo-unico-de-sociedad-en-la-ue\/\" target=\"_blank\" rel=\"noopener\">Informe Mercantil Abril 2026. Hacia un tipo \u00fanico de sociedad en la UE<\/a><\/span><\/strong><\/p>\n<p><a href=\"https:\/\/www.notariosyregistradores.com\/web\/secciones\/oficina-mercantil\/informes-mensuales-o-m\/informe-mercantil-abril-2026-hacia-un-tipo-unico-de-sociedad-en-la-ue\/\"><img loading=\"lazy\" decoding=\"async\" class=\"\" src=\"https:\/\/www.notariosyregistradores.com\/web\/wp-content\/uploads\/2026\/04\/Granada-Claustro_del_Monasterio_de_San_Jeronimo-pq.jpeg\" alt=\"\" width=\"239\" height=\"179\" \/><\/a><\/p>\n<\/td>\n<\/tr>\n<\/tbody>\n<\/table>\n<p style=\"text-align: justify;\"><strong><a href=\"https:\/\/www.notariosyregistradores.com\/web\/normas\/informes-mensuales\/informe-379-boe-abril-2026\/#jornada-y-horarios-de-trabajo-del-personal-publico\">28-IV. Jornada y horarios de trabajo del personal al servicio de la Administraci\u00f3n General del Estado.<\/a><\/strong><\/p>\n<p style=\"text-align: justify;\"><a style=\"font-size: 1rem;\" href=\"https:\/\/www.notariosyregistradores.com\/web\/normas\/informes-mensuales\/informe-379-boe-abril-2026\/#modificacion-del-reglamento-de-extranjeria\"><strong>26-IV. Resumen de la reforma del Reglamento de Extranjer\u00eda que incluye una regularizaci\u00f3n extraordinaria.<\/strong><\/a><\/p>\n<p style=\"text-align: justify;\"><strong><a href=\"https:\/\/www.notariosyregistradores.com\/web\/normas\/informes-mensuales\/informe-379-boe-abril-2026\/#codigo-penal-y-lecr-multirreincidencia\">22-IV. Resumen de la reforma del C\u00f3digo Penal y de la LECr sobre reincidencia.<\/a><\/strong><\/p>\n<table style=\"border-collapse: collapse; width: 100%;\">\n<tbody>\n<tr>\n<td style=\"width: 50%; vertical-align: top; text-align: center;\">\n<p><a href=\"https:\/\/www.notariosyregistradores.com\/web\/secciones\/consumo-y-derecho\/informes-mensuales-cyd\/informe-19-jurisprudencia-de-consumo-y-derecho-julio-septiembre-2025\/\"><strong><span style=\"font-size: 12pt;\">Jurisprudencia sobre Consumo y Derecho. Informe n\u00ba 19, <\/span><\/strong><\/a><strong><span style=\"font-size: 12pt;\"><a href=\"https:\/\/www.notariosyregistradores.com\/web\/secciones\/consumo-y-derecho\/informes-mensuales-cyd\/informe-19-jurisprudencia-de-consumo-y-derecho-julio-septiembre-2025\/\">Luc\u00eda Moreno Garc\u00eda<\/a><\/span><\/strong><a href=\"https:\/\/www.notariosyregistradores.com\/web\/secciones\/consumo-y-derecho\/informes-mensuales-cyd\/informe-19-jurisprudencia-de-consumo-y-derecho-julio-septiembre-2025\/\"><img loading=\"lazy\" decoding=\"async\" class=\"aligncenter\" src=\"https:\/\/www.notariosyregistradores.com\/web\/wp-content\/uploads\/2026\/04\/Vuelo-ave-pq.jpg\" width=\"130\" height=\"190\" \/><\/a><\/p>\n<\/td>\n<td style=\"width: 50%; vertical-align: top;\">\n<p style=\"text-align: center;\"><strong><span style=\"font-size: 12pt;\"><a href=\"https:\/\/www.notariosyregistradores.com\/web\/practica\/jurisprudencia\/cronica-breve-de-tribunales-64-dacion-en-pago\/\">Cr\u00f3nica de Tribunales: daci\u00f3n en pago y adjudicaci\u00f3n en pago al acreedor&#8230; \u00c1lvaro Mart\u00edn<\/a><\/span><\/strong><\/p>\n<p><a href=\"https:\/\/www.notariosyregistradores.com\/web\/practica\/jurisprudencia\/cronica-breve-de-tribunales-64-dacion-en-pago\/\"><img loading=\"lazy\" decoding=\"async\" class=\"aligncenter\" src=\"https:\/\/www.notariosyregistradores.com\/web\/wp-content\/uploads\/2026\/04\/Sierra_del_Parque_Natural_del_Valle-Murcia-pq.jpg\" alt=\"\" width=\"269\" height=\"180\" \/><\/a><\/p>\n<\/td>\n<\/tr>\n<\/tbody>\n<\/table>\n<p style=\"text-align: justify;\"><a href=\"https:\/\/www.notariosyregistradores.com\/web\/resoluciones\/por-meses\/resoluciones-marzo-2026-direccion-general-de-seguridad-juridica-y-fe-publica\/#285-hipoteca-sobre-la-totalidad-de-los-derechos-sin-distribucion\"><strong><span style=\"font-size: 11pt;\">11-IV. Hipoteca de la totalidad de los derechos sin distribuci\u00f3n<\/span><\/strong><\/a><\/p>\n<p style=\"text-align: justify;\"><strong><a href=\"https:\/\/www.notariosyregistradores.com\/web\/resoluciones\/indice-tematico-de-las-principales-resoluciones-sobre-georreferenciacion-de-fincas\/\">10-IV. \u00a0Actualizado el \u00edndice de resoluciones sobre georreferenciaci\u00f3n de fincas de V\u00edctor Esquirol Jim\u00e9nez.<\/a><\/strong><\/p>\n<p style=\"text-align: justify;\"><strong><a href=\"https:\/\/www.notariosyregistradores.com\/web\/normas\/informes-mensuales\/informe-379-boe-abril-2026\/#ley-de-economia-social\">09-IV. BOE publica Ley de Econom\u00eda social (cooperativas, empresas de inserci\u00f3n&#8230;)<\/a><\/strong><\/p>\n<table style=\"border-collapse: collapse; width: 100%;\">\n<tbody>\n<tr>\n<td style=\"width: 50%; text-align: center; vertical-align: top;\">\n<p><strong><span style=\"font-size: 12pt;\"><a href=\"https:\/\/www.notariosyregistradores.com\/web\/resoluciones\/sabias-que-4\/#s1592\"><em>\u00bf<\/em><em>Sab\u00edas qu\u00e9&#8230;? <\/em>Del 1587 al 1592: activo esencial, retracto, d. transmisi\u00f3n&#8230;.<\/a><\/span><\/strong><a href=\"https:\/\/www.notariosyregistradores.com\/web\/resoluciones\/sabias-que-4\/#s1592\"><img loading=\"lazy\" decoding=\"async\" class=\"size-full wp-image-136744 aligncenter\" src=\"https:\/\/www.notariosyregistradores.com\/web\/wp-content\/uploads\/2026\/04\/Avila-Basilica_de_Santa_Teresa-pq.jpg\" alt=\"\" width=\"152\" height=\"225\" \/><\/a><\/p>\n<\/td>\n<td style=\"width: 50%; text-align: center; vertical-align: top;\">\n<p><strong><a href=\"https:\/\/www.notariosyregistradores.com\/web\/practica\/revista-derecho-civil\/revista-de-derecho-civil-volumen-xiii-numero-1\/\" target=\"_blank\" rel=\"noopener\"><span style=\"font-size: 12pt;\">Nuevo ejemplar de la Revista de Derecho Civil: N\u00ba 1\/2026 (Enero-Marzo)<\/span><\/a><\/strong><a href=\"https:\/\/www.notariosyregistradores.com\/web\/practica\/revista-derecho-civil\/revista-de-derecho-civil-volumen-xiii-numero-1\/\"><img loading=\"lazy\" decoding=\"async\" class=\"size-full wp-image-136768 aligncenter\" src=\"https:\/\/www.notariosyregistradores.com\/web\/wp-content\/uploads\/2026\/04\/Revista-Derecho-Civil-52.med_.jpg\" alt=\"\" width=\"158\" height=\"225\" \/><\/a><\/p>\n<\/td>\n<\/tr>\n<\/tbody>\n<\/table>\n<p style=\"text-align: justify;\"><strong><a href=\"https:\/\/www.notariosyregistradores.com\/web\/resoluciones\/por-meses\/resoluciones-marzo-2026-direccion-general-de-seguridad-juridica-y-fe-publica\/#256-cancelacion-de-asientos-tras-nulidad-por-abusiva-de-clausula-de-vencimiento-anticipado\">08-IV. Cancelaci\u00f3n de asientos tras nulidad por abusiva de cl\u00e1usula de vencimiento <\/a><a href=\"https:\/\/www.notariosyregistradores.com\/web\/secciones\/fiscal\/normas-fiscal\/campana-2026-de-declaracion-renta-y-patrimonio-2025\/\">anticipado<\/a><\/strong><\/p>\n<p><a href=\"https:\/\/www.notariosyregistradores.com\/web\/secciones\/fiscal\/normas-fiscal\/campana-2026-de-declaracion-renta-y-patrimonio-2025\/\"><strong>06-IV. Campa\u00f1a 2026 de Declaraci\u00f3n Renta y Patrimonio 2025<\/strong><\/a><\/p>\n<p style=\"text-align: justify;\"><strong><a href=\"https:\/\/www.notariosyregistradores.com\/web\/resoluciones\/por-meses\/resoluciones-marzo-2026-direccion-general-de-seguridad-juridica-y-fe-publica\/#321-venta-de-vpo-con-sobreprecio-nulidad-parcial\">06-IV. Venta de VPO con sobreprecio: nulidad parcial<\/a><\/strong><\/p>\n<table style=\"border-collapse: collapse; width: 100%;\">\n<tbody>\n<tr>\n<td style=\"width: 50%; vertical-align: top; text-align: center;\">\n<p><span style=\"font-size: 12pt;\"><strong><a href=\"https:\/\/www.notariosyregistradores.com\/web\/normas\/informes-mensuales\/no-te-lo-pierdas-marzo-2026\/\">No te lo pierdas&#8230; Marzo 2026<\/a><\/strong><\/span><\/p>\n<p><a href=\"https:\/\/www.notariosyregistradores.com\/web\/normas\/informes-mensuales\/no-te-lo-pierdas-marzo-2026\/\"><span style=\"font-size: 12pt;\"><img loading=\"lazy\" decoding=\"async\" class=\"aligncenter\" src=\"https:\/\/www.notariosyregistradores.com\/web\/wp-content\/uploads\/2026\/04\/Valle_de_Broto-Huesca-pq.jpeg\" width=\"294\" height=\"220\" \/><\/span><\/a><\/p>\n<\/td>\n<td style=\"width: 50%; vertical-align: top;\">\n<p style=\"text-align: center;\"><span style=\"font-size: 12pt;\"><strong><a href=\"https:\/\/www.notariosyregistradores.com\/web\/normas\/informes-mensuales\/informe-379-boe-abril-2026\/#codigo-penal-y-lecr-multirreincidencia\">Resumen de la reforma del C\u00f3digo Penal y de la LECr sobre reincidencia<\/a><\/strong><\/span><a href=\"https:\/\/www.notariosyregistradores.com\/web\/normas\/informes-mensuales\/informe-379-boe-abril-2026\/#codigo-penal-y-lecr-multirreincidencia\"><img loading=\"lazy\" decoding=\"async\" class=\"aligncenter size-full wp-image-135465\" src=\"https:\/\/www.notariosyregistradores.com\/web\/wp-content\/uploads\/2026\/03\/Colomera-Iglesia_de_la_Encarnacion-Granada-pq.jpeg\" alt=\"\" width=\"300\" height=\"225\" \/><\/a><\/p>\n<\/td>\n<\/tr>\n<\/tbody>\n<\/table>\n<p style=\"text-align: justify;\"><strong><a href=\"https:\/\/www.notariosyregistradores.com\/web\/resoluciones\/por-meses\/resoluciones-marzo-2026-direccion-general-de-seguridad-juridica-y-fe-publica\/#274-fin-de-obra-sin-aportar-coordenadas-ni-manifestar-actividades-contaminantes\">06-IV. Fin de obra sin aportar coordenadas georreferenciadas ni manifestar actividades contaminantes<\/a><\/strong><\/p>\n<p><a href=\"https:\/\/www.notariosyregistradores.com\/web\/normas\/informes-mensuales\/informe-378-boe-marzo-2026\/#revalorizacion-pensiones-en-2026\"><strong>03-IV. Resumen del RD sobre revalorizaci\u00f3n de las pensiones durante 2026.<\/strong><\/a><\/p>\n<p><strong><a href=\"https:\/\/www.notariosyregistradores.com\/web\/resoluciones\/por-meses\/resoluciones-marzo-2026-direccion-general-de-seguridad-juridica-y-fe-publica\/#280-renuncia-unilateral-del-derecho-de-recarga-de-hipoteca\">01-IV. Renuncia unilateral del derecho de recarga de hipoteca<\/a><\/strong><\/p>\n<table style=\"border-collapse: collapse; width: 100%;\">\n<tbody>\n<tr>\n<td style=\"width: 50%; vertical-align: top; text-align: center;\">\n<p><strong><span style=\"font-size: 12pt;\"><a href=\"https:\/\/www.notariosyregistradores.com\/web\/normas\/concretas\/emision-y-recepcion-de-facturas-electronicas\/\">Resumen RD sobre emisi\u00f3n y recepci\u00f3n de facturas electr\u00f3nicas<\/a><\/span><\/strong><a href=\"https:\/\/www.notariosyregistradores.com\/web\/normas\/concretas\/emision-y-recepcion-de-facturas-electronicas\/\"><img loading=\"lazy\" decoding=\"async\" class=\"aligncenter size-full wp-image-136655\" src=\"https:\/\/www.notariosyregistradores.com\/web\/wp-content\/uploads\/2026\/04\/envio-facturas-pq.jpg\" alt=\"\" width=\"300\" height=\"173\" \/><\/a><\/p>\n<\/td>\n<td style=\"width: 50%; vertical-align: top; text-align: center;\">\n<p><strong><span style=\"font-size: 12pt;\"><a href=\"https:\/\/www.notariosyregistradores.com\/web\/normas\/concretas\/cotizaciones-a-la-seguridad-social-2026\/\">Cotizaciones Seguridad Social 2026<\/a><\/span><\/strong><\/p>\n<p><a href=\"https:\/\/www.notariosyregistradores.com\/web\/normas\/concretas\/cotizaciones-a-la-seguridad-social-2026\/\"><img loading=\"lazy\" decoding=\"async\" class=\"aligncenter size-full wp-image-136700\" src=\"https:\/\/www.notariosyregistradores.com\/web\/wp-content\/uploads\/2026\/04\/Huelva-muelle-Rio_Tinto-pq.jpg\" alt=\"\" width=\"300\" height=\"200\" \/><\/a><\/p>\n<\/td>\n<\/tr>\n<\/tbody>\n<\/table>\n<p><strong><a href=\"https:\/\/www.notariosyregistradores.com\/web\/resoluciones\/por-meses\/resoluciones-marzo-2026-direccion-general-de-seguridad-juridica-y-fe-publica\/#245-compraventa-iniciacion-de-oficio-de-expediente-doble-inmatriculacion\">01-IV. Compraventa. Iniciaci\u00f3n de oficio de expediente de doble inmatriculaci\u00f3n<\/a><\/strong><\/p>\n<p style=\"text-align: justify;\"><strong><a href=\"https:\/\/www.notariosyregistradores.com\/web\/resoluciones\/por-meses\/resoluciones-marzo-2026-direccion-general-de-seguridad-juridica-y-fe-publica\/#311-transmision-de-finca-con-resto-no-descrito-despues-de-una-expropiacion-parcial\">31-III. Transmisi\u00f3n de resto no descrito despu\u00e9s de expropiaci\u00f3n parcial<\/a><\/strong><\/p>\n<p><strong><a href=\"https:\/\/www.notariosyregistradores.com\/web\/resoluciones\/por-meses\/resoluciones-marzo-2026-direccion-general-de-seguridad-juridica-y-fe-publica\/#r241\">30-III. Segregaci\u00f3n y cambio de uso de local a tres viviendas<\/a><\/strong><\/p>\n<table style=\"border-collapse: collapse; width: 100%;\">\n<tbody>\n<tr>\n<td style=\"width: 50%; vertical-align: top; text-align: center;\">\n<p><strong><span style=\"font-size: 12pt;\"><a href=\"https:\/\/www.notariosyregistradores.com\/web\/secciones\/oficina-registral\/estudios\/garantias-reales-y-exoneracion-de-pasivo-insatisfecho\/\">Garant\u00edas reales y exoneraci\u00f3n de pasivo insatisfecho. \u00c1lvaro Mart\u00edn Mart\u00edn<\/a><\/span><\/strong><\/p>\n<p><strong><a href=\"https:\/\/www.notariosyregistradores.com\/web\/secciones\/oficina-registral\/estudios\/garantias-reales-y-exoneracion-de-pasivo-insatisfecho\/\"><img loading=\"lazy\" decoding=\"async\" class=\"\" src=\"https:\/\/www.notariosyregistradores.com\/web\/wp-content\/uploads\/2026\/04\/Bosque_de-Oto-Huesca-pq-150x150.jpg\" alt=\"\" width=\"198\" height=\"198\" \/><\/a><\/strong><\/p>\n<\/td>\n<td style=\"width: 50%; vertical-align: top; text-align: center;\">\n<p><span style=\"font-size: 12pt;\"><strong><a href=\"https:\/\/www.notariosyregistradores.com\/web\/secciones\/consumo-y-derecho\/informes-mensuales-cyd\/bibliografia-sobre-consumo-y-derecho-informe-no-39-tercer-trimestre-2025\/\">Bibliograf\u00eda sobre Consumo y Derecho. Informe n\u00ba 39, 3\u00ba trimestre 2025. V\u00edctor Bastante Granell<\/a><\/strong><\/span><\/p>\n<p><a href=\"https:\/\/www.notariosyregistradores.com\/web\/secciones\/consumo-y-derecho\/informes-mensuales-cyd\/bibliografia-sobre-consumo-y-derecho-informe-no-39-tercer-trimestre-2025\/\"><img loading=\"lazy\" decoding=\"async\" class=\"\" src=\"https:\/\/www.notariosyregistradores.com\/web\/wp-content\/uploads\/2026\/04\/Libreria_Starfield-Seul-Corea-pq.jpg\" alt=\"\" width=\"257\" height=\"171\" \/><\/a><\/p>\n<\/td>\n<\/tr>\n<\/tbody>\n<\/table>\n<p style=\"text-align: justify;\"><strong><a href=\"https:\/\/www.notariosyregistradores.com\/web\/resoluciones\/por-meses\/resoluciones-marzo-2026-direccion-general-de-seguridad-juridica-y-fe-publica\/#r303\">29-III. Inscripci\u00f3n de arrendamiento sobre parte de finca.<\/a><\/strong><\/p>\n<p style=\"text-align: justify;\"><strong><a href=\"https:\/\/www.notariosyregistradores.com\/web\/resoluciones\/por-meses\/resoluciones-marzo-2026-direccion-general-de-seguridad-juridica-y-fe-publica\/#267-inscripcion-de-representacion-grafica-oposicion-del-ayuntamiento\">27-III. Inscripci\u00f3n de representaci\u00f3n gr\u00e1fica. Oposici\u00f3n del Ayuntamiento<\/a><\/strong><\/p>\n<p style=\"text-align: justify;\"><strong><a href=\"https:\/\/www.notariosyregistradores.com\/web\/resoluciones\/por-meses\/resoluciones-marzo-2026-direccion-general-de-seguridad-juridica-y-fe-publica\/#244-inscripcion-de-representacion-grafica-de-finca-que-contiene-un-engalaberno\">26-III. Inscripci\u00f3n de representaci\u00f3n gr\u00e1fica que contiene un engalaberno<\/a><\/strong><\/p>\n<table style=\"height: 335px; width: 99.68%; border-collapse: collapse;\">\n<tbody>\n<tr style=\"height: 335px;\">\n<td style=\"width: 51.36%; vertical-align: top; height: 335px; text-align: center;\"><span style=\"font-size: 12pt;\"><strong><a href=\"https:\/\/www.notariosyregistradores.com\/web\/secciones\/oficina-registral\/informes-mensuales-o-r\/oficina-registral-propiedad-informe-marzo-2026\/\">Informe Of. Registral. Diez consecuencias de no llevar la documentaci\u00f3n a Registro<\/a><\/strong><\/span><a href=\"https:\/\/www.notariosyregistradores.com\/web\/secciones\/oficina-registral\/informes-mensuales-o-r\/oficina-registral-propiedad-informe-marzo-2026\/\"><img loading=\"lazy\" decoding=\"async\" class=\"aligncenter\" src=\"https:\/\/www.notariosyregistradores.com\/web\/wp-content\/uploads\/2026\/04\/Semana-Santa-Villafranquina-e1775329678163.jpg\" alt=\"\" width=\"200\" height=\"200\" \/><\/a><\/td>\n<td style=\"width: 48.48%; vertical-align: top; height: 335px; text-align: center;\"><strong><span style=\"font-size: 12pt;\"><a href=\"https:\/\/www.notariosyregistradores.com\/web\/secciones\/fiscal\/informes-mensuales-fiscal\/informe-fiscal-marzo-2026-valor-comprobado-valor-de-referencia-y-valor-de-adquisicion\/\">Informe fiscal marzo 2026. Valor comprobado, valor de referencia y valor de adquisici\u00f3n<\/a><\/span><\/strong><\/p>\n<p><img loading=\"lazy\" decoding=\"async\" class=\"aligncenter\" src=\"https:\/\/www.notariosyregistradores.com\/web\/wp-content\/uploads\/2026\/04\/Canones_del_Jucar-pq.jpg\" alt=\"\" width=\"300\" height=\"200\" \/><\/p>\n<\/td>\n<\/tr>\n<\/tbody>\n<\/table>\n<p style=\"text-align: justify;\"><strong><a href=\"https:\/\/www.notariosyregistradores.com\/web\/resoluciones\/por-meses\/resoluciones-marzo-2026-direccion-general-de-seguridad-juridica-y-fe-publica\/#233-venta-extrajudicial-requerimiento-a-los-deudores-valor-de-adjudicacion-inferior-al-50-del-valor-de-subasta\">26-III. Venta extrajudicial. Requerimiento a deudores. Adjudicaci\u00f3n por debajo del 50% del valor de subasta<\/a><\/strong><\/p>\n<p style=\"text-align: justify;\"><strong><a href=\"https:\/\/www.notariosyregistradores.com\/web\/resoluciones\/por-meses\/resoluciones-marzo-2026-direccion-general-de-seguridad-juridica-y-fe-publica\/#270-negativa-a-expedir-nota-simple-informativa-por-imposibilidad-de-localizar-la-finca-en-cuestion\">24-III. Negativa a expedir nota simple informativa por imposibilidad de localizar la finca en cuesti\u00f3n<\/a><\/strong><\/p>\n<p><strong><a href=\"https:\/\/www.notariosyregistradores.com\/web\/resoluciones\/por-meses\/resoluciones-marzo-2026-direccion-general-de-seguridad-juridica-y-fe-publica\/#270-negativa-a-expedir-nota-simple-informativa-por-imposibilidad-de-localizar-la-finca-en-cuestion\">24-III. Actu<\/a><a href=\"https:\/\/www.notariosyregistradores.com\/web\/category\/practica\/indice-jc-casas\/\">alizado el \u00edndice de Resoluciones DGSJFP Feb 1998-Feb 2026.<\/a> <a href=\"https:\/\/www.notariosyregistradores.com\/web\/category\/resoluciones\/indice-propiedad\/\">Propiedad.<\/a> <a href=\"https:\/\/www.notariosyregistradores.com\/web\/category\/resoluciones\/indice-mercantil\/\">Mercantil<\/a><\/strong><\/p>\n<table style=\"border-collapse: collapse; width: 100%;\">\n<tbody>\n<tr>\n<td style=\"vertical-align: top; text-align: center; width: 50%;\">\n<p><a href=\"https:\/\/www.notariosyregistradores.com\/web\/normas\/concretas\/resumen-rdley-7-2026-medidas-por-la-guerra-de-iran\/\"><strong><span style=\"font-size: 12pt;\">Resumen Real Decreto-ley 7\/2016: medidas por la guerra de Ir\u00e1n<\/span><\/strong><\/a><\/p>\n<p><a href=\"https:\/\/www.notariosyregistradores.com\/web\/normas\/concretas\/resumen-rdley-7-2026-medidas-por-la-guerra-de-iran\/\"><img loading=\"lazy\" decoding=\"async\" class=\"aligncenter size-full wp-image-136403\" src=\"https:\/\/www.notariosyregistradores.com\/web\/wp-content\/uploads\/2026\/03\/Castillo_do_los_Templarios-Ponferrada-pq.jpg\" alt=\"\" width=\"300\" height=\"225\" \/><\/a><\/p>\n<\/td>\n<td style=\"text-align: center; width: 50%; vertical-align: top;\">\n<p><a href=\"https:\/\/www.notariosyregistradores.com\/web\/secciones\/oficina-notarial\/informes-mensuales-o-n\/informe-oficina-notarial-marzo-2026-compensacion-en-la-extincion-de-condominio-derecho-espanol-e-italiano\/\"><strong><span style=\"font-size: 12pt;\">Informe Of. Notarial. Compensaci\u00f3n en la Extinci\u00f3n de Condominio.<\/span><\/strong><\/a><\/p>\n<p><a href=\"https:\/\/www.notariosyregistradores.com\/web\/secciones\/oficina-notarial\/informes-mensuales-o-n\/informe-oficina-notarial-marzo-2026-compensacion-en-la-extincion-de-condominio-derecho-espanol-e-italiano\/\"><img loading=\"lazy\" decoding=\"async\" class=\"aligncenter size-full wp-image-136235\" src=\"https:\/\/www.notariosyregistradores.com\/web\/wp-content\/uploads\/2026\/03\/formentea-p-scaled-e1774889446871.jpg\" alt=\"\" width=\"300\" height=\"225\" \/><\/a><\/p>\n<\/td>\n<\/tr>\n<\/tbody>\n<\/table>\n<p><strong><a href=\"https:\/\/www.notariosyregistradores.com\/web\/resoluciones\/por-meses\/resoluciones-marzo-2026-direccion-general-de-seguridad-juridica-y-fe-publica\/#259-adjudicacion-y-cancelacion-de-cargas-en-procedimiento-concursal-cancelacion-de-hipoteca-sobre-mitad-indivisa\">23-III. Adjudicaci\u00f3n y cancelaci\u00f3n cargas en procedimiento concursal. Cancelaci\u00f3n hipoteca sobre mitad indivisa<\/a><\/strong><\/p>\n<p style=\"text-align: justify;\"><a href=\"https:\/\/www.notariosyregistradores.com\/web\/resoluciones\/por-meses\/resoluciones-febrero-2026-direccion-general-de-seguridad-juridica-y-fe-publica\/#128-mandamiento-dictado-en-sentencia-penal-ordenando-la-cancelacion-de-derecho-de-superficie-y-de-los-asientos-posteriores\"><strong>22-III. Mandamiento en Sentencia penal. Cancelaci\u00f3n derecho de superficie y asientos posteriores.\u00a0<\/strong><\/a><\/p>\n<p style=\"text-align: justify;\"><strong><a href=\"https:\/\/www.notariosyregistradores.com\/web\/resoluciones\/por-meses\/resoluciones-febrero-2026-direccion-general-de-seguridad-juridica-y-fe-publica\/#148-segregacion-en-1978-finca-rustica-y-umc-retroactividad-normativa-urbanistica\">21-III. Segregaci\u00f3n antigua de finca r\u00fastica. Aplicaci\u00f3n de la normativa al tiempo de la presentaci\u00f3n en el Registro. Matices<\/a><\/strong><\/p>\n<table style=\"border-collapse: collapse; width: 100%;\">\n<tbody>\n<tr>\n<td style=\"width: 50%; text-align: center; vertical-align: middle;\"><span style=\"color: #ff0000; font-size: 12pt;\"><a style=\"color: #ff0000;\" href=\"https:\/\/www.notariosyregistradores.com\/web\/participa\/noticias\/jorge-lopez-navarro-ha-fallecido\/\"><strong>Lamentamos comunicar que JORGE L\u00d3PEZ NAVARRO, figura esencial de esta web durante muchos a\u00f1os, ha fallecido.<\/strong><\/a><\/span><\/td>\n<td style=\"width: 50%; text-align: center; vertical-align: middle;\"><a href=\"https:\/\/www.notariosyregistradores.com\/web\/participa\/noticias\/jorge-lopez-navarro-ha-fallecido\/\"><img loading=\"lazy\" decoding=\"async\" class=\"aligncenter size-full wp-image-84596\" src=\"https:\/\/www.notariosyregistradores.com\/web\/wp-content\/uploads\/2021\/07\/Jorge_Lopez_Navarro-pq.jpg\" alt=\"\" width=\"195\" height=\"240\" srcset=\"https:\/\/www.notariosyregistradores.com\/web\/wp-content\/uploads\/2021\/07\/Jorge_Lopez_Navarro-pq.jpg 275w, https:\/\/www.notariosyregistradores.com\/web\/wp-content\/uploads\/2021\/07\/Jorge_Lopez_Navarro-pq-243x300.jpg 243w\" sizes=\"auto, (max-width: 195px) 100vw, 195px\" \/><\/a><\/td>\n<\/tr>\n<\/tbody>\n<\/table>\n<p><a href=\"https:\/\/www.notariosyregistradores.com\/web\/resoluciones\/por-meses\/resoluciones-marzo-2026-direccion-general-de-seguridad-juridica-y-fe-publica\/#258-cese-y-nombramiento-administradores-motivacion-insuficiente-de-la-calificacion-su-revocacion\"><strong>20-III. Cese y nombramiento administradores. Motivaci\u00f3n insuficiente calificaci\u00f3n. Su revocaci\u00f3n<\/strong><\/a><\/p>\n<p><strong><a href=\"https:\/\/rajylgr.es\/merino-escartin-invita-a-armonizar-inteligencia-artificial-y-humana-durante-su-ingreso-como-academico-correspondiente-en-la-corporacion\/\">19-III. Jos\u00e9 F\u00e9lix Merino Escart\u00edn, creador y alma de esta web, nuevo miembro de la Real Academia de Legislaci\u00f3n y Jurisprudencia de Granada.<\/a> <em><a href=\"https:\/\/rajylgr.es\/merino-escartin-invita-a-armonizar-inteligencia-artificial-y-humana-durante-su-ingreso-como-academico-correspondiente-en-la-corporacion\/aca012\/\">\u00a1\u00a1\u00a1Enhorabuena F\u00e9lix!!!<\/a><\/em><\/strong><\/p>\n<p><strong><a href=\"https:\/\/www.notariosyregistradores.com\/web\/resoluciones\/por-meses\/resoluciones-marzo-2026-direccion-general-de-seguridad-juridica-y-fe-publica\/#230-la-agencia-tributaria-solicita-inscripcion-de-una-transmision-de-finca-y-anotacion-de-embargo-posterior\">19-III. Solicitud -por la AEAT- de inscripci\u00f3n de transmisi\u00f3n de finca, y embargo posterior<\/a><\/strong><\/p>\n<table style=\"border-collapse: collapse; width: 100%;\">\n<tbody>\n<tr>\n<td style=\"vertical-align: top; text-align: center; width: 50%;\">\n<p>\n<strong><span style=\"font-size: 12pt;\"><a href=\"https:\/\/www.notariosyregistradores.com\/web\/secciones\/oficina-notarial\/otros-temas\/comentarios-al-anteproyecto-de-ley-organica-de-integridad-publica\/\">Comentarios al Anteproyecto de Ley Org\u00e1nica de Integridad P\u00fablica. Tomeu Bibiloni, notario de Alcudia<\/a><\/span><\/strong><\/p>\n<p><a href=\"https:\/\/www.notariosyregistradores.com\/web\/secciones\/oficina-notarial\/otros-temas\/comentarios-al-anteproyecto-de-ley-organica-de-integridad-publica\/\"><img loading=\"lazy\" decoding=\"async\" class=\"aligncenter size-full wp-image-136296\" src=\"https:\/\/www.notariosyregistradores.com\/web\/wp-content\/uploads\/2026\/03\/Palma_de_Mallorca-Ayuntamiento.pq_.jpg\" alt=\"\" width=\"300\" height=\"199\" \/><\/a><\/p>\n<\/td>\n<td style=\"vertical-align: top; text-align: center; width: 50%;\">\n<p><a href=\"https:\/\/www.notariosyregistradores.com\/web\/secciones\/oficina-mercantil\/informes-mensuales-o-m\/informe-mercantil-marzo-2026-acreditacion-de-la-cualidad-de-socio-escritura-publica\/\"><strong><span style=\"font-size: 12pt;\">Informe mercantil marzo 2026. Incluye: Acreditaci\u00f3n de la cualidad de socio<\/span><\/strong><\/a><a href=\"https:\/\/www.notariosyregistradores.com\/web\/secciones\/oficina-mercantil\/informes-mensuales-o-m\/informe-mercantil-marzo-2026-acreditacion-de-la-cualidad-de-socio-escritura-publica\/\"><img loading=\"lazy\" decoding=\"async\" class=\"aligncenter\" src=\"https:\/\/www.notariosyregistradores.com\/web\/wp-content\/uploads\/2026\/03\/Monasterio_Santa_Isabel_la_Real-Albayzin-Granada.jpg\" alt=\"\" width=\"280\" height=\"215\" \/><\/a><\/p>\n<\/td>\n<\/tr>\n<\/tbody>\n<\/table>\n<p style=\"text-align: justify;\"><strong><a href=\"https:\/\/www.notariosyregistradores.com\/web\/resoluciones\/por-meses\/resoluciones-febrero-2026-direccion-general-de-seguridad-juridica-y-fe-publica\/#117-sub-apoderamiento-vs-dos-poderes-distincion-y-requisitos\">18-III. Sub-apoderamiento vs dos poderes. Distinci\u00f3n y requisitos<\/a><\/strong><\/p>\n<p style=\"text-align: justify;\"><strong><a href=\"https:\/\/www.notariosyregistradores.com\/web\/resoluciones\/por-meses\/resoluciones-marzo-2026-direccion-general-de-seguridad-juridica-y-fe-publica\/#269-complemento-de-convocatoria-negativa-a-practicar-anotacion-preventiva-del-art-104-rrm\">18-III. Convocatoria Junta art. 171 LSC por ausencia \u00f3rgano administraci\u00f3n.<\/a><\/strong><\/p>\n<p style=\"text-align: justify;\"><strong><a href=\"https:\/\/www.notariosyregistradores.com\/web\/resoluciones\/por-meses\/resoluciones-marzo-2026-direccion-general-de-seguridad-juridica-y-fe-publica\/#277-concentracion-parcelaria-cancelacion-de-folio-real-de-finca-de-reemplazo\">17-III. Concentraci\u00f3n parcelaria. Cancelaci\u00f3n de folio real de finca de reemplazo<\/a><\/strong><\/p>\n<table style=\"border-collapse: collapse; width: 100%;\">\n<tbody>\n<tr>\n<td style=\"width: 50%; text-align: center; vertical-align: top;\">\n<p><strong><span style=\"font-size: 12pt;\"><a href=\"https:\/\/www.notariosyregistradores.com\/web\/normas\/informes-mensuales\/no-te-lo-pierdas-febrero-2026\/\">Lo esencial del mes de febrero en la web en <em>\u00a1No te lo pierdas!<\/em><\/a><\/span><\/strong><\/p>\n<p><a href=\"https:\/\/www.notariosyregistradores.com\/web\/normas\/informes-mensuales\/no-te-lo-pierdas-febrero-2026\/\"><img loading=\"lazy\" decoding=\"async\" class=\"aligncenter size-full wp-image-136000\" src=\"https:\/\/www.notariosyregistradores.com\/web\/wp-content\/uploads\/2026\/03\/Sajazarra-La_Rioja-pq.jpg\" alt=\"\" width=\"300\" height=\"225\" \/><\/a><\/p>\n<\/td>\n<td style=\"width: 50%; text-align: center; vertical-align: top;\">\n<p><strong><span style=\"font-size: 12pt;\"><a href=\"https:\/\/www.notariosyregistradores.com\/web\/secciones\/territorio\/informes-periodicos\/informe-territorio-cuarto-trimestre-de-2025-nueva-ley-andaluza-de-la-vivienda\/\">Informe Territorio. Cuarto trim. 2025. Nueva ley andaluza de la vivienda<\/a><\/span><\/strong><\/p>\n<p><a href=\"https:\/\/www.notariosyregistradores.com\/web\/secciones\/territorio\/informes-periodicos\/informe-territorio-cuarto-trimestre-de-2025-nueva-ley-andaluza-de-la-vivienda\/\"><img loading=\"lazy\" decoding=\"async\" class=\"aligncenter size-full wp-image-136169\" src=\"https:\/\/www.notariosyregistradores.com\/web\/wp-content\/uploads\/2026\/03\/Cabo_de_Creus-Girona-pq.jpeg\" alt=\"\" width=\"290\" height=\"218\" \/><\/a><\/p>\n<\/td>\n<\/tr>\n<\/tbody>\n<\/table>\n<p style=\"text-align: justify;\"><strong><a href=\"https:\/\/www.notariosyregistradores.com\/web\/resoluciones\/por-meses\/resoluciones-febrero-2026-direccion-general-de-seguridad-juridica-y-fe-publica\/#181-venta-de-cuota-indivisa-de-local-que-se-concreta-en-el-uso-exclusivo-de-garaje-y-trastero\">17-III. Venta de cuota indivisa de local que se concreta en el uso exclusivo de garaje y trastero<\/a><\/strong><\/p>\n<p style=\"text-align: justify;\"><strong><a href=\"https:\/\/www.notariosyregistradores.com\/web\/normas\/informes-mensuales\/informe-378-boe-marzo-2026\/#concursos-notariales-resultados\">16-III. BOE: Resultado Concurso traslado Notar\u00edas<\/a><\/strong><\/p>\n<p><strong><a href=\"https:\/\/www.notariosyregistradores.com\/web\/resoluciones\/por-meses\/resoluciones-febrero-2026-direccion-general-de-seguridad-juridica-y-fe-publica\/#r163\">16-III. Desheredaci\u00f3n gen\u00e9rica de los descendientes de los desheredados.<\/a><\/strong><\/p>\n<table style=\"border-collapse: collapse; width: 100%;\">\n<tbody>\n<tr>\n<td style=\"width: 50%; text-align: center; vertical-align: top;\">\n<p><strong><span style=\"font-size: 12pt;\"><a href=\"https:\/\/www.notariosyregistradores.com\/web\/resoluciones\/resoluciones-dgrn-en-derecho-internacional-privado-e-interregional\/\">Actualizado el archivo de Resoluciones sobre D. Internacional Privado y sobre Derechos Forales.<\/a><\/span><\/strong><\/p>\n<p><a href=\"https:\/\/www.notariosyregistradores.com\/web\/resoluciones\/resoluciones-dgrn-en-derecho-internacional-privado-e-interregional\/\"><img loading=\"lazy\" decoding=\"async\" class=\"aligncenter size-full wp-image-135910\" src=\"https:\/\/www.notariosyregistradores.com\/web\/wp-content\/uploads\/2026\/03\/mapamundi-pq.jpg\" alt=\"\" width=\"300\" height=\"152\" \/><\/a><\/p>\n<\/td>\n<td style=\"width: 50%; text-align: center; vertical-align: top;\">\n<p><strong><span style=\"font-size: 12pt;\"><a href=\"https:\/\/www.notariosyregistradores.com\/web\/participa\/noticias\/nuevo-libro-la-gestacion-subrogada-en-la-union-europea\/\">Nuevo libro: La Gestaci\u00f3n Subrogada en la Uni\u00f3n Europea. Julia Zurita Calvo y Antonio Oliva Izquierdo<\/a><\/span><\/strong><a href=\"https:\/\/www.notariosyregistradores.com\/web\/participa\/noticias\/nuevo-libro-la-gestacion-subrogada-en-la-union-europea\/\"><img loading=\"lazy\" decoding=\"async\" class=\"aligncenter size-full wp-image-136035\" src=\"https:\/\/www.notariosyregistradores.com\/web\/wp-content\/uploads\/2026\/03\/la-gestacion-subrogada-en-la-union-europea-pq.jpg\" alt=\"\" width=\"124\" height=\"160\" \/><\/a><\/p>\n<\/td>\n<\/tr>\n<\/tbody>\n<\/table>\n<p><strong><a href=\"https:\/\/www.notariosyregistradores.com\/web\/resoluciones\/por-meses\/resoluciones-febrero-2026-direccion-general-de-seguridad-juridica-y-fe-publica\/#r202\">16-III. Inmatriculaci\u00f3n por disoluci\u00f3n de comunidad con edificaci\u00f3n.<\/a><\/strong><\/p>\n<p style=\"text-align: justify;\"><strong><a href=\"https:\/\/www.notariosyregistradores.com\/web\/resoluciones\/por-meses\/resoluciones-febrero-2026-direccion-general-de-seguridad-juridica-y-fe-publica\/#115-nie-extranjeros-expropiacion-y-dcho-reversion\">16-III. NE Extranjeros (Expropiaci\u00f3n y Derecho de reversi\u00f3n)<\/a><\/strong><\/p>\n<p style=\"text-align: justify;\"><strong><a href=\"https:\/\/www.notariosyregistradores.com\/web\/resoluciones\/por-meses\/resoluciones-febrero-2026-direccion-general-de-seguridad-juridica-y-fe-publica\/#r191\">15-III. Obra antigua en zona de polic\u00eda.<\/a><\/strong><\/p>\n<table style=\"border-collapse: collapse; width: 100%;\">\n<tbody>\n<tr>\n<td style=\"width: 50%; text-align: center; vertical-align: top;\">\n<p><a href=\"https:\/\/www.notariosyregistradores.com\/web\/practica\/jurisprudencia\/cronica-breve-de-tribunales-63-farina-exoneracion-del-pasivo-e-hipoteca\/\"><strong><span style=\"font-size: 12pt;\">Cr\u00f3nica Breve de Tribunales: Fari\u00f1a. Exoneraci\u00f3n del pasivo e hipoteca&#8230; \u00c1lvaro Mart\u00edn.<\/span><\/strong><\/a><a href=\"https:\/\/www.notariosyregistradores.com\/web\/practica\/jurisprudencia\/cronica-breve-de-tribunales-63-farina-exoneracion-del-pasivo-e-hipoteca\/\"><img loading=\"lazy\" decoding=\"async\" class=\"aligncenter size-full wp-image-135870\" src=\"https:\/\/www.notariosyregistradores.com\/web\/wp-content\/uploads\/2026\/03\/Fuente_de_Columbares-Murcia-pq.jpg\" alt=\"\" width=\"300\" height=\"225\" \/><\/a><\/p>\n<\/td>\n<td style=\"width: 50%; text-align: center; vertical-align: top;\">\n<p><strong><span style=\"font-size: 12pt;\"><a href=\"https:\/\/www.notariosyregistradores.com\/web\/practica\/indice-jc-casas\/separata-del-indice-de-juan-carlos-casas-de-enero-de-2026\/\">Separata del \u00edndice de Resoluciones DGSJFP Enero 2026<\/a><\/span><\/strong><a href=\"https:\/\/www.notariosyregistradores.com\/web\/practica\/indice-jc-casas\/separata-del-indice-de-juan-carlos-casas-de-enero-de-2026\/\"><img loading=\"lazy\" decoding=\"async\" class=\"aligncenter size-full wp-image-122025\" src=\"https:\/\/www.notariosyregistradores.com\/web\/wp-content\/uploads\/2024\/11\/Puesta-de-Sol-Punta-Paloma-Tarifa-Cadiz-pq.jpg\" alt=\"\" width=\"177\" height=\"220\" \/><\/a><\/p>\n<\/td>\n<\/tr>\n<\/tbody>\n<\/table>\n<p style=\"text-align: justify;\"><strong style=\"text-align: justify; font-size: 1rem;\"><strong><a href=\"https:\/\/www.notariosyregistradores.com\/web\/resoluciones\/por-meses\/resoluciones-febrero-2026-direccion-general-de-seguridad-juridica-y-fe-publica\/#194-rectificacion-de-superficie-de-finca-coordinada-\">14-III. Solicitud de rectificaci\u00f3n de superficie de finca coordinada.<\/a><\/strong><\/strong><\/p>\n<p style=\"text-align: justify;\"><strong style=\"text-align: justify; font-size: 1rem;\"><a href=\"https:\/\/www.notariosyregistradores.com\/web\/normas\/informes-mensuales\/informe-378-boe-marzo-2026\/#concursos-registros\">13-III. BOE publica el resultado de los concursos de Registros.<\/a><\/strong><\/p>\n<p style=\"text-align: justify;\"><strong><a href=\"https:\/\/www.notariosyregistradores.com\/web\/resoluciones\/por-meses\/resoluciones-marzo-2026-direccion-general-de-seguridad-juridica-y-fe-publica\/#226-solicitud-de-rectificacion-de-descripcion-de-finca-alegando-conflicto-con-la-linea-de-dominio-publico-maritimo-8211-terrestre\">13-III. Solicitud rectificaci\u00f3n descripci\u00f3n por conflicto con la l\u00ednea de dominio p\u00fablico mar\u00edtimo terrestre<\/a><\/strong><\/p>\n<table style=\"border-collapse: collapse; width: 100%; height: 127px;\">\n<tbody>\n<tr style=\"height: 127px;\">\n<td style=\"width: 50%; vertical-align: top; height: 127px; text-align: center;\">\n<p><strong><span style=\"font-size: 12pt;\"><a href=\"https:\/\/www.notariosyregistradores.com\/web\/secciones\/doctrina\/articulos-doctrina\/la-proteccion-de-la-legitima-en-el-derecho-sucesorio-italiano\/\">La leg\u00edtima en el derecho sucesorio italiano. <em>Barbara Bosso, Notaria italiana.<\/em><\/a><\/span><\/strong><\/p>\n<p><a href=\"https:\/\/www.notariosyregistradores.com\/web\/secciones\/doctrina\/articulos-doctrina\/la-proteccion-de-la-legitima-en-el-derecho-sucesorio-italiano\/\"><img loading=\"lazy\" decoding=\"async\" class=\"aligncenter size-full wp-image-135672\" src=\"https:\/\/www.notariosyregistradores.com\/web\/wp-content\/uploads\/2026\/03\/Italia-esquema-bandera-pq.jpg\" alt=\"\" width=\"159\" height=\"182\" \/><\/a><\/p>\n<\/td>\n<td style=\"width: 50%; vertical-align: top; height: 127px; text-align: center;\">\n<p><strong><span style=\"font-size: 12pt;\"><a href=\"https:\/\/www.notariosyregistradores.com\/web\/normas\/informes-mensuales\/informe-378-boe-marzo-2026\/#becas-y-ayudas-al-estudio-2026-8211-2027\">Becas y ayudas al estudio para el curso 2026 &#8211; 2027<\/a><\/span><\/strong><\/p>\n<p><a href=\"https:\/\/www.notariosyregistradores.com\/web\/normas\/informes-mensuales\/informe-378-boe-marzo-2026\/#becas-y-ayudas-al-estudio-2026-8211-2027\"><img loading=\"lazy\" decoding=\"async\" class=\"aligncenter size-full wp-image-135782\" src=\"https:\/\/www.notariosyregistradores.com\/web\/wp-content\/uploads\/2026\/03\/becas-ayudas-estudio-pq.jpg\" alt=\"\" width=\"300\" height=\"200\" \/><\/a><\/p>\n<\/td>\n<\/tr>\n<\/tbody>\n<\/table>\n<p style=\"text-align: justify;\"><strong><a href=\"https:\/\/www.notariosyregistradores.com\/web\/category\/resoluciones\/indice-mercantil\/\">12-III. Actualizado el \u00edndice de Resoluciones DGSJFP Mercantil: Febrero 1998-Febrero 2026<\/a><\/strong><\/p>\n<p><strong><a href=\"https:\/\/www.notariosyregistradores.com\/web\/resoluciones\/por-meses\/resoluciones-febrero-2026-direccion-general-de-seguridad-juridica-y-fe-publica\/#169-reanudacion-acta-notarial-tracto-sucesivo-\">11-III. Reanudaci\u00f3n de tracto sucesivo por acta notarial<\/a><\/strong><\/p>\n<p><strong><a href=\"https:\/\/www.notariosyregistradores.com\/web\/resoluciones\/por-meses\/resoluciones-febrero-2026-direccion-general-de-seguridad-juridica-y-fe-publica\/#r155\">10-III. Pago en especie por sociedad a cuenta de futuros dividendos<\/a><\/strong><\/p>\n<table style=\"border-collapse: collapse; width: 100%;\">\n<tbody>\n<tr>\n<td style=\"width: 50%; text-align: center; vertical-align: top;\">\n<p><strong><span style=\"font-size: 12pt;\"><a href=\"https:\/\/www.notariosyregistradores.com\/web\/secciones\/oficina-notarial\/otros-temas\/acerca-de-la-transmision-de-participaciones-sociales-en-documento-privado\/\">Acerca de la transmisi\u00f3n de participaciones sociales en documento privado. Inmaculada Espi\u00f1eira<\/a><\/span><\/strong><\/p>\n<p><a href=\"https:\/\/www.notariosyregistradores.com\/web\/secciones\/oficina-notarial\/otros-temas\/acerca-de-la-transmision-de-participaciones-sociales-en-documento-privado\/\"><img loading=\"lazy\" decoding=\"async\" class=\"aligncenter size-full wp-image-135618\" src=\"https:\/\/www.notariosyregistradores.com\/web\/wp-content\/uploads\/2026\/03\/Santiago_de_Compostela-vista-panoramica-pq.jpg\" alt=\"\" width=\"300\" height=\"147\" \/><\/a><\/p>\n<\/td>\n<td style=\"width: 50%; text-align: center; vertical-align: top;\">\n<p><strong><span style=\"font-size: 12pt;\"><a href=\"https:\/\/www.notariosyregistradores.com\/web\/resoluciones\/sabias-que-4\/#s1586\">\u00bfSab\u00edas que&#8230;?: Del 1581 al 1586: repr. gr. parcial, donacion dinero, tasaci\u00f3n condicionada&#8230;<\/a><\/span><\/strong><a href=\"https:\/\/www.notariosyregistradores.com\/web\/resoluciones\/sabias-que-4\/#s1586\"><img loading=\"lazy\" decoding=\"async\" class=\"size-full wp-image-135539 aligncenter\" src=\"https:\/\/www.notariosyregistradores.com\/web\/wp-content\/uploads\/2026\/03\/La_campina_de_Baeza-pq.jpg\" alt=\"\" width=\"240\" height=\"180\" \/><\/a><\/p>\n<\/td>\n<\/tr>\n<\/tbody>\n<\/table>\n<p><a href=\"https:\/\/www.notariosyregistradores.com\/web\/resoluciones\/por-meses\/resoluciones-marzo-2026-direccion-general-de-seguridad-juridica-y-fe-publica\/#r218\"><strong>10-III. Subdivisi\u00f3n horizontal: cu\u00e1ndo licencia administrativa.<\/strong><\/a><\/p>\n<p><strong><a href=\"https:\/\/www.notariosyregistradores.com\/web\/resoluciones\/por-meses\/resoluciones-febrero-2026-direccion-general-de-seguridad-juridica-y-fe-publica\/#r106\">10-III. Prohibici\u00f3n estatutaria de actividades profesionales. No impide la asignaci\u00f3n de NRUA tur\u00edstico<\/a><\/strong><\/p>\n<p style=\"text-align: justify;\"><a href=\"https:\/\/www.notariosyregistradores.com\/web\/resoluciones\/por-meses\/resoluciones-febrero-2026-direccion-general-de-seguridad-juridica-y-fe-publica\/#r112\"><strong>09-III. Hipoteca: posibles cl\u00e1usulas abusivas. Pr\u00e9stamo usurario.<\/strong><\/a><\/p>\n<table style=\"border-collapse: collapse; width: 100%;\">\n<tbody>\n<tr>\n<td style=\"width: 50%; text-align: center; vertical-align: top;\">\n<p><strong><span style=\"font-size: 12pt;\"><a href=\"https:\/\/www.notariosyregistradores.com\/web\/secciones\/doctrina\/articulos-doctrina\/la-estructura-juridico-politica-del-estado-espanol-y-el-derecho-interregional\/\">Los conflictos internos de leyes seg\u00fan la jurisprudencia. Juan Mar\u00eda D\u00edaz Fraile.<\/a><\/span><\/strong><\/p>\n<p><a href=\"https:\/\/www.notariosyregistradores.com\/web\/secciones\/doctrina\/articulos-doctrina\/la-estructura-juridico-politica-del-estado-espanol-y-el-derecho-interregional\/\"><img loading=\"lazy\" decoding=\"async\" class=\"aligncenter size-full wp-image-135433\" src=\"https:\/\/www.notariosyregistradores.com\/web\/wp-content\/uploads\/2026\/03\/Barcelona-Casa_Mila-pq.jpg\" alt=\"\" width=\"300\" height=\"234\" \/><\/a><\/p>\n<\/td>\n<td style=\"width: 50%; text-align: center; vertical-align: top;\">\n<p><strong><span style=\"font-size: 12pt;\"><a href=\"https:\/\/www.notariosyregistradores.com\/web\/secciones\/oficina-mercantil\/lucha-contra-la-corrupcion-inscripcion-de-participaciones-en-el-registro-mercantil-critica-parcial-del-sistema\/\">La inscripci\u00f3n de participaciones sociales en el Ant. L.O de Integridad P\u00fablica, J \u00c1 G-Valdecasas<\/a><\/span><\/strong><\/p>\n<p><a href=\"https:\/\/www.notariosyregistradores.com\/web\/secciones\/oficina-mercantil\/lucha-contra-la-corrupcion-inscripcion-de-participaciones-en-el-registro-mercantil-critica-parcial-del-sistema\/\"><img loading=\"lazy\" decoding=\"async\" class=\"aligncenter size-full wp-image-135465\" src=\"https:\/\/www.notariosyregistradores.com\/web\/wp-content\/uploads\/2026\/03\/Colomera-Iglesia_de_la_Encarnacion-Granada-pq.jpeg\" alt=\"\" width=\"300\" height=\"225\" \/><\/a><\/p>\n<\/td>\n<\/tr>\n<\/tbody>\n<\/table>\n<p style=\"text-align: justify;\"><a href=\"https:\/\/www.notariosyregistradores.com\/web\/resoluciones\/por-meses\/resoluciones-febrero-2026-direccion-general-de-seguridad-juridica-y-fe-publica\/#r82\"><strong>09-III. Rectificaci\u00f3n de ganancial a privativo tras el fallecimiento del titular registral.<\/strong><\/a><\/p>\n<p style=\"text-align: justify;\"><strong><a href=\"https:\/\/www.notariosyregistradores.com\/web\/resoluciones\/por-meses\/resoluciones-febrero-2026-direccion-general-de-seguridad-juridica-y-fe-publica\/#r107\">09-III. Cancelaci\u00f3n de usufructo vitalicio transmitido. Se produce por fallecimiento del usufructurario, no del cesionario<\/a><\/strong><\/p>\n<p style=\"text-align: justify;\"><strong><a href=\"https:\/\/www.notariosyregistradores.com\/web\/resoluciones\/por-meses\/resoluciones-febrero-2026-direccion-general-de-seguridad-juridica-y-fe-publica\/#147-solicitud-de-rectificacion-de-la-superficie-de-finca-expropiada-y-su-resultante\">07-III. Solicitud de rectificaci\u00f3n de finca expropiada y su resultante<\/a><\/strong><\/p>\n<table style=\"border-collapse: collapse; width: 100%;\">\n<tbody>\n<tr>\n<td style=\"width: 50%; text-align: center; vertical-align: top;\"><strong><span style=\"font-size: 12pt;\"><a href=\"https:\/\/www.notariosyregistradores.com\/web\/secciones\/fiscal\/informes-mensuales-fiscal\/informe-fiscal-febrero-2026-constitucionalidad-del-valor-de-referencia\/\">Informe fiscal febrero 2026. Constitucionalidad del \u00abvalor de referencia\u00bb<\/a><a href=\"https:\/\/www.notariosyregistradores.com\/web\/secciones\/fiscal\/informes-mensuales-fiscal\/informe-fiscal-febrero-2026-constitucionalidad-del-valor-de-referencia\/\"><img loading=\"lazy\" decoding=\"async\" class=\"aligncenter size-full wp-image-135329\" src=\"https:\/\/www.notariosyregistradores.com\/web\/wp-content\/uploads\/2026\/03\/Mercado-Central-Valencia-pq.jpg\" alt=\"\" width=\"300\" height=\"160\" \/><\/a><\/span><\/strong><\/td>\n<td style=\"width: 50%; text-align: center; vertical-align: top;\">\n<p><span style=\"font-size: 12pt;\"><strong><a href=\"https:\/\/www.notariosyregistradores.com\/web\/secciones\/oficina-registral\/informes-mensuales-o-r\/oficina-registral-propiedad-informe-febrero-2026-la-anotacion-preventiva-en-embargo-criminal\/\">Informe Propiedad. La anotaci\u00f3n de embargo criminal (con modelo)<\/a><\/strong><\/span><\/p>\n<p><img loading=\"lazy\" decoding=\"async\" class=\"aligncenter size-full wp-image-135521\" src=\"https:\/\/www.notariosyregistradores.com\/web\/wp-content\/uploads\/2026\/03\/Villafranca_del_Bierrzo-puente-pq.jpg\" alt=\"\" width=\"300\" height=\"160\" \/><\/p>\n<\/td>\n<\/tr>\n<\/tbody>\n<\/table>\n<p style=\"text-align: justify;\"><strong><a href=\"https:\/\/www.notariosyregistradores.com\/web\/resoluciones\/por-meses\/resoluciones-febrero-2026-direccion-general-de-seguridad-juridica-y-fe-publica\/#r131\">06-III. Inscripci\u00f3n parcial ante un defecto en el objeto social.<\/a><\/strong><\/p>\n<p style=\"text-align: justify;\"><strong><a href=\"https:\/\/www.notariosyregistradores.com\/web\/resoluciones\/por-meses\/resoluciones-febrero-2026-direccion-general-de-seguridad-juridica-y-fe-publica\/#74-prohibicion-urbanistica-sobre-la-finca-de-un-vecino-legitimacion-asiento-de-presentacion\">04-III. Prohibici\u00f3n urban\u00edstica sobre la finca de un vecino. Legitimaci\u00f3n<\/a><\/strong><\/p>\n<p style=\"text-align: justify;\"><strong><a href=\"https:\/\/www.notariosyregistradores.com\/web\/resoluciones\/por-meses\/resoluciones-febrero-2026-direccion-general-de-seguridad-juridica-y-fe-publica\/#r206\">03-III. Cancelaci\u00f3n de carga modal<\/a><\/strong><\/p>\n<table style=\"border-collapse: collapse; width: 100%;\">\n<tbody>\n<tr>\n<td style=\"width: 50%; vertical-align: top; text-align: center;\">\n<p><strong><span style=\"font-size: 12pt;\"><a href=\"https:\/\/www.notariosyregistradores.com\/web\/secciones\/oficina-mercantil\/informes-mensuales-o-m\/informe-mercantil-febrero-2026-es-posible-solicitar-convocatoria-de-junta-en-sociedad-disuelta-de-pleno-derecho-y-en-estado-de-quiebra\/\">Informe mercantil febrero 2026 \u00bfCabe convocar junta SL disuelta y en quiebra?<\/a><\/span><\/strong><\/p>\n<p><a href=\"https:\/\/www.notariosyregistradores.com\/web\/secciones\/oficina-mercantil\/informes-mensuales-o-m\/informe-mercantil-febrero-2026-es-posible-solicitar-convocatoria-de-junta-en-sociedad-disuelta-de-pleno-derecho-y-en-estado-de-quiebra\/\"><img loading=\"lazy\" decoding=\"async\" class=\"aligncenter size-full wp-image-135154\" src=\"https:\/\/www.notariosyregistradores.com\/web\/wp-content\/uploads\/2026\/02\/Granada-Albaicin-pq.jpg\" alt=\"\" width=\"300\" height=\"201\" \/><\/a><\/p>\n<\/td>\n<td style=\"width: 50%; vertical-align: top; text-align: center;\">\n<p><strong><span style=\"font-size: 12pt;\"><a href=\"https:\/\/www.notariosyregistradores.com\/web\/practica\/modelos-escrituras\/informe-oficina-notarial-febrero-de-2026-matrimonio-en-peligro-de-muerte-ii-expediente-matrimonial\/\">Informe Oficina Notarial. Matrimonio en peligro de muerte II: expediente.<\/a><\/span><\/strong><a href=\"https:\/\/www.notariosyregistradores.com\/web\/practica\/modelos-escrituras\/informe-oficina-notarial-febrero-de-2026-matrimonio-en-peligro-de-muerte-ii-expediente-matrimonial\/\"><img loading=\"lazy\" decoding=\"async\" class=\"aligncenter size-full wp-image-135394\" src=\"https:\/\/www.notariosyregistradores.com\/web\/wp-content\/uploads\/2026\/03\/lluvia-borrosa-pq.jpg\" alt=\"\" width=\"219\" height=\"220\" srcset=\"https:\/\/www.notariosyregistradores.com\/web\/wp-content\/uploads\/2026\/03\/lluvia-borrosa-pq.jpg 299w, https:\/\/www.notariosyregistradores.com\/web\/wp-content\/uploads\/2026\/03\/lluvia-borrosa-pq-150x150.jpg 150w\" sizes=\"auto, (max-width: 219px) 100vw, 219px\" \/><\/a><\/p>\n<\/td>\n<\/tr>\n<\/tbody>\n<\/table>\n<p style=\"text-align: justify;\"><strong><a href=\"https:\/\/www.notariosyregistradores.com\/web\/normas\/informes-mensuales\/informe-378-boe-marzo-2026\/#concurso-notarial\">02-III. Avance Concurso Notarial (salvo Catalu\u00f1a)<\/a><\/strong><\/p>\n<p style=\"text-align: justify;\"><strong><a href=\"https:\/\/www.notariosyregistradores.com\/web\/wp-content\/uploads\/2026\/03\/RESOLUCION-DGSJFP-DE-CONSULTA-VINCULANTE-Expte.-234_2026.10.4.pdf\">02-III. Resoluci\u00f3n Consulta Vinculante DGSJFP sobre dep\u00f3sitos NRUA<\/a><\/strong><\/p>\n<p style=\"text-align: justify;\"><strong><a href=\"https:\/\/www.notariosyregistradores.com\/web\/resoluciones\/por-meses\/resoluciones-febrero-2026-direccion-general-de-seguridad-juridica-y-fe-publica\/#136-nrua-alquiler-a-estudiantes\">02-III. NRUA. Alquiler a estudiantes<\/a><\/strong><\/p>\n<table style=\"border-collapse: collapse; width: 100%; height: 96px;\">\n<tbody>\n<tr style=\"height: 96px;\">\n<td style=\"text-align: center; vertical-align: top; height: 96px; width: 50%;\">\n<p><strong><span style=\"font-size: 12pt;\"><a href=\"https:\/\/www.notariosyregistradores.com\/web\/normas\/concretas\/salario-minimo-interprofesional-2026\/\">Salario m\u00ednimo interprofesional 2026<\/a><\/span><\/strong><\/p>\n<p><a href=\"https:\/\/www.notariosyregistradores.com\/web\/normas\/concretas\/salario-minimo-interprofesional-2026\/\"><img loading=\"lazy\" decoding=\"async\" class=\"aligncenter size-full wp-image-135107\" src=\"https:\/\/www.notariosyregistradores.com\/web\/wp-content\/uploads\/2026\/02\/Bejar-nevado-pq.jpg\" alt=\"\" width=\"300\" height=\"200\" \/><\/a><\/p>\n<\/td>\n<td style=\"text-align: center; vertical-align: top; height: 96px; width: 50%;\">\n<p><strong><span style=\"font-size: 12pt;\"><a href=\"https:\/\/www.notariosyregistradores.com\/web\/normas\/concretas\/resumen-rdley-5-2026-danos-meteorologicos-en-andalucia-y-extremaduradanos-meteorologicos-en-andalucia-y-extremadura\/\">Resumen RDLey 5\/2026: Lluvias en Andaluc\u00eda y Extremadura<\/a><\/span><\/strong><a href=\"https:\/\/www.notariosyregistradores.com\/web\/normas\/concretas\/resumen-rdley-5-2026-danos-meteorologicos-en-andalucia-y-extremaduradanos-meteorologicos-en-andalucia-y-extremadura\/\"><img loading=\"lazy\" decoding=\"async\" class=\"size-full wp-image-135048 aligncenter\" src=\"https:\/\/www.notariosyregistradores.com\/web\/wp-content\/uploads\/2026\/02\/Grazalema-vista-general-pq.jpg\" alt=\"\" width=\"260\" height=\"195\" \/><\/a><\/p>\n<\/td>\n<\/tr>\n<\/tbody>\n<\/table>\n<p style=\"text-align: justify;\"><strong><a href=\"https:\/\/www.notariosyregistradores.com\/web\/resoluciones\/por-meses\/resoluciones-febrero-2026-direccion-general-de-seguridad-juridica-y-fe-publica\/#66-georreferenciacion-de-bien-demanial-oposicion-colindantes-\">01-III. Georreferenciaci\u00f3n de bien demanial: oposici\u00f3n de colindantes y usucapi\u00f3n<\/a><\/strong><\/p>\n<p><strong><a href=\"https:\/\/www.notariosyregistradores.com\/web\/resoluciones\/por-meses\/resoluciones-febrero-2026-direccion-general-de-seguridad-juridica-y-fe-publica\/\">28-II. El BOE de <\/a><a href=\"https:\/\/www.notariosyregistradores.com\/web\/resoluciones\/por-meses\/resoluciones-febrero-2026-direccion-general-de-seguridad-juridica-y-fe-publica\/\">febrero <\/a><a href=\"https:\/\/www.notariosyregistradores.com\/web\/resoluciones\/por-meses\/resoluciones-febrero-2026-direccion-general-de-seguridad-juridica-y-fe-publica\/\">ha publicado un total de 158 Resoluciones (incluidas las <\/a><a href=\"https:\/\/www.notariosyregistradores.com\/web\/resoluciones\/por-meses\/resoluciones-febrero-2026-direccion-general-de-seguridad-juridica-y-fe-publica\/\"> 25 <\/a><a href=\"https:\/\/www.notariosyregistradores.com\/web\/resoluciones\/por-meses\/resoluciones-febrero-2026-direccion-general-de-seguridad-juridica-y-fe-publica\/\">de hoy)<\/a><\/strong><\/p>\n<p><strong><a href=\"https:\/\/www.notariosyregistradores.com\/web\/normas\/informes-mensuales\/informe-377-boe-febrero-2026\/#concurso-traslado-registros\">27-II. Seg\u00fan el resultado provisional del Concurso de Registros, se han cubierto todas las plazas.<\/a><\/strong><\/p>\n<table style=\"border-collapse: collapse; width: 100%;\">\n<tbody>\n<tr>\n<td style=\"width: 50%; vertical-align: top;\">\n<p style=\"text-align: center;\"><strong><span style=\"font-size: 12pt;\"><a href=\"https:\/\/www.notariosyregistradores.com\/web\/secciones\/oficina-notarial\/otros-temas\/puede-un-esposo-en-gananciales-donar-por-si-solo-dinero\/\">Donaci\u00f3n dinero ganancial por un solo esposo. Luis Mu\u00f1oz de Dios<\/a><\/span><\/strong><\/p>\n<p><a href=\"https:\/\/www.notariosyregistradores.com\/web\/secciones\/oficina-notarial\/otros-temas\/puede-un-esposo-en-gananciales-donar-por-si-solo-dinero\/\"><img loading=\"lazy\" decoding=\"async\" class=\"aligncenter size-full wp-image-134981\" src=\"https:\/\/www.notariosyregistradores.com\/web\/wp-content\/uploads\/2026\/02\/Rio_Jarama-pq.jpg\" alt=\"\" width=\"300\" height=\"200\" \/><\/a><\/p>\n<\/td>\n<td style=\"width: 50%; vertical-align: top; text-align: center;\">\n<p><strong><span style=\"font-size: 12pt;\"><a href=\"https:\/\/www.notariosyregistradores.com\/web\/participa\/noticias\/nuevo-libro-catastro-inmobiliario\/\">Nuevo Libro: Catastro Inmobiliario<\/a><\/span><\/strong><a style=\"font-weight: bold; background-color: transparent; text-align: left; font-family: inherit; font-size: inherit;\" href=\"https:\/\/www.notariosyregistradores.com\/web\/participa\/noticias\/nuevo-libro-catastro-inmobiliario\/\"><img loading=\"lazy\" decoding=\"async\" class=\"size-full wp-image-134995 aligncenter\" src=\"https:\/\/www.notariosyregistradores.com\/web\/wp-content\/uploads\/2026\/02\/Libro-Catastro-Inmobiliario.jpg\" alt=\"\" width=\"167\" height=\"237\" srcset=\"https:\/\/www.notariosyregistradores.com\/web\/wp-content\/uploads\/2026\/02\/Libro-Catastro-Inmobiliario.jpg 275w, https:\/\/www.notariosyregistradores.com\/web\/wp-content\/uploads\/2026\/02\/Libro-Catastro-Inmobiliario-212x300.jpg 212w\" sizes=\"auto, (max-width: 167px) 100vw, 167px\" \/><\/a><\/p>\n<\/td>\n<\/tr>\n<\/tbody>\n<\/table>\n<p><strong><a href=\"https:\/\/www.notariosyregistradores.com\/web\/resoluciones\/por-meses\/resoluciones-febrero-2026-direccion-general-de-seguridad-juridica-y-fe-publica\/#67-sentencia-declarativa-de-dominio-titulo-formal-sin-expresar-el-titulo-material-sustantivo-de-la-adquisicion\">27-II.\u00a0 Sentencia declarativa del dominio sin t\u00edtulo material de adquisici\u00f3n<\/a><\/strong><\/p>\n<p><a href=\"https:\/\/www.notariosyregistradores.com\/web\/resoluciones\/por-meses\/resoluciones-enero-2026-direccion-general-de-seguridad-juridica-y-fe-publica\/#7-inscripcion-de-cambio-de-uso-y-division-horizontal\"><strong>26-II. Cambio de uso y divisi\u00f3n horizontal<\/strong><\/a><\/p>\n<p><strong><a href=\"https:\/\/www.notariosyregistradores.com\/web\/resoluciones\/por-meses\/resoluciones-enero-2026-direccion-general-de-seguridad-juridica-y-fe-publica\/#49-negativa-a-certificar-titulos-de-propiedad-del-colindante-que-se-opone-al-expediente-del-199-lh\">25-II. Negativa a certificar t\u00edtulo de propiedad del colindante que se opone al expediente del 199 LH<\/a><\/strong><\/p>\n<table style=\"border-collapse: collapse; width: 100%; height: 225px;\">\n<tbody>\n<tr style=\"height: 225px;\">\n<td style=\"width: 50%; height: 225px;\">\n<p style=\"text-align: center;\"><span style=\"font-size: 12pt;\"><strong><a style=\"color: #0f3647;\" href=\"https:\/\/www.notariosyregistradores.com\/web\/normas\/informes-mensuales\/no-te-lo-pierdas-enero-2026\/\">No te lo pierdas\u2026 <br \/>\nEnero 2026<\/a><\/strong><\/span><\/p>\n<p><span style=\"font-size: 12pt;\"><a href=\"https:\/\/www.notariosyregistradores.com\/web\/normas\/informes-mensuales\/no-te-lo-pierdas-enero-2026\/\"><img loading=\"lazy\" decoding=\"async\" class=\" wp-image-134943 aligncenter\" src=\"https:\/\/www.notariosyregistradores.com\/web\/wp-content\/uploads\/2026\/02\/Zugarramurdi-Navarra-Vista_general-pq.jpg\" alt=\"\" width=\"290\" height=\"218\" \/><\/a><\/span><\/td>\n<td style=\"width: 50%; height: 225px;\">\n<p style=\"text-align: center;\"><span style=\"font-size: 12pt;\"><strong style=\"color: #444444; text-align: center;\"><a style=\"color: #0f3647;\" href=\"https:\/\/www.notariosyregistradores.com\/web\/practica\/jurisprudencia\/cronica-breve-de-tribunales-62-aprovechamiento-por-turnos\/\">Cr\u00f3nica Tribunales-62 Aprovechamiento por turnos&#8230; \u00c1lvaro Mart\u00edn<\/a><\/strong><\/span><\/p>\n<p style=\"text-align: center;\"><a href=\"https:\/\/www.notariosyregistradores.com\/web\/practica\/jurisprudencia\/cronica-breve-de-tribunales-62-aprovechamiento-por-turnos\/\"><img loading=\"lazy\" decoding=\"async\" class=\" wp-image-134905 aligncenter\" src=\"https:\/\/www.notariosyregistradores.com\/web\/wp-content\/uploads\/2026\/02\/Puerto_de_Mazarron_Murcia-pq.jpg\" alt=\"\" width=\"300\" height=\"215\" \/><\/a><\/p>\n<\/td>\n<\/tr>\n<\/tbody>\n<\/table>\n<p><strong><a href=\"https:\/\/www.notariosyregistradores.com\/web\/resoluciones\/por-meses\/resoluciones-enero-2026-direccion-general-de-seguridad-juridica-y-fe-publica\/#21-rectificacion-de-privativo-a-ganancial-instancia-del-heredero-fiduciario\">24-II. Rectificaci\u00f3n de privativo a ganancial a instancia del heredero fiduciario de residuo<\/a><\/strong><\/p>\n<p><strong><a href=\"https:\/\/www.notariosyregistradores.com\/web\/resoluciones\/por-meses\/resoluciones-febrero-2026-direccion-general-de-seguridad-juridica-y-fe-publica\/#79-nrua-edificio-en-construccion-y-con-prohibicion-estatutaria-hogar-familiar\">23-II. Alquiler de corta duraci\u00f3n (NRUA) y fin de obra<\/a><\/strong><\/p>\n<p><strong><a href=\"https:\/\/www.notariosyregistradores.com\/web\/resoluciones\/por-meses\/resoluciones-enero-2026-direccion-general-de-seguridad-juridica-y-fe-publica\/#5-cancelacion-de-hipotecas-sobre-bienes-de-la-masa-activa-vendidos-en-fase-de-liquidacion-del-concurso\">22-II. Concurso acreedores: cancelaci\u00f3n hipoteca sobre finca vendida en fase de liquidaci\u00f3n<\/a><\/strong><\/p>\n<table style=\"border-collapse: collapse; width: 100%; height: 247px;\">\n<tbody>\n<tr style=\"height: 285px;\">\n<td style=\"text-align: center; height: 247px; width: 50%; vertical-align: top;\">\n<p><a style=\"color: #0f3647; font-size: 14px; text-align: center;\" href=\"https:\/\/www.notariosyregistradores.com\/web\/secciones\/oposiciones\/pagina-de-las-oposiciones-a-registros-2026-2027\/\"><strong><span style=\"font-size: 12pt;\">P\u00e1gina Oposiciones Registros 2026 &#8211; 2027<\/span><\/strong><\/a><\/p>\n<p><a href=\"https:\/\/www.notariosyregistradores.com\/web\/secciones\/oposiciones\/pagina-de-las-oposiciones-a-registros-2026-2027\/\"><img loading=\"lazy\" decoding=\"async\" class=\"aligncenter size-full wp-image-134884\" src=\"https:\/\/www.notariosyregistradores.com\/web\/wp-content\/uploads\/2026\/02\/Alcala-540-Google-Maps-pq.jpg\" alt=\"\" width=\"300\" height=\"195\" \/><\/a><\/p>\n<\/td>\n<td style=\"text-align: center; height: 247px; width: 50%; vertical-align: top;\">\n<p><strong style=\"color: #444444; font-size: 14px;\"><span style=\"font-size: 12pt;\"><a style=\"color: #0f3647;\" href=\"https:\/\/www.notariosyregistradores.com\/web\/secciones\/oficina-notarial\/otros-temas\/actas-notariales-de-contenido-politico\/\">Actas notariales de contenido pol\u00edtico <span style=\"font-size: 10pt;\">A. Ripoll<\/span><\/a><\/span><\/strong><\/p>\n<p><a href=\"https:\/\/www.notariosyregistradores.com\/web\/secciones\/oficina-notarial\/otros-temas\/actas-notariales-de-contenido-politico\/\"><img loading=\"lazy\" decoding=\"async\" class=\"aligncenter size-full wp-image-134763\" src=\"https:\/\/www.notariosyregistradores.com\/web\/wp-content\/uploads\/2026\/02\/Las_Siete_Partidas-pq.jpg\" alt=\"\" width=\"300\" height=\"194\" \/><\/a><\/p>\n<\/td>\n<\/tr>\n<\/tbody>\n<\/table>\n<p><strong><a href=\"https:\/\/www.notariosyregistradores.com\/web\/normas\/informes-mensuales\/informe-377-boe-febrero-2026\/#rdley-4-2026-situaciones-de-emergencia-y-mercado\">21-II. Resumen RDLey 4\/2026: Situaciones de emergencia y mercado<\/a><\/strong><\/p>\n<p><strong><a href=\"https:\/\/www.notariosyregistradores.com\/web\/resoluciones\/por-meses\/resoluciones-enero-2026-direccion-general-de-seguridad-juridica-y-fe-publica\/#52-donacion-de-nuda-propiedad-con-reserva-de-facultad-de-disponer-y-prohibicion-de-disposicion\">20-II. Donaci\u00f3n de nuda propiedad con reserva de facultad de disponer y prohibici\u00f3n de disposici\u00f3n<\/a><\/strong><\/p>\n<p><strong><a href=\"https:\/\/www.notariosyregistradores.com\/web\/normas\/informes-mensuales\/informe-377-boe-febrero-2026\/#SMI\">19-II. BOE publica <em>Salario M\u00ednimo Interprofesional<\/em> para 2026<\/a><\/strong><\/p>\n<table style=\"border-collapse: collapse; width: 100%;\">\n<tbody>\n<tr>\n<td style=\"width: 50%; text-align: center; vertical-align: top;\">\n<p><strong><span style=\"font-size: 12pt;\"><a href=\"https:\/\/www.notariosyregistradores.com\/web\/normas\/concretas\/instruccion-cgpj-sobre-uso-de-la-inteligencia-artificial-por-jueces-y-magistrados\/\">Instrucci\u00f3n CGPJ sobre uso Inteligencia Artificial por Judicatura<\/a><\/span><\/strong><a href=\"https:\/\/www.notariosyregistradores.com\/web\/normas\/concretas\/instruccion-cgpj-sobre-uso-de-la-inteligencia-artificial-por-jueces-y-magistrados\/\"><img loading=\"lazy\" decoding=\"async\" class=\"aligncenter size-full wp-image-134704\" src=\"https:\/\/www.notariosyregistradores.com\/web\/wp-content\/uploads\/2026\/02\/IA-Justicia-pq.jpg\" alt=\"\" width=\"300\" height=\"164\" \/><\/a><\/p>\n<\/td>\n<td style=\"width: 50%; text-align: center; vertical-align: top;\">\n<p><strong><span style=\"font-size: 12pt;\"><a href=\"https:\/\/www.notariosyregistradores.com\/web\/secciones\/consumo-y-derecho\/informes-mensuales-cyd\/informe-18-jurisprudencia-de-consumo-y-derecho-abril-junio-2025\/\">Informe 18 Jurispr. Consumo y Derecho. 2\u00ba Trim. 2025<\/a><\/span><\/strong><a href=\"https:\/\/www.notariosyregistradores.com\/web\/secciones\/consumo-y-derecho\/informes-mensuales-cyd\/informe-18-jurisprudencia-de-consumo-y-derecho-abril-junio-2025\/\"><img loading=\"lazy\" decoding=\"async\" class=\"aligncenter size-full wp-image-134668\" src=\"https:\/\/www.notariosyregistradores.com\/web\/wp-content\/uploads\/2026\/02\/Palmeras-al-ocaso-pq.jpg\" alt=\"\" width=\"250\" height=\"188\" \/><\/a><\/p>\n<\/td>\n<\/tr>\n<\/tbody>\n<\/table>\n<p><a href=\"https:\/\/www.notariosyregistradores.com\/web\/resoluciones\/por-meses\/resoluciones-enero-2026-direccion-general-de-seguridad-juridica-y-fe-publica\/#53-nrua-prohibicion-estatutaria-requerimiento-para-mejor-proveer-avance-de-la-posible-resolucionpension\"><strong>17-II. Requerimiento para mejor proveer en Calificaci\u00f3n Registral y en Recurso Gubernativo<\/strong><\/a><\/p>\n<p><a href=\"https:\/\/www.notariosyregistradores.com\/web\/resoluciones\/por-meses\/resoluciones-enero-2026-direccion-general-de-seguridad-juridica-y-fe-publica\/#r54\"><strong>16-II. Denegaci\u00f3n asiento presentaci\u00f3n de burofax. T\u00edtulo sobre posesi\u00f3n<\/strong><\/a><\/p>\n<p><strong style=\"font-size: 1rem;\"><a href=\"https:\/\/www.notariosyregistradores.com\/web\/resoluciones\/por-meses\/resoluciones-enero-2026-direccion-general-de-seguridad-juridica-y-fe-publica\/#36-auto-firme-de-tribunal-extranjero-y-rectificacion-de-asientos\">14-II. Auto firme de tribunal extranjero y rectificaci\u00f3n de asientos<\/a><\/strong><\/p>\n<table style=\"border-collapse: collapse; width: 100%;\">\n<tbody>\n<tr>\n<td style=\"width: 50%; text-align: center; vertical-align: top;\"><strong style=\"color: #444444; font-size: 14px; text-align: center;\"><span style=\"font-size: 12pt;\"><a style=\"color: #0f3647;\" href=\"https:\/\/www.notariosyregistradores.com\/web\/secciones\/fiscal\/informes-mensuales-fiscal\/informe-fiscal-enero-2026-registro-de-activos-financieros-y-valores-en-las-sucesiones\/\">Informe fiscal enero. Registro de activos financieros para\u00a0sucesiones<\/a><a href=\"https:\/\/www.notariosyregistradores.com\/web\/secciones\/fiscal\/informes-mensuales-fiscal\/informe-fiscal-enero-2026-registro-de-activos-financieros-y-valores-en-las-sucesiones\/\"><img loading=\"lazy\" decoding=\"async\" class=\"wp-image-134613 aligncenter\" src=\"https:\/\/www.notariosyregistradores.com\/web\/wp-content\/uploads\/2026\/02\/Figueras-Castropol-Asturias-pq.jpg\" alt=\"\" width=\"300\" height=\"188\" \/><\/a><\/span><\/strong><\/td>\n<td style=\"width: 50%; text-align: center; vertical-align: top;\"><strong style=\"color: #444444; font-size: 16px; text-align: center;\"><a style=\"color: #0f3647;\" href=\"https:\/\/www.notariosyregistradores.com\/web\/resoluciones\/sabias-que-4\/#s1580\">6 \u00bfSab\u00edas que&#8230;? Leg\u00edtima vasca, obra nueva e IRPF, SL a 1\u20ac, Poder Preventivo<\/a><a href=\"https:\/\/www.notariosyregistradores.com\/web\/resoluciones\/sabias-que-4\/#s1580\"><img loading=\"lazy\" decoding=\"async\" class=\" wp-image-134574 aligncenter\" src=\"https:\/\/www.notariosyregistradores.com\/web\/wp-content\/uploads\/2026\/02\/Salamanca-Arzobispo-Fonseca-pq.jpg\" alt=\"\" width=\"270\" height=\"203\" \/><\/a><\/strong><\/td>\n<\/tr>\n<\/tbody>\n<\/table>\n<p><a href=\"https:\/\/www.notariosyregistradores.com\/web\/normas\/informes-mensuales\/informe-377-boe-febrero-2026\/#-convocadas-oposiciones-a-registros-2026-8211-2027\"><strong>13-II. Publicada convocatoria de Oposiciones a Registros.<\/strong><\/a><\/p>\n<p style=\"text-align: left;\"><strong><a href=\"https:\/\/www.notariosyregistradores.com\/web\/resoluciones\/por-meses\/resoluciones-enero-2026-direccion-general-de-seguridad-juridica-y-fe-publica\/#-13-nrua-prohibicion-estatutaria-no-inscrita\">12-II. Acuerdos comunidad de propietarios vinculan a herederos<\/a><\/strong><\/p>\n<p><strong><a href=\"https:\/\/www.notariosyregistradores.com\/web\/normas\/informes-mensuales\/informe-377-boe-febrero-2026\/#concurso-traslado-registros-\">11-II. <\/a><a href=\"https:\/\/www.notariosyregistradores.com\/web\/normas\/informes-mensuales\/informe-377-boe-febrero-2026\/#concurso-traslado-registros\">Nuevo Concurso traslado Registros<\/a><\/strong><\/p>\n<table style=\"border-collapse: collapse; width: 100%;\">\n<tbody>\n<tr>\n<td style=\"text-align: center; width: 50%; vertical-align: top;\">\n<p><span style=\"font-size: 12pt;\"><strong style=\"color: #444444; text-align: center;\"><a style=\"color: #0f3647;\" href=\"https:\/\/www.notariosyregistradores.com\/web\/secciones\/oposiciones\/informes-opositores\/informe-opositores-notarias-y-registros-segundo-trimestre-2025\/\" target=\"_blank\" rel=\"noopener\">Informe Opositores: <br \/>\n2\u00ba trimestre 2025<\/a><\/strong><\/span><\/p>\n<p><strong style=\"color: #444444; font-size: 14px; text-align: center;\"><a style=\"color: #0f3647;\" href=\"https:\/\/www.notariosyregistradores.com\/web\/secciones\/oposiciones\/informes-opositores\/informe-opositores-notarias-y-registros-segundo-trimestre-2025\/\"><img loading=\"lazy\" decoding=\"async\" class=\"wp-image-134475 aligncenter\" src=\"https:\/\/www.notariosyregistradores.com\/web\/wp-content\/uploads\/2026\/01\/Mogan-Gran-Canaria.jpg\" alt=\"\" width=\"300\" height=\"138\" srcset=\"https:\/\/www.notariosyregistradores.com\/web\/wp-content\/uploads\/2026\/01\/Mogan-Gran-Canaria.jpg 993w, https:\/\/www.notariosyregistradores.com\/web\/wp-content\/uploads\/2026\/01\/Mogan-Gran-Canaria-300x139.jpg 300w, https:\/\/www.notariosyregistradores.com\/web\/wp-content\/uploads\/2026\/01\/Mogan-Gran-Canaria-768x356.jpg 768w, https:\/\/www.notariosyregistradores.com\/web\/wp-content\/uploads\/2026\/01\/Mogan-Gran-Canaria-500x232.jpg 500w\" sizes=\"auto, (max-width: 300px) 100vw, 300px\" \/><\/a><\/strong><span style=\"font-size: 16px;\"><br \/>\n<\/span><\/p>\n<\/td>\n<td style=\"text-align: center; width: 50%; vertical-align: top;\"><strong><a style=\"color: #0f3647; font-size: 16px; text-align: center;\" href=\"https:\/\/www.notariosyregistradores.com\/web\/secciones\/oficina-registral\/informes-mensuales-o-r\/oficina-registral-propiedad-informe-enero-2025-diez-resoluciones-escogidas\/\">Informe<\/a><\/strong><strong><a style=\"color: #0f3647; font-size: 16px; text-align: center;\" href=\"https:\/\/www.notariosyregistradores.com\/web\/secciones\/oficina-registral\/informes-mensuales-o-r\/oficina-registral-propiedad-informe-enero-2025-diez-resoluciones-escogidas\/\"> Registro Prop. <\/a><\/strong><strong style=\"color: inherit; font-family: inherit; font-size: inherit;\"><a style=\"color: #0f3647; font-size: 16px; text-align: center;\" href=\"https:\/\/www.notariosyregistradores.com\/web\/secciones\/oficina-registral\/informes-mensuales-o-r\/oficina-registral-propiedad-informe-enero-2025-diez-resoluciones-escogidas\/\">Enero 10 Res escogidas<\/a><\/strong><strong><a style=\"color: #0f3647; font-size: 16px; text-align: center;\" href=\"https:\/\/www.notariosyregistradores.com\/web\/secciones\/oficina-registral\/informes-mensuales-o-r\/oficina-registral-propiedad-informe-enero-2025-diez-resoluciones-escogidas\/\"><br \/>\n<\/a><\/strong><a href=\"https:\/\/www.notariosyregistradores.com\/web\/secciones\/oficina-registral\/informes-mensuales-o-r\/oficina-registral-propiedad-informe-enero-2025-diez-resoluciones-escogidas\/\"><img loading=\"lazy\" decoding=\"async\" class=\" wp-image-134540 aligncenter\" src=\"https:\/\/www.notariosyregistradores.com\/web\/wp-content\/uploads\/2026\/02\/facebook_1769983619105_7423849373548479571-201x300.jpg\" alt=\"\" width=\"121\" height=\"180\" srcset=\"https:\/\/www.notariosyregistradores.com\/web\/wp-content\/uploads\/2026\/02\/facebook_1769983619105_7423849373548479571-201x300.jpg 201w, https:\/\/www.notariosyregistradores.com\/web\/wp-content\/uploads\/2026\/02\/facebook_1769983619105_7423849373548479571-686x1024.jpg 686w, https:\/\/www.notariosyregistradores.com\/web\/wp-content\/uploads\/2026\/02\/facebook_1769983619105_7423849373548479571-768x1147.jpg 768w, https:\/\/www.notariosyregistradores.com\/web\/wp-content\/uploads\/2026\/02\/facebook_1769983619105_7423849373548479571-1028x1536.jpg 1028w, https:\/\/www.notariosyregistradores.com\/web\/wp-content\/uploads\/2026\/02\/facebook_1769983619105_7423849373548479571-500x747.jpg 500w, https:\/\/www.notariosyregistradores.com\/web\/wp-content\/uploads\/2026\/02\/facebook_1769983619105_7423849373548479571.jpg 1371w\" sizes=\"auto, (max-width: 121px) 100vw, 121px\" \/><\/a><\/td>\n<\/tr>\n<\/tbody>\n<\/table>\n<p><strong><a href=\"https:\/\/www.notariosyregistradores.com\/web\/resoluciones\/por-meses\/resoluciones-febrero-2026-direccion-general-de-seguridad-juridica-y-fe-publica\/#75-deposito-cuentas-anuales-identificacion-titular-real-motivacion-de-la-calificacion-posible-error-del-programa-de-depositos-de-cuentas\">10-II. Dep\u00f3sito cuentas anuales: identificaci\u00f3n Titular Real<\/a><\/strong><\/p>\n<p style=\"text-align: left;\"><strong><a href=\"https:\/\/www.notariosyregistradores.com\/web\/normas\/informes-mensuales\/informe-377-boe-febrero-2026\/#concurso\">09-II. Concurso Notarial: correcci\u00f3n errores (implica REINICIO del PLAZO instancias)<\/a><\/strong><\/p>\n<p><strong><a href=\"https:\/\/www.notariosyregistradores.com\/web\/normas\/informes-mensuales\/informe-377-boe-febrero-2026\/#rdley-3-2026-pensiones-y-seguridad-social\">09-II. Resumen RDLey 3\/2026: Pensiones y Seguridad Social<\/a><\/strong><\/p>\n<table style=\"border-collapse: collapse; width: 100.16%; height: 356px;\">\n<tbody>\n<tr style=\"height: 366px;\">\n<td style=\"width: 50%; text-align: center; height: 366px;\"><strong style=\"color: #444444; font-size: 14px; text-align: center;\"><a style=\"color: #0f3647;\" href=\"https:\/\/www.notariosyregistradores.com\/web\/secciones\/oficina-notarial\/informes-mensuales-o-n\/informe-oficina-notarial-enero-de-2026-matrimonio-en-peligro-de-muerte\/\" target=\"_blank\" rel=\"noopener\"><span style=\"font-size: 12pt;\">Informe Notar\u00edas Enero: Matrimonio en peligro muerte<\/span><\/a><a href=\"https:\/\/www.notariosyregistradores.com\/web\/secciones\/oficina-notarial\/informes-mensuales-o-n\/informe-oficina-notarial-enero-de-2026-matrimonio-en-peligro-de-muerte\/\" target=\"_blank\" rel=\"noopener\"><img loading=\"lazy\" decoding=\"async\" class=\"aligncenter\" src=\"https:\/\/www.notariosyregistradores.com\/web\/wp-content\/uploads\/2026\/01\/488537230_1486999202261269_6146070197459116723_n.jpg\" alt=\"\" width=\"235\" height=\"240\" \/><\/a><\/strong><\/td>\n<td style=\"width: 50%; text-align: center; height: 366px;\"><strong style=\"color: #444444; font-size: 16px; text-align: center;\"><a style=\"color: #0f3647;\" href=\"https:\/\/www.notariosyregistradores.com\/web\/secciones\/oficina-mercantil\/informes-mensuales-o-m\/informe-mercantil-enero-2026-es-posible-imponer-la-unanimidad-en-los-acuerdos-de-las-sociedades-de-capital-derecho-de-veto-en-el-consejo\/\" target=\"_blank\" rel=\"noopener\">Informe mercantil enero \u00bfUnanimidad acuerdos? \u00bfVeto Consejo?<\/a><a href=\"https:\/\/www.notariosyregistradores.com\/web\/secciones\/oficina-mercantil\/informes-mensuales-o-m\/informe-mercantil-enero-2026-es-posible-imponer-la-unanimidad-en-los-acuerdos-de-las-sociedades-de-capital-derecho-de-veto-en-el-consejo\/\"><img loading=\"lazy\" decoding=\"async\" class=\"aligncenter\" src=\"https:\/\/www.notariosyregistradores.com\/web\/wp-content\/uploads\/2026\/01\/Alhambra-Patio_de_los_leones-noche.jpg\" alt=\"\" width=\"169\" height=\"215\" \/><\/a><\/strong><\/td>\n<\/tr>\n<\/tbody>\n<\/table>\n<p style=\"text-align: left;\"><strong><a href=\"https:\/\/www.notariosyregistradores.com\/web\/resoluciones\/por-meses\/resoluciones-enero-2026-direccion-general-de-seguridad-juridica-y-fe-publica\/#33-199-lh-e-inscripcion-parcial-actualizacion-de-descripcion-ambigua-de-un-edificio-imprescriptibilidad-y-derecho-intertemporal-division-horizontal-por-antiguedad-y-parcelacion\">07-II.<\/a><a href=\"https:\/\/www.notariosyregistradores.com\/web\/resoluciones\/por-meses\/resoluciones-enero-2026-direccion-general-de-seguridad-juridica-y-fe-publica\/#33-199-lh-e-inscripcion-parcial-actualizacion-de-descripcion-ambigua-de-un-edificio-imprescriptibilidad-y-derecho-intertemporal-division-horizontal-por-antiguedad-y-parcelacion\"> Descripci\u00f3n ambigua de edificio. Divisi\u00f3n horizontal por antig\u00fcedad. A\u00ba 199 LH e inscripci\u00f3n parcial.<\/a><\/strong><\/p>\n<p style=\"text-align: left;\"><a href=\"https:\/\/www.notariosyregistradores.com\/web\/resoluciones\/por-meses\/resoluciones-enero-2026-direccion-general-de-seguridad-juridica-y-fe-publica\/#40-justificacion-de-medios-de-pago-en-dacion-en-pago-de-deuda-derivada-de-un-prestamo\"><strong>06-II.\u00a0<\/strong><strong>Medios de pago en daci\u00f3n en pago de deuda derivada de pr\u00e9stamo<\/strong><\/a><\/p>\n<p><strong><a href=\"https:\/\/www.notariosyregistradores.com\/web\/resoluciones\/por-meses\/resoluciones-enero-2026-direccion-general-de-seguridad-juridica-y-fe-publica\/#34-ejecucion-hipotecaria-certificacion-de-saldo-librada-por-el-laj\">05-II. Certificaci\u00f3n de saldo pendiente en ejecuci\u00f3n hipotecaria expedido por Letrado Adm. Justicia<\/a><\/strong><\/p>\n<table style=\"border-collapse: collapse; width: 100%;\">\n<tbody>\n<tr>\n<td style=\"width: 50%; text-align: center; vertical-align: middle;\"><span style=\"font-size: 14pt;\"><strong><a href=\"https:\/\/www.notariosyregistradores.com\/web\/participa\/noticias\/convocada-la-tercera-edicion-del-premio-joaquin-zejalbo-a-un-trabajo-doctrinal\/\">Convocada la Tercera Edici\u00f3n del Premio Joaqu\u00edn Zejalbo a un trabajo doctrinal.<\/a><\/strong><\/span><\/td>\n<td style=\"width: 50%; text-align: center; vertical-align: middle;\"><a href=\"https:\/\/www.notariosyregistradores.com\/web\/participa\/noticias\/convocada-la-tercera-edicion-del-premio-joaquin-zejalbo-a-un-trabajo-doctrinal\/\"><img loading=\"lazy\" decoding=\"async\" class=\"size-full wp-image-46077 aligncenter\" src=\"https:\/\/www.notariosyregistradores.com\/web\/wp-content\/uploads\/2018\/03\/Joaquin_Zejalbo-Gabardina-med.jpg\" alt=\"Joaqu\u00edn Zejalbo Mart\u00edn: Premio Notarios y Registradores 2018.\" width=\"171\" height=\"240\" \/><\/a><\/td>\n<\/tr>\n<\/tbody>\n<\/table>\n<p><strong><a href=\"https:\/\/www.notariosyregistradores.com\/web\/resoluciones\/por-meses\/resoluciones-enero-2026-direccion-general-de-seguridad-juridica-y-fe-publica\/#27-nrua-caracter-real-de-la-licencia-autonomica\">04-II. NRUA: car\u00e1cter real de la licencia auton\u00f3mica<\/a><\/strong><\/p>\n<p><strong><a href=\"https:\/\/www.notariosyregistradores.com\/web\/resoluciones\/por-meses\/resoluciones-enero-2026-direccion-general-de-seguridad-juridica-y-fe-publica\/#-11-declaracion-de-obra-nueva-sobre-finca-cuya-representacion-grafica-coincide-parcialmente-con-una-via-pecuaria\">03-II. Declaraci\u00f3n de obra nueva sobre finca con v\u00eda pecuaria<\/a><\/strong><\/p>\n<p><strong><a href=\"https:\/\/www.notariosyregistradores.com\/web\/resoluciones\/por-meses\/resoluciones-diciembre-2025-direccion-general-de-seguridad-juridica-y-fe-publica\/#535-propiedad-horizontal-segregacion-en-elemento-privativo\">01-II. Segregaci\u00f3n de elemento privativo en propiedad horizontal<\/a><\/strong><\/p>\n<table style=\"border-collapse: collapse; width: 100%;\">\n<tbody>\n<tr>\n<td style=\"width: 50%; border-style: none; vertical-align: top;\">\n<p style=\"text-align: center;\"><strong><span style=\"font-size: 12pt;\"><a href=\"https:\/\/www.notariosyregistradores.com\/web\/secciones\/doctrina\/articulos-doctrina\/cuestiones-relacionadas-con-las-personas-con-discapacidad-iii-la-propuesta-de-curador\/\" target=\"_blank\" rel=\"noopener\">La propuesta de curador de persona con discapacidad (Isidoro Lora Tamayo, notario)<\/a><\/span><\/strong><\/p>\n<p><a href=\"https:\/\/www.notariosyregistradores.com\/web\/secciones\/doctrina\/articulos-doctrina\/cuestiones-relacionadas-con-las-personas-con-discapacidad-iii-la-propuesta-de-curador\/\"><img loading=\"lazy\" decoding=\"async\" class=\"aligncenter size-full wp-image-134296\" src=\"https:\/\/www.notariosyregistradores.com\/web\/wp-content\/uploads\/2026\/01\/Habitacion-Casa-Miguel_de_Cervantes-Alcala_de_Henares-pq.jpeg\" alt=\"\" width=\"300\" height=\"225\" \/><\/a><\/p>\n<\/td>\n<td style=\"width: 50%; border-style: none; vertical-align: top;\">\n<p style=\"text-align: center;\"><span style=\"font-size: 12pt;\"><strong><a href=\"https:\/\/www.notariosyregistradores.com\/web\/practica\/revista-derecho-civil\/revista-de-derecho-civil-volumen-xii-numero-4\/\" target=\"_blank\" rel=\"noopener\">Nuevo ejemplar de la Revista de Derecho Civil: N\u00ba 4\/2025 (Oct-Dic)<\/a><\/strong><\/span><\/p>\n<p><a href=\"https:\/\/www.notariosyregistradores.com\/web\/practica\/revista-derecho-civil\/revista-de-derecho-civil-volumen-xii-numero-4\/\"><img loading=\"lazy\" decoding=\"async\" class=\"aligncenter\" src=\"https:\/\/www.notariosyregistradores.com\/web\/wp-content\/uploads\/2026\/01\/Revista-Derecho-Civil-51.jpg\" alt=\"\" width=\"160\" height=\"240\" \/><\/a><\/p>\n<\/td>\n<\/tr>\n<\/tbody>\n<\/table>\n<p><strong><a href=\"https:\/\/www.notariosyregistradores.com\/web\/resoluciones\/por-meses\/resoluciones-enero-2026-direccion-general-de-seguridad-juridica-y-fe-publica\/#40-auditor-voluntario-vs-auditor-a-solicitud-de-socio-minoritario-certificado-de-su-defuncion\" target=\"_blank\" rel=\"noopener\">30-I. Auditor voluntario Vs auditor a solicitud de socio minoritario: Certificado de su defunci\u00f3n<\/a><\/strong><\/p>\n<p style=\"text-align: justify;\"><strong><a href=\"https:\/\/www.notariosyregistradores.com\/web\/resoluciones\/por-meses\/resoluciones-enero-2026-direccion-general-de-seguridad-juridica-y-fe-publica\/#r35\" target=\"_blank\" rel=\"noopener\">28-I. Concurso sin masa. Liquidaci\u00f3n y extinci\u00f3n voluntaria de la sociedad.<\/a><\/strong><\/p>\n<p style=\"text-align: justify;\"><strong><a href=\"https:\/\/www.notariosyregistradores.com\/web\/resoluciones\/por-meses\/resoluciones-enero-2026-direccion-general-de-seguridad-juridica-y-fe-publica\/#r17\" target=\"_blank\" rel=\"noopener\">26-I. Cambio de uso por antig\u00fcedad: no cabe prescripci\u00f3n cuando se exige licencia.<\/a><\/strong><\/p>\n<table style=\"border-collapse: collapse; width: 100%;\">\n<tbody>\n<tr>\n<td style=\"width: 50%; text-align: center; vertical-align: top;\">\n<p><strong><span style=\"font-size: 12pt;\"><a href=\"https:\/\/www.notariosyregistradores.com\/web\/practica\/jurisprudencia\/cronica-breve-de-tribunales-61-plazo-de-retracto\/\" target=\"_blank\" rel=\"noopener\">Cr\u00f3nica Breve de Tribunales 61. Cambio de criterio jurisprudencial. Plazo de retracto<\/a>&#8230;\u00a0<\/span><\/strong><\/p>\n<p><a href=\"https:\/\/www.notariosyregistradores.com\/web\/practica\/jurisprudencia\/cronica-breve-de-tribunales-61-plazo-de-retracto\/\"><img loading=\"lazy\" decoding=\"async\" class=\"aligncenter size-full wp-image-134127\" src=\"https:\/\/www.notariosyregistradores.com\/web\/wp-content\/uploads\/2026\/01\/Salto-Del-Usero-Bullas-Murcia-pq.jpg\" alt=\"\" width=\"300\" height=\"193\" \/><\/a><\/p>\n<\/td>\n<td style=\"width: 50%; text-align: center; vertical-align: top;\"><strong><span style=\"font-size: 12pt;\"><a href=\"https:\/\/www.notariosyregistradores.com\/web\/secciones\/oficina-notarial\/otros-temas\/aceptacion-de-la-herencia-a-beneficio-de-inventario-legitimacion-para-instar-el-procedimiento\/\" target=\"_blank\" rel=\"noopener\">Aceptaci\u00f3n de herencia a b. de i.\u00a0 Legitimaci\u00f3n. Antonio Ripoll Ja\u00e9n.<\/a><a href=\"https:\/\/www.notariosyregistradores.com\/web\/secciones\/oficina-notarial\/otros-temas\/aceptacion-de-la-herencia-a-beneficio-de-inventario-legitimacion-para-instar-el-procedimiento\/\"><img loading=\"lazy\" decoding=\"async\" class=\"aligncenter size-full wp-image-134159\" src=\"https:\/\/www.notariosyregistradores.com\/web\/wp-content\/uploads\/2026\/01\/Teruel_desde_la_iglesia_del_Salvado-pq.jpg\" alt=\"\" width=\"141\" height=\"200\" \/><\/a><\/span><\/strong><\/td>\n<\/tr>\n<\/tbody>\n<\/table>\n<p><strong><a href=\"https:\/\/www.notariosyregistradores.com\/web\/normas\/informes-mensuales\/informe-376-boe-enero-2026\/#concursos-de-notarias\">26-I. Convocados concursos de Notar\u00edas.<\/a><\/strong><\/p>\n<p><strong><a href=\"https:\/\/www.notariosyregistradores.com\/web\/participa\/noticias\/nyr-recibe-una-mencion-de-honor-en-los-premios-juridicos-globoversia\/\">26-I. NyR recibe una Menci\u00f3n de Honor en los Premios Jur\u00eddicos Globoversia<\/a><\/strong><\/p>\n<p style=\"text-align: justify;\"><strong><a href=\"https:\/\/www.notariosyregistradores.com\/web\/normas\/informes-mensuales\/informe-376-boe-enero-2026\/#deuda-del-estado-para-2026\">24-I. Deuda del Estado para 2026.<\/a><\/strong><\/p>\n<table style=\"border-collapse: collapse; width: 100%;\">\n<tbody>\n<tr>\n<td style=\"width: 50%; border-style: none; vertical-align: top;\">\n<p style=\"text-align: center;\"><strong><span style=\"font-size: 12pt;\"><a href=\"https:\/\/www.notariosyregistradores.com\/web\/participa\/noticias\/la-revista-de-derecho-civil-moderniza-su-web\/\" target=\"_blank\" rel=\"noopener\">La Revista Derecho Civil renueva su web y facilita consultar sus 51 n\u00fameros.<\/a><\/span><\/strong><\/p>\n<p><img loading=\"lazy\" decoding=\"async\" class=\"aligncenter\" src=\"https:\/\/www.notariosyregistradores.com\/web\/wp-content\/uploads\/2026\/01\/Revista-Derecho-Civil-biblioteca.jpg\" alt=\"\" width=\"273\" height=\"240\" \/><\/p>\n<\/td>\n<td style=\"width: 50%; border-style: none; vertical-align: top;\">\n<p style=\"text-align: center;\"><span style=\"font-size: 12pt;\"><strong><a href=\"https:\/\/www.notariosyregistradores.com\/web\/normas\/informes-mensuales\/no-te-lo-pierdas-diciembre-2025\/\" target=\"_blank\" rel=\"noopener\"><em>\u00a1No te lo pierdas!:<\/em> Lo esencial del BOE de diciembre.<\/a> <a href=\"https:\/\/www.notariosyregistradores.com\/web\/normas\/informes-mensuales\/no-te-lo-pierdas-diciembre-2025\/\"><img loading=\"lazy\" decoding=\"async\" class=\"aligncenter size-full wp-image-133994\" src=\"https:\/\/www.notariosyregistradores.com\/web\/wp-content\/uploads\/2026\/01\/Paisaje-cantabro-pq.jpg\" alt=\"\" width=\"300\" height=\"225\" \/><\/a><\/strong><\/span><\/p>\n<\/td>\n<\/tr>\n<\/tbody>\n<\/table>\n<p style=\"text-align: justify;\"><strong><a href=\"https:\/\/www.notariosyregistradores.com\/web\/normas\/informes-mensuales\/informe-376-boe-enero-2026\/#registro-civil-gestion-informatizada-oficinas-consulares-del-registro-civil-y-dicireg\" target=\"_blank\" rel=\"noopener\">23-I. Plena operatividad de DICIREG en los Consulados: Entra en vigor la Instrucci\u00f3n que regula su funcionamiento definitivo<\/a><\/strong><\/p>\n<p style=\"text-align: justify;\"><strong><a href=\"https:\/\/www.notariosyregistradores.com\/web\/resoluciones\/por-meses\/resoluciones-enero-2026-direccion-general-de-seguridad-juridica-y-fe-publica\/#r3\" target=\"_blank\" rel=\"noopener\">23-I. Rectificaci\u00f3n de descripci\u00f3n gr\u00e1fica georreferenciada ya inscrita<\/a>.<\/strong><\/p>\n<p style=\"text-align: justify;\"><strong><a href=\"https:\/\/www.notariosyregistradores.com\/web\/resoluciones\/por-meses\/resoluciones-enero-2026-direccion-general-de-seguridad-juridica-y-fe-publica\/#r25\" target=\"_blank\" rel=\"noopener\">21-I. Reserva de denominaci\u00f3n. Certificaci\u00f3n negativa de la segunda pedida<\/a>.<\/strong><\/p>\n<p><strong><a href=\"https:\/\/www.notariosyregistradores.com\/web\/resoluciones\/por-meses\/resoluciones-enero-2026-direccion-general-de-seguridad-juridica-y-fe-publica\/#r26\" target=\"_blank\" rel=\"noopener\">20-I. Cancelaci\u00f3n de inscripci\u00f3n de arrendador financiero \u00bfcaducidad?<\/a><\/strong><\/p>\n<p style=\"text-align: justify;\"><strong><a href=\"https:\/\/www.notariosyregistradores.com\/web\/normas\/informes-mensuales\/informe-375-boe-diciembre-2025\/#sistema-de-facturacion-verifactu\" target=\"_blank\" rel=\"noopener\">18-I. Resumen del Real Decreto-ley 15\/2025, de 2 de diciembre, super\u00e1vit CCAA y aplazamiento del sistema Verifactu<\/a><\/strong><\/p>\n<p style=\"text-align: justify;\"><strong><a href=\"https:\/\/www.notariosyregistradores.com\/web\/participa\/noticias\/codigo-derecho-sostenibilidad\/\" target=\"_blank\" rel=\"noopener\">17-I. Publicado el C\u00f3digo del Derecho de la Sostenibilidad<\/a><\/strong><\/p>\n<p style=\"text-align: justify;\"><strong><a href=\"https:\/\/www.notariosyregistradores.com\/web\/resoluciones\/por-meses\/resoluciones-diciembre-2025-direccion-general-de-seguridad-juridica-y-fe-publica\/#r553\" target=\"_blank\" rel=\"noopener\">17-I. Rectificaci\u00f3n por viuda de error en el r\u00e9gimen matrimonial marroqu\u00ed.<\/a><\/strong><\/p>\n<table style=\"border-collapse: collapse; width: 100%; height: 306px;\">\n<tbody>\n<tr style=\"height: 306px;\">\n<td style=\"width: 50%; border-style: none; vertical-align: top; height: 306px;\">\n<p style=\"text-align: center;\"><span style=\"font-size: 12pt;\"><a href=\"https:\/\/www.notariosyregistradores.com\/web\/resoluciones\/cataluna-resoluciones\/resoluciones-dgdejm-cataluna-2025\/\" target=\"_blank\" rel=\"noopener\"><strong>Resoluciones DGDEJM Catalu\u00f1a 2025. Teresa S\u00e1nchez Hern\u00e1ndez<\/strong><\/a><\/span><\/p>\n<p><a href=\"https:\/\/www.notariosyregistradores.com\/web\/resoluciones\/cataluna-resoluciones\/resoluciones-dgdejm-cataluna-2025\/\" target=\"_blank\" rel=\"noopener\"><img loading=\"lazy\" decoding=\"async\" class=\"aligncenter\" src=\"https:\/\/www.notariosyregistradores.com\/web\/wp-content\/uploads\/2025\/04\/Sant_Climent_de_Taull-nevado-pq.jpg\" alt=\"\" width=\"300\" height=\"225\" \/><\/a><\/p>\n<\/td>\n<td style=\"width: 50%; border-style: none; vertical-align: top; height: 306px;\">\n<p style=\"text-align: center;\"><span style=\"font-size: 12pt;\"><a href=\"https:\/\/www.notariosyregistradores.com\/web\/participa\/quienes-somos\/\" target=\"_blank\" rel=\"noopener\"><strong>\u00bfQui\u00e9nes somos? Las personas que hacen posible NyR.<\/strong><\/a><\/span><\/p>\n<p><a href=\"https:\/\/www.notariosyregistradores.com\/web\/participa\/quienes-somos\/\"><img loading=\"lazy\" decoding=\"async\" class=\"aligncenter size-full wp-image-133349\" src=\"https:\/\/www.notariosyregistradores.com\/web\/wp-content\/uploads\/2025\/12\/equipo-redaccion-2025-15-fotos-pq.jpg\" alt=\"\" width=\"400\" height=\"257\" \/><\/a><\/td>\n<\/tr>\n<\/tbody>\n<\/table>\n<p style=\"text-align: justify;\"><strong><a href=\"https:\/\/www.notariosyregistradores.com\/web\/resoluciones\/por-meses\/resoluciones-diciembre-2025-direccion-general-de-seguridad-juridica-y-fe-publica\/#r513\" target=\"_blank\" rel=\"noopener\">16-I. Justificaci\u00f3n de los medios de pago en escritura de daci\u00f3n en pago de deuda.<\/a><\/strong><\/p>\n<p><strong style=\"text-align: justify; font-size: 1rem;\"><a href=\"https:\/\/www.notariosyregistradores.com\/web\/normas\/informes-mensuales\/informe-375-boe-diciembre-2025\/#modelo-arrendamientos-de-corta-duracion\">14-I. Modelo de arrendamientos de corta duraci\u00f3n: avalancha en febrero.<\/a><\/strong><\/p>\n<p style=\"text-align: justify;\"><strong><a href=\"https:\/\/www.notariosyregistradores.com\/web\/resoluciones\/por-meses\/resoluciones-diciembre-2025-direccion-general-de-seguridad-juridica-y-fe-publica\/#r542\" target=\"_blank\" rel=\"noopener\">13-I.<\/a><a href=\"https:\/\/www.notariosyregistradores.com\/web\/resoluciones\/por-meses\/resoluciones-diciembre-2025-direccion-general-de-seguridad-juridica-y-fe-publica\/#r542\" target=\"_blank\" rel=\"noopener\"> Aceptaci\u00f3n de herencia en que uno de los herederos ha fallecido con posterioridad a la causante<\/a>.<\/strong><\/p>\n<table style=\"border-collapse: collapse; width: 100%;\">\n<tbody>\n<tr>\n<td style=\"width: 50%; text-align: center; vertical-align: top;\"><strong><span style=\"font-size: 12pt;\"><a href=\"https:\/\/www.notariosyregistradores.com\/web\/resoluciones\/sabias-que-4\/#s1574\" target=\"_blank\" rel=\"noopener\">\u00bfSab\u00edas que&#8230; ? Del 1569 al 1574: legitimario, donaci\u00f3n dinero&#8230;.<\/a><\/span><\/strong><\/p>\n<p><a href=\"https:\/\/www.notariosyregistradores.com\/web\/resoluciones\/sabias-que-4\/#s1574\"><img loading=\"lazy\" decoding=\"async\" class=\"size-full wp-image-133831 aligncenter\" src=\"https:\/\/www.notariosyregistradores.com\/web\/wp-content\/uploads\/2026\/01\/Castano-Sabinanigo-pq.jpg\" alt=\"\" width=\"150\" height=\"200\" \/><\/a><\/p>\n<\/td>\n<td style=\"width: 50%; text-align: center; vertical-align: top;\"><strong><span style=\"font-size: 12pt;\"><a href=\"https:\/\/www.notariosyregistradores.com\/web\/participa\/noticias\/boletin-de-noticias-nyr-numero-37-enero-2026\/\" target=\"_blank\" rel=\"noopener\">Nuevo Bolet\u00edn de noticias de NyR. n\u00ba 37 Enero 2026<\/a><img loading=\"lazy\" decoding=\"async\" class=\"aligncenter size-full wp-image-134013\" style=\"margin-top: 19px; margin-bottom: 19px;\" src=\"https:\/\/www.notariosyregistradores.com\/web\/wp-content\/uploads\/2026\/01\/BOLETIN-pq.jpg\" alt=\"\" width=\"300\" height=\"225\" \/><\/span><\/strong><\/td>\n<\/tr>\n<\/tbody>\n<\/table>\n<p style=\"text-align: justify;\"><strong><a href=\"https:\/\/www.notariosyregistradores.com\/web\/normas\/informes-mensuales\/informe-375-boe-diciembre-2025\/#oficina-de-patentes-y-marcas-estatuto\">12-I. Estatuto de la Oficina Espa\u00f1ola de Patentes y Marcas.<\/a><\/strong><\/p>\n<p style=\"text-align: justify;\"><strong><a href=\"https:\/\/www.notariosyregistradores.com\/web\/resoluciones\/por-meses\/resoluciones-diciembre-2025-direccion-general-de-seguridad-juridica-y-fe-publica\/#r528\" target=\"_blank\" rel=\"noopener\">11-I. N\u00famero de Registro de alquiler de corta duraci\u00f3n no tur\u00edstico prohibido por los estatutos. Cl\u00e1usula que no lo impide.<\/a><\/strong><\/p>\n<p style=\"text-align: justify;\"><strong><a href=\"https:\/\/www.notariosyregistradores.com\/web\/resoluciones\/por-meses\/resoluciones-diciembre-2025-direccion-general-de-seguridad-juridica-y-fe-publica\/#r552\" target=\"_blank\" rel=\"noopener\">10-I. Oposici\u00f3n a georreferenciaci\u00f3n por desplazamiento de cartograf\u00eda catastral.<\/a><\/strong><\/p>\n<p style=\"text-align: justify;\"><strong><a href=\"https:\/\/www.notariosyregistradores.com\/web\/resoluciones\/por-meses\/resoluciones-diciembre-2025-direccion-general-de-seguridad-juridica-y-fe-publica\/#r555\" target=\"_blank\" rel=\"noopener\">09-I. Rectificaci\u00f3n de privativo a ganancial tras el fallecimiento del titular registral<\/a><\/strong><\/p>\n<table style=\"border-collapse: collapse; width: 100%;\">\n<tbody>\n<tr>\n<td style=\"width: 50%; border-style: none; vertical-align: top; text-align: center;\">\n<p><strong><span style=\"font-size: 12pt;\"><a href=\"https:\/\/www.notariosyregistradores.com\/web\/secciones\/consumo-y-derecho\/varios-cyd\/resumen-de-la-ley-10-2025-de-26-de-diciembre-por-la-que-se-regulan-los-servicios-de-atencion-a-la-clientela\/\" target=\"_blank\" rel=\"noopener\">Resumen Ley 10\/2025, Servicios Atenci\u00f3n a la<\/a><a href=\"https:\/\/www.notariosyregistradores.com\/web\/secciones\/consumo-y-derecho\/varios-cyd\/resumen-de-la-ley-10-2025-de-26-de-diciembre-por-la-que-se-regulan-los-servicios-de-atencion-a-la-clientela\/\" target=\"_blank\" rel=\"noopener\"> C<\/a><\/span><\/strong><strong><span style=\"font-size: 12pt;\"><a href=\"https:\/\/www.notariosyregistradores.com\/web\/secciones\/consumo-y-derecho\/varios-cyd\/resumen-de-la-ley-10-2025-de-26-de-diciembre-por-la-que-se-regulan-los-servicios-de-atencion-a-la-clientela\/\" target=\"_blank\" rel=\"noopener\">lientela<\/a><\/span><\/strong><a href=\"https:\/\/www.notariosyregistradores.com\/web\/secciones\/consumo-y-derecho\/varios-cyd\/resumen-de-la-ley-10-2025-de-26-de-diciembre-por-la-que-se-regulan-los-servicios-de-atencion-a-la-clientela\/\"><img loading=\"lazy\" decoding=\"async\" class=\"size-full wp-image-133763 aligncenter\" src=\"https:\/\/www.notariosyregistradores.com\/web\/wp-content\/uploads\/2026\/01\/atencion-telefonica-pq.jpg\" alt=\"\" width=\"260\" height=\"200\" \/><\/a><\/p>\n<\/td>\n<td style=\"width: 50%; border-style: none; vertical-align: top; text-align: center;\">\n<p><span style=\"font-size: 12pt;\"><strong><a href=\"https:\/\/www.notariosyregistradores.com\/web\/sc\/buenas-practicas-en-licencias-urbanisticas-en-el-ambito-residencial\/\" target=\"_blank\" rel=\"noopener\">Gu\u00eda de Buenas Pr\u00e1cticas en Licencias Urban\u00edsticas en \u00c1mbito Residencial<\/a><\/strong><\/span><\/p>\n<p><a href=\"https:\/\/www.notariosyregistradores.com\/web\/sc\/buenas-practicas-en-licencias-urbanisticas-en-el-ambito-residencial\/\"><img loading=\"lazy\" decoding=\"async\" class=\"aligncenter size-full wp-image-133887\" src=\"https:\/\/www.notariosyregistradores.com\/web\/wp-content\/uploads\/2026\/01\/untitled1-1-e1768215396937.jpg\" alt=\"\" width=\"300\" height=\"154\" srcset=\"https:\/\/www.notariosyregistradores.com\/web\/wp-content\/uploads\/2026\/01\/untitled1-1-e1768215396937.jpg 545w, https:\/\/www.notariosyregistradores.com\/web\/wp-content\/uploads\/2026\/01\/untitled1-1-e1768215396937-300x154.jpg 300w, https:\/\/www.notariosyregistradores.com\/web\/wp-content\/uploads\/2026\/01\/untitled1-1-e1768215396937-500x257.jpg 500w\" sizes=\"auto, (max-width: 300px) 100vw, 300px\" \/><\/a><\/td>\n<\/tr>\n<\/tbody>\n<\/table>\n<p style=\"text-align: justify;\"><a href=\"https:\/\/www.notariosyregistradores.com\/web\/resoluciones\/por-meses\/resoluciones-diciembre-2025-direccion-general-de-seguridad-juridica-y-fe-publica\/#r504\" target=\"_blank\" rel=\"noopener\"><strong>08-I Adjudicaci\u00f3n de fincas en procedimiento concursal sin cancelar las hipotecas que las gravan<\/strong><\/a><\/p>\n<p style=\"text-align: justify;\"><strong><a href=\"https:\/\/www.notariosyregistradores.com\/web\/resoluciones\/por-meses\/resoluciones-diciembre-2025-direccion-general-de-seguridad-juridica-y-fe-publica\/#r536\" target=\"_blank\" rel=\"noopener\">07-I. Inscripci\u00f3n de representaci\u00f3n gr\u00e1fica, oposici\u00f3n de ayuntamiento, Georreferenciaci\u00f3n Parcial<\/a><\/strong><\/p>\n<p><strong><a href=\"https:\/\/www.notariosyregistradores.com\/web\/resoluciones\/por-meses\/resoluciones-diciembre-2025-direccion-general-de-seguridad-juridica-y-fe-publica\/#r514\" target=\"_blank\" rel=\"noopener\">07-I. Compraventa con precio aplazado y pactos que vulneran el derecho a extinguir el condominio y la prohibici\u00f3n de los pactos comisorios.<\/a><\/strong><\/p>\n<table style=\"width: 100%; border-collapse: collapse;\">\n<tbody>\n<tr>\n<td style=\"width: 50%; border-style: none; vertical-align: top;\">\n<p style=\"text-align: center;\"><strong><span style=\"font-size: 12pt;\"><a href=\"https:\/\/www.notariosyregistradores.com\/web\/normas\/concretas\/principales-novedades-de-la-ley-11-2015-de-medidas-en-materia-de-vivienda-y-urrbanismo-en-cataluna\/\" target=\"_blank\" rel=\"noopener\">Novedades Ley 11\/2015, medidas en materia de vivienda y urbanismo en Catalu\u00f1a<\/a><\/span><\/strong><\/p>\n<p><img loading=\"lazy\" decoding=\"async\" class=\"aligncenter\" src=\"https:\/\/www.notariosyregistradores.com\/web\/wp-content\/uploads\/2025\/06\/Bloques_de_viviendas-Hospitalet-Bellvitge.jpg\" alt=\"\" width=\"300\" height=\"200\" \/><\/p>\n<\/td>\n<td style=\"width: 50%; border-style: none; vertical-align: top; text-align: center;\">\n<p><strong><span style=\"font-size: 12pt;\"><a href=\"https:\/\/www.notariosyregistradores.com\/web\/normas\/concretas\/resumen-rdley-16-2025-tributos-seguridad-social-personas-vulnerables\/\" target=\"_blank\" rel=\"noopener\"><span style=\"color: #0000ff;\">Resumen RDLEY 16\/2025 Tributos,\u00a0 \u00a0 \u00a0 \u00a0 Seguridad Social, Personas Vulnerables<\/span><\/a><\/span><\/strong>\u00a0<\/p>\n<p><a href=\"https:\/\/www.notariosyregistradores.com\/web\/normas\/concretas\/resumen-rdley-16-2025-tributos-seguridad-social-personas-vulnerables\/\"><img loading=\"lazy\" decoding=\"async\" class=\"aligncenter size-full wp-image-133683\" src=\"https:\/\/www.notariosyregistradores.com\/web\/wp-content\/uploads\/2026\/01\/Menorca-recorte-palmera-pq.jpg\" alt=\"\" width=\"199\" height=\"240\" \/><\/a><\/p>\n<\/td>\n<\/tr>\n<\/tbody>\n<\/table>\n<p style=\"text-align: justify;\"><strong><a href=\"https:\/\/www.notariosyregistradores.com\/web\/participa\/noticias\/ofertas-de-empleo-2025\/\" target=\"_blank\" rel=\"noopener\">05-I. Incremento <\/a><a href=\"https:\/\/www.notariosyregistradores.com\/web\/participa\/noticias\/ofertas-de-empleo-2025\/\" target=\"_blank\" rel=\"noopener\">en las Ofertas de empleo de 2025.<\/a>\u00a0\u00a0<\/strong><\/p>\n<p style=\"text-align: justify;\"><strong><a href=\"https:\/\/www.notariosyregistradores.com\/web\/resoluciones\/por-meses\/resoluciones-diciembre-2025-direccion-general-de-seguridad-juridica-y-fe-publica\/#r544\" target=\"_blank\" rel=\"noopener\">05-I. Compraventa con pago por transferencia v\u00eda Banco de Espa\u00f1a<\/a><\/strong><\/p>\n<p style=\"text-align: justify;\"><strong><a href=\"https:\/\/www.notariosyregistradores.com\/web\/resoluciones\/por-meses\/resoluciones-diciembre-2025-direccion-general-de-seguridad-juridica-y-fe-publica\/#r538\" target=\"_blank\" rel=\"noopener\">05-I. Segregaci\u00f3n por antig\u00fcedad sin licencia<\/a><\/strong><\/p>\n<p style=\"text-align: justify;\"><strong><a href=\"https:\/\/www.notariosyregistradores.com\/web\/resoluciones\/por-meses\/resoluciones-diciembre-2025-direccion-general-de-seguridad-juridica-y-fe-publica\/#r511\" target=\"_blank\" rel=\"noopener\">05-I. Rectificaci\u00f3n de descripci\u00f3n y oposici\u00f3n de colindantes. Vinculaci\u00f3n Ob Rem de fincas de distintos propietarios<\/a><\/strong><\/p>\n<table style=\"border-collapse: collapse; width: 100%;\">\n<tbody>\n<tr>\n<td style=\"width: 50%; border-style: none; vertical-align: top;\">\n<p style=\"text-align: center;\"><strong><span style=\"font-size: 12pt;\"><a href=\"https:\/\/www.notariosyregistradores.com\/web\/secciones\/fiscal\/informes-mensuales-fiscal\/informe-fiscal-diciembre-2025-fiscalidad-de-donaciones-especiales\/\" target=\"_blank\" rel=\"noopener\">Nuevo Informe Fiscal. Fiscalidad de donaciones especiales.<\/a><\/span><\/strong><\/p>\n<p><a href=\"https:\/\/www.notariosyregistradores.com\/web\/secciones\/fiscal\/informes-mensuales-fiscal\/informe-fiscal-diciembre-2025-fiscalidad-de-donaciones-especiales\/\"><img loading=\"lazy\" decoding=\"async\" class=\"aligncenter size-full wp-image-133572\" src=\"https:\/\/www.notariosyregistradores.com\/web\/wp-content\/uploads\/2026\/01\/Ria-del-Eo-Asturias-Galicia-pq.jpg\" alt=\"\" width=\"370\" height=\"202\" \/><\/a><\/p>\n<\/td>\n<td style=\"width: 50%; border-style: none; vertical-align: top;\">\n<p style=\"text-align: center;\"><strong><span style=\"font-size: 12pt;\"><a href=\"https:\/\/www.notariosyregistradores.com\/web\/secciones\/consumo-y-derecho\/informes-mensuales-cyd\/bibliografia-sobre-consumo-y-derecho-informe-no-38-segundo-trimestre-2025\/\" target=\"_blank\" rel=\"noopener\">Informe Bibliograf\u00eda sobre Consumo y Derecho. V\u00edctor Bastante Granell.<\/a><\/span><\/strong><\/p>\n<p><a href=\"https:\/\/www.notariosyregistradores.com\/web\/secciones\/consumo-y-derecho\/informes-mensuales-cyd\/bibliografia-sobre-consumo-y-derecho-informe-no-38-segundo-trimestre-2025\/\"><img loading=\"lazy\" decoding=\"async\" class=\"aligncenter size-full wp-image-133549\" src=\"https:\/\/www.notariosyregistradores.com\/web\/wp-content\/uploads\/2026\/01\/Biblioteca-Palacio-Nacional-de-Mafra-Portugal-pq.jpg\" alt=\"\" width=\"300\" height=\"198\" \/><\/a><\/p>\n<\/td>\n<\/tr>\n<\/tbody>\n<\/table>\n<p style=\"text-align: justify;\"><strong><a href=\"https:\/\/www.notariosyregistradores.com\/web\/resoluciones\/por-meses\/resoluciones-diciembre-2025-direccion-general-de-seguridad-juridica-y-fe-publica\/#r531\" target=\"_blank\" rel=\"noopener\">04-I. Inscripci\u00f3n de bien privativo por Confesi\u00f3n y bien privativo por Atribuci\u00f3n<\/a><\/strong><\/p>\n<p style=\"text-align: justify;\"><strong><a href=\"https:\/\/www.notariosyregistradores.com\/web\/resoluciones\/por-meses\/resoluciones-diciembre-2025-direccion-general-de-seguridad-juridica-y-fe-publica\/#r522\" target=\"_blank\" rel=\"noopener\">03-I. Tanteo y Retracto en compraventa de finca enclavada en un parque natural (Andaluc\u00eda).<\/a><\/strong><\/p>\n<p style=\"text-align: justify;\"><strong><a href=\"https:\/\/www.notariosyregistradores.com\/web\/normas\/informes-mensuales\/informe-375-boe-diciembre-2025\/#real-decreto-ley-17-2025-bonificacion-transporte-pubico\">03-I. Resumen del Real Decreto-ley 17\/2025: bonificaci\u00f3n transporte p\u00fablico<\/a><\/strong><\/p>\n<table style=\"border-collapse: collapse; width: 100%;\">\n<tbody>\n<tr>\n<td style=\"width: 50%; border-style: none; vertical-align: top;\">\n<p style=\"text-align: center;\"><a href=\"https:\/\/www.notariosyregistradores.com\/web\/secciones\/oficina-registral\/informes-mensuales-o-r\/oficina-registral-propiedad-informe-diciembre-2025-la-navidad-en-ocho-normas-juridicas\/#disposiciones-generales-por-maria-nunez-nunez-el-resto-del-informe\" target=\"_blank\" rel=\"noopener\"><span style=\"font-size: 12pt;\"><strong>Informe Oficina Registral Diciembre 2025<\/strong><\/span><\/a>.<a href=\"https:\/\/www.notariosyregistradores.com\/web\/secciones\/oficina-registral\/informes-mensuales-o-r\/oficina-registral-propiedad-informe-diciembre-2025-la-navidad-en-ocho-normas-juridicas\/#tema-del-mes-por-antonio-oliva-izquierdo-la-navidad-en-ocho-normas-juridicas\" target=\"_blank\" rel=\"noopener\"><span style=\"font-size: 12pt;\"><strong> Navidad en Ocho Normas Jur\u00eddicas<\/strong><\/span><\/a><\/p>\n<p><a style=\"font-family: inherit; font-size: inherit;\" href=\"https:\/\/www.notariosyregistradores.com\/web\/secciones\/oficina-registral\/informes-mensuales-o-r\/oficina-registral-propiedad-informe-diciembre-2025-la-navidad-en-ocho-normas-juridicas\/\" target=\"_blank\" rel=\"noopener\"><img loading=\"lazy\" decoding=\"async\" class=\"aligncenter\" src=\"https:\/\/www.notariosyregistradores.com\/web\/wp-content\/uploads\/2026\/01\/NACIMIENTO-e1767271904909.jpg\" width=\"201\" height=\"280\" \/><\/a><\/p>\n<\/td>\n<td style=\"width: 50%; border-style: none; vertical-align: top;\">\n<p style=\"text-align: center;\"><span style=\"font-size: 12pt;\"><strong><a href=\"https:\/\/www.notariosyregistradores.com\/web\/participa\/noticias\/feliz-navidad-2025-y-un-ilusionante-2026\/\">El equipo de Redacci\u00f3n de NyR os desea un<em> \u00a1\u00a1\u00a1Venturoso 2026!!!<\/em><\/a><em>\u00a0<\/em><span style=\"background-color: #ffffff; color: #ffffff;\"><em>.<\/em><\/span><\/strong><\/span><\/p>\n<p><a href=\"https:\/\/www.notariosyregistradores.com\/web\/participa\/noticias\/feliz-navidad-2025-y-un-ilusionante-2026\/\" target=\"_blank\" rel=\"noopener\"><img loading=\"lazy\" decoding=\"async\" class=\"aligncenter\" src=\"https:\/\/www.notariosyregistradores.com\/web\/wp-content\/uploads\/2025\/12\/Feliz-2026.jpg\" width=\"183\" height=\"280\" \/><\/a><\/p>\n<\/td>\n<\/tr>\n<\/tbody>\n<\/table>\n<p style=\"text-align: justify;\"><strong><a href=\"https:\/\/www.notariosyregistradores.com\/web\/resoluciones\/por-meses\/resoluciones-diciembre-2025-direccion-general-de-seguridad-juridica-y-fe-publica\/#r493\" target=\"_blank\" rel=\"noopener\">02-I. Segregaci\u00f3n por curador sin autorizaci\u00f3n judicial, obra nueva y georreferenciaci\u00f3n de toda la finca<\/a><\/strong><\/p>\n<p>&nbsp;<\/p>\n<p style=\"text-align: center;\"><span style=\"font-size: 18pt;\"><strong>TITULARES A\u00d1OS ANTERIORES:<\/strong><\/span><\/p>\n<p style=\"text-align: center;\"><strong><span style=\"font-size: 18pt;\"><a href=\"https:\/\/www.notariosyregistradores.com\/web\/sc\/titulares-nyr-2025\/\">2025<\/a> \u00a0 <a href=\"https:\/\/www.notariosyregistradores.com\/web\/sc\/titulares-nyr-2024\/\">2024<\/a> \u00a0\u00a0<a href=\"https:\/\/www.notariosyregistradores.com\/web\/sc\/titulares-nyr-2023\/\">2023<\/a> \u00a0 <\/span><\/strong><\/p>\n<p style=\"text-align: center;\"><span style=\"font-size: 14pt;\"><strong><a href=\"https:\/\/www.notariosyregistradores.com\/web\/pruebas\/titulares-nyr-2022\/\">2022<\/a>\u00a0 \u00a0 <a href=\"https:\/\/www.notariosyregistradores.com\/web\/pruebas\/titulares-nyr-2021\/\">2021<\/a>\u00a0 \u00a0 <a href=\"https:\/\/www.notariosyregistradores.com\/web\/pruebas\/titulares-nyr-2020\/\">2020<\/a>\u00a0 \u00a0 <a href=\"https:\/\/www.notariosyregistradores.com\/web\/sc\/titulares-nyr-2019\/\">2019<\/a>\u00a0 \u00a0 <a href=\"https:\/\/www.notariosyregistradores.com\/web\/pruebas\/titulares-nyr-2018\/\">2018<\/a><\/strong><\/span><\/p>\n<h2 style=\"text-align: center;\"><span style=\"font-size: 18pt;\"><span style=\"font-size: 14pt;\"><a href=\"https:\/\/www.notariosyregistradores.com\/web\/pruebas\/titulares-nyr-2017\/\">2017<\/a>\u00a0 \u00a0 <a href=\"http:\/\/www.notariosyregistradores.com\/web\/pruebas\/titulares-nyr-2016\/\">2016<\/a> <\/span>\u00a0\u00a0<\/span><strong><span style=\"font-size: 14pt;\"> <a href=\"http:\/\/www.notariosyregistradores.com\/web\/?p=13281\">2015<\/a>\u00a0 \u00a0\u00a0<a href=\"http:\/\/www.notariosyregistradores.com\/index_archivos\/frame-derecha-2014.htm\">2014<\/a>\u00a0 \u00a0\u00a0<a href=\"http:\/\/www.notariosyregistradores.com\/index_archivos\/frame-derecha-2013.htm\">2013<\/a><\/span><\/strong><\/h2>\n<h2 style=\"text-align: center;\"><strong><span style=\"font-size: 14pt;\"><a href=\"http:\/\/www.notariosyregistradores.com\/index_archivos\/frame-derecha-2012.htm\">2012<\/a>\u00a0 \u00a0\u00a0<\/span><\/strong><strong><span style=\"font-size: 14pt;\"><a href=\"http:\/\/www.notariosyregistradores.com\/index_archivos\/frame-derecha-2011.htm\">2011<\/a>\u00a0 \u00a0\u00a0<\/span><\/strong><strong><span style=\"font-size: 14pt;\"><a href=\"http:\/\/www.notariosyregistradores.com\/index_archivos\/frame-derecha-2010.htm\">2010<\/a>\u00a0 \u00a0 <a href=\"http:\/\/www.notariosyregistradores.com\/index_archivos\/frame-derecha-2009.htm\">2009<\/a>\u00a0 \u00a0 <a href=\"http:\/\/www.notariosyregistradores.com\/index_archivos\/frame-derecha-2008.htm\">2008<\/a><\/span><\/strong><\/h2>\n<h2 style=\"text-align: center;\"><strong><span style=\"font-size: 14pt;\"><a href=\"http:\/\/www.notariosyregistradores.com\/index_archivos\/frame-derecha-2007.htm\">2007<\/a>\u00a0 \u00a0\u00a0<\/span><\/strong><strong><span style=\"font-size: 14pt;\"><a href=\"http:\/\/www.notariosyregistradores.com\/index_archivos\/frame-derecha-2006.htm\">2006<\/a>\u00a0 \u00a0 <a href=\"http:\/\/www.notariosyregistradores.com\/index_archivos\/frame-derecha-2005.htm\">2005<\/a>\u00a0 \u00a0 <a href=\"http:\/\/www.notariosyregistradores.com\/index_archivos\/frame-derecha-2004.htm\">2004<\/a>\u00a0 \u00a0 <a href=\"http:\/\/www.notariosyregistradores.com\/index_archivos\/frame-derecha-2003.htm\">2003<\/a><\/span><\/strong><\/h2>\n<p style=\"text-align: center;\">\u00a0<\/p>\n<h2 style=\"text-align: center;\"><span style=\"font-size: 18pt;\"><strong><a href=\"http:\/\/www.notariosyregistradores.com\">TITULARES ACTUALES<\/a> y <a href=\"https:\/\/www.notariosyregistradores.com\/web\/?p=1393\">PEN\u00daLTIMOS TITULARES<\/a><\/strong><\/span><\/h2>\n","protected":false},"excerpt":{"rendered":"<p>\u00a0TITULARES 2026 (usa control + f -las dos teclas a la vez- para buscar texto)\u00a0\u00a0\u00a0 IR A TITULARES A\u00d1OS ANTERIORES: 2025 \u00a0 \u00a02024\u00a0 \u00a0 2023 \u00a0 2022\u00a0 \u00a0 2021\u00a0 \u00a0 2020\u00a0 \u00a0 2019\u00a0 \u00a0 2018 2017\u00a0 \u00a0 2016 \u00a0\u00a0 2015\u00a0 \u00a0\u00a02014\u00a0 \u00a0\u00a02013 2012\u00a0 \u00a0\u00a02011\u00a0 \u00a0\u00a02010\u00a0 \u00a0 2009\u00a0 \u00a0 2008 2007\u00a0 \u00a0\u00a02006\u00a0 \u00a0 2005\u00a0 \u00a0 2004\u00a0 [&hellip;]<\/p>\n","protected":false},"author":10,"featured_media":0,"comment_status":"open","ping_status":"closed","sticky":false,"template":"","format":"standard","meta":{"_bbp_topic_count":0,"_bbp_reply_count":0,"_bbp_total_topic_count":0,"_bbp_total_reply_count":0,"_bbp_voice_count":0,"_bbp_anonymous_reply_count":0,"_bbp_topic_count_hidden":0,"_bbp_reply_count_hidden":0,"_bbp_forum_subforum_count":0,"footnotes":""},"categories":[1],"tags":[],"class_list":{"0":"post-140382","1":"post","2":"type-post","3":"status-publish","4":"format-standard","6":"category-sc"},"_links":{"self":[{"href":"https:\/\/www.notariosyregistradores.com\/web\/wp-json\/wp\/v2\/posts\/140382","targetHints":{"allow":["GET"]}}],"collection":[{"href":"https:\/\/www.notariosyregistradores.com\/web\/wp-json\/wp\/v2\/posts"}],"about":[{"href":"https:\/\/www.notariosyregistradores.com\/web\/wp-json\/wp\/v2\/types\/post"}],"author":[{"embeddable":true,"href":"https:\/\/www.notariosyregistradores.com\/web\/wp-json\/wp\/v2\/users\/10"}],"replies":[{"embeddable":true,"href":"https:\/\/www.notariosyregistradores.com\/web\/wp-json\/wp\/v2\/comments?post=140382"}],"version-history":[{"count":2,"href":"https:\/\/www.notariosyregistradores.com\/web\/wp-json\/wp\/v2\/posts\/140382\/revisions"}],"predecessor-version":[{"id":140384,"href":"https:\/\/www.notariosyregistradores.com\/web\/wp-json\/wp\/v2\/posts\/140382\/revisions\/140384"}],"wp:attachment":[{"href":"https:\/\/www.notariosyregistradores.com\/web\/wp-json\/wp\/v2\/media?parent=140382"}],"wp:term":[{"taxonomy":"category","embeddable":true,"href":"https:\/\/www.notariosyregistradores.com\/web\/wp-json\/wp\/v2\/categories?post=140382"},{"taxonomy":"post_tag","embeddable":true,"href":"https:\/\/www.notariosyregistradores.com\/web\/wp-json\/wp\/v2\/tags?post=140382"}],"curies":[{"name":"wp","href":"https:\/\/api.w.org\/{rel}","templated":true}]}}