{"id":14358,"date":"2015-12-19T06:02:24","date_gmt":"2015-12-19T05:02:24","guid":{"rendered":"http:\/\/www.notariosyregistradores.com\/web\/?p=14358"},"modified":"2016-04-26T08:16:01","modified_gmt":"2016-04-26T06:16:01","slug":"prorroga-de-duracion-de-la-sociedad","status":"publish","type":"post","link":"https:\/\/www.notariosyregistradores.com\/web\/resoluciones\/francisco-sena\/mercantil-francisco-sena\/sociedad-limitada\/prorroga-de-duracion-de-la-sociedad\/","title":{"rendered":"Pr\u00f3rroga de duraci\u00f3n de la sociedad"},"content":{"rendered":"<h1><strong>SOCIEDAD DE RESPONSABILIDAD LIMITADA<\/strong><\/h1>\n<p><strong><a href=\"#duraciondelasociedad\">Pr\u00f3rroga de duraci\u00f3n de la sociedad<\/a><\/strong><\/p>\n<p><strong><a id=\"duraciondelasociedad\"><\/a>Pr\u00f3rroga de duraci\u00f3n de la sociedad<\/strong>.- Dada la carencia de regulaci\u00f3n de esta clase de sociedades en la \u00e9poca en que se dict\u00f3 esta Resoluci\u00f3n, la Direcci\u00f3n, considerando que las sociedades de responsabilidad limitada son una figura intermedia entre las colectivas y las an\u00f3nimas, y con el fin de no dificultar su inscripci\u00f3n y funcionamiento someti\u00e9ndolas a los preceptos reguladores de las Compa\u00f1\u00edas de responsabilidad ilimitada, admiti\u00f3 la posibilidad de inscribir la pr\u00f3rroga de una sociedad acordada dos d\u00edas antes de del plazo fijado para finalizar su duraci\u00f3n, aunque la escritura se otorg\u00f3 veintid\u00f3s d\u00edas despu\u00e9s.<\/p>\n<p>21 marzo 1947<\/p>\n<p>&nbsp;<\/p>\n<p><strong>Pr\u00f3rroga de duraci\u00f3n de la sociedad<\/strong>.- Es inscribible una escritura de pr\u00f3rroga de sociedad otorgada antes de la fecha de la expiraci\u00f3n del plazo fijado en los estatutos y presentada en el Registro Mercantil con posterioridad a la misma.<\/p>\n<p>4 y 9 octubre 1965<\/p>\n","protected":false},"excerpt":{"rendered":"<p>SOCIEDAD DE RESPONSABILIDAD LIMITADA Pr\u00f3rroga de duraci\u00f3n de la sociedad Pr\u00f3rroga de duraci\u00f3n de la sociedad.- Dada la carencia de regulaci\u00f3n de esta clase de sociedades en la \u00e9poca en que se dict\u00f3 esta Resoluci\u00f3n, la Direcci\u00f3n, considerando que las sociedades de responsabilidad limitada son una figura intermedia entre las colectivas y las an\u00f3nimas, y [&hellip;]<\/p>\n","protected":false},"author":8,"featured_media":0,"comment_status":"open","ping_status":"closed","sticky":false,"template":"","format":"aside","meta":{"_bbp_topic_count":0,"_bbp_reply_count":0,"_bbp_total_topic_count":0,"_bbp_total_reply_count":0,"_bbp_voice_count":0,"_bbp_anonymous_reply_count":0,"_bbp_topic_count_hidden":0,"_bbp_reply_count_hidden":0,"_bbp_forum_subforum_count":0,"footnotes":""},"categories":[5395],"tags":[],"class_list":{"0":"post-14358","1":"post","2":"type-post","3":"status-publish","4":"format-aside","6":"category-sociedad-limitada","7":"post_format-post-format-aside"},"_links":{"self":[{"href":"https:\/\/www.notariosyregistradores.com\/web\/wp-json\/wp\/v2\/posts\/14358","targetHints":{"allow":["GET"]}}],"collection":[{"href":"https:\/\/www.notariosyregistradores.com\/web\/wp-json\/wp\/v2\/posts"}],"about":[{"href":"https:\/\/www.notariosyregistradores.com\/web\/wp-json\/wp\/v2\/types\/post"}],"author":[{"embeddable":true,"href":"https:\/\/www.notariosyregistradores.com\/web\/wp-json\/wp\/v2\/users\/8"}],"replies":[{"embeddable":true,"href":"https:\/\/www.notariosyregistradores.com\/web\/wp-json\/wp\/v2\/comments?post=14358"}],"version-history":[{"count":0,"href":"https:\/\/www.notariosyregistradores.com\/web\/wp-json\/wp\/v2\/posts\/14358\/revisions"}],"wp:attachment":[{"href":"https:\/\/www.notariosyregistradores.com\/web\/wp-json\/wp\/v2\/media?parent=14358"}],"wp:term":[{"taxonomy":"category","embeddable":true,"href":"https:\/\/www.notariosyregistradores.com\/web\/wp-json\/wp\/v2\/categories?post=14358"},{"taxonomy":"post_tag","embeddable":true,"href":"https:\/\/www.notariosyregistradores.com\/web\/wp-json\/wp\/v2\/tags?post=14358"}],"curies":[{"name":"wp","href":"https:\/\/api.w.org\/{rel}","templated":true}]}}