{"id":14732,"date":"2016-01-09T11:40:12","date_gmt":"2016-01-09T10:40:12","guid":{"rendered":"http:\/\/www.notariosyregistradores.com\/web\/?p=14732"},"modified":"2016-04-26T08:18:48","modified_gmt":"2016-04-26T06:18:48","slug":"consejero-delegado-facultades","status":"publish","type":"post","link":"https:\/\/www.notariosyregistradores.com\/web\/resoluciones\/francisco-sena\/mercantil-francisco-sena\/sociedad-anonima\/consejero-delegado-facultades\/","title":{"rendered":"Consejero-Delegado: facultades"},"content":{"rendered":"<h1><strong>SOCIEDAD AN\u00d3NIMA<br \/> <\/strong><\/h1>\n<p><strong><a href=\"#facultades\">Consejero-Delegado: facultades<\/a><\/strong><\/p>\n<p><strong>Consejero-Delegado: facultades<\/strong>.- Se plantea en este recurso si un consejero delegado puede convocar una junta general. La competencia para dicha convocatoria corresponde al \u00f3rgano de administraci\u00f3n, que, cuando es plural, requiere un acuerdo del Consejo, sin que pueda hacerlo el Presidente por s\u00ed solo. En el caso de existir consejeros delegados, el art\u00edculo 141 de la Ley de Sociedades An\u00f3nimas enumera en sentido negativo las facultades que se consideran indelegables, entre las que no se encuentra la de convocar la Junta. Admitida, por tanto, la posibilidad de que un consejero delegado proceda a convocar la Junta, falta saber si tiene que estar especialmente facultado o si por el contrario esta facultad es inherente al cargo; para ello habr\u00eda que distinguir entre la delegaci\u00f3n de facultades permanentes y globales y la delegaci\u00f3n parcial, supuesto en el cual ser\u00e1 precisa una pormenorizaci\u00f3n de facultades. En el presente caso, exist\u00eda una delegaci\u00f3n total de facultades, pues se inclu\u00edan todas las que determinado art\u00edculo estatutario atribu\u00eda al Consejo, por lo que hay que admitir que entre ellas se encontraba la de convocar a la Junta.<\/p>\n<p>22 noviembre 1999<\/p>\n<p><strong><a id=\"facultades\"><\/a>Consejero-Delegado: facultades<\/strong>.- Se plantea el problema de si est\u00e1 v\u00e1lidamente convocada la Junta, cuando la convocatoria no la ha hecho el Consejo de Administraci\u00f3n, sino un Consejero Delegado. En cuanto a si es posible esta delegaci\u00f3n, la respuesta es afirmativa, fuera de los casos en que la Ley o los Estatutos disponen lo contrario.<\/p>\n<p>11 marzo 1999<\/p>\n","protected":false},"excerpt":{"rendered":"<p>SOCIEDAD AN\u00d3NIMA Consejero-Delegado: facultades Consejero-Delegado: facultades.- Se plantea en este recurso si un consejero delegado puede convocar una junta general. La competencia para dicha convocatoria corresponde al \u00f3rgano de administraci\u00f3n, que, cuando es plural, requiere un acuerdo del Consejo, sin que pueda hacerlo el Presidente por s\u00ed solo. En el caso de existir consejeros delegados, [&hellip;]<\/p>\n","protected":false},"author":8,"featured_media":0,"comment_status":"open","ping_status":"closed","sticky":false,"template":"","format":"aside","meta":{"_bbp_topic_count":0,"_bbp_reply_count":0,"_bbp_total_topic_count":0,"_bbp_total_reply_count":0,"_bbp_voice_count":0,"_bbp_anonymous_reply_count":0,"_bbp_topic_count_hidden":0,"_bbp_reply_count_hidden":0,"_bbp_forum_subforum_count":0,"footnotes":""},"categories":[5396],"tags":[],"class_list":{"0":"post-14732","1":"post","2":"type-post","3":"status-publish","4":"format-aside","6":"category-sociedad-anonima","7":"post_format-post-format-aside"},"_links":{"self":[{"href":"https:\/\/www.notariosyregistradores.com\/web\/wp-json\/wp\/v2\/posts\/14732","targetHints":{"allow":["GET"]}}],"collection":[{"href":"https:\/\/www.notariosyregistradores.com\/web\/wp-json\/wp\/v2\/posts"}],"about":[{"href":"https:\/\/www.notariosyregistradores.com\/web\/wp-json\/wp\/v2\/types\/post"}],"author":[{"embeddable":true,"href":"https:\/\/www.notariosyregistradores.com\/web\/wp-json\/wp\/v2\/users\/8"}],"replies":[{"embeddable":true,"href":"https:\/\/www.notariosyregistradores.com\/web\/wp-json\/wp\/v2\/comments?post=14732"}],"version-history":[{"count":0,"href":"https:\/\/www.notariosyregistradores.com\/web\/wp-json\/wp\/v2\/posts\/14732\/revisions"}],"wp:attachment":[{"href":"https:\/\/www.notariosyregistradores.com\/web\/wp-json\/wp\/v2\/media?parent=14732"}],"wp:term":[{"taxonomy":"category","embeddable":true,"href":"https:\/\/www.notariosyregistradores.com\/web\/wp-json\/wp\/v2\/categories?post=14732"},{"taxonomy":"post_tag","embeddable":true,"href":"https:\/\/www.notariosyregistradores.com\/web\/wp-json\/wp\/v2\/tags?post=14732"}],"curies":[{"name":"wp","href":"https:\/\/api.w.org\/{rel}","templated":true}]}}