{"id":27096,"date":"2016-09-01T12:06:13","date_gmt":"2016-09-01T10:06:13","guid":{"rendered":"http:\/\/www.notariosyregistradores.com\/web\/?p=27096"},"modified":"2024-05-20T21:50:14","modified_gmt":"2024-05-20T19:50:14","slug":"informe-264-boe-septiembre-2016","status":"publish","type":"post","link":"https:\/\/www.notariosyregistradores.com\/web\/normas\/informes-mensuales\/informe-264-boe-septiembre-2016\/","title":{"rendered":"Informe 264. BOE septiembre 2016"},"content":{"rendered":"<h1><strong><a id=\"arriba\"><\/a>INFORME N\u00ba 264. (BOE SEPTIEMBRE de 2016). <\/strong><\/h1>\n<h1><strong>Primera Parte: Secciones I y II.<\/strong><\/h1>\n<p style=\"text-align: center;\"><strong><span style=\"font-size: 14pt;\"><a href=\"https:\/\/www.notariosyregistradores.com\/web\/resoluciones\/por-meses\/resoluciones-dgrn-septiembre-2016\/\">Ir a la Segunda Parte (Resoluciones)<\/a><\/span><\/strong><\/p>\n<p><strong>Nota:<\/strong> con este informe, vamos a hacer una prueba que consiste en <strong>DIVIDIR EL TRADICIONAL INFORME MENSUAL \u00daNICO EN DOS PARTES:<\/strong><\/p>\n<ul>\n<li><strong>Una parte<\/strong> es el presente archivo. Recoge el contenido de las<strong> secciones I y II del BOE<\/strong>. Fundamentalmente <strong>RES\u00daMENES DE NORMAS<\/strong>.<\/li>\n<li>La <strong>otra parte<\/strong> incluye el resumen de todas las <strong><a href=\"https:\/\/www.notariosyregistradores.com\/web\/resoluciones\/por-meses\/resoluciones-dgrn-septiembre-2016\/\" target=\"_blank\" rel=\"noopener\">RESOLUCIONES DGRN<\/a><\/strong>\u00a0y su calificaci\u00f3n.<\/li>\n<\/ul>\n<p>Las <strong>razones<\/strong> fundamentales del cambio que vamos a ensayar son dos: el archivo \u00fanico es demasiado largo y para evitar repeticiones de contenido.<\/p>\n<table>\n<tbody>\n<tr>\n<td width=\"624\"><span style=\"font-size: 14pt;\"><strong>Equipo de redacci\u00f3n:<\/strong><\/span><\/td>\n<\/tr>\n<tr>\n<td width=\"624\"><span style=\"font-size: 10pt;\">* Jos\u00e9 F\u00e9lix Merino Escart\u00edn, registrador de la propiedad de Madrid.<\/span><\/td>\n<\/tr>\n<tr>\n<td width=\"624\"><span style=\"font-size: 10pt;\">* Carlos Ballugera G\u00f3mez registrador de la propiedad de\u00a0<a href=\"http:\/\/es.wikipedia.org\/wiki\/Torrej%C3%B3n_de_Ardoz\">Torrej\u00f3n de Ardoz<\/a>.<\/span><\/td>\n<\/tr>\n<tr>\n<td width=\"624\"><span style=\"font-size: 10pt;\">* Alfonso de la Fuente Sancho, notario de <a href=\"http:\/\/images.google.es\/images?sourceid=navclient&amp;hl=es&amp;ie=UTF-8&amp;rlz=1T4GFRD_esES231ES239&amp;q=san+cristobal+de+la+laguna\">San Crist\u00f3bal de La Laguna <\/a>(Tenerife).<\/span><\/td>\n<\/tr>\n<tr>\n<td width=\"624\"><span style=\"font-size: 10pt;\">* Mar\u00eda N\u00fa\u00f1ez N\u00fa\u00f1ez, registradora mercantil de <a href=\"http:\/\/images.google.com.ar\/images?sourceid=navclient&amp;hl=es&amp;ie=UTF-8&amp;rls=GGLG,GGLG:2006-02,GGLG:es&amp;q=lugo\">Lugo<\/a>.<\/span><\/td>\n<\/tr>\n<tr>\n<td width=\"624\"><span style=\"font-size: 10pt;\">* Inmaculada Espi\u00f1eira Soto, notario de <a href=\"http:\/\/www.google.es\/search?q=santiago+de+compostela&amp;hl=es&amp;prmd=imvns&amp;source=lnms&amp;tbm=isch&amp;sa=X&amp;ei=4NgOUO6LG8LLhAfkuIHgCQ&amp;sqi=2&amp;ved=0CGQQ_AUoAQ&amp;biw=1254&amp;bih=758\">Santiago de Compostela<\/a>.<\/span><\/td>\n<\/tr>\n<tr>\n<td width=\"624\"><span style=\"font-size: 10pt;\">* Jorge L\u00f3pez Navarro, notario de <a href=\"http:\/\/images.google.com.ar\/images?sourceid=navclient&amp;hl=es&amp;ie=UTF-8&amp;rls=GGLG,GGLG:2006-02,GGLG:es&amp;q=alicante\">Alicante<\/a>.<\/span><\/td>\n<\/tr>\n<tr>\n<td width=\"624\"><span style=\"font-size: 10pt;\">* Jos\u00e9 \u00c1ngel Garc\u00eda-Valdecasas Butr\u00f3n, registrador bienes muebles central.<\/span><\/td>\n<\/tr>\n<tr>\n<td width=\"624\"><span style=\"font-size: 10pt;\">* Joaqu\u00edn Zejalbo Mart\u00edn, notario de <a href=\"http:\/\/images.google.com.ar\/images?svnum=10&amp;hl=es&amp;lr=&amp;rls=GGLG,GGLG:2006-02,GGLG:es&amp;q=lucena\">Lucena<\/a> (C\u00f3rdoba)<\/span><\/td>\n<\/tr>\n<tr>\n<td width=\"624\"><span style=\"font-size: 10pt;\">* Juan Carlos Casas Rojo, registrador de la propiedad de <a href=\"http:\/\/images.google.com.ar\/images?sourceid=navclient&amp;hl=es&amp;ie=UTF-8&amp;rls=GGLG,GGLG:2006-02,GGLG:es&amp;q=vitigudino\">Vitigudino<\/a> (Salamanca)<\/span><\/td>\n<\/tr>\n<tr>\n<td width=\"624\"><span style=\"font-size: 10pt;\">* Jos\u00e9 Antonio Riera \u00c1lvarez, notario de <a href=\"http:\/\/images.google.com.ar\/images?sourceid=navclient&amp;hl=es&amp;ie=UTF-8&amp;rls=GGLG,GGLG:2006-02,GGLG:es&amp;q=arucas\">Arucas<\/a> (Gran Canaria)<\/span><\/td>\n<\/tr>\n<tr>\n<td width=\"624\"><span style=\"font-size: 10pt;\">* Albert Capell Mart\u00ednez, Notario de\u00a0<a href=\"http:\/\/images.google.es\/images?sourceid=navclient&amp;aq=t&amp;hl=es&amp;ie=UTF-8&amp;rlz=1T4GFRD_esES231ES239&amp;q=bolta%c3%b1a+huesca\">Bolta\u00f1a<\/a>\u00a0(Huesca)<\/span><\/td>\n<\/tr>\n<tr>\n<td width=\"624\"><span style=\"font-size: 10pt;\">* Gerardo Garc\u00eda-Boente D\u00e1vila, Letrado de empresa y E3 Universidad Comillas<\/span><\/td>\n<\/tr>\n<tr>\n<td width=\"624\"><span style=\"font-size: 10pt;\">* Mar\u00eda Garc\u00eda-Valdecasas Alguacil, registradora de Barcelona<\/span><\/td>\n<\/tr>\n<\/tbody>\n<\/table>\n<a class=\"mwm-aal-item\" name=\"disposiciones-generales-\"><\/a><h6 style=\"text-align: justify;\"><span style=\"font-size: 14pt;\"><b>DISPOSICIONES GENERALES:<\/b><\/span>\u00a0<\/h6>\n<a class=\"mwm-aal-item\" name=\"homologada-aplicacion-bases-graficas\"><\/a><h6 style=\"text-align: justify;\"><span style=\"font-size: 12pt;\">Homologada aplicaci\u00f3n bases gr\u00e1ficas<\/span><\/h6>\n<p style=\"text-align: justify;\">Resoluci\u00f3n de 2 de agosto de 2016, de la Direcci\u00f3n General de los Registros y del Notariado, por la que se homologa la nueva aplicaci\u00f3n inform\u00e1tica registral.<\/p>\n<p style=\"text-align: justify;\"><span style=\"font-size: 12pt;\"><strong>Introducci\u00f3n.\u00a0<\/strong><\/span><\/p>\n<p style=\"text-align: justify;\">El 2 de agosto pasado, el director general de los Registros y del Notariado, Francisco Javier Gomez G\u00e1lligo, dict\u00f3 una resoluci\u00f3n mediante la que se homologa la nueva aplicaci\u00f3n inform\u00e1tica registral dedicada a las bases gr\u00e1ficas, que est\u00e1 prevista en el <a href=\"https:\/\/www.notariosyregistradores.com\/web\/normas\/ley-hipotecaria\/#a9\">art\u00edculo nueve<\/a> de la Ley Hipotecaria, seg\u00fan la redacci\u00f3n dada por la ley 13\/2015, de 24 de junio, de reforma de la Ley Hipotecaria y del texto refundido de la Ley del Catastro.<\/p>\n<p style=\"text-align: justify;\">El <a href=\"https:\/\/www.notariosyregistradores.com\/web\/normas\/ley-hipotecaria\/#a9\">art\u00edculo nueve<\/a>\u00a0de la Ley Hipotecaria, al final de la letra b), dispone:<\/p>\n<p class=\"sangrado\" style=\"text-align: justify;\"><em>\u201c<strong>Todos los Registradores dispondr\u00e1n, como elemento auxiliar de calificaci\u00f3n<\/strong>, de una \u00fanica <strong>aplicaci\u00f3n inform\u00e1tica<\/strong>suministrada y dise\u00f1ada por el Colegio de Registradores e integrada en su sistema inform\u00e1tico \u00fanico, bajo el principio de neutralidad tecnol\u00f3gica, <strong>para el tratamiento de representaciones gr\u00e1ficas<\/strong>, que permita <strong>relacionarlas con las descripciones de las fincas contenidas en el folio real<\/strong>, previniendo adem\u00e1s la <strong>invasi\u00f3n del dominio p\u00fablico<\/strong>, as\u00ed como la consulta de las <strong>limitaciones al dominio<\/strong> que puedan derivarse de la clasificaci\u00f3n y calificaci\u00f3n <strong>urban\u00edstica, medioambiental o administrativa<\/strong> correspondiente. Dicha aplicaci\u00f3n y sus diferentes actualizaciones <strong>habr\u00e1n de ser homologadas<\/strong> por la Direcci\u00f3n General de los Registros y del Notariado, para establecer el cumplimiento de los requisitos de protecci\u00f3n y seguridad adecuados a la calidad de los datos.<\/em><\/p>\n<p class=\"sangrado\" style=\"text-align: justify;\"><em>Los Registradores de la Propiedad no expedir\u00e1n m\u00e1s publicidad gr\u00e1fica que la que resulte de la representaci\u00f3n gr\u00e1fica catastral, <strong>sin que pueda ser objeto de tal publicidad la informaci\u00f3n gr\u00e1fica contenida en la referida aplicaci\u00f3n, en cuanto elemento auxiliar de calificaci\u00f3n<\/strong>. Solo en los supuestos en los que la ley admita otra <strong>representaci\u00f3n gr\u00e1fica georreferenciada alternativa<\/strong>, \u00e9sta podr\u00e1 ser objeto de publicidad registral hasta el momento en que el Registrador haga constar que la finca ha quedado coordinada gr\u00e1ficamente con el Catastro. Hasta entonces, se har\u00e1 constar en esta publicidad el hecho de no haber sido validada la representaci\u00f3n gr\u00e1fica por el Catastro. Asimismo, podr\u00e1 ser objeto de publicidad registral la informaci\u00f3n procedente de<strong>otras bases de datos<\/strong>, relativa a las fincas cuya representaci\u00f3n gr\u00e1fica catastral haya quedado o vaya a quedar incorporada al folio real.\u201d<\/em><\/p>\n<p style=\"text-align: justify;\">El <strong>proceso ha sido complejo<\/strong>, pues, tras la publicaci\u00f3n de la ley, han visto la luz tres resoluciones, una <a href=\"https:\/\/www.notariosyregistradores.com\/web\/?p=10577\">conjunta DGRN \u2013 DG Catastro<\/a>, otra de la DGRN <a href=\"https:\/\/www.notariosyregistradores.com\/web\/secciones\/oficina-registral\/varios-o-r\/resolucion-circular-dgrn-que-interpreta-la-ley\/#codigo-registral-unico-de-finca\">dirigida a los registradores<\/a> y otra, tambi\u00e9n de la DGRN, <a href=\"https:\/\/www.notariosyregistradores.com\/web\/?p=10604\">dirigida a los notarios<\/a>.<\/p>\n<p style=\"text-align: justify;\">El Colegio de Registradores envi\u00f3, dentro del plazo de tres meses, posteriores a la Circular Conjunta, concretamente el 29 de enero, la solicitud de homologaci\u00f3n.<\/p>\n<p style=\"text-align: justify;\">Su tramitaci\u00f3n ha sido muy laboriosa, pues, aparte de un sinf\u00edn de pruebas t\u00e9cnicas desde oficinas piloto, se han pedido informes a la Direcci\u00f3n General del Catastro, Ministerio de Econom\u00eda y Hacienda, Ministerio de Justicia, Ministerio de Defensa, ISDEFE, y al de Agricultura, Alimentaci\u00f3n y Medio Ambiente.<\/p>\n<p><strong><span style=\"font-size: 12pt;\">Alcance.<\/span>\u00a0<\/strong><\/p>\n<p>Tras los diversos vistos buenos, la DGRN homologa la aplicaci\u00f3n, atendiendo a la <a href=\"http:\/\/www.boe.es\/buscar\/act.php?id=BOE-A-2015-7046&amp;tn=1&amp;p=20150625&amp;vd=#daprimera\">D. Ad. 1\u00aa de la Ley 13\/2015<\/a>, y con el siguiente\u00a0<strong>alcance:<\/strong><\/p>\n<p style=\"text-align: justify;\"><strong>A) La capacidad de calificaci\u00f3n e inscripci\u00f3n gr\u00e1fica a trav\u00e9s de servicios de mapas web en l\u00ednea,<\/strong>\u00a0con el fin de poder enlazar e interoperar visualmente, as\u00ed como realizar an\u00e1lisis de contraste, con la cartograf\u00eda elaborada por la Direcci\u00f3n General del Catastro y con aquellas otras cartograf\u00eda y planimetr\u00edas, debidamente georreferenciadas y aprobadas oficialmente por las distintas Administraciones competentes en materia de territorio, dominio p\u00fablico, urbanismo o medioambiente, que fueran relevantes para el conocimiento de la ubicaci\u00f3n y delimitaci\u00f3n de los bienes de dominio p\u00fablico y del alcance y contenido de las limitaciones p\u00fablicas al dominio privado. En breve se incluir\u00e1n los puertos de titularidad estatal,<\/p>\n<p style=\"text-align: justify;\"><strong>B) La capacidad de publicidad<\/strong>, para lo cual y, a efectos meramente informativos, utilizar\u00e1 un servicio en l\u00ednea, relacionado con la aplicaci\u00f3n de representaci\u00f3n gr\u00e1fica, para crear<strong> alertas espec\u00edficas sobre fincas<\/strong> que fueran afectadas por procedimientos de inmatriculaci\u00f3n, deslinde o rectificaci\u00f3n de cabida o linderos, as\u00ed como para informar de la inmatriculaci\u00f3n<\/p>\n<p style=\"text-align: justify;\"><strong>C)<\/strong> El cumplimiento de los <strong>requisitos de protecci\u00f3n y seguridad<\/strong> adecuados.<\/p>\n<p><span style=\"font-size: 12pt;\"><strong>Puesta en marcha de la aplicaci\u00f3n.<\/strong><\/span><\/p>\n<p style=\"text-align: justify;\">La resoluci\u00f3n ordena la difusi\u00f3n entre los registradores de la aplicaci\u00f3n inform\u00e1tica registral a efectos de garantizar su debida aplicaci\u00f3n y cumplimiento.<\/p>\n<p style=\"text-align: justify;\">Nota: Puede deducirse, que se autoriza su puesta en marcha, que s\u00f3lo ser\u00e1 posible en aquellos registros en que f\u00edsicamente tengan instalada la aplicaci\u00f3n y la necesidad de que se instale en todos cuanto antes.<\/p>\n<p><span style=\"font-size: 12pt;\"><strong>Periodo de validez.<\/strong><\/span><\/p>\n<p style=\"text-align: justify;\">La homologaci\u00f3n surtir\u00e1 efectos en tanto que la aplicaci\u00f3n inform\u00e1tica registral cumpla los requisitos, requerimientos y condiciones legalmente exigidos a la misma.<\/p>\n<p style=\"text-align: justify;\">Nota: as\u00ed pues, en principio es indefinida su validez, mientras siga cumpliendo las exigencias.<\/p>\n<p style=\"text-align: justify;\">Sin embargo, transcurrido el plazo de <strong>seis a\u00f1os<\/strong>, es decir, a partir del <a href=\"x-apple-data-detectors:\/\/embedded-result\/2812\">2 de agosto de 2022<\/a>, la DGRN <strong>podr\u00e1 requerir<\/strong> al Colegio de Registradores el inicio de un nuevo proceso de homologaci\u00f3n.<\/p>\n<p><span style=\"font-size: 12pt;\"><strong>Impacto econ\u00f3mico y presupuestario.\u00a0<\/strong><\/span>Esta aplicaci\u00f3n lleva consigo una reducci\u00f3n de cargas administrativas y no afecta a los presupuestos generales del Estado y de otras comunidades aut\u00f3nomas, ni implica incremento de los costes del personal al servicio del sector p\u00fablico, puesto que es financiado \u00edntegramente por el Colegio de Registradores con cargo a las cuotas de los registradores de la propiedad y mercantiles.<\/p>\n<p style=\"text-align: justify;\">Hasta aqu\u00ed, el resumen de la Resoluci\u00f3n.<\/p>\n<p style=\"text-align: justify;\">A\u00f1adimos otros apuntes relacionados que derivan de la Ley 13\/2015 y de las resoluciones:<a class=\"mwm-aal-item\" name=\"periodo-transitorio-\"><\/a><\/p>\n<p><span style=\"font-size: 12pt;\"><strong>Periodo transitorio.\u00a0<\/strong><\/span><\/p>\n<p style=\"text-align: justify;\">Conforme al <a href=\"https:\/\/www.notariosyregistradores.com\/web\/secciones\/oficina-registral\/varios-o-r\/resolucion-circular-dgrn-que-interpreta-la-ley\/#aplicaciones-informaticas-para-el-tratamiento-de-representaciones-geograficas\">apartado cuarto<\/a> de la Resoluci\u00f3n-Circular de 3 de noviembre de 2015:<\/p>\n<p style=\"text-align: justify;\"><strong>\u2013 Hasta la homologaci\u00f3n<\/strong>, los registradores <strong><em>podr\u00e1n seguir utilizando las anteriores aplicaciones colegiales<\/em><\/strong>\u00a0disponibles para tal finalidad, as\u00ed como los nuevos desarrollos que el Colegio de Registradores implante provisionalmente en fase de <strong><em>pilotaje<\/em><\/strong>.<\/p>\n<p style=\"text-align: justify;\">\u2013 Respecto a las <strong>representaciones gr\u00e1ficas alternativas<\/strong>, seg\u00fan la <a href=\"https:\/\/www.notariosyregistradores.com\/web\/resoluciones\/por-meses\/resoluciones-dgrn-marzo-2016\/#51-segregacion-sin-cabida-suficiente-georreferencia-obligatoriedad-procedimiento-y-situacion-provisional\">R. 12 de febrero de 2016<\/a>,\u00a0mientras no haya homologaci\u00f3n e implantado el sistema de comunicaci\u00f3n de informaci\u00f3n en previsto en la Resoluci\u00f3n Conjunta, debe aplicarse lo previsto en el <a href=\"https:\/\/www.notariosyregistradores.com\/web\/secciones\/oficina-registral\/varios-o-r\/resolucion-circular-dgrn-que-interpreta-la-ley\/#como-inscribir-la-representacion-georreferenciada-y-la-lista-de-coordenadas\">punto tercero, letra b<\/a>, de la Resoluci\u00f3n-Circular de 3 de noviembre de\u00a02015. \u00a0Valdr\u00e1 la presentaci\u00f3n en cualquier formato que le permita al registrador generar el PDF. \u00a0Cuando finalice esta situaci\u00f3n transitoria, el Registrador dar\u00e1 cumplimiento a las obligaciones que le incumben conforme a la expresada Resoluci\u00f3n conjunta en cuanto a todas las representaciones gr\u00e1ficas que se hayan inscrito desde la entrada en vigor de la Ley\u00a013\/2015.<\/p>\n<p style=\"text-align: justify;\">\u2013 La nueva y futura aplicaci\u00f3n habr\u00e1 de permitir <strong><em>importar<\/em><\/strong>, con la debida metadataci\u00f3n y tratamiento diferenciado, los recintos geogr\u00e1ficos que figuren activados o validados en dichas <strong><em>aplicaciones inform\u00e1ticas previas<\/em><\/strong> para servir como elemento auxiliar de la calificaci\u00f3n registral<\/p>\n<p style=\"text-align: justify;\">\u2013 La DGRN, en diversas resoluciones, como consecuencia de recursos gubernativos, ha suavizado las exigencias durante el periodo transitorio, especialmente en lo que afecta a las <a href=\"https:\/\/www.notariosyregistradores.com\/web\/normas\/destacadas\/reforma-de-la-ley-hipotecaria-y-del-catastro\/#articulo-202-edificaciones-y-plantaciones\">declaraciones de obra nueva<\/a>.\u00a0Ver la\u00a0<a href=\"https:\/\/www.notariosyregistradores.com\/web\/resoluciones\/por-meses\/resoluciones-dgrn-junio-2016\/#r133\">R. 19 de abril de 2016<\/a>\u00a0y la\u00a0<a href=\"https:\/\/www.notariosyregistradores.com\/web\/resoluciones\/por-meses\/resoluciones-dgrn-marzo-2016\/#r36\">R. 8 de febrero de 2016<\/a>.\u00a0<\/p>\n<p><span style=\"font-size: 12pt;\"><strong>C\u00f3digo Registral \u00danico:<\/strong><\/span><\/p>\n<p style=\"text-align: justify;\">Desde la homologaci\u00f3n, a trav\u00e9s de \u00e9l se identificar\u00e1 cada finca registral. Recordamos lo que dispone, en esencia\u00a0el <a href=\"https:\/\/www.notariosyregistradores.com\/web\/secciones\/oficina-registral\/varios-o-r\/resolucion-circular-dgrn-que-interpreta-la-ley\/#codigo-registral-unico-de-finca\">punto 5<\/a> de la Resoluci\u00f3n Circular de 3 de noviembre de 2015, que dice en lo esencial:<\/p>\n<p style=\"text-align: justify;\">\u2013 Se utilizar\u00e1 como c\u00f3digo\u00a0registral \u00fanico\u00a0de finca\u00a0<strong>el actual sistema de identificador \u00fanico<\/strong>\u00a0de finca registral dise\u00f1ado por el Colegio de Registradores (IDUFIR) y ser\u00e1 aplicable\u00a0<strong>tanto a las fincas registrales preexistentes<\/strong>\u00a0al 1 de noviembre de 2015<strong>\u00a0como a las que abran folio real a partir de dicha fecha<\/strong>, incluidas las participaciones indivisas que determinen la apertura de folio registral.<\/p>\n<p style=\"text-align: justify;\"><strong>\u2013 A partir de<\/strong>\u00a0la fecha de la resoluci\u00f3n por la que se apruebe\u00a0<strong>la homologaci\u00f3n<\/strong>\u00a0de la aplicaci\u00f3n de bases gr\u00e1ficas (del\u00a0<a href=\"https:\/\/www.notariosyregistradores.com\/web\/normas\/ley-hipotecaria\/#a9\">art. 9 LH<\/a>), a las\u00a0<strong>nuevas fincas<\/strong>\u00a0registrales y dem\u00e1s supuestos que conforme a la legislaci\u00f3n hipotecaria abran folio real propio,\u00a0<strong>s\u00f3lo se les asignar\u00e1 el c\u00f3digo\u00a0\u00fanico<\/strong>\u00a0de finca registral especificado en esta resoluci\u00f3n-circular, y, para evitar duplicidades y disfunciones, <strong>no se les asignar\u00e1 el n\u00famero de finca o subfinca particular<\/strong>\u00a0dentro de cada registro, t\u00e9rmino municipal y secci\u00f3n que proced\u00eda conforme a la normativa reglamentaria anterior a la implantaci\u00f3n legal del c\u00f3digo registral \u00fanico.<\/p>\n<p style=\"text-align: justify;\">\u2013 Una\u00a0<strong>finca registral<\/strong>, en tanto mantenga su individualidad jur\u00eddica trav\u00e9s de su propio folio real,\u00a0no<strong>\u00a0podr\u00e1 tener m\u00e1s que un\u00a0c\u00f3digo registral \u00fanico<\/strong>,\u00a0que\u00a0en todo\u00a0caso permanecer\u00e1\u00a0<strong>invariable y distinto al de otras fincas.<\/strong><\/p>\n<p style=\"text-align: justify;\">\u2013 En los servicios p\u00fablicos prestados por los registradores <strong>se utilizar\u00e1 con car\u00e1cter preferente<\/strong> el c\u00f3digo\u00a0registral \u00fanico\u00a0de finca como medio de identificaci\u00f3n inequ\u00edvoco de las fincas registrales.<\/p>\n<p style=\"text-align: justify;\">\u2013 Los <strong>usuarios<\/strong> podr\u00e1n limitarse a dar el c\u00f3digo registral \u00fanico para identificar la finca.<\/p>\n<p style=\"text-align: justify;\">\u2013 Se har\u00e1 constar el c\u00f3digo\u00a0registral \u00fanico\u00a0de finca\u00a0<strong>en el folio real<\/strong>\u00a0de la misma por nota marginal al practicar un asiento, en la <strong>nota de despacho<\/strong>, en <strong>notas simples<\/strong> y en <strong>certificaciones<\/strong>.<\/p>\n<p style=\"text-align: justify;\">&#8211; La <a href=\"https:\/\/www.notariosyregistradores.com\/web\/participa\/noticias\/numeracion-de-las-nuevas-fincas-registrales\/\">R. 2 de septiembre de 2016<\/a> permite seguir creando -para uso meramente interno de los registros- n\u00fameros de finca atendiendo a la numeraci\u00f3n secuencial tradicional (orden ascendiente dentro de un ayuntamiento o secci\u00f3n).<\/p>\n<p><strong><span style=\"font-size: 12pt;\">Planes urban\u00edsticos municipales.\u00a0<\/span><\/strong><\/p>\n<p style=\"text-align: justify;\">Seg\u00fan la\u00a0<a href=\"http:\/\/www.boe.es\/buscar\/act.php?id=BOE-A-2015-7046&amp;tn=1&amp;p=20150625&amp;vd=#daquinta\">D. Ad. 5\u00aa<\/a>\u00a0de la Ley 13\/2015, los <strong>municipios<\/strong>, en el plazo de tres meses desde la publicaci\u00f3n de esta Ley (antes del 26 de septiembre de 2015), pondr\u00e1n a disposici\u00f3n de los Registradores, para su incorporaci\u00f3n a la aplicaci\u00f3n inform\u00e1tica auxiliar, un <strong>acceso mediante servicio de mapas web a todos los planes urban\u00edsticos generales y de desarrollo<\/strong>, debidamente georreferenciados y metadatados, as\u00ed como a sus modificaciones aprobadas definitivamente y en vigor.<\/p>\n<p style=\"text-align: justify;\"><strong>Si no lo pudieran cumplir<\/strong>, deber\u00e1n notificarlo al Colegio de Registradores y, en todo caso, poner a su disposici\u00f3n un <strong>ejemplar certificado y en soporte electr\u00f3nico de todos los planes urban\u00edsticos<\/strong> generales y de desarrollo, as\u00ed como de sus modificaciones aprobadas definitivamente y en vigor, inscritos en el Libro-registro de instrumentos de planeamiento de cada Ayuntamiento.<\/p>\n<p style=\"text-align: justify;\">De momento no lo han hecho. Esperemos que empiecen a cumplir a partir de ahora. (JFME)<\/p>\n<p style=\"text-align: justify;\"><strong><a href=\"https:\/\/www.notariosyregistradores.com\/web\/participa\/noticias\/homologada-por-la-dgrn-la-aplicacion-informatica-registral-de-bases-graficas\/\">Ver archivo especial.<\/a><\/strong><\/p>\n<p style=\"text-align: justify;\">Nota: realmente se publica en la Secci\u00f3n III.<\/p>\n<div class=\"enlacesDoc\">\n<p><a title=\"PDF firmado BOE-A-2016-8161\" href=\"http:\/\/www.boe.es\/boe\/dias\/2016\/09\/01\/pdfs\/BOE-A-2016-8161.pdf\">PDF (BOE-A-2016-8161 &#8211; 4 <abbr title=\"p\u00e1ginas\">p\u00e1gs.<\/abbr> &#8211; 173 <abbr title=\"kilobytes\">KB<\/abbr>)<\/a>\u00a0 \u00a0<a title=\"Versi\u00f3n HTML BOE-A-2016-8161\" href=\"http:\/\/www.boe.es\/diario_boe\/txt.php?id=BOE-A-2016-8161\">Otros formatos<\/a><\/p>\n<p>&nbsp;<\/p>\n<\/div>\n<a class=\"mwm-aal-item\" name=\"diligencias-en-inspeccion-de-trabajo-y-seguridad-social\"><\/a><h6 style=\"text-align: justify;\"><span style=\"font-size: 12pt;\">Diligencias en Inspecci\u00f3n de Trabajo y Seguridad Social<\/span><\/h6>\n<p style=\"text-align: justify;\">Orden ESS\/1452\/2016, de 10 de junio, por la que se regula el modelo de diligencia de actuaci\u00f3n de la Inspecci\u00f3n de Trabajo y Seguridad Social.<\/p>\n<p style=\"text-align: justify;\">Orden ESS\/1452\/2016, de 10 de junio, por la que se regula el modelo de diligencia de actuaci\u00f3n de la Inspecci\u00f3n de Trabajo y Seguridad Social.<\/p>\n<p style=\"text-align: justify;\">El <strong>Libro de Visitas<\/strong> y el <strong>Libro de Visitas electr\u00f3nico<\/strong> de la Inspecci\u00f3n de Trabajo y Seguridad Social, se regulan por resoluciones de 11 de abril de 2006 y de 25 de noviembre de 2008, respectivamente.<\/p>\n<p style=\"text-align: justify;\">Sin embargo, la <strong><a href=\"https:\/\/www.notariosyregistradores.com\/doctrina\/resumenes\/2013-emprendedores.htm#3simpli\">Ley 14\/2013, de 27 de septiembre<\/a><\/strong>, de apoyo a los emprendedores, elimin\u00f3 la obligaci\u00f3n de que las empresas tengan, en cada centro de trabajo, un libro de visitas a disposici\u00f3n de los funcionarios de la Inspecci\u00f3n de Trabajo y Seguridad Social. En su lugar, ser\u00e1 la Inspecci\u00f3n de Trabajo la que se encargue de mantener esa informaci\u00f3n a partir del\u00a0<strong>libro electr\u00f3nico de visitas<\/strong>\u00a0que desarrolle la Autoridad Central de la Inspecci\u00f3n de Trabajo y Seguridad Social. Este libro ha de ponerse a disposici\u00f3n de las empresas,\u00a0<strong><em>de oficio y sin necesidad de solicitud de alta<\/em><\/strong>.<\/p>\n<p style=\"text-align: justify;\">Adem\u00e1s, el Acuerdo de Consejo de Ministros, de 10 de julio de 2015, por el que se aprueban medidas para la reducci\u00f3n de cargas administrativas, incluye, entre sus propuestas, <strong>la supresi\u00f3n de la obligatoriedad del libro de visitas electr\u00f3nico, para 2017<\/strong>.<\/p>\n<p style=\"text-align: justify;\">Por otra parte, el <a href=\"http:\/\/www.boe.es\/buscar\/act.php?id=BOE-A-2015-8168&amp;tn=1&amp;p=20150722&amp;vd=#a21\">art\u00edculo 21.6<\/a> de la <a href=\"http:\/\/www.boe.es\/buscar\/act.php?id=BOE-A-2015-8168\">Ley 23\/2015, de 21 de julio<\/a>, Ordenadora del Sistema de Inspecci\u00f3n de Trabajo y Seguridad Social, dispone que los funcionarios actuantes extender\u00e1n <strong>diligencia por escrito de cada actuaci\u00f3n<\/strong> que realicen con ocasi\u00f3n de las visitas a los centros de trabajo o de las comprobaciones efectuadas mediante comparecencia del sujeto inspeccionado en dependencias p\u00fablicas. Se extender\u00e1 una diligencia por cada visita o comprobaci\u00f3n.<\/p>\n<p style=\"text-align: justify;\"><strong>Esta orden ministerial<\/strong> determina los hechos y actos que deban incorporarse a las diligencias, su formato y su remisi\u00f3n a los sujetos inspeccionados.<\/p>\n<p style=\"text-align: justify;\">El <strong>contenido de la diligencia<\/strong> se desgrana en el art\u00edculo 2 y el <strong>modelo<\/strong> se recoge en un anexo. Podr\u00e1n utilizarse los medios electr\u00f3nicos para su elaboraci\u00f3n<strong>. <\/strong><\/p>\n<p style=\"text-align: justify;\"><strong>Copia <\/strong>de dicha diligencia se remitir\u00e1 o entregar\u00e1 <strong>a la empresa<\/strong>, otra copia de la misma, si procede, a los delegados de prevenci\u00f3n, quedando otra en poder del funcionario actuante, para su posterior archivo.<\/p>\n<p style=\"text-align: justify;\">En aquellas comunidades aut\u00f3nomas con lengua cooficial, el modelo de diligencia se confeccionar\u00e1 en versi\u00f3n <strong>biling\u00fce<\/strong>.<\/p>\n<p style=\"text-align: justify;\">La <strong>remisi\u00f3n<\/strong> de un ejemplar de la diligencia a los sujetos inspeccionados podr\u00e1 realizarse a trav\u00e9s de una de las siguientes v\u00edas:<\/p>\n<ol style=\"text-align: justify;\">\n<li>Mediante remisi\u00f3n a la empresa por cualquiera de los medios admitidos en derecho.<\/li>\n<li>Mediante entrega a la persona que haya atendido al funcionario que realice la actuaci\u00f3n inspectora correspondiente. Si se negase a recibirlo, se notificar\u00e1 a la empresa por cualquiera de los medios admitidos en derecho. Cuando dicha persona se negase a firmar la diligencia, o no pudiese o supiese hacerlo, se har\u00e1 constar as\u00ed en la misma.<\/li>\n<\/ol>\n<p style=\"text-align: justify;\"><strong>Obligaci\u00f3n de conservaci\u00f3n. <\/strong>Cada ejemplar de diligencia entregado o remitido a la empresa, deber\u00e1 ser conservado a disposici\u00f3n de la Inspecci\u00f3n de Trabajo y Seguridad Social durante un plazo de<strong> cinco a\u00f1os<\/strong>, a contar desde la fecha de expedici\u00f3n de cada uno de ellos.<\/p>\n<p style=\"text-align: justify;\">Tambi\u00e9n deber\u00e1n conservarse a disposici\u00f3n de la Inspecci\u00f3n de Trabajo y Seguridad Social, los <strong>Libros de Visitas,<\/strong> as\u00ed como los modelos de diligencia extendidos con anterioridad a la entrada en vigor de la presente orden, por un per\u00edodo de <strong>cinco a\u00f1os<\/strong>, a contar desde la fecha de la \u00faltima diligencia realizada. Durante dicho per\u00edodo, la Inspecci\u00f3n conservar\u00e1 las diligencias efectuadas en los Libros de Visitas Electr\u00f3nicos. Dentro de dicho plazo, las empresas afectadas podr\u00e1n solicitar copia de las diligencias a ellas referentes.<\/p>\n<p style=\"text-align: justify;\">Este modelo de diligencia tambi\u00e9n podr\u00e1 usarse para requerimientos de subsanaci\u00f3n en materia de <strong>prevenci\u00f3n de riesgos laborales<\/strong>.<\/p>\n<p style=\"text-align: justify;\">Entr\u00f3 en vigor el 13 de septiembre de 2016.<\/p>\n<div class=\"enlacesDoc\">\n<p style=\"text-align: justify;\"><a title=\"PDF firmado BOE-A-2016-8361\" href=\"http:\/\/www.boe.es\/boe\/dias\/2016\/09\/12\/pdfs\/BOE-A-2016-8361.pdf\">PDF (BOE-A-2016-8361 &#8211; 5 <abbr title=\"p\u00e1ginas\">p\u00e1gs.<\/abbr> &#8211; 270 <abbr title=\"kilobytes\">KB<\/abbr>)<\/a>\u00a0 \u00a0<a title=\"Versi\u00f3n HTML BOE-A-2016-8361\" href=\"http:\/\/www.boe.es\/diario_boe\/txt.php?id=BOE-A-2016-8361\">Otros formatos<\/a><\/p>\n<p style=\"text-align: justify;\">\u00a0<\/p>\n<a class=\"mwm-aal-item\" name=\"retencion-impuesto-sociedades\"><\/a><h6 style=\"text-align: justify;\"><span style=\"font-size: 12pt;\"><strong>Retenci\u00f3n Impuesto Sociedades.<\/strong><\/span><\/h6>\n<p style=\"text-align: justify;\">Real Decreto-ley 2\/2016, de 30 de septiembre, por el que se introducen medidas tributarias dirigidas a la reducci\u00f3n del d\u00e9ficit p\u00fablico.<\/p>\n<p style=\"text-align: justify;\">Se introducen en este real decreto-ley modificaciones en el r\u00e9gimen legal de los pagos fraccionados del Impuesto sobre Sociedades, que podr\u00e1n ser objeto de revisi\u00f3n en el futuro, sobre la base de la evoluci\u00f3n de los ingresos del Estado.\u00a0<\/p>\n<p style=\"text-align: justify;\">Determina las especialidades que afectan a los\u00a0contribuyentes cuyo importe neto de la <strong>cifra de negocios<\/strong> en los 12 meses anteriores a la fecha en que se inicie el per\u00edodo impositivo, sea al menos <strong>10 millones de euros<\/strong>, y que deber\u00e1n tener en cuenta, en relaci\u00f3n con los pagos fraccionados que se realicen en la modalidad prevista en el <a href=\"http:\/\/www.boe.es\/buscar\/act.php?id=BOE-A-2014-12328&amp;tn=1&amp;p=20160930&amp;vd=#a40\">apartado 3 del art\u00edculo 40 <\/a>de la Ley del Impuesto sobre Sociedades.\u00a0<\/p>\n<p style=\"text-align: justify;\">Se prev\u00e9 que la retenci\u00f3n no podr\u00e1 ser inferior al <strong>23 por ciento<\/strong> del resultado positivo de la cuenta de p\u00e9rdidas y ganancias del ejercicio de los 3, 9 u 11 primeros meses de cada a\u00f1o natural.<\/p>\n<p style=\"text-align: justify;\">Una orden <a href=\"http:\/\/www.boe.es\/diario_boe\/txt.php?id=BOE-A-2016-8958\" target=\"_blank\" rel=\"noopener\">publicada el mismo d\u00eda<\/a> modifica en consonancia los <strong>modelos 202 y 222<\/strong>.<\/p>\n<p style=\"text-align: justify;\">Entr\u00f3 en vigor el <strong>30 de septiembre de 2016<\/strong>.<\/p>\n<div class=\"enlacesDoc\">\n<p style=\"text-align: justify;\"><a title=\"PDF firmado BOE-A-2016-8957\" href=\"http:\/\/www.boe.es\/boe\/dias\/2016\/09\/30\/pdfs\/BOE-A-2016-8957.pdf\">PDF (BOE-A-2016-8957 &#8211; 3 <abbr title=\"p\u00e1ginas\">p\u00e1gs.<\/abbr> &#8211; 167 <abbr title=\"kilobytes\">KB<\/abbr>)<\/a>\u00a0 \u00a0<a title=\"Versi\u00f3n HTML BOE-A-2016-8957\" href=\"http:\/\/www.boe.es\/diario_boe\/txt.php?id=BOE-A-2016-8957\">Otros formatos<\/a>\u00a0 <a href=\"http:\/\/www.boe.es\/diario_boe\/txt.php?id=BOE-A-2016-9671\" target=\"_blank\" rel=\"noopener\">Convalidaci\u00f3n<\/a><\/p>\n<p>&nbsp;<\/p>\n<\/div>\n<\/div>\n<a class=\"mwm-aal-item\" name=\"disposiciones-autonomicas\"><\/a><h6 style=\"text-align: justify;\"><span style=\"font-size: 14pt;\">Disposiciones Auton\u00f3micas<\/span><\/h6>\n<p style=\"text-align: justify;\"><strong>ANDALUC\u00cdA. <\/strong>Ley 6\/2016, de 1 de agosto, por la que se modifica la Ley 7\/2002, de 17 de diciembre, de Ordenaci\u00f3n Urban\u00edstica de Andaluc\u00eda para incorporar medidas urgentes en relaci\u00f3n con las edificaciones construidas sobre parcelaciones urban\u00edsticas en suelo no urbanizable.<\/p>\n<p style=\"text-align: justify;\">Mediante esta modificaci\u00f3n se regula la aplicaci\u00f3n a las <strong>edificaciones aisladas situadas en el suelo no urbanizable y sus parcelas<\/strong> del plazo establecido por el art\u00edculo 185.1 de dicha ley, para que la Administraci\u00f3n pueda adoptar medidas de protecci\u00f3n de la legalidad urban\u00edstica contra ellas. No obstante, como regla general, se mantiene la inexistencia de limitaci\u00f3n temporal para la adopci\u00f3n de medidas de restablecimiento del orden jur\u00eddico perturbado para las parcelaciones urban\u00edsticas en suelo no urbanizable.<\/p>\n<p style=\"text-align: justify;\">Esta regulaci\u00f3n se acompa\u00f1a de unas <strong>medidas para garantizar la identificaci\u00f3n de edificaciones en suelo no urbanizable<\/strong>, entre las que debe destacarse la obligaci\u00f3n de los municipios de iniciar tal identificaci\u00f3n en el plazo m\u00e1ximo de dos a\u00f1os desde la entrada en vigor de esta ley.<\/p>\n<p style=\"text-align: justify;\">Finalmente, se regulan algunas cuestiones complementarias del reconocimiento de la situaci\u00f3n de asimilaci\u00f3n a la de fuera de ordenaci\u00f3n de las edificaciones residenciales en las citadas parcelaciones.<\/p>\n<p style=\"text-align: justify;\">Entr\u00f3 en vigor el 6 de agosto de 2016. (GGB).<\/p>\n<p style=\"text-align: justify;\"><a href=\"http:\/\/www.boe.es\/boe\/dias\/2016\/09\/14\/pdfs\/BOE-A-2016-8402.pdf\">PDF (BOE-A-2016-8402 \u2013 12\u00a0p\u00e1gs.\u00a0\u2013 244\u00a0KB)<\/a>\u00a0 \u00a0<a href=\"http:\/\/www.boe.es\/diario_boe\/txt.php?id=BOE-A-2016-8402\">Otros formatos<\/a>\u00a0<\/p>\n<p style=\"text-align: justify;\">\u00a0<\/p>\n<p style=\"text-align: justify;\"><strong>ILLES BALEARS.<\/strong> Ley 12\/2016, de 17 de agosto, de evaluaci\u00f3n ambiental de las Illes Balears.<\/p>\n<p style=\"text-align: justify;\">La ley consta de seis t\u00edtulos, incluido el preliminar, una disposici\u00f3n adicional, una disposici\u00f3n transitoria, una disposici\u00f3n derogatoria, ocho disposiciones finales y cuatro anexos.<\/p>\n<p style=\"text-align: justify;\">El <strong><em>t\u00edtulo preliminar<\/em><\/strong>, adem\u00e1s de establecer el objeto y el alcance de la ley, tambi\u00e9n recoge, en las finalidades de la norma, los principios de derecho internacional, europeo y de la legislaci\u00f3n b\u00e1sica.<\/p>\n<p style=\"text-align: justify;\">El <strong><em>t\u00edtulo I<\/em><\/strong> confirma la <strong>Comisi\u00f3n de Medio Ambiente de las Illes Balears<\/strong> como el \u00f3rgano ambiental de las Illes Balears, determina su estructura en \u00f3rganos e introduce la novedad del car\u00e1cter p\u00fablico de las sesiones del Pleno.<\/p>\n<p style=\"text-align: justify;\">El <strong><em>t\u00edtulo II<\/em><\/strong> regula estrictamente los <strong>procedimientos de evaluaci\u00f3n ambiental<\/strong>. En desarrollo de la normativa b\u00e1sica, la ley se acoge al art\u00edculo 3.5 de la Directiva 2001\/42\/CE para establecer qu\u00e9 planes o modificaciones no tienen efectos significativos en el medio ambiente, o entiende que estos ser\u00e1n favorables, y que, por lo tanto, no est\u00e1n sujetos a los procedimientos de evaluaci\u00f3n ambiental estrat\u00e9gica, excepciones ya recogidas en la Ley 11\/2006.<\/p>\n<p style=\"text-align: justify;\">En la documentaci\u00f3n de los estudios de impacto ambiental se ha incluido, adem\u00e1s del contenido m\u00ednimo que establece la ley b\u00e1sica, un <strong>anexo de incidencia paisaj\u00edstica<\/strong>, teniendo presente tanto el activo que representa el paisaje en las Illes Balears como la vigencia del Convenio europeo del paisaje, aprobado por el Consejo de Europa el 20 de octubre de 2000, que entr\u00f3 en vigor en el Estado espa\u00f1ol el 1 de marzo de 2008.<\/p>\n<p style=\"text-align: justify;\">El <strong><em>t\u00edtulo III<\/em><\/strong> regula de manera espec\u00edfica la <strong>consulta preceptiva al \u00f3rgano ambiental<\/strong> de la comunidad aut\u00f3noma en los planes, los programas y los proyectos que evaluar\u00e1 la Administraci\u00f3n General del Estado.<\/p>\n<p style=\"text-align: justify;\">El <strong><em>t\u00edtulo IV<\/em><\/strong> trata sobre la evaluaci\u00f3n de las repercusiones en los espacios Red Natura 2000.<\/p>\n<p style=\"text-align: justify;\">Finalmente, el <strong><em>t\u00edtulo V<\/em><\/strong> regula unas materias primordiales en la evaluaci\u00f3n ambiental, el seguimiento de los procedimientos ambientales, la protecci\u00f3n de la legalidad ambiental, el restablecimiento del orden jur\u00eddico perturbado y el r\u00e9gimen sancionador.<\/p>\n<p style=\"text-align: justify;\">La <strong><em>disposici\u00f3n derogatoria<\/em><\/strong>, deroga espec\u00edficamente la Ley 11\/2006, las excepciones que recog\u00edan los art\u00edculos 39 bis y 39 ter de la Ley 5\/2005 y los p\u00e1rrafos segundo y tercero del art\u00edculo 44.4 de la Ley 8\/2012, de 19 de julio, del turismo de las Illes Balears, que hab\u00edan sido objeto de suspensi\u00f3n por la disposici\u00f3n adicional \u00fanica del Decreto ley 1\/2016, de 12 de enero, de medidas urgentes en materia urban\u00edstica.<\/p>\n<p style=\"text-align: justify;\">Se deroga la Ley 9\/2010, de 27 de julio, de declaraci\u00f3n de inter\u00e9s auton\u00f3mico de la construcci\u00f3n del campo de golf de Son Bosc en Muro.<\/p>\n<p style=\"text-align: justify;\">En cuanto a las <strong><em>disposiciones finales<\/em><\/strong>, la disposici\u00f3n final primera, modifica la redacci\u00f3n del art\u00edculo 16.4 de la Ley 10\/2014, de 1 de octubre, de ordenaci\u00f3n minera de las Illes Balears.<\/p>\n<p style=\"text-align: justify;\">La disposici\u00f3n final segunda modifica la Ley 5\/2005, incluye unas modificaciones de actualizaci\u00f3n de las regulaciones de uso p\u00fablico de los espacios de relevancia ambiental, y tambi\u00e9n un ajuste de los usos p\u00fablicos a la realidad de los requerimientos de conservaci\u00f3n, procurando hacerlos compatibles con el acceso al medio natural, en concreto al dominio p\u00fablico mar\u00edtimo-terrestre y al patrimonio.<\/p>\n<p style=\"text-align: justify;\">La ley cumple tambi\u00e9n un acuerdo un\u00e1nime del Parlamento sobre la necesidad de regular y controlar la actividad conocida como party-boats.<\/p>\n<p style=\"text-align: justify;\">Tambi\u00e9n a trav\u00e9s de las disposiciones finales, se modifican la disposici\u00f3n transitoria cuarta y el art\u00edculo 15.5 de la Ley 2\/2014, de 25 de marzo, de ordenaci\u00f3n y uso del suelo, as\u00ed como el art\u00edculo 1.3 de la Ley 10\/2010, de 27 de julio, de medidas urgentes relativas a determinadas infraestructuras y equipamientos de inter\u00e9s general en materia de ordenaci\u00f3n territorial, urbanismo y de impulso a la inversi\u00f3n.<\/p>\n<p style=\"text-align: justify;\">Entr\u00f3 en vigor el 21 de agosto de 2016. (GGB)<\/p>\n<p style=\"text-align: justify;\"><a href=\"http:\/\/www.boe.es\/boe\/dias\/2016\/09\/17\/pdfs\/BOE-A-2016-8518.pdf\">PDF (BOE-A-2016-8518 \u2013 40\u00a0p\u00e1gs.\u00a0\u2013 624\u00a0KB)<\/a>\u00a0 \u00a0<a href=\"http:\/\/www.boe.es\/diario_boe\/txt.php?id=BOE-A-2016-8518\">Otros formatos<\/a><\/p>\n<p style=\"text-align: justify;\">\u00a0<\/p>\n<a class=\"mwm-aal-item\" name=\"tribunal-constitucional\"><\/a><h6 style=\"text-align: justify;\"><span style=\"font-size: 14pt;\"><strong>Tribunal Constitucional<\/strong><\/span><\/h6>\n<p style=\"text-align: justify;\"><strong>CATALU\u00d1A.<\/strong> Recurso de inconstitucionalidad n.\u00ba 2255-2016, contra los art\u00edculos 1, 4, 9.1, 11 y 12 de la Ley del Parlamento de Catalu\u00f1a 14\/2015, de 21 de julio, del impuesto sobre las viviendas vac\u00edas y de modificaci\u00f3n de normas tributarias y de la Ley 3\/2012.<\/p>\n<p style=\"text-align: justify;\">El Pleno del Tribunal Constitucional, ha <strong>levantado la suspensi\u00f3n<\/strong> de los art\u00edculos 1, 4, 9.1, 11 y 12 de la <a href=\"http:\/\/www.boe.es\/buscar\/act.php?id=BOE-A-2015-9206\" target=\"_blank\" rel=\"noopener\">Ley del Parlamento de Catalu\u00f1a 14\/2015, de 21 de julio<\/a>, del <strong>impuesto sobre las viviendas vac\u00edas<\/strong> y de modificaci\u00f3n de normas tributarias, y de la Ley 3\/2012, suspensi\u00f3n que se produjo con la admisi\u00f3n del mencionado recurso de inconstitucionalidad.<\/p>\n<p style=\"text-align: justify;\"><a title=\"PDF firmado BOE-A-2016-8871\" href=\"http:\/\/www.boe.es\/boe\/dias\/2016\/09\/29\/pdfs\/BOE-A-2016-8871.pdf\">PDF (BOE-A-2016-8871 &#8211; 1 <abbr title=\"p\u00e1gina\">p\u00e1g.<\/abbr> &#8211; 147 <abbr title=\"kilobytes\">KB<\/abbr>)<\/a>\u00a0 \u00a0<a title=\"Versi\u00f3n HTML BOE-A-2016-8871\" href=\"http:\/\/www.boe.es\/diario_boe\/txt.php?id=BOE-A-2016-8871\">Otros formatos<\/a><\/p>\n<p style=\"text-align: justify;\">\u00a0<\/p>\n<p style=\"text-align: justify;\"><strong>CATALU\u00d1A.<\/strong> Recurso de inconstitucionalidad n.\u00ba 2256-2016, contra el art. 19.6 de la Ley del Parlamento de Catalu\u00f1a 16\/2015, de 21 de julio, de simplificaci\u00f3n de la actividad administrativa de la Administraci\u00f3n de la Generalidad y de los gobiernos locales de Catalu\u00f1a y de impulso a la actividad econ\u00f3mica.<\/p>\n<p style=\"text-align: justify;\">El Pleno del Tribunal Constitucional ha acordado levantar la suspensi\u00f3n del <a href=\"http:\/\/www.boe.es\/buscar\/act.php?id=BOE-A-2015-9208&amp;tn=1&amp;p=20160929&amp;vd=#a19\" target=\"_blank\" rel=\"noopener\">art\u00edculo 19.6 <\/a>de la Ley del Parlamento de Catalu\u00f1a 16\/2015, de 21 de julio, de simplificaci\u00f3n de la actividad administrativa de la Administraci\u00f3n de la Generalidad y de los gobiernos locales de Catalu\u00f1a y de impulso de la actividad econ\u00f3mica, suspensi\u00f3n que se produjo con la admisi\u00f3n del mencionado recurso de inconstitucionalidad. El art\u00edculo se refiere a la <strong>constituci\u00f3n de una<\/strong> <strong>unidad municipal descentralizada<\/strong>.\u00a0<\/p>\n<div class=\"enlacesDoc\">\n<p style=\"text-align: justify;\"><a title=\"PDF firmado BOE-A-2016-8872\" href=\"http:\/\/www.boe.es\/boe\/dias\/2016\/09\/29\/pdfs\/BOE-A-2016-8872.pdf\">PDF (BOE-A-2016-8872 &#8211; 1 <abbr title=\"p\u00e1gina\">p\u00e1g.<\/abbr> &#8211; 146 <abbr title=\"kilobytes\">KB<\/abbr>)<\/a>\u00a0 \u00a0<a title=\"Versi\u00f3n HTML BOE-A-2016-8872\" href=\"http:\/\/www.boe.es\/diario_boe\/txt.php?id=BOE-A-2016-8872\">Otros formatos<\/a>\u00a0 \u00a0\u00a0<\/p>\n<p>&nbsp;<\/p>\n<\/div>\n<a class=\"mwm-aal-item\" name=\"seccion-ii\"><\/a><h6 style=\"text-align: justify;\"><strong><span style=\"font-size: 14pt;\">SECCI\u00d3N II:<\/span><\/strong><\/h6>\n<a class=\"mwm-aal-item\" name=\"jubilaciones-y-excedencias\"><\/a><h6><span style=\"font-size: 12pt;\">Jubilaciones y excedencias<\/span><\/h6>\n<p>Se jubila al notario de Terrassa don Jos\u00e9 Mar\u00eda Fugardo Estivill.<\/p>\n<p>Se declara en situaci\u00f3n de excedencia voluntaria a la notaria de Medina del Campo do\u00f1a Mar\u00eda del Rosario Burgoa Arenales.<\/p>\n<div class=\"enlacesDoc\">\n<p>Se jubila al notario de Valencia don Jos\u00e9 Luis Pav\u00eda Sanz.<\/p>\n<p>Se jubila al notario de C\u00f3rdoba don Miguel de Lara P\u00e9rez.<\/p>\n<p>Se jubila al notario de A Coru\u00f1a don Carlos Mart\u00ednez Sebasti\u00e1n.<\/p>\n<p>&nbsp;<\/p>\n<\/div>\n<a class=\"mwm-aal-item\" name=\"resoluciones\"><\/a><h6 style=\"text-align: justify;\"><span style=\"font-size: 14pt;\"><strong>RESOLUCIONES<\/strong><\/span><\/h6>\n<p style=\"text-align: justify;\">Durante este mes, se han publicado <span style=\"font-size: 12pt;\"><strong><a href=\"https:\/\/www.notariosyregistradores.com\/web\/resoluciones\/por-meses\/resoluciones-dgrn-septiembre-2016\/\">SESENTA Y CUATRO QUE SE OFRECEN EN ARCHIVO APARTE<\/a><\/strong><\/span>.\u00a0<\/p>\n<p style=\"text-align: justify;\">\u00a0<\/p>\n<a class=\"mwm-aal-item\" name=\"enlaces\"><\/a><h6><span style=\"font-size: 14pt;\"><a id=\"enlaces\"><\/a>ENLACES:<\/span><\/h6>\n<p><strong><span style=\"font-size: 14pt;\">NORMAS: \u00a0 <a href=\"https:\/\/www.notariosyregistradores.com\/web\/cuadros\/normas-basicas\/\">Cuadro general.<\/a> \u00a0 \u00a0 <a href=\"https:\/\/www.notariosyregistradores.com\/web\/normas\/cuadro-de-informes-mensuales-generales-de-lo-publicado-en-el-boe\/\">Por meses. <\/a>\u00a0 \u00a0 <a href=\"https:\/\/www.notariosyregistradores.com\/web\/?p=1241\">+ Destacadas<\/a><\/span><\/strong><\/p>\n<p><strong><span style=\"font-size: 14pt;\">NORMAS: \u00a0 <a href=\"https:\/\/www.notariosyregistradores.com\/web\/category\/normas\/2002-2015\/\">Res\u00famenes 2002 \u2013 2016.<\/a>\u00a0 \u00a0<a href=\"https:\/\/www.notariosyregistradores.com\/web\/category\/normas\/futuras-normas\/\">Futuras.<\/a>\u00a0 <a href=\"https:\/\/www.notariosyregistradores.com\/web\/category\/secciones\/consumo-y-derecho\/normas-cyd\/\">\u00a0Consumo<\/a><\/span><\/strong><\/p>\n<p><strong><span style=\"font-size: 14pt;\">NORMAS: \u00a0\u00a0<a href=\"https:\/\/www.notariosyregistradores.com\/web\/cuadros\/tratados_\/tratados-internacionales-y-acuerdos-internacionales-cuadros\/\">Tratados internacionales<\/a>,\u00a0\u00a0<span style=\"font-family: 'comic sans ms', sans-serif;\"><a class=\"style110\" href=\"https:\/\/www.notariosyregistradores.com\/web\/category\/cuadros\/forales\/\" target=\"_top\" rel=\"noopener\">Derecho Foral<\/a>, \u00a0<\/span><span class=\"style11\" lang=\"es\" style=\"font-family: 'comic sans ms', sans-serif;\"><a class=\"style9\" href=\"https:\/\/www.notariosyregistradores.com\/web\/category\/cuadros\/europeas\/\" target=\"_top\" rel=\"noopener\">Uni\u00f3n Europea<\/a><\/span><\/span><\/strong><\/p>\n<p><strong><span style=\"font-size: 14pt;\">RESOLUCIONES: \u00a0 \u00a0<a href=\"https:\/\/www.notariosyregistradores.com\/web\/resoluciones\/cuadro-resoluciones-dgrn-por-meses\/\">Por meses.<\/a> \u00a0 <a href=\"https:\/\/www.notariosyregistradores.com\/web\/resoluciones\/titulares-de-resoluciones\/\">Por titulares.<\/a>\u00a0 <a href=\"https:\/\/www.notariosyregistradores.com\/web\/category\/practica\/indice-jc-casas\/\">\u00cdndice Juan Carlos Casas<\/a><\/span><\/strong><\/p>\n<p><strong><span style=\"font-size: 14pt;\">WEB: \u00a0\u00a0<span style=\"font-family: 'comic sans ms', sans-serif;\"><a href=\"https:\/\/www.notariosyregistradores.com\/web\/category\/esta-web\/que-ofrece\/\" target=\"_top\" rel=\"noopener\">Qu\u00e9 ofrecemos<\/a>\u00a0 <a href=\"https:\/\/www.notariosyregistradores.com\/web\/1198-2\/\">NyR, p\u00e1gina de inicio<\/a><\/span><span style=\"font-family: 'comic sans ms', sans-serif;\">\u00a0 \u00a0<\/span><span style=\"font-family: 'comic sans ms', sans-serif;\"><a href=\"https:\/\/www.notariosyregistradores.com\/web\/esta-web\/ideario\/ideario-de-esta-web\/\" target=\"_top\" rel=\"noopener\">Ideario<\/a><\/span><\/span><\/strong><\/p>\n<p><strong><span style=\"font-size: 14pt;\">CASOS PR\u00c1CTICOS: \u00a0 <a href=\"https:\/\/www.notariosyregistradores.com\/web\/category\/practica\/casos-practicos\/\">Madrid y Bilbao.<\/a>\u00a0 \u00a0 <a href=\"https:\/\/www.notariosyregistradores.com\/web\/category\/secciones\/internacional\/dictamenes-derecho-internacional-privado\/\">Internacional<\/a>.<\/span><\/strong><\/p>\n<p style=\"text-align: center;\"><strong><span style=\"font-size: 14pt;\"><a href=\"#arriba\">IR ARRIBA<\/a><\/span><\/strong><\/p>\n","protected":false},"excerpt":{"rendered":"<p>INFORME N\u00ba 264. (BOE SEPTIEMBRE de 2016). Primera Parte: Secciones I y II. Ir a la Segunda Parte (Resoluciones) Nota: con este informe, vamos a hacer una prueba que consiste en DIVIDIR EL TRADICIONAL INFORME MENSUAL \u00daNICO EN DOS PARTES: Una parte es el presente archivo. Recoge el contenido de las secciones I y II [&hellip;]<\/p>\n","protected":false},"author":10,"featured_media":0,"comment_status":"open","ping_status":"closed","sticky":false,"template":"","format":"standard","meta":{"_bbp_topic_count":0,"_bbp_reply_count":0,"_bbp_total_topic_count":0,"_bbp_total_reply_count":0,"_bbp_voice_count":0,"_bbp_anonymous_reply_count":0,"_bbp_topic_count_hidden":0,"_bbp_reply_count_hidden":0,"_bbp_forum_subforum_count":0,"footnotes":""},"categories":[180],"tags":[6049,6189,6087],"class_list":{"0":"post-27096","1":"post","2":"type-post","3":"status-publish","4":"format-standard","6":"category-informes-mensuales","7":"tag-aplicacion-bases-graficas","8":"tag-diligencias-en-inspeccion-de-trabajo-y-seguridad-social","9":"tag-septiembre-2016"},"_links":{"self":[{"href":"https:\/\/www.notariosyregistradores.com\/web\/wp-json\/wp\/v2\/posts\/27096","targetHints":{"allow":["GET"]}}],"collection":[{"href":"https:\/\/www.notariosyregistradores.com\/web\/wp-json\/wp\/v2\/posts"}],"about":[{"href":"https:\/\/www.notariosyregistradores.com\/web\/wp-json\/wp\/v2\/types\/post"}],"author":[{"embeddable":true,"href":"https:\/\/www.notariosyregistradores.com\/web\/wp-json\/wp\/v2\/users\/10"}],"replies":[{"embeddable":true,"href":"https:\/\/www.notariosyregistradores.com\/web\/wp-json\/wp\/v2\/comments?post=27096"}],"version-history":[{"count":1,"href":"https:\/\/www.notariosyregistradores.com\/web\/wp-json\/wp\/v2\/posts\/27096\/revisions"}],"predecessor-version":[{"id":116994,"href":"https:\/\/www.notariosyregistradores.com\/web\/wp-json\/wp\/v2\/posts\/27096\/revisions\/116994"}],"wp:attachment":[{"href":"https:\/\/www.notariosyregistradores.com\/web\/wp-json\/wp\/v2\/media?parent=27096"}],"wp:term":[{"taxonomy":"category","embeddable":true,"href":"https:\/\/www.notariosyregistradores.com\/web\/wp-json\/wp\/v2\/categories?post=27096"},{"taxonomy":"post_tag","embeddable":true,"href":"https:\/\/www.notariosyregistradores.com\/web\/wp-json\/wp\/v2\/tags?post=27096"}],"curies":[{"name":"wp","href":"https:\/\/api.w.org\/{rel}","templated":true}]}}