{"id":36326,"date":"2017-05-25T20:55:11","date_gmt":"2017-05-25T18:55:11","guid":{"rendered":"http:\/\/www.notariosyregistradores.com\/web\/?p=36326"},"modified":"2017-05-25T21:00:57","modified_gmt":"2017-05-25T19:00:57","slug":"centro-de-investigacion-de-derecho-registral-cidre-uam-concurso-y-registro","status":"publish","type":"post","link":"https:\/\/www.notariosyregistradores.com\/web\/columna-izq\/otras-jornadas\/centro-de-investigacion-de-derecho-registral-cidre-uam-concurso-y-registro\/","title":{"rendered":"Centro de Investigaci\u00f3n de Derecho Registral. Jornada sobre Concurso y Registro."},"content":{"rendered":"<h2 style=\"text-align: center;\"><span style=\"font-size: 18pt;\">CENTRO DE INVESTIGACI\u00d3N DE DERECHO REGISTRAL (CIDRE-UAM)\u00a0<\/span><\/h2>\n<h2 style=\"text-align: center;\"><span style=\"font-size: 18pt;\">REGISTRO Y CONCURSO: PROBLEMAS ACTUALES<\/span><\/h2>\n<h2 style=\"text-align: justify;\">\u00a0<\/h2>\n<h2 style=\"text-align: justify;\"><span style=\"font-size: 14pt;\"><strong>D\u00eda y hora: <\/strong><\/span><\/h2>\n<p style=\"text-align: justify;\"><span style=\"font-size: 12pt;\">8 de junio. 18.00-20.00<\/span><\/p>\n<p style=\"text-align: justify;\">\u00a0<\/p>\n<h2 style=\"text-align: justify;\"><strong>LUGAR DE CELEBRACI\u00d3N\u00a0<\/strong><\/h2>\n<p style=\"text-align: justify;\">Colegio de Registradores de Espa\u00f1a. C\/ Diego de Le\u00f3n 21, 8\u00aa Planta.<\/p>\n<p style=\"text-align: justify;\">\u00a0<\/p>\n<h2 style=\"text-align: justify;\">PONENTES:<\/h2>\n<p style=\"text-align: justify;\"><span style=\"font-size: 12pt;\"><strong>Nuria Bermejo Guti\u00e9rrez. <\/strong>Profesora Titular de Derecho mercantil (Universidad Aut\u00f3noma de Madrid).<\/span><br \/>\n <span style=\"font-size: 12pt;\"><strong>Andr\u00e9s Guti\u00e9rrez Gilsanz.<\/strong> Profesor Titular de Derecho mercantil (Universidad Rey Juan Carlos). Asociado Garrigues.<\/span><br \/>\n <span style=\"font-size: 12pt;\"><strong>\u00c1lvaro Jos\u00e9 Mart\u00edn Mart\u00edn.<\/strong> Registrador Mercantil de Murcia.<\/span><br \/>\n <span style=\"font-size: 12pt;\"><strong>Iv\u00e1n Heredia Cervantes.<\/strong> Profesor Titular de Derecho internacional privado (Universidad Aut\u00f3noma de Madrid). Asociado Garrigues. Director del CIDRE.<\/span><\/p>\n<h2 style=\"text-align: justify;\">\u00a0<\/h2>\n<p style=\"text-align: justify;\"><span style=\"font-size: 14pt;\"><strong>INSCRIPCI\u00d3N:\u00a0<\/strong><\/span><\/p>\n<p style=\"text-align: justify;\"><span style=\"font-size: 12pt;\">La entrada al Seminario es libre, pero por razones de aforo se ruega inscribirse en la siguiente direcci\u00f3n: <a href=\"https:\/\/goo.gl\/forms\/6hUMMKNiiwKDNvNB2\">https:\/\/goo.gl\/forms\/6hUMMKNiiwKDNvNB2<\/a><\/span><\/p>\n<p style=\"text-align: justify;\"><span style=\"font-size: 12pt;\">\u00a0<\/span><\/p>\n<h1 style=\"text-align: center;\"><a href=\"http:\/\/www.notariosyregistradores.com\/web\/category\/columna-izq\/otras-jornadas\/\">OTROS EVENTOS, JORNADAS&#8230;<\/a><\/h1>\n<p style=\"text-align: justify;\">\u00a0<a href=\"https:\/\/goo.gl\/forms\/6hUMMKNiiwKDNvNB2\"><img loading=\"lazy\" decoding=\"async\" class=\"aligncenter size-full wp-image-36327\" src=\"https:\/\/www.notariosyregistradores.com\/web\/wp-content\/uploads\/2017\/05\/CIDRE-2017-concurso.jpg\" alt=\"Centro de Investigaci\u00f3n de Derecho Registral (CIDRE-UAM). Concurso y Registro.\" width=\"976\" height=\"720\" srcset=\"https:\/\/www.notariosyregistradores.com\/web\/wp-content\/uploads\/2017\/05\/CIDRE-2017-concurso.jpg 976w, https:\/\/www.notariosyregistradores.com\/web\/wp-content\/uploads\/2017\/05\/CIDRE-2017-concurso-300x221.jpg 300w, https:\/\/www.notariosyregistradores.com\/web\/wp-content\/uploads\/2017\/05\/CIDRE-2017-concurso-768x567.jpg 768w, https:\/\/www.notariosyregistradores.com\/web\/wp-content\/uploads\/2017\/05\/CIDRE-2017-concurso-500x369.jpg 500w\" sizes=\"auto, (max-width: 976px) 100vw, 976px\" \/><\/a><\/p>\n","protected":false},"excerpt":{"rendered":"<p>CENTRO DE INVESTIGACI\u00d3N DE DERECHO REGISTRAL (CIDRE-UAM)\u00a0 REGISTRO Y CONCURSO: PROBLEMAS ACTUALES \u00a0 D\u00eda y hora: 8 de junio. 18.00-20.00 \u00a0 LUGAR DE CELEBRACI\u00d3N\u00a0 Colegio de Registradores de Espa\u00f1a. C\/ Diego de Le\u00f3n 21, 8\u00aa Planta. \u00a0 PONENTES: Nuria Bermejo Guti\u00e9rrez. Profesora Titular de Derecho mercantil (Universidad Aut\u00f3noma de Madrid). Andr\u00e9s Guti\u00e9rrez Gilsanz. Profesor Titular [&hellip;]<\/p>\n","protected":false},"author":10,"featured_media":36327,"comment_status":"open","ping_status":"closed","sticky":false,"template":"","format":"standard","meta":{"_bbp_topic_count":0,"_bbp_reply_count":0,"_bbp_total_topic_count":0,"_bbp_total_reply_count":0,"_bbp_voice_count":0,"_bbp_anonymous_reply_count":0,"_bbp_topic_count_hidden":0,"_bbp_reply_count_hidden":0,"_bbp_forum_subforum_count":0,"footnotes":""},"categories":[326],"tags":[1409,1406,7453,5282,7451,5283,5284,7452],"class_list":{"0":"post-36326","1":"post","2":"type-post","3":"status-publish","4":"format-standard","5":"has-post-thumbnail","7":"category-otras-jornadas","8":"tag-alvaro-jose-martin-martin","9":"tag-alvaro-martin","10":"tag-andres-gutierrez-gilsanz","11":"tag-cidre","12":"tag-concurso-y-registro","13":"tag-ivan-heredia","14":"tag-ivan-heredia-cervantes","15":"tag-nuria-bermejo-gutierrez"},"_links":{"self":[{"href":"https:\/\/www.notariosyregistradores.com\/web\/wp-json\/wp\/v2\/posts\/36326","targetHints":{"allow":["GET"]}}],"collection":[{"href":"https:\/\/www.notariosyregistradores.com\/web\/wp-json\/wp\/v2\/posts"}],"about":[{"href":"https:\/\/www.notariosyregistradores.com\/web\/wp-json\/wp\/v2\/types\/post"}],"author":[{"embeddable":true,"href":"https:\/\/www.notariosyregistradores.com\/web\/wp-json\/wp\/v2\/users\/10"}],"replies":[{"embeddable":true,"href":"https:\/\/www.notariosyregistradores.com\/web\/wp-json\/wp\/v2\/comments?post=36326"}],"version-history":[{"count":0,"href":"https:\/\/www.notariosyregistradores.com\/web\/wp-json\/wp\/v2\/posts\/36326\/revisions"}],"wp:featuredmedia":[{"embeddable":true,"href":"https:\/\/www.notariosyregistradores.com\/web\/wp-json\/wp\/v2\/media\/36327"}],"wp:attachment":[{"href":"https:\/\/www.notariosyregistradores.com\/web\/wp-json\/wp\/v2\/media?parent=36326"}],"wp:term":[{"taxonomy":"category","embeddable":true,"href":"https:\/\/www.notariosyregistradores.com\/web\/wp-json\/wp\/v2\/categories?post=36326"},{"taxonomy":"post_tag","embeddable":true,"href":"https:\/\/www.notariosyregistradores.com\/web\/wp-json\/wp\/v2\/tags?post=36326"}],"curies":[{"name":"wp","href":"https:\/\/api.w.org\/{rel}","templated":true}]}}