{"id":93045,"date":"2022-04-29T19:21:09","date_gmt":"2022-04-29T17:21:09","guid":{"rendered":"https:\/\/www.notariosyregistradores.com\/web\/?p=93045"},"modified":"2022-04-29T19:42:04","modified_gmt":"2022-04-29T17:42:04","slug":"bachillerato-ensenanzas-minimas","status":"publish","type":"post","link":"https:\/\/www.notariosyregistradores.com\/web\/normas\/concretas\/bachillerato-ensenanzas-minimas\/","title":{"rendered":"Bachillerato: ense\u00f1anzas m\u00ednimas"},"content":{"rendered":"<h1 style=\"text-align: center;\"><span style=\"color: #0000ff;\">RESUMEN DEL REAL DECRETO 243\/2022, DE 5 DE ABRIL, POR EL QUE SE ESTABLECEN LA ORDENACI\u00d3N Y LAS ENSE\u00d1ANZAS M\u00cdNIMAS DEL BACHILLERATO.<\/span><\/h1>\n<p>&nbsp;<\/p>\n<p><a href=\"https:\/\/www.boe.es\/buscar\/act.php?id=BOE-A-2022-5521\" target=\"_blank\" rel=\"nofollow noopener noreferrer\">Real Decreto 243\/2022, de 5 de abril, por el que se establecen la ordenaci\u00f3n y las ense\u00f1anzas m\u00ednimas del Bachillerato.<\/a><\/p>\n<p>&nbsp;<\/p>\n<a class=\"mwm-aal-item\" name=\"breve-resumen-\"><\/a><h6><span style=\"color: #0000ff;\"><strong><span style=\"font-size: 12pt;\">Breve Resumen:<\/span> <\/strong><\/span><\/h6>\n<p><span style=\"font-size: 12pt; color: #0000ff;\">Este real decreto tiene por objeto establecer la ordenaci\u00f3n y las ense\u00f1anzas m\u00ednimas de la etapa de Bachillerato. Se implantar\u00e1 para el primer curso en el a\u00f1o acad\u00e9mico 2022-2023, y para el segundo en el curso 2023-2024.<\/span><\/p>\n<a class=\"mwm-aal-item\" name=\"introduccion\"><\/a><h6 style=\"text-align: justify;\"><span style=\"color: #0000ff;\"><strong><span style=\"font-size: 12pt;\">Introducci\u00f3n<\/span><\/strong><\/span><\/h6>\n<p style=\"text-align: justify;\">La <strong>educaci\u00f3n secundaria<\/strong> se divide en educaci\u00f3n secundaria obligatoria y educaci\u00f3n secundaria postobligatoria.<\/p>\n<p style=\"text-align: justify;\">El <strong>Bachillerato<\/strong> es una de las ense\u00f1anzas que conforman la educaci\u00f3n secundaria postobligatoria, junto con la Formaci\u00f3n Profesional de Grado Medio, las Ense\u00f1anzas Art\u00edsticas Profesionales, tanto de M\u00fasica y de Danza como de Artes Pl\u00e1sticas y Dise\u00f1o de Grado Medio, y las Ense\u00f1anzas Deportivas de Grado Medio.<\/p>\n<p style=\"text-align: justify;\">La etapa comprende <strong>dos cursos <\/strong>(con la excepci\u00f3n del <a href=\"https:\/\/www.boe.es\/buscar\/act.php?id=BOE-A-2022-5521#a1-7\">art. 15<\/a>, en que son tres), se desarrolla en modalidades diferentes y se organiza de modo flexible en materias comunes, materias de modalidad y materias optativas.<\/p>\n<p style=\"text-align: justify;\">El Bachillerato tiene como <strong>finalidad<\/strong> proporcionar formaci\u00f3n, madurez intelectual y humana, conocimientos, habilidades y actitudes que permitan desarrollar funciones sociales e incorporarse a la vida activa con responsabilidad y aptitud. Asimismo, esta etapa deber\u00e1 permitir la adquisici\u00f3n y el logro de las competencias indispensables para el futuro formativo y profesional, y capacitar para el acceso a la educaci\u00f3n superior.<\/p>\n<p style=\"text-align: justify;\">Podr\u00e1n <strong>acceder a los estudios de Bachillerato<\/strong> quienes est\u00e9n en posesi\u00f3n del t\u00edtulo de Graduado en Educaci\u00f3n Secundaria Obligatoria o de cualquiera de los t\u00edtulos de T\u00e9cnico o T\u00e9cnico Superior de Formaci\u00f3n Profesional, o de Artes Pl\u00e1sticas y Dise\u00f1o, o T\u00e9cnico Deportivo o T\u00e9cnico Deportivo Superior.<\/p>\n<a class=\"mwm-aal-item\" name=\"modalidades\"><\/a><h6><strong><span style=\"color: #0000ff; font-size: 12pt;\">Modalidades<\/span><\/strong><\/h6>\n<p style=\"text-align: justify;\">Las <strong>modalidades<\/strong> del Bachillerato que podr\u00e1n ofrecer las administraciones educativas y, en su caso, los centros docentes ser\u00e1n las siguientes:<\/p>\n<p style=\"text-align: justify;\">a)\u2003Artes. Tiene dos v\u00edas: Artes Pl\u00e1sticas, Imagen y Dise\u00f1o; y M\u00fasica y Artes Esc\u00e9nicas.<\/p>\n<p style=\"text-align: justify;\">b)\u2003Ciencias y Tecnolog\u00eda.<\/p>\n<p style=\"text-align: justify;\">c)\u2003General.<\/p>\n<p style=\"text-align: justify;\">d)\u2003Humanidades y Ciencias Sociales.<\/p>\n<a class=\"mwm-aal-item\" name=\"materias\"><\/a><h6><span style=\"color: #0000ff;\"><strong><span style=\"font-size: 12pt;\">Materias<\/span><\/strong><\/span><\/h6>\n<p style=\"text-align: justify;\">Las <strong>materias comunes<\/strong> de <strong>primer curso<\/strong> ser\u00e1n las siguientes:<\/p>\n<ol style=\"list-style-type: lower-alpha;\">\n<li style=\"text-align: justify;\">Educaci\u00f3n F\u00edsica.<\/li>\n<li style=\"text-align: justify;\">Filosof\u00eda.<\/li>\n<li style=\"text-align: justify;\">Lengua Castellana y Literatura I y, si la hubiere, Lengua Cooficial y Literatura I.<\/li>\n<li style=\"text-align: justify;\">Lengua Extranjera I.<\/li>\n<\/ol>\n<p style=\"text-align: justify;\">Las materias comunes de <strong>segundo curso<\/strong> ser\u00e1n las siguientes:<\/p>\n<ol style=\"list-style-type: lower-alpha;\">\n<li style=\"text-align: justify;\">Historia de Espa\u00f1a.<\/li>\n<li style=\"text-align: justify;\">Historia de la Filosof\u00eda.<\/li>\n<li style=\"text-align: justify;\">Lengua Castellana y Literatura II y, si la hubiere, Lengua Cooficial y Literatura II.<\/li>\n<li style=\"text-align: justify;\">Lengua Extranjera II.<\/li>\n<\/ol>\n<p style=\"text-align: justify;\">Las <strong>materias espec\u00edficas<\/strong> de cada modalidad de Bachillerato se recogen en los <a href=\"https:\/\/www.boe.es\/buscar\/act.php?id=BOE-A-2022-5521#a1-2\">art\u00edculos 10 al 13<\/a>.<\/p>\n<p style=\"text-align: justify;\">Entre las <strong>materias optativas<\/strong> ha de incluirse una segunda lengua extranjera.<\/p>\n<a class=\"mwm-aal-item\" name=\"curriculo-y-horario\"><\/a><h6><span style=\"color: #0000ff;\"><strong><span style=\"font-size: 12pt;\">Curr\u00edculo y horario<\/span><\/strong><\/span><\/h6>\n<p style=\"text-align: justify;\">El <a href=\"https:\/\/www.boe.es\/buscar\/act.php?id=BOE-A-2022-5521#a1-11\">art\u00edculo 19<\/a> se dedica al <strong>curr\u00edculo<\/strong>: el conjunto de objetivos, competencias, contenidos enunciados en forma de saberes b\u00e1sicos, m\u00e9todos pedag\u00f3gicos y criterios de evaluaci\u00f3n del Bachillerato constituyen el curr\u00edculo de esta etapa. El presente real decreto fija los <strong>aspectos b\u00e1sicos<\/strong> del curr\u00edculo que constituyen las <strong>ense\u00f1anzas m\u00ednimas<\/strong> del Bachillerato. Las administraciones educativas establecer\u00e1n, conforme a lo dispuesto en este real decreto, el curr\u00edculo del Bachillerato, del que formar\u00e1n parte en todo caso las ense\u00f1anzas m\u00ednimas fijadas en el mismo, que requerir\u00e1n el\u00a060 por ciento de los horarios escolares para las comunidades aut\u00f3nomas que no tengan lengua cooficial y el\u00a050 por ciento para aquellas que la tengan. El resto corresponde a los centros docentes. Ver la <a href=\"https:\/\/www.boe.es\/buscar\/act.php?id=BOE-A-2022-5521#dt\">D.Tr.1\u00aa<\/a> para el curso acad\u00e9mico 2022-2023<\/p>\n<p style=\"text-align: justify;\"><strong>El horario<\/strong> escolar que corresponde a las ense\u00f1anzas m\u00ednimas se establece en el <a href=\"https:\/\/www.boe.es\/buscar\/act.php?id=BOE-A-2022-5521#ai-4\">anexo IV<\/a>.<\/p>\n<a class=\"mwm-aal-item\" name=\"evaluacion-y-titulo\"><\/a><h6><span style=\"color: #0000ff;\"><strong><span style=\"font-size: 12pt;\">Evaluaci\u00f3n y t\u00edtulo<\/span><\/strong><\/span><\/h6>\n<p style=\"text-align: justify;\">La <strong>evaluaci\u00f3n<\/strong> del aprendizaje del alumnado ser\u00e1 <strong>continua <\/strong>y diferenciada seg\u00fan las distintas materias. El profesorado de cada materia decidir\u00e1, al t\u00e9rmino del curso, si cada alumno ha logrado los objetivos y ha alcanzado el adecuado grado de adquisici\u00f3n de las competencias correspondientes. El alumnado podr\u00e1 realizar una prueba extraordinaria de las materias no superadas. El profesorado evaluar\u00e1 tanto los aprendizajes del alumnado como los procesos de ense\u00f1anza y su propia pr\u00e1ctica docente. Ver <a href=\"https:\/\/www.boe.es\/buscar\/act.php?id=BOE-A-2022-5521#a2-2\">art. 20<\/a>. Ver la <a href=\"https:\/\/www.boe.es\/buscar\/act.php?id=BOE-A-2022-5521#dt-2\">D.Tr.2\u00aa<\/a> para el curso acad\u00e9mico 2022-2023<\/p>\n<p style=\"text-align: justify;\">Los alumnos <strong>promocionar\u00e1n de primero a segundo<\/strong> de Bachillerato cuando hayan superado las materias cursadas o tengan <strong>evaluaci\u00f3n negativa en dos materias<\/strong> como m\u00e1ximo. En todo caso, deber\u00e1n matricularse en segundo curso de las materias no superadas de primero, que tendr\u00e1n la consideraci\u00f3n de materias pendientes.<\/p>\n<p style=\"text-align: justify;\">La superaci\u00f3n de las materias de <strong>segundo curso<\/strong> que figuran en el <a href=\"https:\/\/www.boe.es\/buscar\/act.php?id=BOE-A-2022-5521#av\">anexo V<\/a> estar\u00e1 condicionada a la superaci\u00f3n de las correspondientes materias de primer curso indicadas en dicho anexo por implicar continuidad.<\/p>\n<p style=\"text-align: justify;\">Los alumnos que al t\u00e9rmino del segundo curso tuvieran <strong>evaluaci\u00f3n negativa en algunas materias <\/strong>podr\u00e1n matricularse s\u00f3lo de ellas o podr\u00e1n optar por repetir el curso completo.<\/p>\n<p style=\"text-align: justify;\">El <strong>t\u00edtulo de Bachiller<\/strong> acredita el logro de los objetivos establecidos para la etapa y la adquisici\u00f3n de las competencias correspondientes. Para obtenerlo, ser\u00e1 necesaria la evaluaci\u00f3n positiva en todas las materias de los dos cursos de Bachillerato. <strong>Excepcionalmente<\/strong>, el equipo docente podr\u00e1 decidir la obtenci\u00f3n del t\u00edtulo de Bachiller con una asignatura suspensa si se dan las condiciones enumeradas en el <a href=\"https:\/\/www.boe.es\/buscar\/act.php?id=BOE-A-2022-5521#a2-4\">art\u00edculo 22<\/a>.<\/p>\n<p style=\"text-align: justify;\">El t\u00edtulo de Bachiller <strong>ser\u00e1 \u00fanico<\/strong> y se expedir\u00e1 con expresi\u00f3n de la modalidad cursada y de la <strong>nota media obtenida<\/strong>. Esta se hallar\u00e1 calculando la media aritm\u00e9tica de las calificaciones de todas las materias cursadas redondeada a la cent\u00e9sima. Se tendr\u00e1n en cuenta las materias comunes y optativas, as\u00ed como las materias espec\u00edficas de la modalidad por la que se expide el t\u00edtulo y, en su caso, la materia de Religi\u00f3n.<\/p>\n<p style=\"text-align: justify;\">Tambi\u00e9n se puede obtener el t\u00edtulo de Bachiller <strong>desde otras ense\u00f1anzas<\/strong> conforme al <a href=\"https:\/\/www.boe.es\/buscar\/act.php?id=BOE-A-2022-5521#a2-6\">art\u00edculo 24<\/a>.<\/p>\n<p style=\"text-align: justify;\">Cuando el alumnado sea menor de edad, los <strong>padres, madres o tutores legales<\/strong> deber\u00e1n participar y apoyar la evoluci\u00f3n de su proceso educativo, colaborando en las medidas de apoyo o refuerzo que adopten los centros para facilitar su progreso. Tendr\u00e1n <strong>derecho a conocer<\/strong> -igual que los alumnos mayores de edad- las decisiones relativas a su evaluaci\u00f3n y promoci\u00f3n, as\u00ed como al acceso a la parte de los documentos oficiales de evaluaci\u00f3n referida al alumno y a las pruebas y documentos de las evaluaciones que se le realicen<\/p>\n<p style=\"text-align: justify;\">Los <strong>documentos oficiales de evaluaci\u00f3n <\/strong>en Bachillerato son las actas de evaluaci\u00f3n, el expediente acad\u00e9mico, el historial acad\u00e9mico y, en su caso, el informe personal por traslado. Se regulan en los <a href=\"https:\/\/www.boe.es\/buscar\/act.php?id=BOE-A-2022-5521#a2-11\">art\u00edculos 29 al 34<\/a>.<\/p>\n<a class=\"mwm-aal-item\" name=\"disposiciones-adicionales-calendario-y-anexos\"><\/a><h6><span style=\"color: #0000ff;\"><strong><span style=\"font-size: 12pt;\">Disposiciones adicionales, calendario y anexos<\/span><\/strong><\/span><\/h6>\n<p style=\"text-align: justify;\">Las <a href=\"https:\/\/www.boe.es\/buscar\/act.php?id=BOE-A-2022-5521#da\"><strong>disposiciones adicionales<\/strong><\/a> se dedican a lo siguiente:<\/p>\n<p style=\"text-align: justify;\">&#8211; la primera, sobre ense\u00f1anzas de <strong>religi\u00f3n<\/strong>.<\/p>\n<p style=\"text-align: justify;\">&#8211; la segunda, ense\u00f1anzas del sistema educativo espa\u00f1ol impartidas en <strong>lenguas extranjeras<\/strong>.<\/p>\n<p style=\"text-align: justify;\">&#8211; la tercera, educaci\u00f3n de <strong>personas adultas<\/strong>.<\/p>\n<p style=\"text-align: justify;\">&#8211; la cuarta referida a quienes deseen obtener una <strong>modalidad adicional<\/strong> de Bachillerato.<\/p>\n<p style=\"text-align: justify;\">&#8211; y la quinta sobre <strong>simultaneidad de estudios<\/strong> entre las ense\u00f1anzas art\u00edsticas profesionales y la educaci\u00f3n secundaria<\/p>\n<p style=\"text-align: justify;\">Tras una amplia disposici\u00f3n derogatoria, la <a href=\"https:\/\/www.boe.es\/buscar\/act.php?id=BOE-A-2022-5521#df\">D.F.1\u00aa<\/a> se refiere a la <strong>prueba de acceso a la universidad<\/strong>, anunciando que el Gobierno establecer\u00e1 las caracter\u00edsticas b\u00e1sicas de la prueba de acceso a la universidad que establece el <a href=\"https:\/\/www.boe.es\/buscar\/act.php?id=BOE-A-2006-7899#a38\">art\u00edculo\u00a038<\/a> de la Ley Org\u00e1nica\u00a02\/2006, de\u00a03 de mayo.<\/p>\n<p style=\"text-align: justify;\">En cuanto al<strong> calendario de implantaci\u00f3n<\/strong>, lo dispuesto en este real decreto se implantar\u00e1:<\/p>\n<ul>\n<li style=\"text-align: justify;\">para <strong>primer curso <\/strong>de Bachillerato en el <strong>a\u00f1o acad\u00e9mico\u00a02022-2023<\/strong>,<\/li>\n<li style=\"text-align: justify;\">y para <strong>segundo <\/strong>de Bachillerato, en el <strong>curso\u00a02023-2024<\/strong> (<a href=\"https:\/\/www.boe.es\/buscar\/act.php?id=BOE-A-2022-5521#df-4\">D.F.4\u00aa<\/a>).<\/li>\n<\/ul>\n<p style=\"text-align: justify;\">Los <strong>cinco anexos<\/strong> tratan de lo siguiente:<\/p>\n<p style=\"text-align: justify;\"><a href=\"https:\/\/www.boe.es\/buscar\/act.php?id=BOE-A-2022-5521#ai\">ANEXO I<\/a>: <strong>Competencias<\/strong> clave en el Bachillerato<\/p>\n<p style=\"text-align: justify;\"><a href=\"https:\/\/www.boe.es\/buscar\/act.php?id=BOE-A-2022-5521#ai-2\">ANEXO II:<\/a> <strong>Materias<\/strong> de Bachillerato<\/p>\n<p style=\"text-align: justify;\"><a href=\"https:\/\/www.boe.es\/buscar\/act.php?id=BOE-A-2022-5521#ai-3\">ANEXO III<\/a>: <strong>Situaciones de aprendizaje<\/strong><\/p>\n<p style=\"text-align: justify;\"><a href=\"https:\/\/www.boe.es\/buscar\/act.php?id=BOE-A-2022-5521#ai-4\">ANEXO IV:<\/a> <strong>Horario escolar<\/strong>, expresado en horas, correspondiente a las ense\u00f1anzas m\u00ednimas para el Bachillerato<\/p>\n<p style=\"text-align: justify;\"><a href=\"https:\/\/www.boe.es\/buscar\/act.php?id=BOE-A-2022-5521#av\">ANEXO V:<\/a> <strong>Continuidad entre materias<\/strong> de Bachillerato<\/p>\n<p style=\"text-align: justify;\"><strong>Entr\u00f3 en vigor<\/strong> el 7 de abril de\u00a02022.<\/p>\n<p>&nbsp;<\/p>\n<a class=\"mwm-aal-item\" name=\"enlaces-\"><\/a><h6><span style=\"font-size: 12pt; color: #0000ff;\">ENLACES:\u00a0<\/span><\/h6>\n<ul>\n<li><strong><span style=\"font-size: 12pt;\"><a href=\"https:\/\/www.boe.es\/boe\/dias\/2022\/04\/06\/pdfs\/BOE-A-2022-5521.pdf\">PDF (BOE-A-2022-5521 &#8211; 362\u00a0p\u00e1gs.\u00a0&#8211; 2.385\u00a0KB)<\/a> <a href=\"https:\/\/www.boe.es\/diario_boe\/txt.php?id=BOE-A-2022-5521\">Otros formatos<\/a>\u00a0\u00a0 <a href=\"https:\/\/www.boe.es\/buscar\/act.php?id=BOE-A-2022-5521\" target=\"_blank\" rel=\"nofollow noopener noreferrer\">Texto consolidado<\/a><\/span><\/strong><\/li>\n<li><strong><span style=\"font-size: 12pt;\"><a href=\"https:\/\/www.boe.es\/buscar\/act.php?id=BOE-A-2006-7899\" target=\"_blank\" rel=\"nofollow noopener noreferrer\">Ley Org\u00e1nica 2\/2006, de 3 de mayo, de Educaci\u00f3n.<\/a><\/span><\/strong><\/li>\n<\/ul>\n<p style=\"text-align: center;\"><span style=\"font-size: 14pt;\"><a href=\"https:\/\/www.notariosyregistradores.com\/web\/normas\/resumen-de-las-disposiciones-mas-destacadas\/\"><strong>DISPOSICIONES DESTACADAS<\/strong><\/a><\/span><\/p>\n<p style=\"text-align: center;\"><span style=\"font-size: 14pt;\"><strong><a href=\"https:\/\/www.notariosyregistradores.com\/web\/category\/normas\/concretas\/\">RESUMEN DE OTRAS NORMAS CONCRETAS<\/a><\/strong><\/span><\/p>\n<p style=\"text-align: center;\"><span style=\"font-size: 14pt;\"><a href=\"https:\/\/www.notariosyregistradores.com\/\"><strong>PORTADA DE LA WEB<\/strong><\/a><\/span><\/p>\n<div id=\"attachment_93050\" style=\"width: 1072px\" class=\"wp-caption aligncenter\"><a href=\"https:\/\/www.notariosyregistradores.com\/web\/normas\/concretas\/bachillerato-ensenanzas-minimas\/attachment\/albascete-instituto_bachiller_sabuco\/\"><img loading=\"lazy\" decoding=\"async\" aria-describedby=\"caption-attachment-93050\" class=\"size-full wp-image-93050\" src=\"https:\/\/www.notariosyregistradores.com\/web\/wp-content\/uploads\/2022\/04\/Albascete-Instituto_Bachiller_Sabuco.jpg\" alt=\"\" width=\"1062\" height=\"797\" srcset=\"https:\/\/www.notariosyregistradores.com\/web\/wp-content\/uploads\/2022\/04\/Albascete-Instituto_Bachiller_Sabuco.jpg 1062w, https:\/\/www.notariosyregistradores.com\/web\/wp-content\/uploads\/2022\/04\/Albascete-Instituto_Bachiller_Sabuco-300x225.jpg 300w, https:\/\/www.notariosyregistradores.com\/web\/wp-content\/uploads\/2022\/04\/Albascete-Instituto_Bachiller_Sabuco-1024x768.jpg 1024w, https:\/\/www.notariosyregistradores.com\/web\/wp-content\/uploads\/2022\/04\/Albascete-Instituto_Bachiller_Sabuco-768x576.jpg 768w, https:\/\/www.notariosyregistradores.com\/web\/wp-content\/uploads\/2022\/04\/Albascete-Instituto_Bachiller_Sabuco-500x375.jpg 500w\" sizes=\"auto, (max-width: 1062px) 100vw, 1062px\" \/><\/a><p id=\"caption-attachment-93050\" class=\"wp-caption-text\">Instituto Bachiller Sabuco (Albacete)<\/p><\/div>\n","protected":false},"excerpt":{"rendered":"<p>RESUMEN DEL REAL DECRETO 243\/2022, DE 5 DE ABRIL, POR EL QUE SE ESTABLECEN LA ORDENACI\u00d3N Y LAS ENSE\u00d1ANZAS M\u00cdNIMAS DEL BACHILLERATO. &nbsp; Real Decreto 243\/2022, de 5 de abril, por el que se establecen la ordenaci\u00f3n y las ense\u00f1anzas m\u00ednimas del Bachillerato. &nbsp; Breve Resumen: Este real decreto tiene por objeto establecer la ordenaci\u00f3n [&hellip;]<\/p>\n","protected":false},"author":10,"featured_media":93049,"comment_status":"open","ping_status":"closed","sticky":false,"template":"","format":"standard","meta":{"_bbp_topic_count":0,"_bbp_reply_count":0,"_bbp_total_topic_count":0,"_bbp_total_reply_count":0,"_bbp_voice_count":0,"_bbp_anonymous_reply_count":0,"_bbp_topic_count_hidden":0,"_bbp_reply_count_hidden":0,"_bbp_forum_subforum_count":0,"footnotes":""},"categories":[703],"tags":[16156,5952,16158,16162,16154,16157,16160,16159,16161,16155],"class_list":{"0":"post-93045","1":"post","2":"type-post","3":"status-publish","4":"format-standard","5":"has-post-thumbnail","7":"category-concretas","8":"tag-asignaturas-bachillerato","9":"tag-bachillerato","10":"tag-curriculo","11":"tag-de-5-de-abril","12":"tag-ensenanzas-minimas","13":"tag-evaluacion-bachillerato","14":"tag-materias-bachillerato","15":"tag-modalidades-bachillerato","16":"tag-real-decreto-243-2022","17":"tag-titulo-bachillerato"},"_links":{"self":[{"href":"https:\/\/www.notariosyregistradores.com\/web\/wp-json\/wp\/v2\/posts\/93045","targetHints":{"allow":["GET"]}}],"collection":[{"href":"https:\/\/www.notariosyregistradores.com\/web\/wp-json\/wp\/v2\/posts"}],"about":[{"href":"https:\/\/www.notariosyregistradores.com\/web\/wp-json\/wp\/v2\/types\/post"}],"author":[{"embeddable":true,"href":"https:\/\/www.notariosyregistradores.com\/web\/wp-json\/wp\/v2\/users\/10"}],"replies":[{"embeddable":true,"href":"https:\/\/www.notariosyregistradores.com\/web\/wp-json\/wp\/v2\/comments?post=93045"}],"version-history":[{"count":4,"href":"https:\/\/www.notariosyregistradores.com\/web\/wp-json\/wp\/v2\/posts\/93045\/revisions"}],"predecessor-version":[{"id":93052,"href":"https:\/\/www.notariosyregistradores.com\/web\/wp-json\/wp\/v2\/posts\/93045\/revisions\/93052"}],"wp:featuredmedia":[{"embeddable":true,"href":"https:\/\/www.notariosyregistradores.com\/web\/wp-json\/wp\/v2\/media\/93049"}],"wp:attachment":[{"href":"https:\/\/www.notariosyregistradores.com\/web\/wp-json\/wp\/v2\/media?parent=93045"}],"wp:term":[{"taxonomy":"category","embeddable":true,"href":"https:\/\/www.notariosyregistradores.com\/web\/wp-json\/wp\/v2\/categories?post=93045"},{"taxonomy":"post_tag","embeddable":true,"href":"https:\/\/www.notariosyregistradores.com\/web\/wp-json\/wp\/v2\/tags?post=93045"}],"curies":[{"name":"wp","href":"https:\/\/api.w.org\/{rel}","templated":true}]}}