{"id":96739,"date":"2022-07-22T00:25:45","date_gmt":"2022-07-21T22:25:45","guid":{"rendered":"https:\/\/www.notariosyregistradores.com\/web\/?p=96739"},"modified":"2022-07-22T00:34:52","modified_gmt":"2022-07-21T22:34:52","slug":"separata-del-indice-de-juan-carlos-casas-resoluciones-publicadas-en-mayo-de-2022","status":"publish","type":"post","link":"https:\/\/www.notariosyregistradores.com\/web\/sc\/separata-del-indice-de-juan-carlos-casas-resoluciones-publicadas-en-mayo-de-2022\/","title":{"rendered":"Separata del \u00edndice de Juan Carlos Casas. Mayo 2022"},"content":{"rendered":"<h1 style=\"text-align: center;\"><span style=\"color: #0000ff;\"><strong>SEPARATA DEL \u00cdNDICE DE JUAN CARLOS CASAS S\u00d3LO CON RESOLUCIONES PUBLICADAS EN EL BOE DURANTE MAYO DE 2022<\/strong><\/span><\/h1>\n<h2 style=\"text-align: center;\"><strong>(Juan Carlos Casas Rojo. registrador de C\u00e1diz)<\/strong><\/h2>\n<p style=\"text-align: center;\"><span style=\"font-size: 12pt;\"><strong>El texto de este archivo se ha incorporado a los <a href=\"https:\/\/www.notariosyregistradores.com\/web\/category\/practica\/indice-jc-casas\/\">FICHEROS GENERALES.<\/a><\/strong><\/span><\/p>\n<p><a href=\"#rp\"><span style=\"font-size: 12pt;\"><strong>I) RESOLUCIONES PROPIEDAD<\/strong><\/span><\/a><\/p>\n<p><a href=\"#rm\"><span style=\"font-size: 12pt;\"><strong>II) RESOLUCIONES MERCANTIL<\/strong><\/span><\/a><\/p>\n<p><a href=\"#enlaces\"><span style=\"font-size: 12pt;\"><strong>ENLACES<\/strong><\/span><\/a><strong>\u00a0<\/strong><\/p>\n<p style=\"text-align: justify;\">\u00a0<\/p>\n<a class=\"mwm-aal-item\" name=\"i-resoluciones-propiedad\"><\/a><h6 style=\"text-align: justify;\"><span style=\"font-size: 14pt; color: #0000ff;\"><strong><a id=\"rp\"><\/a>I. <\/strong><strong>RESOLUCIONES PROPIEDAD<\/strong><\/span><\/h6>\n<a class=\"mwm-aal-item\" name=\"actas-de-notoriedad\"><\/a><h6><span style=\"font-size: 12pt;\"><strong>ACTAS DE NOTORIEDAD<\/strong><\/span><\/h6>\n<p style=\"text-align: justify;\"><strong>Inmatriculaci\u00f3n con acta de notoriedad complementaria.<\/strong> El acta de notoriedad complementaria de t\u00edtulo p\u00fablico es un documento p\u00fablico apto, conforme al art\u00edculo\u00a0<a href=\"https:\/\/www.notariosyregistradores.com\/web\/normas\/ley-hipotecaria\/#a205\">205 LH<\/a>, para lograr la inmatriculaci\u00f3n de fincas. Basta que se exprese que el transmitente era tenido por due\u00f1o de la finca con m\u00e1s de un a\u00f1o de antelaci\u00f3n al t\u00edtulo inmatriculable que complementa. <a href=\"https:\/\/www.notariosyregistradores.com\/web\/resoluciones\/por-meses\/mayo-2022-direccion-general-seguridad-juridica-y-fe-publica\/#194-inmatriculacion-con-acta-de-notoriedad-complementaria\">R. 27 de abril de 2022<\/a><\/p>\n<p><strong>\u00a0<\/strong><\/p>\n<a class=\"mwm-aal-item\" name=\"agrupacion-agregacion\"><\/a><h6><span style=\"font-size: 12pt;\"><strong>AGRUPACI\u00d3N, AGREGACI\u00d3N<\/strong><\/span><\/h6>\n<p style=\"text-align: justify;\"><strong>Compraventa previa segregaci\u00f3n y agregaci\u00f3n.<\/strong> La licencia de segregaci\u00f3n de finca para agruparla o agregarla a otra se entiende sujeta a la condici\u00f3n -con eficacia suspensiva- de agregar la parcela segregada a otra finca. La inscripci\u00f3n de la segregaci\u00f3n y la agregaci\u00f3n deben ser simult\u00e1neas. <a href=\"https:\/\/www.notariosyregistradores.com\/web\/resoluciones\/por-meses\/mayo-2022-direccion-general-seguridad-juridica-y-fe-publica\/#195-y-196-compraventa-previa-segregacion-y-agregacion\">R. 27 de abril de 2022<\/a><\/p>\n<p><strong>\u00a0<\/strong><\/p>\n<a class=\"mwm-aal-item\" name=\"anotacion-de-embargo\"><\/a><h6><span style=\"font-size: 12pt;\"><strong>ANOTACI\u00d3N DE EMBARGO<\/strong><\/span><\/h6>\n<p style=\"text-align: justify;\"><strong>Anotaci\u00f3n de embargo. Liquidaci\u00f3n del impuesto.<\/strong> No cabe anotar un embargo sin acreditar la liquidaci\u00f3n del impuesto (AJD). <a href=\"https:\/\/www.notariosyregistradores.com\/web\/resoluciones\/por-meses\/mayo-2022-direccion-general-seguridad-juridica-y-fe-publica\/#197-anotacion-de-embargo-liquidacion-del-impuesto\">R. 27 de abril de 2022<\/a><\/p>\n<p style=\"text-align: justify;\"><strong>Anotaci\u00f3n de embargo de vivienda familiar.<\/strong> Si del registro resulta que la vivienda embargada es la familiar del deudor, el embargo ha de ser notificado al c\u00f3nyuge del titular registral de la finca embargada, salvo que del mandamiento resulte que la vivienda no tiene tal car\u00e1cter, apreciaci\u00f3n de exclusiva competencia judicial, sin que ya el registrador pueda calificar este extremo. <a href=\"https:\/\/www.notariosyregistradores.com\/web\/resoluciones\/por-meses\/mayo-2022-direccion-general-seguridad-juridica-y-fe-publica\/#201-anotacion-de-embargo-de-vivienda-familiar\">R. 3 de mayo de 2022<\/a><\/p>\n<p>&nbsp;<\/p>\n<a class=\"mwm-aal-item\" name=\"asiento-de-presentacion\"><\/a><h6><span style=\"font-size: 12pt;\"><strong>ASIENTO DE PRESENTACI\u00d3N<\/strong><\/span><\/h6>\n<p style=\"text-align: justify;\"><strong>Recurso contra anotaci\u00f3n de embargo cautelar ya practicada. <\/strong><strong>Negativa a la pr\u00e1ctica del asiento de presentaci\u00f3n.<\/strong> La negativa a la pr\u00e1ctica del asiento de presentaci\u00f3n debe ser objeto de calificaci\u00f3n especifica con car\u00e1cter previo o al menos simultaneo a emitir una calificaci\u00f3n sobre el fondo de la solicitud.\u00a0El objeto del recurso contra calificaciones de registradores es determinar si la calificaci\u00f3n es o no ajustada a Derecho, y no valorar un asiento ya practicado que est\u00e1 bajo la salvaguarda de los Tribunales. <a href=\"https:\/\/www.notariosyregistradores.com\/web\/resoluciones\/por-meses\/mayo-2022-direccion-general-seguridad-juridica-y-fe-publica\/#177-a-180-recurso-contra-anotacion-de-embargo-cautelar-ya-practicada-negativa-a-la-practica-del-asiento-de-presentacion\">R. 18 de abril de 2022<\/a><\/p>\n<p><strong>\u00a0<\/strong><\/p>\n<a class=\"mwm-aal-item\" name=\"asientos-registrales\"><\/a><h6><span style=\"font-size: 12pt;\"><strong>ASIENTOS REGISTRALES<\/strong><\/span><\/h6>\n<p style=\"text-align: justify;\"><strong>Recurso contra asiento ya practicado.<\/strong> Practicado un asiento el mismo se halla bajo la salvaguardia judicial y no es posible, en sede de recurso, revisar la legalidad de su pr\u00e1ctica ni la calificaci\u00f3n positiva previa en que encuentran su fundamento los efectos de legitimaci\u00f3n que dicho asiento genera. <a href=\"https:\/\/www.notariosyregistradores.com\/web\/resoluciones\/por-meses\/mayo-2022-direccion-general-seguridad-juridica-y-fe-publica\/#193-recurso-contra-asiento-ya-practicado\">R. 26 de abril de 2022<\/a><\/p>\n<p style=\"text-align: justify;\"><strong>Recurso contra anotaci\u00f3n de embargo cautelar ya practicada. <\/strong><strong>Negativa a la pr\u00e1ctica del asiento de presentaci\u00f3n.<\/strong> La negativa a la pr\u00e1ctica del asiento de presentaci\u00f3n debe ser objeto de calificaci\u00f3n especifica con car\u00e1cter previo o al menos simultaneo a emitir una calificaci\u00f3n sobre el fondo de la solicitud.\u00a0El objeto del recurso contra calificaciones de registradores es determinar si la calificaci\u00f3n es o no ajustada a Derecho, y no valorar un asiento ya practicado que est\u00e1 bajo la salvaguarda de los Tribunales. <a href=\"https:\/\/www.notariosyregistradores.com\/web\/resoluciones\/por-meses\/mayo-2022-direccion-general-seguridad-juridica-y-fe-publica\/#177-a-180-recurso-contra-anotacion-de-embargo-cautelar-ya-practicada-negativa-a-la-practica-del-asiento-de-presentacion\">R. 18 de abril de 2022<\/a><\/p>\n<p style=\"text-align: justify;\"><strong>Solicitud de rectificaci\u00f3n de georreferenciaci\u00f3n ya inscrita <\/strong><strong>por quien no es titular registral.<\/strong> La rectificaci\u00f3n de la inscripci\u00f3n de una representaci\u00f3n gr\u00e1fica mediante sentencia judicial exige que esta se haya dictado en un procedimiento entablado contra el titular registral, en el que se demande la nulidad o cancelaci\u00f3n del asiento. <a href=\"https:\/\/www.notariosyregistradores.com\/web\/resoluciones\/por-meses\/mayo-2022-direccion-general-seguridad-juridica-y-fe-publica\/#183-solicitud-de-rectificacion-de-georreferenciacion-ya-inscrita-por-quien-no-es-titular-registral\">R. 19 de abril de 2022<\/a><\/p>\n<p style=\"text-align: justify;\"><strong>Solicitud de cancelaci\u00f3n de nota de afecci\u00f3n fiscal<\/strong><strong> por considerar que no debi\u00f3 practicarse. <\/strong>Una nota marginal de afecci\u00f3n fiscal ya practicada en los Libros del Registro est\u00e1 bajo la salvaguarda de los Tribunales. <a href=\"https:\/\/www.notariosyregistradores.com\/web\/resoluciones\/por-meses\/mayo-2022-direccion-general-seguridad-juridica-y-fe-publica\/#182-solicitud-de-cancelacion-de-nota-de-afeccion-fiscal-por-considerar-que-no-debio-practicarse\">R. 19 de abril de 2022<\/a><\/p>\n<p><strong>\u00a0<\/strong><\/p>\n<a class=\"mwm-aal-item\" name=\"arrendamiento\"><\/a><h6><span style=\"font-size: 12pt;\"><strong>ARRENDAMIENTO<\/strong><\/span><\/h6>\n<p style=\"text-align: justify;\"><strong>Cancelaci\u00f3n de arrendamiento mediante decreto de desahucio.<\/strong> Es suficiente para cancelar un derecho de arrendamiento inscrito el testimonio firme de la resoluci\u00f3n por la que se decreta el desahucio, junto con el decreto de lanzamiento y toma de posesi\u00f3n por el propietario. <a href=\"https:\/\/www.notariosyregistradores.com\/web\/resoluciones\/por-meses\/mayo-2022-direccion-general-seguridad-juridica-y-fe-publica\/#188-cancelacion-de-arrendamiento-mediante-decreto-de-desahucio\">R. 25 de abril de 2022<\/a><\/p>\n<p><strong>\u00a0<\/strong><\/p>\n<a class=\"mwm-aal-item\" name=\"bienes-de-las-administraciones-publicas\"><\/a><h6 style=\"text-align: justify;\"><span style=\"font-size: 12pt;\"><strong>BIENES DE LAS ADMINISTRACIONES P\u00daBLICAS<\/strong><\/span><\/h6>\n<p style=\"text-align: justify;\"><strong>Reversi\u00f3n al ayuntamiento de finca cedida gratuitamente a Di\u00f3cesis.<\/strong><strong> condiciones no inscritas. <\/strong>Un Ayuntamiento no puede revocar unilateralmente una donaci\u00f3n no condicionada hecha a una Di\u00f3cesis sin el consentimiento expreso de la misma o en su defecto la oportuna resoluci\u00f3n judicial. <a href=\"https:\/\/www.notariosyregistradores.com\/web\/resoluciones\/por-meses\/mayo-2022-direccion-general-seguridad-juridica-y-fe-publica\/#175-reversion-al-ayuntamiento-de-finca-cedida-gratuitamente-a-diocesis-condiciones-no-inscritas\">R. 11 de abril de 2022<\/a><\/p>\n<p><strong>\u00a0<\/strong><\/p>\n<a class=\"mwm-aal-item\" name=\"cancelacion\"><\/a><h6><span style=\"font-size: 12pt;\"><strong>CANCELACI\u00d3N<\/strong><\/span><\/h6>\n<p style=\"text-align: justify;\"><strong>Cancelaci\u00f3n de arrendamiento mediante decreto de desahucio.<\/strong> Es suficiente para cancelar un derecho de arrendamiento inscrito el testimonio firme de la resoluci\u00f3n por la que se decreta el desahucio, junto con el decreto de lanzamiento y toma de posesi\u00f3n por el propietario. <a href=\"https:\/\/www.notariosyregistradores.com\/web\/resoluciones\/por-meses\/mayo-2022-direccion-general-seguridad-juridica-y-fe-publica\/#188-cancelacion-de-arrendamiento-mediante-decreto-de-desahucio\">R. 25 de abril de 2022<\/a><\/p>\n<p style=\"text-align: justify;\"><strong>Compraventa de finca sujeta a tanteo convencional<\/strong>. Caducidad del derecho y caducidad del asiento. Los derechos de adquisici\u00f3n preferente constituidos voluntariamente pueden configurarse con eficacia personal o real (numerus apertus). Para ser derechos reales deben cumplir los requisitos y respetar los l\u00edmites institucionales o estructurales propios de los derechos reales. <a href=\"https:\/\/www.notariosyregistradores.com\/web\/resoluciones\/por-meses\/mayo-2022-direccion-general-seguridad-juridica-y-fe-publica\/#205-compraventa-de-finca-sujeta-a-tanteo-convencional-caducidad-del-derecho-y-caducidad-del-asiento\">R. 4 de mayo de 2022<\/a><\/p>\n<p style=\"text-align: justify;\"><strong>Solicitud de cancelaci\u00f3n de nota de afecci\u00f3n fiscal<\/strong><strong> por considerar que no debi\u00f3 practicarse. <\/strong>Una nota marginal de afecci\u00f3n fiscal ya practicada en los Libros del Registro est\u00e1 bajo la salvaguarda de los Tribunales. <a href=\"https:\/\/www.notariosyregistradores.com\/web\/resoluciones\/por-meses\/mayo-2022-direccion-general-seguridad-juridica-y-fe-publica\/#182-solicitud-de-cancelacion-de-nota-de-afeccion-fiscal-por-considerar-que-no-debio-practicarse\">R. 19 de abril de 2022<\/a><\/p>\n<p>&nbsp;<\/p>\n<a class=\"mwm-aal-item\" name=\"causa\"><\/a><h6><span style=\"font-size: 12pt;\"><strong>CAUSA<\/strong><\/span><\/h6>\n<p><strong>Extinci\u00f3n de comunidad atribuyendo car\u00e1cter privativo<\/strong> a una mitad indivisa. Los c\u00f3nyuges pueden atribuir car\u00e1cter privativo a un bien ganancial, pacten o no compensaci\u00f3n a cargo de los bienes privativos y siempre que el desplazamiento pactado aparezca causalizado. <a href=\"https:\/\/www.notariosyregistradores.com\/web\/resoluciones\/por-meses\/mayo-2022-direccion-general-seguridad-juridica-y-fe-publica\/#172-extincion-de-comunidad-atribuyendo-caracter-privativo-a-una-mitad-indivisa\">R. 11 de abril de 2022<\/a><\/p>\n<p><strong>\u00a0<\/strong><\/p>\n<a class=\"mwm-aal-item\" name=\"compraventa\"><\/a><h6><span style=\"font-size: 12pt;\"><strong>COMPRAVENTA<\/strong><\/span><\/h6>\n<p style=\"text-align: justify;\"><strong>Compraventa de parcela segregada, seg\u00fan manifiestan,<\/strong><strong> de una finca registral.\u00a0<\/strong>La divisi\u00f3n o segregaci\u00f3n de fincas exige la preceptiva licencia. Su inscripci\u00f3n queda sujeta a los requisitos impuestos por las normas de car\u00e1cter registral vigentes en el momento de presentar el t\u00edtulo en el Registro, aunque el otorgamiento se haya producido bajo un r\u00e9gimen normativo anterior. <a href=\"https:\/\/www.notariosyregistradores.com\/web\/resoluciones\/por-meses\/mayo-2022-direccion-general-seguridad-juridica-y-fe-publica\/#184-compraventa-de-parcela-segregada-segun-manifiestan-de-una-finca-registral-\">R. 20 de abril de 2022<\/a><\/p>\n<p style=\"text-align: justify;\"><strong>Compraventa previa segregaci\u00f3n y agregaci\u00f3n.<\/strong> La licencia de segregaci\u00f3n de finca para agruparla o agregarla a otra se entiende sujeta a la condici\u00f3n -con eficacia suspensiva- de agregar la parcela segregada a otra finca. La inscripci\u00f3n de la segregaci\u00f3n y la agregaci\u00f3n deben ser simult\u00e1neas. <a href=\"https:\/\/www.notariosyregistradores.com\/web\/resoluciones\/por-meses\/mayo-2022-direccion-general-seguridad-juridica-y-fe-publica\/#195-y-196-compraventa-previa-segregacion-y-agregacion\">R. 27 de abril de 2022<\/a><\/p>\n<p style=\"text-align: justify;\"><strong>Compraventa de finca sujeta a tanteo convencional<\/strong>. Caducidad del derecho y caducidad del asiento. Los derechos de adquisici\u00f3n preferente constituidos voluntariamente pueden configurarse con eficacia personal o real (numerus apertus). Para ser derechos reales deben cumplir los requisitos y respetar los l\u00edmites institucionales o estructurales propios de los derechos reales. <a href=\"https:\/\/www.notariosyregistradores.com\/web\/resoluciones\/por-meses\/mayo-2022-direccion-general-seguridad-juridica-y-fe-publica\/#205-compraventa-de-finca-sujeta-a-tanteo-convencional-caducidad-del-derecho-y-caducidad-del-asiento\">R. 4 de mayo de 2022<\/a><\/p>\n<p><strong>\u00a0<\/strong><\/p>\n<a class=\"mwm-aal-item\" name=\"comunidad-de-bienes\"><\/a><h6><span style=\"font-size: 12pt;\"><strong>COMUNIDAD DE BIENES<\/strong><\/span><\/h6>\n<p style=\"text-align: justify;\"><strong>Extinci\u00f3n de comunidad atribuyendo car\u00e1cter privativo<\/strong> a una mitad indivisa. Los c\u00f3nyuges pueden atribuir car\u00e1cter privativo a un bien ganancial, pacten o no compensaci\u00f3n a cargo de los bienes privativos y siempre que el desplazamiento pactado aparezca causalizado. <a href=\"https:\/\/www.notariosyregistradores.com\/web\/resoluciones\/por-meses\/mayo-2022-direccion-general-seguridad-juridica-y-fe-publica\/#172-extincion-de-comunidad-atribuyendo-caracter-privativo-a-una-mitad-indivisa\">R. 11 de abril de 2022<\/a><\/p>\n<p><strong>\u00a0<\/strong><\/p>\n<a class=\"mwm-aal-item\" name=\"condicion-resolutoria\"><\/a><h6><span style=\"font-size: 12pt;\"><strong>CONDICI\u00d3N RESOLUTORIA<\/strong><\/span><\/h6>\n<p style=\"text-align: justify;\"><strong>Herencia. Inscripci\u00f3n de la cesi\u00f3n del derecho <\/strong><strong>a percibir el precio aplazado garantizado con condici\u00f3n resolutoria.\u00a0<\/strong>Es inscribible la cesi\u00f3n del derecho a percibir el precio aplazado que est\u00e1 garantizado con condici\u00f3n resolutoria inscrita. No cabe desconocer que la acci\u00f3n que nace del pacto resolutorio inscrito alcanza a todo tercero. <a href=\"https:\/\/www.notariosyregistradores.com\/web\/resoluciones\/por-meses\/mayo-2022-direccion-general-seguridad-juridica-y-fe-publica\/#181-herencia-inscripcion-de-la-cesion-del-derecho-a-percibir-el-precio-aplazado-garantizado-con-condicion-resolutoria-\">R. 19 de abril de 2022<\/a><\/p>\n<p><strong>\u00a0<\/strong><\/p>\n<a class=\"mwm-aal-item\" name=\"derechos-reales\"><\/a><h6><span style=\"font-size: 12pt;\"><strong>DERECHOS REALES<\/strong><\/span><\/h6>\n<p style=\"text-align: justify;\"><strong>Compraventa de finca sujeta a tanteo convencional<\/strong>. Caducidad del derecho y caducidad del asiento. Los derechos de adquisici\u00f3n preferente constituidos voluntariamente pueden configurarse con eficacia personal o real (numerus apertus). Para ser derechos reales deben cumplir los requisitos y respetar los l\u00edmites institucionales o estructurales propios de los derechos reales. <a href=\"https:\/\/www.notariosyregistradores.com\/web\/resoluciones\/por-meses\/mayo-2022-direccion-general-seguridad-juridica-y-fe-publica\/#205-compraventa-de-finca-sujeta-a-tanteo-convencional-caducidad-del-derecho-y-caducidad-del-asiento\">R. 4 de mayo de 2022<\/a><\/p>\n<p><strong>\u00a0<\/strong><\/p>\n<a class=\"mwm-aal-item\" name=\"derecho-de-reversion\"><\/a><h6 style=\"text-align: justify;\"><span style=\"font-size: 12pt;\"><strong>DERECHO<\/strong><strong> DE REVERSI\u00d3N<\/strong><\/span><\/h6>\n<p style=\"text-align: justify;\"><strong>Reversi\u00f3n al ayuntamiento de finca cedida gratuitamente a Diocesis.<\/strong><strong> condiciones no inscritas. <\/strong>Un Ayuntamiento no puede revocar unilateralmente una donaci\u00f3n no condicionada hecha a una Di\u00f3cesis sin el consentimiento expreso de la misma o en su defecto la oportuna resoluci\u00f3n judicial. <a href=\"https:\/\/www.notariosyregistradores.com\/web\/resoluciones\/por-meses\/mayo-2022-direccion-general-seguridad-juridica-y-fe-publica\/#175-reversion-al-ayuntamiento-de-finca-cedida-gratuitamente-a-diocesis-condiciones-no-inscritas\">R. 11 de abril de 2022<\/a><\/p>\n<p style=\"text-align: justify;\"><strong>\u00a0<\/strong><\/p>\n<a class=\"mwm-aal-item\" name=\"donacion\"><\/a><h6><span style=\"font-size: 12pt;\">DONACI\u00d3N<\/span><\/h6>\n<p style=\"text-align: justify;\"><strong>Donaci\u00f3n mortis causa y donaci\u00f3n inter vivos<\/strong><strong> con eficacia post mortem. Diferencias<\/strong> en el derecho com\u00fan entre donaci\u00f3n mortis causa (el donante no pierde su poder de disposici\u00f3n sobre el bien donado y la puede revocar) y donaci\u00f3n inter vivos con eficacia post mortem, que tiene sus efectos condicionados a la muerte del donante, pero es irrevocable y es inscribible. <a href=\"https:\/\/www.notariosyregistradores.com\/web\/resoluciones\/por-meses\/mayo-2022-direccion-general-seguridad-juridica-y-fe-publica\/#187-donacion-mortis-causa-y-donacion-inter-vivos-con-eficacia-post-mortem\">R. 25 de abril de 2022<\/a><\/p>\n<p style=\"text-align: justify;\"><strong>\u00a0<\/strong><\/p>\n<a class=\"mwm-aal-item\" name=\"finca\"><\/a><h6 style=\"text-align: justify;\"><span style=\"font-size: 12pt;\"><strong>FINCA<\/strong><\/span><\/h6>\n<p style=\"text-align: justify;\"><strong>Inscripci\u00f3n de representaci\u00f3n gr\u00e1fica alternativa<\/strong><strong>. Posible invasi\u00f3n de dominio p\u00fablico. <\/strong>Aun no estando el dominio pu\u0301blico deslindado o inscrito, si existe oposicio\u0301n expresa de la Administracio\u0301n a la inscripcio\u0301n de la representacio\u0301n gra\u0301fica, lo procedente es la denegacio\u0301n de la inscripcio\u0301n. <a href=\"https:\/\/www.notariosyregistradores.com\/web\/resoluciones\/por-meses\/mayo-2022-direccion-general-seguridad-juridica-y-fe-publica\/#192-inscripcion-de-representacion-grafica-alternativa-posible-invasion-de-dominio-publico\">R. 26 de abril de 2022<\/a><\/p>\n<p style=\"text-align: justify;\"><strong>Inscripci\u00f3n de representaci\u00f3n gr\u00e1fica alternativa. <\/strong><strong>Oposici\u00f3n de administraci\u00f3n p\u00fablica. <\/strong>En el seno del procedimiento del art. 199 LH, el registrador debe comprobar si la oposici\u00f3n de la Administraci\u00f3n est\u00e1 fundamentada. <a href=\"https:\/\/www.notariosyregistradores.com\/web\/resoluciones\/por-meses\/mayo-2022-direccion-general-seguridad-juridica-y-fe-publica\/#200-inscripcion-de-representacion-grafica-alternativa-oposicion-de-administracion-publica\">R. 29 de abril de 2022<\/a><\/p>\n<p style=\"text-align: justify;\"><strong>Solicitud de rectificaci\u00f3n de georreferenciaci\u00f3n ya inscrita <\/strong><strong>por quien no es titular registral.<\/strong> La rectificaci\u00f3n de la inscripci\u00f3n de una representaci\u00f3n gr\u00e1fica mediante sentencia judicial exige que esta se haya dictado en un procedimiento entablado contra el titular registral, en el que se demande la nulidad o cancelaci\u00f3n del asiento. <a href=\"https:\/\/www.notariosyregistradores.com\/web\/resoluciones\/por-meses\/mayo-2022-direccion-general-seguridad-juridica-y-fe-publica\/#183-solicitud-de-rectificacion-de-georreferenciacion-ya-inscrita-por-quien-no-es-titular-registral\">R. 19 de abril de 2022<\/a><\/p>\n<p style=\"text-align: justify;\"><strong>\u00a0<\/strong><\/p>\n<a class=\"mwm-aal-item\" name=\"fiscal\"><\/a><h6 style=\"text-align: justify;\"><span style=\"font-size: 12pt;\"><strong>FISCAL<\/strong><\/span><\/h6>\n<p style=\"text-align: justify;\"><strong>Anotaci\u00f3n de embargo. Liquidaci\u00f3n del impuesto.<\/strong> No cabe anotar un embargo sin acreditar la liquidaci\u00f3n del impuesto (AJD). <a href=\"https:\/\/www.notariosyregistradores.com\/web\/resoluciones\/por-meses\/mayo-2022-direccion-general-seguridad-juridica-y-fe-publica\/#197-anotacion-de-embargo-liquidacion-del-impuesto\">R. 27 de abril de 2022<\/a><\/p>\n<p style=\"text-align: justify;\"><strong>Herencia. Liquidaci\u00f3n del<\/strong> impuesto aportando documento privado de relaci\u00f3n de bienes. El documento que se presenta a inscripci\u00f3n debe ser el presentado a la liquidaci\u00f3n del impuesto. <a href=\"https:\/\/www.notariosyregistradores.com\/web\/resoluciones\/por-meses\/mayo-2022-direccion-general-seguridad-juridica-y-fe-publica\/#207-herencia-liquidacion-del-impuesto-aportando-documento-privado-de-relacion-de-bienes\">R. 5 de mayo de 2022<\/a><\/p>\n<p style=\"text-align: justify;\"><strong>Solicitud de cancelaci\u00f3n de nota de afecci\u00f3n fiscal<\/strong><strong> por considerar que no debi\u00f3 practicarse. <\/strong>Una nota marginal de afecci\u00f3n fiscal ya practicada en los Libros del Registro est\u00e1 bajo la salvaguarda de los Tribunales. <a href=\"https:\/\/www.notariosyregistradores.com\/web\/resoluciones\/por-meses\/mayo-2022-direccion-general-seguridad-juridica-y-fe-publica\/#182-solicitud-de-cancelacion-de-nota-de-afeccion-fiscal-por-considerar-que-no-debio-practicarse\">R. 19 de abril de 2022<\/a><\/p>\n<p style=\"text-align: justify;\"><strong>\u00a0<\/strong><\/p>\n<a class=\"mwm-aal-item\" name=\"herencia\"><\/a><h6 style=\"text-align: justify;\"><span style=\"font-size: 12pt;\"><strong>HERENCIA<\/strong><\/span><\/h6>\n<p style=\"text-align: justify;\"><strong>Herencia. Inscripci\u00f3n de la cesi\u00f3n del derecho <\/strong><strong>a percibir el precio aplazado garantizado con condici\u00f3n resolutoria.\u00a0<\/strong>Es inscribible la cesi\u00f3n del derecho a percibir el precio aplazado que est\u00e1 garantizado con condici\u00f3n resolutoria inscrita. No cabe desconocer que la acci\u00f3n que nace del pacto resolutorio inscrito alcanza a todo tercero. <a href=\"https:\/\/www.notariosyregistradores.com\/web\/resoluciones\/por-meses\/mayo-2022-direccion-general-seguridad-juridica-y-fe-publica\/#181-herencia-inscripcion-de-la-cesion-del-derecho-a-percibir-el-precio-aplazado-garantizado-con-condicion-resolutoria-\">R. 19 de abril de 2022<\/a><\/p>\n<p style=\"text-align: justify;\"><strong>Herencia. Liquidaci\u00f3n del<\/strong> impuesto aportando documento privado de relaci\u00f3n de bienes. El documento que se presenta a inscripci\u00f3n debe ser el presentado a la liquidaci\u00f3n del impuesto. <a href=\"https:\/\/www.notariosyregistradores.com\/web\/resoluciones\/por-meses\/mayo-2022-direccion-general-seguridad-juridica-y-fe-publica\/#207-herencia-liquidacion-del-impuesto-aportando-documento-privado-de-relacion-de-bienes\">R. 5 de mayo de 2022<\/a><\/p>\n<p style=\"text-align: justify;\"><strong>Subsanaci\u00f3n de hipoteca inscrita<\/strong><strong> mediante diligencia. <\/strong><a href=\"https:\/\/www.notariosyregistradores.com\/web\/resoluciones\/por-meses\/mayo-2022-direccion-general-seguridad-juridica-y-fe-publica\/#191-subsanacion-de-hipoteca-inscrita-mediante-diligencia\">R. 26 de abril de 2022<\/a><\/p>\n<p style=\"text-align: justify;\"><strong>\u00a0<\/strong><\/p>\n<a class=\"mwm-aal-item\" name=\"hipoteca\"><\/a><h6 style=\"text-align: justify;\"><span style=\"font-size: 12pt;\"><strong>HIPOTECA<\/strong><\/span><\/h6>\n<p style=\"text-align: justify;\"><strong>Pr\u00e9stamo hipotecario<\/strong>. Incongruencia del juicio notarial de suficiencia del poder por su carencia\u00a0<em>para su ejercicio de modo solidario<\/em>\u00a0para el importe concreto de la hipoteca autorizada. Consulta al registro mercantil. <a href=\"https:\/\/www.notariosyregistradores.com\/web\/resoluciones\/por-meses\/mayo-2022-direccion-general-seguridad-juridica-y-fe-publica\/#171-prestamo-hipotecario-incongruencia-del-juicio-notarial-de-suficiencia-del-poder-consulta-al-registro-mercantil\">R. 11 de abril de 2022<\/a><\/p>\n<p style=\"text-align: justify;\"><strong>R\u00e9gimen propio del procedimiento registral. Hipoteca. Dep\u00f3sito de las condiciones generales.<\/strong><strong> Comprobaci\u00f3n por el notario. <\/strong>La afirmaci\u00f3n de haber comprobado por el mismo notario el dep\u00f3sito en el RCGC del c\u00f3digo identificador del modelo, hecho en acta posterior a la escritura de hipoteca sirve para subsanar el defecto inicial. <a href=\"https:\/\/www.notariosyregistradores.com\/web\/resoluciones\/por-meses\/mayo-2022-direccion-general-seguridad-juridica-y-fe-publica\/#199-regimen-propio-del-procedimiento-registral-hipoteca-deposito-de-las-condiciones-generales-comprobacion-por-el-notario\">R. 29 de abril de 2022<\/a><\/p>\n<p style=\"text-align: justify;\">\u00a0<\/p>\n<a class=\"mwm-aal-item\" name=\"inmatriculacion\"><\/a><h6 style=\"text-align: justify;\"><span style=\"font-size: 12pt;\"><strong>INMATRICULACI\u00d3N<\/strong><\/span><\/h6>\n<p style=\"text-align: justify;\"><strong>Inmatriculaci\u00f3n con acta de notoriedad complementaria.<\/strong> El acta de notoriedad complementaria de t\u00edtulo p\u00fablico es un documento p\u00fablico apto, conforme al art\u00edculo\u00a0<a href=\"https:\/\/www.notariosyregistradores.com\/web\/normas\/ley-hipotecaria\/#a205\">205 LH<\/a>, para lograr la inmatriculaci\u00f3n de fincas. Basta que se exprese que el transmitente era tenido por due\u00f1o de la finca con m\u00e1s de un a\u00f1o de antelaci\u00f3n al t\u00edtulo inmatriculable que complementa. <a href=\"https:\/\/www.notariosyregistradores.com\/web\/resoluciones\/por-meses\/mayo-2022-direccion-general-seguridad-juridica-y-fe-publica\/#194-inmatriculacion-con-acta-de-notoriedad-complementaria\">R. 27 de abril de 2022<\/a><\/p>\n<p style=\"text-align: justify;\"><strong>\u00a0<\/strong><\/p>\n<a class=\"mwm-aal-item\" name=\"notas-marginales\"><\/a><h6 style=\"text-align: justify;\"><span style=\"font-size: 12pt;\"><strong>NOTAS MARGINALES<\/strong><\/span><\/h6>\n<p style=\"text-align: justify;\"><strong>Nota marginal de colindancia de<\/strong><strong> finca con v\u00eda pecuaria no deslindada. <\/strong>La anotaci\u00f3n marginal preventiva a que se refiere la Ley de V\u00edas Pecuarias s\u00f3lo puede practicarse una vez iniciado el procedimiento de deslinde y con intervenci\u00f3n de los interesados. <a href=\"https:\/\/www.notariosyregistradores.com\/web\/resoluciones\/por-meses\/mayo-2022-direccion-general-seguridad-juridica-y-fe-publica\/#189-nota-marginal-de-colindancia-de-finca-con-via-pecuaria-no-deslindada\">R. 25 de abril de 2022<\/a>, <a href=\"https:\/\/www.notariosyregistradores.com\/web\/resoluciones\/por-meses\/mayo-2022-direccion-general-seguridad-juridica-y-fe-publica\/#204-nota-marginal-de-colindancia-con-via-pecuaria-no-deslindada\">R. 4 de mayo de 2022<\/a>, <a href=\"https:\/\/www.notariosyregistradores.com\/web\/resoluciones\/por-meses\/mayo-2022-direccion-general-seguridad-juridica-y-fe-publica\/#208-nota-marginal-de-colindancia-con-via-pecuaria-no-deslindada\">R. 5 de mayo de 2022<\/a><\/p>\n<p style=\"text-align: justify;\"><strong>\u00a0<\/strong><\/p>\n<a class=\"mwm-aal-item\" name=\"obra-nueva\"><\/a><h6 style=\"text-align: justify;\"><span style=\"font-size: 12pt;\"><strong>OBRA NUEVA<\/strong><\/span><\/h6>\n<p style=\"text-align: justify;\"><strong>Obra nueva de reformado sin alteraci\u00f3n estructural<\/strong><strong> seg\u00fan el t\u00e9cnico. Seguro decenal. <\/strong>Compete a los arquitectos determinar si una obra de reformado conlleva o no una alteraci\u00f3n estructural o afecta a la volumetr\u00eda y por tanto si es necesario o no la contrataci\u00f3n de un seguro decenal, sin que tales afirmaciones puedan ser desvirtuadas por el registrador ni por la DG al ser de car\u00e1cter t\u00e9cnico y no jur\u00eddico, salvo casos evidentes de construcci\u00f3n de nuevas plantas. <a href=\"https:\/\/www.notariosyregistradores.com\/web\/resoluciones\/por-meses\/mayo-2022-direccion-general-seguridad-juridica-y-fe-publica\/#173-obra-nueva-de-reformado-sin-alteracion-estructural-segun-el-tecnico-seguro-decenal\">R. 11 de abril de 2022<\/a><\/p>\n<p style=\"text-align: justify;\"><strong>\u00a0<\/strong><\/p>\n<a class=\"mwm-aal-item\" name=\"opcion-de-compra\"><\/a><h6 style=\"text-align: justify;\"><span style=\"font-size: 12pt;\"><strong>OPCI\u00d3N DE COMPRA<\/strong><\/span><\/h6>\n<p style=\"text-align: justify;\"><strong>Ejercicio unilateral de opci\u00f3n de compra. <\/strong><strong>P<\/strong><strong>ara cancelar el derecho de<\/strong> opci\u00f3n se precisa como regla general el dep\u00f3sito del precio pagado a disposici\u00f3n de los titulares de las cargas posteriores. <a href=\"https:\/\/www.notariosyregistradores.com\/web\/resoluciones\/por-meses\/mayo-2022-direccion-general-seguridad-juridica-y-fe-publica\/#170-ejercicio-unilateral-de-opcion-de-compra\">R. 11 de abril de 2022<\/a><\/p>\n<p style=\"text-align: justify;\"><strong>\u00a0<\/strong><\/p>\n<a class=\"mwm-aal-item\" name=\"poderes\"><\/a><a class=\"mwm-aal-item\" name=\"poderes\"><\/a><h6 style=\"text-align: justify;\"><span style=\"font-size: 12pt;\"><strong>PODERES<\/strong><\/span><\/h6>\n<p style=\"text-align: justify;\"><strong>Pr\u00e9stamo hipotecario<\/strong>. Incongruencia del juicio notarial de suficiencia del poder por su carencia\u00a0<em>para su ejercicio de modo solidario<\/em>\u00a0para el importe concreto de la hipoteca autorizada. Consulta al registro mercantil. <a href=\"https:\/\/www.notariosyregistradores.com\/web\/resoluciones\/por-meses\/mayo-2022-direccion-general-seguridad-juridica-y-fe-publica\/#171-prestamo-hipotecario-incongruencia-del-juicio-notarial-de-suficiencia-del-poder-consulta-al-registro-mercantil\">R. 11 de abril de 2022<\/a><\/p>\n<p style=\"text-align: justify;\"><strong>\u00a0<\/strong><\/p>\n<a class=\"mwm-aal-item\" name=\"procedimiento-registral\"><\/a><h6 style=\"text-align: justify;\"><span style=\"font-size: 12pt;\"><strong>PROCEDIMIENTO REGISTRAL<\/strong><\/span><\/h6>\n<p style=\"text-align: justify;\"><strong>R\u00e9gimen propio del procedimiento registral. Hipoteca. Dep\u00f3sito de las condiciones generales.<\/strong><strong> Comprobaci\u00f3n por el notario. <\/strong>La afirmaci\u00f3n de haber comprobado por el mismo notario el dep\u00f3sito en el RCGC del c\u00f3digo identificador del modelo, hecho en acta posterior a la escritura de hipoteca sirve para subsanar el defecto inicial. <a href=\"https:\/\/www.notariosyregistradores.com\/web\/resoluciones\/por-meses\/mayo-2022-direccion-general-seguridad-juridica-y-fe-publica\/#199-regimen-propio-del-procedimiento-registral-hipoteca-deposito-de-las-condiciones-generales-comprobacion-por-el-notario\">R. 29 de abril de 2022<\/a><\/p>\n<a class=\"mwm-aal-item\" name=\"rectificacion-del-registro\"><\/a><h6 style=\"text-align: justify;\"><span style=\"font-size: 12pt;\"><strong>RECTIFICACI\u00d3N DEL REGISTRO<\/strong><\/span><\/h6>\n<p style=\"text-align: justify;\"><strong>Recurso contra asiento ya practicado.<\/strong> Practicado un asiento el mismo se halla bajo la salvaguardia judicial y no es posible, en sede de recurso, revisar la legalidad de su pr\u00e1ctica ni la calificaci\u00f3n positiva previa en que encuentran su fundamento los efectos de legitimaci\u00f3n que dicho asiento genera. <a href=\"https:\/\/www.notariosyregistradores.com\/web\/resoluciones\/por-meses\/mayo-2022-direccion-general-seguridad-juridica-y-fe-publica\/#193-recurso-contra-asiento-ya-practicado\">R. 26 de abril de 2022<\/a><\/p>\n<p style=\"text-align: justify;\"><strong>Solicitud de rectificaci\u00f3n de georreferenciaci\u00f3n ya inscrita <\/strong><strong>por quien no es titular registral.<\/strong> La rectificaci\u00f3n de la inscripci\u00f3n de una representaci\u00f3n gr\u00e1fica mediante sentencia judicial exige que esta se haya dictado en un procedimiento entablado contra el titular registral, en el que se demande la nulidad o cancelaci\u00f3n del asiento. <a href=\"https:\/\/www.notariosyregistradores.com\/web\/resoluciones\/por-meses\/mayo-2022-direccion-general-seguridad-juridica-y-fe-publica\/#183-solicitud-de-rectificacion-de-georreferenciacion-ya-inscrita-por-quien-no-es-titular-registral\">R. 19 de abril de 2022<\/a><\/p>\n<p style=\"text-align: justify;\"><strong>Subsanaci\u00f3n de hipoteca inscrita<\/strong><strong> mediante diligencia. <\/strong><a href=\"https:\/\/www.notariosyregistradores.com\/web\/resoluciones\/por-meses\/mayo-2022-direccion-general-seguridad-juridica-y-fe-publica\/#191-subsanacion-de-hipoteca-inscrita-mediante-diligencia\">R. 26 de abril de 2022<\/a><\/p>\n<p style=\"text-align: justify;\"><strong>\u00a0<\/strong><\/p>\n<a class=\"mwm-aal-item\" name=\"segregacion\"><\/a><h6 style=\"text-align: justify;\"><span style=\"font-size: 12pt;\"><strong>SEGREGACI\u00d3N<\/strong><\/span><\/h6>\n<p style=\"text-align: justify;\"><strong>Compraventa de parcela segregada, seg\u00fan manifiestan,<\/strong><strong> de una finca registral.\u00a0<\/strong>La divisi\u00f3n o segregaci\u00f3n de fincas exige la preceptiva licencia. Su inscripci\u00f3n queda sujeta a los requisitos impuestos por las normas de car\u00e1cter registral vigentes en el momento de presentar el t\u00edtulo en el Registro, aunque el otorgamiento se haya producido bajo un r\u00e9gimen normativo anterior. <a href=\"https:\/\/www.notariosyregistradores.com\/web\/resoluciones\/por-meses\/mayo-2022-direccion-general-seguridad-juridica-y-fe-publica\/#184-compraventa-de-parcela-segregada-segun-manifiestan-de-una-finca-registral-\">R. 20 de abril de 2022<\/a><\/p>\n<p style=\"text-align: justify;\"><strong>Compraventa previa segregaci\u00f3n y agregaci\u00f3n.<\/strong> La licencia de segregaci\u00f3n de finca para agruparla o agregarla a otra se entiende sujeta a la condici\u00f3n -con eficacia suspensiva- de agregar la parcela segregada a otra finca. La inscripci\u00f3n de la segregaci\u00f3n y la agregaci\u00f3n deben ser simult\u00e1neas. <a href=\"https:\/\/www.notariosyregistradores.com\/web\/resoluciones\/por-meses\/mayo-2022-direccion-general-seguridad-juridica-y-fe-publica\/#195-y-196-compraventa-previa-segregacion-y-agregacion\">R. 27 de abril de 2022<\/a><\/p>\n<p style=\"text-align: justify;\"><strong>Segregaci\u00f3n sin licencia ni declaraci\u00f3n de innecesariedad.<\/strong> La aplicaci\u00f3n anal\u00f3gica del art. 28.4 de la Ley del Suelo a los actos de parcelaci\u00f3n en relaci\u00f3n con la norma registral aplicable al tiempo de la presentaci\u00f3n en el Registro de la escritura, requiere aportar un t\u00edtulo administrativo habilitante. <a href=\"https:\/\/www.notariosyregistradores.com\/web\/resoluciones\/por-meses\/mayo-2022-direccion-general-seguridad-juridica-y-fe-publica\/#198-segregacion-sin-licencia-ni-declaracion-de-innecesariedad\">R. 28 de abril de 2022<\/a><\/p>\n<p style=\"text-align: justify;\"><strong>\u00a0<\/strong><\/p>\n<a class=\"mwm-aal-item\" name=\"sociedad-de-gananciales\"><\/a><h6 style=\"text-align: justify;\"><span style=\"font-size: 12pt;\"><strong>SOCIEDAD DE GANANCIALES<\/strong><\/span><\/h6>\n<p style=\"text-align: justify;\"><strong>Extinci\u00f3n de comunidad atribuyendo car\u00e1cter privativo<\/strong> a una mitad indivisa. Los c\u00f3nyuges pueden atribuir car\u00e1cter privativo a un bien ganancial, pacten o no compensaci\u00f3n a cargo de los bienes privativos y siempre que el desplazamiento pactado aparezca causalizado. <a href=\"https:\/\/www.notariosyregistradores.com\/web\/resoluciones\/por-meses\/mayo-2022-direccion-general-seguridad-juridica-y-fe-publica\/#172-extincion-de-comunidad-atribuyendo-caracter-privativo-a-una-mitad-indivisa\">R. 11 de abril de 2022<\/a><\/p>\n<p style=\"text-align: justify;\"><strong>\u00a0<\/strong><\/p>\n<a class=\"mwm-aal-item\" name=\"tanteos-y-retractos\"><\/a><h6 style=\"text-align: justify;\"><span style=\"font-size: 12pt;\"><strong>TANTEOS Y RETRACTOS<\/strong><\/span><\/h6>\n<p style=\"text-align: justify;\"><strong>Compraventa de finca sujeta a tanteo convencional<\/strong>. Caducidad del derecho y caducidad del asiento. Los derechos de adquisici\u00f3n preferente constituidos voluntariamente pueden configurarse con eficacia personal o real (numerus apertus). Para ser derechos reales deben cumplir los requisitos y respetar los l\u00edmites institucionales o estructurales propios de los derechos reales. <a href=\"https:\/\/www.notariosyregistradores.com\/web\/resoluciones\/por-meses\/mayo-2022-direccion-general-seguridad-juridica-y-fe-publica\/#205-compraventa-de-finca-sujeta-a-tanteo-convencional-caducidad-del-derecho-y-caducidad-del-asiento\">R. 4 de mayo de 2022<\/a><\/p>\n<p><strong>\u00a0<\/strong><\/p>\n<a class=\"mwm-aal-item\" name=\"urbanismo\"><\/a><h6><span style=\"font-size: 12pt;\"><strong>URBANISMO<\/strong><\/span><\/h6>\n<p><strong>Convenio de transmisi\u00f3n o<\/strong> transferencia de aprovechamiento urban\u00edstico sin que est\u00e9n las fincas incluidas en un instrumento de planeamiento urban\u00edstico vigente, ni est\u00e9n claramente establecidos ni las fincas aportadas ni cu\u00e1les sean los aprovechamientos. <a href=\"https:\/\/www.notariosyregistradores.com\/web\/resoluciones\/por-meses\/mayo-2022-direccion-general-seguridad-juridica-y-fe-publica\/#203-convenio-de-transmision-o-transferencia-de-aprovechamiento-urbanistico\">R. 4 de mayo de 2022<\/a><\/p>\n<p style=\"text-align: justify;\"><strong>Segregaci\u00f3n sin licencia ni declaraci\u00f3n de innecesariedad.<\/strong> La aplicaci\u00f3n anal\u00f3gica del art. 28.4 de la Ley del Suelo a los actos de parcelaci\u00f3n en relaci\u00f3n con la norma registral aplicable al tiempo de la presentaci\u00f3n en el Registro de la escritura, requiere aportar un t\u00edtulo administrativo habilitante. <a href=\"https:\/\/www.notariosyregistradores.com\/web\/resoluciones\/por-meses\/mayo-2022-direccion-general-seguridad-juridica-y-fe-publica\/#198-segregacion-sin-licencia-ni-declaracion-de-innecesariedad\">R. 28 de abril de 2022<\/a><\/p>\n<p><strong>\u00a0<\/strong><\/p>\n<a class=\"mwm-aal-item\" name=\"vivienda-familiar\"><\/a><h6><span style=\"font-size: 12pt;\"><strong>VIVIENDA FAMILIAR<\/strong><\/span><\/h6>\n<p style=\"text-align: justify;\"><strong>Anotaci\u00f3n de embargo de vivienda familiar.<\/strong> Si del registro resulta que la vivienda embargada es la familiar del deudor, el embargo ha de ser notificado al c\u00f3nyuge del titular registral de la finca embargada, salvo que del mandamiento resulte que la vivienda no tiene tal car\u00e1cter, apreciaci\u00f3n de exclusiva competencia judicial, sin que ya el registrador pueda calificar este extremo. <a href=\"https:\/\/www.notariosyregistradores.com\/web\/resoluciones\/por-meses\/mayo-2022-direccion-general-seguridad-juridica-y-fe-publica\/#201-anotacion-de-embargo-de-vivienda-familiar\">R. 3 de mayo de 2022<\/a><\/p>\n<p style=\"text-align: justify;\">\u00a0<\/p>\n<p style=\"text-align: justify;\"><strong>\u00a0<\/strong><\/p>\n<a class=\"mwm-aal-item\" name=\"ii-resoluciones-mercantil\"><\/a><h6 style=\"text-align: justify;\"><span style=\"color: #0000ff;\"><strong><a id=\"rm\"><\/a><span style=\"font-size: 14pt;\">II. RESOLUCIONES MERCANTIL<\/span><\/strong><\/span><\/h6>\n<a class=\"mwm-aal-item\" name=\"administradores\"><\/a><h6><span style=\"font-size: 12pt;\"><strong>ADMINISTRADORES<\/strong><\/span><\/h6>\n<p style=\"text-align: justify;\"><strong>Cese y nombramiento de administrador<\/strong><strong>. P\u00e9rdida de unipersonalidad. Conflicto entre socios.<\/strong><strong>\u00a0<\/strong>En caso de que el registrador tenga dudas acerca de la validez y eficacia de unos acuerdos sociales por ser contradictorios, o por existir conflicto acerca de la legitimaci\u00f3n de los socios, deber\u00e1 suspender la inscripci\u00f3n hasta que decidan los tribunales. <a href=\"https:\/\/www.notariosyregistradores.com\/web\/resoluciones\/por-meses\/mayo-2022-direccion-general-seguridad-juridica-y-fe-publica\/#176-cese-y-nombramiento-de-administrador-perdida-de-unipersonalidad-conflicto-entre-socios-\">R. 12 de abril de 2022<\/a><\/p>\n<p style=\"text-align: justify;\"><strong>Nombramiento voluntario de auditor<\/strong> de cuentas por administrador mancomunado. No es posible el nombramiento de auditor por uno solo de los administradores mancomunados de la sociedad, aunque sea tambi\u00e9n apoderado. El nombramiento deber\u00e1 ser por acuerdo de todos los administradores mancomunados con independencia de su forma de actuaci\u00f3n. <a href=\"https:\/\/www.notariosyregistradores.com\/web\/resoluciones\/por-meses\/mayo-2022-direccion-general-seguridad-juridica-y-fe-publica\/#209-nombramiento-voluntario-de-auditor-de-cuentas-por-administrador-mancomunado\">R. 5 de mayo de 2022<\/a><\/p>\n<p style=\"text-align: justify;\"><strong>Solicitud de revocaci\u00f3n de poder <\/strong><strong>por instancia de administrador mancomunado. Principio de rogaci\u00f3n.<\/strong> No es posible revocar un poder por instancia de uno solo de los administradores mancomunados, aunque el apoderado sea representante f\u00edsico del otro administrador mancomunado persona jur\u00eddica. <a href=\"https:\/\/www.notariosyregistradores.com\/web\/resoluciones\/por-meses\/mayo-2022-direccion-general-seguridad-juridica-y-fe-publica\/#169-solicitud-de-revocacion-de-poder-por-instancia-de-administrador-mancomunado-principio-de-rogacion\">R. 8 de abril de 2022<\/a>, <a href=\"https:\/\/www.notariosyregistradores.com\/web\/resoluciones\/por-meses\/mayo-2022-direccion-general-seguridad-juridica-y-fe-publica\/#186-instancia-privada-de-revocacion-de-poder-principio-de-rogacion\">R. 8 de abril de 2022<\/a><\/p>\n<a class=\"mwm-aal-item\" name=\"constitucion-de-sociedad\"><\/a><h6 style=\"text-align: justify;\"><span style=\"font-size: 12pt;\"><strong>CONSTITUCI\u00d3N DE SOCIEDAD<\/strong><\/span><\/h6>\n<p style=\"text-align: justify;\"><strong>Constituci\u00f3n de SL. Aportaci\u00f3n dineraria: <\/strong>forma de acreditarla. Certificado digital. \u00bby lo dem\u00e1s acordado\u00bb. El certificado bancario acreditativo del ingreso del capital, aunque sea expedido en formato digital con firmas electr\u00f3nicas, y sea copia impresa del original, no exige ni legitimaci\u00f3n de firmas ni ning\u00fan otro requisito distinto del certificado en papel. Es decir que dicho certificado es suficiente para acreditar el desembolso del capital. <a href=\"https:\/\/www.notariosyregistradores.com\/web\/resoluciones\/por-meses\/mayo-2022-direccion-general-seguridad-juridica-y-fe-publica\/#206-constitucion-de-sociedad-aportacion-dineraria-forma-de-acreditarla-certificado-digitaly-lo-demas-acordado\">R. 4 de mayo de 2022<\/a><\/p>\n<p style=\"text-align: justify;\"><span style=\"font-size: 12pt;\"><strong>DEP\u00d3SITO DE CUENTAS<\/strong><\/span><\/p>\n<p style=\"text-align: justify;\"><strong>Nombramiento voluntario de auditor<\/strong> de cuentas por administrador mancomunado. No es posible el nombramiento de auditor por uno solo de los administradores mancomunados de la sociedad, aunque sea tambi\u00e9n apoderado. El nombramiento deber\u00e1 ser por acuerdo de todos los administradores mancomunados con independencia de su forma de actuaci\u00f3n. <a href=\"https:\/\/www.notariosyregistradores.com\/web\/resoluciones\/por-meses\/mayo-2022-direccion-general-seguridad-juridica-y-fe-publica\/#209-nombramiento-voluntario-de-auditor-de-cuentas-por-administrador-mancomunado\">R. 5 de mayo de 2022<\/a><\/p>\n<a class=\"mwm-aal-item\" name=\"disolucion-de-sociedades\"><\/a><h6 style=\"text-align: justify;\"><span style=\"font-size: 12pt;\"><strong>DISOLUCI\u00d3N DE SOCIEDADES<\/strong><\/span><\/h6>\n<p style=\"text-align: justify;\"><strong>Sociedad disuelta de pleno derecho<\/strong><strong> por falta de adaptaci\u00f3n a la LSP. Forma de proceder el registrador.<\/strong> Si una sociedad consta disuelta de pleno derecho por falta de adaptaci\u00f3n a la\u00a0<a href=\"https:\/\/www.boe.es\/buscar\/act.php?id=BOE-A-2007-5584\">Ley 2\/2007 de sociedades Profesionales<\/a> (DT1\u00aa), lo \u00fanico posible es su liquidaci\u00f3n o la reactivaci\u00f3n de la sociedad, previa adaptaci\u00f3n o rectificaci\u00f3n del objeto, o bien la rectificaci\u00f3n del asiento previa resoluci\u00f3n judicial o con la conformidad del registrador. <a href=\"https:\/\/www.notariosyregistradores.com\/web\/resoluciones\/por-meses\/mayo-2022-direccion-general-seguridad-juridica-y-fe-publica\/#174-sociedad-disuelta-de-pleno-derecho-por-falta-de-adaptacion-a-la-lsp-forma-de-proceder-el-registrador\">R. 11 de abril de 2022<\/a><\/p>\n<h6 style=\"text-align: justify;\"><span style=\"font-size: 12pt;\"><strong>PODERES<\/strong><\/span><\/h6>\n<p style=\"text-align: justify;\"><strong>Concesi\u00f3n de poder<\/strong><strong> entre cuyas facultades figura la \u201crepresentaci\u00f3n legal\u201d. Interpretaci\u00f3n del poder.\u00a0<\/strong>Es posible la inscripci\u00f3n de un poder que incluya como una de las facultades concedidas la de \u201crepresentaci\u00f3n legal\u201d, pues si bien se podr\u00eda haber exigido un mayor rigor terminol\u00f3gico, se tratar\u00e1 de un problema de interpretaci\u00f3n para los terceros en el cual no puede entrar el registrador. <a href=\"https:\/\/www.notariosyregistradores.com\/web\/resoluciones\/por-meses\/mayo-2022-direccion-general-seguridad-juridica-y-fe-publica\/#168-concesion-de-poder-entre-cuyas-facultades-figura-la-representacion-legal-interpretacion-del-poder-\">R. 8 de abril de 2022<\/a><\/p>\n<p style=\"text-align: justify;\"><strong>Solicitud de revocaci\u00f3n de poder <\/strong><strong>por instancia de administrador mancomunado. Principio de rogaci\u00f3n.<\/strong> No es posible revocar un poder por instancia de uno solo de los administradores mancomunados, aunque el apoderado sea representante f\u00edsico del otro administrador mancomunado persona jur\u00eddica. <a href=\"https:\/\/www.notariosyregistradores.com\/web\/resoluciones\/por-meses\/mayo-2022-direccion-general-seguridad-juridica-y-fe-publica\/#169-solicitud-de-revocacion-de-poder-por-instancia-de-administrador-mancomunado-principio-de-rogacion\">R. 8 de abril de 2022<\/a>, <a href=\"https:\/\/www.notariosyregistradores.com\/web\/resoluciones\/por-meses\/mayo-2022-direccion-general-seguridad-juridica-y-fe-publica\/#186-instancia-privada-de-revocacion-de-poder-principio-de-rogacion\">R. 8 de abril de 2022<\/a><\/p>\n<a class=\"mwm-aal-item\" name=\"registro-mercantil\"><\/a><h6 style=\"text-align: justify;\"><span style=\"font-size: 12pt;\"><strong>REGISTRO MERCANTIL<\/strong><\/span><\/h6>\n<p style=\"text-align: justify;\"><strong>Principio de Rogaci\u00f3n. Solicitud de revocaci\u00f3n de poder <\/strong><strong>por instancia de administrador mancomunado. Principio de rogaci\u00f3n.<\/strong> No es posible revocar un poder por instancia de uno solo de los administradores mancomunados, aunque el apoderado sea representante f\u00edsico del otro administrador mancomunado persona jur\u00eddica. <a href=\"https:\/\/www.notariosyregistradores.com\/web\/resoluciones\/por-meses\/mayo-2022-direccion-general-seguridad-juridica-y-fe-publica\/#169-solicitud-de-revocacion-de-poder-por-instancia-de-administrador-mancomunado-principio-de-rogacion\">R. 8 de abril de 2022<\/a>, <a href=\"https:\/\/www.notariosyregistradores.com\/web\/resoluciones\/por-meses\/mayo-2022-direccion-general-seguridad-juridica-y-fe-publica\/#186-instancia-privada-de-revocacion-de-poder-principio-de-rogacion\">R. 8 de abril de 2022<\/a><\/p>\n<a class=\"mwm-aal-item\" name=\"sociedad-limitada\"><\/a><h6 style=\"text-align: justify;\"><span style=\"font-size: 12pt;\"><strong>SOCIEDAD LIMITADA<\/strong><\/span><\/h6>\n<p style=\"text-align: justify;\"><strong>Constituci\u00f3n de sociedad. Aportaci\u00f3n dineraria: <\/strong>forma de acreditarla. Certificado digital. \u00bby lo dem\u00e1s acordado\u00bb. El certificado bancario acreditativo del ingreso del capital, aunque sea expedido en formato digital con firmas electr\u00f3nicas, y sea copia impresa del original, no exige ni legitimaci\u00f3n de firmas ni ning\u00fan otro requisito distinto del certificado en papel. Es decir que dicho certificado es suficiente para acreditar el desembolso del capital. <a href=\"https:\/\/www.notariosyregistradores.com\/web\/resoluciones\/por-meses\/mayo-2022-direccion-general-seguridad-juridica-y-fe-publica\/#206-constitucion-de-sociedad-aportacion-dineraria-forma-de-acreditarla-certificado-digitaly-lo-demas-acordado\">R. 4 de mayo de 2022<\/a><\/p>\n<p style=\"text-align: justify;\"><strong>Nombramiento voluntario de auditor<\/strong> de cuentas por administrador mancomunado. No es posible el nombramiento de auditor por uno solo de los administradores mancomunados de la sociedad, aunque sea tambi\u00e9n apoderado. El nombramiento deber\u00e1 ser por acuerdo de todos los administradores mancomunados con independencia de su forma de actuaci\u00f3n. <a href=\"https:\/\/www.notariosyregistradores.com\/web\/resoluciones\/por-meses\/mayo-2022-direccion-general-seguridad-juridica-y-fe-publica\/#209-nombramiento-voluntario-de-auditor-de-cuentas-por-administrador-mancomunado\">R. 5 de mayo de 2022<\/a><\/p>\n<p style=\"text-align: justify;\"><strong>Solicitud de revocaci\u00f3n de poder <\/strong><strong>por instancia de administrador mancomunado. Principio de rogaci\u00f3n.<\/strong> No es posible revocar un poder por instancia de uno solo de los administradores mancomunados, aunque el apoderado sea representante f\u00edsico del otro administrador mancomunado persona jur\u00eddica. <a href=\"https:\/\/www.notariosyregistradores.com\/web\/resoluciones\/por-meses\/mayo-2022-direccion-general-seguridad-juridica-y-fe-publica\/#169-solicitud-de-revocacion-de-poder-por-instancia-de-administrador-mancomunado-principio-de-rogacion\">R. 8 de abril de 2022<\/a>, <a href=\"https:\/\/www.notariosyregistradores.com\/web\/resoluciones\/por-meses\/mayo-2022-direccion-general-seguridad-juridica-y-fe-publica\/#186-instancia-privada-de-revocacion-de-poder-principio-de-rogacion\">R. 8 de abril de 2022<\/a><\/p>\n<a class=\"mwm-aal-item\" name=\"sociedades-profesionales\"><\/a><h6 style=\"text-align: justify;\"><span style=\"font-size: 12pt;\"><strong>SOCIEDADES PROFESIONALES<\/strong><\/span><\/h6>\n<p style=\"text-align: justify;\"><strong>Sociedad profesional. Efectividad del ejercicio del derecho de separaci\u00f3n.<\/strong> En sociedades profesionales, salvo que conste en estatutos, el ejercicio del derecho de separaci\u00f3n tiene eficacia desde el mismo momento en que se notifica a la sociedad, sin que quepa diferir su efectividad a un momento posterior. <a href=\"https:\/\/www.notariosyregistradores.com\/web\/resoluciones\/por-meses\/mayo-2022-direccion-general-seguridad-juridica-y-fe-publica\/#202-sociedad-profesonal-efectividad-del-ejercicio-del-derecho-de-separacion\">R. 3 de mayo de 2022<\/a><\/p>\n<p style=\"text-align: justify;\"><strong>Sociedad disuelta de pleno derecho<\/strong><strong> por falta de adaptaci\u00f3n a la LSP. Forma de proceder el registrador.<\/strong> Si una sociedad consta disuelta de pleno derecho por falta de adaptaci\u00f3n a la\u00a0<a href=\"https:\/\/www.boe.es\/buscar\/act.php?id=BOE-A-2007-5584\">Ley 2\/2007 de sociedades Profesionales<\/a> (DT1\u00aa), lo \u00fanico posible es su liquidaci\u00f3n o la reactivaci\u00f3n de la sociedad, previa adaptaci\u00f3n o rectificaci\u00f3n del objeto, o bien la rectificaci\u00f3n del asiento previa resoluci\u00f3n judicial o con la conformidad del registrador. <a href=\"https:\/\/www.notariosyregistradores.com\/web\/resoluciones\/por-meses\/mayo-2022-direccion-general-seguridad-juridica-y-fe-publica\/#174-sociedad-disuelta-de-pleno-derecho-por-falta-de-adaptacion-a-la-lsp-forma-de-proceder-el-registrador\">R. 11 de abril de 2022<\/a><\/p>\n<a class=\"mwm-aal-item\" name=\"enlaces\"><\/a><h6><span style=\"color: #0000ff;\"><strong><a id=\"enlaces\"><\/a><span style=\"font-size: 14pt;\">ENLACES:<\/span><\/strong><\/span><\/h6>\n<p style=\"text-align: center;\"><span style=\"font-size: 14pt;\"><strong><a href=\"https:\/\/www.notariosyregistradores.com\/web\/category\/practica\/indice-jc-casas\/\">LOS TRES FICHEROS GENERALES DE JUAN CARLOS CASAS<\/a><\/strong><\/span><\/p>\n<h2 style=\"text-align: center;\"><a href=\"https:\/\/www.notariosyregistradores.com\/web\/normas\/informes-mensuales\/no-te-lo-pierdas-mayo-2022\/\"><strong>IR A\u00a0<em>\u00a1NO TE LO PIERDAS!<\/em> DE MAYO<\/strong><\/a><\/h2>\n<p style=\"text-align: center;\"><a href=\"https:\/\/www.notariosyregistradores.com\/web\/practica\/indice-jc-casas\/separata-del-fichero-indice-de-juan-carlos-casas-abril-2022\/\"><strong><span style=\"font-size: 14pt;\">IR A LA SEPARATA ANTERIOR (ABRIL 2022)<\/span><\/strong><\/a><\/p>\n<p style=\"text-align: center;\"><span style=\"font-size: 14pt;\"><strong><a href=\"https:\/\/www.notariosyregistradores.com\/web\/category\/practica\/indice-jc-casas\/\">OTRAS SEPARATAS (<span style=\"font-size: 12pt;\">ir al fin del archivo<\/span>)<\/a><\/strong><\/span><\/p>\n<p><strong><span style=\"font-size: 14pt;\">RECURSOS EN ESTA WEB SOBRE:\u00a0 <a href=\"https:\/\/www.notariosyregistradores.com\/web\/category\/normas\/\">NORMAS<\/a>\u00a0 \u00a0&#8211;\u00a0 \u00a0<a href=\"https:\/\/www.notariosyregistradores.com\/web\/category\/resoluciones\/\">RESOLUCIONES<\/a><\/span><\/strong><\/p>\n<p><strong><span style=\"font-size: 14pt;\">OTROS RECURSOS<\/span><span style=\"font-size: 14pt;\">:\u00a0 <a href=\"https:\/\/www.notariosyregistradores.com\/web\/category\/secciones\/\">Secciones<\/a> &#8211; <a href=\"https:\/\/www.notariosyregistradores.com\/web\/category\/participa\/\">Participa<\/a> &#8211; <a href=\"https:\/\/www.notariosyregistradores.com\/web\/category\/cuadros\/\">Cuadros<\/a> &#8211; <a href=\"https:\/\/www.notariosyregistradores.com\/web\/category\/practica\/\">Pr\u00e1ctica<\/a> &#8211; <a href=\"https:\/\/www.notariosyregistradores.com\/web\/secciones\/oficina-notarial\/modelos-para-documentos-notariales\/\">Modelos<\/a> &#8211; <a href=\"https:\/\/www.notariosyregistradores.com\/web\/category\/utilidades\/\">Utilidades<\/a><\/span><\/strong><\/p>\n<p style=\"text-align: justify;\"><strong><span style=\"font-size: 14pt;\">WEB: <span style=\"font-family: 'comic sans ms', sans-serif;\"><a href=\"http:\/\/www.notariosyregistradores.com\/web\/category\/esta-web\/que-ofrece\/\" target=\"_top\" rel=\"noopener noreferrer\">Qu\u00e9 ofrecemos<\/a> &#8211;\u00a0<a href=\"http:\/\/www.notariosyregistradores.com\/web\/1198-2\/\">NyR, p\u00e1gina de inicio<\/a> &#8211;<\/span> <span style=\"font-family: 'comic sans ms', sans-serif;\"><a href=\"http:\/\/www.notariosyregistradores.com\/web\/esta-web\/ideario\/ideario-de-esta-web\/\" target=\"_top\" rel=\"noopener noreferrer\">Ideario Web<\/a><\/span><\/span><\/strong><\/p>\n<p style=\"text-align: center;\"><a href=\"https:\/\/www.notariosyregistradores.com\"><strong><span style=\"font-size: 14pt;\">PORTADA DE LA WEB<\/span><\/strong><\/a><\/p>\n<div id=\"attachment_93829\" style=\"width: 1149px\" class=\"wp-caption aligncenter\"><a href=\"https:\/\/www.notariosyregistradores.com\/web\/practica\/indice-jc-casas\/separata-del-fichero-indice-de-juan-carlos-casas-abril-2022\/attachment\/jerez-gran-premio_motociclismo\/\"><img loading=\"lazy\" decoding=\"async\" aria-describedby=\"caption-attachment-93829\" class=\"size-full wp-image-93829\" src=\"https:\/\/www.notariosyregistradores.com\/web\/wp-content\/uploads\/2022\/05\/Jerez-Gran-Premio_motociclismo.jpg\" alt=\"\" width=\"1139\" height=\"760\" srcset=\"https:\/\/www.notariosyregistradores.com\/web\/wp-content\/uploads\/2022\/05\/Jerez-Gran-Premio_motociclismo.jpg 1139w, https:\/\/www.notariosyregistradores.com\/web\/wp-content\/uploads\/2022\/05\/Jerez-Gran-Premio_motociclismo-300x200.jpg 300w, https:\/\/www.notariosyregistradores.com\/web\/wp-content\/uploads\/2022\/05\/Jerez-Gran-Premio_motociclismo-1024x683.jpg 1024w, https:\/\/www.notariosyregistradores.com\/web\/wp-content\/uploads\/2022\/05\/Jerez-Gran-Premio_motociclismo-768x512.jpg 768w, https:\/\/www.notariosyregistradores.com\/web\/wp-content\/uploads\/2022\/05\/Jerez-Gran-Premio_motociclismo-500x334.jpg 500w\" sizes=\"auto, (max-width: 1139px) 100vw, 1139px\" \/><\/a><p id=\"caption-attachment-93829\" class=\"wp-caption-text\">Gran Premio de motociclismo en el Circuito de Jerez 2017. Dani Pedrosa lidera. Por Box Repsol en Wikipedia.<\/p><\/div>\n","protected":false},"excerpt":{"rendered":"<p>SEPARATA DEL \u00cdNDICE DE JUAN CARLOS CASAS S\u00d3LO CON RESOLUCIONES PUBLICADAS EN EL BOE DURANTE MAYO DE 2022 (Juan Carlos Casas Rojo. registrador de C\u00e1diz) El texto de este archivo se ha incorporado a los FICHEROS GENERALES. I) RESOLUCIONES PROPIEDAD II) RESOLUCIONES MERCANTIL ENLACES\u00a0 \u00a0 I. RESOLUCIONES PROPIEDAD ACTAS DE NOTORIEDAD Inmatriculaci\u00f3n con acta de [&hellip;]<\/p>\n","protected":false},"author":117,"featured_media":0,"comment_status":"open","ping_status":"closed","sticky":false,"template":"","format":"standard","meta":{"_bbp_topic_count":0,"_bbp_reply_count":0,"_bbp_total_topic_count":0,"_bbp_total_reply_count":0,"_bbp_voice_count":0,"_bbp_anonymous_reply_count":0,"_bbp_topic_count_hidden":0,"_bbp_reply_count_hidden":0,"_bbp_forum_subforum_count":0,"footnotes":""},"categories":[1],"tags":[13597],"class_list":{"0":"post-96739","1":"post","2":"type-post","3":"status-publish","4":"format-standard","6":"category-sc","7":"tag-separata"},"_links":{"self":[{"href":"https:\/\/www.notariosyregistradores.com\/web\/wp-json\/wp\/v2\/posts\/96739","targetHints":{"allow":["GET"]}}],"collection":[{"href":"https:\/\/www.notariosyregistradores.com\/web\/wp-json\/wp\/v2\/posts"}],"about":[{"href":"https:\/\/www.notariosyregistradores.com\/web\/wp-json\/wp\/v2\/types\/post"}],"author":[{"embeddable":true,"href":"https:\/\/www.notariosyregistradores.com\/web\/wp-json\/wp\/v2\/users\/117"}],"replies":[{"embeddable":true,"href":"https:\/\/www.notariosyregistradores.com\/web\/wp-json\/wp\/v2\/comments?post=96739"}],"version-history":[{"count":11,"href":"https:\/\/www.notariosyregistradores.com\/web\/wp-json\/wp\/v2\/posts\/96739\/revisions"}],"predecessor-version":[{"id":96760,"href":"https:\/\/www.notariosyregistradores.com\/web\/wp-json\/wp\/v2\/posts\/96739\/revisions\/96760"}],"wp:attachment":[{"href":"https:\/\/www.notariosyregistradores.com\/web\/wp-json\/wp\/v2\/media?parent=96739"}],"wp:term":[{"taxonomy":"category","embeddable":true,"href":"https:\/\/www.notariosyregistradores.com\/web\/wp-json\/wp\/v2\/categories?post=96739"},{"taxonomy":"post_tag","embeddable":true,"href":"https:\/\/www.notariosyregistradores.com\/web\/wp-json\/wp\/v2\/tags?post=96739"}],"curies":[{"name":"wp","href":"https:\/\/api.w.org\/{rel}","templated":true}]}}